{"id":43956,"date":"2022-08-04T16:28:00","date_gmt":"2022-08-04T19:28:00","guid":{"rendered":"https:\/\/med.estrategia.com\/portal\/?p=43956"},"modified":"2023-08-07T21:21:37","modified_gmt":"2023-08-08T00:21:37","slug":"enare-edital-2022-2023-cronograma-vagas-de-residencia-medica-prova-e-mais","status":"publish","type":"post","link":"https:\/\/med.estrategia.com\/portal\/residencia-medica\/enare-edital-2022-2023-cronograma-vagas-de-residencia-medica-prova-e-mais\/","title":{"rendered":"Enare: edital 2022\/2023 cronograma, vagas de resid\u00eancia m\u00e9dica, prova e mais!"},"content":{"rendered":"<p class=\"wp-block-paragraph\">O <span id=\"urn:enhancement-bfa22353-b783-4018-91f0-a14d0a0f43b5\" class=\"textannotation disambiguated wl-organization\" itemid=\"https:\/\/data.wordlift.io\/wl106637\/entity\/estrategia_med\">Estrat&eacute;gia MED<\/span> separou as principais informa&ccedil;&otilde;es sobre o processo seletivo para Resid&ecirc;ncia M&eacute;dica do <span id=\"urn:enhancement-9f23a4a6-aadd-43d0-aa87-7abf28b2316e\" class=\"textannotation disambiguated wl-thing wl-no-link\" itemid=\"https:\/\/data.wordlift.io\/wl106637\/entity\/enare\">ENARE<\/span>, sob respondabilidade da <span id=\"urn:enhancement-90254ee2-aae4-478d-8502-d2fd845d6f66\" class=\"textannotation disambiguated wl-organization wl-no-link\" itemid=\"https:\/\/data.wordlift.io\/wl106637\/entity\/ebserh\">EBSERH<\/span>. Aqui voc&ecirc; encontra todos os detalhes e as novidades para o Enare 2024!<div id=\"ez-toc-container\" class=\"ez-toc-v2_0_86 counter-hierarchy ez-toc-counter ez-toc-transparent ez-toc-container-direction\">\n<div class=\"ez-toc-title-container\"><p class=\"ez-toc-title\" style=\"cursor:inherit\">Navegue pelo conte\u00fado<\/p>\n<\/div><nav><ul class='ez-toc-list ez-toc-list-level-1 ' ><li class='ez-toc-page-1 ez-toc-heading-level-2'><a class=\"ez-toc-link ez-toc-heading-1\" href=\"https:\/\/med.estrategia.com\/portal\/residencia-medica\/enare-edital-2022-2023-cronograma-vagas-de-residencia-medica-prova-e-mais\/#ENARE-%E2%80%93-Exame-Nacional-de-Residencia-Medica-Ebserh\" >ENARE &ndash; Exame Nacional de Resid&ecirc;ncia M&eacute;dica Ebserh<\/a><\/li><li class='ez-toc-page-1 ez-toc-heading-level-2'><a class=\"ez-toc-link ez-toc-heading-2\" href=\"https:\/\/med.estrategia.com\/portal\/residencia-medica\/enare-edital-2022-2023-cronograma-vagas-de-residencia-medica-prova-e-mais\/#Instituicoes-participantes-do-ENARE\" >Institui&ccedil;&otilde;es participantes do ENARE<\/a><\/li><li class='ez-toc-page-1 ez-toc-heading-level-2'><a class=\"ez-toc-link ez-toc-heading-3\" href=\"https:\/\/med.estrategia.com\/portal\/residencia-medica\/enare-edital-2022-2023-cronograma-vagas-de-residencia-medica-prova-e-mais\/#Entenda-o-Processo-Seletivo-do-ENARE\" >Entenda o Processo Seletivo do ENARE<\/a><ul class='ez-toc-list-level-3' ><li class='ez-toc-heading-level-3'><a class=\"ez-toc-link ez-toc-heading-4\" href=\"https:\/\/med.estrategia.com\/portal\/residencia-medica\/enare-edital-2022-2023-cronograma-vagas-de-residencia-medica-prova-e-mais\/#1a-etapa-Prova-Objetiva\" >1&ordf; etapa: Prova Objetiva<\/a><\/li><li class='ez-toc-page-1 ez-toc-heading-level-3'><a class=\"ez-toc-link ez-toc-heading-5\" href=\"https:\/\/med.estrategia.com\/portal\/residencia-medica\/enare-edital-2022-2023-cronograma-vagas-de-residencia-medica-prova-e-mais\/#2a-etapa-Analise-Curricular\" >2&ordf; etapa: An&aacute;lise Curricular<\/a><\/li><\/ul><\/li><li class='ez-toc-page-1 ez-toc-heading-level-2'><a class=\"ez-toc-link ez-toc-heading-6\" href=\"https:\/\/med.estrategia.com\/portal\/residencia-medica\/enare-edital-2022-2023-cronograma-vagas-de-residencia-medica-prova-e-mais\/#Como-se-inscrever-no-ENARE\" >Como se inscrever no ENARE?<\/a><\/li><li class='ez-toc-page-1 ez-toc-heading-level-2'><a class=\"ez-toc-link ez-toc-heading-7\" href=\"https:\/\/med.estrategia.com\/portal\/residencia-medica\/enare-edital-2022-2023-cronograma-vagas-de-residencia-medica-prova-e-mais\/#Concorrencia-ENARE\" >Concorr&ecirc;ncia ENARE<\/a><\/li><li class='ez-toc-page-1 ez-toc-heading-level-2'><a class=\"ez-toc-link ez-toc-heading-8\" href=\"https:\/\/med.estrategia.com\/portal\/residencia-medica\/enare-edital-2022-2023-cronograma-vagas-de-residencia-medica-prova-e-mais\/#Entenda-como-funciona-a-escolha-de-vagas-do-Enare\" >Entenda como funciona a escolha de vagas do Enare<\/a><\/li><li class='ez-toc-page-1 ez-toc-heading-level-2'><a class=\"ez-toc-link ez-toc-heading-9\" href=\"https:\/\/med.estrategia.com\/portal\/residencia-medica\/enare-edital-2022-2023-cronograma-vagas-de-residencia-medica-prova-e-mais\/#Nota-de-Corte-Enare\" >Nota de Corte Enare<\/a><\/li><li class='ez-toc-page-1 ez-toc-heading-level-2'><a class=\"ez-toc-link ez-toc-heading-10\" href=\"https:\/\/med.estrategia.com\/portal\/residencia-medica\/enare-edital-2022-2023-cronograma-vagas-de-residencia-medica-prova-e-mais\/#Saiba-como-foi-a-ultima-edicao-do-ENARE\" >Saiba como foi a &uacute;ltima edi&ccedil;&atilde;o do ENARE<\/a><ul class='ez-toc-list-level-3' ><li class='ez-toc-heading-level-3'><a class=\"ez-toc-link ez-toc-heading-11\" href=\"https:\/\/med.estrategia.com\/portal\/residencia-medica\/enare-edital-2022-2023-cronograma-vagas-de-residencia-medica-prova-e-mais\/#Cronograma-Enare-2023\" >Cronograma Enare 2023<\/a><\/li><li class='ez-toc-page-1 ez-toc-heading-level-3'><a class=\"ez-toc-link ez-toc-heading-12\" href=\"https:\/\/med.estrategia.com\/portal\/residencia-medica\/enare-edital-2022-2023-cronograma-vagas-de-residencia-medica-prova-e-mais\/#Vagas-ENARE-por-especialidade\" >Vagas ENARE por especialidade<\/a><\/li><li class='ez-toc-page-1 ez-toc-heading-level-3'><a class=\"ez-toc-link ez-toc-heading-13\" href=\"https:\/\/med.estrategia.com\/portal\/residencia-medica\/enare-edital-2022-2023-cronograma-vagas-de-residencia-medica-prova-e-mais\/#Locais-de-prova-ENARE-20222023\" >Locais de prova ENARE 2022\/2023<\/a><\/li><li class='ez-toc-page-1 ez-toc-heading-level-3'><a class=\"ez-toc-link ez-toc-heading-14\" href=\"https:\/\/med.estrategia.com\/portal\/residencia-medica\/enare-edital-2022-2023-cronograma-vagas-de-residencia-medica-prova-e-mais\/#Resultado-final-Enare\" >Resultado final Enare<\/a><\/li><\/ul><\/li><li class='ez-toc-page-1 ez-toc-heading-level-2'><a class=\"ez-toc-link ez-toc-heading-15\" href=\"https:\/\/med.estrategia.com\/portal\/residencia-medica\/enare-edital-2022-2023-cronograma-vagas-de-residencia-medica-prova-e-mais\/#Estudando-para-o-ENARE-20232023\" >Estudando para o ENARE 2023\/2023?<\/a><ul class='ez-toc-list-level-3' ><li class='ez-toc-heading-level-3'><a class=\"ez-toc-link ez-toc-heading-16\" href=\"https:\/\/med.estrategia.com\/portal\/residencia-medica\/enare-edital-2022-2023-cronograma-vagas-de-residencia-medica-prova-e-mais\/#Enare-provas-antigas\" >Enare provas antigas<\/a><\/li><li class='ez-toc-page-1 ez-toc-heading-level-3'><a class=\"ez-toc-link ez-toc-heading-17\" href=\"https:\/\/med.estrategia.com\/portal\/residencia-medica\/enare-edital-2022-2023-cronograma-vagas-de-residencia-medica-prova-e-mais\/#Daniel-Meira-Nobrega-de-Lima-3o-Classificado-Geral-e-1o-Lugar-em-Anestesiologia-no-Hospital-das-Clinicas-da-Universidade-Federal-de-Pernambuco-Enare\" >Daniel Meira N&oacute;brega de Lima  3&ordm; Classificado Geral e 1&ordm; Lugar em Anestesiologia no Hospital das Cl&iacute;nicas da Universidade Federal de Pernambuco  (Enare)<\/a><\/li><li class='ez-toc-page-1 ez-toc-heading-level-3'><a class=\"ez-toc-link ez-toc-heading-18\" href=\"https:\/\/med.estrategia.com\/portal\/residencia-medica\/enare-edital-2022-2023-cronograma-vagas-de-residencia-medica-prova-e-mais\/#Vivian-Gadelha-Ramos-2o-Lugar-em-Dermatologia-no-Hospital-das-Clinicas-da-Universidade-Federal-de-Pernambuco-Enare\" >Vivian Gadelha Ramos 2&ordm; Lugar em Dermatologia no Hospital das Cl&iacute;nicas da Universidade Federal de Pernambuco (Enare)<\/a><\/li><\/ul><\/li><li class='ez-toc-page-1 ez-toc-heading-level-2'><a class=\"ez-toc-link ez-toc-heading-19\" href=\"https:\/\/med.estrategia.com\/portal\/residencia-medica\/enare-edital-2022-2023-cronograma-vagas-de-residencia-medica-prova-e-mais\/#Veja-tambem\" >Veja tamb&eacute;m:<\/a><\/li><\/ul><\/nav><\/div>\n<h2 class=\"wp-block-heading\"><span class=\"ez-toc-section\" id=\"ENARE-%E2%80%93-Exame-Nacional-de-Residencia-Medica-Ebserh\"><\/span>ENARE &ndash; Exame Nacional de Resid&ecirc;ncia M&eacute;dica Ebserh<span class=\"ez-toc-section-end\"><\/span><\/h2><p class=\"wp-block-paragraph\">Considerado o <strong>ENEM da <span id=\"urn:enhancement-5ca47e96-1528-421f-b035-ea29a37cc816\" class=\"textannotation disambiguated wl-thing wl-no-link\" itemid=\"https:\/\/data.wordlift.io\/wl106637\/entity\/residencia-medica\">Resid&ecirc;ncia M&eacute;dica<\/span><\/strong>, o Exame Nacional de <span id=\"urn:enhancement-e9757dfd-e5fe-45ae-b355-6cad54e80d15\" class=\"textannotation disambiguated wl-thing wl-no-link\" itemid=\"https:\/\/data.wordlift.io\/wl106637\/entity\/residencia-medica\">Resid&ecirc;ncia M&eacute;dica<\/span> (<span id=\"urn:enhancement-77ed2d01-1dfe-4365-bdc0-7cfce5c58894\" class=\"textannotation disambiguated wl-thing wl-no-link\" itemid=\"https:\/\/data.wordlift.io\/wl106637\/entity\/enare\">ENARE<\/span>) foi elaborado pela <strong><span id=\"urn:enhancement-9e2357b0-1d37-4d1c-965a-8a234fd8e167\" class=\"textannotation disambiguated wl-organization wl-no-link\" itemid=\"https:\/\/data.wordlift.io\/wl106637\/entity\/ebserh\">Ebserh<\/span><\/strong>, em parceria com o <strong><span id=\"urn:enhancement-f2ecae23-ec7a-4ec5-8df0-f928b18640d0\" class=\"textannotation disambiguated wl-thing wl-no-link\" itemid=\"https:\/\/data.wordlift.io\/wl106637\/entity\/ministerio-da-educacao-2\">Minist&eacute;rio da Educa&ccedil;&atilde;o<\/span> (MEC)<\/strong>, com o objetivo de otimizar a forma de selecionar os residentes <span id=\"urn:enhancement-879e6006-950f-4551-8e87-7c70f1f8274b\" class=\"textannotation disambiguated wl-thing\" itemid=\"https:\/\/data.wordlift.io\/wl106637\/entity\/medicos\">m&eacute;dicos<\/span>, melhorando a experi&ecirc;ncia tantos das institui&ccedil;&otilde;es quanto dos candidatos.&nbsp;<\/p><p class=\"wp-block-paragraph\">Atualmente, o modelo de sele&ccedil;&atilde;o da maioria dos programas de <span id=\"urn:enhancement-df7e5dd4-1a32-48f5-8dd1-5a963b760c62\" class=\"textannotation disambiguated wl-thing wl-no-link\" itemid=\"https:\/\/data.wordlift.io\/wl106637\/entity\/residencia-medica\">Resid&ecirc;ncia M&eacute;dica<\/span> atende a cronogramas e crit&eacute;rios particulares de cada institui&ccedil;&atilde;o. Mas com o <span id=\"urn:enhancement-0d7c9476-0796-4a03-9a1c-c843d9c326b3\" class=\"textannotation disambiguated wl-thing wl-no-link\" itemid=\"https:\/\/data.wordlift.io\/wl106637\/entity\/enare\">ENARE<\/span> &ndash; <span id=\"urn:enhancement-eb833ca5-8e45-4b46-8977-cfa59969e3cd\" class=\"textannotation disambiguated wl-organization wl-no-link\" itemid=\"https:\/\/data.wordlift.io\/wl106637\/entity\/ebserh\">Ebserh<\/span>, a tend&ecirc;ncia &eacute; <strong>unificar os exames e os procedimentos de avalia&ccedil;&atilde;o e candidatura<\/strong>, permitindo que mais candidatos concorram a vagas de seu interesse, independentemente das condi&ccedil;&otilde;es, como localiza&ccedil;&atilde;o geogr&aacute;fica ou limita&ccedil;&atilde;o financeira do candidato.&nbsp;<\/p><p class=\"wp-block-paragraph\">O <span id=\"urn:enhancement-5e8cbde2-92c8-4088-8256-415a452531a9\" class=\"textannotation disambiguated wl-thing wl-no-link\" itemid=\"https:\/\/data.wordlift.io\/wl106637\/entity\/enare\">ENARE<\/span> foi criado em 2019 e, j&aacute; em 2020, foi realizada a <a href=\"https:\/\/med.estrategia.com\/portal\/residencia-medica\/programa-de-residencia-medica\/enare-2020\/\" target=\"_blank\">edi&ccedil;&atilde;o piloto do exame<\/a>. A <a href=\"https:\/\/med.estrategia.com\/portal\/residencia-medica\/programa-de-residencia-medica\/enare-2020\/\" target=\"_blank\">edi&ccedil;&atilde;o de 2020 do ENARE<\/a> contou com <strong>4.169 inscritos<\/strong> que disputavam uma das <strong>302 vagas<\/strong> ofertadas por <strong>10 institui&ccedil;&otilde;es<\/strong>.&nbsp;J&aacute; em 2021, foram <strong>2.421 vagas ao todo<\/strong>, mais de 70 institui&ccedil;&otilde;es e <strong>18.600 inscritos<\/strong>. Por fim, em 2022, foram ofertadas <strong>2.671<\/strong> vagas e <strong>27.755<\/strong> inscritos, aumentando a concorr&ecirc;ncia. <\/p><div class=\"wp-block-buttons is-horizontal is-content-justification-center is-layout-flex wp-container-core-buttons-is-layout-7d812b4c wp-block-buttons-is-layout-flex\">\n<div class=\"wp-block-button\"><a class=\"wp-block-button__link has-background wp-element-button\" href=\"https:\/\/med.estrategia.com\/cursos\/\" style=\"background-color:#0ba4ae\" target=\"_blank\">Conhe&ccedil;a os cursos do Estrat&eacute;gia MED!<\/a><\/div>\n<\/div><p class=\"wp-block-paragraph\">Dos&nbsp;<strong>benef&iacute;cios do ENARE para os candidatos<\/strong>, est&atilde;o:&nbsp;<\/p><ul class=\"wp-block-list\">\n<li><strong>Data &uacute;nica<\/strong>&nbsp;de realiza&ccedil;&atilde;o do exame de acesso para v&aacute;rias institui&ccedil;&otilde;es;<\/li>\n\n\n\n<li><strong>Transpar&ecirc;ncia<\/strong>&nbsp;no processo: maior, nacional e amplo;<\/li>\n\n\n\n<li><strong>Conte&uacute;do program&aacute;tico unificado<\/strong>&nbsp;&ndash; mesmas refer&ecirc;ncias bibliogr&aacute;ficas e protocolos&nbsp; para todas as institui&ccedil;&otilde;es participantes;<\/li>\n\n\n\n<li><strong>Democratiza&ccedil;&atilde;o&nbsp;<\/strong>do acesso aos Programas de&nbsp;<a href=\"https:\/\/med.estrategia.com\/portal\/entidade\/residencia-medica\/\">Resid&ecirc;ncia M&eacute;dica<\/a>&nbsp;de grandes institui&ccedil;&otilde;es;&nbsp;<\/li>\n\n\n\n<li>Sele&ccedil;&atilde;o de acordo com&nbsp;<strong>crit&eacute;rios meritocr&aacute;ticos<\/strong>&nbsp;e;<\/li>\n\n\n\n<li><strong>Menor custo<\/strong>&nbsp;para concorrer &agrave;s vagas dos Programas de Resid&ecirc;ncia M&eacute;dica.&nbsp;<\/li>\n<\/ul><h2 class=\"wp-block-heading\"><span class=\"ez-toc-section\" id=\"Instituicoes-participantes-do-ENARE\"><\/span>Institui&ccedil;&otilde;es participantes do ENARE<span class=\"ez-toc-section-end\"><\/span><\/h2><p class=\"wp-block-paragraph\">O processo seletivo do <strong><span id=\"urn:enhancement-2d9b2318-8e47-4cb0-ba2c-6668a854cdf6\" class=\"textannotation disambiguated wl-thing wl-no-link\" itemid=\"https:\/\/data.wordlift.io\/wl106637\/entity\/enare\">ENARE<\/span> para <span id=\"urn:enhancement-2dde5354-6b0d-41ea-9aab-ec77a16cfe60\" class=\"textannotation disambiguated wl-thing wl-no-link\" itemid=\"https:\/\/data.wordlift.io\/wl106637\/entity\/residencia-medica\">Resid&ecirc;ncia M&eacute;dica<\/span><\/strong> conta atualmente com a participa&ccedil;&atilde;o de <strong>77 institui&ccedil;&otilde;es<\/strong>, algumas com <strong>diversos hospitais<\/strong>.<\/p><p class=\"wp-block-paragraph\">Dentre o alto n&uacute;mero de institui&ccedil;&otilde;es, muitas delas s&atilde;o renomadas, caso d<span style=\"font-size: revert; color: initial;\">o <span style=\"color: initial; font-size: revert;\"><strong>Complexo do Hospital de Cl&iacute;nicas da Universidade Federal do Paran&aacute;<\/strong><\/span><\/span>, <span style=\"font-size: revert; color: initial;\"><strong>Hospital das For&ccedil;as Armadas<\/strong><\/span>, <span style=\"font-size: revert; color: initial;\"><strong>Hospital das Cl&iacute;nicas da Universidade Federal de Minas Gerais<\/strong><\/span>, entre outros. <\/p><p class=\"wp-block-paragraph\">Quer conferir a<strong> lista completa de institui&ccedil;&otilde;es<\/strong> e o<strong> total de vagas ofertadas<\/strong> por cada uma delas? &Eacute; s&oacute; clicar no bot&atilde;o abaixo e conferir o artigo que preparamos para voc&ecirc;!<\/p><div class=\"wp-block-buttons is-horizontal is-content-justification-center is-layout-flex wp-container-core-buttons-is-layout-7d812b4c wp-block-buttons-is-layout-flex\">\n<div class=\"wp-block-button\"><a class=\"wp-block-button__link wp-element-button\" href=\"https:\/\/med.estrategia.com\/portal\/residencia-medica\/programa-de-residencia-medica\/enare-instituicoes\/\" target=\"_blank\">Institui&ccedil;&otilde;es ENARE 2022\/2023<\/a><\/div>\n<\/div><h2 class=\"wp-block-heading\"><span class=\"ez-toc-section\" id=\"Entenda-o-Processo-Seletivo-do-ENARE\"><\/span>Entenda o Processo Seletivo do ENARE<span class=\"ez-toc-section-end\"><\/span><\/h2><p class=\"wp-block-paragraph\">O exame <span id=\"urn:enhancement-82a6f4dc-c82e-4eed-8291-ed97f7b6ea68\" class=\"textannotation disambiguated wl-thing wl-no-link\" itemid=\"https:\/\/data.wordlift.io\/wl106637\/entity\/enare\">ENARE<\/span> <span id=\"urn:enhancement-e3698fc6-4c3b-4991-94db-2e52704e965c\" class=\"textannotation disambiguated wl-organization wl-no-link\" itemid=\"https:\/\/data.wordlift.io\/wl106637\/entity\/ebserh\">Ebserh<\/span> &eacute; composto por <strong>duas etapas<\/strong>: na primeira, aplica-se uma prova <strong>objetiva de m&uacute;ltipla escolha<\/strong> e, na segunda, avalia-se a <strong>trajet&oacute;ria profissional e acad&ecirc;mica do candidato, por meio de An&aacute;lise Curricular<\/strong>. Essa an&aacute;lise corresponde a 10% do total da nota.<\/p><h3 class=\"wp-block-heading\"><span class=\"ez-toc-section\" id=\"1a-etapa-Prova-Objetiva\"><\/span>1&ordf; etapa: Prova Objetiva<span class=\"ez-toc-section-end\"><\/span><\/h3><p class=\"wp-block-paragraph\">A prova<strong> te&oacute;rico-objetiva<\/strong> &eacute; constitu&iacute;da de <strong>quest&otilde;es de m&uacute;ltipla escolha<\/strong>, cada uma delas com <strong>cinco alternativas<\/strong> e apenas uma correta. O formato da avalia&ccedil;&atilde;o &eacute; diferente para os candidatos &agrave;s especialidades de Acesso Direto e &agrave;s com Pr&eacute;-Requisito, por&eacute;m as duas provas acontecem no mesmo dia.<br><br>Para as especialidades de Acesso Direto, a prova &eacute; composta por <strong>100 quest&otilde;es<\/strong>, distribu&iacute;das igualmente e abordando as grandes &aacute;reas da medicina: <strong><span id=\"urn:enhancement-5e033a02-835b-4a08-9f32-1dd7d5a4da51\" class=\"textannotation disambiguated wl-thing\" itemid=\"https:\/\/data.wordlift.io\/wl106637\/entity\/cirurgia-geral\">Cirurgia Geral<\/span>, <span id=\"urn:enhancement-0b5bbcac-b354-4a24-a0df-45d47441f40b\" class=\"textannotation disambiguated wl-thing\" itemid=\"https:\/\/data.wordlift.io\/wl106637\/entity\/clinica_medica\">Cl&iacute;nica M&eacute;dica<\/span>, <span id=\"urn:enhancement-d8f2e449-5fa9-4240-a3f1-6e2610d8353a\" class=\"textannotation disambiguated wl-thing\" itemid=\"https:\/\/data.wordlift.io\/wl106637\/entity\/ginecologica\">Ginecologia<\/span> e <span id=\"urn:enhancement-fb2b30fe-4eba-4551-b10f-636867929406\" class=\"textannotation disambiguated wl-thing\" itemid=\"https:\/\/data.wordlift.io\/wl106637\/entity\/obstetricia\">Obstetr&iacute;cia<\/span>, <span id=\"urn:local-annotation-782301\" class=\"textannotation disambiguated\" itemid=\"https:\/\/data.wordlift.io\/wl106637\/entity\/medicina-preventiva\">Medicina Preventiva<\/span> e Social e <span id=\"urn:enhancement-dfe6852f-bbb6-4532-93ac-eda11c205f15\" class=\"textannotation disambiguated wl-thing\" itemid=\"https:\/\/data.wordlift.io\/wl106637\/entity\/pediatria\">Pediatria<\/span>.<\/strong><\/p><div class=\"wp-block-buttons is-horizontal is-content-justification-center is-layout-flex wp-container-core-buttons-is-layout-7d812b4c wp-block-buttons-is-layout-flex\">\n<div class=\"wp-block-button\"><a class=\"wp-block-button__link wp-element-button\" href=\"https:\/\/med.estrategia.com\/portal\/wp-content\/uploads\/2022\/08\/conhecimentos_habilidades_atitudes_enare_2022_2023.pdf\" target=\"_blank\">Conte&uacute;do Program&aacute;tico &ndash; Provas de Especialidades com Pr&eacute;-Requisitos e Anos Adicionais<\/a><\/div>\n<\/div><p class=\"wp-block-paragraph\">J&aacute; a prova para as especialidades com Pr&eacute;-Requisito, s&atilde;o <strong>80 quest&otilde;es<\/strong> relativas &agrave;s compet&ecirc;ncias presentes nas matrizes dos programas de resid&ecirc;ncia definidos como pr&eacute;-requisitos.<\/p><h3 class=\"wp-block-heading\"><span class=\"ez-toc-section\" id=\"2a-etapa-Analise-Curricular\"><\/span>2&ordf; etapa: An&aacute;lise Curricular<span class=\"ez-toc-section-end\"><\/span><\/h3><p class=\"wp-block-paragraph\">O candidato deve <strong>cadastrar e enviar seu curr&iacute;culo<\/strong> por meio da p&aacute;gina de Envio de Documentos para An&aacute;lise Curricular, que fica dispon&iacute;vel durante o per&iacute;odo estipulado em edital.&nbsp;<\/p><p class=\"wp-block-paragraph\">Ap&oacute;s a 2&ordf; etapa ser realizada, h&aacute; a<strong> confer&ecirc;ncia da nota final no sistema<\/strong>, definida pela seguinte f&oacute;rmula:<\/p><p class=\"wp-block-verse\"><strong>Nota final (NF) = (Nota da 1&ordf; Etapa x 9) + (Nota da 2&ordf; Etapa x 1) + (Pontua&ccedil;&atilde;o Adicional do item 7).<\/strong><\/p><div class=\"wp-block-buttons is-content-justification-center is-layout-flex wp-container-core-buttons-is-layout-fe48e5de wp-block-buttons-is-layout-flex\"><\/div><h2 class=\"wp-block-heading\"><span class=\"ez-toc-section\" id=\"Como-se-inscrever-no-ENARE\"><\/span>Como se inscrever no ENARE?<span class=\"ez-toc-section-end\"><\/span><\/h2><p class=\"wp-block-paragraph\">As inscri&ccedil;&otilde;es para o ENARE 2022\/2023 s&atilde;o sempre realizadas atrav&eacute;s do&nbsp;<a href=\"https:\/\/enare.ebserh.gov.br\/site-enare-2021\/concurso.jsp?id=432\" target=\"_blank\">site oficial do exame<\/a>, ap&oacute;s a divulga&ccedil;&atilde;o do edital. Para compara&ccedil;&otilde;es, as inscri&ccedil;&otilde;es da &uacute;ltima edi&ccedil;&atilde;o aconteceram no per&iacute;odo de&nbsp;<strong>12 de setembro a 3 de outubro de 2022<\/strong>. &Eacute; j&aacute; na inscri&ccedil;&atilde;o que candidato deve sinalizar a especialidade a qual ir&aacute; concorrer.<\/p><p class=\"wp-block-paragraph\">Para formalizar a inscri&ccedil;&atilde;o, o candidato deve&nbsp;<strong>pagar a taxa vigente de R$ 270,00<\/strong>, mas h&aacute; como realizar a&nbsp;<strong>solicita&ccedil;&atilde;o de isen&ccedil;&atilde;o da taxa de inscri&ccedil;&atilde;o<\/strong>&nbsp;geralmente nos tr&ecirc;s primeiros dias de inscri&ccedil;&atilde;o.<\/p><p class=\"wp-block-paragraph\">Mauro Oliveira, coordenador de pessoal da Ebserh, exemplificou que um dos grandes desafios enfrentados pelos candidatos &agrave; Resid&ecirc;ncia M&eacute;dica hoje s&atilde;o justamente os<strong> valores das taxas de inscri&ccedil;&atilde;o.<\/strong><\/p><p class=\"wp-block-paragraph\"><em>&ldquo;No ano passado, as inscri&ccedil;&otilde;es para resid&ecirc;ncia de medicina foram de R$ 280,00. Esse ano [2022] vai ser R$270,00. Normalmente, os exames locais t&ecirc;m um custo muito maior que esse. N&oacute;s estamos falando de R$ 600,00 , R$ 700,00 e at&eacute; R$ 800,00, em m&eacute;dia.<\/em>&ldquo;<em>&nbsp;<\/em>&ndash; <strong>Mauro Oliveira<\/strong>, Coordenador de Pessoal da <strong>Ebserh<\/strong>.<\/p><h2 class=\"wp-block-heading\" id=\"h-concorrencia-enare\"><span class=\"ez-toc-section\" id=\"Concorrencia-ENARE\"><\/span>Concorr&ecirc;ncia ENARE<span class=\"ez-toc-section-end\"><\/span><\/h2><p class=\"wp-block-paragraph\">Para mensurar como vai estar a concorr&ecirc;ncia no Enare 2023\/2024, confira qual foi a&nbsp;<strong>Rela&ccedil;&atilde;o Candidato\/Vaga do &uacute;ltimo exame<\/strong>. O Portal do <span id=\"urn:enhancement-9e7fadef-23b4-455a-9ffb-c5d1a379edc5\" class=\"textannotation disambiguated wl-organization\" itemid=\"https:\/\/data.wordlift.io\/wl106637\/entity\/estrategia_med\">Estrat&eacute;gia MED<\/span> preparou, em <strong>primeira m&atilde;o<\/strong> para voc&ecirc;, a concorr&ecirc;ncia para especialidades <strong>do <span id=\"urn:enhancement-9f83dc88-2b19-49ab-9fbd-ead2f7cebc95\" class=\"textannotation disambiguated wl-thing wl-no-link\" itemid=\"https:\/\/data.wordlift.io\/wl106637\/entity\/enare\">ENARE<\/span> 2022<\/strong>, com ingresso dos residentes em 2023. Confira as mais concorridas:<\/p><figure class=\"wp-block-table\"><table><thead><tr><th class=\"has-text-align-center\" data-align=\"center\">Programa<\/th><th class=\"has-text-align-center\" data-align=\"center\">Concorr&ecirc;ncia<\/th><\/tr><\/thead><tbody><tr><td class=\"has-text-align-center\" data-align=\"center\">Neurocirurgia<\/td><td class=\"has-text-align-center\" data-align=\"center\">31,46<\/td><\/tr><tr><td class=\"has-text-align-center\" data-align=\"center\"><span id=\"urn:enhancement-0d6e318c-7813-41dd-aca5-e7b0388a1a9d\" class=\"textannotation disambiguated wl-thing\" itemid=\"https:\/\/data.wordlift.io\/wl106637\/entity\/otorrinolaringologia\">Otorrinolaringologia<\/span><\/td><td class=\"has-text-align-center\" data-align=\"center\">29,92<\/td><\/tr><tr><td class=\"has-text-align-center\" data-align=\"center\">Psiquiatria<\/td><td class=\"has-text-align-center\" data-align=\"center\">29,17<\/td><\/tr><tr><td class=\"has-text-align-center\" data-align=\"center\"><span id=\"urn:enhancement-a700eca9-9f32-4e4c-8f4c-ac2c3577d0ba\" class=\"textannotation disambiguated wl-thing\" itemid=\"https:\/\/data.wordlift.io\/wl106637\/entity\/anestesiologia\">Anestesiologia<\/span><\/td><td class=\"has-text-align-center\" data-align=\"center\">27,71<\/td><\/tr><tr><td class=\"has-text-align-center\" data-align=\"center\"><span id=\"urn:enhancement-9aedb905-2434-4403-93a3-6af1dbad0bf4\" class=\"textannotation disambiguated wl-thing\" itemid=\"https:\/\/data.wordlift.io\/wl106637\/entity\/dermatologia\">Dermatologia<\/span><\/td><td class=\"has-text-align-center\" data-align=\"center\">25,79<\/td><\/tr><tr><td class=\"has-text-align-center\" data-align=\"center\"><span id=\"urn:enhancement-abfa0099-cd43-458b-a3f2-2ac6f180ce28\" class=\"textannotation disambiguated wl-thing\" itemid=\"https:\/\/data.wordlift.io\/wl106637\/entity\/oftalmologia\">Oftalmologia<\/span><\/td><td class=\"has-text-align-center\" data-align=\"center\">23,75<\/td><\/tr><tr><td class=\"has-text-align-center\" data-align=\"center\"><span id=\"urn:enhancement-9c3de791-7893-449f-8874-cb75be1e0f85\" class=\"textannotation disambiguated wl-thing\" itemid=\"https:\/\/data.wordlift.io\/wl106637\/entity\/cirurgia-geral\">Cirurgia Geral<\/span><\/td><td class=\"has-text-align-center\" data-align=\"center\">22,19<\/td><\/tr><tr><td class=\"has-text-align-center\" data-align=\"center\">Neurologia<\/td><td class=\"has-text-align-center\" data-align=\"center\">18,71<\/td><\/tr><tr><td class=\"has-text-align-center\" data-align=\"center\">Cirurgia Pl&aacute;stica<\/td><td class=\"has-text-align-center\" data-align=\"center\">16,82<\/td><\/tr><tr><td class=\"has-text-align-center\" data-align=\"center\"><span id=\"urn:enhancement-51cd4069-2053-4d2f-b119-31aeb21c2203\" class=\"textannotation disambiguated wl-thing\" itemid=\"https:\/\/data.wordlift.io\/wl106637\/entity\/ginecologica\">Ginecologia<\/span> e <span id=\"urn:enhancement-a385b505-7f58-44f8-ac57-fa21c00b4e0f\" class=\"textannotation disambiguated wl-thing\" itemid=\"https:\/\/data.wordlift.io\/wl106637\/entity\/obstetricia\">Obstetr&iacute;cia<\/span><\/td><td class=\"has-text-align-center\" data-align=\"center\">14,98<\/td><\/tr><\/tbody><\/table><\/figure><p class=\"wp-block-paragraph\">Para conferir a <a href=\"https:\/\/med.estrategia.com\/portal\/residencia-medica\/programa-de-residencia-medica\/enare-relacao-candidato-vaga\/\" target=\"_blank\">concorr&ecirc;ncia das demais especialidade<\/a>s, veja aqui o <a href=\"https:\/\/med.estrategia.com\/portal\/residencia-medica\/programa-de-residencia-medica\/enare-relacao-candidato-vaga\/\" target=\"_blank\">artigo com a rela&ccedil;&atilde;o candidato\/vaga completa<\/a> no nosso Portal!<\/p><h2 class=\"wp-block-heading\"><span class=\"ez-toc-section\" id=\"Entenda-como-funciona-a-escolha-de-vagas-do-Enare\"><\/span>Entenda como funciona a escolha de vagas do Enare<span class=\"ez-toc-section-end\"><\/span><\/h2><p class=\"wp-block-paragraph\">O <span id=\"urn:enhancement-e68c28bc-2f9d-414f-a7e6-93be34e5d4ae\" class=\"textannotation disambiguated wl-thing wl-no-link\" itemid=\"https:\/\/data.wordlift.io\/wl106637\/entity\/enare\">ENARE<\/span> &eacute; chamado, inclusive pelo <span id=\"urn:enhancement-e5bc4f48-952e-43a0-a058-d20e32ade44d\" class=\"textannotation disambiguated wl-thing wl-no-link\" itemid=\"https:\/\/data.wordlift.io\/wl106637\/entity\/ministerio-da-educacao-2\">Minist&eacute;rio da Educa&ccedil;&atilde;o<\/span>, de &ldquo;<strong>o Enem da <span id=\"urn:enhancement-78c25192-0c0b-4675-9e1c-0448f468f7a9\" class=\"textannotation disambiguated wl-thing wl-no-link\" itemid=\"https:\/\/data.wordlift.io\/wl106637\/entity\/residencia-medica\">Resid&ecirc;ncia M&eacute;dica<\/span><\/strong>&ldquo;. De fato, seu sistema de classifica&ccedil;&atilde;o final se assemelha muito com o Enem e com o Sisu: o candidato sai com a <strong>nota alcan&ccedil;ada na especialidade escolhida<\/strong> ap&oacute;s as provas e <strong>utiliza a pontua&ccedil;&atilde;o para escolher<\/strong>, dentre as institui&ccedil;&otilde;es participantes, <strong>onde ir&aacute; realizar a <span id=\"urn:enhancement-d01e8490-2091-481e-90b2-c3d302d24d5f\" class=\"textannotation disambiguated wl-thing wl-no-link\" itemid=\"https:\/\/data.wordlift.io\/wl106637\/entity\/residencia-medica\">Resid&ecirc;ncia M&eacute;dica<\/span>.<\/strong><\/p><p class=\"wp-block-paragraph\">Na &uacute;ltima edi&ccedil;&atilde;o, o sistema ficou aberto para a <strong>1&ordf; oportunidade de escolha<\/strong> entre os dias <strong>23 a 30 de janeiro de 2023<\/strong> e cada candidato deveria sinalizar a sua escolha. Ap&oacute;s isso, <strong>a 1&ordf; classifica&ccedil;&atilde;o por institui&ccedil;&atilde;o foi divulgada no dia 31 de janeiro<\/strong> e privilegiou os candidatos inscritos com as <strong>melhores notas<\/strong>, determinando quem ficou com as vagas.<\/p><p class=\"wp-block-paragraph\">Ap&oacute;s essa primeira chamada, <strong>o sistema foi reaberto<\/strong> no dia 1&ordm; de fevereiro<strong> <\/strong>para que as vagas ociosas sejam preenchidas na <strong>2&ordf; oportunidade de escolha<\/strong>. Ap&oacute;s a divulga&ccedil;&atilde;o do resultado da 2&ordf; oportunidade, os candidatos ainda tiveram mais uma oportunidade para ocupar as vagas restantes.<\/p><div class=\"wp-block-buttons is-content-justification-center is-layout-flex wp-container-core-buttons-is-layout-fe48e5de wp-block-buttons-is-layout-flex\">\n<div class=\"wp-block-button\"><a class=\"wp-block-button__link wp-element-button\" href=\"https:\/\/med.estrategia.com\/portal\/residencia-medica\/entenda-como-vai-funcionar-a-escolha-da-instituicao-para-o-enare-2022-2023\" target=\"_blank\">Confira passo a passo da escolha de vagas<\/a><\/div>\n<\/div><p class=\"wp-block-paragraph\">Nesse quesito, o ENARE tende a democratizar, efetivamente, o acesso aos programas, uma vez que a unifica&ccedil;&atilde;o do exame de acesso aos Programas de Resid&ecirc;ncia M&eacute;dica permite que os candidatos escolham a institui&ccedil;&atilde;o por <strong>afinidade e interesse profissional<\/strong> em detrimento de outros crit&eacute;rios, como conflito de agenda e indisponibilidade de recursos financeiros para arcar com os custos de inscri&ccedil;&atilde;o, viagem, hospedagem etc.&nbsp;<\/p><figure class=\"wp-block-embed is-type-video is-provider-youtube wp-block-embed-youtube wp-embed-aspect-16-9 wp-has-aspect-ratio\"><div class=\"wp-block-embed__wrapper\">\n<div class=\"cs-embed cs-embed-responsive\"><iframe title=\"Como vai funcionar a escolha da institui&ccedil;&atilde;o do ENARE 2022\/2023\" width=\"1200\" height=\"675\" src=\"https:\/\/www.youtube.com\/embed\/1IOcSEwCboQ?feature=oembed\" frameborder=\"0\" allow=\"accelerometer; autoplay; clipboard-write; encrypted-media; gyroscope; picture-in-picture; web-share\" allowfullscreen><\/iframe><\/div>\n<\/div><\/figure><h2 class=\"wp-block-heading\" id=\"h-nota-de-corte-enare\"><span class=\"ez-toc-section\" id=\"Nota-de-Corte-Enare\"><\/span>Nota de Corte Enare<span class=\"ez-toc-section-end\"><\/span><\/h2><p class=\"wp-block-paragraph\">Como uma amostra das notas de corte do &uacute;ltimo Enare, que previa ingresso dos residentes em 2023, trouxemos a nota de corte da&nbsp;<strong>Universidade Federal de Minas Gerais<\/strong>, uma das participantes do Enare e uma das mais concorridas.<\/p><p class=\"wp-block-paragraph\">Se o seu foco n&atilde;o &eacute; a UFMG ou se voc&ecirc; quer saber a nota de corte das demais institui&ccedil;&otilde;es do Enare,&nbsp;<a href=\"https:\/\/med.estrategia.com\/portal\/residencia-medica\/nota-de-corte-enare\/\" target=\"_blank\">confira ent&atilde;o o texto exclusivo que fizemos com a rela&ccedil;&atilde;o completa das &uacute;ltimas notas de corte.<\/a>&nbsp;Caso a UFMG esteja entre as suas possibilidades, veja abaixo a nota de corte:<\/p><figure class=\"wp-block-table\"><table class=\"has-fixed-layout\"><thead><tr><th>PROGRAMA<\/th><th class=\"has-text-align-center\" data-align=\"center\">NOTA DE CORTE 2023<\/th><\/tr><\/thead><tbody><tr><td>ANESTESIOLOGIA<\/td><td class=\"has-text-align-center\" data-align=\"center\">873.00<\/td><\/tr><tr><td>CIRURGIA CARDIOVASCULAR<\/td><td class=\"has-text-align-center\" data-align=\"center\">792.00<\/td><\/tr><tr><td>CIRURGIA GERAL<\/td><td class=\"has-text-align-center\" data-align=\"center\">840.00<\/td><\/tr><tr><td><span id=\"urn:enhancement-7a5f13ea-2622-4c0b-85d8-0ebc2a3cb700\" class=\"textannotation disambiguated wl-thing\" itemid=\"https:\/\/data.wordlift.io\/wl106637\/entity\/clinica_medica\">CL&Iacute;NICA M&Eacute;DICA<\/span><\/td><td class=\"has-text-align-center\" data-align=\"center\">862.00<\/td><\/tr><tr><td>DERMATOLOGIA<\/td><td class=\"has-text-align-center\" data-align=\"center\">884.00<\/td><\/tr><tr><td>GEN&Eacute;TICA M&Eacute;DICA<\/td><td class=\"has-text-align-center\" data-align=\"center\">690.00<\/td><\/tr><tr><td><span id=\"urn:enhancement-d7fa70c4-f603-4889-b28e-6a53fd0a20a7\" class=\"textannotation disambiguated wl-thing\" itemid=\"https:\/\/data.wordlift.io\/wl106637\/entity\/ginecologia-e-obstetricia\">GINECOLOGIA E OBSTETR&Iacute;CIA<\/span><\/td><td class=\"has-text-align-center\" data-align=\"center\">837.00<\/td><\/tr><tr><td>INFECTOLOGIA<\/td><td class=\"has-text-align-center\" data-align=\"center\">787.00<\/td><\/tr><tr><td>MEDICINA DE EMERG&Ecirc;NCIA<\/td><td class=\"has-text-align-center\" data-align=\"center\">776.00<\/td><\/tr><tr><td><span id=\"urn:enhancement-2bbcab37-9fc9-425c-8b4c-3c08f29a5f1a\" class=\"textannotation disambiguated wl-thing\" itemid=\"https:\/\/data.wordlift.io\/wl106637\/entity\/medicina-de-familia-e-comunidade\">MEDICINA DE FAM&Iacute;LIA E COMUNIDADE<\/span><\/td><td class=\"has-text-align-center\" data-align=\"center\">638.00<\/td><\/tr><tr><td>MEDICINA DO TRABALHO<\/td><td class=\"has-text-align-center\" data-align=\"center\">687.00<\/td><\/tr><tr><td>MEDICINA INTENSIVA<\/td><td class=\"has-text-align-center\" data-align=\"center\">760.00<\/td><\/tr><tr><td>MEDICINA NUCLEAR<\/td><td class=\"has-text-align-center\" data-align=\"center\">573.00<\/td><\/tr><tr><td>NEUROCIRURGIA<\/td><td class=\"has-text-align-center\" data-align=\"center\">878.90<\/td><\/tr><tr><td>NEUROLOGIA<\/td><td class=\"has-text-align-center\" data-align=\"center\">863.00<\/td><\/tr><tr><td>OFTALMOLOGIA<\/td><td class=\"has-text-align-center\" data-align=\"center\">873.00<\/td><\/tr><tr><td>ORTOPEDIA E TRAUMATOLOGIA<\/td><td class=\"has-text-align-center\" data-align=\"center\">813.00<\/td><\/tr><tr><td>OTORRINOLARINGOLOGIA<\/td><td class=\"has-text-align-center\" data-align=\"center\">874.00<\/td><\/tr><tr><td>PATOLOGIA<\/td><td class=\"has-text-align-center\" data-align=\"center\">755.00<\/td><\/tr><tr><td>PATOLOGIA CL&Iacute;NICA\/MEDICINA LABORATORIAL<\/td><td class=\"has-text-align-center\" data-align=\"center\">738.00<\/td><\/tr><tr><td>PEDIATRIA<\/td><td class=\"has-text-align-center\" data-align=\"center\">748.00<\/td><\/tr><tr><td>PSIQUIATRIA<\/td><td class=\"has-text-align-center\" data-align=\"center\">845.00<\/td><\/tr><tr><td>RADIOLOGIA E DIAGN&Oacute;STICO POR IMAGEM<\/td><td class=\"has-text-align-center\" data-align=\"center\">821.00<\/td><\/tr><\/tbody><\/table><figcaption class=\"wp-element-caption\">A nota de corte equivale &agrave; pontua&ccedil;&atilde;o final obtida pelos &uacute;ltimos candidatos aprovados por especialidade na primeira chamada do processo 2023 <\/figcaption><\/figure><h2 class=\"wp-block-heading\"><span class=\"ez-toc-section\" id=\"Saiba-como-foi-a-ultima-edicao-do-ENARE\"><\/span>Saiba como foi a &uacute;ltima edi&ccedil;&atilde;o do ENARE<span class=\"ez-toc-section-end\"><\/span><\/h2><p class=\"wp-block-paragraph\">A &uacute;ltima edi&ccedil;&atilde;o do Enare, que compreendia o ingresso dos residentes em 2023, teve seu edital divulgado no dia <strong>23 de agosto de 2022<\/strong>, no <a href=\"https:\/\/enare.ebserh.gov.br\/\" target=\"_blank\">site oficial<\/a>. Confira o arquivo completo:<\/p><div class=\"wp-block-buttons is-horizontal is-content-justification-center is-layout-flex wp-container-core-buttons-is-layout-7d812b4c wp-block-buttons-is-layout-flex\">\n<div class=\"wp-block-button\"><a class=\"wp-block-button__link has-light-green-cyan-to-vivid-green-cyan-gradient-background has-background wp-element-button\" href=\"https:\/\/med.estrategia.com\/portal\/wp-content\/uploads\/2022\/12\/ed_abert_med_enare22_retif.pdf\" target=\"_blank\">Edital ENARE 2022\/2023<\/a><\/div>\n<\/div><p class=\"wp-block-paragraph\">Tamb&eacute;m acompanhe o evento exclusivo que o <span id=\"urn:enhancement-5baf4f11-d37b-4b08-b35d-e701c3462c1f\" class=\"textannotation disambiguated wl-organization\" itemid=\"https:\/\/data.wordlift.io\/wl106637\/entity\/estrategia_med\">Estrat&eacute;gia MED<\/span> preparou com o <strong>edital explicado em detalhes e com dicas para a prova<\/strong>! Confira:<\/p><figure class=\"wp-block-embed is-type-video is-provider-youtube wp-block-embed-youtube wp-embed-aspect-16-9 wp-has-aspect-ratio\"><div class=\"wp-block-embed__wrapper\">\n<div class=\"cs-embed cs-embed-responsive\"><iframe title=\"Edital e Dicas ENARE 2022\/2023: Saiba tudo!\" width=\"1200\" height=\"675\" src=\"https:\/\/www.youtube.com\/embed\/y7xaHR6FH7I?feature=oembed\" frameborder=\"0\" allow=\"accelerometer; autoplay; clipboard-write; encrypted-media; gyroscope; picture-in-picture; web-share\" allowfullscreen><\/iframe><\/div>\n<\/div><\/figure><h3 class=\"wp-block-heading\"><span class=\"ez-toc-section\" id=\"Cronograma-Enare-2023\"><\/span>Cronograma Enare 2023<span class=\"ez-toc-section-end\"><\/span><\/h3><ul class=\"wp-block-list\">\n<li><strong>Ades&atilde;o das institui&ccedil;&otilde;es:&nbsp;<\/strong>20\/07 a 11\/08\/2022;<\/li>\n\n\n\n<li><strong>Publica&ccedil;&atilde;o do Edital:<\/strong>&nbsp;23\/08\/2022;<\/li>\n\n\n\n<li><strong>Per&iacute;odo para Solicita&ccedil;&atilde;o de Isen&ccedil;&atilde;o:<\/strong> 12 a 15\/09;<\/li>\n\n\n\n<li><strong>Per&iacute;odo de Inscri&ccedil;&atilde;o para os Candidatos:&nbsp;<\/strong>12\/09 a 03\/10\/2022;<\/li>\n\n\n\n<li><strong>Envio dos documentos para an&aacute;lise curricular:&nbsp;<\/strong>15\/09 a 10\/10\/2022;<\/li>\n\n\n\n<li><strong>Divulga&ccedil;&atilde;o do hor&aacute;rio e local do exame:<\/strong> 21\/10\/2022;<\/li>\n\n\n\n<li><strong>1&ordf; Etapa (Prova Objetiva):<\/strong>&nbsp;06\/11\/2022;<\/li>\n\n\n\n<li><strong>Gabarito Preliminar:<\/strong> 06\/11\/2022;<\/li>\n\n\n\n<li><strong>Per&iacute;odo de recursos contra gabarito:<\/strong> 07 e 08\/11\/2022;<\/li>\n\n\n\n<li><strong>Resultado dos recursos e Resultado preliminar da 1&ordf; Etapa:<\/strong> 05\/12\/2022;<\/li>\n\n\n\n<li><strong>Recursos contra resultado preliminar:<\/strong> 06 e 07\/12\/2022;<\/li>\n\n\n\n<li><strong>Resultado final da 1&ordf; Etapa:&nbsp;<\/strong>19\/12\/2022;<\/li>\n\n\n\n<li><strong>Gabarito Definitivo:<\/strong>&nbsp;19\/12\/2022;<\/li>\n\n\n\n<li><strong>Resultado preliminar da an&aacute;lise curricular (2&ordf; Etapa):&nbsp;<\/strong>19\/12\/2022;<\/li>\n\n\n\n<li><strong>Recursos contra resultado preliminar da 2&ordf; Etapa:<\/strong> 20 e 21\/12\/2022;<\/li>\n\n\n\n<li><strong>Resultado final da an&aacute;lise curricular:<\/strong>&nbsp;27\/12\/2022;<\/li>\n\n\n\n<li><strong>Nota final e classifica&ccedil;&atilde;o geral dos candidatos:<\/strong>&nbsp;28\/12\/2022;<\/li>\n\n\n\n<li><strong>Escolha das vagas &ndash; 1&ordf; oportunidade:&nbsp;<\/strong>23\/01 a 26\/01\/2023;<\/li>\n\n\n\n<li><strong>Resultado 1&ordf; oportunidade:<\/strong> 27\/01\/2023;<\/li>\n\n\n\n<li><strong>Escolha das vagas &ndash; 2&ordf; oportunidade:<\/strong> 28\/01 a 30\/01\/2023;<\/li>\n\n\n\n<li><strong>Resultado 2&ordf; oportunidade: <\/strong>31\/01\/2023;<\/li>\n\n\n\n<li><strong>Escolha das vagas &ndash; 3&ordf; oportunidade: <\/strong>01\/02 e 02\/02\/2023; e<\/li>\n\n\n\n<li><strong>Resultado 3&ordf; oportunidade: <\/strong>03\/02\/2023.<\/li>\n<\/ul><div class=\"wp-block-buttons is-horizontal is-content-justification-center is-layout-flex wp-container-core-buttons-is-layout-7d812b4c wp-block-buttons-is-layout-flex\"><\/div><h3 class=\"wp-block-heading\"><span class=\"ez-toc-section\" id=\"Vagas-ENARE-por-especialidade\"><\/span>Vagas <meta charset=\"utf-8\">ENARE por especialidade<span class=\"ez-toc-section-end\"><\/span><\/h3><p class=\"wp-block-paragraph\">Confira abaixo quais foram as especialidades e vagas de <span id=\"urn:enhancement-c1808d8a-f7ee-4321-81cc-010debd7e7b6\" class=\"textannotation disambiguated wl-thing wl-no-link\" itemid=\"https:\/\/data.wordlift.io\/wl106637\/entity\/residencia-medica\">Resid&ecirc;ncia M&eacute;dica<\/span> ofertadas no <span id=\"urn:enhancement-795a09b5-7382-4880-b32b-4413248be394\" class=\"textannotation disambiguated wl-thing wl-no-link\" itemid=\"https:\/\/data.wordlift.io\/wl106637\/entity\/enare\">ENARE<\/span> 2022\/2023. Foram <strong>2.671 vagas ao todo<\/strong> distribu&iacute;das entre especialidades de Acesso Direto e com Pr&eacute;-Requisito, al&eacute;m de &Aacute;reas de Atua&ccedil;&atilde;o e Anos Adicionais. Destas, <strong>1.848 vagas <\/strong>foram<strong> apenas de ingresso direto<\/strong>, confira a distribui&ccedil;&atilde;o:<\/p><figure class=\"wp-block-table is-style-stripes\"><table><thead><tr><th> Programas de Acesso Direto<\/th><th class=\"has-text-align-center\" data-align=\"center\"> <strong>Vagas<\/strong> <\/th><th class=\"has-text-align-center\" data-align=\"center\"> <strong>Vagas Reservadas<\/strong> <\/th><\/tr><\/thead><tbody><tr><td>Acupuntura<\/td><td class=\"has-text-align-center\" data-align=\"center\">6<\/td><td class=\"has-text-align-center\" data-align=\"center\">0<\/td><\/tr><tr><td>Anatomia Patol&oacute;gica<\/td><td class=\"has-text-align-center\" data-align=\"center\">1<\/td><td class=\"has-text-align-center\" data-align=\"center\">0<\/td><\/tr><tr><td><span id=\"urn:enhancement-ef0a4cfd-0988-4250-a98e-2faf8f93fba0\" class=\"textannotation disambiguated wl-thing\" itemid=\"https:\/\/data.wordlift.io\/wl106637\/entity\/anestesiologia\">Anestesiologia<\/span><\/td><td class=\"has-text-align-center\" data-align=\"center\">96<\/td><td class=\"has-text-align-center\" data-align=\"center\">9<\/td><\/tr><tr><td>Cirurgia Cardiovascular<\/td><td class=\"has-text-align-center\" data-align=\"center\">4<\/td><td class=\"has-text-align-center\" data-align=\"center\">1<\/td><\/tr><tr><td><span id=\"urn:enhancement-2306f97d-1624-4061-a057-6e598e46f1b6\" class=\"textannotation disambiguated wl-thing\" itemid=\"https:\/\/data.wordlift.io\/wl106637\/entity\/cirurgia-geral\">Cirurgia Geral<\/span><\/td><td class=\"has-text-align-center\" data-align=\"center\">132<\/td><td class=\"has-text-align-center\" data-align=\"center\">9<\/td><\/tr><tr><td><span id=\"urn:enhancement-99f0330b-dc77-41a6-9cfd-dafdf52ab717\" class=\"textannotation disambiguated wl-thing\" itemid=\"https:\/\/data.wordlift.io\/wl106637\/entity\/clinica_medica\">Cl&iacute;nica M&eacute;dica<\/span><\/td><td class=\"has-text-align-center\" data-align=\"center\">340<\/td><td class=\"has-text-align-center\" data-align=\"center\">26<\/td><\/tr><tr><td><span id=\"urn:enhancement-f5210822-f38b-477c-bb60-f3f25ade7759\" class=\"textannotation disambiguated wl-thing\" itemid=\"https:\/\/data.wordlift.io\/wl106637\/entity\/dermatologia\">Dermatologia<\/span><\/td><td class=\"has-text-align-center\" data-align=\"center\">59<\/td><td class=\"has-text-align-center\" data-align=\"center\">1<\/td><\/tr><tr><td>Gen&eacute;tica <span id=\"urn:enhancement-ff26c4de-1fd6-45c2-8971-9f10dc243fc9\" class=\"textannotation disambiguated wl-thing\" itemid=\"https:\/\/data.wordlift.io\/wl106637\/entity\/medicos\">M&eacute;dica<\/span><\/td><td class=\"has-text-align-center\" data-align=\"center\">4<\/td><td class=\"has-text-align-center\" data-align=\"center\">0<\/td><\/tr><tr><td><span id=\"urn:enhancement-8c1e7f50-5fe7-4e11-a45a-54c443954560\" class=\"textannotation disambiguated wl-thing\" itemid=\"https:\/\/data.wordlift.io\/wl106637\/entity\/ginecologica\">Ginecologia<\/span> e <span id=\"urn:enhancement-f1ef88cf-03f3-49aa-9031-10f2802c622f\" class=\"textannotation disambiguated wl-thing\" itemid=\"https:\/\/data.wordlift.io\/wl106637\/entity\/obstetricia\">Obstetr&iacute;cia<\/span><\/td><td class=\"has-text-align-center\" data-align=\"center\">180<\/td><td class=\"has-text-align-center\" data-align=\"center\">4<\/td><\/tr><tr><td><span id=\"urn:enhancement-7c9b2eb4-004a-4504-853f-db9f0ed6a78d\" class=\"textannotation disambiguated wl-thing\" itemid=\"https:\/\/data.wordlift.io\/wl106637\/entity\/homeopatia\">Homeopatia<\/span><\/td><td class=\"has-text-align-center\" data-align=\"center\">4<\/td><td class=\"has-text-align-center\" data-align=\"center\">0<\/td><\/tr><tr><td>Infectologia<\/td><td class=\"has-text-align-center\" data-align=\"center\">46<\/td><td class=\"has-text-align-center\" data-align=\"center\">1<\/td><\/tr><tr><td>Medicina De Emerg&ecirc;ncia<\/td><td class=\"has-text-align-center\" data-align=\"center\">22<\/td><td class=\"has-text-align-center\" data-align=\"center\">1<\/td><\/tr><tr><td><span id=\"urn:enhancement-4c224eb1-9886-45b5-aa29-dc909341d5f5\" class=\"textannotation disambiguated wl-thing\" itemid=\"https:\/\/data.wordlift.io\/wl106637\/entity\/medicina-de-familia-e-comunidade\">Medicina De Fam&iacute;lia e Comunidade<\/span><\/td><td class=\"has-text-align-center\" data-align=\"center\">259<\/td><td class=\"has-text-align-center\" data-align=\"center\">6<\/td><\/tr><tr><td>Medicina Do Trabalho<\/td><td class=\"has-text-align-center\" data-align=\"center\">4<\/td><td class=\"has-text-align-center\" data-align=\"center\">0<\/td><\/tr><tr><td><span id=\"urn:enhancement-1e2b9d9c-3727-4036-a537-a940142fd6de\" class=\"textannotation disambiguated wl-thing\" itemid=\"https:\/\/data.wordlift.io\/wl106637\/entity\/medicina-do-trafego\">Medicina Do Tr&aacute;fego<\/span><\/td><td class=\"has-text-align-center\" data-align=\"center\">2<\/td><td class=\"has-text-align-center\" data-align=\"center\">0<\/td><\/tr><tr><td>Medicina Intensiva<\/td><td class=\"has-text-align-center\" data-align=\"center\">50<\/td><td class=\"has-text-align-center\" data-align=\"center\">2<\/td><\/tr><tr><td>Medicina Nuclear<\/td><td class=\"has-text-align-center\" data-align=\"center\">5<\/td><td class=\"has-text-align-center\" data-align=\"center\">0<\/td><\/tr><tr><td>Medicina Preventiva E Social<\/td><td class=\"has-text-align-center\" data-align=\"center\">2<\/td><td class=\"has-text-align-center\" data-align=\"center\">0<\/td><\/tr><tr><td>Neurocirurgia<\/td><td class=\"has-text-align-center\" data-align=\"center\">13<\/td><td class=\"has-text-align-center\" data-align=\"center\">1<\/td><\/tr><tr><td>Neurologia<\/td><td class=\"has-text-align-center\" data-align=\"center\">39<\/td><td class=\"has-text-align-center\" data-align=\"center\">3<\/td><\/tr><tr><td><span id=\"urn:enhancement-592a7414-7e61-47ab-b7d1-340af9a3d3da\" class=\"textannotation disambiguated wl-thing\" itemid=\"https:\/\/data.wordlift.io\/wl106637\/entity\/oftalmologia\">Oftalmologia<\/span><\/td><td class=\"has-text-align-center\" data-align=\"center\">53<\/td><td class=\"has-text-align-center\" data-align=\"center\">5<\/td><\/tr><tr><td>Ortopedia E Traumatologia<\/td><td class=\"has-text-align-center\" data-align=\"center\">78<\/td><td class=\"has-text-align-center\" data-align=\"center\">8<\/td><\/tr><tr><td><span id=\"urn:enhancement-d7a741b0-1b37-4176-ae27-7317c31c2686\" class=\"textannotation disambiguated wl-thing\" itemid=\"https:\/\/data.wordlift.io\/wl106637\/entity\/otorrinolaringologia\">Otorrinolaringologia<\/span><\/td><td class=\"has-text-align-center\" data-align=\"center\">28<\/td><td class=\"has-text-align-center\" data-align=\"center\">0<\/td><\/tr><tr><td>Patologia<\/td><td class=\"has-text-align-center\" data-align=\"center\">21<\/td><td class=\"has-text-align-center\" data-align=\"center\">1<\/td><\/tr><tr><td>Patologia Cl&iacute;nica\/Medicina Laboratorial<\/td><td class=\"has-text-align-center\" data-align=\"center\">3<\/td><td class=\"has-text-align-center\" data-align=\"center\">0<\/td><\/tr><tr><td><span id=\"urn:enhancement-50d4d89d-8914-4eed-b497-67c6e79ca8fe\" class=\"textannotation disambiguated wl-thing\" itemid=\"https:\/\/data.wordlift.io\/wl106637\/entity\/pediatria\">Pediatria<\/span><\/td><td class=\"has-text-align-center\" data-align=\"center\">250<\/td><td class=\"has-text-align-center\" data-align=\"center\">9<\/td><\/tr><tr><td>Psiquiatria<\/td><td class=\"has-text-align-center\" data-align=\"center\">85<\/td><td class=\"has-text-align-center\" data-align=\"center\">0<\/td><\/tr><tr><td>Radiologia e Diagn&oacute;stico Por Imagem<\/td><td class=\"has-text-align-center\" data-align=\"center\">60<\/td><td class=\"has-text-align-center\" data-align=\"center\">1<\/td><\/tr><tr><td><span id=\"urn:enhancement-58841385-39e2-4c0d-8ccd-1a8caee548b0\" class=\"textannotation disambiguated wl-thing\" itemid=\"https:\/\/data.wordlift.io\/wl106637\/entity\/radioterapia\">Radioterapia<\/span><\/td><td class=\"has-text-align-center\" data-align=\"center\">2<\/td><td class=\"has-text-align-center\" data-align=\"center\">1<\/td><\/tr><\/tbody><\/table><\/figure><div class=\"wp-block-buttons is-horizontal is-content-justification-center is-layout-flex wp-container-core-buttons-is-layout-7d812b4c wp-block-buttons-is-layout-flex\">\n<div class=\"wp-block-button\"><a class=\"wp-block-button__link wp-element-button\" href=\"https:\/\/med.estrategia.com\/portal\/wp-content\/uploads\/2022\/08\/anexoI_acessodireto_enare22.pdf\" target=\"_blank\">Distribui&ccedil;&atilde;o de Vagas &ndash; Acesso Direto<\/a><\/div>\n<\/div><figure class=\"wp-block-table is-style-stripes\"><table><thead><tr><th> Programas com Pr&eacute;-Requisito<\/th><th class=\"has-text-align-center\" data-align=\"center\"> <strong>Vagas<\/strong> <\/th><th class=\"has-text-align-center\" data-align=\"center\"> <strong>Vagas Reservadas<\/strong> <\/th><\/tr><\/thead><tbody><tr><td>Alergia e Imunologia<\/td><td class=\"has-text-align-center\" data-align=\"center\">2<\/td><td class=\"has-text-align-center\" data-align=\"center\">0<\/td><\/tr><tr><td><span id=\"urn:enhancement-61e7aebf-4e63-4080-aced-97987a0eaa52\" class=\"textannotation disambiguated wl-thing\" itemid=\"https:\/\/data.wordlift.io\/wl106637\/entity\/cardiologia\">Cardiologia<\/span><\/td><td class=\"has-text-align-center\" data-align=\"center\">73<\/td><td class=\"has-text-align-center\" data-align=\"center\">0<\/td><\/tr><tr><td>Cirurgia Da M&atilde;o<\/td><td class=\"has-text-align-center\" data-align=\"center\">7<\/td><td class=\"has-text-align-center\" data-align=\"center\">0<\/td><\/tr><tr><td><span id=\"urn:enhancement-1c4c0728-8aea-4ea8-b46c-df7adf7a9cc9\" class=\"textannotation disambiguated wl-thing\" itemid=\"https:\/\/data.wordlift.io\/wl106637\/entity\/cirurgia-de-cabeca-e-pescoco\">Cirurgia De Cabe&ccedil;a e Pesco&ccedil;o<\/span><\/td><td class=\"has-text-align-center\" data-align=\"center\">2<\/td><td class=\"has-text-align-center\" data-align=\"center\">1<\/td><\/tr><tr><td><span id=\"urn:enhancement-f2ea7be1-4cec-4e69-af17-6f601b86b92a\" class=\"textannotation disambiguated wl-thing\" itemid=\"https:\/\/data.wordlift.io\/wl106637\/entity\/cirurgia-do-aparelho-digestivo\">Cirurgia Do Aparelho Digestivo<\/span><\/td><td class=\"has-text-align-center\" data-align=\"center\">19<\/td><td class=\"has-text-align-center\" data-align=\"center\">0<\/td><\/tr><tr><td>Cirurgia Oncol&oacute;gica<\/td><td class=\"has-text-align-center\" data-align=\"center\">7<\/td><td class=\"has-text-align-center\" data-align=\"center\">1<\/td><\/tr><tr><td>Cirurgia <span id=\"urn:enhancement-40d085e4-4c22-42a7-b417-37005592e2bb\" class=\"textannotation disambiguated wl-thing\" itemid=\"https:\/\/data.wordlift.io\/wl106637\/entity\/pediatria\">Pedi&aacute;trica<\/span><\/td><td class=\"has-text-align-center\" data-align=\"center\">10<\/td><td class=\"has-text-align-center\" data-align=\"center\">0<\/td><\/tr><tr><td>Cirurgia Pl&aacute;stica<\/td><td class=\"has-text-align-center\" data-align=\"center\">29<\/td><td class=\"has-text-align-center\" data-align=\"center\">1<\/td><\/tr><tr><td>Cirurgia Tor&aacute;cica<\/td><td class=\"has-text-align-center\" data-align=\"center\">5<\/td><td class=\"has-text-align-center\" data-align=\"center\">0<\/td><\/tr><tr><td><span id=\"urn:enhancement-afa7d2b8-b6ae-4e28-9222-7fb7c89171a3\" class=\"textannotation disambiguated wl-thing\" itemid=\"https:\/\/data.wordlift.io\/wl106637\/entity\/cirurgia-vascular\">Cirurgia Vascular<\/span><\/td><td class=\"has-text-align-center\" data-align=\"center\">26<\/td><td class=\"has-text-align-center\" data-align=\"center\">0<\/td><\/tr><tr><td><span id=\"urn:enhancement-fc234faa-98fe-4a1c-9e39-4dd354e34b33\" class=\"textannotation disambiguated wl-thing\" itemid=\"https:\/\/data.wordlift.io\/wl106637\/entity\/coloproctologia\">Coloproctologia<\/span><\/td><td class=\"has-text-align-center\" data-align=\"center\">14<\/td><td class=\"has-text-align-center\" data-align=\"center\">1<\/td><\/tr><tr><td><span id=\"urn:enhancement-7ab675ba-fa3c-41c1-aa66-99afbeb5c101\" class=\"textannotation disambiguated wl-thing\" itemid=\"https:\/\/data.wordlift.io\/wl106637\/entity\/endocrinologia-e-metabologia\">Endocrinologia E Metabologia<\/span><\/td><td class=\"has-text-align-center\" data-align=\"center\">47<\/td><td class=\"has-text-align-center\" data-align=\"center\">0<\/td><\/tr><tr><td>Endoscopia<\/td><td class=\"has-text-align-center\" data-align=\"center\">8<\/td><td class=\"has-text-align-center\" data-align=\"center\">1<\/td><\/tr><tr><td><span id=\"urn:enhancement-14620e18-25be-4c00-ad27-333aa2063a8f\" class=\"textannotation disambiguated wl-creative-work\" itemid=\"https:\/\/data.wordlift.io\/wl106637\/entity\/gastroenterologia\">Gastroenterologia<\/span><\/td><td class=\"has-text-align-center\" data-align=\"center\">34<\/td><td class=\"has-text-align-center\" data-align=\"center\">0<\/td><\/tr><tr><td><span id=\"urn:enhancement-4b409795-e920-4a72-b89a-bff85b155325\" class=\"textannotation disambiguated wl-thing\" itemid=\"https:\/\/data.wordlift.io\/wl106637\/entity\/geriatria\">Geriatria<\/span><\/td><td class=\"has-text-align-center\" data-align=\"center\">24<\/td><td class=\"has-text-align-center\" data-align=\"center\">1<\/td><\/tr><tr><td>Hematologia E Hemoterapia<\/td><td class=\"has-text-align-center\" data-align=\"center\">13<\/td><td class=\"has-text-align-center\" data-align=\"center\">0<\/td><\/tr><tr><td>Mastologia<\/td><td class=\"has-text-align-center\" data-align=\"center\">13<\/td><td class=\"has-text-align-center\" data-align=\"center\">1<\/td><\/tr><tr><td>Nefrologia<\/td><td class=\"has-text-align-center\" data-align=\"center\">33<\/td><td class=\"has-text-align-center\" data-align=\"center\">0<\/td><\/tr><tr><td>Oncologia Cl&iacute;nica<\/td><td class=\"has-text-align-center\" data-align=\"center\">16<\/td><td class=\"has-text-align-center\" data-align=\"center\">1<\/td><\/tr><tr><td><span id=\"urn:enhancement-32126769-91d6-443e-9100-c3d7520d240b\" class=\"textannotation disambiguated wl-thing\" itemid=\"https:\/\/data.wordlift.io\/wl106637\/entity\/pneumologia\">Pneumologia<\/span><\/td><td class=\"has-text-align-center\" data-align=\"center\">25<\/td><td class=\"has-text-align-center\" data-align=\"center\">0<\/td><\/tr><tr><td><span id=\"urn:enhancement-6965777f-80ac-4374-ab01-85cc3264d289\" class=\"textannotation disambiguated wl-thing\" itemid=\"https:\/\/data.wordlift.io\/wl106637\/entity\/reumatologia\">Reumatologia<\/span><\/td><td class=\"has-text-align-center\" data-align=\"center\">33<\/td><td class=\"has-text-align-center\" data-align=\"center\">0<\/td><\/tr><tr><td>Transplante de Medula &Oacute;ssea Pedi&aacute;trico<\/td><td class=\"has-text-align-center\" data-align=\"center\">2<\/td><td class=\"has-text-align-center\" data-align=\"center\">0<\/td><\/tr><tr><td><span id=\"urn:enhancement-f5fb9c09-552a-4107-9f40-abac8458f903\" class=\"textannotation disambiguated wl-creative-work\" itemid=\"https:\/\/data.wordlift.io\/wl106637\/entity\/urologia\">Urologia<\/span><\/td><td class=\"has-text-align-center\" data-align=\"center\">34<\/td><td class=\"has-text-align-center\" data-align=\"center\">0<\/td><\/tr><\/tbody><\/table><\/figure><div class=\"wp-block-buttons is-horizontal is-content-justification-center is-layout-flex wp-container-core-buttons-is-layout-7d812b4c wp-block-buttons-is-layout-flex\">\n<div class=\"wp-block-button\"><a class=\"wp-block-button__link wp-element-button\" href=\"https:\/\/med.estrategia.com\/portal\/wp-content\/uploads\/2022\/08\/anexoII_prerequisito_enare22.pdf\" target=\"_blank\">Distribui&ccedil;&atilde;o de Vagas &ndash; Pr&eacute;-Requisito<\/a><\/div>\n<\/div><figure class=\"wp-block-table is-style-stripes\"><table><thead><tr><th><strong>Programa de Anos Adicionais<\/strong><\/th><th class=\"has-text-align-center\" data-align=\"center\">Vagas<\/th><th class=\"has-text-align-center\" data-align=\"center\">Vagas Reservadas<\/th><\/tr><\/thead><tbody><tr><td>Cirurgia Pl&aacute;stica<\/td><td class=\"has-text-align-center\" data-align=\"center\">2<\/td><td class=\"has-text-align-center\" data-align=\"center\">0<\/td><\/tr><tr><td>Cirurgia Tor&aacute;cica<\/td><td class=\"has-text-align-center\" data-align=\"center\">1<\/td><td class=\"has-text-align-center\" data-align=\"center\">0<\/td><\/tr><tr><td>Cirurgia Tor&aacute;cica R3 &ndash; Endoscopia Respirat&oacute;ria<\/td><td class=\"has-text-align-center\" data-align=\"center\">1<\/td><td class=\"has-text-align-center\" data-align=\"center\">0<\/td><\/tr><tr><td><span id=\"urn:enhancement-fb898620-2a2f-4eac-b575-65e05704aba2\" class=\"textannotation disambiguated wl-thing\" itemid=\"https:\/\/data.wordlift.io\/wl106637\/entity\/clinica_medica\">Cl&iacute;nica M&eacute;dica<\/span><\/td><td class=\"has-text-align-center\" data-align=\"center\">8<\/td><td class=\"has-text-align-center\" data-align=\"center\">0<\/td><\/tr><tr><td>Ecocardiografia R3<\/td><td class=\"has-text-align-center\" data-align=\"center\">2<\/td><td class=\"has-text-align-center\" data-align=\"center\">0<\/td><\/tr><tr><td><span id=\"urn:enhancement-40db25d8-642f-4249-95a1-89c5045ba658\" class=\"textannotation disambiguated wl-thing\" itemid=\"https:\/\/data.wordlift.io\/wl106637\/entity\/ginecologica\">Ginecologia<\/span> e <span id=\"urn:enhancement-ff513589-21aa-413c-bc00-76385594999d\" class=\"textannotation disambiguated wl-thing\" itemid=\"https:\/\/data.wordlift.io\/wl106637\/entity\/obstetricia\">Obstetr&iacute;cia<\/span> R4<\/td><td class=\"has-text-align-center\" data-align=\"center\">1<\/td><td class=\"has-text-align-center\" data-align=\"center\">0<\/td><\/tr><tr><td><span id=\"urn:enhancement-55234d64-1d40-4595-ab1e-d0e353a93159\" class=\"textannotation disambiguated wl-thing\" itemid=\"https:\/\/data.wordlift.io\/wl106637\/entity\/homeopatia\">Homeopatia<\/span> R3<\/td><td class=\"has-text-align-center\" data-align=\"center\">2<\/td><td class=\"has-text-align-center\" data-align=\"center\">0<\/td><\/tr><tr><td><span id=\"urn:enhancement-dc620cdf-c592-4490-8c72-3c42e8a84f79\" class=\"textannotation disambiguated wl-thing\" itemid=\"https:\/\/data.wordlift.io\/wl106637\/entity\/oftalmologia\">Oftalmologia<\/span> R4<\/td><td class=\"has-text-align-center\" data-align=\"center\">3<\/td><td class=\"has-text-align-center\" data-align=\"center\">0<\/td><\/tr><tr><td>Ortopedia e Traumatologia R4<\/td><td class=\"has-text-align-center\" data-align=\"center\">3<\/td><td class=\"has-text-align-center\" data-align=\"center\">0<\/td><\/tr><tr><td>Patologia R4<\/td><td class=\"has-text-align-center\" data-align=\"center\">2<\/td><td class=\"has-text-align-center\" data-align=\"center\">0<\/td><\/tr><tr><td>Radiologia e Diagn&oacute;stico por Imagem R4<\/td><td class=\"has-text-align-center\" data-align=\"center\">2<\/td><td class=\"has-text-align-center\" data-align=\"center\">0<\/td><\/tr><tr><td>Transplante de C&oacute;rnea<\/td><td class=\"has-text-align-center\" data-align=\"center\">3<\/td><td class=\"has-text-align-center\" data-align=\"center\">0<\/td><\/tr><tr><td>Transplante de Rim &ndash; <span id=\"urn:enhancement-e1b4c258-98e8-467b-8d84-55901d8afb9f\" class=\"textannotation disambiguated wl-creative-work\" itemid=\"https:\/\/data.wordlift.io\/wl106637\/entity\/urologia\">Urologia<\/span><\/td><td class=\"has-text-align-center\" data-align=\"center\">1<\/td><td class=\"has-text-align-center\" data-align=\"center\">0<\/td><\/tr><tr><td>Transplante de Rim &ndash; Nefrologia R3<\/td><td class=\"has-text-align-center\" data-align=\"center\">3<\/td><td class=\"has-text-align-center\" data-align=\"center\">0<\/td><\/tr><\/tbody><\/table><\/figure><figure class=\"wp-block-table is-style-stripes\"><table><thead><tr><th>Programas de &Aacute;reas de Atua&ccedil;&atilde;o<\/th><th class=\"has-text-align-center\" data-align=\"center\">Vagas<\/th><th class=\"has-text-align-center\" data-align=\"center\">Vagas Reservadas<\/th><\/tr><\/thead><tbody><tr><td>Administra&ccedil;&atilde;o em Sa&uacute;de<\/td><td class=\"has-text-align-center\" data-align=\"center\">2<\/td><td class=\"has-text-align-center\" data-align=\"center\">0<\/td><\/tr><tr><td>Alergia e Imunologia <span id=\"urn:enhancement-d2cbf6f1-9ed5-4e68-97f4-930bb56b51f4\" class=\"textannotation disambiguated wl-thing\" itemid=\"https:\/\/data.wordlift.io\/wl106637\/entity\/pediatria\">Pedi&aacute;trica<\/span><\/td><td class=\"has-text-align-center\" data-align=\"center\">9<\/td><td class=\"has-text-align-center\" data-align=\"center\">0<\/td><\/tr><tr><td>Angiorradiologia e Cirurgia Endovascular<\/td><td class=\"has-text-align-center\" data-align=\"center\">10<\/td><td class=\"has-text-align-center\" data-align=\"center\">0<\/td><\/tr><tr><td>Atendimento ao Queimado<\/td><td class=\"has-text-align-center\" data-align=\"center\">4<\/td><td class=\"has-text-align-center\" data-align=\"center\">0<\/td><\/tr><tr><td><span id=\"urn:enhancement-c0da3bab-b19c-40da-ac94-ac5aee762fc4\" class=\"textannotation disambiguated wl-thing\" itemid=\"https:\/\/data.wordlift.io\/wl106637\/entity\/cardiologia\">Cardiologia<\/span> <span id=\"urn:enhancement-58b771e9-c9a4-41e6-9acc-186831d529a7\" class=\"textannotation disambiguated wl-thing\" itemid=\"https:\/\/data.wordlift.io\/wl106637\/entity\/pediatria\">Pedi&aacute;trica<\/span><\/td><td class=\"has-text-align-center\" data-align=\"center\">8<\/td><td class=\"has-text-align-center\" data-align=\"center\">0<\/td><\/tr><tr><td>Cirurgia Bari&aacute;trica<\/td><td class=\"has-text-align-center\" data-align=\"center\">1<\/td><td class=\"has-text-align-center\" data-align=\"center\"><\/td><\/tr><tr><td>Cirurgia do <span id=\"urn:enhancement-84ff09ae-7c1f-46ac-9ba9-baf3efa6946e\" class=\"textannotation disambiguated wl-thing\" itemid=\"https:\/\/data.wordlift.io\/wl106637\/entity\/politraumatismo\">Trauma<\/span><\/td><td class=\"has-text-align-center\" data-align=\"center\">12<\/td><td class=\"has-text-align-center\" data-align=\"center\">0<\/td><\/tr><tr><td>Cirurgia Videolaparosc&oacute;pica<\/td><td class=\"has-text-align-center\" data-align=\"center\">3<\/td><td class=\"has-text-align-center\" data-align=\"center\">0<\/td><\/tr><tr><td>Dor<\/td><td class=\"has-text-align-center\" data-align=\"center\">4<\/td><td class=\"has-text-align-center\" data-align=\"center\">0<\/td><\/tr><tr><td>Ecocardiografia<\/td><td class=\"has-text-align-center\" data-align=\"center\">14<\/td><td class=\"has-text-align-center\" data-align=\"center\">0<\/td><\/tr><tr><td>Ecografia Vascular com Doppler<\/td><td class=\"has-text-align-center\" data-align=\"center\">2<\/td><td class=\"has-text-align-center\" data-align=\"center\">0<\/td><\/tr><tr><td>Eletrofisiologia Cl&iacute;nica Invasiva<\/td><td class=\"has-text-align-center\" data-align=\"center\">3<\/td><td class=\"has-text-align-center\" data-align=\"center\">0<\/td><\/tr><tr><td>Emerg&ecirc;ncia <span id=\"urn:enhancement-cf6ca86f-1314-4115-994b-6b2a747f3aeb\" class=\"textannotation disambiguated wl-thing\" itemid=\"https:\/\/data.wordlift.io\/wl106637\/entity\/pediatria\">Pedi&aacute;trica<\/span><\/td><td class=\"has-text-align-center\" data-align=\"center\">4<\/td><td class=\"has-text-align-center\" data-align=\"center\">0<\/td><\/tr><tr><td>Endocrinologia <span id=\"urn:enhancement-941e0e43-8941-4447-9c93-fb8702aa4647\" class=\"textannotation disambiguated wl-thing\" itemid=\"https:\/\/data.wordlift.io\/wl106637\/entity\/pediatria\">Pedi&aacute;trica<\/span><\/td><td class=\"has-text-align-center\" data-align=\"center\">15<\/td><td class=\"has-text-align-center\" data-align=\"center\">0<\/td><\/tr><tr><td>Endoscopia Digestiva<\/td><td class=\"has-text-align-center\" data-align=\"center\">12<\/td><td class=\"has-text-align-center\" data-align=\"center\">0<\/td><\/tr><tr><td>Endoscopia Ginecol&oacute;gica<\/td><td class=\"has-text-align-center\" data-align=\"center\">7<\/td><td class=\"has-text-align-center\" data-align=\"center\">0<\/td><\/tr><tr><td>Ergometria<\/td><td class=\"has-text-align-center\" data-align=\"center\">1<\/td><td class=\"has-text-align-center\" data-align=\"center\">0<\/td><\/tr><tr><td>Foniatria<\/td><td class=\"has-text-align-center\" data-align=\"center\">1<\/td><td class=\"has-text-align-center\" data-align=\"center\">0<\/td><\/tr><tr><td><span id=\"urn:enhancement-d17e687b-5940-477a-a6dc-1c5de24f1f40\" class=\"textannotation disambiguated wl-creative-work\" itemid=\"https:\/\/data.wordlift.io\/wl106637\/entity\/gastroenterologia\">Gastroenterologia<\/span> <span id=\"urn:enhancement-6777ddd3-51b8-4a89-99d5-525100da2816\" class=\"textannotation disambiguated wl-thing\" itemid=\"https:\/\/data.wordlift.io\/wl106637\/entity\/pediatria\">Pedi&aacute;trica<\/span><\/td><td class=\"has-text-align-center\" data-align=\"center\">10<\/td><td class=\"has-text-align-center\" data-align=\"center\">0<\/td><\/tr><tr><td>Hansenologia<\/td><td class=\"has-text-align-center\" data-align=\"center\">4<\/td><td class=\"has-text-align-center\" data-align=\"center\">0<\/td><\/tr><tr><td>Hematologia e Hemoterapia <span id=\"urn:enhancement-c445adb2-1234-4bf3-bb0d-5bf8f2b7ee57\" class=\"textannotation disambiguated wl-thing\" itemid=\"https:\/\/data.wordlift.io\/wl106637\/entity\/pediatria\">Pedi&aacute;trica<\/span><\/td><td class=\"has-text-align-center\" data-align=\"center\">5<\/td><td class=\"has-text-align-center\" data-align=\"center\">0<\/td><\/tr><tr><td>Hemodin&acirc;mica e <span id=\"urn:enhancement-b3712be3-183f-4f18-ad61-aedc88fec3f6\" class=\"textannotation disambiguated wl-thing\" itemid=\"https:\/\/data.wordlift.io\/wl106637\/entity\/cardiologia\">Cardiologia<\/span> Intervencionista<\/td><td class=\"has-text-align-center\" data-align=\"center\">6<\/td><td class=\"has-text-align-center\" data-align=\"center\">0<\/td><\/tr><tr><td>Hepatologia<\/td><td class=\"has-text-align-center\" data-align=\"center\">11<\/td><td class=\"has-text-align-center\" data-align=\"center\">0<\/td><\/tr><tr><td>Infectologia <span id=\"urn:enhancement-9c566b78-5aae-4ec2-ab97-426cee6cc605\" class=\"textannotation disambiguated wl-thing\" itemid=\"https:\/\/data.wordlift.io\/wl106637\/entity\/pediatria\">Pedi&aacute;trica<\/span><\/td><td class=\"has-text-align-center\" data-align=\"center\">3<\/td><td class=\"has-text-align-center\" data-align=\"center\">0<\/td><\/tr><tr><td>Medicina do Adolescente<\/td><td class=\"has-text-align-center\" data-align=\"center\">2<\/td><td class=\"has-text-align-center\" data-align=\"center\">0<\/td><\/tr><tr><td>Medicina do Sono<\/td><td class=\"has-text-align-center\" data-align=\"center\">3<\/td><td class=\"has-text-align-center\" data-align=\"center\">0<\/td><\/tr><tr><td>Medicina Fetal<\/td><td class=\"has-text-align-center\" data-align=\"center\">4<\/td><td class=\"has-text-align-center\" data-align=\"center\">0<\/td><\/tr><tr><td>Medicina Intensiva <span id=\"urn:enhancement-3a438666-3468-4d23-8d6d-5394bc3848ee\" class=\"textannotation disambiguated wl-thing\" itemid=\"https:\/\/data.wordlift.io\/wl106637\/entity\/pediatria\">Pedi&aacute;trica<\/span><\/td><td class=\"has-text-align-center\" data-align=\"center\">26<\/td><td class=\"has-text-align-center\" data-align=\"center\">0<\/td><\/tr><tr><td>Medicina Paliativa<\/td><td class=\"has-text-align-center\" data-align=\"center\">1<\/td><td class=\"has-text-align-center\" data-align=\"center\">0<\/td><\/tr><tr><td>Nefrologia <span id=\"urn:enhancement-fe9f39a7-734c-4bbe-bb2d-50eb830cdc6b\" class=\"textannotation disambiguated wl-thing\" itemid=\"https:\/\/data.wordlift.io\/wl106637\/entity\/pediatria\">Pedi&aacute;trica<\/span><\/td><td class=\"has-text-align-center\" data-align=\"center\">5<\/td><td class=\"has-text-align-center\" data-align=\"center\">0<\/td><\/tr><tr><td>Neonatalogia<\/td><td class=\"has-text-align-center\" data-align=\"center\">56<\/td><td class=\"has-text-align-center\" data-align=\"center\">0<\/td><\/tr><tr><td>Neurofisiologia Cl&iacute;nica<\/td><td class=\"has-text-align-center\" data-align=\"center\">9<\/td><td class=\"has-text-align-center\" data-align=\"center\">0<\/td><\/tr><tr><td>Neurologia <span id=\"urn:enhancement-f4c6d526-f778-466f-85ad-f3f73b17dc4b\" class=\"textannotation disambiguated wl-thing\" itemid=\"https:\/\/data.wordlift.io\/wl106637\/entity\/pediatria\">Pedi&aacute;trica<\/span><\/td><td class=\"has-text-align-center\" data-align=\"center\">11<\/td><td class=\"has-text-align-center\" data-align=\"center\">0<\/td><\/tr><tr><td>Oncologia <span id=\"urn:enhancement-10da410f-5916-48df-a4cb-6f32103f56f5\" class=\"textannotation disambiguated wl-thing\" itemid=\"https:\/\/data.wordlift.io\/wl106637\/entity\/pediatria\">Pedi&aacute;trica<\/span><\/td><td class=\"has-text-align-center\" data-align=\"center\">5<\/td><td class=\"has-text-align-center\" data-align=\"center\">1<\/td><\/tr><tr><td><span id=\"urn:enhancement-fa82d9d6-82ee-46c1-9858-4ddc8d29548f\" class=\"textannotation disambiguated wl-thing\" itemid=\"https:\/\/data.wordlift.io\/wl106637\/entity\/pneumologia\">Pneumologia<\/span> <span id=\"urn:enhancement-d634c09f-f015-4575-9782-1fca17562bf7\" class=\"textannotation disambiguated wl-thing\" itemid=\"https:\/\/data.wordlift.io\/wl106637\/entity\/pediatria\">Pedi&aacute;trica<\/span><\/td><td class=\"has-text-align-center\" data-align=\"center\">12<\/td><td class=\"has-text-align-center\" data-align=\"center\">0<\/td><\/tr><tr><td>Psicoterapia<\/td><td class=\"has-text-align-center\" data-align=\"center\">2<\/td><td class=\"has-text-align-center\" data-align=\"center\">0<\/td><\/tr><tr><td>Psiquiatria da Inf&acirc;ncia e Adolesc&ecirc;ncia<\/td><td class=\"has-text-align-center\" data-align=\"center\">14<\/td><td class=\"has-text-align-center\" data-align=\"center\">0<\/td><\/tr><tr><td>Psiquiatria Forense<\/td><td class=\"has-text-align-center\" data-align=\"center\">2<\/td><td class=\"has-text-align-center\" data-align=\"center\">0<\/td><\/tr><tr><td>Reprodu&ccedil;&atilde;o Assistida<\/td><td class=\"has-text-align-center\" data-align=\"center\">2<\/td><td class=\"has-text-align-center\" data-align=\"center\">0<\/td><\/tr><tr><td>Toxicologia <span id=\"urn:enhancement-b8f03e0c-6acd-4288-a523-759d4632956f\" class=\"textannotation disambiguated wl-thing\" itemid=\"https:\/\/data.wordlift.io\/wl106637\/entity\/medicos\">M&eacute;dica<\/span><\/td><td class=\"has-text-align-center\" data-align=\"center\">1<\/td><td class=\"has-text-align-center\" data-align=\"center\">0<\/td><\/tr><tr><td>Transplante de Medula &Oacute;ssea<\/td><td class=\"has-text-align-center\" data-align=\"center\">3<\/td><td class=\"has-text-align-center\" data-align=\"center\">0<\/td><\/tr><tr><td><span id=\"urn:enhancement-0963898b-fa5a-4295-b5c8-9f8c0b3950a6\" class=\"textannotation disambiguated wl-thing\" itemid=\"https:\/\/data.wordlift.io\/wl106637\/entity\/ultrassonografia\">Ultrassonografia<\/span> em <span id=\"urn:enhancement-055c377b-9ba4-4ff8-a2ff-30f58f195d36\" class=\"textannotation disambiguated wl-thing\" itemid=\"https:\/\/data.wordlift.io\/wl106637\/entity\/ginecologica\">Ginecologia<\/span> e <span id=\"urn:enhancement-87382c8c-6cd7-4400-8274-27b61609c05a\" class=\"textannotation disambiguated wl-thing\" itemid=\"https:\/\/data.wordlift.io\/wl106637\/entity\/obstetricia\">Obstetr&iacute;cia<\/span><\/td><td class=\"has-text-align-center\" data-align=\"center\">4<\/td><td class=\"has-text-align-center\" data-align=\"center\">0<\/td><\/tr><\/tbody><\/table><\/figure><div class=\"wp-block-buttons is-horizontal is-content-justification-center is-layout-flex wp-container-core-buttons-is-layout-7d812b4c wp-block-buttons-is-layout-flex\">\n<div class=\"wp-block-button\"><a class=\"wp-block-button__link wp-element-button\" href=\"https:\/\/med.estrategia.com\/portal\/wp-content\/uploads\/2022\/08\/anexoIII_anoadicional_areadeatuacao_enare22.pdf\" target=\"_blank\">Distribui&ccedil;&atilde;o de Vagas &ndash; Anos Adicionais e &Aacute;reas de Atua&ccedil;&atilde;o<\/a><\/div>\n<\/div><h3 class=\"wp-block-heading\"><span class=\"ez-toc-section\" id=\"Locais-de-prova-ENARE-20222023\"><\/span>Locais de prova ENARE 2022\/2023<span class=\"ez-toc-section-end\"><\/span><\/h3><p class=\"wp-block-paragraph\">Na &uacute;ltima edi&ccedil;&atilde;o, a prova da 1&ordf; etapa foi aplicada em <strong>50 cidades<\/strong> pelo Brasil, s&atilde;o elas:<\/p><figure class=\"wp-block-table is-style-stripes\"><table class=\"has-fixed-layout\"><thead><tr><th class=\"has-text-align-center\" data-align=\"center\">CIDADE<\/th><th class=\"has-text-align-center\" data-align=\"center\">ESTADO<\/th><\/tr><\/thead><tbody><tr><td class=\"has-text-align-center\" data-align=\"center\">Aracaju<\/td><td class=\"has-text-align-center\" data-align=\"center\">SE<\/td><\/tr><tr><td class=\"has-text-align-center\" data-align=\"center\">Aragua&iacute;na<\/td><td class=\"has-text-align-center\" data-align=\"center\">TO<\/td><\/tr><tr><td class=\"has-text-align-center\" data-align=\"center\">Bel&eacute;m<\/td><td class=\"has-text-align-center\" data-align=\"center\">PA<\/td><\/tr><tr><td class=\"has-text-align-center\" data-align=\"center\">Belo Horizonte<\/td><td class=\"has-text-align-center\" data-align=\"center\">MG<\/td><\/tr><tr><td class=\"has-text-align-center\" data-align=\"center\">Boa Vista<\/td><td class=\"has-text-align-center\" data-align=\"center\">RR<\/td><\/tr><tr><td class=\"has-text-align-center\" data-align=\"center\">Bras&iacute;lia<\/td><td class=\"has-text-align-center\" data-align=\"center\">DF<\/td><\/tr><tr><td class=\"has-text-align-center\" data-align=\"center\">Cachoeira de Itapemirim<\/td><td class=\"has-text-align-center\" data-align=\"center\">ES<\/td><\/tr><tr><td class=\"has-text-align-center\" data-align=\"center\">Cajazeiras<\/td><td class=\"has-text-align-center\" data-align=\"center\">PB<\/td><\/tr><tr><td class=\"has-text-align-center\" data-align=\"center\">Campina Grande<\/td><td class=\"has-text-align-center\" data-align=\"center\">PB<\/td><\/tr><tr><td class=\"has-text-align-center\" data-align=\"center\">Campinas<\/td><td class=\"has-text-align-center\" data-align=\"center\">SP<\/td><\/tr><tr><td class=\"has-text-align-center\" data-align=\"center\">Campo Grande<\/td><td class=\"has-text-align-center\" data-align=\"center\">MS<\/td><\/tr><tr><td class=\"has-text-align-center\" data-align=\"center\">Cascavel<\/td><td class=\"has-text-align-center\" data-align=\"center\">PR<\/td><\/tr><tr><td class=\"has-text-align-center\" data-align=\"center\">Crici&uacute;ma<\/td><td class=\"has-text-align-center\" data-align=\"center\">SC<\/td><\/tr><tr><td class=\"has-text-align-center\" data-align=\"center\">Cuiab&aacute;<\/td><td class=\"has-text-align-center\" data-align=\"center\">MT<\/td><\/tr><tr><td class=\"has-text-align-center\" data-align=\"center\">Curitiba<\/td><td class=\"has-text-align-center\" data-align=\"center\">PR<\/td><\/tr><tr><td class=\"has-text-align-center\" data-align=\"center\">Dourados<\/td><td class=\"has-text-align-center\" data-align=\"center\">MS<\/td><\/tr><tr><td class=\"has-text-align-center\" data-align=\"center\">Florian&oacute;polis<\/td><td class=\"has-text-align-center\" data-align=\"center\">SC<\/td><\/tr><tr><td class=\"has-text-align-center\" data-align=\"center\">Fortaleza<\/td><td class=\"has-text-align-center\" data-align=\"center\">CE<\/td><\/tr><tr><td class=\"has-text-align-center\" data-align=\"center\">Goi&acirc;nia<\/td><td class=\"has-text-align-center\" data-align=\"center\">GO<\/td><\/tr><tr><td class=\"has-text-align-center\" data-align=\"center\">Guarapuava<\/td><td class=\"has-text-align-center\" data-align=\"center\">PR<\/td><\/tr><tr><td class=\"has-text-align-center\" data-align=\"center\">Imperatriz<\/td><td class=\"has-text-align-center\" data-align=\"center\">MA<\/td><\/tr><tr><td class=\"has-text-align-center\" data-align=\"center\">Jaragu&aacute; do Sul<\/td><td class=\"has-text-align-center\" data-align=\"center\">SC<\/td><\/tr><tr><td class=\"has-text-align-center\" data-align=\"center\">Jo&atilde;o Pessoa<\/td><td class=\"has-text-align-center\" data-align=\"center\">PB<\/td><\/tr><tr><td class=\"has-text-align-center\" data-align=\"center\">Juiz de Fora<\/td><td class=\"has-text-align-center\" data-align=\"center\">MG<\/td><\/tr><tr><td class=\"has-text-align-center\" data-align=\"center\">Londrina<\/td><td class=\"has-text-align-center\" data-align=\"center\">PR<\/td><\/tr><tr><td class=\"has-text-align-center\" data-align=\"center\">Macap&aacute;<\/td><td class=\"has-text-align-center\" data-align=\"center\">AP<\/td><\/tr><tr><td class=\"has-text-align-center\" data-align=\"center\">Macei&oacute;<\/td><td class=\"has-text-align-center\" data-align=\"center\">AL<\/td><\/tr><tr><td class=\"has-text-align-center\" data-align=\"center\">Manaus<\/td><td class=\"has-text-align-center\" data-align=\"center\">AM<\/td><\/tr><tr><td class=\"has-text-align-center\" data-align=\"center\">Montes Claros<\/td><td class=\"has-text-align-center\" data-align=\"center\">MG<\/td><\/tr><tr><td class=\"has-text-align-center\" data-align=\"center\">Natal<\/td><td class=\"has-text-align-center\" data-align=\"center\">RN<\/td><\/tr><tr><td class=\"has-text-align-center\" data-align=\"center\">Palmas<\/td><td class=\"has-text-align-center\" data-align=\"center\">TO<\/td><\/tr><tr><td class=\"has-text-align-center\" data-align=\"center\">Passo Fundo<\/td><td class=\"has-text-align-center\" data-align=\"center\">RS<\/td><\/tr><tr><td class=\"has-text-align-center\" data-align=\"center\">Pato Branco<\/td><td class=\"has-text-align-center\" data-align=\"center\">PR<\/td><\/tr><tr><td class=\"has-text-align-center\" data-align=\"center\">Patos de Minas<\/td><td class=\"has-text-align-center\" data-align=\"center\">MG<\/td><\/tr><tr><td class=\"has-text-align-center\" data-align=\"center\">Porto Alegre<\/td><td class=\"has-text-align-center\" data-align=\"center\">RS<\/td><\/tr><tr><td class=\"has-text-align-center\" data-align=\"center\">Porto Velho<\/td><td class=\"has-text-align-center\" data-align=\"center\">RO<\/td><\/tr><tr><td class=\"has-text-align-center\" data-align=\"center\">Recife<\/td><td class=\"has-text-align-center\" data-align=\"center\">PE<\/td><\/tr><tr><td class=\"has-text-align-center\" data-align=\"center\">Rio Branco<\/td><td class=\"has-text-align-center\" data-align=\"center\">AC<\/td><\/tr><tr><td class=\"has-text-align-center\" data-align=\"center\">Rio de Janeiro<\/td><td class=\"has-text-align-center\" data-align=\"center\">RJ<\/td><\/tr><tr><td class=\"has-text-align-center\" data-align=\"center\">Salvador<\/td><td class=\"has-text-align-center\" data-align=\"center\">BA<\/td><\/tr><tr><td class=\"has-text-align-center\" data-align=\"center\">Santa Cruz<\/td><td class=\"has-text-align-center\" data-align=\"center\">RN<\/td><\/tr><tr><td class=\"has-text-align-center\" data-align=\"center\">S&atilde;o Carlos<\/td><td class=\"has-text-align-center\" data-align=\"center\">SP<\/td><\/tr><tr><td class=\"has-text-align-center\" data-align=\"center\">S&atilde;o Lu&iacute;s<\/td><td class=\"has-text-align-center\" data-align=\"center\">MA<\/td><\/tr><tr><td class=\"has-text-align-center\" data-align=\"center\">S&atilde;o Paulo<\/td><td class=\"has-text-align-center\" data-align=\"center\">SP<\/td><\/tr><tr><td class=\"has-text-align-center\" data-align=\"center\">Sinop<\/td><td class=\"has-text-align-center\" data-align=\"center\">MT<\/td><\/tr><tr><td class=\"has-text-align-center\" data-align=\"center\">Sorocaba<\/td><td class=\"has-text-align-center\" data-align=\"center\">SP<\/td><\/tr><tr><td class=\"has-text-align-center\" data-align=\"center\">Teresina<\/td><td class=\"has-text-align-center\" data-align=\"center\">PI<\/td><\/tr><tr><td class=\"has-text-align-center\" data-align=\"center\">Uberl&acirc;ndia<\/td><td class=\"has-text-align-center\" data-align=\"center\">MG<\/td><\/tr><tr><td class=\"has-text-align-center\" data-align=\"center\">Vit&oacute;ria<\/td><td class=\"has-text-align-center\" data-align=\"center\">ES<\/td><\/tr><tr><td class=\"has-text-align-center\" data-align=\"center\">Votuporanga<\/td><td class=\"has-text-align-center\" data-align=\"center\">SP<\/td><\/tr><\/tbody><\/table><\/figure><p class=\"wp-block-paragraph\">Al&eacute;m dessas 50, mais 23 munic&iacute;pios disponibilizaram locais de aplica&ccedil;&atilde;o da prova objetiva, para alocar todos os participantes da edi&ccedil;&atilde;o 2022\/2023 do Enare. O candidato escolheu a cidade de prefer&ecirc;ncia no <strong>ato da inscri&ccedil;&atilde;o e n&atilde;o houve possibilidade de mudan&ccedil;a ap&oacute;s a confirma&ccedil;&atilde;o<\/strong>. <\/p><h3 class=\"wp-block-heading\"><span class=\"ez-toc-section\" id=\"Resultado-final-Enare\"><\/span><strong>Resultado final Enare<\/strong><span class=\"ez-toc-section-end\"><\/span><\/h3><p class=\"wp-block-paragraph\">A nota final do Enare foi divulgada no dia 28 de dezembro de 2022 e cada candidato usou a sua pontua&ccedil;&atilde;o final para escolher a institui&ccedil;&atilde;o em que queria realizar a Resid&ecirc;ncia M&eacute;dica. O resultado da primeira escolha, privilegiando as maiores notas, foi divulgado em 31 de janeiro de 2023. Confira os arquivos:<\/p><div class=\"wp-block-buttons is-content-justification-center is-layout-flex wp-container-core-buttons-is-layout-fe48e5de wp-block-buttons-is-layout-flex\">\n<div class=\"wp-block-button\"><a class=\"wp-block-button__link wp-element-button\" href=\"https:\/\/med.estrategia.com\/portal\/wp-content\/uploads\/2023\/04\/anexounico_ed_result_anal_curricular_posrec_notafinal_enare2022.pdf\" target=\"_blank\">Nota final Enare 2022\/2023<\/a><\/div>\n\n\n\n<div class=\"wp-block-button\"><a class=\"wp-block-button__link wp-element-button\" href=\"https:\/\/med.estrategia.com\/portal\/wp-content\/uploads\/2023\/04\/anexo_result_prim_oport_med.pdf\" target=\"_blank\">Resultado da 1&ordf; oportunidade de escolha<\/a><\/div>\n<\/div><h2 class=\"wp-block-heading\"><span class=\"ez-toc-section\" id=\"Estudando-para-o-ENARE-20232023\"><\/span><strong>Estudando para o <meta charset=\"utf-8\">ENARE 2023\/2023?<\/strong><span class=\"ez-toc-section-end\"><\/span><\/h2><p class=\"wp-block-paragraph\">Se voc&ecirc; est&aacute; procurando a melhor forma de estudar para a prova, n&atilde;o deixe de experimentar o <a href=\"https:\/\/med.estrategia.com\/portal\/banco-de-questoes-de-residencia-medica-e-revalida\/\">Banco de Quest&otilde;es do Estrat&eacute;gia MED (BQMED)<\/a>. Ao resolver quest&otilde;es voc&ecirc; treina para o exames e descobre em quais &aacute;reas sente mais dificuldade, de forma que fica mais f&aacute;cil direcionar os seus estudos.&nbsp;<\/p><p class=\"wp-block-paragraph\">No <strong>Banco de Quest&otilde;es EMED <\/strong>voc&ecirc; encontra<strong>&nbsp;milhares de quest&otilde;es<\/strong>, em que voc&ecirc; pode estudar onde, quando e como quiser, j&aacute; que a proposta &eacute; que o aluno estude com liberdade. Voc&ecirc; mesmo escolhe quais quest&otilde;es fazer e como organiz&aacute;-las em simulados pr&oacute;prios.<\/p><h3 class=\"wp-block-heading\"><span class=\"ez-toc-section\" id=\"Enare-provas-antigas\"><\/span>Enare provas antigas<span class=\"ez-toc-section-end\"><\/span><\/h3><p class=\"wp-block-paragraph\">Se voc&ecirc; quer conferir quais foram as quest&otilde;es do <span id=\"urn:enhancement-ed71146b-da6f-4e1a-8492-3dca73dfc504\" class=\"textannotation disambiguated wl-thing wl-no-link\" itemid=\"https:\/\/data.wordlift.io\/wl106637\/entity\/enare\">ENARE<\/span> 2020 ou quer saber qual o estilo da banca para estudar para as pr&oacute;ximas provas, <strong>baixe agora a prova e o gabarito que o <span id=\"urn:enhancement-86660989-d115-4682-94db-4e7a31ddf204\" class=\"textannotation disambiguated wl-organization\" itemid=\"https:\/\/data.wordlift.io\/wl106637\/entity\/estrategia_med\">Estrat&eacute;gia MED<\/span> disponibilizou aqui!<\/strong><\/p><div class=\"wp-block-buttons is-horizontal is-content-justification-center is-layout-flex wp-container-core-buttons-is-layout-7d812b4c wp-block-buttons-is-layout-flex\">\n<div class=\"wp-block-button\"><a class=\"wp-block-button__link has-light-green-cyan-to-vivid-green-cyan-gradient-background has-background wp-element-button\" href=\"https:\/\/med.estrategia.com\/portal\/wp-content\/uploads\/2021\/10\/prova-enare-2020-24-52.pdf\" target=\"_blank\"><strong>ACESSE A PROVA ENARE 2020 &ndash; ACESSO DIRETO<\/strong><\/a><\/div>\n\n\n\n<div class=\"wp-block-button\"><a class=\"wp-block-button__link has-light-green-cyan-to-vivid-green-cyan-gradient-background has-background wp-element-button\" href=\"https:\/\/med.estrategia.com\/portal\/wp-content\/uploads\/2021\/10\/Gabarito-Definitivo_enare_med-1.pdf\" target=\"_blank\"><strong><strong>FA&Ccedil;A O DOWNLOAD DOS GABARITOS DO ENARE 2020<\/strong><\/strong><\/a><\/div>\n<\/div><p class=\"wp-block-paragraph\">Aproveite e conhe&ccedil;a algumas hist&oacute;rias, dicas e depoimentos de <a href=\"https:\/\/med.estrategia.com\/portal\/residencia-medica\/estrategia-med-aprova-enare-2023\/\" target=\"_blank\">alguns dos&nbsp;nossos aprovados no Enare 2022\/2023<\/a>:<\/p><div class=\"wp-block-media-text alignwide has-media-on-the-right is-stacked-on-mobile has-cyan-bluish-gray-background-color has-background has-medium-font-size cnvs-block-core-media-text-1676488553218\" style=\"grid-template-columns:auto 32%\"><div class=\"wp-block-media-text__content\">\n<h3 class=\"wp-block-heading has-text-align-left has-medium-font-size\"><span class=\"ez-toc-section\" id=\"Daniel-Meira-Nobrega-de-Lima-3o-Classificado-Geral-e-1o-Lugar-em-Anestesiologia-no-Hospital-das-Clinicas-da-Universidade-Federal-de-Pernambuco-Enare\"><\/span><strong><strong>Daniel Meira N&oacute;brega de Lima<\/strong> <\/strong><br>3&ordm; Classificado Geral e 1&ordm; Lugar em Anestesiologia no<br>Hospital das Cl&iacute;nicas da Universidade Federal de Pernambuco  (Enare)<span class=\"ez-toc-section-end\"><\/span><\/h3>\n\n\n\n<p class=\"has-text-align-left has-small-font-size wp-block-paragraph\">Utilizou: Curso Extensivo Resid&ecirc;ncia M&eacute;dica e Banco de Quest&otilde;es EMED<\/p>\n\n\n\n<p class=\"has-text-align-left wp-block-paragraph\"><em>Muito obrigado &agrave; equipe do Estrat&eacute;gia MED. &Eacute; verdadeiramente incr&iacute;vel e inesgot&aacute;vel toda a riqueza e diversidade de material que o EMED oferece, permitindo que cada aluno consiga estudar conforme sua maior aptid&atilde;o a cada estilo de material. Seus grandes diferenciais s&atilde;o o amplo Banco de Quest&otilde;es e o r&aacute;pido suporte (pelo aplicativo) em tirar todas as d&uacute;vidas dos alunos. Parab&eacute;ns e muito obrigado &agrave; equipe EMED!<\/em><\/p>\n<\/div><figure class=\"wp-block-media-text__media\"><img decoding=\"async\" width=\"814\" height=\"1024\" src=\"https:\/\/med.estrategia.com\/portal\/wp-content\/uploads\/2023\/02\/DANIEL-MEIRA-NOBREGA-DE-LIMA-814x1024.jpeg\" alt=\"\" class=\"wp-image-36004 size-full\" srcset=\"https:\/\/med.estrategia.com\/portal\/wp-content\/uploads\/2023\/02\/DANIEL-MEIRA-NOBREGA-DE-LIMA-814x1024.jpeg 814w, https:\/\/med.estrategia.com\/portal\/wp-content\/uploads\/2023\/02\/DANIEL-MEIRA-NOBREGA-DE-LIMA-768x966.jpeg 768w, https:\/\/med.estrategia.com\/portal\/wp-content\/uploads\/2023\/02\/DANIEL-MEIRA-NOBREGA-DE-LIMA-800x1006.jpeg 800w, https:\/\/med.estrategia.com\/portal\/wp-content\/uploads\/2023\/02\/DANIEL-MEIRA-NOBREGA-DE-LIMA.jpeg 888w\" sizes=\"(max-width: 814px) 100vw, 814px\" \/><\/figure><\/div><div class=\"wp-block-media-text alignwide is-stacked-on-mobile is-image-fill has-pale-cyan-blue-background-color has-background has-medium-font-size cnvs-block-core-media-text-1677079338146\" style=\"grid-template-columns:32% auto\"><figure class=\"wp-block-media-text__media\" style=\"background-image:url(https:\/\/med.estrategia.com\/portal\/wp-content\/uploads\/2023\/02\/VIVIAN-GADELHA-RAMOS-473x1024.jpeg);background-position:49% 38%\"><img decoding=\"async\" width=\"473\" height=\"1024\" src=\"https:\/\/med.estrategia.com\/portal\/wp-content\/uploads\/2023\/02\/VIVIAN-GADELHA-RAMOS-473x1024.jpeg\" alt=\"\" class=\"wp-image-36009 size-full\" srcset=\"https:\/\/med.estrategia.com\/portal\/wp-content\/uploads\/2023\/02\/VIVIAN-GADELHA-RAMOS-473x1024.jpeg 473w, https:\/\/med.estrategia.com\/portal\/wp-content\/uploads\/2023\/02\/VIVIAN-GADELHA-RAMOS-709x1536.jpeg 709w, https:\/\/med.estrategia.com\/portal\/wp-content\/uploads\/2023\/02\/VIVIAN-GADELHA-RAMOS.jpeg 739w\" sizes=\"(max-width: 473px) 100vw, 473px\" \/><\/figure><div class=\"wp-block-media-text__content\">\n<h3 class=\"wp-block-heading has-text-align-left has-medium-font-size\"><span class=\"ez-toc-section\" id=\"Vivian-Gadelha-Ramos-2o-Lugar-em-Dermatologia-no-Hospital-das-Clinicas-da-Universidade-Federal-de-Pernambuco-Enare\"><\/span><br><strong><strong>Vivian Gadelha Ramos<\/strong><\/strong><br>2&ordm; Lugar em Dermatologia no<br>Hospital das Cl&iacute;nicas da Universidade Federal de Pernambuco (Enare)<span class=\"ez-toc-section-end\"><\/span><\/h3>\n\n\n\n<p class=\"has-small-font-size wp-block-paragraph\">Utilizou: Banco de Quest&otilde;es EMED<\/p>\n\n\n\n<p class=\"has-text-align-left wp-block-paragraph\"><em>O uso do Banco de Quest&otilde;es do Estrat&eacute;gia MED foi e est&aacute; sendo decisivo nos meus estudos para concurso e resid&ecirc;ncia. &Eacute; o Banco de Quest&otilde;es mais completo que conhe&ccedil;o, com a praticidade de encontrar quest&otilde;es separadas por assunto, simulados e provas na &iacute;ntegra, a maioria comentada pelos maravilhosos professores do Estrat&eacute;gia. Eu fiz do Estrat&eacute;gia MED meu compromisso di&aacute;rio e estou come&ccedil;ando a colher os resultados!<\/em><br><br><\/p>\n<\/div><\/div><p class=\"wp-block-paragraph\">Se quiser mais informa&ccedil;&otilde;es, continue sempre acompanhando as novidades pelo Portal do EMED e prepare-se para o <span id=\"urn:enhancement-c9c0d208-e839-4fe5-b7ae-2d9246b132d9\" class=\"textannotation disambiguated wl-thing wl-no-link\" itemid=\"https:\/\/data.wordlift.io\/wl106637\/entity\/enare\">ENARE<\/span> 2023\/2024 &ndash; o ENEM da Resid&ecirc;ncia M&eacute;dica &ndash; com um de nossos cursos preparat&oacute;rios! N&atilde;o perca essa oportunidade de conseguir a sua aprova&ccedil;&atilde;o no programa de <span id=\"urn:enhancement-72b50ef8-0154-49a9-8d1c-a6cecc783857\" class=\"textannotation disambiguated wl-thing wl-no-link\" itemid=\"https:\/\/data.wordlift.io\/wl106637\/entity\/residencia-medica\">resid&ecirc;ncia m&eacute;dica<\/span> dos sonhos!&nbsp;<\/p><p class=\"wp-block-paragraph\"><strong><a id=\"cta\" class=\"cta-imagem\" href=\"https:\/\/med.estrategia.com\/cursos\/extensivo-de-residncia-mdica\/\" target=\"blank\">\n                <img decoding=\"async\" width=\"100%\" src=\"https:\/\/med.estrategia.com\/portal\/wp-content\/uploads\/2025\/08\/extensivo_rm.jpg\" alt=\"Extensivo RM\" title=\"extensivo_rm\">\n        <\/a><\/strong><\/p><h2 class=\"wp-block-heading\" id=\"h-veja-tambem\"><span class=\"ez-toc-section\" id=\"Veja-tambem\"><\/span>Veja tamb&eacute;m:<span class=\"ez-toc-section-end\"><\/span><\/h2><ul class=\"wp-block-list\">\n<li><a href=\"https:\/\/med.estrategia.com\/portal\/residencia-medica\/usp-sp-residencia-medica\/\">Resid&ecirc;ncia M&eacute;dica USP SP&nbsp;<\/a><\/li>\n\n\n\n<li><a href=\"https:\/\/med.estrategia.com\/portal\/residencia-medica\/sus-sp-residencia-medica\/\">Resid&ecirc;ncia M&eacute;dica SUS SP<\/a><\/li>\n\n\n\n<li><a href=\"https:\/\/med.estrategia.com\/portal\/residencia-medica\/amp-residencia-medica\/\">Resid&ecirc;ncia M&eacute;dica AMP<\/a><\/li>\n\n\n\n<li><a href=\"https:\/\/med.estrategia.com\/portal\/residencia-medica\/especialidades\/10-residencias-medicas-com-mais-vagas-por-especialidade\/\">10 Resid&ecirc;ncias M&eacute;dicas com mais vagas por especialidade<\/a><\/li>\n\n\n\n<li><a href=\"https:\/\/med.estrategia.com\/portal\/residencia-medica\/residencias-medicas-mais-concorridos\/\">10 Resid&ecirc;ncias M&eacute;dicas mais concorridas<\/a><\/li>\n<\/ul><\/p>\n","protected":false},"excerpt":{"rendered":"O Estrat&eacute;gia MED separou as principais informa&ccedil;&otilde;es sobre o processo seletivo para Resid&ecirc;ncia M&eacute;dica do ENARE, sob respondabilidade&hellip;\n","protected":false},"author":39,"featured_media":38569,"comment_status":"open","ping_status":"open","sticky":false,"template":"","format":"standard","meta":{"footnotes":""},"categories":[24],"tags":[],"class_list":["post-43956","post","type-post","status-publish","format-standard","has-post-thumbnail","category-residencia-medica"],"acf":[],"yoast_head":"<!-- This site is optimized with the Yoast SEO Premium plugin v26.6 (Yoast SEO v26.6) - https:\/\/yoast.com\/wordpress\/plugins\/seo\/ -->\n<title>Enare: edital 2022\/2023 cronograma, vagas de resid\u00eancia m\u00e9dica, prova e mais!<\/title>\n<meta name=\"description\" content=\"O Estrat\u00e9gia MED separou as principais informa\u00e7\u00f5es sobre a Resid\u00eancia M\u00e9dica do Enare e seu processo seletivo que abrange todo o pa\u00eds. Confira\" \/>\n<meta name=\"robots\" content=\"index, follow, max-snippet:-1, max-image-preview:large, max-video-preview:-1\" \/>\n<link rel=\"canonical\" href=\"https:\/\/med.estrategia.com\/portal\/residencia-medica\/enare-edital-2022-2023-cronograma-vagas-de-residencia-medica-prova-e-mais\/\" \/>\n<meta property=\"og:locale\" content=\"pt_BR\" \/>\n<meta property=\"og:type\" content=\"article\" \/>\n<meta property=\"og:title\" content=\"Enare: edital 2022\/2023 cronograma, vagas de resid\u00eancia m\u00e9dica, prova e mais!\" \/>\n<meta property=\"og:description\" content=\"O Estrat\u00e9gia MED separou as principais informa\u00e7\u00f5es sobre a Resid\u00eancia M\u00e9dica do Enare e seu processo seletivo que abrange todo o pa\u00eds. Confira\" \/>\n<meta property=\"og:url\" content=\"https:\/\/med.estrategia.com\/portal\/residencia-medica\/enare-edital-2022-2023-cronograma-vagas-de-residencia-medica-prova-e-mais\/\" \/>\n<meta property=\"og:site_name\" content=\"Estrat\u00e9gia MED\" \/>\n<meta property=\"article:publisher\" content=\"https:\/\/www.facebook.com\/estrategiamed1\" \/>\n<meta property=\"article:published_time\" content=\"2022-08-04T19:28:00+00:00\" \/>\n<meta property=\"article:modified_time\" content=\"2023-08-08T00:21:37+00:00\" \/>\n<meta property=\"og:image\" content=\"https:\/\/cdn.medblog.estrategiaeducacional.com.br\/wp-content\/uploads\/2021\/01\/coverWP_publica_bgfoto_logo-8.jpg\" \/>\n\t<meta property=\"og:image:width\" content=\"1200\" \/>\n\t<meta property=\"og:image:height\" content=\"800\" \/>\n\t<meta property=\"og:image:type\" content=\"image\/jpeg\" \/>\n<meta name=\"author\" content=\"Ana Carolina Damasceno\" \/>\n<meta name=\"twitter:card\" content=\"summary_large_image\" \/>\n<meta name=\"twitter:creator\" content=\"@estrategiamed_\" \/>\n<meta name=\"twitter:site\" content=\"@estrategiamed_\" \/>\n<meta name=\"twitter:label1\" content=\"Escrito por\" \/>\n\t<meta name=\"twitter:data1\" content=\"Ana Carolina Damasceno\" \/>\n\t<meta name=\"twitter:label2\" content=\"Est. tempo de leitura\" \/>\n\t<meta name=\"twitter:data2\" content=\"16 minutos\" \/>\n<script type=\"application\/ld+json\" class=\"yoast-schema-graph\">{\"@context\":\"https:\/\/schema.org\",\"@graph\":[{\"@type\":\"WebPage\",\"@id\":\"https:\/\/med.estrategia.com\/portal\/residencia-medica\/enare-edital-2022-2023-cronograma-vagas-de-residencia-medica-prova-e-mais\/\",\"url\":\"https:\/\/med.estrategia.com\/portal\/residencia-medica\/enare-edital-2022-2023-cronograma-vagas-de-residencia-medica-prova-e-mais\/\",\"name\":\"Enare: edital 2022\/2023 cronograma, vagas de resid\u00eancia m\u00e9dica, prova e mais!\",\"isPartOf\":{\"@id\":\"https:\/\/med.estrategia.com\/portal\/#website\"},\"primaryImageOfPage\":{\"@id\":\"https:\/\/med.estrategia.com\/portal\/residencia-medica\/enare-edital-2022-2023-cronograma-vagas-de-residencia-medica-prova-e-mais\/#primaryimage\"},\"image\":{\"@id\":\"https:\/\/med.estrategia.com\/portal\/residencia-medica\/enare-edital-2022-2023-cronograma-vagas-de-residencia-medica-prova-e-mais\/#primaryimage\"},\"thumbnailUrl\":\"https:\/\/med.estrategia.com\/portal\/wp-content\/uploads\/2021\/01\/coverWP_publica_bgfoto_logo-8.jpg\",\"datePublished\":\"2022-08-04T19:28:00+00:00\",\"dateModified\":\"2023-08-08T00:21:37+00:00\",\"author\":{\"@id\":\"https:\/\/med.estrategia.com\/portal\/#\/schema\/person\/2f553adbb8e25fe39d145c5b2927f58c\"},\"description\":\"O Estrat\u00e9gia MED separou as principais informa\u00e7\u00f5es sobre a Resid\u00eancia M\u00e9dica do Enare e seu processo seletivo que abrange todo o pa\u00eds. Confira\",\"breadcrumb\":{\"@id\":\"https:\/\/med.estrategia.com\/portal\/residencia-medica\/enare-edital-2022-2023-cronograma-vagas-de-residencia-medica-prova-e-mais\/#breadcrumb\"},\"inLanguage\":\"pt-BR\",\"potentialAction\":[{\"@type\":\"ReadAction\",\"target\":[\"https:\/\/med.estrategia.com\/portal\/residencia-medica\/enare-edital-2022-2023-cronograma-vagas-de-residencia-medica-prova-e-mais\/\"]}]},{\"@type\":\"ImageObject\",\"inLanguage\":\"pt-BR\",\"@id\":\"https:\/\/med.estrategia.com\/portal\/residencia-medica\/enare-edital-2022-2023-cronograma-vagas-de-residencia-medica-prova-e-mais\/#primaryimage\",\"url\":\"https:\/\/med.estrategia.com\/portal\/wp-content\/uploads\/2021\/01\/coverWP_publica_bgfoto_logo-8.jpg\",\"contentUrl\":\"https:\/\/med.estrategia.com\/portal\/wp-content\/uploads\/2021\/01\/coverWP_publica_bgfoto_logo-8.jpg\",\"width\":1200,\"height\":800,\"caption\":\"Cr\u00e9ditos: Estrat\u00e9gia MED e Ebserh\"},{\"@type\":\"BreadcrumbList\",\"@id\":\"https:\/\/med.estrategia.com\/portal\/residencia-medica\/enare-edital-2022-2023-cronograma-vagas-de-residencia-medica-prova-e-mais\/#breadcrumb\",\"itemListElement\":[{\"@type\":\"ListItem\",\"position\":1,\"name\":\"Home\",\"item\":\"https:\/\/med.estrategia.com\/portal\/\"},{\"@type\":\"ListItem\",\"position\":2,\"name\":\"Resid\u00eancia M\u00e9dica\",\"item\":\"https:\/\/med.estrategia.com\/portal\/residencia-medica\/\"},{\"@type\":\"ListItem\",\"position\":3,\"name\":\"Enare: edital 2022\/2023 cronograma, vagas de resid\u00eancia m\u00e9dica, prova e mais!\"}]},{\"@type\":\"WebSite\",\"@id\":\"https:\/\/med.estrategia.com\/portal\/#website\",\"url\":\"https:\/\/med.estrategia.com\/portal\/\",\"name\":\"Estrat\u00e9gia MED\",\"description\":\"\",\"potentialAction\":[{\"@type\":\"SearchAction\",\"target\":{\"@type\":\"EntryPoint\",\"urlTemplate\":\"https:\/\/med.estrategia.com\/portal\/?s={search_term_string}\"},\"query-input\":{\"@type\":\"PropertyValueSpecification\",\"valueRequired\":true,\"valueName\":\"search_term_string\"}}],\"inLanguage\":\"pt-BR\"},{\"@type\":\"Person\",\"@id\":\"https:\/\/med.estrategia.com\/portal\/#\/schema\/person\/2f553adbb8e25fe39d145c5b2927f58c\",\"name\":\"Ana Carolina Damasceno\",\"image\":{\"@type\":\"ImageObject\",\"inLanguage\":\"pt-BR\",\"@id\":\"https:\/\/med.estrategia.com\/portal\/#\/schema\/person\/image\/\",\"url\":\"https:\/\/med.estrategia.com\/portal\/wp-content\/uploads\/2026\/07\/Sem-titulo-150x150.png\",\"contentUrl\":\"https:\/\/med.estrategia.com\/portal\/wp-content\/uploads\/2026\/07\/Sem-titulo-150x150.png\",\"caption\":\"Ana Carolina Damasceno\"},\"description\":\"Coordenadora de Jornalismo EMED. Comunicadora por natureza e forma\u00e7\u00e3o, que ama e perde a no\u00e7\u00e3o do tempo com m\u00fasica e s\u00e9rie.\",\"url\":\"https:\/\/med.estrategia.com\/portal\/author\/ana-carolina-damasceno\/\"}]}<\/script>\n<!-- \/ Yoast SEO Premium plugin. -->","yoast_head_json":{"title":"Enare: edital 2022\/2023 cronograma, vagas de resid\u00eancia m\u00e9dica, prova e mais!","description":"O Estrat\u00e9gia MED separou as principais informa\u00e7\u00f5es sobre a Resid\u00eancia M\u00e9dica do Enare e seu processo seletivo que abrange todo o pa\u00eds. Confira","robots":{"index":"index","follow":"follow","max-snippet":"max-snippet:-1","max-image-preview":"max-image-preview:large","max-video-preview":"max-video-preview:-1"},"canonical":"https:\/\/med.estrategia.com\/portal\/residencia-medica\/enare-edital-2022-2023-cronograma-vagas-de-residencia-medica-prova-e-mais\/","og_locale":"pt_BR","og_type":"article","og_title":"Enare: edital 2022\/2023 cronograma, vagas de resid\u00eancia m\u00e9dica, prova e mais!","og_description":"O Estrat\u00e9gia MED separou as principais informa\u00e7\u00f5es sobre a Resid\u00eancia M\u00e9dica do Enare e seu processo seletivo que abrange todo o pa\u00eds. Confira","og_url":"https:\/\/med.estrategia.com\/portal\/residencia-medica\/enare-edital-2022-2023-cronograma-vagas-de-residencia-medica-prova-e-mais\/","og_site_name":"Estrat\u00e9gia MED","article_publisher":"https:\/\/www.facebook.com\/estrategiamed1","article_published_time":"2022-08-04T19:28:00+00:00","article_modified_time":"2023-08-08T00:21:37+00:00","og_image":[{"width":1200,"height":800,"url":"https:\/\/cdn.medblog.estrategiaeducacional.com.br\/wp-content\/uploads\/2021\/01\/coverWP_publica_bgfoto_logo-8.jpg","type":"image\/jpeg"}],"author":"Ana Carolina Damasceno","twitter_card":"summary_large_image","twitter_creator":"@estrategiamed_","twitter_site":"@estrategiamed_","twitter_misc":{"Escrito por":"Ana Carolina Damasceno","Est. tempo de leitura":"16 minutos"},"schema":{"@context":"https:\/\/schema.org","@graph":[{"@type":"WebPage","@id":"https:\/\/med.estrategia.com\/portal\/residencia-medica\/enare-edital-2022-2023-cronograma-vagas-de-residencia-medica-prova-e-mais\/","url":"https:\/\/med.estrategia.com\/portal\/residencia-medica\/enare-edital-2022-2023-cronograma-vagas-de-residencia-medica-prova-e-mais\/","name":"Enare: edital 2022\/2023 cronograma, vagas de resid\u00eancia m\u00e9dica, prova e mais!","isPartOf":{"@id":"https:\/\/med.estrategia.com\/portal\/#website"},"primaryImageOfPage":{"@id":"https:\/\/med.estrategia.com\/portal\/residencia-medica\/enare-edital-2022-2023-cronograma-vagas-de-residencia-medica-prova-e-mais\/#primaryimage"},"image":{"@id":"https:\/\/med.estrategia.com\/portal\/residencia-medica\/enare-edital-2022-2023-cronograma-vagas-de-residencia-medica-prova-e-mais\/#primaryimage"},"thumbnailUrl":"https:\/\/med.estrategia.com\/portal\/wp-content\/uploads\/2021\/01\/coverWP_publica_bgfoto_logo-8.jpg","datePublished":"2022-08-04T19:28:00+00:00","dateModified":"2023-08-08T00:21:37+00:00","author":{"@id":"https:\/\/med.estrategia.com\/portal\/#\/schema\/person\/2f553adbb8e25fe39d145c5b2927f58c"},"description":"O Estrat\u00e9gia MED separou as principais informa\u00e7\u00f5es sobre a Resid\u00eancia M\u00e9dica do Enare e seu processo seletivo que abrange todo o pa\u00eds. Confira","breadcrumb":{"@id":"https:\/\/med.estrategia.com\/portal\/residencia-medica\/enare-edital-2022-2023-cronograma-vagas-de-residencia-medica-prova-e-mais\/#breadcrumb"},"inLanguage":"pt-BR","potentialAction":[{"@type":"ReadAction","target":["https:\/\/med.estrategia.com\/portal\/residencia-medica\/enare-edital-2022-2023-cronograma-vagas-de-residencia-medica-prova-e-mais\/"]}]},{"@type":"ImageObject","inLanguage":"pt-BR","@id":"https:\/\/med.estrategia.com\/portal\/residencia-medica\/enare-edital-2022-2023-cronograma-vagas-de-residencia-medica-prova-e-mais\/#primaryimage","url":"https:\/\/med.estrategia.com\/portal\/wp-content\/uploads\/2021\/01\/coverWP_publica_bgfoto_logo-8.jpg","contentUrl":"https:\/\/med.estrategia.com\/portal\/wp-content\/uploads\/2021\/01\/coverWP_publica_bgfoto_logo-8.jpg","width":1200,"height":800,"caption":"Cr\u00e9ditos: Estrat\u00e9gia MED e Ebserh"},{"@type":"BreadcrumbList","@id":"https:\/\/med.estrategia.com\/portal\/residencia-medica\/enare-edital-2022-2023-cronograma-vagas-de-residencia-medica-prova-e-mais\/#breadcrumb","itemListElement":[{"@type":"ListItem","position":1,"name":"Home","item":"https:\/\/med.estrategia.com\/portal\/"},{"@type":"ListItem","position":2,"name":"Resid\u00eancia M\u00e9dica","item":"https:\/\/med.estrategia.com\/portal\/residencia-medica\/"},{"@type":"ListItem","position":3,"name":"Enare: edital 2022\/2023 cronograma, vagas de resid\u00eancia m\u00e9dica, prova e mais!"}]},{"@type":"WebSite","@id":"https:\/\/med.estrategia.com\/portal\/#website","url":"https:\/\/med.estrategia.com\/portal\/","name":"Estrat\u00e9gia MED","description":"","potentialAction":[{"@type":"SearchAction","target":{"@type":"EntryPoint","urlTemplate":"https:\/\/med.estrategia.com\/portal\/?s={search_term_string}"},"query-input":{"@type":"PropertyValueSpecification","valueRequired":true,"valueName":"search_term_string"}}],"inLanguage":"pt-BR"},{"@type":"Person","@id":"https:\/\/med.estrategia.com\/portal\/#\/schema\/person\/2f553adbb8e25fe39d145c5b2927f58c","name":"Ana Carolina Damasceno","image":{"@type":"ImageObject","inLanguage":"pt-BR","@id":"https:\/\/med.estrategia.com\/portal\/#\/schema\/person\/image\/","url":"https:\/\/med.estrategia.com\/portal\/wp-content\/uploads\/2026\/07\/Sem-titulo-150x150.png","contentUrl":"https:\/\/med.estrategia.com\/portal\/wp-content\/uploads\/2026\/07\/Sem-titulo-150x150.png","caption":"Ana Carolina Damasceno"},"description":"Coordenadora de Jornalismo EMED. Comunicadora por natureza e forma\u00e7\u00e3o, que ama e perde a no\u00e7\u00e3o do tempo com m\u00fasica e s\u00e9rie.","url":"https:\/\/med.estrategia.com\/portal\/author\/ana-carolina-damasceno\/"}]}},"_links":{"self":[{"href":"https:\/\/med.estrategia.com\/portal\/wp-json\/wp\/v2\/posts\/43956","targetHints":{"allow":["GET"]}}],"collection":[{"href":"https:\/\/med.estrategia.com\/portal\/wp-json\/wp\/v2\/posts"}],"about":[{"href":"https:\/\/med.estrategia.com\/portal\/wp-json\/wp\/v2\/types\/post"}],"author":[{"embeddable":true,"href":"https:\/\/med.estrategia.com\/portal\/wp-json\/wp\/v2\/users\/39"}],"replies":[{"embeddable":true,"href":"https:\/\/med.estrategia.com\/portal\/wp-json\/wp\/v2\/comments?post=43956"}],"version-history":[{"count":2,"href":"https:\/\/med.estrategia.com\/portal\/wp-json\/wp\/v2\/posts\/43956\/revisions"}],"predecessor-version":[{"id":44219,"href":"https:\/\/med.estrategia.com\/portal\/wp-json\/wp\/v2\/posts\/43956\/revisions\/44219"}],"wp:featuredmedia":[{"embeddable":true,"href":"https:\/\/med.estrategia.com\/portal\/wp-json\/wp\/v2\/media\/38569"}],"wp:attachment":[{"href":"https:\/\/med.estrategia.com\/portal\/wp-json\/wp\/v2\/media?parent=43956"}],"wp:term":[{"taxonomy":"category","embeddable":true,"href":"https:\/\/med.estrategia.com\/portal\/wp-json\/wp\/v2\/categories?post=43956"},{"taxonomy":"post_tag","embeddable":true,"href":"https:\/\/med.estrategia.com\/portal\/wp-json\/wp\/v2\/tags?post=43956"}],"curies":[{"name":"wp","href":"https:\/\/api.w.org\/{rel}","templated":true}]}}