{"id":44687,"date":"2022-08-11T20:04:00","date_gmt":"2022-08-11T23:04:00","guid":{"rendered":"https:\/\/med.estrategia.com\/portal\/?p=44687"},"modified":"2023-08-31T14:03:43","modified_gmt":"2023-08-31T17:03:43","slug":"residencia-medica-sus-ba-saiba-mais-sobre-o-processo-seletivo-para-ingresso-em-2023","status":"publish","type":"post","link":"https:\/\/med.estrategia.com\/portal\/residencia-medica\/residencia-medica-sus-ba-saiba-mais-sobre-o-processo-seletivo-para-ingresso-em-2023\/","title":{"rendered":"Resid\u00eancia M\u00e9dica SUS-BA: saiba mais sobre o processo seletivo para ingresso em 2023"},"content":{"rendered":"<p>Tem interesse no seletivo para <a class=\"wl-entity-page-link\" title=\"Resid&ecirc;ncia\" href=\"https:\/\/med.estrategia.com\/portal\/entidade\/residencia-medica\/\" data-id=\"\/entity\/residencia-medica;http:\/\/dbpedia.org\/resource\/Residency_(medicine);http:\/\/en.dbpedia.org\/resource\/Residency_(medicine);http:\/\/nl.dbpedia.org\/resource\/Arts-assistent;http:\/\/de.dbpedia.org\/resource\/&Auml;rztliche_Weiterbildung;http:\/\/fr.dbpedia.org\/resource\/R&eacute;sidence_(m&eacute;decine);http:\/\/lt.dbpedia.org\/resource\/Rezident&#363;ra_(studijos);http:\/\/pt.dbpedia.org\/resource\/Resid&ecirc;ncia_m&eacute;dica;http:\/\/ru.dbpedia.org\/resource\/&#1050;&#1083;&#1080;&#1085;&#1080;&#1095;&#1077;&#1089;&#1082;&#1072;&#1103;_&#1086;&#1088;&#1076;&#1080;&#1085;&#1072;&#1090;&#1091;&#1088;&#1072;;http:\/\/uk.dbpedia.org\/resource\/&#1054;&#1088;&#1076;&#1080;&#1085;&#1072;&#1090;&#1091;&#1088;&#1072;_&#1082;&#1083;&#1110;&#1085;&#1110;&#1095;&#1085;&#1072;;https:\/\/data.wordlift.io\/wl106637\/entity\/residencia-medica\">Resid&ecirc;ncia M&eacute;dica<\/a> do SUS BA? Ent&atilde;o, confira esse texto do Portal EMED e saiba tudo sobre o processo seletivo! <div id=\"ez-toc-container\" class=\"ez-toc-v2_0_79_2 counter-hierarchy ez-toc-counter ez-toc-transparent ez-toc-container-direction\">\n<div class=\"ez-toc-title-container\"><p class=\"ez-toc-title\" style=\"cursor:inherit\">Navegue pelo conte\u00fado<\/p>\n<\/div><nav><ul class='ez-toc-list ez-toc-list-level-1 ' ><li class='ez-toc-page-1 ez-toc-heading-level-2'><a class=\"ez-toc-link ez-toc-heading-1\" href=\"https:\/\/med.estrategia.com\/portal\/residencia-medica\/residencia-medica-sus-ba-saiba-mais-sobre-o-processo-seletivo-para-ingresso-em-2023\/#O-que-e-o-SUS-BA\" >O que &eacute; o SUS-BA?<\/a><\/li><li class='ez-toc-page-1 ez-toc-heading-level-2'><a class=\"ez-toc-link ez-toc-heading-2\" href=\"https:\/\/med.estrategia.com\/portal\/residencia-medica\/residencia-medica-sus-ba-saiba-mais-sobre-o-processo-seletivo-para-ingresso-em-2023\/#Instituicoes-participantes-do-SUS-BA\" >Institui&ccedil;&otilde;es participantes do SUS-BA<\/a><\/li><li class='ez-toc-page-1 ez-toc-heading-level-2'><a class=\"ez-toc-link ez-toc-heading-3\" href=\"https:\/\/med.estrategia.com\/portal\/residencia-medica\/residencia-medica-sus-ba-saiba-mais-sobre-o-processo-seletivo-para-ingresso-em-2023\/#Inscricoes-para-o-SUS-BA\" >Inscri&ccedil;&otilde;es para o SUS-BA<\/a><\/li><li class='ez-toc-page-1 ez-toc-heading-level-2'><a class=\"ez-toc-link ez-toc-heading-4\" href=\"https:\/\/med.estrategia.com\/portal\/residencia-medica\/residencia-medica-sus-ba-saiba-mais-sobre-o-processo-seletivo-para-ingresso-em-2023\/#O-processo-seletivo-do-SUS-BA\" >O processo seletivo do SUS-BA<\/a><\/li><li class='ez-toc-page-1 ez-toc-heading-level-2'><a class=\"ez-toc-link ez-toc-heading-5\" href=\"https:\/\/med.estrategia.com\/portal\/residencia-medica\/residencia-medica-sus-ba-saiba-mais-sobre-o-processo-seletivo-para-ingresso-em-2023\/#Concorrencia-da-Residencia-Medica-SUS-BA\" >Concorr&ecirc;ncia da Resid&ecirc;ncia M&eacute;dica SUS-BA<\/a><\/li><li class='ez-toc-page-1 ez-toc-heading-level-2'><a class=\"ez-toc-link ez-toc-heading-6\" href=\"https:\/\/med.estrategia.com\/portal\/residencia-medica\/residencia-medica-sus-ba-saiba-mais-sobre-o-processo-seletivo-para-ingresso-em-2023\/#Nota-de-corte-SUS-BA\" >Nota de corte SUS-BA<\/a><\/li><li class='ez-toc-page-1 ez-toc-heading-level-2'><a class=\"ez-toc-link ez-toc-heading-7\" href=\"https:\/\/med.estrategia.com\/portal\/residencia-medica\/residencia-medica-sus-ba-saiba-mais-sobre-o-processo-seletivo-para-ingresso-em-2023\/#Como-foi-a-ultima-edicao-do-SUS-BA\" >Como foi a &uacute;ltima edi&ccedil;&atilde;o do SUS-BA<\/a><\/li><li class='ez-toc-page-1 ez-toc-heading-level-2'><a class=\"ez-toc-link ez-toc-heading-8\" href=\"https:\/\/med.estrategia.com\/portal\/residencia-medica\/residencia-medica-sus-ba-saiba-mais-sobre-o-processo-seletivo-para-ingresso-em-2023\/#Estudando-para-o-seletivo-do-SUS-BA-Residencia-Medica\" >Estudando para o seletivo do SUS-BA Resid&ecirc;ncia M&eacute;dica?<\/a><\/li><li class='ez-toc-page-1 ez-toc-heading-level-2'><a class=\"ez-toc-link ez-toc-heading-9\" href=\"https:\/\/med.estrategia.com\/portal\/residencia-medica\/residencia-medica-sus-ba-saiba-mais-sobre-o-processo-seletivo-para-ingresso-em-2023\/#Veja-tambem\" >Veja tamb&eacute;m:<\/a><\/li><\/ul><\/nav><\/div>\n<h2 class=\"wp-block-heading\"><span class=\"ez-toc-section\" id=\"O-que-e-o-SUS-BA\"><\/span><strong>O que &eacute; o SUS-BA?<\/strong><span class=\"ez-toc-section-end\"><\/span><\/h2><p>O <strong>Processo Seletivo Unificado do Sistema &Uacute;nico de Sa&uacute;de do Estado da Bahia (SUS BA) <\/strong>&eacute; uma das <strong>maiores provas do estado<\/strong>. Pela sua magnitude, s&atilde;o centenas de vagas oferecidas em mais de 30 institui&ccedil;&otilde;es diferentes. O exame &eacute; organizado pela<strong> <\/strong><strong>Comiss&atilde;o Estadual de Resid&ecirc;ncia M&eacute;dica da Bahia<\/strong> (<a href=\"https:\/\/strixeducacao.com.br\/evento\/cerem-ba-processo-seletivo-unificado-de-residencia-medica-bahia-2022\/\" target=\"_blank\">CEREM-BA<\/a>).&nbsp;<\/p><div class=\"wp-block-buttons is-horizontal is-content-justification-center is-layout-flex wp-container-core-buttons-is-layout-1 wp-block-buttons-is-layout-flex\">\n<div class=\"wp-block-button\"><a class=\"wp-block-button__link has-background wp-element-button\" href=\"https:\/\/med.estrategia.com\/cursos\/\" style=\"background-color:#0ba4ae\" target=\"_blank\">Conhe&ccedil;a os cursos do Estrat&eacute;gia MED!<\/a><\/div>\n<\/div><div class=\"wp-block-image\">\n<figure class=\"aligncenter size-full is-resized\"><img decoding=\"async\" src=\"https:\/\/med.estrategia.com\/portal\/wp-content\/uploads\/2021\/01\/sus-ba.jpeg\" alt=\"Escola Bahiana de Medicina e Sa&uacute;de P&uacute;blica, uma das institui&ccedil;&otilde;es participantes do seletivo SUS-BA.\" class=\"wp-image-8915\" width=\"536\" height=\"301\" srcset=\"https:\/\/med.estrategia.com\/portal\/wp-content\/uploads\/2021\/01\/sus-ba.jpeg 850w, https:\/\/med.estrategia.com\/portal\/wp-content\/uploads\/2021\/01\/sus-ba-300x169.jpeg 300w, https:\/\/med.estrategia.com\/portal\/wp-content\/uploads\/2021\/01\/sus-ba-768x432.jpeg 768w, https:\/\/med.estrategia.com\/portal\/wp-content\/uploads\/2021\/01\/sus-ba-380x214.jpeg 380w, https:\/\/med.estrategia.com\/portal\/wp-content\/uploads\/2021\/01\/sus-ba-800x450.jpeg 800w\" sizes=\"(max-width: 536px) 100vw, 536px\" \/><figcaption class=\"wp-element-caption\">  Foto: <a href=\"https:\/\/www.bahiana.edu.br\/campi\/\" target=\"_blank\">Divulga&ccedil;&atilde;o Escola Bahiana de Medicina e Sa&uacute;de P&uacute;blica <\/a><\/figcaption><\/figure><\/div><p><\/p><p>\n\n\n<div id=\"new-form\">\n\t<form id=\"forms_layout\">\n\t<input type=\"hidden\" id=\"chave_de\" name=\"chave_de\" value=\"01_EMED_LEADS_TOTAIS\" \/>\n\t\t<input type=\"hidden\" id=\"mid\" name=\"mid\" value=\"515009018\" \/>\n\t\t<input type=\"hidden\" id=\"Objetivo\" name=\"Objetivo\" value=\"Medicina\" \/>\n\t\t<input type=\"hidden\" id=\"Estado_de_Origem_do_IP\" name=\"Estado_de_Origem_do_IP\"  value=\"\" \/>\n\t\t<input type=\"hidden\" id=\"Cidade_de_Origem_do_IP\" name=\"Cidade_de_Origem_do_IP\" value=\"\" \/>\n\t\t<input type=\"hidden\" id=\"Modo_de_entrada\" name=\"Modo_de_entrada\" value=\"Portal\" \/>\n\t\t<input type=\"hidden\" id=\"Pagina_Origem\" name=\"Pagina_Origem\" value=\"\" \/>\n\n\t\t<div class=\"texto\">\n\t\t\t<h3 class=\"news\">Inscreva-se em nossa newsletter!<\/h3>\n\t\t\t<p>Receba not\u00edcias sobre resid\u00eancia m\u00e9dica, revalida\u00e7\u00e3o de diplomas e concursos m\u00e9dicos, al\u00e9m de materiais de estudo gratuitos e informa\u00e7\u00f5es relevantes do mundo da Medicina.<\/p>\n\t\t<\/div>\n\t\t<div class=\"campos\">\n\t\t\t<div class=\"first_name labels\">\n\t\t\t\t<input type=\"text\" class=\"input_labels\" id=\"first_name\" name=\"Nome_Completo\" placeholder=\"Nome\" required \/>\n\t\t\t<\/div>\n\t\t\t<div class=\"email labels\">\n\t\t\t\t<input type=\"email\" class=\"input_labels\" id=\"email\" name=\"Email\" placeholder=\"E-mail\" required \/>\n\t\t\t<\/div>\n\t\t\t<button type=\"submit\" class=\"button_layout\">\n\t\t\t\t<div id=\"lblBotao\">Inscreva-se<\/div>\n\t\t\t\t<span id=\"divSpiner\" class=\"loader\" role=\"status\" style=\"display: none;\"><\/span>\t\n\t\t\t<\/button>\n\t\t<\/div><!-- \/campos -->\n\t\t\n\t\t<label class=\"container_checkbox\">Voc\u00ea concorda com a nossa\n\t\t\t<a class=\"politics_privacy_ahref\" target=\"_blank\" href=\"https:\/\/gratis.estrategiaconcursos.com.br\/politica-de-privacidade\/\">Pol\u00edtica de Privacidade<\/a> e aceita receber informa\u00e7\u00f5es adicionais do Estrat\u00e9gia Educacional.\n\t\t\t<input id=\"checkbox_layout\" type=\"checkbox\" checked=\"checked\" required \/>\n\t\t\t<span class=\"checkbox\"><\/span>\n\t\t<\/label>\n\t\t<div id=\"msg\"><\/div>\n\t\t<div id=\"error\" class=\"error\">\n\t\t<\/div>\n\t<\/form>\n<\/div><!-- \/new-form -->\n\n\n\n<\/p><h2 class=\"wp-block-heading\" id=\"h-instituicoes-participantes-do-sus-ba\"><span class=\"ez-toc-section\" id=\"Instituicoes-participantes-do-SUS-BA\"><\/span>Institui&ccedil;&otilde;es participantes do SUS-BA<span class=\"ez-toc-section-end\"><\/span><\/h2><p>Confira abaixo as institui&ccedil;&otilde;es participantes do processo seletivo unificado do SUS-BA e a quantidade de vagas totais que cada uma oferta anualmente, com base no &uacute;ltimo processo seletivo:<\/p><figure class=\"wp-block-table\"><table><thead><tr><th> INSTITUI&Ccedil;&Atilde;O <\/th><th class=\"has-text-align-center\" data-align=\"center\"> VAGAS <\/th><\/tr><\/thead><tbody><tr><td>ASSIST&Ecirc;NCIA PSIQUI&Aacute;TRICA E CENTRO DE ESTUDOS LTDA &ndash; APICE<\/td><td class=\"has-text-align-center\" data-align=\"center\">4<\/td><\/tr><tr><td>CENTRO DE DIABETES E ENDOCRINOLOGIA DA BAHIA<\/td><td class=\"has-text-align-center\" data-align=\"center\">3<\/td><\/tr><tr><td>COMPLEXO HOSPITALAR UNIVERSIT&Aacute;RIO PROF. EDGARD SANTOS &ndash; ComHUPES<\/td><td class=\"has-text-align-center\" data-align=\"center\">124<\/td><\/tr><tr><td>ESCOLA BAHIANA DE MEDICINA E SA&Uacute;DE P&Uacute;BLICA &ndash; FBDC<\/td><td class=\"has-text-align-center\" data-align=\"center\">6<\/td><\/tr><tr><td>FACULDADE AGES DE MEDICINA &ndash; IREC&Ecirc;<\/td><td class=\"has-text-align-center\" data-align=\"center\">8<\/td><\/tr><tr><td>FACULDADE AGES DE MEDICINA &ndash; JACOBINA<\/td><td class=\"has-text-align-center\" data-align=\"center\">12<\/td><\/tr><tr><td>FACULDADES INTEGRADAS PADR&Atilde;O DE GUANAMBI<\/td><td class=\"has-text-align-center\" data-align=\"center\">5<\/td><\/tr><tr><td>HOSPITAL ANA NERY<\/td><td class=\"has-text-align-center\" data-align=\"center\">42<\/td><\/tr><tr><td>HOSPITAL ARISTIDES MALTEZ &ndash; LIGA BAHIANA CONTRA O C&Acirc;NCER<\/td><td class=\"has-text-align-center\" data-align=\"center\">13<\/td><\/tr><tr><td>HOSPITAL CALIXTO MIDLEJ FILHO<\/td><td class=\"has-text-align-center\" data-align=\"center\">7<\/td><\/tr><tr><td>HOSPITAL COUTO MAIA<\/td><td class=\"has-text-align-center\" data-align=\"center\">5<\/td><\/tr><tr><td>HOSPITAL DA CIDADE &ndash; INSTITUTO S&Oacute;CRATES GUANAES<\/td><td class=\"has-text-align-center\" data-align=\"center\">8<\/td><\/tr><tr><td>HOSPITAL DA MULHER &ndash; FUNDA&Ccedil;&Atilde;O HOSPITALAR DE FEIRA DE SANTANA<\/td><td class=\"has-text-align-center\" data-align=\"center\">6<\/td><\/tr><tr><td>HOSPITAL DA MULHER &ndash; INSTITUTO FERNANDO FILGUEIRAS<\/td><td class=\"has-text-align-center\" data-align=\"center\">4<\/td><\/tr><tr><td>HOSPITAL DE BASE LU&Iacute;S EDUARDO MAGALH&Atilde;ES<\/td><td class=\"has-text-align-center\" data-align=\"center\">6<\/td><\/tr><tr><td>HOSPITAL DE OLHOS DE FEIRA DE SANTANA<\/td><td class=\"has-text-align-center\" data-align=\"center\">5<\/td><\/tr><tr><td>HOSPITAL DO OESTE &ndash; OBRAS SOCIAIS IRM&Atilde; DULCE<\/td><td class=\"has-text-align-center\" data-align=\"center\">6<\/td><\/tr><tr><td>HOSPITAL DO SUB&Uacute;RBIO &ndash; PRODAL SA&Uacute;DE<\/td><td class=\"has-text-align-center\" data-align=\"center\">19<\/td><\/tr><tr><td>HOSPITAL ESTADUAL DA CRIAN&Ccedil;A &ndash; SESAB<\/td><td class=\"has-text-align-center\" data-align=\"center\">17<\/td><\/tr><tr><td>HOSPITAL GERAL CL&Eacute;RISTON ANDRADE<\/td><td class=\"has-text-align-center\" data-align=\"center\">14<\/td><\/tr><tr><td>HOSPITAL GERAL DE VIT&Oacute;RIA DA CONQUISTA<\/td><td class=\"has-text-align-center\" data-align=\"center\">19<\/td><\/tr><tr><td>HOSPITAL GERAL ERNESTO SIM&Otilde;ES FILHO<\/td><td class=\"has-text-align-center\" data-align=\"center\">20<\/td><\/tr><tr><td>HOSPITAL GERAL ROBERTO SANTOS &ndash; SESAB<\/td><td class=\"has-text-align-center\" data-align=\"center\">109<\/td><\/tr><tr><td>HOSPITAL JULIANO MOREIRA<\/td><td class=\"has-text-align-center\" data-align=\"center\">5<\/td><\/tr><tr><td>HOSPITAL MANOEL NOVAES &ndash; SANTA CASA DE MISERIC&Oacute;DIA DE ITABUNA<\/td><td class=\"has-text-align-center\" data-align=\"center\">5<\/td><\/tr><tr><td>HOSPITAL MANOEL VICTORINO<\/td><td class=\"has-text-align-center\" data-align=\"center\">8<\/td><\/tr><tr><td>HOSPITAL MARTAG&Atilde;O GESTEIRA &ndash; LIGA &Aacute;LVARO BAHIA CONTRA A MORTALIDADE INFANTIL<\/td><td class=\"has-text-align-center\" data-align=\"center\">27<\/td><\/tr><tr><td>HOSPITAL OTORRINOS DE FEIRA DE SANTANA<\/td><td class=\"has-text-align-center\" data-align=\"center\">2<\/td><\/tr><tr><td>HOSPITAL PORTUGU&Ecirc;S DA BAHIA<\/td><td class=\"has-text-align-center\" data-align=\"center\">11<\/td><\/tr><tr><td>HOSPITAL PROFESSOR EL&Aacute;DIO LASSERRE<\/td><td class=\"has-text-align-center\" data-align=\"center\">2<\/td><\/tr><tr><td>HOSPITAL REGIONAL COSTA DO CACAU<\/td><td class=\"has-text-align-center\" data-align=\"center\">6<\/td><\/tr><tr><td>HOSPITAL REGIONAL DE JUAZEIRO &ndash; IMIP<\/td><td class=\"has-text-align-center\" data-align=\"center\">13<\/td><\/tr><tr><td>HOSPITAL REGIONAL DE SANTO ANT&Ocirc;NIO DE JESUS &ndash; IFF<\/td><td class=\"has-text-align-center\" data-align=\"center\">8<\/td><\/tr><tr><td>HOSPITAL REGIONAL DR. M&Aacute;RIO DOURADO SOBRINHO<\/td><td class=\"has-text-align-center\" data-align=\"center\">6<\/td><\/tr><tr><td>HOSPITAL SANTA IZABEL &ndash; SANTA CASA DE MISERIC&Oacute;RDIA DA BAHIA<\/td><td class=\"has-text-align-center\" data-align=\"center\">58<\/td><\/tr><tr><td>HOSPITAL SANTO ANT&Ocirc;NIO &ndash; OBRAS SOCIAIS DE IRM&Atilde; DULCE<\/td><td class=\"has-text-align-center\" data-align=\"center\">78<\/td><\/tr><tr><td>HOSPITAL S&Atilde;O RAFAEL<\/td><td class=\"has-text-align-center\" data-align=\"center\">36<\/td><\/tr><tr><td>HOSPITAL S&Atilde;O VICENTE DE PAULO &ndash; SANTA CASA DE MISERIC&Oacute;RDIA<\/td><td class=\"has-text-align-center\" data-align=\"center\">10<\/td><\/tr><tr><td>INSTITUTO BRASILEIRO DE OFTALMOLOGIA E PREVEN&Ccedil;&Atilde;O DA CEGUEIRA &ndash; HOSPITAL<\/td><td class=\"has-text-align-center\" data-align=\"center\">8<\/td><\/tr><tr><td>INSTITUTO DE PERINATOLOGIA DA BAHIA<\/td><td class=\"has-text-align-center\" data-align=\"center\">6<\/td><\/tr><tr><td>SECRETARIA MUNICIPAL DE SA&Uacute;DE &ndash; PREF. SALVADOR<\/td><td class=\"has-text-align-center\" data-align=\"center\">14<\/td><\/tr><tr><td>SECRETARIA MUNICIPAL DE SA&Uacute;DE DE VIT&Oacute;RIA DA CONQUISTA<\/td><td class=\"has-text-align-center\" data-align=\"center\">10<\/td><\/tr><tr><td>SESAB &ndash; MATERNIDADE DE REFER&Ecirc;NCIA PROF&ordm; JOS&Eacute; M&ordf; DE MAGALH&Atilde;ES NETTO<\/td><td class=\"has-text-align-center\" data-align=\"center\">15<\/td><\/tr><tr><td>SOCIEDADE DE ENSINO SUPERIOR EST&Aacute;CIO DE S&Aacute; LTDA<\/td><td class=\"has-text-align-center\" data-align=\"center\">10<\/td><\/tr><tr><td>UNIVERSIDADE FEDERAL DO SUL DA BAHIA<\/td><td class=\"has-text-align-center\" data-align=\"center\">8<\/td><\/tr><\/tbody><\/table><\/figure><h2 class=\"wp-block-heading\" id=\"h-inscricoes-para-o-sus-ba\"><span class=\"ez-toc-section\" id=\"Inscricoes-para-o-SUS-BA\"><\/span>Inscri&ccedil;&otilde;es para o SUS-BA<span class=\"ez-toc-section-end\"><\/span><\/h2><p>As inscri&ccedil;&otilde;es do SUS-BA s&atilde;o realizadas por meio da <a href=\"https:\/\/strixeducacao.com.br\/evento\/cerem-ba-processo-seletivo-unificado-de-residencia-medica-bahia-2023\/\" target=\"_blank\">plataforma Strix<\/a>, geralmente entre agosto e outubro de cada ano, ap&oacute;s divulga&ccedil;&atilde;o do edital. No &uacute;litmo processo seletivo, as incri&ccedil;&otilde;es aconteceram entre o dia <strong>27 de agosto e 10 de outubro de 2022<\/strong>. <\/p><p>Para participar do SUS-BA, os candidatos precisam pagar a taxa de inscri&ccedil;&atilde;o de <strong>R$ 724,80<\/strong>. Por&eacute;m, h&aacute; a possibilidade de <strong>solicita&ccedil;&atilde;o da<\/strong> <strong>isen&ccedil;&atilde;o da taxa<\/strong>, que p&ocirc;de ser realizada nas duas primeiras semanas de inscri&ccedil;&atilde;o. <\/p><h2 class=\"wp-block-heading\"><span class=\"ez-toc-section\" id=\"O-processo-seletivo-do-SUS-BA\"><\/span>O processo seletivo do SUS-BA<span class=\"ez-toc-section-end\"><\/span><\/h2><p>O SUS-BA conta com apenas <strong>uma fase<\/strong>: a <strong>prova objetiva<\/strong>, que tem car&aacute;ter classificat&oacute;rio e eliminat&oacute;rio.&nbsp;S&atilde;o aplicadas duas provas diferentes, <strong>uma para as especialidades de Acesso Direto<\/strong> e a <strong>outra para as especialidades com Pr&eacute;-Requisito e &Aacute;reas de Atua&ccedil;&atilde;o<\/strong>. Ambas s&atilde;o compostas de testes objetivos com quest&otilde;es de m&uacute;ltipla escolha. <\/p><h3 class=\"wp-block-heading\"><strong>Prova para Acesso Direto e &Aacute;reas B&aacute;sicas<\/strong><\/h3><p>A prova &eacute; composta de <strong>25 quest&otilde;es<\/strong> situa&ccedil;&otilde;es-problema, cada uma com <strong>3 quest&otilde;es cada<\/strong>. Dessas, <strong>15 situa&ccedil;&otilde;es-problema<\/strong> possuem <strong>quest&otilde;es objetivas de m&uacute;ltipla escolha <\/strong>e <strong>10<\/strong> situa&ccedil;&otilde;es-problema contam com <strong>quest&otilde;es objetivas de resposta curta<\/strong>.<\/p><p>Os conte&uacute;dos abordados nas quest&otilde;es seguem as &aacute;reas m&eacute;dicas de:<\/p><ul class=\"wp-block-list\">\n<li>Cl&iacute;nica M&eacute;dica;<\/li>\n\n\n\n<li>Cirurgia Geral;<\/li>\n\n\n\n<li>Ginecologia e Obstetr&iacute;cia;<\/li>\n\n\n\n<li>Pediatria; e<\/li>\n\n\n\n<li>Medicina Preventiva e Social (Sa&uacute;de Coletiva e Medicina da Fam&iacute;lia e Comunidade).<\/li>\n<\/ul><h3 class=\"wp-block-heading\"><strong>Prova para Pr&eacute;-Requisito e &Aacute;reas de Atua&ccedil;&atilde;o<\/strong><\/h3><p>A prova &eacute; composta por 15 situa&ccedil;&otilde;es-problema, cada uma com 3 quest&otilde;es objetivas de m&uacute;ltipla escolha. Os conte&uacute;dos abordados nas quest&otilde;es dessa prova s&atilde;o baseados no pr&eacute;-requisito determinado para cada especialidade ou &aacute;rea.<\/p><h2 class=\"wp-block-heading\" id=\"h-concorrencia-da-residencia-medica-sus-ba\"><span class=\"ez-toc-section\" id=\"Concorrencia-da-Residencia-Medica-SUS-BA\"><\/span>Concorr&ecirc;ncia da Resid&ecirc;ncia M&eacute;dica SUS-BA<span class=\"ez-toc-section-end\"><\/span><\/h2><p>Para mensurar a concorr&ecirc;ncia dos programas ofertados pelo SUS-BA, confira como foi o &uacute;ltimo seletivo. A &uacute;ltima sele&ccedil;&atilde;o obteve <strong><strong>3.951 inscritos&nbsp;<\/strong>concorrendo &agrave;s 862 vagas ofertadas no SUS-BA 2023, o que acarretou em uma rela&ccedil;&atilde;o candidato\/vaga geral de 4,58.<\/strong>&nbsp;Agora, confira como ficou a concorr&ecirc;ncia entre as especialidades:<\/p><figure class=\"wp-block-table\"><table><thead><tr><th>PROGRAMA<\/th><th class=\"has-text-align-center\" data-align=\"center\">CONCORR&Ecirc;NCIA<\/th><\/tr><\/thead><tbody><tr><td><a class=\"wl-entity-page-link\" href=\"https:\/\/med.estrategia.com\/portal\/entidade\/anestesiologia\/\" data-id=\"\/entity\/anestesiologia;http:\/\/www.wikidata.org\/entity\/Q615057;https:\/\/data.wordlift.io\/wl106637\/entity\/anestesiologia\">ANESTESIOLOGIA<\/a><\/td><td class=\"has-text-align-center\" data-align=\"center\">14,53<\/td><\/tr><tr><td><a class=\"wl-entity-page-link\" title=\"Cirurgia&nbsp;Geral\" href=\"https:\/\/med.estrategia.com\/portal\/entidade\/cirurgia-geral\/\" data-id=\"\/entity\/cirurgia-geral;http:\/\/dbpedia.org\/resource\/General_surgery;http:\/\/pt.dbpedia.org\/resource\/Cirurgia_geral;http:\/\/en.dbpedia.org\/resource\/General_surgery;http:\/\/it.dbpedia.org\/resource\/Chirurgia_generale;http:\/\/tr.dbpedia.org\/resource\/Genel_cerrahi;http:\/\/ca.dbpedia.org\/resource\/Cirurgia_general_i_digestiva;http:\/\/nl.dbpedia.org\/resource\/Algemene_chirurgie;http:\/\/ru.dbpedia.org\/resource\/&#1054;&#1073;&#1097;&#1072;&#1103;_&#1093;&#1080;&#1088;&#1091;&#1088;&#1075;&#1080;&#1103;;http:\/\/hu.dbpedia.org\/resource\/&Aacute;ltal&aacute;nos_seb&eacute;szet;http:\/\/es.dbpedia.org\/resource\/Cirug&iacute;a_general;http:\/\/pl.dbpedia.org\/resource\/Chirurgia_og&oacute;lna;http:\/\/ro.dbpedia.org\/resource\/Chirurgie_general&#259;;https:\/\/data.wordlift.io\/wl106637\/entity\/cirurgia-geral\">CIRURGIA GERAL<\/a> (3 ANOS)<\/td><td class=\"has-text-align-center\" data-align=\"center\">6,62<\/td><\/tr><tr><td>CL&Iacute;NICA M&Eacute;DICA<\/td><td class=\"has-text-align-center\" data-align=\"center\">3,25<\/td><\/tr><tr><td>DERMATOLOGIA<\/td><td class=\"has-text-align-center\" data-align=\"center\">16,83<\/td><\/tr><tr><td>GEN&Eacute;TICA M&Eacute;DICA<\/td><td class=\"has-text-align-center\" data-align=\"center\">2,67<\/td><\/tr><tr><td><a class=\"wl-entity-page-link\" title=\"Ginecologia E Obstetr&iacute;cia\" href=\"https:\/\/med.estrategia.com\/portal\/entidade\/ginecologia-e-obstetricia\/\" data-id=\"\/entity\/ginecologia-e-obstetricia;http:\/\/www.wikidata.org\/entity\/Q80015;https:\/\/data.wordlift.io\/wl106637\/entity\/ginecologia-e-obstetricia\">GINECOLOGIA E OBSTETR&Iacute;CIA<\/a><\/td><td class=\"has-text-align-center\" data-align=\"center\">9,67<\/td><\/tr><tr><td>INFECTOLOGIA<\/td><td class=\"has-text-align-center\" data-align=\"center\">2,83<\/td><\/tr><tr><td>MEDICINA DE EMERG&Ecirc;NCIA<\/td><td class=\"has-text-align-center\" data-align=\"center\">2,22<\/td><\/tr><tr><td><a class=\"wl-entity-page-link\" title=\"Medicina de fam&iacute;lia e comunidade\" href=\"https:\/\/med.estrategia.com\/portal\/entidade\/medicina-de-familia-e-comunidade\/\" data-id=\"\/entity\/medicina-de-familia-e-comunidade;http:\/\/www.wikidata.org\/entity\/Q3853766;https:\/\/data.wordlift.io\/wl106637\/entity\/medicina-de-familia-e-comunidade\">MEDICINA DE FAM&Iacute;LIA E COMUNIDADE<\/a><\/td><td class=\"has-text-align-center\" data-align=\"center\">1,49<\/td><\/tr><tr><td>MEDICINA DO TRABALHO<\/td><td class=\"has-text-align-center\" data-align=\"center\">2,67<\/td><\/tr><tr><td>MEDICINA INTENSIVA<\/td><td class=\"has-text-align-center\" data-align=\"center\">2,04<\/td><\/tr><tr><td>NEUROCIRURGIA<\/td><td class=\"has-text-align-center\" data-align=\"center\">16,50<\/td><\/tr><tr><td>NEUROLOGIA<\/td><td class=\"has-text-align-center\" data-align=\"center\">7,53<\/td><\/tr><tr><td>OFTALMOLOGIA<\/td><td class=\"has-text-align-center\" data-align=\"center\">9,04<\/td><\/tr><tr><td>ORTOPEDIA E TRAUMATOLOGIA<\/td><td class=\"has-text-align-center\" data-align=\"center\">2,68<\/td><\/tr><tr><td><a class=\"wl-entity-page-link\" title=\"psiquiatria\" href=\"https:\/\/med.estrategia.com\/portal\/entidade\/otorrinolaringologia\/\" data-id=\"\/entity\/otorrinolaringologia;http:\/\/dbpedia.org\/resource\/Otorhinolaryngology;http:\/\/de.dbpedia.org\/resource\/Hals-Nasen-Ohren-Heilkunde;http:\/\/pt.dbpedia.org\/resource\/Otorrinolaringologia;http:\/\/hr.dbpedia.org\/resource\/Otorinolaringologija;http:\/\/fr.dbpedia.org\/resource\/Oto-rhino-laryngologie;http:\/\/sl.dbpedia.org\/resource\/Otorinolaringologija;http:\/\/id.dbpedia.org\/resource\/Otolaringologi;http:\/\/sq.dbpedia.org\/resource\/Otorinolaringologjia;http:\/\/ca.dbpedia.org\/resource\/Otorinolaringologia;http:\/\/en.dbpedia.org\/resource\/Otorhinolaryngology;http:\/\/it.dbpedia.org\/resource\/Otorinolaringoiatria;http:\/\/cs.dbpedia.org\/resource\/Otorhinolaryngologie;http:\/\/pl.dbpedia.org\/resource\/Otorynolaryngologia;http:\/\/ro.dbpedia.org\/resource\/Otorinolaringologie;http:\/\/da.dbpedia.org\/resource\/Oto-rhino-laryngologi;http:\/\/nl.dbpedia.org\/resource\/Otorinolaryngologie;http:\/\/tr.dbpedia.org\/resource\/Otorinolarengoloji;http:\/\/no.dbpedia.org\/resource\/&Oslash;re-nese-hals;http:\/\/be.dbpedia.org\/resource\/&#1054;&#1090;&#1072;&#1088;&#1099;&#1085;&#1072;&#1083;&#1072;&#1088;&#1099;&#1085;&#1075;&#1072;&#1083;&#1086;&#1075;&#1110;&#1103;;http:\/\/ru.dbpedia.org\/resource\/&#1054;&#1090;&#1086;&#1088;&#1080;&#1085;&#1086;&#1083;&#1072;&#1088;&#1080;&#1085;&#1075;&#1086;&#1083;&#1086;&#1075;&#1080;&#1103;;http:\/\/bg.dbpedia.org\/resource\/&#1054;&#1090;&#1086;&#1088;&#1080;&#1085;&#1086;&#1083;&#1072;&#1088;&#1080;&#1085;&#1075;&#1086;&#1083;&#1086;&#1075;&#1080;&#1103;;http:\/\/uk.dbpedia.org\/resource\/&#1054;&#1090;&#1086;&#1088;&#1080;&#1085;&#1086;&#1083;&#1072;&#1088;&#1080;&#1085;&#1075;&#1086;&#1083;&#1086;&#1075;&#1110;&#1103;;http:\/\/sk.dbpedia.org\/resource\/Otorinolaryngol&oacute;gia;http:\/\/sv.dbpedia.org\/resource\/&Ouml;ron-,_n&auml;s-_och_halssjukdomar;http:\/\/es.dbpedia.org\/resource\/Otorrinolaringolog&iacute;a;https:\/\/data.wordlift.io\/wl106637\/entity\/otorrinolaringologia\">OTORRINOLARINGOLOGIA<\/a><\/td><td class=\"has-text-align-center\" data-align=\"center\">14,91<\/td><\/tr><tr><td><a class=\"wl-entity-page-link\" title=\"PEDI&Aacute;TRICA\" href=\"https:\/\/med.estrategia.com\/portal\/entidade\/pediatria\/\" data-id=\"\/entity\/pediatria;http:\/\/dbpedia.org\/resource\/Pediatrics;http:\/\/pt.dbpedia.org\/resource\/Pediatria;http:\/\/lt.dbpedia.org\/resource\/Pediatrija;http:\/\/hr.dbpedia.org\/resource\/Pedijatrija;http:\/\/lv.dbpedia.org\/resource\/Pediatrija;http:\/\/id.dbpedia.org\/resource\/Pediatri;http:\/\/en.dbpedia.org\/resource\/Pediatrics;http:\/\/it.dbpedia.org\/resource\/Pediatria;http:\/\/et.dbpedia.org\/resource\/Pediaatria;http:\/\/ro.dbpedia.org\/resource\/Pediatrie;http:\/\/nl.dbpedia.org\/resource\/Pediatrie;http:\/\/no.dbpedia.org\/resource\/Pediatri;http:\/\/fi.dbpedia.org\/resource\/Lastentaudit;http:\/\/sk.dbpedia.org\/resource\/Pediatria;http:\/\/sl.dbpedia.org\/resource\/Pediatrija;http:\/\/sq.dbpedia.org\/resource\/Pediatria;http:\/\/ca.dbpedia.org\/resource\/Pediatria;http:\/\/sv.dbpedia.org\/resource\/Pediatrik;http:\/\/cs.dbpedia.org\/resource\/Pediatrie;http:\/\/pl.dbpedia.org\/resource\/Pediatria;http:\/\/tr.dbpedia.org\/resource\/Pediyatri;http:\/\/de.dbpedia.org\/resource\/P&auml;diatrie;http:\/\/uk.dbpedia.org\/resource\/&#1055;&#1077;&#1076;&#1110;&#1072;&#1090;&#1088;&#1110;&#1103;;http:\/\/es.dbpedia.org\/resource\/Pediatr&iacute;a;http:\/\/ru.dbpedia.org\/resource\/&#1055;&#1077;&#1076;&#1080;&#1072;&#1090;&#1088;&#1080;&#1103;;http:\/\/be.dbpedia.org\/resource\/&#1055;&#1077;&#1076;&#1099;&#1103;&#1090;&#1088;&#1099;&#1103;;http:\/\/bg.dbpedia.org\/resource\/&#1055;&#1077;&#1076;&#1080;&#1072;&#1090;&#1088;&#1080;&#1103;;http:\/\/fr.dbpedia.org\/resource\/P&eacute;diatrie;http:\/\/sr.dbpedia.org\/resource\/&#1055;&#1077;&#1076;&#1080;&#1112;&#1072;&#1090;&#1088;&#1080;&#1112;&#1072;;http:\/\/da.dbpedia.org\/resource\/P&aelig;diatri;https:\/\/data.wordlift.io\/wl106637\/entity\/pediatria\">PEDIATRIA<\/a><\/td><td class=\"has-text-align-center\" data-align=\"center\">1,98<\/td><\/tr><tr><td>PSIQUIATRIA<\/td><td class=\"has-text-align-center\" data-align=\"center\">18,81<\/td><\/tr><tr><td><a class=\"wl-entity-page-link\" title=\"Radiologia e Diagn&oacute;stico por Imagem\" href=\"https:\/\/med.estrategia.com\/portal\/entidade\/radiologia-e-diagnostico-por-imagem\/\" data-id=\"\/entity\/radiologia-e-diagnostico-por-imagem;http:\/\/pt.dbpedia.org\/resource\/Diagn&oacute;stico_por_imagem;https:\/\/data.wordlift.io\/wl106637\/entity\/radiologia-e-diagnostico-por-imagem\">RADIOLOGIA E DIAGN&Oacute;STICO POR IMAGEM<\/a><\/td><td class=\"has-text-align-center\" data-align=\"center\">6,81<\/td><\/tr><tr><td>RADIOTERAPIA<\/td><td class=\"has-text-align-center\" data-align=\"center\">6,00<\/td><\/tr><\/tbody><\/table><\/figure><p>Quer conferir a <strong>concorr&ecirc;ncia das demais especialidades<\/strong>? <a href=\"https:\/\/med.estrategia.com\/portal\/noticias\/sus-ba-divulga-concorrencia-do-seletivo-2023\/\" target=\"_blank\">Clique aqui!<\/a><\/p><h2 class=\"wp-block-heading\"><span class=\"ez-toc-section\" id=\"Nota-de-corte-SUS-BA\"><\/span>Nota de corte SUS-BA<span class=\"ez-toc-section-end\"><\/span><\/h2><figure class=\"wp-block-table\"><table class=\"has-fixed-layout\"><thead><tr><th>PROGRAMAS DE ACESSO DIRETO<\/th><th class=\"has-text-align-center\" data-align=\"center\">NOTA DE CORTE<\/th><\/tr><\/thead><tbody><tr><td>ANESTESIOLOGIA<\/td><td class=\"has-text-align-center\" data-align=\"center\">19,4<\/td><\/tr><tr><td>CIRURGIA GERAL (3 ANOS)<\/td><td class=\"has-text-align-center\" data-align=\"center\">16,85<\/td><\/tr><tr><td>CL&Iacute;NICA M&Eacute;DICA<\/td><td class=\"has-text-align-center\" data-align=\"center\">15,55<\/td><\/tr><tr><td>DERMATOLOGIA<\/td><td class=\"has-text-align-center\" data-align=\"center\">20,57<\/td><\/tr><tr><td>GEN&Eacute;TICA M&Eacute;DICA<\/td><td class=\"has-text-align-center\" data-align=\"center\">15,45<\/td><\/tr><tr><td>GINECOLOGIA E OBSTETR&Iacute;CIA<\/td><td class=\"has-text-align-center\" data-align=\"center\">17,8<\/td><\/tr><tr><td>INFECTOLOGIA<\/td><td class=\"has-text-align-center\" data-align=\"center\">16,15<\/td><\/tr><tr><td>MEDICINA DE EMERG&Ecirc;NCIA<\/td><td class=\"has-text-align-center\" data-align=\"center\">13,2<\/td><\/tr><tr><td>MEDICINA DE FAM&Iacute;LIA E COMUNIDADE<\/td><td class=\"has-text-align-center\" data-align=\"center\">11,3<\/td><\/tr><tr><td>MEDICINA DO TRABALHO<\/td><td class=\"has-text-align-center\" data-align=\"center\">12,2<\/td><\/tr><tr><td>MEDICINA INTENSIVA<\/td><td class=\"has-text-align-center\" data-align=\"center\">13,65<\/td><\/tr><tr><td>NEUROCIRURGIA<\/td><td class=\"has-text-align-center\" data-align=\"center\">20,75<\/td><\/tr><tr><td>NEUROLOGIA<\/td><td class=\"has-text-align-center\" data-align=\"center\">18,6<\/td><\/tr><tr><td>OFTALMOLOGIA<\/td><td class=\"has-text-align-center\" data-align=\"center\">18,35<\/td><\/tr><tr><td>ORTOPEDIA E TRAUMATOLOGIA<\/td><td class=\"has-text-align-center\" data-align=\"center\">13<\/td><\/tr><tr><td>OTORRINOLARINGOLOGIA<\/td><td class=\"has-text-align-center\" data-align=\"center\">20,1<\/td><\/tr><tr><td>PEDIATRIA<\/td><td class=\"has-text-align-center\" data-align=\"center\">12,3<\/td><\/tr><tr><td>PSIQUIATRIA<\/td><td class=\"has-text-align-center\" data-align=\"center\">18,8<\/td><\/tr><tr><td>RADIOLOGIA E DIAGN&Oacute;STICO POR IMAGEM<\/td><td class=\"has-text-align-center\" data-align=\"center\">17,25<\/td><\/tr><tr><td>RADIOTERAPIA<\/td><td class=\"has-text-align-center\" data-align=\"center\">15,15<\/td><\/tr><\/tbody><\/table><figcaption class=\"wp-element-caption\">Nota de corte equivalente &agrave; pontua&ccedil;&atilde;o m&iacute;nima para ser convocado para matr&iacute;cula em 1&ordf; chamada<\/figcaption><\/figure><div class=\"wp-block-buttons is-content-justification-center is-layout-flex wp-container-core-buttons-is-layout-2 wp-block-buttons-is-layout-flex\">\n<div class=\"wp-block-button\"><a class=\"wp-block-button__link wp-element-button\" href=\"https:\/\/med.estrategia.com\/portal\/residencia-medica\/notas-de-corte-para-residencia-medica-bahia\/\" target=\"_blank\">Confira as notas de corte dos demais programas<\/a><\/div>\n<\/div><h2 class=\"wp-block-heading\"><span class=\"ez-toc-section\" id=\"Como-foi-a-ultima-edicao-do-SUS-BA\"><\/span>Como foi a &uacute;ltima edi&ccedil;&atilde;o do SUS-BA<span class=\"ez-toc-section-end\"><\/span><\/h2><p>A plataforma Strix, respons&aacute;vel por divulgar o concurso do SUS-BA, liberou no dia <strong>26 de agosto de 2022 <\/strong>o Edital Completo do seletivo para ingresso dos residentes em 2023. Confira:<\/p><div class=\"wp-block-buttons is-horizontal is-content-justification-center is-layout-flex wp-container-core-buttons-is-layout-3 wp-block-buttons-is-layout-flex\">\n<div class=\"wp-block-button\"><a class=\"wp-block-button__link has-light-green-cyan-to-vivid-green-cyan-gradient-background has-background wp-element-button\" href=\"https:\/\/med.estrategia.com\/portal\/wp-content\/uploads\/2022\/08\/CEREM-BA_2023_Edital-de-Abertura-de-Inscricoes_20220827.pdf\" target=\"_blank\">Edital SUS-BA 2023<\/a><\/div>\n<\/div><figure class=\"wp-block-embed is-type-video is-provider-youtube wp-block-embed-youtube wp-embed-aspect-16-9 wp-has-aspect-ratio\"><div class=\"wp-block-embed__wrapper\">\n<div class=\"cs-embed cs-embed-responsive\"><iframe title=\"Tudo sobre o edital da Resid&ecirc;ncia M&eacute;dica SUS-BA 2023!\" width=\"1200\" height=\"675\" src=\"https:\/\/www.youtube.com\/embed\/4bHoY2wCo7o?feature=oembed\" frameborder=\"0\" allow=\"accelerometer; autoplay; clipboard-write; encrypted-media; gyroscope; picture-in-picture; web-share\" allowfullscreen><\/iframe><\/div>\n<\/div><\/figure><h3 class=\"wp-block-heading\">Especialidades e Vagas de Resid&ecirc;ncia M&eacute;dica SUS-BA 2023<\/h3><p>O processo seletivo para Resid&ecirc;ncia M&eacute;dica da SUS BA 2023 ofereceu, no total, 862 vagas. Elas foram distribu&iacute;das entre especialidades de Acesso Direto, com Pr&eacute;-Requisito, Ano Adicional e &Aacute;reas de Atua&ccedil;&atilde;o para atua&ccedil;&atilde;o em 46 institui&ccedil;&otilde;es diferentes. Confira:<\/p><figure class=\"wp-block-table is-style-stripes\"><table class=\"has-black-color has-light-green-cyan-to-vivid-green-cyan-gradient-background has-text-color has-background has-fixed-layout\"><thead><tr><th>Especialidades de Acesso Direto<\/th><th class=\"has-text-align-center\" data-align=\"center\">Vagas<\/th><\/tr><\/thead><tbody><tr><td>Anestesiologia<\/td><td class=\"has-text-align-center\" data-align=\"center\">34<\/td><\/tr><tr><td>Cirurgia Geral<\/td><td class=\"has-text-align-center\" data-align=\"center\">65<\/td><\/tr><tr><td>Cl&iacute;nica M&eacute;dica<\/td><td class=\"has-text-align-center\" data-align=\"center\">141<\/td><\/tr><tr><td>Dermatologia<\/td><td class=\"has-text-align-center\" data-align=\"center\">6<\/td><\/tr><tr><td>Gen&eacute;tica M&eacute;dica<\/td><td class=\"has-text-align-center\" data-align=\"center\">3<\/td><\/tr><tr><td>Ginecologia e Obstetr&iacute;cia<\/td><td class=\"has-text-align-center\" data-align=\"center\">43<\/td><\/tr><tr><td>Infectologia<\/td><td class=\"has-text-align-center\" data-align=\"center\">12<\/td><\/tr><tr><td>Medicina de Emerg&ecirc;ncia<\/td><td class=\"has-text-align-center\" data-align=\"center\">9<\/td><\/tr><tr><td>Medicina de Fam&iacute;lia e Comunidade<\/td><td class=\"has-text-align-center\" data-align=\"center\">61<\/td><\/tr><tr><td>Medicina do Trabalho<\/td><td class=\"has-text-align-center\" data-align=\"center\">3<\/td><\/tr><tr><td>Medicina Intensiva<\/td><td class=\"has-text-align-center\" data-align=\"center\">23<\/td><\/tr><tr><td>Neurocirurgia<\/td><td class=\"has-text-align-center\" data-align=\"center\">2<\/td><\/tr><tr><td>Neurologia<\/td><td class=\"has-text-align-center\" data-align=\"center\">15<\/td><\/tr><tr><td>Oftalmologia<\/td><td class=\"has-text-align-center\" data-align=\"center\">25<\/td><\/tr><tr><td>Ortopedia e Traumatologia<\/td><td class=\"has-text-align-center\" data-align=\"center\">50<\/td><\/tr><tr><td>Otorrinolaringologia<\/td><td class=\"has-text-align-center\" data-align=\"center\">11<\/td><\/tr><tr><td>Pediatria<\/td><td class=\"has-text-align-center\" data-align=\"center\">95<\/td><\/tr><tr><td>Psiquiatria<\/td><td class=\"has-text-align-center\" data-align=\"center\">16<\/td><\/tr><tr><td>Radiologia e Diagn&oacute;stico por Imagem<\/td><td class=\"has-text-align-center\" data-align=\"center\">16<\/td><\/tr><tr><td>Radioterapia<\/td><td class=\"has-text-align-center\" data-align=\"center\">1<\/td><\/tr><\/tbody><tfoot><tr><td><strong>TOTAL<\/strong><\/td><td class=\"has-text-align-center\" data-align=\"center\"><strong>631<\/strong><\/td><\/tr><\/tfoot><\/table><\/figure><figure class=\"wp-block-table is-style-stripes\"><table class=\"has-light-green-cyan-to-vivid-green-cyan-gradient-background has-background has-fixed-layout\"><thead><tr><th>Especialidades com Pr&eacute;-Requisito, Ano Adicional e &Aacute;reas de Atua&ccedil;&atilde;o<\/th><th class=\"has-text-align-center\" data-align=\"center\">Vagas<\/th><\/tr><\/thead><tbody><tr><td>Angiorradiologia e Cirurgia Endovascular<\/td><td class=\"has-text-align-center\" data-align=\"center\">3<\/td><\/tr><tr><td>Ano adicional em Ortopedia<\/td><td class=\"has-text-align-center\" data-align=\"center\">2<\/td><\/tr><tr><td>Cardiologia<\/td><td class=\"has-text-align-center\" data-align=\"center\">32<\/td><\/tr><tr><td>Cardiologia Pedi&aacute;trica (C)<\/td><td class=\"has-text-align-center\" data-align=\"center\">1<\/td><\/tr><tr><td>Cardiologia Pedi&aacute;trica (P)<\/td><td class=\"has-text-align-center\" data-align=\"center\">7<\/td><\/tr><tr><td>Cirurgia de Cabe&ccedil;a e Pesco&ccedil;o<\/td><td class=\"has-text-align-center\" data-align=\"center\">3<\/td><\/tr><tr><td><a class=\"wl-entity-page-link\" href=\"https:\/\/med.estrategia.com\/portal\/entidade\/cirurgia-do-aparelho-digestivo\/\" data-id=\"\/entity\/cirurgia-do-aparelho-digestivo;http:\/\/dbpedia.org\/resource\/Abdominal_surgery;http:\/\/de.dbpedia.org\/resource\/Viszeralchirurgie;http:\/\/ru.dbpedia.org\/resource\/&#1040;&#1073;&#1076;&#1086;&#1084;&#1080;&#1085;&#1072;&#1083;&#1100;&#1085;&#1072;&#1103;_&#1093;&#1080;&#1088;&#1091;&#1088;&#1075;&#1080;&#1103;;http:\/\/pt.dbpedia.org\/resource\/Cirurgia_do_aparelho_digestivo;http:\/\/en.dbpedia.org\/resource\/Abdominal_surgery;http:\/\/hr.dbpedia.org\/resource\/Abdominalna_kirurgija;http:\/\/it.dbpedia.org\/resource\/Chirurgia_addominale;https:\/\/data.wordlift.io\/wl106637\/entity\/cirurgia-do-aparelho-digestivo\">Cirurgia do Aparelho Digestivo<\/a><\/td><td class=\"has-text-align-center\" data-align=\"center\">3<\/td><\/tr><tr><td>Cirurgia Oncol&oacute;gica<\/td><td class=\"has-text-align-center\" data-align=\"center\">6<\/td><\/tr><tr><td>Cirurgia Pedi&aacute;trica<\/td><td class=\"has-text-align-center\" data-align=\"center\">5<\/td><\/tr><tr><td><a class=\"wl-entity-page-link\" href=\"https:\/\/med.estrategia.com\/portal\/entidade\/cirurgia-vascular\/\" data-id=\"\/entity\/cirurgia-vascular;https:\/\/pt.wikipedia.org\/wiki\/Cirurgia_vascular;https:\/\/data.wordlift.io\/wl106637\/entity\/cirurgia-vascular\">Cirurgia Vascular<\/a><\/td><td class=\"has-text-align-center\" data-align=\"center\">11<\/td><\/tr><tr><td>Cirurgia Pl&aacute;stica<\/td><td class=\"has-text-align-center\" data-align=\"center\">6<\/td><\/tr><tr><td><a class=\"wl-entity-page-link\" href=\"https:\/\/med.estrategia.com\/portal\/entidade\/coloproctologia\/\" data-id=\"\/entity\/coloproctologia;http:\/\/www.wikidata.org\/entity\/Q1413084;https:\/\/data.wordlift.io\/wl106637\/entity\/coloproctologia\">Coloproctologia<\/a><\/td><td class=\"has-text-align-center\" data-align=\"center\">5<\/td><\/tr><tr><td>Dor<\/td><td class=\"has-text-align-center\" data-align=\"center\">1<\/td><\/tr><tr><td>Ecocardiografia<\/td><td class=\"has-text-align-center\" data-align=\"center\">2<\/td><\/tr><tr><td>Ecografia Vascular com Doppler<\/td><td class=\"has-text-align-center\" data-align=\"center\">2<\/td><\/tr><tr><td>Endocrinologia e Metabologia<\/td><td class=\"has-text-align-center\" data-align=\"center\">10<\/td><\/tr><tr><td>Endocrinologia Pedi&aacute;trica <\/td><td class=\"has-text-align-center\" data-align=\"center\">2<\/td><\/tr><tr><td>Endoscopia <\/td><td class=\"has-text-align-center\" data-align=\"center\">2<\/td><\/tr><tr><td>Endoscopia Digestiva<\/td><td class=\"has-text-align-center\" data-align=\"center\">4<\/td><\/tr><tr><td>Endoscopia Ginecol&oacute;gica<\/td><td class=\"has-text-align-center\" data-align=\"center\">2<\/td><\/tr><tr><td>Gastroenterologia Pedi&aacute;trica<\/td><td class=\"has-text-align-center\" data-align=\"center\">2<\/td><\/tr><tr><td>Gastroenterologia  <\/td><td class=\"has-text-align-center\" data-align=\"center\">11<\/td><\/tr><tr><td><a class=\"wl-entity-page-link\" href=\"https:\/\/med.estrategia.com\/portal\/entidade\/geriatria\/\" data-id=\"\/entity\/geriatria;http:\/\/www.wikidata.org\/entity\/Q10384;https:\/\/data.wordlift.io\/wl106637\/entity\/geriatria\">Geriatria<\/a><\/td><td class=\"has-text-align-center\" data-align=\"center\">4<\/td><\/tr><tr><td>Hematologia e Hemoterapia Pedi&aacute;trica<\/td><td class=\"has-text-align-center\" data-align=\"center\">2<\/td><\/tr><tr><td>Hematologia e Hemoterapia<\/td><td class=\"has-text-align-center\" data-align=\"center\">4<\/td><\/tr><tr><td>Hemodin&acirc;mica e Cardiologia Intervencionista<\/td><td class=\"has-text-align-center\" data-align=\"center\">1<\/td><\/tr><tr><td>Hepatologia<\/td><td class=\"has-text-align-center\" data-align=\"center\">2<\/td><\/tr><tr><td>Mastologia<\/td><td class=\"has-text-align-center\" data-align=\"center\">6<\/td><\/tr><tr><td>Medicina Intensiva Pedi&aacute;trica<\/td><td class=\"has-text-align-center\" data-align=\"center\">15<\/td><\/tr><tr><td><a class=\"wl-entity-page-link\" title=\"Nefrologista\" href=\"https:\/\/med.estrategia.com\/portal\/entidade\/nefrologia\/\" data-id=\"\/entity\/nefrologia;http:\/\/dbpedia.org\/resource\/Nephrology;http:\/\/de.dbpedia.org\/resource\/Nephrologie;http:\/\/pt.dbpedia.org\/resource\/Nefrologia;http:\/\/lt.dbpedia.org\/resource\/Nefrologija;http:\/\/hr.dbpedia.org\/resource\/Nefrologija;http:\/\/hu.dbpedia.org\/resource\/Nefrol&oacute;gia;http:\/\/uk.dbpedia.org\/resource\/&#1053;&#1077;&#1092;&#1088;&#1086;&#1083;&#1086;&#1075;&#1110;&#1103;;http:\/\/id.dbpedia.org\/resource\/Nefrologi;http:\/\/en.dbpedia.org\/resource\/Nephrology;http:\/\/it.dbpedia.org\/resource\/Nefrologia;http:\/\/es.dbpedia.org\/resource\/Nefrolog&iacute;a;http:\/\/et.dbpedia.org\/resource\/Nefroloogia;http:\/\/ro.dbpedia.org\/resource\/Nefrologie;http:\/\/nl.dbpedia.org\/resource\/Nefrologie;http:\/\/no.dbpedia.org\/resource\/Nefrologi;http:\/\/be.dbpedia.org\/resource\/&#1053;&#1077;&#1092;&#1088;&#1072;&#1083;&#1086;&#1075;&#1110;&#1103;;http:\/\/ru.dbpedia.org\/resource\/&#1053;&#1077;&#1092;&#1088;&#1086;&#1083;&#1086;&#1075;&#1080;&#1103;;http:\/\/fi.dbpedia.org\/resource\/Nefrologia;http:\/\/bg.dbpedia.org\/resource\/&#1053;&#1077;&#1092;&#1088;&#1086;&#1083;&#1086;&#1075;&#1080;&#1103;;http:\/\/fr.dbpedia.org\/resource\/N&eacute;phrologie;http:\/\/sk.dbpedia.org\/resource\/Nefrol&oacute;gia;http:\/\/sl.dbpedia.org\/resource\/Nefrologija;http:\/\/sq.dbpedia.org\/resource\/Nefrologjia;http:\/\/ca.dbpedia.org\/resource\/Nefrologia;http:\/\/sr.dbpedia.org\/resource\/&#1053;&#1077;&#1092;&#1088;&#1086;&#1083;&#1086;&#1075;&#1080;&#1112;&#1072;;http:\/\/sv.dbpedia.org\/resource\/Nefrologi;http:\/\/cs.dbpedia.org\/resource\/Nefrologie;http:\/\/pl.dbpedia.org\/resource\/Nefrologia;http:\/\/da.dbpedia.org\/resource\/Nefrologi;http:\/\/tr.dbpedia.org\/resource\/Nefroloji;https:\/\/data.wordlift.io\/wl106637\/entity\/nefrologia\">Nefrologia<\/a><\/td><td class=\"has-text-align-center\" data-align=\"center\">13<\/td><\/tr><tr><td>Neonatologia<\/td><td class=\"has-text-align-center\" data-align=\"center\">16<\/td><\/tr><tr><td>Neurologia Pedi&aacute;trica<\/td><td class=\"has-text-align-center\" data-align=\"center\">6<\/td><\/tr><tr><td>Nutrologia <\/td><td class=\"has-text-align-center\" data-align=\"center\">4<\/td><\/tr><tr><td>Oncologia Cl&iacute;nica<\/td><td class=\"has-text-align-center\" data-align=\"center\">9<\/td><\/tr><tr><td>Oncologia Pedi&aacute;trica<\/td><td class=\"has-text-align-center\" data-align=\"center\">4<\/td><\/tr><tr><td>Pneumologia <\/td><td class=\"has-text-align-center\" data-align=\"center\">4<\/td><\/tr><tr><td>Pneumologia Pedi&aacute;trica<\/td><td class=\"has-text-align-center\" data-align=\"center\">2<\/td><\/tr><tr><td>Psiquiatria da Inf&acirc;ncia e Adolesc&ecirc;ncia<\/td><td class=\"has-text-align-center\" data-align=\"center\">2<\/td><\/tr><tr><td><a class=\"wl-entity-page-link\" href=\"https:\/\/med.estrategia.com\/portal\/entidade\/reumatologia\/\" data-id=\"\/entity\/reumatologia;http:\/\/dbpedia.org\/resource\/Rheumatology;http:\/\/de.dbpedia.org\/resource\/Rheumatologie;http:\/\/no.dbpedia.org\/resource\/Revmatologi;http:\/\/ru.dbpedia.org\/resource\/&#1056;&#1077;&#1074;&#1084;&#1072;&#1090;&#1086;&#1083;&#1086;&#1075;&#1080;&#1103;;http:\/\/pt.dbpedia.org\/resource\/Reumatologia;http:\/\/fr.dbpedia.org\/resource\/Rhumatologie;http:\/\/sk.dbpedia.org\/resource\/Reumatol&oacute;gia;http:\/\/sl.dbpedia.org\/resource\/Revmatologija;http:\/\/id.dbpedia.org\/resource\/Rematologi;http:\/\/ca.dbpedia.org\/resource\/Reumatologia;http:\/\/sv.dbpedia.org\/resource\/Reumatologi;http:\/\/en.dbpedia.org\/resource\/Rheumatology;http:\/\/it.dbpedia.org\/resource\/Reumatologia;http:\/\/es.dbpedia.org\/resource\/Reumatolog&iacute;a;http:\/\/et.dbpedia.org\/resource\/Reumatoloogia;http:\/\/pl.dbpedia.org\/resource\/Reumatologia;http:\/\/tr.dbpedia.org\/resource\/Romatoloji;http:\/\/nl.dbpedia.org\/resource\/Reumatologie;https:\/\/data.wordlift.io\/wl106637\/entity\/reumatologia\">Reumatologia<\/a><\/td><td class=\"has-text-align-center\" data-align=\"center\">3<\/td><\/tr><tr><td><a class=\"wl-entity-page-link\" href=\"https:\/\/med.estrategia.com\/portal\/entidade\/ultrassonografia\/\" data-id=\"\/entity\/ultrassonografia;http:\/\/dbpedia.org\/resource\/Medical_ultrasonography;http:\/\/no.dbpedia.org\/resource\/Medisinsk_ultralyd;http:\/\/de.dbpedia.org\/resource\/Sonografie;http:\/\/pt.dbpedia.org\/resource\/Ultrassonografia;http:\/\/lt.dbpedia.org\/resource\/Echoskopija;http:\/\/sl.dbpedia.org\/resource\/Preiskava_z_ultrazvokom;http:\/\/id.dbpedia.org\/resource\/Ultrasonografi_medis;http:\/\/ca.dbpedia.org\/resource\/Ecografia;http:\/\/sv.dbpedia.org\/resource\/Sonografi;http:\/\/en.dbpedia.org\/resource\/Medical_ultrasonography;http:\/\/it.dbpedia.org\/resource\/Ecografia;http:\/\/pl.dbpedia.org\/resource\/Ultrasonografia;http:\/\/ro.dbpedia.org\/resource\/Ecografie;http:\/\/da.dbpedia.org\/resource\/Ultralydsscanning;http:\/\/nl.dbpedia.org\/resource\/Echografie;http:\/\/tr.dbpedia.org\/resource\/Ultrasonografi;http:\/\/ru.dbpedia.org\/resource\/&#1059;&#1083;&#1100;&#1090;&#1088;&#1072;&#1079;&#1074;&#1091;&#1082;&#1086;&#1074;&#1086;&#1077;_&#1080;&#1089;&#1089;&#1083;&#1077;&#1076;&#1086;&#1074;&#1072;&#1085;&#1080;&#1077;;http:\/\/bg.dbpedia.org\/resource\/&#1045;&#1093;&#1086;&#1075;&#1088;&#1072;&#1092;&#1080;&#1103;;http:\/\/fr.dbpedia.org\/resource\/&Eacute;chographie;http:\/\/hu.dbpedia.org\/resource\/Ultraszonogr&aacute;fia;http:\/\/uk.dbpedia.org\/resource\/&#1052;&#1077;&#1076;&#1080;&#1095;&#1085;&#1072;_&#1072;&#1082;&#1091;&#1089;&#1090;&#1080;&#1082;&#1072;;http:\/\/sk.dbpedia.org\/resource\/Ultrasonografia_(lek&aacute;rstvo);http:\/\/sr.dbpedia.org\/resource\/&#1059;&#1083;&#1090;&#1088;&#1072;&#1089;&#1086;&#1085;&#1086;&#1075;&#1088;&#1072;&#1092;&#1080;&#1112;&#1072;;http:\/\/es.dbpedia.org\/resource\/Ecograf&iacute;a;http:\/\/cs.dbpedia.org\/resource\/L&eacute;ka&#345;sk&aacute;_ultrasonografie;https:\/\/data.wordlift.io\/wl106637\/entity\/ultrassonografia\">Ultrassonografia<\/a> em Ginecologia e Obstetr&iacute;cia<\/td><td class=\"has-text-align-center\" data-align=\"center\">2<\/td><\/tr><tr><td><a class=\"wl-entity-page-link\" href=\"https:\/\/med.estrategia.com\/portal\/entidade\/urologia\/\" data-id=\"\/entity\/urologia;http:\/\/dbpedia.org\/resource\/Urology;http:\/\/de.dbpedia.org\/resource\/Urologie;http:\/\/no.dbpedia.org\/resource\/Urologi;http:\/\/fi.dbpedia.org\/resource\/Urologia;http:\/\/pt.dbpedia.org\/resource\/Urologia;http:\/\/hr.dbpedia.org\/resource\/Urologija;http:\/\/fr.dbpedia.org\/resource\/Urologie;http:\/\/sl.dbpedia.org\/resource\/Urologija;http:\/\/id.dbpedia.org\/resource\/Urologi;http:\/\/sq.dbpedia.org\/resource\/Urologjia;http:\/\/ca.dbpedia.org\/resource\/Urologia_i_andrologia;http:\/\/sv.dbpedia.org\/resource\/Urologi;http:\/\/en.dbpedia.org\/resource\/Urology;http:\/\/it.dbpedia.org\/resource\/Urologia;http:\/\/cs.dbpedia.org\/resource\/Urologie;http:\/\/pl.dbpedia.org\/resource\/Urologia;http:\/\/da.dbpedia.org\/resource\/Urologi;http:\/\/ro.dbpedia.org\/resource\/Urologie;http:\/\/nl.dbpedia.org\/resource\/Urologie;http:\/\/be.dbpedia.org\/resource\/&#1059;&#1088;&#1072;&#1083;&#1086;&#1075;&#1110;&#1103;;http:\/\/ru.dbpedia.org\/resource\/&#1059;&#1088;&#1086;&#1083;&#1086;&#1075;&#1080;&#1103;;http:\/\/bg.dbpedia.org\/resource\/&#1059;&#1088;&#1086;&#1083;&#1086;&#1075;&#1080;&#1103;;http:\/\/uk.dbpedia.org\/resource\/&#1059;&#1088;&#1086;&#1083;&#1086;&#1075;&#1110;&#1103;;http:\/\/sr.dbpedia.org\/resource\/&#1059;&#1088;&#1086;&#1083;&#1086;&#1075;&#1080;&#1112;&#1072;;http:\/\/es.dbpedia.org\/resource\/Urolog&iacute;a;http:\/\/tr.dbpedia.org\/resource\/&Uuml;roloji;https:\/\/data.wordlift.io\/wl106637\/entity\/urologia\">Urologia<\/a><\/td><td class=\"has-text-align-center\" data-align=\"center\">10<\/td><\/tr><\/tbody><tfoot><tr><td><strong>TOTAL<\/strong><\/td><td class=\"has-text-align-center\" data-align=\"center\"><strong>231<\/strong><\/td><\/tr><\/tfoot><\/table><\/figure><h3 class=\"wp-block-heading\">Cronograma da resid&ecirc;ncia m&eacute;dica SUS-BA 2023<\/h3><p>Confira as principais datas do SUS BA 2022\/2023:<\/p><ul class=\"wp-block-list\">\n<li><strong>Divulga&ccedil;&atilde;o do Edital: <\/strong>26\/08\/2022;<\/li>\n\n\n\n<li><strong>Taxa de Inscri&ccedil;&atilde;o: <\/strong>R$ 724,80;<\/li>\n\n\n\n<li><strong>Solicita&ccedil;&atilde;o de isen&ccedil;&atilde;o da taxa:&nbsp;<\/strong>27\/08\/22 a 12\/09\/22;<\/li>\n\n\n\n<li><strong>Resultado isen&ccedil;&atilde;o: <\/strong>16\/09\/22;<\/li>\n\n\n\n<li><strong>Per&iacute;odo de Inscri&ccedil;&otilde;es:<\/strong> 27\/08\/22 a 17\/10\/22;<\/li>\n\n\n\n<li><strong>Divulga&ccedil;&atilde;o dos locais de Provas:&nbsp;<\/strong>08\/11\/22;<\/li>\n\n\n\n<li><strong>Prova Objetiva: <\/strong>15\/11\/22;<\/li>\n\n\n\n<li><strong>Gabaritos preliminares e Padr&otilde;es de Respostas:&nbsp;<\/strong>17\/11\/22;<\/li>\n\n\n\n<li><strong>Recursos contra os gabaritos preliminares: <\/strong>17\/11 a 18\/11\/2022;<\/li>\n\n\n\n<li><strong>Edital de matr&iacute;cula:<\/strong> 16\/01\/23;<\/li>\n\n\n\n<li><strong>Gabaritos definitivos e notas:<\/strong> 23\/01\/23;<\/li>\n\n\n\n<li><strong>Recursos contra as notas:<\/strong> 23 a 24\/01\/22;<\/li>\n\n\n\n<li><strong>Classifica&ccedil;&atilde;o final:<\/strong> 07\/02\/23; e<\/li>\n\n\n\n<li><strong>Matr&iacute;culas 1&ordf; chamada:&nbsp;<\/strong>10 a 13\/02\/23.<\/li>\n<\/ul><h3 class=\"wp-block-heading\">Provas e gabaritos SUS-BA<\/h3><div class=\"wp-block-buttons is-content-justification-center is-layout-flex wp-container-core-buttons-is-layout-4 wp-block-buttons-is-layout-flex\">\n<div class=\"wp-block-button\"><a class=\"wp-block-button__link wp-element-button\" href=\"https:\/\/med.estrategia.com\/portal\/wp-content\/uploads\/2023\/01\/AD_GAB_PR_DEFINITIVO_CEREMBA_2023.pdf\" target=\"_blank\">Gabarito Definitivo Acesso Direto<\/a><\/div>\n\n\n\n<div class=\"wp-block-button\"><a class=\"wp-block-button__link wp-element-button\" href=\"https:\/\/med.estrategia.com\/portal\/wp-content\/uploads\/2023\/01\/ESP_GABARITO-_DEFINITIVO_CEREM_BA-2023.pdf\" target=\"_blank\">Gabarito Definitivo Pr&eacute;-Requisito e &Aacute;reas de Atua&ccedil;&atilde;o<\/a><\/div>\n\n\n\n<div class=\"wp-block-button\"><a class=\"wp-block-button__link wp-element-button\" href=\"https:\/\/med.estrategia.com\/portal\/wp-content\/uploads\/2023\/04\/CEREMBA_2023_ACESSO-DIRETO.pdf\" target=\"_blank\">Prova SUS-BA 2023<\/a><\/div>\n<\/div><h3 class=\"wp-block-heading\">Resultado Final SUS-BA 2023<\/h3><p>A&nbsp;<strong>nota final<\/strong>&nbsp;do SUS-BA 2023 foi calculada por meio do Escore Global (EG), em que aplica-se peso 1,0 &agrave; pontua&ccedil;&atilde;o obtida nas quest&otilde;es objetivas e peso 1,5 &agrave; pontua&ccedil;&atilde;o das quest&otilde;es de respostas curtas. Confira o c&aacute;lculo abaixo:<\/p><p class=\"has-text-align-center\"><strong>EG = [(Total de Pontos nas quest&otilde;es objetivas de m&uacute;ltipla escolha x 1,0) + (Total de Pontos<br>nas quest&otilde;es objetivas de resposta curta x 1,5)] + Bonifica&ccedil;&atilde;o PROVAB\/PRGMFC<\/strong><\/p><div class=\"wp-block-buttons is-content-justification-center is-layout-flex wp-container-core-buttons-is-layout-5 wp-block-buttons-is-layout-flex\">\n<div class=\"wp-block-button\"><a class=\"wp-block-button__link wp-element-button\" href=\"https:\/\/med.estrategia.com\/portal\/wp-content\/uploads\/2023\/01\/CEREMBA_20231-Resultado_Nota_AD_20230121_1325.pdf\" target=\"_blank\">Notas Acesso Direto<\/a><\/div>\n\n\n\n<div class=\"wp-block-button\"><a class=\"wp-block-button__link wp-element-button\" href=\"https:\/\/med.estrategia.com\/portal\/wp-content\/uploads\/2023\/01\/CEREMBA_20231-Resultado_Nota_EPR_20230121_1325.pdf\" target=\"_blank\">Notas Pr&eacute;-Requisitos<\/a><\/div>\n\n\n\n<div class=\"wp-block-button\"><a class=\"wp-block-button__link wp-element-button\" href=\"https:\/\/med.estrategia.com\/portal\/wp-content\/uploads\/2023\/01\/CEREMBA_20231-Resultado_Nota_AA_20230121_1325.pdf\" target=\"_blank\">Notas &Aacute;reas de Atua&ccedil;&atilde;o<\/a><\/div>\n<\/div><p>Em casos de&nbsp;<strong>empate<\/strong>, o crit&eacute;rio considerado foi a idade dos candidatos, dando&nbsp;<strong>prefer&ecirc;ncia para os mais velhos<\/strong>.<\/p><p>O <strong>resultado final foi divulgado no dia<\/strong> <strong>7 de fevereiro de 2023<\/strong> e candidato aprovado foi convocado para matr&iacute;cula, realizada entre os dias 10 e 13 de fevereiro. Neste momento, ele p&ocirc;de efetivar a escolha da vaga\/hospital de atua&ccedil;&atilde;o seguindo a ordem de classifica&ccedil;&atilde;o.<\/p><div class=\"wp-block-buttons is-content-justification-center is-layout-flex wp-container-core-buttons-is-layout-6 wp-block-buttons-is-layout-flex\"><\/div><div class=\"wp-block-buttons is-content-justification-center is-layout-flex wp-container-core-buttons-is-layout-7 wp-block-buttons-is-layout-flex\">\n<div class=\"wp-block-button\"><a class=\"wp-block-button__link wp-element-button\" href=\"https:\/\/med.estrategia.com\/portal\/noticias\/sus-ba-2023-confira-o-resultado-final-da-selecao-para-residencia-medica\/\" target=\"_blank\">Resultado final SUS-BA 2023<\/a><\/div>\n\n\n\n<div class=\"wp-block-button\"><a class=\"wp-block-button__link wp-element-button\" href=\"https:\/\/med.estrategia.com\/portal\/wp-content\/uploads\/2023\/04\/sus-ba-chamadas.zip\" target=\"_blank\">Demais chamadas<\/a><\/div>\n<\/div><h2 class=\"wp-block-heading\"><span class=\"ez-toc-section\" id=\"Estudando-para-o-seletivo-do-SUS-BA-Residencia-Medica\"><\/span><strong>Estudando para o seletivo do SUS-BA Resid&ecirc;ncia M&eacute;dica?<\/strong><span class=\"ez-toc-section-end\"><\/span><\/h2><p>Para aprimorar os estudos e conquistar a sua aprova&ccedil;&atilde;o na prova de Resid&ecirc;ncia M&eacute;dica, o aluno deve investir no estudo por resolu&ccedil;&atilde;o de quest&otilde;es. Al&eacute;m de conhecer a prova, calcular seu tempo e colocar em pr&aacute;tica seus estudos, o estudante consegue tra&ccedil;ar melhor quais s&atilde;o os pontos que precisam melhorar e quais j&aacute; est&atilde;o progredindo.&nbsp;<\/p><p>Ent&atilde;o, se voc&ecirc; est&aacute; se preparando para algum processo <a href=\"https:\/\/med.estrategia.com\/portal\/category\/residencia-medica\/programa-de-residencia-medica\/\" target=\"_blank\">seletivo de Resid&ecirc;ncia M&eacute;dica<\/a>, conhe&ccedil;a o <a href=\"https:\/\/med.estrategia.com\/portal\/evento-emed\/sistemas-de-questoes-estrategia-med\/\" target=\"_blank\">Banco de Quest&otilde;es do Estrat&eacute;gia MED<\/a>. Nele, &eacute; o pr&oacute;prio aluno que monta seus simulados e suas pastas. Estude com o <a class=\"wl-entity-page-link\" href=\"https:\/\/med.estrategia.com\/portal\/entidade\/estrategia-med-2\/\" data-id=\"\/entity\/estrategia-med-2;https:\/\/data.wordlift.io\/wl106637\/entity\/estrategia_med\">Estrat&eacute;gia MED<\/a> e conhe&ccedil;a um m&eacute;todo mais pr&aacute;tico e independente!<\/p><p><\/p><p><strong><a id=\"cta\" class=\"cta-imagem\" href=\"https:\/\/med.estrategia.com\/cursos\/extensivo-de-residncia-mdica\/\" target=\"blank\">\n                <img decoding=\"async\" width=\"100%\" src=\"https:\/\/med.estrategia.com\/portal\/wp-content\/uploads\/2025\/08\/extensivo_rm.jpg\" alt=\"Extensivo RM\" title=\"extensivo_rm\">\n        <\/a><\/strong><\/p><h2 class=\"wp-block-heading\"><span class=\"ez-toc-section\" id=\"Veja-tambem\"><\/span>Veja tamb&eacute;m:<span class=\"ez-toc-section-end\"><\/span><\/h2><ul class=\"wp-block-list\">\n<li><a href=\"https:\/\/med.estrategia.com\/portal\/residencia-medica\/surce-residencia-medica\/\">Resid&ecirc;ncia m&eacute;dica SURCE<\/a><\/li>\n\n\n\n<li><a href=\"https:\/\/med.estrategia.com\/portal\/residencia-medica\/ufrn-residencia-medica\/\">Resid&ecirc;ncia M&eacute;dica UFRN<\/a><\/li>\n\n\n\n<li><a href=\"https:\/\/med.estrategia.com\/portal\/residencia-medica\/ses-pe-residencia-medica\/\">Resid&ecirc;ncia M&eacute;dica SES-PE<\/a><\/li>\n\n\n\n<li><a href=\"https:\/\/med.estrategia.com\/portal\/residencia-medica\/psu-al-residencia-medica\/\">Resid&ecirc;ncia M&eacute;dica PSU AL<\/a><\/li>\n\n\n\n<li><a href=\"https:\/\/med.estrategia.com\/portal\/residencia-medica\/ufpb-residencia-medica\/\">Resid&ecirc;ncia M&eacute;dica UFPB<\/a><\/li>\n\n\n\n<li><a href=\"https:\/\/med.estrategia.com\/portal\/residencia-medica\/ufs-residencia-medica\/\">Resid&ecirc;ncia M&eacute;dica UFS<\/a><\/li>\n\n\n\n<li><a href=\"https:\/\/med.estrategia.com\/portal\/residencia-medica\/especialidades\/10-residencias-medicas-com-mais-vagas-por-especialidade\/\">10 Resid&ecirc;ncias M&eacute;dicas com mais vagas por especialidade<\/a><\/li>\n\n\n\n<li><a href=\"https:\/\/med.estrategia.com\/portal\/residencia-medica\/residencias-medicas-mais-concorridos\/\">10 Resid&ecirc;ncias M&eacute;dicas mais concorridas<\/a><\/li>\n\n\n\n<li><a href=\"https:\/\/med.estrategia.com\/portal\/residencia-medica\/usp-sp-residencia-medica\/\">Resid&ecirc;ncia M&eacute;dica USP SP<\/a><\/li>\n\n\n\n<li><a href=\"https:\/\/med.estrategia.com\/portal\/residencia-medica\/enare-vagas-cronograma-provas-edital\/\">Resid&ecirc;ncia M&eacute;dica ENARE<\/a><\/li>\n<\/ul><\/p>\n","protected":false},"excerpt":{"rendered":"Tem interesse no seletivo para Resid&ecirc;ncia M&eacute;dica do SUS BA? Ent&atilde;o, confira esse texto do Portal EMED e&hellip;\n","protected":false},"author":22,"featured_media":38841,"comment_status":"open","ping_status":"open","sticky":false,"template":"","format":"standard","meta":{"wl_entities_gutenberg":"","footnotes":""},"categories":[24],"tags":[],"wl_entity_type":[199],"class_list":{"0":"post-44687","1":"post","2":"type-post","3":"status-publish","4":"format-standard","5":"has-post-thumbnail","7":"category-residencia-medica","8":"wl_entity_type-article"},"acf":[],"yoast_head":"<!-- This site is optimized with the Yoast SEO Premium plugin v26.6 (Yoast SEO v26.6) - https:\/\/yoast.com\/wordpress\/plugins\/seo\/ -->\n<title>Resid\u00eancia M\u00e9dica SUS-BA: saiba mais sobre o processo seletivo para ingresso em 2023<\/title>\n<meta name=\"description\" content=\"Saiba tudo sobre o seletivo de Resid\u00eancia M\u00e9dica do SUS-BA 2023, confira todas as informa\u00e7\u00f5es sobre a edi\u00e7\u00e3o!\" \/>\n<meta name=\"robots\" content=\"index, follow, max-snippet:-1, max-image-preview:large, max-video-preview:-1\" \/>\n<link rel=\"canonical\" href=\"https:\/\/med.estrategia.com\/portal\/residencia-medica\/residencia-medica-sus-ba-saiba-mais-sobre-o-processo-seletivo-para-ingresso-em-2023\/\" \/>\n<meta property=\"og:locale\" content=\"pt_BR\" \/>\n<meta property=\"og:type\" content=\"article\" \/>\n<meta property=\"og:title\" content=\"Resid\u00eancia M\u00e9dica SUS-BA: saiba mais sobre o processo seletivo para ingresso em 2023\" \/>\n<meta property=\"og:description\" content=\"Saiba tudo sobre o seletivo de Resid\u00eancia M\u00e9dica do SUS-BA 2023, confira todas as informa\u00e7\u00f5es sobre a edi\u00e7\u00e3o!\" \/>\n<meta property=\"og:url\" content=\"https:\/\/med.estrategia.com\/portal\/residencia-medica\/residencia-medica-sus-ba-saiba-mais-sobre-o-processo-seletivo-para-ingresso-em-2023\/\" \/>\n<meta property=\"og:site_name\" content=\"Estrat\u00e9gia MED\" \/>\n<meta property=\"article:publisher\" content=\"https:\/\/www.facebook.com\/estrategiamed1\" \/>\n<meta property=\"article:published_time\" content=\"2022-08-11T23:04:00+00:00\" \/>\n<meta property=\"article:modified_time\" content=\"2023-08-31T17:03:43+00:00\" \/>\n<meta property=\"og:image\" content=\"https:\/\/cdn.medblog.estrategiaeducacional.com.br\/wp-content\/uploads\/2021\/01\/coverWP_publica_bgfoto_logo-9.jpg\" \/>\n\t<meta property=\"og:image:width\" content=\"1200\" \/>\n\t<meta property=\"og:image:height\" content=\"800\" \/>\n\t<meta property=\"og:image:type\" content=\"image\/jpeg\" \/>\n<meta name=\"author\" content=\"Erika Coelho\" \/>\n<meta name=\"twitter:card\" content=\"summary_large_image\" \/>\n<meta name=\"twitter:creator\" content=\"@estrategiamed_\" \/>\n<meta name=\"twitter:site\" content=\"@estrategiamed_\" \/>\n<meta name=\"twitter:label1\" content=\"Escrito por\" \/>\n\t<meta name=\"twitter:data1\" content=\"Erika Coelho\" \/>\n\t<meta name=\"twitter:label2\" content=\"Est. tempo de leitura\" \/>\n\t<meta name=\"twitter:data2\" content=\"9 minutos\" \/>\n<script type=\"application\/ld+json\" class=\"yoast-schema-graph\">{\"@context\":\"https:\/\/schema.org\",\"@graph\":[{\"@type\":\"WebPage\",\"@id\":\"https:\/\/med.estrategia.com\/portal\/residencia-medica\/residencia-medica-sus-ba-saiba-mais-sobre-o-processo-seletivo-para-ingresso-em-2023\/\",\"url\":\"https:\/\/med.estrategia.com\/portal\/residencia-medica\/residencia-medica-sus-ba-saiba-mais-sobre-o-processo-seletivo-para-ingresso-em-2023\/\",\"name\":\"Resid\u00eancia M\u00e9dica SUS-BA: saiba mais sobre o processo seletivo para ingresso em 2023\",\"isPartOf\":{\"@id\":\"https:\/\/med.estrategia.com\/portal\/#website\"},\"primaryImageOfPage\":{\"@id\":\"https:\/\/med.estrategia.com\/portal\/residencia-medica\/residencia-medica-sus-ba-saiba-mais-sobre-o-processo-seletivo-para-ingresso-em-2023\/#primaryimage\"},\"image\":{\"@id\":\"https:\/\/med.estrategia.com\/portal\/residencia-medica\/residencia-medica-sus-ba-saiba-mais-sobre-o-processo-seletivo-para-ingresso-em-2023\/#primaryimage\"},\"thumbnailUrl\":\"https:\/\/med.estrategia.com\/portal\/wp-content\/uploads\/2021\/01\/coverWP_publica_bgfoto_logo-9.jpg\",\"datePublished\":\"2022-08-11T23:04:00+00:00\",\"dateModified\":\"2023-08-31T17:03:43+00:00\",\"author\":{\"@id\":\"https:\/\/med.estrategia.com\/portal\/#\/schema\/person\/8e7c9b2f53f2eede3b8880ad86ff20a3\"},\"description\":\"Saiba tudo sobre o seletivo de Resid\u00eancia M\u00e9dica do SUS-BA 2023, confira todas as informa\u00e7\u00f5es sobre a edi\u00e7\u00e3o!\",\"breadcrumb\":{\"@id\":\"https:\/\/med.estrategia.com\/portal\/residencia-medica\/residencia-medica-sus-ba-saiba-mais-sobre-o-processo-seletivo-para-ingresso-em-2023\/#breadcrumb\"},\"inLanguage\":\"pt-BR\",\"potentialAction\":[{\"@type\":\"ReadAction\",\"target\":[\"https:\/\/med.estrategia.com\/portal\/residencia-medica\/residencia-medica-sus-ba-saiba-mais-sobre-o-processo-seletivo-para-ingresso-em-2023\/\"]}]},{\"@type\":\"ImageObject\",\"inLanguage\":\"pt-BR\",\"@id\":\"https:\/\/med.estrategia.com\/portal\/residencia-medica\/residencia-medica-sus-ba-saiba-mais-sobre-o-processo-seletivo-para-ingresso-em-2023\/#primaryimage\",\"url\":\"https:\/\/med.estrategia.com\/portal\/wp-content\/uploads\/2021\/01\/coverWP_publica_bgfoto_logo-9.jpg\",\"contentUrl\":\"https:\/\/med.estrategia.com\/portal\/wp-content\/uploads\/2021\/01\/coverWP_publica_bgfoto_logo-9.jpg\",\"width\":1200,\"height\":800,\"caption\":\"SUS-BA\"},{\"@type\":\"BreadcrumbList\",\"@id\":\"https:\/\/med.estrategia.com\/portal\/residencia-medica\/residencia-medica-sus-ba-saiba-mais-sobre-o-processo-seletivo-para-ingresso-em-2023\/#breadcrumb\",\"itemListElement\":[{\"@type\":\"ListItem\",\"position\":1,\"name\":\"Home\",\"item\":\"https:\/\/med.estrategia.com\/portal\/\"},{\"@type\":\"ListItem\",\"position\":2,\"name\":\"Resid\u00eancia M\u00e9dica\",\"item\":\"https:\/\/med.estrategia.com\/portal\/residencia-medica\/\"},{\"@type\":\"ListItem\",\"position\":3,\"name\":\"Resid\u00eancia M\u00e9dica SUS-BA: saiba mais sobre o processo seletivo para ingresso em 2023\"}]},{\"@type\":\"WebSite\",\"@id\":\"https:\/\/med.estrategia.com\/portal\/#website\",\"url\":\"https:\/\/med.estrategia.com\/portal\/\",\"name\":\"Estrat\u00e9gia MED\",\"description\":\"\",\"potentialAction\":[{\"@type\":\"SearchAction\",\"target\":{\"@type\":\"EntryPoint\",\"urlTemplate\":\"https:\/\/med.estrategia.com\/portal\/?s={search_term_string}\"},\"query-input\":{\"@type\":\"PropertyValueSpecification\",\"valueRequired\":true,\"valueName\":\"search_term_string\"}}],\"inLanguage\":\"pt-BR\"},{\"@type\":\"Person\",\"@id\":\"https:\/\/med.estrategia.com\/portal\/#\/schema\/person\/8e7c9b2f53f2eede3b8880ad86ff20a3\",\"name\":\"Erika Coelho\",\"image\":{\"@type\":\"ImageObject\",\"inLanguage\":\"pt-BR\",\"@id\":\"https:\/\/med.estrategia.com\/portal\/#\/schema\/person\/image\/\",\"url\":\"https:\/\/secure.gravatar.com\/avatar\/8ef9ff2e2fa53829c640cca8d1a45178?s=96&d=mm&r=g\",\"contentUrl\":\"https:\/\/secure.gravatar.com\/avatar\/8ef9ff2e2fa53829c640cca8d1a45178?s=96&d=mm&r=g\",\"caption\":\"Erika Coelho\"},\"description\":\"Jornalista pela Universidade Presbiteriana Mackenzie, escrevo sobre educa\u00e7\u00e3o, sa\u00fade e pol\u00edticas p\u00fablicas\",\"url\":\"https:\/\/med.estrategia.com\/portal\/author\/erika\/\"}]}<\/script>\n<!-- \/ Yoast SEO Premium plugin. -->","yoast_head_json":{"title":"Resid\u00eancia M\u00e9dica SUS-BA: saiba mais sobre o processo seletivo para ingresso em 2023","description":"Saiba tudo sobre o seletivo de Resid\u00eancia M\u00e9dica do SUS-BA 2023, confira todas as informa\u00e7\u00f5es sobre a edi\u00e7\u00e3o!","robots":{"index":"index","follow":"follow","max-snippet":"max-snippet:-1","max-image-preview":"max-image-preview:large","max-video-preview":"max-video-preview:-1"},"canonical":"https:\/\/med.estrategia.com\/portal\/residencia-medica\/residencia-medica-sus-ba-saiba-mais-sobre-o-processo-seletivo-para-ingresso-em-2023\/","og_locale":"pt_BR","og_type":"article","og_title":"Resid\u00eancia M\u00e9dica SUS-BA: saiba mais sobre o processo seletivo para ingresso em 2023","og_description":"Saiba tudo sobre o seletivo de Resid\u00eancia M\u00e9dica do SUS-BA 2023, confira todas as informa\u00e7\u00f5es sobre a edi\u00e7\u00e3o!","og_url":"https:\/\/med.estrategia.com\/portal\/residencia-medica\/residencia-medica-sus-ba-saiba-mais-sobre-o-processo-seletivo-para-ingresso-em-2023\/","og_site_name":"Estrat\u00e9gia MED","article_publisher":"https:\/\/www.facebook.com\/estrategiamed1","article_published_time":"2022-08-11T23:04:00+00:00","article_modified_time":"2023-08-31T17:03:43+00:00","og_image":[{"width":1200,"height":800,"url":"https:\/\/cdn.medblog.estrategiaeducacional.com.br\/wp-content\/uploads\/2021\/01\/coverWP_publica_bgfoto_logo-9.jpg","type":"image\/jpeg"}],"author":"Erika Coelho","twitter_card":"summary_large_image","twitter_creator":"@estrategiamed_","twitter_site":"@estrategiamed_","twitter_misc":{"Escrito por":"Erika Coelho","Est. tempo de leitura":"9 minutos"},"schema":{"@context":"https:\/\/schema.org","@graph":[{"@type":"WebPage","@id":"https:\/\/med.estrategia.com\/portal\/residencia-medica\/residencia-medica-sus-ba-saiba-mais-sobre-o-processo-seletivo-para-ingresso-em-2023\/","url":"https:\/\/med.estrategia.com\/portal\/residencia-medica\/residencia-medica-sus-ba-saiba-mais-sobre-o-processo-seletivo-para-ingresso-em-2023\/","name":"Resid\u00eancia M\u00e9dica SUS-BA: saiba mais sobre o processo seletivo para ingresso em 2023","isPartOf":{"@id":"https:\/\/med.estrategia.com\/portal\/#website"},"primaryImageOfPage":{"@id":"https:\/\/med.estrategia.com\/portal\/residencia-medica\/residencia-medica-sus-ba-saiba-mais-sobre-o-processo-seletivo-para-ingresso-em-2023\/#primaryimage"},"image":{"@id":"https:\/\/med.estrategia.com\/portal\/residencia-medica\/residencia-medica-sus-ba-saiba-mais-sobre-o-processo-seletivo-para-ingresso-em-2023\/#primaryimage"},"thumbnailUrl":"https:\/\/med.estrategia.com\/portal\/wp-content\/uploads\/2021\/01\/coverWP_publica_bgfoto_logo-9.jpg","datePublished":"2022-08-11T23:04:00+00:00","dateModified":"2023-08-31T17:03:43+00:00","author":{"@id":"https:\/\/med.estrategia.com\/portal\/#\/schema\/person\/8e7c9b2f53f2eede3b8880ad86ff20a3"},"description":"Saiba tudo sobre o seletivo de Resid\u00eancia M\u00e9dica do SUS-BA 2023, confira todas as informa\u00e7\u00f5es sobre a edi\u00e7\u00e3o!","breadcrumb":{"@id":"https:\/\/med.estrategia.com\/portal\/residencia-medica\/residencia-medica-sus-ba-saiba-mais-sobre-o-processo-seletivo-para-ingresso-em-2023\/#breadcrumb"},"inLanguage":"pt-BR","potentialAction":[{"@type":"ReadAction","target":["https:\/\/med.estrategia.com\/portal\/residencia-medica\/residencia-medica-sus-ba-saiba-mais-sobre-o-processo-seletivo-para-ingresso-em-2023\/"]}]},{"@type":"ImageObject","inLanguage":"pt-BR","@id":"https:\/\/med.estrategia.com\/portal\/residencia-medica\/residencia-medica-sus-ba-saiba-mais-sobre-o-processo-seletivo-para-ingresso-em-2023\/#primaryimage","url":"https:\/\/med.estrategia.com\/portal\/wp-content\/uploads\/2021\/01\/coverWP_publica_bgfoto_logo-9.jpg","contentUrl":"https:\/\/med.estrategia.com\/portal\/wp-content\/uploads\/2021\/01\/coverWP_publica_bgfoto_logo-9.jpg","width":1200,"height":800,"caption":"SUS-BA"},{"@type":"BreadcrumbList","@id":"https:\/\/med.estrategia.com\/portal\/residencia-medica\/residencia-medica-sus-ba-saiba-mais-sobre-o-processo-seletivo-para-ingresso-em-2023\/#breadcrumb","itemListElement":[{"@type":"ListItem","position":1,"name":"Home","item":"https:\/\/med.estrategia.com\/portal\/"},{"@type":"ListItem","position":2,"name":"Resid\u00eancia M\u00e9dica","item":"https:\/\/med.estrategia.com\/portal\/residencia-medica\/"},{"@type":"ListItem","position":3,"name":"Resid\u00eancia M\u00e9dica SUS-BA: saiba mais sobre o processo seletivo para ingresso em 2023"}]},{"@type":"WebSite","@id":"https:\/\/med.estrategia.com\/portal\/#website","url":"https:\/\/med.estrategia.com\/portal\/","name":"Estrat\u00e9gia MED","description":"","potentialAction":[{"@type":"SearchAction","target":{"@type":"EntryPoint","urlTemplate":"https:\/\/med.estrategia.com\/portal\/?s={search_term_string}"},"query-input":{"@type":"PropertyValueSpecification","valueRequired":true,"valueName":"search_term_string"}}],"inLanguage":"pt-BR"},{"@type":"Person","@id":"https:\/\/med.estrategia.com\/portal\/#\/schema\/person\/8e7c9b2f53f2eede3b8880ad86ff20a3","name":"Erika Coelho","image":{"@type":"ImageObject","inLanguage":"pt-BR","@id":"https:\/\/med.estrategia.com\/portal\/#\/schema\/person\/image\/","url":"https:\/\/secure.gravatar.com\/avatar\/8ef9ff2e2fa53829c640cca8d1a45178?s=96&d=mm&r=g","contentUrl":"https:\/\/secure.gravatar.com\/avatar\/8ef9ff2e2fa53829c640cca8d1a45178?s=96&d=mm&r=g","caption":"Erika Coelho"},"description":"Jornalista pela Universidade Presbiteriana Mackenzie, escrevo sobre educa\u00e7\u00e3o, sa\u00fade e pol\u00edticas p\u00fablicas","url":"https:\/\/med.estrategia.com\/portal\/author\/erika\/"}]}},"_wl_alt_label":[],"wl:entity_url":"\/post\/residencia-medica-sus-ba-saiba-mais-sobre-o-processo-seletivo-para-ingresso-em-2023","_links":{"self":[{"href":"https:\/\/med.estrategia.com\/portal\/wp-json\/wp\/v2\/posts\/44687","targetHints":{"allow":["GET"]}}],"collection":[{"href":"https:\/\/med.estrategia.com\/portal\/wp-json\/wp\/v2\/posts"}],"about":[{"href":"https:\/\/med.estrategia.com\/portal\/wp-json\/wp\/v2\/types\/post"}],"author":[{"embeddable":true,"href":"https:\/\/med.estrategia.com\/portal\/wp-json\/wp\/v2\/users\/22"}],"replies":[{"embeddable":true,"href":"https:\/\/med.estrategia.com\/portal\/wp-json\/wp\/v2\/comments?post=44687"}],"version-history":[{"count":2,"href":"https:\/\/med.estrategia.com\/portal\/wp-json\/wp\/v2\/posts\/44687\/revisions"}],"predecessor-version":[{"id":45919,"href":"https:\/\/med.estrategia.com\/portal\/wp-json\/wp\/v2\/posts\/44687\/revisions\/45919"}],"wp:featuredmedia":[{"embeddable":true,"href":"https:\/\/med.estrategia.com\/portal\/wp-json\/wp\/v2\/media\/38841"}],"wp:attachment":[{"href":"https:\/\/med.estrategia.com\/portal\/wp-json\/wp\/v2\/media?parent=44687"}],"wp:term":[{"taxonomy":"category","embeddable":true,"href":"https:\/\/med.estrategia.com\/portal\/wp-json\/wp\/v2\/categories?post=44687"},{"taxonomy":"post_tag","embeddable":true,"href":"https:\/\/med.estrategia.com\/portal\/wp-json\/wp\/v2\/tags?post=44687"},{"taxonomy":"wl_entity_type","embeddable":true,"href":"https:\/\/med.estrategia.com\/portal\/wp-json\/wp\/v2\/wl_entity_type?post=44687"}],"curies":[{"name":"wp","href":"https:\/\/api.w.org\/{rel}","templated":true}]}}