{"id":44721,"date":"2022-11-04T21:13:00","date_gmt":"2022-11-05T00:13:00","guid":{"rendered":"https:\/\/med.estrategia.com\/portal\/?p=44721"},"modified":"2023-10-04T17:43:42","modified_gmt":"2023-10-04T20:43:42","slug":"residencia-medica-puc-sp-tudo-sobre-o-edital-2023","status":"publish","type":"post","link":"https:\/\/med.estrategia.com\/portal\/residencia-medica\/residencia-medica-puc-sp-tudo-sobre-o-edital-2023\/","title":{"rendered":"Resid\u00eancia M\u00e9dica PUC-SP: tudo sobre o edital 2023"},"content":{"rendered":"<p>Saiba tudo sobre o edital da PUC-SP para <a class=\"wl-entity-page-link\" title=\"Resid&ecirc;ncia\" href=\"https:\/\/med.estrategia.com\/portal\/entidade\/residencia-medica\/\" data-id=\"\/entity\/residencia-medica;http:\/\/dbpedia.org\/resource\/Residency_(medicine);http:\/\/en.dbpedia.org\/resource\/Residency_(medicine);http:\/\/nl.dbpedia.org\/resource\/Arts-assistent;http:\/\/de.dbpedia.org\/resource\/&Auml;rztliche_Weiterbildung;http:\/\/fr.dbpedia.org\/resource\/R&eacute;sidence_(m&eacute;decine);http:\/\/lt.dbpedia.org\/resource\/Rezident&#363;ra_(studijos);http:\/\/pt.dbpedia.org\/resource\/Resid&ecirc;ncia_m&eacute;dica;http:\/\/ru.dbpedia.org\/resource\/&#1050;&#1083;&#1080;&#1085;&#1080;&#1095;&#1077;&#1089;&#1082;&#1072;&#1103;_&#1086;&#1088;&#1076;&#1080;&#1085;&#1072;&#1090;&#1091;&#1088;&#1072;;http:\/\/uk.dbpedia.org\/resource\/&#1054;&#1088;&#1076;&#1080;&#1085;&#1072;&#1090;&#1091;&#1088;&#1072;_&#1082;&#1083;&#1110;&#1085;&#1110;&#1095;&#1085;&#1072;;https:\/\/data.wordlift.io\/wl106637\/entity\/residencia-medica\">Resid&ecirc;ncia M&eacute;dica<\/a> e as principais informa&ccedil;&otilde;es relacionadas ao seletivo para ingresso na institui&ccedil;&atilde;o. Confira o texto!<div id=\"ez-toc-container\" class=\"ez-toc-v2_0_79_2 counter-hierarchy ez-toc-counter ez-toc-transparent ez-toc-container-direction\">\n<div class=\"ez-toc-title-container\"><p class=\"ez-toc-title\" style=\"cursor:inherit\">Navegue pelo conte\u00fado<\/p>\n<\/div><nav><ul class='ez-toc-list ez-toc-list-level-1 ' ><li class='ez-toc-page-1 ez-toc-heading-level-2'><a class=\"ez-toc-link ez-toc-heading-1\" href=\"https:\/\/med.estrategia.com\/portal\/residencia-medica\/residencia-medica-puc-sp-tudo-sobre-o-edital-2023\/#A-PUC-SP\" >A PUC-SP<\/a><\/li><li class='ez-toc-page-1 ez-toc-heading-level-2'><a class=\"ez-toc-link ez-toc-heading-2\" href=\"https:\/\/med.estrategia.com\/portal\/residencia-medica\/residencia-medica-puc-sp-tudo-sobre-o-edital-2023\/#Como-e-o-processo-seletivo-da-PUC-SP\" >Como &eacute; o processo seletivo da PUC-SP<\/a><\/li><li class='ez-toc-page-1 ez-toc-heading-level-2'><a class=\"ez-toc-link ez-toc-heading-3\" href=\"https:\/\/med.estrategia.com\/portal\/residencia-medica\/residencia-medica-puc-sp-tudo-sobre-o-edital-2023\/#Como-se-inscrever-na-selecao-da-PUC-SP\" >Como se inscrever na sele&ccedil;&atilde;o da PUC-SP<\/a><\/li><li class='ez-toc-page-1 ez-toc-heading-level-2'><a class=\"ez-toc-link ez-toc-heading-4\" href=\"https:\/\/med.estrategia.com\/portal\/residencia-medica\/residencia-medica-puc-sp-tudo-sobre-o-edital-2023\/#Concorrencia-PUC-SP\" >Concorr&ecirc;ncia PUC-SP<\/a><\/li><li class='ez-toc-page-1 ez-toc-heading-level-2'><a class=\"ez-toc-link ez-toc-heading-5\" href=\"https:\/\/med.estrategia.com\/portal\/residencia-medica\/residencia-medica-puc-sp-tudo-sobre-o-edital-2023\/#Nota-de-Corte-PUC-SP\" >Nota de Corte PUC-SP<\/a><\/li><li class='ez-toc-page-1 ez-toc-heading-level-2'><a class=\"ez-toc-link ez-toc-heading-6\" href=\"https:\/\/med.estrategia.com\/portal\/residencia-medica\/residencia-medica-puc-sp-tudo-sobre-o-edital-2023\/#Saiba-como-foi-a-ultima-edicao-da-PUC-SP\" >Saiba como foi a &uacute;ltima edi&ccedil;&atilde;o da PUC-SP<\/a><\/li><li class='ez-toc-page-1 ez-toc-heading-level-2'><a class=\"ez-toc-link ez-toc-heading-7\" href=\"https:\/\/med.estrategia.com\/portal\/residencia-medica\/residencia-medica-puc-sp-tudo-sobre-o-edital-2023\/#Resultado-Final-da-PUC-SP-Residencia-Medica-2023\" >Resultado Final da PUC-SP Resid&ecirc;ncia M&eacute;dica 2023<\/a><\/li><li class='ez-toc-page-1 ez-toc-heading-level-2'><a class=\"ez-toc-link ez-toc-heading-8\" href=\"https:\/\/med.estrategia.com\/portal\/residencia-medica\/residencia-medica-puc-sp-tudo-sobre-o-edital-2023\/#Como-se-preparar-para-a-PUC-SP-2024\" >Como se preparar para a PUC-SP 2024<\/a><\/li><\/ul><\/nav><\/div>\n<h2 class=\"wp-block-heading\"><span class=\"ez-toc-section\" id=\"A-PUC-SP\"><\/span>A PUC-SP<span class=\"ez-toc-section-end\"><\/span><\/h2><p>A Faculdade de Ci&ecirc;ncias M&eacute;dicas e da Sa&uacute;de de Sorocaba, conhecida como <strong>PUC-SP,<\/strong> &eacute; uma institui&ccedil;&atilde;o de ensino renomada e conhecida na regi&atilde;o pelos seus cursos de qualidade.<\/p><p>A <a href=\"https:\/\/med.estrategia.com\/portal\/residencia-medica\/programa-de-residencia-medica\/surce-residencia-medica-o-que-e\/\" target=\"_blank\">Resid&ecirc;ncia M&eacute;dica<\/a> da PUC-SP &eacute; realizada em conjunto com o Hospital Santa Lucinda, o Conjunto Hospitalar de Sorocaba, a Prefeitura Municipal de Sorocaba e a Faculdade de Ci&ecirc;ncias M&eacute;dicas e da Sa&uacute;de PUC-SP. <\/p><div class=\"wp-block-image\">\n<figure class=\"aligncenter size-large\"><img decoding=\"async\" width=\"640\" height=\"427\" src=\"https:\/\/med.estrategia.com\/portal\/wp-content\/uploads\/2021\/07\/puc-sp-sorocaba.jpg\" alt=\"\" class=\"wp-image-7393\" srcset=\"https:\/\/med.estrategia.com\/portal\/wp-content\/uploads\/2021\/07\/puc-sp-sorocaba.jpg 640w, https:\/\/med.estrategia.com\/portal\/wp-content\/uploads\/2021\/07\/puc-sp-sorocaba-300x200.jpg 300w, https:\/\/med.estrategia.com\/portal\/wp-content\/uploads\/2021\/07\/puc-sp-sorocaba-380x254.jpg 380w\" sizes=\"(max-width: 640px) 100vw, 640px\" \/><figcaption class=\"wp-element-caption\">Campus da PUC-SP em Sorocaba. Foto: <a href=\"https:\/\/www5.pucsp.br\/puc-tour\/sorocaba.php\" target=\"_blank\">Divulga&ccedil;&atilde;o PUC-SP<\/a><\/figcaption><\/figure><\/div><p>\n\n<div id=\"new-form\">\n\t<form id=\"forms_layout\">\n\t<input type=\"hidden\" id=\"chave_de\" name=\"chave_de\" value=\"01_EMED_LEADS_TOTAIS\" \/>\n\t\t<input type=\"hidden\" id=\"mid\" name=\"mid\" value=\"515009018\" \/>\n\t\t<input type=\"hidden\" id=\"Objetivo\" name=\"Objetivo\" value=\"Medicina\" \/>\n\t\t<input type=\"hidden\" id=\"Estado_de_Origem_do_IP\" name=\"Estado_de_Origem_do_IP\"  value=\"\" \/>\n\t\t<input type=\"hidden\" id=\"Cidade_de_Origem_do_IP\" name=\"Cidade_de_Origem_do_IP\" value=\"\" \/>\n\t\t<input type=\"hidden\" id=\"Modo_de_entrada\" name=\"Modo_de_entrada\" value=\"Portal\" \/>\n\t\t<input type=\"hidden\" id=\"Pagina_Origem\" name=\"Pagina_Origem\" value=\"\" \/>\n\n\t\t<div class=\"texto\">\n\t\t\t<h3 class=\"news\">Inscreva-se em nossa newsletter!<\/h3>\n\t\t\t<p>Receba not\u00edcias sobre resid\u00eancia m\u00e9dica, revalida\u00e7\u00e3o de diplomas e concursos m\u00e9dicos, al\u00e9m de materiais de estudo gratuitos e informa\u00e7\u00f5es relevantes do mundo da Medicina.<\/p>\n\t\t<\/div>\n\t\t<div class=\"campos\">\n\t\t\t<div class=\"first_name labels\">\n\t\t\t\t<input type=\"text\" class=\"input_labels\" id=\"first_name\" name=\"Nome_Completo\" placeholder=\"Nome\" required \/>\n\t\t\t<\/div>\n\t\t\t<div class=\"email labels\">\n\t\t\t\t<input type=\"email\" class=\"input_labels\" id=\"email\" name=\"Email\" placeholder=\"E-mail\" required \/>\n\t\t\t<\/div>\n\t\t\t<button type=\"submit\" class=\"button_layout\">\n\t\t\t\t<div id=\"lblBotao\">Inscreva-se<\/div>\n\t\t\t\t<span id=\"divSpiner\" class=\"loader\" role=\"status\" style=\"display: none;\"><\/span>\t\n\t\t\t<\/button>\n\t\t<\/div><!-- \/campos -->\n\t\t\n\t\t<label class=\"container_checkbox\">Voc\u00ea concorda com a nossa\n\t\t\t<a class=\"politics_privacy_ahref\" target=\"_blank\" href=\"https:\/\/gratis.estrategiaconcursos.com.br\/politica-de-privacidade\/\">Pol\u00edtica de Privacidade<\/a> e aceita receber informa\u00e7\u00f5es adicionais do Estrat\u00e9gia Educacional.\n\t\t\t<input id=\"checkbox_layout\" type=\"checkbox\" checked=\"checked\" required \/>\n\t\t\t<span class=\"checkbox\"><\/span>\n\t\t<\/label>\n\t\t<div id=\"msg\"><\/div>\n\t\t<div id=\"error\" class=\"error\">\n\t\t<\/div>\n\t<\/form>\n<\/div><!-- \/new-form -->\n\n\n\n<\/p><h2 class=\"wp-block-heading\" id=\"h-como-e-o-processo-seletivo-da-puc-sp\"><span class=\"ez-toc-section\" id=\"Como-e-o-processo-seletivo-da-PUC-SP\"><\/span>Como &eacute; o processo seletivo da PUC-SP<span class=\"ez-toc-section-end\"><\/span><\/h2><p>Para garantir uma das vagas ofertadas pela PUC-SP, <strong>os candidatos interessados ser&atilde;o avaliados por uma &uacute;nica fase, <\/strong>respeitando os requisitos exigidos na especialidade escolhida, constitu&iacute;da por<strong> uma prova com quest&otilde;es objetivas e dissertativas.<\/strong><br><br>Para as especialidades de <strong>Acesso Direto, a prova &eacute; composta por 75 quest&otilde;es de m&uacute;ltipla escolha + 5 dissertativas.<\/strong> J&aacute; para as especialidades com <strong>Pr&eacute;-Requisito exigido, a prova &eacute; comporta de 35 quest&otilde;es objetivas e uma &uacute;nica dissertativa.<\/strong><br><\/p><h2 class=\"wp-block-heading\"><span class=\"ez-toc-section\" id=\"Como-se-inscrever-na-selecao-da-PUC-SP\"><\/span>Como se inscrever na sele&ccedil;&atilde;o da PUC-SP<span class=\"ez-toc-section-end\"><\/span><\/h2><p>As inscri&ccedil;&otilde;es para o seletivo de Resid&ecirc;ncia M&eacute;dica da PUC-SP acontecem em per&iacute;odo estipulado em edital por meio do <a href=\"https:\/\/www.nucvest.com.br\/pucsp\/residencia-medica\/2023\/abad\/index.html\" target=\"_blank\">site da NucVest<\/a>, organizadora da prova. Para efetuar a inscri&ccedil;&atilde;o, &eacute; necess&aacute;rio pagar a taxa de<strong> R$ 750,00<\/strong> ou solicitar isen&ccedil;&atilde;o.<\/p><p>Para <strong>solicitar a isen&ccedil;&atilde;o da taxa de inscri&ccedil;&atilde;o,<\/strong> os candidatos devem enviar um e-mail para o endere&ccedil;o <a href=\"mailto:residenciamedica@fundasp.org.br\" target=\"_blank\">residenciamedica@fundasp.org.br<\/a>, constando o nome e CPF, al&eacute;m dos documentos comprobat&oacute;rios de que s&atilde;o alunos matriculados no &uacute;ltimo per&iacute;odo de Medicina da PUC-SP e s&atilde;o Bolsistas PROUNI e\/ou FUNDASP 100%.<\/p><h2 class=\"wp-block-heading\" id=\"h-concorrencia-puc-sp\"><span class=\"ez-toc-section\" id=\"Concorrencia-PUC-SP\"><\/span>Concorr&ecirc;ncia PUC-SP<span class=\"ez-toc-section-end\"><\/span><\/h2><p>Confira a rela&ccedil;&atilde;o de candidatos por vaga da &uacute;ltima edi&ccedil;&atilde;o finalizada do processo seletivo de resid&ecirc;ncia m&eacute;dica da PUC-SP:<\/p><figure class=\"wp-block-table is-style-regular\"><table><thead><tr><th class=\"has-text-align-left\" data-align=\"left\">Especialidades<\/th><th class=\"has-text-align-center\" data-align=\"center\">Inscritos<\/th><th class=\"has-text-align-center\" data-align=\"center\">Vagas<\/th><th class=\"has-text-align-center\" data-align=\"center\">Concorr&ecirc;ncia 2023<\/th><\/tr><\/thead><tbody><tr><td class=\"has-text-align-left\" data-align=\"left\">Anestesiologia<\/td><td class=\"has-text-align-center\" data-align=\"center\">99<\/td><td class=\"has-text-align-center\" data-align=\"center\">6<\/td><td class=\"has-text-align-center\" data-align=\"center\">16,50<\/td><\/tr><tr><td class=\"has-text-align-left\" data-align=\"left\">Cirurgia Geral<\/td><td class=\"has-text-align-center\" data-align=\"center\">163<\/td><td class=\"has-text-align-center\" data-align=\"center\">7<\/td><td class=\"has-text-align-center\" data-align=\"center\">23,28<\/td><\/tr><tr><td class=\"has-text-align-left\" data-align=\"left\">Cl&iacute;nica M&eacute;dica<\/td><td class=\"has-text-align-center\" data-align=\"center\">176<\/td><td class=\"has-text-align-center\" data-align=\"center\">16<\/td><td class=\"has-text-align-center\" data-align=\"center\">11<\/td><\/tr><tr><td class=\"has-text-align-left\" data-align=\"left\">Dermatologia<\/td><td class=\"has-text-align-center\" data-align=\"center\">57<\/td><td class=\"has-text-align-center\" data-align=\"center\">1<\/td><td class=\"has-text-align-center\" data-align=\"center\">57<\/td><\/tr><tr><td class=\"has-text-align-left\" data-align=\"left\">Infectologia<\/td><td class=\"has-text-align-center\" data-align=\"center\">9<\/td><td class=\"has-text-align-center\" data-align=\"center\">2<\/td><td class=\"has-text-align-center\" data-align=\"center\">4,50<\/td><\/tr><tr><td class=\"has-text-align-left\" data-align=\"left\">Medicina de Fam&iacute;lia e Comunidade<\/td><td class=\"has-text-align-center\" data-align=\"center\">8<\/td><td class=\"has-text-align-center\" data-align=\"center\">2<\/td><td class=\"has-text-align-center\" data-align=\"center\">4<\/td><\/tr><tr><td class=\"has-text-align-left\" data-align=\"left\">Obstetr&iacute;cia e Ginecologia<\/td><td class=\"has-text-align-center\" data-align=\"center\">152<\/td><td class=\"has-text-align-center\" data-align=\"center\">8<\/td><td class=\"has-text-align-center\" data-align=\"center\">19<\/td><\/tr><tr><td class=\"has-text-align-left\" data-align=\"left\">Ortopedia e Traumatologia<\/td><td class=\"has-text-align-center\" data-align=\"center\">42<\/td><td class=\"has-text-align-center\" data-align=\"center\">7<\/td><td class=\"has-text-align-center\" data-align=\"center\">6<\/td><\/tr><tr><td class=\"has-text-align-left\" data-align=\"left\">Otorrinolaringologia<\/td><td class=\"has-text-align-center\" data-align=\"center\">55<\/td><td class=\"has-text-align-center\" data-align=\"center\">2<\/td><td class=\"has-text-align-center\" data-align=\"center\">27,50<\/td><\/tr><tr><td class=\"has-text-align-left\" data-align=\"left\">Pediatria<\/td><td class=\"has-text-align-center\" data-align=\"center\">57<\/td><td class=\"has-text-align-center\" data-align=\"center\">8<\/td><td class=\"has-text-align-center\" data-align=\"center\">7,12<\/td><\/tr><tr><td class=\"has-text-align-left\" data-align=\"left\">Psiquiatria<\/td><td class=\"has-text-align-center\" data-align=\"center\">61<\/td><td class=\"has-text-align-center\" data-align=\"center\">2<\/td><td class=\"has-text-align-center\" data-align=\"center\">30,50<\/td><\/tr><tr><td class=\"has-text-align-left\" data-align=\"left\">Radiologia e Diagn&oacute;stico por Imagem<\/td><td class=\"has-text-align-center\" data-align=\"center\">38<\/td><td class=\"has-text-align-center\" data-align=\"center\">3<\/td><td class=\"has-text-align-center\" data-align=\"center\">12,66<\/td><\/tr><\/tbody><\/table><\/figure><p>Confira tamb&eacute;m a <a href=\"https:\/\/med.estrategia.com\/portal\/noticias\/puc-sp-divulga-relacao-candidato-vaga-do-seletivo-2023\/\" target=\"_blank\">concorr&ecirc;ncia das especialidades com pr&eacute;-requisito exigido<\/a>!<\/p><h2 class=\"wp-block-heading\" id=\"h-nota-de-corte-puc-sp\"><span class=\"ez-toc-section\" id=\"Nota-de-Corte-PUC-SP\"><\/span>Nota de Corte PUC-SP<span class=\"ez-toc-section-end\"><\/span><\/h2><p>Abaixo voc&ecirc; pode conferir e nota de corte da &uacute;ltima edi&ccedil;&atilde;o finalizada, PUC-SP 2023. A nota de corte &eacute; referente a nota obtida pelo &uacute;ltimo candidato convocado em primeira chamada de cada especialidade ofertada:<\/p><figure class=\"wp-block-table\"><table><thead><tr><th>ESPECIALIDADES<\/th><th class=\"has-text-align-center\" data-align=\"center\">NOTA DE CORTE 2023<\/th><\/tr><\/thead><tbody><tr><td>Anestesiologia<\/td><td class=\"has-text-align-center\" data-align=\"center\">81,5<\/td><\/tr><tr><td>Cirurgia da M&atilde;o<\/td><td class=\"has-text-align-center\" data-align=\"center\">37,5<\/td><\/tr><tr><td>Cirurgia Geral<\/td><td class=\"has-text-align-center\" data-align=\"center\">79,75<\/td><\/tr><tr><td>Cirurgia Pl&aacute;stica<\/td><td class=\"has-text-align-center\" data-align=\"center\">37,4<\/td><\/tr><tr><td>Cirurgia Vascular<\/td><td class=\"has-text-align-center\" data-align=\"center\">31<\/td><\/tr><tr><td>Cl&iacute;nica M&eacute;dica<\/td><td class=\"has-text-align-center\" data-align=\"center\">76,25<\/td><\/tr><tr><td>Dermatologia<\/td><td class=\"has-text-align-center\" data-align=\"center\">88,55<\/td><\/tr><tr><td>Endocrinologia e Metabologia<\/td><td class=\"has-text-align-center\" data-align=\"center\">40<\/td><\/tr><tr><td>Hematologia e Hemoterapia<\/td><td class=\"has-text-align-center\" data-align=\"center\">41,5<\/td><\/tr><tr><td>Infectologia<\/td><td class=\"has-text-align-center\" data-align=\"center\">73,75<\/td><\/tr><tr><td>Medicina de Fam&iacute;lia e Comunidade<\/td><td class=\"has-text-align-center\" data-align=\"center\">65,5<\/td><\/tr><tr><td>Obstetr&iacute;cia e Ginecologia<\/td><td class=\"has-text-align-center\" data-align=\"center\">78<\/td><\/tr><tr><td>Oncologia Cl&iacute;nica<\/td><td class=\"has-text-align-center\" data-align=\"center\">24,5<\/td><\/tr><tr><td>Ortopedia e Traumatologia<\/td><td class=\"has-text-align-center\" data-align=\"center\">65,75<\/td><\/tr><tr><td>Otorrinolaringologia<\/td><td class=\"has-text-align-center\" data-align=\"center\">84,75<\/td><\/tr><tr><td>Pediatria<\/td><td class=\"has-text-align-center\" data-align=\"center\">70<\/td><\/tr><tr><td>Pneumologia<\/td><td class=\"has-text-align-center\" data-align=\"center\">33<\/td><\/tr><tr><td>Psiquiatria<\/td><td class=\"has-text-align-center\" data-align=\"center\">82,55<\/td><\/tr><tr><td>Radiologia e Diagn&oacute;stico por Imagem<\/td><td class=\"has-text-align-center\" data-align=\"center\">75<\/td><\/tr><tr><td>Reumatologia<\/td><td class=\"has-text-align-center\" data-align=\"center\">35,5<\/td><\/tr><tr><td>Urologia<\/td><td class=\"has-text-align-center\" data-align=\"center\">37<\/td><\/tr><\/tbody><\/table><\/figure><h2 class=\"wp-block-heading\"><span class=\"ez-toc-section\" id=\"Saiba-como-foi-a-ultima-edicao-da-PUC-SP\"><\/span>Saiba como foi a &uacute;ltima edi&ccedil;&atilde;o da PUC-SP<span class=\"ez-toc-section-end\"><\/span><\/h2><p>No dia 4 de novembro de 2022, a PUC-SP divulgou em seu portal de processos seletivos, <a href=\"https:\/\/www.nucvest.com.br\/pucsp\/residencia-medica\/2023\/abad\/index.html\" target=\"_blank\">a NucVest<\/a>, o edital para o pr&oacute;ximo seletivo de Resid&ecirc;ncia M&eacute;dica com ingresso em 2023. Confira:<\/p><div class=\"wp-block-buttons is-horizontal is-content-justification-center is-layout-flex wp-container-core-buttons-is-layout-1 wp-block-buttons-is-layout-flex\">\n<div class=\"wp-block-button\"><a class=\"wp-block-button__link has-light-green-cyan-to-vivid-green-cyan-gradient-background has-background wp-element-button\" href=\"https:\/\/med.estrategia.com\/portal\/wp-content\/uploads\/2022\/10\/EDITAL-RESIDENCIA-2023-ABAD-1.pdf\" target=\"_blank\">Edital PUC SP 2023 Acesso Direto<\/a><\/div>\n\n\n\n<div class=\"wp-block-button\"><a class=\"wp-block-button__link has-light-green-cyan-to-vivid-green-cyan-gradient-background has-background wp-element-button\" href=\"https:\/\/med.estrategia.com\/portal\/wp-content\/uploads\/2022\/10\/EDITAL-RESIDENCIA-2023-ESPECIALIDADES-1.pdf\" target=\"_blank\">Edital PUC SP 2023 Pr&eacute;-Requisito<\/a><\/div>\n<\/div><h3 class=\"wp-block-heading\">Cronograma PUC-SP Resid&ecirc;ncia M&eacute;dica 2023<\/h3><ul class=\"wp-block-list\">\n<li><strong>Per&iacute;odo de Inscri&ccedil;&atilde;o:<\/strong> 05\/10 a 09\/11\/2022;<\/li>\n\n\n\n<li><strong>Taxa de Inscri&ccedil;&atilde;o: <\/strong>R$ 750,00;<\/li>\n\n\n\n<li><strong>Local de prova: <\/strong>16\/11\/2022;<\/li>\n\n\n\n<li><strong>Prova Escrita:<\/strong> 21\/11\/2022;<\/li>\n\n\n\n<li><strong>Divulga&ccedil;&atilde;o dos gabaritos: <\/strong>22\/11\/2022;<\/li>\n\n\n\n<li><strong>Recursos ao gabarito: <\/strong>23\/11\/2022;&nbsp;<\/li>\n\n\n\n<li><strong>Resultado: <\/strong>12\/12\/2022;<\/li>\n\n\n\n<li><strong>Recurso ao resultado: <\/strong>13\/12\/2022; e<\/li>\n\n\n\n<li><strong>Matr&iacute;culas: <\/strong>13, 14 e 15\/12\/2022;<\/li>\n<\/ul><h3 class=\"wp-block-heading\">Especialidades e Vagas&nbsp;<\/h3><p>Os programas oferecidos pela PUC SP foram classificados em &Aacute;reas B&aacute;sicas, Acesso Direto e Pr&eacute;-Requisito. Confira a distribui&ccedil;&atilde;o, s&atilde;o <strong>86 vagas ao todo<\/strong>:<\/p><h4 class=\"wp-block-heading\"><strong>&Aacute;reas B&aacute;sicas<\/strong><\/h4><figure class=\"wp-block-table is-style-stripes\"><table class=\"has-background has-fixed-layout\" style=\"background-color:#83ddb5\"><thead><tr><th> <strong>Especialidades<\/strong> <\/th><th class=\"has-text-align-center\" data-align=\"center\"> <strong>Vagas<\/strong> <\/th><\/tr><\/thead><tbody><tr><td>Cirurgia Geral<\/td><td class=\"has-text-align-center\" data-align=\"center\">7<\/td><\/tr><tr><td>Cl&iacute;nica M&eacute;dica*<\/td><td class=\"has-text-align-center\" data-align=\"center\">16<\/td><\/tr><tr><td>Obstetr&iacute;cia e Ginecologia<\/td><td class=\"has-text-align-center\" data-align=\"center\">8<\/td><\/tr><tr><td>Pediatria<\/td><td class=\"has-text-align-center\" data-align=\"center\">8<\/td><\/tr><tr><td><strong>TOTAL<\/strong><\/td><td class=\"has-text-align-center\" data-align=\"center\"><strong>39<\/strong><\/td><\/tr><\/tbody><\/table><figcaption class=\"wp-element-caption\"><strong>*2 vagas reservadas<\/strong><\/figcaption><\/figure><h4 class=\"wp-block-heading\"><strong>Acesso Direto<\/strong><\/h4><figure class=\"wp-block-table is-style-stripes\"><table class=\"has-background has-fixed-layout\" style=\"background-color:#83ddb5\"><thead><tr><th> <strong>Especialidades<\/strong> <\/th><th class=\"has-text-align-center\" data-align=\"center\"> <strong>Vagas<\/strong> <\/th><\/tr><\/thead><tbody><tr><td>Anestesiologia<\/td><td class=\"has-text-align-center\" data-align=\"center\">6<\/td><\/tr><tr><td>Dermatologia<\/td><td class=\"has-text-align-center\" data-align=\"center\">1<\/td><\/tr><tr><td>Infectologia<\/td><td class=\"has-text-align-center\" data-align=\"center\">2<\/td><\/tr><tr><td>Medicina de Fam&iacute;lia e Comunidade<\/td><td class=\"has-text-align-center\" data-align=\"center\">2<\/td><\/tr><tr><td>Ortopedia e Traumatologia<\/td><td class=\"has-text-align-center\" data-align=\"center\">7<\/td><\/tr><tr><td>Otorrinolaringologia<\/td><td class=\"has-text-align-center\" data-align=\"center\">2<\/td><\/tr><tr><td>Psiquiatria<\/td><td class=\"has-text-align-center\" data-align=\"center\">2<\/td><\/tr><tr><td>Radiologia e Diagn&oacute;stico por imagem<\/td><td class=\"has-text-align-center\" data-align=\"center\">3<\/td><\/tr><tr><td><strong>TOTAL<\/strong><\/td><td class=\"has-text-align-center\" data-align=\"center\"><strong>25<\/strong><\/td><\/tr><\/tbody><\/table><\/figure><h4 class=\"wp-block-heading\"><strong>Pr&eacute;-Requisito<\/strong><\/h4><figure class=\"wp-block-table is-style-stripes\"><table class=\"has-background has-fixed-layout\" style=\"background-color:#83ddb5\"><thead><tr><th> <strong>Especialidades<\/strong> <\/th><th class=\"has-text-align-center\" data-align=\"center\"> <strong>Vagas<\/strong> <\/th><\/tr><\/thead><tbody><tr><td>Oncologia Cl&iacute;nica<\/td><td class=\"has-text-align-center\" data-align=\"center\">3<\/td><\/tr><tr><td>Endocrinologia e Metabologia<\/td><td class=\"has-text-align-center\" data-align=\"center\">2<\/td><\/tr><tr><td>Nefrologia<\/td><td class=\"has-text-align-center\" data-align=\"center\">2<\/td><\/tr><tr><td>Pneumologia<\/td><td class=\"has-text-align-center\" data-align=\"center\">1<\/td><\/tr><tr><td>Reumatologia<\/td><td class=\"has-text-align-center\" data-align=\"center\">2<\/td><\/tr><tr><td>Hematologia e Hemoterapia<\/td><td class=\"has-text-align-center\" data-align=\"center\">1<\/td><\/tr><tr><td>Cirurgia Pl&aacute;stica<\/td><td class=\"has-text-align-center\" data-align=\"center\">2<\/td><\/tr><tr><td>Urologia<\/td><td class=\"has-text-align-center\" data-align=\"center\">2<\/td><\/tr><tr><td>Cirurgia Vascular<\/td><td class=\"has-text-align-center\" data-align=\"center\">2<\/td><\/tr><tr><td>Cirurgia do Trauma<\/td><td class=\"has-text-align-center\" data-align=\"center\">2<\/td><\/tr><tr><td>Cirurgia da M&atilde;o<\/td><td class=\"has-text-align-center\" data-align=\"center\">1<\/td><\/tr><tr><td>Neonatologia<\/td><td class=\"has-text-align-center\" data-align=\"center\">2<\/td><\/tr><tr><td><strong>TOTAL<\/strong><\/td><td class=\"has-text-align-center\" data-align=\"center\"><strong>22<\/strong><\/td><\/tr><\/tbody><\/table><\/figure><h3 class=\"wp-block-heading\">Fase &uacute;nica: Prova Escrita<\/h3><p>O seletivo 2023, de acordo com o Manual do Candidato, contar&aacute; com<strong> fase &uacute;nica<\/strong> &ndash; prova escrita &ndash; para especialidades de <strong>Acesso Direto<\/strong> e para as especialidades com <strong>Pr&eacute;-Requisito<\/strong>. O local de prova foi divulgado no dia<strong> 16 de novembro<\/strong> pelo site da Nucvest. <\/p><h4 class=\"wp-block-heading\">Para Acesso Direto<\/h4><p>A <strong>aplica&ccedil;&atilde;o <\/strong>da prova aconteceu no dia <strong>21 de novembro de 2022<\/strong>, segunda-feira, na capital de S&atilde;o Paulo. Para os candidatos aos programas de <strong>Acesso Direto<\/strong>, a prova foi composta por <strong>75 quest&otilde;es objetivas<\/strong> &ndash; valendo 1 ponto cada &ndash; <strong>e 5 quest&otilde;es dissertativas<\/strong> &ndash; valendo 5 pontos cada, totalizando 100 pontos.<\/p><p>A prova teve<strong> in&iacute;cio &agrave;s 13h e t&eacute;rmino &agrave;s 17h, com dura&ccedil;&atilde;o de 4 horas. <\/strong>Al&eacute;m disso, o tempo m&iacute;nimo de perman&ecirc;ncia no local era de <strong>1h30<\/strong> e os candidatos <strong>n&atilde;o puderam levar o caderno de quest&otilde;es e as folhas de respostas <\/strong>da prova em nenhuma hip&oacute;tese.&nbsp;<br><br>No dia 22 de novembro de 2022 foram divulgados os gabaritos preliminares e cadernos de provas, confira:<\/p><div class=\"wp-block-buttons is-horizontal is-content-justification-center is-layout-flex wp-container-core-buttons-is-layout-2 wp-block-buttons-is-layout-flex\">\n<div class=\"wp-block-button\"><a class=\"wp-block-button__link wp-element-button\" href=\"https:\/\/med.estrategia.com\/portal\/wp-content\/uploads\/2022\/11\/GABARITO-1-AREA-BASICA-ACESSO-DIRETO-RM2023.pdf\" target=\"_blank\">Gabarito &ndash; Acesso Direto<\/a><\/div>\n\n\n\n<div class=\"wp-block-button\"><a class=\"wp-block-button__link wp-element-button\" href=\"https:\/\/med.estrategia.com\/portal\/wp-content\/uploads\/2022\/11\/PROVA-AREAS-BASICAS-ACESSO-DIRETO-75Q-ResidenciaPuc-2023-.pdf\" target=\"_blank\">Prova &ndash; Acesso Direto<\/a><\/div>\n<\/div><div class=\"wp-block-buttons is-horizontal is-content-justification-center is-layout-flex wp-container-core-buttons-is-layout-3 wp-block-buttons-is-layout-flex\">\n<div class=\"wp-block-button\"><a class=\"wp-block-button__link wp-element-button\" href=\"https:\/\/med.estrategia.com\/portal\/wp-content\/uploads\/2022\/12\/Respostas-do-recursos-Geral-ABAD.pdf\" target=\"_blank\">Respostas aos recursos interpostos ao gabarito <\/a><\/div>\n<\/div><h4 class=\"wp-block-heading\">Para Pr&eacute;-Requisito<\/h4><p>Os candidatos aos programas com <strong>Pr&eacute;-Requisito<\/strong> responderam a <strong>35 quest&otilde;es objetivas e 1 dissertativa<\/strong>, todas sobre temas das respectivas &aacute;reas exigidas como pr&eacute;-requisito.<\/p><p>A prova teve<strong> in&iacute;cio &agrave;s 13h e t&eacute;rmino &agrave;s 16h, dura&ccedil;&atilde;o de 3 horas<\/strong>, tempo m&iacute;nimo de <strong>1h30 e <\/strong>os candidatos tamb&eacute;m <strong>n&atilde;o foram permitidos <\/strong>a levarem o <strong>caderno de quest&otilde;es e as folhas de respostas<\/strong>.<\/p><div class=\"wp-block-buttons is-horizontal is-content-justification-center is-layout-flex wp-container-core-buttons-is-layout-4 wp-block-buttons-is-layout-flex\">\n<div class=\"wp-block-button\"><a class=\"wp-block-button__link wp-element-button\" href=\"https:\/\/med.estrategia.com\/portal\/wp-content\/uploads\/2022\/11\/2-Clinica-Medica-especialidades-RM2023.pdf\" target=\"_blank\">Gabarito &ndash; Especialidades Cl&iacute;nicas<\/a><\/div>\n\n\n\n<div class=\"wp-block-button\"><a class=\"wp-block-button__link wp-element-button\" href=\"https:\/\/med.estrategia.com\/portal\/wp-content\/uploads\/2022\/11\/3-Cirurgia-Geral-especialidades-RM2023.pdf\" target=\"_blank\">Gabarito &ndash; Especialidades Cir&uacute;rgicas<\/a><\/div>\n\n\n\n<div class=\"wp-block-button\"><a class=\"wp-block-button__link wp-element-button\" href=\"https:\/\/med.estrategia.com\/portal\/wp-content\/uploads\/2022\/11\/4-Cirurgia-da-Mao-especialidade-RM2023.pdf\" target=\"_blank\">Gabarito &ndash; Cirurgia da M&atilde;o<\/a><\/div>\n\n\n\n<div class=\"wp-block-button\"><a class=\"wp-block-button__link wp-element-button\" href=\"https:\/\/med.estrategia.com\/portal\/wp-content\/uploads\/2022\/11\/CLINICA-MEDICA-ResidenciaPuc-2023-A4.pdf\" target=\"_blank\">Prova &ndash; Especialidades Cl&iacute;nicas<\/a><\/div>\n\n\n\n<div class=\"wp-block-button\"><a class=\"wp-block-button__link wp-element-button\" href=\"https:\/\/med.estrategia.com\/portal\/wp-content\/uploads\/2022\/11\/CIRURGIA-GERAL-ResidenciaPuc-2023-A4.pdf\" target=\"_blank\">Prova &ndash; Especialidades Cir&uacute;rgicas<\/a><\/div>\n\n\n\n<div class=\"wp-block-button\"><a class=\"wp-block-button__link wp-element-button\" href=\"https:\/\/med.estrategia.com\/portal\/wp-content\/uploads\/2022\/11\/CIRURGIA-DA-MAO-ResidenciaPuc-2023-A4-2.pdf\" target=\"_blank\">Prova Cirurgia da M&atilde;o<\/a><\/div>\n<\/div><h4 class=\"wp-block-heading\">No dia das provas<\/h4><ul class=\"wp-block-list\">\n<li>Documento original com foto;<\/li>\n\n\n\n<li>O candidato precisou comparecer ao local de prova &agrave;s 12h, com ingresso permitido at&eacute; 12h50;<\/li>\n\n\n\n<li>Uso obrigat&oacute;rio de m&aacute;scara; e<\/li>\n\n\n\n<li>Caneta esferogr&aacute;fica transparente, azul ou preta, l&aacute;pis e borracha.<\/li>\n<\/ul><p>Ap&oacute;s per&iacute;odo de recursos, foram divulgados os gabaritos definitivos de todas as provas aplicadas, assim como as respectivas respostas aos recursos encaminhados. Confira:<\/p><div class=\"wp-block-buttons is-layout-flex wp-block-buttons-is-layout-flex\"><\/div><div class=\"wp-block-buttons is-content-justification-center is-layout-flex wp-container-core-buttons-is-layout-6 wp-block-buttons-is-layout-flex\">\n<div class=\"wp-block-button\"><a class=\"wp-block-button__link wp-element-button\" href=\"https:\/\/med.estrategia.com\/portal\/wp-content\/uploads\/2022\/12\/RETIFICADO-GABARITO-1-AREA-BASICA-ACESSO-DIRETO-RM2023.pdf\" target=\"_blank\">Gabarito Definitivo &ndash; Acesso Direto<\/a><\/div>\n\n\n\n<div class=\"wp-block-button\"><a class=\"wp-block-button__link wp-element-button\" href=\"https:\/\/med.estrategia.com\/portal\/wp-content\/uploads\/2022\/12\/Respostas-do-recursos-Geral-ABAD-PUC-SP.pdf\" target=\"_blank\">Respostas aos Recursos &ndash; Acesso Direto<\/a><\/div>\n\n\n\n<div class=\"wp-block-button\"><a class=\"wp-block-button__link wp-element-button\" href=\"https:\/\/med.estrategia.com\/portal\/wp-content\/uploads\/2022\/12\/GabaritoDefinitivo_EspecialidadesPUC-SP.zip\" target=\"_blank\">Gabarito Definitivo &ndash; Pr&eacute;-Requisitos<\/a><\/div>\n\n\n\n<div class=\"wp-block-button\"><a class=\"wp-block-button__link wp-element-button\" href=\"https:\/\/med.estrategia.com\/portal\/wp-content\/uploads\/2022\/12\/Respostas-aos-Recursos_EspecialidadesPUC-SP.zip\" target=\"_blank\">Respostas aos Recursos &ndash; Pr&eacute;-Requisitos<\/a><\/div>\n<\/div><h2 class=\"wp-block-heading\"><span class=\"ez-toc-section\" id=\"Resultado-Final-da-PUC-SP-Residencia-Medica-2023\"><\/span>Resultado Final da PUC-SP Resid&ecirc;ncia M&eacute;dica 2023<span class=\"ez-toc-section-end\"><\/span><\/h2><p>A classifica&ccedil;&atilde;o final foi divulgada em 12 de dezembro de 2022 e obtida considerando a pontua&ccedil;&atilde;o total do candidato, seguindo a seguinte propor&ccedil;&atilde;o:&nbsp;<\/p><p><strong>Para especialidades de Acesso Direto:<\/strong> 100% da nota da prova, que foi composta de 75 pontos da Prova Objetiva e 25 pontos da Prova Dissertativa.<\/p><p><strong>Para especialidades com Pr&eacute;-Requisito:<\/strong> 100% da nota para a prova, que foi composta de 35 pontos para a Prova Objetiva e 15 pontos para a Prova Dissertativa.<\/p><p>Al&eacute;m disso, recebeu pontua&ccedil;&atilde;o adicional de 10% os candidatos que apresentaram comprova&ccedil;&atilde;o de realiza&ccedil;&atilde;o do PROVAB e\/ou da A&ccedil;&atilde;o Estrat&eacute;gica &ldquo;O Brasil Conta Comigo&rdquo;.<\/p><p>Em caso de empate, os crit&eacute;rios de desempate foram:<\/p><ul class=\"wp-block-list\">\n<li>Maior nota na parte dissertativa;<\/li>\n\n\n\n<li>Maior nota na parte objetiva;<\/li>\n\n\n\n<li>Maior idade; e<\/li>\n\n\n\n<li>Menor n&uacute;mero de inscri&ccedil;&atilde;o no seletivo.<\/li>\n<\/ul><p>Confira a classifica&ccedil;&atilde;o geral de aprovados da PUC-SP 2023, assim como a 1&ordf; chamada da sele&ccedil;&atilde;o:<\/p><div class=\"wp-block-buttons is-horizontal is-content-justification-center is-layout-flex wp-container-core-buttons-is-layout-7 wp-block-buttons-is-layout-flex\">\n<div class=\"wp-block-button has-custom-font-size has-medium-font-size\"><a class=\"wp-block-button__link wp-element-button\" href=\"https:\/\/med.estrategia.com\/portal\/wp-content\/uploads\/2022\/12\/LISTA-CLASS-GERAL-Residencia-PUC2023-ABAD.pdf\" target=\"_blank\">RESULTADO PUC-SP 2023 &ndash; ACESSO DIRETO<\/a><\/div>\n\n\n\n<div class=\"wp-block-button has-custom-font-size has-medium-font-size\"><a class=\"wp-block-button__link wp-element-button\" href=\"https:\/\/med.estrategia.com\/portal\/wp-content\/uploads\/2022\/12\/LISTA-ORDEM-CLASS-Residencia-PUC2023-ABAD.pdf\" target=\"_blank\">1&ordf; CHAMADA PUC-SP 2023 &ndash; ACESSO DIRETO<\/a><\/div>\n\n\n\n<div class=\"wp-block-button\"><a class=\"wp-block-button__link wp-element-button\" href=\"https:\/\/med.estrategia.com\/portal\/wp-content\/uploads\/2022\/12\/LISTA-CLASS-GERAL-Residencia-PUC2023-Especialidades.pdf\" target=\"_blank\">  RESULTADO PUC-SP 2023 &ndash; PR&Eacute;-REQUISITO  <\/a><\/div>\n\n\n\n<div class=\"wp-block-button\"><a class=\"wp-block-button__link wp-element-button\" href=\"https:\/\/med.estrategia.com\/portal\/wp-content\/uploads\/2022\/12\/LISTA-ORDEM-CLASS-Residencia-PUC2023-ESPECIALIDADES.pdf\" target=\"_blank\"> 1&ordf; CHAMADA PUC-SP 2023 &ndash; PR&Eacute;-REQUISITO <\/a><\/div>\n<\/div><p>Confira tamb&eacute;m as chamadas subsequentes, destinadas &agrave; convoca&ccedil;&atilde;o de candidatos suplentes:<\/p><div class=\"wp-block-buttons is-content-justification-center is-layout-flex wp-container-core-buttons-is-layout-8 wp-block-buttons-is-layout-flex\">\n<div class=\"wp-block-button\"><a class=\"wp-block-button__link wp-element-button\" href=\"https:\/\/med.estrategia.com\/portal\/wp-content\/uploads\/2023\/06\/DemaisChamadas_AcessoDireto_PUC-SP.zip\" target=\"_blank\">Demais Chamadas &ndash; Acesso Direto<\/a><\/div>\n<\/div><h2 class=\"wp-block-heading\" id=\"h-como-se-preparar-para-a-puc-sp-2024\"><span class=\"ez-toc-section\" id=\"Como-se-preparar-para-a-PUC-SP-2024\"><\/span>Como se preparar para a PUC-SP 2024<span class=\"ez-toc-section-end\"><\/span><\/h2><p>Para otimizar seus estudos e conquistar a sua aprova&ccedil;&atilde;o na prova de Resid&ecirc;ncia M&eacute;dica, a melhor estrat&eacute;gia &eacute; garantir um conte&uacute;do de qualidade! O Banco de Quest&otilde;es do Estrat&eacute;gia MED foi feito pensando em voc&ecirc; e com mais de 190 mil quest&otilde;es cadastradas voc&ecirc; poder&aacute; colocar em pr&aacute;tica todo o seu conhecimento. N&atilde;o vai ficar de fora, n&atilde;o &eacute;? Venha ser coruja!<\/p><p>Aproveite e confira os depoimentos de dois de&nbsp;nossos aprovados da PUC-SP 2023:<\/p><div class=\"wp-block-media-text alignwide is-stacked-on-mobile is-image-fill has-light-green-cyan-background-color has-background\" style=\"grid-template-columns:40% auto\"><figure class=\"wp-block-media-text__media\" style=\"background-image:url(https:\/\/med.estrategia.com\/portal\/wp-content\/uploads\/2023\/06\/RUBIO-CELSO-CORREIA-DOS-SANTOS-1024x991.jpeg);background-position:36% 2%\"><img decoding=\"async\" width=\"1024\" height=\"991\" src=\"https:\/\/med.estrategia.com\/portal\/wp-content\/uploads\/2023\/06\/RUBIO-CELSO-CORREIA-DOS-SANTOS-1024x991.jpeg\" alt=\"\" class=\"wp-image-41267 size-full\" srcset=\"https:\/\/med.estrategia.com\/portal\/wp-content\/uploads\/2023\/06\/RUBIO-CELSO-CORREIA-DOS-SANTOS-1024x991.jpeg 1024w, https:\/\/med.estrategia.com\/portal\/wp-content\/uploads\/2023\/06\/RUBIO-CELSO-CORREIA-DOS-SANTOS-768x743.jpeg 768w, https:\/\/med.estrategia.com\/portal\/wp-content\/uploads\/2023\/06\/RUBIO-CELSO-CORREIA-DOS-SANTOS-800x774.jpeg 800w, https:\/\/med.estrategia.com\/portal\/wp-content\/uploads\/2023\/06\/RUBIO-CELSO-CORREIA-DOS-SANTOS-1160x1123.jpeg 1160w, https:\/\/med.estrategia.com\/portal\/wp-content\/uploads\/2023\/06\/RUBIO-CELSO-CORREIA-DOS-SANTOS.jpeg 1242w\" sizes=\"(max-width: 1024px) 100vw, 1024px\" \/><\/figure><div class=\"wp-block-media-text__content\">\n<h3 class=\"wp-block-heading has-medium-font-size\"><br>Rubio Celso Correia dos Santos<br>1&ordm; Lugar em Anestesiologia<\/h3>\n\n\n\n<p><em>A utiliza&ccedil;&atilde;o das premoni&ccedil;&otilde;es e revis&otilde;es de v&eacute;spera aliada a intensa resolu&ccedil;&atilde;o de quest&otilde;es diariamente foram fatores determinantes para os meus estudos e a aprova&ccedil;&atilde;o nas provas das resid&ecirc;ncias. N&atilde;o esquecendo da import&acirc;ncia da resolu&ccedil;&atilde;o das provas anteriores da PUC com an&aacute;lise dos coment&aacute;rios. Agrade&ccedil;o muito aos professores e essa did&aacute;tica incr&iacute;vel do Estrat&eacute;gia MED<\/em><br><br> <\/p>\n<\/div><\/div><div class=\"wp-block-media-text alignwide has-media-on-the-right is-stacked-on-mobile is-image-fill has-light-green-cyan-background-color has-background\" style=\"grid-template-columns:auto 40%\"><div class=\"wp-block-media-text__content\">\n<h3 class=\"wp-block-heading has-medium-font-size\"><br>Nicholas Xavier da Silva<br>9&ordm; Lugar em Cl&iacute;nica M&eacute;dica<\/h3>\n\n\n\n<p><em>O Estrat&eacute;gia MED foi fundamental na minha prepara&ccedil;&atilde;o. Acompanhei os conte&uacute;dos das redes sociais: Aulas e resumos, depois decidi assinar os Sprints + Banco de Quest&otilde;es, que ao meu ver &eacute; o maior diferencial do Estrat&eacute;gia! Foi uma forma de eu conseguir revisar os conte&uacute;dos de forma sistem&aacute;tica e personalizada para cada institui&ccedil;&atilde;o, tudo voltado em aprender em cima de quest&otilde;es. Sem d&uacute;vidas o Estrat&eacute;gia MED me ajudou muito para minha aprova&ccedil;&atilde;o em CM na PUC-SP!<\/em><br><br> <\/p>\n<\/div><figure class=\"wp-block-media-text__media\" style=\"background-image:url(https:\/\/med.estrategia.com\/portal\/wp-content\/uploads\/2023\/06\/NICHOLAS-XAVIER-DA-SILVA-682x1024.jpeg);background-position:53% 0%\"><img decoding=\"async\" width=\"682\" height=\"1024\" src=\"https:\/\/med.estrategia.com\/portal\/wp-content\/uploads\/2023\/06\/NICHOLAS-XAVIER-DA-SILVA-682x1024.jpeg\" alt=\"\" class=\"wp-image-41266 size-full\" srcset=\"https:\/\/med.estrategia.com\/portal\/wp-content\/uploads\/2023\/06\/NICHOLAS-XAVIER-DA-SILVA-682x1024.jpeg 682w, https:\/\/med.estrategia.com\/portal\/wp-content\/uploads\/2023\/06\/NICHOLAS-XAVIER-DA-SILVA-768x1153.jpeg 768w, https:\/\/med.estrategia.com\/portal\/wp-content\/uploads\/2023\/06\/NICHOLAS-XAVIER-DA-SILVA-1023x1536.jpeg 1023w, https:\/\/med.estrategia.com\/portal\/wp-content\/uploads\/2023\/06\/NICHOLAS-XAVIER-DA-SILVA-800x1201.jpeg 800w, https:\/\/med.estrategia.com\/portal\/wp-content\/uploads\/2023\/06\/NICHOLAS-XAVIER-DA-SILVA.jpeg 1066w\" sizes=\"(max-width: 682px) 100vw, 682px\" \/><\/figure><\/div><p><strong><a id=\"cta\" class=\"cta-imagem\" href=\"https:\/\/med.estrategia.com\/cursos\/extensivo-de-residncia-mdica\/\" target=\"blank\">\n                <img decoding=\"async\" width=\"100%\" src=\"https:\/\/med.estrategia.com\/portal\/wp-content\/uploads\/2025\/08\/extensivo_rm.jpg\" alt=\"Extensivo RM\" title=\"extensivo_rm\">\n        <\/a><\/strong><\/p><\/p>\n","protected":false},"excerpt":{"rendered":"Saiba tudo sobre o edital da PUC-SP para Resid&ecirc;ncia M&eacute;dica e as principais informa&ccedil;&otilde;es relacionadas ao seletivo para&hellip;\n","protected":false},"author":22,"featured_media":41263,"comment_status":"open","ping_status":"open","sticky":false,"template":"","format":"standard","meta":{"wl_entities_gutenberg":"","footnotes":""},"categories":[24],"tags":[],"wl_entity_type":[199],"class_list":{"0":"post-44721","1":"post","2":"type-post","3":"status-publish","4":"format-standard","5":"has-post-thumbnail","7":"category-residencia-medica","8":"wl_entity_type-article"},"acf":[],"yoast_head":"<!-- This site is optimized with the Yoast SEO Premium plugin v26.6 (Yoast SEO v26.6) - https:\/\/yoast.com\/wordpress\/plugins\/seo\/ -->\n<title>Resid\u00eancia M\u00e9dica PUC-SP: tudo sobre o edital 2023<\/title>\n<meta name=\"description\" content=\"Tem interesse na Resid\u00eancia M\u00e9dica da PUC SP? O Estrat\u00e9gia MED separou todas as informa\u00e7\u00f5es sobre o seletivo 2022. Confira!\" \/>\n<meta name=\"robots\" content=\"index, follow, max-snippet:-1, max-image-preview:large, max-video-preview:-1\" \/>\n<link rel=\"canonical\" href=\"https:\/\/med.estrategia.com\/portal\/residencia-medica\/residencia-medica-puc-sp-tudo-sobre-o-edital-2023\/\" \/>\n<meta property=\"og:locale\" content=\"pt_BR\" \/>\n<meta property=\"og:type\" content=\"article\" \/>\n<meta property=\"og:title\" content=\"Resid\u00eancia M\u00e9dica PUC-SP: tudo sobre o edital 2023\" \/>\n<meta property=\"og:description\" content=\"Tem interesse na Resid\u00eancia M\u00e9dica da PUC SP? O Estrat\u00e9gia MED separou todas as informa\u00e7\u00f5es sobre o seletivo 2022. Confira!\" \/>\n<meta property=\"og:url\" content=\"https:\/\/med.estrategia.com\/portal\/residencia-medica\/residencia-medica-puc-sp-tudo-sobre-o-edital-2023\/\" \/>\n<meta property=\"og:site_name\" content=\"Estrat\u00e9gia MED\" \/>\n<meta property=\"article:publisher\" content=\"https:\/\/www.facebook.com\/estrategiamed1\" \/>\n<meta property=\"article:published_time\" content=\"2022-11-05T00:13:00+00:00\" \/>\n<meta property=\"article:modified_time\" content=\"2023-10-04T20:43:42+00:00\" \/>\n<meta property=\"og:image\" content=\"https:\/\/cdn.medblog.estrategiaeducacional.com.br\/wp-content\/uploads\/2023\/06\/puc-sp.jpg\" \/>\n\t<meta property=\"og:image:width\" content=\"1200\" \/>\n\t<meta property=\"og:image:height\" content=\"800\" \/>\n\t<meta property=\"og:image:type\" content=\"image\/jpeg\" \/>\n<meta name=\"author\" content=\"Erika Coelho\" \/>\n<meta name=\"twitter:card\" content=\"summary_large_image\" \/>\n<meta name=\"twitter:creator\" content=\"@estrategiamed_\" \/>\n<meta name=\"twitter:site\" content=\"@estrategiamed_\" \/>\n<meta name=\"twitter:label1\" content=\"Escrito por\" \/>\n\t<meta name=\"twitter:data1\" content=\"Erika Coelho\" \/>\n\t<meta name=\"twitter:label2\" content=\"Est. tempo de leitura\" \/>\n\t<meta name=\"twitter:data2\" content=\"7 minutos\" \/>\n<script type=\"application\/ld+json\" class=\"yoast-schema-graph\">{\"@context\":\"https:\/\/schema.org\",\"@graph\":[{\"@type\":\"WebPage\",\"@id\":\"https:\/\/med.estrategia.com\/portal\/residencia-medica\/residencia-medica-puc-sp-tudo-sobre-o-edital-2023\/\",\"url\":\"https:\/\/med.estrategia.com\/portal\/residencia-medica\/residencia-medica-puc-sp-tudo-sobre-o-edital-2023\/\",\"name\":\"Resid\u00eancia M\u00e9dica PUC-SP: tudo sobre o edital 2023\",\"isPartOf\":{\"@id\":\"https:\/\/med.estrategia.com\/portal\/#website\"},\"primaryImageOfPage\":{\"@id\":\"https:\/\/med.estrategia.com\/portal\/residencia-medica\/residencia-medica-puc-sp-tudo-sobre-o-edital-2023\/#primaryimage\"},\"image\":{\"@id\":\"https:\/\/med.estrategia.com\/portal\/residencia-medica\/residencia-medica-puc-sp-tudo-sobre-o-edital-2023\/#primaryimage\"},\"thumbnailUrl\":\"https:\/\/med.estrategia.com\/portal\/wp-content\/uploads\/2023\/06\/puc-sp.jpg\",\"datePublished\":\"2022-11-05T00:13:00+00:00\",\"dateModified\":\"2023-10-04T20:43:42+00:00\",\"author\":{\"@id\":\"https:\/\/med.estrategia.com\/portal\/#\/schema\/person\/8e7c9b2f53f2eede3b8880ad86ff20a3\"},\"description\":\"Tem interesse na Resid\u00eancia M\u00e9dica da PUC SP? O Estrat\u00e9gia MED separou todas as informa\u00e7\u00f5es sobre o seletivo 2022. Confira!\",\"breadcrumb\":{\"@id\":\"https:\/\/med.estrategia.com\/portal\/residencia-medica\/residencia-medica-puc-sp-tudo-sobre-o-edital-2023\/#breadcrumb\"},\"inLanguage\":\"pt-BR\",\"potentialAction\":[{\"@type\":\"ReadAction\",\"target\":[\"https:\/\/med.estrategia.com\/portal\/residencia-medica\/residencia-medica-puc-sp-tudo-sobre-o-edital-2023\/\"]}]},{\"@type\":\"ImageObject\",\"inLanguage\":\"pt-BR\",\"@id\":\"https:\/\/med.estrategia.com\/portal\/residencia-medica\/residencia-medica-puc-sp-tudo-sobre-o-edital-2023\/#primaryimage\",\"url\":\"https:\/\/med.estrategia.com\/portal\/wp-content\/uploads\/2023\/06\/puc-sp.jpg\",\"contentUrl\":\"https:\/\/med.estrategia.com\/portal\/wp-content\/uploads\/2023\/06\/puc-sp.jpg\",\"width\":1200,\"height\":800,\"caption\":\"Cr\u00e9ditos: Estrat\u00e9gia MED e PUC-SP\"},{\"@type\":\"BreadcrumbList\",\"@id\":\"https:\/\/med.estrategia.com\/portal\/residencia-medica\/residencia-medica-puc-sp-tudo-sobre-o-edital-2023\/#breadcrumb\",\"itemListElement\":[{\"@type\":\"ListItem\",\"position\":1,\"name\":\"Home\",\"item\":\"https:\/\/med.estrategia.com\/portal\/\"},{\"@type\":\"ListItem\",\"position\":2,\"name\":\"Resid\u00eancia M\u00e9dica\",\"item\":\"https:\/\/med.estrategia.com\/portal\/residencia-medica\/\"},{\"@type\":\"ListItem\",\"position\":3,\"name\":\"Resid\u00eancia M\u00e9dica PUC-SP: tudo sobre o edital 2023\"}]},{\"@type\":\"WebSite\",\"@id\":\"https:\/\/med.estrategia.com\/portal\/#website\",\"url\":\"https:\/\/med.estrategia.com\/portal\/\",\"name\":\"Estrat\u00e9gia MED\",\"description\":\"\",\"potentialAction\":[{\"@type\":\"SearchAction\",\"target\":{\"@type\":\"EntryPoint\",\"urlTemplate\":\"https:\/\/med.estrategia.com\/portal\/?s={search_term_string}\"},\"query-input\":{\"@type\":\"PropertyValueSpecification\",\"valueRequired\":true,\"valueName\":\"search_term_string\"}}],\"inLanguage\":\"pt-BR\"},{\"@type\":\"Person\",\"@id\":\"https:\/\/med.estrategia.com\/portal\/#\/schema\/person\/8e7c9b2f53f2eede3b8880ad86ff20a3\",\"name\":\"Erika Coelho\",\"image\":{\"@type\":\"ImageObject\",\"inLanguage\":\"pt-BR\",\"@id\":\"https:\/\/med.estrategia.com\/portal\/#\/schema\/person\/image\/\",\"url\":\"https:\/\/secure.gravatar.com\/avatar\/8ef9ff2e2fa53829c640cca8d1a45178?s=96&d=mm&r=g\",\"contentUrl\":\"https:\/\/secure.gravatar.com\/avatar\/8ef9ff2e2fa53829c640cca8d1a45178?s=96&d=mm&r=g\",\"caption\":\"Erika Coelho\"},\"description\":\"Jornalista pela Universidade Presbiteriana Mackenzie, escrevo sobre educa\u00e7\u00e3o, sa\u00fade e pol\u00edticas p\u00fablicas\",\"url\":\"https:\/\/med.estrategia.com\/portal\/author\/erika\/\"}]}<\/script>\n<!-- \/ Yoast SEO Premium plugin. -->","yoast_head_json":{"title":"Resid\u00eancia M\u00e9dica PUC-SP: tudo sobre o edital 2023","description":"Tem interesse na Resid\u00eancia M\u00e9dica da PUC SP? O Estrat\u00e9gia MED separou todas as informa\u00e7\u00f5es sobre o seletivo 2022. Confira!","robots":{"index":"index","follow":"follow","max-snippet":"max-snippet:-1","max-image-preview":"max-image-preview:large","max-video-preview":"max-video-preview:-1"},"canonical":"https:\/\/med.estrategia.com\/portal\/residencia-medica\/residencia-medica-puc-sp-tudo-sobre-o-edital-2023\/","og_locale":"pt_BR","og_type":"article","og_title":"Resid\u00eancia M\u00e9dica PUC-SP: tudo sobre o edital 2023","og_description":"Tem interesse na Resid\u00eancia M\u00e9dica da PUC SP? O Estrat\u00e9gia MED separou todas as informa\u00e7\u00f5es sobre o seletivo 2022. Confira!","og_url":"https:\/\/med.estrategia.com\/portal\/residencia-medica\/residencia-medica-puc-sp-tudo-sobre-o-edital-2023\/","og_site_name":"Estrat\u00e9gia MED","article_publisher":"https:\/\/www.facebook.com\/estrategiamed1","article_published_time":"2022-11-05T00:13:00+00:00","article_modified_time":"2023-10-04T20:43:42+00:00","og_image":[{"width":1200,"height":800,"url":"https:\/\/cdn.medblog.estrategiaeducacional.com.br\/wp-content\/uploads\/2023\/06\/puc-sp.jpg","type":"image\/jpeg"}],"author":"Erika Coelho","twitter_card":"summary_large_image","twitter_creator":"@estrategiamed_","twitter_site":"@estrategiamed_","twitter_misc":{"Escrito por":"Erika Coelho","Est. tempo de leitura":"7 minutos"},"schema":{"@context":"https:\/\/schema.org","@graph":[{"@type":"WebPage","@id":"https:\/\/med.estrategia.com\/portal\/residencia-medica\/residencia-medica-puc-sp-tudo-sobre-o-edital-2023\/","url":"https:\/\/med.estrategia.com\/portal\/residencia-medica\/residencia-medica-puc-sp-tudo-sobre-o-edital-2023\/","name":"Resid\u00eancia M\u00e9dica PUC-SP: tudo sobre o edital 2023","isPartOf":{"@id":"https:\/\/med.estrategia.com\/portal\/#website"},"primaryImageOfPage":{"@id":"https:\/\/med.estrategia.com\/portal\/residencia-medica\/residencia-medica-puc-sp-tudo-sobre-o-edital-2023\/#primaryimage"},"image":{"@id":"https:\/\/med.estrategia.com\/portal\/residencia-medica\/residencia-medica-puc-sp-tudo-sobre-o-edital-2023\/#primaryimage"},"thumbnailUrl":"https:\/\/med.estrategia.com\/portal\/wp-content\/uploads\/2023\/06\/puc-sp.jpg","datePublished":"2022-11-05T00:13:00+00:00","dateModified":"2023-10-04T20:43:42+00:00","author":{"@id":"https:\/\/med.estrategia.com\/portal\/#\/schema\/person\/8e7c9b2f53f2eede3b8880ad86ff20a3"},"description":"Tem interesse na Resid\u00eancia M\u00e9dica da PUC SP? O Estrat\u00e9gia MED separou todas as informa\u00e7\u00f5es sobre o seletivo 2022. Confira!","breadcrumb":{"@id":"https:\/\/med.estrategia.com\/portal\/residencia-medica\/residencia-medica-puc-sp-tudo-sobre-o-edital-2023\/#breadcrumb"},"inLanguage":"pt-BR","potentialAction":[{"@type":"ReadAction","target":["https:\/\/med.estrategia.com\/portal\/residencia-medica\/residencia-medica-puc-sp-tudo-sobre-o-edital-2023\/"]}]},{"@type":"ImageObject","inLanguage":"pt-BR","@id":"https:\/\/med.estrategia.com\/portal\/residencia-medica\/residencia-medica-puc-sp-tudo-sobre-o-edital-2023\/#primaryimage","url":"https:\/\/med.estrategia.com\/portal\/wp-content\/uploads\/2023\/06\/puc-sp.jpg","contentUrl":"https:\/\/med.estrategia.com\/portal\/wp-content\/uploads\/2023\/06\/puc-sp.jpg","width":1200,"height":800,"caption":"Cr\u00e9ditos: Estrat\u00e9gia MED e PUC-SP"},{"@type":"BreadcrumbList","@id":"https:\/\/med.estrategia.com\/portal\/residencia-medica\/residencia-medica-puc-sp-tudo-sobre-o-edital-2023\/#breadcrumb","itemListElement":[{"@type":"ListItem","position":1,"name":"Home","item":"https:\/\/med.estrategia.com\/portal\/"},{"@type":"ListItem","position":2,"name":"Resid\u00eancia M\u00e9dica","item":"https:\/\/med.estrategia.com\/portal\/residencia-medica\/"},{"@type":"ListItem","position":3,"name":"Resid\u00eancia M\u00e9dica PUC-SP: tudo sobre o edital 2023"}]},{"@type":"WebSite","@id":"https:\/\/med.estrategia.com\/portal\/#website","url":"https:\/\/med.estrategia.com\/portal\/","name":"Estrat\u00e9gia MED","description":"","potentialAction":[{"@type":"SearchAction","target":{"@type":"EntryPoint","urlTemplate":"https:\/\/med.estrategia.com\/portal\/?s={search_term_string}"},"query-input":{"@type":"PropertyValueSpecification","valueRequired":true,"valueName":"search_term_string"}}],"inLanguage":"pt-BR"},{"@type":"Person","@id":"https:\/\/med.estrategia.com\/portal\/#\/schema\/person\/8e7c9b2f53f2eede3b8880ad86ff20a3","name":"Erika Coelho","image":{"@type":"ImageObject","inLanguage":"pt-BR","@id":"https:\/\/med.estrategia.com\/portal\/#\/schema\/person\/image\/","url":"https:\/\/secure.gravatar.com\/avatar\/8ef9ff2e2fa53829c640cca8d1a45178?s=96&d=mm&r=g","contentUrl":"https:\/\/secure.gravatar.com\/avatar\/8ef9ff2e2fa53829c640cca8d1a45178?s=96&d=mm&r=g","caption":"Erika Coelho"},"description":"Jornalista pela Universidade Presbiteriana Mackenzie, escrevo sobre educa\u00e7\u00e3o, sa\u00fade e pol\u00edticas p\u00fablicas","url":"https:\/\/med.estrategia.com\/portal\/author\/erika\/"}]}},"_wl_alt_label":[],"wl:entity_url":"\/post\/residencia-medica-puc-sp-tudo-sobre-o-edital-2023","_links":{"self":[{"href":"https:\/\/med.estrategia.com\/portal\/wp-json\/wp\/v2\/posts\/44721","targetHints":{"allow":["GET"]}}],"collection":[{"href":"https:\/\/med.estrategia.com\/portal\/wp-json\/wp\/v2\/posts"}],"about":[{"href":"https:\/\/med.estrategia.com\/portal\/wp-json\/wp\/v2\/types\/post"}],"author":[{"embeddable":true,"href":"https:\/\/med.estrategia.com\/portal\/wp-json\/wp\/v2\/users\/22"}],"replies":[{"embeddable":true,"href":"https:\/\/med.estrategia.com\/portal\/wp-json\/wp\/v2\/comments?post=44721"}],"version-history":[{"count":2,"href":"https:\/\/med.estrategia.com\/portal\/wp-json\/wp\/v2\/posts\/44721\/revisions"}],"predecessor-version":[{"id":48885,"href":"https:\/\/med.estrategia.com\/portal\/wp-json\/wp\/v2\/posts\/44721\/revisions\/48885"}],"wp:featuredmedia":[{"embeddable":true,"href":"https:\/\/med.estrategia.com\/portal\/wp-json\/wp\/v2\/media\/41263"}],"wp:attachment":[{"href":"https:\/\/med.estrategia.com\/portal\/wp-json\/wp\/v2\/media?parent=44721"}],"wp:term":[{"taxonomy":"category","embeddable":true,"href":"https:\/\/med.estrategia.com\/portal\/wp-json\/wp\/v2\/categories?post=44721"},{"taxonomy":"post_tag","embeddable":true,"href":"https:\/\/med.estrategia.com\/portal\/wp-json\/wp\/v2\/tags?post=44721"},{"taxonomy":"wl_entity_type","embeddable":true,"href":"https:\/\/med.estrategia.com\/portal\/wp-json\/wp\/v2\/wl_entity_type?post=44721"}],"curies":[{"name":"wp","href":"https:\/\/api.w.org\/{rel}","templated":true}]}}