{"id":44727,"date":"2022-08-11T21:19:00","date_gmt":"2022-08-12T00:19:00","guid":{"rendered":"https:\/\/med.estrategia.com\/portal\/?p=44727"},"modified":"2023-10-30T23:15:20","modified_gmt":"2023-10-31T02:15:20","slug":"residencia-medica-ses-df-edital-2023-e-seu-processo-seletivo","status":"publish","type":"post","link":"https:\/\/med.estrategia.com\/portal\/residencia-medica\/residencia-medica-ses-df-edital-2023-e-seu-processo-seletivo\/","title":{"rendered":"Resid\u00eancia M\u00e9dica SES-DF: edital 2023 e seu processo seletivo"},"content":{"rendered":"<p class=\"wp-block-paragraph\">Est&aacute; interessado no processo seletivo de <span id=\"urn:enhancement-9eba10c6-a984-4813-a294-acebd33bb867\" class=\"textannotation disambiguated wl-thing\" itemid=\"https:\/\/data.wordlift.io\/wl106637\/entity\/residencia-medica\">Resid&ecirc;ncia M&eacute;dica<\/span> da <span id=\"urn:enhancement-a58287c2-1848-4ea4-ae3e-d64a6c6027b1\" class=\"textannotation disambiguated wl-organization\" itemid=\"https:\/\/data.wordlift.io\/wl106637\/entity\/ses-df\">SES DF<\/span>? Ent&atilde;o, n&atilde;o perca o que o <span id=\"urn:enhancement-c27922de-b849-421e-a746-ccaf072b3fc5\" class=\"textannotation disambiguated wl-organization\" itemid=\"https:\/\/data.wordlift.io\/wl106637\/entity\/estrategia_med\">Estrat&eacute;gia MED<\/span> preparou para voc&ecirc; nesse texto!<div id=\"ez-toc-container\" class=\"ez-toc-v2_0_86 counter-hierarchy ez-toc-counter ez-toc-transparent ez-toc-container-direction\">\n<div class=\"ez-toc-title-container\"><p class=\"ez-toc-title\" style=\"cursor:inherit\">Navegue pelo conte\u00fado<\/p>\n<\/div><nav><ul class='ez-toc-list ez-toc-list-level-1 ' ><li class='ez-toc-page-1 ez-toc-heading-level-2'><a class=\"ez-toc-link ez-toc-heading-1\" href=\"https:\/\/med.estrategia.com\/portal\/residencia-medica\/residencia-medica-ses-df-edital-2023-e-seu-processo-seletivo\/#A-SES-DF\" >A SES-DF<\/a><\/li><li class='ez-toc-page-1 ez-toc-heading-level-2'><a class=\"ez-toc-link ez-toc-heading-2\" href=\"https:\/\/med.estrategia.com\/portal\/residencia-medica\/residencia-medica-ses-df-edital-2023-e-seu-processo-seletivo\/#Instituicoes-Participantes-da-SES-DF\" >Institui&ccedil;&otilde;es Participantes da SES-DF<\/a><\/li><li class='ez-toc-page-1 ez-toc-heading-level-2'><a class=\"ez-toc-link ez-toc-heading-3\" href=\"https:\/\/med.estrategia.com\/portal\/residencia-medica\/residencia-medica-ses-df-edital-2023-e-seu-processo-seletivo\/#Sobre-o-processo-seletivo-da-SES-DF\" >Sobre o processo seletivo da SES-DF<\/a><\/li><li class='ez-toc-page-1 ez-toc-heading-level-2'><a class=\"ez-toc-link ez-toc-heading-4\" href=\"https:\/\/med.estrategia.com\/portal\/residencia-medica\/residencia-medica-ses-df-edital-2023-e-seu-processo-seletivo\/#Concorrencia-SES-DF\" >Concorr&ecirc;ncia SES-DF<\/a><\/li><li class='ez-toc-page-1 ez-toc-heading-level-2'><a class=\"ez-toc-link ez-toc-heading-5\" href=\"https:\/\/med.estrategia.com\/portal\/residencia-medica\/residencia-medica-ses-df-edital-2023-e-seu-processo-seletivo\/#Nota-de-corte-SES-DF\" >Nota de corte SES-DF<\/a><\/li><li class='ez-toc-page-1 ez-toc-heading-level-2'><a class=\"ez-toc-link ez-toc-heading-6\" href=\"https:\/\/med.estrategia.com\/portal\/residencia-medica\/residencia-medica-ses-df-edital-2023-e-seu-processo-seletivo\/#Saiba-como-foi-a-ultima-edicao-do-SES-DF\" >Saiba como foi a &uacute;ltima edi&ccedil;&atilde;o do SES-DF<\/a><\/li><li class='ez-toc-page-1 ez-toc-heading-level-2'><a class=\"ez-toc-link ez-toc-heading-7\" href=\"https:\/\/med.estrategia.com\/portal\/residencia-medica\/residencia-medica-ses-df-edital-2023-e-seu-processo-seletivo\/#Veja-tambem\" >Veja tamb&eacute;m:<\/a><\/li><\/ul><\/nav><\/div>\n<h2 class=\"wp-block-heading\" id=\"h-a-ses-df\"><span class=\"ez-toc-section\" id=\"A-SES-DF\"><\/span>A SES-DF<span class=\"ez-toc-section-end\"><\/span><\/h2><p class=\"wp-block-paragraph\">O programa de <span id=\"urn:enhancement-bf05eb7a-3450-4252-9612-9b5a1fb6f16c\" class=\"textannotation disambiguated wl-thing\" itemid=\"https:\/\/data.wordlift.io\/wl106637\/entity\/residencia-medica\">Resid&ecirc;ncia M&eacute;dica<\/span> da Secretaria de Estado de Sa&uacute;de do Distrito Federal (<strong><span id=\"urn:enhancement-9a54e575-0509-4234-9d92-9e87991a9c5a\" class=\"textannotation disambiguated wl-organization\" itemid=\"https:\/\/data.wordlift.io\/wl106637\/entity\/ses-df\">SES-DF<\/span>) <\/strong>tem o objetivo formar m&eacute;dicos especialistas para que possam ser inseridos como futuros trabalhadores do SUS, utilizando t&eacute;cnicas de ensino-aprendizagem referente ao <strong>M&eacute;dico Residente<\/strong>.<\/p><div class=\"wp-block-buttons is-horizontal is-content-justification-center is-layout-flex wp-container-core-buttons-is-layout-7d812b4c wp-block-buttons-is-layout-flex\">\n<div class=\"wp-block-button\"><a class=\"wp-block-button__link has-background wp-element-button\" href=\"https:\/\/med.estrategia.com\/cursos\/\" style=\"background-color:#0ba4ae\" target=\"_blank\">Conhe&ccedil;a os cursos do Estrat&eacute;gia MED!<\/a><\/div>\n<\/div><p class=\"wp-block-paragraph\">Atualmente, o Instituto AOCP &eacute; o respons&aacute;vel por executar o processo seletivo p&uacute;blico da <span id=\"urn:enhancement-fcd0d48e-7508-4a0e-805b-d3cfc5d2065b\" class=\"textannotation disambiguated wl-organization\" itemid=\"https:\/\/data.wordlift.io\/wl106637\/entity\/ses-df\">SES-DF<\/span> para ingresso dos m&eacute;dicos residentes.<\/p><h2 class=\"wp-block-heading\"><span class=\"ez-toc-section\" id=\"Instituicoes-Participantes-da-SES-DF\"><\/span>Institui&ccedil;&otilde;es Participantes da SES-DF<span class=\"ez-toc-section-end\"><\/span><\/h2><p class=\"wp-block-paragraph\">O <strong>processo seletivo p&uacute;blico <\/strong>destina-se ao preenchimento de vagas nos programas de <span id=\"urn:enhancement-fb714950-1544-47c5-b194-1d087fcb9f3a\" class=\"textannotation disambiguated wl-thing\" itemid=\"https:\/\/data.wordlift.io\/wl106637\/entity\/residencia-medica\">Resid&ecirc;ncia M&eacute;dica<\/span> desenvolvida pela COREME das seguintes<strong> unidades de sa&uacute;de<\/strong>, financiados exclusivamente pela <span id=\"urn:enhancement-dc571585-ae54-4f58-9a35-6567432e4edf\" class=\"textannotation disambiguated wl-organization\" itemid=\"https:\/\/data.wordlift.io\/wl106637\/entity\/ses-df\">SES-DF<\/span>:<\/p><ul class=\"wp-block-list\">\n<li>Hospital Materno-Infantil de Bras&iacute;lia (HMIB);<\/li>\n\n\n\n<li>Hospital Regional da Asa Norte (HRAN);<\/li>\n\n\n\n<li>Hospital Regional de Taguatinga (HRT);<\/li>\n\n\n\n<li>Hospital Regional de Sobradinho (HRS);<\/li>\n\n\n\n<li>Hospital Regional do Gama (HRG);<\/li>\n\n\n\n<li>Hospital Regional de Ceil&acirc;ndia (HRC);<\/li>\n\n\n\n<li>Hospital Regional do Parano&aacute; (HRPA);<\/li>\n\n\n\n<li>Hospital Regional de Santa Maria (HRSM);<\/li>\n\n\n\n<li>Hospital S&atilde;o Vicente de Paulo (HSVP);<\/li>\n\n\n\n<li>Hospital da Crian&ccedil;a de Bras&iacute;lia Jos&eacute; Alencar (HCB);<\/li>\n\n\n\n<li>Hospital de Base do Distrito Federal (IGESDF); e<\/li>\n\n\n\n<li>COREME da SES-DF (Resid&ecirc;ncia M&eacute;dica Integrada).<\/li>\n<\/ul><p class=\"wp-block-paragraph\">Ap&oacute;s divulgar a pontua&ccedil;&atilde;o final, a SES-DF libera o sistema informatizado de sele&ccedil;&atilde;o de programas de <span id=\"urn:enhancement-b9a2cd89-9ae4-45f4-b13c-f45a8241dc08\" class=\"textannotation disambiguated wl-thing\" itemid=\"https:\/\/data.wordlift.io\/wl106637\/entity\/residencia-medica\">Resid&ecirc;ncia M&eacute;dica<\/span>, para que o candidato registre a sua institui&ccedil;&atilde;o escolhida.<\/p><p class=\"wp-block-paragraph\">O candidato pode escolher, por ordem de prefer&ecirc;ncia, at&eacute; duas op&ccedil;&otilde;es de cen&aacute;rio de ensino. Dado o prazo, o Sistema seleciona os candidatos de acordo com a pontua&ccedil;&atilde;o final obtida no processo seletivo e o cen&aacute;rio preferencial escolhido.<\/p><h2 class=\"wp-block-heading\" id=\"h-sobre-o-processo-seletivo-da-ses-df\"><span class=\"ez-toc-section\" id=\"Sobre-o-processo-seletivo-da-SES-DF\"><\/span>Sobre o processo seletivo da SES-DF<span class=\"ez-toc-section-end\"><\/span><\/h2><p class=\"wp-block-paragraph\">O processo seletivo da SES-DF &eacute; composto por duas fases: Prova Objetiva e Avalia&ccedil;&atilde;o de Curr&iacute;culo. <\/p><p class=\"wp-block-paragraph\">O resultado final do processo seletivo da SES-DF inclui a soma dos resultados da prova objetiva e an&aacute;lise do curr&iacute;culo, al&eacute;m de poss&iacute;veis bonifica&ccedil;&otilde;es. Confira mais detalhes sobre cada uma das fases abaixo.<\/p><h3 class=\"wp-block-heading\">Prova Objetiva<\/h3><p class=\"wp-block-paragraph\">A prova&nbsp;<strong>objetiva possui&nbsp;<\/strong>car&aacute;ter eliminat&oacute;rio e classificat&oacute;rio. O exame tem a dura&ccedil;&atilde;o de 3h30 e &eacute; constitu&iacute;da de itens para julgamento como <strong>CERTO ou ERRADO,<\/strong> de acordo com o que sugere o enunciado. No gabarito, o candidato marca o campo &ldquo;C&rdquo; se considerar o enunciado da quest&atilde;o certo, ou &ldquo;E&rdquo;, caso considere o item errado.<\/p><p class=\"wp-block-paragraph\">A pontua&ccedil;&atilde;o m&aacute;xima da prova &eacute; 120 pontos, 1 ponto para cada resposta certa e 0,5 ponto negativo para cada resposta errada.&nbsp;S&atilde;o aprovados nesta etapa os candidatos que obt&eacute;m, no m&iacute;nimo, 60 acertos ou 30 pontos.<\/p><h3 class=\"wp-block-heading\" id=\"h-avaliacao-de-curriculo\">Avalia&ccedil;&atilde;o de Curr&iacute;culo<\/h3><p class=\"wp-block-paragraph\">A an&aacute;lise curricular tem car&aacute;ter classificat&oacute;rio e vale <strong>12 pontos. Os documentos para essa etapa devem ser entregues durante o per&iacute;odo de inscri&ccedil;&atilde;o. <\/strong>Confira como &eacute; a pontua&ccedil;&atilde;o:<\/p><figure class=\"wp-block-table is-style-stripes\"><table class=\"has-light-green-cyan-to-vivid-green-cyan-gradient-background has-background has-fixed-layout\"><thead><tr><th> <strong>T&iacute;tulo<\/strong> <\/th><th class=\"has-text-align-center\" data-align=\"center\"> <strong>Valor <\/strong> <\/th><th class=\"has-text-align-center\" data-align=\"center\"><strong>Valor M&aacute;ximo <\/strong><\/th><\/tr><\/thead><tbody><tr><td>Monitoria&nbsp;em&nbsp;disciplinas&nbsp;regulares&nbsp;da&nbsp;gradua&ccedil;&atilde;o em Medicina<\/td><td class=\"has-text-align-center\" data-align=\"center\">0,5&nbsp;ponto&nbsp;por&nbsp; semestre&nbsp;acad&ecirc;mico completo<\/td><td class=\"has-text-align-center\" data-align=\"center\">1,5<\/td><\/tr><tr><td>Extens&atilde;o extracurricular-carga hor&aacute;ria m&iacute;nima de 20 horas<\/td><td class=\"has-text-align-center\" data-align=\"center\">0,1 ponto para cada curso<\/td><td class=\"has-text-align-center\" data-align=\"center\">1,5<\/td><\/tr><tr><td>Programa ou projeto de extens&atilde;o curricular<\/td><td class=\"has-text-align-center\" data-align=\"center\">0,5 ponto por semestre acad&ecirc;mico completo<\/td><td class=\"has-text-align-center\" data-align=\"center\">1,5<\/td><\/tr><tr><td>Est&aacute;gios na &aacute;rea m&eacute;dica em Hospitais<\/td><td class=\"has-text-align-center\" data-align=\"center\">0,1 ponto para cada 40 horas de est&aacute;gio<\/td><td class=\"has-text-align-center\" data-align=\"center\">1,5<\/td><\/tr><tr><td>Participa&ccedil;&atilde;o em congressos,&nbsp; semin&aacute;rios, simp&oacute;sios, f&oacute;runs e jornada cient&iacute;fica na &aacute;rea m&eacute;dica<\/td><td class=\"has-text-align-center\" data-align=\"center\">0,1 ponto por participa&ccedil;&atilde;o<\/td><td class=\"has-text-align-center\" data-align=\"center\">&nbsp;1,0<\/td><\/tr><tr><td>Comunica&ccedil;&atilde;o em congressos,&nbsp;semin&aacute;rios,&nbsp;simp&oacute;sios, f&oacute;runs e jornada cient&iacute;fica, tanto na forma oral quanto na forma de painel, p&ocirc;ster ou banner na &aacute;rea m&eacute;dica<\/td><td class=\"has-text-align-center\" data-align=\"center\">0,3 ponto por comunica&ccedil;&atilde;o<\/td><td class=\"has-text-align-center\" data-align=\"center\">1,5<\/td><\/tr><tr><td>Trabalhos na &aacute;rea m&eacute;dica&nbsp; publicados em peri&oacute;dicos(revista indexada na Medline, SciELO ou Scopus)<\/td><td class=\"has-text-align-center\" data-align=\"center\">0,5 ponto por trabalho<\/td><td class=\"has-text-align-center\" data-align=\"center\">1,0<\/td><\/tr><tr><td>Trabalhos na &aacute;rea m&eacute;dica&nbsp; publicados em peri&oacute;dicos (revista n&atilde;o indexada)<\/td><td class=\"has-text-align-center\" data-align=\"center\">0,2 ponto por trabalho<\/td><td class=\"has-text-align-center\" data-align=\"center\">1,0<\/td><\/tr><tr><td>Inicia&ccedil;&atilde;o cient&iacute;fica, Programa Especial de Treinamento (PET) na &aacute;rea m&eacute;dica ou Ci&ecirc;ncias sem Fronteiras<\/td><td class=\"has-text-align-center\" data-align=\"center\">0,5 ponto por semestre<\/td><td class=\"has-text-align-center\" data-align=\"center\">1,5<\/td><\/tr><tr><td>Premia&ccedil;&atilde;o na &aacute;rea m&eacute;dica<\/td><td class=\"has-text-align-center\" data-align=\"center\">0,25 ponto por premia&ccedil;&atilde;o<\/td><td class=\"has-text-align-center\" data-align=\"center\">0,5<\/td><\/tr><tr><td>Participa&ccedil;&atilde;o no Projeto Rondon<\/td><td class=\"has-text-align-center\" data-align=\"center\">1,0 ponto por participa&ccedil;&atilde;o<\/td><td class=\"has-text-align-center\" data-align=\"center\">1,0<\/td><\/tr><tr><td>Experi&ecirc;ncia profissional comprovada em servi&ccedil;o vinculado ao SUS, com pelo menos 5 meses de atua&ccedil;&atilde;o<\/td><td class=\"has-text-align-center\" data-align=\"center\">0,5 para cada 5 meses de atua&ccedil;&atilde;o, com carga<br>hor&aacute;ria m&iacute;nima comprovada de 20 horas por semana<\/td><td class=\"has-text-align-center\" data-align=\"center\">2,0<\/td><\/tr><tr><td>Hist&oacute;rico acad&ecirc;mico com refer&ecirc;ncia ao internato contendo men&ccedil;&atilde;o de:<br>&ndash; conceito A ou superior; ou<br>&ndash; nota igual ou superior a 8; ou<br>&ndash; aproveitamento igual ou superior a 80%<\/td><td class=\"has-text-align-center\" data-align=\"center\">0,5 ponto por hist&oacute;rico acad&ecirc;mico<\/td><td class=\"has-text-align-center\" data-align=\"center\">0,5<\/td><\/tr><\/tbody><\/table><\/figure><h2 class=\"wp-block-heading\" id=\"h-concorrencia-ses-df\"><span class=\"ez-toc-section\" id=\"Concorrencia-SES-DF\"><\/span>Concorr&ecirc;ncia SES-DF<span class=\"ez-toc-section-end\"><\/span><\/h2><p class=\"wp-block-paragraph\">O processo seletivo para <span id=\"urn:enhancement-499d329d-f366-4905-87fd-fb22e710d6b9\" class=\"textannotation disambiguated wl-thing\" itemid=\"https:\/\/data.wordlift.io\/wl106637\/entity\/residencia-medica\">Resid&ecirc;ncia M&eacute;dica<\/span> da <span id=\"urn:enhancement-b024980d-b895-40d0-9e57-25476a69321b\" class=\"textannotation disambiguated wl-organization\" itemid=\"https:\/\/data.wordlift.io\/wl106637\/entity\/ses-df\">SES-DF<\/span> 2023 obteve <strong>3.709 inscritos no total<\/strong>! Confira como ficou a Rela&ccedil;&atilde;o Candidato\/Vaga:<\/p><figure class=\"wp-block-table\"><table><thead><tr><th>Especialidades com Acesso Direto<\/th><th class=\"has-text-align-center\" data-align=\"center\">Inscritos<\/th><th class=\"has-text-align-center\" data-align=\"center\">Vagas<\/th><th class=\"has-text-align-center\" data-align=\"center\">Concorr&ecirc;ncia<\/th><\/tr><\/thead><tbody><tr><td>Acunputura<\/td><td class=\"has-text-align-center\" data-align=\"center\">1<\/td><td class=\"has-text-align-center\" data-align=\"center\">2<\/td><td class=\"has-text-align-center\" data-align=\"center\">0,5<\/td><\/tr><tr><td><span id=\"urn:enhancement-89553575-8726-40f2-adcf-8818f94bd2fb\" class=\"textannotation disambiguated wl-thing\" itemid=\"https:\/\/data.wordlift.io\/wl106637\/entity\/anestesiologia\">Anestesiologia<\/span><\/td><td class=\"has-text-align-center\" data-align=\"center\">331<\/td><td class=\"has-text-align-center\" data-align=\"center\">15<\/td><td class=\"has-text-align-center\" data-align=\"center\">22,06<\/td><\/tr><tr><td><span id=\"urn:enhancement-6ee75484-775e-44bd-a58a-fe6a9d9b59ef\" class=\"textannotation disambiguated wl-thing\" itemid=\"https:\/\/data.wordlift.io\/wl106637\/entity\/cirurgia-geral\">Cirurgia Geral<\/span><\/td><td class=\"has-text-align-center\" data-align=\"center\">398<\/td><td class=\"has-text-align-center\" data-align=\"center\">24<\/td><td class=\"has-text-align-center\" data-align=\"center\">16,58<\/td><\/tr><tr><td>Cl&iacute;nica M&eacute;dica<\/td><td class=\"has-text-align-center\" data-align=\"center\">455<\/td><td class=\"has-text-align-center\" data-align=\"center\">63<\/td><td class=\"has-text-align-center\" data-align=\"center\">7,2<\/td><\/tr><tr><td>Dermatologia<\/td><td class=\"has-text-align-center\" data-align=\"center\">179<\/td><td class=\"has-text-align-center\" data-align=\"center\">4<\/td><td class=\"has-text-align-center\" data-align=\"center\">44,75<\/td><\/tr><tr><td>Gen&eacute;tica M&eacute;dica<\/td><td class=\"has-text-align-center\" data-align=\"center\">8<\/td><td class=\"has-text-align-center\" data-align=\"center\">2<\/td><td class=\"has-text-align-center\" data-align=\"center\">4<\/td><\/tr><tr><td><span id=\"urn:enhancement-6ca6a6f9-b23f-414f-aa2f-ce5bb80fee10\" class=\"textannotation disambiguated wl-thing\" itemid=\"https:\/\/data.wordlift.io\/wl106637\/entity\/ginecologia-e-obstetricia\">Ginecologia e Obstetr&iacute;cia<\/span><\/td><td class=\"has-text-align-center\" data-align=\"center\">314<\/td><td class=\"has-text-align-center\" data-align=\"center\">33<\/td><td class=\"has-text-align-center\" data-align=\"center\">9,51<\/td><\/tr><tr><td>Infectologia<\/td><td class=\"has-text-align-center\" data-align=\"center\">32<\/td><td class=\"has-text-align-center\" data-align=\"center\">4<\/td><td class=\"has-text-align-center\" data-align=\"center\">8<\/td><\/tr><tr><td>Medicina de Emerg&ecirc;ncia<\/td><td class=\"has-text-align-center\" data-align=\"center\">38<\/td><td class=\"has-text-align-center\" data-align=\"center\">10<\/td><td class=\"has-text-align-center\" data-align=\"center\">3,8<\/td><\/tr><tr><td><span id=\"urn:enhancement-223cd01a-36e4-430d-baae-c88bb15171eb\" class=\"textannotation disambiguated wl-thing\" itemid=\"https:\/\/data.wordlift.io\/wl106637\/entity\/medicina-de-familia-e-comunidade\">Medicina de Fam&iacute;lia e Comunidade<\/span><\/td><td class=\"has-text-align-center\" data-align=\"center\">127<\/td><td class=\"has-text-align-center\" data-align=\"center\">45<\/td><td class=\"has-text-align-center\" data-align=\"center\">2,82<\/td><\/tr><tr><td>Medicina do Trabalho<\/td><td class=\"has-text-align-center\" data-align=\"center\">14<\/td><td class=\"has-text-align-center\" data-align=\"center\">2<\/td><td class=\"has-text-align-center\" data-align=\"center\">7<\/td><\/tr><tr><td>Medicina F&iacute;sica e Reabilita&ccedil;&atilde;o<\/td><td class=\"has-text-align-center\" data-align=\"center\">10<\/td><td class=\"has-text-align-center\" data-align=\"center\">2<\/td><td class=\"has-text-align-center\" data-align=\"center\">5<\/td><\/tr><tr><td>Medicina Intensiva<\/td><td class=\"has-text-align-center\" data-align=\"center\">48<\/td><td class=\"has-text-align-center\" data-align=\"center\">7<\/td><td class=\"has-text-align-center\" data-align=\"center\">6,85<\/td><\/tr><tr><td>Medicina Preventiva e Social<\/td><td class=\"has-text-align-center\" data-align=\"center\">4<\/td><td class=\"has-text-align-center\" data-align=\"center\">2<\/td><td class=\"has-text-align-center\" data-align=\"center\">2<\/td><\/tr><tr><td>Neurocirurgia<\/td><td class=\"has-text-align-center\" data-align=\"center\">67<\/td><td class=\"has-text-align-center\" data-align=\"center\">2<\/td><td class=\"has-text-align-center\" data-align=\"center\">33,5<\/td><\/tr><tr><td>Neurologia<\/td><td class=\"has-text-align-center\" data-align=\"center\">102<\/td><td class=\"has-text-align-center\" data-align=\"center\">6<\/td><td class=\"has-text-align-center\" data-align=\"center\">17<\/td><\/tr><tr><td>Oftalmologia<\/td><td class=\"has-text-align-center\" data-align=\"center\">152<\/td><td class=\"has-text-align-center\" data-align=\"center\">9<\/td><td class=\"has-text-align-center\" data-align=\"center\">16,88<\/td><\/tr><tr><td>Ortopedia e Traumatologia<\/td><td class=\"has-text-align-center\" data-align=\"center\">117<\/td><td class=\"has-text-align-center\" data-align=\"center\">30<\/td><td class=\"has-text-align-center\" data-align=\"center\">3,9<\/td><\/tr><tr><td><span id=\"urn:enhancement-3b01de7f-20f6-4333-b5d8-7afaf94dd6ad\" class=\"textannotation disambiguated wl-thing\" itemid=\"https:\/\/data.wordlift.io\/wl106637\/entity\/otorrinolaringologia\">Otorrinolaringologia<\/span><\/td><td class=\"has-text-align-center\" data-align=\"center\">86<\/td><td class=\"has-text-align-center\" data-align=\"center\">2<\/td><td class=\"has-text-align-center\" data-align=\"center\">43<\/td><\/tr><tr><td>Patologia<\/td><td class=\"has-text-align-center\" data-align=\"center\">17<\/td><td class=\"has-text-align-center\" data-align=\"center\">3<\/td><td class=\"has-text-align-center\" data-align=\"center\">5,66<\/td><\/tr><tr><td><span id=\"urn:enhancement-67144863-cd6f-4f94-9942-b2702cc0d6f0\" class=\"textannotation disambiguated wl-thing\" itemid=\"https:\/\/data.wordlift.io\/wl106637\/entity\/pediatria\">Pediatria<\/span><\/td><td class=\"has-text-align-center\" data-align=\"center\">242<\/td><td class=\"has-text-align-center\" data-align=\"center\">47<\/td><td class=\"has-text-align-center\" data-align=\"center\">5,14<\/td><\/tr><tr><td>Psiquiatria<\/td><td class=\"has-text-align-center\" data-align=\"center\">286<\/td><td class=\"has-text-align-center\" data-align=\"center\">11<\/td><td class=\"has-text-align-center\" data-align=\"center\">26<\/td><\/tr><tr><td><span id=\"urn:enhancement-3647be40-2635-4597-86dc-6f3dc522c93d\" class=\"textannotation disambiguated wl-thing\" itemid=\"https:\/\/data.wordlift.io\/wl106637\/entity\/radiologia-e-diagnostico-por-imagem\">Radiologia e Diagn&oacute;stico por Imagem<\/span><\/td><td class=\"has-text-align-center\" data-align=\"center\">116<\/td><td class=\"has-text-align-center\" data-align=\"center\">8<\/td><td class=\"has-text-align-center\" data-align=\"center\">14,5<\/td><\/tr><\/tbody><\/table><\/figure><p class=\"wp-block-paragraph\">Voc&ecirc; tamb&eacute;m pode conferir a concorr&ecirc;ncia das especialidades com Pr&eacute;-Requisitos, de &Aacute;reas de Atua&ccedil;&atilde;o e Anos Adicionais da SES-DF 2023&nbsp;<a href=\"https:\/\/med.estrategia.com\/portal\/noticias\/residencia-medica-ses-df-2023-confira-a-relacao-candidato-vaga\/\" target=\"_blank\">clicando aqui<\/a>!<\/p><h2 class=\"wp-block-heading\"><span class=\"ez-toc-section\" id=\"Nota-de-corte-SES-DF\"><\/span>Nota de corte SES-DF<span class=\"ez-toc-section-end\"><\/span><\/h2><p class=\"wp-block-paragraph\">Se voc&ecirc; tem interesse na prova para Resid&ecirc;ncia M&eacute;dica da SES-DF 2024, confira quais foram as notas de corte do &uacute;ltimo exame, cujo ingresso dos aprovados se deu em 2023:<\/p><figure class=\"wp-block-table\"><table><thead><tr><th>PROGRAMA<\/th><th class=\"has-text-align-center\" data-align=\"center\">NOTA DE CORTE<\/th><\/tr><\/thead><tbody><tr><td>Acupuntura<\/td><td class=\"has-text-align-center\" data-align=\"center\">56,4<\/td><\/tr><tr><td>Alergia e Imunologia <span id=\"urn:enhancement-2987efbd-94f8-4e96-b505-e8b9fae1a44a\" class=\"textannotation disambiguated wl-thing\" itemid=\"https:\/\/data.wordlift.io\/wl106637\/entity\/pediatria\">Pedi&aacute;trica<\/span><\/td><td class=\"has-text-align-center\" data-align=\"center\">53,8<\/td><\/tr><tr><td><span id=\"urn:enhancement-b26d22ab-faa2-40fb-866b-1cfd85567fd7\" class=\"textannotation disambiguated wl-thing\" itemid=\"https:\/\/data.wordlift.io\/wl106637\/entity\/anestesiologia\">Anestesiologia<\/span><\/td><td class=\"has-text-align-center\" data-align=\"center\">101<\/td><\/tr><tr><td>Cardiologia<\/td><td class=\"has-text-align-center\" data-align=\"center\">84,05<\/td><\/tr><tr><td><span id=\"urn:enhancement-3e399969-c699-41aa-a440-fa425d983af0\" class=\"textannotation disambiguated wl-thing\" itemid=\"https:\/\/data.wordlift.io\/wl106637\/entity\/cirurgia-do-aparelho-digestivo\">Cirurgia do Aparelho Digestivo<\/span><\/td><td class=\"has-text-align-center\" data-align=\"center\">97,6<\/td><\/tr><tr><td>Cirurgia do <span id=\"urn:enhancement-ec821d93-45f8-431e-8841-79bd005d57d9\" class=\"textannotation disambiguated wl-thing\" itemid=\"https:\/\/data.wordlift.io\/wl106637\/entity\/politraumatismo\">Trauma<\/span><\/td><td class=\"has-text-align-center\" data-align=\"center\">77,5<\/td><\/tr><tr><td><span id=\"urn:enhancement-0694a5ed-b467-4f12-8d0a-f00b6077d611\" class=\"textannotation disambiguated wl-thing\" itemid=\"https:\/\/data.wordlift.io\/wl106637\/entity\/cirurgia-geral\">Cirurgia Geral<\/span><\/td><td class=\"has-text-align-center\" data-align=\"center\">95,65<\/td><\/tr><tr><td>Cirurgia Oncol&oacute;gica<\/td><td class=\"has-text-align-center\" data-align=\"center\">89<\/td><\/tr><tr><td>Cirurgia <span id=\"urn:enhancement-79476304-d78d-493d-9199-ca4f5f91f77c\" class=\"textannotation disambiguated wl-thing\" itemid=\"https:\/\/data.wordlift.io\/wl106637\/entity\/pediatria\">Pedi&aacute;trica<\/span><\/td><td class=\"has-text-align-center\" data-align=\"center\">101,7<\/td><\/tr><tr><td>Cirurgia Pl&aacute;stica<\/td><td class=\"has-text-align-center\" data-align=\"center\">108,4<\/td><\/tr><tr><td><span id=\"urn:enhancement-fbd21273-2cdc-4ac4-8161-bd38c4f23850\" class=\"textannotation disambiguated wl-thing\" itemid=\"https:\/\/data.wordlift.io\/wl106637\/entity\/cirurgia-vascular\">Cirurgia Vascular<\/span><\/td><td class=\"has-text-align-center\" data-align=\"center\">94,3<\/td><\/tr><tr><td>Cl&iacute;nica M&eacute;dica<\/td><td class=\"has-text-align-center\" data-align=\"center\">86,1<\/td><\/tr><tr><td><span id=\"urn:enhancement-ec323a5f-ee04-43ca-b35d-30048a455cfc\" class=\"textannotation disambiguated wl-thing\" itemid=\"https:\/\/data.wordlift.io\/wl106637\/entity\/coloproctologia\">Coloproctologia<\/span><\/td><td class=\"has-text-align-center\" data-align=\"center\">99,4<\/td><\/tr><tr><td>Dermatologia<\/td><td class=\"has-text-align-center\" data-align=\"center\">106,92<\/td><\/tr><tr><td>Ecocardiografia<\/td><td class=\"has-text-align-center\" data-align=\"center\">109,9<\/td><\/tr><tr><td>Eletrofisiologia e Cl&iacute;nica Invasiva<\/td><td class=\"has-text-align-center\" data-align=\"center\">&ndash;<\/td><\/tr><tr><td><span id=\"urn:enhancement-ebf65373-696d-4b45-b9ed-08935ecface0\" class=\"textannotation disambiguated wl-thing\" itemid=\"https:\/\/data.wordlift.io\/wl106637\/entity\/endocrinologia-e-metabologia\">Endocrinologia e Metabologia<\/span><\/td><td class=\"has-text-align-center\" data-align=\"center\">83<\/td><\/tr><tr><td>Endocrinologia <span id=\"urn:enhancement-49d3c255-20cf-401f-8ac1-d0ec7157a1c6\" class=\"textannotation disambiguated wl-thing\" itemid=\"https:\/\/data.wordlift.io\/wl106637\/entity\/pediatria\">Pedi&aacute;trica<\/span><\/td><td class=\"has-text-align-center\" data-align=\"center\">83,9<\/td><\/tr><tr><td>Endoscopia<\/td><td class=\"has-text-align-center\" data-align=\"center\">95,55<\/td><\/tr><tr><td>Endoscopia Ginecol&oacute;gica<\/td><td class=\"has-text-align-center\" data-align=\"center\">103,5<\/td><\/tr><tr><td>Endoscopia Respirat&oacute;ria I<\/td><td class=\"has-text-align-center\" data-align=\"center\">82,4<\/td><\/tr><tr><td>Endoscopia Respirat&oacute;ria II<\/td><td class=\"has-text-align-center\" data-align=\"center\">69<\/td><\/tr><tr><td>Gastroenterologia<\/td><td class=\"has-text-align-center\" data-align=\"center\">86,6<\/td><\/tr><tr><td>Gastroenterologia <span id=\"urn:enhancement-776a5198-3984-464b-ab62-ae2c402c0ed4\" class=\"textannotation disambiguated wl-thing\" itemid=\"https:\/\/data.wordlift.io\/wl106637\/entity\/pediatria\">Pedi&aacute;trica<\/span><\/td><td class=\"has-text-align-center\" data-align=\"center\">61,1<\/td><\/tr><tr><td>Gen&eacute;tica M&eacute;dica<\/td><td class=\"has-text-align-center\" data-align=\"center\">81,1<\/td><\/tr><tr><td><span id=\"urn:enhancement-5e01c54e-1196-4f08-9e6c-63e72ad0424b\" class=\"textannotation disambiguated wl-thing\" itemid=\"https:\/\/data.wordlift.io\/wl106637\/entity\/geriatria\">Geriatria<\/span><\/td><td class=\"has-text-align-center\" data-align=\"center\">87,25<\/td><\/tr><tr><td><span id=\"urn:enhancement-495c0508-771d-4d5c-8db9-e92219504a1c\" class=\"textannotation disambiguated wl-thing\" itemid=\"https:\/\/data.wordlift.io\/wl106637\/entity\/ginecologia-e-obstetricia\">Ginecologia e Obstetr&iacute;cia<\/span><\/td><td class=\"has-text-align-center\" data-align=\"center\">91,5<\/td><\/tr><tr><td>Hematologia e Hemoterapia<\/td><td class=\"has-text-align-center\" data-align=\"center\">88,9<\/td><\/tr><tr><td>Hematologia e Hemoterapia <span id=\"urn:enhancement-cbbda260-9d56-445d-8424-00bd1fbfc9be\" class=\"textannotation disambiguated wl-thing\" itemid=\"https:\/\/data.wordlift.io\/wl106637\/entity\/pediatria\">Pedi&aacute;trica<\/span><\/td><td class=\"has-text-align-center\" data-align=\"center\">&ndash;<\/td><\/tr><tr><td>Hepatologia<\/td><td class=\"has-text-align-center\" data-align=\"center\">76,5<\/td><\/tr><tr><td>Infectologia<\/td><td class=\"has-text-align-center\" data-align=\"center\">84,05<\/td><\/tr><tr><td>Infectologia <span id=\"urn:enhancement-f44b0bf2-27e7-4c9b-ae92-6d153f981487\" class=\"textannotation disambiguated wl-thing\" itemid=\"https:\/\/data.wordlift.io\/wl106637\/entity\/pediatria\">Pedi&aacute;trica<\/span><\/td><td class=\"has-text-align-center\" data-align=\"center\">81,9<\/td><\/tr><tr><td>Mastologia<\/td><td class=\"has-text-align-center\" data-align=\"center\">97,65<\/td><\/tr><tr><td>Medicina de Emerg&ecirc;ncia<\/td><td class=\"has-text-align-center\" data-align=\"center\">86,7<\/td><\/tr><tr><td><span id=\"urn:enhancement-cffef660-ad4c-4c11-903c-37bdd58edadd\" class=\"textannotation disambiguated wl-thing\" itemid=\"https:\/\/data.wordlift.io\/wl106637\/entity\/medicina-de-familia-e-comunidade\">Medicina de Fam&iacute;lia e Comunidade<\/span><\/td><td class=\"has-text-align-center\" data-align=\"center\">74,5<\/td><\/tr><tr><td>Medicina do Trabalho<\/td><td class=\"has-text-align-center\" data-align=\"center\">81<\/td><\/tr><tr><td>Medicina Fetal<\/td><td class=\"has-text-align-center\" data-align=\"center\">103,8<\/td><\/tr><tr><td>Medicina F&iacute;sica e Reabilita&ccedil;&atilde;o<\/td><td class=\"has-text-align-center\" data-align=\"center\">79,75<\/td><\/tr><tr><td>Medicina Intensiva<\/td><td class=\"has-text-align-center\" data-align=\"center\">81,9<\/td><\/tr><tr><td>Medicina Intensiva <span id=\"urn:enhancement-d0d523c3-bc15-42bd-a9e2-0a56d9362164\" class=\"textannotation disambiguated wl-thing\" itemid=\"https:\/\/data.wordlift.io\/wl106637\/entity\/pediatria\">Pedi&aacute;trica<\/span><\/td><td class=\"has-text-align-center\" data-align=\"center\">69<\/td><\/tr><tr><td>Medicina Paliativa<\/td><td class=\"has-text-align-center\" data-align=\"center\">68,42<\/td><\/tr><tr><td>Medicina Preventiva e Social<\/td><td class=\"has-text-align-center\" data-align=\"center\">81,75<\/td><\/tr><tr><td><span id=\"urn:enhancement-7e34661e-964c-498b-8ae4-410ef29fcaa5\" class=\"textannotation disambiguated wl-thing\" itemid=\"https:\/\/data.wordlift.io\/wl106637\/entity\/nefrologia\">Nefrologia<\/span><\/td><td class=\"has-text-align-center\" data-align=\"center\">73,8<\/td><\/tr><tr><td><span id=\"urn:enhancement-ef7bd7d4-64a7-484d-bd94-0dc560c3235a\" class=\"textannotation disambiguated wl-thing\" itemid=\"https:\/\/data.wordlift.io\/wl106637\/entity\/nefrologia\">Nefrologia<\/span> <span id=\"urn:enhancement-c27452cb-e64b-47ac-86e4-effb49349f8f\" class=\"textannotation disambiguated wl-thing\" itemid=\"https:\/\/data.wordlift.io\/wl106637\/entity\/pediatria\">Pedi&aacute;trica<\/span><\/td><td class=\"has-text-align-center\" data-align=\"center\">75,5<\/td><\/tr><tr><td>Neonatologia<\/td><td class=\"has-text-align-center\" data-align=\"center\">82,1<\/td><\/tr><tr><td>Neurocirurgia<\/td><td class=\"has-text-align-center\" data-align=\"center\">111,8<\/td><\/tr><tr><td>Neurologia<\/td><td class=\"has-text-align-center\" data-align=\"center\">100,5<\/td><\/tr><tr><td>Neurologia <span id=\"urn:enhancement-530f6144-5d1c-4cd2-833e-c9d310bf63bc\" class=\"textannotation disambiguated wl-thing\" itemid=\"https:\/\/data.wordlift.io\/wl106637\/entity\/pediatria\">Pedi&aacute;trica<\/span><\/td><td class=\"has-text-align-center\" data-align=\"center\">85,8<\/td><\/tr><tr><td>Oftalmologia<\/td><td class=\"has-text-align-center\" data-align=\"center\">101,5<\/td><\/tr><tr><td>Oncologia Cl&iacute;nica<\/td><td class=\"has-text-align-center\" data-align=\"center\">70,8<\/td><\/tr><tr><td>Oncologia <span id=\"urn:enhancement-e3cc41e4-3c42-4576-af1f-f841eff97f7a\" class=\"textannotation disambiguated wl-thing\" itemid=\"https:\/\/data.wordlift.io\/wl106637\/entity\/pediatria\">Pedi&aacute;trica<\/span><\/td><td class=\"has-text-align-center\" data-align=\"center\">&ndash;<\/td><\/tr><tr><td>Ortopedia e Traumatologia<\/td><td class=\"has-text-align-center\" data-align=\"center\">73<\/td><\/tr><tr><td>Ortopedia e Traumatologia em Cirurgia da Coluna &ndash; R4<\/td><td class=\"has-text-align-center\" data-align=\"center\">92.75<\/td><\/tr><tr><td><span id=\"urn:enhancement-5b87b61d-123f-41ed-8256-927747554486\" class=\"textannotation disambiguated wl-thing\" itemid=\"https:\/\/data.wordlift.io\/wl106637\/entity\/otorrinolaringologia\">Otorrinolaringologia<\/span><\/td><td class=\"has-text-align-center\" data-align=\"center\">113,57<\/td><\/tr><tr><td>Patologia<\/td><td class=\"has-text-align-center\" data-align=\"center\">97,51<\/td><\/tr><tr><td><span id=\"urn:enhancement-cd5a1846-79fa-4b75-a759-95350d47262a\" class=\"textannotation disambiguated wl-thing\" itemid=\"https:\/\/data.wordlift.io\/wl106637\/entity\/pediatria\">Pediatria<\/span><\/td><td class=\"has-text-align-center\" data-align=\"center\">83,4<\/td><\/tr><tr><td>Pneumologia<\/td><td class=\"has-text-align-center\" data-align=\"center\">73,25<\/td><\/tr><tr><td>Pneumologia <span id=\"urn:enhancement-2f822594-294c-4a00-aae2-b730cde8871c\" class=\"textannotation disambiguated wl-thing\" itemid=\"https:\/\/data.wordlift.io\/wl106637\/entity\/pediatria\">Pedi&aacute;trica<\/span><\/td><td class=\"has-text-align-center\" data-align=\"center\">&ndash;<\/td><\/tr><tr><td>Psicogeriatria<\/td><td class=\"has-text-align-center\" data-align=\"center\">93<\/td><\/tr><tr><td>Psicoterapia<\/td><td class=\"has-text-align-center\" data-align=\"center\">88,5<\/td><\/tr><tr><td>Psiquiatria<\/td><td class=\"has-text-align-center\" data-align=\"center\">98,5<\/td><\/tr><tr><td>Psiquiatria da Inf&acirc;ncia e Adolesc&ecirc;ncia<\/td><td class=\"has-text-align-center\" data-align=\"center\">89,5<\/td><\/tr><tr><td><span id=\"urn:enhancement-892d27c1-0da4-4fe5-a202-505ce1211dec\" class=\"textannotation disambiguated wl-thing\" itemid=\"https:\/\/data.wordlift.io\/wl106637\/entity\/radiologia-e-diagnostico-por-imagem\">Radiologia e Diagn&oacute;stico por Imagem<\/span><\/td><td class=\"has-text-align-center\" data-align=\"center\">96,4<\/td><\/tr><tr><td>Reprodu&ccedil;&atilde;o Assistida<\/td><td class=\"has-text-align-center\" data-align=\"center\">76,3<\/td><\/tr><tr><td><span id=\"urn:enhancement-4d2e408f-1625-4c99-bb74-1d328d629b0b\" class=\"textannotation disambiguated wl-thing\" itemid=\"https:\/\/data.wordlift.io\/wl106637\/entity\/reumatologia\">Reumatologia<\/span><\/td><td class=\"has-text-align-center\" data-align=\"center\">76,95<\/td><\/tr><tr><td><span id=\"urn:enhancement-d57f8ca5-a46e-4b4f-90ca-f74db6a3bb60\" class=\"textannotation disambiguated wl-thing\" itemid=\"https:\/\/data.wordlift.io\/wl106637\/entity\/reumatologia\">Reumatologia<\/span> <span id=\"urn:enhancement-6cd8e45e-6cf6-4bed-8ef4-8ba426d76929\" class=\"textannotation disambiguated wl-thing\" itemid=\"https:\/\/data.wordlift.io\/wl106637\/entity\/pediatria\">Pedi&aacute;trica<\/span><\/td><td class=\"has-text-align-center\" data-align=\"center\">86,5<\/td><\/tr><tr><td>Transplante Renal<\/td><td class=\"has-text-align-center\" data-align=\"center\">75<\/td><\/tr><tr><td><span id=\"urn:enhancement-f278b205-88ff-4532-9132-656dd727a4cb\" class=\"textannotation disambiguated wl-creative-work\" itemid=\"https:\/\/data.wordlift.io\/wl106637\/entity\/urologia\">Urologia<\/span><\/td><td class=\"has-text-align-center\" data-align=\"center\">98,4<\/td><\/tr><\/tbody><\/table><figcaption class=\"wp-element-caption\">A nota &eacute; equivalente &agrave; pontua&ccedil;&atilde;o final do &uacute;ltimo aprovado em 1&ordf; chamada para a especialidade dentre as institui&ccedil;&otilde;es participantes<\/figcaption><\/figure><h2 class=\"wp-block-heading\" id=\"h-saiba-como-foi-a-ultima-edicao-do-ses-df\"><span class=\"ez-toc-section\" id=\"Saiba-como-foi-a-ultima-edicao-do-SES-DF\"><\/span>Saiba como foi a &uacute;ltima edi&ccedil;&atilde;o do SES-DF<span class=\"ez-toc-section-end\"><\/span><\/h2><p class=\"wp-block-paragraph\">A &uacute;ltima edi&ccedil;&atilde;o do SES-DF, que compreendia o ingresso dos residentes em 2023 j&aacute; est&aacute; encerrada. Por&eacute;m, se voc&ecirc; quer conferir o edital, clique no bot&atilde;o abaixo e tenha acesso ao documento:<\/p><div class=\"wp-block-buttons is-horizontal is-content-justification-center is-layout-flex wp-container-core-buttons-is-layout-7d812b4c wp-block-buttons-is-layout-flex\">\n<div class=\"wp-block-button\"><a class=\"wp-block-button__link has-light-green-cyan-to-vivid-green-cyan-gradient-background has-background wp-element-button\" href=\"https:\/\/med.estrategia.com\/portal\/wp-content\/uploads\/2022\/10\/editalses-df2023.pdf\" target=\"_blank\"><strong>Edital SES-DF 2023<\/strong><\/a><\/div>\n<\/div><h3 class=\"wp-block-heading\" id=\"h-cronograma-ses-df-2023\"><strong>Cronograma SES DF 2023<\/strong><\/h3><ul class=\"wp-block-list\">\n<li><strong>Inscri&ccedil;&otilde;es e envio do curr&iacute;culo<\/strong>: 04 a 28\/11\/2022;<\/li>\n\n\n\n<li><strong>Taxa de inscri&ccedil;&atilde;o:<\/strong> R$149,00;<\/li>\n\n\n\n<li><strong>Isen&ccedil;&atilde;o: <\/strong>04 a 09\/11\/2022;<\/li>\n\n\n\n<li><strong>Prova Objetiva<\/strong>: 17\/12\/2022;<\/li>\n\n\n\n<li><strong>Gabarito Preliminar:<\/strong> 17\/12\/2022;<\/li>\n\n\n\n<li><strong>Recursos contra gabarito:<\/strong> 2 dias &uacute;teis ap&oacute;s publica&ccedil;&atilde;o;<\/li>\n\n\n\n<li><strong>Resultado Preliminar 1&ordf; Fase:<\/strong> 04\/01\/2023;<\/li>\n\n\n\n<li><strong>Recursos contra Resultado:<\/strong> 05 e 06\/01\/2023;<\/li>\n\n\n\n<li><strong>Resultado Definitivo 1&ordf; Fase:<\/strong> 11\/01\/2023<\/li>\n\n\n\n<li><strong>Escolha da institui&ccedil;&atilde;o 2&ordf; Fase:<\/strong> 13 a 16\/01\/2023; e<\/li>\n\n\n\n<li><strong>Resultado Final: <\/strong>18\/01\/2023.<\/li>\n<\/ul><h3 class=\"wp-block-heading\" id=\"h-especialidades-e-vagas-ses-df-2023\"><strong>Especialidades e Vagas SES-DF 2023<\/strong><\/h3><p class=\"wp-block-paragraph\">O seletivo para ingresso em 2023 da <span id=\"urn:enhancement-3005f1f4-6086-4d25-9b99-a8113ec9e973\" class=\"textannotation disambiguated wl-organization\" itemid=\"https:\/\/data.wordlift.io\/wl106637\/entity\/ses-df\">SES-DF<\/span> ofereceu 473 vagas! Confira as especialidades:<\/p><figure class=\"wp-block-table is-style-stripes\"><table class=\"has-light-green-cyan-to-vivid-green-cyan-gradient-background has-background\"><thead><tr><th> Especialidades de Acesso Direto<\/th><th class=\"has-text-align-center\" data-align=\"center\"> Vagas <\/th><th class=\"has-text-align-center\" data-align=\"center\"> Vagas Reservadas <\/th><\/tr><\/thead><tbody><tr><td>Acupuntura<\/td><td class=\"has-text-align-center\" data-align=\"center\"><strong>2<\/strong><\/td><td class=\"has-text-align-center\" data-align=\"center\">&ndash;<\/td><\/tr><tr><td><span id=\"urn:enhancement-4779ebae-4042-4f88-9ead-cae812a1ab0c\" class=\"textannotation disambiguated wl-thing\" itemid=\"https:\/\/data.wordlift.io\/wl106637\/entity\/anestesiologia\">Anestesiologia<\/span><\/td><td class=\"has-text-align-center\" data-align=\"center\"><strong>15<\/strong><\/td><td class=\"has-text-align-center\" data-align=\"center\">5<\/td><\/tr><tr><td><span id=\"urn:enhancement-adb3aae1-15dd-4299-a248-358c63079e6d\" class=\"textannotation disambiguated wl-thing\" itemid=\"https:\/\/data.wordlift.io\/wl106637\/entity\/cirurgia-geral\">Cirurgia Geral<\/span><\/td><td class=\"has-text-align-center\" data-align=\"center\"><strong>24<\/strong><\/td><td class=\"has-text-align-center\" data-align=\"center\">10<\/td><\/tr><tr><td>Cl&iacute;nica M&eacute;dica<\/td><td class=\"has-text-align-center\" data-align=\"center\"><strong>63<\/strong><\/td><td class=\"has-text-align-center\" data-align=\"center\">12<\/td><\/tr><tr><td>Dermatologia<\/td><td class=\"has-text-align-center\" data-align=\"center\"><strong>4<\/strong><\/td><td class=\"has-text-align-center\" data-align=\"center\">&ndash;<\/td><\/tr><tr><td>Gen&eacute;tica M&eacute;dica<\/td><td class=\"has-text-align-center\" data-align=\"center\"><strong>2<\/strong><\/td><td class=\"has-text-align-center\" data-align=\"center\">&ndash;<\/td><\/tr><tr><td>Infectologia<\/td><td class=\"has-text-align-center\" data-align=\"center\"><strong>4<\/strong><\/td><td class=\"has-text-align-center\" data-align=\"center\">&ndash;<\/td><\/tr><tr><td>Medicina de Emerg&ecirc;ncia<\/td><td class=\"has-text-align-center\" data-align=\"center\"><strong>10<\/strong><\/td><td class=\"has-text-align-center\" data-align=\"center\">&ndash;<\/td><\/tr><tr><td><span id=\"urn:enhancement-d471c667-8a5b-433d-814c-439c6c583912\" class=\"textannotation disambiguated wl-thing\" itemid=\"https:\/\/data.wordlift.io\/wl106637\/entity\/medicina-de-familia-e-comunidade\">Medicina de Fam&iacute;lia e Comunidade<\/span><\/td><td class=\"has-text-align-center\" data-align=\"center\"><strong>45<\/strong><\/td><td class=\"has-text-align-center\" data-align=\"center\">5<\/td><\/tr><tr><td>Medicina do Trabalho<\/td><td class=\"has-text-align-center\" data-align=\"center\"><strong>2<\/strong><\/td><td class=\"has-text-align-center\" data-align=\"center\">&ndash;<\/td><\/tr><tr><td>Medicina F&iacute;sica e Reabilita&ccedil;&atilde;o<\/td><td class=\"has-text-align-center\" data-align=\"center\"><strong>2<\/strong><\/td><td class=\"has-text-align-center\" data-align=\"center\">&ndash;<\/td><\/tr><tr><td>Medicina Preventiva e Social<\/td><td class=\"has-text-align-center\" data-align=\"center\"><strong>2<\/strong><\/td><td class=\"has-text-align-center\" data-align=\"center\">&ndash;<\/td><\/tr><tr><td>Neurocirurgia<\/td><td class=\"has-text-align-center\" data-align=\"center\"><strong>2<\/strong><\/td><td class=\"has-text-align-center\" data-align=\"center\">1<\/td><\/tr><tr><td>Neurologia<\/td><td class=\"has-text-align-center\" data-align=\"center\"><strong>6<\/strong><\/td><td class=\"has-text-align-center\" data-align=\"center\">&ndash;<\/td><\/tr><tr><td><span id=\"urn:enhancement-7008bf7d-6de4-492a-90d6-336a0f5be227\" class=\"textannotation disambiguated wl-thing\" itemid=\"https:\/\/data.wordlift.io\/wl106637\/entity\/obstetricia\">Obstetr&iacute;cia<\/span> e <span id=\"urn:enhancement-3b17ca74-398a-44f8-9f82-b290719918f4\" class=\"textannotation disambiguated wl-thing\" itemid=\"https:\/\/data.wordlift.io\/wl106637\/entity\/ginecologica\">Ginecologia<\/span><\/td><td class=\"has-text-align-center\" data-align=\"center\"><strong>33<\/strong><\/td><td class=\"has-text-align-center\" data-align=\"center\">3<\/td><\/tr><tr><td>Oftalmologia<\/td><td class=\"has-text-align-center\" data-align=\"center\"><strong>9<\/strong><\/td><td class=\"has-text-align-center\" data-align=\"center\">2<\/td><\/tr><tr><td>Ortopedia e Traumatologia<\/td><td class=\"has-text-align-center\" data-align=\"center\"><strong>30<\/strong><\/td><td class=\"has-text-align-center\" data-align=\"center\">3<\/td><\/tr><tr><td><span id=\"urn:enhancement-7e49f54d-8054-44eb-b8f3-20d4ec15b1c2\" class=\"textannotation disambiguated wl-thing\" itemid=\"https:\/\/data.wordlift.io\/wl106637\/entity\/otorrinolaringologia\">Otorrinolaringologia<\/span><\/td><td class=\"has-text-align-center\" data-align=\"center\"><strong>2<\/strong><\/td><td class=\"has-text-align-center\" data-align=\"center\">&ndash;<\/td><\/tr><tr><td>Patologia<\/td><td class=\"has-text-align-center\" data-align=\"center\"><strong>3<\/strong><\/td><td class=\"has-text-align-center\" data-align=\"center\">&ndash;<\/td><\/tr><tr><td><span id=\"urn:enhancement-096e1e7d-12ce-46d1-9cd4-e23d879388cb\" class=\"textannotation disambiguated wl-thing\" itemid=\"https:\/\/data.wordlift.io\/wl106637\/entity\/pediatria\">Pediatria<\/span><\/td><td class=\"has-text-align-center\" data-align=\"center\"><strong>4<\/strong>7<\/td><td class=\"has-text-align-center\" data-align=\"center\">2<\/td><\/tr><tr><td>Psiquiatria<\/td><td class=\"has-text-align-center\" data-align=\"center\"><strong>11<\/strong><\/td><td class=\"has-text-align-center\" data-align=\"center\">&ndash;<\/td><\/tr><tr><td><span id=\"urn:enhancement-02d3447f-cf13-4fc0-91ba-141f21edab84\" class=\"textannotation disambiguated wl-thing\" itemid=\"https:\/\/data.wordlift.io\/wl106637\/entity\/radiologia-e-diagnostico-por-imagem\">Radiologia e Diagn&oacute;stico por Imagem<\/span><\/td><td class=\"has-text-align-center\" data-align=\"center\"><strong>8<\/strong><\/td><td class=\"has-text-align-center\" data-align=\"center\">&ndash;<\/td><\/tr><tr><td>Medicina Intensiva<\/td><td class=\"has-text-align-center\" data-align=\"center\"><strong>7<\/strong><\/td><td class=\"has-text-align-center\" data-align=\"center\">&ndash;<\/td><\/tr><tr><td><strong>TOTAL<\/strong><\/td><td class=\"has-text-align-center\" data-align=\"center\"><strong>333<\/strong><\/td><td class=\"has-text-align-center\" data-align=\"center\"><strong>42<\/strong><\/td><\/tr><\/tbody><\/table><\/figure><figure class=\"wp-block-table is-style-stripes\"><table class=\"has-light-green-cyan-to-vivid-green-cyan-gradient-background has-background has-fixed-layout\"><thead><tr><th> Especialidades com Pr&eacute;-Requisito<\/th><th class=\"has-text-align-center\" data-align=\"center\"> Vagas <\/th><\/tr><\/thead><tbody><tr><td>Cardiologia<\/td><td class=\"has-text-align-center\" data-align=\"center\"><strong>8<\/strong><\/td><\/tr><tr><td><span id=\"urn:enhancement-2aab63b6-c3c7-482c-a935-5d92dfbcdf3a\" class=\"textannotation disambiguated wl-thing\" itemid=\"https:\/\/data.wordlift.io\/wl106637\/entity\/cirurgia-do-aparelho-digestivo\">Cirurgia do Aparelho Digestivo<\/span><\/td><td class=\"has-text-align-center\" data-align=\"center\"><strong>2<\/strong><\/td><\/tr><tr><td>Cirurgia Oncol&oacute;gica<\/td><td class=\"has-text-align-center\" data-align=\"center\"><strong>1<\/strong><\/td><\/tr><tr><td>Cirurgia <span id=\"urn:enhancement-a1c56a2d-056c-42a3-887e-6915c961db3c\" class=\"textannotation disambiguated wl-thing\" itemid=\"https:\/\/data.wordlift.io\/wl106637\/entity\/pediatria\">Pedi&aacute;trica<\/span><\/td><td class=\"has-text-align-center\" data-align=\"center\"><strong>2<\/strong><\/td><\/tr><tr><td>Cirurgia Pl&aacute;stica<\/td><td class=\"has-text-align-center\" data-align=\"center\"><strong>2<\/strong><\/td><\/tr><tr><td><span id=\"urn:enhancement-cc106b9b-bbc5-4a75-8c97-45f292868e26\" class=\"textannotation disambiguated wl-thing\" itemid=\"https:\/\/data.wordlift.io\/wl106637\/entity\/cirurgia-vascular\">Cirurgia Vascular<\/span><\/td><td class=\"has-text-align-center\" data-align=\"center\"><strong>3<\/strong><\/td><\/tr><tr><td><span id=\"urn:enhancement-b0b9294b-ec43-4644-a977-343d3dd4d3ed\" class=\"textannotation disambiguated wl-thing\" itemid=\"https:\/\/data.wordlift.io\/wl106637\/entity\/coloproctologia\">Coloproctologia<\/span><\/td><td class=\"has-text-align-center\" data-align=\"center\"><strong>2<\/strong><\/td><\/tr><tr><td><span id=\"urn:enhancement-81234119-ab91-4821-95e9-c686e9c1db8d\" class=\"textannotation disambiguated wl-thing\" itemid=\"https:\/\/data.wordlift.io\/wl106637\/entity\/endocrinologia-e-metabologia\">Endocrinologia e Metabologia<\/span><\/td><td class=\"has-text-align-center\" data-align=\"center\"><strong>7<\/strong><\/td><\/tr><tr><td>Endoscopia<\/td><td class=\"has-text-align-center\" data-align=\"center\"><strong>1<\/strong><\/td><\/tr><tr><td>Gastroenterologia<\/td><td class=\"has-text-align-center\" data-align=\"center\"><strong>4<\/strong><\/td><\/tr><tr><td><span id=\"urn:enhancement-d9d5e109-2474-4ed4-ace7-85c1c9c1aacf\" class=\"textannotation disambiguated wl-thing\" itemid=\"https:\/\/data.wordlift.io\/wl106637\/entity\/geriatria\">Geriatria<\/span><\/td><td class=\"has-text-align-center\" data-align=\"center\"><strong>2<\/strong><\/td><\/tr><tr><td>Hematologia e Hemoterapia<\/td><td class=\"has-text-align-center\" data-align=\"center\"><strong>2<\/strong><\/td><\/tr><tr><td>Mastologia<\/td><td class=\"has-text-align-center\" data-align=\"center\"><strong>2<\/strong><\/td><\/tr><tr><td><span id=\"urn:enhancement-e6859c02-9272-41d1-8ecc-12815956f18f\" class=\"textannotation disambiguated wl-thing\" itemid=\"https:\/\/data.wordlift.io\/wl106637\/entity\/nefrologia\">Nefrologia<\/span><\/td><td class=\"has-text-align-center\" data-align=\"center\"><strong>9<\/strong><\/td><\/tr><tr><td>Oncologia Cl&iacute;nica<\/td><td class=\"has-text-align-center\" data-align=\"center\"><strong>6<\/strong><\/td><\/tr><tr><td>Oncologia <span id=\"urn:enhancement-1129efd2-5530-4ee8-a715-90298c7a3cc0\" class=\"textannotation disambiguated wl-thing\" itemid=\"https:\/\/data.wordlift.io\/wl106637\/entity\/pediatria\">Pedi&aacute;trica<\/span><\/td><td class=\"has-text-align-center\" data-align=\"center\"><strong>2<\/strong><\/td><\/tr><tr><td>Pneumologia<\/td><td class=\"has-text-align-center\" data-align=\"center\"><strong>4<\/strong><\/td><\/tr><tr><td>Reprodu&ccedil;&atilde;o Assistida<\/td><td class=\"has-text-align-center\" data-align=\"center\"><strong>3<\/strong><\/td><\/tr><tr><td><span id=\"urn:enhancement-658246fd-4702-4262-a79f-8e9b16e349f0\" class=\"textannotation disambiguated wl-thing\" itemid=\"https:\/\/data.wordlift.io\/wl106637\/entity\/reumatologia\">Reumatologia<\/span> <\/td><td class=\"has-text-align-center\" data-align=\"center\"><strong>3<\/strong><\/td><\/tr><tr><td><span id=\"urn:enhancement-13a4a124-eafd-49f2-b493-28983f7b80d3\" class=\"textannotation disambiguated wl-creative-work\" itemid=\"https:\/\/data.wordlift.io\/wl106637\/entity\/urologia\">Urologia<\/span><\/td><td class=\"has-text-align-center\" data-align=\"center\"><strong>4<\/strong><\/td><\/tr><tr><td><strong>TOTAL<\/strong><\/td><td class=\"has-text-align-center\" data-align=\"center\"><strong>69<\/strong><\/td><\/tr><\/tbody><\/table><\/figure><figure class=\"wp-block-table is-style-stripes\"><table class=\"has-light-green-cyan-to-vivid-green-cyan-gradient-background has-background has-fixed-layout\"><thead><tr><th>&Aacute;reas de Atua&ccedil;&atilde;o<\/th><th class=\"has-text-align-center\" data-align=\"center\"> Vagas <\/th><\/tr><\/thead><tbody><tr><td>Alergia e Imunologia <span id=\"urn:enhancement-d9d127b9-5773-4023-9cc4-7f1ea72a3b61\" class=\"textannotation disambiguated wl-thing\" itemid=\"https:\/\/data.wordlift.io\/wl106637\/entity\/pediatria\">Pedi&aacute;trica<\/span><\/td><td class=\"has-text-align-center\" data-align=\"center\"><strong>6<\/strong><\/td><\/tr><tr><td>Cirurgia do <span id=\"urn:enhancement-7077bbca-544e-4c96-8b17-5935133cee53\" class=\"textannotation disambiguated wl-thing\" itemid=\"https:\/\/data.wordlift.io\/wl106637\/entity\/politraumatismo\">Trauma<\/span><\/td><td class=\"has-text-align-center\" data-align=\"center\"><strong>2<\/strong><\/td><\/tr><tr><td>Ecocardiografia<\/td><td class=\"has-text-align-center\" data-align=\"center\"><strong>1<\/strong><\/td><\/tr><tr><td>Eletrofisiologia Cl&iacute;nica Invasiva<\/td><td class=\"has-text-align-center\" data-align=\"center\"><strong>1<\/strong><\/td><\/tr><tr><td>Endocrinologia <span id=\"urn:enhancement-36123b21-8354-4e83-9f50-fb50cea8c7fa\" class=\"textannotation disambiguated wl-thing\" itemid=\"https:\/\/data.wordlift.io\/wl106637\/entity\/pediatria\">Pedi&aacute;trica<\/span><\/td><td class=\"has-text-align-center\" data-align=\"center\"><strong>3<\/strong><\/td><\/tr><tr><td>Endoscopia Ginecol&oacute;gica<\/td><td class=\"has-text-align-center\" data-align=\"center\"><strong>2<\/strong><\/td><\/tr><tr><td>Endoscopia Respirat&oacute;ria I<\/td><td class=\"has-text-align-center\" data-align=\"center\"><strong>1<\/strong><\/td><\/tr><tr><td>Endoscopia Respirat&oacute;ria II<\/td><td class=\"has-text-align-center\" data-align=\"center\"><strong>1<\/strong><\/td><\/tr><tr><td>Gastroenterologia <span id=\"urn:enhancement-e02d8a31-153c-438a-80f4-6de7001d7b0c\" class=\"textannotation disambiguated wl-thing\" itemid=\"https:\/\/data.wordlift.io\/wl106637\/entity\/pediatria\">Pedi&aacute;trica<\/span><\/td><td class=\"has-text-align-center\" data-align=\"center\"><strong>3<\/strong><\/td><\/tr><tr><td>Hematologia e Hemoterapia <span id=\"urn:enhancement-fce62542-bf36-4ca2-a54b-71300e945214\" class=\"textannotation disambiguated wl-thing\" itemid=\"https:\/\/data.wordlift.io\/wl106637\/entity\/pediatria\">Pedi&aacute;trica<\/span><\/td><td class=\"has-text-align-center\" data-align=\"center\"><strong>2<\/strong><\/td><\/tr><tr><td>Hepatologia<\/td><td class=\"has-text-align-center\" data-align=\"center\"><strong>1<\/strong><\/td><\/tr><tr><td>Infectologia <span id=\"urn:enhancement-4968744e-bc0c-40cd-a557-63f36338ea03\" class=\"textannotation disambiguated wl-thing\" itemid=\"https:\/\/data.wordlift.io\/wl106637\/entity\/pediatria\">Pedi&aacute;trica<\/span><\/td><td class=\"has-text-align-center\" data-align=\"center\"><strong>2<\/strong><\/td><\/tr><tr><td>Medicina Fetal<\/td><td class=\"has-text-align-center\" data-align=\"center\"><strong>4<\/strong><\/td><\/tr><tr><td>Medicina Intensiva <span id=\"urn:enhancement-268a6060-d2e6-472f-b415-37b52ea3b0be\" class=\"textannotation disambiguated wl-thing\" itemid=\"https:\/\/data.wordlift.io\/wl106637\/entity\/pediatria\">Pedi&aacute;trica<\/span><\/td><td class=\"has-text-align-center\" data-align=\"center\"><strong>10<\/strong><\/td><\/tr><tr><td>Medicina Paliativa<\/td><td class=\"has-text-align-center\" data-align=\"center\"><strong>3<\/strong><\/td><\/tr><tr><td><span id=\"urn:enhancement-97bd4ab9-f13f-48d7-9757-f3091fb53e28\" class=\"textannotation disambiguated wl-thing\" itemid=\"https:\/\/data.wordlift.io\/wl106637\/entity\/nefrologia\">Nefrologia<\/span> <span id=\"urn:enhancement-475581d6-7c02-4c09-a385-47b99d995be6\" class=\"textannotation disambiguated wl-thing\" itemid=\"https:\/\/data.wordlift.io\/wl106637\/entity\/pediatria\">Pedi&aacute;trica<\/span><\/td><td class=\"has-text-align-center\" data-align=\"center\"><strong>2<\/strong><\/td><\/tr><tr><td>Neonatologia<\/td><td class=\"has-text-align-center\" data-align=\"center\"><strong>10<\/strong><\/td><\/tr><tr><td>Neurologia <span id=\"urn:enhancement-3d48e0fc-765c-482b-9c65-6554d99b5822\" class=\"textannotation disambiguated wl-thing\" itemid=\"https:\/\/data.wordlift.io\/wl106637\/entity\/pediatria\">Pedi&aacute;trica<\/span><\/td><td class=\"has-text-align-center\" data-align=\"center\"><strong>2<\/strong><\/td><\/tr><tr><td>Pneumologia <span id=\"urn:enhancement-3cd30e75-5b71-40b3-975f-e0789eab8db4\" class=\"textannotation disambiguated wl-thing\" itemid=\"https:\/\/data.wordlift.io\/wl106637\/entity\/pediatria\">Pedi&aacute;trica<\/span><\/td><td class=\"has-text-align-center\" data-align=\"center\"><strong>2<\/strong><\/td><\/tr><tr><td>Psicogeriatria<\/td><td class=\"has-text-align-center\" data-align=\"center\"><strong>3<\/strong><\/td><\/tr><tr><td>Psicoterapia<\/td><td class=\"has-text-align-center\" data-align=\"center\"><strong>2<\/strong><\/td><\/tr><tr><td>Psiquiatria da Inf&acirc;ncia e Adolesc&ecirc;ncia<\/td><td class=\"has-text-align-center\" data-align=\"center\"><strong>3<\/strong><\/td><\/tr><tr><td><span id=\"urn:enhancement-f96efb75-394a-43c7-a01c-a7088bf306c5\" class=\"textannotation disambiguated wl-thing\" itemid=\"https:\/\/data.wordlift.io\/wl106637\/entity\/reumatologia\">Reumatologia<\/span> <span id=\"urn:enhancement-9eb7c649-a675-4286-aa54-4a8cc1c8a772\" class=\"textannotation disambiguated wl-thing\" itemid=\"https:\/\/data.wordlift.io\/wl106637\/entity\/pediatria\">Pedi&aacute;trica<\/span><\/td><td class=\"has-text-align-center\" data-align=\"center\"><strong>2<\/strong><\/td><\/tr><tr><td>Transplante Renal<\/td><td class=\"has-text-align-center\" data-align=\"center\"><strong>2<\/strong><\/td><\/tr><tr><td>Cirurgia da Coluna (Ano Adicional R4)<\/td><td class=\"has-text-align-center\" data-align=\"center\"><strong>1<\/strong><\/td><\/tr><tr><td><strong>TOTAL<\/strong><\/td><td class=\"has-text-align-center\" data-align=\"center\"><strong>71<\/strong><\/td><\/tr><\/tbody><\/table><\/figure><h3 class=\"wp-block-heading\">Prova e gabarito SES-DF 2023<\/h3><p class=\"wp-block-paragraph\">Confira o caderno de quest&otilde;es da prova e o gabarito preliminar oficial: <\/p><div class=\"wp-block-buttons is-content-justification-center is-layout-flex wp-container-core-buttons-is-layout-fe48e5de wp-block-buttons-is-layout-flex\">\n<div class=\"wp-block-button\"><a class=\"wp-block-button__link wp-element-button\" href=\"https:\/\/med.estrategia.com\/portal\/wp-content\/uploads\/2022\/12\/09609357-8b1d-4f61-8af6-9eeb43b123b6.pdf\" target=\"_blank\">SES-DF 2023 &ndash; CADERNO DE QUEST&Otilde;ES<\/a><\/div>\n<\/div><div class=\"wp-block-buttons is-content-justification-center is-layout-flex wp-container-core-buttons-is-layout-fe48e5de wp-block-buttons-is-layout-flex\">\n<div class=\"wp-block-button\"><a class=\"wp-block-button__link wp-element-button\" href=\"https:\/\/med.estrategia.com\/portal\/wp-content\/uploads\/2023\/01\/gabarito-definitivo_SES-DF.pdf\" target=\"_blank\">Gabarito Definitivo<\/a><\/div>\n<\/div><h3 class=\"wp-block-heading\" id=\"h-resultado-final-ses-df\">Resultado Final SES-DF<\/h3><p class=\"wp-block-paragraph\">A divulga&ccedil;&atilde;o do resultado definitivo da primeira fase (Prova + Curr&iacute;culo) aconteceu no dia 11 de janeiro de 2023, ap&oacute;s per&iacute;odo de recursos, e conta com a lista de nomes dos candidatos aprovados a seguirem com a escolha da institui&ccedil;&atilde;o de prefer&ecirc;ncia. Confira:<\/p><div class=\"wp-block-buttons is-horizontal is-content-justification-center is-layout-flex wp-container-core-buttons-is-layout-7d812b4c wp-block-buttons-is-layout-flex\">\n<div class=\"wp-block-button has-custom-font-size has-medium-font-size\"><a class=\"wp-block-button__link wp-element-button\" href=\"https:\/\/med.estrategia.com\/portal\/wp-content\/uploads\/2023\/01\/retif_ed_result_anali_curricu_posrec_notafinal_fepecs2022.pdf\" target=\"_blank\">RESULTADO FINAL SES-DF 2023<\/a><\/div>\n<\/div><p class=\"wp-block-paragraph\">Foi disponibilizado, do dia 13 ao dia 16 de janeiro de 2023, o sistema informatizado de sele&ccedil;&atilde;o de programas de <span id=\"urn:enhancement-b9a2cd89-9ae4-45f4-b13c-f45a8241dc08\" class=\"textannotation disambiguated wl-thing\" itemid=\"https:\/\/data.wordlift.io\/wl106637\/entity\/residencia-medica\">Resid&ecirc;ncia M&eacute;dica<\/span>, para que o candidato registrasse a sua escolha de institui&ccedil;&atilde;o.<\/p><p class=\"wp-block-paragraph\">O candidato que n&atilde;o acessou o site no per&iacute;odo a ser disponibilizado para a escolha da institui&ccedil;&atilde;o, foi automaticamente<strong> eliminado<\/strong> do processo seletivo.<\/p><div class=\"wp-block-buttons is-content-justification-center is-layout-flex wp-container-core-buttons-is-layout-fe48e5de wp-block-buttons-is-layout-flex\">\n<div class=\"wp-block-button\"><a class=\"wp-block-button__link wp-element-button\" href=\"https:\/\/med.estrategia.com\/portal\/wp-content\/uploads\/2023\/04\/chamadas-ses-df.zip\" target=\"_blank\">Chamadas de excedentes &ndash; SES-DF 2023<\/a><\/div>\n<\/div><div class=\"wp-block-buttons is-content-justification-center is-layout-flex wp-container-core-buttons-is-layout-fe48e5de wp-block-buttons-is-layout-flex\"><\/div><p class=\"wp-block-paragraph\">Est&aacute; estudando para algum&nbsp;<strong>processo seletivo para <span id=\"urn:enhancement-a1cd0c03-479e-435b-9e20-f458a6b63a3f\" class=\"textannotation disambiguated wl-thing\" itemid=\"https:\/\/data.wordlift.io\/wl106637\/entity\/residencia-medica\">Resid&ecirc;ncia M&eacute;dica<\/span><\/strong>? Ent&atilde;o, conhe&ccedil;a agora o&nbsp;<a href=\"https:\/\/med.estrategia.com\/portal\/banco-de-questoes-de-residencia-medica-e-revalida\/\" target=\"_blank\"><strong>Banco de Quest&otilde;es do Estrat&eacute;gia MED!&nbsp;<\/strong><\/a><strong> <\/strong>Nele voc&ecirc; encontra milhares de quest&otilde;es respondidas e comentadas pelos nossos professores.<\/p><p class=\"wp-block-paragraph\">Aproveite e conhe&ccedil;a algumas hist&oacute;rias, dicas e depoimentos de alguns dos&nbsp;nossos aprovados na SES-DF 2023:<\/p><div class=\"wp-block-media-text alignwide has-media-on-the-right is-stacked-on-mobile cnvs-block-core-media-text-1676488553218 has-cyan-bluish-gray-background-color has-background has-medium-font-size\" style=\"grid-template-columns:auto 35%\"><div class=\"wp-block-media-text__content\">\n<h3 class=\"wp-block-heading has-text-align-left has-medium-font-size\"><strong>Ana Paula Nunes Bento <br><\/strong>2&ordm; Lugar em Cirurgia Geral no Hospital Regional da Asa Norte (SES-DF)<\/h3>\n\n\n\n<p class=\"has-text-align-left has-small-font-size wp-block-paragraph\">Utilizou: Banco de Quest&otilde;es EMED<\/p>\n\n\n\n<p class=\"has-text-align-left wp-block-paragraph\"><em>Desde a &eacute;poca do vestibular que prefiro estudar a partir de quest&otilde;es. Ent&atilde;o, quando chegou a hora da resid&ecirc;ncia, minha maior preocupa&ccedil;&atilde;o era encontrar um banco de quest&otilde;es quantitativamente variado e com bons coment&aacute;rios. Nesse sentido, posso dizer que o Estrat&eacute;gia MED alcan&ccedil;ou todas as minhas expectativas e necessidades e, com certeza, tem sido determinante nos meus resultados.<\/em><\/p>\n<\/div><figure class=\"wp-block-media-text__media\"><img decoding=\"async\" width=\"545\" height=\"692\" src=\"https:\/\/med.estrategia.com\/portal\/wp-content\/uploads\/2023\/04\/Ana-Paula-Nunes-Bento-1.jpeg\" alt=\"\" class=\"wp-image-38835 size-full\"><\/figure><\/div><div class=\"wp-block-media-text alignwide is-stacked-on-mobile is-image-fill cnvs-block-core-media-text-1677079338146 has-pale-cyan-blue-background-color has-background has-medium-font-size\" style=\"grid-template-columns:32% auto\"><figure class=\"wp-block-media-text__media\" style=\"background-image:url(https:\/\/med.estrategia.com\/portal\/wp-content\/uploads\/2023\/04\/DIEGO-RICARDO-GUIMARAES-RODRIGUES.jpeg);background-position:48% 49%\"><img decoding=\"async\" width=\"768\" height=\"1024\" src=\"https:\/\/med.estrategia.com\/portal\/wp-content\/uploads\/2023\/04\/DIEGO-RICARDO-GUIMARAES-RODRIGUES.jpeg\" alt=\"\" class=\"wp-image-38836 size-full\"><\/figure><div class=\"wp-block-media-text__content\">\n<h3 class=\"wp-block-heading has-text-align-left has-medium-font-size\"><br><strong><strong>Diego Ricardo Guimar&atilde;es Rodrigues<\/strong><\/strong><br>2&ordm; Lugar em Medicina F&iacute;sica e Reabilita&ccedil;&atilde;o na Resid&ecirc;ncia Integrada da COREME\/SES-DF<\/h3>\n\n\n\n<p class=\"has-small-font-size wp-block-paragraph\">Utilizou: Extensivo Resid&ecirc;ncia M&eacute;dica, Cast e Banco de Quest&otilde;es EMED<\/p>\n\n\n\n<p class=\"has-text-align-left wp-block-paragraph\"><em>O Estrat&eacute;gia MED foi muito importante na minha jornada! Estava procurando por um cursinho que pudesse me proporcionar atualiza&ccedil;&atilde;o e ao mesmo tempo rotina e const&acirc;ncia nos estudos! N&atilde;o me arrependo!<\/em><br><br><\/p>\n<\/div><\/div><p class=\"wp-block-paragraph\"><strong><a id=\"cta\" class=\"cta-imagem\" href=\"https:\/\/med.estrategia.com\/cursos\/extensivo-de-residncia-mdica\/\" target=\"blank\">\n                <img decoding=\"async\" width=\"100%\" src=\"https:\/\/med.estrategia.com\/portal\/wp-content\/uploads\/2025\/08\/extensivo_rm.jpg\" alt=\"Extensivo RM\" title=\"extensivo_rm\">\n        <\/a><\/strong><\/p><h2 class=\"wp-block-heading\" id=\"h-veja-tambem\"><span class=\"ez-toc-section\" id=\"Veja-tambem\"><\/span>Veja tamb&eacute;m:<span class=\"ez-toc-section-end\"><\/span><\/h2><ul class=\"wp-block-list\">\n<li><a href=\"https:\/\/med.estrategia.com\/portal\/residencia-medica\/provas\/ses-df-provas-e-editais\/\">Prova de resid&ecirc;ncia m&eacute;dica SES-DF 2021<\/a><\/li>\n\n\n\n<li><a href=\"https:\/\/med.estrategia.com\/portal\/residencia-medica\/ses-go-residencia-medica\/\">Resid&ecirc;ncia M&eacute;dica SES-GO<\/a><\/li>\n\n\n\n<li><a href=\"https:\/\/med.estrategia.com\/portal\/residencia-medica\/hfa-residencia-medica\/\">Resid&ecirc;ncia M&eacute;dica HFA-DF<\/a><\/li>\n\n\n\n<li><a href=\"https:\/\/med.estrategia.com\/portal\/residencia-medica\/hc-ufg-residencia-medica\/\">Resid&ecirc;ncia M&eacute;dica HC-UFG<\/a><\/li>\n\n\n\n<li><a href=\"https:\/\/med.estrategia.com\/portal\/residencia-medica\/ufmt-residencia-medica\/\">Resid&ecirc;ncia M&eacute;dica UFMT<\/a><\/li>\n\n\n\n<li><a href=\"https:\/\/med.estrategia.com\/portal\/residencia-medica\/ses-mt-residencia-medica\/\">Resid&ecirc;ncia M&eacute;dica SES-MT<\/a><\/li>\n\n\n\n<li><a href=\"https:\/\/med.estrategia.com\/portal\/residencia-medica\/ufgd-residencia-medica\/\">Resid&ecirc;ncia M&eacute;dica UFGD<\/a><\/li>\n\n\n\n<li><a href=\"https:\/\/med.estrategia.com\/portal\/residencia-medica\/hob-residencia-medica\/\">Resid&ecirc;ncia M&eacute;dica HOB<\/a><\/li>\n\n\n\n<li><a href=\"https:\/\/med.estrategia.com\/portal\/residencia-medica\/especialidades\/10-residencias-medicas-com-mais-vagas-por-especialidade\/\">10 Resid&ecirc;ncias M&eacute;dicas com mais vagas por especialidade<\/a><\/li>\n\n\n\n<li><a href=\"https:\/\/med.estrategia.com\/portal\/residencia-medica\/residencias-medicas-mais-concorridos\/\">10 Resid&ecirc;ncias M&eacute;dicas mais concorridas<\/a><\/li>\n\n\n\n<li><a href=\"https:\/\/med.estrategia.com\/portal\/residencia-medica\/usp-sp-residencia-medica\/\">Resid&ecirc;ncia M&eacute;dica USP SP<\/a><\/li>\n\n\n\n<li><a href=\"https:\/\/med.estrategia.com\/portal\/residencia-medica\/enare-vagas-cronograma-provas-edital\/\">Resid&ecirc;ncia M&eacute;dica ENARE<\/a><\/li>\n<\/ul><\/p>\n","protected":false},"excerpt":{"rendered":"Est&aacute; interessado no processo seletivo de Resid&ecirc;ncia M&eacute;dica da SES DF? Ent&atilde;o, n&atilde;o perca o que o Estrat&eacute;gia&hellip;\n","protected":false},"author":22,"featured_media":38749,"comment_status":"open","ping_status":"open","sticky":false,"template":"","format":"standard","meta":{"footnotes":""},"categories":[24],"tags":[],"class_list":["post-44727","post","type-post","status-publish","format-standard","has-post-thumbnail","category-residencia-medica"],"acf":[],"yoast_head":"<!-- This site is optimized with the Yoast SEO Premium plugin v26.6 (Yoast SEO v26.6) - https:\/\/yoast.com\/wordpress\/plugins\/seo\/ -->\n<title>Resid\u00eancia M\u00e9dica SES-DF: edital 2023 e seu processo seletivo<\/title>\n<meta name=\"description\" content=\"Aqui voc\u00ea ficar\u00e1 por dentro de tudo que acontece no processo seletivo de Resid\u00eancia M\u00e9dica da SES-DF, confira o que o Estrat\u00e9gia MED trouxe!\" \/>\n<meta name=\"robots\" content=\"index, follow, max-snippet:-1, max-image-preview:large, max-video-preview:-1\" \/>\n<link rel=\"canonical\" href=\"https:\/\/med.estrategia.com\/portal\/residencia-medica\/residencia-medica-ses-df-edital-2023-e-seu-processo-seletivo\/\" \/>\n<meta property=\"og:locale\" content=\"pt_BR\" \/>\n<meta property=\"og:type\" content=\"article\" \/>\n<meta property=\"og:title\" content=\"Resid\u00eancia M\u00e9dica SES-DF: edital 2023 e seu processo seletivo\" \/>\n<meta property=\"og:description\" content=\"Aqui voc\u00ea ficar\u00e1 por dentro de tudo que acontece no processo seletivo de Resid\u00eancia M\u00e9dica da SES-DF, confira o que o Estrat\u00e9gia MED trouxe!\" \/>\n<meta property=\"og:url\" content=\"https:\/\/med.estrategia.com\/portal\/residencia-medica\/residencia-medica-ses-df-edital-2023-e-seu-processo-seletivo\/\" \/>\n<meta property=\"og:site_name\" content=\"Estrat\u00e9gia MED\" \/>\n<meta property=\"article:publisher\" content=\"https:\/\/www.facebook.com\/estrategiamed1\" \/>\n<meta property=\"article:published_time\" content=\"2022-08-12T00:19:00+00:00\" \/>\n<meta property=\"article:modified_time\" content=\"2023-10-31T02:15:20+00:00\" \/>\n<meta property=\"og:image\" content=\"https:\/\/cdn.medblog.estrategiaeducacional.com.br\/wp-content\/uploads\/2023\/04\/SES-DF.jpg\" \/>\n\t<meta property=\"og:image:width\" content=\"1200\" \/>\n\t<meta property=\"og:image:height\" content=\"800\" \/>\n\t<meta property=\"og:image:type\" content=\"image\/jpeg\" \/>\n<meta name=\"author\" content=\"Erika Coelho\" \/>\n<meta name=\"twitter:card\" content=\"summary_large_image\" \/>\n<meta name=\"twitter:creator\" content=\"@estrategiamed_\" \/>\n<meta name=\"twitter:site\" content=\"@estrategiamed_\" \/>\n<meta name=\"twitter:label1\" content=\"Escrito por\" \/>\n\t<meta name=\"twitter:data1\" content=\"Erika Coelho\" \/>\n\t<meta name=\"twitter:label2\" content=\"Est. tempo de leitura\" \/>\n\t<meta name=\"twitter:data2\" content=\"9 minutos\" \/>\n<script type=\"application\/ld+json\" class=\"yoast-schema-graph\">{\"@context\":\"https:\/\/schema.org\",\"@graph\":[{\"@type\":\"WebPage\",\"@id\":\"https:\/\/med.estrategia.com\/portal\/residencia-medica\/residencia-medica-ses-df-edital-2023-e-seu-processo-seletivo\/\",\"url\":\"https:\/\/med.estrategia.com\/portal\/residencia-medica\/residencia-medica-ses-df-edital-2023-e-seu-processo-seletivo\/\",\"name\":\"Resid\u00eancia M\u00e9dica SES-DF: edital 2023 e seu processo seletivo\",\"isPartOf\":{\"@id\":\"https:\/\/med.estrategia.com\/portal\/#website\"},\"primaryImageOfPage\":{\"@id\":\"https:\/\/med.estrategia.com\/portal\/residencia-medica\/residencia-medica-ses-df-edital-2023-e-seu-processo-seletivo\/#primaryimage\"},\"image\":{\"@id\":\"https:\/\/med.estrategia.com\/portal\/residencia-medica\/residencia-medica-ses-df-edital-2023-e-seu-processo-seletivo\/#primaryimage\"},\"thumbnailUrl\":\"https:\/\/med.estrategia.com\/portal\/wp-content\/uploads\/2023\/04\/SES-DF.jpg\",\"datePublished\":\"2022-08-12T00:19:00+00:00\",\"dateModified\":\"2023-10-31T02:15:20+00:00\",\"author\":{\"@id\":\"https:\/\/med.estrategia.com\/portal\/#\/schema\/person\/8e7c9b2f53f2eede3b8880ad86ff20a3\"},\"description\":\"Aqui voc\u00ea ficar\u00e1 por dentro de tudo que acontece no processo seletivo de Resid\u00eancia M\u00e9dica da SES-DF, confira o que o Estrat\u00e9gia MED trouxe!\",\"breadcrumb\":{\"@id\":\"https:\/\/med.estrategia.com\/portal\/residencia-medica\/residencia-medica-ses-df-edital-2023-e-seu-processo-seletivo\/#breadcrumb\"},\"inLanguage\":\"pt-BR\",\"potentialAction\":[{\"@type\":\"ReadAction\",\"target\":[\"https:\/\/med.estrategia.com\/portal\/residencia-medica\/residencia-medica-ses-df-edital-2023-e-seu-processo-seletivo\/\"]}]},{\"@type\":\"ImageObject\",\"inLanguage\":\"pt-BR\",\"@id\":\"https:\/\/med.estrategia.com\/portal\/residencia-medica\/residencia-medica-ses-df-edital-2023-e-seu-processo-seletivo\/#primaryimage\",\"url\":\"https:\/\/med.estrategia.com\/portal\/wp-content\/uploads\/2023\/04\/SES-DF.jpg\",\"contentUrl\":\"https:\/\/med.estrategia.com\/portal\/wp-content\/uploads\/2023\/04\/SES-DF.jpg\",\"width\":1200,\"height\":800,\"caption\":\"Cr\u00e9ditos: Estrat\u00e9gia MED e Governo de Bras\u00edlia\"},{\"@type\":\"BreadcrumbList\",\"@id\":\"https:\/\/med.estrategia.com\/portal\/residencia-medica\/residencia-medica-ses-df-edital-2023-e-seu-processo-seletivo\/#breadcrumb\",\"itemListElement\":[{\"@type\":\"ListItem\",\"position\":1,\"name\":\"Home\",\"item\":\"https:\/\/med.estrategia.com\/portal\/\"},{\"@type\":\"ListItem\",\"position\":2,\"name\":\"Resid\u00eancia M\u00e9dica\",\"item\":\"https:\/\/med.estrategia.com\/portal\/residencia-medica\/\"},{\"@type\":\"ListItem\",\"position\":3,\"name\":\"Resid\u00eancia M\u00e9dica SES-DF: edital 2023 e seu processo seletivo\"}]},{\"@type\":\"WebSite\",\"@id\":\"https:\/\/med.estrategia.com\/portal\/#website\",\"url\":\"https:\/\/med.estrategia.com\/portal\/\",\"name\":\"Estrat\u00e9gia MED\",\"description\":\"\",\"potentialAction\":[{\"@type\":\"SearchAction\",\"target\":{\"@type\":\"EntryPoint\",\"urlTemplate\":\"https:\/\/med.estrategia.com\/portal\/?s={search_term_string}\"},\"query-input\":{\"@type\":\"PropertyValueSpecification\",\"valueRequired\":true,\"valueName\":\"search_term_string\"}}],\"inLanguage\":\"pt-BR\"},{\"@type\":\"Person\",\"@id\":\"https:\/\/med.estrategia.com\/portal\/#\/schema\/person\/8e7c9b2f53f2eede3b8880ad86ff20a3\",\"name\":\"Erika Coelho\",\"image\":{\"@type\":\"ImageObject\",\"inLanguage\":\"pt-BR\",\"@id\":\"https:\/\/med.estrategia.com\/portal\/#\/schema\/person\/image\/\",\"url\":\"https:\/\/secure.gravatar.com\/avatar\/2ecfdec722ceb59abe411fd3802eb2ba80fed6120b3586a61f3594fa2b0be60e?s=96&d=mm&r=g\",\"contentUrl\":\"https:\/\/secure.gravatar.com\/avatar\/2ecfdec722ceb59abe411fd3802eb2ba80fed6120b3586a61f3594fa2b0be60e?s=96&d=mm&r=g\",\"caption\":\"Erika Coelho\"},\"description\":\"Jornalista pela Universidade Presbiteriana Mackenzie, escrevo sobre educa\u00e7\u00e3o, sa\u00fade e pol\u00edticas p\u00fablicas\",\"url\":\"https:\/\/med.estrategia.com\/portal\/author\/erika\/\"}]}<\/script>\n<!-- \/ Yoast SEO Premium plugin. -->","yoast_head_json":{"title":"Resid\u00eancia M\u00e9dica SES-DF: edital 2023 e seu processo seletivo","description":"Aqui voc\u00ea ficar\u00e1 por dentro de tudo que acontece no processo seletivo de Resid\u00eancia M\u00e9dica da SES-DF, confira o que o Estrat\u00e9gia MED trouxe!","robots":{"index":"index","follow":"follow","max-snippet":"max-snippet:-1","max-image-preview":"max-image-preview:large","max-video-preview":"max-video-preview:-1"},"canonical":"https:\/\/med.estrategia.com\/portal\/residencia-medica\/residencia-medica-ses-df-edital-2023-e-seu-processo-seletivo\/","og_locale":"pt_BR","og_type":"article","og_title":"Resid\u00eancia M\u00e9dica SES-DF: edital 2023 e seu processo seletivo","og_description":"Aqui voc\u00ea ficar\u00e1 por dentro de tudo que acontece no processo seletivo de Resid\u00eancia M\u00e9dica da SES-DF, confira o que o Estrat\u00e9gia MED trouxe!","og_url":"https:\/\/med.estrategia.com\/portal\/residencia-medica\/residencia-medica-ses-df-edital-2023-e-seu-processo-seletivo\/","og_site_name":"Estrat\u00e9gia MED","article_publisher":"https:\/\/www.facebook.com\/estrategiamed1","article_published_time":"2022-08-12T00:19:00+00:00","article_modified_time":"2023-10-31T02:15:20+00:00","og_image":[{"width":1200,"height":800,"url":"https:\/\/cdn.medblog.estrategiaeducacional.com.br\/wp-content\/uploads\/2023\/04\/SES-DF.jpg","type":"image\/jpeg"}],"author":"Erika Coelho","twitter_card":"summary_large_image","twitter_creator":"@estrategiamed_","twitter_site":"@estrategiamed_","twitter_misc":{"Escrito por":"Erika Coelho","Est. tempo de leitura":"9 minutos"},"schema":{"@context":"https:\/\/schema.org","@graph":[{"@type":"WebPage","@id":"https:\/\/med.estrategia.com\/portal\/residencia-medica\/residencia-medica-ses-df-edital-2023-e-seu-processo-seletivo\/","url":"https:\/\/med.estrategia.com\/portal\/residencia-medica\/residencia-medica-ses-df-edital-2023-e-seu-processo-seletivo\/","name":"Resid\u00eancia M\u00e9dica SES-DF: edital 2023 e seu processo seletivo","isPartOf":{"@id":"https:\/\/med.estrategia.com\/portal\/#website"},"primaryImageOfPage":{"@id":"https:\/\/med.estrategia.com\/portal\/residencia-medica\/residencia-medica-ses-df-edital-2023-e-seu-processo-seletivo\/#primaryimage"},"image":{"@id":"https:\/\/med.estrategia.com\/portal\/residencia-medica\/residencia-medica-ses-df-edital-2023-e-seu-processo-seletivo\/#primaryimage"},"thumbnailUrl":"https:\/\/med.estrategia.com\/portal\/wp-content\/uploads\/2023\/04\/SES-DF.jpg","datePublished":"2022-08-12T00:19:00+00:00","dateModified":"2023-10-31T02:15:20+00:00","author":{"@id":"https:\/\/med.estrategia.com\/portal\/#\/schema\/person\/8e7c9b2f53f2eede3b8880ad86ff20a3"},"description":"Aqui voc\u00ea ficar\u00e1 por dentro de tudo que acontece no processo seletivo de Resid\u00eancia M\u00e9dica da SES-DF, confira o que o Estrat\u00e9gia MED trouxe!","breadcrumb":{"@id":"https:\/\/med.estrategia.com\/portal\/residencia-medica\/residencia-medica-ses-df-edital-2023-e-seu-processo-seletivo\/#breadcrumb"},"inLanguage":"pt-BR","potentialAction":[{"@type":"ReadAction","target":["https:\/\/med.estrategia.com\/portal\/residencia-medica\/residencia-medica-ses-df-edital-2023-e-seu-processo-seletivo\/"]}]},{"@type":"ImageObject","inLanguage":"pt-BR","@id":"https:\/\/med.estrategia.com\/portal\/residencia-medica\/residencia-medica-ses-df-edital-2023-e-seu-processo-seletivo\/#primaryimage","url":"https:\/\/med.estrategia.com\/portal\/wp-content\/uploads\/2023\/04\/SES-DF.jpg","contentUrl":"https:\/\/med.estrategia.com\/portal\/wp-content\/uploads\/2023\/04\/SES-DF.jpg","width":1200,"height":800,"caption":"Cr\u00e9ditos: Estrat\u00e9gia MED e Governo de Bras\u00edlia"},{"@type":"BreadcrumbList","@id":"https:\/\/med.estrategia.com\/portal\/residencia-medica\/residencia-medica-ses-df-edital-2023-e-seu-processo-seletivo\/#breadcrumb","itemListElement":[{"@type":"ListItem","position":1,"name":"Home","item":"https:\/\/med.estrategia.com\/portal\/"},{"@type":"ListItem","position":2,"name":"Resid\u00eancia M\u00e9dica","item":"https:\/\/med.estrategia.com\/portal\/residencia-medica\/"},{"@type":"ListItem","position":3,"name":"Resid\u00eancia M\u00e9dica SES-DF: edital 2023 e seu processo seletivo"}]},{"@type":"WebSite","@id":"https:\/\/med.estrategia.com\/portal\/#website","url":"https:\/\/med.estrategia.com\/portal\/","name":"Estrat\u00e9gia MED","description":"","potentialAction":[{"@type":"SearchAction","target":{"@type":"EntryPoint","urlTemplate":"https:\/\/med.estrategia.com\/portal\/?s={search_term_string}"},"query-input":{"@type":"PropertyValueSpecification","valueRequired":true,"valueName":"search_term_string"}}],"inLanguage":"pt-BR"},{"@type":"Person","@id":"https:\/\/med.estrategia.com\/portal\/#\/schema\/person\/8e7c9b2f53f2eede3b8880ad86ff20a3","name":"Erika Coelho","image":{"@type":"ImageObject","inLanguage":"pt-BR","@id":"https:\/\/med.estrategia.com\/portal\/#\/schema\/person\/image\/","url":"https:\/\/secure.gravatar.com\/avatar\/2ecfdec722ceb59abe411fd3802eb2ba80fed6120b3586a61f3594fa2b0be60e?s=96&d=mm&r=g","contentUrl":"https:\/\/secure.gravatar.com\/avatar\/2ecfdec722ceb59abe411fd3802eb2ba80fed6120b3586a61f3594fa2b0be60e?s=96&d=mm&r=g","caption":"Erika Coelho"},"description":"Jornalista pela Universidade Presbiteriana Mackenzie, escrevo sobre educa\u00e7\u00e3o, sa\u00fade e pol\u00edticas p\u00fablicas","url":"https:\/\/med.estrategia.com\/portal\/author\/erika\/"}]}},"_links":{"self":[{"href":"https:\/\/med.estrategia.com\/portal\/wp-json\/wp\/v2\/posts\/44727","targetHints":{"allow":["GET"]}}],"collection":[{"href":"https:\/\/med.estrategia.com\/portal\/wp-json\/wp\/v2\/posts"}],"about":[{"href":"https:\/\/med.estrategia.com\/portal\/wp-json\/wp\/v2\/types\/post"}],"author":[{"embeddable":true,"href":"https:\/\/med.estrategia.com\/portal\/wp-json\/wp\/v2\/users\/22"}],"replies":[{"embeddable":true,"href":"https:\/\/med.estrategia.com\/portal\/wp-json\/wp\/v2\/comments?post=44727"}],"version-history":[{"count":2,"href":"https:\/\/med.estrategia.com\/portal\/wp-json\/wp\/v2\/posts\/44727\/revisions"}],"predecessor-version":[{"id":50736,"href":"https:\/\/med.estrategia.com\/portal\/wp-json\/wp\/v2\/posts\/44727\/revisions\/50736"}],"wp:featuredmedia":[{"embeddable":true,"href":"https:\/\/med.estrategia.com\/portal\/wp-json\/wp\/v2\/media\/38749"}],"wp:attachment":[{"href":"https:\/\/med.estrategia.com\/portal\/wp-json\/wp\/v2\/media?parent=44727"}],"wp:term":[{"taxonomy":"category","embeddable":true,"href":"https:\/\/med.estrategia.com\/portal\/wp-json\/wp\/v2\/categories?post=44727"},{"taxonomy":"post_tag","embeddable":true,"href":"https:\/\/med.estrategia.com\/portal\/wp-json\/wp\/v2\/tags?post=44727"}],"curies":[{"name":"wp","href":"https:\/\/api.w.org\/{rel}","templated":true}]}}