{"id":44730,"date":"2022-08-11T21:23:00","date_gmt":"2022-08-12T00:23:00","guid":{"rendered":"https:\/\/med.estrategia.com\/portal\/?p=44730"},"modified":"2023-12-13T13:03:10","modified_gmt":"2023-12-13T16:03:10","slug":"residencia-medica-sms-rj-edital-2023-e-o-seu-processo-seletivo","status":"publish","type":"post","link":"https:\/\/med.estrategia.com\/portal\/residencia-medica\/residencia-medica-sms-rj-edital-2023-e-o-seu-processo-seletivo\/","title":{"rendered":"Resid\u00eancia M\u00e9dica SMS-RJ: edital 2023 e o seu processo seletivo"},"content":{"rendered":"<p class=\"wp-block-paragraph\">O <span id=\"urn:enhancement-6260a65c-d61e-4a5b-a398-ca26add8b0e9\" class=\"textannotation disambiguated wl-organization\" itemid=\"https:\/\/data.wordlift.io\/wl106637\/entity\/estrategia_med\">Estrat&eacute;gia MED<\/span> trouxe esse texto para voc&ecirc; ficar por dentro da prova para <span id=\"urn:enhancement-250e4197-893f-47c2-abde-6489f3636e89\" class=\"textannotation disambiguated wl-thing\" itemid=\"https:\/\/data.wordlift.io\/wl106637\/entity\/residencia-medica\">Resid&ecirc;ncia M&eacute;dica<\/span> da <strong><span id=\"urn:enhancement-228f2266-23c8-4f1c-bad0-21b11df48c9e\" class=\"textannotation disambiguated wl-organization\" itemid=\"https:\/\/data.wordlift.io\/wl106637\/entity\/sms-rj-2\">SMS-RJ<\/span>.<\/strong> Siga no post e saiba tudo do processo seletivo da Secretaria Municipal de Sa&uacute;de do Rio de Janeiro!<div id=\"ez-toc-container\" class=\"ez-toc-v2_0_86 counter-hierarchy ez-toc-counter ez-toc-transparent ez-toc-container-direction\">\n<div class=\"ez-toc-title-container\"><p class=\"ez-toc-title\" style=\"cursor:inherit\">Navegue pelo conte\u00fado<\/p>\n<\/div><nav><ul class='ez-toc-list ez-toc-list-level-1 ' ><li class='ez-toc-page-1 ez-toc-heading-level-2'><a class=\"ez-toc-link ez-toc-heading-1\" href=\"https:\/\/med.estrategia.com\/portal\/residencia-medica\/residencia-medica-sms-rj-edital-2023-e-o-seu-processo-seletivo\/#A-Secretaria-Municipal-de-Saude-do-Rio-de-Janeiro-SMS-RJ\" >A Secretaria Municipal de Sa&uacute;de do Rio de Janeiro (SMS-RJ)<\/a><\/li><li class='ez-toc-page-1 ez-toc-heading-level-2'><a class=\"ez-toc-link ez-toc-heading-2\" href=\"https:\/\/med.estrategia.com\/portal\/residencia-medica\/residencia-medica-sms-rj-edital-2023-e-o-seu-processo-seletivo\/#Inscricoes-SMS-RJ\" >Inscri&ccedil;&otilde;es SMS-RJ<\/a><\/li><li class='ez-toc-page-1 ez-toc-heading-level-2'><a class=\"ez-toc-link ez-toc-heading-3\" href=\"https:\/\/med.estrategia.com\/portal\/residencia-medica\/residencia-medica-sms-rj-edital-2023-e-o-seu-processo-seletivo\/#Como-e-a-Prova-Objetiva-da-SMS-RJ\" >Como &eacute; a Prova Objetiva da SMS-RJ?<\/a><\/li><li class='ez-toc-page-1 ez-toc-heading-level-2'><a class=\"ez-toc-link ez-toc-heading-4\" href=\"https:\/\/med.estrategia.com\/portal\/residencia-medica\/residencia-medica-sms-rj-edital-2023-e-o-seu-processo-seletivo\/#Concorrencia-SMS-RJ\" >Concorr&ecirc;ncia SMS-RJ<\/a><\/li><li class='ez-toc-page-1 ez-toc-heading-level-2'><a class=\"ez-toc-link ez-toc-heading-5\" href=\"https:\/\/med.estrategia.com\/portal\/residencia-medica\/residencia-medica-sms-rj-edital-2023-e-o-seu-processo-seletivo\/#Nota-de-Corte-SMS-RJ\" >Nota de Corte SMS-RJ<\/a><\/li><li class='ez-toc-page-1 ez-toc-heading-level-2'><a class=\"ez-toc-link ez-toc-heading-6\" href=\"https:\/\/med.estrategia.com\/portal\/residencia-medica\/residencia-medica-sms-rj-edital-2023-e-o-seu-processo-seletivo\/#Saiba-como-foi-a-ultima-edicao-da-SMS-RJ\" >Saiba como foi a &uacute;ltima edi&ccedil;&atilde;o da SMS-RJ<\/a><\/li><li class='ez-toc-page-1 ez-toc-heading-level-2'><a class=\"ez-toc-link ez-toc-heading-7\" href=\"https:\/\/med.estrategia.com\/portal\/residencia-medica\/residencia-medica-sms-rj-edital-2023-e-o-seu-processo-seletivo\/#Veja-tambem\" >Veja tamb&eacute;m:<\/a><\/li><\/ul><\/nav><\/div>\n<h2 class=\"wp-block-heading\" id=\"h-a-secretaria-municipal-de-saude-do-rio-de-janeiro-sms-rj\"><span class=\"ez-toc-section\" id=\"A-Secretaria-Municipal-de-Saude-do-Rio-de-Janeiro-SMS-RJ\"><\/span>A Secretaria Municipal de Sa&uacute;de do Rio de Janeiro (SMS-RJ)<span class=\"ez-toc-section-end\"><\/span><\/h2><p class=\"wp-block-paragraph\">A Secretaria Municipal de Sa&uacute;de &eacute; o &oacute;rg&atilde;o da Prefeitura do Rio de Janeiro respons&aacute;vel pela pol&iacute;tica municipal de sa&uacute;de, al&eacute;m de gerir o <span id=\"urn:enhancement-140dd382-0f6d-4db0-8283-fd33d06e09f3\" class=\"textannotation disambiguated wl-thing\" itemid=\"https:\/\/data.wordlift.io\/wl106637\/entity\/sistema-unico-de-saude\">Sistema &Uacute;nico de Sa&uacute;de (SUS<\/span>) na cidade.&nbsp;<\/p><div class=\"wp-block-buttons is-horizontal is-content-justification-center is-layout-flex wp-container-core-buttons-is-layout-7d812b4c wp-block-buttons-is-layout-flex\">\n<div class=\"wp-block-button\"><a class=\"wp-block-button__link has-background wp-element-button\" href=\"https:\/\/med.estrategia.com\/cursos\/\" style=\"background-color:#0ba4ae\" target=\"_blank\">Conhe&ccedil;a os cursos do Estrat&eacute;gia MED!<\/a><\/div>\n<\/div><p class=\"wp-block-paragraph\">Atualmente, fazem parte do seletivo de Resid&ecirc;ncia M&eacute;dica da SMS-RJ os seguintes hospitais:<\/p><ul class=\"wp-block-list\">\n<li>H. M. Souza Aguiar<\/li>\n\n\n\n<li>H. M. Salgado Filho<\/li>\n\n\n\n<li>H. M. Louren&ccedil;o Jorge<\/li>\n\n\n\n<li>H. M. Jesus<\/li>\n\n\n\n<li>H. M. Miguel Couto<\/li>\n\n\n\n<li>I.M. Philippe Pinel<\/li>\n\n\n\n<li>Hospital Municipal da Piedade<\/li>\n\n\n\n<li>H.M. Barata Ribeiro<\/li>\n\n\n\n<li>H. M. Francisco da Silva Telles<\/li>\n\n\n\n<li>H. M. Ronaldo Gazolla<\/li>\n\n\n\n<li>Maternidade Fernando Magalh&atilde;es<\/li>\n\n\n\n<li>Maternidade Alexander Fleming<\/li>\n\n\n\n<li>Maternidade Carmela Dutra<\/li>\n<\/ul><p>\n\n\n<div id=\"new-form\">\n\t<form id=\"forms_layout\">\n\t<input type=\"hidden\" id=\"chave_de\" name=\"chave_de\" value=\"01_EMED_LEADS_TOTAIS\" \/>\n\t\t<input type=\"hidden\" id=\"mid\" name=\"mid\" value=\"515009018\" \/>\n\t\t<input type=\"hidden\" id=\"Objetivo\" name=\"Objetivo\" value=\"Medicina\" \/>\n\t\t<input type=\"hidden\" id=\"Estado_de_Origem_do_IP\" name=\"Estado_de_Origem_do_IP\"  value=\"\" \/>\n\t\t<input type=\"hidden\" id=\"Cidade_de_Origem_do_IP\" name=\"Cidade_de_Origem_do_IP\" value=\"\" \/>\n\t\t<input type=\"hidden\" id=\"Modo_de_entrada\" name=\"Modo_de_entrada\" value=\"Portal\" \/>\n\t\t<input type=\"hidden\" id=\"Pagina_Origem\" name=\"Pagina_Origem\" value=\"\" \/>\n\n\t\t<div class=\"texto\">\n\t\t\t<h3 class=\"news\">Inscreva-se em nossa newsletter!<\/h3>\n\t\t\t<p>Receba not\u00edcias sobre resid\u00eancia m\u00e9dica, revalida\u00e7\u00e3o de diplomas e concursos m\u00e9dicos, al\u00e9m de materiais de estudo gratuitos e informa\u00e7\u00f5es relevantes do mundo da Medicina.<\/p>\n\t\t<\/div>\n\t\t<div class=\"campos\">\n\t\t\t<div class=\"first_name labels\">\n\t\t\t\t<input type=\"text\" class=\"input_labels\" id=\"first_name\" name=\"Nome_Completo\" placeholder=\"Nome\" required \/>\n\t\t\t<\/div>\n\t\t\t<div class=\"email labels\">\n\t\t\t\t<input type=\"email\" class=\"input_labels\" id=\"email\" name=\"Email\" placeholder=\"E-mail\" required \/>\n\t\t\t<\/div>\n\t\t\t<button type=\"submit\" class=\"button_layout\">\n\t\t\t\t<div id=\"lblBotao\">Inscreva-se<\/div>\n\t\t\t\t<span id=\"divSpiner\" class=\"loader\" role=\"status\" style=\"display: none;\"><\/span>\t\n\t\t\t<\/button>\n\t\t<\/div><!-- \/campos -->\n\t\t\n\t\t<label class=\"container_checkbox\">Voc\u00ea concorda com a nossa\n\t\t\t<a class=\"politics_privacy_ahref\" target=\"_blank\" href=\"https:\/\/gratis.estrategiaconcursos.com.br\/politica-de-privacidade\/\">Pol\u00edtica de Privacidade<\/a> e aceita receber informa\u00e7\u00f5es adicionais do Estrat\u00e9gia Educacional.\n\t\t\t<input id=\"checkbox_layout\" type=\"checkbox\" checked=\"checked\" required \/>\n\t\t\t<span class=\"checkbox\"><\/span>\n\t\t<\/label>\n\t\t<div id=\"msg\"><\/div>\n\t\t<div id=\"error\" class=\"error\">\n\t\t<\/div>\n\t<\/form>\n<\/div><!-- \/new-form -->\n\n\n\n<\/p><h2 class=\"wp-block-heading\" id=\"h-inscricoes-sms-rj\"><span class=\"ez-toc-section\" id=\"Inscricoes-SMS-RJ\"><\/span>Inscri&ccedil;&otilde;es SMS-RJ<span class=\"ez-toc-section-end\"><\/span><\/h2><p class=\"wp-block-paragraph\">Os candidatos t&ecirc;m uma semana no m&ecirc;s de novembro para se inscreverem por meio do <a href=\"http:\/\/www.rio.rj.gov.br\/web\/portaldeconcursos\/exibeconteudo?id=14960484\" target=\"_blank\">Portal de Concursos do Rio de Janeiro<\/a>, mediante pagamento da taxa de inscri&ccedil;&atilde;o no valor de R$ 250,00. Na &uacute;ltima edi&ccedil;&atilde;o, o per&iacute;odo compreendeu os dias <strong>10 e 18 de novembro de 2022<\/strong>. <\/p><p class=\"wp-block-paragraph\">O seletivo seletivo tamb&eacute;m permite a<strong> solicita&ccedil;&atilde;o de isen&ccedil;&atilde;o da taxa de inscri&ccedil;&atilde;o<\/strong> durante os dois primeiros dias de inscri&ccedil;&atilde;o.  <\/p><p class=\"wp-block-paragraph\">Al&eacute;m disso, o candidato que participou e concluiu o&nbsp;<strong>PROVAB<\/strong> ou ingressou nos programas de&nbsp;<strong>Resid&ecirc;ncia em <span id=\"urn:enhancement-68fbce1d-fb66-4585-8a1f-0c15c20954ef\" class=\"textannotation disambiguated wl-thing\" itemid=\"https:\/\/data.wordlift.io\/wl106637\/entity\/medicina-de-familia-e-comunidade\">Medicina de Fam&iacute;lia e Comunidade<\/span>&nbsp;<\/strong>a partir de 2015 e concluiu o programa, pode solicitar, no ato da inscri&ccedil;&atilde;o, uma&nbsp;<strong>pontua&ccedil;&atilde;o adicional de 10% na nota final.<\/strong><\/p><h2 class=\"wp-block-heading\" id=\"h-como-e-a-prova-objetiva-da-sms-rj\"><span class=\"ez-toc-section\" id=\"Como-e-a-Prova-Objetiva-da-SMS-RJ\"><\/span>Como &eacute; a Prova Objetiva da SMS-RJ?<span class=\"ez-toc-section-end\"><\/span><\/h2><p class=\"wp-block-paragraph\">A prova objetiva do concurso da <span id=\"urn:enhancement-b2fa2e2a-6813-4769-9870-5705de6e49c3\" class=\"textannotation disambiguated wl-organization\" itemid=\"https:\/\/data.wordlift.io\/wl106637\/entity\/sms-rj-2\">SMS-RJ<\/span> &eacute; aplicada anualmente na cidade do Rio de Janeiro, tendo dura&ccedil;&atilde;o de<strong> 2h30<\/strong>. <\/p><p class=\"wp-block-paragraph\">A avalia&ccedil;&atilde;o &eacute; no modelo de m&uacute;ltipla escolha com&nbsp;<strong>60 quest&otilde;es objetivas<\/strong>&nbsp;para as especialidades de Acesso Direto, cujo conte&uacute;do da prova &eacute; baseado nas seguintes &aacute;reas m&eacute;dicas:<\/p><ul class=\"wp-block-list\">\n<li>Cl&iacute;nica M&eacute;dica;<\/li>\n\n\n\n<li>Pediatria;<\/li>\n\n\n\n<li>Cirurgia Geral;<\/li>\n\n\n\n<li>Ginecologia e Obstetr&iacute;cia; e<\/li>\n\n\n\n<li>Medicina Preventiva e Social.<\/li>\n<\/ul><p class=\"wp-block-paragraph\">J&aacute; para as especialidades com Pr&eacute;-Requisito, tamb&eacute;m s&atilde;o 60 quest&otilde;es, por&eacute;m baseadas na &aacute;rea tida como pr&eacute;-requisito para o programa de Resid&ecirc;ncia M&eacute;dica oferecido.<\/p><p class=\"wp-block-paragraph\">Para as especialidades de Anos Adicionais, a avalia&ccedil;&atilde;o foi no modelo de m&uacute;ltipla escolha com 40 quest&otilde;es objetivas pcom car&aacute;ter classificat&oacute;rio e eliminat&oacute;rio, valendo <strong>40 pontos<\/strong>. As quest&otilde;es foram baseadas na &aacute;rea tida como pr&eacute;-requisito para ingresso no programa de <span id=\"urn:enhancement-d6babf57-6223-41fc-8122-bc3741407339\" class=\"textannotation disambiguated wl-thing\" itemid=\"https:\/\/data.wordlift.io\/wl106637\/entity\/residencia-medica\">Resid&ecirc;ncia M&eacute;dica<\/span> oferecido.&nbsp;<\/p><h2 class=\"wp-block-heading\"><span class=\"ez-toc-section\" id=\"Concorrencia-SMS-RJ\"><\/span>Concorr&ecirc;ncia SMS-RJ<span class=\"ez-toc-section-end\"><\/span><\/h2><p class=\"wp-block-paragraph\">Para mensurar como vai estar a concorr&ecirc;ncia na SMS-RJ 2024, confira qual foi a&nbsp;<strong>Rela&ccedil;&atilde;o Candidato\/Vaga do &uacute;ltimo exame, a SMS-RJ 2023.<\/strong><\/p><figure class=\"wp-block-table\"><table><thead><tr><th>Especialidade<\/th><th class=\"has-text-align-center\" data-align=\"center\">Vagas<\/th><th class=\"has-text-align-center\" data-align=\"center\">Inscritos<\/th><th class=\"has-text-align-center\" data-align=\"center\">Concorr&ecirc;ncia<\/th><\/tr><\/thead><tbody><tr><td><span id=\"urn:enhancement-01138832-2466-462d-b4df-420bd8c03780\" class=\"textannotation disambiguated wl-thing\" itemid=\"https:\/\/data.wordlift.io\/wl106637\/entity\/anestesiologia\">Anestesiologia<\/span><\/td><td class=\"has-text-align-center\" data-align=\"center\">23<\/td><td class=\"has-text-align-center\" data-align=\"center\">201<\/td><td class=\"has-text-align-center\" data-align=\"center\">8,73<\/td><\/tr><tr><td><span id=\"urn:enhancement-bd24e4b3-3709-46e5-9d5f-d88b6cc28416\" class=\"textannotation disambiguated wl-thing\" itemid=\"https:\/\/data.wordlift.io\/wl106637\/entity\/cirurgia-geral\">Cirurgia Geral<\/span><\/td><td class=\"has-text-align-center\" data-align=\"center\">33<\/td><td class=\"has-text-align-center\" data-align=\"center\">246<\/td><td class=\"has-text-align-center\" data-align=\"center\">7,45<\/td><\/tr><tr><td>Cirurgia Pl&aacute;stica<\/td><td class=\"has-text-align-center\" data-align=\"center\">6<\/td><td class=\"has-text-align-center\" data-align=\"center\">98<\/td><td class=\"has-text-align-center\" data-align=\"center\">16,33<\/td><\/tr><tr><td><span id=\"urn:enhancement-3d286a8f-a163-46d7-8793-8227c9bf4bdd\" class=\"textannotation disambiguated wl-thing\" itemid=\"https:\/\/data.wordlift.io\/wl106637\/entity\/cirurgia-vascular\">Cirurgia Vascular<\/span><\/td><td class=\"has-text-align-center\" data-align=\"center\">6<\/td><td class=\"has-text-align-center\" data-align=\"center\">9<\/td><td class=\"has-text-align-center\" data-align=\"center\">1,5<\/td><\/tr><tr><td>Cl&iacute;nica M&eacute;dica<\/td><td class=\"has-text-align-center\" data-align=\"center\">33<\/td><td class=\"has-text-align-center\" data-align=\"center\">116<\/td><td class=\"has-text-align-center\" data-align=\"center\">3,51<\/td><\/tr><tr><td><span id=\"urn:enhancement-e792476b-0209-47f5-bba2-7a36ab807af8\" class=\"textannotation disambiguated wl-thing\" itemid=\"https:\/\/data.wordlift.io\/wl106637\/entity\/coloproctologia\">Coloproctologia<\/span><\/td><td class=\"has-text-align-center\" data-align=\"center\">3<\/td><td class=\"has-text-align-center\" data-align=\"center\">10<\/td><td class=\"has-text-align-center\" data-align=\"center\">3,33<\/td><\/tr><tr><td><span id=\"urn:enhancement-759180ec-4db5-4227-b322-89480460898e\" class=\"textannotation disambiguated wl-thing\" itemid=\"https:\/\/data.wordlift.io\/wl106637\/entity\/medicina-de-familia-e-comunidade\">Medicina de Fam&iacute;lia e Comunidade<\/span><\/td><td class=\"has-text-align-center\" data-align=\"center\">150<\/td><td class=\"has-text-align-center\" data-align=\"center\">206<\/td><td class=\"has-text-align-center\" data-align=\"center\">1,37<\/td><\/tr><tr><td>Medicina de Emerg&ecirc;ncia<\/td><td class=\"has-text-align-center\" data-align=\"center\">8<\/td><td class=\"has-text-align-center\" data-align=\"center\">9<\/td><td class=\"has-text-align-center\" data-align=\"center\">1,12<\/td><\/tr><tr><td>Medicina Intensiva<\/td><td class=\"has-text-align-center\" data-align=\"center\">13<\/td><td class=\"has-text-align-center\" data-align=\"center\">6<\/td><td class=\"has-text-align-center\" data-align=\"center\">0,46<\/td><\/tr><tr><td>Neurocirurgia<\/td><td class=\"has-text-align-center\" data-align=\"center\">5<\/td><td class=\"has-text-align-center\" data-align=\"center\">47<\/td><td class=\"has-text-align-center\" data-align=\"center\">9,4<\/td><\/tr><tr><td><span id=\"urn:enhancement-704e9537-035d-4f08-8991-569257f2fc71\" class=\"textannotation disambiguated wl-thing\" itemid=\"https:\/\/data.wordlift.io\/wl106637\/entity\/obstetricia\">Obstetr&iacute;cia<\/span> e <span id=\"urn:enhancement-297d3617-2094-4dc4-b708-29805c912430\" class=\"textannotation disambiguated wl-thing\" itemid=\"https:\/\/data.wordlift.io\/wl106637\/entity\/ginecologica\">Ginecologia<\/span><\/td><td class=\"has-text-align-center\" data-align=\"center\">21<\/td><td class=\"has-text-align-center\" data-align=\"center\">126<\/td><td class=\"has-text-align-center\" data-align=\"center\">6<\/td><\/tr><tr><td><span id=\"urn:enhancement-0b94eb21-8b24-4c16-ad90-3cb376485fc6\" class=\"textannotation disambiguated wl-thing\" itemid=\"https:\/\/data.wordlift.io\/wl106637\/entity\/oftalmologia\">Oftalmologia<\/span><\/td><td class=\"has-text-align-center\" data-align=\"center\">9<\/td><td class=\"has-text-align-center\" data-align=\"center\">67<\/td><td class=\"has-text-align-center\" data-align=\"center\">7,44<\/td><\/tr><tr><td><span id=\"urn:enhancement-686cfcf3-6c87-438d-a8e3-48647c5b04cd\" class=\"textannotation disambiguated wl-thing\" itemid=\"https:\/\/data.wordlift.io\/wl106637\/entity\/ortopedia-e-traumatologia\">Ortopedia<\/span> \/ Traumatologia<\/td><td class=\"has-text-align-center\" data-align=\"center\">39<\/td><td class=\"has-text-align-center\" data-align=\"center\">38<\/td><td class=\"has-text-align-center\" data-align=\"center\">0,97<\/td><\/tr><tr><td><span id=\"urn:enhancement-a7c55c27-6069-4357-a213-f4befcba4d50\" class=\"textannotation disambiguated wl-thing\" itemid=\"https:\/\/data.wordlift.io\/wl106637\/entity\/pediatria\">Pediatria<\/span><\/td><td class=\"has-text-align-center\" data-align=\"center\">38<\/td><td class=\"has-text-align-center\" data-align=\"center\">49<\/td><td class=\"has-text-align-center\" data-align=\"center\">1,28<\/td><\/tr><tr><td><span id=\"urn:enhancement-e449e393-2d5a-419b-acc4-ecffcfc2c302\" class=\"textannotation disambiguated wl-thing\" itemid=\"https:\/\/data.wordlift.io\/wl106637\/entity\/otorrinolaringologia\">Psiquiatria<\/span><\/td><td class=\"has-text-align-center\" data-align=\"center\">12<\/td><td class=\"has-text-align-center\" data-align=\"center\">121<\/td><td class=\"has-text-align-center\" data-align=\"center\">10,08<\/td><\/tr><tr><td><span id=\"urn:enhancement-dae418e5-a022-4c45-8f54-4d720ae8c281\" class=\"textannotation disambiguated wl-thing\" itemid=\"https:\/\/data.wordlift.io\/wl106637\/entity\/radiologia-e-diagnostico-por-imagem\">Radiologia e Diagn&oacute;stico por Imagem<\/span><\/td><td class=\"has-text-align-center\" data-align=\"center\">7<\/td><td class=\"has-text-align-center\" data-align=\"center\">19<\/td><td class=\"has-text-align-center\" data-align=\"center\">2,71<\/td><\/tr><tr><td><span id=\"urn:enhancement-660f90ec-a0e5-4d89-ad82-5bab404b8a92\" class=\"textannotation disambiguated wl-creative-work\" itemid=\"https:\/\/data.wordlift.io\/wl106637\/entity\/urologia\">Urologia<\/span><\/td><td class=\"has-text-align-center\" data-align=\"center\">6<\/td><td class=\"has-text-align-center\" data-align=\"center\">7<\/td><td class=\"has-text-align-center\" data-align=\"center\">1,16<\/td><\/tr><\/tbody><\/table><\/figure><h2 class=\"wp-block-heading\"><span class=\"ez-toc-section\" id=\"Nota-de-Corte-SMS-RJ\"><\/span>Nota de Corte SMS-RJ<span class=\"ez-toc-section-end\"><\/span><\/h2><p class=\"wp-block-paragraph\">Confira j&aacute; a nota de corte da &uacute;ltima edi&ccedil;&atilde;o e se preparece para a prova de 2024:<\/p><figure class=\"wp-block-table\"><table><thead><tr><th>ESPECIALIDADES<\/th><th class=\"has-text-align-center\" data-align=\"center\">NOTA DE CORTE<\/th><\/tr><\/thead><tbody><tr><td><span id=\"urn:enhancement-de2cefd1-8700-431f-8702-6d3a924e41c9\" class=\"textannotation disambiguated wl-thing\" itemid=\"https:\/\/data.wordlift.io\/wl106637\/entity\/anestesiologia\">Anestesiologia<\/span><\/td><td class=\"has-text-align-center\" data-align=\"center\">49<\/td><\/tr><tr><td><span id=\"urn:enhancement-ac125f46-f221-4032-9f5c-78f07e523c37\" class=\"textannotation disambiguated wl-thing\" itemid=\"https:\/\/data.wordlift.io\/wl106637\/entity\/cirurgia-geral\">Cirurgia Geral<\/span><\/td><td class=\"has-text-align-center\" data-align=\"center\">48<\/td><\/tr><tr><td>Cirurgia Pl&aacute;stica<\/td><td class=\"has-text-align-center\" data-align=\"center\">55<\/td><\/tr><tr><td><span id=\"urn:enhancement-c904cd00-eb0f-429a-bf38-08c8656da9fb\" class=\"textannotation disambiguated wl-thing\" itemid=\"https:\/\/data.wordlift.io\/wl106637\/entity\/cirurgia-vascular\">Cirurgia Vascular<\/span><\/td><td class=\"has-text-align-center\" data-align=\"center\">45<\/td><\/tr><tr><td>Cl&iacute;nica M&eacute;dica<\/td><td class=\"has-text-align-center\" data-align=\"center\">45<\/td><\/tr><tr><td><span id=\"urn:enhancement-490076f7-8aca-481d-8ec3-d2fe23882add\" class=\"textannotation disambiguated wl-thing\" itemid=\"https:\/\/data.wordlift.io\/wl106637\/entity\/coloproctologia\">Coloproctologia<\/span><\/td><td class=\"has-text-align-center\" data-align=\"center\">50<\/td><\/tr><tr><td><span id=\"urn:enhancement-540e46ae-a455-4b64-91b5-98620f7f6704\" class=\"textannotation disambiguated wl-thing\" itemid=\"https:\/\/data.wordlift.io\/wl106637\/entity\/medicina-de-familia-e-comunidade\">Medicina de Fam&iacute;lia e Comunidade<\/span><\/td><td class=\"has-text-align-center\" data-align=\"center\">38<\/td><\/tr><tr><td>Medicina de Emerg&ecirc;ncia<\/td><td class=\"has-text-align-center\" data-align=\"center\">36<\/td><\/tr><tr><td>Medicina Intensiva<\/td><td class=\"has-text-align-center\" data-align=\"center\">38<\/td><\/tr><tr><td>Neurocirurgia<\/td><td class=\"has-text-align-center\" data-align=\"center\">53<\/td><\/tr><tr><td><span id=\"urn:enhancement-fd72f703-7ccf-4250-b80f-0778f664a660\" class=\"textannotation disambiguated wl-thing\" itemid=\"https:\/\/data.wordlift.io\/wl106637\/entity\/obstetricia\">Obstetr&iacute;cia<\/span> e <span id=\"urn:enhancement-ab4de3d3-287c-4aca-8079-320306c37050\" class=\"textannotation disambiguated wl-thing\" itemid=\"https:\/\/data.wordlift.io\/wl106637\/entity\/ginecologica\">Ginecologia<\/span><\/td><td class=\"has-text-align-center\" data-align=\"center\">45<\/td><\/tr><tr><td><span id=\"urn:enhancement-7e85052a-bd4c-41a1-ae91-a7a9965dabf1\" class=\"textannotation disambiguated wl-thing\" itemid=\"https:\/\/data.wordlift.io\/wl106637\/entity\/oftalmologia\">Oftalmologia<\/span><\/td><td class=\"has-text-align-center\" data-align=\"center\">50<\/td><\/tr><tr><td><span id=\"urn:enhancement-f942c78c-0060-4a4b-90d3-4d9f080d7177\" class=\"textannotation disambiguated wl-thing\" itemid=\"https:\/\/data.wordlift.io\/wl106637\/entity\/ortopedia-e-traumatologia\">Ortopedia<\/span> \/ Traumatologia<\/td><td class=\"has-text-align-center\" data-align=\"center\">30<\/td><\/tr><tr><td><span id=\"urn:enhancement-72b1798a-9cde-4fbc-8040-47fa46520beb\" class=\"textannotation disambiguated wl-thing\" itemid=\"https:\/\/data.wordlift.io\/wl106637\/entity\/pediatria\">Pediatria<\/span><\/td><td class=\"has-text-align-center\" data-align=\"center\">35<\/td><\/tr><tr><td><span id=\"urn:enhancement-7e08b5e6-ab2e-415a-8fb4-ecb817c9624d\" class=\"textannotation disambiguated wl-thing\" itemid=\"https:\/\/data.wordlift.io\/wl106637\/entity\/otorrinolaringologia\">Psiquiatria<\/span><\/td><td class=\"has-text-align-center\" data-align=\"center\">49<\/td><\/tr><tr><td><span id=\"urn:enhancement-061d97a8-f853-4a5b-8a43-041e75374632\" class=\"textannotation disambiguated wl-thing\" itemid=\"https:\/\/data.wordlift.io\/wl106637\/entity\/radiologia-e-diagnostico-por-imagem\">Radiologia e Diagn&oacute;stico por Imagem<\/span><\/td><td class=\"has-text-align-center\" data-align=\"center\">40<\/td><\/tr><tr><td><span id=\"urn:enhancement-4429034c-bdf1-46e1-8f57-9b1eac51bf45\" class=\"textannotation disambiguated wl-creative-work\" itemid=\"https:\/\/data.wordlift.io\/wl106637\/entity\/urologia\">Urologia<\/span><\/td><td class=\"has-text-align-center\" data-align=\"center\">44<\/td><\/tr><\/tbody><\/table><figcaption class=\"wp-element-caption\">Nota de corte equivalente &agrave; nota final do &uacute;ltimo candidato classificado no resultado final 2023 dentro do n&uacute;mero de vagas ofertadas<\/figcaption><\/figure><h2 class=\"wp-block-heading\" id=\"h-saiba-como-foi-a-ultima-edicao-da-sms-rj\"><span class=\"ez-toc-section\" id=\"Saiba-como-foi-a-ultima-edicao-da-SMS-RJ\"><\/span>Saiba como foi a &uacute;ltima edi&ccedil;&atilde;o da SMS-RJ<span class=\"ez-toc-section-end\"><\/span><\/h2><p class=\"wp-block-paragraph\">Confira os editais completos para <span id=\"urn:enhancement-95337de4-667e-4c2a-89b1-cabb3916efe3\" class=\"textannotation disambiguated wl-thing\" itemid=\"https:\/\/data.wordlift.io\/wl106637\/entity\/residencia-medica\">Resid&ecirc;ncia M&eacute;dica<\/span> em Acesso Direto, Pr&eacute;-requisito e Anos Adicionais na Secretaria Municipal de Sa&uacute;de do Rio de Janeiro 2023:&nbsp;<\/p><div class=\"wp-block-buttons is-horizontal is-content-justification-center is-layout-flex wp-container-core-buttons-is-layout-7d812b4c wp-block-buttons-is-layout-flex\">\n<div class=\"wp-block-button\"><a class=\"wp-block-button__link has-light-green-cyan-to-vivid-green-cyan-gradient-background has-background wp-element-button\" href=\"https:\/\/med.estrategia.com\/portal\/wp-content\/uploads\/2022\/11\/EDITALRMANOSOPCIONAIS202304.10final.pdf\" target=\"_blank\"><strong>Edital SMS-RJ 2023<\/strong> &ndash; Anos Adicionais<\/a><\/div>\n\n\n\n<div class=\"wp-block-button\"><a class=\"wp-block-button__link wp-element-button\" href=\"https:\/\/med.estrategia.com\/portal\/wp-content\/uploads\/2022\/11\/ad-sms-rj.pdf\" target=\"_blank\"> <strong>Edital SMS-RJ 2023<\/strong> &ndash; Acesso Direto e Pr&eacute;-Requisito<\/a><\/div>\n<\/div><h3 class=\"wp-block-heading\" id=\"h-cronograma-sms-rj-2023\">Cronograma SMS-RJ 2023 <\/h3><h4 class=\"wp-block-heading\" id=\"h-especialidades-r3-e-r\">Especialidades R3 e R+<\/h4><ul class=\"wp-block-list\">\n<li><strong>Inscri&ccedil;&otilde;es:<\/strong> 10 a 18\/11\/2022;<\/li>\n\n\n\n<li><strong>Solicita&ccedil;&atilde;o de Isen&ccedil;&atilde;o da Taxa: <\/strong>10 a 11\/11\/2022;<\/li>\n\n\n\n<li><strong>Taxa de inscri&ccedil;&atilde;o: <\/strong>R$ 250,00;<\/li>\n\n\n\n<li><strong>Prova Objetiva: <\/strong>11\/12\/2022;&nbsp;<\/li>\n\n\n\n<li><strong>Gabaritos preliminares:<\/strong> 13\/12\/2022;<\/li>\n\n\n\n<li><strong>Recursos ao gabarito: <\/strong>14 e 15\/12\/2022; <\/li>\n\n\n\n<li><strong>Gabarito definitivo e resultado preliminar:<\/strong> 17\/01\/2023; <\/li>\n\n\n\n<li><strong>Per&iacute;odo de recurso:<\/strong> 17 e 18\/01\/2023;<\/li>\n\n\n\n<li><strong>Resultado final e <strong>escolha da institui&ccedil;&atilde;o<\/strong>: <\/strong>27\/01\/2023.<\/li>\n<\/ul><h4 class=\"wp-block-heading\">Especialidades R1 &ndash; novo cronograma reaplica&ccedil;&atilde;o<\/h4><ul class=\"wp-block-list\">\n<li><strong>Publica&ccedil;&atilde;o do Edital:<\/strong> 07\/11\/2022;<\/li>\n\n\n\n<li><strong>Per&iacute;odo de inscri&ccedil;&atilde;o: <\/strong>10 a 18\/11\/2022;<\/li>\n\n\n\n<li><strong>Per&iacute;odo de pedido de reembolso da taxa de inscri&ccedil;&atilde;o:<\/strong> 16\/12\/22 a 16\/01\/2023;<\/li>\n\n\n\n<li><strong>Realiza&ccedil;&atilde;o da Prova (nova prova)<\/strong>: 22\/01\/2023;<\/li>\n\n\n\n<li><strong>Publica&ccedil;&atilde;o do Gabarito<\/strong>: 24\/01\/2023;<\/li>\n\n\n\n<li><strong>Per&iacute;odo de Recurso<\/strong>: 25 e 26\/01\/2023;<\/li>\n\n\n\n<li><strong>Gabarito definitivo:<\/strong> 07\/02\/2023;<\/li>\n\n\n\n<li><strong>Resultado Preliminar:<\/strong> a partir do dia 23\/02\/2023;<\/li>\n\n\n\n<li><strong>Per&iacute;odo de recurso<\/strong>: 24 a 27\/02\/2023; e<\/li>\n\n\n\n<li><strong>Resultado Final<\/strong>: 10\/03\/2023.<\/li>\n<\/ul><h3 class=\"wp-block-heading\" id=\"h-especialidades-e-vagas\">Especialidades e Vagas<\/h3><p class=\"wp-block-paragraph\">A Secretaria Municipal de Sa&uacute;de do Rio de Janeiro ofertou <strong>432 vagas<\/strong> para ingresso em 2023, confira os detalhes:<\/p><figure class=\"wp-block-table\"><table class=\"has-fixed-layout\"><thead><tr><th> Especialidades de Acesso Direto e Pr&eacute;-Requisito<\/th><th class=\"has-text-align-center\" data-align=\"center\"> Vagas <\/th><\/tr><\/thead><tbody><tr><td><span id=\"urn:enhancement-1d80d5b2-3424-492b-9dab-a8175421711a\" class=\"textannotation disambiguated wl-thing\" itemid=\"https:\/\/data.wordlift.io\/wl106637\/entity\/anestesiologia\">Anestesiologia<\/span><\/td><td class=\"has-text-align-center\" data-align=\"center\">23<\/td><\/tr><tr><td><span id=\"urn:enhancement-94828fbc-f33c-4e6b-8350-0c27ad547fa3\" class=\"textannotation disambiguated wl-thing\" itemid=\"https:\/\/data.wordlift.io\/wl106637\/entity\/cirurgia-geral\">Cirurgia Geral<\/span><\/td><td class=\"has-text-align-center\" data-align=\"center\">33<\/td><\/tr><tr><td>Cirurgia Pl&aacute;stica<\/td><td class=\"has-text-align-center\" data-align=\"center\">6<\/td><\/tr><tr><td><span id=\"urn:enhancement-f43b03c4-dd55-4027-8b7f-5cb8a0b94087\" class=\"textannotation disambiguated wl-thing\" itemid=\"https:\/\/data.wordlift.io\/wl106637\/entity\/cirurgia-vascular\">Cirurgia Vascular<\/span><\/td><td class=\"has-text-align-center\" data-align=\"center\">6<\/td><\/tr><tr><td>Cl&iacute;nica M&eacute;dica<\/td><td class=\"has-text-align-center\" data-align=\"center\">33<\/td><\/tr><tr><td><span id=\"urn:enhancement-815db9f6-6e7f-4454-bf24-f0cf3532348b\" class=\"textannotation disambiguated wl-thing\" itemid=\"https:\/\/data.wordlift.io\/wl106637\/entity\/coloproctologia\">Coloproctologia<\/span><\/td><td class=\"has-text-align-center\" data-align=\"center\">3<\/td><\/tr><tr><td><span id=\"urn:enhancement-087a2e0c-a16a-4d66-af84-210b4628696c\" class=\"textannotation disambiguated wl-thing\" itemid=\"https:\/\/data.wordlift.io\/wl106637\/entity\/medicina-de-familia-e-comunidade\">Medicina de Fam&iacute;lia e Comunidade<\/span> <\/td><td class=\"has-text-align-center\" data-align=\"center\">150<\/td><\/tr><tr><td>Medicina de Emerg&ecirc;ncia<\/td><td class=\"has-text-align-center\" data-align=\"center\">8<\/td><\/tr><tr><td>Medicina Intensiva<\/td><td class=\"has-text-align-center\" data-align=\"center\">13<\/td><\/tr><tr><td><span id=\"urn:enhancement-e0c96c0e-b240-4088-a79a-c1fbfbb2a68b\" class=\"textannotation disambiguated wl-thing\" itemid=\"https:\/\/data.wordlift.io\/wl106637\/entity\/nefrologia\">Nefrologia<\/span><\/td><td class=\"has-text-align-center\" data-align=\"center\">2<\/td><\/tr><tr><td>Neurocirurgia<\/td><td class=\"has-text-align-center\" data-align=\"center\">5<\/td><\/tr><tr><td><span id=\"urn:enhancement-d48f0d2b-c730-43df-87e6-addf04f6177e\" class=\"textannotation disambiguated wl-thing\" itemid=\"https:\/\/data.wordlift.io\/wl106637\/entity\/obstetricia\">Obstetr&iacute;cia<\/span> e <span id=\"urn:enhancement-326a657b-b4ef-4e2a-b783-9aaedffe696c\" class=\"textannotation disambiguated wl-thing\" itemid=\"https:\/\/data.wordlift.io\/wl106637\/entity\/ginecologica\">Ginecologia<\/span><\/td><td class=\"has-text-align-center\" data-align=\"center\">21<\/td><\/tr><tr><td><span id=\"urn:enhancement-8e34cea2-999e-4b67-b017-4db65d6e3e98\" class=\"textannotation disambiguated wl-thing\" itemid=\"https:\/\/data.wordlift.io\/wl106637\/entity\/oftalmologia\">Oftalmologia<\/span><\/td><td class=\"has-text-align-center\" data-align=\"center\">9<\/td><\/tr><tr><td><span id=\"urn:enhancement-ddd3936d-b4d1-469c-a523-1686e745d5d6\" class=\"textannotation disambiguated wl-thing\" itemid=\"https:\/\/data.wordlift.io\/wl106637\/entity\/ortopedia-e-traumatologia\">Ortopedia<\/span> \/ Traumatologia<\/td><td class=\"has-text-align-center\" data-align=\"center\">39<\/td><\/tr><tr><td><span id=\"urn:enhancement-7329f942-69fb-480a-b7b4-76947eb63cf4\" class=\"textannotation disambiguated wl-thing\" itemid=\"https:\/\/data.wordlift.io\/wl106637\/entity\/pediatria\">Pediatria<\/span><\/td><td class=\"has-text-align-center\" data-align=\"center\">38<\/td><\/tr><tr><td><span id=\"urn:enhancement-16de38e0-8ae2-4b4e-87fa-dd05062e5757\" class=\"textannotation disambiguated wl-thing\" itemid=\"https:\/\/data.wordlift.io\/wl106637\/entity\/otorrinolaringologia\">Psiquiatria<\/span><\/td><td class=\"has-text-align-center\" data-align=\"center\">12<\/td><\/tr><tr><td><span id=\"urn:enhancement-0584e527-359e-4a23-91aa-9b8267e5a56a\" class=\"textannotation disambiguated wl-thing\" itemid=\"https:\/\/data.wordlift.io\/wl106637\/entity\/radiologia-e-diagnostico-por-imagem\">Radiologia e Diagn&oacute;stico por Imagem<\/span><\/td><td class=\"has-text-align-center\" data-align=\"center\">7<\/td><\/tr><tr><td><span id=\"urn:enhancement-886467ec-9331-49b6-a897-c99220024b46\" class=\"textannotation disambiguated wl-creative-work\" itemid=\"https:\/\/data.wordlift.io\/wl106637\/entity\/urologia\">Urologia<\/span><\/td><td class=\"has-text-align-center\" data-align=\"center\">6<\/td><\/tr><\/tbody><\/table><\/figure><figure class=\"wp-block-table is-style-stripes\"><table class=\"has-light-green-cyan-to-vivid-green-cyan-gradient-background has-background has-fixed-layout\"><thead><tr><th>Especialidades de Anos Opcionais<\/th><th class=\"has-text-align-center\" data-align=\"center\">Vagas<\/th><\/tr><\/thead><tbody><tr><td>Cirurgia do <span id=\"urn:enhancement-d2ccd325-6378-4255-b29c-8f919db6b335\" class=\"textannotation disambiguated wl-thing\" itemid=\"https:\/\/data.wordlift.io\/wl106637\/entity\/politraumatismo\">Trauma<\/span><\/td><td class=\"has-text-align-center\" data-align=\"center\">2<\/td><\/tr><tr><td>Cirurgia Videolaparosc&oacute;pica&nbsp;<\/td><td class=\"has-text-align-center\" data-align=\"center\">1<\/td><\/tr><tr><td>Endovascular e Angiorradiologia<\/td><td class=\"has-text-align-center\" data-align=\"center\">4<\/td><\/tr><tr><td>Medicina Intensiva <span id=\"urn:enhancement-8c5b976a-65e9-433a-a1b5-5c45ea12e267\" class=\"textannotation disambiguated wl-thing\" itemid=\"https:\/\/data.wordlift.io\/wl106637\/entity\/pediatria\">Pedi&aacute;trica<\/span>&nbsp;<\/td><td class=\"has-text-align-center\" data-align=\"center\">2<\/td><\/tr><tr><td>Neonatologia<\/td><td class=\"has-text-align-center\" data-align=\"center\">3<\/td><\/tr><tr><td>Infectologia <span id=\"urn:enhancement-f72c6a92-713f-46de-b16d-e8093eccce9f\" class=\"textannotation disambiguated wl-thing\" itemid=\"https:\/\/data.wordlift.io\/wl106637\/entity\/pediatria\">Pedi&aacute;trica<\/span><\/td><td class=\"has-text-align-center\" data-align=\"center\">2<\/td><\/tr><tr><td><span id=\"urn:enhancement-a2a19223-ea97-4238-9248-cf8db40f1fd6\" class=\"textannotation disambiguated wl-thing\" itemid=\"https:\/\/data.wordlift.io\/wl106637\/entity\/pneumologia\">Pneumologia<\/span> <span id=\"urn:enhancement-1873fd79-dd3a-4bf1-9e56-975ce35542cb\" class=\"textannotation disambiguated wl-thing\" itemid=\"https:\/\/data.wordlift.io\/wl106637\/entity\/pediatria\">Pedi&aacute;trica<\/span><\/td><td class=\"has-text-align-center\" data-align=\"center\">2<\/td><\/tr><tr><td><span id=\"urn:enhancement-0f4295e4-19e2-4057-8f5c-137f3b854f7a\" class=\"textannotation disambiguated wl-thing\" itemid=\"https:\/\/data.wordlift.io\/wl106637\/entity\/otorrinolaringologia\">Psiquiatria<\/span> da Inf&acirc;ncia e da Adolesc&ecirc;ncia<\/td><td class=\"has-text-align-center\" data-align=\"center\">2<\/td><\/tr><tr><td><strong>Total<\/strong><\/td><td class=\"has-text-align-center\" data-align=\"center\"><strong>18<\/strong><\/td><\/tr><\/tbody><\/table><\/figure><h3 class=\"wp-block-heading\">Den&uacute;ncias de fraude e reaplica&ccedil;&atilde;o da prova<\/h3><p class=\"wp-block-paragraph\">Alguns imprevistos rondaram a aplica&ccedil;&atilde;o da prova para resid&ecirc;ncia m&eacute;dica da SMS-RJ 2022\/2023. A<strong>&nbsp;Secretaria Municipal de Sa&uacute;de do Rio de Janeiro (SMS-RJ) anunciou<\/strong>, em&nbsp;<a href=\"https:\/\/www.rio.rj.gov.br\/web\/portaldeconcursos\/exibeconteudo?id=14966862\" target=\"_blank\">comunicado oficial<\/a>, que os candidatos &agrave;s especialidade de&nbsp;Acesso Direto deveriam realizar a&nbsp;<strong>prova objetiva em nova data<\/strong>. <\/p><p class=\"wp-block-paragraph\">O comunicado responde &agrave;s&nbsp;<strong>den&uacute;ncias de falha no processo de armazenamento das provas e cart&otilde;es de respostas<\/strong>, cujo envelope n&atilde;o havia sido devidamente lacrado.&nbsp;Saiba mais sobre o ocorrido <a href=\"https:\/\/med.estrategia.com\/portal\/noticias\/prova-smsrj-cancelada\/\" target=\"_blank\">clicando aqui.<\/a><\/p><h3 class=\"wp-block-heading\" id=\"h-resultado-final-sms-rj-2023\">Resultado Final SMS-RJ 2023<\/h3><p class=\"wp-block-paragraph\">O resultado final do seletivo para MFC e especialidades com Pr&eacute;-Requisito foi divulgado no <a href=\"http:\/\/www.rio.rj.gov.br\/web\/portaldeconcursos\" target=\"_blank\" rel=\"noopener noreferrer\">Portal de Concursos do Rio de Janeiro<\/a> no dia <strong>27 de janeiro de 2023. <\/strong>J&aacute; o resultado final para as especialidades que tiveram a prova reaplicada saiu no dia 10 de mar&ccedil;o de 2023. <\/p><div class=\"wp-block-buttons is-content-justification-center is-layout-flex wp-container-core-buttons-is-layout-fe48e5de wp-block-buttons-is-layout-flex\">\n<div class=\"wp-block-button\"><a class=\"wp-block-button__link wp-element-button\" href=\"https:\/\/med.estrategia.com\/portal\/wp-content\/uploads\/2023\/01\/EDITALr111.12RESULTADOfinal.pdf\" target=\"_blank\">Resultado Final &ndash; MFC e R+<\/a><\/div>\n\n\n\n<div class=\"wp-block-button\"><a class=\"wp-block-button__link wp-element-button\" href=\"https:\/\/med.estrategia.com\/portal\/wp-content\/uploads\/2023\/03\/rESULTADODEFINITIVO-1.pdf\" target=\"_blank\">Resultado final &ndash; AD<\/a><\/div>\n<\/div><p class=\"wp-block-paragraph\">Em caso de <strong>empate<\/strong>, foi usado como crit&eacute;rio de desempate o <strong>candidato mais idoso<\/strong> e, caso permanesse o empate, os candidatos foram desempatados pela hora de nascimento, conforme solicitado na inscri&ccedil;&atilde;o.<\/p><p class=\"wp-block-paragraph\"><\/p><p class=\"wp-block-paragraph\"><strong><a id=\"cta\" class=\"cta-imagem\" href=\"https:\/\/med.estrategia.com\/cursos\/extensivo-de-residncia-mdica\/\" target=\"blank\">\n                <img decoding=\"async\" width=\"100%\" src=\"https:\/\/med.estrategia.com\/portal\/wp-content\/uploads\/2025\/08\/extensivo_rm.jpg\" alt=\"Extensivo RM\" title=\"extensivo_rm\">\n        <\/a><\/strong><\/p><h2 class=\"wp-block-heading\" id=\"h-veja-tambem\"><span class=\"ez-toc-section\" id=\"Veja-tambem\"><\/span>Veja tamb&eacute;m:<span class=\"ez-toc-section-end\"><\/span><\/h2><ul class=\"wp-block-list\">\n<li><a href=\"https:\/\/med.estrategia.com\/portal\/residencia-medica\/residencia-medica-ufrj\/\">Resid&ecirc;ncia M&eacute;dica UFRJ<\/a><\/li>\n\n\n\n<li><a href=\"https:\/\/med.estrategia.com\/portal\/residencia-medica\/uff-residencia-medic\/\">Resid&ecirc;ncia M&eacute;dica UFF<\/a><\/li>\n\n\n\n<li><a href=\"https:\/\/med.estrategia.com\/portal\/residencia-medica\/uerj-residencia-medica\/\">Resid&ecirc;ncia M&eacute;dica UERJ<\/a><\/li>\n\n\n\n<li><a href=\"https:\/\/med.estrategia.com\/portal\/residencia-medica\/ses-rj-residencia-medica\/\">Resid&ecirc;ncia M&eacute;dica SES-RJ<\/a><\/li>\n\n\n\n<li><a href=\"https:\/\/med.estrategia.com\/portal\/residencia-medica\/ufes-residencia-medica\/\">Resid&ecirc;ncia M&eacute;dica UFES<\/a><\/li>\n\n\n\n<li><a href=\"https:\/\/med.estrategia.com\/portal\/residencia-medica\/psu-mg-residencia-medica\/\">Resid&ecirc;ncia M&eacute;dica PSU-MG<\/a><\/li>\n\n\n\n<li><a href=\"https:\/\/med.estrategia.com\/portal\/residencia-medica\/especialidades\/10-residencias-medicas-menos-concorridas\/\">10 resid&ecirc;ncias m&eacute;dicas menos concorridas<\/a><\/li>\n\n\n\n<li><a href=\"https:\/\/med.estrategia.com\/portal\/residencia-medica\/especialidades\/10-residencias-medicas-com-mais-vagas-por-especialidade\/\">10 Resid&ecirc;ncias M&eacute;dicas com mais vagas por especialidade<\/a><\/li>\n\n\n\n<li><a href=\"https:\/\/med.estrategia.com\/portal\/residencia-medica\/residencias-medicas-mais-concorridos\/\">10 Resid&ecirc;ncias M&eacute;dicas mais concorridas<\/a><\/li>\n\n\n\n<li><a href=\"https:\/\/med.estrategia.com\/portal\/residencia-medica\/usp-sp-residencia-medica\/\">Resid&ecirc;ncia M&eacute;dica USP SP<\/a><\/li>\n\n\n\n<li><a href=\"https:\/\/med.estrategia.com\/portal\/residencia-medica\/enare-vagas-cronograma-provas-edital\/\">Resid&ecirc;ncia M&eacute;dica ENARE<\/a><\/li>\n<\/ul><\/p>\n","protected":false},"excerpt":{"rendered":"O Estrat&eacute;gia MED trouxe esse texto para voc&ecirc; ficar por dentro da prova para Resid&ecirc;ncia M&eacute;dica da SMS-RJ.&hellip;\n","protected":false},"author":22,"featured_media":39305,"comment_status":"closed","ping_status":"closed","sticky":false,"template":"","format":"standard","meta":{"footnotes":""},"categories":[24],"tags":[],"class_list":["post-44730","post","type-post","status-publish","format-standard","has-post-thumbnail","category-residencia-medica"],"acf":[],"yoast_head":"<!-- This site is optimized with the Yoast SEO Premium plugin v26.6 (Yoast SEO v26.6) - https:\/\/yoast.com\/wordpress\/plugins\/seo\/ -->\n<title>Resid\u00eancia M\u00e9dica SMS-RJ: edital 2023 e o seu processo seletivo<\/title>\n<meta name=\"description\" content=\"Fique por dentro da prova para Resid\u00eancia M\u00e9dica da SMS-RJ. Saiba tudo do seletivo da Secretaria Municipal da Sa\u00fade do Rio de Janeiro!\" \/>\n<meta name=\"robots\" content=\"index, follow, max-snippet:-1, max-image-preview:large, max-video-preview:-1\" \/>\n<link rel=\"canonical\" href=\"https:\/\/med.estrategia.com\/portal\/residencia-medica\/residencia-medica-sms-rj-edital-2023-e-o-seu-processo-seletivo\/\" \/>\n<meta property=\"og:locale\" content=\"pt_BR\" \/>\n<meta property=\"og:type\" content=\"article\" \/>\n<meta property=\"og:title\" content=\"Resid\u00eancia M\u00e9dica SMS-RJ: edital 2023 e o seu processo seletivo\" \/>\n<meta property=\"og:description\" content=\"Fique por dentro da prova para Resid\u00eancia M\u00e9dica da SMS-RJ. Saiba tudo do seletivo da Secretaria Municipal da Sa\u00fade do Rio de Janeiro!\" \/>\n<meta property=\"og:url\" content=\"https:\/\/med.estrategia.com\/portal\/residencia-medica\/residencia-medica-sms-rj-edital-2023-e-o-seu-processo-seletivo\/\" \/>\n<meta property=\"og:site_name\" content=\"Estrat\u00e9gia MED\" \/>\n<meta property=\"article:publisher\" content=\"https:\/\/www.facebook.com\/estrategiamed1\" \/>\n<meta property=\"article:published_time\" content=\"2022-08-12T00:23:00+00:00\" \/>\n<meta property=\"article:modified_time\" content=\"2023-12-13T16:03:10+00:00\" \/>\n<meta property=\"og:image\" content=\"https:\/\/med.estrategia.com\/portal\/wp-content\/uploads\/2021\/10\/coverWP_publica_bgfoto_logo-10.jpg\" \/>\n\t<meta property=\"og:image:width\" content=\"1200\" \/>\n\t<meta property=\"og:image:height\" content=\"800\" \/>\n\t<meta property=\"og:image:type\" content=\"image\/jpeg\" \/>\n<meta name=\"author\" content=\"Erika Coelho\" \/>\n<meta name=\"twitter:card\" content=\"summary_large_image\" \/>\n<meta name=\"twitter:creator\" content=\"@estrategiamed_\" \/>\n<meta name=\"twitter:site\" content=\"@estrategiamed_\" \/>\n<meta name=\"twitter:label1\" content=\"Escrito por\" \/>\n\t<meta name=\"twitter:data1\" content=\"Erika Coelho\" \/>\n\t<meta name=\"twitter:label2\" content=\"Est. tempo de leitura\" \/>\n\t<meta name=\"twitter:data2\" content=\"5 minutos\" \/>\n<script type=\"application\/ld+json\" class=\"yoast-schema-graph\">{\"@context\":\"https:\/\/schema.org\",\"@graph\":[{\"@type\":\"WebPage\",\"@id\":\"https:\/\/med.estrategia.com\/portal\/residencia-medica\/residencia-medica-sms-rj-edital-2023-e-o-seu-processo-seletivo\/\",\"url\":\"https:\/\/med.estrategia.com\/portal\/residencia-medica\/residencia-medica-sms-rj-edital-2023-e-o-seu-processo-seletivo\/\",\"name\":\"Resid\u00eancia M\u00e9dica SMS-RJ: edital 2023 e o seu processo seletivo\",\"isPartOf\":{\"@id\":\"https:\/\/med.estrategia.com\/portal\/#website\"},\"primaryImageOfPage\":{\"@id\":\"https:\/\/med.estrategia.com\/portal\/residencia-medica\/residencia-medica-sms-rj-edital-2023-e-o-seu-processo-seletivo\/#primaryimage\"},\"image\":{\"@id\":\"https:\/\/med.estrategia.com\/portal\/residencia-medica\/residencia-medica-sms-rj-edital-2023-e-o-seu-processo-seletivo\/#primaryimage\"},\"thumbnailUrl\":\"https:\/\/med.estrategia.com\/portal\/wp-content\/uploads\/2021\/10\/coverWP_publica_bgfoto_logo-10.jpg\",\"datePublished\":\"2022-08-12T00:23:00+00:00\",\"dateModified\":\"2023-12-13T16:03:10+00:00\",\"author\":{\"@id\":\"https:\/\/med.estrategia.com\/portal\/#\/schema\/person\/8e7c9b2f53f2eede3b8880ad86ff20a3\"},\"description\":\"Fique por dentro da prova para Resid\u00eancia M\u00e9dica da SMS-RJ. Saiba tudo do seletivo da Secretaria Municipal da Sa\u00fade do Rio de Janeiro!\",\"breadcrumb\":{\"@id\":\"https:\/\/med.estrategia.com\/portal\/residencia-medica\/residencia-medica-sms-rj-edital-2023-e-o-seu-processo-seletivo\/#breadcrumb\"},\"inLanguage\":\"pt-BR\",\"potentialAction\":[{\"@type\":\"ReadAction\",\"target\":[\"https:\/\/med.estrategia.com\/portal\/residencia-medica\/residencia-medica-sms-rj-edital-2023-e-o-seu-processo-seletivo\/\"]}]},{\"@type\":\"ImageObject\",\"inLanguage\":\"pt-BR\",\"@id\":\"https:\/\/med.estrategia.com\/portal\/residencia-medica\/residencia-medica-sms-rj-edital-2023-e-o-seu-processo-seletivo\/#primaryimage\",\"url\":\"https:\/\/med.estrategia.com\/portal\/wp-content\/uploads\/2021\/10\/coverWP_publica_bgfoto_logo-10.jpg\",\"contentUrl\":\"https:\/\/med.estrategia.com\/portal\/wp-content\/uploads\/2021\/10\/coverWP_publica_bgfoto_logo-10.jpg\",\"width\":1200,\"height\":800},{\"@type\":\"BreadcrumbList\",\"@id\":\"https:\/\/med.estrategia.com\/portal\/residencia-medica\/residencia-medica-sms-rj-edital-2023-e-o-seu-processo-seletivo\/#breadcrumb\",\"itemListElement\":[{\"@type\":\"ListItem\",\"position\":1,\"name\":\"Home\",\"item\":\"https:\/\/med.estrategia.com\/portal\/\"},{\"@type\":\"ListItem\",\"position\":2,\"name\":\"Resid\u00eancia M\u00e9dica\",\"item\":\"https:\/\/med.estrategia.com\/portal\/residencia-medica\/\"},{\"@type\":\"ListItem\",\"position\":3,\"name\":\"Resid\u00eancia M\u00e9dica SMS-RJ: edital 2023 e o seu processo seletivo\"}]},{\"@type\":\"WebSite\",\"@id\":\"https:\/\/med.estrategia.com\/portal\/#website\",\"url\":\"https:\/\/med.estrategia.com\/portal\/\",\"name\":\"Estrat\u00e9gia MED\",\"description\":\"\",\"potentialAction\":[{\"@type\":\"SearchAction\",\"target\":{\"@type\":\"EntryPoint\",\"urlTemplate\":\"https:\/\/med.estrategia.com\/portal\/?s={search_term_string}\"},\"query-input\":{\"@type\":\"PropertyValueSpecification\",\"valueRequired\":true,\"valueName\":\"search_term_string\"}}],\"inLanguage\":\"pt-BR\"},{\"@type\":\"Person\",\"@id\":\"https:\/\/med.estrategia.com\/portal\/#\/schema\/person\/8e7c9b2f53f2eede3b8880ad86ff20a3\",\"name\":\"Erika Coelho\",\"image\":{\"@type\":\"ImageObject\",\"inLanguage\":\"pt-BR\",\"@id\":\"https:\/\/med.estrategia.com\/portal\/#\/schema\/person\/image\/\",\"url\":\"https:\/\/secure.gravatar.com\/avatar\/2ecfdec722ceb59abe411fd3802eb2ba80fed6120b3586a61f3594fa2b0be60e?s=96&d=mm&r=g\",\"contentUrl\":\"https:\/\/secure.gravatar.com\/avatar\/2ecfdec722ceb59abe411fd3802eb2ba80fed6120b3586a61f3594fa2b0be60e?s=96&d=mm&r=g\",\"caption\":\"Erika Coelho\"},\"description\":\"Jornalista pela Universidade Presbiteriana Mackenzie, escrevo sobre educa\u00e7\u00e3o, sa\u00fade e pol\u00edticas p\u00fablicas\",\"url\":\"https:\/\/med.estrategia.com\/portal\/author\/erika\/\"}]}<\/script>\n<!-- \/ Yoast SEO Premium plugin. -->","yoast_head_json":{"title":"Resid\u00eancia M\u00e9dica SMS-RJ: edital 2023 e o seu processo seletivo","description":"Fique por dentro da prova para Resid\u00eancia M\u00e9dica da SMS-RJ. Saiba tudo do seletivo da Secretaria Municipal da Sa\u00fade do Rio de Janeiro!","robots":{"index":"index","follow":"follow","max-snippet":"max-snippet:-1","max-image-preview":"max-image-preview:large","max-video-preview":"max-video-preview:-1"},"canonical":"https:\/\/med.estrategia.com\/portal\/residencia-medica\/residencia-medica-sms-rj-edital-2023-e-o-seu-processo-seletivo\/","og_locale":"pt_BR","og_type":"article","og_title":"Resid\u00eancia M\u00e9dica SMS-RJ: edital 2023 e o seu processo seletivo","og_description":"Fique por dentro da prova para Resid\u00eancia M\u00e9dica da SMS-RJ. Saiba tudo do seletivo da Secretaria Municipal da Sa\u00fade do Rio de Janeiro!","og_url":"https:\/\/med.estrategia.com\/portal\/residencia-medica\/residencia-medica-sms-rj-edital-2023-e-o-seu-processo-seletivo\/","og_site_name":"Estrat\u00e9gia MED","article_publisher":"https:\/\/www.facebook.com\/estrategiamed1","article_published_time":"2022-08-12T00:23:00+00:00","article_modified_time":"2023-12-13T16:03:10+00:00","og_image":[{"width":1200,"height":800,"url":"https:\/\/med.estrategia.com\/portal\/wp-content\/uploads\/2021\/10\/coverWP_publica_bgfoto_logo-10.jpg","type":"image\/jpeg"}],"author":"Erika Coelho","twitter_card":"summary_large_image","twitter_creator":"@estrategiamed_","twitter_site":"@estrategiamed_","twitter_misc":{"Escrito por":"Erika Coelho","Est. tempo de leitura":"5 minutos"},"schema":{"@context":"https:\/\/schema.org","@graph":[{"@type":"WebPage","@id":"https:\/\/med.estrategia.com\/portal\/residencia-medica\/residencia-medica-sms-rj-edital-2023-e-o-seu-processo-seletivo\/","url":"https:\/\/med.estrategia.com\/portal\/residencia-medica\/residencia-medica-sms-rj-edital-2023-e-o-seu-processo-seletivo\/","name":"Resid\u00eancia M\u00e9dica SMS-RJ: edital 2023 e o seu processo seletivo","isPartOf":{"@id":"https:\/\/med.estrategia.com\/portal\/#website"},"primaryImageOfPage":{"@id":"https:\/\/med.estrategia.com\/portal\/residencia-medica\/residencia-medica-sms-rj-edital-2023-e-o-seu-processo-seletivo\/#primaryimage"},"image":{"@id":"https:\/\/med.estrategia.com\/portal\/residencia-medica\/residencia-medica-sms-rj-edital-2023-e-o-seu-processo-seletivo\/#primaryimage"},"thumbnailUrl":"https:\/\/med.estrategia.com\/portal\/wp-content\/uploads\/2021\/10\/coverWP_publica_bgfoto_logo-10.jpg","datePublished":"2022-08-12T00:23:00+00:00","dateModified":"2023-12-13T16:03:10+00:00","author":{"@id":"https:\/\/med.estrategia.com\/portal\/#\/schema\/person\/8e7c9b2f53f2eede3b8880ad86ff20a3"},"description":"Fique por dentro da prova para Resid\u00eancia M\u00e9dica da SMS-RJ. Saiba tudo do seletivo da Secretaria Municipal da Sa\u00fade do Rio de Janeiro!","breadcrumb":{"@id":"https:\/\/med.estrategia.com\/portal\/residencia-medica\/residencia-medica-sms-rj-edital-2023-e-o-seu-processo-seletivo\/#breadcrumb"},"inLanguage":"pt-BR","potentialAction":[{"@type":"ReadAction","target":["https:\/\/med.estrategia.com\/portal\/residencia-medica\/residencia-medica-sms-rj-edital-2023-e-o-seu-processo-seletivo\/"]}]},{"@type":"ImageObject","inLanguage":"pt-BR","@id":"https:\/\/med.estrategia.com\/portal\/residencia-medica\/residencia-medica-sms-rj-edital-2023-e-o-seu-processo-seletivo\/#primaryimage","url":"https:\/\/med.estrategia.com\/portal\/wp-content\/uploads\/2021\/10\/coverWP_publica_bgfoto_logo-10.jpg","contentUrl":"https:\/\/med.estrategia.com\/portal\/wp-content\/uploads\/2021\/10\/coverWP_publica_bgfoto_logo-10.jpg","width":1200,"height":800},{"@type":"BreadcrumbList","@id":"https:\/\/med.estrategia.com\/portal\/residencia-medica\/residencia-medica-sms-rj-edital-2023-e-o-seu-processo-seletivo\/#breadcrumb","itemListElement":[{"@type":"ListItem","position":1,"name":"Home","item":"https:\/\/med.estrategia.com\/portal\/"},{"@type":"ListItem","position":2,"name":"Resid\u00eancia M\u00e9dica","item":"https:\/\/med.estrategia.com\/portal\/residencia-medica\/"},{"@type":"ListItem","position":3,"name":"Resid\u00eancia M\u00e9dica SMS-RJ: edital 2023 e o seu processo seletivo"}]},{"@type":"WebSite","@id":"https:\/\/med.estrategia.com\/portal\/#website","url":"https:\/\/med.estrategia.com\/portal\/","name":"Estrat\u00e9gia MED","description":"","potentialAction":[{"@type":"SearchAction","target":{"@type":"EntryPoint","urlTemplate":"https:\/\/med.estrategia.com\/portal\/?s={search_term_string}"},"query-input":{"@type":"PropertyValueSpecification","valueRequired":true,"valueName":"search_term_string"}}],"inLanguage":"pt-BR"},{"@type":"Person","@id":"https:\/\/med.estrategia.com\/portal\/#\/schema\/person\/8e7c9b2f53f2eede3b8880ad86ff20a3","name":"Erika Coelho","image":{"@type":"ImageObject","inLanguage":"pt-BR","@id":"https:\/\/med.estrategia.com\/portal\/#\/schema\/person\/image\/","url":"https:\/\/secure.gravatar.com\/avatar\/2ecfdec722ceb59abe411fd3802eb2ba80fed6120b3586a61f3594fa2b0be60e?s=96&d=mm&r=g","contentUrl":"https:\/\/secure.gravatar.com\/avatar\/2ecfdec722ceb59abe411fd3802eb2ba80fed6120b3586a61f3594fa2b0be60e?s=96&d=mm&r=g","caption":"Erika Coelho"},"description":"Jornalista pela Universidade Presbiteriana Mackenzie, escrevo sobre educa\u00e7\u00e3o, sa\u00fade e pol\u00edticas p\u00fablicas","url":"https:\/\/med.estrategia.com\/portal\/author\/erika\/"}]}},"_links":{"self":[{"href":"https:\/\/med.estrategia.com\/portal\/wp-json\/wp\/v2\/posts\/44730","targetHints":{"allow":["GET"]}}],"collection":[{"href":"https:\/\/med.estrategia.com\/portal\/wp-json\/wp\/v2\/posts"}],"about":[{"href":"https:\/\/med.estrategia.com\/portal\/wp-json\/wp\/v2\/types\/post"}],"author":[{"embeddable":true,"href":"https:\/\/med.estrategia.com\/portal\/wp-json\/wp\/v2\/users\/22"}],"replies":[{"embeddable":true,"href":"https:\/\/med.estrategia.com\/portal\/wp-json\/wp\/v2\/comments?post=44730"}],"version-history":[{"count":2,"href":"https:\/\/med.estrategia.com\/portal\/wp-json\/wp\/v2\/posts\/44730\/revisions"}],"predecessor-version":[{"id":54027,"href":"https:\/\/med.estrategia.com\/portal\/wp-json\/wp\/v2\/posts\/44730\/revisions\/54027"}],"wp:featuredmedia":[{"embeddable":true,"href":"https:\/\/med.estrategia.com\/portal\/wp-json\/wp\/v2\/media\/39305"}],"wp:attachment":[{"href":"https:\/\/med.estrategia.com\/portal\/wp-json\/wp\/v2\/media?parent=44730"}],"wp:term":[{"taxonomy":"category","embeddable":true,"href":"https:\/\/med.estrategia.com\/portal\/wp-json\/wp\/v2\/categories?post=44730"},{"taxonomy":"post_tag","embeddable":true,"href":"https:\/\/med.estrategia.com\/portal\/wp-json\/wp\/v2\/tags?post=44730"}],"curies":[{"name":"wp","href":"https:\/\/api.w.org\/{rel}","templated":true}]}}