{"id":44856,"date":"2023-08-14T21:09:26","date_gmt":"2023-08-15T00:09:26","guid":{"rendered":"https:\/\/med.estrategia.com\/portal\/?p=44856"},"modified":"2023-08-14T21:12:12","modified_gmt":"2023-08-15T00:12:12","slug":"concurso-para-camara-dos-deputados-tem-fgv-como-banca-organizadora","status":"publish","type":"post","link":"https:\/\/med.estrategia.com\/portal\/concursos\/concurso-para-camara-dos-deputados-tem-fgv-como-banca-organizadora\/","title":{"rendered":"Concurso para C\u00e2mara dos Deputados tem FGV como banca organizadora"},"content":{"rendered":"<p>Nesta segunda-feira (14) foi divulgado no Di&aacute;rio Oficial o extrato da dispensa que oficializa a <strong>Funda&ccedil;&atilde;o Get&uacute;lio Vargas (FGV) como banca organizadora do Concurso C&acirc;mara dos Deputados.<\/strong><p>A<strong> FGV ser&aacute; respons&aacute;vel<\/strong> por todos os processos do certame que conta com <strong>140 vagas e provas por todo o territ&oacute;rio nacional.<\/strong><\/p><p>O edital ir&aacute; disponibilizar <strong>15 vagas para Analista Legislativo &ndash; cargo m&eacute;dico<\/strong>. A previs&atilde;o para a <strong>remunera&ccedil;&atilde;o &eacute; de R$26.196,30<\/strong> para 40 horas semanais de trabalho, al&eacute;m de benef&iacute;cios.<\/p><p>Mais informa&ccedil;&otilde;es e datas ser&atilde;o divulgadas com o <strong>edital completo do concurso<\/strong> que provavelmente ser&aacute; lan&ccedil;ado nos <strong>pr&oacute;ximos 15 dias <\/strong>conforme prev&ecirc; o projeto b&aacute;sico do concurso.<\/p><div id=\"ez-toc-container\" class=\"ez-toc-v2_0_79_2 counter-hierarchy ez-toc-counter ez-toc-transparent ez-toc-container-direction\">\n<div class=\"ez-toc-title-container\"><p class=\"ez-toc-title\" style=\"cursor:inherit\">Navegue pelo conte\u00fado<\/p>\n<\/div><nav><ul class='ez-toc-list ez-toc-list-level-1 ' ><li class='ez-toc-page-1 ez-toc-heading-level-2'><a class=\"ez-toc-link ez-toc-heading-1\" href=\"https:\/\/med.estrategia.com\/portal\/concursos\/concurso-para-camara-dos-deputados-tem-fgv-como-banca-organizadora\/#Processo-Seletivo\" >Processo Seletivo<\/a><\/li><li class='ez-toc-page-1 ez-toc-heading-level-2'><a class=\"ez-toc-link ez-toc-heading-2\" href=\"https:\/\/med.estrategia.com\/portal\/concursos\/concurso-para-camara-dos-deputados-tem-fgv-como-banca-organizadora\/#Ultimo-Concurso-Camara-dos-Deputados\" >&Uacute;ltimo Concurso C&acirc;mara dos Deputados<\/a><\/li><\/ul><\/nav><\/div>\n<h2 class=\"wp-block-heading\" id=\"h-processo-seletivo\"><span class=\"ez-toc-section\" id=\"Processo-Seletivo\"><\/span>Processo Seletivo<span class=\"ez-toc-section-end\"><\/span><\/h2><p>Os candidatos que concorrerem &agrave;s vagas de Analista Legislativo &ndash; atribui&ccedil;&atilde;o m&eacute;dica ter&atilde;o <strong>duas etapas durante o processo seletivo<\/strong>, sendo a primeira etapa:<strong> provas objetivas<\/strong> <strong>e prova discursiva<\/strong>; e segunda etapa: <strong>prova de t&iacute;tulos<\/strong>.<\/p><p>A <strong>prova objetiva<\/strong> ser&aacute; composta por <strong>quest&otilde;es de conhecimentos gerais e espec&iacute;ficos<\/strong>. Para a especialidade m&eacute;dica, ser&atilde;o cinco disciplinas dentro de conhecimentos gerais e cinco &aacute;reas de especialidades compondo as quest&otilde;es de conhecimentos espec&iacute;ficos.<\/p><p>J&aacute; a prova discursiva ser&aacute; composta por quest&otilde;es que envolvam conhecimentos espec&iacute;ficos e dom&iacute;nio da norma culta da l&iacute;ngua portuguesa.<\/p><p>O <strong>candidato para ser habilitado<\/strong> precisa estar entre os <strong>60 primeiros classificados<\/strong>.<\/p><h2 class=\"wp-block-heading\" id=\"h-ultimo-concurso-camara-dos-deputados\"><span class=\"ez-toc-section\" id=\"Ultimo-Concurso-Camara-dos-Deputados\"><\/span>&Uacute;ltimo Concurso C&acirc;mara dos Deputados<span class=\"ez-toc-section-end\"><\/span><\/h2><p>O <strong>&uacute;ltimo concurso da C&acirc;mara<\/strong> com vagas para m&eacute;dicos <strong>aconteceu em 2012<\/strong> e foi organizado pela CESPE (atual Cebraspe).<\/p><p>A<strong> remunera&ccedil;&atilde;o foi de R$14.825,69<\/strong> para uma jornada de 30 horas semanais.<\/p><p>As<strong> seis vagas dispon&iacute;veis<\/strong> foram para os cargos de especialistas em <strong>neurologia, ortopedia e traumatologia, otorrinolaringologista e radiologia.<\/strong><\/p><p>O processo seletivo foi formado pelas seguintes etapas:&nbsp;&nbsp;<\/p><p>&middot;&nbsp; &nbsp; &nbsp; &nbsp; Prova objetiva (conhecimentos b&aacute;sicos) &ndash; 60 itens, peso 1;<\/p><p>&middot;&nbsp; &nbsp; &nbsp; &nbsp; Prova objetiva (conhecimentos complementares) &ndash; 20 itens, peso 2;<\/p><p>&middot;&nbsp; &nbsp; &nbsp; &nbsp; Prova objetiva (conhecimentos espec&iacute;ficos) &ndash; 80 itens, peso 2;<\/p><p>&middot;&nbsp; &nbsp; &nbsp; &nbsp; Prova discursiva; e<\/p><p>&middot;&nbsp; &nbsp; &nbsp; &nbsp; Avalia&ccedil;&atilde;o de t&iacute;tulos.<\/p><p>A prova abordou quest&otilde;es como Portugu&ecirc;s, Ingl&ecirc;s, Espanhol, Legisla&ccedil;&atilde;o, Inform&aacute;tica, Cl&iacute;nica M&eacute;dica (para todas as especialidades) e Conhecimentos Espec&iacute;ficos (para especialistas, acerca da &aacute;rea de cada um).<\/p><p><a href=\"https:\/\/www.estrategiaconcursos.com.br\/blog\/concurso-camara-dos-deputados\/#pb\" target=\"_blank\">Clique aqui<\/a> e saiba mais sobre o Concurso da C&acirc;mara dos Deputados.<\/p><p><strong>Prepare-se agora para o concurso p&uacute;blico da C&acirc;mara dos Deputados com a Estrat&eacute;gia MED!&nbsp;&nbsp;<\/strong><\/p><p>Com o <a href=\"https:\/\/med.estrategia.com\/curso\/sprint-concursos-medicos\/\" target=\"_blank\">Sprint Concursos M&eacute;dicos do Estrat&eacute;gia MED<\/a> voc&ecirc; ter&aacute; &agrave; disposi&ccedil;&atilde;o 1.500 quest&otilde;es com foco em concursos p&uacute;blicos com cargos m&eacute;dicos incluindo as disciplinas mais cobradas neste tipo de sele&ccedil;&atilde;o: Portugu&ecirc;s, Matem&aacute;tica, Inform&aacute;tica, Direito e claro, Medicina.<\/p><p>Conhe&ccedil;a tamb&eacute;m o nosso <a href=\"https:\/\/med.estrategia.com\/curso\/banco-de-questes-resumos-estrategicos-anual\/\" target=\"_blank\">Banco de Quest&otilde;es<\/a>, que atualmente conta com mais de 189 mil quest&otilde;es cadastradas e n&atilde;o para de crescer. Vem ser coruja!<\/p><p>\n\n\n\n\n\n<a id=\"cta\" class=\"cta-imagem\" href=\"https:\/\/med.estrategia.com\/curso\/banco-de-questes-resumos-estrategicos-anual\/\" target=\"blank\">\n                <img decoding=\"async\" width=\"100%\" src=\"https:\/\/med.estrategia.com\/portal\/wp-content\/uploads\/2025\/08\/banco_questoes.png\" alt=\"banco_questoes\" title=\"banco_questoes\">\n        <\/a>\n<\/p><\/p>\n","protected":false},"excerpt":{"rendered":"A oficializa\u00e7\u00e3o foi divulgada hoje no Di\u00e1rio Oficial, edital deve sair em breve\n","protected":false},"author":45,"featured_media":44843,"comment_status":"closed","ping_status":"closed","sticky":false,"template":"","format":"standard","meta":{"wl_entities_gutenberg":"","footnotes":""},"categories":[474],"tags":[],"wl_entity_type":[199],"class_list":{"0":"post-44856","1":"post","2":"type-post","3":"status-publish","4":"format-standard","5":"has-post-thumbnail","7":"category-concursos","8":"wl_entity_type-article"},"acf":[],"yoast_head":"<!-- This site is optimized with the Yoast SEO Premium plugin v26.6 (Yoast SEO v26.6) - https:\/\/yoast.com\/wordpress\/plugins\/seo\/ -->\n<title>Concurso para C\u00e2mara dos Deputados tem FGV como banca<\/title>\n<meta name=\"description\" content=\"A Funda\u00e7\u00e3o Get\u00falio Vargas (FGV) \u00e9 a banca organizadora do Concurso C\u00e2mara dos Deputados e edital deve sair em breve\" \/>\n<meta name=\"robots\" content=\"index, follow, max-snippet:-1, max-image-preview:large, max-video-preview:-1\" \/>\n<link rel=\"canonical\" href=\"https:\/\/med.estrategia.com\/portal\/concursos\/concurso-para-camara-dos-deputados-tem-fgv-como-banca-organizadora\/\" \/>\n<meta property=\"og:locale\" content=\"pt_BR\" \/>\n<meta property=\"og:type\" content=\"article\" \/>\n<meta property=\"og:title\" content=\"Concurso para C\u00e2mara dos Deputados tem FGV como banca organizadora\" \/>\n<meta property=\"og:description\" content=\"A Funda\u00e7\u00e3o Get\u00falio Vargas (FGV) \u00e9 a banca organizadora do Concurso C\u00e2mara dos Deputados e edital deve sair em breve\" \/>\n<meta property=\"og:url\" content=\"https:\/\/med.estrategia.com\/portal\/concursos\/concurso-para-camara-dos-deputados-tem-fgv-como-banca-organizadora\/\" \/>\n<meta property=\"og:site_name\" content=\"Estrat\u00e9gia MED\" \/>\n<meta property=\"article:publisher\" content=\"https:\/\/www.facebook.com\/estrategiamed1\" \/>\n<meta property=\"article:published_time\" content=\"2023-08-15T00:09:26+00:00\" \/>\n<meta property=\"article:modified_time\" content=\"2023-08-15T00:12:12+00:00\" \/>\n<meta property=\"og:image\" content=\"https:\/\/cdn.medblog.estrategiaeducacional.com.br\/wp-content\/uploads\/2023\/08\/Concursos-Medicos_CAMARA-DOS-DEPUTADOS.jpg\" \/>\n\t<meta property=\"og:image:width\" content=\"1280\" \/>\n\t<meta property=\"og:image:height\" content=\"720\" \/>\n\t<meta property=\"og:image:type\" content=\"image\/jpeg\" \/>\n<meta name=\"author\" content=\"Priscila Pereira\" \/>\n<meta name=\"twitter:card\" content=\"summary_large_image\" \/>\n<meta name=\"twitter:creator\" content=\"@estrategiamed_\" \/>\n<meta name=\"twitter:site\" content=\"@estrategiamed_\" \/>\n<meta name=\"twitter:label1\" content=\"Escrito por\" \/>\n\t<meta name=\"twitter:data1\" content=\"Priscila Pereira\" \/>\n\t<meta name=\"twitter:label2\" content=\"Est. tempo de leitura\" \/>\n\t<meta name=\"twitter:data2\" content=\"2 minutos\" \/>\n<script type=\"application\/ld+json\" class=\"yoast-schema-graph\">{\"@context\":\"https:\/\/schema.org\",\"@graph\":[{\"@type\":\"WebPage\",\"@id\":\"https:\/\/med.estrategia.com\/portal\/concursos\/concurso-para-camara-dos-deputados-tem-fgv-como-banca-organizadora\/\",\"url\":\"https:\/\/med.estrategia.com\/portal\/concursos\/concurso-para-camara-dos-deputados-tem-fgv-como-banca-organizadora\/\",\"name\":\"Concurso para C\u00e2mara dos Deputados tem FGV como banca\",\"isPartOf\":{\"@id\":\"https:\/\/med.estrategia.com\/portal\/#website\"},\"primaryImageOfPage\":{\"@id\":\"https:\/\/med.estrategia.com\/portal\/concursos\/concurso-para-camara-dos-deputados-tem-fgv-como-banca-organizadora\/#primaryimage\"},\"image\":{\"@id\":\"https:\/\/med.estrategia.com\/portal\/concursos\/concurso-para-camara-dos-deputados-tem-fgv-como-banca-organizadora\/#primaryimage\"},\"thumbnailUrl\":\"https:\/\/med.estrategia.com\/portal\/wp-content\/uploads\/2023\/08\/Concursos-Medicos_CAMARA-DOS-DEPUTADOS.jpg\",\"datePublished\":\"2023-08-15T00:09:26+00:00\",\"dateModified\":\"2023-08-15T00:12:12+00:00\",\"author\":{\"@id\":\"https:\/\/med.estrategia.com\/portal\/#\/schema\/person\/d1df06a83a849b79b2d480e7d8952ce3\"},\"description\":\"A Funda\u00e7\u00e3o Get\u00falio Vargas (FGV) \u00e9 a banca organizadora do Concurso C\u00e2mara dos Deputados e edital deve sair em breve\",\"breadcrumb\":{\"@id\":\"https:\/\/med.estrategia.com\/portal\/concursos\/concurso-para-camara-dos-deputados-tem-fgv-como-banca-organizadora\/#breadcrumb\"},\"inLanguage\":\"pt-BR\",\"potentialAction\":[{\"@type\":\"ReadAction\",\"target\":[\"https:\/\/med.estrategia.com\/portal\/concursos\/concurso-para-camara-dos-deputados-tem-fgv-como-banca-organizadora\/\"]}]},{\"@type\":\"ImageObject\",\"inLanguage\":\"pt-BR\",\"@id\":\"https:\/\/med.estrategia.com\/portal\/concursos\/concurso-para-camara-dos-deputados-tem-fgv-como-banca-organizadora\/#primaryimage\",\"url\":\"https:\/\/med.estrategia.com\/portal\/wp-content\/uploads\/2023\/08\/Concursos-Medicos_CAMARA-DOS-DEPUTADOS.jpg\",\"contentUrl\":\"https:\/\/med.estrategia.com\/portal\/wp-content\/uploads\/2023\/08\/Concursos-Medicos_CAMARA-DOS-DEPUTADOS.jpg\",\"width\":1280,\"height\":720,\"caption\":\"Estrat\u00e9gia MED | C\u00e2mara dos Deputados\"},{\"@type\":\"BreadcrumbList\",\"@id\":\"https:\/\/med.estrategia.com\/portal\/concursos\/concurso-para-camara-dos-deputados-tem-fgv-como-banca-organizadora\/#breadcrumb\",\"itemListElement\":[{\"@type\":\"ListItem\",\"position\":1,\"name\":\"Home\",\"item\":\"https:\/\/med.estrategia.com\/portal\/\"},{\"@type\":\"ListItem\",\"position\":2,\"name\":\"Concursos M\u00e9dicos\",\"item\":\"https:\/\/med.estrategia.com\/portal\/concursos\/\"},{\"@type\":\"ListItem\",\"position\":3,\"name\":\"Concurso para C\u00e2mara dos Deputados tem FGV como banca organizadora\"}]},{\"@type\":\"WebSite\",\"@id\":\"https:\/\/med.estrategia.com\/portal\/#website\",\"url\":\"https:\/\/med.estrategia.com\/portal\/\",\"name\":\"Estrat\u00e9gia MED\",\"description\":\"\",\"potentialAction\":[{\"@type\":\"SearchAction\",\"target\":{\"@type\":\"EntryPoint\",\"urlTemplate\":\"https:\/\/med.estrategia.com\/portal\/?s={search_term_string}\"},\"query-input\":{\"@type\":\"PropertyValueSpecification\",\"valueRequired\":true,\"valueName\":\"search_term_string\"}}],\"inLanguage\":\"pt-BR\"},{\"@type\":\"Person\",\"@id\":\"https:\/\/med.estrategia.com\/portal\/#\/schema\/person\/d1df06a83a849b79b2d480e7d8952ce3\",\"name\":\"Priscila Pereira\",\"image\":{\"@type\":\"ImageObject\",\"inLanguage\":\"pt-BR\",\"@id\":\"https:\/\/med.estrategia.com\/portal\/#\/schema\/person\/image\/\",\"url\":\"https:\/\/secure.gravatar.com\/avatar\/fe94f8430a1d23a69c0bc7aab6202e21?s=96&d=mm&r=g\",\"contentUrl\":\"https:\/\/secure.gravatar.com\/avatar\/fe94f8430a1d23a69c0bc7aab6202e21?s=96&d=mm&r=g\",\"caption\":\"Priscila Pereira\"},\"description\":\"Formada e p\u00f3s-graduada na \u00e1rea de comunica\u00e7\u00e3o, divido minha paix\u00e3o entre o jornalismo e os esportes\",\"url\":\"https:\/\/med.estrategia.com\/portal\/author\/priscila-pereira\/\"}]}<\/script>\n<!-- \/ Yoast SEO Premium plugin. -->","yoast_head_json":{"title":"Concurso para C\u00e2mara dos Deputados tem FGV como banca","description":"A Funda\u00e7\u00e3o Get\u00falio Vargas (FGV) \u00e9 a banca organizadora do Concurso C\u00e2mara dos Deputados e edital deve sair em breve","robots":{"index":"index","follow":"follow","max-snippet":"max-snippet:-1","max-image-preview":"max-image-preview:large","max-video-preview":"max-video-preview:-1"},"canonical":"https:\/\/med.estrategia.com\/portal\/concursos\/concurso-para-camara-dos-deputados-tem-fgv-como-banca-organizadora\/","og_locale":"pt_BR","og_type":"article","og_title":"Concurso para C\u00e2mara dos Deputados tem FGV como banca organizadora","og_description":"A Funda\u00e7\u00e3o Get\u00falio Vargas (FGV) \u00e9 a banca organizadora do Concurso C\u00e2mara dos Deputados e edital deve sair em breve","og_url":"https:\/\/med.estrategia.com\/portal\/concursos\/concurso-para-camara-dos-deputados-tem-fgv-como-banca-organizadora\/","og_site_name":"Estrat\u00e9gia MED","article_publisher":"https:\/\/www.facebook.com\/estrategiamed1","article_published_time":"2023-08-15T00:09:26+00:00","article_modified_time":"2023-08-15T00:12:12+00:00","og_image":[{"width":1280,"height":720,"url":"https:\/\/cdn.medblog.estrategiaeducacional.com.br\/wp-content\/uploads\/2023\/08\/Concursos-Medicos_CAMARA-DOS-DEPUTADOS.jpg","type":"image\/jpeg"}],"author":"Priscila Pereira","twitter_card":"summary_large_image","twitter_creator":"@estrategiamed_","twitter_site":"@estrategiamed_","twitter_misc":{"Escrito por":"Priscila Pereira","Est. tempo de leitura":"2 minutos"},"schema":{"@context":"https:\/\/schema.org","@graph":[{"@type":"WebPage","@id":"https:\/\/med.estrategia.com\/portal\/concursos\/concurso-para-camara-dos-deputados-tem-fgv-como-banca-organizadora\/","url":"https:\/\/med.estrategia.com\/portal\/concursos\/concurso-para-camara-dos-deputados-tem-fgv-como-banca-organizadora\/","name":"Concurso para C\u00e2mara dos Deputados tem FGV como banca","isPartOf":{"@id":"https:\/\/med.estrategia.com\/portal\/#website"},"primaryImageOfPage":{"@id":"https:\/\/med.estrategia.com\/portal\/concursos\/concurso-para-camara-dos-deputados-tem-fgv-como-banca-organizadora\/#primaryimage"},"image":{"@id":"https:\/\/med.estrategia.com\/portal\/concursos\/concurso-para-camara-dos-deputados-tem-fgv-como-banca-organizadora\/#primaryimage"},"thumbnailUrl":"https:\/\/med.estrategia.com\/portal\/wp-content\/uploads\/2023\/08\/Concursos-Medicos_CAMARA-DOS-DEPUTADOS.jpg","datePublished":"2023-08-15T00:09:26+00:00","dateModified":"2023-08-15T00:12:12+00:00","author":{"@id":"https:\/\/med.estrategia.com\/portal\/#\/schema\/person\/d1df06a83a849b79b2d480e7d8952ce3"},"description":"A Funda\u00e7\u00e3o Get\u00falio Vargas (FGV) \u00e9 a banca organizadora do Concurso C\u00e2mara dos Deputados e edital deve sair em breve","breadcrumb":{"@id":"https:\/\/med.estrategia.com\/portal\/concursos\/concurso-para-camara-dos-deputados-tem-fgv-como-banca-organizadora\/#breadcrumb"},"inLanguage":"pt-BR","potentialAction":[{"@type":"ReadAction","target":["https:\/\/med.estrategia.com\/portal\/concursos\/concurso-para-camara-dos-deputados-tem-fgv-como-banca-organizadora\/"]}]},{"@type":"ImageObject","inLanguage":"pt-BR","@id":"https:\/\/med.estrategia.com\/portal\/concursos\/concurso-para-camara-dos-deputados-tem-fgv-como-banca-organizadora\/#primaryimage","url":"https:\/\/med.estrategia.com\/portal\/wp-content\/uploads\/2023\/08\/Concursos-Medicos_CAMARA-DOS-DEPUTADOS.jpg","contentUrl":"https:\/\/med.estrategia.com\/portal\/wp-content\/uploads\/2023\/08\/Concursos-Medicos_CAMARA-DOS-DEPUTADOS.jpg","width":1280,"height":720,"caption":"Estrat\u00e9gia MED | C\u00e2mara dos Deputados"},{"@type":"BreadcrumbList","@id":"https:\/\/med.estrategia.com\/portal\/concursos\/concurso-para-camara-dos-deputados-tem-fgv-como-banca-organizadora\/#breadcrumb","itemListElement":[{"@type":"ListItem","position":1,"name":"Home","item":"https:\/\/med.estrategia.com\/portal\/"},{"@type":"ListItem","position":2,"name":"Concursos M\u00e9dicos","item":"https:\/\/med.estrategia.com\/portal\/concursos\/"},{"@type":"ListItem","position":3,"name":"Concurso para C\u00e2mara dos Deputados tem FGV como banca organizadora"}]},{"@type":"WebSite","@id":"https:\/\/med.estrategia.com\/portal\/#website","url":"https:\/\/med.estrategia.com\/portal\/","name":"Estrat\u00e9gia MED","description":"","potentialAction":[{"@type":"SearchAction","target":{"@type":"EntryPoint","urlTemplate":"https:\/\/med.estrategia.com\/portal\/?s={search_term_string}"},"query-input":{"@type":"PropertyValueSpecification","valueRequired":true,"valueName":"search_term_string"}}],"inLanguage":"pt-BR"},{"@type":"Person","@id":"https:\/\/med.estrategia.com\/portal\/#\/schema\/person\/d1df06a83a849b79b2d480e7d8952ce3","name":"Priscila Pereira","image":{"@type":"ImageObject","inLanguage":"pt-BR","@id":"https:\/\/med.estrategia.com\/portal\/#\/schema\/person\/image\/","url":"https:\/\/secure.gravatar.com\/avatar\/fe94f8430a1d23a69c0bc7aab6202e21?s=96&d=mm&r=g","contentUrl":"https:\/\/secure.gravatar.com\/avatar\/fe94f8430a1d23a69c0bc7aab6202e21?s=96&d=mm&r=g","caption":"Priscila Pereira"},"description":"Formada e p\u00f3s-graduada na \u00e1rea de comunica\u00e7\u00e3o, divido minha paix\u00e3o entre o jornalismo e os esportes","url":"https:\/\/med.estrategia.com\/portal\/author\/priscila-pereira\/"}]}},"_wl_alt_label":[],"wl:entity_url":"\/post\/concurso-para-camara-dos-deputados-tem-fgv-como-banca-organizadora","_links":{"self":[{"href":"https:\/\/med.estrategia.com\/portal\/wp-json\/wp\/v2\/posts\/44856","targetHints":{"allow":["GET"]}}],"collection":[{"href":"https:\/\/med.estrategia.com\/portal\/wp-json\/wp\/v2\/posts"}],"about":[{"href":"https:\/\/med.estrategia.com\/portal\/wp-json\/wp\/v2\/types\/post"}],"author":[{"embeddable":true,"href":"https:\/\/med.estrategia.com\/portal\/wp-json\/wp\/v2\/users\/45"}],"replies":[{"embeddable":true,"href":"https:\/\/med.estrategia.com\/portal\/wp-json\/wp\/v2\/comments?post=44856"}],"version-history":[{"count":4,"href":"https:\/\/med.estrategia.com\/portal\/wp-json\/wp\/v2\/posts\/44856\/revisions"}],"predecessor-version":[{"id":44871,"href":"https:\/\/med.estrategia.com\/portal\/wp-json\/wp\/v2\/posts\/44856\/revisions\/44871"}],"wp:featuredmedia":[{"embeddable":true,"href":"https:\/\/med.estrategia.com\/portal\/wp-json\/wp\/v2\/media\/44843"}],"wp:attachment":[{"href":"https:\/\/med.estrategia.com\/portal\/wp-json\/wp\/v2\/media?parent=44856"}],"wp:term":[{"taxonomy":"category","embeddable":true,"href":"https:\/\/med.estrategia.com\/portal\/wp-json\/wp\/v2\/categories?post=44856"},{"taxonomy":"post_tag","embeddable":true,"href":"https:\/\/med.estrategia.com\/portal\/wp-json\/wp\/v2\/tags?post=44856"},{"taxonomy":"wl_entity_type","embeddable":true,"href":"https:\/\/med.estrategia.com\/portal\/wp-json\/wp\/v2\/wl_entity_type?post=44856"}],"curies":[{"name":"wp","href":"https:\/\/api.w.org\/{rel}","templated":true}]}}