{"id":45214,"date":"2024-08-28T12:40:46","date_gmt":"2024-08-28T15:40:46","guid":{"rendered":"https:\/\/med.estrategia.com\/portal\/?p=45214"},"modified":"2025-08-19T16:32:26","modified_gmt":"2025-08-19T19:32:26","slug":"calendario-amp","status":"publish","type":"post","link":"https:\/\/med.estrategia.com\/portal\/residencia-medica\/calendario-amp\/","title":{"rendered":"Calend\u00e1rio AMP 2026: confira as datas do exame e das fases seguintes"},"content":{"rendered":"<p>Se voc&ecirc; pretende participar do pr&oacute;ximo processo seletivo unificado da Associa&ccedil;&atilde;o M&eacute;dica do Paran&aacute; (AMP), n&atilde;o perca esse texto preparado pelo Estrat&eacute;gia MED especialmente para voc&ecirc;!  Aqui voc&ecirc; encontra, por completo, o<strong> Calend&aacute;rio AMP 2025\/2026 <\/strong>e as <strong>poss&iacute;veis datas das segundas e terceiras fases <\/strong>das <strong>institui&ccedil;&otilde;es participantes <\/strong>do exame unificado. Siga no texto!<div id=\"ez-toc-container\" class=\"ez-toc-v2_0_79_2 counter-hierarchy ez-toc-counter ez-toc-transparent ez-toc-container-direction\">\n<div class=\"ez-toc-title-container\"><p class=\"ez-toc-title\" style=\"cursor:inherit\">Navegue pelo conte\u00fado<\/p>\n<\/div><nav><ul class='ez-toc-list ez-toc-list-level-1 ' ><li class='ez-toc-page-1 ez-toc-heading-level-2'><a class=\"ez-toc-link ez-toc-heading-1\" href=\"https:\/\/med.estrategia.com\/portal\/residencia-medica\/calendario-amp\/#Processo-Seletivo-da-AMP\" >Processo Seletivo da AMP<\/a><\/li><li class='ez-toc-page-1 ez-toc-heading-level-2'><a class=\"ez-toc-link ez-toc-heading-2\" href=\"https:\/\/med.estrategia.com\/portal\/residencia-medica\/calendario-amp\/#Cronograma-AMP-20252026-%E2%80%93-Prova-Objetiva\" >Cronograma AMP 2025\/2026 &ndash; Prova Objetiva<\/a><\/li><li class='ez-toc-page-1 ez-toc-heading-level-2'><a class=\"ez-toc-link ez-toc-heading-3\" href=\"https:\/\/med.estrategia.com\/portal\/residencia-medica\/calendario-amp\/#Quais-instituicoes-possuem-2a-fase\" >Quais institui&ccedil;&otilde;es possuem 2&ordf; fase?<\/a><\/li><li class='ez-toc-page-1 ez-toc-heading-level-2'><a class=\"ez-toc-link ez-toc-heading-4\" href=\"https:\/\/med.estrategia.com\/portal\/residencia-medica\/calendario-amp\/#Cronograma-Instituicoes-AMP-20252026\" >Cronograma Institui&ccedil;&otilde;es AMP 2025\/2026<\/a><\/li><\/ul><\/nav><\/div>\n<h2 class=\"wp-block-heading\" id=\"h-processo-seletivo-da-amp\"><span class=\"ez-toc-section\" id=\"Processo-Seletivo-da-AMP\"><\/span>Processo Seletivo da AMP<span class=\"ez-toc-section-end\"><\/span><\/h2><p>No processo unificado, a Associa&ccedil;&atilde;o M&eacute;dica do Paran&aacute; (AMP) &eacute; respons&aacute;vel por organizar a <strong>Prova Objetiva<\/strong>, que serve como 1&ordf; fase para o processo seletivo de grande parte das institui&ccedil;&otilde;es participantes, salvo aquelas que a utilizam como fase &uacute;nica do processo.<\/p><p class=\"wp-block-verse\">Saiba mais sobre a prova da AMP: <a href=\"https:\/\/med.estrategia.com\/portal\/residencia-medica\/amp-residencia-medica\/\" target=\"_blank\">Resid&ecirc;ncia M&eacute;dica Associa&ccedil;&atilde;o M&eacute;dica do Paran&aacute; (AMP): edital 2026, vagas, concorr&ecirc;ncia e mais<\/a><\/p><p>A segunda fase do processo seletivo da AMP &eacute; constitu&iacute;da pela an&aacute;lise curricular e\/ou pela prova pr&aacute;tica, contudo, esses processos s&atilde;o de&nbsp;<strong>responsabilidade exclusiva dos Programas de Resid&ecirc;ncia M&eacute;dica<\/strong>&nbsp;participantes.<\/p><h2 class=\"wp-block-heading\" id=\"h-cronograma-amp-2025-2026-prova-objetiva\"><span class=\"ez-toc-section\" id=\"Cronograma-AMP-20252026-%E2%80%93-Prova-Objetiva\"><\/span>Cronograma AMP 2025\/2026 &ndash; Prova Objetiva<span class=\"ez-toc-section-end\"><\/span><\/h2><p>O edital para o processo seletivo unificado da AMP foi divulgado no dia 19 de agosto de 2025, juntamente ao edital das 45 institui&ccedil;&otilde;es participantes. Ou seja, j&aacute; temos todas as principais datas confirmadas! Confira as datas do Exame AMP 2025\/2026, ou seja, a primeira etapa da sele&ccedil;&atilde;o:<\/p><ul class=\"wp-block-list\">\n<li><strong>Edital:<\/strong>&nbsp;19\/08\/2025;<\/li>\n\n\n\n<li><strong>Taxa de inscri&ccedil;&atilde;o AMP:&nbsp;<\/strong>R$ 615,00 + taxa COREMES;<\/li>\n\n\n\n<li><strong>Inscri&ccedil;&atilde;o e solicita&ccedil;&atilde;o de isen&ccedil;&atilde;o:&nbsp;<\/strong>04\/09 a 02\/10\/2025, at&eacute; &agrave;s 14h;<\/li>\n\n\n\n<li><strong>Pagamento da taxa:<\/strong>&nbsp;at&eacute; dia 02\/10\/2025;<\/li>\n\n\n\n<li><strong>Resultado dos pedidos de isen&ccedil;&atilde;o da taxa:&nbsp;<\/strong>03\/10\/2025 &ndash; em casos de indeferimento, pagamento poder&aacute; ser feito at&eacute; o dia 10\/10\/2025;<\/li>\n\n\n\n<li><strong>Confirma&ccedil;&atilde;o da inscri&ccedil;&atilde;o: <\/strong>09\/10\/2025 at&eacute; 16\/10\/2025;<\/li>\n\n\n\n<li><strong>Comprovante de inscri&ccedil;&atilde;o:&nbsp;<\/strong>20\/10\/2025 at&eacute; 24\/10\/2025;<\/li>\n\n\n\n<li><strong>Prova Objetiva:<\/strong>&nbsp;02\/11\/2025;<\/li>\n\n\n\n<li><strong>Gabarito: a<\/strong>t&eacute; 03\/11\/2025;<\/li>\n\n\n\n<li><strong>Recursos ao gabarito:&nbsp;<\/strong>at&eacute; 04\/11\/2025 &agrave;s 14h, sendo R$ 50,00 por recurso &mdash; limite de R$450;<\/li>\n\n\n\n<li><strong>Resultado final:<\/strong>&nbsp;at&eacute; 27\/11\/2025, pelo site da AMP; e<\/li>\n\n\n\n<li><strong>Recursos:<\/strong>&nbsp;at&eacute; 24 horas ap&oacute;s o resultado final.<\/li>\n<\/ul><p>Para ter mais not&iacute;cias sobre os processos seletivos para resid&ecirc;ncia m&eacute;dica 2025\/2026, &eacute; s&oacute; <a href=\"https:\/\/news.google.com\/publications\/CAAqBwgKMMfhsAsw1PzHAw?ceid=BR:pt-419&amp;oc=3&amp;hl=pt-BR&amp;gl=BR\" target=\"_blank\">seguir o Portal do Estrat&eacute;gia MED no Google News<\/a> clicando na<strong> estrela do lado direito<\/strong>. Al&eacute;m disso, n&atilde;o deixe de assinar a nossa Newsletter para receber essas atualiza&ccedil;&otilde;es diretamente no seu e-mail:<\/p><p>\n\n\n<div id=\"new-form\">\n\t<form id=\"forms_layout\">\n\t<input type=\"hidden\" id=\"chave_de\" name=\"chave_de\" value=\"01_EMED_LEADS_TOTAIS\" \/>\n\t\t<input type=\"hidden\" id=\"mid\" name=\"mid\" value=\"515009018\" \/>\n\t\t<input type=\"hidden\" id=\"Objetivo\" name=\"Objetivo\" value=\"Medicina\" \/>\n\t\t<input type=\"hidden\" id=\"Estado_de_Origem_do_IP\" name=\"Estado_de_Origem_do_IP\"  value=\"\" \/>\n\t\t<input type=\"hidden\" id=\"Cidade_de_Origem_do_IP\" name=\"Cidade_de_Origem_do_IP\" value=\"\" \/>\n\t\t<input type=\"hidden\" id=\"Modo_de_entrada\" name=\"Modo_de_entrada\" value=\"Portal\" \/>\n\t\t<input type=\"hidden\" id=\"Pagina_Origem\" name=\"Pagina_Origem\" value=\"\" \/>\n\n\t\t<div class=\"texto\">\n\t\t\t<h3 class=\"news\">Inscreva-se em nossa newsletter!<\/h3>\n\t\t\t<p>Receba not\u00edcias sobre resid\u00eancia m\u00e9dica, revalida\u00e7\u00e3o de diplomas e concursos m\u00e9dicos, al\u00e9m de materiais de estudo gratuitos e informa\u00e7\u00f5es relevantes do mundo da Medicina.<\/p>\n\t\t<\/div>\n\t\t<div class=\"campos\">\n\t\t\t<div class=\"first_name labels\">\n\t\t\t\t<input type=\"text\" class=\"input_labels\" id=\"first_name\" name=\"Nome_Completo\" placeholder=\"Nome\" required \/>\n\t\t\t<\/div>\n\t\t\t<div class=\"email labels\">\n\t\t\t\t<input type=\"email\" class=\"input_labels\" id=\"email\" name=\"Email\" placeholder=\"E-mail\" required \/>\n\t\t\t<\/div>\n\t\t\t<button type=\"submit\" class=\"button_layout\">\n\t\t\t\t<div id=\"lblBotao\">Inscreva-se<\/div>\n\t\t\t\t<span id=\"divSpiner\" class=\"loader\" role=\"status\" style=\"display: none;\"><\/span>\t\n\t\t\t<\/button>\n\t\t<\/div><!-- \/campos -->\n\t\t\n\t\t<label class=\"container_checkbox\">Voc\u00ea concorda com a nossa\n\t\t\t<a class=\"politics_privacy_ahref\" target=\"_blank\" href=\"https:\/\/gratis.estrategiaconcursos.com.br\/politica-de-privacidade\/\">Pol\u00edtica de Privacidade<\/a> e aceita receber informa\u00e7\u00f5es adicionais do Estrat\u00e9gia Educacional.\n\t\t\t<input id=\"checkbox_layout\" type=\"checkbox\" checked=\"checked\" required \/>\n\t\t\t<span class=\"checkbox\"><\/span>\n\t\t<\/label>\n\t\t<div id=\"msg\"><\/div>\n\t\t<div id=\"error\" class=\"error\">\n\t\t<\/div>\n\t<\/form>\n<\/div><!-- \/new-form -->\n\n\n\n<\/p><p class=\"wp-block-verse\">Se voc&ecirc; quer ficar por dentro de mais datas para os pr&oacute;ximos processos seletivos para resid&ecirc;ncia m&eacute;dica, confira: <a href=\"https:\/\/med.estrategia.com\/portal\/residencia-medica\/calendario-de-residencia-medica-confira-as-datas-das-proximas-provas\/\" target=\"_blank\">Calend&aacute;rio de Resid&ecirc;ncia M&eacute;dica 2025\/2026<\/a><\/p><h2 class=\"wp-block-heading\"><span class=\"ez-toc-section\" id=\"Quais-instituicoes-possuem-2a-fase\"><\/span>Quais institui&ccedil;&otilde;es possuem 2&ordf; fase?<span class=\"ez-toc-section-end\"><\/span><\/h2><p>Dentre as 45 institui&ccedil;&otilde;es participantes, <strong>39 possuem 2&ordf; fase e 6 utilizam a prova AMP como fase &uacute;nica<\/strong> de seus processos para sele&ccedil;&atilde;o de residentes. Confira quais s&atilde;o:<\/p><figure class=\"wp-block-table\"><table><thead><tr><th>INSTITUI&Ccedil;&Atilde;O<\/th><th class=\"has-text-align-center\" data-align=\"center\">POSSUI 2&ordf; ETAPA?<\/th><\/tr><\/thead><tbody><tr><td>Associa&ccedil;&atilde;o Beneficente de Sa&uacute;de do Noroeste do Paran&aacute; &ndash; NOROSPAR<\/td><td class=\"has-text-align-center\" data-align=\"center\">SIM<\/td><\/tr><tr><td>Centro de Diabetes Curitiba &ndash; Especializa&ccedil;&atilde;o<\/td><td class=\"has-text-align-center\" data-align=\"center\">SIM<\/td><\/tr><tr><td>Centro de Estudos e de Pesquisa em Terapia Intensiva &ndash; CEPETI<\/td><td class=\"has-text-align-center\" data-align=\"center\">SIM<\/td><\/tr><tr><td>Hospital da Cruz Vermelha<\/td><td class=\"has-text-align-center\" data-align=\"center\">SIM<\/td><\/tr><tr><td>Escola de Sa&uacute;de P&uacute;blica de S&atilde;o Jos&eacute; dos Pinhais<\/td><td class=\"has-text-align-center\" data-align=\"center\">N&Atilde;O<\/td><\/tr><tr><td>Funda&ccedil;&atilde;o de Sa&uacute;de Itaiguapy<\/td><td class=\"has-text-align-center\" data-align=\"center\">SIM<\/td><\/tr><tr><td>Funda&ccedil;&atilde;o Municipal de Sa&uacute;de de Ponta Grossa<\/td><td class=\"has-text-align-center\" data-align=\"center\">N&Atilde;O<\/td><\/tr><tr><td>Hospitais Universit&aacute;rios da UEPG<\/td><td class=\"has-text-align-center\" data-align=\"center\">N&Atilde;O<\/td><\/tr><tr><td>Hospital CEMIL<\/td><td class=\"has-text-align-center\" data-align=\"center\">SIM<\/td><\/tr><tr><td>Hospital Costantini<\/td><td class=\"has-text-align-center\" data-align=\"center\">SIM<\/td><\/tr><tr><td>Hospital da Provid&ecirc;ncia<\/td><td class=\"has-text-align-center\" data-align=\"center\">SIM<\/td><\/tr><tr><td>Hospital da Vis&atilde;o<\/td><td class=\"has-text-align-center\" data-align=\"center\">SIM<\/td><\/tr><tr><td>Hospital de Dermatologia Sanit&aacute;ria do Paran&aacute;<\/td><td class=\"has-text-align-center\" data-align=\"center\">SIM<\/td><\/tr><tr><td>Hospital do C&acirc;ncer UOPECCAN de Cascavel<\/td><td class=\"has-text-align-center\" data-align=\"center\">SIM<\/td><\/tr><tr><td>Hospital do C&acirc;ncer UOPECCAN de Umuarama<\/td><td class=\"has-text-align-center\" data-align=\"center\">SIM<\/td><\/tr><tr><td>Hospital do Rocio<\/td><td class=\"has-text-align-center\" data-align=\"center\">N&Atilde;O<\/td><\/tr><tr><td>Hospital Dr. An&iacute;sio Figueiredo<\/td><td class=\"has-text-align-center\" data-align=\"center\">SIM<\/td><\/tr><tr><td>Hospital Dr. Eulalino Ign&aacute;cio de Andrade<\/td><td class=\"has-text-align-center\" data-align=\"center\">SIM<\/td><\/tr><tr><td>Hospital e Maternidade Santa Br&iacute;gida<\/td><td class=\"has-text-align-center\" data-align=\"center\">SIM<\/td><\/tr><tr><td>Hospital Erasto Gaertner<\/td><td class=\"has-text-align-center\" data-align=\"center\">SIM<\/td><\/tr><tr><td>Hospital Evang&eacute;lico de Londrina<\/td><td class=\"has-text-align-center\" data-align=\"center\">SIM<\/td><\/tr><tr><td>Hospital Heidelberg<\/td><td class=\"has-text-align-center\" data-align=\"center\">SIM<\/td><\/tr><tr><td>Instituto de Neurologia de Curitiba &ndash; INC<\/td><td class=\"has-text-align-center\" data-align=\"center\"> SIM<\/td><\/tr><tr><td>Hospital IPO<\/td><td class=\"has-text-align-center\" data-align=\"center\">SIM<\/td><\/tr><tr><td>Hospital Memorial UNING&Aacute;<\/td><td class=\"has-text-align-center\" data-align=\"center\">SIM<\/td><\/tr><tr><td>Hospital Regional do Litoral<\/td><td class=\"has-text-align-center\" data-align=\"center\">SIM<\/td><\/tr><tr><td>Hospital S&atilde;o Lucas de Pato Branco<\/td><td class=\"has-text-align-center\" data-align=\"center\">SIM<\/td><\/tr><tr><td>Hospital S&atilde;o Vicente de Paulo<\/td><td class=\"has-text-align-center\" data-align=\"center\">SIM<\/td><\/tr><tr><td>Hospital S&atilde;o Vicente<\/td><td class=\"has-text-align-center\" data-align=\"center\">SIM<\/td><\/tr><tr><td>Hospital Vita<\/td><td class=\"has-text-align-center\" data-align=\"center\">SIM<\/td><\/tr><tr><td>Hospital XV<\/td><td class=\"has-text-align-center\" data-align=\"center\">SIM<\/td><\/tr><tr><td>Hospital Adauto Botelho<\/td><td class=\"has-text-align-center\" data-align=\"center\">SIM<\/td><\/tr><tr><td>Instituto Nossa Senhora Aparecida<\/td><td class=\"has-text-align-center\" data-align=\"center\">SIM<\/td><\/tr><tr><td>Irmandade Santa Casa de Londrina<\/td><td class=\"has-text-align-center\" data-align=\"center\">SIM<\/td><\/tr><tr><td>Maternidade e Cirurgia Nossa Senhora do Rocio<\/td><td class=\"has-text-align-center\" data-align=\"center\">N&Atilde;O<\/td><\/tr><tr><td>M&eacute;dicos de Olhos<\/td><td class=\"has-text-align-center\" data-align=\"center\">SIM<\/td><\/tr><tr><td>Hospital Policl&iacute;nica de Pato Branco<\/td><td class=\"has-text-align-center\" data-align=\"center\">SIM<\/td><\/tr><tr><td>Santa Casa de Miseric&oacute;rdia de Ponta Grossa<\/td><td class=\"has-text-align-center\" data-align=\"center\">N&Atilde;O<\/td><\/tr><tr><td>Universidade Estadual do Centro Oeste &ndash; UNICENTRO<\/td><td class=\"has-text-align-center\" data-align=\"center\">SIM<\/td><\/tr><tr><td>Universidade Estadual do Oeste do Paran&aacute; &ndash; UNIOESTE Campus de Francisco Beltr&atilde;o<\/td><td class=\"has-text-align-center\" data-align=\"center\">SIM<\/td><\/tr><tr><td>Universidade Estadual do Oeste do Paran&aacute; &ndash; UNIOESTE Cascavel<\/td><td class=\"has-text-align-center\" data-align=\"center\">SIM<\/td><\/tr><tr><td>Hospital Santa Casa de Curitiba<\/td><td class=\"has-text-align-center\" data-align=\"center\">SIM<\/td><\/tr><tr><td>Hospital do C&acirc;ncer de Londrina<\/td><td class=\"has-text-align-center\" data-align=\"center\">SIM<\/td><\/tr><tr><td>Hospital Nossa Senhora das Gra&ccedil;as<\/td><td class=\"has-text-align-center\" data-align=\"center\">SIM<\/td><\/tr><tr><td>Hospital do Trabalhador<\/td><td class=\"has-text-align-center\" data-align=\"center\">SIM<\/td><\/tr><\/tbody><\/table><\/figure><h2 class=\"wp-block-heading\" id=\"h-cronograma-instituicoes-amp-2025-2026\"><span class=\"ez-toc-section\" id=\"Cronograma-Instituicoes-AMP-20252026\"><\/span>Cronograma Institui&ccedil;&otilde;es AMP 2025\/2026<span class=\"ez-toc-section-end\"><\/span><\/h2><p>Para saber melhor sobre as etapas seguintes, o candidato deve conferir junto ao&nbsp;<a href=\"https:\/\/ucamp.org.br\/web\/residencia-medica\/507\" target=\"_blank\">edital espec&iacute;fico da institui&ccedil;&atilde;o que escolheu<\/a>&nbsp;no processo seletivo da AMP. Agora, para saber as datas das segundas e terceiras fases das institui&ccedil;&otilde;es participantes da AMP, veja abaixo:<\/p><p class=\"wp-block-preformatted\"><strong>Aten&ccedil;&atilde;o!<\/strong> &Eacute; essencial que o candidato acompanhe atentamente a <a href=\"https:\/\/ucamp.org.br\/web\/residencia-medica\" target=\"_blank\">p&aacute;gina oficial da banca organizadora<\/a> para verificar poss&iacute;veis retifica&ccedil;&otilde;es ou atualiza&ccedil;&otilde;es do edital. Altera&ccedil;&otilde;es podem ocorrer a qualquer momento, sendo necess&aacute;rio estar ciente de eventuais mudan&ccedil;as em prazos, requisitos ou outras informa&ccedil;&otilde;es relevantes para n&atilde;o comprometer sua participa&ccedil;&atilde;o no processo.<\/p><h3 class=\"wp-block-heading\">Norospar (Associa&ccedil;&atilde;o Beneficente de Sa&uacute;de do Noroeste do Paran&aacute;)<\/h3><ul class=\"wp-block-list\">\n<li><strong>Prova Pr&aacute;tica (apenas para Cl&iacute;nica M&eacute;dica e Cirurgia Geral):<\/strong> 03\/12\/2025;<\/li>\n\n\n\n<li><strong>Entrega de documentos para an&aacute;lise curricular: <\/strong>at&eacute; o dia 02\/12\/2025;<\/li>\n\n\n\n<li><strong>Classifica&ccedil;&atilde;o ap&oacute;s a segunda fase:<\/strong> 16\/12\/2025; e<\/li>\n\n\n\n<li><strong>Matr&iacute;culas: <\/strong>29 e 30\/01\/2026.<\/li>\n<\/ul><h3 class=\"wp-block-heading\" id=\"h-centro-de-diabetes-curitiba-especializacao\">Centro de Diabetes Curitiba &ndash; Especializa&ccedil;&atilde;o<\/h3><ul class=\"wp-block-list\">\n<li><strong>Envio do curr&iacute;culo:<\/strong> 28\/11\/2025 at&eacute; &agrave;s 18h do dia 04\/12\/2025;<\/li>\n\n\n\n<li><strong>Entrevista e An&aacute;lise de Curr&iacute;culo:<\/strong> 16\/12\/2025;<\/li>\n\n\n\n<li><strong>Classifica&ccedil;&atilde;o final:<\/strong> 22\/12\/2025; e<\/li>\n\n\n\n<li><strong>Matr&iacute;culas: <\/strong>15 a 22\/01\/2026.<\/li>\n<\/ul><h3 class=\"wp-block-heading\" id=\"h-centro-de-estudos-e-de-pesquisa-em-terapia-intensiva-cepeti\">Centro de Estudos e de Pesquisa em Terapia Intensiva &ndash; CEPETI<\/h3><ul class=\"wp-block-list\">\n<li><strong>Enviar documenta&ccedil;&atilde;o:<\/strong> 28\/11 a 01\/12\/2025;<\/li>\n\n\n\n<li><strong>Entrevista:<\/strong> 03\/12\/2025;<\/li>\n\n\n\n<li><strong>Resultado:<\/strong> ap&oacute;s as entrevistas no site CEPETI;<\/li>\n\n\n\n<li><strong>Recursos:<\/strong> 1 dia ap&oacute;s o resultado final;<\/li>\n\n\n\n<li><strong>Matr&iacute;cula:<\/strong> at&eacute; &agrave;s 14h do dia 15\/01\/2026.<\/li>\n<\/ul><h3 class=\"wp-block-heading\" id=\"h-hospital-da-cruz-vermelha\">Hospital da Cruz Vermelha<\/h3><ul class=\"wp-block-list\">\n<li><strong>An&aacute;lise curricular:<\/strong> 01\/09 a 31\/10\/2025;<\/li>\n\n\n\n<li><strong>Prova pr&aacute;tica:<\/strong> 29\/11\/2025;<\/li>\n\n\n\n<li><strong>Gabarito:<\/strong> 01\/12\/2025;<\/li>\n\n\n\n<li><strong>Recursos 2&ordf; fase:<\/strong> 02\/12\/2025;<\/li>\n\n\n\n<li><strong>Resultado final:<\/strong> 04\/12\/2025;<\/li>\n\n\n\n<li><strong>Recursos:<\/strong> 05\/12\/2025;<\/li>\n\n\n\n<li><strong>Classifica&ccedil;&atilde;o final:<\/strong> 08\/12\/2025;<\/li>\n\n\n\n<li><strong>Matr&iacute;cula:<\/strong> 20 a 23\/01\/2026.<\/li>\n<\/ul><h3 class=\"wp-block-heading\" id=\"h-fundacao-de-saude-itaiguapy\">Funda&ccedil;&atilde;o de Sa&uacute;de Itaiguapy<\/h3><p><strong>Entrega da documenta&ccedil;&atilde;o solicitada:<\/strong> 03\/11\/2025;<\/p><p><strong>Resultado da 1&ordf; fase e convoca&ccedil;&atilde;o para a 2&ordf; fase:<\/strong> 28\/11\/2025;<\/p><p><strong>Aplica&ccedil;&atilde;o da 2&ordf; Fase &ndash; Prova Pr&aacute;tica:<\/strong> 13\/12\/2025;<\/p><p><strong>Resultado da 2&ordf; Fase:<\/strong> 16\/12\/2025;<\/p><p><strong>Recurso do resultado da 2&ordf; Fase:<\/strong> 17\/12\/2025 at&eacute; &agrave;s 12h;<\/p><p><strong>Resultados dos recursos, classifica&ccedil;&atilde;o final e convoca&ccedil;&atilde;o para matr&iacute;cula:<\/strong> 19\/12\/2025.<\/p><p><strong>Matr&iacute;cula:<\/strong> 12 a 14\/01\/2026.<\/p><h3 class=\"wp-block-heading\" id=\"h-hospital-cemil\">Hospital CEMIL<\/h3><ul class=\"wp-block-list\">\n<li><strong>Avalia&ccedil;&atilde;o pr&aacute;tica. An&aacute;lise curricular e entrevista do programa de Medicina Intensiva: <\/strong>01\/12\/2025;<\/li>\n\n\n\n<li><strong>Entrega do curr&iacute;culo. An&aacute;lise Curricular e Entrevista do Programa de Cirurgia Geral: <\/strong>04\/12\/2025;<\/li>\n\n\n\n<li><strong>An&aacute;lise Curricular e Entrevista do Programa de Pediatria:<\/strong> 08\/12\/2025;<\/li>\n\n\n\n<li><strong>Resultado Final: <\/strong>12\/12\/2025; e<\/li>\n\n\n\n<li><strong>Matr&iacute;culas:<\/strong> 10 e 11\/02\/2026.<\/li>\n<\/ul><h3 class=\"wp-block-heading\" id=\"h-hospital-costantini\">Hospital Costantini<\/h3><ul class=\"wp-block-list\">\n<li><strong>Prova te&oacute;rico-pr&aacute;tica espec&iacute;fica:<\/strong> 11\/12\/2025 das 08h &agrave;s 10h30;<\/li>\n\n\n\n<li><strong>Entrega de curr&iacute;culos: <\/strong>at&eacute; as 12h do dia 08\/12\/2025;<\/li>\n\n\n\n<li><strong>An&aacute;lise e Arguic&atilde;o Curricular: <\/strong>11\/12\/2025 das 10h30 &agrave;s 18h;<\/li>\n\n\n\n<li><strong>Resultado final: <\/strong>16\/12\/2025; e<\/li>\n\n\n\n<li><strong>Matr&iacute;culas: <\/strong>10 e 11\/02\/26 das 08h30 &agrave;s 11h30 e das 14h &agrave;s 17h30.<\/li>\n<\/ul><h3 class=\"wp-block-heading\">Hospital da Provid&ecirc;ncia<\/h3><ul class=\"wp-block-list\">\n<li><strong>Envio do Curr&iacute;culo:<\/strong> at&eacute; 03\/12\/2025;<\/li>\n\n\n\n<li><strong>An&aacute;lise do curr&iacute;culo Pediatria:<\/strong> 09\/12\/2025;<\/li>\n\n\n\n<li><strong>An&aacute;lise do curr&iacute;culo Cirurgia Geral:<\/strong> 08\/12\/2025;<\/li>\n\n\n\n<li><strong>An&aacute;lise do curr&iacute;culo Cl&iacute;nica M&eacute;dica:<\/strong> 11\/12\/2025;<\/li>\n\n\n\n<li><strong>An&aacute;lise do curr&iacute;culo Anestesiologia:<\/strong> 12\/12\/2025;<\/li>\n\n\n\n<li><strong>Classifica&ccedil;&atilde;o final: <\/strong>18\/12\/2025; e<\/li>\n\n\n\n<li><strong>Matr&iacute;culas:<\/strong> 14 e 15\/01\/2026 das 08h &agrave;s 17h.<\/li>\n<\/ul><h3 class=\"wp-block-heading\" id=\"h-hospital-da-visao\">Hospital da Vis&atilde;o<\/h3><ul class=\"wp-block-list\">\n<li><strong>Envio do curr&iacute;culo:<\/strong> 28\/11 a 03\/12\/2025;<\/li>\n\n\n\n<li><strong>Recursos:<\/strong> prazo m&aacute;ximo de 72 horas;<\/li>\n\n\n\n<li><strong>Primeira convoca&ccedil;&atilde;o (classifica&ccedil;&atilde;o final + matr&iacute;cula):<\/strong> 19\/12\/2025;<\/li>\n\n\n\n<li><strong>Matr&iacute;cula:<\/strong> 03 e 04\/02\/2026.<\/li>\n<\/ul><h3 class=\"wp-block-heading\" id=\"h-hospital-de-dermatologia-sanitaria-do-parana\">Hospital de Dermatologia Sanit&aacute;ria do Paran&aacute;<\/h3><ul class=\"wp-block-list\">\n<li><strong>An&aacute;lise curricular:<\/strong> 27\/11\/2025;<\/li>\n\n\n\n<li><strong>Notas provis&oacute;rias:<\/strong> 15\/12\/2025;<\/li>\n\n\n\n<li><strong>Recursos:<\/strong> 17 e 18\/12\/2025;<\/li>\n\n\n\n<li><strong>Resultado final e convoca&ccedil;&atilde;o:<\/strong> 12\/01\/2026;<\/li>\n\n\n\n<li><strong>Matr&iacute;cula:<\/strong> 10\/02\/2026.<\/li>\n<\/ul><h3 class=\"wp-block-heading\">Hospital do C&acirc;ncer de Londrina<\/h3><ul class=\"wp-block-list\">\n<li><strong>Envio dos documentos:<\/strong> at&eacute; 03\/12\/2025;<\/li>\n\n\n\n<li><strong>Avalia&ccedil;&atilde;o do curr&iacute;culo e entrevista:<\/strong> 12\/12\/2025;<\/li>\n\n\n\n<li><strong>Classifica&ccedil;&atilde;o final: <\/strong>22\/12\/2025; e<\/li>\n\n\n\n<li><strong>Matr&iacute;culas:<\/strong> a partir de 10\/02\/2026.<\/li>\n<\/ul><h3 class=\"wp-block-heading\">UOPECCAN &ndash; Hospital do C&acirc;ncer de Cascavel<\/h3><ul class=\"wp-block-list\">\n<li><strong>Envio do curr&iacute;culo:<\/strong> at&eacute; 05\/12\/2025;<\/li>\n\n\n\n<li><strong>Prova pr&aacute;tica e defesa do curr&iacute;culo &ndash; Cirurgia Oncol&oacute;gica: <\/strong>09\/12\/2025;<\/li>\n\n\n\n<li><strong>Prova pr&aacute;tica e defesa do curr&iacute;culo &ndash; Oncologia Cl&iacute;nica:<\/strong> 10\/12\/2025;<\/li>\n\n\n\n<li><strong>Resultado final: <\/strong>12\/12\/2025; e<\/li>\n\n\n\n<li><strong>Matr&iacute;culas: <\/strong>12 a 16\/01\/2026.<\/li>\n<\/ul><h3 class=\"wp-block-heading\" id=\"h-uopeccan-hospital-do-cancer-de-umuarama\">UOPECCAN &ndash; Hospital do C&acirc;ncer de Umuarama<\/h3><ul class=\"wp-block-list\">\n<li><strong>Envio do curr&iacute;culo:<\/strong> at&eacute; 04\/12\/2025;<\/li>\n\n\n\n<li><strong>Prova pr&aacute;tica e defesa do curr&iacute;culo para Cirurgia Geral:<\/strong> 05\/12\/2025;<\/li>\n\n\n\n<li><strong>Prova pr&aacute;tica e defesa do curr&iacute;culo para Cl&iacute;nica M&eacute;dica:<\/strong> 08\/12\/2025;<\/li>\n\n\n\n<li><strong>Prova pr&aacute;tica e defesa do curr&iacute;culo para<\/strong> <strong>Medicina Intensiva:<\/strong> 05\/12\/2025;<\/li>\n\n\n\n<li><strong>Prova pr&aacute;tica e defesa do curr&iacute;culo para Cirurgia:<\/strong> 08\/12\/2025;<\/li>\n\n\n\n<li><strong>Recursos:<\/strong> 2 dias &uacute;teis ap&oacute;s a realiza&ccedil;&atilde;o da prova;<\/li>\n\n\n\n<li><strong>Resultado final: <\/strong>12\/12\/2025; e<\/li>\n\n\n\n<li><strong>Matr&iacute;culas: <\/strong>15 a 19\/12\/2025.<\/li>\n<\/ul><h3 class=\"wp-block-heading\" id=\"h-hospital-dr-anisio-figueiredo\">Hospital Dr. An&iacute;sio Figueiredo<\/h3><ul class=\"wp-block-list\">\n<li><strong>An&aacute;lise curricular:<\/strong> 27\/11\/2025;<\/li>\n\n\n\n<li><strong>Notas provis&oacute;rias:<\/strong> 15\/12\/2025;<\/li>\n\n\n\n<li><strong>Recursos:<\/strong> 17 e 18\/12\/2025;<\/li>\n\n\n\n<li><strong>Resultado final e convoca&ccedil;&atilde;o:<\/strong> 12\/01\/2026;<\/li>\n\n\n\n<li><strong>Matr&iacute;cula:<\/strong> 10\/02\/2026.<\/li>\n<\/ul><h3 class=\"wp-block-heading\" id=\"h-hospital-dr-eulalino-ignacio-de-andrade\">Hospital Dr. Eulalino Ign&aacute;cio de Andrade<\/h3><ul class=\"wp-block-list\">\n<li><strong>An&aacute;lise curricular:<\/strong> 27\/11\/2025;<\/li>\n\n\n\n<li><strong>Notas provis&oacute;rias:<\/strong> 15\/12\/2025;<\/li>\n\n\n\n<li><strong>Recursos:<\/strong> 17 e 18\/12\/2025;<\/li>\n\n\n\n<li><strong>Resultado final e convoca&ccedil;&atilde;o:<\/strong> 12\/01\/2026;<\/li>\n\n\n\n<li><strong>Matr&iacute;cula:<\/strong> 10\/02\/2026.<\/li>\n<\/ul><h3 class=\"wp-block-heading\" id=\"h-hospital-e-maternidade-santa-brigida\">Hospital e Maternidade Santa Br&iacute;gida<\/h3><ul class=\"wp-block-list\">\n<li><strong>Envio do curr&iacute;culo:<\/strong> at&eacute; &agrave;s 16h do dia 01\/12\/2025;<\/li>\n\n\n\n<li><strong>Resultado final:<\/strong> at&eacute; 28\/01\/2026.<\/li>\n<\/ul><h3 class=\"wp-block-heading\">Hospital Erasto Gaertner<\/h3><ul class=\"wp-block-list\">\n<li><strong>Anexo dos documentos para 2&ordf; fase:<\/strong> at&eacute; 03\/12\/2025;<\/li>\n\n\n\n<li><strong>Solicita&ccedil;&atilde;o de Entrevista Remota:<\/strong> 24\/11 a 03\/12\/2025;<\/li>\n\n\n\n<li><strong>Resultado dos pedidos de Entrevista Remota:<\/strong> 04 e 05\/12\/2025;<\/li>\n\n\n\n<li><strong>Convoca&ccedil;&atilde;o para Entrevista:<\/strong> 04 e 05\/12\/2025;<\/li>\n\n\n\n<li><strong>Entrevista Presencial:<\/strong> 08 a 12\/12\/2025;<\/li>\n\n\n\n<li><strong>Entrevista Remota (para deferidos):<\/strong> 08 a 12\/12\/2025;<\/li>\n\n\n\n<li><strong>Resultado do processo seletivo:<\/strong> 18\/12\/2025;<\/li>\n\n\n\n<li><strong>Matr&iacute;cula:<\/strong> 08 e 09\/01\/2026.<\/li>\n<\/ul><h3 class=\"wp-block-heading\">Hospital Evang&eacute;lico de Londrina<\/h3><ul class=\"wp-block-list\">\n<li><strong>Entrega de curr&iacute;culos (todos os candidatos):<\/strong> at&eacute; 12\/12\/2025;<\/li>\n\n\n\n<li><strong>Prova multim&iacute;dia &ndash; Neurocirurgia:<\/strong> 07\/01\/2026;<\/li>\n\n\n\n<li><strong>Prova multim&iacute;dia &ndash; Cirurgia Geral:<\/strong> 08\/01\/2026;<\/li>\n\n\n\n<li><strong>Prova multim&iacute;dia &ndash; Neurologia:<\/strong> 12\/01\/2026;<\/li>\n\n\n\n<li><strong>Prova multim&iacute;dia &ndash; Urologia:<\/strong> 13\/01\/2026;<\/li>\n\n\n\n<li><strong>Prova multim&iacute;dia &ndash; Cirurgia Cardiovascular:<\/strong> 15\/01\/2026;<\/li>\n\n\n\n<li><strong>Prova multim&iacute;dia &ndash; Ortopedia e Traumatologia:<\/strong> 16\/01\/2026;<\/li>\n\n\n\n<li><strong>Argui&ccedil;&atilde;o de curr&iacute;culo &ndash; Anestesiologia:<\/strong> 05\/01\/2026;<\/li>\n\n\n\n<li><strong>Argui&ccedil;&atilde;o de curr&iacute;culo &ndash; Cl&iacute;nica M&eacute;dica:<\/strong> 06\/01\/2026;<\/li>\n\n\n\n<li><strong>Argui&ccedil;&atilde;o de curr&iacute;culo &ndash; Neurocirurgia:<\/strong> 07\/01\/2026;<\/li>\n\n\n\n<li><strong>Argui&ccedil;&atilde;o de curr&iacute;culo &ndash; Cirurgia Geral:<\/strong> 08\/01\/2026;<\/li>\n\n\n\n<li><strong>Argui&ccedil;&atilde;o de curr&iacute;culo &ndash; Medicina Intensiva:<\/strong> 09\/01\/2026;<\/li>\n\n\n\n<li><strong>Argui&ccedil;&atilde;o de curr&iacute;culo &ndash; Nefrologia:<\/strong> 09\/01\/2026;<\/li>\n\n\n\n<li><strong>Argui&ccedil;&atilde;o de curr&iacute;culo &ndash; Neurologia:<\/strong> 12\/01\/2026;<\/li>\n\n\n\n<li><strong>Argui&ccedil;&atilde;o de curr&iacute;culo &ndash; Urologia:<\/strong> 13\/01\/2026;<\/li>\n\n\n\n<li><strong>Argui&ccedil;&atilde;o de curr&iacute;culo &ndash; Radiologia e Diagn&oacute;stico por Imagem:<\/strong> 14\/01\/2026;<\/li>\n\n\n\n<li><strong>Argui&ccedil;&atilde;o de curr&iacute;culo &ndash; Ginecologia e Obstetr&iacute;cia:<\/strong> 14\/01\/2026;<\/li>\n\n\n\n<li><strong>Argui&ccedil;&atilde;o de curr&iacute;culo &ndash; Cirurgia Cardiovascular:<\/strong> 15\/01\/2026;<\/li>\n\n\n\n<li><strong>Argui&ccedil;&atilde;o de curr&iacute;culo &ndash; Ortopedia e Traumatologia:<\/strong> 16\/01\/2026;<\/li>\n\n\n\n<li><strong>Argui&ccedil;&atilde;o de curr&iacute;culo &ndash; Cirurgia Vascular:<\/strong> 16\/01\/2026;<\/li>\n\n\n\n<li><strong>Resultado das provas 2&ordf; fase:<\/strong> 23\/01\/2026;<\/li>\n\n\n\n<li><strong>Resultado provis&oacute;rio do processo seletivo:<\/strong> 27\/01\/2026;<\/li>\n\n\n\n<li><strong>Recursos:<\/strong> 28\/01\/2026 at&eacute; 30\/01\/2026, &agrave;s 17h;<\/li>\n\n\n\n<li><strong>Resultado final do processo seletivo:<\/strong> at&eacute; 06\/02\/2026;<\/li>\n\n\n\n<li><strong>Matr&iacute;culas 1&ordf; chamada:<\/strong> 10\/02\/2026.<\/li>\n<\/ul><h3 class=\"wp-block-heading\">Cl&iacute;nica Heidelberg<\/h3><ul class=\"wp-block-list\">\n<li><strong>Envio do curr&iacute;culo:<\/strong> at&eacute; 06\/12\/2025;<\/li>\n\n\n\n<li><strong>Entrevista para defesa de curr&iacute;culo: <\/strong>13 e 14\/12\/2025 &agrave;s 9h;<\/li>\n\n\n\n<li><strong>Resultado classificat&oacute;rio: <\/strong>17\/12\/2025;<\/li>\n\n\n\n<li><strong>Interposi&ccedil;&atilde;o de recurso:<\/strong> at&eacute; 18\/12\/2025;<\/li>\n\n\n\n<li><strong>Resultado do recurso: <\/strong>19\/12\/2025; e<\/li>\n\n\n\n<li><strong>Matr&iacute;culas: <\/strong>12\/01\/2026.<\/li>\n<\/ul><h3 class=\"wp-block-heading\" id=\"h-instituto-de-neurologia-de-curitiba-inc\">Instituto de Neurologia de Curitiba &ndash; INC<\/h3><ul class=\"wp-block-list\">\n<li><strong>Envio do Curr&iacute;culo &ndash; Cardiologia:<\/strong> 21 a 30\/11\/2025;<\/li>\n\n\n\n<li><strong>Entrevista &ndash; Cardiologia:<\/strong> 02\/12\/2025;<\/li>\n\n\n\n<li><strong>Envio do Curr&iacute;culo &ndash; Medicina intensiva:<\/strong> 21 a 29\/11\/2025;<\/li>\n\n\n\n<li><strong>Entrevista &ndash; <strong>Medicina intensiva<\/strong>:<\/strong> 02\/12\/2025;<\/li>\n\n\n\n<li><strong>Envio do Curr&iacute;culo &ndash; Demais especialidades:<\/strong> 27\/11 a 07\/12\/2025;<\/li>\n\n\n\n<li><strong>Prova Pr&aacute;tica &ndash; Demais especialidades:<\/strong> 10\/12\/2025;<\/li>\n\n\n\n<li><strong>An&aacute;lise e Defesa do Curriculo &ndash; Demais especialidades<\/strong>: 11\/12\/2025;<\/li>\n\n\n\n<li><strong>An&aacute;lise e Defesa do Curriculo &ndash; Cirurgia Cardiovascular:<\/strong> 15\/12\/2025;<\/li>\n\n\n\n<li><strong>Classifica&ccedil;&atilde;o final<\/strong> <strong>de Cardiologia e Medicina Intensiva:<\/strong> 03\/12\/2025;<\/li>\n\n\n\n<li><strong>Classifica&ccedil;&atilde;o final<\/strong> <strong>Cirurgia Cardiovascular:<\/strong> 16\/12\/2025;<\/li>\n\n\n\n<li><strong>Classifica&ccedil;&atilde;o final<\/strong> <strong>demais especialidades:<\/strong> 12\/12\/2025;<\/li>\n<\/ul><h3 class=\"wp-block-heading\" id=\"h-hospital-ipo\">Hospital IPO<\/h3><ul class=\"wp-block-list\">\n<li><strong>An&aacute;lise curricular e entrevista:<\/strong> data a definir;<\/li>\n\n\n\n<li><strong>Resultado da 2&ordf; fase:<\/strong> at&eacute; janeiro de 2026.<\/li>\n<\/ul><h3 class=\"wp-block-heading\" id=\"h-hospital-memorial-uninga\">Hospital Memorial UNING&Aacute;<\/h3><ul class=\"wp-block-list\">\n<li><strong>Envio do curr&iacute;culo: <\/strong>at&eacute; 14\/11\/2025;<\/li>\n\n\n\n<li><strong>An&aacute;lise do curr&iacute;culo e entrevista &ndash; Cirurgia Geral: <\/strong>08\/12\/2025;<\/li>\n\n\n\n<li><strong>An&aacute;lise do curr&iacute;culo e entrevista &ndash; Anestesiologia: <\/strong>09\/12\/2025;<\/li>\n\n\n\n<li><strong>An&aacute;lise do curr&iacute;culo e entrevista &ndash; Cl&iacute;nica M&eacute;dica: <\/strong>10\/12\/2025;<\/li>\n\n\n\n<li><strong>An&aacute;lise do curr&iacute;culo e entrevista &ndash; MFC: <\/strong>11\/12\/2025;<\/li>\n\n\n\n<li><strong>An&aacute;lise do curr&iacute;culo e entrevista &ndash; Medicina Intensiva: <\/strong>12\/12\/2025;<\/li>\n\n\n\n<li><strong>Resultado final: <\/strong>15\/12\/2025; e<\/li>\n\n\n\n<li><strong>Matr&iacute;culas: <\/strong>12 e 16\/01\/2026.<\/li>\n<\/ul><h3 class=\"wp-block-heading\">Hospital Nossa Senhora das Gra&ccedil;as<\/h3><ul class=\"wp-block-list\">\n<li><strong>Envio do curr&iacute;culo: <\/strong>29\/11 a 05\/12\/2025;<\/li>\n\n\n\n<li><strong>Prova Te&oacute;rico-Pr&aacute;tica e entrevistas para especialidades com pr&eacute;-requisito: <\/strong>08\/12\/2025;<\/li>\n\n\n\n<li><strong>Entrevistas para as especialidades de acesso direto:<\/strong> 08 a 12\/12\/2025;<\/li>\n\n\n\n<li><strong>Resultado final:<\/strong> 22\/12\/2025; e<\/li>\n\n\n\n<li><strong>Matr&iacute;culas: <\/strong>10 a 16\/02\/2026.<\/li>\n<\/ul><h3 class=\"wp-block-heading\" id=\"h-hospital-regional-do-litoral\">Hospital Regional do Litoral<\/h3><ul class=\"wp-block-list\">\n<li><strong>An&aacute;lise curricular:<\/strong> 27\/11\/2025;<\/li>\n\n\n\n<li><strong>Notas provis&oacute;rias:<\/strong> 15\/12\/2025;<\/li>\n\n\n\n<li><strong>Recursos:<\/strong> 17 e 18\/12\/2025;<\/li>\n\n\n\n<li><strong>Resultado final e convoca&ccedil;&atilde;o:<\/strong> 12\/01\/2026;<\/li>\n\n\n\n<li><strong>Matr&iacute;cula:<\/strong> 10\/02\/2026.<\/li>\n<\/ul><h3 class=\"wp-block-heading\">Hospital S&atilde;o Lucas de Pato Branco<\/h3><ul class=\"wp-block-list\">\n<li><strong>Avalia&ccedil;&atilde;o curricular:<\/strong> prevista para in&iacute;cio de dezembro de 2025.<\/li>\n<\/ul><h3 class=\"wp-block-heading\" id=\"h-hospital-sao-vicente-de-paulo\">Hospital S&atilde;o Vicente de Paulo<\/h3><ul class=\"wp-block-list\">\n<li><strong>Envio do Curr&iacute;culo: <\/strong>01 a 09\/12\/2025;<\/li>\n\n\n\n<li><strong>Convoca&ccedil;&atilde;o para a argui&ccedil;&atilde;o curricular:<\/strong> a partir de 10\/12\/2025;<\/li>\n\n\n\n<li><strong>Resultado Final:<\/strong> 17\/12\/2025; e<\/li>\n\n\n\n<li><strong>Matr&iacute;culas:<\/strong> 15 e 16\/01\/2026.<\/li>\n<\/ul><h3 class=\"wp-block-heading\" id=\"h-hospital-sao-vicente\">Hospital S&atilde;o Vicente<\/h3><ul class=\"wp-block-list\">\n<li><strong>Entrega de Curr&iacute;culo e documenta&ccedil;a&#771;o para a segunda fase:<\/strong> ate&#769; 04\/12\/2025;<\/li>\n\n\n\n<li><strong>Segunda e Terceira Fases<\/strong>: 06\/12\/2025;<\/li>\n\n\n\n<li><strong>Resultado final: <\/strong>10\/12\/2025; e<\/li>\n\n\n\n<li><strong>Matr&iacute;culas:<\/strong> at&eacute; 19\/12\/2025.<\/li>\n<\/ul><h3 class=\"wp-block-heading\" id=\"h-hospital-vita\">Hospital Vita<\/h3><ul class=\"wp-block-list\">\n<li><strong>Envio de curr&iacute;culos:<\/strong> ap&oacute;s gabarito AMP a 23\/11\/2025;<\/li>\n\n\n\n<li><strong>Prova espec&iacute;fica &ndash; Resid&ecirc;ncia Medicina Intensiva (IVEP):<\/strong> 10\/12\/2025 &agrave;s 8h;<\/li>\n\n\n\n<li><strong>Argui&ccedil;&atilde;o de curr&iacute;culo &ndash; Resid&ecirc;ncia Medicina Intensiva (IVEP):<\/strong> 10\/12\/2025 &agrave;s 10h;<\/li>\n\n\n\n<li><strong>Prova espec&iacute;fica &ndash; Resid&ecirc;ncia de Emerg&ecirc;ncia (IVEP):<\/strong> 12\/12\/2025 &agrave;s 8h;<\/li>\n\n\n\n<li><strong>Argui&ccedil;&atilde;o de curr&iacute;culo &ndash; Resid&ecirc;ncia de Emerg&ecirc;ncia (IVEP):<\/strong> 12\/12\/2025 &agrave;s 10h;<\/li>\n\n\n\n<li><strong>Resultado da prova espec&iacute;fica:<\/strong> at&eacute; 23\/12\/2025;<\/li>\n\n\n\n<li><strong>Prazo para recurso:<\/strong> 24\/12\/2025;<\/li>\n\n\n\n<li><strong>Divulga&ccedil;&atilde;o do resultado do recurso:<\/strong> 28\/12\/2025;<\/li>\n\n\n\n<li><strong>Rela&ccedil;&atilde;o dos aprovados:<\/strong> 10\/01\/2026;<\/li>\n\n\n\n<li><strong>Matr&iacute;cula:<\/strong> 10\/01\/2026 a 20\/01\/2026.<\/li>\n<\/ul><h3 class=\"wp-block-heading\" id=\"h-hospital-xv\">Hospital XV<\/h3><ul class=\"wp-block-list\">\n<li><strong>An&aacute;lise de Curriculo e Entrevista:<\/strong> 04\/12\/2025;<\/li>\n\n\n\n<li><strong>Resultado Final:<\/strong> 10\/12\/2025; e<\/li>\n\n\n\n<li><strong>Matr&iacute;culas:<\/strong> 15 a 19\/12\/2025.<\/li>\n<\/ul><h3 class=\"wp-block-heading\" id=\"h-hospital-adauto-botelho\">Hospital Adauto Botelho<\/h3><ul class=\"wp-block-list\">\n<li><strong>An&aacute;lise curricular:<\/strong> 27\/11\/2025;<\/li>\n\n\n\n<li><strong>Notas provis&oacute;rias:<\/strong> 15\/12\/2025;<\/li>\n\n\n\n<li><strong>Recursos:<\/strong> 17 e 18\/12\/2025;<\/li>\n\n\n\n<li><strong>Resultado final e convoca&ccedil;&atilde;o:<\/strong> 12\/01\/2026;<\/li>\n\n\n\n<li><strong>Matr&iacute;cula:<\/strong> 10\/02\/2026.<\/li>\n<\/ul><h3 class=\"wp-block-heading\" id=\"h-instituto-nossa-senhora-aparecida\">Instituto Nossa Senhora Aparecida<\/h3><ul class=\"wp-block-list\">\n<li><strong>Entrega da documenta&ccedil;&atilde;o: <\/strong>at&eacute; 04\/12\/2025;<\/li>\n\n\n\n<li><strong>Entrevista: <\/strong>05\/12\/2025;<\/li>\n\n\n\n<li><strong>Resultado:<\/strong> 09\/12\/2025;<\/li>\n\n\n\n<li><strong>Matr&iacute;culas:<\/strong> 15 a 19\/12\/2025.<\/li>\n<\/ul><h3 class=\"wp-block-heading\" id=\"h-irmandade-santa-casa-de-londrina\">Irmandade Santa Casa de Londrina<\/h3><ul class=\"wp-block-list\">\n<li><strong>Envio do curr&iacute;culo:<\/strong> at&eacute; 04\/12\/2025;<\/li>\n\n\n\n<li><strong>Entrevista e argui&ccedil;&atilde;o curricular para Anestesiologia, Cardiologia, Cirurgia Vascular, Endoscopia, Gastroenterologia, Pediatria e Radiologia e Diagn&oacute;stico por Imagem:<\/strong> 06\/12\/2025;<\/li>\n\n\n\n<li><strong>Entrevista e argui&ccedil;&atilde;o curricular para Cirurgia Cardiovascular, Cirurgia Geral, Cl&iacute;nica M&eacute;dica, Nefrologia, Neucirurgia, Neurologia e Ortopedia\/Traumatologia:<\/strong> 13\/12\/2025;<\/li>\n\n\n\n<li><strong>Resultado Final: <\/strong>08\/01\/2026; e<\/li>\n\n\n\n<li><strong>Matr&iacute;culas: <\/strong>12 a 16\/01\/2026.<\/li>\n<\/ul><h3 class=\"wp-block-heading\" id=\"h-medicos-de-olhos\">M&eacute;dicos de Olhos<\/h3><ul class=\"wp-block-list\">\n<li><strong>Entrevista e an&aacute;lise de curr&iacute;culo: <\/strong>06\/12\/2025;<\/li>\n\n\n\n<li><strong>Resultado final: <\/strong>11\/12\/2025; e<\/li>\n\n\n\n<li><strong>Matr&iacute;culas: <\/strong>16 e 17\/12\/2025.<\/li>\n<\/ul><h3 class=\"wp-block-heading\" id=\"h-hospital-policlinica-de-pato-branco\">Hospital Policl&iacute;nica de Pato Branco<\/h3><ul class=\"wp-block-list\">\n<li><strong>Agendamento da Entrevista para An&aacute;lise do Curr&iacute;culo: <\/strong>01 a 05\/12\/2025;<\/li>\n\n\n\n<li><strong>Entrevistas:<\/strong> 09 a 16\/12\/2025;<\/li>\n\n\n\n<li><strong>Resultado final: <\/strong>at&eacute; 22\/12\/2025.<\/li>\n<\/ul><h3 class=\"wp-block-heading\">Universidade Estadual do Centro Oeste &ndash; Unicentro<\/h3><ul class=\"wp-block-list\">\n<li><strong>Envio do curriculum e v&iacute;deo: <\/strong>27\/11 a 03\/12\/2025;<\/li>\n\n\n\n<li><strong>Resultado Final do Processo Seletivo: <\/strong>10\/12\/2025;<\/li>\n\n\n\n<li><strong>Recurso referente ao Resultado Final:<\/strong> 16\/12\/2025;<\/li>\n\n\n\n<li><strong>Matr&iacute;cula: <\/strong>18\/12\/2025.<\/li>\n<\/ul><h3 class=\"wp-block-heading\" id=\"h-hospital-universitario-do-oeste-do-parana-unioeste-francisco-beltrao\">Hospital Universit&aacute;rio do Oeste do Paran&aacute; &ndash; Unioeste Francisco Beltr&atilde;o<\/h3><ul class=\"wp-block-list\">\n<li><strong>Envio do curr&iacute;culo: <\/strong>postagem at&eacute; 08\/12\/2025 ;<\/li>\n\n\n\n<li><strong>An&aacute;lise de Curr&iacute;culo: <\/strong>11 a 15\/12\/2025;<\/li>\n\n\n\n<li><strong>Resultado da An&aacute;lise de Curr&iacute;culo: <\/strong>16\/12\/2025;<\/li>\n\n\n\n<li><strong>Recursos: <\/strong>at&eacute; 18\/12\/2025;<\/li>\n\n\n\n<li><strong>Resultado final da An&aacute;lise de Curr&iacute;culo:<\/strong> 19\/12\/2025;<\/li>\n\n\n\n<li><strong>Candidatos aprovados:<\/strong> 19\/12\/2025;<\/li>\n\n\n\n<li><strong>Matr&iacute;culas: <\/strong>06\/02\/2026.<\/li>\n<\/ul><h3 class=\"wp-block-heading\" id=\"h-hospital-universitario-do-oeste-do-parana-unioeste-cascavel\">Hospital Universit&aacute;rio do Oeste do Paran&aacute; &ndash; Unioeste Cascavel<\/h3><ul class=\"wp-block-list\">\n<li><strong>Envio do curr&iacute;culo: <\/strong>postagem at&eacute; 08\/12\/2025;<\/li>\n\n\n\n<li><strong>An&aacute;lise de Curr&iacute;culo: <\/strong>11 a 15\/12\/2025;<\/li>\n\n\n\n<li><strong>Resultado da An&aacute;lise de Curr&iacute;culo: <\/strong>16\/12\/2025;<\/li>\n\n\n\n<li><strong>Recursos: <\/strong>at&eacute; 18\/12\/2025;<\/li>\n\n\n\n<li><strong>Resultado final da An&aacute;lise de Curr&iacute;culo:<\/strong> 19\/12\/2025;<\/li>\n\n\n\n<li><strong>Candidatos aprovados:<\/strong> 19\/12\/2025;<\/li>\n\n\n\n<li><strong>Matr&iacute;culas: <\/strong>05 e 06\/02\/2026.<\/li>\n<\/ul><h3 class=\"wp-block-heading\" id=\"h-hospital-santa-casa-de-curitiba\">Hospital Santa Casa de Curitiba<\/h3><ul class=\"wp-block-list\">\n<li><strong>Entrega dos curr&iacute;culos: <\/strong>27 a 28\/11\/2025;<\/li>\n\n\n\n<li><strong>Nota da An&aacute;lise Curricular: <\/strong>09\/12\/2025;<\/li>\n\n\n\n<li><strong>Candidatos aprovados:<\/strong> 17\/12\/2025;<\/li>\n\n\n\n<li><strong>Matr&iacute;cula: <\/strong>10 e 11\/02\/2026.<\/li>\n<\/ul><h3 class=\"wp-block-heading\" id=\"h-hospital-do-trabalhador\">Hospital do Trabalhador<\/h3><ul class=\"wp-block-list\">\n<li><strong>Avalia&ccedil;&atilde;o Presencial dos Curr&iacute;culos<\/strong>: 08 a 10\/2025;<\/li>\n\n\n\n<li><strong>Notas da Avalia&ccedil;&atilde;o<\/strong>: a partir de 15\/12\/2025;<\/li>\n\n\n\n<li><strong>Recursos<\/strong>: 17\/12\/2025;<\/li>\n\n\n\n<li><strong>Resultado Final<\/strong>: a partir de 07\/01\/2026.<\/li>\n<\/ul><div class=\"wp-block-buttons is-content-justification-center is-layout-flex wp-container-core-buttons-is-layout-1 wp-block-buttons-is-layout-flex\">\n<div class=\"wp-block-button\"><a class=\"wp-block-button__link wp-element-button\" href=\"https:\/\/med.estrategia.com\/portal\/noticias\/amp-2023-2024-divulgada-a-concorrencia-do-processo-seletivo\/\" target=\"_blank\">Confira aqui a concorr&ecirc;ncia do &uacute;ltimo seletivo amp<\/a><\/div>\n<\/div><div class=\"wp-block-buttons is-content-justification-center is-layout-flex wp-container-core-buttons-is-layout-2 wp-block-buttons-is-layout-flex\">\n<div class=\"wp-block-button\"><a class=\"wp-block-button__link wp-element-button\" href=\"https:\/\/med.estrategia.com\/portal\/residencia-medica\/notas-de-corte-para-residencia-medica-2023-2024-parana\/#Nota-de-Corte-da-Associacao-Medica-do-Parana-AMP\" target=\"_blank\">Confira a nota de corte das institui&ccedil;&otilde;es AMP 2024\/2025<\/a><\/div>\n<\/div><p>Se voc&ecirc; quer ficar por dentro de mais conte&uacute;dos relevantes sobre a &aacute;rea m&eacute;dica, continue acompanhando o material preparado pelo Portal de Not&iacute;cias do Estrat&eacute;gia MED. Aqui, voc&ecirc; encontrar&aacute; informa&ccedil;&otilde;es atualizadas sobre resid&ecirc;ncias, carreira m&eacute;dica e muito mais.<\/p><p>\n\n\n\n\n\n<a id=\"cta\" class=\"cta-imagem\" href=\"https:\/\/med.estrategia.com\/curso\/banco-de-questes-resumos-estrategicos-anual\/\" target=\"blank\">\n                <img decoding=\"async\" width=\"100%\" src=\"https:\/\/med.estrategia.com\/portal\/wp-content\/uploads\/2025\/08\/banco_questoes.png\" alt=\"banco_questoes\" title=\"banco_questoes\">\n        <\/a>\n<\/p><\/p>\n","protected":false},"excerpt":{"rendered":"Se voc&ecirc; pretende participar do pr&oacute;ximo processo seletivo unificado da Associa&ccedil;&atilde;o M&eacute;dica do Paran&aacute; (AMP), n&atilde;o perca esse&hellip;\n","protected":false},"author":22,"featured_media":92393,"comment_status":"closed","ping_status":"closed","sticky":false,"template":"","format":"standard","meta":{"wl_entities_gutenberg":"","footnotes":""},"categories":[24],"tags":[],"wl_entity_type":[199],"class_list":{"0":"post-45214","1":"post","2":"type-post","3":"status-publish","4":"format-standard","5":"has-post-thumbnail","7":"category-residencia-medica","8":"wl_entity_type-article"},"acf":[],"yoast_head":"<!-- This site is optimized with the Yoast SEO Premium plugin v26.6 (Yoast SEO v26.6) - https:\/\/yoast.com\/wordpress\/plugins\/seo\/ -->\n<title>Calend\u00e1rio AMP 2025\/2026: veja todas as datas!<\/title>\n<meta name=\"description\" content=\"Confira o Calend\u00e1rio AMP 2025\/2026, bem como as principais datas das segundas fases das intitui\u00e7\u00f5es aderentes!\" \/>\n<meta name=\"robots\" content=\"index, follow, max-snippet:-1, max-image-preview:large, max-video-preview:-1\" \/>\n<link rel=\"canonical\" href=\"https:\/\/med.estrategia.com\/portal\/residencia-medica\/calendario-amp\/\" \/>\n<meta property=\"og:locale\" content=\"pt_BR\" \/>\n<meta property=\"og:type\" content=\"article\" \/>\n<meta property=\"og:title\" content=\"Calend\u00e1rio AMP 2026: confira as datas do exame e das fases seguintes\" \/>\n<meta property=\"og:description\" content=\"Confira o Calend\u00e1rio AMP 2025\/2026, bem como as principais datas das segundas fases das intitui\u00e7\u00f5es aderentes!\" \/>\n<meta property=\"og:url\" content=\"https:\/\/med.estrategia.com\/portal\/residencia-medica\/calendario-amp\/\" \/>\n<meta property=\"og:site_name\" content=\"Estrat\u00e9gia MED\" \/>\n<meta property=\"article:publisher\" content=\"https:\/\/www.facebook.com\/estrategiamed1\" \/>\n<meta property=\"article:published_time\" content=\"2024-08-28T15:40:46+00:00\" \/>\n<meta property=\"article:modified_time\" content=\"2025-08-19T19:32:26+00:00\" \/>\n<meta property=\"og:image\" content=\"https:\/\/med.estrategia.com\/portal\/wp-content\/uploads\/2025\/08\/AMP-atualizacao.jpg\" \/>\n\t<meta property=\"og:image:width\" content=\"1920\" \/>\n\t<meta property=\"og:image:height\" content=\"1080\" \/>\n\t<meta property=\"og:image:type\" content=\"image\/jpeg\" \/>\n<meta name=\"author\" content=\"Erika Coelho\" \/>\n<meta name=\"twitter:card\" content=\"summary_large_image\" \/>\n<meta name=\"twitter:creator\" content=\"@estrategiamed_\" \/>\n<meta name=\"twitter:site\" content=\"@estrategiamed_\" \/>\n<meta name=\"twitter:label1\" content=\"Escrito por\" \/>\n\t<meta name=\"twitter:data1\" content=\"Erika Coelho\" \/>\n\t<meta name=\"twitter:label2\" content=\"Est. tempo de leitura\" \/>\n\t<meta name=\"twitter:data2\" content=\"11 minutos\" \/>\n<script type=\"application\/ld+json\" class=\"yoast-schema-graph\">{\"@context\":\"https:\/\/schema.org\",\"@graph\":[{\"@type\":\"WebPage\",\"@id\":\"https:\/\/med.estrategia.com\/portal\/residencia-medica\/calendario-amp\/\",\"url\":\"https:\/\/med.estrategia.com\/portal\/residencia-medica\/calendario-amp\/\",\"name\":\"Calend\u00e1rio AMP 2025\/2026: veja todas as datas!\",\"isPartOf\":{\"@id\":\"https:\/\/med.estrategia.com\/portal\/#website\"},\"primaryImageOfPage\":{\"@id\":\"https:\/\/med.estrategia.com\/portal\/residencia-medica\/calendario-amp\/#primaryimage\"},\"image\":{\"@id\":\"https:\/\/med.estrategia.com\/portal\/residencia-medica\/calendario-amp\/#primaryimage\"},\"thumbnailUrl\":\"https:\/\/med.estrategia.com\/portal\/wp-content\/uploads\/2025\/08\/AMP-atualizacao.jpg\",\"datePublished\":\"2024-08-28T15:40:46+00:00\",\"dateModified\":\"2025-08-19T19:32:26+00:00\",\"author\":{\"@id\":\"https:\/\/med.estrategia.com\/portal\/#\/schema\/person\/8e7c9b2f53f2eede3b8880ad86ff20a3\"},\"description\":\"Confira o Calend\u00e1rio AMP 2025\/2026, bem como as principais datas das segundas fases das intitui\u00e7\u00f5es aderentes!\",\"breadcrumb\":{\"@id\":\"https:\/\/med.estrategia.com\/portal\/residencia-medica\/calendario-amp\/#breadcrumb\"},\"inLanguage\":\"pt-BR\",\"potentialAction\":[{\"@type\":\"ReadAction\",\"target\":[\"https:\/\/med.estrategia.com\/portal\/residencia-medica\/calendario-amp\/\"]}]},{\"@type\":\"ImageObject\",\"inLanguage\":\"pt-BR\",\"@id\":\"https:\/\/med.estrategia.com\/portal\/residencia-medica\/calendario-amp\/#primaryimage\",\"url\":\"https:\/\/med.estrategia.com\/portal\/wp-content\/uploads\/2025\/08\/AMP-atualizacao.jpg\",\"contentUrl\":\"https:\/\/med.estrategia.com\/portal\/wp-content\/uploads\/2025\/08\/AMP-atualizacao.jpg\",\"width\":1920,\"height\":1080,\"caption\":\"Estrat\u00e9gia MED | Foto: Hospital Erasto Gaertner\"},{\"@type\":\"BreadcrumbList\",\"@id\":\"https:\/\/med.estrategia.com\/portal\/residencia-medica\/calendario-amp\/#breadcrumb\",\"itemListElement\":[{\"@type\":\"ListItem\",\"position\":1,\"name\":\"Home\",\"item\":\"https:\/\/med.estrategia.com\/portal\/\"},{\"@type\":\"ListItem\",\"position\":2,\"name\":\"Resid\u00eancia M\u00e9dica\",\"item\":\"https:\/\/med.estrategia.com\/portal\/residencia-medica\/\"},{\"@type\":\"ListItem\",\"position\":3,\"name\":\"Calend\u00e1rio AMP 2026: confira as datas do exame e das fases seguintes\"}]},{\"@type\":\"WebSite\",\"@id\":\"https:\/\/med.estrategia.com\/portal\/#website\",\"url\":\"https:\/\/med.estrategia.com\/portal\/\",\"name\":\"Estrat\u00e9gia MED\",\"description\":\"\",\"potentialAction\":[{\"@type\":\"SearchAction\",\"target\":{\"@type\":\"EntryPoint\",\"urlTemplate\":\"https:\/\/med.estrategia.com\/portal\/?s={search_term_string}\"},\"query-input\":{\"@type\":\"PropertyValueSpecification\",\"valueRequired\":true,\"valueName\":\"search_term_string\"}}],\"inLanguage\":\"pt-BR\"},{\"@type\":\"Person\",\"@id\":\"https:\/\/med.estrategia.com\/portal\/#\/schema\/person\/8e7c9b2f53f2eede3b8880ad86ff20a3\",\"name\":\"Erika Coelho\",\"image\":{\"@type\":\"ImageObject\",\"inLanguage\":\"pt-BR\",\"@id\":\"https:\/\/med.estrategia.com\/portal\/#\/schema\/person\/image\/\",\"url\":\"https:\/\/secure.gravatar.com\/avatar\/8ef9ff2e2fa53829c640cca8d1a45178?s=96&d=mm&r=g\",\"contentUrl\":\"https:\/\/secure.gravatar.com\/avatar\/8ef9ff2e2fa53829c640cca8d1a45178?s=96&d=mm&r=g\",\"caption\":\"Erika Coelho\"},\"description\":\"Jornalista pela Universidade Presbiteriana Mackenzie, escrevo sobre educa\u00e7\u00e3o, sa\u00fade e pol\u00edticas p\u00fablicas\",\"url\":\"https:\/\/med.estrategia.com\/portal\/author\/erika\/\"}]}<\/script>\n<!-- \/ Yoast SEO Premium plugin. -->","yoast_head_json":{"title":"Calend\u00e1rio AMP 2025\/2026: veja todas as datas!","description":"Confira o Calend\u00e1rio AMP 2025\/2026, bem como as principais datas das segundas fases das intitui\u00e7\u00f5es aderentes!","robots":{"index":"index","follow":"follow","max-snippet":"max-snippet:-1","max-image-preview":"max-image-preview:large","max-video-preview":"max-video-preview:-1"},"canonical":"https:\/\/med.estrategia.com\/portal\/residencia-medica\/calendario-amp\/","og_locale":"pt_BR","og_type":"article","og_title":"Calend\u00e1rio AMP 2026: confira as datas do exame e das fases seguintes","og_description":"Confira o Calend\u00e1rio AMP 2025\/2026, bem como as principais datas das segundas fases das intitui\u00e7\u00f5es aderentes!","og_url":"https:\/\/med.estrategia.com\/portal\/residencia-medica\/calendario-amp\/","og_site_name":"Estrat\u00e9gia MED","article_publisher":"https:\/\/www.facebook.com\/estrategiamed1","article_published_time":"2024-08-28T15:40:46+00:00","article_modified_time":"2025-08-19T19:32:26+00:00","og_image":[{"width":1920,"height":1080,"url":"https:\/\/med.estrategia.com\/portal\/wp-content\/uploads\/2025\/08\/AMP-atualizacao.jpg","type":"image\/jpeg"}],"author":"Erika Coelho","twitter_card":"summary_large_image","twitter_creator":"@estrategiamed_","twitter_site":"@estrategiamed_","twitter_misc":{"Escrito por":"Erika Coelho","Est. tempo de leitura":"11 minutos"},"schema":{"@context":"https:\/\/schema.org","@graph":[{"@type":"WebPage","@id":"https:\/\/med.estrategia.com\/portal\/residencia-medica\/calendario-amp\/","url":"https:\/\/med.estrategia.com\/portal\/residencia-medica\/calendario-amp\/","name":"Calend\u00e1rio AMP 2025\/2026: veja todas as datas!","isPartOf":{"@id":"https:\/\/med.estrategia.com\/portal\/#website"},"primaryImageOfPage":{"@id":"https:\/\/med.estrategia.com\/portal\/residencia-medica\/calendario-amp\/#primaryimage"},"image":{"@id":"https:\/\/med.estrategia.com\/portal\/residencia-medica\/calendario-amp\/#primaryimage"},"thumbnailUrl":"https:\/\/med.estrategia.com\/portal\/wp-content\/uploads\/2025\/08\/AMP-atualizacao.jpg","datePublished":"2024-08-28T15:40:46+00:00","dateModified":"2025-08-19T19:32:26+00:00","author":{"@id":"https:\/\/med.estrategia.com\/portal\/#\/schema\/person\/8e7c9b2f53f2eede3b8880ad86ff20a3"},"description":"Confira o Calend\u00e1rio AMP 2025\/2026, bem como as principais datas das segundas fases das intitui\u00e7\u00f5es aderentes!","breadcrumb":{"@id":"https:\/\/med.estrategia.com\/portal\/residencia-medica\/calendario-amp\/#breadcrumb"},"inLanguage":"pt-BR","potentialAction":[{"@type":"ReadAction","target":["https:\/\/med.estrategia.com\/portal\/residencia-medica\/calendario-amp\/"]}]},{"@type":"ImageObject","inLanguage":"pt-BR","@id":"https:\/\/med.estrategia.com\/portal\/residencia-medica\/calendario-amp\/#primaryimage","url":"https:\/\/med.estrategia.com\/portal\/wp-content\/uploads\/2025\/08\/AMP-atualizacao.jpg","contentUrl":"https:\/\/med.estrategia.com\/portal\/wp-content\/uploads\/2025\/08\/AMP-atualizacao.jpg","width":1920,"height":1080,"caption":"Estrat\u00e9gia MED | Foto: Hospital Erasto Gaertner"},{"@type":"BreadcrumbList","@id":"https:\/\/med.estrategia.com\/portal\/residencia-medica\/calendario-amp\/#breadcrumb","itemListElement":[{"@type":"ListItem","position":1,"name":"Home","item":"https:\/\/med.estrategia.com\/portal\/"},{"@type":"ListItem","position":2,"name":"Resid\u00eancia M\u00e9dica","item":"https:\/\/med.estrategia.com\/portal\/residencia-medica\/"},{"@type":"ListItem","position":3,"name":"Calend\u00e1rio AMP 2026: confira as datas do exame e das fases seguintes"}]},{"@type":"WebSite","@id":"https:\/\/med.estrategia.com\/portal\/#website","url":"https:\/\/med.estrategia.com\/portal\/","name":"Estrat\u00e9gia MED","description":"","potentialAction":[{"@type":"SearchAction","target":{"@type":"EntryPoint","urlTemplate":"https:\/\/med.estrategia.com\/portal\/?s={search_term_string}"},"query-input":{"@type":"PropertyValueSpecification","valueRequired":true,"valueName":"search_term_string"}}],"inLanguage":"pt-BR"},{"@type":"Person","@id":"https:\/\/med.estrategia.com\/portal\/#\/schema\/person\/8e7c9b2f53f2eede3b8880ad86ff20a3","name":"Erika Coelho","image":{"@type":"ImageObject","inLanguage":"pt-BR","@id":"https:\/\/med.estrategia.com\/portal\/#\/schema\/person\/image\/","url":"https:\/\/secure.gravatar.com\/avatar\/8ef9ff2e2fa53829c640cca8d1a45178?s=96&d=mm&r=g","contentUrl":"https:\/\/secure.gravatar.com\/avatar\/8ef9ff2e2fa53829c640cca8d1a45178?s=96&d=mm&r=g","caption":"Erika Coelho"},"description":"Jornalista pela Universidade Presbiteriana Mackenzie, escrevo sobre educa\u00e7\u00e3o, sa\u00fade e pol\u00edticas p\u00fablicas","url":"https:\/\/med.estrategia.com\/portal\/author\/erika\/"}]}},"_wl_alt_label":[],"wl:entity_url":"\/post\/calendario-amp","_links":{"self":[{"href":"https:\/\/med.estrategia.com\/portal\/wp-json\/wp\/v2\/posts\/45214","targetHints":{"allow":["GET"]}}],"collection":[{"href":"https:\/\/med.estrategia.com\/portal\/wp-json\/wp\/v2\/posts"}],"about":[{"href":"https:\/\/med.estrategia.com\/portal\/wp-json\/wp\/v2\/types\/post"}],"author":[{"embeddable":true,"href":"https:\/\/med.estrategia.com\/portal\/wp-json\/wp\/v2\/users\/22"}],"replies":[{"embeddable":true,"href":"https:\/\/med.estrategia.com\/portal\/wp-json\/wp\/v2\/comments?post=45214"}],"version-history":[{"count":24,"href":"https:\/\/med.estrategia.com\/portal\/wp-json\/wp\/v2\/posts\/45214\/revisions"}],"predecessor-version":[{"id":92492,"href":"https:\/\/med.estrategia.com\/portal\/wp-json\/wp\/v2\/posts\/45214\/revisions\/92492"}],"wp:featuredmedia":[{"embeddable":true,"href":"https:\/\/med.estrategia.com\/portal\/wp-json\/wp\/v2\/media\/92393"}],"wp:attachment":[{"href":"https:\/\/med.estrategia.com\/portal\/wp-json\/wp\/v2\/media?parent=45214"}],"wp:term":[{"taxonomy":"category","embeddable":true,"href":"https:\/\/med.estrategia.com\/portal\/wp-json\/wp\/v2\/categories?post=45214"},{"taxonomy":"post_tag","embeddable":true,"href":"https:\/\/med.estrategia.com\/portal\/wp-json\/wp\/v2\/tags?post=45214"},{"taxonomy":"wl_entity_type","embeddable":true,"href":"https:\/\/med.estrategia.com\/portal\/wp-json\/wp\/v2\/wl_entity_type?post=45214"}],"curies":[{"name":"wp","href":"https:\/\/api.w.org\/{rel}","templated":true}]}}