{"id":45455,"date":"2023-08-27T12:00:00","date_gmt":"2023-08-27T15:00:00","guid":{"rendered":"https:\/\/med.estrategia.com\/portal\/?p=45455"},"modified":"2023-08-25T13:06:46","modified_gmt":"2023-08-25T16:06:46","slug":"residencia-medica-em-radiologia-hospital-sirio-libanes","status":"publish","type":"post","link":"https:\/\/med.estrategia.com\/portal\/residencia-medica\/residencia-medica-em-radiologia-hospital-sirio-libanes\/","title":{"rendered":"Como \u00e9 a Resid\u00eancia M\u00e9dica de Radiologia no Hospital S\u00edrio-Liban\u00eas"},"content":{"rendered":"<p>A busca pela excel&ecirc;ncia na forma&ccedil;&atilde;o m&eacute;dica tem levado profissionais de todo o pa&iacute;s a optar por centros de refer&ecirc;ncia renomados. No cen&aacute;rio da Radiologia e Diagn&oacute;stico por Imagem, o <strong>Hospital S&iacute;rio-Liban&ecirc;s <\/strong>se destaca como um polo de aprendizado e pesquisa avan&ccedil;ada.<br><br>Em entrevista concedida pelo Dr. Daniel Cardoso ao Estrat&eacute;gia MED, podemos ter um vislumbre detalhado da <strong>experi&ecirc;ncia &uacute;nica vivenciada pelos residentes de Radiologia e Diagn&oacute;stico por Imagem <\/strong>nesse prestigioso hospital. Neste texto, exploramos brevemente sua trajet&oacute;ria pela resid&ecirc;ncia m&eacute;dica do programa, revelando a not&aacute;vel jornada de aprendizado e crescimento na &aacute;rea m&eacute;dica.<h2 class=\"wp-block-heading\" id=\"h-a-residencia-em-radiologia-e-diagnostico-por-imagem-no-sirio-libanes\">A resid&ecirc;ncia em Radiologia e Diagn&oacute;stico por Imagem no S&iacute;rio-Liban&ecirc;s<\/h2><p>O renomado <strong>Hospital S&iacute;rio-Liban&ecirc;s tem se destacado<\/strong> n&atilde;o apenas como um centro m&eacute;dico de refer&ecirc;ncia, mas tamb&eacute;m como um <strong>ambiente prop&iacute;cio para a forma&ccedil;&atilde;o m&eacute;dica avan&ccedil;ada<\/strong>. Em uma entrevista exclusiva para o Vida de Residente, a professora Ana Luiza Viana conversou com o <strong>Daniel Cardoso, residente de Radiologia e Diagn&oacute;stico por Imagem na institui&ccedil;&atilde;o<\/strong>, para explorar a experi&ecirc;ncia &uacute;nica oferecida pela resid&ecirc;ncia na especialidade do Hospital S&iacute;rio-Liban&ecirc;s.<\/p><p>Natural do Cear&aacute; e formado na Universidade de Fortaleza, Cardoso ressalta a qualidade do ensino que recebeu e destaca o<strong> privil&eacute;gio de fazer parte do programa de Radiologia nesse renomado hospital<\/strong>. Ele destaca a abordagem de aprendizado ativo que &eacute; incentivada, com &ecirc;nfase na <strong>liberdade de escolher casos para an&aacute;lise e discuss&atilde;o<\/strong> com os chefes. Segundo Daniel, essa abordagem permite aos residentes uma<strong> imers&atilde;o completa no diagn&oacute;stico por imagem e no racioc&iacute;nio cl&iacute;nico.<\/strong><\/p><h3 class=\"wp-block-heading\" id=\"h-excelencia-em-pesquisa-e-crescimento-profissional\">Excel&ecirc;ncia em Pesquisa e Crescimento Profissional<\/h3><p>A entrevista evidencia a <strong>forte cultura de pesquisa e inova&ccedil;&atilde;o<\/strong> no Hospital S&iacute;rio-Liban&ecirc;s. H&aacute; &ecirc;nfase no incentivo &agrave; produ&ccedil;&atilde;o de trabalhos cient&iacute;ficos e a participa&ccedil;&atilde;o em congressos, com destaque para o <strong>alto &iacute;ndice de aprova&ccedil;&atilde;o de trabalhos apresentados<\/strong>, incluindo no Congresso Americano de Radiologia. A resid&ecirc;ncia tamb&eacute;m oferece <strong>oportunidades de vivenciar a Radiologia Intervencionista<\/strong>, proporcionando aos residentes um olhar privilegiado sobre procedimentos cl&iacute;nicos avan&ccedil;ados.<\/p><p>J&aacute; a rela&ccedil;&atilde;o interpessoal &eacute; positiva entre os residentes e chefes. Cardoso ressalta que a <strong>atmosfera entre os residentes &eacute; excelente<\/strong>, contribuindo para um aprendizado colaborativo e enriquecedor. Ele tamb&eacute;m destaca que os<strong> chefes est&atilde;o acess&iacute;veis para discuss&otilde;es, orienta&ccedil;&otilde;es e revis&otilde;es de casos<\/strong>, o que cria um ambiente prop&iacute;cio para o crescimento profissional.<\/p><h3 class=\"wp-block-heading\" id=\"h-perspectivas-para-o-futuro\">Perspectivas para o futuro<\/h3><p>Ao abordar o<strong> futuro da Radiologia<\/strong>, Daniel se mostra otimista quanto &agrave;s<strong> possibilidades trazidas pela tecnologia<\/strong>, como a Intelig&ecirc;ncia Artificial. Ele enfatiza que a <strong>especializa&ccedil;&atilde;o &eacute; uma tend&ecirc;ncia crescente<\/strong> e que o<strong> dom&iacute;nio da tecnologia ser&aacute; um diferencial <\/strong>para os profissionais da &aacute;rea.<\/p><p>Em resumo, a resid&ecirc;ncia de Radiologia no Hospital S&iacute;rio-Liban&ecirc;s &eacute; uma<strong> oportunidade valiosa<\/strong> para profissionais que buscam uma <strong>forma&ccedil;&atilde;o de excel&ecirc;ncia, pesquisa e intera&ccedil;&atilde;o com especialistas renomados<\/strong>. Com uma abordagem de aprendizado ativo, foco em pesquisa e um ambiente colaborativo, os residentes t&ecirc;m acesso a uma educa&ccedil;&atilde;o de alto n&iacute;vel e est&atilde;o preparados para<strong> contribuir significativamente para o campo da Radiologia e Diagn&oacute;stico por Imagem.<\/strong><\/p><p>Descubra mais sobre o programa de resid&ecirc;ncia m&eacute;dica em Radiologia e Diagn&oacute;stico por Imagem no Hospital S&iacute;rio-Liban&ecirc;s com o bate-papo &ldquo;Vida de Residente&rdquo; entre a Professora Ana Luiza Viana e Daniel Cardoso, m&eacute;dico residente da especialidade na institui&ccedil;&atilde;o, no v&iacute;deo abaixo:<\/p><figure class=\"wp-block-embed is-type-video is-provider-youtube wp-block-embed-youtube wp-embed-aspect-16-9 wp-has-aspect-ratio\"><div class=\"wp-block-embed__wrapper\">\n<div class=\"cs-embed cs-embed-responsive\"><iframe title=\"Como &eacute; o programa de Resid&ecirc;ncia de Radiologia no Hospital S&iacute;rio Liban&ecirc;s (HSL) - Vida de Residente\" width=\"1200\" height=\"675\" src=\"https:\/\/www.youtube.com\/embed\/ezwKsZ6WfRY?list=PLZJoO86DqMTTgyeqgcdfO13H0WdLW0I4f\" frameborder=\"0\" allow=\"accelerometer; autoplay; clipboard-write; encrypted-media; gyroscope; picture-in-picture; web-share\" allowfullscreen><\/iframe><\/div>\n<\/div><\/figure><div class=\"wp-block-buttons is-content-justification-center is-layout-flex wp-container-core-buttons-is-layout-1 wp-block-buttons-is-layout-flex\">\n<div class=\"wp-block-button\"><a class=\"wp-block-button__link wp-element-button\" href=\"https:\/\/med.estrategia.com\/portal\/residencia-medica\/hospital-sirio-libanes-residencia-medica\/\" target=\"_blank\">tudo sobre o processo seletivo do s&iacute;rio-liban&ecirc;s<\/a><\/div>\n<\/div><p>Se voc&ecirc; quer ficar por dentro de mais conte&uacute;dos relevantes sobre a &aacute;rea m&eacute;dica, continue acompanhando o material preparado pelo <a href=\"https:\/\/med.estrategia.com\/portal\/\" target=\"_blank\">Portal de Not&iacute;cias do Estrat&eacute;gia MED<\/a>. Aqui, voc&ecirc; encontrar&aacute; informa&ccedil;&otilde;es atualizadas sobre resid&ecirc;ncias, carreira m&eacute;dica e muito mais!<\/p><p>\n\n\n\n<a id=\"cta\" class=\"cta-imagem\" href=\"https:\/\/med.estrategia.com\/curso\/curso-intensivo-para-residencia-medica\/\" target=\"blank\">\n                <img decoding=\"async\" width=\"100%\" src=\"https:\/\/med.estrategia.com\/portal\/wp-content\/uploads\/2025\/08\/intensivo_rm.jpg\" alt=\"intensivo_rm\" title=\"intensivo_rm\">\n        <\/a>\n<\/p><\/p>\n","protected":false},"excerpt":{"rendered":"A busca pela excel&ecirc;ncia na forma&ccedil;&atilde;o m&eacute;dica tem levado profissionais de todo o pa&iacute;s a optar por centros&hellip;\n","protected":false},"author":39,"featured_media":38502,"comment_status":"closed","ping_status":"closed","sticky":false,"template":"","format":"standard","meta":{"wl_entities_gutenberg":"","footnotes":""},"categories":[24],"tags":[],"wl_entity_type":[199],"class_list":{"0":"post-45455","1":"post","2":"type-post","3":"status-publish","4":"format-standard","5":"has-post-thumbnail","7":"category-residencia-medica","8":"wl_entity_type-article"},"acf":[],"yoast_head":"<!-- This site is optimized with the Yoast SEO Premium plugin v26.6 (Yoast SEO v26.6) - https:\/\/yoast.com\/wordpress\/plugins\/seo\/ -->\n<title>Como \u00e9 a Resid\u00eancia M\u00e9dica de Radiologia no Hospital S\u00edrio-Liban\u00eas<\/title>\n<meta name=\"description\" content=\"Venha conferir o relato de residente sobre o programa de resid\u00eancia m\u00e9dica em Radiologia e Diagn\u00f3stico por Imagem do Hospital S\u00edrio-Liban\u00eas!\" \/>\n<meta name=\"robots\" content=\"index, follow, max-snippet:-1, max-image-preview:large, max-video-preview:-1\" \/>\n<link rel=\"canonical\" href=\"https:\/\/med.estrategia.com\/portal\/residencia-medica\/residencia-medica-em-radiologia-hospital-sirio-libanes\/\" \/>\n<meta property=\"og:locale\" content=\"pt_BR\" \/>\n<meta property=\"og:type\" content=\"article\" \/>\n<meta property=\"og:title\" content=\"Como \u00e9 a Resid\u00eancia M\u00e9dica de Radiologia no Hospital S\u00edrio-Liban\u00eas\" \/>\n<meta property=\"og:description\" content=\"Venha conferir o relato de residente sobre o programa de resid\u00eancia m\u00e9dica em Radiologia e Diagn\u00f3stico por Imagem do Hospital S\u00edrio-Liban\u00eas!\" \/>\n<meta property=\"og:url\" content=\"https:\/\/med.estrategia.com\/portal\/residencia-medica\/residencia-medica-em-radiologia-hospital-sirio-libanes\/\" \/>\n<meta property=\"og:site_name\" content=\"Estrat\u00e9gia MED\" \/>\n<meta property=\"article:publisher\" content=\"https:\/\/www.facebook.com\/estrategiamed1\" \/>\n<meta property=\"article:published_time\" content=\"2023-08-27T15:00:00+00:00\" \/>\n<meta property=\"og:image\" content=\"https:\/\/cdn.medblog.estrategiaeducacional.com.br\/wp-content\/uploads\/2023\/04\/YTB_.png\" \/>\n\t<meta property=\"og:image:width\" content=\"1280\" \/>\n\t<meta property=\"og:image:height\" content=\"720\" \/>\n\t<meta property=\"og:image:type\" content=\"image\/png\" \/>\n<meta name=\"author\" content=\"Ana Carolina Damasceno\" \/>\n<meta name=\"twitter:card\" content=\"summary_large_image\" \/>\n<meta name=\"twitter:creator\" content=\"@estrategiamed_\" \/>\n<meta name=\"twitter:site\" content=\"@estrategiamed_\" \/>\n<meta name=\"twitter:label1\" content=\"Escrito por\" \/>\n\t<meta name=\"twitter:data1\" content=\"Ana Carolina Damasceno\" \/>\n\t<meta name=\"twitter:label2\" content=\"Est. tempo de leitura\" \/>\n\t<meta name=\"twitter:data2\" content=\"3 minutos\" \/>\n<script type=\"application\/ld+json\" class=\"yoast-schema-graph\">{\"@context\":\"https:\/\/schema.org\",\"@graph\":[{\"@type\":\"WebPage\",\"@id\":\"https:\/\/med.estrategia.com\/portal\/residencia-medica\/residencia-medica-em-radiologia-hospital-sirio-libanes\/\",\"url\":\"https:\/\/med.estrategia.com\/portal\/residencia-medica\/residencia-medica-em-radiologia-hospital-sirio-libanes\/\",\"name\":\"Como \u00e9 a Resid\u00eancia M\u00e9dica de Radiologia no Hospital S\u00edrio-Liban\u00eas\",\"isPartOf\":{\"@id\":\"https:\/\/med.estrategia.com\/portal\/#website\"},\"primaryImageOfPage\":{\"@id\":\"https:\/\/med.estrategia.com\/portal\/residencia-medica\/residencia-medica-em-radiologia-hospital-sirio-libanes\/#primaryimage\"},\"image\":{\"@id\":\"https:\/\/med.estrategia.com\/portal\/residencia-medica\/residencia-medica-em-radiologia-hospital-sirio-libanes\/#primaryimage\"},\"thumbnailUrl\":\"https:\/\/med.estrategia.com\/portal\/wp-content\/uploads\/2023\/04\/YTB_.png\",\"datePublished\":\"2023-08-27T15:00:00+00:00\",\"author\":{\"@id\":\"https:\/\/med.estrategia.com\/portal\/#\/schema\/person\/2f553adbb8e25fe39d145c5b2927f58c\"},\"description\":\"Venha conferir o relato de residente sobre o programa de resid\u00eancia m\u00e9dica em Radiologia e Diagn\u00f3stico por Imagem do Hospital S\u00edrio-Liban\u00eas!\",\"breadcrumb\":{\"@id\":\"https:\/\/med.estrategia.com\/portal\/residencia-medica\/residencia-medica-em-radiologia-hospital-sirio-libanes\/#breadcrumb\"},\"inLanguage\":\"pt-BR\",\"potentialAction\":[{\"@type\":\"ReadAction\",\"target\":[\"https:\/\/med.estrategia.com\/portal\/residencia-medica\/residencia-medica-em-radiologia-hospital-sirio-libanes\/\"]}]},{\"@type\":\"ImageObject\",\"inLanguage\":\"pt-BR\",\"@id\":\"https:\/\/med.estrategia.com\/portal\/residencia-medica\/residencia-medica-em-radiologia-hospital-sirio-libanes\/#primaryimage\",\"url\":\"https:\/\/med.estrategia.com\/portal\/wp-content\/uploads\/2023\/04\/YTB_.png\",\"contentUrl\":\"https:\/\/med.estrategia.com\/portal\/wp-content\/uploads\/2023\/04\/YTB_.png\",\"width\":1280,\"height\":720,\"caption\":\"Estrat\u00e9gia MED\"},{\"@type\":\"BreadcrumbList\",\"@id\":\"https:\/\/med.estrategia.com\/portal\/residencia-medica\/residencia-medica-em-radiologia-hospital-sirio-libanes\/#breadcrumb\",\"itemListElement\":[{\"@type\":\"ListItem\",\"position\":1,\"name\":\"Home\",\"item\":\"https:\/\/med.estrategia.com\/portal\/\"},{\"@type\":\"ListItem\",\"position\":2,\"name\":\"Resid\u00eancia M\u00e9dica\",\"item\":\"https:\/\/med.estrategia.com\/portal\/residencia-medica\/\"},{\"@type\":\"ListItem\",\"position\":3,\"name\":\"Como \u00e9 a Resid\u00eancia M\u00e9dica de Radiologia no Hospital S\u00edrio-Liban\u00eas\"}]},{\"@type\":\"WebSite\",\"@id\":\"https:\/\/med.estrategia.com\/portal\/#website\",\"url\":\"https:\/\/med.estrategia.com\/portal\/\",\"name\":\"Estrat\u00e9gia MED\",\"description\":\"\",\"potentialAction\":[{\"@type\":\"SearchAction\",\"target\":{\"@type\":\"EntryPoint\",\"urlTemplate\":\"https:\/\/med.estrategia.com\/portal\/?s={search_term_string}\"},\"query-input\":{\"@type\":\"PropertyValueSpecification\",\"valueRequired\":true,\"valueName\":\"search_term_string\"}}],\"inLanguage\":\"pt-BR\"},{\"@type\":\"Person\",\"@id\":\"https:\/\/med.estrategia.com\/portal\/#\/schema\/person\/2f553adbb8e25fe39d145c5b2927f58c\",\"name\":\"Ana Carolina Damasceno\",\"image\":{\"@type\":\"ImageObject\",\"inLanguage\":\"pt-BR\",\"@id\":\"https:\/\/med.estrategia.com\/portal\/#\/schema\/person\/image\/\",\"url\":\"https:\/\/med.estrategia.com\/portal\/wp-content\/uploads\/2021\/09\/WhatsApp-Image-2023-08-18-at-16.46.43-150x150.jpeg\",\"contentUrl\":\"https:\/\/med.estrategia.com\/portal\/wp-content\/uploads\/2021\/09\/WhatsApp-Image-2023-08-18-at-16.46.43-150x150.jpeg\",\"caption\":\"Ana Carolina Damasceno\"},\"description\":\"Coordenadora de Jornalismo EMED. Comunicadora por natureza e forma\u00e7\u00e3o, que ama e perde a no\u00e7\u00e3o do tempo com m\u00fasica e s\u00e9rie.\",\"url\":\"https:\/\/med.estrategia.com\/portal\/author\/ana-carolina-damasceno\/\"}]}<\/script>\n<!-- \/ Yoast SEO Premium plugin. -->","yoast_head_json":{"title":"Como \u00e9 a Resid\u00eancia M\u00e9dica de Radiologia no Hospital S\u00edrio-Liban\u00eas","description":"Venha conferir o relato de residente sobre o programa de resid\u00eancia m\u00e9dica em Radiologia e Diagn\u00f3stico por Imagem do Hospital S\u00edrio-Liban\u00eas!","robots":{"index":"index","follow":"follow","max-snippet":"max-snippet:-1","max-image-preview":"max-image-preview:large","max-video-preview":"max-video-preview:-1"},"canonical":"https:\/\/med.estrategia.com\/portal\/residencia-medica\/residencia-medica-em-radiologia-hospital-sirio-libanes\/","og_locale":"pt_BR","og_type":"article","og_title":"Como \u00e9 a Resid\u00eancia M\u00e9dica de Radiologia no Hospital S\u00edrio-Liban\u00eas","og_description":"Venha conferir o relato de residente sobre o programa de resid\u00eancia m\u00e9dica em Radiologia e Diagn\u00f3stico por Imagem do Hospital S\u00edrio-Liban\u00eas!","og_url":"https:\/\/med.estrategia.com\/portal\/residencia-medica\/residencia-medica-em-radiologia-hospital-sirio-libanes\/","og_site_name":"Estrat\u00e9gia MED","article_publisher":"https:\/\/www.facebook.com\/estrategiamed1","article_published_time":"2023-08-27T15:00:00+00:00","og_image":[{"width":1280,"height":720,"url":"https:\/\/cdn.medblog.estrategiaeducacional.com.br\/wp-content\/uploads\/2023\/04\/YTB_.png","type":"image\/png"}],"author":"Ana Carolina Damasceno","twitter_card":"summary_large_image","twitter_creator":"@estrategiamed_","twitter_site":"@estrategiamed_","twitter_misc":{"Escrito por":"Ana Carolina Damasceno","Est. tempo de leitura":"3 minutos"},"schema":{"@context":"https:\/\/schema.org","@graph":[{"@type":"WebPage","@id":"https:\/\/med.estrategia.com\/portal\/residencia-medica\/residencia-medica-em-radiologia-hospital-sirio-libanes\/","url":"https:\/\/med.estrategia.com\/portal\/residencia-medica\/residencia-medica-em-radiologia-hospital-sirio-libanes\/","name":"Como \u00e9 a Resid\u00eancia M\u00e9dica de Radiologia no Hospital S\u00edrio-Liban\u00eas","isPartOf":{"@id":"https:\/\/med.estrategia.com\/portal\/#website"},"primaryImageOfPage":{"@id":"https:\/\/med.estrategia.com\/portal\/residencia-medica\/residencia-medica-em-radiologia-hospital-sirio-libanes\/#primaryimage"},"image":{"@id":"https:\/\/med.estrategia.com\/portal\/residencia-medica\/residencia-medica-em-radiologia-hospital-sirio-libanes\/#primaryimage"},"thumbnailUrl":"https:\/\/med.estrategia.com\/portal\/wp-content\/uploads\/2023\/04\/YTB_.png","datePublished":"2023-08-27T15:00:00+00:00","author":{"@id":"https:\/\/med.estrategia.com\/portal\/#\/schema\/person\/2f553adbb8e25fe39d145c5b2927f58c"},"description":"Venha conferir o relato de residente sobre o programa de resid\u00eancia m\u00e9dica em Radiologia e Diagn\u00f3stico por Imagem do Hospital S\u00edrio-Liban\u00eas!","breadcrumb":{"@id":"https:\/\/med.estrategia.com\/portal\/residencia-medica\/residencia-medica-em-radiologia-hospital-sirio-libanes\/#breadcrumb"},"inLanguage":"pt-BR","potentialAction":[{"@type":"ReadAction","target":["https:\/\/med.estrategia.com\/portal\/residencia-medica\/residencia-medica-em-radiologia-hospital-sirio-libanes\/"]}]},{"@type":"ImageObject","inLanguage":"pt-BR","@id":"https:\/\/med.estrategia.com\/portal\/residencia-medica\/residencia-medica-em-radiologia-hospital-sirio-libanes\/#primaryimage","url":"https:\/\/med.estrategia.com\/portal\/wp-content\/uploads\/2023\/04\/YTB_.png","contentUrl":"https:\/\/med.estrategia.com\/portal\/wp-content\/uploads\/2023\/04\/YTB_.png","width":1280,"height":720,"caption":"Estrat\u00e9gia MED"},{"@type":"BreadcrumbList","@id":"https:\/\/med.estrategia.com\/portal\/residencia-medica\/residencia-medica-em-radiologia-hospital-sirio-libanes\/#breadcrumb","itemListElement":[{"@type":"ListItem","position":1,"name":"Home","item":"https:\/\/med.estrategia.com\/portal\/"},{"@type":"ListItem","position":2,"name":"Resid\u00eancia M\u00e9dica","item":"https:\/\/med.estrategia.com\/portal\/residencia-medica\/"},{"@type":"ListItem","position":3,"name":"Como \u00e9 a Resid\u00eancia M\u00e9dica de Radiologia no Hospital S\u00edrio-Liban\u00eas"}]},{"@type":"WebSite","@id":"https:\/\/med.estrategia.com\/portal\/#website","url":"https:\/\/med.estrategia.com\/portal\/","name":"Estrat\u00e9gia MED","description":"","potentialAction":[{"@type":"SearchAction","target":{"@type":"EntryPoint","urlTemplate":"https:\/\/med.estrategia.com\/portal\/?s={search_term_string}"},"query-input":{"@type":"PropertyValueSpecification","valueRequired":true,"valueName":"search_term_string"}}],"inLanguage":"pt-BR"},{"@type":"Person","@id":"https:\/\/med.estrategia.com\/portal\/#\/schema\/person\/2f553adbb8e25fe39d145c5b2927f58c","name":"Ana Carolina Damasceno","image":{"@type":"ImageObject","inLanguage":"pt-BR","@id":"https:\/\/med.estrategia.com\/portal\/#\/schema\/person\/image\/","url":"https:\/\/med.estrategia.com\/portal\/wp-content\/uploads\/2021\/09\/WhatsApp-Image-2023-08-18-at-16.46.43-150x150.jpeg","contentUrl":"https:\/\/med.estrategia.com\/portal\/wp-content\/uploads\/2021\/09\/WhatsApp-Image-2023-08-18-at-16.46.43-150x150.jpeg","caption":"Ana Carolina Damasceno"},"description":"Coordenadora de Jornalismo EMED. Comunicadora por natureza e forma\u00e7\u00e3o, que ama e perde a no\u00e7\u00e3o do tempo com m\u00fasica e s\u00e9rie.","url":"https:\/\/med.estrategia.com\/portal\/author\/ana-carolina-damasceno\/"}]}},"_wl_alt_label":[],"wl:entity_url":"\/post\/residencia-medica-em-radiologia-hospital-sirio-libanes","_links":{"self":[{"href":"https:\/\/med.estrategia.com\/portal\/wp-json\/wp\/v2\/posts\/45455","targetHints":{"allow":["GET"]}}],"collection":[{"href":"https:\/\/med.estrategia.com\/portal\/wp-json\/wp\/v2\/posts"}],"about":[{"href":"https:\/\/med.estrategia.com\/portal\/wp-json\/wp\/v2\/types\/post"}],"author":[{"embeddable":true,"href":"https:\/\/med.estrategia.com\/portal\/wp-json\/wp\/v2\/users\/39"}],"replies":[{"embeddable":true,"href":"https:\/\/med.estrategia.com\/portal\/wp-json\/wp\/v2\/comments?post=45455"}],"version-history":[{"count":2,"href":"https:\/\/med.estrategia.com\/portal\/wp-json\/wp\/v2\/posts\/45455\/revisions"}],"predecessor-version":[{"id":45458,"href":"https:\/\/med.estrategia.com\/portal\/wp-json\/wp\/v2\/posts\/45455\/revisions\/45458"}],"wp:featuredmedia":[{"embeddable":true,"href":"https:\/\/med.estrategia.com\/portal\/wp-json\/wp\/v2\/media\/38502"}],"wp:attachment":[{"href":"https:\/\/med.estrategia.com\/portal\/wp-json\/wp\/v2\/media?parent=45455"}],"wp:term":[{"taxonomy":"category","embeddable":true,"href":"https:\/\/med.estrategia.com\/portal\/wp-json\/wp\/v2\/categories?post=45455"},{"taxonomy":"post_tag","embeddable":true,"href":"https:\/\/med.estrategia.com\/portal\/wp-json\/wp\/v2\/tags?post=45455"},{"taxonomy":"wl_entity_type","embeddable":true,"href":"https:\/\/med.estrategia.com\/portal\/wp-json\/wp\/v2\/wl_entity_type?post=45455"}],"curies":[{"name":"wp","href":"https:\/\/api.w.org\/{rel}","templated":true}]}}