{"id":45499,"date":"2023-08-25T16:18:33","date_gmt":"2023-08-25T19:18:33","guid":{"rendered":"https:\/\/med.estrategia.com\/portal\/?p=45499"},"modified":"2023-10-11T10:15:29","modified_gmt":"2023-10-11T13:15:29","slug":"sao-caetano-divulga-edital-para-concurso-publico-com-vagas-para-medicos","status":"publish","type":"post","link":"https:\/\/med.estrategia.com\/portal\/concursos\/sao-caetano-divulga-edital-para-concurso-publico-com-vagas-para-medicos\/","title":{"rendered":"S\u00e3o Caetano divulga edital para concurso p\u00fablico com vagas para m\u00e9dicos"},"content":{"rendered":"<p>A <strong>Prefeitura de S&atilde;o Caetano<\/strong> divulgou, hoje (25), o edital do concurso p&uacute;blico com diversas vagas, incluindo uma <strong>vaga para ampla concorr&ecirc;ncia e tr&ecirc;s vagas para forma&ccedil;&atilde;o de cadastro reserva para o cargo de M&eacute;dico do Trabalho<\/strong>.&nbsp;&nbsp;<p>As <strong>inscri&ccedil;&otilde;es est&atilde;o abertas e seguem at&eacute; o dia 09 de outubro<\/strong> <strong>de 2023<\/strong> pelo site da banca organizadora do edital,<a href=\"https:\/\/concurso.idecan.org.br\/Concurso.aspx?ID=86\" target=\"_blank\"> IDECAN<\/a>. O <strong>valor da taxa &eacute; de R$ 130,00<\/strong> para o n&iacute;vel superior e pode ser pago at&eacute; o dia 6 de outubro.<\/p><p>A remunera&ccedil;&atilde;o inicial para <strong>a vaga de M&eacute;dico do Trabalho &eacute; de R$ 4.023,15<\/strong> para uma carga hor&aacute;ria semanal de 24 horas.<\/p><div class=\"wp-block-buttons is-content-justification-center is-layout-flex wp-container-core-buttons-is-layout-1 wp-block-buttons-is-layout-flex\">\n<div class=\"wp-block-button\"><a class=\"wp-block-button__link wp-element-button\" href=\"https:\/\/med.estrategia.com\/portal\/wp-content\/uploads\/2023\/08\/edital-concurso-prefeitura-saocaetanodosul-SP-2023.pdf\" target=\"_blank\">EDITAL &ndash; PREFEITURA DE S&Atilde;O CAETANO DO SUL 2023<\/a><\/div>\n<\/div><div id=\"ez-toc-container\" class=\"ez-toc-v2_0_79_2 counter-hierarchy ez-toc-counter ez-toc-transparent ez-toc-container-direction\">\n<div class=\"ez-toc-title-container\"><p class=\"ez-toc-title\" style=\"cursor:inherit\">Navegue pelo conte\u00fado<\/p>\n<\/div><nav><ul class='ez-toc-list ez-toc-list-level-1 ' ><li class='ez-toc-page-1 ez-toc-heading-level-2'><a class=\"ez-toc-link ez-toc-heading-1\" href=\"https:\/\/med.estrategia.com\/portal\/concursos\/sao-caetano-divulga-edital-para-concurso-publico-com-vagas-para-medicos\/#Resumo-do-Edital-de-Sao-Caetano-do-Sul\" >Resumo do Edital de S&atilde;o Caetano do Sul<\/a><\/li><li class='ez-toc-page-1 ez-toc-heading-level-2'><a class=\"ez-toc-link ez-toc-heading-2\" href=\"https:\/\/med.estrategia.com\/portal\/concursos\/sao-caetano-divulga-edital-para-concurso-publico-com-vagas-para-medicos\/#Inscricoes\" >Inscri&ccedil;&otilde;es<\/a><\/li><li class='ez-toc-page-1 ez-toc-heading-level-2'><a class=\"ez-toc-link ez-toc-heading-3\" href=\"https:\/\/med.estrategia.com\/portal\/concursos\/sao-caetano-divulga-edital-para-concurso-publico-com-vagas-para-medicos\/#Processo-Seletivo\" >Processo Seletivo<\/a><\/li><li class='ez-toc-page-1 ez-toc-heading-level-2'><a class=\"ez-toc-link ez-toc-heading-4\" href=\"https:\/\/med.estrategia.com\/portal\/concursos\/sao-caetano-divulga-edital-para-concurso-publico-com-vagas-para-medicos\/#Sobre-Sao-Caetano-do-Sul-%E2%80%93-SP\" >Sobre S&atilde;o Caetano do Sul &ndash; SP<\/a><\/li><li class='ez-toc-page-1 ez-toc-heading-level-2'><a class=\"ez-toc-link ez-toc-heading-5\" href=\"https:\/\/med.estrategia.com\/portal\/concursos\/sao-caetano-divulga-edital-para-concurso-publico-com-vagas-para-medicos\/#Prepare-se-agora-para-o-concurso-publico-de-Sao-Caetano-do-Sul\" >Prepare-se agora para o concurso p&uacute;blico de S&atilde;o Caetano do Sul!&nbsp;&nbsp;<\/a><\/li><\/ul><\/nav><\/div>\n<h2 class=\"wp-block-heading\" id=\"h-resumo-do-edital-de-sao-caetano-do-sul\"><span class=\"ez-toc-section\" id=\"Resumo-do-Edital-de-Sao-Caetano-do-Sul\"><\/span>Resumo do Edital de S&atilde;o Caetano do Sul<span class=\"ez-toc-section-end\"><\/span><\/h2><figure class=\"wp-block-table\"><table><tbody><tr><td>Vagas Ofertadas<\/td><td>1 + 3 CR<\/td><\/tr><tr><td>Remunera&ccedil;&atilde;o<\/td><td>R$ 4.023,15<\/td><\/tr><tr><td>Carga Hor&aacute;ria Semanal&nbsp;&nbsp;<\/td><td>24 horas<\/td><\/tr><tr><td>Composi&ccedil;&atilde;o do Processo Seletivo<\/td><td>Prova objetiva<\/td><\/tr><tr><td>Taxa de Inscri&ccedil;&atilde;o<\/td><td>R$ 130,00<\/td><\/tr><tr><td>Per&iacute;odo de inscri&ccedil;&atilde;o<\/td><td>25\/08\/2023 a 9\/10\/2023<\/td><\/tr><tr><td>Solicita&ccedil;&atilde;o de isen&ccedil;&atilde;o da taxa de inscri&ccedil;&atilde;o<\/td><td>28\/082023 a 29\/08\/2023<\/td><\/tr><tr><td>Pagamento da Taxa de Inscri&ccedil;&atilde;o<\/td><td>6\/09\/2023<\/td><\/tr><tr><td>Prova Objetiva<\/td><td>28\/10\/2023<\/td><\/tr><tr><td>Publica&ccedil;&atilde;o do gabarito preliminar da prova objetiva<\/td><td>30\/10\/2023<\/td><\/tr><tr><td>Publica&ccedil;&atilde;o do gabarito definitivo da prova objetiva e resultado preliminar<\/td><td>16\/11\/2023<\/td><\/tr><tr><td>Publica&ccedil;&atilde;o do resultado definitivo da prova objetiva<\/td><td>24\/11\/2023<\/td><\/tr><\/tbody><\/table><\/figure><h2 class=\"wp-block-heading\" id=\"h-inscricoes\"><span class=\"ez-toc-section\" id=\"Inscricoes\"><\/span>Inscri&ccedil;&otilde;es<span class=\"ez-toc-section-end\"><\/span><\/h2><p>As <strong>inscri&ccedil;&otilde;es<\/strong> <strong>j&aacute; est&atilde;o abertas <\/strong>e seguem <strong>at&eacute; o dia 5 de outubro de 2023<\/strong>. Para realizar a inscri&ccedil;&atilde;o, basta o candidato acessar o site do<a href=\"https:\/\/concurso.idecan.org.br\/Concurso.aspx?ID=86\" target=\"_blank\"> IDECAN<\/a>. O valor da taxa para n&iacute;vel superior &eacute;<strong> de R$ 130,00<\/strong>.<\/p><h2 class=\"wp-block-heading\" id=\"h-processo-seletivo\"><span class=\"ez-toc-section\" id=\"Processo-Seletivo\"><\/span>Processo Seletivo<span class=\"ez-toc-section-end\"><\/span><\/h2><p>O processo seletivo para esse edital conta com <strong>uma prova objetiva prevista para o dia 28 de outubro de 2023, das 14h &agrave;s 17h.<\/strong><\/p><p>A<strong> prova objetiva <\/strong>ser&aacute; de car&aacute;ter classificat&oacute;rio\/eliminat&oacute;rio, composta por <strong>40 quest&otilde;es de m&uacute;ltipla escolha<\/strong>, com quatro alternativas cada, sendo apenas uma correta.<\/p><p>A prova objetiva ser&aacute; composta pelas seguintes &aacute;reas de conhecimento:&nbsp;<\/p><ul class=\"wp-block-list\">\n<li>10 quest&otilde;es de L&iacute;ngua Portuguesa;<\/li>\n\n\n\n<li>&nbsp;5 quest&otilde;es de Racioc&iacute;nio L&oacute;gico;<\/li>\n\n\n\n<li>&nbsp;5 quest&otilde;es de Inform&aacute;tica; e<\/li>\n\n\n\n<li>&nbsp;20 quest&otilde;es Conhecimentos Espec&iacute;ficos;<\/li>\n<\/ul><p>O <strong>candidato para ser aprovado\/classificado<\/strong> precisa obter uma <strong>pontua&ccedil;&atilde;o igual ou superior a 50% do total de pontos<\/strong> da prova objetiva e ter pontuado no m&iacute;nimo uma quest&atilde;o de cada disciplina.&nbsp;&nbsp;<\/p><p>Para mais informa&ccedil;&otilde;es sobre o concurso p&uacute;blico de S&atilde;o Caetano do Sul com vagas em outras &aacute;reas, <a href=\"https:\/\/www.estrategiaconcursos.com.br\/blog\/concurso-sao-caetano-do-sul\/\" target=\"_blank\">acesse aqui.<\/a><\/p><h2 class=\"wp-block-heading\" id=\"h-sobre-sao-caetano-do-sul-sp\"><span class=\"ez-toc-section\" id=\"Sobre-Sao-Caetano-do-Sul-%E2%80%93-SP\"><\/span>Sobre S&atilde;o Caetano do Sul &ndash; SP<span class=\"ez-toc-section-end\"><\/span><\/h2><p>A cidade de <strong>S&atilde;o Caetano do Sul faz parte da regi&atilde;o metropolitana de S&atilde;o Paulo<\/strong> e est&aacute; situada na parte sudeste do estado. O munic&iacute;pio possui <strong>165.655 habitantes<\/strong>, segundo dados do Censo de 2022, publicados no site do Instituto Brasileiro de Geografia e Estat&iacute;stica (IBGE).<\/p><p>No s&eacute;culo XIX, era uma &aacute;rea rural pertencente a Santo Andr&eacute;, mas com o <strong>desenvolvimento industrial e econ&ocirc;mico da regi&atilde;o cresceu e se urbanizou<\/strong>, tornando-se um importante polo, especialmente no setor automobil&iacute;stico.<\/p><p>A cidade &eacute; frequentemente <strong>reconhecida por sua qualidade de vida e infraestrutura<\/strong>. Possui bons indicadores sociais, como <strong>alta expectativa de vida<\/strong>, baixas taxas de mortalidade infantil e um <strong>bom acesso a servi&ccedil;os b&aacute;sicos<\/strong>, como educa&ccedil;&atilde;o e sa&uacute;de.<\/p><p>Com rela&ccedil;&atilde;o &agrave; sa&uacute;de, <strong>a cidade conta com 13 unidades b&aacute;sicas de sa&uacute;de <\/strong>para o atendimento da popula&ccedil;&atilde;o local, <strong>3 hospitais p&uacute;blicos, <\/strong>al&eacute;m de 8<strong> <\/strong>hospitais particulares.<\/p><h2 class=\"wp-block-heading\" id=\"h-prepare-se-agora-para-o-concurso-publico-de-sao-caetano-do-sul\"><span class=\"ez-toc-section\" id=\"Prepare-se-agora-para-o-concurso-publico-de-Sao-Caetano-do-Sul\"><\/span>Prepare-se agora para o concurso p&uacute;blico de S&atilde;o Caetano do Sul!&nbsp;&nbsp;<span class=\"ez-toc-section-end\"><\/span><\/h2><p>Com o<a href=\"https:\/\/med.estrategia.com\/curso\/sprint-concursos-medicos\/\" target=\"_blank\"> Sprint Concursos M&eacute;dicos do Estrat&eacute;gia MED<\/a> voc&ecirc; ter&aacute; &agrave; disposi&ccedil;&atilde;o 1.500 quest&otilde;es com foco em concursos p&uacute;blicos com cargos m&eacute;dicos incluindo as disciplinas mais cobradas neste tipo de sele&ccedil;&atilde;o: Portugu&ecirc;s, Matem&aacute;tica, Inform&aacute;tica, Direito e claro, Medicina.<\/p><p>Conhe&ccedil;a tamb&eacute;m o nosso<a href=\"https:\/\/med.estrategia.com\/curso\/banco-de-questes-resumos-estrategicos-anual\/\" target=\"_blank\"> Banco de Quest&otilde;es<\/a>, que atualmente conta com mais de 189 mil quest&otilde;es cadastradas e n&atilde;o para de crescer. Vem ser coruja!<\/p><div class=\"wp-block-image\">\n<figure class=\"aligncenter size-full\"><img decoding=\"async\" width=\"1280\" height=\"622\" src=\"https:\/\/med.estrategia.com\/portal\/wp-content\/uploads\/2025\/08\/concursos_medicos.jpg\" alt=\"concursos_medicos\" class=\"wp-image-91529\" srcset=\"https:\/\/med.estrategia.com\/portal\/wp-content\/uploads\/2025\/08\/concursos_medicos.jpg 1280w, https:\/\/med.estrategia.com\/portal\/wp-content\/uploads\/2025\/08\/concursos_medicos-1024x498.jpg 1024w, https:\/\/med.estrategia.com\/portal\/wp-content\/uploads\/2025\/08\/concursos_medicos-768x373.jpg 768w, https:\/\/med.estrategia.com\/portal\/wp-content\/uploads\/2025\/08\/concursos_medicos-800x389.jpg 800w, https:\/\/med.estrategia.com\/portal\/wp-content\/uploads\/2025\/08\/concursos_medicos-1160x564.jpg 1160w\" sizes=\"(max-width: 1280px) 100vw, 1280px\" \/><\/figure><\/div><\/p>\n","protected":false},"excerpt":{"rendered":"Inscri\u00e7\u00f5es iniciaram hoje e seguem at\u00e9 05 de outubro para o cargo de m\u00e9dico do trabalho\n","protected":false},"author":45,"featured_media":45487,"comment_status":"closed","ping_status":"closed","sticky":false,"template":"","format":"standard","meta":{"wl_entities_gutenberg":"","footnotes":""},"categories":[474],"tags":[],"wl_entity_type":[199],"class_list":{"0":"post-45499","1":"post","2":"type-post","3":"status-publish","4":"format-standard","5":"has-post-thumbnail","7":"category-concursos","8":"wl_entity_type-article"},"acf":[],"yoast_head":"<!-- This site is optimized with the Yoast SEO Premium plugin v26.6 (Yoast SEO v26.6) - https:\/\/yoast.com\/wordpress\/plugins\/seo\/ -->\n<title>S\u00e3o Caetano abre concurso p\u00fablico com vagas para m\u00e9dicos<\/title>\n<meta name=\"description\" content=\"Inscri\u00e7\u00f5es abertas para o concurso p\u00fablico de S\u00e3o Caetano do Sul para o cargo de M\u00e9dico do Trabalho. Remunera\u00e7\u00e3o \u00e9 de R$ 4.023,15.\" \/>\n<meta name=\"robots\" content=\"index, follow, max-snippet:-1, max-image-preview:large, max-video-preview:-1\" \/>\n<link rel=\"canonical\" href=\"https:\/\/med.estrategia.com\/portal\/concursos\/sao-caetano-divulga-edital-para-concurso-publico-com-vagas-para-medicos\/\" \/>\n<meta property=\"og:locale\" content=\"pt_BR\" \/>\n<meta property=\"og:type\" content=\"article\" \/>\n<meta property=\"og:title\" content=\"S\u00e3o Caetano divulga edital para concurso p\u00fablico com vagas para m\u00e9dicos\" \/>\n<meta property=\"og:description\" content=\"Inscri\u00e7\u00f5es abertas para o concurso p\u00fablico de S\u00e3o Caetano do Sul para o cargo de M\u00e9dico do Trabalho. Remunera\u00e7\u00e3o \u00e9 de R$ 4.023,15.\" \/>\n<meta property=\"og:url\" content=\"https:\/\/med.estrategia.com\/portal\/concursos\/sao-caetano-divulga-edital-para-concurso-publico-com-vagas-para-medicos\/\" \/>\n<meta property=\"og:site_name\" content=\"Estrat\u00e9gia MED\" \/>\n<meta property=\"article:publisher\" content=\"https:\/\/www.facebook.com\/estrategiamed1\" \/>\n<meta property=\"article:published_time\" content=\"2023-08-25T19:18:33+00:00\" \/>\n<meta property=\"article:modified_time\" content=\"2023-10-11T13:15:29+00:00\" \/>\n<meta property=\"og:image\" content=\"https:\/\/cdn.medblog.estrategiaeducacional.com.br\/wp-content\/uploads\/2023\/08\/capa_concursos_sao_caetano_do_sul.jpg\" \/>\n\t<meta property=\"og:image:width\" content=\"1280\" \/>\n\t<meta property=\"og:image:height\" content=\"720\" \/>\n\t<meta property=\"og:image:type\" content=\"image\/jpeg\" \/>\n<meta name=\"author\" content=\"Priscila Pereira\" \/>\n<meta name=\"twitter:card\" content=\"summary_large_image\" \/>\n<meta name=\"twitter:creator\" content=\"@estrategiamed_\" \/>\n<meta name=\"twitter:site\" content=\"@estrategiamed_\" \/>\n<meta name=\"twitter:label1\" content=\"Escrito por\" \/>\n\t<meta name=\"twitter:data1\" content=\"Priscila Pereira\" \/>\n\t<meta name=\"twitter:label2\" content=\"Est. tempo de leitura\" \/>\n\t<meta name=\"twitter:data2\" content=\"3 minutos\" \/>\n<script type=\"application\/ld+json\" class=\"yoast-schema-graph\">{\"@context\":\"https:\/\/schema.org\",\"@graph\":[{\"@type\":\"WebPage\",\"@id\":\"https:\/\/med.estrategia.com\/portal\/concursos\/sao-caetano-divulga-edital-para-concurso-publico-com-vagas-para-medicos\/\",\"url\":\"https:\/\/med.estrategia.com\/portal\/concursos\/sao-caetano-divulga-edital-para-concurso-publico-com-vagas-para-medicos\/\",\"name\":\"S\u00e3o Caetano abre concurso p\u00fablico com vagas para m\u00e9dicos\",\"isPartOf\":{\"@id\":\"https:\/\/med.estrategia.com\/portal\/#website\"},\"primaryImageOfPage\":{\"@id\":\"https:\/\/med.estrategia.com\/portal\/concursos\/sao-caetano-divulga-edital-para-concurso-publico-com-vagas-para-medicos\/#primaryimage\"},\"image\":{\"@id\":\"https:\/\/med.estrategia.com\/portal\/concursos\/sao-caetano-divulga-edital-para-concurso-publico-com-vagas-para-medicos\/#primaryimage\"},\"thumbnailUrl\":\"https:\/\/med.estrategia.com\/portal\/wp-content\/uploads\/2023\/08\/capa_concursos_sao_caetano_do_sul.jpg\",\"datePublished\":\"2023-08-25T19:18:33+00:00\",\"dateModified\":\"2023-10-11T13:15:29+00:00\",\"author\":{\"@id\":\"https:\/\/med.estrategia.com\/portal\/#\/schema\/person\/d1df06a83a849b79b2d480e7d8952ce3\"},\"description\":\"Inscri\u00e7\u00f5es abertas para o concurso p\u00fablico de S\u00e3o Caetano do Sul para o cargo de M\u00e9dico do Trabalho. Remunera\u00e7\u00e3o \u00e9 de R$ 4.023,15.\",\"breadcrumb\":{\"@id\":\"https:\/\/med.estrategia.com\/portal\/concursos\/sao-caetano-divulga-edital-para-concurso-publico-com-vagas-para-medicos\/#breadcrumb\"},\"inLanguage\":\"pt-BR\",\"potentialAction\":[{\"@type\":\"ReadAction\",\"target\":[\"https:\/\/med.estrategia.com\/portal\/concursos\/sao-caetano-divulga-edital-para-concurso-publico-com-vagas-para-medicos\/\"]}]},{\"@type\":\"ImageObject\",\"inLanguage\":\"pt-BR\",\"@id\":\"https:\/\/med.estrategia.com\/portal\/concursos\/sao-caetano-divulga-edital-para-concurso-publico-com-vagas-para-medicos\/#primaryimage\",\"url\":\"https:\/\/med.estrategia.com\/portal\/wp-content\/uploads\/2023\/08\/capa_concursos_sao_caetano_do_sul.jpg\",\"contentUrl\":\"https:\/\/med.estrategia.com\/portal\/wp-content\/uploads\/2023\/08\/capa_concursos_sao_caetano_do_sul.jpg\",\"width\":1280,\"height\":720,\"caption\":\"Estrat\u00e9gia MED | S\u00e3o Caetano do Sul\"},{\"@type\":\"BreadcrumbList\",\"@id\":\"https:\/\/med.estrategia.com\/portal\/concursos\/sao-caetano-divulga-edital-para-concurso-publico-com-vagas-para-medicos\/#breadcrumb\",\"itemListElement\":[{\"@type\":\"ListItem\",\"position\":1,\"name\":\"Home\",\"item\":\"https:\/\/med.estrategia.com\/portal\/\"},{\"@type\":\"ListItem\",\"position\":2,\"name\":\"Concursos M\u00e9dicos\",\"item\":\"https:\/\/med.estrategia.com\/portal\/concursos\/\"},{\"@type\":\"ListItem\",\"position\":3,\"name\":\"S\u00e3o Caetano divulga edital para concurso p\u00fablico com vagas para m\u00e9dicos\"}]},{\"@type\":\"WebSite\",\"@id\":\"https:\/\/med.estrategia.com\/portal\/#website\",\"url\":\"https:\/\/med.estrategia.com\/portal\/\",\"name\":\"Estrat\u00e9gia MED\",\"description\":\"\",\"potentialAction\":[{\"@type\":\"SearchAction\",\"target\":{\"@type\":\"EntryPoint\",\"urlTemplate\":\"https:\/\/med.estrategia.com\/portal\/?s={search_term_string}\"},\"query-input\":{\"@type\":\"PropertyValueSpecification\",\"valueRequired\":true,\"valueName\":\"search_term_string\"}}],\"inLanguage\":\"pt-BR\"},{\"@type\":\"Person\",\"@id\":\"https:\/\/med.estrategia.com\/portal\/#\/schema\/person\/d1df06a83a849b79b2d480e7d8952ce3\",\"name\":\"Priscila Pereira\",\"image\":{\"@type\":\"ImageObject\",\"inLanguage\":\"pt-BR\",\"@id\":\"https:\/\/med.estrategia.com\/portal\/#\/schema\/person\/image\/\",\"url\":\"https:\/\/secure.gravatar.com\/avatar\/fe94f8430a1d23a69c0bc7aab6202e21?s=96&d=mm&r=g\",\"contentUrl\":\"https:\/\/secure.gravatar.com\/avatar\/fe94f8430a1d23a69c0bc7aab6202e21?s=96&d=mm&r=g\",\"caption\":\"Priscila Pereira\"},\"description\":\"Formada e p\u00f3s-graduada na \u00e1rea de comunica\u00e7\u00e3o, divido minha paix\u00e3o entre o jornalismo e os esportes\",\"url\":\"https:\/\/med.estrategia.com\/portal\/author\/priscila-pereira\/\"}]}<\/script>\n<!-- \/ Yoast SEO Premium plugin. -->","yoast_head_json":{"title":"S\u00e3o Caetano abre concurso p\u00fablico com vagas para m\u00e9dicos","description":"Inscri\u00e7\u00f5es abertas para o concurso p\u00fablico de S\u00e3o Caetano do Sul para o cargo de M\u00e9dico do Trabalho. Remunera\u00e7\u00e3o \u00e9 de R$ 4.023,15.","robots":{"index":"index","follow":"follow","max-snippet":"max-snippet:-1","max-image-preview":"max-image-preview:large","max-video-preview":"max-video-preview:-1"},"canonical":"https:\/\/med.estrategia.com\/portal\/concursos\/sao-caetano-divulga-edital-para-concurso-publico-com-vagas-para-medicos\/","og_locale":"pt_BR","og_type":"article","og_title":"S\u00e3o Caetano divulga edital para concurso p\u00fablico com vagas para m\u00e9dicos","og_description":"Inscri\u00e7\u00f5es abertas para o concurso p\u00fablico de S\u00e3o Caetano do Sul para o cargo de M\u00e9dico do Trabalho. Remunera\u00e7\u00e3o \u00e9 de R$ 4.023,15.","og_url":"https:\/\/med.estrategia.com\/portal\/concursos\/sao-caetano-divulga-edital-para-concurso-publico-com-vagas-para-medicos\/","og_site_name":"Estrat\u00e9gia MED","article_publisher":"https:\/\/www.facebook.com\/estrategiamed1","article_published_time":"2023-08-25T19:18:33+00:00","article_modified_time":"2023-10-11T13:15:29+00:00","og_image":[{"width":1280,"height":720,"url":"https:\/\/cdn.medblog.estrategiaeducacional.com.br\/wp-content\/uploads\/2023\/08\/capa_concursos_sao_caetano_do_sul.jpg","type":"image\/jpeg"}],"author":"Priscila Pereira","twitter_card":"summary_large_image","twitter_creator":"@estrategiamed_","twitter_site":"@estrategiamed_","twitter_misc":{"Escrito por":"Priscila Pereira","Est. tempo de leitura":"3 minutos"},"schema":{"@context":"https:\/\/schema.org","@graph":[{"@type":"WebPage","@id":"https:\/\/med.estrategia.com\/portal\/concursos\/sao-caetano-divulga-edital-para-concurso-publico-com-vagas-para-medicos\/","url":"https:\/\/med.estrategia.com\/portal\/concursos\/sao-caetano-divulga-edital-para-concurso-publico-com-vagas-para-medicos\/","name":"S\u00e3o Caetano abre concurso p\u00fablico com vagas para m\u00e9dicos","isPartOf":{"@id":"https:\/\/med.estrategia.com\/portal\/#website"},"primaryImageOfPage":{"@id":"https:\/\/med.estrategia.com\/portal\/concursos\/sao-caetano-divulga-edital-para-concurso-publico-com-vagas-para-medicos\/#primaryimage"},"image":{"@id":"https:\/\/med.estrategia.com\/portal\/concursos\/sao-caetano-divulga-edital-para-concurso-publico-com-vagas-para-medicos\/#primaryimage"},"thumbnailUrl":"https:\/\/med.estrategia.com\/portal\/wp-content\/uploads\/2023\/08\/capa_concursos_sao_caetano_do_sul.jpg","datePublished":"2023-08-25T19:18:33+00:00","dateModified":"2023-10-11T13:15:29+00:00","author":{"@id":"https:\/\/med.estrategia.com\/portal\/#\/schema\/person\/d1df06a83a849b79b2d480e7d8952ce3"},"description":"Inscri\u00e7\u00f5es abertas para o concurso p\u00fablico de S\u00e3o Caetano do Sul para o cargo de M\u00e9dico do Trabalho. Remunera\u00e7\u00e3o \u00e9 de R$ 4.023,15.","breadcrumb":{"@id":"https:\/\/med.estrategia.com\/portal\/concursos\/sao-caetano-divulga-edital-para-concurso-publico-com-vagas-para-medicos\/#breadcrumb"},"inLanguage":"pt-BR","potentialAction":[{"@type":"ReadAction","target":["https:\/\/med.estrategia.com\/portal\/concursos\/sao-caetano-divulga-edital-para-concurso-publico-com-vagas-para-medicos\/"]}]},{"@type":"ImageObject","inLanguage":"pt-BR","@id":"https:\/\/med.estrategia.com\/portal\/concursos\/sao-caetano-divulga-edital-para-concurso-publico-com-vagas-para-medicos\/#primaryimage","url":"https:\/\/med.estrategia.com\/portal\/wp-content\/uploads\/2023\/08\/capa_concursos_sao_caetano_do_sul.jpg","contentUrl":"https:\/\/med.estrategia.com\/portal\/wp-content\/uploads\/2023\/08\/capa_concursos_sao_caetano_do_sul.jpg","width":1280,"height":720,"caption":"Estrat\u00e9gia MED | S\u00e3o Caetano do Sul"},{"@type":"BreadcrumbList","@id":"https:\/\/med.estrategia.com\/portal\/concursos\/sao-caetano-divulga-edital-para-concurso-publico-com-vagas-para-medicos\/#breadcrumb","itemListElement":[{"@type":"ListItem","position":1,"name":"Home","item":"https:\/\/med.estrategia.com\/portal\/"},{"@type":"ListItem","position":2,"name":"Concursos M\u00e9dicos","item":"https:\/\/med.estrategia.com\/portal\/concursos\/"},{"@type":"ListItem","position":3,"name":"S\u00e3o Caetano divulga edital para concurso p\u00fablico com vagas para m\u00e9dicos"}]},{"@type":"WebSite","@id":"https:\/\/med.estrategia.com\/portal\/#website","url":"https:\/\/med.estrategia.com\/portal\/","name":"Estrat\u00e9gia MED","description":"","potentialAction":[{"@type":"SearchAction","target":{"@type":"EntryPoint","urlTemplate":"https:\/\/med.estrategia.com\/portal\/?s={search_term_string}"},"query-input":{"@type":"PropertyValueSpecification","valueRequired":true,"valueName":"search_term_string"}}],"inLanguage":"pt-BR"},{"@type":"Person","@id":"https:\/\/med.estrategia.com\/portal\/#\/schema\/person\/d1df06a83a849b79b2d480e7d8952ce3","name":"Priscila Pereira","image":{"@type":"ImageObject","inLanguage":"pt-BR","@id":"https:\/\/med.estrategia.com\/portal\/#\/schema\/person\/image\/","url":"https:\/\/secure.gravatar.com\/avatar\/fe94f8430a1d23a69c0bc7aab6202e21?s=96&d=mm&r=g","contentUrl":"https:\/\/secure.gravatar.com\/avatar\/fe94f8430a1d23a69c0bc7aab6202e21?s=96&d=mm&r=g","caption":"Priscila Pereira"},"description":"Formada e p\u00f3s-graduada na \u00e1rea de comunica\u00e7\u00e3o, divido minha paix\u00e3o entre o jornalismo e os esportes","url":"https:\/\/med.estrategia.com\/portal\/author\/priscila-pereira\/"}]}},"_wl_alt_label":[],"wl:entity_url":"\/post\/sao-caetano-divulga-edital-para-concurso-publico-com-vagas-para-medicos","_links":{"self":[{"href":"https:\/\/med.estrategia.com\/portal\/wp-json\/wp\/v2\/posts\/45499","targetHints":{"allow":["GET"]}}],"collection":[{"href":"https:\/\/med.estrategia.com\/portal\/wp-json\/wp\/v2\/posts"}],"about":[{"href":"https:\/\/med.estrategia.com\/portal\/wp-json\/wp\/v2\/types\/post"}],"author":[{"embeddable":true,"href":"https:\/\/med.estrategia.com\/portal\/wp-json\/wp\/v2\/users\/45"}],"replies":[{"embeddable":true,"href":"https:\/\/med.estrategia.com\/portal\/wp-json\/wp\/v2\/comments?post=45499"}],"version-history":[{"count":10,"href":"https:\/\/med.estrategia.com\/portal\/wp-json\/wp\/v2\/posts\/45499\/revisions"}],"predecessor-version":[{"id":49540,"href":"https:\/\/med.estrategia.com\/portal\/wp-json\/wp\/v2\/posts\/45499\/revisions\/49540"}],"wp:featuredmedia":[{"embeddable":true,"href":"https:\/\/med.estrategia.com\/portal\/wp-json\/wp\/v2\/media\/45487"}],"wp:attachment":[{"href":"https:\/\/med.estrategia.com\/portal\/wp-json\/wp\/v2\/media?parent=45499"}],"wp:term":[{"taxonomy":"category","embeddable":true,"href":"https:\/\/med.estrategia.com\/portal\/wp-json\/wp\/v2\/categories?post=45499"},{"taxonomy":"post_tag","embeddable":true,"href":"https:\/\/med.estrategia.com\/portal\/wp-json\/wp\/v2\/tags?post=45499"},{"taxonomy":"wl_entity_type","embeddable":true,"href":"https:\/\/med.estrategia.com\/portal\/wp-json\/wp\/v2\/wl_entity_type?post=45499"}],"curies":[{"name":"wp","href":"https:\/\/api.w.org\/{rel}","templated":true}]}}