{"id":45554,"date":"2022-08-28T10:43:53","date_gmt":"2022-08-28T13:43:53","guid":{"rendered":"https:\/\/med.estrategia.com\/portal\/?p=45554"},"modified":"2023-08-28T13:48:42","modified_gmt":"2023-08-28T16:48:42","slug":"residencia-medica-ufmt-edital-2023-concorrencia-nota-de-corte-e-mais","status":"publish","type":"post","link":"https:\/\/med.estrategia.com\/portal\/residencia-medica\/residencia-medica-ufmt-edital-2023-concorrencia-nota-de-corte-e-mais\/","title":{"rendered":"Resid\u00eancia M\u00e9dica UFMT: edital 2023, concorr\u00eancia, nota de corte e mais"},"content":{"rendered":"<p>Fique por dentro do Processo Seletivo de <a class=\"wl-entity-page-link\" title=\"Resid&ecirc;ncia\" href=\"https:\/\/med.estrategia.com\/portal\/entidade\/residencia-medica\/\" data-id=\"\/entity\/residencia-medica;http:\/\/dbpedia.org\/resource\/Residency_(medicine);http:\/\/en.dbpedia.org\/resource\/Residency_(medicine);http:\/\/nl.dbpedia.org\/resource\/Arts-assistent;http:\/\/de.dbpedia.org\/resource\/&Auml;rztliche_Weiterbildung;http:\/\/fr.dbpedia.org\/resource\/R&eacute;sidence_(m&eacute;decine);http:\/\/lt.dbpedia.org\/resource\/Rezident&#363;ra_(studijos);http:\/\/pt.dbpedia.org\/resource\/Resid&ecirc;ncia_m&eacute;dica;http:\/\/ru.dbpedia.org\/resource\/&#1050;&#1083;&#1080;&#1085;&#1080;&#1095;&#1077;&#1089;&#1082;&#1072;&#1103;_&#1086;&#1088;&#1076;&#1080;&#1085;&#1072;&#1090;&#1091;&#1088;&#1072;;http:\/\/uk.dbpedia.org\/resource\/&#1054;&#1088;&#1076;&#1080;&#1085;&#1072;&#1090;&#1091;&#1088;&#1072;_&#1082;&#1083;&#1110;&#1085;&#1110;&#1095;&#1085;&#1072;;https:\/\/data.wordlift.io\/wl106637\/entity\/residencia-medica\">Resid&ecirc;ncia M&eacute;dica<\/a> da UFMT! Aqui voc&ecirc; encontra datas importantes, informa&ccedil;&otilde;es e tudo sobre a prova. Confira!<div id=\"ez-toc-container\" class=\"ez-toc-v2_0_79_2 counter-hierarchy ez-toc-counter ez-toc-transparent ez-toc-container-direction\">\n<div class=\"ez-toc-title-container\"><p class=\"ez-toc-title\" style=\"cursor:inherit\">Navegue pelo conte\u00fado<\/p>\n<\/div><nav><ul class='ez-toc-list ez-toc-list-level-1 ' ><li class='ez-toc-page-1 ez-toc-heading-level-2'><a class=\"ez-toc-link ez-toc-heading-1\" href=\"https:\/\/med.estrategia.com\/portal\/residencia-medica\/residencia-medica-ufmt-edital-2023-concorrencia-nota-de-corte-e-mais\/#UFMT\" >UFMT<\/a><\/li><li class='ez-toc-page-1 ez-toc-heading-level-2'><a class=\"ez-toc-link ez-toc-heading-2\" href=\"https:\/\/med.estrategia.com\/portal\/residencia-medica\/residencia-medica-ufmt-edital-2023-concorrencia-nota-de-corte-e-mais\/#Inscricoes-para-o-processo-seletivo-da-UFMT\" >Inscri&ccedil;&otilde;es para o processo seletivo da UFMT<\/a><\/li><li class='ez-toc-page-1 ez-toc-heading-level-2'><a class=\"ez-toc-link ez-toc-heading-3\" href=\"https:\/\/med.estrategia.com\/portal\/residencia-medica\/residencia-medica-ufmt-edital-2023-concorrencia-nota-de-corte-e-mais\/#Entenda-o-processo-seletivo-da-UFMT\" >Entenda o processo seletivo da UFMT<\/a><\/li><li class='ez-toc-page-1 ez-toc-heading-level-2'><a class=\"ez-toc-link ez-toc-heading-4\" href=\"https:\/\/med.estrategia.com\/portal\/residencia-medica\/residencia-medica-ufmt-edital-2023-concorrencia-nota-de-corte-e-mais\/#Relacao-candidatovaga\" >Rela&ccedil;&atilde;o candidato\/vaga<\/a><\/li><li class='ez-toc-page-1 ez-toc-heading-level-2'><a class=\"ez-toc-link ez-toc-heading-5\" href=\"https:\/\/med.estrategia.com\/portal\/residencia-medica\/residencia-medica-ufmt-edital-2023-concorrencia-nota-de-corte-e-mais\/#Nota-de-Corte-UFMT-Residencia-Medica\" >Nota de Corte UFMT Resid&ecirc;ncia M&eacute;dica<\/a><\/li><li class='ez-toc-page-1 ez-toc-heading-level-2'><a class=\"ez-toc-link ez-toc-heading-6\" href=\"https:\/\/med.estrategia.com\/portal\/residencia-medica\/residencia-medica-ufmt-edital-2023-concorrencia-nota-de-corte-e-mais\/#Saiba-como-foi-o-processo-seletivo-na-ultima-edicao\" >Saiba como foi o processo seletivo na &uacute;ltima edi&ccedil;&atilde;o<\/a><\/li><li class='ez-toc-page-1 ez-toc-heading-level-2'><a class=\"ez-toc-link ez-toc-heading-7\" href=\"https:\/\/med.estrategia.com\/portal\/residencia-medica\/residencia-medica-ufmt-edital-2023-concorrencia-nota-de-corte-e-mais\/#Estudando-para-a-residencia-medica-UFMT-2024\" >Estudando para a resid&ecirc;ncia m&eacute;dica UFMT 2024?<\/a><\/li><li class='ez-toc-page-1 ez-toc-heading-level-2'><a class=\"ez-toc-link ez-toc-heading-8\" href=\"https:\/\/med.estrategia.com\/portal\/residencia-medica\/residencia-medica-ufmt-edital-2023-concorrencia-nota-de-corte-e-mais\/#Veja-tambem\" >Veja tamb&eacute;m:<\/a><\/li><\/ul><\/nav><\/div>\n<h2 class=\"wp-block-heading\" id=\"h-ufmt\"><span class=\"ez-toc-section\" id=\"UFMT\"><\/span>UFMT<span class=\"ez-toc-section-end\"><\/span><\/h2><p>A Universidade Federal do Mato Grosso<strong> (UFMT)<\/strong> &eacute; a &uacute;nica universidade federal no estado e, por muitos anos, foi tamb&eacute;m a &uacute;nica institui&ccedil;&atilde;o de ensino superior no Mato Grosso. A institui&ccedil;&atilde;o oferece o <a href=\"https:\/\/med.estrategia.com\/portal\/residencia-medica\/programa-de-residencia-medica\/os-programas-de-residencia-medica\/\" target=\"_blank\">Programa de Resid&ecirc;ncia M&eacute;dica<\/a> e seu seletivo de 2023 oferta <strong>51 vagas no total, 6 delas reservadas.<\/strong><\/p><p>O&nbsp; processo seletivo foi de responsabilidade do Hospital Universit&aacute;rio J&uacute;lio M&uuml;ller (HUJM\/<a href=\"https:\/\/med.estrategia.com\/portal\/residencia-medica\/programa-de-residencia-medica\/ebserh-residencia-medica\/\" target=\"_blank\">EBSERH<\/a>), e foi executado pela Ger&ecirc;ncia de Exames e Concursos (GEC) da Universidade Federal de Mato Grosso (UFMT).<\/p><div class=\"wp-block-buttons is-horizontal is-content-justification-center is-layout-flex wp-container-core-buttons-is-layout-1 wp-block-buttons-is-layout-flex\">\n<div class=\"wp-block-button\"><a class=\"wp-block-button__link wp-element-button\" href=\"https:\/\/med.estrategia.com\/portal\/wp-content\/uploads\/2022\/10\/EDITAL_RESIDENCIA_MEDICA_2023_versao-final.pdf\" target=\"_blank\">Edital UFMT 2023<\/a><\/div>\n<\/div><div class=\"wp-block-image\">\n<figure class=\"aligncenter size-full is-resized\"><img decoding=\"async\" src=\"https:\/\/med.estrategia.com\/portal\/wp-content\/uploads\/2021\/09\/5252975890630771cc6e18b12a285920eeab36fb.jpg\" alt=\"\" class=\"wp-image-10095\" width=\"511\" height=\"287\" srcset=\"https:\/\/med.estrategia.com\/portal\/wp-content\/uploads\/2021\/09\/5252975890630771cc6e18b12a285920eeab36fb.jpg 1024w, https:\/\/med.estrategia.com\/portal\/wp-content\/uploads\/2021\/09\/5252975890630771cc6e18b12a285920eeab36fb-300x168.webp 300w, https:\/\/med.estrategia.com\/portal\/wp-content\/uploads\/2021\/09\/5252975890630771cc6e18b12a285920eeab36fb-768x431.webp 768w, https:\/\/med.estrategia.com\/portal\/wp-content\/uploads\/2021\/09\/5252975890630771cc6e18b12a285920eeab36fb-380x213.webp 380w, https:\/\/med.estrategia.com\/portal\/wp-content\/uploads\/2021\/09\/5252975890630771cc6e18b12a285920eeab36fb-800x448.webp 800w\" sizes=\"(max-width: 511px) 100vw, 511px\" \/><figcaption class=\"wp-element-caption\">Hospital Universit&aacute;rio J&uacute;lio Muller &ndash; UFMT<\/figcaption><\/figure><\/div><p>\n\n<div id=\"new-form\">\n\t<form id=\"forms_layout\">\n\t<input type=\"hidden\" id=\"chave_de\" name=\"chave_de\" value=\"01_EMED_LEADS_TOTAIS\" \/>\n\t\t<input type=\"hidden\" id=\"mid\" name=\"mid\" value=\"515009018\" \/>\n\t\t<input type=\"hidden\" id=\"Objetivo\" name=\"Objetivo\" value=\"Medicina\" \/>\n\t\t<input type=\"hidden\" id=\"Estado_de_Origem_do_IP\" name=\"Estado_de_Origem_do_IP\"  value=\"\" \/>\n\t\t<input type=\"hidden\" id=\"Cidade_de_Origem_do_IP\" name=\"Cidade_de_Origem_do_IP\" value=\"\" \/>\n\t\t<input type=\"hidden\" id=\"Modo_de_entrada\" name=\"Modo_de_entrada\" value=\"Portal\" \/>\n\t\t<input type=\"hidden\" id=\"Pagina_Origem\" name=\"Pagina_Origem\" value=\"\" \/>\n\n\t\t<div class=\"texto\">\n\t\t\t<h3 class=\"news\">Inscreva-se em nossa newsletter!<\/h3>\n\t\t\t<p>Receba not\u00edcias sobre resid\u00eancia m\u00e9dica, revalida\u00e7\u00e3o de diplomas e concursos m\u00e9dicos, al\u00e9m de materiais de estudo gratuitos e informa\u00e7\u00f5es relevantes do mundo da Medicina.<\/p>\n\t\t<\/div>\n\t\t<div class=\"campos\">\n\t\t\t<div class=\"first_name labels\">\n\t\t\t\t<input type=\"text\" class=\"input_labels\" id=\"first_name\" name=\"Nome_Completo\" placeholder=\"Nome\" required \/>\n\t\t\t<\/div>\n\t\t\t<div class=\"email labels\">\n\t\t\t\t<input type=\"email\" class=\"input_labels\" id=\"email\" name=\"Email\" placeholder=\"E-mail\" required \/>\n\t\t\t<\/div>\n\t\t\t<button type=\"submit\" class=\"button_layout\">\n\t\t\t\t<div id=\"lblBotao\">Inscreva-se<\/div>\n\t\t\t\t<span id=\"divSpiner\" class=\"loader\" role=\"status\" style=\"display: none;\"><\/span>\t\n\t\t\t<\/button>\n\t\t<\/div><!-- \/campos -->\n\t\t\n\t\t<label class=\"container_checkbox\">Voc\u00ea concorda com a nossa\n\t\t\t<a class=\"politics_privacy_ahref\" target=\"_blank\" href=\"https:\/\/gratis.estrategiaconcursos.com.br\/politica-de-privacidade\/\">Pol\u00edtica de Privacidade<\/a> e aceita receber informa\u00e7\u00f5es adicionais do Estrat\u00e9gia Educacional.\n\t\t\t<input id=\"checkbox_layout\" type=\"checkbox\" checked=\"checked\" required \/>\n\t\t\t<span class=\"checkbox\"><\/span>\n\t\t<\/label>\n\t\t<div id=\"msg\"><\/div>\n\t\t<div id=\"error\" class=\"error\">\n\t\t<\/div>\n\t<\/form>\n<\/div><!-- \/new-form -->\n\n\n\n<\/p><h2 class=\"wp-block-heading\" id=\"h-inscricoes-para-o-processo-seletivo-da-ufmt\"><span class=\"ez-toc-section\" id=\"Inscricoes-para-o-processo-seletivo-da-UFMT\"><\/span>Inscri&ccedil;&otilde;es para o processo seletivo da UFMT <span class=\"ez-toc-section-end\"><\/span><\/h2><p>As <strong>inscri&ccedil;&otilde;es <\/strong>da UFMT para resid&ecirc;ncia m&eacute;dica s&atilde;o realizadas anualmente nas duas &uacute;ltimas semanas do m&ecirc;s de outubro, no <a href=\"https:\/\/www.concursos.ufmt.br\/Portal\/\" target=\"_blank\">site<\/a> da UFMT. O <strong>pagamento da taxa de inscri&ccedil;&atilde;o<\/strong> do processo seletivo &eacute; obrigat&oacute;rio para todos e, no &uacute;ltimo seletivo, possu&iacute;a o valor de <strong>R$ 350,00<\/strong>. <\/p><h2 class=\"wp-block-heading\" id=\"h-entenda-o-processo-seletivo-da-ufmt\"><span class=\"ez-toc-section\" id=\"Entenda-o-processo-seletivo-da-UFMT\"><\/span>Entenda o processo seletivo da UFMT<span class=\"ez-toc-section-end\"><\/span><\/h2><p>O processo seletivo da UFMT &eacute; composto por <strong>duas fases, a prova objetiva e a an&aacute;lise<\/strong> <strong>curricular<\/strong>. Confira os detalhes!<\/p><h3 class=\"wp-block-heading\" id=\"h-prova-objetiva\">Prova Objetiva<\/h3><p>A Prova Objetiva &eacute; aplicada anualmente no m&ecirc;s de dezembro<strong>, <\/strong>em <strong>Cuiab&aacute;<\/strong>. Para especialidades de acesso direto, a prova possui <strong>90 quest&otilde;es<\/strong> e<strong> 4h30 de dura&ccedil;&atilde;o<\/strong> e <strong>30 quest&otilde;es<\/strong> com <strong>2h<\/strong> para os candidatos preencherem o caderno de quest&otilde;es para especialidades com pr&eacute;-requisito.<\/p><h3 class=\"wp-block-heading\" id=\"h-analise-do-curriculo\">An&aacute;lise do Curr&iacute;culo<\/h3><p>Nessa etapa, os candidatos precisam enviar, via internet, a documenta&ccedil;&atilde;o solicitada. A an&aacute;lise curricular tem a <strong>nota m&aacute;xima<\/strong> de <strong>10 pontos<\/strong>, sendo de car&aacute;ter classificat&oacute;rio no concurso. Confira abaixo os itens analisados:<\/p><h4 class=\"wp-block-heading\" id=\"h-acesso-direto\">Acesso Direto<\/h4><figure class=\"wp-block-table is-style-stripes\"><table class=\"has-light-green-cyan-to-vivid-green-cyan-gradient-background has-background\"><thead><tr><th class=\"has-text-align-left\" data-align=\"left\">Quesito<\/th><th class=\"has-text-align-center\" data-align=\"center\">Pontua&ccedil;&atilde;o m&aacute;xima<\/th><\/tr><\/thead><tbody><tr><td class=\"has-text-align-left\" data-align=\"left\">Aproveitamento curricular<\/td><td class=\"has-text-align-center\" data-align=\"center\">3,00<\/td><\/tr><tr><td class=\"has-text-align-left\" data-align=\"left\">Est&aacute;gios extracurriculares<\/td><td class=\"has-text-align-center\" data-align=\"center\">1,50<\/td><\/tr><tr><td class=\"has-text-align-left\" data-align=\"left\">Monitorias<\/td><td class=\"has-text-align-center\" data-align=\"center\">1,50<\/td><\/tr><tr><td class=\"has-text-align-left\" data-align=\"left\">Atividades de pesquisa, inicia&ccedil;&atilde;o cient&iacute;fica, ligas acad&ecirc;micas, cursos oferecidos institui&ccedil;&otilde;es m&eacute;dicas ou de sa&uacute;de com certificado por universidades, institui&ccedil;&otilde;es p&uacute;blicas de sa&uacute;de ou sociedades de especialidades m&eacute;dicas, com carga hor&aacute;ria igual ou maior que 20 horas<\/td><td class=\"has-text-align-center\" data-align=\"center\">2<\/td><\/tr><tr><td class=\"has-text-align-left\" data-align=\"left\">Conhecimentos de l&iacute;ngua estrangeira<\/td><td class=\"has-text-align-center\" data-align=\"center\">2<\/td><\/tr><\/tbody><\/table><\/figure><h4 class=\"wp-block-heading\" id=\"h-pre-requisito\">Pr&eacute;-Requisito<\/h4><figure class=\"wp-block-table is-style-stripes\"><table class=\"has-light-green-cyan-to-vivid-green-cyan-gradient-background has-background\"><thead><tr><th class=\"has-text-align-left\" data-align=\"left\">Quesito<\/th><th class=\"has-text-align-center\" data-align=\"center\">Pontua&ccedil;&atilde;o m&aacute;xima<\/th><\/tr><\/thead><tbody><tr><td class=\"has-text-align-left\" data-align=\"left\">Aproveitamento no pr&eacute;-requisito<\/td><td class=\"has-text-align-center\" data-align=\"center\">3,00<\/td><\/tr><tr><td class=\"has-text-align-left\" data-align=\"left\">Durante a gradua&ccedil;&atilde;o:<br>Participa&ccedil;&atilde;o em congressos, cursos, grupos de pesquisa, ligas acad&ecirc;micas, publica&ccedil;&otilde;es em revistas<\/td><td class=\"has-text-align-center\" data-align=\"center\">Cada item com uma pontua&ccedil;&atilde;o (edital)<\/td><\/tr><tr><td class=\"has-text-align-left\" data-align=\"left\">Durante ou ap&oacute;s o pr&eacute;-requisito:<br>Participa&ccedil;&atilde;o como congressista ou em congressos, publica&ccedil;&otilde;es em canais de congresso, revistas nacionais, internacionais, organizador de simp&oacute;sios, semin&aacute;rios, cursos organizados pelas institui&ccedil;&otilde;es<\/td><td class=\"has-text-align-center\" data-align=\"center\">Cada item com uma pontua&ccedil;&atilde;o (edital)<\/td><\/tr><tr><td class=\"has-text-align-left\" data-align=\"left\">Atividades de pesquisa, inicia&ccedil;&atilde;o cient&iacute;fica, ligas acad&ecirc;micas, cursos oferecidos institui&ccedil;&otilde;es m&eacute;dicas ou de sa&uacute;de com certificado por universidades, institui&ccedil;&otilde;es p&uacute;blicas de sa&uacute;de ou sociedades de especialidades m&eacute;dicas, com carga hor&aacute;ria igual ou maior que 20 horas<\/td><td class=\"has-text-align-center\" data-align=\"center\">5<\/td><\/tr><\/tbody><\/table><\/figure><p>Quer saber mais sobre a <a href=\"https:\/\/med.estrategia.com\/portal\/residencia-medica\/analise-curricular\/analise-curricular-residencia-medica\/\" target=\"_blank\">An&aacute;lise Curricular?<\/a> Ent&atilde;o n&atilde;o deixe de dar uma conferida no nosso artigo espec&iacute;fico sobre ela!<\/p><h2 class=\"wp-block-heading\"><span class=\"ez-toc-section\" id=\"Relacao-candidatovaga\"><\/span>Rela&ccedil;&atilde;o candidato\/vaga<span class=\"ez-toc-section-end\"><\/span><\/h2><p>O &uacute;ltimo processo seletivo para resid&ecirc;ncia m&eacute;dica contou com, ao todo,&nbsp;<strong>382 candidatos<\/strong> para 45 vagas livres ofertadas, o que acarretou em uma<strong>&nbsp;rela&ccedil;&atilde;o geral de 8,48 candidatos por vaga<\/strong>. Confira como ficou a concorr&ecirc;ncia entre as especialidades e j&aacute; mensure a concorr&ecirc;ncia para as pr&oacute;ximas edi&ccedil;&otilde;es:<\/p><figure class=\"wp-block-table\"><table><thead><tr><th>Programa<\/th><th class=\"has-text-align-center\" data-align=\"center\">Vagas livres ofertadas<\/th><th class=\"has-text-align-center\" data-align=\"center\">Inscritos<\/th><th class=\"has-text-align-center\" data-align=\"center\">Concorr&ecirc;ncia<\/th><\/tr><\/thead><tbody><tr><td>Anestesiologia<\/td><td class=\"has-text-align-center\" data-align=\"center\">4<\/td><td class=\"has-text-align-center\" data-align=\"center\">42<\/td><td class=\"has-text-align-center\" data-align=\"center\">10,5<\/td><\/tr><tr><td>Cirurgia Geral<\/td><td class=\"has-text-align-center\" data-align=\"center\">3<\/td><td class=\"has-text-align-center\" data-align=\"center\">40<\/td><td class=\"has-text-align-center\" data-align=\"center\">13,33<\/td><\/tr><tr><td>Cirurgia Tor&aacute;cica<\/td><td class=\"has-text-align-center\" data-align=\"center\">1<\/td><td class=\"has-text-align-center\" data-align=\"center\">3<\/td><td class=\"has-text-align-center\" data-align=\"center\">3<\/td><\/tr><tr><td>Cl&iacute;nica M&eacute;dica<\/td><td class=\"has-text-align-center\" data-align=\"center\">2<\/td><td class=\"has-text-align-center\" data-align=\"center\">54<\/td><td class=\"has-text-align-center\" data-align=\"center\">27<\/td><\/tr><tr><td>Coloproctologia<\/td><td class=\"has-text-align-center\" data-align=\"center\">1<\/td><td class=\"has-text-align-center\" data-align=\"center\">5<\/td><td class=\"has-text-align-center\" data-align=\"center\">5<\/td><\/tr><tr><td>Dermatologia<\/td><td class=\"has-text-align-center\" data-align=\"center\">1<\/td><td class=\"has-text-align-center\" data-align=\"center\">32<\/td><td class=\"has-text-align-center\" data-align=\"center\">32<\/td><\/tr><tr><td>Endocrinologia e Metabologia<\/td><td class=\"has-text-align-center\" data-align=\"center\">2<\/td><td class=\"has-text-align-center\" data-align=\"center\">8<\/td><td class=\"has-text-align-center\" data-align=\"center\">4<\/td><\/tr><tr><td>Geriatria<\/td><td class=\"has-text-align-center\" data-align=\"center\">1<\/td><td class=\"has-text-align-center\" data-align=\"center\">7<\/td><td class=\"has-text-align-center\" data-align=\"center\">7<\/td><\/tr><tr><td>Infectologia<\/td><td class=\"has-text-align-center\" data-align=\"center\">3<\/td><td class=\"has-text-align-center\" data-align=\"center\">17<\/td><td class=\"has-text-align-center\" data-align=\"center\">5,66<\/td><\/tr><tr><td>Medicina de Fam&iacute;lia e Comunidade<\/td><td class=\"has-text-align-center\" data-align=\"center\">8<\/td><td class=\"has-text-align-center\" data-align=\"center\">12<\/td><td class=\"has-text-align-center\" data-align=\"center\">1,5<\/td><\/tr><tr><td>Neonatologia<\/td><td class=\"has-text-align-center\" data-align=\"center\">2<\/td><td class=\"has-text-align-center\" data-align=\"center\">3<\/td><td class=\"has-text-align-center\" data-align=\"center\">1,5<\/td><\/tr><tr><td>Obstetr&iacute;cia e Ginecologia<\/td><td class=\"has-text-align-center\" data-align=\"center\">3<\/td><td class=\"has-text-align-center\" data-align=\"center\">59<\/td><td class=\"has-text-align-center\" data-align=\"center\">19,66<\/td><\/tr><tr><td>Oftalmologia<\/td><td class=\"has-text-align-center\" data-align=\"center\">2<\/td><td class=\"has-text-align-center\" data-align=\"center\">45<\/td><td class=\"has-text-align-center\" data-align=\"center\">22,5<\/td><\/tr><tr><td>Otorrinolaringologia<\/td><td class=\"has-text-align-center\" data-align=\"center\">1<\/td><td class=\"has-text-align-center\" data-align=\"center\">13<\/td><td class=\"has-text-align-center\" data-align=\"center\">13<\/td><\/tr><tr><td>Pediatria<\/td><td class=\"has-text-align-center\" data-align=\"center\">10<\/td><td class=\"has-text-align-center\" data-align=\"center\">41<\/td><td class=\"has-text-align-center\" data-align=\"center\">4,1<\/td><\/tr><tr><td>Urologia<\/td><td class=\"has-text-align-center\" data-align=\"center\">1<\/td><td class=\"has-text-align-center\" data-align=\"center\">1<\/td><td class=\"has-text-align-center\" data-align=\"center\">1<\/td><\/tr><\/tbody><\/table><\/figure><h2 class=\"wp-block-heading\"><span class=\"ez-toc-section\" id=\"Nota-de-Corte-UFMT-Residencia-Medica\"><\/span>Nota de Corte UFMT Resid&ecirc;ncia M&eacute;dica<span class=\"ez-toc-section-end\"><\/span><\/h2><p>Confira abaixo a nota m&iacute;nima necess&aacute;ria para que os candidatos fossem classificados para a an&aacute;lise curricular:<\/p><figure class=\"wp-block-table\"><table><thead><tr><th>Especialidades<\/th><th class=\"has-text-align-center\" data-align=\"center\">NOTA DE CORTE<\/th><\/tr><\/thead><tbody><tr><td>Anestesiologia<\/td><td class=\"has-text-align-center\" data-align=\"center\">55<\/td><\/tr><tr><td>Cirurgia Geral<\/td><td class=\"has-text-align-center\" data-align=\"center\">58<\/td><\/tr><tr><td>Cirurgia Tor&aacute;cica<\/td><td class=\"has-text-align-center\" data-align=\"center\">48<\/td><\/tr><tr><td>Cl&iacute;nica M&eacute;dica<\/td><td class=\"has-text-align-center\" data-align=\"center\">57<\/td><\/tr><tr><td>Coloproctologia<\/td><td class=\"has-text-align-center\" data-align=\"center\">30<\/td><\/tr><tr><td>Dermatologia<\/td><td class=\"has-text-align-center\" data-align=\"center\">61<\/td><\/tr><tr><td>Endocrinologia e Metabologia<\/td><td class=\"has-text-align-center\" data-align=\"center\">36<\/td><\/tr><tr><td>Geriatria<\/td><td class=\"has-text-align-center\" data-align=\"center\">54<\/td><\/tr><tr><td>Infectologia<\/td><td class=\"has-text-align-center\" data-align=\"center\">47<\/td><\/tr><tr><td>Medicina de Fam&iacute;lia e Comunidade<\/td><td class=\"has-text-align-center\" data-align=\"center\">37<\/td><\/tr><tr><td>Neonatologia<\/td><td class=\"has-text-align-center\" data-align=\"center\">57<\/td><\/tr><tr><td>Obstetr&iacute;cia e Ginecologia<\/td><td class=\"has-text-align-center\" data-align=\"center\">59<\/td><\/tr><tr><td>Oftalmologia<\/td><td class=\"has-text-align-center\" data-align=\"center\">63<\/td><\/tr><tr><td>Otorrinolaringologia<\/td><td class=\"has-text-align-center\" data-align=\"center\">66<\/td><\/tr><tr><td>Pediatria<\/td><td class=\"has-text-align-center\" data-align=\"center\">36<\/td><\/tr><tr><td>Urologia<\/td><td class=\"has-text-align-center\" data-align=\"center\">45<\/td><\/tr><\/tbody><\/table><\/figure><h2 class=\"wp-block-heading\"><span class=\"ez-toc-section\" id=\"Saiba-como-foi-o-processo-seletivo-na-ultima-edicao\"><\/span>Saiba como foi o processo seletivo na &uacute;ltima edi&ccedil;&atilde;o<span class=\"ez-toc-section-end\"><\/span><\/h2><p>O edital da edi&ccedil;&atilde;o 2022\/2023 do processo seletivo para Resid&ecirc;ncia M&eacute;dica da Universidade Federal do Mato Grosso (UFMT), cuja organiza&ccedil;&atilde;o e aplica&ccedil;&atilde;o &eacute; feita pela pr&oacute;pria institui&ccedil;&atilde;o, foi divulgado no dia 4 de outubro de 2022. Confira o documento:<\/p><div class=\"wp-block-buttons is-content-justification-center is-layout-flex wp-container-core-buttons-is-layout-2 wp-block-buttons-is-layout-flex\">\n<div class=\"wp-block-button\"><a class=\"wp-block-button__link wp-element-button\" href=\"https:\/\/med.estrategia.com\/portal\/wp-content\/uploads\/2022\/10\/EDITAL_RESIDENCIA_MEDICA_2023_versao-final.pdf\" target=\"_blank\">Edital UFMT 2023<\/a><\/div>\n<\/div><h3 class=\"wp-block-heading\" id=\"h-cronograma-ufmt-2023\">Cronograma UFMT 2023<\/h3><ul class=\"wp-block-list\">\n<li><strong>Publica&ccedil;&atilde;o do edital: <\/strong>04\/10\/2022;<\/li>\n\n\n\n<li><strong>Per&iacute;odo de Inscri&ccedil;&otilde;es: <\/strong>17\/10 a 31\/10\/2022;<\/li>\n\n\n\n<li><strong>Taxa de inscri&ccedil;&atilde;o: <\/strong>R$ 350,00;<\/li>\n\n\n\n<li><strong>Locais e hor&aacute;rio de provas: <\/strong>28\/11\/2022;<\/li>\n\n\n\n<li><strong>Data da Prova Objetiva: <\/strong>04\/12\/2022;<\/li>\n\n\n\n<li><strong>Divulga&ccedil;&atilde;o do gabarito preliminar: <\/strong>05\/12\/2022;<\/li>\n\n\n\n<li><strong>Recursos contra o gabarito: <\/strong>das 8 horas do dia 06\/12 &agrave;s 18h do dia 07\/12\/2022;<\/li>\n\n\n\n<li><strong>Envio dos curr&iacute;culos: <\/strong>09\/12 a 15\/12\/2022;<\/li>\n\n\n\n<li><strong>Desempenho na Prova Objetiva:<\/strong> 19\/12\/2022;<\/li>\n\n\n\n<li><strong>Recursos:<\/strong> Das 8 horas do dia 20\/12 &agrave;s 18 horas do dia 21\/12\/2022;<\/li>\n\n\n\n<li><strong style=\"color: initial;\">Desempenho na An&aacute;lise Curricular:<\/strong><span style=\"color: initial;\"> 23\/01\/2023;<\/span><\/li>\n\n\n\n<li><strong>Recursos:<\/strong> Das 8 horas do dia 24\/01 &agrave;s 18 horas do dia 25\/01\/2023;<\/li>\n\n\n\n<li><strong>Resultado Final: <\/strong>03\/02\/2023; e<\/li>\n\n\n\n<li><strong>Per&iacute;odo de Matr&iacute;cula:<\/strong> De 06 a 10\/02\/2023.<\/li>\n<\/ul><div class=\"wp-block-buttons is-content-justification-center is-layout-flex wp-container-core-buttons-is-layout-3 wp-block-buttons-is-layout-flex\">\n<div class=\"wp-block-button\"><a class=\"wp-block-button__link wp-element-button\" href=\"https:\/\/med.estrategia.com\/portal\/wp-content\/uploads\/2023\/01\/EDITAL-DE-RETIFICACAO_RESIDENCIA_MEDICA_2023.pdf\" target=\"_blank\">Retifica&ccedil;&atilde;o do Cronograma &ndash; 19\/01\/2023<\/a><\/div>\n<\/div><h3 class=\"wp-block-heading\" id=\"h-especialidades-e-vagas-ofertadas\">Especialidades e Vagas Ofertadas<\/h3><p>Para ingresso em 2023, foram ofertadas <strong>45 vagas<\/strong>, distribu&iacute;das entre as especialidades de Acesso Direto, com Pr&eacute;-Requisito e &Aacute;reas de Atua&ccedil;&atilde;o, veja a seguir:<\/p><figure class=\"wp-block-table\"><table><thead><tr><th> Programa <\/th><th class=\"has-text-align-center\" data-align=\"center\"><strong>Vagas livres ofertadas<\/strong><\/th><\/tr><\/thead><tbody><tr><td>Anestesiologia<\/td><td class=\"has-text-align-center\" data-align=\"center\">4<\/td><\/tr><tr><td>Cirurgia Geral<\/td><td class=\"has-text-align-center\" data-align=\"center\">3<\/td><\/tr><tr><td>Cirurgia Tor&aacute;cica<\/td><td class=\"has-text-align-center\" data-align=\"center\">1<\/td><\/tr><tr><td>Cl&iacute;nica M&eacute;dica<\/td><td class=\"has-text-align-center\" data-align=\"center\">2<\/td><\/tr><tr><td>Coloproctologia<\/td><td class=\"has-text-align-center\" data-align=\"center\">1<\/td><\/tr><tr><td>Dermatologia<\/td><td class=\"has-text-align-center\" data-align=\"center\">1<\/td><\/tr><tr><td>Endocrinologia e Metabologia<\/td><td class=\"has-text-align-center\" data-align=\"center\">2<\/td><\/tr><tr><td>Geriatria<\/td><td class=\"has-text-align-center\" data-align=\"center\">1<\/td><\/tr><tr><td>Infectologia<\/td><td class=\"has-text-align-center\" data-align=\"center\">3<\/td><\/tr><tr><td>Medicina de Fam&iacute;lia e<br>Comunidade<\/td><td class=\"has-text-align-center\" data-align=\"center\">8<\/td><\/tr><tr><td>Neonatologia (&Aacute;rea de<br>Atua&ccedil;&atilde;o)<\/td><td class=\"has-text-align-center\" data-align=\"center\">2<\/td><\/tr><tr><td>Obstetr&iacute;cia e Ginecologia<\/td><td class=\"has-text-align-center\" data-align=\"center\">3<\/td><\/tr><tr><td>Oftalmologia<\/td><td class=\"has-text-align-center\" data-align=\"center\">2<\/td><\/tr><tr><td>Otorrinolaringologia<\/td><td class=\"has-text-align-center\" data-align=\"center\">1<\/td><\/tr><tr><td>Pediatria<\/td><td class=\"has-text-align-center\" data-align=\"center\">10<\/td><\/tr><tr><td>Urologia<\/td><td class=\"has-text-align-center\" data-align=\"center\">1<\/td><\/tr><tr><td><strong>Total de vagas<\/strong><\/td><td class=\"has-text-align-center\" data-align=\"center\"><strong>45<\/strong><\/td><\/tr><\/tbody><\/table><\/figure><h3 class=\"wp-block-heading\">Prova 2023<\/h3><div class=\"wp-block-buttons is-horizontal is-content-justification-center is-layout-flex wp-container-core-buttons-is-layout-4 wp-block-buttons-is-layout-flex\">\n<div class=\"wp-block-button\"><a class=\"wp-block-button__link wp-element-button\" href=\"https:\/\/med.estrategia.com\/portal\/wp-content\/uploads\/2022\/12\/gabaritos-ufmt.zip\" target=\"_blank\">Confira os gabaritos preliminares<\/a><\/div>\n<\/div><div class=\"wp-block-buttons is-horizontal is-content-justification-center is-layout-flex wp-container-core-buttons-is-layout-5 wp-block-buttons-is-layout-flex\">\n<div class=\"wp-block-button\"><a class=\"wp-block-button__link wp-element-button\" href=\"https:\/\/med.estrategia.com\/portal\/wp-content\/uploads\/2022\/12\/cadernos-ufmt.zip\" target=\"_blank\">Baixe as provas aplicadas<\/a><\/div>\n<\/div><div class=\"wp-block-buttons is-content-justification-center is-layout-flex wp-container-core-buttons-is-layout-6 wp-block-buttons-is-layout-flex\">\n<div class=\"wp-block-button\"><a class=\"wp-block-button__link wp-element-button\" href=\"https:\/\/med.estrategia.com\/portal\/wp-content\/uploads\/2022\/12\/COMUNICADO-DA-ANALISE-DOS-RECURSOS-CONTRA-GAB-PRELIMINAR-DA-PROVA-OBJETIVA_MEDICINA.pdf\" target=\"_blank\">Respostas dos recursos ao gabarito<\/a><\/div>\n<\/div><p>O candidato somente foi permitido a<strong> levar o seu Caderno de Prova<\/strong> nos <strong>&uacute;ltimos 30 minutos <\/strong>de prova. O Estrat&eacute;gia MED possui um artigo espec&iacute;fico de <a href=\"https:\/\/med.estrategia.com\/portal\/residencia-medica\/provas-e-editais\/ufmt-provas-e-editais\/\" target=\"_blank\">Provas e Editais<\/a> da UFMT! Confira e baixe os PDFs gratuitamente!<\/p><h3 class=\"wp-block-heading\" id=\"h-resultado-final-e-classificacao\">Resultado Final e Classifica&ccedil;&atilde;o<\/h3><p>O Resultado Final foi divulgado no dia 3 de fevereiro de 2023. A classifica&ccedil;&atilde;o para as especialidades com <strong>Acesso Direto <\/strong>foi definida da seguinte maneira:<\/p><p><strong>PF = N1 + N2<\/strong><\/p><p>Sendo que N1, equivale a&nbsp; PO + PA; e N2 equivale a AC + PA, no qual:<\/p><p>PO = Pontua&ccedil;&atilde;o obtida na Prova Objetiva;<\/p><p>AC = Pontua&ccedil;&atilde;o obtida na An&aacute;lise de Curr&iacute;culo; e<\/p><p>PA = Pontua&ccedil;&atilde;o Adicional.<\/p><p>Para as especialidades com <strong>Pr&eacute;-Requisito<\/strong>:<\/p><p><strong>PF = PO + AC<\/strong><\/p><p>PO = Pontua&ccedil;&atilde;o obtida na Prova Objetiva; e<\/p><p>AC = Pontua&ccedil;&atilde;o obtida na An&aacute;lise de Curr&iacute;culo.<\/p><div class=\"wp-block-buttons is-horizontal is-content-justification-center is-layout-flex wp-container-core-buttons-is-layout-7 wp-block-buttons-is-layout-flex\">\n<div class=\"wp-block-button\"><a class=\"wp-block-button__link wp-element-button\" href=\"https:\/\/med.estrategia.com\/portal\/wp-content\/uploads\/2023\/02\/Resultado-Final-RESMED.pdf\" target=\"_blank\">RESULTADO FINAL UFMT 2023 <\/a><\/div>\n\n\n\n<div class=\"wp-block-button\"><a class=\"wp-block-button__link wp-element-button\" href=\"https:\/\/med.estrategia.com\/portal\/wp-content\/uploads\/2023\/02\/2a-CHAMADA-RES.-MEDICA.pdf\" target=\"_blank\">2&ordf; chamada UFMT 2023<\/a><\/div>\n\n\n\n<div class=\"wp-block-button\"><a class=\"wp-block-button__link wp-element-button\" href=\"https:\/\/med.estrategia.com\/portal\/wp-content\/uploads\/2023\/02\/CONVOCACAO-3-CHAMADA-Residencia-Medica.pdf\" target=\"_blank\">3&ordf; chamada UFMT 2023<\/a><\/div>\n\n\n\n<div class=\"wp-block-button\"><a class=\"wp-block-button__link wp-element-button\" href=\"https:\/\/med.estrategia.com\/portal\/wp-content\/uploads\/2023\/02\/CONVOCACAO-4-CHAMADA-Residencia-Medica.pdf\" target=\"_blank\">4&ordf; chamada UFMT 2023<\/a><\/div>\n<\/div><h2 class=\"wp-block-heading\" id=\"h-estudando-para-a-residencia-medica-ufmt-2024\"><span class=\"ez-toc-section\" id=\"Estudando-para-a-residencia-medica-UFMT-2024\"><\/span>Estudando para a resid&ecirc;ncia m&eacute;dica UFMT 2024?<span class=\"ez-toc-section-end\"><\/span><\/h2><p>A melhor forma de<strong> treinar os seus aprendizados<\/strong> e <strong>analisar seus erros e acertos<\/strong> &eacute; por meio da <strong>resolu&ccedil;&atilde;o de quest&otilde;es!<\/strong> Ent&atilde;o, se voc&ecirc; est&aacute; se preparando para algum processo seletivo de Resid&ecirc;ncia M&eacute;dica e quer aprimorar seus estudos, conhe&ccedil;a o <strong>Banco de Quest&otilde;es EMED<\/strong>, em que o aluno tem acesso a milhares de quest&otilde;es!&nbsp;<\/p><p><\/p><p><strong><a id=\"cta\" class=\"cta-imagem\" href=\"https:\/\/med.estrategia.com\/cursos\/extensivo-de-residncia-mdica\/\" target=\"blank\">\n                <img decoding=\"async\" width=\"100%\" src=\"https:\/\/med.estrategia.com\/portal\/wp-content\/uploads\/2025\/08\/extensivo_rm.jpg\" alt=\"Extensivo RM\" title=\"extensivo_rm\">\n        <\/a><\/strong><\/p><h2 class=\"wp-block-heading\" id=\"h-veja-tambem\"><span class=\"ez-toc-section\" id=\"Veja-tambem\"><\/span>Veja tamb&eacute;m:<span class=\"ez-toc-section-end\"><\/span><\/h2><ul class=\"wp-block-list\">\n<li><a href=\"https:\/\/med.estrategia.com\/portal\/residencia-medica\/provas\/ufmt-provas-e-editais\/\">Prova de Resid&ecirc;ncia M&eacute;dica UFMT<\/a><\/li>\n\n\n\n<li><a href=\"https:\/\/med.estrategia.com\/portal\/residencia-medica\/ses-go-residencia-medica\/\">Resid&ecirc;ncia M&eacute;dica SES-GO<\/a><\/li>\n\n\n\n<li><a href=\"https:\/\/med.estrategia.com\/portal\/residencia-medica\/ses-df-residencia-medica\/\">Resid&ecirc;ncia M&eacute;dica SES-DF<\/a><\/li>\n\n\n\n<li><a href=\"https:\/\/med.estrategia.com\/portal\/residencia-medica\/hfa-residencia-medica\/\">Resid&ecirc;ncia M&eacute;dica HFA-DF<\/a><\/li>\n\n\n\n<li><a href=\"https:\/\/med.estrategia.com\/portal\/residencia-medica\/hc-ufg-residencia-medica\/\">Resid&ecirc;ncia M&eacute;dica HC-UFG<\/a><\/li>\n\n\n\n<li><a href=\"https:\/\/med.estrategia.com\/portal\/residencia-medica\/ufmt-residencia-medica\/\">Resid&ecirc;ncia M&eacute;dica UFMT<\/a><\/li>\n\n\n\n<li><a href=\"https:\/\/med.estrategia.com\/portal\/residencia-medica\/ses-mt-residencia-medica\/\">Resid&ecirc;ncia M&eacute;dica SES-MT<\/a><\/li>\n\n\n\n<li><a href=\"https:\/\/med.estrategia.com\/portal\/residencia-medica\/ufgd-residencia-medica\/\">Resid&ecirc;ncia M&eacute;dica UFGD<\/a><\/li>\n\n\n\n<li><a href=\"https:\/\/med.estrategia.com\/portal\/residencia-medica\/ses-go-residencia-medica\/\">Resid&ecirc;ncia M&eacute;dica SES-GO<\/a><\/li>\n\n\n\n<li><a href=\"https:\/\/med.estrategia.com\/portal\/residencia-medica\/hc-ufg-residencia-medica\/\">Resid&ecirc;ncia M&eacute;dica HC-UFG<\/a><\/li>\n\n\n\n<li><a href=\"https:\/\/med.estrategia.com\/portal\/residencia-medica\/ses-mt-residencia-medica\/\">Resid&ecirc;ncia M&eacute;dica SES-MT<\/a><\/li>\n\n\n\n<li><a href=\"https:\/\/med.estrategia.com\/portal\/residencia-medica\/ufgd-residencia-medica\/\">Resid&ecirc;ncia M&eacute;dica UFGD<\/a><\/li>\n\n\n\n<li><a href=\"https:\/\/med.estrategia.com\/portal\/residencia-medica\/especialidades\/10-residencias-medicas-com-mais-vagas-por-especialidade\/\">10 Resid&ecirc;ncias M&eacute;dicas com mais vagas por especialidade<\/a><\/li>\n\n\n\n<li><a href=\"https:\/\/med.estrategia.com\/portal\/residencia-medica\/residencias-medicas-mais-concorridos\/\">10 Resid&ecirc;ncias M&eacute;dicas mais concorridas<\/a><\/li>\n\n\n\n<li><a href=\"https:\/\/med.estrategia.com\/portal\/residencia-medica\/usp-sp-residencia-medica\/\">Resid&ecirc;ncia M&eacute;dica USP SP<\/a><\/li>\n\n\n\n<li><a href=\"https:\/\/med.estrategia.com\/portal\/residencia-medica\/enare-vagas-cronograma-provas-edital\/\">Resid&ecirc;ncia M&eacute;dica ENARE<\/a><\/li>\n<\/ul><\/p>\n","protected":false},"excerpt":{"rendered":"Fique por dentro do Processo Seletivo de Resid&ecirc;ncia M&eacute;dica da UFMT! Aqui voc&ecirc; encontra datas importantes, informa&ccedil;&otilde;es e&hellip;\n","protected":false},"author":39,"featured_media":41434,"comment_status":"open","ping_status":"open","sticky":false,"template":"","format":"standard","meta":{"wl_entities_gutenberg":"","footnotes":""},"categories":[24],"tags":[],"wl_entity_type":[199],"class_list":{"0":"post-45554","1":"post","2":"type-post","3":"status-publish","4":"format-standard","5":"has-post-thumbnail","7":"category-residencia-medica","8":"wl_entity_type-article"},"acf":[],"yoast_head":"<!-- This site is optimized with the Yoast SEO Premium plugin v26.6 (Yoast SEO v26.6) - https:\/\/yoast.com\/wordpress\/plugins\/seo\/ -->\n<title>Resid\u00eancia M\u00e9dica UFMT: edital 2023, concorr\u00eancia, nota de corte e mais<\/title>\n<meta name=\"description\" content=\"Saiba todos os detalhes do Processo Seletivo de Resid\u00eancia M\u00e9dica da UFMT! N\u00e3o perca essa oportunidade e confira agora!\" \/>\n<meta name=\"robots\" content=\"index, follow, max-snippet:-1, max-image-preview:large, max-video-preview:-1\" \/>\n<link rel=\"canonical\" href=\"https:\/\/med.estrategia.com\/portal\/residencia-medica\/residencia-medica-ufmt-edital-2023-concorrencia-nota-de-corte-e-mais\/\" \/>\n<meta property=\"og:locale\" content=\"pt_BR\" \/>\n<meta property=\"og:type\" content=\"article\" \/>\n<meta property=\"og:title\" content=\"Resid\u00eancia M\u00e9dica UFMT: edital 2023, concorr\u00eancia, nota de corte e mais\" \/>\n<meta property=\"og:description\" content=\"Saiba todos os detalhes do Processo Seletivo de Resid\u00eancia M\u00e9dica da UFMT! N\u00e3o perca essa oportunidade e confira agora!\" \/>\n<meta property=\"og:url\" content=\"https:\/\/med.estrategia.com\/portal\/residencia-medica\/residencia-medica-ufmt-edital-2023-concorrencia-nota-de-corte-e-mais\/\" \/>\n<meta property=\"og:site_name\" content=\"Estrat\u00e9gia MED\" \/>\n<meta property=\"article:publisher\" content=\"https:\/\/www.facebook.com\/estrategiamed1\" \/>\n<meta property=\"article:published_time\" content=\"2022-08-28T13:43:53+00:00\" \/>\n<meta property=\"article:modified_time\" content=\"2023-08-28T16:48:42+00:00\" \/>\n<meta property=\"og:image\" content=\"https:\/\/cdn.medblog.estrategiaeducacional.com.br\/wp-content\/uploads\/2023\/06\/residencia-medica-ufmt.jpg\" \/>\n\t<meta property=\"og:image:width\" content=\"1200\" \/>\n\t<meta property=\"og:image:height\" content=\"800\" \/>\n\t<meta property=\"og:image:type\" content=\"image\/jpeg\" \/>\n<meta name=\"author\" content=\"Ana Carolina Damasceno\" \/>\n<meta name=\"twitter:card\" content=\"summary_large_image\" \/>\n<meta name=\"twitter:creator\" content=\"@estrategiamed_\" \/>\n<meta name=\"twitter:site\" content=\"@estrategiamed_\" \/>\n<meta name=\"twitter:label1\" content=\"Escrito por\" \/>\n\t<meta name=\"twitter:data1\" content=\"Ana Carolina Damasceno\" \/>\n\t<meta name=\"twitter:label2\" content=\"Est. tempo de leitura\" \/>\n\t<meta name=\"twitter:data2\" content=\"6 minutos\" \/>\n<script type=\"application\/ld+json\" class=\"yoast-schema-graph\">{\"@context\":\"https:\/\/schema.org\",\"@graph\":[{\"@type\":\"WebPage\",\"@id\":\"https:\/\/med.estrategia.com\/portal\/residencia-medica\/residencia-medica-ufmt-edital-2023-concorrencia-nota-de-corte-e-mais\/\",\"url\":\"https:\/\/med.estrategia.com\/portal\/residencia-medica\/residencia-medica-ufmt-edital-2023-concorrencia-nota-de-corte-e-mais\/\",\"name\":\"Resid\u00eancia M\u00e9dica UFMT: edital 2023, concorr\u00eancia, nota de corte e mais\",\"isPartOf\":{\"@id\":\"https:\/\/med.estrategia.com\/portal\/#website\"},\"primaryImageOfPage\":{\"@id\":\"https:\/\/med.estrategia.com\/portal\/residencia-medica\/residencia-medica-ufmt-edital-2023-concorrencia-nota-de-corte-e-mais\/#primaryimage\"},\"image\":{\"@id\":\"https:\/\/med.estrategia.com\/portal\/residencia-medica\/residencia-medica-ufmt-edital-2023-concorrencia-nota-de-corte-e-mais\/#primaryimage\"},\"thumbnailUrl\":\"https:\/\/med.estrategia.com\/portal\/wp-content\/uploads\/2023\/06\/residencia-medica-ufmt.jpg\",\"datePublished\":\"2022-08-28T13:43:53+00:00\",\"dateModified\":\"2023-08-28T16:48:42+00:00\",\"author\":{\"@id\":\"https:\/\/med.estrategia.com\/portal\/#\/schema\/person\/2f553adbb8e25fe39d145c5b2927f58c\"},\"description\":\"Saiba todos os detalhes do Processo Seletivo de Resid\u00eancia M\u00e9dica da UFMT! N\u00e3o perca essa oportunidade e confira agora!\",\"breadcrumb\":{\"@id\":\"https:\/\/med.estrategia.com\/portal\/residencia-medica\/residencia-medica-ufmt-edital-2023-concorrencia-nota-de-corte-e-mais\/#breadcrumb\"},\"inLanguage\":\"pt-BR\",\"potentialAction\":[{\"@type\":\"ReadAction\",\"target\":[\"https:\/\/med.estrategia.com\/portal\/residencia-medica\/residencia-medica-ufmt-edital-2023-concorrencia-nota-de-corte-e-mais\/\"]}]},{\"@type\":\"ImageObject\",\"inLanguage\":\"pt-BR\",\"@id\":\"https:\/\/med.estrategia.com\/portal\/residencia-medica\/residencia-medica-ufmt-edital-2023-concorrencia-nota-de-corte-e-mais\/#primaryimage\",\"url\":\"https:\/\/med.estrategia.com\/portal\/wp-content\/uploads\/2023\/06\/residencia-medica-ufmt.jpg\",\"contentUrl\":\"https:\/\/med.estrategia.com\/portal\/wp-content\/uploads\/2023\/06\/residencia-medica-ufmt.jpg\",\"width\":1200,\"height\":800},{\"@type\":\"BreadcrumbList\",\"@id\":\"https:\/\/med.estrategia.com\/portal\/residencia-medica\/residencia-medica-ufmt-edital-2023-concorrencia-nota-de-corte-e-mais\/#breadcrumb\",\"itemListElement\":[{\"@type\":\"ListItem\",\"position\":1,\"name\":\"Home\",\"item\":\"https:\/\/med.estrategia.com\/portal\/\"},{\"@type\":\"ListItem\",\"position\":2,\"name\":\"Resid\u00eancia M\u00e9dica\",\"item\":\"https:\/\/med.estrategia.com\/portal\/residencia-medica\/\"},{\"@type\":\"ListItem\",\"position\":3,\"name\":\"Resid\u00eancia M\u00e9dica UFMT: edital 2023, concorr\u00eancia, nota de corte e mais\"}]},{\"@type\":\"WebSite\",\"@id\":\"https:\/\/med.estrategia.com\/portal\/#website\",\"url\":\"https:\/\/med.estrategia.com\/portal\/\",\"name\":\"Estrat\u00e9gia MED\",\"description\":\"\",\"potentialAction\":[{\"@type\":\"SearchAction\",\"target\":{\"@type\":\"EntryPoint\",\"urlTemplate\":\"https:\/\/med.estrategia.com\/portal\/?s={search_term_string}\"},\"query-input\":{\"@type\":\"PropertyValueSpecification\",\"valueRequired\":true,\"valueName\":\"search_term_string\"}}],\"inLanguage\":\"pt-BR\"},{\"@type\":\"Person\",\"@id\":\"https:\/\/med.estrategia.com\/portal\/#\/schema\/person\/2f553adbb8e25fe39d145c5b2927f58c\",\"name\":\"Ana Carolina Damasceno\",\"image\":{\"@type\":\"ImageObject\",\"inLanguage\":\"pt-BR\",\"@id\":\"https:\/\/med.estrategia.com\/portal\/#\/schema\/person\/image\/\",\"url\":\"https:\/\/med.estrategia.com\/portal\/wp-content\/uploads\/2021\/09\/WhatsApp-Image-2023-08-18-at-16.46.43-150x150.jpeg\",\"contentUrl\":\"https:\/\/med.estrategia.com\/portal\/wp-content\/uploads\/2021\/09\/WhatsApp-Image-2023-08-18-at-16.46.43-150x150.jpeg\",\"caption\":\"Ana Carolina Damasceno\"},\"description\":\"Coordenadora de Jornalismo EMED. Comunicadora por natureza e forma\u00e7\u00e3o, que ama e perde a no\u00e7\u00e3o do tempo com m\u00fasica e s\u00e9rie.\",\"url\":\"https:\/\/med.estrategia.com\/portal\/author\/ana-carolina-damasceno\/\"}]}<\/script>\n<!-- \/ Yoast SEO Premium plugin. -->","yoast_head_json":{"title":"Resid\u00eancia M\u00e9dica UFMT: edital 2023, concorr\u00eancia, nota de corte e mais","description":"Saiba todos os detalhes do Processo Seletivo de Resid\u00eancia M\u00e9dica da UFMT! N\u00e3o perca essa oportunidade e confira agora!","robots":{"index":"index","follow":"follow","max-snippet":"max-snippet:-1","max-image-preview":"max-image-preview:large","max-video-preview":"max-video-preview:-1"},"canonical":"https:\/\/med.estrategia.com\/portal\/residencia-medica\/residencia-medica-ufmt-edital-2023-concorrencia-nota-de-corte-e-mais\/","og_locale":"pt_BR","og_type":"article","og_title":"Resid\u00eancia M\u00e9dica UFMT: edital 2023, concorr\u00eancia, nota de corte e mais","og_description":"Saiba todos os detalhes do Processo Seletivo de Resid\u00eancia M\u00e9dica da UFMT! N\u00e3o perca essa oportunidade e confira agora!","og_url":"https:\/\/med.estrategia.com\/portal\/residencia-medica\/residencia-medica-ufmt-edital-2023-concorrencia-nota-de-corte-e-mais\/","og_site_name":"Estrat\u00e9gia MED","article_publisher":"https:\/\/www.facebook.com\/estrategiamed1","article_published_time":"2022-08-28T13:43:53+00:00","article_modified_time":"2023-08-28T16:48:42+00:00","og_image":[{"width":1200,"height":800,"url":"https:\/\/cdn.medblog.estrategiaeducacional.com.br\/wp-content\/uploads\/2023\/06\/residencia-medica-ufmt.jpg","type":"image\/jpeg"}],"author":"Ana Carolina Damasceno","twitter_card":"summary_large_image","twitter_creator":"@estrategiamed_","twitter_site":"@estrategiamed_","twitter_misc":{"Escrito por":"Ana Carolina Damasceno","Est. tempo de leitura":"6 minutos"},"schema":{"@context":"https:\/\/schema.org","@graph":[{"@type":"WebPage","@id":"https:\/\/med.estrategia.com\/portal\/residencia-medica\/residencia-medica-ufmt-edital-2023-concorrencia-nota-de-corte-e-mais\/","url":"https:\/\/med.estrategia.com\/portal\/residencia-medica\/residencia-medica-ufmt-edital-2023-concorrencia-nota-de-corte-e-mais\/","name":"Resid\u00eancia M\u00e9dica UFMT: edital 2023, concorr\u00eancia, nota de corte e mais","isPartOf":{"@id":"https:\/\/med.estrategia.com\/portal\/#website"},"primaryImageOfPage":{"@id":"https:\/\/med.estrategia.com\/portal\/residencia-medica\/residencia-medica-ufmt-edital-2023-concorrencia-nota-de-corte-e-mais\/#primaryimage"},"image":{"@id":"https:\/\/med.estrategia.com\/portal\/residencia-medica\/residencia-medica-ufmt-edital-2023-concorrencia-nota-de-corte-e-mais\/#primaryimage"},"thumbnailUrl":"https:\/\/med.estrategia.com\/portal\/wp-content\/uploads\/2023\/06\/residencia-medica-ufmt.jpg","datePublished":"2022-08-28T13:43:53+00:00","dateModified":"2023-08-28T16:48:42+00:00","author":{"@id":"https:\/\/med.estrategia.com\/portal\/#\/schema\/person\/2f553adbb8e25fe39d145c5b2927f58c"},"description":"Saiba todos os detalhes do Processo Seletivo de Resid\u00eancia M\u00e9dica da UFMT! N\u00e3o perca essa oportunidade e confira agora!","breadcrumb":{"@id":"https:\/\/med.estrategia.com\/portal\/residencia-medica\/residencia-medica-ufmt-edital-2023-concorrencia-nota-de-corte-e-mais\/#breadcrumb"},"inLanguage":"pt-BR","potentialAction":[{"@type":"ReadAction","target":["https:\/\/med.estrategia.com\/portal\/residencia-medica\/residencia-medica-ufmt-edital-2023-concorrencia-nota-de-corte-e-mais\/"]}]},{"@type":"ImageObject","inLanguage":"pt-BR","@id":"https:\/\/med.estrategia.com\/portal\/residencia-medica\/residencia-medica-ufmt-edital-2023-concorrencia-nota-de-corte-e-mais\/#primaryimage","url":"https:\/\/med.estrategia.com\/portal\/wp-content\/uploads\/2023\/06\/residencia-medica-ufmt.jpg","contentUrl":"https:\/\/med.estrategia.com\/portal\/wp-content\/uploads\/2023\/06\/residencia-medica-ufmt.jpg","width":1200,"height":800},{"@type":"BreadcrumbList","@id":"https:\/\/med.estrategia.com\/portal\/residencia-medica\/residencia-medica-ufmt-edital-2023-concorrencia-nota-de-corte-e-mais\/#breadcrumb","itemListElement":[{"@type":"ListItem","position":1,"name":"Home","item":"https:\/\/med.estrategia.com\/portal\/"},{"@type":"ListItem","position":2,"name":"Resid\u00eancia M\u00e9dica","item":"https:\/\/med.estrategia.com\/portal\/residencia-medica\/"},{"@type":"ListItem","position":3,"name":"Resid\u00eancia M\u00e9dica UFMT: edital 2023, concorr\u00eancia, nota de corte e mais"}]},{"@type":"WebSite","@id":"https:\/\/med.estrategia.com\/portal\/#website","url":"https:\/\/med.estrategia.com\/portal\/","name":"Estrat\u00e9gia MED","description":"","potentialAction":[{"@type":"SearchAction","target":{"@type":"EntryPoint","urlTemplate":"https:\/\/med.estrategia.com\/portal\/?s={search_term_string}"},"query-input":{"@type":"PropertyValueSpecification","valueRequired":true,"valueName":"search_term_string"}}],"inLanguage":"pt-BR"},{"@type":"Person","@id":"https:\/\/med.estrategia.com\/portal\/#\/schema\/person\/2f553adbb8e25fe39d145c5b2927f58c","name":"Ana Carolina Damasceno","image":{"@type":"ImageObject","inLanguage":"pt-BR","@id":"https:\/\/med.estrategia.com\/portal\/#\/schema\/person\/image\/","url":"https:\/\/med.estrategia.com\/portal\/wp-content\/uploads\/2021\/09\/WhatsApp-Image-2023-08-18-at-16.46.43-150x150.jpeg","contentUrl":"https:\/\/med.estrategia.com\/portal\/wp-content\/uploads\/2021\/09\/WhatsApp-Image-2023-08-18-at-16.46.43-150x150.jpeg","caption":"Ana Carolina Damasceno"},"description":"Coordenadora de Jornalismo EMED. Comunicadora por natureza e forma\u00e7\u00e3o, que ama e perde a no\u00e7\u00e3o do tempo com m\u00fasica e s\u00e9rie.","url":"https:\/\/med.estrategia.com\/portal\/author\/ana-carolina-damasceno\/"}]}},"_wl_alt_label":[],"wl:entity_url":"\/post\/residencia-medica-ufmt-edital-2023-concorrencia-nota-de-corte-e-mais","_links":{"self":[{"href":"https:\/\/med.estrategia.com\/portal\/wp-json\/wp\/v2\/posts\/45554","targetHints":{"allow":["GET"]}}],"collection":[{"href":"https:\/\/med.estrategia.com\/portal\/wp-json\/wp\/v2\/posts"}],"about":[{"href":"https:\/\/med.estrategia.com\/portal\/wp-json\/wp\/v2\/types\/post"}],"author":[{"embeddable":true,"href":"https:\/\/med.estrategia.com\/portal\/wp-json\/wp\/v2\/users\/39"}],"replies":[{"embeddable":true,"href":"https:\/\/med.estrategia.com\/portal\/wp-json\/wp\/v2\/comments?post=45554"}],"version-history":[{"count":2,"href":"https:\/\/med.estrategia.com\/portal\/wp-json\/wp\/v2\/posts\/45554\/revisions"}],"predecessor-version":[{"id":45580,"href":"https:\/\/med.estrategia.com\/portal\/wp-json\/wp\/v2\/posts\/45554\/revisions\/45580"}],"wp:featuredmedia":[{"embeddable":true,"href":"https:\/\/med.estrategia.com\/portal\/wp-json\/wp\/v2\/media\/41434"}],"wp:attachment":[{"href":"https:\/\/med.estrategia.com\/portal\/wp-json\/wp\/v2\/media?parent=45554"}],"wp:term":[{"taxonomy":"category","embeddable":true,"href":"https:\/\/med.estrategia.com\/portal\/wp-json\/wp\/v2\/categories?post=45554"},{"taxonomy":"post_tag","embeddable":true,"href":"https:\/\/med.estrategia.com\/portal\/wp-json\/wp\/v2\/tags?post=45554"},{"taxonomy":"wl_entity_type","embeddable":true,"href":"https:\/\/med.estrategia.com\/portal\/wp-json\/wp\/v2\/wl_entity_type?post=45554"}],"curies":[{"name":"wp","href":"https:\/\/api.w.org\/{rel}","templated":true}]}}