{"id":45857,"date":"2022-09-05T10:46:00","date_gmt":"2022-09-05T13:46:00","guid":{"rendered":"https:\/\/med.estrategia.com\/portal\/?p=45857"},"modified":"2023-08-31T10:52:06","modified_gmt":"2023-08-31T13:52:06","slug":"ufms-2022-tudo-sobre-o-seletivo-para-residencia-medica","status":"publish","type":"post","link":"https:\/\/med.estrategia.com\/portal\/residencia-medica\/ufms-2022-tudo-sobre-o-seletivo-para-residencia-medica\/","title":{"rendered":"UFMS 2022: tudo sobre o seletivo para Resid\u00eancia M\u00e9dica!"},"content":{"rendered":"<p>Fique por dentro de tudo sobre o processo seletivo para ingresso no programa de resid&ecirc;ncia m&eacute;dica da UFMS! Basta conferir esse artigo do Estrat&eacute;gia MED!<div id=\"ez-toc-container\" class=\"ez-toc-v2_0_79_2 counter-hierarchy ez-toc-counter ez-toc-transparent ez-toc-container-direction\">\n<div class=\"ez-toc-title-container\"><p class=\"ez-toc-title\" style=\"cursor:inherit\">Navegue pelo conte\u00fado<\/p>\n<\/div><nav><ul class='ez-toc-list ez-toc-list-level-1 ' ><li class='ez-toc-page-1 ez-toc-heading-level-2'><a class=\"ez-toc-link ez-toc-heading-1\" href=\"https:\/\/med.estrategia.com\/portal\/residencia-medica\/ufms-2022-tudo-sobre-o-seletivo-para-residencia-medica\/#O-que-e-a-UFMS\" >O que &eacute; a UFMS?<\/a><\/li><li class='ez-toc-page-1 ez-toc-heading-level-2'><a class=\"ez-toc-link ez-toc-heading-2\" href=\"https:\/\/med.estrategia.com\/portal\/residencia-medica\/ufms-2022-tudo-sobre-o-seletivo-para-residencia-medica\/#Seletivo-UFMS-2022\" >Seletivo UFMS 2022<\/a><\/li><li class='ez-toc-page-1 ez-toc-heading-level-2'><a class=\"ez-toc-link ez-toc-heading-3\" href=\"https:\/\/med.estrategia.com\/portal\/residencia-medica\/ufms-2022-tudo-sobre-o-seletivo-para-residencia-medica\/#Cronograma-UFMS-2022\" >Cronograma UFMS 2022<\/a><\/li><li class='ez-toc-page-1 ez-toc-heading-level-2'><a class=\"ez-toc-link ez-toc-heading-4\" href=\"https:\/\/med.estrategia.com\/portal\/residencia-medica\/ufms-2022-tudo-sobre-o-seletivo-para-residencia-medica\/#Vagas-UFMS\" >Vagas UFMS<\/a><\/li><li class='ez-toc-page-1 ez-toc-heading-level-2'><a class=\"ez-toc-link ez-toc-heading-5\" href=\"https:\/\/med.estrategia.com\/portal\/residencia-medica\/ufms-2022-tudo-sobre-o-seletivo-para-residencia-medica\/#Inscricoes-UFMS-2022\" >Inscri&ccedil;&otilde;es UFMS 2022<\/a><\/li><li class='ez-toc-page-1 ez-toc-heading-level-2'><a class=\"ez-toc-link ez-toc-heading-6\" href=\"https:\/\/med.estrategia.com\/portal\/residencia-medica\/ufms-2022-tudo-sobre-o-seletivo-para-residencia-medica\/#Pontuacao-adicional-PROVAB-e-PRMGFC\" >Pontua&ccedil;&atilde;o adicional PROVAB e PRMGFC<\/a><\/li><li class='ez-toc-page-1 ez-toc-heading-level-2'><a class=\"ez-toc-link ez-toc-heading-7\" href=\"https:\/\/med.estrategia.com\/portal\/residencia-medica\/ufms-2022-tudo-sobre-o-seletivo-para-residencia-medica\/#Processo-Seletivo-ENARE\" >Processo Seletivo ENARE<\/a><\/li><li class='ez-toc-page-1 ez-toc-heading-level-2'><a class=\"ez-toc-link ez-toc-heading-8\" href=\"https:\/\/med.estrategia.com\/portal\/residencia-medica\/ufms-2022-tudo-sobre-o-seletivo-para-residencia-medica\/#2a-fase-Analise-Curricular\" >2&ordf; fase: An&aacute;lise Curricular<\/a><\/li><li class='ez-toc-page-1 ez-toc-heading-level-2'><a class=\"ez-toc-link ez-toc-heading-9\" href=\"https:\/\/med.estrategia.com\/portal\/residencia-medica\/ufms-2022-tudo-sobre-o-seletivo-para-residencia-medica\/#Resultado-Final\" >Resultado Final<\/a><\/li><li class='ez-toc-page-1 ez-toc-heading-level-2'><a class=\"ez-toc-link ez-toc-heading-10\" href=\"https:\/\/med.estrategia.com\/portal\/residencia-medica\/ufms-2022-tudo-sobre-o-seletivo-para-residencia-medica\/#Classificacao-Final-do-ENARE-2022\" >Classifica&ccedil;&atilde;o Final do ENARE 2022<\/a><\/li><li class='ez-toc-page-1 ez-toc-heading-level-2'><a class=\"ez-toc-link ez-toc-heading-11\" href=\"https:\/\/med.estrategia.com\/portal\/residencia-medica\/ufms-2022-tudo-sobre-o-seletivo-para-residencia-medica\/#Estudar-por-questoes\" >Estudar por quest&otilde;es<\/a><\/li><\/ul><\/nav><\/div>\n<h2 class=\"wp-block-heading\" id=\"h-o-que-e-a-ufms\"><span class=\"ez-toc-section\" id=\"O-que-e-a-UFMS\"><\/span>O que &eacute; a UFMS?<span class=\"ez-toc-section-end\"><\/span><\/h2><p>Fundada em 1962, a <strong>Universidade Federal de Mato Grosso do SUL (UFMS)<\/strong> &eacute; um &oacute;rg&atilde;o p&uacute;blico, ligado ao governo federal, que oferece cursos de gradua&ccedil;&atilde;o e p&oacute;s-gradua&ccedil;&atilde;o.<\/p><p>Por ter uma grande extens&atilde;o, al&eacute;m de uma <strong>Cidade Universit&aacute;ria<\/strong>, a UFMS tamb&eacute;m &eacute; composta por <strong>9 campi<\/strong>. S&atilde;o eles:<\/p><ul class=\"wp-block-list\">\n<li>Campus de Aquidauana;<\/li>\n\n\n\n<li>Campus de Chapad&atilde;o do Sul;<\/li>\n\n\n\n<li>Campus de Coxim;<\/li>\n\n\n\n<li>Campus de Navira&iacute;;<\/li>\n\n\n\n<li>Campus de Nova Andradina;<\/li>\n\n\n\n<li>Campus do Pantanal &ndash; Corumb&aacute;;<\/li>\n\n\n\n<li>Campus de Parana&iacute;ba;<\/li>\n\n\n\n<li>Campus de Ponta Por&atilde;; e<\/li>\n\n\n\n<li>Campus de Tr&ecirc;s Lagoas.<\/li>\n<\/ul><figure class=\"wp-block-image size-large\"><img decoding=\"async\" width=\"750\" height=\"410\" src=\"https:\/\/cdn.medblog.estrategiaeducacional.com.br\/wp-content\/uploads\/2021\/03\/UFMS.jpg\" alt=\"UFMS\" class=\"wp-image-4422\" srcset=\"https:\/\/med.estrategia.com\/portal\/wp-content\/uploads\/2021\/03\/UFMS.jpg 750w, https:\/\/med.estrategia.com\/portal\/wp-content\/uploads\/2021\/03\/UFMS-300x164.jpg 300w, https:\/\/med.estrategia.com\/portal\/wp-content\/uploads\/2021\/03\/UFMS-380x208.jpg 380w\" sizes=\"(max-width: 750px) 100vw, 750px\" \/><figcaption class=\"wp-element-caption\"><a target=\"_blank\" href=\"https:\/\/www.ufms.br\/universidade\/campus-ufms\/campus\/campus-de-campo-grande\/\">Foto: Arquivo UFMS<\/a><\/figcaption><\/figure><p>A institui&ccedil;&atilde;o tamb&eacute;m &eacute; constitu&iacute;da por um hospital, o<strong> Hospital Universit&aacute;rio Maria Aparecida Pedrossian (HUMAP)<\/strong>. Al&eacute;m de ser administrado pela <strong>Empresa Brasileira de Servi&ccedil;os Hospitalares (EBSERH)<\/strong>, tamb&eacute;m &eacute; o local de trabalho dos residentes.<\/p><h2 class=\"wp-block-heading\" id=\"h-seletivo-ufms-2022\"><span class=\"ez-toc-section\" id=\"Seletivo-UFMS-2022\"><\/span>Seletivo UFMS 2022<span class=\"ez-toc-section-end\"><\/span><\/h2><p>Assim como foi o processo anterior, para o ano de 2022, o seletivo para resid&ecirc;ncia m&eacute;dica da UFMS foi realizado pelo&nbsp;<a href=\"https:\/\/med.estrategia.com\/portal\/residencia-medica\/programa-de-residencia-medica\/enare-residencia-medica\/\" target=\"_blank\">ENARE &ndash; Exame Nacional de Resid&ecirc;ncia M&eacute;dica<\/a>.<\/p><h2 class=\"wp-block-heading\" id=\"h-cronograma-ufms-2022\"><span class=\"ez-toc-section\" id=\"Cronograma-UFMS-2022\"><\/span>Cronograma UFMS 2022<span class=\"ez-toc-section-end\"><\/span><\/h2><ul class=\"wp-block-list\">\n<li><strong>Publica&ccedil;&atilde;o do Edital:<\/strong>&nbsp;06\/10\/2021;<\/li>\n\n\n\n<li><strong>Per&iacute;odo de Inscri&ccedil;&atilde;o para os Candidatos:&nbsp;<\/strong>20\/10 a 08\/11\/2021;<\/li>\n\n\n\n<li><strong>Envio da documenta&ccedil;&atilde;o para an&aacute;lise curricular:&nbsp;<\/strong>18\/10 a 12\/11;<\/li>\n\n\n\n<li><strong>Solicita&ccedil;&atilde;o de isen&ccedil;&atilde;o da taxa:&nbsp;<\/strong>20\/10 a 22\/10\/2021;<\/li>\n\n\n\n<li><strong>Taxa de inscri&ccedil;&atilde;o<\/strong>: R$ 270,00;<\/li>\n\n\n\n<li><strong>Divulga&ccedil;&atilde;o dos locais e hor&aacute;rios de prova:&nbsp;<\/strong>01\/12\/2021;<\/li>\n\n\n\n<li><strong>1&ordf; Etapa (Prova Objetiva):<\/strong>&nbsp;12\/12\/2021;<\/li>\n\n\n\n<li><strong>Divulga&ccedil;&atilde;o do gabarito preliminar:&nbsp;<\/strong>12\/12\/2021;<\/li>\n\n\n\n<li><strong>Per&iacute;odo de recursos ao gabarito:&nbsp;<\/strong>13 e 14\/12\/2021;<\/li>\n\n\n\n<li><strong>Resultado da 1&ordf; Etapa e gabarito definitivo:<\/strong>&nbsp;24\/01\/2022;<\/li>\n\n\n\n<li><strong>Resultado preliminar da an&aacute;lise curricular (2&ordf; Etapa):&nbsp;<\/strong>24\/01\/2022;<\/li>\n\n\n\n<li><strong>Recurso ao resultado da 2&ordf; Etapa:<\/strong>&nbsp;25 e 26\/01\/2022;<\/li>\n\n\n\n<li><strong>Resultado Final:<\/strong>&nbsp;02\/02\/2022;<\/li>\n\n\n\n<li><strong>1&ordf; oportunidade para escolha de institui&ccedil;&atilde;o:<\/strong>&nbsp;03\/02 a 07\/02;<\/li>\n\n\n\n<li><strong>Resultado 1&ordf; oportunidade:<\/strong>&nbsp;08\/02;<\/li>\n\n\n\n<li><strong>2&ordf; oportunidade para escolha de institui&ccedil;&atilde;o:<\/strong>&nbsp;09\/02 a 11\/02;<\/li>\n\n\n\n<li><strong>Resultado 2&ordf; oportunidade:&nbsp;<\/strong>14\/02;<\/li>\n\n\n\n<li><strong>Registro e Matr&iacute;cula:<\/strong>&nbsp;fevereiro de 2022 (previs&atilde;o).<\/li>\n<\/ul><h2 class=\"wp-block-heading\" id=\"h-vagas-ufms\"><span class=\"ez-toc-section\" id=\"Vagas-UFMS\"><\/span>Vagas UFMS<span class=\"ez-toc-section-end\"><\/span><\/h2><p>Para o ano de 2022, a UFMS ofereceu, no total, <strong>67 vagas<\/strong>, que foram distribu&iacute;das entre os programas de <strong>Acesso Direto<\/strong>, <strong>Pr&eacute;-Requisito<\/strong> e <strong>&Aacute;rea de Atua&ccedil;&atilde;o<\/strong>. Confira abaixo:<\/p><h3 class=\"wp-block-heading\" id=\"h-acesso-direto\">Acesso Direto<\/h3><figure class=\"wp-block-table is-style-stripes\"><table class=\"has-light-green-cyan-to-vivid-green-cyan-gradient-background has-background has-fixed-layout\"><thead><tr><th><strong>Especialidades<\/strong><\/th><th class=\"has-text-align-center\" data-align=\"center\"><strong>Vagas<\/strong><\/th><\/tr><\/thead><tbody><tr><td>Cirurgia Geral<\/td><td class=\"has-text-align-center\" data-align=\"center\">4 + 1*<\/td><\/tr><tr><td>Cl&iacute;nica M&eacute;dica <\/td><td class=\"has-text-align-center\" data-align=\"center\">10<\/td><\/tr><tr><td>Dermatologia<\/td><td class=\"has-text-align-center\" data-align=\"center\">3<\/td><\/tr><tr><td>Ginecologia e Obstetr&iacute;cia<\/td><td class=\"has-text-align-center\" data-align=\"center\">4<\/td><\/tr><tr><td>Homeopatia<\/td><td class=\"has-text-align-center\" data-align=\"center\">2<\/td><\/tr><tr><td>Infectologia<\/td><td class=\"has-text-align-center\" data-align=\"center\">3<\/td><\/tr><tr><td>Medicina de Fam&iacute;lia e Comunidade<\/td><td class=\"has-text-align-center\" data-align=\"center\">4<\/td><\/tr><tr><td>Oftalmologia<\/td><td class=\"has-text-align-center\" data-align=\"center\">1<\/td><\/tr><tr><td>Ortopedia e Traumatologia<\/td><td class=\"has-text-align-center\" data-align=\"center\">2 + 2*<\/td><\/tr><tr><td>Pediatria<\/td><td class=\"has-text-align-center\" data-align=\"center\">11 + 1*<\/td><\/tr><tr><td>Psiquiatria<\/td><td class=\"has-text-align-center\" data-align=\"center\">3<\/td><\/tr><tr><td>Radiologia e Diagn&oacute;stico por Imagem<\/td><td class=\"has-text-align-center\" data-align=\"center\">2<\/td><\/tr><\/tbody><\/table><figcaption class=\"wp-element-caption\">*Reserva para Servi&ccedil;o Militar Obrigat&oacute;rio<\/figcaption><\/figure><h3 class=\"wp-block-heading\" id=\"h-pre-requisito\">Pr&eacute;-Requisito<\/h3><figure class=\"wp-block-table is-style-stripes\"><table class=\"has-light-green-cyan-to-vivid-green-cyan-gradient-background has-background has-fixed-layout\"><thead><tr><th><strong>Especialidades<\/strong><\/th><th class=\"has-text-align-center\" data-align=\"center\"><strong>Vagas<\/strong><\/th><\/tr><\/thead><tbody><tr><td>Cardiologia<\/td><td class=\"has-text-align-center\" data-align=\"center\">3<\/td><\/tr><tr><td>Cirurgia Vascular <\/td><td class=\"has-text-align-center\" data-align=\"center\">1<\/td><\/tr><tr><td>Pneumologia<\/td><td class=\"has-text-align-center\" data-align=\"center\">2<\/td><\/tr><tr><td>Reumatologia<\/td><td class=\"has-text-align-center\" data-align=\"center\">2<\/td><\/tr><tr><td>Urologia<\/td><td class=\"has-text-align-center\" data-align=\"center\">1<\/td><\/tr><\/tbody><\/table><\/figure><h3 class=\"wp-block-heading\" id=\"h-area-de-atuacao\">&Aacute;rea de Atua&ccedil;&atilde;o<\/h3><figure class=\"wp-block-table is-style-stripes\"><table class=\"has-light-green-cyan-to-vivid-green-cyan-gradient-background has-background has-fixed-layout\"><thead><tr><th><strong>Especialidades<\/strong><\/th><th class=\"has-text-align-center\" data-align=\"center\"><strong>Vagas<\/strong><\/th><\/tr><\/thead><tbody><tr><td>Medicina Intensiva Pedi&aacute;trica<\/td><td class=\"has-text-align-center\" data-align=\"center\">2<\/td><\/tr><tr><td>Neonatologia<\/td><td class=\"has-text-align-center\" data-align=\"center\">3<\/td><\/tr><\/tbody><\/table><\/figure><h2 class=\"wp-block-heading\" id=\"h-inscricoes-ufms-2022\"><span class=\"ez-toc-section\" id=\"Inscricoes-UFMS-2022\"><\/span>Inscri&ccedil;&otilde;es UFMS 2022<span class=\"ez-toc-section-end\"><\/span><\/h2><p>Como uma das <strong>institui&ccedil;&otilde;es<\/strong> componentes do processo seletivo para Resid&ecirc;ncia M&eacute;dica da <strong>EBSERH\/ENARE<\/strong>, a UFMS seguiu todas as datas, hor&aacute;rios e regras da empresa.<\/p><p>Dito isso, os candidatos precisaram se inscrever entre os dias <strong>20 de outubro e 8 de novembro de 202<\/strong>1 no <a href=\"https:\/\/enare.ebserh.gov.br\/enare.jsp?id=284\" target=\"_blank\">site da EBSERH<\/a>, e e realizar o pagamento da <strong>taxa de R$270,00<\/strong>.<\/p><p>Aqueles que solicitaram a <strong>isen&ccedil;&atilde;o da taxa de inscri&ccedil;&atilde;o<\/strong> a fizeram entre os dias <strong>20 e 22 de outubro de 2021<\/strong>.<\/p><h2 class=\"wp-block-heading\" id=\"h-pontuacao-adicional-provab-e-prmgfc\"><span class=\"ez-toc-section\" id=\"Pontuacao-adicional-PROVAB-e-PRMGFC\"><\/span>Pontua&ccedil;&atilde;o adicional PROVAB e PRMGFC<span class=\"ez-toc-section-end\"><\/span><\/h2><p>Aqueles que participaram do Programa de Valoriza&ccedil;&atilde;o do Profissional da Aten&ccedil;&atilde;o B&aacute;sica<strong> (PROVAB) a partir de 2012, <\/strong>ou do Programa de Resid&ecirc;ncia em Medicina de Fam&iacute;lia e Comunidade\/Medicina Geral de Fam&iacute;lia e Comunidade <strong>(PRMGFC) a partir de 2015, <\/strong>tiveram direito a uma <strong>bonifica&ccedil;&atilde;o de 10% em todas as fases<\/strong> do processo seletivo da UFMS.<\/p><h2 class=\"wp-block-heading\" id=\"h-processo-seletivo-enare\"><span class=\"ez-toc-section\" id=\"Processo-Seletivo-ENARE\"><\/span>Processo Seletivo ENARE<span class=\"ez-toc-section-end\"><\/span><\/h2><p>O processo seletivo foi formado por duas fases:&nbsp;<strong>prova objetiva e an&aacute;lise curricular<\/strong>.<\/p><h3 class=\"wp-block-heading\" id=\"h-1&ordf;-fase-prova-objetiva\">1&ordf; fase: Prova Objetiva<\/h3><p>A<strong> prova objetiva<\/strong> foi aplicada no dia <strong>12 de novembro de 2021<\/strong> e teve <strong>peso 9<\/strong>. Confira os detalhes:<\/p><figure class=\"wp-block-table is-style-stripes\"><table class=\"has-light-green-cyan-to-vivid-green-cyan-gradient-background has-background has-fixed-layout\"><thead><tr><th><strong>Especialidade<\/strong><\/th><th class=\"has-text-align-center\" data-align=\"center\"><strong>Quest&otilde;es<\/strong><\/th><th><strong>Conte&uacute;do<\/strong><\/th><th class=\"has-text-align-center\" data-align=\"center\"><strong>Dura&ccedil;&atilde;o<\/strong><\/th><th class=\"has-text-align-center\" data-align=\"center\"><strong>Pontua&ccedil;&atilde;o M&aacute;xima<\/strong><\/th><\/tr><\/thead><tbody><tr><td>Acesso Direto<\/td><td class=\"has-text-align-center\" data-align=\"center\">100 quest&otilde;es de m&uacute;ltipla escolha<\/td><td>Cirurgia geral, cl&iacute;nica m&eacute;dica, pediatria, obstetr&iacute;cia e ginecologia e medicina preventiva e social<\/td><td class=\"has-text-align-center\" data-align=\"center\">4 horas<\/td><td class=\"has-text-align-center\" data-align=\"center\">100<\/td><\/tr><tr><td>Pr&eacute;-Requisito e &Aacute;rea de Atua&ccedil;&atilde;o<\/td><td class=\"has-text-align-center\" data-align=\"center\">80 quest&otilde;es de m&uacute;ltipla escolha<\/td><td>Temas compat&iacute;veis &agrave;s especialidades que exigem pr&eacute;-requisito<\/td><td class=\"has-text-align-center\" data-align=\"center\">4 horas<\/td><td class=\"has-text-align-center\" data-align=\"center\">100<\/td><\/tr><\/tbody><\/table><\/figure><h3 class=\"wp-block-heading\" id=\"h-no-dia-da-prova\">No dia da Prova<\/h3><ul class=\"wp-block-list\">\n<li>O candidato teve de chegar com <strong>anteced&ecirc;ncia m&iacute;nima de 1 hora<\/strong>;<\/li>\n\n\n\n<li>Foi necess&aacute;ria a apresenta&ccedil;&atilde;o de um <strong>documento de identidade<\/strong> e do<strong> Cart&atilde;o de Informa&ccedil;&atilde;o do Candidato<\/strong>;<\/li>\n\n\n\n<li>Era permitido levar uma <strong>caneta esferogr&aacute;fica de material transparente e de tinta preta ou azul<\/strong>;<\/li>\n\n\n\n<li>O uso de <strong>m&aacute;scara foi obrigat&oacute;rio<\/strong>;<\/li>\n\n\n\n<li>O candidato s&oacute; p&ocirc;de <strong>sair da sala de provas ap&oacute;s passada 1 hora<\/strong> do in&iacute;cio da avalia&ccedil;&atilde;o; e<\/li>\n\n\n\n<li>S&oacute; p&ocirc;de<strong> sair com o caderno de quest&otilde;es, <\/strong>os candidatos que ficassem at&eacute;<strong> o hor&aacute;rio final da prova<\/strong>.<\/li>\n<\/ul><h3 class=\"wp-block-heading\" id=\"h-o-que-nao-era-permitido-levar\">O que n&atilde;o era permitido levar<\/h3><ul class=\"wp-block-list\">\n<li>M&aacute;quinas calculadoras;<\/li>\n\n\n\n<li>MP3;<\/li>\n\n\n\n<li>MP4;<\/li>\n\n\n\n<li>Telefone celular;<\/li>\n\n\n\n<li>Tablets;<\/li>\n\n\n\n<li>Notebook;<\/li>\n\n\n\n<li>Gravador;<\/li>\n\n\n\n<li>M&aacute;quina fotogr&aacute;fica;<\/li>\n\n\n\n<li>Controle de alarme de carro;<\/li>\n\n\n\n<li>Livros;<\/li>\n\n\n\n<li>Anota&ccedil;&otilde;es;<\/li>\n\n\n\n<li>R&eacute;guas de c&aacute;lculo;<\/li>\n\n\n\n<li>Dicion&aacute;rios;<\/li>\n\n\n\n<li>C&oacute;digos;<\/li>\n\n\n\n<li>Bolsa;<\/li>\n\n\n\n<li>Rel&oacute;gio de qualquer esp&eacute;cie;<\/li>\n\n\n\n<li>&Oacute;culos escuros;<\/li>\n\n\n\n<li>Chap&eacute;u;<\/li>\n\n\n\n<li>Bon&eacute;; e<\/li>\n\n\n\n<li>Gorro.<\/li>\n<\/ul><h2 class=\"wp-block-heading\" id=\"h-2&ordf;-fase-analise-curricular\"><span class=\"ez-toc-section\" id=\"2a-fase-Analise-Curricular\"><\/span>2&ordf; fase: An&aacute;lise Curricular<span class=\"ez-toc-section-end\"><\/span><\/h2><p>Como &uacute;ltima etapa do concurso, a an&aacute;lise curricular teve car&aacute;ter apenas classificat&oacute;rio e <strong>peso 1<\/strong>.<\/p><p>O<strong>&nbsp;cadastro e envio do curr&iacute;culo<\/strong>&nbsp;teve de ser feito por meio da p&aacute;gina de Envio de Documentos para An&aacute;lise Curricular, dispon&iacute;vel entre os dias&nbsp;<strong>18 de outubro e 12 de novembro<\/strong>.<\/p><p>O&nbsp;<strong>resultado preliminar<\/strong>&nbsp;dessa fase foi divulgado no dia&nbsp;<strong>24 de janeiro de 2022<\/strong>, e recursos foram aceitos entre os dias 25 e 26 de janeiro de 2022.<\/p><h2 class=\"wp-block-heading\" id=\"h-resultado-final\"><span class=\"ez-toc-section\" id=\"Resultado-Final\"><\/span>Resultado Final <span class=\"ez-toc-section-end\"><\/span><\/h2><p>Para obter a <strong>nota final<\/strong> dos candidatos, a UFMS, juntamente &agrave; EBSERH, usou a seguinte <strong>f&oacute;rmula<\/strong>:<\/p><p class=\"has-text-align-center\"><strong><strong>Nota final (NF) = (Nota da 1&ordf; Etapa x 9) + (Nota da 2&ordf; Etapa x 1) + (Pontua&ccedil;&atilde;o Adicional).<\/strong><\/strong><\/p><p>O resultado final, ap&oacute;s os recursos, foi divulgado no<strong> dia 2 de fevereiro<\/strong> <strong>de 2022<\/strong>.<\/p><h2 class=\"wp-block-heading\" id=\"h-classificacao-final-do-enare-2022\"><span class=\"ez-toc-section\" id=\"Classificacao-Final-do-ENARE-2022\"><\/span>Classifica&ccedil;&atilde;o Final do ENARE 2022<span class=\"ez-toc-section-end\"><\/span><\/h2><p>Para fazer parte do&nbsp;<strong>programa de resid&ecirc;ncia m&eacute;dica da UFMS<\/strong>, o candidato utilizou a sua nota no exame para escolher a institui&ccedil;&atilde;o.<br><br>Para a&nbsp;<strong>1&ordf; oportunidade de escolha<\/strong>, o sistema ficou aberto entre os dias&nbsp;<strong>3 e 7 de fevereiro de 2022<\/strong>&nbsp;e cada candidato precisou sinalizar sua escolha. O&nbsp;<strong>resultado<\/strong>&nbsp;da classifica&ccedil;&atilde;o por institui&ccedil;&atilde;o foi divulgado no dia&nbsp;<strong>8 de fevereiro<\/strong>&nbsp;e a ordem determinada pela nota.<br><br>Ap&oacute;s a divulga&ccedil;&atilde;o do primeiro resultado, o&nbsp;<strong>sistema foi reaberto<\/strong>&nbsp;para a&nbsp;<strong>2&ordf; oportunidade<\/strong>&nbsp;de escolha, que aconteceu entre os dias&nbsp;<strong>9 e 11 de fevereiro de 2022<\/strong>&nbsp;para que as vagas ociosas fossem preenchidas. O resultado da 2&ordf; oportunidade foi divulgado no dia&nbsp;<strong>14 de fevereiro de 2022<\/strong>.<\/p><p>Para mais informa&ccedil;&otilde;es sobre o <strong>ENARE<\/strong>, institui&ccedil;&otilde;es participantes e mais, voc&ecirc; pode conferir o texto que o Estrat&eacute;gia MED preparou para voc&ecirc;&nbsp;<a href=\"https:\/\/med.estrategia.com\/portal\/residencia-medica\/programa-de-residencia-medica\/enare-residencia-medica\/\" target=\"_blank\">aqui<\/a>.<\/p><h2 class=\"wp-block-heading\" id=\"h-estudar-por-questoes\"><span class=\"ez-toc-section\" id=\"Estudar-por-questoes\"><\/span>Estudar por quest&otilde;es<span class=\"ez-toc-section-end\"><\/span><\/h2><p>Quer sentir-se seguro nas avalia&ccedil;&otilde;es, saber quais quest&otilde;es lhe esperam e j&aacute; ter no&ccedil;&atilde;o do tempo que tem dispon&iacute;vel para respond&ecirc;-las? Ent&atilde;o, comece agora mesmo a <strong>estudar pela resolu&ccedil;&atilde;o de quest&otilde;es<\/strong>! Esse m&eacute;todo mais pr&aacute;tico de ensino vai colocar seus conhecimentos &agrave; prova!<\/p><p>Por isso, n&atilde;o perca essa oportunidade! Se voc&ecirc; est&aacute; se preparando para algum <strong>concurso de Resid&ecirc;ncia M&eacute;dica<\/strong> e quer impulsionar ainda mais os seus estudos, conhe&ccedil;a o <a href=\"https:\/\/med.estrategiaeducacional.com.br\/\" target=\"_blank\"><strong>Banco de Quest&otilde;es do Estrat&eacute;gia MED<\/strong><\/a>! Aproveite tamb&eacute;m e j&aacute; confira o <strong>Curso Extensivo para R1 e Revalida do EMED!<\/strong><\/p><p>N&atilde;o perca essa oportunidade, venha estudar com o Estrat&eacute;gia MED!<\/p><p><\/p><p><strong><a id=\"cta\" class=\"cta-imagem\" href=\"https:\/\/med.estrategia.com\/cursos\/extensivo-de-residncia-mdica\/\" target=\"blank\">\n                <img decoding=\"async\" width=\"100%\" src=\"https:\/\/med.estrategia.com\/portal\/wp-content\/uploads\/2025\/08\/extensivo_rm.jpg\" alt=\"Extensivo RM\" title=\"extensivo_rm\">\n        <\/a><\/strong><\/p><\/p>\n","protected":false},"excerpt":{"rendered":"Fique por dentro de tudo sobre o processo seletivo para ingresso no programa de resid&ecirc;ncia m&eacute;dica da UFMS!&hellip;\n","protected":false},"author":39,"featured_media":5386,"comment_status":"open","ping_status":"open","sticky":false,"template":"","format":"standard","meta":{"wl_entities_gutenberg":"","footnotes":""},"categories":[24],"tags":[],"wl_entity_type":[199],"class_list":{"0":"post-45857","1":"post","2":"type-post","3":"status-publish","4":"format-standard","5":"has-post-thumbnail","7":"category-residencia-medica","8":"wl_entity_type-article"},"acf":[],"yoast_head":"<!-- This site is optimized with the Yoast SEO Premium plugin v26.6 (Yoast SEO v26.6) - https:\/\/yoast.com\/wordpress\/plugins\/seo\/ -->\n<title>UFMS 2022: tudo sobre o seletivo! - Estrat\u00e9gia MED<\/title>\n<meta name=\"description\" content=\"Saiba todas as informa\u00e7\u00f5es do concurso para RM da UFMS 2022! Tire suas d\u00favidas com o Estrat\u00e9gia MED e se prepare para a prova!\" \/>\n<meta name=\"robots\" content=\"index, follow, max-snippet:-1, max-image-preview:large, max-video-preview:-1\" \/>\n<link rel=\"canonical\" href=\"https:\/\/med.estrategia.com\/portal\/residencia-medica\/ufms-2022-tudo-sobre-o-seletivo-para-residencia-medica\/\" \/>\n<meta property=\"og:locale\" content=\"pt_BR\" \/>\n<meta property=\"og:type\" content=\"article\" \/>\n<meta property=\"og:title\" content=\"UFMS 2022: tudo sobre o seletivo para Resid\u00eancia M\u00e9dica!\" \/>\n<meta property=\"og:description\" content=\"Saiba todas as informa\u00e7\u00f5es do concurso para RM da UFMS 2022! Tire suas d\u00favidas com o Estrat\u00e9gia MED e se prepare para a prova!\" \/>\n<meta property=\"og:url\" content=\"https:\/\/med.estrategia.com\/portal\/residencia-medica\/ufms-2022-tudo-sobre-o-seletivo-para-residencia-medica\/\" \/>\n<meta property=\"og:site_name\" content=\"Estrat\u00e9gia MED\" \/>\n<meta property=\"article:publisher\" content=\"https:\/\/www.facebook.com\/estrategiamed1\" \/>\n<meta property=\"article:published_time\" content=\"2022-09-05T13:46:00+00:00\" \/>\n<meta property=\"article:modified_time\" content=\"2023-08-31T13:52:06+00:00\" \/>\n<meta property=\"og:image\" content=\"https:\/\/med.estrategia.com\/portal\/wp-content\/uploads\/2021\/03\/ufms-residencia-medica.jpg\" \/>\n\t<meta property=\"og:image:width\" content=\"1920\" \/>\n\t<meta property=\"og:image:height\" content=\"1080\" \/>\n\t<meta property=\"og:image:type\" content=\"image\/jpeg\" \/>\n<meta name=\"author\" content=\"Ana Carolina Damasceno\" \/>\n<meta name=\"twitter:card\" content=\"summary_large_image\" \/>\n<meta name=\"twitter:creator\" content=\"@estrategiamed_\" \/>\n<meta name=\"twitter:site\" content=\"@estrategiamed_\" \/>\n<meta name=\"twitter:label1\" content=\"Escrito por\" \/>\n\t<meta name=\"twitter:data1\" content=\"Ana Carolina Damasceno\" \/>\n\t<meta name=\"twitter:label2\" content=\"Est. tempo de leitura\" \/>\n\t<meta name=\"twitter:data2\" content=\"6 minutos\" \/>\n<script type=\"application\/ld+json\" class=\"yoast-schema-graph\">{\"@context\":\"https:\/\/schema.org\",\"@graph\":[{\"@type\":\"WebPage\",\"@id\":\"https:\/\/med.estrategia.com\/portal\/residencia-medica\/ufms-2022-tudo-sobre-o-seletivo-para-residencia-medica\/\",\"url\":\"https:\/\/med.estrategia.com\/portal\/residencia-medica\/ufms-2022-tudo-sobre-o-seletivo-para-residencia-medica\/\",\"name\":\"UFMS 2022: tudo sobre o seletivo! - Estrat\u00e9gia MED\",\"isPartOf\":{\"@id\":\"https:\/\/med.estrategia.com\/portal\/#website\"},\"primaryImageOfPage\":{\"@id\":\"https:\/\/med.estrategia.com\/portal\/residencia-medica\/ufms-2022-tudo-sobre-o-seletivo-para-residencia-medica\/#primaryimage\"},\"image\":{\"@id\":\"https:\/\/med.estrategia.com\/portal\/residencia-medica\/ufms-2022-tudo-sobre-o-seletivo-para-residencia-medica\/#primaryimage\"},\"thumbnailUrl\":\"https:\/\/med.estrategia.com\/portal\/wp-content\/uploads\/2021\/03\/ufms-residencia-medica.jpg\",\"datePublished\":\"2022-09-05T13:46:00+00:00\",\"dateModified\":\"2023-08-31T13:52:06+00:00\",\"author\":{\"@id\":\"https:\/\/med.estrategia.com\/portal\/#\/schema\/person\/2f553adbb8e25fe39d145c5b2927f58c\"},\"description\":\"Saiba todas as informa\u00e7\u00f5es do concurso para RM da UFMS 2022! Tire suas d\u00favidas com o Estrat\u00e9gia MED e se prepare para a prova!\",\"breadcrumb\":{\"@id\":\"https:\/\/med.estrategia.com\/portal\/residencia-medica\/ufms-2022-tudo-sobre-o-seletivo-para-residencia-medica\/#breadcrumb\"},\"inLanguage\":\"pt-BR\",\"potentialAction\":[{\"@type\":\"ReadAction\",\"target\":[\"https:\/\/med.estrategia.com\/portal\/residencia-medica\/ufms-2022-tudo-sobre-o-seletivo-para-residencia-medica\/\"]}]},{\"@type\":\"ImageObject\",\"inLanguage\":\"pt-BR\",\"@id\":\"https:\/\/med.estrategia.com\/portal\/residencia-medica\/ufms-2022-tudo-sobre-o-seletivo-para-residencia-medica\/#primaryimage\",\"url\":\"https:\/\/med.estrategia.com\/portal\/wp-content\/uploads\/2021\/03\/ufms-residencia-medica.jpg\",\"contentUrl\":\"https:\/\/med.estrategia.com\/portal\/wp-content\/uploads\/2021\/03\/ufms-residencia-medica.jpg\",\"width\":1920,\"height\":1080,\"caption\":\"UFMS 2021: tudo sobre o seletivo para Resid\u00eancia M\u00e9dica!\"},{\"@type\":\"BreadcrumbList\",\"@id\":\"https:\/\/med.estrategia.com\/portal\/residencia-medica\/ufms-2022-tudo-sobre-o-seletivo-para-residencia-medica\/#breadcrumb\",\"itemListElement\":[{\"@type\":\"ListItem\",\"position\":1,\"name\":\"Home\",\"item\":\"https:\/\/med.estrategia.com\/portal\/\"},{\"@type\":\"ListItem\",\"position\":2,\"name\":\"Resid\u00eancia M\u00e9dica\",\"item\":\"https:\/\/med.estrategia.com\/portal\/residencia-medica\/\"},{\"@type\":\"ListItem\",\"position\":3,\"name\":\"UFMS 2022: tudo sobre o seletivo para Resid\u00eancia M\u00e9dica!\"}]},{\"@type\":\"WebSite\",\"@id\":\"https:\/\/med.estrategia.com\/portal\/#website\",\"url\":\"https:\/\/med.estrategia.com\/portal\/\",\"name\":\"Estrat\u00e9gia MED\",\"description\":\"\",\"potentialAction\":[{\"@type\":\"SearchAction\",\"target\":{\"@type\":\"EntryPoint\",\"urlTemplate\":\"https:\/\/med.estrategia.com\/portal\/?s={search_term_string}\"},\"query-input\":{\"@type\":\"PropertyValueSpecification\",\"valueRequired\":true,\"valueName\":\"search_term_string\"}}],\"inLanguage\":\"pt-BR\"},{\"@type\":\"Person\",\"@id\":\"https:\/\/med.estrategia.com\/portal\/#\/schema\/person\/2f553adbb8e25fe39d145c5b2927f58c\",\"name\":\"Ana Carolina Damasceno\",\"image\":{\"@type\":\"ImageObject\",\"inLanguage\":\"pt-BR\",\"@id\":\"https:\/\/med.estrategia.com\/portal\/#\/schema\/person\/image\/\",\"url\":\"https:\/\/med.estrategia.com\/portal\/wp-content\/uploads\/2021\/09\/WhatsApp-Image-2023-08-18-at-16.46.43-150x150.jpeg\",\"contentUrl\":\"https:\/\/med.estrategia.com\/portal\/wp-content\/uploads\/2021\/09\/WhatsApp-Image-2023-08-18-at-16.46.43-150x150.jpeg\",\"caption\":\"Ana Carolina Damasceno\"},\"description\":\"Coordenadora de Jornalismo EMED. Comunicadora por natureza e forma\u00e7\u00e3o, que ama e perde a no\u00e7\u00e3o do tempo com m\u00fasica e s\u00e9rie.\",\"url\":\"https:\/\/med.estrategia.com\/portal\/author\/ana-carolina-damasceno\/\"}]}<\/script>\n<!-- \/ Yoast SEO Premium plugin. -->","yoast_head_json":{"title":"UFMS 2022: tudo sobre o seletivo! - Estrat\u00e9gia MED","description":"Saiba todas as informa\u00e7\u00f5es do concurso para RM da UFMS 2022! Tire suas d\u00favidas com o Estrat\u00e9gia MED e se prepare para a prova!","robots":{"index":"index","follow":"follow","max-snippet":"max-snippet:-1","max-image-preview":"max-image-preview:large","max-video-preview":"max-video-preview:-1"},"canonical":"https:\/\/med.estrategia.com\/portal\/residencia-medica\/ufms-2022-tudo-sobre-o-seletivo-para-residencia-medica\/","og_locale":"pt_BR","og_type":"article","og_title":"UFMS 2022: tudo sobre o seletivo para Resid\u00eancia M\u00e9dica!","og_description":"Saiba todas as informa\u00e7\u00f5es do concurso para RM da UFMS 2022! Tire suas d\u00favidas com o Estrat\u00e9gia MED e se prepare para a prova!","og_url":"https:\/\/med.estrategia.com\/portal\/residencia-medica\/ufms-2022-tudo-sobre-o-seletivo-para-residencia-medica\/","og_site_name":"Estrat\u00e9gia MED","article_publisher":"https:\/\/www.facebook.com\/estrategiamed1","article_published_time":"2022-09-05T13:46:00+00:00","article_modified_time":"2023-08-31T13:52:06+00:00","og_image":[{"width":1920,"height":1080,"url":"https:\/\/med.estrategia.com\/portal\/wp-content\/uploads\/2021\/03\/ufms-residencia-medica.jpg","type":"image\/jpeg"}],"author":"Ana Carolina Damasceno","twitter_card":"summary_large_image","twitter_creator":"@estrategiamed_","twitter_site":"@estrategiamed_","twitter_misc":{"Escrito por":"Ana Carolina Damasceno","Est. tempo de leitura":"6 minutos"},"schema":{"@context":"https:\/\/schema.org","@graph":[{"@type":"WebPage","@id":"https:\/\/med.estrategia.com\/portal\/residencia-medica\/ufms-2022-tudo-sobre-o-seletivo-para-residencia-medica\/","url":"https:\/\/med.estrategia.com\/portal\/residencia-medica\/ufms-2022-tudo-sobre-o-seletivo-para-residencia-medica\/","name":"UFMS 2022: tudo sobre o seletivo! - Estrat\u00e9gia MED","isPartOf":{"@id":"https:\/\/med.estrategia.com\/portal\/#website"},"primaryImageOfPage":{"@id":"https:\/\/med.estrategia.com\/portal\/residencia-medica\/ufms-2022-tudo-sobre-o-seletivo-para-residencia-medica\/#primaryimage"},"image":{"@id":"https:\/\/med.estrategia.com\/portal\/residencia-medica\/ufms-2022-tudo-sobre-o-seletivo-para-residencia-medica\/#primaryimage"},"thumbnailUrl":"https:\/\/med.estrategia.com\/portal\/wp-content\/uploads\/2021\/03\/ufms-residencia-medica.jpg","datePublished":"2022-09-05T13:46:00+00:00","dateModified":"2023-08-31T13:52:06+00:00","author":{"@id":"https:\/\/med.estrategia.com\/portal\/#\/schema\/person\/2f553adbb8e25fe39d145c5b2927f58c"},"description":"Saiba todas as informa\u00e7\u00f5es do concurso para RM da UFMS 2022! Tire suas d\u00favidas com o Estrat\u00e9gia MED e se prepare para a prova!","breadcrumb":{"@id":"https:\/\/med.estrategia.com\/portal\/residencia-medica\/ufms-2022-tudo-sobre-o-seletivo-para-residencia-medica\/#breadcrumb"},"inLanguage":"pt-BR","potentialAction":[{"@type":"ReadAction","target":["https:\/\/med.estrategia.com\/portal\/residencia-medica\/ufms-2022-tudo-sobre-o-seletivo-para-residencia-medica\/"]}]},{"@type":"ImageObject","inLanguage":"pt-BR","@id":"https:\/\/med.estrategia.com\/portal\/residencia-medica\/ufms-2022-tudo-sobre-o-seletivo-para-residencia-medica\/#primaryimage","url":"https:\/\/med.estrategia.com\/portal\/wp-content\/uploads\/2021\/03\/ufms-residencia-medica.jpg","contentUrl":"https:\/\/med.estrategia.com\/portal\/wp-content\/uploads\/2021\/03\/ufms-residencia-medica.jpg","width":1920,"height":1080,"caption":"UFMS 2021: tudo sobre o seletivo para Resid\u00eancia M\u00e9dica!"},{"@type":"BreadcrumbList","@id":"https:\/\/med.estrategia.com\/portal\/residencia-medica\/ufms-2022-tudo-sobre-o-seletivo-para-residencia-medica\/#breadcrumb","itemListElement":[{"@type":"ListItem","position":1,"name":"Home","item":"https:\/\/med.estrategia.com\/portal\/"},{"@type":"ListItem","position":2,"name":"Resid\u00eancia M\u00e9dica","item":"https:\/\/med.estrategia.com\/portal\/residencia-medica\/"},{"@type":"ListItem","position":3,"name":"UFMS 2022: tudo sobre o seletivo para Resid\u00eancia M\u00e9dica!"}]},{"@type":"WebSite","@id":"https:\/\/med.estrategia.com\/portal\/#website","url":"https:\/\/med.estrategia.com\/portal\/","name":"Estrat\u00e9gia MED","description":"","potentialAction":[{"@type":"SearchAction","target":{"@type":"EntryPoint","urlTemplate":"https:\/\/med.estrategia.com\/portal\/?s={search_term_string}"},"query-input":{"@type":"PropertyValueSpecification","valueRequired":true,"valueName":"search_term_string"}}],"inLanguage":"pt-BR"},{"@type":"Person","@id":"https:\/\/med.estrategia.com\/portal\/#\/schema\/person\/2f553adbb8e25fe39d145c5b2927f58c","name":"Ana Carolina Damasceno","image":{"@type":"ImageObject","inLanguage":"pt-BR","@id":"https:\/\/med.estrategia.com\/portal\/#\/schema\/person\/image\/","url":"https:\/\/med.estrategia.com\/portal\/wp-content\/uploads\/2021\/09\/WhatsApp-Image-2023-08-18-at-16.46.43-150x150.jpeg","contentUrl":"https:\/\/med.estrategia.com\/portal\/wp-content\/uploads\/2021\/09\/WhatsApp-Image-2023-08-18-at-16.46.43-150x150.jpeg","caption":"Ana Carolina Damasceno"},"description":"Coordenadora de Jornalismo EMED. Comunicadora por natureza e forma\u00e7\u00e3o, que ama e perde a no\u00e7\u00e3o do tempo com m\u00fasica e s\u00e9rie.","url":"https:\/\/med.estrategia.com\/portal\/author\/ana-carolina-damasceno\/"}]}},"_wl_alt_label":[],"wl:entity_url":"\/post\/ufms-2022-tudo-sobre-o-seletivo-para-residencia-medica","_links":{"self":[{"href":"https:\/\/med.estrategia.com\/portal\/wp-json\/wp\/v2\/posts\/45857","targetHints":{"allow":["GET"]}}],"collection":[{"href":"https:\/\/med.estrategia.com\/portal\/wp-json\/wp\/v2\/posts"}],"about":[{"href":"https:\/\/med.estrategia.com\/portal\/wp-json\/wp\/v2\/types\/post"}],"author":[{"embeddable":true,"href":"https:\/\/med.estrategia.com\/portal\/wp-json\/wp\/v2\/users\/39"}],"replies":[{"embeddable":true,"href":"https:\/\/med.estrategia.com\/portal\/wp-json\/wp\/v2\/comments?post=45857"}],"version-history":[{"count":1,"href":"https:\/\/med.estrategia.com\/portal\/wp-json\/wp\/v2\/posts\/45857\/revisions"}],"predecessor-version":[{"id":45859,"href":"https:\/\/med.estrategia.com\/portal\/wp-json\/wp\/v2\/posts\/45857\/revisions\/45859"}],"wp:featuredmedia":[{"embeddable":true,"href":"https:\/\/med.estrategia.com\/portal\/wp-json\/wp\/v2\/media\/5386"}],"wp:attachment":[{"href":"https:\/\/med.estrategia.com\/portal\/wp-json\/wp\/v2\/media?parent=45857"}],"wp:term":[{"taxonomy":"category","embeddable":true,"href":"https:\/\/med.estrategia.com\/portal\/wp-json\/wp\/v2\/categories?post=45857"},{"taxonomy":"post_tag","embeddable":true,"href":"https:\/\/med.estrategia.com\/portal\/wp-json\/wp\/v2\/tags?post=45857"},{"taxonomy":"wl_entity_type","embeddable":true,"href":"https:\/\/med.estrategia.com\/portal\/wp-json\/wp\/v2\/wl_entity_type?post=45857"}],"curies":[{"name":"wp","href":"https:\/\/api.w.org\/{rel}","templated":true}]}}