{"id":45937,"date":"2023-08-31T16:22:38","date_gmt":"2023-08-31T19:22:38","guid":{"rendered":"https:\/\/med.estrategia.com\/portal\/?p=45937"},"modified":"2023-08-31T16:22:43","modified_gmt":"2023-08-31T19:22:43","slug":"e-amanha-publicacao-de-edital-para-o-concurso-publico-da-policia-civil-de-sao-paulo","status":"publish","type":"post","link":"https:\/\/med.estrategia.com\/portal\/concursos\/e-amanha-publicacao-de-edital-para-o-concurso-publico-da-policia-civil-de-sao-paulo\/","title":{"rendered":"\u00c9 amanh\u00e3 publica\u00e7\u00e3o de edital para o Concurso P\u00fablico da Pol\u00edcia Civil de S\u00e3o Paulo"},"content":{"rendered":"<p>O edital do <strong>Concurso P&uacute;blico da Pol&iacute;cia Civil de S&atilde;o Paulo <\/strong>est&aacute; previsto para sair <strong>amanh&atilde; por meio de divulga&ccedil;&atilde;o no Di&aacute;rio Oficial<\/strong>. O an&uacute;ncio foi feito pelo secret&aacute;rio de Seguran&ccedil;a P&uacute;blica do estado, Guilherme Derrite.<p>A<strong> Funda&ccedil;&atilde;o Vunesp &eacute; a banca organizadora<\/strong> e as provas est&atilde;o previstas para a <strong>segunda quinzena de novembro ou na primeira de dezembro<\/strong>. Al&eacute;m disso, haver&aacute; aplica&ccedil;&atilde;o de prova oral para todos os cargos.<\/p><p>Para esse concurso,<strong> ser&atilde;o 116 vagas para o cargo de m&eacute;dico legista<\/strong>. O candidato para concorrer a vaga precisa, al&eacute;m da forma&ccedil;&atilde;o em n&iacute;vel superior em Medicina, possuir CNH B ou superior.<\/p><p>A <strong>remunera&ccedil;&atilde;o<\/strong> para o cargo de M&eacute;dico Legista de 3&ordf; classe atualmente &eacute; de <strong>R$12.954,39 para uma carga hor&aacute;ria de 40 horas<\/strong>, j&aacute; incluindo os vencimentos b&aacute;sicos reajustados e gratifica&ccedil;&atilde;o pelo Regime Especial de Trabalho Policial (RETP).<\/p><p>Saiba mais sobre as outras vagas do Concurso P&uacute;blico PC S&atilde;o Paulo por meio do<a href=\"https:\/\/med.estrategia.com\/portal\/concursos\/concurso-da-policia-civil-de-sao-paulo-preve-116-vagas-para-medico-legistas\/\" target=\"_blank\"> link.<\/a><\/p><h2 class=\"wp-block-heading\" id=\"h-nao-perca-tempo-prepare-se-agora-para-o-concurso-publico-da-pc-sp-com-a-estrategia-med\">N&atilde;o perca tempo! Prepare-se agora para o concurso p&uacute;blico da PC-SP com a Estrat&eacute;gia MED!&nbsp;&nbsp;<\/h2><p>Com o<a href=\"https:\/\/med.estrategia.com\/curso\/sprint-concursos-medicos\/\" target=\"_blank\"> Sprint Concursos M&eacute;dicos do Estrat&eacute;gia MED<\/a> voc&ecirc; ter&aacute; &agrave; disposi&ccedil;&atilde;o 1.500 quest&otilde;es com foco em concursos p&uacute;blicos com cargos m&eacute;dicos incluindo as disciplinas mais cobradas neste tipo de sele&ccedil;&atilde;o: Portugu&ecirc;s, Matem&aacute;tica, Inform&aacute;tica, Direito e claro, Medicina.<\/p><p>Conhe&ccedil;a tamb&eacute;m o nosso<a href=\"https:\/\/med.estrategia.com\/curso\/banco-de-questes-resumos-estrategicos-anual\/\" target=\"_blank\"> Banco de Quest&otilde;es<\/a>, que atualmente conta com mais de 189 mil quest&otilde;es cadastradas e n&atilde;o para de crescer. Vem ser coruja!<\/p><div class=\"wp-block-image\">\n<figure class=\"aligncenter size-full\"><img decoding=\"async\" width=\"1280\" height=\"622\" src=\"https:\/\/med.estrategia.com\/portal\/wp-content\/uploads\/2025\/08\/concursos_medicos.jpg\" alt=\"concursos_medicos\" class=\"wp-image-91529\" srcset=\"https:\/\/med.estrategia.com\/portal\/wp-content\/uploads\/2025\/08\/concursos_medicos.jpg 1280w, https:\/\/med.estrategia.com\/portal\/wp-content\/uploads\/2025\/08\/concursos_medicos-1024x498.jpg 1024w, https:\/\/med.estrategia.com\/portal\/wp-content\/uploads\/2025\/08\/concursos_medicos-768x373.jpg 768w, https:\/\/med.estrategia.com\/portal\/wp-content\/uploads\/2025\/08\/concursos_medicos-800x389.jpg 800w, https:\/\/med.estrategia.com\/portal\/wp-content\/uploads\/2025\/08\/concursos_medicos-1160x564.jpg 1160w\" sizes=\"(max-width: 1280px) 100vw, 1280px\" \/><\/figure><\/div><\/p>\n","protected":false},"excerpt":{"rendered":"A previs\u00e3o \u00e9 que o documento seja publicado no Di\u00e1rio Oficial de S\u00e3o Paulo no 1\u00ba dia de setembro\n","protected":false},"author":45,"featured_media":45040,"comment_status":"closed","ping_status":"closed","sticky":false,"template":"","format":"standard","meta":{"wl_entities_gutenberg":"","footnotes":""},"categories":[474],"tags":[],"wl_entity_type":[199],"class_list":{"0":"post-45937","1":"post","2":"type-post","3":"status-publish","4":"format-standard","5":"has-post-thumbnail","7":"category-concursos","8":"wl_entity_type-article"},"acf":[],"yoast_head":"<!-- This site is optimized with the Yoast SEO Premium plugin v26.6 (Yoast SEO v26.6) - https:\/\/yoast.com\/wordpress\/plugins\/seo\/ -->\n<title>Amanh\u00e3 sai edital para o Concurso P\u00fablico da Pol\u00edcia Civil SP<\/title>\n<meta name=\"description\" content=\"O edital do Concurso P\u00fablico da Pol\u00edcia Civil de S\u00e3o Paulo est\u00e1 previsto para sair amanh\u00e3 por meio de divulga\u00e7\u00e3o no Di\u00e1rio Oficial.\" \/>\n<meta name=\"robots\" content=\"index, follow, max-snippet:-1, max-image-preview:large, max-video-preview:-1\" \/>\n<link rel=\"canonical\" href=\"https:\/\/med.estrategia.com\/portal\/concursos\/e-amanha-publicacao-de-edital-para-o-concurso-publico-da-policia-civil-de-sao-paulo\/\" \/>\n<meta property=\"og:locale\" content=\"pt_BR\" \/>\n<meta property=\"og:type\" content=\"article\" \/>\n<meta property=\"og:title\" content=\"\u00c9 amanh\u00e3 publica\u00e7\u00e3o de edital para o Concurso P\u00fablico da Pol\u00edcia Civil de S\u00e3o Paulo\" \/>\n<meta property=\"og:description\" content=\"O edital do Concurso P\u00fablico da Pol\u00edcia Civil de S\u00e3o Paulo est\u00e1 previsto para sair amanh\u00e3 por meio de divulga\u00e7\u00e3o no Di\u00e1rio Oficial.\" \/>\n<meta property=\"og:url\" content=\"https:\/\/med.estrategia.com\/portal\/concursos\/e-amanha-publicacao-de-edital-para-o-concurso-publico-da-policia-civil-de-sao-paulo\/\" \/>\n<meta property=\"og:site_name\" content=\"Estrat\u00e9gia MED\" \/>\n<meta property=\"article:publisher\" content=\"https:\/\/www.facebook.com\/estrategiamed1\" \/>\n<meta property=\"article:published_time\" content=\"2023-08-31T19:22:38+00:00\" \/>\n<meta property=\"article:modified_time\" content=\"2023-08-31T19:22:43+00:00\" \/>\n<meta property=\"og:image\" content=\"https:\/\/cdn.medblog.estrategiaeducacional.com.br\/wp-content\/uploads\/2023\/08\/Concursos-Medicos_PCSP.jpg\" \/>\n\t<meta property=\"og:image:width\" content=\"1280\" \/>\n\t<meta property=\"og:image:height\" content=\"720\" \/>\n\t<meta property=\"og:image:type\" content=\"image\/jpeg\" \/>\n<meta name=\"author\" content=\"Priscila Pereira\" \/>\n<meta name=\"twitter:card\" content=\"summary_large_image\" \/>\n<meta name=\"twitter:creator\" content=\"@estrategiamed_\" \/>\n<meta name=\"twitter:site\" content=\"@estrategiamed_\" \/>\n<meta name=\"twitter:label1\" content=\"Escrito por\" \/>\n\t<meta name=\"twitter:data1\" content=\"Priscila Pereira\" \/>\n\t<meta name=\"twitter:label2\" content=\"Est. tempo de leitura\" \/>\n\t<meta name=\"twitter:data2\" content=\"1 minuto\" \/>\n<script type=\"application\/ld+json\" class=\"yoast-schema-graph\">{\"@context\":\"https:\/\/schema.org\",\"@graph\":[{\"@type\":\"WebPage\",\"@id\":\"https:\/\/med.estrategia.com\/portal\/concursos\/e-amanha-publicacao-de-edital-para-o-concurso-publico-da-policia-civil-de-sao-paulo\/\",\"url\":\"https:\/\/med.estrategia.com\/portal\/concursos\/e-amanha-publicacao-de-edital-para-o-concurso-publico-da-policia-civil-de-sao-paulo\/\",\"name\":\"Amanh\u00e3 sai edital para o Concurso P\u00fablico da Pol\u00edcia Civil SP\",\"isPartOf\":{\"@id\":\"https:\/\/med.estrategia.com\/portal\/#website\"},\"primaryImageOfPage\":{\"@id\":\"https:\/\/med.estrategia.com\/portal\/concursos\/e-amanha-publicacao-de-edital-para-o-concurso-publico-da-policia-civil-de-sao-paulo\/#primaryimage\"},\"image\":{\"@id\":\"https:\/\/med.estrategia.com\/portal\/concursos\/e-amanha-publicacao-de-edital-para-o-concurso-publico-da-policia-civil-de-sao-paulo\/#primaryimage\"},\"thumbnailUrl\":\"https:\/\/med.estrategia.com\/portal\/wp-content\/uploads\/2023\/08\/Concursos-Medicos_PCSP.jpg\",\"datePublished\":\"2023-08-31T19:22:38+00:00\",\"dateModified\":\"2023-08-31T19:22:43+00:00\",\"author\":{\"@id\":\"https:\/\/med.estrategia.com\/portal\/#\/schema\/person\/d1df06a83a849b79b2d480e7d8952ce3\"},\"description\":\"O edital do Concurso P\u00fablico da Pol\u00edcia Civil de S\u00e3o Paulo est\u00e1 previsto para sair amanh\u00e3 por meio de divulga\u00e7\u00e3o no Di\u00e1rio Oficial.\",\"breadcrumb\":{\"@id\":\"https:\/\/med.estrategia.com\/portal\/concursos\/e-amanha-publicacao-de-edital-para-o-concurso-publico-da-policia-civil-de-sao-paulo\/#breadcrumb\"},\"inLanguage\":\"pt-BR\",\"potentialAction\":[{\"@type\":\"ReadAction\",\"target\":[\"https:\/\/med.estrategia.com\/portal\/concursos\/e-amanha-publicacao-de-edital-para-o-concurso-publico-da-policia-civil-de-sao-paulo\/\"]}]},{\"@type\":\"ImageObject\",\"inLanguage\":\"pt-BR\",\"@id\":\"https:\/\/med.estrategia.com\/portal\/concursos\/e-amanha-publicacao-de-edital-para-o-concurso-publico-da-policia-civil-de-sao-paulo\/#primaryimage\",\"url\":\"https:\/\/med.estrategia.com\/portal\/wp-content\/uploads\/2023\/08\/Concursos-Medicos_PCSP.jpg\",\"contentUrl\":\"https:\/\/med.estrategia.com\/portal\/wp-content\/uploads\/2023\/08\/Concursos-Medicos_PCSP.jpg\",\"width\":1280,\"height\":720,\"caption\":\"Estrat\u00e9gia MED | PCSP\"},{\"@type\":\"BreadcrumbList\",\"@id\":\"https:\/\/med.estrategia.com\/portal\/concursos\/e-amanha-publicacao-de-edital-para-o-concurso-publico-da-policia-civil-de-sao-paulo\/#breadcrumb\",\"itemListElement\":[{\"@type\":\"ListItem\",\"position\":1,\"name\":\"Home\",\"item\":\"https:\/\/med.estrategia.com\/portal\/\"},{\"@type\":\"ListItem\",\"position\":2,\"name\":\"Concursos M\u00e9dicos\",\"item\":\"https:\/\/med.estrategia.com\/portal\/concursos\/\"},{\"@type\":\"ListItem\",\"position\":3,\"name\":\"\u00c9 amanh\u00e3 publica\u00e7\u00e3o de edital para o Concurso P\u00fablico da Pol\u00edcia Civil de S\u00e3o Paulo\"}]},{\"@type\":\"WebSite\",\"@id\":\"https:\/\/med.estrategia.com\/portal\/#website\",\"url\":\"https:\/\/med.estrategia.com\/portal\/\",\"name\":\"Estrat\u00e9gia MED\",\"description\":\"\",\"potentialAction\":[{\"@type\":\"SearchAction\",\"target\":{\"@type\":\"EntryPoint\",\"urlTemplate\":\"https:\/\/med.estrategia.com\/portal\/?s={search_term_string}\"},\"query-input\":{\"@type\":\"PropertyValueSpecification\",\"valueRequired\":true,\"valueName\":\"search_term_string\"}}],\"inLanguage\":\"pt-BR\"},{\"@type\":\"Person\",\"@id\":\"https:\/\/med.estrategia.com\/portal\/#\/schema\/person\/d1df06a83a849b79b2d480e7d8952ce3\",\"name\":\"Priscila Pereira\",\"image\":{\"@type\":\"ImageObject\",\"inLanguage\":\"pt-BR\",\"@id\":\"https:\/\/med.estrategia.com\/portal\/#\/schema\/person\/image\/\",\"url\":\"https:\/\/secure.gravatar.com\/avatar\/fe94f8430a1d23a69c0bc7aab6202e21?s=96&d=mm&r=g\",\"contentUrl\":\"https:\/\/secure.gravatar.com\/avatar\/fe94f8430a1d23a69c0bc7aab6202e21?s=96&d=mm&r=g\",\"caption\":\"Priscila Pereira\"},\"description\":\"Formada e p\u00f3s-graduada na \u00e1rea de comunica\u00e7\u00e3o, divido minha paix\u00e3o entre o jornalismo e os esportes\",\"url\":\"https:\/\/med.estrategia.com\/portal\/author\/priscila-pereira\/\"}]}<\/script>\n<!-- \/ Yoast SEO Premium plugin. -->","yoast_head_json":{"title":"Amanh\u00e3 sai edital para o Concurso P\u00fablico da Pol\u00edcia Civil SP","description":"O edital do Concurso P\u00fablico da Pol\u00edcia Civil de S\u00e3o Paulo est\u00e1 previsto para sair amanh\u00e3 por meio de divulga\u00e7\u00e3o no Di\u00e1rio Oficial.","robots":{"index":"index","follow":"follow","max-snippet":"max-snippet:-1","max-image-preview":"max-image-preview:large","max-video-preview":"max-video-preview:-1"},"canonical":"https:\/\/med.estrategia.com\/portal\/concursos\/e-amanha-publicacao-de-edital-para-o-concurso-publico-da-policia-civil-de-sao-paulo\/","og_locale":"pt_BR","og_type":"article","og_title":"\u00c9 amanh\u00e3 publica\u00e7\u00e3o de edital para o Concurso P\u00fablico da Pol\u00edcia Civil de S\u00e3o Paulo","og_description":"O edital do Concurso P\u00fablico da Pol\u00edcia Civil de S\u00e3o Paulo est\u00e1 previsto para sair amanh\u00e3 por meio de divulga\u00e7\u00e3o no Di\u00e1rio Oficial.","og_url":"https:\/\/med.estrategia.com\/portal\/concursos\/e-amanha-publicacao-de-edital-para-o-concurso-publico-da-policia-civil-de-sao-paulo\/","og_site_name":"Estrat\u00e9gia MED","article_publisher":"https:\/\/www.facebook.com\/estrategiamed1","article_published_time":"2023-08-31T19:22:38+00:00","article_modified_time":"2023-08-31T19:22:43+00:00","og_image":[{"width":1280,"height":720,"url":"https:\/\/cdn.medblog.estrategiaeducacional.com.br\/wp-content\/uploads\/2023\/08\/Concursos-Medicos_PCSP.jpg","type":"image\/jpeg"}],"author":"Priscila Pereira","twitter_card":"summary_large_image","twitter_creator":"@estrategiamed_","twitter_site":"@estrategiamed_","twitter_misc":{"Escrito por":"Priscila Pereira","Est. tempo de leitura":"1 minuto"},"schema":{"@context":"https:\/\/schema.org","@graph":[{"@type":"WebPage","@id":"https:\/\/med.estrategia.com\/portal\/concursos\/e-amanha-publicacao-de-edital-para-o-concurso-publico-da-policia-civil-de-sao-paulo\/","url":"https:\/\/med.estrategia.com\/portal\/concursos\/e-amanha-publicacao-de-edital-para-o-concurso-publico-da-policia-civil-de-sao-paulo\/","name":"Amanh\u00e3 sai edital para o Concurso P\u00fablico da Pol\u00edcia Civil SP","isPartOf":{"@id":"https:\/\/med.estrategia.com\/portal\/#website"},"primaryImageOfPage":{"@id":"https:\/\/med.estrategia.com\/portal\/concursos\/e-amanha-publicacao-de-edital-para-o-concurso-publico-da-policia-civil-de-sao-paulo\/#primaryimage"},"image":{"@id":"https:\/\/med.estrategia.com\/portal\/concursos\/e-amanha-publicacao-de-edital-para-o-concurso-publico-da-policia-civil-de-sao-paulo\/#primaryimage"},"thumbnailUrl":"https:\/\/med.estrategia.com\/portal\/wp-content\/uploads\/2023\/08\/Concursos-Medicos_PCSP.jpg","datePublished":"2023-08-31T19:22:38+00:00","dateModified":"2023-08-31T19:22:43+00:00","author":{"@id":"https:\/\/med.estrategia.com\/portal\/#\/schema\/person\/d1df06a83a849b79b2d480e7d8952ce3"},"description":"O edital do Concurso P\u00fablico da Pol\u00edcia Civil de S\u00e3o Paulo est\u00e1 previsto para sair amanh\u00e3 por meio de divulga\u00e7\u00e3o no Di\u00e1rio Oficial.","breadcrumb":{"@id":"https:\/\/med.estrategia.com\/portal\/concursos\/e-amanha-publicacao-de-edital-para-o-concurso-publico-da-policia-civil-de-sao-paulo\/#breadcrumb"},"inLanguage":"pt-BR","potentialAction":[{"@type":"ReadAction","target":["https:\/\/med.estrategia.com\/portal\/concursos\/e-amanha-publicacao-de-edital-para-o-concurso-publico-da-policia-civil-de-sao-paulo\/"]}]},{"@type":"ImageObject","inLanguage":"pt-BR","@id":"https:\/\/med.estrategia.com\/portal\/concursos\/e-amanha-publicacao-de-edital-para-o-concurso-publico-da-policia-civil-de-sao-paulo\/#primaryimage","url":"https:\/\/med.estrategia.com\/portal\/wp-content\/uploads\/2023\/08\/Concursos-Medicos_PCSP.jpg","contentUrl":"https:\/\/med.estrategia.com\/portal\/wp-content\/uploads\/2023\/08\/Concursos-Medicos_PCSP.jpg","width":1280,"height":720,"caption":"Estrat\u00e9gia MED | PCSP"},{"@type":"BreadcrumbList","@id":"https:\/\/med.estrategia.com\/portal\/concursos\/e-amanha-publicacao-de-edital-para-o-concurso-publico-da-policia-civil-de-sao-paulo\/#breadcrumb","itemListElement":[{"@type":"ListItem","position":1,"name":"Home","item":"https:\/\/med.estrategia.com\/portal\/"},{"@type":"ListItem","position":2,"name":"Concursos M\u00e9dicos","item":"https:\/\/med.estrategia.com\/portal\/concursos\/"},{"@type":"ListItem","position":3,"name":"\u00c9 amanh\u00e3 publica\u00e7\u00e3o de edital para o Concurso P\u00fablico da Pol\u00edcia Civil de S\u00e3o Paulo"}]},{"@type":"WebSite","@id":"https:\/\/med.estrategia.com\/portal\/#website","url":"https:\/\/med.estrategia.com\/portal\/","name":"Estrat\u00e9gia MED","description":"","potentialAction":[{"@type":"SearchAction","target":{"@type":"EntryPoint","urlTemplate":"https:\/\/med.estrategia.com\/portal\/?s={search_term_string}"},"query-input":{"@type":"PropertyValueSpecification","valueRequired":true,"valueName":"search_term_string"}}],"inLanguage":"pt-BR"},{"@type":"Person","@id":"https:\/\/med.estrategia.com\/portal\/#\/schema\/person\/d1df06a83a849b79b2d480e7d8952ce3","name":"Priscila Pereira","image":{"@type":"ImageObject","inLanguage":"pt-BR","@id":"https:\/\/med.estrategia.com\/portal\/#\/schema\/person\/image\/","url":"https:\/\/secure.gravatar.com\/avatar\/fe94f8430a1d23a69c0bc7aab6202e21?s=96&d=mm&r=g","contentUrl":"https:\/\/secure.gravatar.com\/avatar\/fe94f8430a1d23a69c0bc7aab6202e21?s=96&d=mm&r=g","caption":"Priscila Pereira"},"description":"Formada e p\u00f3s-graduada na \u00e1rea de comunica\u00e7\u00e3o, divido minha paix\u00e3o entre o jornalismo e os esportes","url":"https:\/\/med.estrategia.com\/portal\/author\/priscila-pereira\/"}]}},"_wl_alt_label":[],"wl:entity_url":"\/post\/e-amanha-publicacao-de-edital-para-o-concurso-publico-da-policia-civil-de-sao-paulo","_links":{"self":[{"href":"https:\/\/med.estrategia.com\/portal\/wp-json\/wp\/v2\/posts\/45937","targetHints":{"allow":["GET"]}}],"collection":[{"href":"https:\/\/med.estrategia.com\/portal\/wp-json\/wp\/v2\/posts"}],"about":[{"href":"https:\/\/med.estrategia.com\/portal\/wp-json\/wp\/v2\/types\/post"}],"author":[{"embeddable":true,"href":"https:\/\/med.estrategia.com\/portal\/wp-json\/wp\/v2\/users\/45"}],"replies":[{"embeddable":true,"href":"https:\/\/med.estrategia.com\/portal\/wp-json\/wp\/v2\/comments?post=45937"}],"version-history":[{"count":6,"href":"https:\/\/med.estrategia.com\/portal\/wp-json\/wp\/v2\/posts\/45937\/revisions"}],"predecessor-version":[{"id":45943,"href":"https:\/\/med.estrategia.com\/portal\/wp-json\/wp\/v2\/posts\/45937\/revisions\/45943"}],"wp:featuredmedia":[{"embeddable":true,"href":"https:\/\/med.estrategia.com\/portal\/wp-json\/wp\/v2\/media\/45040"}],"wp:attachment":[{"href":"https:\/\/med.estrategia.com\/portal\/wp-json\/wp\/v2\/media?parent=45937"}],"wp:term":[{"taxonomy":"category","embeddable":true,"href":"https:\/\/med.estrategia.com\/portal\/wp-json\/wp\/v2\/categories?post=45937"},{"taxonomy":"post_tag","embeddable":true,"href":"https:\/\/med.estrategia.com\/portal\/wp-json\/wp\/v2\/tags?post=45937"},{"taxonomy":"wl_entity_type","embeddable":true,"href":"https:\/\/med.estrategia.com\/portal\/wp-json\/wp\/v2\/wl_entity_type?post=45937"}],"curies":[{"name":"wp","href":"https:\/\/api.w.org\/{rel}","templated":true}]}}