{"id":46267,"date":"2022-12-26T08:25:00","date_gmt":"2022-12-26T11:25:00","guid":{"rendered":"https:\/\/med.estrategia.com\/portal\/?p=46267"},"modified":"2023-09-05T15:40:43","modified_gmt":"2023-09-05T18:40:43","slug":"residencia-medica-ufsc-inscricoes-edital-2023-vagas-e-mais","status":"publish","type":"post","link":"https:\/\/med.estrategia.com\/portal\/residencia-medica\/residencia-medica-ufsc-inscricoes-edital-2023-vagas-e-mais\/","title":{"rendered":"Resid\u00eancia M\u00e9dica UFSC: inscri\u00e7\u00f5es, edital 2023, vagas e mais!"},"content":{"rendered":"<p class=\"wp-block-paragraph\">Quer saber mais sobre o a sele&ccedil;&atilde;o de resid&ecirc;ncia m&eacute;dica da <span id=\"urn:enhancement-4c9d5c12-e437-4856-8cff-1b493ba51fa4\" class=\"textannotation disambiguated wl-organization\" itemid=\"https:\/\/data.wordlift.io\/wl106637\/entity\/ufsc\">UFSC<\/span>? Ent&atilde;o n&atilde;o saia deste artigo e confira todas as informa&ccedil;&otilde;es que o <span id=\"urn:enhancement-c2631646-3be1-474d-af3d-6fc56578c56c\" class=\"textannotation disambiguated wl-organization\" itemid=\"https:\/\/data.wordlift.io\/wl106637\/entity\/estrategia_med\">Estrat&eacute;gia MED<\/span> separou sobre esse processo seletivo!<div id=\"ez-toc-container\" class=\"ez-toc-v2_0_86 counter-hierarchy ez-toc-counter ez-toc-transparent ez-toc-container-direction\">\n<div class=\"ez-toc-title-container\"><p class=\"ez-toc-title\" style=\"cursor:inherit\">Navegue pelo conte\u00fado<\/p>\n<\/div><nav><ul class='ez-toc-list ez-toc-list-level-1 ' ><li class='ez-toc-page-1 ez-toc-heading-level-2'><a class=\"ez-toc-link ez-toc-heading-1\" href=\"https:\/\/med.estrategia.com\/portal\/residencia-medica\/residencia-medica-ufsc-inscricoes-edital-2023-vagas-e-mais\/#O-que-e-a-UFSC\" >O que &eacute; a UFSC?<\/a><\/li><li class='ez-toc-page-1 ez-toc-heading-level-2'><a class=\"ez-toc-link ez-toc-heading-2\" href=\"https:\/\/med.estrategia.com\/portal\/residencia-medica\/residencia-medica-ufsc-inscricoes-edital-2023-vagas-e-mais\/#Como-e-o-processo-seletivo-da-UFSC\" >Como &eacute; o processo seletivo da UFSC<\/a><\/li><li class='ez-toc-page-1 ez-toc-heading-level-2'><a class=\"ez-toc-link ez-toc-heading-3\" href=\"https:\/\/med.estrategia.com\/portal\/residencia-medica\/residencia-medica-ufsc-inscricoes-edital-2023-vagas-e-mais\/#Como-se-inscrever-na-selecao-da-UFSC\" >Como se inscrever na sele&ccedil;&atilde;o da UFSC<\/a><\/li><li class='ez-toc-page-1 ez-toc-heading-level-2'><a class=\"ez-toc-link ez-toc-heading-4\" href=\"https:\/\/med.estrategia.com\/portal\/residencia-medica\/residencia-medica-ufsc-inscricoes-edital-2023-vagas-e-mais\/#Concorrencia-UFSC\" >Concorr&ecirc;ncia UFSC<\/a><\/li><li class='ez-toc-page-1 ez-toc-heading-level-2'><a class=\"ez-toc-link ez-toc-heading-5\" href=\"https:\/\/med.estrategia.com\/portal\/residencia-medica\/residencia-medica-ufsc-inscricoes-edital-2023-vagas-e-mais\/#Saiba-como-foi-a-ultima-edicao-da-UFSC\" >Saiba como foi a &uacute;ltima edi&ccedil;&atilde;o da UFSC<\/a><\/li><li class='ez-toc-page-1 ez-toc-heading-level-2'><a class=\"ez-toc-link ez-toc-heading-6\" href=\"https:\/\/med.estrategia.com\/portal\/residencia-medica\/residencia-medica-ufsc-inscricoes-edital-2023-vagas-e-mais\/#Resultado-Final-e-Desempate-UFSC-2023\" >Resultado Final e Desempate UFSC 2023<\/a><\/li><li class='ez-toc-page-1 ez-toc-heading-level-2'><a class=\"ez-toc-link ez-toc-heading-7\" href=\"https:\/\/med.estrategia.com\/portal\/residencia-medica\/residencia-medica-ufsc-inscricoes-edital-2023-vagas-e-mais\/#Como-se-preparar-para-a-UFSC-2024\" >Como se preparar para a UFSC 2024<\/a><\/li><li class='ez-toc-page-1 ez-toc-heading-level-2'><a class=\"ez-toc-link ez-toc-heading-8\" href=\"https:\/\/med.estrategia.com\/portal\/residencia-medica\/residencia-medica-ufsc-inscricoes-edital-2023-vagas-e-mais\/#Veja-tambem\" >Veja tamb&eacute;m:<\/a><\/li><\/ul><\/nav><\/div>\n<h2 class=\"wp-block-heading\" id=\"h-o-que-e-a-ufsc\"><span class=\"ez-toc-section\" id=\"O-que-e-a-UFSC\"><\/span>O que &eacute; a UFSC?<span class=\"ez-toc-section-end\"><\/span><\/h2><p class=\"wp-block-paragraph\">Criada em<strong> 1960<\/strong>, a <strong>Universidade Federal de Santa Catarina (<span id=\"urn:enhancement-86f8cf3b-5540-44df-ae1e-1fd3e7c0db83\" class=\"textannotation disambiguated wl-organization\" itemid=\"https:\/\/data.wordlift.io\/wl106637\/entity\/ufsc\">UFSC<\/span>)<\/strong> como hoje conhecemos era intitulada, em seus 5 primeiros anos, apenas de Universidade de Santa Catarina, sua federaliza&ccedil;&atilde;o veio em 1965.<\/p><p class=\"wp-block-paragraph\">Atualmente a <span id=\"urn:enhancement-1744c3a2-373c-4d73-99ad-412872b10264\" class=\"textannotation disambiguated wl-organization\" itemid=\"https:\/\/data.wordlift.io\/wl106637\/entity\/ufsc\">UFSC<\/span> conta com 5 campi, confira:<\/p><ul class=\"wp-block-list\">\n<li>Campus Ararangu&aacute;;<\/li>\n\n\n\n<li>Campus Blumenau;<\/li>\n\n\n\n<li>Campus Curitibanos;<\/li>\n\n\n\n<li>Campus Florian&oacute;polis; e<\/li>\n\n\n\n<li>Campus Joinville.<\/li>\n<\/ul><div class=\"wp-block-image\">\n<figure class=\"aligncenter size-large\"><img decoding=\"async\" width=\"900\" height=\"675\" src=\"https:\/\/cdn.medblog.estrategiaeducacional.com.br\/wp-content\/uploads\/2021\/02\/UFSC.jpg\" alt=\"UFSC\" class=\"wp-image-3957\" srcset=\"https:\/\/med.estrategia.com\/portal\/wp-content\/uploads\/2021\/02\/UFSC.jpg 900w, https:\/\/med.estrategia.com\/portal\/wp-content\/uploads\/2021\/02\/UFSC-300x225.jpg 300w, https:\/\/med.estrategia.com\/portal\/wp-content\/uploads\/2021\/02\/UFSC-768x576.jpg 768w, https:\/\/med.estrategia.com\/portal\/wp-content\/uploads\/2021\/02\/UFSC-380x285.jpg 380w, https:\/\/med.estrategia.com\/portal\/wp-content\/uploads\/2021\/02\/UFSC-800x600.jpg 800w\" sizes=\"(max-width: 900px) 100vw, 900px\" \/><figcaption class=\"wp-element-caption\"><a target=\"_blank\" href=\"https:\/\/galeria.ufsc.br\/agecom\/GaleriaPortal\/Campus+Ararangua+-+Foto+Jair+Quint.jpg.html\">Foto: Jair Quint<\/a><\/figcaption><\/figure>\n<\/div><p class=\"wp-block-paragraph\">A <strong>faculdade de <span id=\"urn:enhancement-6f43fed6-b970-4317-8489-ec61ebc7f92c\" class=\"textannotation disambiguated wl-creative-work\" itemid=\"https:\/\/data.wordlift.io\/wl106637\/entity\/medicina\">medicina<\/span><\/strong> &eacute; ministrada no <strong>Campus Ararangu&aacute;<\/strong>.<\/p><h2 class=\"wp-block-heading\" id=\"h-como-e-o-processo-seletivo-da-ufsc\"><span class=\"ez-toc-section\" id=\"Como-e-o-processo-seletivo-da-UFSC\"><\/span>Como &eacute; o processo seletivo da UFSC<span class=\"ez-toc-section-end\"><\/span><\/h2><p class=\"wp-block-paragraph\">O processo seletivo da UFSC conta com&nbsp;<strong>uma &uacute;nica fase aplicada para todos os candidatos inscritos<\/strong>, composta por&nbsp;<strong>uma prova objetiva de m&uacute;ltipla escolha<\/strong>.<\/p><p class=\"wp-block-paragraph\">Para as&nbsp;<strong>especialidades de Acesso Direto, a avalia&ccedil;&atilde;o conta com 100 quest&otilde;es objetivas&nbsp;<\/strong>e o conte&uacute;do cobrado &eacute; de conhecimentos m&eacute;dicos gerais, que engloba as cinco grandes &aacute;reas m&eacute;dicas: Cirurgia, Cl&iacute;nica M&eacute;dica, Ginecologia e Obstetr&iacute;cia, Pediatria e Medicina Preventiva e Social.<\/p><p class=\"wp-block-paragraph\">J&aacute; os candidatos inscritos nas&nbsp;<strong>especialidades com Pr&eacute;-Requisito&nbsp;<\/strong>tem de responder uma prova, tamb&eacute;m<strong>&nbsp;objetiva, composta por 40 quest&otilde;es<\/strong>&nbsp;com o conte&uacute;do program&aacute;tico da resid&ecirc;ncia exigida como pr&eacute;-requisito. <\/p><h2 class=\"wp-block-heading\" id=\"h-como-se-inscrever-na-selecao-da-ufsc\"><span class=\"ez-toc-section\" id=\"Como-se-inscrever-na-selecao-da-UFSC\"><\/span>Como se inscrever na sele&ccedil;&atilde;o da UFSC<span class=\"ez-toc-section-end\"><\/span><\/h2><p class=\"wp-block-paragraph\">O processo de inscri&ccedil;&atilde;o da <span id=\"urn:enhancement-e4c50430-6590-45a9-a98f-b5483c3afb5e\" class=\"textannotation disambiguated wl-organization\" itemid=\"https:\/\/data.wordlift.io\/wl106637\/entity\/ufsc\">UFSC<\/span> 2023 foi realizado exclusivamente pela internet, por meio da p&aacute;gina oficial da sele&ccedil;&atilde;o. Os candidatos interessados precisaram preencher a ficha de inscri&ccedil;&atilde;o e pagar a <strong>taxa de R$ 350,00<\/strong>.<\/p><p class=\"wp-block-paragraph\">Aqueles que desejaram <strong>solicitar a isen&ccedil;&atilde;o da taxa<\/strong> poder&atilde;o faz&ecirc;-la em per&iacute;odo disposto em edital.<\/p><h3 class=\"wp-block-heading\" id=\"h-provab-o-brasil-conta-comigo-mais-medicos-e-prmfgc\">PROVAB, &ldquo;O Brasil Conta Comigo&rdquo;, Mais M&eacute;dicos e PRMFGC<\/h3><p class=\"wp-block-paragraph\">O candidato que tiver participado e conclu&iacute;do 1 ano no Programa de Valoriza&ccedil;&atilde;o do Profissional da Aten&ccedil;&atilde;o B&aacute;sica <strong>(PROVAB) a partir de 2015,<\/strong> ter&aacute; direito a<strong> pontua&ccedil;&atilde;o adicional de 10% na nota final<\/strong>.&nbsp;A pontua&ccedil;&atilde;o extra tamb&eacute;m ser&aacute; v&aacute;lida para quem ingressou nos programas de<br>resid&ecirc;ncia em <span id=\"urn:enhancement-382710e8-3303-4ea2-a30f-d248abda456a\" class=\"textannotation disambiguated wl-thing\" itemid=\"https:\/\/data.wordlift.io\/wl106637\/entity\/medicina-de-familia-e-comunidade\">Medicina de Fam&iacute;lia e Comunidade<\/span> (PRMGFC) a partir de 2015 e concluiu os 2 anos de programa. <\/p><p class=\"wp-block-paragraph\">Al&eacute;m disso, profissionais de sa&uacute;de na &aacute;rea de <span id=\"urn:enhancement-be4112fc-718a-410e-a592-95a52d388895\" class=\"textannotation disambiguated wl-creative-work\" itemid=\"https:\/\/data.wordlift.io\/wl106637\/entity\/medicina\">Medicina<\/span> que participaram da a&ccedil;&atilde;o estrat&eacute;gica <strong>&ldquo;O Brasil Conta Comigo&rdquo;<\/strong> ou do <strong><span id=\"urn:enhancement-8dad8f7f-f27a-4119-b12b-e9b7d27adcb5\" class=\"textannotation disambiguated wl-thing\" itemid=\"https:\/\/data.wordlift.io\/wl106637\/entity\/programa-mais-medicos\">Programa Mais M&eacute;dicos<\/span><\/strong> tamb&eacute;m receber&atilde;o a bonifica&ccedil;&atilde;o de 10% na nota final do processo seletivo da <span id=\"urn:enhancement-5b85eed2-9947-4fb2-86f8-0e1ff10be024\" class=\"textannotation disambiguated wl-organization\" itemid=\"https:\/\/data.wordlift.io\/wl106637\/entity\/ufsc\">UFSC<\/span> 2023. A pontua&ccedil;&atilde;o adicional de um dos tr&ecirc;s programas deve ser requerida no momento da inscri&ccedil;&atilde;o mediante documento comprobat&oacute;rio. <\/p><h2 class=\"wp-block-heading\"><span class=\"ez-toc-section\" id=\"Concorrencia-UFSC\"><\/span>Concorr&ecirc;ncia UFSC<span class=\"ez-toc-section-end\"><\/span><\/h2><p class=\"wp-block-paragraph\">Ao todo,&nbsp;<strong>667 candidatos<\/strong>&nbsp;se inscreveram no &uacute;ltimo processo seletivo da UFSC, com ingresso nos m&eacute;dicos aprovados em 2023, para 52 vagas ofertadas, o que acarreta em uma<strong>&nbsp;rela&ccedil;&atilde;o geral de 12,82 candidatos por vaga<\/strong>. Confira como ficou a concorr&ecirc;ncia por especialidades:<\/p><figure class=\"wp-block-table\"><table><thead><tr><th>Especialidades<\/th><th class=\"has-text-align-center\" data-align=\"center\">Vagas<\/th><th class=\"has-text-align-center\" data-align=\"center\">Inscritos<\/th><th class=\"has-text-align-center\" data-align=\"center\">Concorr&ecirc;ncia<\/th><\/tr><\/thead><tbody><tr><td>Acupuntura<\/td><td class=\"has-text-align-center\" data-align=\"center\">2<\/td><td class=\"has-text-align-center\" data-align=\"center\">7<\/td><td class=\"has-text-align-center\" data-align=\"center\">3,5<\/td><\/tr><tr><td><span id=\"urn:enhancement-18aac3ec-2261-4112-824e-c68b222b07ff\" class=\"textannotation disambiguated wl-thing\" itemid=\"https:\/\/data.wordlift.io\/wl106637\/entity\/anestesiologia\">Anestesiologia<\/span><\/td><td class=\"has-text-align-center\" data-align=\"center\">2<\/td><td class=\"has-text-align-center\" data-align=\"center\">41<\/td><td class=\"has-text-align-center\" data-align=\"center\">20,5<\/td><\/tr><tr><td><span id=\"urn:enhancement-4e87d4e7-8fc0-4252-9c27-c52be52aec69\" class=\"textannotation disambiguated wl-thing\" itemid=\"https:\/\/data.wordlift.io\/wl106637\/entity\/cirurgia-geral\">Cirurgia Geral<\/span><\/td><td class=\"has-text-align-center\" data-align=\"center\">4<\/td><td class=\"has-text-align-center\" data-align=\"center\">69<\/td><td class=\"has-text-align-center\" data-align=\"center\">17,25<\/td><\/tr><tr><td>Cl&iacute;nica M&eacute;dica<\/td><td class=\"has-text-align-center\" data-align=\"center\">8<\/td><td class=\"has-text-align-center\" data-align=\"center\">90<\/td><td class=\"has-text-align-center\" data-align=\"center\">11,25<\/td><\/tr><tr><td><span id=\"urn:enhancement-127d960d-3145-4982-b1da-23f81b497fab\" class=\"textannotation disambiguated wl-thing\" itemid=\"https:\/\/data.wordlift.io\/wl106637\/entity\/dermatologia\">Dermatologia<\/span><\/td><td class=\"has-text-align-center\" data-align=\"center\">2<\/td><td class=\"has-text-align-center\" data-align=\"center\">115<\/td><td class=\"has-text-align-center\" data-align=\"center\">57,5<\/td><\/tr><tr><td><span id=\"urn:enhancement-c746c8d7-c14c-4c83-9bb8-c7a589ab798e\" class=\"textannotation disambiguated wl-thing\" itemid=\"https:\/\/data.wordlift.io\/wl106637\/entity\/ginecologia-e-obstetricia\">Ginecologia e Obstetr&iacute;cia<\/span><\/td><td class=\"has-text-align-center\" data-align=\"center\">4<\/td><td class=\"has-text-align-center\" data-align=\"center\">72<\/td><td class=\"has-text-align-center\" data-align=\"center\">18<\/td><\/tr><tr><td>Medicina Intensiva<\/td><td class=\"has-text-align-center\" data-align=\"center\">4<\/td><td class=\"has-text-align-center\" data-align=\"center\">21<\/td><td class=\"has-text-align-center\" data-align=\"center\">5,25<\/td><\/tr><tr><td>Neurologia<\/td><td class=\"has-text-align-center\" data-align=\"center\">2<\/td><td class=\"has-text-align-center\" data-align=\"center\">34<\/td><td class=\"has-text-align-center\" data-align=\"center\">17<\/td><\/tr><tr><td><span id=\"urn:enhancement-026ca626-6565-4dcb-9ce8-a8bc008fdc67\" class=\"textannotation disambiguated wl-thing\" itemid=\"https:\/\/data.wordlift.io\/wl106637\/entity\/patologia\">Patologia<\/span><\/td><td class=\"has-text-align-center\" data-align=\"center\">2<\/td><td class=\"has-text-align-center\" data-align=\"center\">14<\/td><td class=\"has-text-align-center\" data-align=\"center\">7<\/td><\/tr><tr><td><span id=\"urn:enhancement-4030584e-db7e-49b3-8e47-26452490fad4\" class=\"textannotation disambiguated wl-thing\" itemid=\"https:\/\/data.wordlift.io\/wl106637\/entity\/pediatria\">Pediatria<\/span><\/td><td class=\"has-text-align-center\" data-align=\"center\">4<\/td><td class=\"has-text-align-center\" data-align=\"center\">36<\/td><td class=\"has-text-align-center\" data-align=\"center\">9<\/td><\/tr><tr><td><span id=\"urn:enhancement-2c743ee9-89ca-4c68-84b6-d325d0f36844\" class=\"textannotation disambiguated wl-thing\" itemid=\"https:\/\/data.wordlift.io\/wl106637\/entity\/radiologia-e-diagnostico-por-imagem\">Radiologia e Diagn&oacute;stico por Imagem<\/span><\/td><td class=\"has-text-align-center\" data-align=\"center\">3<\/td><td class=\"has-text-align-center\" data-align=\"center\">39<\/td><td class=\"has-text-align-center\" data-align=\"center\">13<\/td><\/tr><\/tbody><\/table><\/figure><div class=\"wp-block-buttons is-content-justification-center is-layout-flex wp-container-core-buttons-is-layout-fe48e5de wp-block-buttons-is-layout-flex\">\n<div class=\"wp-block-button\"><a class=\"wp-block-button__link wp-element-button\" href=\"https:\/\/med.estrategia.com\/portal\/noticias\/ufsc-2023-confira-a-relacao-candidato-vaga-do-seletivo-para-residencia-medica\/\" target=\"_blank\"><strong>Confira aqui a concorr&ecirc;ncia das especialidades com Pr&eacute;-Requisito exigido! <\/strong><\/a><\/div>\n<\/div><h2 class=\"wp-block-heading\" id=\"h-saiba-como-foi-a-ultima-edicao-da-ufsc\"><span class=\"ez-toc-section\" id=\"Saiba-como-foi-a-ultima-edicao-da-UFSC\"><\/span>Saiba como foi a &uacute;ltima edi&ccedil;&atilde;o da UFSC<span class=\"ez-toc-section-end\"><\/span><\/h2><p class=\"wp-block-paragraph\">O edital completo da UFSC para ingresso dos residentes em 2023 foi divulgado no dia 26 de dezembro de 2022 na&nbsp;<a href=\"https:\/\/www.fundatec.org.br\/portal\/concursos\/index_concursos.php?concurso=722\" target=\"_blank\">p&aacute;gina do processo seletivo<\/a>. Confira o documento clicando no bot&atilde;o abaixo:<\/p><div class=\"wp-block-buttons is-content-justification-center is-layout-flex wp-container-core-buttons-is-layout-fe48e5de wp-block-buttons-is-layout-flex\">\n<div class=\"wp-block-button\"><a class=\"wp-block-button__link wp-element-button\" href=\"https:\/\/med.estrategia.com\/portal\/wp-content\/uploads\/2022\/12\/edital_abertura_UFSC.pdf\" target=\"_blank\"><strong>Edital UFSC 2023<\/strong><\/a><\/div>\n<\/div><h3 class=\"wp-block-heading\" id=\"h-cronograma-ufsc-2023\">Cronograma UFSC 2023<\/h3><ul class=\"wp-block-list\">\n<li><strong>Per&iacute;odo de Isen&ccedil;&atilde;o: <\/strong>10 a 12\/01\/2023;<\/li>\n\n\n\n<li><strong>Per&iacute;odo de Inscri&ccedil;&otilde;es:<\/strong>&nbsp;10 a 24\/01\/2023;<\/li>\n\n\n\n<li><strong>Taxa de Inscri&ccedil;&atilde;o:<\/strong> R$ 350,00;<\/li>\n\n\n\n<li><strong>Prova Objetiva:<\/strong> 05\/02\/2023;<\/li>\n\n\n\n<li><strong>Divulga&ccedil;&atilde;o do Gabarito Preliminar:<\/strong> 05\/02\/2023;<\/li>\n\n\n\n<li><strong>Recurso contra o Gabarito:<\/strong> 06 e 07\/02\/2023;<\/li>\n\n\n\n<li><strong>Gabarito Definitivo:<\/strong> 13\/02\/2023;<\/li>\n\n\n\n<li><strong>Resultado Final Definitivo:<\/strong> 15\/02\/2023;<\/li>\n\n\n\n<li><strong>Matr&iacute;cula: <\/strong>16 e 17\/02\/2023; e<\/li>\n\n\n\n<li><strong>In&iacute;cio dos Programas:<\/strong> 01\/03\/2023.<\/li>\n<\/ul><h3 class=\"wp-block-heading\" id=\"h-vagas-ofertadas-2023\">Vagas Ofertadas 2023<\/h3><p class=\"wp-block-paragraph\">Para o processo seletivo de 2023, a <span id=\"urn:enhancement-5825b9b8-811b-4c29-90dc-ef70ae8d461e\" class=\"textannotation disambiguated wl-organization\" itemid=\"https:\/\/data.wordlift.io\/wl106637\/entity\/ufsc\">UFSC<\/span> ofereceu <strong>52 vagas<\/strong> distribu&iacute;das entre <strong>22 programas<\/strong> diferentes. Confira:<\/p><h4 class=\"wp-block-heading\" id=\"h-acesso-direto\">Acesso Direto<\/h4><figure class=\"wp-block-table\"><table><thead><tr><th>Especialidades<\/th><th class=\"has-text-align-center\" data-align=\"center\">Vagas<\/th><\/tr><\/thead><tbody><tr><td>Acupuntura<\/td><td class=\"has-text-align-center\" data-align=\"center\">2<\/td><\/tr><tr><td><span id=\"urn:enhancement-5f6176b8-84de-4a4b-b214-2fdd1507ce5f\" class=\"textannotation disambiguated wl-thing\" itemid=\"https:\/\/data.wordlift.io\/wl106637\/entity\/anestesiologia\">Anestesiologia<\/span><\/td><td class=\"has-text-align-center\" data-align=\"center\">2<\/td><\/tr><tr><td><span id=\"urn:enhancement-9e7e01cf-c475-46b0-893a-58e45cdb4665\" class=\"textannotation disambiguated wl-thing\" itemid=\"https:\/\/data.wordlift.io\/wl106637\/entity\/cirurgia-geral\">Cirurgia Geral<\/span><\/td><td class=\"has-text-align-center\" data-align=\"center\">4<\/td><\/tr><tr><td>Cl&iacute;nica M&eacute;dica<\/td><td class=\"has-text-align-center\" data-align=\"center\">8<\/td><\/tr><tr><td><span id=\"urn:enhancement-9c10d28e-569e-4aac-a959-0546c04182b8\" class=\"textannotation disambiguated wl-thing\" itemid=\"https:\/\/data.wordlift.io\/wl106637\/entity\/dermatologia\">Dermatologia<\/span><\/td><td class=\"has-text-align-center\" data-align=\"center\">2<\/td><\/tr><tr><td><span id=\"urn:enhancement-abffdd8a-e5ea-4bf8-a747-9b75174d0eaf\" class=\"textannotation disambiguated wl-thing\" itemid=\"https:\/\/data.wordlift.io\/wl106637\/entity\/ginecologia-e-obstetricia\">Ginecologia e Obstetr&iacute;cia<\/span><\/td><td class=\"has-text-align-center\" data-align=\"center\">4<\/td><\/tr><tr><td>Medicina Intensiva<\/td><td class=\"has-text-align-center\" data-align=\"center\">4<\/td><\/tr><tr><td>Neurologia<\/td><td class=\"has-text-align-center\" data-align=\"center\">2<\/td><\/tr><tr><td><span id=\"urn:enhancement-0d690a60-12a1-4209-8d05-95caff4faede\" class=\"textannotation disambiguated wl-thing\" itemid=\"https:\/\/data.wordlift.io\/wl106637\/entity\/patologia\">Patologia<\/span><\/td><td class=\"has-text-align-center\" data-align=\"center\">2<\/td><\/tr><tr><td><span id=\"urn:enhancement-dcddc8bf-2e60-4629-8eb3-c0c47ec58b0a\" class=\"textannotation disambiguated wl-thing\" itemid=\"https:\/\/data.wordlift.io\/wl106637\/entity\/pediatria\">Pediatria<\/span><\/td><td class=\"has-text-align-center\" data-align=\"center\">4<\/td><\/tr><tr><td><span id=\"urn:enhancement-dd5604aa-c2fd-4a0c-b92a-cc7b31f70b07\" class=\"textannotation disambiguated wl-thing\" itemid=\"https:\/\/data.wordlift.io\/wl106637\/entity\/radiologia-e-diagnostico-por-imagem\">Radiologia e Diagn&oacute;stico por Imagem<\/span><\/td><td class=\"has-text-align-center\" data-align=\"center\">3<\/td><\/tr><\/tbody><\/table><\/figure><h4 class=\"wp-block-heading\" id=\"h-pre-requisito\">Pr&eacute;-Requisito<\/h4><figure class=\"wp-block-table\"><table><thead><tr><th>Especialidades<\/th><th class=\"has-text-align-center\" data-align=\"center\">Vagas<\/th><\/tr><\/thead><tbody><tr><td><span id=\"urn:enhancement-ba92dbe2-7706-4adc-81a4-7f245a293417\" class=\"textannotation disambiguated wl-thing\" itemid=\"https:\/\/data.wordlift.io\/wl106637\/entity\/cirurgia-do-aparelho-digestivo\">Cirurgia do Aparelho Digestivo<\/span><\/td><td class=\"has-text-align-center\" data-align=\"center\">3<\/td><\/tr><tr><td>Cirurgia Pl&aacute;stica<\/td><td class=\"has-text-align-center\" data-align=\"center\">1<\/td><\/tr><tr><td><span id=\"urn:enhancement-57724318-aee4-44b0-9ce2-c93268dde256\" class=\"textannotation disambiguated wl-thing\" itemid=\"https:\/\/data.wordlift.io\/wl106637\/entity\/cirurgia-vascular\">Cirurgia Vascular<\/span><\/td><td class=\"has-text-align-center\" data-align=\"center\">1<\/td><\/tr><tr><td><span id=\"urn:enhancement-6f540cd4-2a18-4d04-a52d-109f2ba36eeb\" class=\"textannotation disambiguated wl-thing\" itemid=\"https:\/\/data.wordlift.io\/wl106637\/entity\/coloproctologia\">Coloproctologia<\/span><\/td><td class=\"has-text-align-center\" data-align=\"center\">1<\/td><\/tr><tr><td>Dor em Acupuntura &ndash; R3<\/td><td class=\"has-text-align-center\" data-align=\"center\">1<\/td><\/tr><tr><td><span id=\"urn:enhancement-2c65a881-0c22-4f50-b331-1ef5465be862\" class=\"textannotation disambiguated wl-creative-work\" itemid=\"https:\/\/data.wordlift.io\/wl106637\/entity\/endocrinologia\">Endocrinologia<\/span><\/td><td class=\"has-text-align-center\" data-align=\"center\">2<\/td><\/tr><tr><td><span id=\"urn:enhancement-0f2ded06-451d-45de-9199-1039c760eb04\" class=\"textannotation disambiguated wl-creative-work\" itemid=\"https:\/\/data.wordlift.io\/wl106637\/entity\/gastroenterologia\">Gastroenterologia<\/span><\/td><td class=\"has-text-align-center\" data-align=\"center\">2<\/td><\/tr><tr><td><span id=\"urn:enhancement-3d18c1c1-f1b0-4fe3-9ef2-b6d1575c47a1\" class=\"textannotation disambiguated wl-thing\" itemid=\"https:\/\/data.wordlift.io\/wl106637\/entity\/hematologia-e-hemoterapia-2\">Hematologia e Hemoterapia<\/span><\/td><td class=\"has-text-align-center\" data-align=\"center\">1<\/td><\/tr><tr><td>Hepatologia<\/td><td class=\"has-text-align-center\" data-align=\"center\">1<\/td><\/tr><tr><td><span id=\"urn:enhancement-2193245b-7efe-456f-a748-89e2db947379\" class=\"textannotation disambiguated wl-thing\" itemid=\"https:\/\/data.wordlift.io\/wl106637\/entity\/pneumologia\">Pneumologia<\/span><\/td><td class=\"has-text-align-center\" data-align=\"center\">1<\/td><\/tr><tr><td><span id=\"urn:enhancement-20c6a8d6-daaa-446b-a727-32348b4a0f72\" class=\"textannotation disambiguated wl-thing\" itemid=\"https:\/\/data.wordlift.io\/wl106637\/entity\/reumatologia\">Reumatologia<\/span><\/td><td class=\"has-text-align-center\" data-align=\"center\">1<\/td><\/tr><\/tbody><\/table><\/figure><h3 class=\"wp-block-heading\" id=\"h-fase-unica-prova-objetiva\">Fase &uacute;nica: Prova Objetiva<\/h3><p class=\"wp-block-paragraph\">A prova objetiva de m&uacute;ltipla escolha da <span id=\"urn:enhancement-96650400-c1b9-47bb-babb-8414d26c14de\" class=\"textannotation disambiguated wl-organization\" itemid=\"https:\/\/data.wordlift.io\/wl106637\/entity\/ufsc\">UFSC<\/span> 2023 corresponde a <strong>primeira e &uacute;nica fase do concurso<\/strong>. A avalia&ccedil;&atilde;o foi aplicada no dia <strong>5 de fevereiro de 2023<\/strong>, &agrave;s 9h, na cidade de Florian&oacute;polis\/SC.<\/p><div class=\"wp-block-buttons is-content-justification-center is-layout-flex wp-container-core-buttons-is-layout-fe48e5de wp-block-buttons-is-layout-flex\">\n<div class=\"wp-block-button\"><a class=\"wp-block-button__link wp-element-button\" href=\"https:\/\/med.estrategia.com\/portal\/wp-content\/uploads\/2023\/01\/722_Edital_07-2022_Data_Hora_Local_Revatual-cliente_63d2e61d82366-1.pdf\" target=\"_blank\">Confira o local de prova<\/a><\/div>\n<\/div><p class=\"wp-block-paragraph\">Confira abaixo como foi cada uma das provas aplicadas:<\/p><figure class=\"wp-block-table is-style-stripes\"><table class=\"has-background has-fixed-layout\" style=\"background-color:#82eec3\"><thead><tr><th>Programas<\/th><th class=\"has-text-align-center\" data-align=\"center\"><strong>Quantidade de Quest&otilde;es<\/strong><\/th><th><strong>Conte&uacute;do<\/strong><\/th><th class=\"has-text-align-center\" data-align=\"center\"><strong>Dura&ccedil;&atilde;o<\/strong><\/th><\/tr><\/thead><tbody><tr><td>Acesso Direto<\/td><td class=\"has-text-align-center\" data-align=\"center\">100<\/td><td>Cl&iacute;nica M&eacute;dica, <span id=\"urn:enhancement-b3ecfea0-d41e-433b-8a11-16627ce3a2d6\" class=\"textannotation disambiguated wl-thing\" itemid=\"https:\/\/data.wordlift.io\/wl106637\/entity\/cirurgia-geral\">Cirurgia Geral<\/span>, <span id=\"urn:enhancement-502b41b8-c94d-4b9a-9109-28d549c8ec18\" class=\"textannotation disambiguated wl-thing\" itemid=\"https:\/\/data.wordlift.io\/wl106637\/entity\/ginecologia-e-obstetricia\">Ginecologia e Obstetr&iacute;cia<\/span>, <span id=\"urn:enhancement-df8d2819-c34a-411a-a532-50f59067774e\" class=\"textannotation disambiguated wl-thing\" itemid=\"https:\/\/data.wordlift.io\/wl106637\/entity\/pediatria\">Pediatria<\/span> e Medicina Preventiva e Social<\/td><td class=\"has-text-align-center\" data-align=\"center\">4 horas<\/td><\/tr><tr><td>Pr&eacute;-Requisito<\/td><td class=\"has-text-align-center\" data-align=\"center\">40<\/td><td>Conte&uacute;do referente ao pr&eacute;-requisito exigido<\/td><td class=\"has-text-align-center\" data-align=\"center\">3 horas<\/td><\/tr><\/tbody><\/table><figcaption class=\"wp-element-caption\">Todas as quest&otilde;es ter&atilde;o 5 alternativas<\/figcaption><\/figure><div class=\"wp-block-buttons is-horizontal is-content-justification-center is-layout-flex wp-container-core-buttons-is-layout-7d812b4c wp-block-buttons-is-layout-flex\">\n<div class=\"wp-block-button\"><a class=\"wp-block-button__link wp-element-button\" href=\"https:\/\/med.estrategia.com\/portal\/wp-content\/uploads\/2023\/02\/0722.001_Acupuntura_NS_DM_Acesso_Direto_POS-PRELO.pdf\" target=\"_blank\">Prova &ndash; Acesso Direto<\/a><\/div>\n\n\n\n<div class=\"wp-block-button\"><a class=\"wp-block-button__link wp-element-button\" href=\"https:\/\/med.estrategia.com\/portal\/wp-content\/uploads\/2023\/02\/GabaritoPreliminar_AD.pdf\" target=\"_blank\">Gabarito Preliminar &ndash; Acesso Direto<\/a><\/div>\n\n\n\n<div class=\"wp-block-button\"><a class=\"wp-block-button__link wp-element-button\" href=\"https:\/\/med.estrategia.com\/portal\/wp-content\/uploads\/2023\/02\/Justificativa_Manutencao_Alteracao_Gabaritos_Preliminares_722_63eac0c22c0b3.pdf\" target=\"_blank\">An&aacute;lise dos Recursos<\/a><\/div>\n\n\n\n<div class=\"wp-block-button\"><a class=\"wp-block-button__link wp-element-button\" href=\"https:\/\/med.estrategia.com\/portal\/wp-content\/uploads\/2023\/02\/GabaritoDefinitivo_AD.pdf\" target=\"_blank\">Gabarito Definitivo &ndash; Acesso Direto<\/a><\/div>\n<\/div><h2 class=\"wp-block-heading\" id=\"h-resultado-final-e-desempate-ufsc-2023\"><span class=\"ez-toc-section\" id=\"Resultado-Final-e-Desempate-UFSC-2023\"><\/span>Resultado Final e Desempate UFSC 2023<span class=\"ez-toc-section-end\"><\/span><\/h2><p class=\"wp-block-paragraph\">A <strong>nota final <\/strong>do processo seletivo foi a <strong>pontua&ccedil;&atilde;o obtida na prova objetiva<\/strong> de m&uacute;ltipla escolha acrescida da bonifica&ccedil;&atilde;o. No dia 15 de fevereiro de 2023 foi divulgado o resultado final do processo seletivo da <span id=\"urn:enhancement-a89d6650-fcc0-40b6-aede-d132c111d5fb\" class=\"textannotation disambiguated wl-organization\" itemid=\"https:\/\/data.wordlift.io\/wl106637\/entity\/ufsc\">UFSC<\/span>, com a lista de classifica&ccedil;&atilde;o geral:<\/p><div class=\"wp-block-buttons is-content-justification-center is-layout-flex wp-container-core-buttons-is-layout-fe48e5de wp-block-buttons-is-layout-flex\">\n<div class=\"wp-block-button\"><a class=\"wp-block-button__link wp-element-button\" href=\"https:\/\/med.estrategia.com\/portal\/wp-content\/uploads\/2023\/02\/722_Edital_11-2022_EditalClassificaAAoFinaleOrientaAAesparamatricula_63ed2f68cf848.pdf\" target=\"_blank\"><strong>Resultado Final<\/strong><\/a><\/div>\n\n\n\n<div class=\"wp-block-button\"><a class=\"wp-block-button__link wp-element-button\" href=\"https:\/\/med.estrategia.com\/portal\/wp-content\/uploads\/2023\/06\/DEMAIS-CHAMADAS_UFSC.zip\" target=\"_blank\"><strong>Demais Chamadas<\/strong><\/a><\/div>\n<\/div><p class=\"wp-block-paragraph\">Nos casos de <strong>empate<\/strong>, foram considerados os seguintes crit&eacute;rios:<\/p><ol class=\"wp-block-list\">\n<li>Maior idade;&nbsp;e<\/li>\n\n\n\n<li>Sorteio.<\/li>\n<\/ol><h3 class=\"wp-block-heading\" id=\"h-matricula\">Matr&iacute;cula<\/h3><p class=\"wp-block-paragraph\">Os candidatos que foram classificados e convocados para realizar a matr&iacute;cula tiveram que&nbsp;efetu&aacute;-la entre os dias <strong>16 e 17 de fevereiro de 2023<\/strong>. <\/p><h2 class=\"wp-block-heading\" id=\"h-como-se-preparar-para-a-ufsc-2024\"><span class=\"ez-toc-section\" id=\"Como-se-preparar-para-a-UFSC-2024\"><\/span>Como se preparar para a UFSC 2024<span class=\"ez-toc-section-end\"><\/span><\/h2><p class=\"wp-block-paragraph\">O estudo por meio da resolu&ccedil;&atilde;o de quest&otilde;es &eacute; um dos mais eficazes. Esse m&eacute;todo faz com que o aluno se sinta seguro na hora da avalia&ccedil;&atilde;o, pois ele j&aacute; est&aacute; acostumado com o modelo de prova e tempo de resolu&ccedil;&atilde;o.<\/p><p class=\"wp-block-paragraph\">Ent&atilde;o, se voc&ecirc; est&aacute; estudando para algum <strong>concurso de <span id=\"urn:enhancement-18b4b04c-5a9c-4d29-a6fd-0525714c54b3\" class=\"textannotation disambiguated wl-thing\" itemid=\"https:\/\/data.wordlift.io\/wl106637\/entity\/residencia-medica\">Resid&ecirc;ncia M&eacute;dica<\/span><\/strong> e quer impulsionar ainda mais os seus estudos, conhe&ccedil;a o <a href=\"https:\/\/med.estrategiaeducacional.com.br\/\" target=\"_blank\"><strong>Banco de Quest&otilde;es da Estrat&eacute;gia MED<\/strong><\/a>! N&atilde;o perca essa oportunidade, venha estudar com o <span id=\"urn:enhancement-8b0edb5a-3f2c-42fd-aaab-909364168290\" class=\"textannotation disambiguated wl-organization\" itemid=\"https:\/\/data.wordlift.io\/wl106637\/entity\/estrategia_med\">Estrat&eacute;gia MED<\/span>!<\/p><p class=\"wp-block-paragraph\"><a id=\"cta\" class=\"cta-imagem\" href=\"https:\/\/med.estrategia.com\/curso\/banco-de-questes-resumos-estrategicos-anual\/\" target=\"blank\">\n                <img decoding=\"async\" width=\"100%\" src=\"https:\/\/med.estrategia.com\/portal\/wp-content\/uploads\/2025\/08\/banco_questoes.png\" alt=\"banco_questoes\" title=\"banco_questoes\">\n        <\/a>\n\n\n\n<\/p><h2 class=\"wp-block-heading\"><span class=\"ez-toc-section\" id=\"Veja-tambem\"><\/span>Veja tamb&eacute;m:<span class=\"ez-toc-section-end\"><\/span><\/h2><ul class=\"wp-block-list\">\n<li><a href=\"https:\/\/med.estrategia.com\/portal\/residencia-medica\/provas\/ufsc-provas-e-editais\/\">Prova de Resid&ecirc;ncia M&eacute;dica UFSC<\/a><\/li>\n\n\n\n<li><a href=\"https:\/\/med.estrategia.com\/portal\/residencia-medica\/amp-residencia-medica\/\">Resid&ecirc;ncia M&eacute;dica AMP<\/a><\/li>\n\n\n\n<li><a href=\"https:\/\/med.estrategia.com\/portal\/residencia-medica\/uel-residencia-medica\/\">Resid&ecirc;ncia M&eacute;dica UEL<\/a><\/li>\n\n\n\n<li><a href=\"https:\/\/med.estrategia.com\/portal\/residencia-medica\/ufpr-residencia-medica\/\">Resid&ecirc;ncia M&eacute;dica UFPR<\/a><\/li>\n\n\n\n<li><a href=\"https:\/\/med.estrategia.com\/portal\/residencia-medica\/amrigs-rs-residencia-medica\/\">Resid&ecirc;ncia M&eacute;dica AMRIGS<\/a><\/li>\n\n\n\n<li><a href=\"https:\/\/med.estrategia.com\/portal\/residencia-medica\/ufcspa\/\">Resid&ecirc;ncia M&eacute;dica UFCSPA<\/a><\/li>\n\n\n\n<li><a href=\"https:\/\/med.estrategia.com\/portal\/residencia-medica\/ufcspa\/\">Resid&ecirc;ncia M&eacute;dica HCPA<\/a><\/li>\n\n\n\n<li><a href=\"https:\/\/med.estrategia.com\/portal\/residencia-medica\/especialidades\/10-residencias-medicas-com-mais-vagas-por-especialidade\/\">10 Resid&ecirc;ncias M&eacute;dicas com mais vagas por especialidade<\/a><\/li>\n\n\n\n<li><a href=\"https:\/\/med.estrategia.com\/portal\/residencia-medica\/residencias-medicas-mais-concorridos\/\">10 Resid&ecirc;ncias M&eacute;dicas mais concorridas<\/a><\/li>\n\n\n\n<li><a href=\"https:\/\/med.estrategia.com\/portal\/residencia-medica\/usp-sp-residencia-medica\/\">Resid&ecirc;ncia M&eacute;dica USP SP<\/a><\/li>\n\n\n\n<li><a href=\"https:\/\/med.estrategia.com\/portal\/residencia-medica\/enare-vagas-cronograma-provas-edital\/\">Resid&ecirc;ncia M&eacute;dica ENARE<\/a><\/li>\n<\/ul><\/p>\n","protected":false},"excerpt":{"rendered":"Tudo sobre a edi\u00e7\u00e3o 2022\/2023\n","protected":false},"author":39,"featured_media":41435,"comment_status":"open","ping_status":"open","sticky":false,"template":"","format":"standard","meta":{"footnotes":""},"categories":[24],"tags":[],"class_list":["post-46267","post","type-post","status-publish","format-standard","has-post-thumbnail","category-residencia-medica"],"acf":[],"yoast_head":"<!-- This site is optimized with the Yoast SEO Premium plugin v26.6 (Yoast SEO v26.6) - https:\/\/yoast.com\/wordpress\/plugins\/seo\/ -->\n<title>Resid\u00eancia M\u00e9dica UFSC: inscri\u00e7\u00f5es, edital 2023, vagas e mais!<\/title>\n<meta name=\"description\" content=\"Quer ficar por dentro de todos os detalhes do processo seletivo para Resid\u00eancia M\u00e9dica da UFSC 2023? Confira esse artigo do Estrat\u00e9gia MED!\" \/>\n<meta name=\"robots\" content=\"index, follow, max-snippet:-1, max-image-preview:large, max-video-preview:-1\" \/>\n<link rel=\"canonical\" href=\"https:\/\/med.estrategia.com\/portal\/residencia-medica\/residencia-medica-ufsc-inscricoes-edital-2023-vagas-e-mais\/\" \/>\n<meta property=\"og:locale\" content=\"pt_BR\" \/>\n<meta property=\"og:type\" content=\"article\" \/>\n<meta property=\"og:title\" content=\"Resid\u00eancia M\u00e9dica UFSC: inscri\u00e7\u00f5es, edital 2023, vagas e mais!\" \/>\n<meta property=\"og:description\" content=\"Quer ficar por dentro de todos os detalhes do processo seletivo para Resid\u00eancia M\u00e9dica da UFSC 2023? Confira esse artigo do Estrat\u00e9gia MED!\" \/>\n<meta property=\"og:url\" content=\"https:\/\/med.estrategia.com\/portal\/residencia-medica\/residencia-medica-ufsc-inscricoes-edital-2023-vagas-e-mais\/\" \/>\n<meta property=\"og:site_name\" content=\"Estrat\u00e9gia MED\" \/>\n<meta property=\"article:publisher\" content=\"https:\/\/www.facebook.com\/estrategiamed1\" \/>\n<meta property=\"article:published_time\" content=\"2022-12-26T11:25:00+00:00\" \/>\n<meta property=\"article:modified_time\" content=\"2023-09-05T18:40:43+00:00\" \/>\n<meta property=\"og:image\" content=\"https:\/\/cdn.medblog.estrategiaeducacional.com.br\/wp-content\/uploads\/2023\/06\/residencia-medica-ufsc.jpg\" \/>\n\t<meta property=\"og:image:width\" content=\"1200\" \/>\n\t<meta property=\"og:image:height\" content=\"800\" \/>\n\t<meta property=\"og:image:type\" content=\"image\/jpeg\" \/>\n<meta name=\"author\" content=\"Ana Carolina Damasceno\" \/>\n<meta name=\"twitter:card\" content=\"summary_large_image\" \/>\n<meta name=\"twitter:creator\" content=\"@estrategiamed_\" \/>\n<meta name=\"twitter:site\" content=\"@estrategiamed_\" \/>\n<meta name=\"twitter:label1\" content=\"Escrito por\" \/>\n\t<meta name=\"twitter:data1\" content=\"Ana Carolina Damasceno\" \/>\n\t<meta name=\"twitter:label2\" content=\"Est. tempo de leitura\" \/>\n\t<meta name=\"twitter:data2\" content=\"7 minutos\" \/>\n<script type=\"application\/ld+json\" class=\"yoast-schema-graph\">{\"@context\":\"https:\/\/schema.org\",\"@graph\":[{\"@type\":\"WebPage\",\"@id\":\"https:\/\/med.estrategia.com\/portal\/residencia-medica\/residencia-medica-ufsc-inscricoes-edital-2023-vagas-e-mais\/\",\"url\":\"https:\/\/med.estrategia.com\/portal\/residencia-medica\/residencia-medica-ufsc-inscricoes-edital-2023-vagas-e-mais\/\",\"name\":\"Resid\u00eancia M\u00e9dica UFSC: inscri\u00e7\u00f5es, edital 2023, vagas e mais!\",\"isPartOf\":{\"@id\":\"https:\/\/med.estrategia.com\/portal\/#website\"},\"primaryImageOfPage\":{\"@id\":\"https:\/\/med.estrategia.com\/portal\/residencia-medica\/residencia-medica-ufsc-inscricoes-edital-2023-vagas-e-mais\/#primaryimage\"},\"image\":{\"@id\":\"https:\/\/med.estrategia.com\/portal\/residencia-medica\/residencia-medica-ufsc-inscricoes-edital-2023-vagas-e-mais\/#primaryimage\"},\"thumbnailUrl\":\"https:\/\/med.estrategia.com\/portal\/wp-content\/uploads\/2023\/06\/residencia-medica-ufsc.jpg\",\"datePublished\":\"2022-12-26T11:25:00+00:00\",\"dateModified\":\"2023-09-05T18:40:43+00:00\",\"author\":{\"@id\":\"https:\/\/med.estrategia.com\/portal\/#\/schema\/person\/2f553adbb8e25fe39d145c5b2927f58c\"},\"description\":\"Quer ficar por dentro de todos os detalhes do processo seletivo para Resid\u00eancia M\u00e9dica da UFSC 2023? Confira esse artigo do Estrat\u00e9gia MED!\",\"breadcrumb\":{\"@id\":\"https:\/\/med.estrategia.com\/portal\/residencia-medica\/residencia-medica-ufsc-inscricoes-edital-2023-vagas-e-mais\/#breadcrumb\"},\"inLanguage\":\"pt-BR\",\"potentialAction\":[{\"@type\":\"ReadAction\",\"target\":[\"https:\/\/med.estrategia.com\/portal\/residencia-medica\/residencia-medica-ufsc-inscricoes-edital-2023-vagas-e-mais\/\"]}]},{\"@type\":\"ImageObject\",\"inLanguage\":\"pt-BR\",\"@id\":\"https:\/\/med.estrategia.com\/portal\/residencia-medica\/residencia-medica-ufsc-inscricoes-edital-2023-vagas-e-mais\/#primaryimage\",\"url\":\"https:\/\/med.estrategia.com\/portal\/wp-content\/uploads\/2023\/06\/residencia-medica-ufsc.jpg\",\"contentUrl\":\"https:\/\/med.estrategia.com\/portal\/wp-content\/uploads\/2023\/06\/residencia-medica-ufsc.jpg\",\"width\":1200,\"height\":800},{\"@type\":\"BreadcrumbList\",\"@id\":\"https:\/\/med.estrategia.com\/portal\/residencia-medica\/residencia-medica-ufsc-inscricoes-edital-2023-vagas-e-mais\/#breadcrumb\",\"itemListElement\":[{\"@type\":\"ListItem\",\"position\":1,\"name\":\"Home\",\"item\":\"https:\/\/med.estrategia.com\/portal\/\"},{\"@type\":\"ListItem\",\"position\":2,\"name\":\"Resid\u00eancia M\u00e9dica\",\"item\":\"https:\/\/med.estrategia.com\/portal\/residencia-medica\/\"},{\"@type\":\"ListItem\",\"position\":3,\"name\":\"Resid\u00eancia M\u00e9dica UFSC: inscri\u00e7\u00f5es, edital 2023, vagas e mais!\"}]},{\"@type\":\"WebSite\",\"@id\":\"https:\/\/med.estrategia.com\/portal\/#website\",\"url\":\"https:\/\/med.estrategia.com\/portal\/\",\"name\":\"Estrat\u00e9gia MED\",\"description\":\"\",\"potentialAction\":[{\"@type\":\"SearchAction\",\"target\":{\"@type\":\"EntryPoint\",\"urlTemplate\":\"https:\/\/med.estrategia.com\/portal\/?s={search_term_string}\"},\"query-input\":{\"@type\":\"PropertyValueSpecification\",\"valueRequired\":true,\"valueName\":\"search_term_string\"}}],\"inLanguage\":\"pt-BR\"},{\"@type\":\"Person\",\"@id\":\"https:\/\/med.estrategia.com\/portal\/#\/schema\/person\/2f553adbb8e25fe39d145c5b2927f58c\",\"name\":\"Ana Carolina Damasceno\",\"image\":{\"@type\":\"ImageObject\",\"inLanguage\":\"pt-BR\",\"@id\":\"https:\/\/med.estrategia.com\/portal\/#\/schema\/person\/image\/\",\"url\":\"https:\/\/med.estrategia.com\/portal\/wp-content\/uploads\/2026\/07\/Sem-titulo-150x150.png\",\"contentUrl\":\"https:\/\/med.estrategia.com\/portal\/wp-content\/uploads\/2026\/07\/Sem-titulo-150x150.png\",\"caption\":\"Ana Carolina Damasceno\"},\"description\":\"Coordenadora de Jornalismo EMED. Comunicadora por natureza e forma\u00e7\u00e3o, que ama e perde a no\u00e7\u00e3o do tempo com m\u00fasica e s\u00e9rie.\",\"url\":\"https:\/\/med.estrategia.com\/portal\/author\/ana-carolina-damasceno\/\"}]}<\/script>\n<!-- \/ Yoast SEO Premium plugin. -->","yoast_head_json":{"title":"Resid\u00eancia M\u00e9dica UFSC: inscri\u00e7\u00f5es, edital 2023, vagas e mais!","description":"Quer ficar por dentro de todos os detalhes do processo seletivo para Resid\u00eancia M\u00e9dica da UFSC 2023? Confira esse artigo do Estrat\u00e9gia MED!","robots":{"index":"index","follow":"follow","max-snippet":"max-snippet:-1","max-image-preview":"max-image-preview:large","max-video-preview":"max-video-preview:-1"},"canonical":"https:\/\/med.estrategia.com\/portal\/residencia-medica\/residencia-medica-ufsc-inscricoes-edital-2023-vagas-e-mais\/","og_locale":"pt_BR","og_type":"article","og_title":"Resid\u00eancia M\u00e9dica UFSC: inscri\u00e7\u00f5es, edital 2023, vagas e mais!","og_description":"Quer ficar por dentro de todos os detalhes do processo seletivo para Resid\u00eancia M\u00e9dica da UFSC 2023? Confira esse artigo do Estrat\u00e9gia MED!","og_url":"https:\/\/med.estrategia.com\/portal\/residencia-medica\/residencia-medica-ufsc-inscricoes-edital-2023-vagas-e-mais\/","og_site_name":"Estrat\u00e9gia MED","article_publisher":"https:\/\/www.facebook.com\/estrategiamed1","article_published_time":"2022-12-26T11:25:00+00:00","article_modified_time":"2023-09-05T18:40:43+00:00","og_image":[{"width":1200,"height":800,"url":"https:\/\/cdn.medblog.estrategiaeducacional.com.br\/wp-content\/uploads\/2023\/06\/residencia-medica-ufsc.jpg","type":"image\/jpeg"}],"author":"Ana Carolina Damasceno","twitter_card":"summary_large_image","twitter_creator":"@estrategiamed_","twitter_site":"@estrategiamed_","twitter_misc":{"Escrito por":"Ana Carolina Damasceno","Est. tempo de leitura":"7 minutos"},"schema":{"@context":"https:\/\/schema.org","@graph":[{"@type":"WebPage","@id":"https:\/\/med.estrategia.com\/portal\/residencia-medica\/residencia-medica-ufsc-inscricoes-edital-2023-vagas-e-mais\/","url":"https:\/\/med.estrategia.com\/portal\/residencia-medica\/residencia-medica-ufsc-inscricoes-edital-2023-vagas-e-mais\/","name":"Resid\u00eancia M\u00e9dica UFSC: inscri\u00e7\u00f5es, edital 2023, vagas e mais!","isPartOf":{"@id":"https:\/\/med.estrategia.com\/portal\/#website"},"primaryImageOfPage":{"@id":"https:\/\/med.estrategia.com\/portal\/residencia-medica\/residencia-medica-ufsc-inscricoes-edital-2023-vagas-e-mais\/#primaryimage"},"image":{"@id":"https:\/\/med.estrategia.com\/portal\/residencia-medica\/residencia-medica-ufsc-inscricoes-edital-2023-vagas-e-mais\/#primaryimage"},"thumbnailUrl":"https:\/\/med.estrategia.com\/portal\/wp-content\/uploads\/2023\/06\/residencia-medica-ufsc.jpg","datePublished":"2022-12-26T11:25:00+00:00","dateModified":"2023-09-05T18:40:43+00:00","author":{"@id":"https:\/\/med.estrategia.com\/portal\/#\/schema\/person\/2f553adbb8e25fe39d145c5b2927f58c"},"description":"Quer ficar por dentro de todos os detalhes do processo seletivo para Resid\u00eancia M\u00e9dica da UFSC 2023? Confira esse artigo do Estrat\u00e9gia MED!","breadcrumb":{"@id":"https:\/\/med.estrategia.com\/portal\/residencia-medica\/residencia-medica-ufsc-inscricoes-edital-2023-vagas-e-mais\/#breadcrumb"},"inLanguage":"pt-BR","potentialAction":[{"@type":"ReadAction","target":["https:\/\/med.estrategia.com\/portal\/residencia-medica\/residencia-medica-ufsc-inscricoes-edital-2023-vagas-e-mais\/"]}]},{"@type":"ImageObject","inLanguage":"pt-BR","@id":"https:\/\/med.estrategia.com\/portal\/residencia-medica\/residencia-medica-ufsc-inscricoes-edital-2023-vagas-e-mais\/#primaryimage","url":"https:\/\/med.estrategia.com\/portal\/wp-content\/uploads\/2023\/06\/residencia-medica-ufsc.jpg","contentUrl":"https:\/\/med.estrategia.com\/portal\/wp-content\/uploads\/2023\/06\/residencia-medica-ufsc.jpg","width":1200,"height":800},{"@type":"BreadcrumbList","@id":"https:\/\/med.estrategia.com\/portal\/residencia-medica\/residencia-medica-ufsc-inscricoes-edital-2023-vagas-e-mais\/#breadcrumb","itemListElement":[{"@type":"ListItem","position":1,"name":"Home","item":"https:\/\/med.estrategia.com\/portal\/"},{"@type":"ListItem","position":2,"name":"Resid\u00eancia M\u00e9dica","item":"https:\/\/med.estrategia.com\/portal\/residencia-medica\/"},{"@type":"ListItem","position":3,"name":"Resid\u00eancia M\u00e9dica UFSC: inscri\u00e7\u00f5es, edital 2023, vagas e mais!"}]},{"@type":"WebSite","@id":"https:\/\/med.estrategia.com\/portal\/#website","url":"https:\/\/med.estrategia.com\/portal\/","name":"Estrat\u00e9gia MED","description":"","potentialAction":[{"@type":"SearchAction","target":{"@type":"EntryPoint","urlTemplate":"https:\/\/med.estrategia.com\/portal\/?s={search_term_string}"},"query-input":{"@type":"PropertyValueSpecification","valueRequired":true,"valueName":"search_term_string"}}],"inLanguage":"pt-BR"},{"@type":"Person","@id":"https:\/\/med.estrategia.com\/portal\/#\/schema\/person\/2f553adbb8e25fe39d145c5b2927f58c","name":"Ana Carolina Damasceno","image":{"@type":"ImageObject","inLanguage":"pt-BR","@id":"https:\/\/med.estrategia.com\/portal\/#\/schema\/person\/image\/","url":"https:\/\/med.estrategia.com\/portal\/wp-content\/uploads\/2026\/07\/Sem-titulo-150x150.png","contentUrl":"https:\/\/med.estrategia.com\/portal\/wp-content\/uploads\/2026\/07\/Sem-titulo-150x150.png","caption":"Ana Carolina Damasceno"},"description":"Coordenadora de Jornalismo EMED. Comunicadora por natureza e forma\u00e7\u00e3o, que ama e perde a no\u00e7\u00e3o do tempo com m\u00fasica e s\u00e9rie.","url":"https:\/\/med.estrategia.com\/portal\/author\/ana-carolina-damasceno\/"}]}},"_links":{"self":[{"href":"https:\/\/med.estrategia.com\/portal\/wp-json\/wp\/v2\/posts\/46267","targetHints":{"allow":["GET"]}}],"collection":[{"href":"https:\/\/med.estrategia.com\/portal\/wp-json\/wp\/v2\/posts"}],"about":[{"href":"https:\/\/med.estrategia.com\/portal\/wp-json\/wp\/v2\/types\/post"}],"author":[{"embeddable":true,"href":"https:\/\/med.estrategia.com\/portal\/wp-json\/wp\/v2\/users\/39"}],"replies":[{"embeddable":true,"href":"https:\/\/med.estrategia.com\/portal\/wp-json\/wp\/v2\/comments?post=46267"}],"version-history":[{"count":2,"href":"https:\/\/med.estrategia.com\/portal\/wp-json\/wp\/v2\/posts\/46267\/revisions"}],"predecessor-version":[{"id":46323,"href":"https:\/\/med.estrategia.com\/portal\/wp-json\/wp\/v2\/posts\/46267\/revisions\/46323"}],"wp:featuredmedia":[{"embeddable":true,"href":"https:\/\/med.estrategia.com\/portal\/wp-json\/wp\/v2\/media\/41435"}],"wp:attachment":[{"href":"https:\/\/med.estrategia.com\/portal\/wp-json\/wp\/v2\/media?parent=46267"}],"wp:term":[{"taxonomy":"category","embeddable":true,"href":"https:\/\/med.estrategia.com\/portal\/wp-json\/wp\/v2\/categories?post=46267"},{"taxonomy":"post_tag","embeddable":true,"href":"https:\/\/med.estrategia.com\/portal\/wp-json\/wp\/v2\/tags?post=46267"}],"curies":[{"name":"wp","href":"https:\/\/api.w.org\/{rel}","templated":true}]}}