{"id":46293,"date":"2023-09-05T14:49:22","date_gmt":"2023-09-05T17:49:22","guid":{"rendered":"https:\/\/med.estrategia.com\/portal\/?p=46293"},"modified":"2023-09-05T14:52:12","modified_gmt":"2023-09-05T17:52:12","slug":"inep-adia-resultado-preliminar-da-1a-etapa-do-revalida-2023-2","status":"publish","type":"post","link":"https:\/\/med.estrategia.com\/portal\/noticias\/inep-adia-resultado-preliminar-da-1a-etapa-do-revalida-2023-2\/","title":{"rendered":"INEP adia resultado preliminar da 1\u00aa etapa do Revalida 2023\/2"},"content":{"rendered":"<p>Divulgada hoje, dia 5 de setembro, no Di&aacute;rio Oficial da Uni&atilde;o (DOU), a <strong>retifica&ccedil;&atilde;o ao edital da 1&ordf; etapa do Revalida 2023\/2<\/strong> adia a data de divulga&ccedil;&atilde;o do <strong>Gabarito Definitivo, do Resultado Definitivo da Prova Objetiva e do Resultado Preliminar da Prova Dissertativa<\/strong>, bem como o per&iacute;odo de<strong> interposi&ccedil;&atilde;o de recursos<\/strong> ao resultado preliminar. Antes, os resultados seriam divulgados na pr&oacute;xima sexta-feira, dia <strong>8 de setembro de 2023<\/strong>. Confira como ficou o cronograma da edi&ccedil;&atilde;o:<ul class=\"wp-block-list\">\n<li><strong>Gabarito preliminar da prova objetiva objetiva (P1) e do padr&atilde;o de resposta da prova escrita discursiva (P2):&nbsp;<\/strong>09\/08\/2023;<\/li>\n\n\n\n<li><strong>Recurso ao gabarito preliminar:&nbsp;<\/strong>09 a 14\/08\/2023;<\/li>\n\n\n\n<li><mark style=\"background-color:#7bdcb5\" class=\"has-inline-color\"><strong>Resultados do recurso e gabarito definitivo:&nbsp;<\/strong>13\/09\/2023;<\/mark><\/li>\n\n\n\n<li><mark style=\"background-color:#7bdcb5\" class=\"has-inline-color has-black-color\"><strong>Resultado Definitivo Prova Objetiva (P1):<\/strong>&nbsp;13\/09\/2023;<\/mark><\/li>\n\n\n\n<li><mark style=\"background-color:#7bdcb5\" class=\"has-inline-color has-black-color\"><strong>Resultado preliminar Prova Escrita Discursiva (P2):<\/strong>&nbsp;13\/09\/2023;&nbsp;&nbsp;<\/mark><\/li>\n\n\n\n<li><mark style=\"background-color:#7bdcb5\" class=\"has-inline-color\"><strong>Recurso contra Resultado preliminar (P2):<\/strong>&nbsp; 13 a 18\/09\/2023; e<\/mark><\/li>\n\n\n\n<li><strong>Divulga&ccedil;&atilde;o dos resultados finais da 1&ordf; Etapa:&nbsp;<\/strong>02\/10\/2023.<\/li>\n<\/ul><p>Confira o documento oficial completo:<\/p><div class=\"wp-block-buttons is-content-justification-center is-layout-flex wp-container-core-buttons-is-layout-1 wp-block-buttons-is-layout-flex\">\n<div class=\"wp-block-button\"><a class=\"wp-block-button__link wp-element-button\" href=\"https:\/\/med.estrategia.com\/portal\/wp-content\/uploads\/2023\/09\/retificacao-revalida-inep-2023-2.pdf\" target=\"_blank\">Retifica&ccedil;&atilde;o Revalida INEP 2023\/2<\/a><\/div>\n<\/div><div id=\"ez-toc-container\" class=\"ez-toc-v2_0_79_2 counter-hierarchy ez-toc-counter ez-toc-transparent ez-toc-container-direction\">\n<div class=\"ez-toc-title-container\"><p class=\"ez-toc-title\" style=\"cursor:inherit\">Navegue pelo conte\u00fado<\/p>\n<\/div><nav><ul class='ez-toc-list ez-toc-list-level-1 ' ><li class='ez-toc-page-1 ez-toc-heading-level-2'><a class=\"ez-toc-link ez-toc-heading-1\" href=\"https:\/\/med.estrategia.com\/portal\/noticias\/inep-adia-resultado-preliminar-da-1a-etapa-do-revalida-2023-2\/#A-1a-Etapa\" >A 1&ordf; Etapa<\/a><\/li><li class='ez-toc-page-1 ez-toc-heading-level-2'><a class=\"ez-toc-link ez-toc-heading-2\" href=\"https:\/\/med.estrategia.com\/portal\/noticias\/inep-adia-resultado-preliminar-da-1a-etapa-do-revalida-2023-2\/#Revalida-INEP\" >Revalida INEP<\/a><\/li><\/ul><\/nav><\/div>\n<h2 class=\"wp-block-heading\" id=\"h-a-1&ordf;-etapa\"><span class=\"ez-toc-section\" id=\"A-1a-Etapa\"><\/span>A 1&ordf; Etapa<span class=\"ez-toc-section-end\"><\/span><\/h2><p>As&nbsp;<strong>provas da 1&ordf; etapa<\/strong>&nbsp;do Revalida INEP 2023\/2 foram aplicadas no mesmo dia,&nbsp;<strong>6 de agosto de 202<\/strong>3. A 1&ordf; etapa do processo &eacute; dividida entre a&nbsp;<strong>prova objetiva (P1)<\/strong>, composta por 100 quest&otilde;es de m&uacute;ltipla escolha, e a<strong>&nbsp;prova discursiva (P2)<\/strong>, composta por 5 quest&otilde;es discursivas.&nbsp;<\/p><p>Apesar de previstas para o mesmo dia,<strong>&nbsp;6 de agosto de 2023, as provas foram aplicadas em dois per&iacute;odos e com dura&ccedil;&otilde;es diferentes<\/strong>. A prova objetiva (P1) foi realizada durante um per&iacute;odo de 5h, das 8h &agrave;s 13h, e a discursiva (P2) em um per&iacute;odo de 4h, das 15h30 &agrave;s 19h30.<br><br><strong>Para garantir a aprova&ccedil;&atilde;o e seguir para a 2&ordf; etapa<\/strong>, composta pela prova pr&aacute;tica e prevista para os dias <strong>2 e 3 de dezembro <\/strong>deste ano,&nbsp;<strong>os participantes dever&atilde;o atingir a nota de corte estabelecida pelo INEP<\/strong>: <strong>101,173<\/strong> de 150 pontos, o equivalente a cerca de 67% da prova.<\/p><h2 class=\"wp-block-heading\" id=\"h-revalida-inep\"><span class=\"ez-toc-section\" id=\"Revalida-INEP\"><\/span>Revalida INEP<span class=\"ez-toc-section-end\"><\/span><\/h2><p>O <strong>Exame Nacional de Revalida&ccedil;&atilde;o de Diplomas M&eacute;dicos Expedidos por Institui&ccedil;&otilde;es de Educa&ccedil;&atilde;o Superior Estrangeiras <\/strong>(<a href=\"https:\/\/med.estrategia.com\/portal\/residencia-medica\/programa-de-residencia-medica\/o-que-e-revalida\/\" target=\"_blank\">Revalida<\/a>) existe desde 2011 e &eacute; uma prova gerenciada pelo Inep. O &oacute;rg&atilde;o regulariza e valida o diploma de gradua&ccedil;&atilde;o em medicina adquirido pelos estudantes que realizaram o curso fora do pa&iacute;s.<\/p><p>A prova existe para verificar se o m&eacute;dico formado fora tem qualifica&ccedil;&otilde;es equivalentes aos formados em solo brasileiro, para assim, assumir a profiss&atilde;o e cumpri-la devidamente, de acordo com a legisla&ccedil;&atilde;o. Todos, estrangeiros e brasileiros, podem realizar o exame, contanto que estejam em situa&ccedil;&atilde;o regular no Brasil e com a documenta&ccedil;&atilde;o em dia.<\/p><p class=\"wp-block-preformatted\">Saiba mais: <a href=\"https:\/\/med.estrategia.com\/portal\/revalida\/revalida-inep\/\" target=\"_blank\">Revalida INEP: entenda o exame de revalida&ccedil;&atilde;o de diplomas em Medicina no Brasil<\/a><\/p><p>Para ficar por dentro dos seletivos de Revalida&ccedil;&atilde;o de Diplomas de Medicina, Resid&ecirc;ncia M&eacute;dica e conte&uacute;dos t&eacute;cnicos, continue acessando o&nbsp;<a href=\"https:\/\/med.estrategia.com\/portal\/\" target=\"_blank\">Portal do Estrat&eacute;gia MED<\/a>!&nbsp;<\/p><p>\n\n\n\n\n\n\n<\/p><\/p>\n","protected":false},"excerpt":{"rendered":"O gabarito definitivo e o resultado preliminar do exame ser\u00e3o divulgados somente no dia 13 de setembro de 2023\n","protected":false},"author":22,"featured_media":21008,"comment_status":"closed","ping_status":"closed","sticky":false,"template":"","format":"standard","meta":{"wl_entities_gutenberg":"","footnotes":""},"categories":[300],"tags":[],"wl_entity_type":[199],"class_list":{"0":"post-46293","1":"post","2":"type-post","3":"status-publish","4":"format-standard","5":"has-post-thumbnail","7":"category-noticias","8":"wl_entity_type-article"},"acf":[],"yoast_head":"<!-- This site is optimized with the Yoast SEO Premium plugin v26.6 (Yoast SEO v26.6) - https:\/\/yoast.com\/wordpress\/plugins\/seo\/ -->\n<title>INEP adia resultado preliminar da 1\u00aa etapa do Revalida 2023\/2<\/title>\n<meta name=\"description\" content=\"O INEP adiou o resultado preliminar da 1\u00aa etapa do Revalida 2023\/2. Confira o cronograma atualizado para a edi\u00e7\u00e3o!\" \/>\n<meta name=\"robots\" content=\"index, follow, max-snippet:-1, max-image-preview:large, max-video-preview:-1\" \/>\n<link rel=\"canonical\" href=\"https:\/\/med.estrategia.com\/portal\/noticias\/inep-adia-resultado-preliminar-da-1a-etapa-do-revalida-2023-2\/\" \/>\n<meta property=\"og:locale\" content=\"pt_BR\" \/>\n<meta property=\"og:type\" content=\"article\" \/>\n<meta property=\"og:title\" content=\"INEP adia resultado preliminar da 1\u00aa etapa do Revalida 2023\/2\" \/>\n<meta property=\"og:description\" content=\"O INEP adiou o resultado preliminar da 1\u00aa etapa do Revalida 2023\/2. Confira o cronograma atualizado para a edi\u00e7\u00e3o!\" \/>\n<meta property=\"og:url\" content=\"https:\/\/med.estrategia.com\/portal\/noticias\/inep-adia-resultado-preliminar-da-1a-etapa-do-revalida-2023-2\/\" \/>\n<meta property=\"og:site_name\" content=\"Estrat\u00e9gia MED\" \/>\n<meta property=\"article:publisher\" content=\"https:\/\/www.facebook.com\/estrategiamed1\" \/>\n<meta property=\"article:published_time\" content=\"2023-09-05T17:49:22+00:00\" \/>\n<meta property=\"article:modified_time\" content=\"2023-09-05T17:52:12+00:00\" \/>\n<meta property=\"og:image\" content=\"https:\/\/cdn.medblog.estrategiaeducacional.com.br\/wp-content\/uploads\/2022\/06\/coverWP_publica_bgfoto_logo.jpg\" \/>\n\t<meta property=\"og:image:width\" content=\"1200\" \/>\n\t<meta property=\"og:image:height\" content=\"800\" \/>\n\t<meta property=\"og:image:type\" content=\"image\/jpeg\" \/>\n<meta name=\"author\" content=\"Erika Coelho\" \/>\n<meta name=\"twitter:card\" content=\"summary_large_image\" \/>\n<meta name=\"twitter:creator\" content=\"@estrategiamed_\" \/>\n<meta name=\"twitter:site\" content=\"@estrategiamed_\" \/>\n<meta name=\"twitter:label1\" content=\"Escrito por\" \/>\n\t<meta name=\"twitter:data1\" content=\"Erika Coelho\" \/>\n\t<meta name=\"twitter:label2\" content=\"Est. tempo de leitura\" \/>\n\t<meta name=\"twitter:data2\" content=\"2 minutos\" \/>\n<script type=\"application\/ld+json\" class=\"yoast-schema-graph\">{\"@context\":\"https:\/\/schema.org\",\"@graph\":[{\"@type\":\"WebPage\",\"@id\":\"https:\/\/med.estrategia.com\/portal\/noticias\/inep-adia-resultado-preliminar-da-1a-etapa-do-revalida-2023-2\/\",\"url\":\"https:\/\/med.estrategia.com\/portal\/noticias\/inep-adia-resultado-preliminar-da-1a-etapa-do-revalida-2023-2\/\",\"name\":\"INEP adia resultado preliminar da 1\u00aa etapa do Revalida 2023\/2\",\"isPartOf\":{\"@id\":\"https:\/\/med.estrategia.com\/portal\/#website\"},\"primaryImageOfPage\":{\"@id\":\"https:\/\/med.estrategia.com\/portal\/noticias\/inep-adia-resultado-preliminar-da-1a-etapa-do-revalida-2023-2\/#primaryimage\"},\"image\":{\"@id\":\"https:\/\/med.estrategia.com\/portal\/noticias\/inep-adia-resultado-preliminar-da-1a-etapa-do-revalida-2023-2\/#primaryimage\"},\"thumbnailUrl\":\"https:\/\/med.estrategia.com\/portal\/wp-content\/uploads\/2022\/06\/coverWP_publica_bgfoto_logo.jpg\",\"datePublished\":\"2023-09-05T17:49:22+00:00\",\"dateModified\":\"2023-09-05T17:52:12+00:00\",\"author\":{\"@id\":\"https:\/\/med.estrategia.com\/portal\/#\/schema\/person\/8e7c9b2f53f2eede3b8880ad86ff20a3\"},\"description\":\"O INEP adiou o resultado preliminar da 1\u00aa etapa do Revalida 2023\/2. Confira o cronograma atualizado para a edi\u00e7\u00e3o!\",\"breadcrumb\":{\"@id\":\"https:\/\/med.estrategia.com\/portal\/noticias\/inep-adia-resultado-preliminar-da-1a-etapa-do-revalida-2023-2\/#breadcrumb\"},\"inLanguage\":\"pt-BR\",\"potentialAction\":[{\"@type\":\"ReadAction\",\"target\":[\"https:\/\/med.estrategia.com\/portal\/noticias\/inep-adia-resultado-preliminar-da-1a-etapa-do-revalida-2023-2\/\"]}]},{\"@type\":\"ImageObject\",\"inLanguage\":\"pt-BR\",\"@id\":\"https:\/\/med.estrategia.com\/portal\/noticias\/inep-adia-resultado-preliminar-da-1a-etapa-do-revalida-2023-2\/#primaryimage\",\"url\":\"https:\/\/med.estrategia.com\/portal\/wp-content\/uploads\/2022\/06\/coverWP_publica_bgfoto_logo.jpg\",\"contentUrl\":\"https:\/\/med.estrategia.com\/portal\/wp-content\/uploads\/2022\/06\/coverWP_publica_bgfoto_logo.jpg\",\"width\":1200,\"height\":800,\"caption\":\"Cr\u00e9ditos: Divulga\u00e7\u00e3o Inep\/Estrat\u00e9gia MED\"},{\"@type\":\"BreadcrumbList\",\"@id\":\"https:\/\/med.estrategia.com\/portal\/noticias\/inep-adia-resultado-preliminar-da-1a-etapa-do-revalida-2023-2\/#breadcrumb\",\"itemListElement\":[{\"@type\":\"ListItem\",\"position\":1,\"name\":\"Home\",\"item\":\"https:\/\/med.estrategia.com\/portal\/\"},{\"@type\":\"ListItem\",\"position\":2,\"name\":\"Not\u00edcias\",\"item\":\"https:\/\/med.estrategia.com\/portal\/noticias\/\"},{\"@type\":\"ListItem\",\"position\":3,\"name\":\"INEP adia resultado preliminar da 1\u00aa etapa do Revalida 2023\/2\"}]},{\"@type\":\"WebSite\",\"@id\":\"https:\/\/med.estrategia.com\/portal\/#website\",\"url\":\"https:\/\/med.estrategia.com\/portal\/\",\"name\":\"Estrat\u00e9gia MED\",\"description\":\"\",\"potentialAction\":[{\"@type\":\"SearchAction\",\"target\":{\"@type\":\"EntryPoint\",\"urlTemplate\":\"https:\/\/med.estrategia.com\/portal\/?s={search_term_string}\"},\"query-input\":{\"@type\":\"PropertyValueSpecification\",\"valueRequired\":true,\"valueName\":\"search_term_string\"}}],\"inLanguage\":\"pt-BR\"},{\"@type\":\"Person\",\"@id\":\"https:\/\/med.estrategia.com\/portal\/#\/schema\/person\/8e7c9b2f53f2eede3b8880ad86ff20a3\",\"name\":\"Erika Coelho\",\"image\":{\"@type\":\"ImageObject\",\"inLanguage\":\"pt-BR\",\"@id\":\"https:\/\/med.estrategia.com\/portal\/#\/schema\/person\/image\/\",\"url\":\"https:\/\/secure.gravatar.com\/avatar\/8ef9ff2e2fa53829c640cca8d1a45178?s=96&d=mm&r=g\",\"contentUrl\":\"https:\/\/secure.gravatar.com\/avatar\/8ef9ff2e2fa53829c640cca8d1a45178?s=96&d=mm&r=g\",\"caption\":\"Erika Coelho\"},\"description\":\"Jornalista pela Universidade Presbiteriana Mackenzie, escrevo sobre educa\u00e7\u00e3o, sa\u00fade e pol\u00edticas p\u00fablicas\",\"url\":\"https:\/\/med.estrategia.com\/portal\/author\/erika\/\"}]}<\/script>\n<!-- \/ Yoast SEO Premium plugin. -->","yoast_head_json":{"title":"INEP adia resultado preliminar da 1\u00aa etapa do Revalida 2023\/2","description":"O INEP adiou o resultado preliminar da 1\u00aa etapa do Revalida 2023\/2. Confira o cronograma atualizado para a edi\u00e7\u00e3o!","robots":{"index":"index","follow":"follow","max-snippet":"max-snippet:-1","max-image-preview":"max-image-preview:large","max-video-preview":"max-video-preview:-1"},"canonical":"https:\/\/med.estrategia.com\/portal\/noticias\/inep-adia-resultado-preliminar-da-1a-etapa-do-revalida-2023-2\/","og_locale":"pt_BR","og_type":"article","og_title":"INEP adia resultado preliminar da 1\u00aa etapa do Revalida 2023\/2","og_description":"O INEP adiou o resultado preliminar da 1\u00aa etapa do Revalida 2023\/2. Confira o cronograma atualizado para a edi\u00e7\u00e3o!","og_url":"https:\/\/med.estrategia.com\/portal\/noticias\/inep-adia-resultado-preliminar-da-1a-etapa-do-revalida-2023-2\/","og_site_name":"Estrat\u00e9gia MED","article_publisher":"https:\/\/www.facebook.com\/estrategiamed1","article_published_time":"2023-09-05T17:49:22+00:00","article_modified_time":"2023-09-05T17:52:12+00:00","og_image":[{"width":1200,"height":800,"url":"https:\/\/cdn.medblog.estrategiaeducacional.com.br\/wp-content\/uploads\/2022\/06\/coverWP_publica_bgfoto_logo.jpg","type":"image\/jpeg"}],"author":"Erika Coelho","twitter_card":"summary_large_image","twitter_creator":"@estrategiamed_","twitter_site":"@estrategiamed_","twitter_misc":{"Escrito por":"Erika Coelho","Est. tempo de leitura":"2 minutos"},"schema":{"@context":"https:\/\/schema.org","@graph":[{"@type":"WebPage","@id":"https:\/\/med.estrategia.com\/portal\/noticias\/inep-adia-resultado-preliminar-da-1a-etapa-do-revalida-2023-2\/","url":"https:\/\/med.estrategia.com\/portal\/noticias\/inep-adia-resultado-preliminar-da-1a-etapa-do-revalida-2023-2\/","name":"INEP adia resultado preliminar da 1\u00aa etapa do Revalida 2023\/2","isPartOf":{"@id":"https:\/\/med.estrategia.com\/portal\/#website"},"primaryImageOfPage":{"@id":"https:\/\/med.estrategia.com\/portal\/noticias\/inep-adia-resultado-preliminar-da-1a-etapa-do-revalida-2023-2\/#primaryimage"},"image":{"@id":"https:\/\/med.estrategia.com\/portal\/noticias\/inep-adia-resultado-preliminar-da-1a-etapa-do-revalida-2023-2\/#primaryimage"},"thumbnailUrl":"https:\/\/med.estrategia.com\/portal\/wp-content\/uploads\/2022\/06\/coverWP_publica_bgfoto_logo.jpg","datePublished":"2023-09-05T17:49:22+00:00","dateModified":"2023-09-05T17:52:12+00:00","author":{"@id":"https:\/\/med.estrategia.com\/portal\/#\/schema\/person\/8e7c9b2f53f2eede3b8880ad86ff20a3"},"description":"O INEP adiou o resultado preliminar da 1\u00aa etapa do Revalida 2023\/2. Confira o cronograma atualizado para a edi\u00e7\u00e3o!","breadcrumb":{"@id":"https:\/\/med.estrategia.com\/portal\/noticias\/inep-adia-resultado-preliminar-da-1a-etapa-do-revalida-2023-2\/#breadcrumb"},"inLanguage":"pt-BR","potentialAction":[{"@type":"ReadAction","target":["https:\/\/med.estrategia.com\/portal\/noticias\/inep-adia-resultado-preliminar-da-1a-etapa-do-revalida-2023-2\/"]}]},{"@type":"ImageObject","inLanguage":"pt-BR","@id":"https:\/\/med.estrategia.com\/portal\/noticias\/inep-adia-resultado-preliminar-da-1a-etapa-do-revalida-2023-2\/#primaryimage","url":"https:\/\/med.estrategia.com\/portal\/wp-content\/uploads\/2022\/06\/coverWP_publica_bgfoto_logo.jpg","contentUrl":"https:\/\/med.estrategia.com\/portal\/wp-content\/uploads\/2022\/06\/coverWP_publica_bgfoto_logo.jpg","width":1200,"height":800,"caption":"Cr\u00e9ditos: Divulga\u00e7\u00e3o Inep\/Estrat\u00e9gia MED"},{"@type":"BreadcrumbList","@id":"https:\/\/med.estrategia.com\/portal\/noticias\/inep-adia-resultado-preliminar-da-1a-etapa-do-revalida-2023-2\/#breadcrumb","itemListElement":[{"@type":"ListItem","position":1,"name":"Home","item":"https:\/\/med.estrategia.com\/portal\/"},{"@type":"ListItem","position":2,"name":"Not\u00edcias","item":"https:\/\/med.estrategia.com\/portal\/noticias\/"},{"@type":"ListItem","position":3,"name":"INEP adia resultado preliminar da 1\u00aa etapa do Revalida 2023\/2"}]},{"@type":"WebSite","@id":"https:\/\/med.estrategia.com\/portal\/#website","url":"https:\/\/med.estrategia.com\/portal\/","name":"Estrat\u00e9gia MED","description":"","potentialAction":[{"@type":"SearchAction","target":{"@type":"EntryPoint","urlTemplate":"https:\/\/med.estrategia.com\/portal\/?s={search_term_string}"},"query-input":{"@type":"PropertyValueSpecification","valueRequired":true,"valueName":"search_term_string"}}],"inLanguage":"pt-BR"},{"@type":"Person","@id":"https:\/\/med.estrategia.com\/portal\/#\/schema\/person\/8e7c9b2f53f2eede3b8880ad86ff20a3","name":"Erika Coelho","image":{"@type":"ImageObject","inLanguage":"pt-BR","@id":"https:\/\/med.estrategia.com\/portal\/#\/schema\/person\/image\/","url":"https:\/\/secure.gravatar.com\/avatar\/8ef9ff2e2fa53829c640cca8d1a45178?s=96&d=mm&r=g","contentUrl":"https:\/\/secure.gravatar.com\/avatar\/8ef9ff2e2fa53829c640cca8d1a45178?s=96&d=mm&r=g","caption":"Erika Coelho"},"description":"Jornalista pela Universidade Presbiteriana Mackenzie, escrevo sobre educa\u00e7\u00e3o, sa\u00fade e pol\u00edticas p\u00fablicas","url":"https:\/\/med.estrategia.com\/portal\/author\/erika\/"}]}},"_wl_alt_label":[],"wl:entity_url":"\/post\/inep-adia-resultado-preliminar-da-1a-etapa-do-revalida-2023-2","_links":{"self":[{"href":"https:\/\/med.estrategia.com\/portal\/wp-json\/wp\/v2\/posts\/46293","targetHints":{"allow":["GET"]}}],"collection":[{"href":"https:\/\/med.estrategia.com\/portal\/wp-json\/wp\/v2\/posts"}],"about":[{"href":"https:\/\/med.estrategia.com\/portal\/wp-json\/wp\/v2\/types\/post"}],"author":[{"embeddable":true,"href":"https:\/\/med.estrategia.com\/portal\/wp-json\/wp\/v2\/users\/22"}],"replies":[{"embeddable":true,"href":"https:\/\/med.estrategia.com\/portal\/wp-json\/wp\/v2\/comments?post=46293"}],"version-history":[{"count":5,"href":"https:\/\/med.estrategia.com\/portal\/wp-json\/wp\/v2\/posts\/46293\/revisions"}],"predecessor-version":[{"id":46305,"href":"https:\/\/med.estrategia.com\/portal\/wp-json\/wp\/v2\/posts\/46293\/revisions\/46305"}],"wp:featuredmedia":[{"embeddable":true,"href":"https:\/\/med.estrategia.com\/portal\/wp-json\/wp\/v2\/media\/21008"}],"wp:attachment":[{"href":"https:\/\/med.estrategia.com\/portal\/wp-json\/wp\/v2\/media?parent=46293"}],"wp:term":[{"taxonomy":"category","embeddable":true,"href":"https:\/\/med.estrategia.com\/portal\/wp-json\/wp\/v2\/categories?post=46293"},{"taxonomy":"post_tag","embeddable":true,"href":"https:\/\/med.estrategia.com\/portal\/wp-json\/wp\/v2\/tags?post=46293"},{"taxonomy":"wl_entity_type","embeddable":true,"href":"https:\/\/med.estrategia.com\/portal\/wp-json\/wp\/v2\/wl_entity_type?post=46293"}],"curies":[{"name":"wp","href":"https:\/\/api.w.org\/{rel}","templated":true}]}}