{"id":46320,"date":"2023-09-05T15:33:40","date_gmt":"2023-09-05T18:33:40","guid":{"rendered":"https:\/\/med.estrategia.com\/portal\/?p=46320"},"modified":"2023-09-12T16:10:15","modified_gmt":"2023-09-12T19:10:15","slug":"residencia-medica-em-anestesiologia-no-hgf","status":"publish","type":"post","link":"https:\/\/med.estrategia.com\/portal\/residencia-medica\/residencia-medica-em-anestesiologia-no-hgf\/","title":{"rendered":"Como \u00e9 a Resid\u00eancia M\u00e9dica de Anestesiologia do Hospital Geral de Fortaleza"},"content":{"rendered":"<p class=\"wp-block-paragraph\">A <span id=\"urn:enhancement-3f68ef8f-b803-4e84-af79-b2a69f63a3e9\" class=\"textannotation disambiguated wl-thing wl-no-link\" itemid=\"https:\/\/data.wordlift.io\/wl106637\/entity\/anestesiologia\">Anestesiologia<\/span> &eacute; uma &aacute;rea crucial da medicina que<strong> desempenha um papel fundamental no suporte &agrave; cirurgia e ao bem-estar dos pacientes<\/strong>. Para entender melhor o que &eacute; ser um residente de <span id=\"urn:enhancement-6cc24e72-8871-4596-8c2b-98a5bc5cb7cc\" class=\"textannotation disambiguated wl-thing wl-no-link\" itemid=\"https:\/\/data.wordlift.io\/wl106637\/entity\/anestesiologia\">Anestesiologia<\/span> no <strong>Hospital Geral de Fortaleza (<span id=\"urn:local-annotation-773078\" class=\"textannotation disambiguated\" itemid=\"https:\/\/data.wordlift.io\/wl106637\/entity\/hospital-geral-de-fortaleza\">HGF<\/span>)<\/strong>, conversamos com a m&eacute;dica Amanda Arruda, atual residente da institui&ccedil;&atilde;o, que compartilhou suas experi&ecirc;ncias e vis&atilde;o sobre esta especialidade desafiadora e gratificante. Confira no texto a seguir.<h2 class=\"wp-block-heading\" id=\"h-a-residencia-em-anestesiologia-no-hgf\">A resid&ecirc;ncia em Anestesiologia no HGF<\/h2><p class=\"wp-block-paragraph\">Amanda Arruda &eacute; <strong>residente do primeiro ano (R1) de <span id=\"urn:enhancement-d5bda2d5-9c76-4ae2-a68f-57b3794232d1\" class=\"textannotation disambiguated wl-thing wl-no-link\" itemid=\"https:\/\/data.wordlift.io\/wl106637\/entity\/anestesiologia\">Anestesiologia<\/span> no HGF<\/strong>. Formada em 2020 pela Universidade Federal do Cear&aacute; (UFC), ela compartilha sua trajet&oacute;ria, que inclui experi&ecirc;ncia em outra resid&ecirc;ncia antes de se juntar ao<strong> HGF, um dos maiores hospitais do estado do Cear&aacute;, conhecido principalmente por sua excel&ecirc;ncia na &aacute;rea de cirurgia. <\/strong><strong><br><\/strong><br>O hospital possui <strong>16 salas cir&uacute;rgicas<\/strong>, tr&ecirc;s delas dedicadas a pacientes de <strong>emerg&ecirc;ncia<\/strong>, al&eacute;m de <strong>duas salas de cirurgia obst&eacute;trica<\/strong>. Amanda destaca a <strong>complexidade dos casos atendidos no HGF <\/strong>dentro das especialidades de <span id=\"urn:enhancement-76f20512-6e98-4080-a2b3-2d041c87c96d\" class=\"textannotation disambiguated wl-thing wl-no-link\" itemid=\"https:\/\/data.wordlift.io\/wl106637\/entity\/neurocirurgia\">Neurocirurgia<\/span>, Cirurgias Pl&aacute;stica, <span id=\"urn:enhancement-ad70b737-f312-48df-bbf8-fb073e029fb4\" class=\"textannotation disambiguated wl-thing wl-no-link\" itemid=\"https:\/\/data.wordlift.io\/wl106637\/entity\/otorrinolaringologia\">Otorrinolaringologia<\/span>, <span id=\"urn:enhancement-7255aba2-c5b4-4b0e-bacf-88a89390f5b5\" class=\"textannotation disambiguated wl-thing wl-no-link\" itemid=\"https:\/\/data.wordlift.io\/wl106637\/entity\/ortopedia-e-traumatologia\">Ortopedia<\/span> e <span id=\"urn:enhancement-2e8ef017-160a-402c-92e2-d1628d8892c4\" class=\"textannotation disambiguated wl-thing wl-no-link\" itemid=\"https:\/\/data.wordlift.io\/wl106637\/entity\/cirurgia-geral\">Cirurgia Geral<\/span>.<\/p><p class=\"wp-block-paragraph\">Ela tamb&eacute;m menciona que <strong>os pacientes do HGF frequentemente apresentam condi&ccedil;&otilde;es graves<\/strong>, muitas vezes chegando ao hospital em estados cr&iacute;ticos,<strong> exigindo cuidados intensivos e uma equipe multidisciplinar.<\/strong><\/p><h3 class=\"wp-block-heading\" id=\"h-ambiente-e-relacao-com-equipe\">Ambiente e rela&ccedil;&atilde;o com equipe<\/h3><p class=\"wp-block-paragraph\">A resid&ecirc;ncia m&eacute;dica em <span id=\"urn:enhancement-52cf2f04-4cdf-4a69-9b71-c6822691a166\" class=\"textannotation disambiguated wl-thing wl-no-link\" itemid=\"https:\/\/data.wordlift.io\/wl106637\/entity\/anestesiologia\">Anestesiologia<\/span> no HGF &eacute; <strong>desafiadora <\/strong>e prepara os residentes para uma<strong> ampla gama de situa&ccedil;&otilde;es cl&iacute;nicas.<\/strong> Atualmente, o programa tem <strong>oito residentes no primeiro ano<\/strong> e o treinamento &eacute; estruturado de forma a abranger diversas especialidades m&eacute;dicas e cir&uacute;rgicas.<\/p><p class=\"wp-block-paragraph\">A residente destaca que a <strong><span id=\"urn:enhancement-6286f63b-9ec1-400c-bb97-d8ff68ff31c8\" class=\"textannotation disambiguated wl-thing wl-no-link\" itemid=\"https:\/\/data.wordlift.io\/wl106637\/entity\/anestesiologia\">Anestesiologia<\/span> &eacute; uma especialidade que exige independ&ecirc;ncia e envolve um relacionamento pr&oacute;ximo com a equipe cir&uacute;rgica<\/strong>. Ela elogia o ambiente de aprendizado no HGF, em que os residentes contam com o suporte dos<em> staffs<\/em> e t&ecirc;m acesso a <strong>atividades te&oacute;ricas e pr&aacute;ticas<\/strong>, al&eacute;m dos <strong>coordenadores estarem sempre dispostos<\/strong> a ensinar e ajudar quando necess&aacute;rio.<\/p><h3 class=\"wp-block-heading\" id=\"h-experiencias-e-desafios-nos-anos-de-residencia-em-anestesiologia-no-hgf\">Experi&ecirc;ncias e desafios nos anos de resid&ecirc;ncia em Anestesiologia no HGF<\/h3><p class=\"wp-block-paragraph\">Ao longo dos anos de resid&ecirc;ncia, <strong>os residentes passam por v&aacute;rias rota&ccedil;&otilde;es<\/strong> e ganham experi&ecirc;ncia em diversas especialidades. Amanda descreve que os<strong> R1 geralmente come&ccedil;am com cirurgias de emerg&ecirc;ncia, realizam plant&otilde;es e atendem a pacientes que requerem cirurgias urgentes<\/strong>. Conforme avan&ccedil;am para os<strong> anos seguintes &mdash; R2 e R3,<\/strong> eles se envolvem em <strong>especialidades espec&iacute;ficas<\/strong>, como <span id=\"urn:enhancement-13ad9b11-00ff-4eab-a0c4-a085b601e9c9\" class=\"textannotation disambiguated wl-thing wl-no-link\" itemid=\"https:\/\/data.wordlift.io\/wl106637\/entity\/ortopedia-e-traumatologia\">Ortopedia<\/span>, Radiologia Intervencionista, Transplante Renal e Hep&aacute;tico, al&eacute;m de Cirurgia de Trauma.<br><br>Junto &agrave; pr&aacute;tica<strong>, o programa inclui atividades te&oacute;ricas<\/strong> que abordam diversos temas relevantes para a <span id=\"urn:enhancement-34345a3c-854a-401b-97d8-8fe78733f294\" class=\"textannotation disambiguated wl-thing wl-no-link\" itemid=\"https:\/\/data.wordlift.io\/wl106637\/entity\/anestesiologia\">Anestesiologia<\/span>. Os residentes t&ecirc;m acesso a <strong>aulas semanais e sess&otilde;es cl&iacute;nicas com coordenadores<\/strong>. Al&eacute;m disso, participam de<strong> sess&otilde;es estaduais, promovendo intera&ccedil;&otilde;es com outros residentes de <span id=\"urn:enhancement-2bcaff9c-da73-4438-8bd6-9a8990d293d1\" class=\"textannotation disambiguated wl-thing wl-no-link\" itemid=\"https:\/\/data.wordlift.io\/wl106637\/entity\/anestesiologia\">Anestesiologia<\/span> do Cear&aacute;.<\/strong><\/p><p class=\"wp-block-paragraph\">A m&eacute;dica tamb&eacute;m aborda os <strong>desafios na resid&ecirc;ncia, como plant&otilde;es noturnos e nos finais de semana<\/strong>, destacando a <strong>import&acirc;ncia de encontrar um equil&iacute;brio entre trabalho e descanso<\/strong>. Ela inclusive menciona a import&acirc;ncia de ser proativo e estar disposto a aprender durante o treinamento.<\/p><h3 class=\"wp-block-heading\" id=\"h-mercado-de-trabalho-no-ceara\">Mercado de trabalho no Cear&aacute;<\/h3><p class=\"wp-block-paragraph\">No Cear&aacute;, a Cooperativa de Anestesiologistas &eacute; uma op&ccedil;&atilde;o comum para os residentes, oferecendo oportunidades de atendimento em hospitais p&uacute;blicos e privados. Ela destaca que <strong>o mercado de trabalho para <span id=\"urn:enhancement-8b15e8ec-5a44-4103-83c2-f613dec48dbd\" class=\"textannotation disambiguated wl-thing wl-no-link\" itemid=\"https:\/\/data.wordlift.io\/wl106637\/entity\/anestesiologia\">Anestesiologia<\/span> tem sido favor&aacute;vel, com alta demanda pela especialidade.<\/strong><\/p><p class=\"wp-block-paragraph\">Descubra mais sobre o programa de resid&ecirc;ncia m&eacute;dica em <span id=\"urn:enhancement-d12e373f-c91b-4381-94ab-1d4819ec6735\" class=\"textannotation disambiguated wl-thing wl-no-link\" itemid=\"https:\/\/data.wordlift.io\/wl106637\/entity\/anestesiologia\">Anestesiologia<\/span> no HGF, institui&ccedil;&atilde;o participante da SURCE, com o bate-papo &ldquo;Vida de Residente&rdquo; entre a Professora Ana Luiza Viana e Amanda Arruda, m&eacute;dica residente da especialidade na institui&ccedil;&atilde;o, no v&iacute;deo abaixo:<\/p><figure class=\"wp-block-embed is-type-video is-provider-youtube wp-block-embed-youtube wp-embed-aspect-16-9 wp-has-aspect-ratio\"><div class=\"wp-block-embed__wrapper\">\n<div class=\"cs-embed cs-embed-responsive\"><iframe title=\"Como &eacute; o programa de Resid&ecirc;ncia de Anestesiologia no Hospital Geral de Fortaleza (HGF)\" width=\"1200\" height=\"675\" src=\"https:\/\/www.youtube.com\/embed\/yN-_8PSNQrg?list=PLZJoO86DqMTTgyeqgcdfO13H0WdLW0I4f\" frameborder=\"0\" allow=\"accelerometer; autoplay; clipboard-write; encrypted-media; gyroscope; picture-in-picture; web-share\" allowfullscreen><\/iframe><\/div>\n<\/div><\/figure><div class=\"wp-block-buttons is-content-justification-center is-layout-flex wp-container-core-buttons-is-layout-fe48e5de wp-block-buttons-is-layout-flex\">\n<div class=\"wp-block-button\"><a class=\"wp-block-button__link wp-element-button\" href=\"https:\/\/med.estrategia.com\/portal\/residencia-medica\/surce-residencia-medica\/\" target=\"_blank\">tudo sobre o processo seletivo da surce!<\/a><\/div>\n<\/div><p class=\"wp-block-paragraph\">Se voc&ecirc; quer ficar por dentro de mais conte&uacute;dos relevantes sobre a &aacute;rea m&eacute;dica, continue acompanhando o material preparado pelo Portal de Not&iacute;cias do Estrat&eacute;gia MED. Aqui, voc&ecirc; encontrar&aacute; informa&ccedil;&otilde;es atualizadas sobre resid&ecirc;ncias, carreira m&eacute;dica e muito mais!<\/p><\/p>\n","protected":false},"excerpt":{"rendered":"A Anestesiologia &eacute; uma &aacute;rea crucial da medicina que desempenha um papel fundamental no suporte &agrave; cirurgia e&hellip;\n","protected":false},"author":39,"featured_media":38502,"comment_status":"closed","ping_status":"closed","sticky":false,"template":"","format":"standard","meta":{"footnotes":""},"categories":[24],"tags":[],"class_list":["post-46320","post","type-post","status-publish","format-standard","has-post-thumbnail","category-residencia-medica"],"acf":[],"yoast_head":"<!-- This site is optimized with the Yoast SEO Premium plugin v26.6 (Yoast SEO v26.6) - https:\/\/yoast.com\/wordpress\/plugins\/seo\/ -->\n<title>Como \u00e9 a Resid\u00eancia M\u00e9dica de Anestesiologia do Hospital Geral de Fortaleza<\/title>\n<meta name=\"description\" content=\"Venha conferir mais um relato de residente, desta vez sobre a resid\u00eancia m\u00e9dica em Anestesiologia no Hospital Geral de Fortaleza (HGF)!\" \/>\n<meta name=\"robots\" content=\"index, follow, max-snippet:-1, max-image-preview:large, max-video-preview:-1\" \/>\n<link rel=\"canonical\" href=\"https:\/\/med.estrategia.com\/portal\/residencia-medica\/residencia-medica-em-anestesiologia-no-hgf\/\" \/>\n<meta property=\"og:locale\" content=\"pt_BR\" \/>\n<meta property=\"og:type\" content=\"article\" \/>\n<meta property=\"og:title\" content=\"Como \u00e9 a Resid\u00eancia M\u00e9dica de Anestesiologia do Hospital Geral de Fortaleza\" \/>\n<meta property=\"og:description\" content=\"Venha conferir mais um relato de residente, desta vez sobre a resid\u00eancia m\u00e9dica em Anestesiologia no Hospital Geral de Fortaleza (HGF)!\" \/>\n<meta property=\"og:url\" content=\"https:\/\/med.estrategia.com\/portal\/residencia-medica\/residencia-medica-em-anestesiologia-no-hgf\/\" \/>\n<meta property=\"og:site_name\" content=\"Estrat\u00e9gia MED\" \/>\n<meta property=\"article:publisher\" content=\"https:\/\/www.facebook.com\/estrategiamed1\" \/>\n<meta property=\"article:published_time\" content=\"2023-09-05T18:33:40+00:00\" \/>\n<meta property=\"article:modified_time\" content=\"2023-09-12T19:10:15+00:00\" \/>\n<meta property=\"og:image\" content=\"https:\/\/cdn.medblog.estrategiaeducacional.com.br\/wp-content\/uploads\/2023\/04\/YTB_.png\" \/>\n\t<meta property=\"og:image:width\" content=\"1280\" \/>\n\t<meta property=\"og:image:height\" content=\"720\" \/>\n\t<meta property=\"og:image:type\" content=\"image\/png\" \/>\n<meta name=\"author\" content=\"Ana Carolina Damasceno\" \/>\n<meta name=\"twitter:card\" content=\"summary_large_image\" \/>\n<meta name=\"twitter:creator\" content=\"@estrategiamed_\" \/>\n<meta name=\"twitter:site\" content=\"@estrategiamed_\" \/>\n<meta name=\"twitter:label1\" content=\"Escrito por\" \/>\n\t<meta name=\"twitter:data1\" content=\"Ana Carolina Damasceno\" \/>\n\t<meta name=\"twitter:label2\" content=\"Est. tempo de leitura\" \/>\n\t<meta name=\"twitter:data2\" content=\"3 minutos\" \/>\n<script type=\"application\/ld+json\" class=\"yoast-schema-graph\">{\"@context\":\"https:\/\/schema.org\",\"@graph\":[{\"@type\":\"WebPage\",\"@id\":\"https:\/\/med.estrategia.com\/portal\/residencia-medica\/residencia-medica-em-anestesiologia-no-hgf\/\",\"url\":\"https:\/\/med.estrategia.com\/portal\/residencia-medica\/residencia-medica-em-anestesiologia-no-hgf\/\",\"name\":\"Como \u00e9 a Resid\u00eancia M\u00e9dica de Anestesiologia do Hospital Geral de Fortaleza\",\"isPartOf\":{\"@id\":\"https:\/\/med.estrategia.com\/portal\/#website\"},\"primaryImageOfPage\":{\"@id\":\"https:\/\/med.estrategia.com\/portal\/residencia-medica\/residencia-medica-em-anestesiologia-no-hgf\/#primaryimage\"},\"image\":{\"@id\":\"https:\/\/med.estrategia.com\/portal\/residencia-medica\/residencia-medica-em-anestesiologia-no-hgf\/#primaryimage\"},\"thumbnailUrl\":\"https:\/\/med.estrategia.com\/portal\/wp-content\/uploads\/2023\/04\/YTB_.png\",\"datePublished\":\"2023-09-05T18:33:40+00:00\",\"dateModified\":\"2023-09-12T19:10:15+00:00\",\"author\":{\"@id\":\"https:\/\/med.estrategia.com\/portal\/#\/schema\/person\/2f553adbb8e25fe39d145c5b2927f58c\"},\"description\":\"Venha conferir mais um relato de residente, desta vez sobre a resid\u00eancia m\u00e9dica em Anestesiologia no Hospital Geral de Fortaleza (HGF)!\",\"breadcrumb\":{\"@id\":\"https:\/\/med.estrategia.com\/portal\/residencia-medica\/residencia-medica-em-anestesiologia-no-hgf\/#breadcrumb\"},\"inLanguage\":\"pt-BR\",\"potentialAction\":[{\"@type\":\"ReadAction\",\"target\":[\"https:\/\/med.estrategia.com\/portal\/residencia-medica\/residencia-medica-em-anestesiologia-no-hgf\/\"]}]},{\"@type\":\"ImageObject\",\"inLanguage\":\"pt-BR\",\"@id\":\"https:\/\/med.estrategia.com\/portal\/residencia-medica\/residencia-medica-em-anestesiologia-no-hgf\/#primaryimage\",\"url\":\"https:\/\/med.estrategia.com\/portal\/wp-content\/uploads\/2023\/04\/YTB_.png\",\"contentUrl\":\"https:\/\/med.estrategia.com\/portal\/wp-content\/uploads\/2023\/04\/YTB_.png\",\"width\":1280,\"height\":720,\"caption\":\"Estrat\u00e9gia MED\"},{\"@type\":\"BreadcrumbList\",\"@id\":\"https:\/\/med.estrategia.com\/portal\/residencia-medica\/residencia-medica-em-anestesiologia-no-hgf\/#breadcrumb\",\"itemListElement\":[{\"@type\":\"ListItem\",\"position\":1,\"name\":\"Home\",\"item\":\"https:\/\/med.estrategia.com\/portal\/\"},{\"@type\":\"ListItem\",\"position\":2,\"name\":\"Resid\u00eancia M\u00e9dica\",\"item\":\"https:\/\/med.estrategia.com\/portal\/residencia-medica\/\"},{\"@type\":\"ListItem\",\"position\":3,\"name\":\"Como \u00e9 a Resid\u00eancia M\u00e9dica de Anestesiologia do Hospital Geral de Fortaleza\"}]},{\"@type\":\"WebSite\",\"@id\":\"https:\/\/med.estrategia.com\/portal\/#website\",\"url\":\"https:\/\/med.estrategia.com\/portal\/\",\"name\":\"Estrat\u00e9gia MED\",\"description\":\"\",\"potentialAction\":[{\"@type\":\"SearchAction\",\"target\":{\"@type\":\"EntryPoint\",\"urlTemplate\":\"https:\/\/med.estrategia.com\/portal\/?s={search_term_string}\"},\"query-input\":{\"@type\":\"PropertyValueSpecification\",\"valueRequired\":true,\"valueName\":\"search_term_string\"}}],\"inLanguage\":\"pt-BR\"},{\"@type\":\"Person\",\"@id\":\"https:\/\/med.estrategia.com\/portal\/#\/schema\/person\/2f553adbb8e25fe39d145c5b2927f58c\",\"name\":\"Ana Carolina Damasceno\",\"image\":{\"@type\":\"ImageObject\",\"inLanguage\":\"pt-BR\",\"@id\":\"https:\/\/med.estrategia.com\/portal\/#\/schema\/person\/image\/\",\"url\":\"https:\/\/med.estrategia.com\/portal\/wp-content\/uploads\/2026\/07\/Sem-titulo-150x150.png\",\"contentUrl\":\"https:\/\/med.estrategia.com\/portal\/wp-content\/uploads\/2026\/07\/Sem-titulo-150x150.png\",\"caption\":\"Ana Carolina Damasceno\"},\"description\":\"Coordenadora de Jornalismo EMED. Comunicadora por natureza e forma\u00e7\u00e3o, que ama e perde a no\u00e7\u00e3o do tempo com m\u00fasica e s\u00e9rie.\",\"url\":\"https:\/\/med.estrategia.com\/portal\/author\/ana-carolina-damasceno\/\"}]}<\/script>\n<!-- \/ Yoast SEO Premium plugin. -->","yoast_head_json":{"title":"Como \u00e9 a Resid\u00eancia M\u00e9dica de Anestesiologia do Hospital Geral de Fortaleza","description":"Venha conferir mais um relato de residente, desta vez sobre a resid\u00eancia m\u00e9dica em Anestesiologia no Hospital Geral de Fortaleza (HGF)!","robots":{"index":"index","follow":"follow","max-snippet":"max-snippet:-1","max-image-preview":"max-image-preview:large","max-video-preview":"max-video-preview:-1"},"canonical":"https:\/\/med.estrategia.com\/portal\/residencia-medica\/residencia-medica-em-anestesiologia-no-hgf\/","og_locale":"pt_BR","og_type":"article","og_title":"Como \u00e9 a Resid\u00eancia M\u00e9dica de Anestesiologia do Hospital Geral de Fortaleza","og_description":"Venha conferir mais um relato de residente, desta vez sobre a resid\u00eancia m\u00e9dica em Anestesiologia no Hospital Geral de Fortaleza (HGF)!","og_url":"https:\/\/med.estrategia.com\/portal\/residencia-medica\/residencia-medica-em-anestesiologia-no-hgf\/","og_site_name":"Estrat\u00e9gia MED","article_publisher":"https:\/\/www.facebook.com\/estrategiamed1","article_published_time":"2023-09-05T18:33:40+00:00","article_modified_time":"2023-09-12T19:10:15+00:00","og_image":[{"width":1280,"height":720,"url":"https:\/\/cdn.medblog.estrategiaeducacional.com.br\/wp-content\/uploads\/2023\/04\/YTB_.png","type":"image\/png"}],"author":"Ana Carolina Damasceno","twitter_card":"summary_large_image","twitter_creator":"@estrategiamed_","twitter_site":"@estrategiamed_","twitter_misc":{"Escrito por":"Ana Carolina Damasceno","Est. tempo de leitura":"3 minutos"},"schema":{"@context":"https:\/\/schema.org","@graph":[{"@type":"WebPage","@id":"https:\/\/med.estrategia.com\/portal\/residencia-medica\/residencia-medica-em-anestesiologia-no-hgf\/","url":"https:\/\/med.estrategia.com\/portal\/residencia-medica\/residencia-medica-em-anestesiologia-no-hgf\/","name":"Como \u00e9 a Resid\u00eancia M\u00e9dica de Anestesiologia do Hospital Geral de Fortaleza","isPartOf":{"@id":"https:\/\/med.estrategia.com\/portal\/#website"},"primaryImageOfPage":{"@id":"https:\/\/med.estrategia.com\/portal\/residencia-medica\/residencia-medica-em-anestesiologia-no-hgf\/#primaryimage"},"image":{"@id":"https:\/\/med.estrategia.com\/portal\/residencia-medica\/residencia-medica-em-anestesiologia-no-hgf\/#primaryimage"},"thumbnailUrl":"https:\/\/med.estrategia.com\/portal\/wp-content\/uploads\/2023\/04\/YTB_.png","datePublished":"2023-09-05T18:33:40+00:00","dateModified":"2023-09-12T19:10:15+00:00","author":{"@id":"https:\/\/med.estrategia.com\/portal\/#\/schema\/person\/2f553adbb8e25fe39d145c5b2927f58c"},"description":"Venha conferir mais um relato de residente, desta vez sobre a resid\u00eancia m\u00e9dica em Anestesiologia no Hospital Geral de Fortaleza (HGF)!","breadcrumb":{"@id":"https:\/\/med.estrategia.com\/portal\/residencia-medica\/residencia-medica-em-anestesiologia-no-hgf\/#breadcrumb"},"inLanguage":"pt-BR","potentialAction":[{"@type":"ReadAction","target":["https:\/\/med.estrategia.com\/portal\/residencia-medica\/residencia-medica-em-anestesiologia-no-hgf\/"]}]},{"@type":"ImageObject","inLanguage":"pt-BR","@id":"https:\/\/med.estrategia.com\/portal\/residencia-medica\/residencia-medica-em-anestesiologia-no-hgf\/#primaryimage","url":"https:\/\/med.estrategia.com\/portal\/wp-content\/uploads\/2023\/04\/YTB_.png","contentUrl":"https:\/\/med.estrategia.com\/portal\/wp-content\/uploads\/2023\/04\/YTB_.png","width":1280,"height":720,"caption":"Estrat\u00e9gia MED"},{"@type":"BreadcrumbList","@id":"https:\/\/med.estrategia.com\/portal\/residencia-medica\/residencia-medica-em-anestesiologia-no-hgf\/#breadcrumb","itemListElement":[{"@type":"ListItem","position":1,"name":"Home","item":"https:\/\/med.estrategia.com\/portal\/"},{"@type":"ListItem","position":2,"name":"Resid\u00eancia M\u00e9dica","item":"https:\/\/med.estrategia.com\/portal\/residencia-medica\/"},{"@type":"ListItem","position":3,"name":"Como \u00e9 a Resid\u00eancia M\u00e9dica de Anestesiologia do Hospital Geral de Fortaleza"}]},{"@type":"WebSite","@id":"https:\/\/med.estrategia.com\/portal\/#website","url":"https:\/\/med.estrategia.com\/portal\/","name":"Estrat\u00e9gia MED","description":"","potentialAction":[{"@type":"SearchAction","target":{"@type":"EntryPoint","urlTemplate":"https:\/\/med.estrategia.com\/portal\/?s={search_term_string}"},"query-input":{"@type":"PropertyValueSpecification","valueRequired":true,"valueName":"search_term_string"}}],"inLanguage":"pt-BR"},{"@type":"Person","@id":"https:\/\/med.estrategia.com\/portal\/#\/schema\/person\/2f553adbb8e25fe39d145c5b2927f58c","name":"Ana Carolina Damasceno","image":{"@type":"ImageObject","inLanguage":"pt-BR","@id":"https:\/\/med.estrategia.com\/portal\/#\/schema\/person\/image\/","url":"https:\/\/med.estrategia.com\/portal\/wp-content\/uploads\/2026\/07\/Sem-titulo-150x150.png","contentUrl":"https:\/\/med.estrategia.com\/portal\/wp-content\/uploads\/2026\/07\/Sem-titulo-150x150.png","caption":"Ana Carolina Damasceno"},"description":"Coordenadora de Jornalismo EMED. Comunicadora por natureza e forma\u00e7\u00e3o, que ama e perde a no\u00e7\u00e3o do tempo com m\u00fasica e s\u00e9rie.","url":"https:\/\/med.estrategia.com\/portal\/author\/ana-carolina-damasceno\/"}]}},"_links":{"self":[{"href":"https:\/\/med.estrategia.com\/portal\/wp-json\/wp\/v2\/posts\/46320","targetHints":{"allow":["GET"]}}],"collection":[{"href":"https:\/\/med.estrategia.com\/portal\/wp-json\/wp\/v2\/posts"}],"about":[{"href":"https:\/\/med.estrategia.com\/portal\/wp-json\/wp\/v2\/types\/post"}],"author":[{"embeddable":true,"href":"https:\/\/med.estrategia.com\/portal\/wp-json\/wp\/v2\/users\/39"}],"replies":[{"embeddable":true,"href":"https:\/\/med.estrategia.com\/portal\/wp-json\/wp\/v2\/comments?post=46320"}],"version-history":[{"count":2,"href":"https:\/\/med.estrategia.com\/portal\/wp-json\/wp\/v2\/posts\/46320\/revisions"}],"predecessor-version":[{"id":46757,"href":"https:\/\/med.estrategia.com\/portal\/wp-json\/wp\/v2\/posts\/46320\/revisions\/46757"}],"wp:featuredmedia":[{"embeddable":true,"href":"https:\/\/med.estrategia.com\/portal\/wp-json\/wp\/v2\/media\/38502"}],"wp:attachment":[{"href":"https:\/\/med.estrategia.com\/portal\/wp-json\/wp\/v2\/media?parent=46320"}],"wp:term":[{"taxonomy":"category","embeddable":true,"href":"https:\/\/med.estrategia.com\/portal\/wp-json\/wp\/v2\/categories?post=46320"},{"taxonomy":"post_tag","embeddable":true,"href":"https:\/\/med.estrategia.com\/portal\/wp-json\/wp\/v2\/tags?post=46320"}],"curies":[{"name":"wp","href":"https:\/\/api.w.org\/{rel}","templated":true}]}}