{"id":46730,"date":"2021-10-12T10:55:00","date_gmt":"2021-10-12T13:55:00","guid":{"rendered":"https:\/\/med.estrategia.com\/portal\/?p=46730"},"modified":"2023-09-12T11:07:02","modified_gmt":"2023-09-12T14:07:02","slug":"residencia-medica-uff-edicao-2022-cronograma-vagas-e-mais","status":"publish","type":"post","link":"https:\/\/med.estrategia.com\/portal\/residencia-medica\/residencia-medica-uff-edicao-2022-cronograma-vagas-e-mais\/","title":{"rendered":"Resid\u00eancia M\u00e9dica UFF: edi\u00e7\u00e3o 2022, cronograma, vagas e mais!"},"content":{"rendered":"<p>Se voc&ecirc; tem interesse pelo exame para <a class=\"wl-entity-page-link\" title=\"Resid&ecirc;ncia M&eacute;dica ou Re\" href=\"https:\/\/med.estrategia.com\/portal\/entidade\/residencia-medica\/\" data-id=\"\/entity\/residencia-medica;http:\/\/dbpedia.org\/resource\/Residency_(medicine);http:\/\/en.dbpedia.org\/resource\/Residency_(medicine);http:\/\/nl.dbpedia.org\/resource\/Arts-assistent;http:\/\/de.dbpedia.org\/resource\/&Auml;rztliche_Weiterbildung;http:\/\/fr.dbpedia.org\/resource\/R&eacute;sidence_(m&eacute;decine);http:\/\/lt.dbpedia.org\/resource\/Rezident&#363;ra_(studijos);http:\/\/pt.dbpedia.org\/resource\/Resid&ecirc;ncia_m&eacute;dica;http:\/\/ru.dbpedia.org\/resource\/&#1050;&#1083;&#1080;&#1085;&#1080;&#1095;&#1077;&#1089;&#1082;&#1072;&#1103;_&#1086;&#1088;&#1076;&#1080;&#1085;&#1072;&#1090;&#1091;&#1088;&#1072;;http:\/\/uk.dbpedia.org\/resource\/&#1054;&#1088;&#1076;&#1080;&#1085;&#1072;&#1090;&#1091;&#1088;&#1072;_&#1082;&#1083;&#1110;&#1085;&#1110;&#1095;&#1085;&#1072;;https:\/\/data.wordlift.io\/wl106637\/entity\/residencia-medica\">Resid&ecirc;ncia M&eacute;dica<\/a> da UFF 2022, n&atilde;o perca as informa&ccedil;&otilde;es que a <a class=\"wl-entity-page-link\" href=\"https:\/\/med.estrategia.com\/portal\/entidade\/estrategia-med-2\/\" data-id=\"\/entity\/estrategia-med-2;https:\/\/data.wordlift.io\/wl106637\/entity\/estrategia_med\">Estrat&eacute;gia MED<\/a> separou aqui!<div id=\"ez-toc-container\" class=\"ez-toc-v2_0_79_2 counter-hierarchy ez-toc-counter ez-toc-transparent ez-toc-container-direction\">\n<div class=\"ez-toc-title-container\"><p class=\"ez-toc-title\" style=\"cursor:inherit\">Navegue pelo conte\u00fado<\/p>\n<\/div><nav><ul class='ez-toc-list ez-toc-list-level-1 ' ><li class='ez-toc-page-1 ez-toc-heading-level-2'><a class=\"ez-toc-link ez-toc-heading-1\" href=\"https:\/\/med.estrategia.com\/portal\/residencia-medica\/residencia-medica-uff-edicao-2022-cronograma-vagas-e-mais\/#O-que-e-a-UFF\" >O que &eacute; a UFF?<\/a><\/li><li class='ez-toc-page-1 ez-toc-heading-level-2'><a class=\"ez-toc-link ez-toc-heading-2\" href=\"https:\/\/med.estrategia.com\/portal\/residencia-medica\/residencia-medica-uff-edicao-2022-cronograma-vagas-e-mais\/#Edital-UFF-Residencia-Medica-2022\" >Edital UFF Resid&ecirc;ncia M&eacute;dica 2022<\/a><\/li><li class='ez-toc-page-1 ez-toc-heading-level-2'><a class=\"ez-toc-link ez-toc-heading-3\" href=\"https:\/\/med.estrategia.com\/portal\/residencia-medica\/residencia-medica-uff-edicao-2022-cronograma-vagas-e-mais\/#Cronograma-da-UFF-Residencia-Medica-2022\" >Cronograma da UFF Resid&ecirc;ncia M&eacute;dica 2022<\/a><\/li><li class='ez-toc-page-1 ez-toc-heading-level-2'><a class=\"ez-toc-link ez-toc-heading-4\" href=\"https:\/\/med.estrategia.com\/portal\/residencia-medica\/residencia-medica-uff-edicao-2022-cronograma-vagas-e-mais\/#Vagas-UFF-Residencia-Medica-2022\" >Vagas UFF Resid&ecirc;ncia M&eacute;dica 2022<\/a><\/li><li class='ez-toc-page-1 ez-toc-heading-level-2'><a class=\"ez-toc-link ez-toc-heading-5\" href=\"https:\/\/med.estrategia.com\/portal\/residencia-medica\/residencia-medica-uff-edicao-2022-cronograma-vagas-e-mais\/#Inscricoes-UFF-Residencia-Medica-2022\" >Inscri&ccedil;&otilde;es UFF Resid&ecirc;ncia M&eacute;dica 2022<\/a><\/li><li class='ez-toc-page-1 ez-toc-heading-level-2'><a class=\"ez-toc-link ez-toc-heading-6\" href=\"https:\/\/med.estrategia.com\/portal\/residencia-medica\/residencia-medica-uff-edicao-2022-cronograma-vagas-e-mais\/#PROVAB-e-PRMGFC\" >PROVAB e PRMGFC<\/a><\/li><li class='ez-toc-page-1 ez-toc-heading-level-2'><a class=\"ez-toc-link ez-toc-heading-7\" href=\"https:\/\/med.estrategia.com\/portal\/residencia-medica\/residencia-medica-uff-edicao-2022-cronograma-vagas-e-mais\/#Processo-Seletivo-de-Residencia-Medica-da-UFF-pelo-ENARE\" >Processo Seletivo de Resid&ecirc;ncia M&eacute;dica da UFF pelo ENARE<\/a><\/li><li class='ez-toc-page-1 ez-toc-heading-level-2'><a class=\"ez-toc-link ez-toc-heading-8\" href=\"https:\/\/med.estrategia.com\/portal\/residencia-medica\/residencia-medica-uff-edicao-2022-cronograma-vagas-e-mais\/#Resultado-Final-e-Desempate-UFF-Residencia-Medica-2022\" >Resultado Final e Desempate UFF Resid&ecirc;ncia M&eacute;dica 2022<\/a><\/li><li class='ez-toc-page-1 ez-toc-heading-level-2'><a class=\"ez-toc-link ez-toc-heading-9\" href=\"https:\/\/med.estrategia.com\/portal\/residencia-medica\/residencia-medica-uff-edicao-2022-cronograma-vagas-e-mais\/#Nota-de-Corte-UFF-Residencia-Medica-2022\" >Nota de Corte UFF Resid&ecirc;ncia M&eacute;dica 2022<\/a><\/li><li class='ez-toc-page-1 ez-toc-heading-level-2'><a class=\"ez-toc-link ez-toc-heading-10\" href=\"https:\/\/med.estrategia.com\/portal\/residencia-medica\/residencia-medica-uff-edicao-2022-cronograma-vagas-e-mais\/#Estudando-para-a-Prova-da-UFF-Residencia-Medica\" >Estudando para a Prova da UFF Resid&ecirc;ncia M&eacute;dica<\/a><\/li><li class='ez-toc-page-1 ez-toc-heading-level-2'><a class=\"ez-toc-link ez-toc-heading-11\" href=\"https:\/\/med.estrategia.com\/portal\/residencia-medica\/residencia-medica-uff-edicao-2022-cronograma-vagas-e-mais\/#Veja-tambem\" >Veja tamb&eacute;m:<\/a><\/li><\/ul><\/nav><\/div>\n<h2 class=\"wp-block-heading\" id=\"h-o-que-e-a-uff\"><span class=\"ez-toc-section\" id=\"O-que-e-a-UFF\"><\/span>O que &eacute; a UFF?<span class=\"ez-toc-section-end\"><\/span><\/h2><p>Fundada em 1960, a <strong>Universidade Federal Fluminense (UFF)<\/strong> &eacute; uma institui&ccedil;&atilde;o de ensino&nbsp; voltada para os cursos de gradua&ccedil;&atilde;o e p&oacute;s-gradua&ccedil;&atilde;o. Sua cria&ccedil;&atilde;o &eacute; resultante da jun&ccedil;&atilde;o das Escolas Federais de Farm&aacute;cia, Odontologia e Direito. At&eacute; sua federaliza&ccedil;&atilde;o, a institui&ccedil;&atilde;o era chamada de Universidade Federal do Estado do Rio de Janeiro (UFERJ).<\/p><p>A UFF conta com o <strong>Hospital Universit&aacute;rio<\/strong> <strong>Ant&ocirc;nio Pedro (HUAP &ndash; UFF)<\/strong>, que &eacute; tamb&eacute;m um dos hospitais <strong>administrados<\/strong> pela <strong>Empresa Brasileira de Servi&ccedil;os Hospitalares (<a href=\"https:\/\/med.estrategia.com\/portal\/residencia-medica\/programa-de-residencia-medica\/ebserh-residencia-medica\/\" target=\"_blank\">EBSERH<\/a>)<\/strong>.<\/p><div class=\"wp-block-image\">\n<figure class=\"aligncenter size-large\"><img decoding=\"async\" src=\"https:\/\/med.estrategia.com\/portal\/wp-content\/uploads\/2021\/02\/uff-1-1024x728.webp\" alt=\"UFF Resid&ecirc;ncia M&eacute;dica \" class=\"wp-image-11891\"><figcaption class=\"wp-element-caption\">Foto: <a href=\"https:\/\/www.gov.br\/ebserh\/pt-br\/hospitais-universitarios\/regiao-sudeste\/huap-uff\/comunicacao\/noticias\/ordem-interna-de-servico-huap\" target=\"_blank\">Divulga&ccedil;&atilde;o Ebserh<\/a><\/figcaption><\/figure><\/div><h2 class=\"wp-block-heading\" id=\"h-edital-uff-residencia-medica-2022\"><span class=\"ez-toc-section\" id=\"Edital-UFF-Residencia-Medica-2022\"><\/span>Edital UFF Resid&ecirc;ncia M&eacute;dica 2022<span class=\"ez-toc-section-end\"><\/span><\/h2><p>A <strong>Universidade Federal Fluminense<\/strong> &eacute; uma das institui&ccedil;&otilde;es participantes do ENARE 2021, para ingresso em 2022. Confira o edital do seletivo unificado:<\/p><div class=\"wp-block-buttons is-horizontal is-content-justification-center is-layout-flex wp-container-core-buttons-is-layout-1 wp-block-buttons-is-layout-flex\">\n<div class=\"wp-block-button\"><a class=\"wp-block-button__link has-light-green-cyan-to-vivid-green-cyan-gradient-background has-background wp-element-button\" href=\"https:\/\/med.estrategia.com\/portal\/wp-content\/uploads\/2021\/10\/ed_1_2021_enare_medicos.pdf\" target=\"_blank\">Edital UFF &ndash; ENARE<\/a><\/div>\n<\/div><h2 class=\"wp-block-heading\" id=\"h-cronograma-da-uff-residencia-medica-2022\"><span class=\"ez-toc-section\" id=\"Cronograma-da-UFF-Residencia-Medica-2022\"><\/span>Cronograma da UFF Resid&ecirc;ncia M&eacute;dica 2022<span class=\"ez-toc-section-end\"><\/span><\/h2><ul class=\"wp-block-list\">\n<li><strong><strong>Publica&ccedil;&atilde;o do Edital:<\/strong>&nbsp;<\/strong>06\/10\/2021;<\/li>\n\n\n\n<li><strong><strong>Per&iacute;odo de Inscri&ccedil;&atilde;o:&nbsp;<\/strong><\/strong>20\/10 a 08\/11\/2021;<\/li>\n\n\n\n<li><strong><strong>Envio da documenta&ccedil;&atilde;o para an&aacute;lise curricular:&nbsp;<\/strong><\/strong>18\/10 a 12\/11;<\/li>\n\n\n\n<li><strong><strong>Solicita&ccedil;&atilde;o de isen&ccedil;&atilde;o da taxa:<\/strong><\/strong>&nbsp;20\/10 a 22\/10\/2021;<\/li>\n\n\n\n<li><strong><strong>Taxa de inscri&ccedil;&atilde;o<\/strong>:<\/strong> R$ 270,00;<\/li>\n\n\n\n<li><strong><strong>Divulga&ccedil;&atilde;o dos locais e hor&aacute;rios de prova:&nbsp;<\/strong><\/strong>01\/12\/2021;<\/li>\n\n\n\n<li><strong><strong>1&ordf; Etapa (Prova Objetiva):<\/strong>&nbsp;<\/strong>12\/12\/2021;<\/li>\n\n\n\n<li><strong><strong>Divulga&ccedil;&atilde;o do gabarito preliminar:&nbsp;<\/strong><\/strong>12\/12\/2021;<\/li>\n\n\n\n<li><strong><strong>Per&iacute;odo de recursos ao gabarito:&nbsp;<\/strong><\/strong>13 e 14\/12\/2021;<\/li>\n\n\n\n<li><strong><strong>Resultado da 1&ordf; Etapa e gabarito definitivo:<\/strong>&nbsp;<\/strong>24\/01\/2022;<\/li>\n\n\n\n<li><strong><strong>Resultado preliminar da an&aacute;lise curricular (2&ordf; Etapa):<\/strong><\/strong>&nbsp;24\/01\/2022;<\/li>\n\n\n\n<li><strong><strong>Recurso ao resultado da 2&ordf; Etapa:<\/strong><\/strong>&nbsp;25 e 26\/01\/2022; e<\/li>\n\n\n\n<li><strong><strong>Resultado Final:<\/strong>&nbsp;<\/strong>02\/02\/2022.<\/li>\n<\/ul><h2 class=\"wp-block-heading\" id=\"h-vagas-uff-residencia-medica-2022\"><span class=\"ez-toc-section\" id=\"Vagas-UFF-Residencia-Medica-2022\"><\/span>Vagas UFF Resid&ecirc;ncia M&eacute;dica 2022<span class=\"ez-toc-section-end\"><\/span><\/h2><p>Para o programa de Resid&ecirc;ncia M&eacute;dica 2022, a UFF ofereceu, ao todo, <strong>96 vagas<\/strong>. As vagas foram distribu&iacute;das entre especialidades de<strong> Acesso Direto<\/strong> e com <strong>Pr&eacute;-Requisito. <\/strong>Confira:<\/p><h3 class=\"wp-block-heading\" id=\"h-acesso-direto\">Acesso Direto<\/h3><figure class=\"wp-block-table is-style-stripes\"><table class=\"has-light-green-cyan-to-vivid-green-cyan-gradient-background has-background has-fixed-layout\"><thead><tr><th> ESPECIALIDADE <\/th><th class=\"has-text-align-center\" data-align=\"center\"> VAGAS <\/th><th class=\"has-text-align-center\" data-align=\"center\"> VAGAS RESERVADAS <\/th><\/tr><\/thead><tbody><tr><td>ANESTESIOLOGIA<\/td><td class=\"has-text-align-center\" data-align=\"center\">2<\/td><td class=\"has-text-align-center\" data-align=\"center\">2<\/td><\/tr><tr><td>CIRURGIA GERAL<\/td><td class=\"has-text-align-center\" data-align=\"center\">2<\/td><td class=\"has-text-align-center\" data-align=\"center\">2<\/td><\/tr><tr><td>CL&Iacute;NICA M&Eacute;DICA<\/td><td class=\"has-text-align-center\" data-align=\"center\">6<\/td><td class=\"has-text-align-center\" data-align=\"center\">0<\/td><\/tr><tr><td>DERMATOLOGIA<\/td><td class=\"has-text-align-center\" data-align=\"center\">5<\/td><td class=\"has-text-align-center\" data-align=\"center\">0<\/td><\/tr><tr><td>GINECOLOGIA E OBSTETR&Iacute;CIA<\/td><td class=\"has-text-align-center\" data-align=\"center\">2<\/td><td class=\"has-text-align-center\" data-align=\"center\">0<\/td><\/tr><tr><td>INFECTOLOGIA<\/td><td class=\"has-text-align-center\" data-align=\"center\">3<\/td><td class=\"has-text-align-center\" data-align=\"center\">0<\/td><\/tr><tr><td>MEDICINA NUCLEAR<\/td><td class=\"has-text-align-center\" data-align=\"center\">1<\/td><td class=\"has-text-align-center\" data-align=\"center\">0<\/td><\/tr><tr><td>MEDICINA PREVENTIVA E SOCIAL<\/td><td class=\"has-text-align-center\" data-align=\"center\">2<\/td><td class=\"has-text-align-center\" data-align=\"center\">0<\/td><\/tr><tr><td>NEUROCIRURGIA<\/td><td class=\"has-text-align-center\" data-align=\"center\">1<\/td><td class=\"has-text-align-center\" data-align=\"center\">0<\/td><\/tr><tr><td>NEUROLOGIA<\/td><td class=\"has-text-align-center\" data-align=\"center\">5<\/td><td class=\"has-text-align-center\" data-align=\"center\">0<\/td><\/tr><tr><td>OFTALMOLOGIA<\/td><td class=\"has-text-align-center\" data-align=\"center\">4<\/td><td class=\"has-text-align-center\" data-align=\"center\">1<\/td><\/tr><tr><td>ORTOPEDIA E TRAUMATOLOGIA<\/td><td class=\"has-text-align-center\" data-align=\"center\">2<\/td><td class=\"has-text-align-center\" data-align=\"center\">0<\/td><\/tr><tr><td>OTORRINOLARINGOLOGIA<\/td><td class=\"has-text-align-center\" data-align=\"center\">2<\/td><td class=\"has-text-align-center\" data-align=\"center\">0<\/td><\/tr><tr><td>PATOLOGIA<\/td><td class=\"has-text-align-center\" data-align=\"center\">3<\/td><td class=\"has-text-align-center\" data-align=\"center\">1<\/td><\/tr><tr><td>PATOLOGIA CL&Iacute;NICA\/MEDICINA LABORATORIAL<\/td><td class=\"has-text-align-center\" data-align=\"center\">1<\/td><td class=\"has-text-align-center\" data-align=\"center\">0<\/td><\/tr><tr><td>PEDIATRIA<\/td><td class=\"has-text-align-center\" data-align=\"center\">7<\/td><td class=\"has-text-align-center\" data-align=\"center\">0<\/td><\/tr><tr><td>PSIQUIATRIA<\/td><td class=\"has-text-align-center\" data-align=\"center\">2<\/td><td class=\"has-text-align-center\" data-align=\"center\">0<\/td><\/tr><tr><td>RADIOLOGIA E DIAGN&Oacute;STICO POR IMAGEM<\/td><td class=\"has-text-align-center\" data-align=\"center\">3<\/td><td class=\"has-text-align-center\" data-align=\"center\">0<\/td><\/tr><\/tbody><\/table><\/figure><h3 class=\"wp-block-heading\" id=\"h-pre-requisito\">Pr&eacute;-Requisito<\/h3><figure class=\"wp-block-table is-style-stripes\"><table class=\"has-light-green-cyan-to-vivid-green-cyan-gradient-background has-background has-fixed-layout\"><thead><tr><th> ESPECIALIDADE <\/th><th class=\"has-text-align-center\" data-align=\"center\"> VAGAS <\/th><\/tr><\/thead><tbody><tr><td>CARDIOLOGIA<\/td><td class=\"has-text-align-center\" data-align=\"center\">2<\/td><\/tr><tr><td>CIRURGIA DA M&Atilde;O<\/td><td class=\"has-text-align-center\" data-align=\"center\">1<\/td><\/tr><tr><td>CIRURGIA PL&Aacute;STICA<\/td><td class=\"has-text-align-center\" data-align=\"center\">1<\/td><\/tr><tr><td>CIRURGIA TOR&Aacute;CICA<\/td><td class=\"has-text-align-center\" data-align=\"center\">1<\/td><\/tr><tr><td>CIRURGIA VASCULAR<\/td><td class=\"has-text-align-center\" data-align=\"center\">1<\/td><\/tr><tr><td>ENDOCRINOLOGIA E METABOLOGIA<\/td><td class=\"has-text-align-center\" data-align=\"center\">3<\/td><\/tr><tr><td>GASTROENTEROLOGIA<\/td><td class=\"has-text-align-center\" data-align=\"center\">4<\/td><\/tr><tr><td>GERIATRIA<\/td><td class=\"has-text-align-center\" data-align=\"center\">2<\/td><\/tr><tr><td>HEMATOLOGIA E HEMOTERAPIA<\/td><td class=\"has-text-align-center\" data-align=\"center\">1<\/td><\/tr><tr><td>MASTOLOGIA<\/td><td class=\"has-text-align-center\" data-align=\"center\">2<\/td><\/tr><tr><td>NEFROLOGIA<\/td><td class=\"has-text-align-center\" data-align=\"center\">4<\/td><\/tr><tr><td>PNEUMOLOGIA<\/td><td class=\"has-text-align-center\" data-align=\"center\">2<\/td><\/tr><tr><td>UROLOGIA<\/td><td class=\"has-text-align-center\" data-align=\"center\">2<\/td><\/tr><\/tbody><\/table><\/figure><h3 class=\"wp-block-heading\" id=\"h-ano-adicional\">Ano Adicional<\/h3><figure class=\"wp-block-table is-style-stripes\"><table class=\"has-light-green-cyan-to-vivid-green-cyan-gradient-background has-background has-fixed-layout\"><thead><tr><th> ESPECIALIDADE <\/th><th class=\"has-text-align-center\" data-align=\"center\"> VAGAS <\/th><\/tr><\/thead><tbody><tr><td>CL&Iacute;NICA M&Eacute;DICA<\/td><td class=\"has-text-align-center\" data-align=\"center\">2<\/td><\/tr><tr><td>TRANSPLANTE DE C&Oacute;RNEA<\/td><td class=\"has-text-align-center\" data-align=\"center\">1<\/td><\/tr><\/tbody><\/table><\/figure><h3 class=\"wp-block-heading\" id=\"h-areas-de-atuacao\">&Aacute;reas de Atua&ccedil;&atilde;o<\/h3><figure class=\"wp-block-table is-style-stripes\"><table class=\"has-light-green-cyan-to-vivid-green-cyan-gradient-background has-background has-fixed-layout\"><thead><tr><th> ESPECIALIDADE <\/th><th class=\"has-text-align-center\" data-align=\"center\"> VAGAS <\/th><\/tr><\/thead><tbody><tr><td>ADMINISTRA&Ccedil;&Atilde;O EM SA&Uacute;DE<\/td><td class=\"has-text-align-center\" data-align=\"center\">2<\/td><\/tr><tr><td>ECOCARDIOGRAFIA<\/td><td class=\"has-text-align-center\" data-align=\"center\">1<\/td><\/tr><tr><td>ENDOSCOPIA RESPIRAT&Oacute;RIA<\/td><td class=\"has-text-align-center\" data-align=\"center\">1<\/td><\/tr><tr><td>NEONATOLOGIA<\/td><td class=\"has-text-align-center\" data-align=\"center\">3<\/td><\/tr><tr><td>NEUROFISIOLOGIA CL&Iacute;NICA<\/td><td class=\"has-text-align-center\" data-align=\"center\">2<\/td><\/tr><tr><td>NEUROLOGIA PEDI&Aacute;TRICA<\/td><td class=\"has-text-align-center\" data-align=\"center\">2<\/td><\/tr><tr><td>PNEUMOLOGIA PEDI&Aacute;TRICA<\/td><td class=\"has-text-align-center\" data-align=\"center\">1<\/td><\/tr><tr><td>PSIQUIATRIA DA INF&Acirc;NCIA E ADOLESC&Ecirc;NCIA<\/td><td class=\"has-text-align-center\" data-align=\"center\">2<\/td><\/tr><\/tbody><\/table><\/figure><h2 class=\"wp-block-heading\" id=\"h-inscricoes-uff-residencia-medica-2022\"><span class=\"ez-toc-section\" id=\"Inscricoes-UFF-Residencia-Medica-2022\"><\/span>Inscri&ccedil;&otilde;es UFF Resid&ecirc;ncia M&eacute;dica 2022<span class=\"ez-toc-section-end\"><\/span><\/h2><p>As inscri&ccedil;&otilde;es para o processo seletivo da UFF 2022 foram realizadas <strong>pela internet<\/strong>, por meio do <strong><a href=\"https:\/\/enare.ebserh.gov.br\/site-enare-2021\/concurso.jsp?id=350\" target=\"_blank\">site do ENARE<\/a><\/strong>. Os candidatos, al&eacute;m de acessar o link e preencher o formul&aacute;rio de inscri&ccedil;&atilde;o, fizeram o pagamento da<strong> taxa de inscri&ccedil;&atilde;o de R$ 270,00<\/strong>. Todo esse processo p&ocirc;de ser feito <strong>entre os dias <strong>20 de outubro e 8 de novembro de 2021<\/strong><\/strong>.<\/p><p>Os<strong> candidatos que desejassem solicitar a isen&ccedil;&atilde;o<\/strong> da taxa de inscri&ccedil;&atilde;o tiveram que preencher, entre os dias <strong><strong>20 e 22 de outubro de 2021<\/strong><\/strong>, um formul&aacute;rio de requerimento da isen&ccedil;&atilde;o no site.<\/p><p>Aqueles que necessitassem de<strong> atendimento especial<\/strong> na hora da prova tamb&eacute;m precisaram informar sua situa&ccedil;&atilde;o e recursos necess&aacute;rios no ato da inscri&ccedil;&atilde;o.<\/p><h2 class=\"wp-block-heading\" id=\"h-provab-e-prmgfc\"><span class=\"ez-toc-section\" id=\"PROVAB-e-PRMGFC\"><\/span>PROVAB e PRMGFC<span class=\"ez-toc-section-end\"><\/span><\/h2><p>Candidatos que participaram do Programa de Valoriza&ccedil;&atilde;o do Profissional da Aten&ccedil;&atilde;o B&aacute;sica<strong> (PROVAB)<\/strong> ou do Programa de Resid&ecirc;ncia em Medicina de Fam&iacute;lia e Comunidade\/Medicina Geral de Fam&iacute;lia e Comunidade <strong>(PRMGFC) <\/strong>a partir de 2015 tiveram <strong>direito a uma <\/strong><a href=\"https:\/\/med.estrategia.com\/portal\/atualidades\/bonus-na-prova-de-residencia-medica\/\" target=\"_blank\"><strong>pontua&ccedil;&atilde;o adicional<\/strong> <strong>de 10% na nota final <\/strong><\/a>do processo seletivo.<\/p><p>Os participantes desses programas e interessados na pontua&ccedil;&atilde;o adicional tiveram que <strong>informar sua situa&ccedil;&atilde;o no ato da inscri&ccedil;&atilde;o<\/strong>.<\/p><h2 class=\"wp-block-heading\" id=\"h-processo-seletivo-de-residencia-medica-da-uff-pelo-enare\"><span class=\"ez-toc-section\" id=\"Processo-Seletivo-de-Residencia-Medica-da-UFF-pelo-ENARE\"><\/span>Processo Seletivo de Resid&ecirc;ncia M&eacute;dica da UFF pelo ENARE <span class=\"ez-toc-section-end\"><\/span><\/h2><p>O exame ENARE, do qual a UFF faz parte, consistia em&nbsp;<strong>duas etapas<\/strong>: uma prova&nbsp;<strong>objetiva de m&uacute;ltipla escolha<\/strong>&nbsp;e uma<strong> An&aacute;lise Curricular<\/strong>. <\/p><p>Para mais informa&ccedil;&otilde;es sobre o ENARE 2021, <a href=\"https:\/\/med.estrategia.com\/portal\/residencia-medica\/programa-de-residencia-medica\/enare-residencia-medica\/\" target=\"_blank\">clique aqui!<\/a><\/p><h3 class=\"wp-block-heading\" id=\"h-1&ordf;-etapa-prova-objetiva\">1&ordf; etapa: Prova Objetiva<\/h3><p>A prova objetiva foi aplicada no dia <strong>12 de dezembro de 2021<\/strong> e o candidato p&ocirc;de escolher entre 50 cidades espalhadas pelo Brasil para realiz&aacute;-la. <\/p><p>Para as especialidades de<strong>&nbsp;acesso direto<\/strong>, a prova foi composta por&nbsp;<strong>100 quest&otilde;es objetivas<\/strong> em que foram cobrados assuntos relacionados &agrave;&nbsp;<a href=\"https:\/\/med.estrategia.com\/portal\/profissoes-da-medicina\/cirurgiao-geral\/\" target=\"_blank\">Cirurgia Geral,<\/a>&nbsp;<a href=\"https:\/\/med.estrategia.com\/portal\/profissoes-da-medicina\/ginecologia-e-obstetricia\/\" target=\"_blank\">Obstetr&iacute;cia e Ginecologia<\/a>,&nbsp;<a href=\"https:\/\/med.estrategia.com\/portal\/profissoes-da-medicina\/clinica-medica\/\" target=\"_blank\">Cl&iacute;nica M&eacute;dica<\/a>,&nbsp;<a href=\"https:\/\/med.estrategia.com\/portal\/profissoes-da-medicina\/tudo-sobre-pediatria\/\" target=\"_blank\">Pediatria<\/a>&nbsp;e&nbsp;<a href=\"https:\/\/med.estrategia.com\/portal\/profissoes-da-medicina\/medicina-preventiva-e-social\/\" target=\"_blank\">Medicina Preventiva e Social<\/a>. Foram 20 quest&otilde;es para cada&nbsp;<strong>&aacute;rea m&eacute;dica<\/strong>&nbsp;citada e&nbsp;<strong>cada quest&atilde;o valia 1 ponto.<\/strong><\/p><p>A prova foi diferentes para outros programas: para especialidades com&nbsp;<strong>pr&eacute;-requisito<\/strong>,<strong>&nbsp;anos adicionais e &aacute;reas de atua&ccedil;&atilde;o<\/strong> a prova foi composta por<strong>&nbsp;80 quest&otilde;es objetivas<\/strong> relacionadas aos<strong>&nbsp;conte&uacute;dos do pr&eacute;-requisito exigido<\/strong> para ingresso no programa. Cada quest&atilde;o valia&nbsp;<strong>1,25 ponto<\/strong>.<\/p><h3 class=\"wp-block-heading\" id=\"h-2&ordf;-etapa-analise-curricular\">2&ordf; etapa: An&aacute;lise Curricular<\/h3><p>Essa etapa correspondeu a 10% do total da nota dos candidatos, que tiveram de encaminhar<strong> seu curr&iacute;culo<\/strong>&nbsp;por meio da p&aacute;gina de Envio de Documentos para An&aacute;lise Curricular no <strong><a href=\"https:\/\/enare.ebserh.gov.br\/site-enare-2021\/concurso.jsp?id=350\" target=\"_blank\">site do ENARE<\/a><\/strong>. O prazo era do dia <strong>18 de outubro ao dia 12 de novembro<\/strong> de 2021.&nbsp;<\/p><p>N&atilde;o houve entrevista, apenas foram pontuados os itens dispostos no curr&iacute;culo. <strong>O resultado preliminar<\/strong>&nbsp;desta etapa foi divulgado no dia<strong>&nbsp;24 de janeiro de 2022<\/strong>, no site oficial do ENARE, e recebeu&nbsp;<strong>recursos entre os dias 25 e 26 de janeiro<\/strong>.<\/p><h2 class=\"wp-block-heading\" id=\"h-resultado-final-e-desempate-uff-residencia-medica-2022\"><span class=\"ez-toc-section\" id=\"Resultado-Final-e-Desempate-UFF-Residencia-Medica-2022\"><\/span>Resultado Final e Desempate UFF Resid&ecirc;ncia M&eacute;dica 2022<span class=\"ez-toc-section-end\"><\/span><\/h2><p>A<strong> nota final <\/strong>do processo seletivo para Resid&ecirc;ncia M&eacute;dica da UFF 2022 pelo ENARE <strong>foi divulgada no dia&nbsp;<strong>2 de fevereiro de 2022<\/strong> <\/strong>e definida pela seguinte f&oacute;rmula:<\/p><p class=\"has-text-align-center\"><strong>Nota final (NF) = (Nota da 1&ordf; Etapa x 9) + (Nota da 2&ordf; Etapa x 1) + (Pontua&ccedil;&atilde;o Adicional do item 7).<\/strong> <\/p><p>Com a nota obtida, os candidatos <strong>utilizaram a pontua&ccedil;&atilde;o para escolher<\/strong>, dentre as institui&ccedil;&otilde;es participantes. No caso de interesse na  <strong>Universidade Federal Fluminense (UFF)<\/strong>, essa precisava ser escolhida no sistema de escolha do ENARE. Confira o cronograma de escolha:<\/p><ul class=\"wp-block-list\">\n<li><strong>Resultado Final:<\/strong>&nbsp;02\/02\/2022;<\/li>\n\n\n\n<li><strong>1&ordf; oportunidade para escolha de institui&ccedil;&atilde;o:<\/strong>&nbsp;03\/02 a 07\/02;<\/li>\n\n\n\n<li><strong>Resultado 1&ordf; oportunidade:<\/strong>&nbsp;08\/02;<\/li>\n\n\n\n<li><strong>2&ordf; oportunidade para escolha de institui&ccedil;&atilde;o:<\/strong>&nbsp;09\/02 a 11\/02;<\/li>\n\n\n\n<li><strong>Resultado 2&ordf; oportunidade:&nbsp;<\/strong>14\/02;<\/li>\n\n\n\n<li><strong>Registro e Matr&iacute;cula:<\/strong>&nbsp;fevereiro de 2022 (previs&atilde;o).<\/li>\n<\/ul><p>Nas<strong> oportunidades de escolha<\/strong>&nbsp;cada candidato devia sinalizar a sua institui&ccedil;&atilde;o de interesse&nbsp;e, ao encerrar-se o prazo, o sistema privilegiou os candidatos inscritos com as&nbsp;<strong>melhores notas<\/strong>, determinando quem fica com as vagas.<\/p><p>Em caso de <strong>empate<\/strong> foram considerados os seguintes crit&eacute;rios:<\/p><ol class=\"wp-block-list\">\n<li>Maior idade, dentre os candidatos com idade igual ou superior a 60 anos;<\/li>\n\n\n\n<li>Maior pontua&ccedil;&atilde;o na prova objetiva; ou<\/li>\n\n\n\n<li>Candidato mais velho considerando dia, m&ecirc;s, ano e, se necess&aacute;rio, hora e minuto do nascimento.<\/li>\n<\/ol><h2 class=\"wp-block-heading\" id=\"h-nota-de-corte-uff-residencia-medica-2022\"><span class=\"ez-toc-section\" id=\"Nota-de-Corte-UFF-Residencia-Medica-2022\"><\/span>Nota de Corte UFF Resid&ecirc;ncia M&eacute;dica 2022 <span class=\"ez-toc-section-end\"><\/span><\/h2><p>Se voc&ecirc; est&aacute; pensando em participar do pr&oacute;ximo processo seletivo da UFF, n&atilde;o deixe de checar as notas de corte do concurso 2021!<\/p><figure class=\"wp-block-table is-style-stripes\"><table class=\"has-light-green-cyan-to-vivid-green-cyan-gradient-background has-background has-fixed-layout\"><thead><tr><th>Especialidades<\/th><th class=\"has-text-align-center\" data-align=\"center\">Nota<\/th><\/tr><\/thead><tbody><tr><td>Anestesiologia<\/td><td class=\"has-text-align-center\" data-align=\"center\">76<\/td><\/tr><tr><td>Cirurgia Geral<\/td><td class=\"has-text-align-center\" data-align=\"center\">74<\/td><\/tr><tr><td>Cl&iacute;nica M&eacute;dica<\/td><td class=\"has-text-align-center\" data-align=\"center\">82<\/td><\/tr><tr><td>Dermatologia<\/td><td class=\"has-text-align-center\" data-align=\"center\">82<\/td><\/tr><tr><td>Infectologia<\/td><td class=\"has-text-align-center\" data-align=\"center\">64<\/td><\/tr><tr><td>Medicina Nuclear<\/td><td class=\"has-text-align-center\" data-align=\"center\">76<\/td><\/tr><tr><td>Medicina Preventiva e Social<\/td><td class=\"has-text-align-center\" data-align=\"center\">50<\/td><\/tr><tr><td>Neurocirurgia<\/td><td class=\"has-text-align-center\" data-align=\"center\">78<\/td><\/tr><tr><td>Neurologia<\/td><td class=\"has-text-align-center\" data-align=\"center\">74<\/td><\/tr><tr><td>Obstetr&iacute;cia e Ginecologia<\/td><td class=\"has-text-align-center\" data-align=\"center\">78<\/td><\/tr><tr><td>Oftalmologia<\/td><td class=\"has-text-align-center\" data-align=\"center\">78<\/td><\/tr><tr><td>Otorrinolaringologia<\/td><td class=\"has-text-align-center\" data-align=\"center\">78<\/td><\/tr><tr><td>Patologia<\/td><td class=\"has-text-align-center\" data-align=\"center\">58<\/td><\/tr><tr><td>Patologia Cl&iacute;nica\/Medicina Laboratorial<\/td><td class=\"has-text-align-center\" data-align=\"center\">62<\/td><\/tr><tr><td>Pediatria<\/td><td class=\"has-text-align-center\" data-align=\"center\">72<\/td><\/tr><tr><td>Pr&eacute;-requisito em &Aacute;rea Cir&uacute;rgica B&aacute;sica<\/td><td class=\"has-text-align-center\" data-align=\"center\">80<\/td><\/tr><tr><td>Psiquiatria<\/td><td class=\"has-text-align-center\" data-align=\"center\">72<\/td><\/tr><tr><td>Radiologia e Diagn&oacute;stico por Imagem<\/td><td class=\"has-text-align-center\" data-align=\"center\">66<\/td><\/tr><\/tbody><\/table><\/figure><p>As&nbsp;<strong>notas s&atilde;o referentes &agrave;s pontua&ccedil;&otilde;es obtidas pelos &uacute;ltimos candidatos classificados<\/strong>.<\/p><h2 class=\"wp-block-heading\" id=\"h-estudando-para-a-prova-da-uff-residencia-medica\"><span class=\"ez-toc-section\" id=\"Estudando-para-a-Prova-da-UFF-Residencia-Medica\"><\/span>Estudando para a Prova da UFF Resid&ecirc;ncia M&eacute;dica<span class=\"ez-toc-section-end\"><\/span><\/h2><p>O <strong>estudo por resolu&ccedil;&atilde;o de quest&otilde;es<\/strong> &eacute; um dos m&eacute;todos mais <strong>pr&aacute;ticos <\/strong>de estudo. Por meio dele, os alunos<strong> conseguem treinar o que j&aacute; aprenderam nas aulas te&oacute;ricas.<\/strong> Esse meio de estudo faz com que os alunos sintam-se<strong> seguros na hora das avalia&ccedil;&otilde;es<\/strong>, pois al&eacute;m de se acostumarem ao<strong> tipo de quest&atilde;o<\/strong> da prova, os candidatos calculam <strong>seu tempo de resolu&ccedil;&atilde;o<\/strong> com mais precis&atilde;o.&nbsp;<\/p><p>Por isso, se voc&ecirc; est&aacute; estudando para a prova de <strong>Resid&ecirc;ncia M&eacute;dica<\/strong> da UFF\/ENARE, conhe&ccedil;a agora o <a href=\"https:\/\/med.estrategia.com\/portal\/banco-de-questoes-de-residencia-medica-e-revalida\/\" target=\"_blank\"><strong>Banco de Quest&otilde;es da Estrat&eacute;gia MED<\/strong><\/a>! Nele, voc&ecirc; encontra milhares de quest&otilde;es cadastradas, muitas j&aacute; comentadas pelos professores da Estrat&eacute;gia MED. <\/p><p>Al&eacute;m disso, nesta p&aacute;gina do blog, voc&ecirc; pode baixar de forma gratuita os cadernos de quest&otilde;es e os gabaritos do processo seletivo da UFF 2021!<\/p><div class=\"wp-block-buttons is-horizontal is-content-justification-center is-layout-flex wp-container-core-buttons-is-layout-2 wp-block-buttons-is-layout-flex\">\n<div class=\"wp-block-button\"><a class=\"wp-block-button__link has-light-green-cyan-to-vivid-green-cyan-gradient-background has-background wp-element-button\" href=\"https:\/\/cdn.medblog.estrategiaeducacional.com.br\/wp-content\/uploads\/2021\/02\/Provas-Objetivas-UFF.zip\" style=\"border-radius:50px\" target=\"_blank\">Provas Objetivas UFF 2021<\/a><\/div>\n<\/div><div class=\"wp-block-buttons is-horizontal is-content-justification-center is-layout-flex wp-container-core-buttons-is-layout-3 wp-block-buttons-is-layout-flex\">\n<div class=\"wp-block-button\"><a class=\"wp-block-button__link has-light-green-cyan-to-vivid-green-cyan-gradient-background has-background wp-element-button\" href=\"https:\/\/cdn.medblog.estrategiaeducacional.com.br\/wp-content\/uploads\/2021\/02\/Provas-Discursivas-UFF.zip\" style=\"border-radius:50px\" target=\"_blank\">Provas Discursivas UFF 2021<\/a><\/div>\n<\/div><div class=\"wp-block-buttons is-horizontal is-content-justification-center is-layout-flex wp-container-core-buttons-is-layout-4 wp-block-buttons-is-layout-flex\">\n<div class=\"wp-block-button\"><a class=\"wp-block-button__link has-light-green-cyan-to-vivid-green-cyan-gradient-background has-background wp-element-button\" href=\"https:\/\/cdn.medblog.estrategiaeducacional.com.br\/wp-content\/uploads\/2021\/02\/Gabaritos-Preliminares-UFF.zip\" style=\"border-radius:50px\" target=\"_blank\">Gabaritos Preliminares UFF 2021<\/a><\/div>\n<\/div><p><\/p><p><strong><a id=\"cta\" class=\"cta-imagem\" href=\"https:\/\/med.estrategia.com\/cursos\/extensivo-de-residncia-mdica\/\" target=\"blank\">\n                <img decoding=\"async\" width=\"100%\" src=\"https:\/\/med.estrategia.com\/portal\/wp-content\/uploads\/2025\/08\/extensivo_rm.jpg\" alt=\"Extensivo RM\" title=\"extensivo_rm\">\n        <\/a><\/strong><\/p><h2 class=\"wp-block-heading\" id=\"h-veja-tambem\"><span class=\"ez-toc-section\" id=\"Veja-tambem\"><\/span>Veja tamb&eacute;m:<span class=\"ez-toc-section-end\"><\/span><\/h2><ul class=\"wp-block-list\">\n<li><a href=\"https:\/\/med.estrategia.com\/portal\/residencia-medica\/residencia-medica-ufrj\/\">Resid&ecirc;ncia M&eacute;dica UFRJ<\/a><\/li>\n\n\n\n<li><a href=\"https:\/\/med.estrategia.com\/portal\/residencia-medica\/uff-residencia-medic\/\">Resid&ecirc;ncia M&eacute;dica UFF<\/a><\/li>\n\n\n\n<li><a href=\"https:\/\/med.estrategia.com\/portal\/residencia-medica\/uerj-residencia-medica\/\">Resid&ecirc;ncia M&eacute;dica UERJ<\/a><\/li>\n\n\n\n<li><a href=\"https:\/\/med.estrategia.com\/portal\/residencia-medica\/ses-rj-residencia-medica\/\">Resid&ecirc;ncia M&eacute;dica SES-RJ<\/a><\/li>\n\n\n\n<li><a href=\"https:\/\/med.estrategia.com\/portal\/residencia-medica\/sms-rj-residencia-medica\/\">Resid&ecirc;ncia M&eacute;dica SMS-RJ<\/a><\/li>\n\n\n\n<li><a href=\"https:\/\/med.estrategia.com\/portal\/residencia-medica\/psu-mg-residencia-medica\/\">Resid&ecirc;ncia M&eacute;dica PSU-MG<\/a><\/li>\n\n\n\n<li><a href=\"https:\/\/med.estrategia.com\/portal\/residencia-medica\/especialidades\/10-residencias-medicas-menos-concorridas\/\">10 resid&ecirc;ncias m&eacute;dicas menos concorridas<\/a><\/li>\n\n\n\n<li><a href=\"https:\/\/med.estrategia.com\/portal\/residencia-medica\/especialidades\/10-residencias-medicas-com-mais-vagas-por-especialidade\/\">10 Resid&ecirc;ncias M&eacute;dicas com mais vagas por especialidade<\/a><\/li>\n\n\n\n<li><a href=\"https:\/\/med.estrategia.com\/portal\/residencia-medica\/residencias-medicas-mais-concorridos\/\">10 Resid&ecirc;ncias M&eacute;dicas mais concorridas<\/a><\/li>\n\n\n\n<li><a href=\"https:\/\/med.estrategia.com\/portal\/residencia-medica\/usp-sp-residencia-medica\/\">Resid&ecirc;ncia M&eacute;dica USP SP<\/a><\/li>\n\n\n\n<li><a href=\"https:\/\/med.estrategia.com\/portal\/residencia-medica\/enare-vagas-cronograma-provas-edital\/\">Resid&ecirc;ncia M&eacute;dica ENARE<\/a><\/li>\n<\/ul><\/p>\n","protected":false},"excerpt":{"rendered":"Se voc&ecirc; tem interesse pelo exame para Resid&ecirc;ncia M&eacute;dica da UFF 2022, n&atilde;o perca as informa&ccedil;&otilde;es que a&hellip;\n","protected":false},"author":39,"featured_media":6584,"comment_status":"open","ping_status":"open","sticky":false,"template":"","format":"standard","meta":{"wl_entities_gutenberg":"","footnotes":""},"categories":[24],"tags":[],"wl_entity_type":[199],"class_list":{"0":"post-46730","1":"post","2":"type-post","3":"status-publish","4":"format-standard","5":"has-post-thumbnail","7":"category-residencia-medica","8":"wl_entity_type-article"},"acf":[],"yoast_head":"<!-- This site is optimized with the Yoast SEO Premium plugin v26.6 (Yoast SEO v26.6) - https:\/\/yoast.com\/wordpress\/plugins\/seo\/ -->\n<title>Resid\u00eancia M\u00e9dica UFF: edi\u00e7\u00e3o 2022, cronograma, vagas e mais!<\/title>\n<meta name=\"description\" content=\"Confira aqui todas as informa\u00e7\u00f5es que o Estrat\u00e9gia MED separou sobre o processo seletivo para Resid\u00eancia M\u00e9dica da UFF 2022!\" \/>\n<meta name=\"robots\" content=\"index, follow, max-snippet:-1, max-image-preview:large, max-video-preview:-1\" \/>\n<link rel=\"canonical\" href=\"https:\/\/med.estrategia.com\/portal\/residencia-medica\/residencia-medica-uff-edicao-2022-cronograma-vagas-e-mais\/\" \/>\n<meta property=\"og:locale\" content=\"pt_BR\" \/>\n<meta property=\"og:type\" content=\"article\" \/>\n<meta property=\"og:title\" content=\"Resid\u00eancia M\u00e9dica UFF: edi\u00e7\u00e3o 2022, cronograma, vagas e mais!\" \/>\n<meta property=\"og:description\" content=\"Confira aqui todas as informa\u00e7\u00f5es que o Estrat\u00e9gia MED separou sobre o processo seletivo para Resid\u00eancia M\u00e9dica da UFF 2022!\" \/>\n<meta property=\"og:url\" content=\"https:\/\/med.estrategia.com\/portal\/residencia-medica\/residencia-medica-uff-edicao-2022-cronograma-vagas-e-mais\/\" \/>\n<meta property=\"og:site_name\" content=\"Estrat\u00e9gia MED\" \/>\n<meta property=\"article:publisher\" content=\"https:\/\/www.facebook.com\/estrategiamed1\" \/>\n<meta property=\"article:published_time\" content=\"2021-10-12T13:55:00+00:00\" \/>\n<meta property=\"article:modified_time\" content=\"2023-09-12T14:07:02+00:00\" \/>\n<meta property=\"og:image\" content=\"https:\/\/cdn.medblog.estrategiaeducacional.com.br\/wp-content\/uploads\/2021\/02\/17073429\/UFF.jpg\" \/>\n\t<meta property=\"og:image:width\" content=\"1920\" \/>\n\t<meta property=\"og:image:height\" content=\"1080\" \/>\n\t<meta property=\"og:image:type\" content=\"image\/jpeg\" \/>\n<meta name=\"author\" content=\"Ana Carolina Damasceno\" \/>\n<meta name=\"twitter:card\" content=\"summary_large_image\" \/>\n<meta name=\"twitter:creator\" content=\"@estrategiamed_\" \/>\n<meta name=\"twitter:site\" content=\"@estrategiamed_\" \/>\n<meta name=\"twitter:label1\" content=\"Escrito por\" \/>\n\t<meta name=\"twitter:data1\" content=\"Ana Carolina Damasceno\" \/>\n\t<meta name=\"twitter:label2\" content=\"Est. tempo de leitura\" \/>\n\t<meta name=\"twitter:data2\" content=\"9 minutos\" \/>\n<script type=\"application\/ld+json\" class=\"yoast-schema-graph\">{\"@context\":\"https:\/\/schema.org\",\"@graph\":[{\"@type\":\"WebPage\",\"@id\":\"https:\/\/med.estrategia.com\/portal\/residencia-medica\/residencia-medica-uff-edicao-2022-cronograma-vagas-e-mais\/\",\"url\":\"https:\/\/med.estrategia.com\/portal\/residencia-medica\/residencia-medica-uff-edicao-2022-cronograma-vagas-e-mais\/\",\"name\":\"Resid\u00eancia M\u00e9dica UFF: edi\u00e7\u00e3o 2022, cronograma, vagas e mais!\",\"isPartOf\":{\"@id\":\"https:\/\/med.estrategia.com\/portal\/#website\"},\"primaryImageOfPage\":{\"@id\":\"https:\/\/med.estrategia.com\/portal\/residencia-medica\/residencia-medica-uff-edicao-2022-cronograma-vagas-e-mais\/#primaryimage\"},\"image\":{\"@id\":\"https:\/\/med.estrategia.com\/portal\/residencia-medica\/residencia-medica-uff-edicao-2022-cronograma-vagas-e-mais\/#primaryimage\"},\"thumbnailUrl\":\"https:\/\/med.estrategia.com\/portal\/wp-content\/uploads\/2021\/02\/UFF.jpg\",\"datePublished\":\"2021-10-12T13:55:00+00:00\",\"dateModified\":\"2023-09-12T14:07:02+00:00\",\"author\":{\"@id\":\"https:\/\/med.estrategia.com\/portal\/#\/schema\/person\/2f553adbb8e25fe39d145c5b2927f58c\"},\"description\":\"Confira aqui todas as informa\u00e7\u00f5es que o Estrat\u00e9gia MED separou sobre o processo seletivo para Resid\u00eancia M\u00e9dica da UFF 2022!\",\"breadcrumb\":{\"@id\":\"https:\/\/med.estrategia.com\/portal\/residencia-medica\/residencia-medica-uff-edicao-2022-cronograma-vagas-e-mais\/#breadcrumb\"},\"inLanguage\":\"pt-BR\",\"potentialAction\":[{\"@type\":\"ReadAction\",\"target\":[\"https:\/\/med.estrategia.com\/portal\/residencia-medica\/residencia-medica-uff-edicao-2022-cronograma-vagas-e-mais\/\"]}]},{\"@type\":\"ImageObject\",\"inLanguage\":\"pt-BR\",\"@id\":\"https:\/\/med.estrategia.com\/portal\/residencia-medica\/residencia-medica-uff-edicao-2022-cronograma-vagas-e-mais\/#primaryimage\",\"url\":\"https:\/\/med.estrategia.com\/portal\/wp-content\/uploads\/2021\/02\/UFF.jpg\",\"contentUrl\":\"https:\/\/med.estrategia.com\/portal\/wp-content\/uploads\/2021\/02\/UFF.jpg\",\"width\":1920,\"height\":1080,\"caption\":\"UFF Resid\u00eancia M\u00e9dica\"},{\"@type\":\"BreadcrumbList\",\"@id\":\"https:\/\/med.estrategia.com\/portal\/residencia-medica\/residencia-medica-uff-edicao-2022-cronograma-vagas-e-mais\/#breadcrumb\",\"itemListElement\":[{\"@type\":\"ListItem\",\"position\":1,\"name\":\"Home\",\"item\":\"https:\/\/med.estrategia.com\/portal\/\"},{\"@type\":\"ListItem\",\"position\":2,\"name\":\"Resid\u00eancia M\u00e9dica\",\"item\":\"https:\/\/med.estrategia.com\/portal\/residencia-medica\/\"},{\"@type\":\"ListItem\",\"position\":3,\"name\":\"Resid\u00eancia M\u00e9dica UFF: edi\u00e7\u00e3o 2022, cronograma, vagas e mais!\"}]},{\"@type\":\"WebSite\",\"@id\":\"https:\/\/med.estrategia.com\/portal\/#website\",\"url\":\"https:\/\/med.estrategia.com\/portal\/\",\"name\":\"Estrat\u00e9gia MED\",\"description\":\"\",\"potentialAction\":[{\"@type\":\"SearchAction\",\"target\":{\"@type\":\"EntryPoint\",\"urlTemplate\":\"https:\/\/med.estrategia.com\/portal\/?s={search_term_string}\"},\"query-input\":{\"@type\":\"PropertyValueSpecification\",\"valueRequired\":true,\"valueName\":\"search_term_string\"}}],\"inLanguage\":\"pt-BR\"},{\"@type\":\"Person\",\"@id\":\"https:\/\/med.estrategia.com\/portal\/#\/schema\/person\/2f553adbb8e25fe39d145c5b2927f58c\",\"name\":\"Ana Carolina Damasceno\",\"image\":{\"@type\":\"ImageObject\",\"inLanguage\":\"pt-BR\",\"@id\":\"https:\/\/med.estrategia.com\/portal\/#\/schema\/person\/image\/\",\"url\":\"https:\/\/med.estrategia.com\/portal\/wp-content\/uploads\/2021\/09\/WhatsApp-Image-2023-08-18-at-16.46.43-150x150.jpeg\",\"contentUrl\":\"https:\/\/med.estrategia.com\/portal\/wp-content\/uploads\/2021\/09\/WhatsApp-Image-2023-08-18-at-16.46.43-150x150.jpeg\",\"caption\":\"Ana Carolina Damasceno\"},\"description\":\"Coordenadora de Jornalismo EMED. Comunicadora por natureza e forma\u00e7\u00e3o, que ama e perde a no\u00e7\u00e3o do tempo com m\u00fasica e s\u00e9rie.\",\"url\":\"https:\/\/med.estrategia.com\/portal\/author\/ana-carolina-damasceno\/\"}]}<\/script>\n<!-- \/ Yoast SEO Premium plugin. -->","yoast_head_json":{"title":"Resid\u00eancia M\u00e9dica UFF: edi\u00e7\u00e3o 2022, cronograma, vagas e mais!","description":"Confira aqui todas as informa\u00e7\u00f5es que o Estrat\u00e9gia MED separou sobre o processo seletivo para Resid\u00eancia M\u00e9dica da UFF 2022!","robots":{"index":"index","follow":"follow","max-snippet":"max-snippet:-1","max-image-preview":"max-image-preview:large","max-video-preview":"max-video-preview:-1"},"canonical":"https:\/\/med.estrategia.com\/portal\/residencia-medica\/residencia-medica-uff-edicao-2022-cronograma-vagas-e-mais\/","og_locale":"pt_BR","og_type":"article","og_title":"Resid\u00eancia M\u00e9dica UFF: edi\u00e7\u00e3o 2022, cronograma, vagas e mais!","og_description":"Confira aqui todas as informa\u00e7\u00f5es que o Estrat\u00e9gia MED separou sobre o processo seletivo para Resid\u00eancia M\u00e9dica da UFF 2022!","og_url":"https:\/\/med.estrategia.com\/portal\/residencia-medica\/residencia-medica-uff-edicao-2022-cronograma-vagas-e-mais\/","og_site_name":"Estrat\u00e9gia MED","article_publisher":"https:\/\/www.facebook.com\/estrategiamed1","article_published_time":"2021-10-12T13:55:00+00:00","article_modified_time":"2023-09-12T14:07:02+00:00","og_image":[{"width":1920,"height":1080,"url":"https:\/\/cdn.medblog.estrategiaeducacional.com.br\/wp-content\/uploads\/2021\/02\/17073429\/UFF.jpg","type":"image\/jpeg"}],"author":"Ana Carolina Damasceno","twitter_card":"summary_large_image","twitter_creator":"@estrategiamed_","twitter_site":"@estrategiamed_","twitter_misc":{"Escrito por":"Ana Carolina Damasceno","Est. tempo de leitura":"9 minutos"},"schema":{"@context":"https:\/\/schema.org","@graph":[{"@type":"WebPage","@id":"https:\/\/med.estrategia.com\/portal\/residencia-medica\/residencia-medica-uff-edicao-2022-cronograma-vagas-e-mais\/","url":"https:\/\/med.estrategia.com\/portal\/residencia-medica\/residencia-medica-uff-edicao-2022-cronograma-vagas-e-mais\/","name":"Resid\u00eancia M\u00e9dica UFF: edi\u00e7\u00e3o 2022, cronograma, vagas e mais!","isPartOf":{"@id":"https:\/\/med.estrategia.com\/portal\/#website"},"primaryImageOfPage":{"@id":"https:\/\/med.estrategia.com\/portal\/residencia-medica\/residencia-medica-uff-edicao-2022-cronograma-vagas-e-mais\/#primaryimage"},"image":{"@id":"https:\/\/med.estrategia.com\/portal\/residencia-medica\/residencia-medica-uff-edicao-2022-cronograma-vagas-e-mais\/#primaryimage"},"thumbnailUrl":"https:\/\/med.estrategia.com\/portal\/wp-content\/uploads\/2021\/02\/UFF.jpg","datePublished":"2021-10-12T13:55:00+00:00","dateModified":"2023-09-12T14:07:02+00:00","author":{"@id":"https:\/\/med.estrategia.com\/portal\/#\/schema\/person\/2f553adbb8e25fe39d145c5b2927f58c"},"description":"Confira aqui todas as informa\u00e7\u00f5es que o Estrat\u00e9gia MED separou sobre o processo seletivo para Resid\u00eancia M\u00e9dica da UFF 2022!","breadcrumb":{"@id":"https:\/\/med.estrategia.com\/portal\/residencia-medica\/residencia-medica-uff-edicao-2022-cronograma-vagas-e-mais\/#breadcrumb"},"inLanguage":"pt-BR","potentialAction":[{"@type":"ReadAction","target":["https:\/\/med.estrategia.com\/portal\/residencia-medica\/residencia-medica-uff-edicao-2022-cronograma-vagas-e-mais\/"]}]},{"@type":"ImageObject","inLanguage":"pt-BR","@id":"https:\/\/med.estrategia.com\/portal\/residencia-medica\/residencia-medica-uff-edicao-2022-cronograma-vagas-e-mais\/#primaryimage","url":"https:\/\/med.estrategia.com\/portal\/wp-content\/uploads\/2021\/02\/UFF.jpg","contentUrl":"https:\/\/med.estrategia.com\/portal\/wp-content\/uploads\/2021\/02\/UFF.jpg","width":1920,"height":1080,"caption":"UFF Resid\u00eancia M\u00e9dica"},{"@type":"BreadcrumbList","@id":"https:\/\/med.estrategia.com\/portal\/residencia-medica\/residencia-medica-uff-edicao-2022-cronograma-vagas-e-mais\/#breadcrumb","itemListElement":[{"@type":"ListItem","position":1,"name":"Home","item":"https:\/\/med.estrategia.com\/portal\/"},{"@type":"ListItem","position":2,"name":"Resid\u00eancia M\u00e9dica","item":"https:\/\/med.estrategia.com\/portal\/residencia-medica\/"},{"@type":"ListItem","position":3,"name":"Resid\u00eancia M\u00e9dica UFF: edi\u00e7\u00e3o 2022, cronograma, vagas e mais!"}]},{"@type":"WebSite","@id":"https:\/\/med.estrategia.com\/portal\/#website","url":"https:\/\/med.estrategia.com\/portal\/","name":"Estrat\u00e9gia MED","description":"","potentialAction":[{"@type":"SearchAction","target":{"@type":"EntryPoint","urlTemplate":"https:\/\/med.estrategia.com\/portal\/?s={search_term_string}"},"query-input":{"@type":"PropertyValueSpecification","valueRequired":true,"valueName":"search_term_string"}}],"inLanguage":"pt-BR"},{"@type":"Person","@id":"https:\/\/med.estrategia.com\/portal\/#\/schema\/person\/2f553adbb8e25fe39d145c5b2927f58c","name":"Ana Carolina Damasceno","image":{"@type":"ImageObject","inLanguage":"pt-BR","@id":"https:\/\/med.estrategia.com\/portal\/#\/schema\/person\/image\/","url":"https:\/\/med.estrategia.com\/portal\/wp-content\/uploads\/2021\/09\/WhatsApp-Image-2023-08-18-at-16.46.43-150x150.jpeg","contentUrl":"https:\/\/med.estrategia.com\/portal\/wp-content\/uploads\/2021\/09\/WhatsApp-Image-2023-08-18-at-16.46.43-150x150.jpeg","caption":"Ana Carolina Damasceno"},"description":"Coordenadora de Jornalismo EMED. Comunicadora por natureza e forma\u00e7\u00e3o, que ama e perde a no\u00e7\u00e3o do tempo com m\u00fasica e s\u00e9rie.","url":"https:\/\/med.estrategia.com\/portal\/author\/ana-carolina-damasceno\/"}]}},"_wl_alt_label":[],"wl:entity_url":"\/post\/residencia-medica-uff-edicao-2022-cronograma-vagas-e-mais","_links":{"self":[{"href":"https:\/\/med.estrategia.com\/portal\/wp-json\/wp\/v2\/posts\/46730","targetHints":{"allow":["GET"]}}],"collection":[{"href":"https:\/\/med.estrategia.com\/portal\/wp-json\/wp\/v2\/posts"}],"about":[{"href":"https:\/\/med.estrategia.com\/portal\/wp-json\/wp\/v2\/types\/post"}],"author":[{"embeddable":true,"href":"https:\/\/med.estrategia.com\/portal\/wp-json\/wp\/v2\/users\/39"}],"replies":[{"embeddable":true,"href":"https:\/\/med.estrategia.com\/portal\/wp-json\/wp\/v2\/comments?post=46730"}],"version-history":[{"count":1,"href":"https:\/\/med.estrategia.com\/portal\/wp-json\/wp\/v2\/posts\/46730\/revisions"}],"predecessor-version":[{"id":46731,"href":"https:\/\/med.estrategia.com\/portal\/wp-json\/wp\/v2\/posts\/46730\/revisions\/46731"}],"wp:featuredmedia":[{"embeddable":true,"href":"https:\/\/med.estrategia.com\/portal\/wp-json\/wp\/v2\/media\/6584"}],"wp:attachment":[{"href":"https:\/\/med.estrategia.com\/portal\/wp-json\/wp\/v2\/media?parent=46730"}],"wp:term":[{"taxonomy":"category","embeddable":true,"href":"https:\/\/med.estrategia.com\/portal\/wp-json\/wp\/v2\/categories?post=46730"},{"taxonomy":"post_tag","embeddable":true,"href":"https:\/\/med.estrategia.com\/portal\/wp-json\/wp\/v2\/tags?post=46730"},{"taxonomy":"wl_entity_type","embeddable":true,"href":"https:\/\/med.estrategia.com\/portal\/wp-json\/wp\/v2\/wl_entity_type?post=46730"}],"curies":[{"name":"wp","href":"https:\/\/api.w.org\/{rel}","templated":true}]}}