{"id":47520,"date":"2023-09-19T17:15:11","date_gmt":"2023-09-19T20:15:11","guid":{"rendered":"https:\/\/med.estrategia.com\/portal\/?p=47520"},"modified":"2023-09-19T17:15:17","modified_gmt":"2023-09-19T20:15:17","slug":"concurso-publico-da-pmerj-tem-provas-adiadas","status":"publish","type":"post","link":"https:\/\/med.estrategia.com\/portal\/concursos\/concurso-publico-da-pmerj-tem-provas-adiadas\/","title":{"rendered":"Concurso P\u00fablico da PMERJ tem provas adiadas"},"content":{"rendered":"<p>A<strong> Secretaria de Estado de Pol&iacute;cia Militar do Rio de Janeiro<\/strong> (SEPM-RJ) divulgou o <a href=\"https:\/\/dhg1h5j42swfq.cloudfront.net\/2023\/09\/19154611\/image-2023-09-19t154610-120.png\" target=\"_blank\">adiamento da prova<\/a>, <strong>prevista para o dia 01 de outubro<\/strong>, do <strong>concurso p&uacute;blico que inclui vagas para m&eacute;dicos. &nbsp;&nbsp;<\/strong><p>Segundo a corpora&ccedil;&atilde;o, a decis&atilde;o &eacute; preventiva e se originou devido &agrave;s diversas den&uacute;ncias de fraudes durante a aplica&ccedil;&atilde;o das provas para sele&ccedil;&atilde;o de soldado, sob responsabilidade da empresa IBADE.&nbsp;<\/p><p>No total, <strong>s&atilde;o 42 vagas dispon&iacute;veis para diversas especialidades m&eacute;dicas<\/strong>, incluindo Cl&iacute;nica M&eacute;dica e Pediatria. <strong>Os sal&aacute;rios chegam at&eacute; R$11.505,73<\/strong> ap&oacute;s as respectivas conclus&otilde;es do Curso de Forma&ccedil;&atilde;o e Est&aacute;gio Probat&oacute;rio.<\/p><p><strong>A avalia&ccedil;&atilde;o deste concurso &eacute; composta por 8 etapas<\/strong>, <strong>todas realizadas na cidade do Rio de Janeiro<\/strong>. S&atilde;o elas: prova objetiva, preenchimento do Formul&aacute;rio de Informa&ccedil;&otilde;es Confidenciais (FIC) e verifica&ccedil;&atilde;o dos requisitos, teste de aptid&atilde;o, exame psicol&oacute;gico, exame de sa&uacute;de, social e toxicol&oacute;gico, avalia&ccedil;&atilde;o de documentos e avalia&ccedil;&atilde;o de t&iacute;tulos.<\/p><p>Para mais informa&ccedil;&otilde;es sobre vagas e processo seletivo, <a href=\"https:\/\/med.estrategia.com\/portal\/concursos\/concurso-medico-policia-militar-rj\/\" target=\"_blank\">acesse aqui.&nbsp;<\/a><\/p><h2 class=\"wp-block-heading\" id=\"h-estrategia-med-tira-todas-as-duvidas-sobre-edital-para-medicos-da-pmerj\">Estrat&eacute;gia MED tira todas as d&uacute;vidas sobre edital para m&eacute;dicos da PMERJ&nbsp;<\/h2><p>Aproveite e veja o<strong> webin&aacute;rio <\/strong>comandado pelo<strong> professor do Estrat&eacute;gia MED, Jo&atilde;o Paulo Telles, <\/strong>com informa&ccedil;&otilde;es completas sobre o<strong> concurso p&uacute;blico para m&eacute;dico da Pol&iacute;cia Militar do Estado do Rio de Janeiro. <\/strong>A transmiss&atilde;o aconteceu em nosso<a href=\"https:\/\/www.youtube.com\/@EstrategiaMED\" target=\"_blank\"> canal do Youtube<\/a><strong> no dia 09 de julho de 2023.&nbsp;<\/strong><\/p><p>E n&atilde;o se esque&ccedil;a de<strong> se inscrever em nosso canal e ativar o sino de notifica&ccedil;&atilde;o <\/strong>para n&atilde;o perder nenhuma <strong>novidade sobre concursos p&uacute;blicos com cargos m&eacute;dicos, atualiza&ccedil;&otilde;es m&eacute;dicas e muito mais!<\/strong><\/p><\/p>\n","protected":false},"excerpt":{"rendered":"Ainda n\u00e3o h\u00e1 previs\u00e3o de novas datas para o processo seletivo e continuidade do concurso p\u00fablico com vagas para m\u00e9dicos da PMERJ \n","protected":false},"author":45,"featured_media":47519,"comment_status":"closed","ping_status":"closed","sticky":false,"template":"","format":"standard","meta":{"wl_entities_gutenberg":"","footnotes":""},"categories":[474],"tags":[],"wl_entity_type":[199],"class_list":{"0":"post-47520","1":"post","2":"type-post","3":"status-publish","4":"format-standard","5":"has-post-thumbnail","7":"category-concursos","8":"wl_entity_type-article"},"acf":[],"yoast_head":"<!-- This site is optimized with the Yoast SEO Premium plugin v26.6 (Yoast SEO v26.6) - https:\/\/yoast.com\/wordpress\/plugins\/seo\/ -->\n<title>Concurso P\u00fablico da PMERJ tem provas adiadas<\/title>\n<meta name=\"description\" content=\"Ainda n\u00e3o h\u00e1 previs\u00e3o de novas datas para o processo seletivo e continuidade do concurso p\u00fablico com vagas para m\u00e9dicos da PMERJ\" \/>\n<meta name=\"robots\" content=\"index, follow, max-snippet:-1, max-image-preview:large, max-video-preview:-1\" \/>\n<link rel=\"canonical\" href=\"https:\/\/med.estrategia.com\/portal\/concursos\/concurso-publico-da-pmerj-tem-provas-adiadas\/\" \/>\n<meta property=\"og:locale\" content=\"pt_BR\" \/>\n<meta property=\"og:type\" content=\"article\" \/>\n<meta property=\"og:title\" content=\"Concurso P\u00fablico da PMERJ tem provas adiadas\" \/>\n<meta property=\"og:description\" content=\"Ainda n\u00e3o h\u00e1 previs\u00e3o de novas datas para o processo seletivo e continuidade do concurso p\u00fablico com vagas para m\u00e9dicos da PMERJ\" \/>\n<meta property=\"og:url\" content=\"https:\/\/med.estrategia.com\/portal\/concursos\/concurso-publico-da-pmerj-tem-provas-adiadas\/\" \/>\n<meta property=\"og:site_name\" content=\"Estrat\u00e9gia MED\" \/>\n<meta property=\"article:publisher\" content=\"https:\/\/www.facebook.com\/estrategiamed1\" \/>\n<meta property=\"article:published_time\" content=\"2023-09-19T20:15:11+00:00\" \/>\n<meta property=\"article:modified_time\" content=\"2023-09-19T20:15:17+00:00\" \/>\n<meta property=\"og:image\" content=\"https:\/\/cdn.medblog.estrategiaeducacional.com.br\/wp-content\/uploads\/2023\/09\/Concursos-Medicos_PMERJ.jpg\" \/>\n\t<meta property=\"og:image:width\" content=\"1280\" \/>\n\t<meta property=\"og:image:height\" content=\"720\" \/>\n\t<meta property=\"og:image:type\" content=\"image\/jpeg\" \/>\n<meta name=\"author\" content=\"Priscila Pereira\" \/>\n<meta name=\"twitter:card\" content=\"summary_large_image\" \/>\n<meta name=\"twitter:creator\" content=\"@estrategiamed_\" \/>\n<meta name=\"twitter:site\" content=\"@estrategiamed_\" \/>\n<meta name=\"twitter:label1\" content=\"Escrito por\" \/>\n\t<meta name=\"twitter:data1\" content=\"Priscila Pereira\" \/>\n\t<meta name=\"twitter:label2\" content=\"Est. tempo de leitura\" \/>\n\t<meta name=\"twitter:data2\" content=\"1 minuto\" \/>\n<script type=\"application\/ld+json\" class=\"yoast-schema-graph\">{\"@context\":\"https:\/\/schema.org\",\"@graph\":[{\"@type\":\"WebPage\",\"@id\":\"https:\/\/med.estrategia.com\/portal\/concursos\/concurso-publico-da-pmerj-tem-provas-adiadas\/\",\"url\":\"https:\/\/med.estrategia.com\/portal\/concursos\/concurso-publico-da-pmerj-tem-provas-adiadas\/\",\"name\":\"Concurso P\u00fablico da PMERJ tem provas adiadas\",\"isPartOf\":{\"@id\":\"https:\/\/med.estrategia.com\/portal\/#website\"},\"primaryImageOfPage\":{\"@id\":\"https:\/\/med.estrategia.com\/portal\/concursos\/concurso-publico-da-pmerj-tem-provas-adiadas\/#primaryimage\"},\"image\":{\"@id\":\"https:\/\/med.estrategia.com\/portal\/concursos\/concurso-publico-da-pmerj-tem-provas-adiadas\/#primaryimage\"},\"thumbnailUrl\":\"https:\/\/med.estrategia.com\/portal\/wp-content\/uploads\/2023\/09\/Concursos-Medicos_PMERJ.jpg\",\"datePublished\":\"2023-09-19T20:15:11+00:00\",\"dateModified\":\"2023-09-19T20:15:17+00:00\",\"author\":{\"@id\":\"https:\/\/med.estrategia.com\/portal\/#\/schema\/person\/d1df06a83a849b79b2d480e7d8952ce3\"},\"description\":\"Ainda n\u00e3o h\u00e1 previs\u00e3o de novas datas para o processo seletivo e continuidade do concurso p\u00fablico com vagas para m\u00e9dicos da PMERJ\",\"breadcrumb\":{\"@id\":\"https:\/\/med.estrategia.com\/portal\/concursos\/concurso-publico-da-pmerj-tem-provas-adiadas\/#breadcrumb\"},\"inLanguage\":\"pt-BR\",\"potentialAction\":[{\"@type\":\"ReadAction\",\"target\":[\"https:\/\/med.estrategia.com\/portal\/concursos\/concurso-publico-da-pmerj-tem-provas-adiadas\/\"]}]},{\"@type\":\"ImageObject\",\"inLanguage\":\"pt-BR\",\"@id\":\"https:\/\/med.estrategia.com\/portal\/concursos\/concurso-publico-da-pmerj-tem-provas-adiadas\/#primaryimage\",\"url\":\"https:\/\/med.estrategia.com\/portal\/wp-content\/uploads\/2023\/09\/Concursos-Medicos_PMERJ.jpg\",\"contentUrl\":\"https:\/\/med.estrategia.com\/portal\/wp-content\/uploads\/2023\/09\/Concursos-Medicos_PMERJ.jpg\",\"width\":1280,\"height\":720,\"caption\":\"Estrat\u00e9gia MED | PMERJ Provas Adiadas\"},{\"@type\":\"BreadcrumbList\",\"@id\":\"https:\/\/med.estrategia.com\/portal\/concursos\/concurso-publico-da-pmerj-tem-provas-adiadas\/#breadcrumb\",\"itemListElement\":[{\"@type\":\"ListItem\",\"position\":1,\"name\":\"Home\",\"item\":\"https:\/\/med.estrategia.com\/portal\/\"},{\"@type\":\"ListItem\",\"position\":2,\"name\":\"Concursos M\u00e9dicos\",\"item\":\"https:\/\/med.estrategia.com\/portal\/concursos\/\"},{\"@type\":\"ListItem\",\"position\":3,\"name\":\"Concurso P\u00fablico da PMERJ tem provas adiadas\"}]},{\"@type\":\"WebSite\",\"@id\":\"https:\/\/med.estrategia.com\/portal\/#website\",\"url\":\"https:\/\/med.estrategia.com\/portal\/\",\"name\":\"Estrat\u00e9gia MED\",\"description\":\"\",\"potentialAction\":[{\"@type\":\"SearchAction\",\"target\":{\"@type\":\"EntryPoint\",\"urlTemplate\":\"https:\/\/med.estrategia.com\/portal\/?s={search_term_string}\"},\"query-input\":{\"@type\":\"PropertyValueSpecification\",\"valueRequired\":true,\"valueName\":\"search_term_string\"}}],\"inLanguage\":\"pt-BR\"},{\"@type\":\"Person\",\"@id\":\"https:\/\/med.estrategia.com\/portal\/#\/schema\/person\/d1df06a83a849b79b2d480e7d8952ce3\",\"name\":\"Priscila Pereira\",\"image\":{\"@type\":\"ImageObject\",\"inLanguage\":\"pt-BR\",\"@id\":\"https:\/\/med.estrategia.com\/portal\/#\/schema\/person\/image\/\",\"url\":\"https:\/\/secure.gravatar.com\/avatar\/fe94f8430a1d23a69c0bc7aab6202e21?s=96&d=mm&r=g\",\"contentUrl\":\"https:\/\/secure.gravatar.com\/avatar\/fe94f8430a1d23a69c0bc7aab6202e21?s=96&d=mm&r=g\",\"caption\":\"Priscila Pereira\"},\"description\":\"Formada e p\u00f3s-graduada na \u00e1rea de comunica\u00e7\u00e3o, divido minha paix\u00e3o entre o jornalismo e os esportes\",\"url\":\"https:\/\/med.estrategia.com\/portal\/author\/priscila-pereira\/\"}]}<\/script>\n<!-- \/ Yoast SEO Premium plugin. -->","yoast_head_json":{"title":"Concurso P\u00fablico da PMERJ tem provas adiadas","description":"Ainda n\u00e3o h\u00e1 previs\u00e3o de novas datas para o processo seletivo e continuidade do concurso p\u00fablico com vagas para m\u00e9dicos da PMERJ","robots":{"index":"index","follow":"follow","max-snippet":"max-snippet:-1","max-image-preview":"max-image-preview:large","max-video-preview":"max-video-preview:-1"},"canonical":"https:\/\/med.estrategia.com\/portal\/concursos\/concurso-publico-da-pmerj-tem-provas-adiadas\/","og_locale":"pt_BR","og_type":"article","og_title":"Concurso P\u00fablico da PMERJ tem provas adiadas","og_description":"Ainda n\u00e3o h\u00e1 previs\u00e3o de novas datas para o processo seletivo e continuidade do concurso p\u00fablico com vagas para m\u00e9dicos da PMERJ","og_url":"https:\/\/med.estrategia.com\/portal\/concursos\/concurso-publico-da-pmerj-tem-provas-adiadas\/","og_site_name":"Estrat\u00e9gia MED","article_publisher":"https:\/\/www.facebook.com\/estrategiamed1","article_published_time":"2023-09-19T20:15:11+00:00","article_modified_time":"2023-09-19T20:15:17+00:00","og_image":[{"width":1280,"height":720,"url":"https:\/\/cdn.medblog.estrategiaeducacional.com.br\/wp-content\/uploads\/2023\/09\/Concursos-Medicos_PMERJ.jpg","type":"image\/jpeg"}],"author":"Priscila Pereira","twitter_card":"summary_large_image","twitter_creator":"@estrategiamed_","twitter_site":"@estrategiamed_","twitter_misc":{"Escrito por":"Priscila Pereira","Est. tempo de leitura":"1 minuto"},"schema":{"@context":"https:\/\/schema.org","@graph":[{"@type":"WebPage","@id":"https:\/\/med.estrategia.com\/portal\/concursos\/concurso-publico-da-pmerj-tem-provas-adiadas\/","url":"https:\/\/med.estrategia.com\/portal\/concursos\/concurso-publico-da-pmerj-tem-provas-adiadas\/","name":"Concurso P\u00fablico da PMERJ tem provas adiadas","isPartOf":{"@id":"https:\/\/med.estrategia.com\/portal\/#website"},"primaryImageOfPage":{"@id":"https:\/\/med.estrategia.com\/portal\/concursos\/concurso-publico-da-pmerj-tem-provas-adiadas\/#primaryimage"},"image":{"@id":"https:\/\/med.estrategia.com\/portal\/concursos\/concurso-publico-da-pmerj-tem-provas-adiadas\/#primaryimage"},"thumbnailUrl":"https:\/\/med.estrategia.com\/portal\/wp-content\/uploads\/2023\/09\/Concursos-Medicos_PMERJ.jpg","datePublished":"2023-09-19T20:15:11+00:00","dateModified":"2023-09-19T20:15:17+00:00","author":{"@id":"https:\/\/med.estrategia.com\/portal\/#\/schema\/person\/d1df06a83a849b79b2d480e7d8952ce3"},"description":"Ainda n\u00e3o h\u00e1 previs\u00e3o de novas datas para o processo seletivo e continuidade do concurso p\u00fablico com vagas para m\u00e9dicos da PMERJ","breadcrumb":{"@id":"https:\/\/med.estrategia.com\/portal\/concursos\/concurso-publico-da-pmerj-tem-provas-adiadas\/#breadcrumb"},"inLanguage":"pt-BR","potentialAction":[{"@type":"ReadAction","target":["https:\/\/med.estrategia.com\/portal\/concursos\/concurso-publico-da-pmerj-tem-provas-adiadas\/"]}]},{"@type":"ImageObject","inLanguage":"pt-BR","@id":"https:\/\/med.estrategia.com\/portal\/concursos\/concurso-publico-da-pmerj-tem-provas-adiadas\/#primaryimage","url":"https:\/\/med.estrategia.com\/portal\/wp-content\/uploads\/2023\/09\/Concursos-Medicos_PMERJ.jpg","contentUrl":"https:\/\/med.estrategia.com\/portal\/wp-content\/uploads\/2023\/09\/Concursos-Medicos_PMERJ.jpg","width":1280,"height":720,"caption":"Estrat\u00e9gia MED | PMERJ Provas Adiadas"},{"@type":"BreadcrumbList","@id":"https:\/\/med.estrategia.com\/portal\/concursos\/concurso-publico-da-pmerj-tem-provas-adiadas\/#breadcrumb","itemListElement":[{"@type":"ListItem","position":1,"name":"Home","item":"https:\/\/med.estrategia.com\/portal\/"},{"@type":"ListItem","position":2,"name":"Concursos M\u00e9dicos","item":"https:\/\/med.estrategia.com\/portal\/concursos\/"},{"@type":"ListItem","position":3,"name":"Concurso P\u00fablico da PMERJ tem provas adiadas"}]},{"@type":"WebSite","@id":"https:\/\/med.estrategia.com\/portal\/#website","url":"https:\/\/med.estrategia.com\/portal\/","name":"Estrat\u00e9gia MED","description":"","potentialAction":[{"@type":"SearchAction","target":{"@type":"EntryPoint","urlTemplate":"https:\/\/med.estrategia.com\/portal\/?s={search_term_string}"},"query-input":{"@type":"PropertyValueSpecification","valueRequired":true,"valueName":"search_term_string"}}],"inLanguage":"pt-BR"},{"@type":"Person","@id":"https:\/\/med.estrategia.com\/portal\/#\/schema\/person\/d1df06a83a849b79b2d480e7d8952ce3","name":"Priscila Pereira","image":{"@type":"ImageObject","inLanguage":"pt-BR","@id":"https:\/\/med.estrategia.com\/portal\/#\/schema\/person\/image\/","url":"https:\/\/secure.gravatar.com\/avatar\/fe94f8430a1d23a69c0bc7aab6202e21?s=96&d=mm&r=g","contentUrl":"https:\/\/secure.gravatar.com\/avatar\/fe94f8430a1d23a69c0bc7aab6202e21?s=96&d=mm&r=g","caption":"Priscila Pereira"},"description":"Formada e p\u00f3s-graduada na \u00e1rea de comunica\u00e7\u00e3o, divido minha paix\u00e3o entre o jornalismo e os esportes","url":"https:\/\/med.estrategia.com\/portal\/author\/priscila-pereira\/"}]}},"_wl_alt_label":[],"wl:entity_url":"\/post\/concurso-publico-da-pmerj-tem-provas-adiadas","_links":{"self":[{"href":"https:\/\/med.estrategia.com\/portal\/wp-json\/wp\/v2\/posts\/47520","targetHints":{"allow":["GET"]}}],"collection":[{"href":"https:\/\/med.estrategia.com\/portal\/wp-json\/wp\/v2\/posts"}],"about":[{"href":"https:\/\/med.estrategia.com\/portal\/wp-json\/wp\/v2\/types\/post"}],"author":[{"embeddable":true,"href":"https:\/\/med.estrategia.com\/portal\/wp-json\/wp\/v2\/users\/45"}],"replies":[{"embeddable":true,"href":"https:\/\/med.estrategia.com\/portal\/wp-json\/wp\/v2\/comments?post=47520"}],"version-history":[{"count":5,"href":"https:\/\/med.estrategia.com\/portal\/wp-json\/wp\/v2\/posts\/47520\/revisions"}],"predecessor-version":[{"id":47526,"href":"https:\/\/med.estrategia.com\/portal\/wp-json\/wp\/v2\/posts\/47520\/revisions\/47526"}],"wp:featuredmedia":[{"embeddable":true,"href":"https:\/\/med.estrategia.com\/portal\/wp-json\/wp\/v2\/media\/47519"}],"wp:attachment":[{"href":"https:\/\/med.estrategia.com\/portal\/wp-json\/wp\/v2\/media?parent=47520"}],"wp:term":[{"taxonomy":"category","embeddable":true,"href":"https:\/\/med.estrategia.com\/portal\/wp-json\/wp\/v2\/categories?post=47520"},{"taxonomy":"post_tag","embeddable":true,"href":"https:\/\/med.estrategia.com\/portal\/wp-json\/wp\/v2\/tags?post=47520"},{"taxonomy":"wl_entity_type","embeddable":true,"href":"https:\/\/med.estrategia.com\/portal\/wp-json\/wp\/v2\/wl_entity_type?post=47520"}],"curies":[{"name":"wp","href":"https:\/\/api.w.org\/{rel}","templated":true}]}}