{"id":4772,"date":"2021-03-26T07:23:34","date_gmt":"2021-03-26T10:23:34","guid":{"rendered":"https:\/\/med.estrategiaeducacional.com.br\/blog\/?p=4772"},"modified":"2025-05-06T14:46:54","modified_gmt":"2025-05-06T17:46:54","slug":"medicina-do-trabalho","status":"publish","type":"post","link":"https:\/\/med.estrategia.com\/portal\/residencia-medica\/especialidades\/medicina-do-trabalho\/","title":{"rendered":"Resid\u00eancia M\u00e9dica em Medicina do Trabalho: rotina, remunera\u00e7\u00e3o, estudos e mais!"},"content":{"rendered":"<p>Quer saber tudo sobre a Medicina do Trabalho? Ent&atilde;o confira o que o Estrat&eacute;gia MED separou para voc&ecirc; sobre o assunto!<div id=\"ez-toc-container\" class=\"ez-toc-v2_0_79_2 counter-hierarchy ez-toc-counter ez-toc-transparent ez-toc-container-direction\">\n<div class=\"ez-toc-title-container\"><p class=\"ez-toc-title\" style=\"cursor:inherit\">Navegue pelo conte\u00fado<\/p>\n<\/div><nav><ul class='ez-toc-list ez-toc-list-level-1 ' ><li class='ez-toc-page-1 ez-toc-heading-level-2'><a class=\"ez-toc-link ez-toc-heading-1\" href=\"https:\/\/med.estrategia.com\/portal\/residencia-medica\/especialidades\/medicina-do-trabalho\/#O-que-e-a-Medicina-do-Trabalho\" >O que &eacute; a Medicina do Trabalho?<\/a><\/li><li class='ez-toc-page-1 ez-toc-heading-level-2'><a class=\"ez-toc-link ez-toc-heading-2\" href=\"https:\/\/med.estrategia.com\/portal\/residencia-medica\/especialidades\/medicina-do-trabalho\/#O-que-faz-o-Medico-do-Trabalho\" >O que faz o M&eacute;dico do Trabalho?<\/a><\/li><li class='ez-toc-page-1 ez-toc-heading-level-2'><a class=\"ez-toc-link ez-toc-heading-3\" href=\"https:\/\/med.estrategia.com\/portal\/residencia-medica\/especialidades\/medicina-do-trabalho\/#Areas-de-atuacao-do-Medico-do-Trabalho\" >&Aacute;reas de atua&ccedil;&atilde;o do M&eacute;dico do Trabalho<\/a><\/li><li class='ez-toc-page-1 ez-toc-heading-level-2'><a class=\"ez-toc-link ez-toc-heading-4\" href=\"https:\/\/med.estrategia.com\/portal\/residencia-medica\/especialidades\/medicina-do-trabalho\/#Residencia-Medica-em-Medicina-do-Trabalho\" >Resid&ecirc;ncia M&eacute;dica em Medicina do Trabalho<\/a><\/li><li class='ez-toc-page-1 ez-toc-heading-level-2'><a class=\"ez-toc-link ez-toc-heading-5\" href=\"https:\/\/med.estrategia.com\/portal\/residencia-medica\/especialidades\/medicina-do-trabalho\/#Qual-o-salario-do-Medico-do-Trabalho\" >Qual o sal&aacute;rio do M&eacute;dico do Trabalho?<\/a><\/li><li class='ez-toc-page-1 ez-toc-heading-level-2'><a class=\"ez-toc-link ez-toc-heading-6\" href=\"https:\/\/med.estrategia.com\/portal\/residencia-medica\/especialidades\/medicina-do-trabalho\/#Estudo-por-questoes\" >Estudo por quest&otilde;es<\/a><\/li><li class='ez-toc-page-1 ez-toc-heading-level-2'><a class=\"ez-toc-link ez-toc-heading-7\" href=\"https:\/\/med.estrategia.com\/portal\/residencia-medica\/especialidades\/medicina-do-trabalho\/#Veja-tambem\" >Veja tamb&eacute;m:<\/a><\/li><\/ul><\/nav><\/div>\n<h2 class=\"wp-block-heading\" id=\"h-o-que-e-a-medicina-do-trabalho\"><span class=\"ez-toc-section\" id=\"O-que-e-a-Medicina-do-Trabalho\"><\/span>O que &eacute; a Medicina do Trabalho?<span class=\"ez-toc-section-end\"><\/span><\/h2><p>A especialidade m&eacute;dica &eacute; <strong>focada nos cuidados da sa&uacute;de do trabalhador<\/strong>. Seu maior objetivo &eacute; <strong>garantir a sa&uacute;de e a integridade f&iacute;sica e mental dos profissionais<\/strong>, preocupando-se com a <strong>preven&ccedil;&atilde;o das doen&ccedil;as a <\/strong>que o trabalhador est&aacute; exposto em sua atividade profissional e aos riscos presentes no ambiente de atua&ccedil;&atilde;o.<\/p><p>\n\n\n<div id=\"new-form\">\n\t<form id=\"forms_layout\">\n\t<input type=\"hidden\" id=\"chave_de\" name=\"chave_de\" value=\"01_EMED_LEADS_TOTAIS\" \/>\n\t\t<input type=\"hidden\" id=\"mid\" name=\"mid\" value=\"515009018\" \/>\n\t\t<input type=\"hidden\" id=\"Objetivo\" name=\"Objetivo\" value=\"Medicina\" \/>\n\t\t<input type=\"hidden\" id=\"Estado_de_Origem_do_IP\" name=\"Estado_de_Origem_do_IP\"  value=\"\" \/>\n\t\t<input type=\"hidden\" id=\"Cidade_de_Origem_do_IP\" name=\"Cidade_de_Origem_do_IP\" value=\"\" \/>\n\t\t<input type=\"hidden\" id=\"Modo_de_entrada\" name=\"Modo_de_entrada\" value=\"Portal\" \/>\n\t\t<input type=\"hidden\" id=\"Pagina_Origem\" name=\"Pagina_Origem\" value=\"\" \/>\n\n\t\t<div class=\"texto\">\n\t\t\t<h3 class=\"news\">Inscreva-se em nossa newsletter!<\/h3>\n\t\t\t<p>Receba not\u00edcias sobre resid\u00eancia m\u00e9dica, revalida\u00e7\u00e3o de diplomas e concursos m\u00e9dicos, al\u00e9m de materiais de estudo gratuitos e informa\u00e7\u00f5es relevantes do mundo da Medicina.<\/p>\n\t\t<\/div>\n\t\t<div class=\"campos\">\n\t\t\t<div class=\"first_name labels\">\n\t\t\t\t<input type=\"text\" class=\"input_labels\" id=\"first_name\" name=\"Nome_Completo\" placeholder=\"Nome\" required \/>\n\t\t\t<\/div>\n\t\t\t<div class=\"email labels\">\n\t\t\t\t<input type=\"email\" class=\"input_labels\" id=\"email\" name=\"Email\" placeholder=\"E-mail\" required \/>\n\t\t\t<\/div>\n\t\t\t<button type=\"submit\" class=\"button_layout\">\n\t\t\t\t<div id=\"lblBotao\">Inscreva-se<\/div>\n\t\t\t\t<span id=\"divSpiner\" class=\"loader\" role=\"status\" style=\"display: none;\"><\/span>\t\n\t\t\t<\/button>\n\t\t<\/div><!-- \/campos -->\n\t\t\n\t\t<label class=\"container_checkbox\">Voc\u00ea concorda com a nossa\n\t\t\t<a class=\"politics_privacy_ahref\" target=\"_blank\" href=\"https:\/\/gratis.estrategiaconcursos.com.br\/politica-de-privacidade\/\">Pol\u00edtica de Privacidade<\/a> e aceita receber informa\u00e7\u00f5es adicionais do Estrat\u00e9gia Educacional.\n\t\t\t<input id=\"checkbox_layout\" type=\"checkbox\" checked=\"checked\" required \/>\n\t\t\t<span class=\"checkbox\"><\/span>\n\t\t<\/label>\n\t\t<div id=\"msg\"><\/div>\n\t\t<div id=\"error\" class=\"error\">\n\t\t<\/div>\n\t<\/form>\n<\/div><!-- \/new-form -->\n\n\n\n<\/p><h2 class=\"wp-block-heading\" id=\"h-o-que-faz-o-medico-do-trabalho\"><span class=\"ez-toc-section\" id=\"O-que-faz-o-Medico-do-Trabalho\"><\/span>O que faz o M&eacute;dico do Trabalho?<span class=\"ez-toc-section-end\"><\/span><\/h2><p>O profissional &eacute; principalmente <strong>respons&aacute;vel pelo exame admissional de empresas<\/strong>. Al&eacute;m disso, tamb&eacute;m avalia e toma medidas preventivas para garantir que as condi&ccedil;&otilde;es de trabalho, ou os tipos de servi&ccedil;os prestados, <strong>n&atilde;o prejudiquem a sa&uacute;de dos trabalhadores.<\/strong><\/p><p>O m&eacute;dico do trabalho, al&eacute;m de ter conhecimentos gerais em medicina, precisa entender tamb&eacute;m de<strong> legisla&ccedil;&atilde;o<\/strong>, por <strong>trabalhar com normas governamentais. <\/strong>Com isso, na maioria das vezes, diversas empresas possuem parcerias com os m&eacute;dicos do trabalho.<\/p><h2 class=\"wp-block-heading\" id=\"h-areas-de-atuacao-do-medico-do-trabalho\"><span class=\"ez-toc-section\" id=\"Areas-de-atuacao-do-Medico-do-Trabalho\"><\/span>&Aacute;reas de atua&ccedil;&atilde;o do M&eacute;dico do Trabalho<span class=\"ez-toc-section-end\"><\/span><\/h2><p>O campo de atua&ccedil;&atilde;o do M&eacute;dico do Trabalho no Brasil &eacute; <strong>amplo e com diversas possibilidades.<\/strong> O profissional pode atuar nos seguintes campos:<\/p><ul class=\"wp-block-list\">\n<li>Assessoria sindical em sa&uacute;de trabalhista;<\/li>\n\n\n\n<li>Per&iacute;cia m&eacute;dica da previd&ecirc;ncia social;<\/li>\n\n\n\n<li>Investiga&ccedil;&atilde;o no campo das rela&ccedil;&otilde;es sa&uacute;de e trabalho;<\/li>\n\n\n\n<li>Desenvolvimento de a&ccedil;&otilde;es de sa&uacute;de do trabalhador; e<\/li>\n\n\n\n<li>Formar e capacitar outros profissionais.<\/li>\n<\/ul><p>Normalmente voc&ecirc; encontra o profissional <strong>atuando em empresas,<\/strong> realizando consultas ou trabalhando na<strong> per&iacute;cia m&eacute;dica da previd&ecirc;ncia social.<\/strong><\/p><h2 class=\"wp-block-heading\" id=\"h-residencia-medica-em-medicina-do-trabalho\"><span class=\"ez-toc-section\" id=\"Residencia-Medica-em-Medicina-do-Trabalho\"><\/span>Resid&ecirc;ncia M&eacute;dica em Medicina do Trabalho<span class=\"ez-toc-section-end\"><\/span><\/h2><p>Para exercer a profiss&atilde;o, o profissional deve realizar a <a href=\"https:\/\/med.estrategia.com\/portal\/aluno-de-medicina\/residencia-medica\/\" target=\"_blank\">Resid&ecirc;ncia M&eacute;dica<\/a> em Medicina do Trabalho. Vale ressaltar que a entrada do programa &eacute; por <strong>Acesso Direto<\/strong> e a forma&ccedil;&atilde;o tem <strong>dura&ccedil;&atilde;o de 2 anos.<\/strong><\/p><p>Durante o programa, os residentes realizam atividades como vigil&acirc;ncia em sa&uacute;de e atendimento ao trabalhador. O residente poder&aacute; tamb&eacute;m fazer est&aacute;gios em espa&ccedil;os como empresas, ambulat&oacute;rios e &oacute;rg&atilde;os p&uacute;blicos.<\/p><p>Segundo a <a href=\"https:\/\/med.estrategia.com\/portal\/noticias\/brasil-tera-635-mil-medicos-ate-o-fim-do-ano-confira-os-principais-dados-da-demografia-medica-2025\/\">Demografia M&eacute;dica 2025<\/a>, em 2024 o pa&iacute;s teve 55 residentes em Medicina do Trabalho, 26 no primeiro ano.<\/p><h2 class=\"wp-block-heading\" id=\"h-qual-o-salario-do-medico-do-trabalho\"><span class=\"ez-toc-section\" id=\"Qual-o-salario-do-Medico-do-Trabalho\"><\/span>Qual o sal&aacute;rio do M&eacute;dico do Trabalho?<span class=\"ez-toc-section-end\"><\/span><\/h2><p>O mercado do especialista em Medicina do Trabalho &eacute;<strong> bem amplo<\/strong>. No Brasil, as melhores oportunidades <strong>se estabelecem nas regi&otilde;es com maiores polos industriais<\/strong>, devido ao volume de funcion&aacute;rios. Portanto, segundo as informa&ccedil;&otilde;es do site <a href=\"https:\/\/www.salario.com.br\/?s=m%C3%A9dico+do+trabalho\" target=\"_blank\" rel=\"noreferrer noopener nofollow\">Sal&aacute;rio<\/a>, <strong>a m&eacute;dia salarial &eacute; de R$ 11 mil<\/strong> para uma jornada de trabalho de 29 horas semanais.<\/p><h2 class=\"wp-block-heading\" id=\"h-estudo-por-questoes\"><span class=\"ez-toc-section\" id=\"Estudo-por-questoes\"><\/span>Estudo por quest&otilde;es<span class=\"ez-toc-section-end\"><\/span><\/h2><p>O processo seletivo para Resid&ecirc;ncia M&eacute;dica exige muito estudo, concentra&ccedil;&atilde;o e esfor&ccedil;o, por isso &eacute; muito importante que o aluno saiba o m&eacute;todo certo para o seu aprendizado. Uma excelente op&ccedil;&atilde;o &eacute; o estudo por resolu&ccedil;&atilde;o de quest&otilde;es!<\/p><p>Pensando nisso, o Estrat&eacute;gia MED criou duas ferramentas<strong> <\/strong>de estudo essenciais para alcan&ccedil;ar a aprova&ccedil;&atilde;o. S&atilde;o elas: o <a href=\"https:\/\/med.estrategiaeducacional.com.b\" target=\"_blank\">Banco de Quest&otilde;es do Estrat&eacute;gia MED<\/a> e o <a href=\"https:\/\/med.estrategiaeducacional.com.br\/\" target=\"_blank\">Curso Extensivo para R1 e Revalida!<\/a> Com elas, voc&ecirc; ter&aacute; acesso a milhares de quest&otilde;es e aulas exclusivas dos nossos professores! N&atilde;o perca essa oportunidade, venha estudar com o Estrat&eacute;gia MED!<\/p><p>Gostou das nossas informa&ccedil;&otilde;es? Com elas voc&ecirc; adquire mais conhecimento sobre a especialidade dos seus sonhos. Quer aprimorar mais sobre as outras &aacute;reas da medicina?<a href=\"https:\/\/med.estrategia.com\/portal\/category\/profissoes-da-medicina\/\" target=\"_blank\"> Clique aqui <\/a>e confira!<\/p><p><strong><a id=\"cta\" class=\"cta-imagem\" href=\"https:\/\/med.estrategia.com\/cursos\/extensivo-de-residncia-mdica\/\" target=\"blank\">\n                <img decoding=\"async\" width=\"100%\" src=\"https:\/\/med.estrategia.com\/portal\/wp-content\/uploads\/2025\/08\/extensivo_rm.jpg\" alt=\"Extensivo RM\" title=\"extensivo_rm\">\n        <\/a><\/strong><\/p><h2 class=\"wp-block-heading\"><span class=\"ez-toc-section\" id=\"Veja-tambem\"><\/span>Veja tamb&eacute;m:<span class=\"ez-toc-section-end\"><\/span><\/h2><ul class=\"wp-block-list\">\n<li><a href=\"https:\/\/med.estrategia.com\/portal\/profissoes-da-medicina\/clinica-medica\/\">Resid&ecirc;ncia M&eacute;dica em Cl&iacute;nica M&eacute;dica: rotina, remunera&ccedil;&atilde;o, estudos e mais<\/a><\/li>\n\n\n\n<li><a href=\"https:\/\/med.estrategia.com\/portal\/profissoes-da-medicina\/acupuntura\/\">Resid&ecirc;ncia M&eacute;dica em Acupuntura: rotina, remunera&ccedil;&atilde;o, estudos e mais!<\/a><\/li>\n\n\n\n<li><a href=\"https:\/\/med.estrategia.com\/portal\/profissoes-da-medicina\/medicina-esportiva\/\">Resid&ecirc;ncia M&eacute;dica em Medicina Esportiva: rotina, remunera&ccedil;&atilde;o, estudos e mais!<\/a><\/li>\n\n\n\n<li><a href=\"https:\/\/med.estrategia.com\/portal\/aluno-de-medicina\/residencia-medica\/\">Resid&ecirc;ncia M&eacute;dica: defini&ccedil;&atilde;o, especialidades, e muito mais<\/a><\/li>\n\n\n\n<li><a href=\"https:\/\/med.estrategia.com\/portal\/profissoes-da-medicina\/residencias-medicas-com-mais-vagas\/\">10 resid&ecirc;ncias M&eacute;dicas com mais vagas por especialidade<\/a>;<\/li>\n\n\n\n<li><a href=\"https:\/\/med.estrategia.com\/portal\/profissoes-da-medicina\/especialidades-medicas-menos-concorridas\/\">10 especialidades m&eacute;dicas menos concorridas;<\/a><\/li>\n<\/ul><p><strong>Por: Nath&aacute;lia Diniz<\/strong><\/p><\/p>\n","protected":false},"excerpt":{"rendered":"Quer saber tudo sobre a Medicina do Trabalho? Ent&atilde;o confira o que o Estrat&eacute;gia MED separou para voc&ecirc;&hellip;\n","protected":false},"author":29,"featured_media":18852,"comment_status":"open","ping_status":"open","sticky":false,"template":"","format":"standard","meta":{"wl_entities_gutenberg":"","footnotes":""},"categories":[2],"tags":[],"wl_entity_type":[199],"class_list":{"0":"post-4772","1":"post","2":"type-post","3":"status-publish","4":"format-standard","5":"has-post-thumbnail","7":"category-especialidades","8":"wl_entity_type-article"},"acf":[],"yoast_head":"<!-- This site is optimized with the Yoast SEO Premium plugin v26.6 (Yoast SEO v26.6) - https:\/\/yoast.com\/wordpress\/plugins\/seo\/ -->\n<title>Resid\u00eancia M\u00e9dica em Medicina do Trabalho: rotina, remunera\u00e7\u00e3o e mais!<\/title>\n<meta name=\"description\" content=\"Tem d\u00favidas sobre essa especialidade Medicina do Trabalho? Aqui voc\u00ea encontra todas as informa\u00e7\u00f5es sobre ela. Confira e tire suas d\u00favidas!\" \/>\n<meta name=\"robots\" content=\"index, follow, max-snippet:-1, max-image-preview:large, max-video-preview:-1\" \/>\n<link rel=\"canonical\" href=\"https:\/\/med.estrategia.com\/portal\/residencia-medica\/especialidades\/medicina-do-trabalho\/\" \/>\n<meta property=\"og:locale\" content=\"pt_BR\" \/>\n<meta property=\"og:type\" content=\"article\" \/>\n<meta property=\"og:title\" content=\"Resid\u00eancia M\u00e9dica em Medicina do Trabalho: rotina, remunera\u00e7\u00e3o, estudos e mais!\" \/>\n<meta property=\"og:description\" content=\"Tem d\u00favidas sobre essa especialidade Medicina do Trabalho? Aqui voc\u00ea encontra todas as informa\u00e7\u00f5es sobre ela. Confira e tire suas d\u00favidas!\" \/>\n<meta property=\"og:url\" content=\"https:\/\/med.estrategia.com\/portal\/residencia-medica\/especialidades\/medicina-do-trabalho\/\" \/>\n<meta property=\"og:site_name\" content=\"Estrat\u00e9gia MED\" \/>\n<meta property=\"article:publisher\" content=\"https:\/\/www.facebook.com\/estrategiamed1\" \/>\n<meta property=\"article:published_time\" content=\"2021-03-26T10:23:34+00:00\" \/>\n<meta property=\"article:modified_time\" content=\"2025-05-06T17:46:54+00:00\" \/>\n<meta property=\"og:image\" content=\"https:\/\/med.estrategia.com\/portal\/wp-content\/uploads\/2021\/03\/medicina-do-trabalho_ccexpress.jpeg\" \/>\n\t<meta property=\"og:image:width\" content=\"1080\" \/>\n\t<meta property=\"og:image:height\" content=\"566\" \/>\n\t<meta property=\"og:image:type\" content=\"image\/jpeg\" \/>\n<meta name=\"author\" content=\"Reda\u00e7\u00e3o - Estrat\u00e9gia MED\" \/>\n<meta name=\"twitter:card\" content=\"summary_large_image\" \/>\n<meta name=\"twitter:creator\" content=\"@estrategiamed_\" \/>\n<meta name=\"twitter:site\" content=\"@estrategiamed_\" \/>\n<meta name=\"twitter:label1\" content=\"Escrito por\" \/>\n\t<meta name=\"twitter:data1\" content=\"Reda\u00e7\u00e3o - Estrat\u00e9gia MED\" \/>\n\t<meta name=\"twitter:label2\" content=\"Est. tempo de leitura\" \/>\n\t<meta name=\"twitter:data2\" content=\"4 minutos\" \/>\n<script type=\"application\/ld+json\" class=\"yoast-schema-graph\">{\"@context\":\"https:\/\/schema.org\",\"@graph\":[{\"@type\":\"WebPage\",\"@id\":\"https:\/\/med.estrategia.com\/portal\/residencia-medica\/especialidades\/medicina-do-trabalho\/\",\"url\":\"https:\/\/med.estrategia.com\/portal\/residencia-medica\/especialidades\/medicina-do-trabalho\/\",\"name\":\"Resid\u00eancia M\u00e9dica em Medicina do Trabalho: rotina, remunera\u00e7\u00e3o e mais!\",\"isPartOf\":{\"@id\":\"https:\/\/med.estrategia.com\/portal\/#website\"},\"primaryImageOfPage\":{\"@id\":\"https:\/\/med.estrategia.com\/portal\/residencia-medica\/especialidades\/medicina-do-trabalho\/#primaryimage\"},\"image\":{\"@id\":\"https:\/\/med.estrategia.com\/portal\/residencia-medica\/especialidades\/medicina-do-trabalho\/#primaryimage\"},\"thumbnailUrl\":\"https:\/\/med.estrategia.com\/portal\/wp-content\/uploads\/2021\/03\/medicina-do-trabalho_ccexpress.jpeg\",\"datePublished\":\"2021-03-26T10:23:34+00:00\",\"dateModified\":\"2025-05-06T17:46:54+00:00\",\"author\":{\"@id\":\"https:\/\/med.estrategia.com\/portal\/#\/schema\/person\/08697bdf5b568f54e7cb36a85b30bfb3\"},\"description\":\"Tem d\u00favidas sobre essa especialidade Medicina do Trabalho? Aqui voc\u00ea encontra todas as informa\u00e7\u00f5es sobre ela. Confira e tire suas d\u00favidas!\",\"breadcrumb\":{\"@id\":\"https:\/\/med.estrategia.com\/portal\/residencia-medica\/especialidades\/medicina-do-trabalho\/#breadcrumb\"},\"inLanguage\":\"pt-BR\",\"potentialAction\":[{\"@type\":\"ReadAction\",\"target\":[\"https:\/\/med.estrategia.com\/portal\/residencia-medica\/especialidades\/medicina-do-trabalho\/\"]}]},{\"@type\":\"ImageObject\",\"inLanguage\":\"pt-BR\",\"@id\":\"https:\/\/med.estrategia.com\/portal\/residencia-medica\/especialidades\/medicina-do-trabalho\/#primaryimage\",\"url\":\"https:\/\/med.estrategia.com\/portal\/wp-content\/uploads\/2021\/03\/medicina-do-trabalho_ccexpress.jpeg\",\"contentUrl\":\"https:\/\/med.estrategia.com\/portal\/wp-content\/uploads\/2021\/03\/medicina-do-trabalho_ccexpress.jpeg\",\"width\":1080,\"height\":566,\"caption\":\"Medicina do trabalho\"},{\"@type\":\"BreadcrumbList\",\"@id\":\"https:\/\/med.estrategia.com\/portal\/residencia-medica\/especialidades\/medicina-do-trabalho\/#breadcrumb\",\"itemListElement\":[{\"@type\":\"ListItem\",\"position\":1,\"name\":\"Home\",\"item\":\"https:\/\/med.estrategia.com\/portal\/\"},{\"@type\":\"ListItem\",\"position\":2,\"name\":\"Resid\u00eancia M\u00e9dica\",\"item\":\"https:\/\/med.estrategia.com\/portal\/residencia-medica\/\"},{\"@type\":\"ListItem\",\"position\":3,\"name\":\"Especialidades\",\"item\":\"https:\/\/med.estrategia.com\/portal\/residencia-medica\/especialidades\/\"},{\"@type\":\"ListItem\",\"position\":4,\"name\":\"Resid\u00eancia M\u00e9dica em Medicina do Trabalho: rotina, remunera\u00e7\u00e3o, estudos e mais!\"}]},{\"@type\":\"WebSite\",\"@id\":\"https:\/\/med.estrategia.com\/portal\/#website\",\"url\":\"https:\/\/med.estrategia.com\/portal\/\",\"name\":\"Estrat\u00e9gia MED\",\"description\":\"\",\"potentialAction\":[{\"@type\":\"SearchAction\",\"target\":{\"@type\":\"EntryPoint\",\"urlTemplate\":\"https:\/\/med.estrategia.com\/portal\/?s={search_term_string}\"},\"query-input\":{\"@type\":\"PropertyValueSpecification\",\"valueRequired\":true,\"valueName\":\"search_term_string\"}}],\"inLanguage\":\"pt-BR\"},{\"@type\":\"Person\",\"@id\":\"https:\/\/med.estrategia.com\/portal\/#\/schema\/person\/08697bdf5b568f54e7cb36a85b30bfb3\",\"name\":\"Reda\u00e7\u00e3o - Estrat\u00e9gia MED\",\"image\":{\"@type\":\"ImageObject\",\"inLanguage\":\"pt-BR\",\"@id\":\"https:\/\/med.estrategia.com\/portal\/#\/schema\/person\/image\/\",\"url\":\"https:\/\/med.estrategia.com\/portal\/wp-content\/uploads\/2021\/08\/WhatsApp-Image-2021-08-05-at-22.32.07-1-150x150.webp\",\"contentUrl\":\"https:\/\/med.estrategia.com\/portal\/wp-content\/uploads\/2021\/08\/WhatsApp-Image-2021-08-05-at-22.32.07-1-150x150.webp\",\"caption\":\"Reda\u00e7\u00e3o - Estrat\u00e9gia MED\"},\"url\":\"https:\/\/med.estrategia.com\/portal\/author\/redacaoemed\/\"}]}<\/script>\n<!-- \/ Yoast SEO Premium plugin. -->","yoast_head_json":{"title":"Resid\u00eancia M\u00e9dica em Medicina do Trabalho: rotina, remunera\u00e7\u00e3o e mais!","description":"Tem d\u00favidas sobre essa especialidade Medicina do Trabalho? Aqui voc\u00ea encontra todas as informa\u00e7\u00f5es sobre ela. Confira e tire suas d\u00favidas!","robots":{"index":"index","follow":"follow","max-snippet":"max-snippet:-1","max-image-preview":"max-image-preview:large","max-video-preview":"max-video-preview:-1"},"canonical":"https:\/\/med.estrategia.com\/portal\/residencia-medica\/especialidades\/medicina-do-trabalho\/","og_locale":"pt_BR","og_type":"article","og_title":"Resid\u00eancia M\u00e9dica em Medicina do Trabalho: rotina, remunera\u00e7\u00e3o, estudos e mais!","og_description":"Tem d\u00favidas sobre essa especialidade Medicina do Trabalho? Aqui voc\u00ea encontra todas as informa\u00e7\u00f5es sobre ela. Confira e tire suas d\u00favidas!","og_url":"https:\/\/med.estrategia.com\/portal\/residencia-medica\/especialidades\/medicina-do-trabalho\/","og_site_name":"Estrat\u00e9gia MED","article_publisher":"https:\/\/www.facebook.com\/estrategiamed1","article_published_time":"2021-03-26T10:23:34+00:00","article_modified_time":"2025-05-06T17:46:54+00:00","og_image":[{"width":1080,"height":566,"url":"https:\/\/med.estrategia.com\/portal\/wp-content\/uploads\/2021\/03\/medicina-do-trabalho_ccexpress.jpeg","type":"image\/jpeg"}],"author":"Reda\u00e7\u00e3o - Estrat\u00e9gia MED","twitter_card":"summary_large_image","twitter_creator":"@estrategiamed_","twitter_site":"@estrategiamed_","twitter_misc":{"Escrito por":"Reda\u00e7\u00e3o - Estrat\u00e9gia MED","Est. tempo de leitura":"4 minutos"},"schema":{"@context":"https:\/\/schema.org","@graph":[{"@type":"WebPage","@id":"https:\/\/med.estrategia.com\/portal\/residencia-medica\/especialidades\/medicina-do-trabalho\/","url":"https:\/\/med.estrategia.com\/portal\/residencia-medica\/especialidades\/medicina-do-trabalho\/","name":"Resid\u00eancia M\u00e9dica em Medicina do Trabalho: rotina, remunera\u00e7\u00e3o e mais!","isPartOf":{"@id":"https:\/\/med.estrategia.com\/portal\/#website"},"primaryImageOfPage":{"@id":"https:\/\/med.estrategia.com\/portal\/residencia-medica\/especialidades\/medicina-do-trabalho\/#primaryimage"},"image":{"@id":"https:\/\/med.estrategia.com\/portal\/residencia-medica\/especialidades\/medicina-do-trabalho\/#primaryimage"},"thumbnailUrl":"https:\/\/med.estrategia.com\/portal\/wp-content\/uploads\/2021\/03\/medicina-do-trabalho_ccexpress.jpeg","datePublished":"2021-03-26T10:23:34+00:00","dateModified":"2025-05-06T17:46:54+00:00","author":{"@id":"https:\/\/med.estrategia.com\/portal\/#\/schema\/person\/08697bdf5b568f54e7cb36a85b30bfb3"},"description":"Tem d\u00favidas sobre essa especialidade Medicina do Trabalho? Aqui voc\u00ea encontra todas as informa\u00e7\u00f5es sobre ela. Confira e tire suas d\u00favidas!","breadcrumb":{"@id":"https:\/\/med.estrategia.com\/portal\/residencia-medica\/especialidades\/medicina-do-trabalho\/#breadcrumb"},"inLanguage":"pt-BR","potentialAction":[{"@type":"ReadAction","target":["https:\/\/med.estrategia.com\/portal\/residencia-medica\/especialidades\/medicina-do-trabalho\/"]}]},{"@type":"ImageObject","inLanguage":"pt-BR","@id":"https:\/\/med.estrategia.com\/portal\/residencia-medica\/especialidades\/medicina-do-trabalho\/#primaryimage","url":"https:\/\/med.estrategia.com\/portal\/wp-content\/uploads\/2021\/03\/medicina-do-trabalho_ccexpress.jpeg","contentUrl":"https:\/\/med.estrategia.com\/portal\/wp-content\/uploads\/2021\/03\/medicina-do-trabalho_ccexpress.jpeg","width":1080,"height":566,"caption":"Medicina do trabalho"},{"@type":"BreadcrumbList","@id":"https:\/\/med.estrategia.com\/portal\/residencia-medica\/especialidades\/medicina-do-trabalho\/#breadcrumb","itemListElement":[{"@type":"ListItem","position":1,"name":"Home","item":"https:\/\/med.estrategia.com\/portal\/"},{"@type":"ListItem","position":2,"name":"Resid\u00eancia M\u00e9dica","item":"https:\/\/med.estrategia.com\/portal\/residencia-medica\/"},{"@type":"ListItem","position":3,"name":"Especialidades","item":"https:\/\/med.estrategia.com\/portal\/residencia-medica\/especialidades\/"},{"@type":"ListItem","position":4,"name":"Resid\u00eancia M\u00e9dica em Medicina do Trabalho: rotina, remunera\u00e7\u00e3o, estudos e mais!"}]},{"@type":"WebSite","@id":"https:\/\/med.estrategia.com\/portal\/#website","url":"https:\/\/med.estrategia.com\/portal\/","name":"Estrat\u00e9gia MED","description":"","potentialAction":[{"@type":"SearchAction","target":{"@type":"EntryPoint","urlTemplate":"https:\/\/med.estrategia.com\/portal\/?s={search_term_string}"},"query-input":{"@type":"PropertyValueSpecification","valueRequired":true,"valueName":"search_term_string"}}],"inLanguage":"pt-BR"},{"@type":"Person","@id":"https:\/\/med.estrategia.com\/portal\/#\/schema\/person\/08697bdf5b568f54e7cb36a85b30bfb3","name":"Reda\u00e7\u00e3o - Estrat\u00e9gia MED","image":{"@type":"ImageObject","inLanguage":"pt-BR","@id":"https:\/\/med.estrategia.com\/portal\/#\/schema\/person\/image\/","url":"https:\/\/med.estrategia.com\/portal\/wp-content\/uploads\/2021\/08\/WhatsApp-Image-2021-08-05-at-22.32.07-1-150x150.webp","contentUrl":"https:\/\/med.estrategia.com\/portal\/wp-content\/uploads\/2021\/08\/WhatsApp-Image-2021-08-05-at-22.32.07-1-150x150.webp","caption":"Reda\u00e7\u00e3o - Estrat\u00e9gia MED"},"url":"https:\/\/med.estrategia.com\/portal\/author\/redacaoemed\/"}]}},"_wl_alt_label":[],"wl:entity_url":"\/post\/medicina-do-trabalho","_links":{"self":[{"href":"https:\/\/med.estrategia.com\/portal\/wp-json\/wp\/v2\/posts\/4772","targetHints":{"allow":["GET"]}}],"collection":[{"href":"https:\/\/med.estrategia.com\/portal\/wp-json\/wp\/v2\/posts"}],"about":[{"href":"https:\/\/med.estrategia.com\/portal\/wp-json\/wp\/v2\/types\/post"}],"author":[{"embeddable":true,"href":"https:\/\/med.estrategia.com\/portal\/wp-json\/wp\/v2\/users\/29"}],"replies":[{"embeddable":true,"href":"https:\/\/med.estrategia.com\/portal\/wp-json\/wp\/v2\/comments?post=4772"}],"version-history":[{"count":9,"href":"https:\/\/med.estrategia.com\/portal\/wp-json\/wp\/v2\/posts\/4772\/revisions"}],"predecessor-version":[{"id":86457,"href":"https:\/\/med.estrategia.com\/portal\/wp-json\/wp\/v2\/posts\/4772\/revisions\/86457"}],"wp:featuredmedia":[{"embeddable":true,"href":"https:\/\/med.estrategia.com\/portal\/wp-json\/wp\/v2\/media\/18852"}],"wp:attachment":[{"href":"https:\/\/med.estrategia.com\/portal\/wp-json\/wp\/v2\/media?parent=4772"}],"wp:term":[{"taxonomy":"category","embeddable":true,"href":"https:\/\/med.estrategia.com\/portal\/wp-json\/wp\/v2\/categories?post=4772"},{"taxonomy":"post_tag","embeddable":true,"href":"https:\/\/med.estrategia.com\/portal\/wp-json\/wp\/v2\/tags?post=4772"},{"taxonomy":"wl_entity_type","embeddable":true,"href":"https:\/\/med.estrategia.com\/portal\/wp-json\/wp\/v2\/wl_entity_type?post=4772"}],"curies":[{"name":"wp","href":"https:\/\/api.w.org\/{rel}","templated":true}]}}