{"id":48201,"date":"2023-10-04T17:24:39","date_gmt":"2023-10-04T20:24:39","guid":{"rendered":"https:\/\/med.estrategia.com\/portal\/?p=48201"},"modified":"2023-11-16T09:23:50","modified_gmt":"2023-11-16T12:23:50","slug":"divulgado-o-resultado-final-do-revalida-ufmt-2023","status":"publish","type":"post","link":"https:\/\/med.estrategia.com\/portal\/noticias\/divulgado-o-resultado-final-do-revalida-ufmt-2023\/","title":{"rendered":"Divulgado o resultado final do Revalida UFMT 2023"},"content":{"rendered":"<p>Na tarde desta quarta-feira (04), a <strong>Universidade Federal de Mato Grosso (UFMT) <\/strong>divulgou o <strong>resultado final da edi&ccedil;&atilde;o de 2023<\/strong> de seu processo de Revalida&ccedil;&atilde;o de Diplomas, o <strong>Revalida UFMT. <\/strong><br><br>A divulga&ccedil;&atilde;o acontece ap&oacute;s o per&iacute;odo de recursos contra o resultado preliminar da segunda etapa do processo &mdash; prova pr&aacute;tica &mdash; entre os dias 13 e 19 de setembro de 2023. Agora, os <strong>candidatos que obtiveram pontua&ccedil;&atilde;o igual ou superior a 60 pontos<\/strong> nesta etapa <strong>seguem para a revalida&ccedil;&atilde;o do diploma no Brasil.<\/strong> Confira o desempenho dos candidatos na segunda etapa e resultado clicando nos bot&otilde;es abaixo:<div class=\"wp-block-buttons is-content-justification-center is-layout-flex wp-container-core-buttons-is-layout-1 wp-block-buttons-is-layout-flex\">\n<div class=\"wp-block-button\"><a class=\"wp-block-button__link wp-element-button\" href=\"https:\/\/med.estrategia.com\/portal\/wp-content\/uploads\/2023\/10\/28.-Desempenho-na-Prova-Pratica-Apos-analise-dos-Recursos.pdf\" target=\"_blank\">Desempenho na prova pr&aacute;tica<\/a><\/div>\n\n\n\n<div class=\"wp-block-button\"><a class=\"wp-block-button__link wp-element-button\" href=\"https:\/\/med.estrategia.com\/portal\/wp-content\/uploads\/2023\/11\/Resultado-Final-II-ETAPA.pdf\" target=\"_blank\">resultado final revalida ufmt 2023<\/a><\/div>\n<\/div><p>\n\n\n<div id=\"new-form\">\n\t<form id=\"forms_layout\">\n\t<input type=\"hidden\" id=\"chave_de\" name=\"chave_de\" value=\"01_EMED_LEADS_TOTAIS\" \/>\n\t\t<input type=\"hidden\" id=\"mid\" name=\"mid\" value=\"515009018\" \/>\n\t\t<input type=\"hidden\" id=\"Objetivo\" name=\"Objetivo\" value=\"Medicina\" \/>\n\t\t<input type=\"hidden\" id=\"Estado_de_Origem_do_IP\" name=\"Estado_de_Origem_do_IP\"  value=\"\" \/>\n\t\t<input type=\"hidden\" id=\"Cidade_de_Origem_do_IP\" name=\"Cidade_de_Origem_do_IP\" value=\"\" \/>\n\t\t<input type=\"hidden\" id=\"Modo_de_entrada\" name=\"Modo_de_entrada\" value=\"Portal\" \/>\n\t\t<input type=\"hidden\" id=\"Pagina_Origem\" name=\"Pagina_Origem\" value=\"\" \/>\n\n\t\t<div class=\"texto\">\n\t\t\t<h3 class=\"news\">Inscreva-se em nossa newsletter!<\/h3>\n\t\t\t<p>Receba not\u00edcias sobre resid\u00eancia m\u00e9dica, revalida\u00e7\u00e3o de diplomas e concursos m\u00e9dicos, al\u00e9m de materiais de estudo gratuitos e informa\u00e7\u00f5es relevantes do mundo da Medicina.<\/p>\n\t\t<\/div>\n\t\t<div class=\"campos\">\n\t\t\t<div class=\"first_name labels\">\n\t\t\t\t<input type=\"text\" class=\"input_labels\" id=\"first_name\" name=\"Nome_Completo\" placeholder=\"Nome\" required \/>\n\t\t\t<\/div>\n\t\t\t<div class=\"email labels\">\n\t\t\t\t<input type=\"email\" class=\"input_labels\" id=\"email\" name=\"Email\" placeholder=\"E-mail\" required \/>\n\t\t\t<\/div>\n\t\t\t<button type=\"submit\" class=\"button_layout\">\n\t\t\t\t<div id=\"lblBotao\">Inscreva-se<\/div>\n\t\t\t\t<span id=\"divSpiner\" class=\"loader\" role=\"status\" style=\"display: none;\"><\/span>\t\n\t\t\t<\/button>\n\t\t<\/div><!-- \/campos -->\n\t\t\n\t\t<label class=\"container_checkbox\">Voc\u00ea concorda com a nossa\n\t\t\t<a class=\"politics_privacy_ahref\" target=\"_blank\" href=\"https:\/\/gratis.estrategiaconcursos.com.br\/politica-de-privacidade\/\">Pol\u00edtica de Privacidade<\/a> e aceita receber informa\u00e7\u00f5es adicionais do Estrat\u00e9gia Educacional.\n\t\t\t<input id=\"checkbox_layout\" type=\"checkbox\" checked=\"checked\" required \/>\n\t\t\t<span class=\"checkbox\"><\/span>\n\t\t<\/label>\n\t\t<div id=\"msg\"><\/div>\n\t\t<div id=\"error\" class=\"error\">\n\t\t<\/div>\n\t<\/form>\n<\/div><!-- \/new-form -->\n\n\n\n<\/p><div id=\"ez-toc-container\" class=\"ez-toc-v2_0_79_2 counter-hierarchy ez-toc-counter ez-toc-transparent ez-toc-container-direction\">\n<div class=\"ez-toc-title-container\"><p class=\"ez-toc-title\" style=\"cursor:inherit\">Navegue pelo conte\u00fado<\/p>\n<\/div><nav><ul class='ez-toc-list ez-toc-list-level-1 ' ><li class='ez-toc-page-1 ez-toc-heading-level-2'><a class=\"ez-toc-link ez-toc-heading-1\" href=\"https:\/\/med.estrategia.com\/portal\/noticias\/divulgado-o-resultado-final-do-revalida-ufmt-2023\/#Como-foi-a-segunda-etapa-do-Revalida-UFMT-2023\" >Como foi a segunda etapa do Revalida UFMT 2023<\/a><\/li><li class='ez-toc-page-1 ez-toc-heading-level-2'><a class=\"ez-toc-link ez-toc-heading-2\" href=\"https:\/\/med.estrategia.com\/portal\/noticias\/divulgado-o-resultado-final-do-revalida-ufmt-2023\/#3a-e-4a-Etapa-do-Revalida-UFMT\" >3&ordf; e 4&ordf; Etapa do Revalida UFMT<\/a><\/li><\/ul><\/nav><\/div>\n<h2 class=\"wp-block-heading\" id=\"h-como-foi-a-segunda-etapa-do-revalida-ufmt-2023\"><span class=\"ez-toc-section\" id=\"Como-foi-a-segunda-etapa-do-Revalida-UFMT-2023\"><\/span>Como foi a segunda etapa do Revalida UFMT 2023<span class=\"ez-toc-section-end\"><\/span><\/h2><p>A prova pr&aacute;tica aconteceu nos dias<strong>&nbsp;19, 20, 26 e 27 de agosto de 2023<\/strong>, por&eacute;m, os candidatos precisaram&nbsp;<strong>agendar previamente o dia&nbsp;<\/strong>exato para realiza&ccedil;&atilde;o do exame entre<strong>&nbsp;24 a 28 de julho de 2023<\/strong>.<\/p><p>Seguindo o modelo de outros processos como o Revalida&nbsp;<a href=\"https:\/\/med.estrategia.com\/portal\/entidade\/inep\/\" target=\"_blank\">INEP<\/a>, a<strong>&nbsp;prova pr&aacute;tica foi estruturada por 10 esta&ccedil;&otilde;es<\/strong>, em que o participante teve que realizar tarefas espec&iacute;ficas, tendo suas habilidades acompanhadas e avaliadas por meio de um check-list. Esta etapa foi realizada somente na cidade de Cuiab&aacute;\/MT.<\/p><h2 class=\"wp-block-heading\" id=\"h-3&ordf;-e-4&ordf;-etapa-do-revalida-ufmt\"><span class=\"ez-toc-section\" id=\"3a-e-4a-Etapa-do-Revalida-UFMT\"><\/span>3&ordf; e 4&ordf; Etapa do Revalida UFMT<span class=\"ez-toc-section-end\"><\/span><\/h2><p>A inscri&ccedil;&atilde;o na terceira fase s&oacute; ser&aacute; necess&aacute;ria aos&nbsp;<strong>candidatos que n&atilde;o foram aprovados na etapa anterior, mas que se tornaram aptos aos estudos complementares<\/strong>. Lista com os nomes ser&aacute; divulgada no dia&nbsp;<strong>12 de janeiro de 2024<\/strong>.<br><br>Limitada a<strong>&nbsp;apenas 480 vagas<\/strong>, as inscri&ccedil;&otilde;es para os estudos complementares acontece entre os dias&nbsp;<strong>22 a 26 de janeiro de 2024<\/strong>, com o pagamento da&nbsp;<strong>taxa no valor de R$609,90<\/strong>.<br><br>A&nbsp;<strong>dura&ccedil;&atilde;o dos estudos<\/strong>&nbsp;ser&aacute; de acordo com a quantidade de acertos na segunda etapa:<\/p><ul class=\"wp-block-list\">\n<li>O candidato que obteve abaixo de 60 at&eacute; 30 pontos dever&aacute; cumprir uma carga hor&aacute;ria de 2.250 horas em um per&iacute;odo de 12 meses;<\/li>\n\n\n\n<li>O candidato que obteve uma pontua&ccedil;&atilde;o abaixo de 30 pontos dever&aacute; cumprir uma carga hor&aacute;ria de 3.500 horas em um per&iacute;odo de 18 meses.<\/li>\n<\/ul><p>Ap&oacute;s a&nbsp;<strong>conclus&atilde;o dos estudos complementares<\/strong>, os candidatos interessados em continuar no processo de revalida&ccedil;&atilde;o devem se inscrever para a <strong>quarta etapa<\/strong>, em que ser&atilde;o reaplicadas as provas escrita e pr&aacute;tica.<\/p><p class=\"wp-block-preformatted\">Confira todos os detalhes sobre o Revalida UFMT 2023 no texto exclusivo que preparamos: <a href=\"https:\/\/med.estrategia.com\/portal\/revalida\/revalida-ufmt-edital\/\" target=\"_blank\">Revalida UFMT 2023: etapas, cronograma e edital!<\/a><\/p><p>Se voc&ecirc; quer ficar por dentro de mais conte&uacute;dos relevantes sobre a &aacute;rea m&eacute;dica, continue acompanhando o material preparado pelo Portal de Not&iacute;cias do Estrat&eacute;gia MED. Aqui, voc&ecirc; encontrar&aacute; informa&ccedil;&otilde;es atualizadas sobre resid&ecirc;ncias, carreira m&eacute;dica e muito mais.<\/p><p>Se voc&ecirc; quer ficar por dentro de mais conte&uacute;dos relevantes sobre a &aacute;rea m&eacute;dica, continue acompanhando o material preparado pelo <a href=\"https:\/\/med.estrategia.com\/portal\/\" target=\"_blank\">Portal de Not&iacute;cias do Estrat&eacute;gia MED<\/a>. Aqui, voc&ecirc; encontrar&aacute; informa&ccedil;&otilde;es atualizadas sobre resid&ecirc;ncias, carreira m&eacute;dica e muito mais.<\/p><p><strong><a id=\"cta\" class=\"cta-imagem\" href=\"https:\/\/med.estrategia.com\/cursos\/revalida-exclusive\/\" target=\"blank\">\n                <img decoding=\"async\" width=\"100%\" src=\"https:\/\/med.estrategia.com\/portal\/wp-content\/uploads\/2025\/08\/revalida_exclusive.jpg\" alt=\"revalida_exclusive\" title=\"revalida_exclusive\">\n        <\/a><\/strong><\/p><\/p>\n","protected":false},"excerpt":{"rendered":"Candidatos aprovados na segunda etapa do Revalida UFMT 2023 seguem para a revalida\u00e7\u00e3o do diploma\n","protected":false},"author":39,"featured_media":23888,"comment_status":"closed","ping_status":"closed","sticky":false,"template":"","format":"standard","meta":{"wl_entities_gutenberg":"","footnotes":""},"categories":[300],"tags":[],"wl_entity_type":[199],"class_list":{"0":"post-48201","1":"post","2":"type-post","3":"status-publish","4":"format-standard","5":"has-post-thumbnail","7":"category-noticias","8":"wl_entity_type-article"},"acf":[],"yoast_head":"<!-- This site is optimized with the Yoast SEO Premium plugin v26.6 (Yoast SEO v26.6) - https:\/\/yoast.com\/wordpress\/plugins\/seo\/ -->\n<title>Divulgado o resultado final do Revalida UFMT 2023<\/title>\n<meta name=\"description\" content=\"O resultado final do Revalida UFMT 2023 acaba de ser divulgado e voc\u00ea pode conferir tudo com o Estrat\u00e9gia MED!\" \/>\n<meta name=\"robots\" content=\"index, follow, max-snippet:-1, max-image-preview:large, max-video-preview:-1\" \/>\n<link rel=\"canonical\" href=\"https:\/\/med.estrategia.com\/portal\/noticias\/divulgado-o-resultado-final-do-revalida-ufmt-2023\/\" \/>\n<meta property=\"og:locale\" content=\"pt_BR\" \/>\n<meta property=\"og:type\" content=\"article\" \/>\n<meta property=\"og:title\" content=\"Divulgado o resultado final do Revalida UFMT 2023\" \/>\n<meta property=\"og:description\" content=\"O resultado final do Revalida UFMT 2023 acaba de ser divulgado e voc\u00ea pode conferir tudo com o Estrat\u00e9gia MED!\" \/>\n<meta property=\"og:url\" content=\"https:\/\/med.estrategia.com\/portal\/noticias\/divulgado-o-resultado-final-do-revalida-ufmt-2023\/\" \/>\n<meta property=\"og:site_name\" content=\"Estrat\u00e9gia MED\" \/>\n<meta property=\"article:publisher\" content=\"https:\/\/www.facebook.com\/estrategiamed1\" \/>\n<meta property=\"article:published_time\" content=\"2023-10-04T20:24:39+00:00\" \/>\n<meta property=\"article:modified_time\" content=\"2023-11-16T12:23:50+00:00\" \/>\n<meta property=\"og:image\" content=\"https:\/\/med.estrategia.com\/portal\/wp-content\/uploads\/2022\/08\/coverWP_publica_bgfoto_logo-3.jpg\" \/>\n\t<meta property=\"og:image:width\" content=\"1200\" \/>\n\t<meta property=\"og:image:height\" content=\"800\" \/>\n\t<meta property=\"og:image:type\" content=\"image\/jpeg\" \/>\n<meta name=\"author\" content=\"Ana Carolina Damasceno\" \/>\n<meta name=\"twitter:card\" content=\"summary_large_image\" \/>\n<meta name=\"twitter:creator\" content=\"@estrategiamed_\" \/>\n<meta name=\"twitter:site\" content=\"@estrategiamed_\" \/>\n<meta name=\"twitter:label1\" content=\"Escrito por\" \/>\n\t<meta name=\"twitter:data1\" content=\"Ana Carolina Damasceno\" \/>\n\t<meta name=\"twitter:label2\" content=\"Est. tempo de leitura\" \/>\n\t<meta name=\"twitter:data2\" content=\"2 minutos\" \/>\n<script type=\"application\/ld+json\" class=\"yoast-schema-graph\">{\"@context\":\"https:\/\/schema.org\",\"@graph\":[{\"@type\":\"WebPage\",\"@id\":\"https:\/\/med.estrategia.com\/portal\/noticias\/divulgado-o-resultado-final-do-revalida-ufmt-2023\/\",\"url\":\"https:\/\/med.estrategia.com\/portal\/noticias\/divulgado-o-resultado-final-do-revalida-ufmt-2023\/\",\"name\":\"Divulgado o resultado final do Revalida UFMT 2023\",\"isPartOf\":{\"@id\":\"https:\/\/med.estrategia.com\/portal\/#website\"},\"primaryImageOfPage\":{\"@id\":\"https:\/\/med.estrategia.com\/portal\/noticias\/divulgado-o-resultado-final-do-revalida-ufmt-2023\/#primaryimage\"},\"image\":{\"@id\":\"https:\/\/med.estrategia.com\/portal\/noticias\/divulgado-o-resultado-final-do-revalida-ufmt-2023\/#primaryimage\"},\"thumbnailUrl\":\"https:\/\/med.estrategia.com\/portal\/wp-content\/uploads\/2022\/08\/coverWP_publica_bgfoto_logo-3.jpg\",\"datePublished\":\"2023-10-04T20:24:39+00:00\",\"dateModified\":\"2023-11-16T12:23:50+00:00\",\"author\":{\"@id\":\"https:\/\/med.estrategia.com\/portal\/#\/schema\/person\/2f553adbb8e25fe39d145c5b2927f58c\"},\"description\":\"O resultado final do Revalida UFMT 2023 acaba de ser divulgado e voc\u00ea pode conferir tudo com o Estrat\u00e9gia MED!\",\"breadcrumb\":{\"@id\":\"https:\/\/med.estrategia.com\/portal\/noticias\/divulgado-o-resultado-final-do-revalida-ufmt-2023\/#breadcrumb\"},\"inLanguage\":\"pt-BR\",\"potentialAction\":[{\"@type\":\"ReadAction\",\"target\":[\"https:\/\/med.estrategia.com\/portal\/noticias\/divulgado-o-resultado-final-do-revalida-ufmt-2023\/\"]}]},{\"@type\":\"ImageObject\",\"inLanguage\":\"pt-BR\",\"@id\":\"https:\/\/med.estrategia.com\/portal\/noticias\/divulgado-o-resultado-final-do-revalida-ufmt-2023\/#primaryimage\",\"url\":\"https:\/\/med.estrategia.com\/portal\/wp-content\/uploads\/2022\/08\/coverWP_publica_bgfoto_logo-3.jpg\",\"contentUrl\":\"https:\/\/med.estrategia.com\/portal\/wp-content\/uploads\/2022\/08\/coverWP_publica_bgfoto_logo-3.jpg\",\"width\":1200,\"height\":800,\"caption\":\"Cr\u00e9ditos: Estrat\u00e9gia MED e UFMT\"},{\"@type\":\"BreadcrumbList\",\"@id\":\"https:\/\/med.estrategia.com\/portal\/noticias\/divulgado-o-resultado-final-do-revalida-ufmt-2023\/#breadcrumb\",\"itemListElement\":[{\"@type\":\"ListItem\",\"position\":1,\"name\":\"Home\",\"item\":\"https:\/\/med.estrategia.com\/portal\/\"},{\"@type\":\"ListItem\",\"position\":2,\"name\":\"Not\u00edcias\",\"item\":\"https:\/\/med.estrategia.com\/portal\/noticias\/\"},{\"@type\":\"ListItem\",\"position\":3,\"name\":\"Divulgado o resultado final do Revalida UFMT 2023\"}]},{\"@type\":\"WebSite\",\"@id\":\"https:\/\/med.estrategia.com\/portal\/#website\",\"url\":\"https:\/\/med.estrategia.com\/portal\/\",\"name\":\"Estrat\u00e9gia MED\",\"description\":\"\",\"potentialAction\":[{\"@type\":\"SearchAction\",\"target\":{\"@type\":\"EntryPoint\",\"urlTemplate\":\"https:\/\/med.estrategia.com\/portal\/?s={search_term_string}\"},\"query-input\":{\"@type\":\"PropertyValueSpecification\",\"valueRequired\":true,\"valueName\":\"search_term_string\"}}],\"inLanguage\":\"pt-BR\"},{\"@type\":\"Person\",\"@id\":\"https:\/\/med.estrategia.com\/portal\/#\/schema\/person\/2f553adbb8e25fe39d145c5b2927f58c\",\"name\":\"Ana Carolina Damasceno\",\"image\":{\"@type\":\"ImageObject\",\"inLanguage\":\"pt-BR\",\"@id\":\"https:\/\/med.estrategia.com\/portal\/#\/schema\/person\/image\/\",\"url\":\"https:\/\/med.estrategia.com\/portal\/wp-content\/uploads\/2021\/09\/WhatsApp-Image-2023-08-18-at-16.46.43-150x150.jpeg\",\"contentUrl\":\"https:\/\/med.estrategia.com\/portal\/wp-content\/uploads\/2021\/09\/WhatsApp-Image-2023-08-18-at-16.46.43-150x150.jpeg\",\"caption\":\"Ana Carolina Damasceno\"},\"description\":\"Coordenadora de Jornalismo EMED. Comunicadora por natureza e forma\u00e7\u00e3o, que ama e perde a no\u00e7\u00e3o do tempo com m\u00fasica e s\u00e9rie.\",\"url\":\"https:\/\/med.estrategia.com\/portal\/author\/ana-carolina-damasceno\/\"}]}<\/script>\n<!-- \/ Yoast SEO Premium plugin. -->","yoast_head_json":{"title":"Divulgado o resultado final do Revalida UFMT 2023","description":"O resultado final do Revalida UFMT 2023 acaba de ser divulgado e voc\u00ea pode conferir tudo com o Estrat\u00e9gia MED!","robots":{"index":"index","follow":"follow","max-snippet":"max-snippet:-1","max-image-preview":"max-image-preview:large","max-video-preview":"max-video-preview:-1"},"canonical":"https:\/\/med.estrategia.com\/portal\/noticias\/divulgado-o-resultado-final-do-revalida-ufmt-2023\/","og_locale":"pt_BR","og_type":"article","og_title":"Divulgado o resultado final do Revalida UFMT 2023","og_description":"O resultado final do Revalida UFMT 2023 acaba de ser divulgado e voc\u00ea pode conferir tudo com o Estrat\u00e9gia MED!","og_url":"https:\/\/med.estrategia.com\/portal\/noticias\/divulgado-o-resultado-final-do-revalida-ufmt-2023\/","og_site_name":"Estrat\u00e9gia MED","article_publisher":"https:\/\/www.facebook.com\/estrategiamed1","article_published_time":"2023-10-04T20:24:39+00:00","article_modified_time":"2023-11-16T12:23:50+00:00","og_image":[{"width":1200,"height":800,"url":"https:\/\/med.estrategia.com\/portal\/wp-content\/uploads\/2022\/08\/coverWP_publica_bgfoto_logo-3.jpg","type":"image\/jpeg"}],"author":"Ana Carolina Damasceno","twitter_card":"summary_large_image","twitter_creator":"@estrategiamed_","twitter_site":"@estrategiamed_","twitter_misc":{"Escrito por":"Ana Carolina Damasceno","Est. tempo de leitura":"2 minutos"},"schema":{"@context":"https:\/\/schema.org","@graph":[{"@type":"WebPage","@id":"https:\/\/med.estrategia.com\/portal\/noticias\/divulgado-o-resultado-final-do-revalida-ufmt-2023\/","url":"https:\/\/med.estrategia.com\/portal\/noticias\/divulgado-o-resultado-final-do-revalida-ufmt-2023\/","name":"Divulgado o resultado final do Revalida UFMT 2023","isPartOf":{"@id":"https:\/\/med.estrategia.com\/portal\/#website"},"primaryImageOfPage":{"@id":"https:\/\/med.estrategia.com\/portal\/noticias\/divulgado-o-resultado-final-do-revalida-ufmt-2023\/#primaryimage"},"image":{"@id":"https:\/\/med.estrategia.com\/portal\/noticias\/divulgado-o-resultado-final-do-revalida-ufmt-2023\/#primaryimage"},"thumbnailUrl":"https:\/\/med.estrategia.com\/portal\/wp-content\/uploads\/2022\/08\/coverWP_publica_bgfoto_logo-3.jpg","datePublished":"2023-10-04T20:24:39+00:00","dateModified":"2023-11-16T12:23:50+00:00","author":{"@id":"https:\/\/med.estrategia.com\/portal\/#\/schema\/person\/2f553adbb8e25fe39d145c5b2927f58c"},"description":"O resultado final do Revalida UFMT 2023 acaba de ser divulgado e voc\u00ea pode conferir tudo com o Estrat\u00e9gia MED!","breadcrumb":{"@id":"https:\/\/med.estrategia.com\/portal\/noticias\/divulgado-o-resultado-final-do-revalida-ufmt-2023\/#breadcrumb"},"inLanguage":"pt-BR","potentialAction":[{"@type":"ReadAction","target":["https:\/\/med.estrategia.com\/portal\/noticias\/divulgado-o-resultado-final-do-revalida-ufmt-2023\/"]}]},{"@type":"ImageObject","inLanguage":"pt-BR","@id":"https:\/\/med.estrategia.com\/portal\/noticias\/divulgado-o-resultado-final-do-revalida-ufmt-2023\/#primaryimage","url":"https:\/\/med.estrategia.com\/portal\/wp-content\/uploads\/2022\/08\/coverWP_publica_bgfoto_logo-3.jpg","contentUrl":"https:\/\/med.estrategia.com\/portal\/wp-content\/uploads\/2022\/08\/coverWP_publica_bgfoto_logo-3.jpg","width":1200,"height":800,"caption":"Cr\u00e9ditos: Estrat\u00e9gia MED e UFMT"},{"@type":"BreadcrumbList","@id":"https:\/\/med.estrategia.com\/portal\/noticias\/divulgado-o-resultado-final-do-revalida-ufmt-2023\/#breadcrumb","itemListElement":[{"@type":"ListItem","position":1,"name":"Home","item":"https:\/\/med.estrategia.com\/portal\/"},{"@type":"ListItem","position":2,"name":"Not\u00edcias","item":"https:\/\/med.estrategia.com\/portal\/noticias\/"},{"@type":"ListItem","position":3,"name":"Divulgado o resultado final do Revalida UFMT 2023"}]},{"@type":"WebSite","@id":"https:\/\/med.estrategia.com\/portal\/#website","url":"https:\/\/med.estrategia.com\/portal\/","name":"Estrat\u00e9gia MED","description":"","potentialAction":[{"@type":"SearchAction","target":{"@type":"EntryPoint","urlTemplate":"https:\/\/med.estrategia.com\/portal\/?s={search_term_string}"},"query-input":{"@type":"PropertyValueSpecification","valueRequired":true,"valueName":"search_term_string"}}],"inLanguage":"pt-BR"},{"@type":"Person","@id":"https:\/\/med.estrategia.com\/portal\/#\/schema\/person\/2f553adbb8e25fe39d145c5b2927f58c","name":"Ana Carolina Damasceno","image":{"@type":"ImageObject","inLanguage":"pt-BR","@id":"https:\/\/med.estrategia.com\/portal\/#\/schema\/person\/image\/","url":"https:\/\/med.estrategia.com\/portal\/wp-content\/uploads\/2021\/09\/WhatsApp-Image-2023-08-18-at-16.46.43-150x150.jpeg","contentUrl":"https:\/\/med.estrategia.com\/portal\/wp-content\/uploads\/2021\/09\/WhatsApp-Image-2023-08-18-at-16.46.43-150x150.jpeg","caption":"Ana Carolina Damasceno"},"description":"Coordenadora de Jornalismo EMED. Comunicadora por natureza e forma\u00e7\u00e3o, que ama e perde a no\u00e7\u00e3o do tempo com m\u00fasica e s\u00e9rie.","url":"https:\/\/med.estrategia.com\/portal\/author\/ana-carolina-damasceno\/"}]}},"_wl_alt_label":[],"wl:entity_url":"\/post\/divulgado-o-resultado-final-do-revalida-ufmt-2023","_links":{"self":[{"href":"https:\/\/med.estrategia.com\/portal\/wp-json\/wp\/v2\/posts\/48201","targetHints":{"allow":["GET"]}}],"collection":[{"href":"https:\/\/med.estrategia.com\/portal\/wp-json\/wp\/v2\/posts"}],"about":[{"href":"https:\/\/med.estrategia.com\/portal\/wp-json\/wp\/v2\/types\/post"}],"author":[{"embeddable":true,"href":"https:\/\/med.estrategia.com\/portal\/wp-json\/wp\/v2\/users\/39"}],"replies":[{"embeddable":true,"href":"https:\/\/med.estrategia.com\/portal\/wp-json\/wp\/v2\/comments?post=48201"}],"version-history":[{"count":5,"href":"https:\/\/med.estrategia.com\/portal\/wp-json\/wp\/v2\/posts\/48201\/revisions"}],"predecessor-version":[{"id":51882,"href":"https:\/\/med.estrategia.com\/portal\/wp-json\/wp\/v2\/posts\/48201\/revisions\/51882"}],"wp:featuredmedia":[{"embeddable":true,"href":"https:\/\/med.estrategia.com\/portal\/wp-json\/wp\/v2\/media\/23888"}],"wp:attachment":[{"href":"https:\/\/med.estrategia.com\/portal\/wp-json\/wp\/v2\/media?parent=48201"}],"wp:term":[{"taxonomy":"category","embeddable":true,"href":"https:\/\/med.estrategia.com\/portal\/wp-json\/wp\/v2\/categories?post=48201"},{"taxonomy":"post_tag","embeddable":true,"href":"https:\/\/med.estrategia.com\/portal\/wp-json\/wp\/v2\/tags?post=48201"},{"taxonomy":"wl_entity_type","embeddable":true,"href":"https:\/\/med.estrategia.com\/portal\/wp-json\/wp\/v2\/wl_entity_type?post=48201"}],"curies":[{"name":"wp","href":"https:\/\/api.w.org\/{rel}","templated":true}]}}