{"id":48786,"date":"2023-10-03T17:41:25","date_gmt":"2023-10-03T20:41:25","guid":{"rendered":"https:\/\/med.estrategia.com\/portal\/?p=48786"},"modified":"2023-12-15T09:57:59","modified_gmt":"2023-12-15T12:57:59","slug":"vagas-por-unidade-da-rede-ebserh","status":"publish","type":"post","link":"https:\/\/med.estrategia.com\/portal\/concursos\/vagas-por-unidade-da-rede-ebserh\/","title":{"rendered":"Vagas por unidade da Rede EBSERH"},"content":{"rendered":"<p>A <strong>Empresa Brasileira de Servi&ccedil;os Hospitalares (EBSERH)<\/strong> neste edital do concurso p&uacute;blico 2023 oferece 554 vagas dispon&iacute;veis nos 39 hospitais em todo o territ&oacute;rio nacional.<p>As oportunidades s&atilde;o para <strong>in&iacute;cio imediato e forma&ccedil;&atilde;o de cadastro<\/strong> reserva em mais de 90 especialidades m&eacute;dicas.<\/p><p>As Unidades e Microrregi&otilde;es da Rede EBSERH em que os candidatos aprovados poder&atilde;o ser lotados constam do quadro a seguir. Confira tamb&eacute;m a quantidade de vagas por regi&atilde;o e por unidade.<\/p><figure class=\"wp-block-table\"><table><tbody><tr><td>Microrregi&atilde;o<\/td><td>Vagas<\/td><td>UF<\/td><td>Cidade<\/td><td>Unidade da Rede EBSERH<\/td><td>Nome da Unidade da Rede EBSERH<\/td><td>Vagas por unidade<\/td><\/tr><tr><td>1<\/td><td>89<\/td><td>AM<\/td><td>Manaus<\/td><td>HUGV-UFAM<\/td><td>Hospital Universit&aacute;rio Get&uacute;lio Vargas<\/td><td>CR<\/td><\/tr><tr><td>&nbsp;<\/td><td>&nbsp;<\/td><td>AP<\/td><td>Macap&aacute;<\/td><td>HU-UNIFAP<\/td><td>Hospital da Universidade Federal do Amap&aacute;<\/td><td>67 + CR<\/td><\/tr><tr><td>&nbsp;<\/td><td>&nbsp;<\/td><td>MA<\/td><td>S&atilde;o Luiz<\/td><td>HU-UFMA<\/td><td>Hospital Universit&aacute;rio da UFMA<\/td><td>6 + CR<\/td><\/tr><tr><td>&nbsp;<\/td><td>&nbsp;<\/td><td>PI<\/td><td>Teresina<\/td><td>HU-UFPI<\/td><td>Hospital Universit&aacute;rio do Piau&iacute;<\/td><td>2 + CR<\/td><\/tr><tr><td>&nbsp;<\/td><td>&nbsp;<\/td><td>PA<\/td><td>Bel&eacute;m<\/td><td>CHU-UFPA<\/td><td>Complexo Hospitalar da Universidade Federal do Par&aacute;<\/td><td>14 + CR<\/td><\/tr><tr><td>2<\/td><td>14<\/td><td>CE<\/td><td>Fortaleza<\/td><td>CH-UFC<\/td><td>Complexo Hospitalar Universit&aacute;rio da Universidade Federal do Cear&aacute;<\/td><td>7 + CR<\/td><\/tr><tr><td>&nbsp;<\/td><td>&nbsp;<\/td><td>PB<\/td><td>Cajazeiras<\/td><td>HUJB-UFCG<\/td><td>Hospital Universit&aacute;rio J&uacute;lio Bandeira<\/td><td>5 + CR<\/td><\/tr><tr><td>&nbsp;<\/td><td>&nbsp;<\/td><td>PB<\/td><td>Campina Grande<\/td><td>HUAC-UFCG<\/td><td>Hospital Universit&aacute;rio Alcides Carneiro<\/td><td>1 + CR<\/td><\/tr><tr><td>&nbsp;<\/td><td>&nbsp;<\/td><td>PB<\/td><td>Jo&atilde;o Pessoa<\/td><td>HULW-UFPB<\/td><td>Hospital Universit&aacute;rio Lauro Wanderley<\/td><td>CR<\/td><\/tr><tr><td>&nbsp;<\/td><td>&nbsp;<\/td><td>RN<\/td><td>Natal<\/td><td>HUOL-UFRN<\/td><td>Hospital Universit&aacute;rio Onofre Lopes<\/td><td>1 + CR<\/td><\/tr><tr><td>&nbsp;<\/td><td>&nbsp;<\/td><td>RN<\/td><td>Natal<\/td><td>MEJC-UFRN<\/td><td>Maternidade Escola Janu&aacute;rio Cicco<\/td><td>CR<\/td><\/tr><tr><td>&nbsp;<\/td><td>&nbsp;<\/td><td>RN<\/td><td>Santa Cruz<\/td><td>HUAB-UFRN<\/td><td>Hospital Universit&aacute;rio Ana Bezerra<\/td><td>CR<\/td><\/tr><tr><td>3<\/td><td>78<\/td><td>AL<\/td><td>Macei&oacute;<\/td><td>HUPAA-UFAL<\/td><td>Hospital Universit&aacute;rio Professor Alberto Antunes<\/td><td>5 + CR<\/td><\/tr><tr><td>&nbsp;<\/td><td>&nbsp;<\/td><td>BA<\/td><td>Salvador<\/td><td>MCO-UFBA<\/td><td>Maternidade Clim&eacute;rio de Oliveira<\/td><td>1 + CR<\/td><\/tr><tr><td>&nbsp;<\/td><td>&nbsp;<\/td><td>BA<\/td><td>Salvador<\/td><td>HUPES-UFBA<\/td><td>Hospital Universit&aacute;rio Professor Edgard Santos<\/td><td>3 + CR<\/td><\/tr><tr><td>&nbsp;<\/td><td>&nbsp;<\/td><td>PE<\/td><td>Recife<\/td><td>HC-UFPE<\/td><td>Hospital das Cl&iacute;nicas da UFPE<\/td><td>3 + CR<\/td><\/tr><tr><td>&nbsp;<\/td><td>&nbsp;<\/td><td>PE<\/td><td>Petrolina<\/td><td>HU-UNIVASF<\/td><td>Hospital de Ensino Dr. Washington Ant&ocirc;nio de Barros<\/td><td>3 + CR<\/td><\/tr><tr><td>&nbsp;<\/td><td>&nbsp;<\/td><td>SE<\/td><td>Aracaju<\/td><td>HU-UFS<\/td><td>Hospital Universit&aacute;rio da UFS<\/td><td>1 + CR<\/td><\/tr><tr><td>&nbsp;<\/td><td>&nbsp;<\/td><td>SE<\/td><td>Lagarto<\/td><td>HUL &ndash; UFS<\/td><td>Hospital Universit&aacute;rio de Lagarto<\/td><td>62 + CR<\/td><\/tr><tr><td>4<\/td><td>69<\/td><td>DF<\/td><td>Bras&iacute;lia<\/td><td>EBSERH &ndash; SEDE<\/td><td>Empresa Brasileira de Servi&ccedil;os Hospitalares (SEDE)<\/td><td>CR<\/td><\/tr><tr><td>&nbsp;<\/td><td>&nbsp;<\/td><td>DF<\/td><td>Bras&iacute;lia<\/td><td>HUB-UnB<\/td><td>Hospital Universit&aacute;rio de Bras&iacute;lia<\/td><td>15 + CR<\/td><\/tr><tr><td>&nbsp;<\/td><td>&nbsp;<\/td><td>GO<\/td><td>Goi&acirc;nia<\/td><td>HC-UFG<\/td><td>Hospital das Cl&iacute;nicas da UFG<\/td><td>20 + CR<\/td><\/tr><tr><td>&nbsp;<\/td><td>&nbsp;<\/td><td>MS<\/td><td>Dourados<\/td><td>HU-UFGD<\/td><td>Hospital Universit&aacute;rio da Grande Dourados<\/td><td>23 + CR<\/td><\/tr><tr><td>&nbsp;<\/td><td>&nbsp;<\/td><td>MS<\/td><td>Campo Grande<\/td><td>HUMAP-UFMS<\/td><td>Hospital Universit&aacute;rio Maria Aparecida Pedrossian<\/td><td>5 + CR<\/td><\/tr><tr><td>&nbsp;<\/td><td>&nbsp;<\/td><td>MT<\/td><td>Cuiab&aacute;<\/td><td>HUJM-UFMT<\/td><td>Hospital Universit&aacute;rio J&uacute;lio M&uuml;ller<\/td><td>5 + CR<\/td><\/tr><tr><td>&nbsp;<\/td><td>&nbsp;<\/td><td>TO<\/td><td>Aragua&iacute;na<\/td><td>HDT-UFT<\/td><td>Hospital de Doen&ccedil;as Tropicais<\/td><td>1 + CR<\/td><\/tr><tr><td>5<\/td><td>118<\/td><td>ES<\/td><td>Vit&oacute;ria<\/td><td>HUCAM-UFES<\/td><td>Hospital Universit&aacute;rio Cassiano Ant&ocirc;nio de Moraes<\/td><td>11 + CR<\/td><\/tr><tr><td>&nbsp;<\/td><td>&nbsp;<\/td><td>MG<\/td><td>Belo Horizonte<\/td><td>HC-UFMG<\/td><td>Hospital das Cl&iacute;nicas da UFMG<\/td><td>3 + CR<\/td><\/tr><tr><td>&nbsp;<\/td><td>&nbsp;<\/td><td>MG<\/td><td>Juiz de Fora<\/td><td>HU-UFJF<\/td><td>Hospital Universit&aacute;rio da UFJF<\/td><td>11 + CR<\/td><\/tr><tr><td>&nbsp;<\/td><td>&nbsp;<\/td><td>MG<\/td><td>Uberaba<\/td><td>HC-UFTM<\/td><td>Hospital de Cl&iacute;nicas da UFTM<\/td><td>10 + CR<\/td><\/tr><tr><td>&nbsp;<\/td><td>&nbsp;<\/td><td>MG<\/td><td>Uberl&acirc;ndia<\/td><td>HC-UFU<\/td><td>Hospital das Cl&iacute;nicas da UFU<\/td><td>57 + CR<\/td><\/tr><tr><td>&nbsp;<\/td><td>&nbsp;<\/td><td>RJ<\/td><td>Niter&oacute;i<\/td><td>HUAP-UFF<\/td><td>Hospital Universit&aacute;rio Ant&ocirc;nio Pedro<\/td><td>1 + CR<\/td><\/tr><tr><td>&nbsp;<\/td><td>&nbsp;<\/td><td>RJ<\/td><td>Rio de Janeiro<\/td><td>HUGG-UNIRIO<\/td><td>Hospital Universit&aacute;rio Gaffr&eacute;e e Guinle<\/td><td>2 + CR<\/td><\/tr><tr><td>&nbsp;<\/td><td>&nbsp;<\/td><td>SP<\/td><td>S&atilde;o Carlos<\/td><td>HU-UFSCAR<\/td><td>Hospital Universit&aacute;rio da UFSCAR<\/td><td>23 + CR<\/td><\/tr><tr><td>6<\/td><td>186<\/td><td>PR<\/td><td>Curitiba<\/td><td>CHC-UFPR<\/td><td>Complexo Hospitalar de Cl&iacute;nicas da Universidade Federal do Paran&aacute;<\/td><td>18 + CR<\/td><\/tr><tr><td>&nbsp;<\/td><td>&nbsp;<\/td><td>RS<\/td><td>Pelotas<\/td><td>HE-UFPEL<\/td><td>Hospital Escola da UFPEL<\/td><td>25 + CR<\/td><\/tr><tr><td>&nbsp;<\/td><td>&nbsp;<\/td><td>RS<\/td><td>Rio Grande<\/td><td>HU-FURG<\/td><td>Hospital Universit&aacute;rio Doutor Miguel Riet Corr&ecirc;a Junior<\/td><td>43 + CR<\/td><\/tr><tr><td>&nbsp;<\/td><td>&nbsp;<\/td><td>RS<\/td><td>Santa Maria<\/td><td>HUSM-UFSM<\/td><td>Hospital Universit&aacute;rio de Santa Maria<\/td><td>42 + CR<\/td><\/tr><tr><td>&nbsp;<\/td><td>&nbsp;<\/td><td>SC<\/td><td>Florian&oacute;polis<\/td><td>HU-UFSC<\/td><td>Hospital Universit&aacute;rio da UFSC<\/td><td>58 + CR<\/td><\/tr><\/tbody><\/table><\/figure><div id=\"ez-toc-container\" class=\"ez-toc-v2_0_79_2 counter-hierarchy ez-toc-counter ez-toc-transparent ez-toc-container-direction\">\n<div class=\"ez-toc-title-container\"><p class=\"ez-toc-title\" style=\"cursor:inherit\">Navegue pelo conte\u00fado<\/p>\n<\/div><nav><ul class='ez-toc-list ez-toc-list-level-1 ' ><li class='ez-toc-page-1 ez-toc-heading-level-2'><a class=\"ez-toc-link ez-toc-heading-1\" href=\"https:\/\/med.estrategia.com\/portal\/concursos\/vagas-por-unidade-da-rede-ebserh\/#Quantidade-de-vagas-por-especialidade\" >Quantidade de vagas por especialidade<\/a><\/li><li class='ez-toc-page-1 ez-toc-heading-level-2'><a class=\"ez-toc-link ez-toc-heading-2\" href=\"https:\/\/med.estrategia.com\/portal\/concursos\/vagas-por-unidade-da-rede-ebserh\/#Estrategia-MED-realiza-revisao-de-vespera-EBSERH-Concursos-Medicos-2023\" >Estrat&eacute;gia MED realiza revis&atilde;o de v&eacute;spera EBSERH Concursos M&eacute;dicos 2023!<\/a><\/li><li class='ez-toc-page-1 ez-toc-heading-level-2'><a class=\"ez-toc-link ez-toc-heading-3\" href=\"https:\/\/med.estrategia.com\/portal\/concursos\/vagas-por-unidade-da-rede-ebserh\/#Prepare-se-agora-para-o-concurso-publico-da-EBSERH-com-o-Estrategia-MED\" >Prepare-se agora para o concurso p&uacute;blico da EBSERH com o Estrat&eacute;gia MED!&nbsp;&nbsp;<\/a><\/li><\/ul><\/nav><\/div>\n<h2 class=\"wp-block-heading\" id=\"h-quantidade-de-vagas-por-especialidade\"><span class=\"ez-toc-section\" id=\"Quantidade-de-vagas-por-especialidade\"><\/span>Quantidade de vagas por especialidade <span class=\"ez-toc-section-end\"><\/span><\/h2><p>As vagas tamb&eacute;m foram divididas entre as <strong>6 microrregi&otilde;es<\/strong> e do total, 388 vagas s&atilde;o direcionadas para ampla concorr&ecirc;ncia, 111 para pessoas negras e pardas, al&eacute;m de 55 para deficientes.<\/p><p>Confira abaixo a quantidade de vagas e especialidades para in&iacute;cio imediato em cada unidade. H&aacute; tamb&eacute;m a forma&ccedil;&atilde;o de cadastro reserva para diversos cargos m&eacute;dicos, <a href=\"https:\/\/med.estrategia.com\/portal\/wp-content\/uploads\/2023\/10\/edital-concurso-ebserh-med-2023.pdf\" target=\"_blank\">acesse o edital<\/a> para verificar todas as especialidades dispon&iacute;veis.<\/p><ul class=\"wp-block-list\">\n<li><strong>Microrregi&atilde;o 1<\/strong> &ndash; 89 vagas<\/li>\n<\/ul><p>Hospital Universit&aacute;rio Get&uacute;lio Vargas (HUGV-UFAM) &ndash; CR<\/p><p>Hospital Universit&aacute;rio Federal do Amap&aacute; (HU-UNIFAP) &ndash; total: 67 vagas<\/p><figure class=\"wp-block-table\"><table><tbody><tr><td>Especialidade<\/td><td>Ampla Concorr&ecirc;ncia<\/td><td>PcD<\/td><td>Negros<\/td><td>Total<\/td><\/tr><tr><td>Alergia e Imunologia<\/td><td>&nbsp;0<\/td><td>&nbsp;0<\/td><td>1<\/td><td>1<\/td><\/tr><tr><td>Anestesiologia<\/td><td>5<\/td><td>1<\/td><td>2<\/td><td>8<\/td><\/tr><tr><td>Cardiologia<\/td><td>2<\/td><td>1<\/td><td>1<\/td><td>4<\/td><\/tr><tr><td>Cirurgia do Aparelho Digestivo<\/td><td>1<\/td><td>1<\/td><td>&nbsp;0<\/td><td>2<\/td><\/tr><tr><td>Cirurgia Geral<\/td><td>4<\/td><td>1<\/td><td>1<\/td><td>6<\/td><\/tr><tr><td>Cl&iacute;nica M&eacute;dica<\/td><td>5<\/td><td>1<\/td><td>2<\/td><td>8<\/td><\/tr><tr><td>Coloproctologia<\/td><td>1<\/td><td>&nbsp;0<\/td><td>1<\/td><td>2<\/td><\/tr><tr><td>Endocrinologia<\/td><td>&nbsp;0<\/td><td>&nbsp;0<\/td><td>1<\/td><td>1<\/td><\/tr><tr><td>Endoscopia<\/td><td>&nbsp;0<\/td><td>1<\/td><td>&nbsp;0<\/td><td>1<\/td><\/tr><tr><td>Infectologia<\/td><td>2<\/td><td>1<\/td><td>1<\/td><td>4<\/td><\/tr><tr><td>Medicina do Trabalho<\/td><td>&nbsp;0<\/td><td>1<\/td><td>&nbsp;0<\/td><td>1<\/td><\/tr><tr><td>Medicina Intensiva<\/td><td>6<\/td><td>1<\/td><td>2<\/td><td>9<\/td><\/tr><tr><td>Nefrologia<\/td><td>1<\/td><td>&nbsp;0<\/td><td>1<\/td><td>2<\/td><\/tr><tr><td>Ortopedia e Traumatologia<\/td><td>6<\/td><td>1<\/td><td>2<\/td><td>9<\/td><\/tr><tr><td>Otorrinolaringologista<\/td><td>1<\/td><td>&nbsp;0<\/td><td>1<\/td><td>2<\/td><\/tr><tr><td>Patologia<\/td><td>&nbsp;0<\/td><td>1<\/td><td>&nbsp;0<\/td><td>1<\/td><\/tr><tr><td>Radiologia e Diagn&oacute;stico por Imagem<\/td><td>1<\/td><td>&nbsp;0<\/td><td>1<\/td><td>2<\/td><\/tr><tr><td>Urologia<\/td><td>2<\/td><td>1<\/td><td>1<\/td><td>4<\/td><\/tr><\/tbody><\/table><\/figure><p>Hospital Universit&aacute;rio da Universidade Federal do Maranh&atilde;o (HU-UFMA) &ndash; total:&nbsp; 6 vagas<\/p><figure class=\"wp-block-table\"><table><tbody><tr><td>Especialidade<\/td><td>Ampla Concorr&ecirc;ncia<\/td><td>PcD<\/td><td>Negros<\/td><td>Total<\/td><\/tr><tr><td>Anestesiologia<\/td><td>0<\/td><td>0<\/td><td>1<\/td><td>1<\/td><\/tr><tr><td>Cirurgia Pedi&aacute;trica<\/td><td>0<\/td><td>1<\/td><td>0<\/td><td>1<\/td><\/tr><tr><td>Cl&iacute;nica M&eacute;dica<\/td><td>0<\/td><td>0<\/td><td>1<\/td><td>1<\/td><\/tr><tr><td>Medicina Intensiva<\/td><td>0<\/td><td>1<\/td><td>0<\/td><td>1<\/td><\/tr><tr><td>Neonatologia<\/td><td>1<\/td><td>0<\/td><td>0<\/td><td>1<\/td><\/tr><tr><td>Patologia<\/td><td>0<\/td><td>0<\/td><td>1<\/td><td>1<\/td><\/tr><\/tbody><\/table><\/figure><p>Hospital Universit&aacute;rio do Piau&iacute; (HU-UFPI) &ndash; total: 2 vagas<\/p><figure class=\"wp-block-table\"><table><tbody><tr><td>Especialidade<\/td><td>Ampla Concorr&ecirc;ncia<\/td><td>PcD<\/td><td>Negros<\/td><td>Total<\/td><\/tr><tr><td>Oncologia cl&iacute;nica<\/td><td>1<\/td><td>0<\/td><td>1<\/td><td>2<\/td><\/tr><\/tbody><\/table><\/figure><p>Complexo Hospitalar da Universidade Federal do Par&aacute; (CHU-UFPA) &ndash; total: 14 vagas<\/p><figure class=\"wp-block-table\"><table><tbody><tr><td>Especialidade<\/td><td>Ampla Concorr&ecirc;ncia<\/td><td>PcD<\/td><td>Negros<\/td><td>Total<\/td><\/tr><tr><td>Cirurgia de cabe&ccedil;a e pesco&ccedil;o<\/td><td>1<\/td><td>0<\/td><td>1<\/td><td>2<\/td><\/tr><tr><td>Cirurgia tor&aacute;cica<\/td><td>1<\/td><td>1<\/td><td>0<\/td><td>2<\/td><\/tr><tr><td>Endocrinologia e metabologia<\/td><td>0<\/td><td>0<\/td><td>1<\/td><td>1<\/td><\/tr><tr><td>Oftalmologia<\/td><td>5<\/td><td>1<\/td><td>1<\/td><td>7<\/td><\/tr><tr><td>Ortopedia e Traumatologia<\/td><td>0<\/td><td>1<\/td><td>0<\/td><td>1<\/td><\/tr><tr><td>Pneumologia<\/td><td>0<\/td><td>0<\/td><td>1<\/td><td>1<\/td><\/tr><\/tbody><\/table><\/figure><ul class=\"wp-block-list\">\n<li><strong>Microrregi&atilde;o 2<\/strong> &ndash; 14 vagas<\/li>\n<\/ul><p>Complexo Hospitalar Universit&aacute;rio da Universidade Federal do Cear&aacute; (CH-UFC) &ndash; total: 7 vagas<\/p><figure class=\"wp-block-table\"><table><tbody><tr><td>Especialidade<\/td><td>Ampla Concorr&ecirc;ncia<\/td><td>PcD<\/td><td>Negros<\/td><td>Total<\/td><\/tr><tr><td>Anestesiologia<\/td><td>0<\/td><td>1<\/td><td>0<\/td><td>1<\/td><\/tr><tr><td>Oncologia Cl&iacute;nica<\/td><td>1<\/td><td>0<\/td><td>1<\/td><td>2<\/td><\/tr><tr><td>M&eacute;dico DOR<\/td><td>0<\/td><td>0<\/td><td>1<\/td><td>1<\/td><\/tr><tr><td>Gen&eacute;tica M&eacute;dica<\/td><td>0<\/td><td>0<\/td><td>1<\/td><td>1<\/td><\/tr><tr><td>Geriatria<\/td><td>0<\/td><td>0<\/td><td>1<\/td><td>1<\/td><\/tr><tr><td>Ginecologia e Obstetr&iacute;cia<\/td><td>0<\/td><td>0<\/td><td>1<\/td><td>1<\/td><\/tr><\/tbody><\/table><\/figure><p>Hospital Universit&aacute;rio J&uacute;lio Bandeira (HUJB-UFCG) &ndash; total: 5 vagas<\/p><figure class=\"wp-block-table\"><table><tbody><tr><td>Especialidade<\/td><td>Ampla Concorr&ecirc;ncia<\/td><td>PcD<\/td><td>Negros<\/td><td>Total<\/td><\/tr><tr><td>Anestesiologia<\/td><td>0<\/td><td>1<\/td><td>0<\/td><td>1<\/td><\/tr><tr><td>Cl&iacute;nica M&eacute;dica<\/td><td>1<\/td><td>0<\/td><td>1<\/td><td>1<\/td><\/tr><tr><td>Diagn&oacute;stico por imagem &ndash; Ultrassonografia Geral<\/td><td>0<\/td><td>0<\/td><td>1<\/td><td>1<\/td><\/tr><tr><td>Medicina do Trabalho<\/td><td>0<\/td><td>0<\/td><td>1<\/td><td>1<\/td><\/tr><tr><td>Pediatria<\/td><td>0<\/td><td>1<\/td><td>0<\/td><td>1<\/td><\/tr><\/tbody><\/table><\/figure><p>Hospital Universit&aacute;rio Alcides Carneiro (HUAC-UFCG) &ndash; total: 1 vaga<\/p><figure class=\"wp-block-table\"><table><tbody><tr><td>Especialidade<\/td><td>Ampla Concorr&ecirc;ncia<\/td><td>PcD<\/td><td>Negros<\/td><td>Total<\/td><\/tr><tr><td>Anestesiologia<\/td><td>0<\/td><td>0<\/td><td>1<\/td><td>1<\/td><\/tr><\/tbody><\/table><\/figure><p>Hospital Universit&aacute;rio Lauro Wanderley (HULW-UFPB) &ndash; CR<\/p><p>Hospital Universit&aacute;rio Onofre Lopes (HUOL-UFRN) &ndash; total: 1 vaga<\/p><figure class=\"wp-block-table\"><table><tbody><tr><td>Especialidade<\/td><td>Ampla Concorr&ecirc;ncia<\/td><td>PcD<\/td><td>Negros<\/td><td>Total<\/td><\/tr><tr><td>Anestesiologia<\/td><td>0<\/td><td>0<\/td><td>1<\/td><td>1<\/td><\/tr><\/tbody><\/table><\/figure><p>Maternidade Escola Janu&aacute;rio Cicco (MEJC-UFRN) &ndash; CR<\/p><p>Hospital Universit&aacute;rio Ana Bezerra (HUAB-UFRN) &ndash; CR<\/p><ul class=\"wp-block-list\">\n<li><strong>Microrregi&atilde;o 3<\/strong> &ndash; 78 vagas<\/li>\n<\/ul><p>Hospital Universit&aacute;rio Professor Alberto Antunes (HUPAA-UFAL) &ndash; total: 5 vagas<\/p><figure class=\"wp-block-table\"><table><tbody><tr><td>Especialidade<\/td><td>Ampla Concorr&ecirc;ncia<\/td><td>PcD<\/td><td>Negros<\/td><td>Total<\/td><\/tr><tr><td>Ginecologia e Obstetr&iacute;cia<\/td><td>0<\/td><td>1<\/td><td>0<\/td><td>1<\/td><\/tr><tr><td>Medicina Intensiva<\/td><td>1<\/td><td>1<\/td><td>0<\/td><td>2<\/td><\/tr><tr><td>Patologia<\/td><td>0<\/td><td>1<\/td><td>0<\/td><td>1<\/td><\/tr><tr><td>Radioterapia<\/td><td>0<\/td><td>1<\/td><td>0<\/td><td>1<\/td><\/tr><\/tbody><\/table><\/figure><p>Maternidade Clim&eacute;rio de Oliveira (MCO -UFBA) &ndash; total: 1 vaga<\/p><figure class=\"wp-block-table\"><table><tbody><tr><td>Especialidade<\/td><td>Ampla Concorr&ecirc;ncia<\/td><td>PcD<\/td><td>Negros<\/td><td>Total<\/td><\/tr><tr><td>Neonatologia<\/td><td>0<\/td><td>0<\/td><td>1<\/td><td>1<\/td><\/tr><\/tbody><\/table><\/figure><p>Hospital Universit&aacute;rio Professor Edgard Santos (HUPES-UFBA) &ndash; total: 3 vagas<\/p><figure class=\"wp-block-table\"><table><tbody><tr><td>Especialidade<\/td><td>Ampla Concorr&ecirc;ncia<\/td><td>PcD<\/td><td>Negros<\/td><td>Total<\/td><\/tr><tr><td>Mamografia<\/td><td>0<\/td><td>0<\/td><td>1<\/td><td>1<\/td><\/tr><tr><td>Medicina Intensiva<\/td><td>1<\/td><td>0<\/td><td>1<\/td><td>2<\/td><\/tr><\/tbody><\/table><\/figure><p>Hospital Das Cl&iacute;nicas da Universidade Federal De Pernambuco (HC-UFPE) &ndash; total: 3 vagas<\/p><figure class=\"wp-block-table\"><table><tbody><tr><td>Especialidade<\/td><td>Ampla Concorr&ecirc;ncia<\/td><td>PcD<\/td><td>Negros<\/td><td>Total<\/td><\/tr><tr><td>Anestesiologia<\/td><td>0<\/td><td>0<\/td><td>1<\/td><td>1<\/td><\/tr><tr><td>Neonatologia<\/td><td>1<\/td><td>1<\/td><td>0<\/td><td>2<\/td><\/tr><\/tbody><\/table><\/figure><p>Hospital de Ensino Dr. Washington Ant&ocirc;nio De Barros (HU-UNIVASF) &ndash; total: 3 vagas<\/p><figure class=\"wp-block-table\"><table><tbody><tr><td>Especialidade<\/td><td>Ampla Concorr&ecirc;ncia<\/td><td>PcD<\/td><td>Negros<\/td><td>Total<\/td><\/tr><tr><td>Neurocirurgia<\/td><td>1<\/td><td>1<\/td><td>1<\/td><td>3<\/td><\/tr><\/tbody><\/table><\/figure><p>Hospital Universit&aacute;rio da Universidade Federal de Sergipe (HU-UFS) &ndash; total: 1 vagas<\/p><figure class=\"wp-block-table\"><table><tbody><tr><td>Especialidade<\/td><td>Ampla Concorr&ecirc;ncia<\/td><td>PcD<\/td><td>Negros<\/td><td>Total<\/td><\/tr><tr><td>Anestesiologia<\/td><td>0<\/td><td>0<\/td><td>1<\/td><td>1<\/td><\/tr><\/tbody><\/table><\/figure><p>Hospital Universit&aacute;rio de Lagarto (HUL-UFS) &ndash; total: 62 vagas<\/p><figure class=\"wp-block-table\"><table><tbody><tr><td>Especialidade<\/td><td>Ampla Concorr&ecirc;ncia<\/td><td>PcD<\/td><td>Negros<\/td><td>Total<\/td><\/tr><tr><td>Anestesiologia<\/td><td>8<\/td><td>2<\/td><td>3<\/td><td>13<\/td><\/tr><tr><td>Cardiologia<\/td><td>1<\/td><td>1<\/td><td>0<\/td><td>2<\/td><\/tr><tr><td>Cirurgia de M&atilde;o<\/td><td>1<\/td><td>0<\/td><td>1<\/td><td>2<\/td><\/tr><tr><td>Cirurgia Geral<\/td><td>4<\/td><td>1<\/td><td>1<\/td><td>6<\/td><\/tr><tr><td>Cl&iacute;nica M&eacute;dica<\/td><td>15<\/td><td>3<\/td><td>4<\/td><td>22<\/td><\/tr><tr><td>Endocrinologia e Metabologia<\/td><td>0<\/td><td>0<\/td><td>1<\/td><td>1<\/td><\/tr><tr><td>Hematologia e Hemoterapia<\/td><td>0<\/td><td>0<\/td><td>1<\/td><td>1<\/td><\/tr><tr><td>Medicina do Trabalho<\/td><td>1<\/td><td>0<\/td><td>1<\/td><td>2<\/td><\/tr><tr><td>Medicina Intensiva<\/td><td>1<\/td><td>1<\/td><td>0<\/td><td>2<\/td><\/tr><tr><td>Nutrologia<\/td><td>1<\/td><td>1<\/td><td>0<\/td><td>2<\/td><\/tr><tr><td>Ortopedia e Traumatologia<\/td><td>0<\/td><td>1<\/td><td>0<\/td><td>1<\/td><\/tr><tr><td>Pediatria<\/td><td>5<\/td><td>1<\/td><td>1<\/td><td>7<\/td><\/tr><tr><td>Pneumologia<\/td><td>0<\/td><td>0<\/td><td>1<\/td><td>1<\/td><\/tr><\/tbody><\/table><\/figure><ul class=\"wp-block-list\">\n<li><strong>Microrregi&atilde;o 4 <\/strong>&ndash; 69 vagas<\/li>\n<\/ul><p>Sede Administrativa (SEDE &ndash; EBSERH) &ndash; CR<\/p><p>Hospital Universit&aacute;rio de Bras&iacute;lia (HUB-UNB) &ndash; total: 15 vagas<\/p><figure class=\"wp-block-table\"><table><tbody><tr><td>Especialidade<\/td><td>Ampla Concorr&ecirc;ncia<\/td><td>PcD<\/td><td>Negros<\/td><td>Total<\/td><\/tr><tr><td>Anestesiologia<\/td><td>0<\/td><td>1<\/td><td>0<\/td><td>1<\/td><\/tr><tr><td>Oncologia Cl&iacute;nica<\/td><td>1<\/td><td>1<\/td><td>1<\/td><td>3<\/td><\/tr><tr><td>Cirurgia Tor&aacute;cica<\/td><td>0<\/td><td>0<\/td><td>1<\/td><td>1<\/td><\/tr><tr><td>Cl&iacute;nica M&eacute;dica<\/td><td>0<\/td><td>0<\/td><td>1<\/td><td>1<\/td><\/tr><tr><td>Ginecologia e Obstetr&iacute;cia<\/td><td>0<\/td><td>0<\/td><td>1<\/td><td>1<\/td><\/tr><tr><td>Medicina Intensiva<\/td><td>0<\/td><td>0<\/td><td>1<\/td><td>1<\/td><\/tr><tr><td>Neonatologia<\/td><td>1<\/td><td>1<\/td><td>1<\/td><td>3<\/td><\/tr><tr><td>Patologia<\/td><td>0<\/td><td>0<\/td><td>1<\/td><td>1<\/td><\/tr><tr><td>Pediatria<\/td><td>0<\/td><td>1<\/td><td>0<\/td><td>1<\/td><\/tr><tr><td>Radioterapia<\/td><td>1<\/td><td>1<\/td><td>0<\/td><td>2<\/td><\/tr><\/tbody><\/table><\/figure><p>Hospital Das Cl&iacute;nicas Da Universidade Federal de Goi&aacute;s (HC-UFG) &ndash; total: 20 vagas<\/p><figure class=\"wp-block-table\"><table><tbody><tr><td>Especialidade<\/td><td>Ampla Concorr&ecirc;ncia<\/td><td>PcD<\/td><td>Negros<\/td><td>Total<\/td><\/tr><tr><td>Anestesiologia<\/td><td>0<\/td><td>0<\/td><td>1<\/td><td>1<\/td><\/tr><tr><td>Oncologia Cl&iacute;nica<\/td><td>0<\/td><td>0<\/td><td>1<\/td><td>1<\/td><\/tr><tr><td>Oncologia Pedi&aacute;trica<\/td><td>1<\/td><td>1<\/td><td>0<\/td><td>2<\/td><\/tr><tr><td>Cirurgia Cardiovascular<\/td><td>0<\/td><td>1<\/td><td>0<\/td><td>1<\/td><\/tr><tr><td>Cirurgia Cabe&ccedil;a e Pesco&ccedil;o<\/td><td>0<\/td><td>0<\/td><td>1<\/td><td>1<\/td><\/tr><tr><td>Cirurgia Pedi&aacute;trica<\/td><td>0<\/td><td>1<\/td><td>0<\/td><td>1<\/td><\/tr><tr><td>Cirurgia Tor&aacute;cica<\/td><td>0<\/td><td>0<\/td><td>1<\/td><td>1<\/td><\/tr><tr><td>Cl&iacute;nica M&eacute;dica<\/td><td>0<\/td><td>0<\/td><td>1<\/td><td>1<\/td><\/tr><tr><td>Medicina Intensiva<\/td><td>5<\/td><td>1<\/td><td>2<\/td><td>8<\/td><\/tr><tr><td>Nefrologia Pedi&aacute;trica<\/td><td>0<\/td><td>1<\/td><td>0<\/td><td>1<\/td><\/tr><tr><td>Neonatologia<\/td><td>1<\/td><td>0<\/td><td>1<\/td><td>2<\/td><\/tr><\/tbody><\/table><\/figure><p>Hospital Universit&aacute;rio Da Universidade Federal de Grande Dourados (HU-UFGD) &ndash; total: 23 vagas<\/p><figure class=\"wp-block-table\"><table><tbody><tr><td>Especialidade<\/td><td>Ampla Concorr&ecirc;ncia<\/td><td>PcD<\/td><td>Negros<\/td><td>Total<\/td><\/tr><tr><td>Anestesiologia<\/td><td>0<\/td><td>0<\/td><td>1<\/td><td>1<\/td><\/tr><tr><td>Cl&iacute;nica M&eacute;dica<\/td><td>3<\/td><td>1<\/td><td>1<\/td><td>5<\/td><\/tr><tr><td>Ginecologia e Obstetr&iacute;cia<\/td><td>3<\/td><td>1<\/td><td>1<\/td><td>5<\/td><\/tr><tr><td>Medicina Intensiva<\/td><td>1<\/td><td>1<\/td><td>0<\/td><td>2<\/td><\/tr><tr><td>Pediatria<\/td><td>5<\/td><td>1<\/td><td>2<\/td><td>8<\/td><\/tr><tr><td>Psiquiatria<\/td><td>1<\/td><td>0<\/td><td>1<\/td><td>2<\/td><\/tr><\/tbody><\/table><\/figure><p>Hospital Universit&aacute;rio Maria Aparecida Pedrossian (HUMAP-UFMS) &ndash; total: 5 vagas<\/p><figure class=\"wp-block-table\"><table><tbody><tr><td>Especialidade<\/td><td>Ampla Concorr&ecirc;ncia<\/td><td>PcD<\/td><td>Negros<\/td><td>Total<\/td><\/tr><tr><td>Anestesiologia<\/td><td>1<\/td><td>0<\/td><td>1<\/td><td>2<\/td><\/tr><tr><td>Hemodin&acirc;mica e Cardiologia Intervencionista<\/td><td>1<\/td><td>1<\/td><td>1<\/td><td>3<\/td><\/tr><\/tbody><\/table><\/figure><p>Hospital Universit&aacute;rio J&uacute;lio Muller (HUJM-UFMT) &ndash; total: 5 vagas&nbsp; &nbsp; &nbsp; &nbsp; &nbsp;<\/p><figure class=\"wp-block-table\"><table><tbody><tr><td>Especialidade<\/td><td>Ampla Concorr&ecirc;ncia<\/td><td>PcD<\/td><td>Negros<\/td><td>Total<\/td><\/tr><tr><td>Cirurgia Pedi&aacute;trica<\/td><td>1<\/td><td>1<\/td><td>0<\/td><td>2<\/td><\/tr><tr><td>Diagn&oacute;stico por imagem e Ultrassonografia Geral<\/td><td>1<\/td><td>1<\/td><td>1<\/td><td>3<\/td><\/tr><\/tbody><\/table><\/figure><p>Hospital de Doen&ccedil;as Tropicais (HDT &ndash; UFT) &ndash; total: 1 vaga<\/p><figure class=\"wp-block-table\"><table><tbody><tr><td>Especialidade<\/td><td>Ampla Concorr&ecirc;ncia<\/td><td>PcD<\/td><td>Negros<\/td><td>Total<\/td><\/tr><tr><td>Cl&iacute;nica M&eacute;dica<\/td><td>0<\/td><td>1<\/td><td>0<\/td><td>1<\/td><\/tr><\/tbody><\/table><\/figure><ul class=\"wp-block-list\">\n<li><strong>Microrregi&atilde;o 5<\/strong> &ndash; 118 vagas<\/li>\n<\/ul><p>Hospital Universit&aacute;rio Cassiano Ant&ocirc;nio de Moraes (HUCAM-UFES) &ndash; total: 11 vagas<\/p><figure class=\"wp-block-table\"><table><tbody><tr><td>Especialidade<\/td><td>Ampla Concorr&ecirc;ncia<\/td><td>PcD<\/td><td>Negros<\/td><td>Total<\/td><\/tr><tr><td>Cirurgia Cardiovascular<\/td><td>3<\/td><td>1<\/td><td>1<\/td><td>5<\/td><\/tr><tr><td>Nefrologia Pedi&aacute;trica<\/td><td>0<\/td><td>0<\/td><td>1<\/td><td>1<\/td><\/tr><tr><td>Radiologia e Diagn&oacute;stico por imagem<\/td><td>3<\/td><td>1<\/td><td>1<\/td><td>5<\/td><\/tr><\/tbody><\/table><\/figure><p>Hospital das Cl&iacute;nicas da Universidade Federal de Minas Gerais (HC &ndash; UFMG) &ndash; total: 3 vagas<\/p><figure class=\"wp-block-table\"><table><tbody><tr><td>Especialidade<\/td><td>Ampla Concorr&ecirc;ncia<\/td><td>PcD<\/td><td>Negros<\/td><td>Total<\/td><\/tr><tr><td>Anestesiologia<\/td><td>0<\/td><td>0<\/td><td>1<\/td><td>1<\/td><\/tr><tr><td>Cl&iacute;nica M&eacute;dica<\/td><td>0<\/td><td>1<\/td><td>0<\/td><td>1<\/td><\/tr><tr><td>Neonatologia<\/td><td>0<\/td><td>1<\/td><td>0<\/td><td>1<\/td><\/tr><\/tbody><\/table><\/figure><p>Hospital Universit&aacute;rio da Universidade Federal de Juiz de Fora (HU-UFJF) &ndash; total: 11 vagas<\/p><figure class=\"wp-block-table\"><table><tbody><tr><td>Especialidade<\/td><td>Ampla Concorr&ecirc;ncia<\/td><td>PcD<\/td><td>Negros<\/td><td>Total<\/td><\/tr><tr><td>Medicina do Trabalho<\/td><td>0<\/td><td>0<\/td><td>1<\/td><td>1<\/td><\/tr><tr><td>Nefrologia<\/td><td>0<\/td><td>1<\/td><td>0<\/td><td>1<\/td><\/tr><tr><td>Neurologia Pedi&aacute;trica<\/td><td>1<\/td><td>0<\/td><td>1<\/td><td>2<\/td><\/tr><tr><td>Oftalmologia<\/td><td>0<\/td><td>0<\/td><td>1<\/td><td>1<\/td><\/tr><tr><td>Otorrinolaringologista<\/td><td>1<\/td><td>1<\/td><td>1<\/td><td>3<\/td><\/tr><tr><td>Pneumologia Pedi&aacute;trica<\/td><td>0<\/td><td>0<\/td><td>1<\/td><td>1<\/td><\/tr><tr><td>Reumatologia Pedi&aacute;trica<\/td><td>0<\/td><td>0<\/td><td>1<\/td><td>1<\/td><\/tr><tr><td>Transplante de Medula &Oacute;ssea<\/td><td>0<\/td><td>0<\/td><td>1<\/td><td>1<\/td><\/tr><\/tbody><\/table><\/figure><p>Hospital de Cl&iacute;nicas da Universidade Federal do Tri&acirc;ngulo Mineiro (HC-UFTM) &ndash; total: 10 vagas<\/p><figure class=\"wp-block-table\"><table><tbody><tr><td>Especialidade<\/td><td>Ampla Concorr&ecirc;ncia<\/td><td>PcD<\/td><td>Negros<\/td><td>Total<\/td><\/tr><tr><td>Cardiologia Pedi&aacute;trica<\/td><td>0<\/td><td>1<\/td><td>0<\/td><td>1<\/td><\/tr><tr><td>Cirurgia Pedi&aacute;trica<\/td><td>0<\/td><td>1<\/td><td>0<\/td><td>1<\/td><\/tr><tr><td>Cl&iacute;nica M&eacute;dica<\/td><td>0<\/td><td>0<\/td><td>1<\/td><td>1<\/td><\/tr><tr><td>Hemodin&acirc;mica e Cardiologia Intervencionista<\/td><td>0<\/td><td>0<\/td><td>1<\/td><td>1<\/td><\/tr><tr><td>Medicina Intensiva<\/td><td>0<\/td><td>1<\/td><td>0<\/td><td>1<\/td><\/tr><tr><td>Medicina Intensiva Pedi&aacute;trica<\/td><td>0<\/td><td>0<\/td><td>1<\/td><td>1<\/td><\/tr><tr><td>Neurocirurgia<\/td><td>0<\/td><td>1<\/td><td>0<\/td><td>1<\/td><\/tr><tr><td>Patologia<\/td><td>0<\/td><td>1<\/td><td>0<\/td><td>1<\/td><\/tr><tr><td>Pediatria<\/td><td>1<\/td><td>0<\/td><td>1<\/td><td>2<\/td><\/tr><\/tbody><\/table><\/figure><p>Hospital das Cl&iacute;nicas da Universidade Federal de Uberl&acirc;ndia (HC-UFU) &ndash; total: 57 vagas<\/p><figure class=\"wp-block-table\"><table><tbody><tr><td>Especialidade<\/td><td>Ampla Concorr&ecirc;ncia<\/td><td>PcD<\/td><td>Negros<\/td><td>Total<\/td><\/tr><tr><td>Anestesiologia<\/td><td>9<\/td><td>1<\/td><td>2<\/td><td>12<\/td><\/tr><tr><td>Oncologia Clinica<\/td><td>0<\/td><td>0<\/td><td>1<\/td><td>1<\/td><\/tr><tr><td>Cardiologia<\/td><td>1<\/td><td>0<\/td><td>1<\/td><td>2<\/td><\/tr><tr><td>Cirurgia Cardiovascular<\/td><td>0<\/td><td>0<\/td><td>1<\/td><td>1<\/td><\/tr><tr><td>Cirurgia Cabe&ccedil;a e Pesco&ccedil;o<\/td><td>0<\/td><td>0<\/td><td>1<\/td><td>1<\/td><\/tr><tr><td>Cirurgia Geral<\/td><td>2<\/td><td>1<\/td><td>1<\/td><td>4<\/td><\/tr><tr><td>Cirurgia Pedi&aacute;trica<\/td><td>0<\/td><td>0<\/td><td>1<\/td><td>1<\/td><\/tr><tr><td>Cl&iacute;nica M&eacute;dica<\/td><td>4<\/td><td>1<\/td><td>1<\/td><td>6<\/td><\/tr><tr><td>Ginecologia e Obstetr&iacute;cia<\/td><td>1<\/td><td>0<\/td><td>0<\/td><td>1<\/td><\/tr><tr><td>Medicina do Trabalho<\/td><td>0<\/td><td>0<\/td><td>1<\/td><td>1<\/td><\/tr><tr><td>Medicina Intensiva<\/td><td>1<\/td><td>0<\/td><td>1<\/td><td>2<\/td><\/tr><tr><td>Nefrologia<\/td><td>0<\/td><td>0<\/td><td>1<\/td><td>1<\/td><\/tr><tr><td>Neonatologia<\/td><td>4<\/td><td>1<\/td><td>1<\/td><td>6<\/td><\/tr><tr><td>Neurocirurgia<\/td><td>1<\/td><td>0<\/td><td>0<\/td><td>1<\/td><\/tr><tr><td>Neurologia<\/td><td>0<\/td><td>0<\/td><td>1<\/td><td>1<\/td><\/tr><tr><td>Nutrologia<\/td><td>0<\/td><td>0<\/td><td>1<\/td><td>1<\/td><\/tr><tr><td>Ortopedia e Traumatologia<\/td><td>0<\/td><td>0<\/td><td>1<\/td><td>1<\/td><\/tr><tr><td>Otorrinolaringologia<\/td><td>0<\/td><td>0<\/td><td>1<\/td><td>1<\/td><\/tr><tr><td>Patologia<\/td><td>2<\/td><td>1<\/td><td>1<\/td><td>4<\/td><\/tr><tr><td>Pediatria<\/td><td>0<\/td><td>1<\/td><td>0<\/td><td>1<\/td><\/tr><tr><td>Psiquiatria<\/td><td>1<\/td><td>0<\/td><td>1<\/td><td>2<\/td><\/tr><tr><td>Radiologia e Diagn&oacute;stico por Imagem<\/td><td>1<\/td><td>1<\/td><td>1<\/td><td>3<\/td><\/tr><tr><td>Radioterapia<\/td><td>1<\/td><td>1<\/td><td>1<\/td><td>3<\/td><\/tr><\/tbody><\/table><\/figure><p>Hospital Universit&aacute;rio Gaffree E Guinle (HUGG-UNIRIO) &ndash; total: 1 vaga&nbsp;<\/p><figure class=\"wp-block-table\"><table><tbody><tr><td>Especialidade<\/td><td>Ampla Concorr&ecirc;ncia<\/td><td>PcD<\/td><td>Negros<\/td><td>Total<\/td><\/tr><tr><td>Cl&iacute;nica M&eacute;dica<\/td><td>0<\/td><td>1<\/td><td>0<\/td><td>1<\/td><\/tr><\/tbody><\/table><\/figure><p>Hospital Universit&aacute;rio Ant&ocirc;nio Pedro (HUAP-UFF) &ndash; total: 2 vagas<\/p><figure class=\"wp-block-table\"><table><tbody><tr><td>Especialidade<\/td><td>Ampla Concorr&ecirc;ncia<\/td><td>PcD<\/td><td>Negros<\/td><td>Total<\/td><\/tr><tr><td>Anestesiologia<\/td><td>0<\/td><td>1<\/td><td>0<\/td><td>1<\/td><\/tr><tr><td>Cl&iacute;nica M&eacute;dica<\/td><td>0<\/td><td>0<\/td><td>1<\/td><td>1<\/td><\/tr><\/tbody><\/table><\/figure><p>Hospital Universit&aacute;rio da Universidade Federal de S&atilde;o Carlos (UFSCAR) &ndash; total: 23 vagas<\/p><figure class=\"wp-block-table\"><table><tbody><tr><td>Especialidade<\/td><td>Ampla Concorr&ecirc;ncia<\/td><td>PcD<\/td><td>Negros<\/td><td>Total<\/td><\/tr><tr><td>Anestesiologia<\/td><td>1<\/td><td>1<\/td><td>1<\/td><td>3<\/td><\/tr><tr><td>Cl&iacute;nica M&eacute;dica<\/td><td>5<\/td><td>1<\/td><td>2<\/td><td>8<\/td><\/tr><tr><td>Medicina do Trabalho<\/td><td>0<\/td><td>0<\/td><td>1<\/td><td>1<\/td><\/tr><tr><td>Medicina Intensiva<\/td><td>0<\/td><td>0<\/td><td>1<\/td><td>1<\/td><\/tr><tr><td>Pediatria<\/td><td>5<\/td><td>1<\/td><td>1<\/td><td>7<\/td><\/tr><tr><td>Psiquiatria<\/td><td>1<\/td><td>1<\/td><td>1<\/td><td>3<\/td><\/tr><\/tbody><\/table><\/figure><p><strong>Microrregi&atilde;o 6<\/strong> &ndash; 186 vagas<\/p><p>Complexo Hospitalar de Cl&iacute;nicas da Universidade Federal do Paran&aacute; (CHC-UFPR) &ndash; total: 18 vagas<\/p><figure class=\"wp-block-table\"><table><tbody><tr><td>Especialidade<\/td><td>Ampla Concorr&ecirc;ncia<\/td><td>PcD<\/td><td>Negros<\/td><td>Total<\/td><\/tr><tr><td>Anestesiologia<\/td><td>1<\/td><td>1<\/td><td>1<\/td><td>3<\/td><\/tr><tr><td>Cirurgia Cardiovascular<\/td><td>1<\/td><td>1<\/td><td>1<\/td><td>3<\/td><\/tr><tr><td>Cirurgia Tor&aacute;cica<\/td><td>1<\/td><td>1<\/td><td>1<\/td><td>3<\/td><\/tr><tr><td>Cl&iacute;nica M&eacute;dica<\/td><td>0<\/td><td>1<\/td><td>0<\/td><td>1<\/td><\/tr><tr><td>Coloproctologia<\/td><td>1<\/td><td>0<\/td><td>1<\/td><td>2<\/td><\/tr><tr><td>Ginecologia e Obstetr&iacute;cia<\/td><td>1<\/td><td>0<\/td><td>0<\/td><td>1<\/td><\/tr><tr><td>Medicina do Trabalho<\/td><td>0<\/td><td>0<\/td><td>1<\/td><td>1<\/td><\/tr><tr><td>Neonatologia<\/td><td>1<\/td><td>0<\/td><td>1<\/td><td>2<\/td><\/tr><tr><td>Radioterapia<\/td><td>1<\/td><td>1<\/td><td>0<\/td><td>2<\/td><\/tr><\/tbody><\/table><\/figure><p>Hospital Escola da Universidade Federal de Pelotas (HE-UFPEL) &ndash; total: 25 vagas<\/p><figure class=\"wp-block-table\"><table><tbody><tr><td>Especialidade<\/td><td>Ampla Concorr&ecirc;ncia<\/td><td>PcD<\/td><td>Negros<\/td><td>Total<\/td><\/tr><tr><td>Anestesiologia<\/td><td>3<\/td><td>1<\/td><td>1<\/td><td>5<\/td><\/tr><tr><td>Oncologia Cl&iacute;nica<\/td><td>0<\/td><td>1<\/td><td>0<\/td><td>1<\/td><\/tr><tr><td>Cardiologia<\/td><td>0<\/td><td>1<\/td><td>0<\/td><td>1<\/td><\/tr><tr><td>Cl&iacute;nica m&eacute;dica<\/td><td>0<\/td><td>0<\/td><td>1<\/td><td>1<\/td><\/tr><tr><td>Hematologia e Hemoterapia Pedi&aacute;trica<\/td><td>0<\/td><td>1<\/td><td>0<\/td><td>1<\/td><\/tr><tr><td>Infectologia<\/td><td>0<\/td><td>0<\/td><td>1<\/td><td>1<\/td><\/tr><tr><td>Infectologia Pedi&aacute;trica<\/td><td>1<\/td><td>0<\/td><td>0<\/td><td>1<\/td><\/tr><tr><td>Medicina Intensiva<\/td><td>1<\/td><td>1<\/td><td>0<\/td><td>2<\/td><\/tr><tr><td>Medicina Paliativa<\/td><td>1<\/td><td>1<\/td><td>0<\/td><td>2<\/td><\/tr><tr><td>Neonatologia<\/td><td>2<\/td><td>1<\/td><td>1<\/td><td>4<\/td><\/tr><tr><td>Pediatria<\/td><td>2<\/td><td>1<\/td><td>1<\/td><td>4<\/td><\/tr><tr><td>Pneumologia Pedi&aacute;trica<\/td><td>0<\/td><td>0<\/td><td>1<\/td><td>1<\/td><\/tr><tr><td>Radioterapia<\/td><td>0<\/td><td>0<\/td><td>1<\/td><td>1<\/td><\/tr><\/tbody><\/table><\/figure><p>Hospital Universit&aacute;rio Doutor Miguel Riet Correa Junior (HU-FURG) &ndash; total: 43 vagas<\/p><figure class=\"wp-block-table\"><table><tbody><tr><td>Especialidade<\/td><td>Ampla Concorr&ecirc;ncia<\/td><td>PcD<\/td><td>Negros<\/td><td>Total<\/td><\/tr><tr><td>Anestesiologia<\/td><td>4<\/td><td>1<\/td><td>1<\/td><td>6<\/td><\/tr><tr><td>Cardiologia<\/td><td>0<\/td><td>0<\/td><td>1<\/td><td>1<\/td><\/tr><tr><td>Cardiologia Pedi&aacute;trica<\/td><td>0<\/td><td>0<\/td><td>1<\/td><td>1<\/td><\/tr><tr><td>Cirurgia Pl&aacute;stica<\/td><td>0<\/td><td>1<\/td><td>0<\/td><td>1<\/td><\/tr><tr><td>Cl&iacute;nica M&eacute;dica<\/td><td>0<\/td><td>0<\/td><td>1<\/td><td>1<\/td><\/tr><tr><td>Coloproctologia<\/td><td>0<\/td><td>0<\/td><td>1<\/td><td>1<\/td><\/tr><tr><td>Dermatologia<\/td><td>0<\/td><td>0<\/td><td>1<\/td><td>1<\/td><\/tr><tr><td>Diagn&oacute;stico por Imagem &ndash; Ultrassonografia Geral<\/td><td>0<\/td><td>1<\/td><td>0<\/td><td>1<\/td><\/tr><tr><td>Ecocardiografia<\/td><td>0<\/td><td>0<\/td><td>1<\/td><td>1<\/td><\/tr><tr><td>Endocrinologia Metabologia<\/td><td>0<\/td><td>0<\/td><td>1<\/td><td>1<\/td><\/tr><tr><td>Endocrinologia Pedi&aacute;trica<\/td><td>0<\/td><td>0<\/td><td>1<\/td><td>1<\/td><\/tr><tr><td>Ginecologia e Obstetr&iacute;cia<\/td><td>5<\/td><td>1<\/td><td>2<\/td><td>8<\/td><\/tr><tr><td>Infectologia<\/td><td>0<\/td><td>1<\/td><td>0<\/td><td>1<\/td><\/tr><tr><td>Medicina do Trabalho<\/td><td>0<\/td><td>0<\/td><td>1<\/td><td>1<\/td><\/tr><tr><td>Neonatologia<\/td><td>2<\/td><td>1<\/td><td>1<\/td><td>4<\/td><\/tr><tr><td>Neurocirurgia<\/td><td>0<\/td><td>0<\/td><td>1<\/td><td>1<\/td><\/tr><tr><td>Neurologia<\/td><td>0<\/td><td>0<\/td><td>1<\/td><td>1<\/td><\/tr><tr><td>Neurologia Pedi&aacute;trica<\/td><td>0<\/td><td>0<\/td><td>1<\/td><td>1<\/td><\/tr><tr><td>Oftalmologia<\/td><td>0<\/td><td>1<\/td><td>0<\/td><td>1<\/td><\/tr><tr><td>Patologia<\/td><td>0<\/td><td>1<\/td><td>0<\/td><td>1<\/td><\/tr><tr><td>Pediatria<\/td><td>0<\/td><td>0<\/td><td>1<\/td><td>1<\/td><\/tr><tr><td>Pneumologia<\/td><td>0<\/td><td>0<\/td><td>1<\/td><td>1<\/td><\/tr><tr><td>Radiologia e Diagn&oacute;stico por imagem<\/td><td>3<\/td><td>1<\/td><td>1<\/td><td>5<\/td><\/tr><tr><td>Urologia<\/td><td>0<\/td><td>0<\/td><td>1<\/td><td>1<\/td><\/tr><\/tbody><\/table><\/figure><p>Hospital Universit&aacute;rio de Santa Maria (HUSM-UFSM) &ndash; total: 42 vagas<\/p><figure class=\"wp-block-table\"><table><tbody><tr><td>Especialidade<\/td><td>Ampla Concorr&ecirc;ncia<\/td><td>PcD<\/td><td>Negros<\/td><td>Total<\/td><\/tr><tr><td>Cirurgia Oncol&oacute;gica<\/td><td>0<\/td><td>0<\/td><td>1<\/td><td>1<\/td><\/tr><tr><td>Cirurgia Pedi&aacute;trica<\/td><td>1<\/td><td>0<\/td><td>1<\/td><td>2<\/td><\/tr><tr><td>Cirurgia Pl&aacute;stica<\/td><td>1<\/td><td>0<\/td><td>1<\/td><td>2<\/td><\/tr><tr><td>Cl&iacute;nica M&eacute;dica<\/td><td>5<\/td><td>1<\/td><td>2<\/td><td>8<\/td><\/tr><tr><td>Ecocardiografia<\/td><td>0<\/td><td>0<\/td><td>1<\/td><td>1<\/td><\/tr><tr><td>Gen&eacute;tica M&eacute;dica<\/td><td>0<\/td><td>1<\/td><td>0<\/td><td>1<\/td><\/tr><tr><td>Geriatria<\/td><td>1<\/td><td>0<\/td><td>0<\/td><td>1<\/td><\/tr><tr><td>Hematologia e Hemoterapia<\/td><td>0<\/td><td>0<\/td><td>1<\/td><td>1<\/td><\/tr><tr><td>Hemodin&acirc;mica e Cardiologia Intervencionista<\/td><td>1<\/td><td>0<\/td><td>1<\/td><td>2<\/td><\/tr><tr><td>Medicina de Emerg&ecirc;ncia<\/td><td>1<\/td><td>1<\/td><td>1<\/td><td>3<\/td><\/tr><tr><td>Medicina do Trabalho<\/td><td>0<\/td><td>1<\/td><td>0<\/td><td>1<\/td><\/tr><tr><td>Medicina Intensiva<\/td><td>1<\/td><td>1<\/td><td>1<\/td><td>3<\/td><\/tr><tr><td>Nefrologia<\/td><td>1<\/td><td>0<\/td><td>1<\/td><td>2<\/td><\/tr><tr><td>Neonatologia<\/td><td>4<\/td><td>1<\/td><td>1<\/td><td>6<\/td><\/tr><tr><td>Neurocirurgia<\/td><td>0<\/td><td>1<\/td><td>0<\/td><td>1<\/td><\/tr><tr><td>Patologia<\/td><td>0<\/td><td>1<\/td><td>0<\/td><td>1<\/td><\/tr><tr><td>Pediatria<\/td><td>4<\/td><td>1<\/td><td>1<\/td><td>6<\/td><\/tr><\/tbody><\/table><\/figure><p>Hospital Universit&aacute;rio da Universidade Federal de Santa Catarina (HU &ndash; UFSC) &ndash; total: 58 vagas<\/p><figure class=\"wp-block-table\"><table><tbody><tr><td>Especialidade<\/td><td>Ampla Concorr&ecirc;ncia<\/td><td>PcD<\/td><td>Negros<\/td><td>Total<\/td><\/tr><tr><td>Anestesiologia<\/td><td>0<\/td><td>0<\/td><td>1<\/td><td>1<\/td><\/tr><tr><td>Oncologia Cl&iacute;nica<\/td><td>1<\/td><td>1<\/td><td>1<\/td><td>3<\/td><\/tr><tr><td>Cardiologia Pedi&aacute;trica<\/td><td>0<\/td><td>0<\/td><td>1<\/td><td>1<\/td><\/tr><tr><td>Cirurgia Vascular<\/td><td>1<\/td><td>1<\/td><td>1<\/td><td>3<\/td><\/tr><tr><td>Cl&iacute;nica M&eacute;dica<\/td><td>6<\/td><td>1<\/td><td>2<\/td><td>9<\/td><\/tr><tr><td>Coloproctologia<\/td><td>0<\/td><td>0<\/td><td>1<\/td><td>1<\/td><\/tr><tr><td>Ginecologia e Obstetr&iacute;cia<\/td><td>6<\/td><td>1<\/td><td>2<\/td><td>9<\/td><\/tr><tr><td>Medicina Intensiva<\/td><td>5<\/td><td>1<\/td><td>2<\/td><td>8<\/td><\/tr><tr><td>Medicina Paliativa<\/td><td>0<\/td><td>0<\/td><td>1<\/td><td>1<\/td><\/tr><tr><td>Neonatologia<\/td><td>2<\/td><td>1<\/td><td>1<\/td><td>4<\/td><\/tr><tr><td>Oftalmologia<\/td><td>0<\/td><td>0<\/td><td>1<\/td><td>1<\/td><\/tr><tr><td>Otorrinolaringologista<\/td><td>0<\/td><td>1<\/td><td>0<\/td><td>1<\/td><\/tr><tr><td>Pediatria<\/td><td>9<\/td><td>2<\/td><td>3<\/td><td>14<\/td><\/tr><tr><td>Reumatologia<\/td><td>1<\/td><td>0<\/td><td>1<\/td><td>2<\/td><\/tr><\/tbody><\/table><\/figure><h2 class=\"wp-block-heading\" id=\"h-estrategia-med-realiza-revisao-de-vespera-ebserh-concursos-medicos-2023\"><span class=\"ez-toc-section\" id=\"Estrategia-MED-realiza-revisao-de-vespera-EBSERH-Concursos-Medicos-2023\"><\/span>Estrat&eacute;gia MED realiza revis&atilde;o de v&eacute;spera EBSERH Concursos M&eacute;dicos 2023!<span class=\"ez-toc-section-end\"><\/span><\/h2><p>Aproveite e confira o <a href=\"https:\/\/www.youtube.com\/live\/om2swycivsU?si=P7a85TMvjcFOVotF\" target=\"_blank\">webin&aacute;rio<\/a> comandado pela equipe do Estrat&eacute;gia MED, com a revis&atilde;o de v&eacute;spera do <strong>Concurso P&uacute;blico EBSERH M&eacute;dicos 2023<\/strong>. A transmiss&atilde;o aconteceu em nosso canal do Youtube, no dia <strong>16 de dezembro de 2023, das 15h &agrave;s 18h.<\/strong> Clique na imagem a seguir e acompanhe:<\/p><figure class=\"wp-block-embed is-type-video is-provider-youtube wp-block-embed-youtube wp-embed-aspect-16-9 wp-has-aspect-ratio\"><div class=\"wp-block-embed__wrapper\">\n<div class=\"cs-embed cs-embed-responsive\"><iframe title=\"Revis&atilde;o de V&eacute;spera EBSERH Concursos M&eacute;dicos\" width=\"1200\" height=\"675\" src=\"https:\/\/www.youtube.com\/embed\/om2swycivsU?feature=oembed\" frameborder=\"0\" allow=\"accelerometer; autoplay; clipboard-write; encrypted-media; gyroscope; picture-in-picture; web-share\" allowfullscreen><\/iframe><\/div>\n<\/div><\/figure><p>E n&atilde;o se esque&ccedil;a de se inscrever em nosso canal e ativar o sino de notifica&ccedil;&atilde;o para n&atilde;o perder nenhuma novidade sobre concursos p&uacute;blicos com cargos m&eacute;dicos, atualiza&ccedil;&otilde;es m&eacute;dicas e muito mais!<\/p><h2 class=\"wp-block-heading\"><span class=\"ez-toc-section\" id=\"Prepare-se-agora-para-o-concurso-publico-da-EBSERH-com-o-Estrategia-MED\"><\/span>Prepare-se agora para o concurso p&uacute;blico da EBSERH com o Estrat&eacute;gia MED!&nbsp;&nbsp;<span class=\"ez-toc-section-end\"><\/span><\/h2><p>Comece sua prepara&ccedil;&atilde;o para um dos concursos com vagas para m&eacute;dicos mais aguardados do ano! <a href=\"https:\/\/med.estrategia.com\/curso\/concursos-medicos-ebserh-2023-pos-edital\/\" target=\"_blank\" rel=\"noopener noreferrer\">Concursos M&eacute;dicos &ndash; EBSERH 2023 (P&oacute;s-edital)<\/a> oferece Videoaulas completas e quest&otilde;es comentadas sobre todas as &aacute;reas b&aacute;sicas que caem na prova: Portugu&ecirc;s, Legisla&ccedil;&atilde;o &ndash; SUS e Legisla&ccedil;&atilde;o &ndash; EBSERH, mais acesso ao Livro Digital Interativo e ao Banco de Quest&otilde;es.<\/p><p>O nosso<a href=\"https:\/\/med.estrategia.com\/curso\/banco-de-questes-resumos-estrategicos-anual\/\" target=\"_blank\" rel=\"noopener noreferrer\"> Banco de Quest&otilde;es<\/a> atualmente conta com mais de 195 mil quest&otilde;es cadastradas e n&atilde;o para de crescer. Vem ser coruja!<\/p><\/p>\n","protected":false},"excerpt":{"rendered":"O edital para 2023 oferece 554 vagas distribu\u00eddas entre os 39 hospitais da rede EBSERH em todo o Brasil\n","protected":false},"author":45,"featured_media":48694,"comment_status":"closed","ping_status":"closed","sticky":false,"template":"","format":"standard","meta":{"wl_entities_gutenberg":"","footnotes":""},"categories":[474],"tags":[],"wl_entity_type":[199],"class_list":{"0":"post-48786","1":"post","2":"type-post","3":"status-publish","4":"format-standard","5":"has-post-thumbnail","7":"category-concursos","8":"wl_entity_type-article"},"acf":[],"yoast_head":"<!-- This site is optimized with the Yoast SEO Premium plugin v26.6 (Yoast SEO v26.6) - https:\/\/yoast.com\/wordpress\/plugins\/seo\/ -->\n<title>Vagas por unidade da Rede EBSERH<\/title>\n<meta name=\"description\" content=\"O edital 2023 oferece 554 vagas distribu\u00eddas entre os 39 hospitais da rede EBSERH em todo o Brasil. Confira as vagas por unidade.\" \/>\n<meta name=\"robots\" content=\"index, follow, max-snippet:-1, max-image-preview:large, max-video-preview:-1\" \/>\n<link rel=\"canonical\" href=\"https:\/\/med.estrategia.com\/portal\/concursos\/vagas-por-unidade-da-rede-ebserh\/\" \/>\n<meta property=\"og:locale\" content=\"pt_BR\" \/>\n<meta property=\"og:type\" content=\"article\" \/>\n<meta property=\"og:title\" content=\"Vagas por unidade da Rede EBSERH\" \/>\n<meta property=\"og:description\" content=\"O edital 2023 oferece 554 vagas distribu\u00eddas entre os 39 hospitais da rede EBSERH em todo o Brasil. Confira as vagas por unidade.\" \/>\n<meta property=\"og:url\" content=\"https:\/\/med.estrategia.com\/portal\/concursos\/vagas-por-unidade-da-rede-ebserh\/\" \/>\n<meta property=\"og:site_name\" content=\"Estrat\u00e9gia MED\" \/>\n<meta property=\"article:publisher\" content=\"https:\/\/www.facebook.com\/estrategiamed1\" \/>\n<meta property=\"article:published_time\" content=\"2023-10-03T20:41:25+00:00\" \/>\n<meta property=\"article:modified_time\" content=\"2023-12-15T12:57:59+00:00\" \/>\n<meta property=\"og:image\" content=\"https:\/\/med.estrategia.com\/portal\/wp-content\/uploads\/2023\/10\/concurso_EBSERH2023.jpg\" \/>\n\t<meta property=\"og:image:width\" content=\"1280\" \/>\n\t<meta property=\"og:image:height\" content=\"720\" \/>\n\t<meta property=\"og:image:type\" content=\"image\/jpeg\" \/>\n<meta name=\"author\" content=\"Priscila Pereira\" \/>\n<meta name=\"twitter:card\" content=\"summary_large_image\" \/>\n<meta name=\"twitter:creator\" content=\"@estrategiamed_\" \/>\n<meta name=\"twitter:site\" content=\"@estrategiamed_\" \/>\n<meta name=\"twitter:label1\" content=\"Escrito por\" \/>\n\t<meta name=\"twitter:data1\" content=\"Priscila Pereira\" \/>\n\t<meta name=\"twitter:label2\" content=\"Est. tempo de leitura\" \/>\n\t<meta name=\"twitter:data2\" content=\"9 minutos\" \/>\n<script type=\"application\/ld+json\" class=\"yoast-schema-graph\">{\"@context\":\"https:\/\/schema.org\",\"@graph\":[{\"@type\":\"WebPage\",\"@id\":\"https:\/\/med.estrategia.com\/portal\/concursos\/vagas-por-unidade-da-rede-ebserh\/\",\"url\":\"https:\/\/med.estrategia.com\/portal\/concursos\/vagas-por-unidade-da-rede-ebserh\/\",\"name\":\"Vagas por unidade da Rede EBSERH\",\"isPartOf\":{\"@id\":\"https:\/\/med.estrategia.com\/portal\/#website\"},\"primaryImageOfPage\":{\"@id\":\"https:\/\/med.estrategia.com\/portal\/concursos\/vagas-por-unidade-da-rede-ebserh\/#primaryimage\"},\"image\":{\"@id\":\"https:\/\/med.estrategia.com\/portal\/concursos\/vagas-por-unidade-da-rede-ebserh\/#primaryimage\"},\"thumbnailUrl\":\"https:\/\/med.estrategia.com\/portal\/wp-content\/uploads\/2023\/10\/concurso_EBSERH2023.jpg\",\"datePublished\":\"2023-10-03T20:41:25+00:00\",\"dateModified\":\"2023-12-15T12:57:59+00:00\",\"author\":{\"@id\":\"https:\/\/med.estrategia.com\/portal\/#\/schema\/person\/d1df06a83a849b79b2d480e7d8952ce3\"},\"description\":\"O edital 2023 oferece 554 vagas distribu\u00eddas entre os 39 hospitais da rede EBSERH em todo o Brasil. Confira as vagas por unidade.\",\"breadcrumb\":{\"@id\":\"https:\/\/med.estrategia.com\/portal\/concursos\/vagas-por-unidade-da-rede-ebserh\/#breadcrumb\"},\"inLanguage\":\"pt-BR\",\"potentialAction\":[{\"@type\":\"ReadAction\",\"target\":[\"https:\/\/med.estrategia.com\/portal\/concursos\/vagas-por-unidade-da-rede-ebserh\/\"]}]},{\"@type\":\"ImageObject\",\"inLanguage\":\"pt-BR\",\"@id\":\"https:\/\/med.estrategia.com\/portal\/concursos\/vagas-por-unidade-da-rede-ebserh\/#primaryimage\",\"url\":\"https:\/\/med.estrategia.com\/portal\/wp-content\/uploads\/2023\/10\/concurso_EBSERH2023.jpg\",\"contentUrl\":\"https:\/\/med.estrategia.com\/portal\/wp-content\/uploads\/2023\/10\/concurso_EBSERH2023.jpg\",\"width\":1280,\"height\":720,\"caption\":\"Estrat\u00e9gia MED | EBSERH 2023\"},{\"@type\":\"BreadcrumbList\",\"@id\":\"https:\/\/med.estrategia.com\/portal\/concursos\/vagas-por-unidade-da-rede-ebserh\/#breadcrumb\",\"itemListElement\":[{\"@type\":\"ListItem\",\"position\":1,\"name\":\"Home\",\"item\":\"https:\/\/med.estrategia.com\/portal\/\"},{\"@type\":\"ListItem\",\"position\":2,\"name\":\"Concursos M\u00e9dicos\",\"item\":\"https:\/\/med.estrategia.com\/portal\/concursos\/\"},{\"@type\":\"ListItem\",\"position\":3,\"name\":\"Vagas por unidade da Rede EBSERH\"}]},{\"@type\":\"WebSite\",\"@id\":\"https:\/\/med.estrategia.com\/portal\/#website\",\"url\":\"https:\/\/med.estrategia.com\/portal\/\",\"name\":\"Estrat\u00e9gia MED\",\"description\":\"\",\"potentialAction\":[{\"@type\":\"SearchAction\",\"target\":{\"@type\":\"EntryPoint\",\"urlTemplate\":\"https:\/\/med.estrategia.com\/portal\/?s={search_term_string}\"},\"query-input\":{\"@type\":\"PropertyValueSpecification\",\"valueRequired\":true,\"valueName\":\"search_term_string\"}}],\"inLanguage\":\"pt-BR\"},{\"@type\":\"Person\",\"@id\":\"https:\/\/med.estrategia.com\/portal\/#\/schema\/person\/d1df06a83a849b79b2d480e7d8952ce3\",\"name\":\"Priscila Pereira\",\"image\":{\"@type\":\"ImageObject\",\"inLanguage\":\"pt-BR\",\"@id\":\"https:\/\/med.estrategia.com\/portal\/#\/schema\/person\/image\/\",\"url\":\"https:\/\/secure.gravatar.com\/avatar\/fe94f8430a1d23a69c0bc7aab6202e21?s=96&d=mm&r=g\",\"contentUrl\":\"https:\/\/secure.gravatar.com\/avatar\/fe94f8430a1d23a69c0bc7aab6202e21?s=96&d=mm&r=g\",\"caption\":\"Priscila Pereira\"},\"description\":\"Formada e p\u00f3s-graduada na \u00e1rea de comunica\u00e7\u00e3o, divido minha paix\u00e3o entre o jornalismo e os esportes\",\"url\":\"https:\/\/med.estrategia.com\/portal\/author\/priscila-pereira\/\"}]}<\/script>\n<!-- \/ Yoast SEO Premium plugin. -->","yoast_head_json":{"title":"Vagas por unidade da Rede EBSERH","description":"O edital 2023 oferece 554 vagas distribu\u00eddas entre os 39 hospitais da rede EBSERH em todo o Brasil. Confira as vagas por unidade.","robots":{"index":"index","follow":"follow","max-snippet":"max-snippet:-1","max-image-preview":"max-image-preview:large","max-video-preview":"max-video-preview:-1"},"canonical":"https:\/\/med.estrategia.com\/portal\/concursos\/vagas-por-unidade-da-rede-ebserh\/","og_locale":"pt_BR","og_type":"article","og_title":"Vagas por unidade da Rede EBSERH","og_description":"O edital 2023 oferece 554 vagas distribu\u00eddas entre os 39 hospitais da rede EBSERH em todo o Brasil. Confira as vagas por unidade.","og_url":"https:\/\/med.estrategia.com\/portal\/concursos\/vagas-por-unidade-da-rede-ebserh\/","og_site_name":"Estrat\u00e9gia MED","article_publisher":"https:\/\/www.facebook.com\/estrategiamed1","article_published_time":"2023-10-03T20:41:25+00:00","article_modified_time":"2023-12-15T12:57:59+00:00","og_image":[{"width":1280,"height":720,"url":"https:\/\/med.estrategia.com\/portal\/wp-content\/uploads\/2023\/10\/concurso_EBSERH2023.jpg","type":"image\/jpeg"}],"author":"Priscila Pereira","twitter_card":"summary_large_image","twitter_creator":"@estrategiamed_","twitter_site":"@estrategiamed_","twitter_misc":{"Escrito por":"Priscila Pereira","Est. tempo de leitura":"9 minutos"},"schema":{"@context":"https:\/\/schema.org","@graph":[{"@type":"WebPage","@id":"https:\/\/med.estrategia.com\/portal\/concursos\/vagas-por-unidade-da-rede-ebserh\/","url":"https:\/\/med.estrategia.com\/portal\/concursos\/vagas-por-unidade-da-rede-ebserh\/","name":"Vagas por unidade da Rede EBSERH","isPartOf":{"@id":"https:\/\/med.estrategia.com\/portal\/#website"},"primaryImageOfPage":{"@id":"https:\/\/med.estrategia.com\/portal\/concursos\/vagas-por-unidade-da-rede-ebserh\/#primaryimage"},"image":{"@id":"https:\/\/med.estrategia.com\/portal\/concursos\/vagas-por-unidade-da-rede-ebserh\/#primaryimage"},"thumbnailUrl":"https:\/\/med.estrategia.com\/portal\/wp-content\/uploads\/2023\/10\/concurso_EBSERH2023.jpg","datePublished":"2023-10-03T20:41:25+00:00","dateModified":"2023-12-15T12:57:59+00:00","author":{"@id":"https:\/\/med.estrategia.com\/portal\/#\/schema\/person\/d1df06a83a849b79b2d480e7d8952ce3"},"description":"O edital 2023 oferece 554 vagas distribu\u00eddas entre os 39 hospitais da rede EBSERH em todo o Brasil. Confira as vagas por unidade.","breadcrumb":{"@id":"https:\/\/med.estrategia.com\/portal\/concursos\/vagas-por-unidade-da-rede-ebserh\/#breadcrumb"},"inLanguage":"pt-BR","potentialAction":[{"@type":"ReadAction","target":["https:\/\/med.estrategia.com\/portal\/concursos\/vagas-por-unidade-da-rede-ebserh\/"]}]},{"@type":"ImageObject","inLanguage":"pt-BR","@id":"https:\/\/med.estrategia.com\/portal\/concursos\/vagas-por-unidade-da-rede-ebserh\/#primaryimage","url":"https:\/\/med.estrategia.com\/portal\/wp-content\/uploads\/2023\/10\/concurso_EBSERH2023.jpg","contentUrl":"https:\/\/med.estrategia.com\/portal\/wp-content\/uploads\/2023\/10\/concurso_EBSERH2023.jpg","width":1280,"height":720,"caption":"Estrat\u00e9gia MED | EBSERH 2023"},{"@type":"BreadcrumbList","@id":"https:\/\/med.estrategia.com\/portal\/concursos\/vagas-por-unidade-da-rede-ebserh\/#breadcrumb","itemListElement":[{"@type":"ListItem","position":1,"name":"Home","item":"https:\/\/med.estrategia.com\/portal\/"},{"@type":"ListItem","position":2,"name":"Concursos M\u00e9dicos","item":"https:\/\/med.estrategia.com\/portal\/concursos\/"},{"@type":"ListItem","position":3,"name":"Vagas por unidade da Rede EBSERH"}]},{"@type":"WebSite","@id":"https:\/\/med.estrategia.com\/portal\/#website","url":"https:\/\/med.estrategia.com\/portal\/","name":"Estrat\u00e9gia MED","description":"","potentialAction":[{"@type":"SearchAction","target":{"@type":"EntryPoint","urlTemplate":"https:\/\/med.estrategia.com\/portal\/?s={search_term_string}"},"query-input":{"@type":"PropertyValueSpecification","valueRequired":true,"valueName":"search_term_string"}}],"inLanguage":"pt-BR"},{"@type":"Person","@id":"https:\/\/med.estrategia.com\/portal\/#\/schema\/person\/d1df06a83a849b79b2d480e7d8952ce3","name":"Priscila Pereira","image":{"@type":"ImageObject","inLanguage":"pt-BR","@id":"https:\/\/med.estrategia.com\/portal\/#\/schema\/person\/image\/","url":"https:\/\/secure.gravatar.com\/avatar\/fe94f8430a1d23a69c0bc7aab6202e21?s=96&d=mm&r=g","contentUrl":"https:\/\/secure.gravatar.com\/avatar\/fe94f8430a1d23a69c0bc7aab6202e21?s=96&d=mm&r=g","caption":"Priscila Pereira"},"description":"Formada e p\u00f3s-graduada na \u00e1rea de comunica\u00e7\u00e3o, divido minha paix\u00e3o entre o jornalismo e os esportes","url":"https:\/\/med.estrategia.com\/portal\/author\/priscila-pereira\/"}]}},"_wl_alt_label":[],"wl:entity_url":"\/post\/vagas-por-unidade-da-rede-ebserh","_links":{"self":[{"href":"https:\/\/med.estrategia.com\/portal\/wp-json\/wp\/v2\/posts\/48786","targetHints":{"allow":["GET"]}}],"collection":[{"href":"https:\/\/med.estrategia.com\/portal\/wp-json\/wp\/v2\/posts"}],"about":[{"href":"https:\/\/med.estrategia.com\/portal\/wp-json\/wp\/v2\/types\/post"}],"author":[{"embeddable":true,"href":"https:\/\/med.estrategia.com\/portal\/wp-json\/wp\/v2\/users\/45"}],"replies":[{"embeddable":true,"href":"https:\/\/med.estrategia.com\/portal\/wp-json\/wp\/v2\/comments?post=48786"}],"version-history":[{"count":7,"href":"https:\/\/med.estrategia.com\/portal\/wp-json\/wp\/v2\/posts\/48786\/revisions"}],"predecessor-version":[{"id":54379,"href":"https:\/\/med.estrategia.com\/portal\/wp-json\/wp\/v2\/posts\/48786\/revisions\/54379"}],"wp:featuredmedia":[{"embeddable":true,"href":"https:\/\/med.estrategia.com\/portal\/wp-json\/wp\/v2\/media\/48694"}],"wp:attachment":[{"href":"https:\/\/med.estrategia.com\/portal\/wp-json\/wp\/v2\/media?parent=48786"}],"wp:term":[{"taxonomy":"category","embeddable":true,"href":"https:\/\/med.estrategia.com\/portal\/wp-json\/wp\/v2\/categories?post=48786"},{"taxonomy":"post_tag","embeddable":true,"href":"https:\/\/med.estrategia.com\/portal\/wp-json\/wp\/v2\/tags?post=48786"},{"taxonomy":"wl_entity_type","embeddable":true,"href":"https:\/\/med.estrategia.com\/portal\/wp-json\/wp\/v2\/wl_entity_type?post=48786"}],"curies":[{"name":"wp","href":"https:\/\/api.w.org\/{rel}","templated":true}]}}