{"id":50511,"date":"2023-10-27T18:54:41","date_gmt":"2023-10-27T21:54:41","guid":{"rendered":"https:\/\/med.estrategia.com\/portal\/?p=50511"},"modified":"2023-10-27T18:54:47","modified_gmt":"2023-10-27T21:54:47","slug":"tratamento-do-tea-incluso-na-politica-nacional-de-saude-da-pessoa-com-deficiencia","status":"publish","type":"post","link":"https:\/\/med.estrategia.com\/portal\/noticias\/tratamento-do-tea-incluso-na-politica-nacional-de-saude-da-pessoa-com-deficiencia\/","title":{"rendered":"Tratamento do TEA incluso na Pol\u00edtica Nacional de Sa\u00fade da Pessoa com Defici\u00eancia"},"content":{"rendered":"<p>A partir do fim de setembro de 2023, a<strong> Pol&iacute;tica Nacional de Sa&uacute;de da Pessoa com Defici&ecirc;ncia (PNSPD) <\/strong>&ndash; &oacute;rg&atilde;o respons&aacute;vel por incluir as pessoas com defici&ecirc;ncia no Sistema &Uacute;nico de Sa&uacute;de<strong> <\/strong>&ndash; conta tamb&eacute;m com o tratamento voltado ao <strong>Transtorno do Espectro Autista (TEA)<\/strong>.&nbsp;<p>O Minist&eacute;rio da Sa&uacute;de ir&aacute; investir mais de <strong>R$ 540 milh&otilde;es<\/strong> na <strong>Rede de Cuidados &agrave; Pessoa com Defici&ecirc;ncia (RCPD) <\/strong>e os <strong>Centros Especializados em Reabilita&ccedil;&atilde;o (CER) <\/strong>habilitados para prestar atendimento &agrave;s pessoas com TEA receber&atilde;o <strong>aporte de 20%<\/strong> mensais para o cuidado de autistas.<\/p><div id=\"ez-toc-container\" class=\"ez-toc-v2_0_79_2 counter-hierarchy ez-toc-counter ez-toc-transparent ez-toc-container-direction\">\n<div class=\"ez-toc-title-container\"><p class=\"ez-toc-title\" style=\"cursor:inherit\">Navegue pelo conte\u00fado<\/p>\n<\/div><nav><ul class='ez-toc-list ez-toc-list-level-1 ' ><li class='ez-toc-page-1 ez-toc-heading-level-2'><a class=\"ez-toc-link ez-toc-heading-1\" href=\"https:\/\/med.estrategia.com\/portal\/noticias\/tratamento-do-tea-incluso-na-politica-nacional-de-saude-da-pessoa-com-deficiencia\/#Politica-Nacional-de-Saude-da-Pessoa-com-Deficiencia\" >Pol&iacute;tica Nacional de Sa&uacute;de da Pessoa com Defici&ecirc;ncia&nbsp;<\/a><\/li><li class='ez-toc-page-1 ez-toc-heading-level-2'><a class=\"ez-toc-link ez-toc-heading-2\" href=\"https:\/\/med.estrategia.com\/portal\/noticias\/tratamento-do-tea-incluso-na-politica-nacional-de-saude-da-pessoa-com-deficiencia\/#Transtorno-do-Espectro-Autista-TEA\" >Transtorno do Espectro Autista (TEA)<\/a><\/li><li class='ez-toc-page-1 ez-toc-heading-level-2'><a class=\"ez-toc-link ez-toc-heading-3\" href=\"https:\/\/med.estrategia.com\/portal\/noticias\/tratamento-do-tea-incluso-na-politica-nacional-de-saude-da-pessoa-com-deficiencia\/#Como-o-TEA-cai-na-prova\" >Como o TEA cai na prova<\/a><\/li><\/ul><\/nav><\/div>\n<h2 class=\"wp-block-heading\" id=\"h-politica-nacional-de-saude-da-pessoa-com-deficiencia\"><span class=\"ez-toc-section\" id=\"Politica-Nacional-de-Saude-da-Pessoa-com-Deficiencia\"><\/span>Pol&iacute;tica Nacional de Sa&uacute;de da Pessoa com Defici&ecirc;ncia&nbsp;<span class=\"ez-toc-section-end\"><\/span><\/h2><p>Institu&iacute;da em 2002, a <strong>Pol&iacute;tica Nacional de Sa&uacute;de da Pessoa com Defici&ecirc;ncia (PNSPD)<\/strong> visa<strong> incluir as pessoas com defici&ecirc;ncia<\/strong> em toda a rede de servi&ccedil;os do <strong>Sistema &Uacute;nico de Sa&uacute;de (SUS)<\/strong>, bem como manejar a aten&ccedil;&atilde;o &agrave; sa&uacute;de destes pacientes no Brasil.&nbsp;<\/p><p>A PNSPD &eacute; de responsabilidade do Minist&eacute;rio da Sa&uacute;de, que gerencia seus processos observando os princ&iacute;pios e diretrizes do SUS, al&eacute;m de contar com a coopera&ccedil;&atilde;o e assessoria t&eacute;cnica dos estados e munic&iacute;pios.<\/p><p>Dentre as diretrizes da PNSPD, est&atilde;o:<\/p><ul class=\"wp-block-list\">\n<li>Promo&ccedil;&atilde;o de qualidade de vida &agrave;s pessoas com defici&ecirc;ncia;<\/li>\n\n\n\n<li>Assist&ecirc;ncia integral &agrave; sa&uacute;de da pessoa com defici&ecirc;ncia;<\/li>\n\n\n\n<li>Preven&ccedil;&atilde;o de defici&ecirc;ncias;<\/li>\n\n\n\n<li>Amplia&ccedil;&atilde;o e fortalecimento dos mecanismos de informa&ccedil;&atilde;o; e<\/li>\n\n\n\n<li>Organiza&ccedil;&atilde;o e funcionamento dos servi&ccedil;os de aten&ccedil;&atilde;o &agrave; pessoa com defici&ecirc;ncia.<\/li>\n<\/ul><h2 class=\"wp-block-heading\" id=\"h-transtorno-do-espectro-autista-tea\"><span class=\"ez-toc-section\" id=\"Transtorno-do-Espectro-Autista-TEA\"><\/span>Transtorno do Espectro Autista (TEA)<span class=\"ez-toc-section-end\"><\/span><\/h2><p>O<strong> transtorno do espectro autista (TEA) <\/strong>consiste em um<strong> transtorno do neurodesenvolvimento<\/strong> que compromete a capacidade de <strong>comunica&ccedil;&atilde;o, intera&ccedil;&atilde;o social e de comportamento<\/strong>. Suas principais caracter&iacute;sticas cl&iacute;nicas incluem d&eacute;ficit na comunica&ccedil;&atilde;o verbal e n&atilde;o-verbal, al&eacute;m de sintomas como estereotipias motoras, padr&atilde;o r&iacute;gido de comportamento e rotina, irritabilidade e hipersensibilidade a est&iacute;mulos ambientais.&nbsp;<\/p><p>O <strong>diagn&oacute;stico precoce do TEA <\/strong>permite o <strong>desenvolvimento de est&iacute;mulos<\/strong> para promover <strong>independ&ecirc;ncia e qualidade de vida<\/strong>. Assim, com o tratamento incluso na Pol&iacute;tica Nacional de Sa&uacute;de da Pessoa com Defici&ecirc;ncia e no Sistema &Uacute;nico de Sa&uacute;de (SUS), os pacientes e seus familiares contam com uma <strong>rede de aten&ccedil;&atilde;o &agrave; sa&uacute;de com cuidado integral<\/strong>.&nbsp;<\/p><p class=\"wp-block-verse\">Saiba mais: <a href=\"https:\/\/med.estrategia.com\/portal\/conteudos-gratis\/resumed\/resumed-de-psiquiatria-infantil\/\" target=\"_blank\">ResuMED de psiquiatria infantil &ndash; autismo, TDAH e mais!<\/a><\/p><h3 class=\"wp-block-heading\" id=\"h-diagnostico-e-tratamento\">Diagn&oacute;stico e tratamento<\/h3><p>Casos suspeitos de Transtorno do Espectro Autista na Aten&ccedil;&atilde;o Prim&aacute;ria devem ser <strong>encaminhados para a Aten&ccedil;&atilde;o Especializada em Reabilita&ccedil;&atilde;o<\/strong>, que passar&aacute; o paciente por<strong> avalia&ccedil;&atilde;o biopsicossocial com equipe multiprofissional<\/strong>.&nbsp;<\/p><p>Dado o diagn&oacute;stico funcional e levantadas as potencialidades e necessidades do paciente, de sua fam&iacute;lia e seu contexto de vida, &eacute; elaborado o <strong>Projeto Terap&ecirc;utico Singular (PTS)<\/strong>. O PTS define o planejamento do tratamento, os objetivos terap&ecirc;uticos e os recursos e metodologias terap&ecirc;uticas a serem adotados no tratamento do TEA.<\/p><p>O <strong>tratamento do autismo &eacute; multiprofissional<\/strong>, com associa&ccedil;&atilde;o de <strong>psicoterapia, terapia ocupacional, fonoaudiologia, fisioterapia e pedagogia<\/strong> para uma reabilita&ccedil;&atilde;o precoce e desenvolvimento adequado das habilidades e potenciais do paciente. Caso necess&aacute;rio, podem ser usados medicamentos para reduzir os sintomas mais graves e incapacitantes, como agita&ccedil;&atilde;o, irritabilidade e ins&ocirc;nia.&nbsp;<\/p><p>S&atilde;o mais de <strong>300 Centros Especializados em Reabilita&ccedil;&atilde;o<\/strong> no Brasil respons&aacute;veis pela realiza&ccedil;&atilde;o do<strong> diagn&oacute;stico, acompanhamento, concess&atilde;o, adapta&ccedil;&atilde;o <\/strong>e <strong>manuten&ccedil;&atilde;o de tecnologia de assist&ecirc;ncia<\/strong>.&nbsp;<\/p><h2 class=\"wp-block-heading\" id=\"h-como-o-tea-cai-na-prova\"><span class=\"ez-toc-section\" id=\"Como-o-TEA-cai-na-prova\"><\/span>Como o TEA cai na prova<span class=\"ez-toc-section-end\"><\/span><\/h2><p>Confira na pr&aacute;tica uma das quest&otilde;es aplicadas sobre Transtorno do Espectro Autista (TEA) nas provas de resid&ecirc;ncia m&eacute;dica:<\/p><p><strong>UNIVERSIDADE FEDERAL DO ESTADO DO RIO DE JANEIRO &ndash; UNIRIO (2017)<\/strong><strong><br><\/strong><strong><br><\/strong><strong><em>Com rela&ccedil;&atilde;o aos transtornos no espectro do autismo (TEA), &eacute; ERRADO afirmar que:&nbsp;<\/em><\/strong><\/p><ol class=\"wp-block-list\">\n<li>O diagn&oacute;stico de TEA aumentou consideravelmente nas &uacute;ltimas d&eacute;cadas.<\/li>\n\n\n\n<li>Os TEA s&atilde;o altamente heredit&aacute;rios.<\/li>\n\n\n\n<li>Na s&iacute;ndrome de Asperger, os indiv&iacute;duos apresentam sintomas semelhantes ao autismo com linguagem preservada.<\/li>\n\n\n\n<li>O papel etiol&oacute;gico de fatores ambientais como infec&ccedil;&otilde;es perinatais, drogas il&iacute;citas e &aacute;lcool ainda n&atilde;o est&aacute; bem elucidado.<\/li>\n\n\n\n<li><strong>Vacinas com conservantes em merc&uacute;rio aumentam o risco de TEA.<\/strong><\/li>\n<\/ol><p>Com o Banco de Quest&otilde;es do Estrat&eacute;gia MED, voc&ecirc; poder&aacute; aproveitar todos os recursos dispon&iacute;veis, incluindo 3.485 quest&otilde;es de Psiquiatria e a <a href=\"https:\/\/med.estrategia.com\/questoes\/4000084825\" target=\"_blank\" rel=\"noopener noreferrer\">resolu&ccedil;&atilde;o comentada da quest&atilde;o apresentada<\/a>. Vem ser coruja!<\/p><p>\n\n\n\n\n\n<a id=\"cta\" class=\"cta-imagem\" href=\"https:\/\/med.estrategia.com\/curso\/banco-de-questes-resumos-estrategicos-anual\/\" target=\"blank\">\n                <img decoding=\"async\" width=\"100%\" src=\"https:\/\/med.estrategia.com\/portal\/wp-content\/uploads\/2025\/08\/banco_questoes.png\" alt=\"banco_questoes\" title=\"banco_questoes\">\n        <\/a>\n<\/p><\/p>\n","protected":false},"excerpt":{"rendered":"O an\u00fancio foi feito pelo Minist\u00e9rio da Sa\u00fade no Dia Nacional de Luta da Pessoa com Defici\u00eancia, em 21 de setembro\n","protected":false},"author":22,"featured_media":50512,"comment_status":"closed","ping_status":"closed","sticky":false,"template":"","format":"standard","meta":{"wl_entities_gutenberg":"","footnotes":""},"categories":[300],"tags":[],"wl_entity_type":[199],"class_list":{"0":"post-50511","1":"post","2":"type-post","3":"status-publish","4":"format-standard","5":"has-post-thumbnail","7":"category-noticias","8":"wl_entity_type-article"},"acf":[],"yoast_head":"<!-- This site is optimized with the Yoast SEO Premium plugin v26.6 (Yoast SEO v26.6) - https:\/\/yoast.com\/wordpress\/plugins\/seo\/ -->\n<title>Tratamento do TEA incluso na Pol\u00edtica Nacional de Sa\u00fade da Pessoa com Defici\u00eancia<\/title>\n<meta name=\"description\" content=\"Tratamento do Transtorno do Espectro Autista (TEA) foi incluso na Pol\u00edtica Nacional de Sa\u00fade da Pessoa com Defici\u00eancia. Saiba mais!\" \/>\n<meta name=\"robots\" content=\"index, follow, max-snippet:-1, max-image-preview:large, max-video-preview:-1\" \/>\n<link rel=\"canonical\" href=\"https:\/\/med.estrategia.com\/portal\/noticias\/tratamento-do-tea-incluso-na-politica-nacional-de-saude-da-pessoa-com-deficiencia\/\" \/>\n<meta property=\"og:locale\" content=\"pt_BR\" \/>\n<meta property=\"og:type\" content=\"article\" \/>\n<meta property=\"og:title\" content=\"Tratamento do TEA incluso na Pol\u00edtica Nacional de Sa\u00fade da Pessoa com Defici\u00eancia\" \/>\n<meta property=\"og:description\" content=\"Tratamento do Transtorno do Espectro Autista (TEA) foi incluso na Pol\u00edtica Nacional de Sa\u00fade da Pessoa com Defici\u00eancia. Saiba mais!\" \/>\n<meta property=\"og:url\" content=\"https:\/\/med.estrategia.com\/portal\/noticias\/tratamento-do-tea-incluso-na-politica-nacional-de-saude-da-pessoa-com-deficiencia\/\" \/>\n<meta property=\"og:site_name\" content=\"Estrat\u00e9gia MED\" \/>\n<meta property=\"article:publisher\" content=\"https:\/\/www.facebook.com\/estrategiamed1\" \/>\n<meta property=\"article:published_time\" content=\"2023-10-27T21:54:41+00:00\" \/>\n<meta property=\"article:modified_time\" content=\"2023-10-27T21:54:47+00:00\" \/>\n<meta property=\"og:image\" content=\"https:\/\/cdn.medblog.estrategiaeducacional.com.br\/wp-content\/uploads\/2023\/10\/pexels-los-muertos-crew-8460049.jpg\" \/>\n\t<meta property=\"og:image:width\" content=\"1280\" \/>\n\t<meta property=\"og:image:height\" content=\"853\" \/>\n\t<meta property=\"og:image:type\" content=\"image\/jpeg\" \/>\n<meta name=\"author\" content=\"Erika Coelho\" \/>\n<meta name=\"twitter:card\" content=\"summary_large_image\" \/>\n<meta name=\"twitter:creator\" content=\"@estrategiamed_\" \/>\n<meta name=\"twitter:site\" content=\"@estrategiamed_\" \/>\n<meta name=\"twitter:label1\" content=\"Escrito por\" \/>\n\t<meta name=\"twitter:data1\" content=\"Erika Coelho\" \/>\n\t<meta name=\"twitter:label2\" content=\"Est. tempo de leitura\" \/>\n\t<meta name=\"twitter:data2\" content=\"4 minutos\" \/>\n<script type=\"application\/ld+json\" class=\"yoast-schema-graph\">{\"@context\":\"https:\/\/schema.org\",\"@graph\":[{\"@type\":\"WebPage\",\"@id\":\"https:\/\/med.estrategia.com\/portal\/noticias\/tratamento-do-tea-incluso-na-politica-nacional-de-saude-da-pessoa-com-deficiencia\/\",\"url\":\"https:\/\/med.estrategia.com\/portal\/noticias\/tratamento-do-tea-incluso-na-politica-nacional-de-saude-da-pessoa-com-deficiencia\/\",\"name\":\"Tratamento do TEA incluso na Pol\u00edtica Nacional de Sa\u00fade da Pessoa com Defici\u00eancia\",\"isPartOf\":{\"@id\":\"https:\/\/med.estrategia.com\/portal\/#website\"},\"primaryImageOfPage\":{\"@id\":\"https:\/\/med.estrategia.com\/portal\/noticias\/tratamento-do-tea-incluso-na-politica-nacional-de-saude-da-pessoa-com-deficiencia\/#primaryimage\"},\"image\":{\"@id\":\"https:\/\/med.estrategia.com\/portal\/noticias\/tratamento-do-tea-incluso-na-politica-nacional-de-saude-da-pessoa-com-deficiencia\/#primaryimage\"},\"thumbnailUrl\":\"https:\/\/med.estrategia.com\/portal\/wp-content\/uploads\/2023\/10\/pexels-los-muertos-crew-8460049.jpg\",\"datePublished\":\"2023-10-27T21:54:41+00:00\",\"dateModified\":\"2023-10-27T21:54:47+00:00\",\"author\":{\"@id\":\"https:\/\/med.estrategia.com\/portal\/#\/schema\/person\/8e7c9b2f53f2eede3b8880ad86ff20a3\"},\"description\":\"Tratamento do Transtorno do Espectro Autista (TEA) foi incluso na Pol\u00edtica Nacional de Sa\u00fade da Pessoa com Defici\u00eancia. Saiba mais!\",\"breadcrumb\":{\"@id\":\"https:\/\/med.estrategia.com\/portal\/noticias\/tratamento-do-tea-incluso-na-politica-nacional-de-saude-da-pessoa-com-deficiencia\/#breadcrumb\"},\"inLanguage\":\"pt-BR\",\"potentialAction\":[{\"@type\":\"ReadAction\",\"target\":[\"https:\/\/med.estrategia.com\/portal\/noticias\/tratamento-do-tea-incluso-na-politica-nacional-de-saude-da-pessoa-com-deficiencia\/\"]}]},{\"@type\":\"ImageObject\",\"inLanguage\":\"pt-BR\",\"@id\":\"https:\/\/med.estrategia.com\/portal\/noticias\/tratamento-do-tea-incluso-na-politica-nacional-de-saude-da-pessoa-com-deficiencia\/#primaryimage\",\"url\":\"https:\/\/med.estrategia.com\/portal\/wp-content\/uploads\/2023\/10\/pexels-los-muertos-crew-8460049.jpg\",\"contentUrl\":\"https:\/\/med.estrategia.com\/portal\/wp-content\/uploads\/2023\/10\/pexels-los-muertos-crew-8460049.jpg\",\"width\":1280,\"height\":853,\"caption\":\"Cr\u00e9ditos: Pexels\"},{\"@type\":\"BreadcrumbList\",\"@id\":\"https:\/\/med.estrategia.com\/portal\/noticias\/tratamento-do-tea-incluso-na-politica-nacional-de-saude-da-pessoa-com-deficiencia\/#breadcrumb\",\"itemListElement\":[{\"@type\":\"ListItem\",\"position\":1,\"name\":\"Home\",\"item\":\"https:\/\/med.estrategia.com\/portal\/\"},{\"@type\":\"ListItem\",\"position\":2,\"name\":\"Not\u00edcias\",\"item\":\"https:\/\/med.estrategia.com\/portal\/noticias\/\"},{\"@type\":\"ListItem\",\"position\":3,\"name\":\"Tratamento do TEA incluso na Pol\u00edtica Nacional de Sa\u00fade da Pessoa com Defici\u00eancia\"}]},{\"@type\":\"WebSite\",\"@id\":\"https:\/\/med.estrategia.com\/portal\/#website\",\"url\":\"https:\/\/med.estrategia.com\/portal\/\",\"name\":\"Estrat\u00e9gia MED\",\"description\":\"\",\"potentialAction\":[{\"@type\":\"SearchAction\",\"target\":{\"@type\":\"EntryPoint\",\"urlTemplate\":\"https:\/\/med.estrategia.com\/portal\/?s={search_term_string}\"},\"query-input\":{\"@type\":\"PropertyValueSpecification\",\"valueRequired\":true,\"valueName\":\"search_term_string\"}}],\"inLanguage\":\"pt-BR\"},{\"@type\":\"Person\",\"@id\":\"https:\/\/med.estrategia.com\/portal\/#\/schema\/person\/8e7c9b2f53f2eede3b8880ad86ff20a3\",\"name\":\"Erika Coelho\",\"image\":{\"@type\":\"ImageObject\",\"inLanguage\":\"pt-BR\",\"@id\":\"https:\/\/med.estrategia.com\/portal\/#\/schema\/person\/image\/\",\"url\":\"https:\/\/secure.gravatar.com\/avatar\/8ef9ff2e2fa53829c640cca8d1a45178?s=96&d=mm&r=g\",\"contentUrl\":\"https:\/\/secure.gravatar.com\/avatar\/8ef9ff2e2fa53829c640cca8d1a45178?s=96&d=mm&r=g\",\"caption\":\"Erika Coelho\"},\"description\":\"Jornalista pela Universidade Presbiteriana Mackenzie, escrevo sobre educa\u00e7\u00e3o, sa\u00fade e pol\u00edticas p\u00fablicas\",\"url\":\"https:\/\/med.estrategia.com\/portal\/author\/erika\/\"}]}<\/script>\n<!-- \/ Yoast SEO Premium plugin. -->","yoast_head_json":{"title":"Tratamento do TEA incluso na Pol\u00edtica Nacional de Sa\u00fade da Pessoa com Defici\u00eancia","description":"Tratamento do Transtorno do Espectro Autista (TEA) foi incluso na Pol\u00edtica Nacional de Sa\u00fade da Pessoa com Defici\u00eancia. Saiba mais!","robots":{"index":"index","follow":"follow","max-snippet":"max-snippet:-1","max-image-preview":"max-image-preview:large","max-video-preview":"max-video-preview:-1"},"canonical":"https:\/\/med.estrategia.com\/portal\/noticias\/tratamento-do-tea-incluso-na-politica-nacional-de-saude-da-pessoa-com-deficiencia\/","og_locale":"pt_BR","og_type":"article","og_title":"Tratamento do TEA incluso na Pol\u00edtica Nacional de Sa\u00fade da Pessoa com Defici\u00eancia","og_description":"Tratamento do Transtorno do Espectro Autista (TEA) foi incluso na Pol\u00edtica Nacional de Sa\u00fade da Pessoa com Defici\u00eancia. Saiba mais!","og_url":"https:\/\/med.estrategia.com\/portal\/noticias\/tratamento-do-tea-incluso-na-politica-nacional-de-saude-da-pessoa-com-deficiencia\/","og_site_name":"Estrat\u00e9gia MED","article_publisher":"https:\/\/www.facebook.com\/estrategiamed1","article_published_time":"2023-10-27T21:54:41+00:00","article_modified_time":"2023-10-27T21:54:47+00:00","og_image":[{"width":1280,"height":853,"url":"https:\/\/cdn.medblog.estrategiaeducacional.com.br\/wp-content\/uploads\/2023\/10\/pexels-los-muertos-crew-8460049.jpg","type":"image\/jpeg"}],"author":"Erika Coelho","twitter_card":"summary_large_image","twitter_creator":"@estrategiamed_","twitter_site":"@estrategiamed_","twitter_misc":{"Escrito por":"Erika Coelho","Est. tempo de leitura":"4 minutos"},"schema":{"@context":"https:\/\/schema.org","@graph":[{"@type":"WebPage","@id":"https:\/\/med.estrategia.com\/portal\/noticias\/tratamento-do-tea-incluso-na-politica-nacional-de-saude-da-pessoa-com-deficiencia\/","url":"https:\/\/med.estrategia.com\/portal\/noticias\/tratamento-do-tea-incluso-na-politica-nacional-de-saude-da-pessoa-com-deficiencia\/","name":"Tratamento do TEA incluso na Pol\u00edtica Nacional de Sa\u00fade da Pessoa com Defici\u00eancia","isPartOf":{"@id":"https:\/\/med.estrategia.com\/portal\/#website"},"primaryImageOfPage":{"@id":"https:\/\/med.estrategia.com\/portal\/noticias\/tratamento-do-tea-incluso-na-politica-nacional-de-saude-da-pessoa-com-deficiencia\/#primaryimage"},"image":{"@id":"https:\/\/med.estrategia.com\/portal\/noticias\/tratamento-do-tea-incluso-na-politica-nacional-de-saude-da-pessoa-com-deficiencia\/#primaryimage"},"thumbnailUrl":"https:\/\/med.estrategia.com\/portal\/wp-content\/uploads\/2023\/10\/pexels-los-muertos-crew-8460049.jpg","datePublished":"2023-10-27T21:54:41+00:00","dateModified":"2023-10-27T21:54:47+00:00","author":{"@id":"https:\/\/med.estrategia.com\/portal\/#\/schema\/person\/8e7c9b2f53f2eede3b8880ad86ff20a3"},"description":"Tratamento do Transtorno do Espectro Autista (TEA) foi incluso na Pol\u00edtica Nacional de Sa\u00fade da Pessoa com Defici\u00eancia. Saiba mais!","breadcrumb":{"@id":"https:\/\/med.estrategia.com\/portal\/noticias\/tratamento-do-tea-incluso-na-politica-nacional-de-saude-da-pessoa-com-deficiencia\/#breadcrumb"},"inLanguage":"pt-BR","potentialAction":[{"@type":"ReadAction","target":["https:\/\/med.estrategia.com\/portal\/noticias\/tratamento-do-tea-incluso-na-politica-nacional-de-saude-da-pessoa-com-deficiencia\/"]}]},{"@type":"ImageObject","inLanguage":"pt-BR","@id":"https:\/\/med.estrategia.com\/portal\/noticias\/tratamento-do-tea-incluso-na-politica-nacional-de-saude-da-pessoa-com-deficiencia\/#primaryimage","url":"https:\/\/med.estrategia.com\/portal\/wp-content\/uploads\/2023\/10\/pexels-los-muertos-crew-8460049.jpg","contentUrl":"https:\/\/med.estrategia.com\/portal\/wp-content\/uploads\/2023\/10\/pexels-los-muertos-crew-8460049.jpg","width":1280,"height":853,"caption":"Cr\u00e9ditos: Pexels"},{"@type":"BreadcrumbList","@id":"https:\/\/med.estrategia.com\/portal\/noticias\/tratamento-do-tea-incluso-na-politica-nacional-de-saude-da-pessoa-com-deficiencia\/#breadcrumb","itemListElement":[{"@type":"ListItem","position":1,"name":"Home","item":"https:\/\/med.estrategia.com\/portal\/"},{"@type":"ListItem","position":2,"name":"Not\u00edcias","item":"https:\/\/med.estrategia.com\/portal\/noticias\/"},{"@type":"ListItem","position":3,"name":"Tratamento do TEA incluso na Pol\u00edtica Nacional de Sa\u00fade da Pessoa com Defici\u00eancia"}]},{"@type":"WebSite","@id":"https:\/\/med.estrategia.com\/portal\/#website","url":"https:\/\/med.estrategia.com\/portal\/","name":"Estrat\u00e9gia MED","description":"","potentialAction":[{"@type":"SearchAction","target":{"@type":"EntryPoint","urlTemplate":"https:\/\/med.estrategia.com\/portal\/?s={search_term_string}"},"query-input":{"@type":"PropertyValueSpecification","valueRequired":true,"valueName":"search_term_string"}}],"inLanguage":"pt-BR"},{"@type":"Person","@id":"https:\/\/med.estrategia.com\/portal\/#\/schema\/person\/8e7c9b2f53f2eede3b8880ad86ff20a3","name":"Erika Coelho","image":{"@type":"ImageObject","inLanguage":"pt-BR","@id":"https:\/\/med.estrategia.com\/portal\/#\/schema\/person\/image\/","url":"https:\/\/secure.gravatar.com\/avatar\/8ef9ff2e2fa53829c640cca8d1a45178?s=96&d=mm&r=g","contentUrl":"https:\/\/secure.gravatar.com\/avatar\/8ef9ff2e2fa53829c640cca8d1a45178?s=96&d=mm&r=g","caption":"Erika Coelho"},"description":"Jornalista pela Universidade Presbiteriana Mackenzie, escrevo sobre educa\u00e7\u00e3o, sa\u00fade e pol\u00edticas p\u00fablicas","url":"https:\/\/med.estrategia.com\/portal\/author\/erika\/"}]}},"_wl_alt_label":[],"wl:entity_url":"\/post\/tratamento-do-tea-incluso-na-politica-nacional-de-saude-da-pessoa-com-deficiencia","_links":{"self":[{"href":"https:\/\/med.estrategia.com\/portal\/wp-json\/wp\/v2\/posts\/50511","targetHints":{"allow":["GET"]}}],"collection":[{"href":"https:\/\/med.estrategia.com\/portal\/wp-json\/wp\/v2\/posts"}],"about":[{"href":"https:\/\/med.estrategia.com\/portal\/wp-json\/wp\/v2\/types\/post"}],"author":[{"embeddable":true,"href":"https:\/\/med.estrategia.com\/portal\/wp-json\/wp\/v2\/users\/22"}],"replies":[{"embeddable":true,"href":"https:\/\/med.estrategia.com\/portal\/wp-json\/wp\/v2\/comments?post=50511"}],"version-history":[{"count":2,"href":"https:\/\/med.estrategia.com\/portal\/wp-json\/wp\/v2\/posts\/50511\/revisions"}],"predecessor-version":[{"id":50514,"href":"https:\/\/med.estrategia.com\/portal\/wp-json\/wp\/v2\/posts\/50511\/revisions\/50514"}],"wp:featuredmedia":[{"embeddable":true,"href":"https:\/\/med.estrategia.com\/portal\/wp-json\/wp\/v2\/media\/50512"}],"wp:attachment":[{"href":"https:\/\/med.estrategia.com\/portal\/wp-json\/wp\/v2\/media?parent=50511"}],"wp:term":[{"taxonomy":"category","embeddable":true,"href":"https:\/\/med.estrategia.com\/portal\/wp-json\/wp\/v2\/categories?post=50511"},{"taxonomy":"post_tag","embeddable":true,"href":"https:\/\/med.estrategia.com\/portal\/wp-json\/wp\/v2\/tags?post=50511"},{"taxonomy":"wl_entity_type","embeddable":true,"href":"https:\/\/med.estrategia.com\/portal\/wp-json\/wp\/v2\/wl_entity_type?post=50511"}],"curies":[{"name":"wp","href":"https:\/\/api.w.org\/{rel}","templated":true}]}}