{"id":51953,"date":"2023-11-16T16:03:54","date_gmt":"2023-11-16T19:03:54","guid":{"rendered":"https:\/\/med.estrategia.com\/portal\/?p=51953"},"modified":"2023-11-16T16:04:00","modified_gmt":"2023-11-16T19:04:00","slug":"into-2024-confira-relacao-candidato-vaga-e-nota-de-corte","status":"publish","type":"post","link":"https:\/\/med.estrategia.com\/portal\/noticias\/into-2024-confira-relacao-candidato-vaga-e-nota-de-corte\/","title":{"rendered":"INTO 2024: confira rela\u00e7\u00e3o candidato\/vaga e nota de corte"},"content":{"rendered":"<p>Com a divulga&ccedil;&atilde;o do <strong>resultado final da 1&ordf; etapa<\/strong> do processo seletivo para <strong>resid&ecirc;ncia m&eacute;dica do Instituto Nacional de Traumatologia e Ortopedia Jamil Haddad (INTO)<\/strong>, o Estrat&eacute;gia MED trouxe, em primeira m&atilde;o, a rela&ccedil;&atilde;o candidato\/vaga e nota de corte do INTO 2024. Confira neste texto <strong>quantos candidatos disputam pelas vagas ofertadas<\/strong> e qual foi a <strong>nota m&iacute;nima necess&aacute;ria<\/strong> na prova objetiva para ser <strong>convocado para a prova oral, 2&ordf; fase<\/strong> do processo. <div class=\"wp-block-buttons is-horizontal is-content-justification-center is-layout-flex wp-container-core-buttons-is-layout-1 wp-block-buttons-is-layout-flex\">\n<div class=\"wp-block-button\"><a class=\"wp-block-button__link wp-element-button\" href=\"https:\/\/med.estrategia.com\/portal\/wp-content\/uploads\/2023\/11\/RESULTADO-1-FASE-ORTOPEDIA.pdf\" target=\"_blank\">Confira o resultado da 1&ordf; FASE e os convocados para 2&ordf; fase &ndash; ORTOPEDIA<\/a><\/div>\n\n\n\n<div class=\"wp-block-button\"><a class=\"wp-block-button__link wp-element-button\" href=\"https:\/\/med.estrategia.com\/portal\/wp-content\/uploads\/2023\/11\/RESULTADO-1-FASE-MO.pdf\" target=\"_blank\">Confira o resultado da 1&ordf; FASE e os convocados para 2&ordf; fase &ndash; CIRURGIA DA M&Atilde;O<\/a><\/div>\n<\/div><div id=\"ez-toc-container\" class=\"ez-toc-v2_0_79_2 counter-hierarchy ez-toc-counter ez-toc-transparent ez-toc-container-direction\">\n<div class=\"ez-toc-title-container\"><p class=\"ez-toc-title\" style=\"cursor:inherit\">Navegue pelo conte\u00fado<\/p>\n<\/div><nav><ul class='ez-toc-list ez-toc-list-level-1 ' ><li class='ez-toc-page-1 ez-toc-heading-level-2'><a class=\"ez-toc-link ez-toc-heading-1\" href=\"https:\/\/med.estrategia.com\/portal\/noticias\/into-2024-confira-relacao-candidato-vaga-e-nota-de-corte\/#Concorrencia-INTO-2024\" >Concorr&ecirc;ncia INTO 2024<\/a><ul class='ez-toc-list-level-3' ><li class='ez-toc-heading-level-3'><a class=\"ez-toc-link ez-toc-heading-2\" href=\"https:\/\/med.estrategia.com\/portal\/noticias\/into-2024-confira-relacao-candidato-vaga-e-nota-de-corte\/#Inscreva-se-em-nossa-newsletter\" >Inscreva-se em nossa newsletter!<\/a><\/li><\/ul><\/li><li class='ez-toc-page-1 ez-toc-heading-level-2'><a class=\"ez-toc-link ez-toc-heading-3\" href=\"https:\/\/med.estrategia.com\/portal\/noticias\/into-2024-confira-relacao-candidato-vaga-e-nota-de-corte\/#Nota-de-Corte-INTO-2024\" >Nota de Corte INTO 2024<\/a><\/li><li class='ez-toc-page-1 ez-toc-heading-level-2'><a class=\"ez-toc-link ez-toc-heading-4\" href=\"https:\/\/med.estrategia.com\/portal\/noticias\/into-2024-confira-relacao-candidato-vaga-e-nota-de-corte\/#Cronograma-Instituto-Nacional-de-Traumatologia-e-Ortopedia-2024\" >Cronograma Instituto Nacional de Traumatologia e Ortopedia 2024<\/a><\/li><\/ul><\/nav><\/div>\n<h2 class=\"wp-block-heading\" id=\"h-concorrencia-into-2024\"><span class=\"ez-toc-section\" id=\"Concorrencia-INTO-2024\"><\/span>Concorr&ecirc;ncia INTO 2024<span class=\"ez-toc-section-end\"><\/span><\/h2><p>S&atilde;o, ao todo, <strong>95 candidatos<\/strong> inscritos no processo seletivo e presentes na primeira fase do INTO.  Confira como ficou a concorr&ecirc;ncia entre as especialidades:<\/p><figure class=\"wp-block-table\"><table><thead><tr><th class=\"has-text-align-center\" data-align=\"center\">ESPECIALIDADE<\/th><th class=\"has-text-align-center\" data-align=\"center\">INSCRITOS<\/th><th class=\"has-text-align-center\" data-align=\"center\">VAGAS<\/th><th class=\"has-text-align-center\" data-align=\"center\"> CONCORR&Ecirc;NCIA<\/th><\/tr><\/thead><tbody><tr><td class=\"has-text-align-center\" data-align=\"center\">Ortopedia e Traumatologia<\/td><td class=\"has-text-align-center\" data-align=\"center\">80<\/td><td class=\"has-text-align-center\" data-align=\"center\">10<\/td><td class=\"has-text-align-center\" data-align=\"center\">8<\/td><\/tr><tr><td class=\"has-text-align-center\" data-align=\"center\">Cirurgia da M&atilde;o<\/td><td class=\"has-text-align-center\" data-align=\"center\">15<\/td><td class=\"has-text-align-center\" data-align=\"center\">2<\/td><td class=\"has-text-align-center\" data-align=\"center\">7,5<\/td><\/tr><\/tbody><\/table><\/figure><p>\n\n\n<div id=\"new-form\">\n\t<form id=\"forms_layout\">\n\t<input type=\"hidden\" id=\"chave_de\" name=\"chave_de\" value=\"01_EMED_LEADS_TOTAIS\" \/>\n\t\t<input type=\"hidden\" id=\"mid\" name=\"mid\" value=\"515009018\" \/>\n\t\t<input type=\"hidden\" id=\"Objetivo\" name=\"Objetivo\" value=\"Medicina\" \/>\n\t\t<input type=\"hidden\" id=\"Estado_de_Origem_do_IP\" name=\"Estado_de_Origem_do_IP\"  value=\"\" \/>\n\t\t<input type=\"hidden\" id=\"Cidade_de_Origem_do_IP\" name=\"Cidade_de_Origem_do_IP\" value=\"\" \/>\n\t\t<input type=\"hidden\" id=\"Modo_de_entrada\" name=\"Modo_de_entrada\" value=\"Portal\" \/>\n\t\t<input type=\"hidden\" id=\"Pagina_Origem\" name=\"Pagina_Origem\" value=\"\" \/>\n\n\t\t<div class=\"texto\">\n\t\t\t<h3 class=\"news\"><span class=\"ez-toc-section\" id=\"Inscreva-se-em-nossa-newsletter\"><\/span>Inscreva-se em nossa newsletter!<span class=\"ez-toc-section-end\"><\/span><\/h3>\n\t\t\t<p>Receba not\u00edcias sobre resid\u00eancia m\u00e9dica, revalida\u00e7\u00e3o de diplomas e concursos m\u00e9dicos, al\u00e9m de materiais de estudo gratuitos e informa\u00e7\u00f5es relevantes do mundo da Medicina.<\/p>\n\t\t<\/div>\n\t\t<div class=\"campos\">\n\t\t\t<div class=\"first_name labels\">\n\t\t\t\t<input type=\"text\" class=\"input_labels\" id=\"first_name\" name=\"Nome_Completo\" placeholder=\"Nome\" required \/>\n\t\t\t<\/div>\n\t\t\t<div class=\"email labels\">\n\t\t\t\t<input type=\"email\" class=\"input_labels\" id=\"email\" name=\"Email\" placeholder=\"E-mail\" required \/>\n\t\t\t<\/div>\n\t\t\t<button type=\"submit\" class=\"button_layout\">\n\t\t\t\t<div id=\"lblBotao\">Inscreva-se<\/div>\n\t\t\t\t<span id=\"divSpiner\" class=\"loader\" role=\"status\" style=\"display: none;\"><\/span>\t\n\t\t\t<\/button>\n\t\t<\/div><!-- \/campos -->\n\t\t\n\t\t<label class=\"container_checkbox\">Voc\u00ea concorda com a nossa\n\t\t\t<a class=\"politics_privacy_ahref\" target=\"_blank\" href=\"https:\/\/gratis.estrategiaconcursos.com.br\/politica-de-privacidade\/\">Pol\u00edtica de Privacidade<\/a> e aceita receber informa\u00e7\u00f5es adicionais do Estrat\u00e9gia Educacional.\n\t\t\t<input id=\"checkbox_layout\" type=\"checkbox\" checked=\"checked\" required \/>\n\t\t\t<span class=\"checkbox\"><\/span>\n\t\t<\/label>\n\t\t<div id=\"msg\"><\/div>\n\t\t<div id=\"error\" class=\"error\">\n\t\t<\/div>\n\t<\/form>\n<\/div><!-- \/new-form -->\n\n\n\n<\/p><h2 class=\"wp-block-heading\" id=\"h-nota-de-corte-into-2024\"><span class=\"ez-toc-section\" id=\"Nota-de-Corte-INTO-2024\"><\/span>Nota de Corte INTO 2024 <span class=\"ez-toc-section-end\"><\/span><\/h2><p>A nota de corte para convoca&ccedil;&atilde;o para a 2&ordf; fase ficou da seguinte maneira:<\/p><figure class=\"wp-block-table\"><table><thead><tr><th class=\"has-text-align-center\" data-align=\"center\">Especialidades<\/th><th class=\"has-text-align-center\" data-align=\"center\">Nota de Corte 2&ordf; fase<\/th><\/tr><\/thead><tbody><tr><td class=\"has-text-align-center\" data-align=\"center\">Ortopedia e Traumatologia<\/td><td class=\"has-text-align-center\" data-align=\"center\">54 &ndash; 12&ordm; lugar<\/td><\/tr><tr><td class=\"has-text-align-center\" data-align=\"center\">Cirurgia da M&atilde;o<\/td><td class=\"has-text-align-center\" data-align=\"center\">54 &ndash; 6&ordm; lugar<\/td><\/tr><\/tbody><\/table><\/figure><h2 class=\"wp-block-heading\" id=\"h-cronograma-instituto-nacional-de-traumatologia-e-ortopedia-2024\"><span class=\"ez-toc-section\" id=\"Cronograma-Instituto-Nacional-de-Traumatologia-e-Ortopedia-2024\"><\/span>Cronograma Instituto Nacional de Traumatologia e Ortopedia 2024<span class=\"ez-toc-section-end\"><\/span><\/h2><ul class=\"wp-block-list\">\n<li><strong>Solicita&ccedil;&atilde;o de Isen&ccedil;&atilde;o:<\/strong>&nbsp;17 e 18\/10\/2023;<\/li>\n\n\n\n<li><strong>Per&iacute;odo de Inscri&ccedil;&otilde;es:&nbsp;<\/strong>20\/10 a 02\/11\/2023;<\/li>\n\n\n\n<li><strong>Taxa de Inscri&ccedil;&atilde;o:<\/strong>&nbsp;R$500,00;<\/li>\n\n\n\n<li><strong>Prova Escrita (1&ordf; Fase):<\/strong>&nbsp;09\/11\/2023;<\/li>\n\n\n\n<li><strong>Gabarito preliminar:<\/strong>&nbsp;09\/11\/2023;<\/li>\n\n\n\n<li><strong>Recursos ao gabarito:<\/strong>&nbsp;10\/11\/2023;<\/li>\n\n\n\n<li><strong>Resultado da Prova Escrita e Gabarito Definitivo:<\/strong>&nbsp;14\/11\/2023;<\/li>\n\n\n\n<li><strong>Prova Oral (2&ordf; fase):&nbsp;<\/strong>28 e 30\/11\/2023;<\/li>\n\n\n\n<li><strong>Resultado final:<\/strong>&nbsp;06\/12\/2023; e<\/li>\n\n\n\n<li><strong>Matr&iacute;culas:&nbsp;<\/strong>01 a 07\/02\/2024.<\/li>\n<\/ul><p class=\"wp-block-verse\">Tudo sobre o processo seletivo do INTO 2024: <a href=\"https:\/\/med.estrategia.com\/portal\/residencia-medica\/instituto-nacional-de-traumatologia-e-ortopedia-residencia-medica\/\" target=\"_blank\">Instituto Nacional de Traumatologia e Ortopedia: edital resid&ecirc;ncia m&eacute;dica 2024, nota de corte e mais<\/a>\r<\/p><p class=\"wp-block-verse\" id=\"block-98b732c0-5012-47fb-8a66-78ae580131e0\">Quer ter acesso a mais rela&ccedil;&otilde;es candidato\/vaga? N&atilde;o deixe de conferir: <a href=\"https:\/\/med.estrategia.com\/portal\/residencia-medica\/concorrencia-residencia-medica\/\" target=\"_blank\">Rela&ccedil;&atilde;o candidato\/vaga para Resid&ecirc;ncia M&eacute;dica: confira a concorr&ecirc;ncia dos principais seletivos!<\/a> e a <a href=\"https:\/\/med.estrategia.com\/portal\/noticias\/\" target=\"_blank\">p&aacute;gina de not&iacute;cias<\/a> do Portal do Estrat&eacute;gia MED<\/p><p>Para n&atilde;o perder nenhuma atualiza&ccedil;&atilde;o no universo da medicina e ficar por dentro dos seletivos de Resid&ecirc;ncia M&eacute;dica, de revalida&ccedil;&atilde;o de diplomas e conte&uacute;dos t&eacute;cnicos, continue acessando o&nbsp;<a href=\"https:\/\/med.estrategia.com\/portal\/\" target=\"_blank\">Portal do Estrat&eacute;gia MED<\/a>!&nbsp;<\/p><p>\n\n\n\n\n\n<a id=\"cta\" class=\"cta-imagem\" href=\"https:\/\/med.estrategia.com\/curso\/banco-de-questes-resumos-estrategicos-anual\/\" target=\"blank\">\n                <img decoding=\"async\" width=\"100%\" src=\"https:\/\/med.estrategia.com\/portal\/wp-content\/uploads\/2025\/08\/banco_questoes.png\" alt=\"banco_questoes\" title=\"banco_questoes\">\n        <\/a>\n\n\n\n<\/p><p><\/p><\/p>\n","protected":false},"excerpt":{"rendered":"Resultado final da 1\u00aa etapa foi divulgado em 14 de novembro de 2023\n","protected":false},"author":22,"featured_media":42314,"comment_status":"closed","ping_status":"closed","sticky":false,"template":"","format":"standard","meta":{"wl_entities_gutenberg":"","footnotes":""},"categories":[300],"tags":[],"wl_entity_type":[199],"class_list":{"0":"post-51953","1":"post","2":"type-post","3":"status-publish","4":"format-standard","5":"has-post-thumbnail","7":"category-noticias","8":"wl_entity_type-article"},"acf":[],"yoast_head":"<!-- This site is optimized with the Yoast SEO Premium plugin v26.6 (Yoast SEO v26.6) - https:\/\/yoast.com\/wordpress\/plugins\/seo\/ -->\n<title>INTO 2024: confira rela\u00e7\u00e3o candidato\/vaga e nota de corte<\/title>\n<meta name=\"description\" content=\"O Estrat\u00e9gia MED trouxe, em primeira m\u00e3o, a rela\u00e7\u00e3o candidato\/vaga e nota de corte do INTO 2024. Confira o texto!\" \/>\n<meta name=\"robots\" content=\"index, follow, max-snippet:-1, max-image-preview:large, max-video-preview:-1\" \/>\n<link rel=\"canonical\" href=\"https:\/\/med.estrategia.com\/portal\/noticias\/into-2024-confira-relacao-candidato-vaga-e-nota-de-corte\/\" \/>\n<meta property=\"og:locale\" content=\"pt_BR\" \/>\n<meta property=\"og:type\" content=\"article\" \/>\n<meta property=\"og:title\" content=\"INTO 2024: confira rela\u00e7\u00e3o candidato\/vaga e nota de corte\" \/>\n<meta property=\"og:description\" content=\"O Estrat\u00e9gia MED trouxe, em primeira m\u00e3o, a rela\u00e7\u00e3o candidato\/vaga e nota de corte do INTO 2024. Confira o texto!\" \/>\n<meta property=\"og:url\" content=\"https:\/\/med.estrategia.com\/portal\/noticias\/into-2024-confira-relacao-candidato-vaga-e-nota-de-corte\/\" \/>\n<meta property=\"og:site_name\" content=\"Estrat\u00e9gia MED\" \/>\n<meta property=\"article:publisher\" content=\"https:\/\/www.facebook.com\/estrategiamed1\" \/>\n<meta property=\"article:published_time\" content=\"2023-11-16T19:03:54+00:00\" \/>\n<meta property=\"article:modified_time\" content=\"2023-11-16T19:04:00+00:00\" \/>\n<meta property=\"og:image\" content=\"https:\/\/med.estrategia.com\/portal\/wp-content\/uploads\/2023\/07\/INTO_atualizacoes.jpg\" \/>\n\t<meta property=\"og:image:width\" content=\"1920\" \/>\n\t<meta property=\"og:image:height\" content=\"1080\" \/>\n\t<meta property=\"og:image:type\" content=\"image\/jpeg\" \/>\n<meta name=\"author\" content=\"Erika Coelho\" \/>\n<meta name=\"twitter:card\" content=\"summary_large_image\" \/>\n<meta name=\"twitter:creator\" content=\"@estrategiamed_\" \/>\n<meta name=\"twitter:site\" content=\"@estrategiamed_\" \/>\n<meta name=\"twitter:label1\" content=\"Escrito por\" \/>\n\t<meta name=\"twitter:data1\" content=\"Erika Coelho\" \/>\n\t<meta name=\"twitter:label2\" content=\"Est. tempo de leitura\" \/>\n\t<meta name=\"twitter:data2\" content=\"2 minutos\" \/>\n<script type=\"application\/ld+json\" class=\"yoast-schema-graph\">{\"@context\":\"https:\/\/schema.org\",\"@graph\":[{\"@type\":\"WebPage\",\"@id\":\"https:\/\/med.estrategia.com\/portal\/noticias\/into-2024-confira-relacao-candidato-vaga-e-nota-de-corte\/\",\"url\":\"https:\/\/med.estrategia.com\/portal\/noticias\/into-2024-confira-relacao-candidato-vaga-e-nota-de-corte\/\",\"name\":\"INTO 2024: confira rela\u00e7\u00e3o candidato\/vaga e nota de corte\",\"isPartOf\":{\"@id\":\"https:\/\/med.estrategia.com\/portal\/#website\"},\"primaryImageOfPage\":{\"@id\":\"https:\/\/med.estrategia.com\/portal\/noticias\/into-2024-confira-relacao-candidato-vaga-e-nota-de-corte\/#primaryimage\"},\"image\":{\"@id\":\"https:\/\/med.estrategia.com\/portal\/noticias\/into-2024-confira-relacao-candidato-vaga-e-nota-de-corte\/#primaryimage\"},\"thumbnailUrl\":\"https:\/\/med.estrategia.com\/portal\/wp-content\/uploads\/2023\/07\/INTO_atualizacoes.jpg\",\"datePublished\":\"2023-11-16T19:03:54+00:00\",\"dateModified\":\"2023-11-16T19:04:00+00:00\",\"author\":{\"@id\":\"https:\/\/med.estrategia.com\/portal\/#\/schema\/person\/8e7c9b2f53f2eede3b8880ad86ff20a3\"},\"description\":\"O Estrat\u00e9gia MED trouxe, em primeira m\u00e3o, a rela\u00e7\u00e3o candidato\/vaga e nota de corte do INTO 2024. Confira o texto!\",\"breadcrumb\":{\"@id\":\"https:\/\/med.estrategia.com\/portal\/noticias\/into-2024-confira-relacao-candidato-vaga-e-nota-de-corte\/#breadcrumb\"},\"inLanguage\":\"pt-BR\",\"potentialAction\":[{\"@type\":\"ReadAction\",\"target\":[\"https:\/\/med.estrategia.com\/portal\/noticias\/into-2024-confira-relacao-candidato-vaga-e-nota-de-corte\/\"]}]},{\"@type\":\"ImageObject\",\"inLanguage\":\"pt-BR\",\"@id\":\"https:\/\/med.estrategia.com\/portal\/noticias\/into-2024-confira-relacao-candidato-vaga-e-nota-de-corte\/#primaryimage\",\"url\":\"https:\/\/med.estrategia.com\/portal\/wp-content\/uploads\/2023\/07\/INTO_atualizacoes.jpg\",\"contentUrl\":\"https:\/\/med.estrategia.com\/portal\/wp-content\/uploads\/2023\/07\/INTO_atualizacoes.jpg\",\"width\":1920,\"height\":1080,\"caption\":\"Estrat\u00e9gia MED | Foto de Divulga\u00e7\u00e3o: Instituto Nacional de Traumatologia e Ortopedia Jamil Haddad\"},{\"@type\":\"BreadcrumbList\",\"@id\":\"https:\/\/med.estrategia.com\/portal\/noticias\/into-2024-confira-relacao-candidato-vaga-e-nota-de-corte\/#breadcrumb\",\"itemListElement\":[{\"@type\":\"ListItem\",\"position\":1,\"name\":\"Home\",\"item\":\"https:\/\/med.estrategia.com\/portal\/\"},{\"@type\":\"ListItem\",\"position\":2,\"name\":\"Not\u00edcias\",\"item\":\"https:\/\/med.estrategia.com\/portal\/noticias\/\"},{\"@type\":\"ListItem\",\"position\":3,\"name\":\"INTO 2024: confira rela\u00e7\u00e3o candidato\/vaga e nota de corte\"}]},{\"@type\":\"WebSite\",\"@id\":\"https:\/\/med.estrategia.com\/portal\/#website\",\"url\":\"https:\/\/med.estrategia.com\/portal\/\",\"name\":\"Estrat\u00e9gia MED\",\"description\":\"\",\"potentialAction\":[{\"@type\":\"SearchAction\",\"target\":{\"@type\":\"EntryPoint\",\"urlTemplate\":\"https:\/\/med.estrategia.com\/portal\/?s={search_term_string}\"},\"query-input\":{\"@type\":\"PropertyValueSpecification\",\"valueRequired\":true,\"valueName\":\"search_term_string\"}}],\"inLanguage\":\"pt-BR\"},{\"@type\":\"Person\",\"@id\":\"https:\/\/med.estrategia.com\/portal\/#\/schema\/person\/8e7c9b2f53f2eede3b8880ad86ff20a3\",\"name\":\"Erika Coelho\",\"image\":{\"@type\":\"ImageObject\",\"inLanguage\":\"pt-BR\",\"@id\":\"https:\/\/med.estrategia.com\/portal\/#\/schema\/person\/image\/\",\"url\":\"https:\/\/secure.gravatar.com\/avatar\/8ef9ff2e2fa53829c640cca8d1a45178?s=96&d=mm&r=g\",\"contentUrl\":\"https:\/\/secure.gravatar.com\/avatar\/8ef9ff2e2fa53829c640cca8d1a45178?s=96&d=mm&r=g\",\"caption\":\"Erika Coelho\"},\"description\":\"Jornalista pela Universidade Presbiteriana Mackenzie, escrevo sobre educa\u00e7\u00e3o, sa\u00fade e pol\u00edticas p\u00fablicas\",\"url\":\"https:\/\/med.estrategia.com\/portal\/author\/erika\/\"}]}<\/script>\n<!-- \/ Yoast SEO Premium plugin. -->","yoast_head_json":{"title":"INTO 2024: confira rela\u00e7\u00e3o candidato\/vaga e nota de corte","description":"O Estrat\u00e9gia MED trouxe, em primeira m\u00e3o, a rela\u00e7\u00e3o candidato\/vaga e nota de corte do INTO 2024. Confira o texto!","robots":{"index":"index","follow":"follow","max-snippet":"max-snippet:-1","max-image-preview":"max-image-preview:large","max-video-preview":"max-video-preview:-1"},"canonical":"https:\/\/med.estrategia.com\/portal\/noticias\/into-2024-confira-relacao-candidato-vaga-e-nota-de-corte\/","og_locale":"pt_BR","og_type":"article","og_title":"INTO 2024: confira rela\u00e7\u00e3o candidato\/vaga e nota de corte","og_description":"O Estrat\u00e9gia MED trouxe, em primeira m\u00e3o, a rela\u00e7\u00e3o candidato\/vaga e nota de corte do INTO 2024. Confira o texto!","og_url":"https:\/\/med.estrategia.com\/portal\/noticias\/into-2024-confira-relacao-candidato-vaga-e-nota-de-corte\/","og_site_name":"Estrat\u00e9gia MED","article_publisher":"https:\/\/www.facebook.com\/estrategiamed1","article_published_time":"2023-11-16T19:03:54+00:00","article_modified_time":"2023-11-16T19:04:00+00:00","og_image":[{"width":1920,"height":1080,"url":"https:\/\/med.estrategia.com\/portal\/wp-content\/uploads\/2023\/07\/INTO_atualizacoes.jpg","type":"image\/jpeg"}],"author":"Erika Coelho","twitter_card":"summary_large_image","twitter_creator":"@estrategiamed_","twitter_site":"@estrategiamed_","twitter_misc":{"Escrito por":"Erika Coelho","Est. tempo de leitura":"2 minutos"},"schema":{"@context":"https:\/\/schema.org","@graph":[{"@type":"WebPage","@id":"https:\/\/med.estrategia.com\/portal\/noticias\/into-2024-confira-relacao-candidato-vaga-e-nota-de-corte\/","url":"https:\/\/med.estrategia.com\/portal\/noticias\/into-2024-confira-relacao-candidato-vaga-e-nota-de-corte\/","name":"INTO 2024: confira rela\u00e7\u00e3o candidato\/vaga e nota de corte","isPartOf":{"@id":"https:\/\/med.estrategia.com\/portal\/#website"},"primaryImageOfPage":{"@id":"https:\/\/med.estrategia.com\/portal\/noticias\/into-2024-confira-relacao-candidato-vaga-e-nota-de-corte\/#primaryimage"},"image":{"@id":"https:\/\/med.estrategia.com\/portal\/noticias\/into-2024-confira-relacao-candidato-vaga-e-nota-de-corte\/#primaryimage"},"thumbnailUrl":"https:\/\/med.estrategia.com\/portal\/wp-content\/uploads\/2023\/07\/INTO_atualizacoes.jpg","datePublished":"2023-11-16T19:03:54+00:00","dateModified":"2023-11-16T19:04:00+00:00","author":{"@id":"https:\/\/med.estrategia.com\/portal\/#\/schema\/person\/8e7c9b2f53f2eede3b8880ad86ff20a3"},"description":"O Estrat\u00e9gia MED trouxe, em primeira m\u00e3o, a rela\u00e7\u00e3o candidato\/vaga e nota de corte do INTO 2024. Confira o texto!","breadcrumb":{"@id":"https:\/\/med.estrategia.com\/portal\/noticias\/into-2024-confira-relacao-candidato-vaga-e-nota-de-corte\/#breadcrumb"},"inLanguage":"pt-BR","potentialAction":[{"@type":"ReadAction","target":["https:\/\/med.estrategia.com\/portal\/noticias\/into-2024-confira-relacao-candidato-vaga-e-nota-de-corte\/"]}]},{"@type":"ImageObject","inLanguage":"pt-BR","@id":"https:\/\/med.estrategia.com\/portal\/noticias\/into-2024-confira-relacao-candidato-vaga-e-nota-de-corte\/#primaryimage","url":"https:\/\/med.estrategia.com\/portal\/wp-content\/uploads\/2023\/07\/INTO_atualizacoes.jpg","contentUrl":"https:\/\/med.estrategia.com\/portal\/wp-content\/uploads\/2023\/07\/INTO_atualizacoes.jpg","width":1920,"height":1080,"caption":"Estrat\u00e9gia MED | Foto de Divulga\u00e7\u00e3o: Instituto Nacional de Traumatologia e Ortopedia Jamil Haddad"},{"@type":"BreadcrumbList","@id":"https:\/\/med.estrategia.com\/portal\/noticias\/into-2024-confira-relacao-candidato-vaga-e-nota-de-corte\/#breadcrumb","itemListElement":[{"@type":"ListItem","position":1,"name":"Home","item":"https:\/\/med.estrategia.com\/portal\/"},{"@type":"ListItem","position":2,"name":"Not\u00edcias","item":"https:\/\/med.estrategia.com\/portal\/noticias\/"},{"@type":"ListItem","position":3,"name":"INTO 2024: confira rela\u00e7\u00e3o candidato\/vaga e nota de corte"}]},{"@type":"WebSite","@id":"https:\/\/med.estrategia.com\/portal\/#website","url":"https:\/\/med.estrategia.com\/portal\/","name":"Estrat\u00e9gia MED","description":"","potentialAction":[{"@type":"SearchAction","target":{"@type":"EntryPoint","urlTemplate":"https:\/\/med.estrategia.com\/portal\/?s={search_term_string}"},"query-input":{"@type":"PropertyValueSpecification","valueRequired":true,"valueName":"search_term_string"}}],"inLanguage":"pt-BR"},{"@type":"Person","@id":"https:\/\/med.estrategia.com\/portal\/#\/schema\/person\/8e7c9b2f53f2eede3b8880ad86ff20a3","name":"Erika Coelho","image":{"@type":"ImageObject","inLanguage":"pt-BR","@id":"https:\/\/med.estrategia.com\/portal\/#\/schema\/person\/image\/","url":"https:\/\/secure.gravatar.com\/avatar\/8ef9ff2e2fa53829c640cca8d1a45178?s=96&d=mm&r=g","contentUrl":"https:\/\/secure.gravatar.com\/avatar\/8ef9ff2e2fa53829c640cca8d1a45178?s=96&d=mm&r=g","caption":"Erika Coelho"},"description":"Jornalista pela Universidade Presbiteriana Mackenzie, escrevo sobre educa\u00e7\u00e3o, sa\u00fade e pol\u00edticas p\u00fablicas","url":"https:\/\/med.estrategia.com\/portal\/author\/erika\/"}]}},"_wl_alt_label":[],"wl:entity_url":"\/post\/into-2024-confira-relacao-candidato-vaga-e-nota-de-corte","_links":{"self":[{"href":"https:\/\/med.estrategia.com\/portal\/wp-json\/wp\/v2\/posts\/51953","targetHints":{"allow":["GET"]}}],"collection":[{"href":"https:\/\/med.estrategia.com\/portal\/wp-json\/wp\/v2\/posts"}],"about":[{"href":"https:\/\/med.estrategia.com\/portal\/wp-json\/wp\/v2\/types\/post"}],"author":[{"embeddable":true,"href":"https:\/\/med.estrategia.com\/portal\/wp-json\/wp\/v2\/users\/22"}],"replies":[{"embeddable":true,"href":"https:\/\/med.estrategia.com\/portal\/wp-json\/wp\/v2\/comments?post=51953"}],"version-history":[{"count":2,"href":"https:\/\/med.estrategia.com\/portal\/wp-json\/wp\/v2\/posts\/51953\/revisions"}],"predecessor-version":[{"id":51957,"href":"https:\/\/med.estrategia.com\/portal\/wp-json\/wp\/v2\/posts\/51953\/revisions\/51957"}],"wp:featuredmedia":[{"embeddable":true,"href":"https:\/\/med.estrategia.com\/portal\/wp-json\/wp\/v2\/media\/42314"}],"wp:attachment":[{"href":"https:\/\/med.estrategia.com\/portal\/wp-json\/wp\/v2\/media?parent=51953"}],"wp:term":[{"taxonomy":"category","embeddable":true,"href":"https:\/\/med.estrategia.com\/portal\/wp-json\/wp\/v2\/categories?post=51953"},{"taxonomy":"post_tag","embeddable":true,"href":"https:\/\/med.estrategia.com\/portal\/wp-json\/wp\/v2\/tags?post=51953"},{"taxonomy":"wl_entity_type","embeddable":true,"href":"https:\/\/med.estrategia.com\/portal\/wp-json\/wp\/v2\/wl_entity_type?post=51953"}],"curies":[{"name":"wp","href":"https:\/\/api.w.org\/{rel}","templated":true}]}}