{"id":53005,"date":"2023-11-28T19:32:06","date_gmt":"2023-11-28T22:32:06","guid":{"rendered":"https:\/\/med.estrategia.com\/portal\/?p=53005"},"modified":"2023-11-28T19:32:15","modified_gmt":"2023-11-28T22:32:15","slug":"ses-pb-2024-confira-o-edital-do-processo-seletivo-para-residencia-medica","status":"publish","type":"post","link":"https:\/\/med.estrategia.com\/portal\/noticias\/ses-pb-2024-confira-o-edital-do-processo-seletivo-para-residencia-medica\/","title":{"rendered":"SES-PB 2024: confira o edital do processo seletivo para Resid\u00eancia M\u00e9dica"},"content":{"rendered":"<p>A <strong>Secretaria de Estado da Sa&uacute;de da Para&iacute;ba (SES-PB)<\/strong>, por meio da <strong>Escola de Sa&uacute;de P&uacute;blica da Para&iacute;ba (ESP-PB)<\/strong>, divulgou o edital de seu processo seletivo unificado para Resid&ecirc;ncia M&eacute;dica com ingresso dos aprovados em 2024. O edital prev&ecirc; o preenchimento de<strong> 83 vagas, divididas entre <\/strong>especialidades de Acesso Direto e com Pr&eacute;-Requisito. Continue no artigo e saiba mais sobre o edital!<div id=\"ez-toc-container\" class=\"ez-toc-v2_0_79_2 counter-hierarchy ez-toc-counter ez-toc-transparent ez-toc-container-direction\">\n<div class=\"ez-toc-title-container\"><p class=\"ez-toc-title\" style=\"cursor:inherit\">Navegue pelo conte\u00fado<\/p>\n<\/div><nav><ul class='ez-toc-list ez-toc-list-level-1 ' ><li class='ez-toc-page-1 ez-toc-heading-level-2'><a class=\"ez-toc-link ez-toc-heading-1\" href=\"https:\/\/med.estrategia.com\/portal\/noticias\/ses-pb-2024-confira-o-edital-do-processo-seletivo-para-residencia-medica\/#Resumo-Edital-SES-PB-2024\" >Resumo Edital SES-PB 2024<\/a><ul class='ez-toc-list-level-3' ><li class='ez-toc-heading-level-3'><a class=\"ez-toc-link ez-toc-heading-2\" href=\"https:\/\/med.estrategia.com\/portal\/noticias\/ses-pb-2024-confira-o-edital-do-processo-seletivo-para-residencia-medica\/#Inscreva-se-em-nossa-newsletter\" >Inscreva-se em nossa newsletter!<\/a><\/li><\/ul><\/li><li class='ez-toc-page-1 ez-toc-heading-level-2'><a class=\"ez-toc-link ez-toc-heading-3\" href=\"https:\/\/med.estrategia.com\/portal\/noticias\/ses-pb-2024-confira-o-edital-do-processo-seletivo-para-residencia-medica\/#Edital-SES-PB-2024\" >Edital SES-PB 2024<\/a><\/li><li class='ez-toc-page-1 ez-toc-heading-level-2'><a class=\"ez-toc-link ez-toc-heading-4\" href=\"https:\/\/med.estrategia.com\/portal\/noticias\/ses-pb-2024-confira-o-edital-do-processo-seletivo-para-residencia-medica\/#A-SES-PB\" >A SES-PB<\/a><\/li><\/ul><\/nav><\/div>\n<h2 class=\"wp-block-heading\" id=\"h-resumo-edital-ses-pb-2024\"><span class=\"ez-toc-section\" id=\"Resumo-Edital-SES-PB-2024\"><\/span>Resumo Edital SES-PB 2024<span class=\"ez-toc-section-end\"><\/span><\/h2><figure class=\"wp-block-table\"><table class=\"has-fixed-layout\"><tbody><tr><td class=\"has-text-align-center\" data-align=\"center\"><strong>Vagas ofertadas<\/strong><\/td><td class=\"has-text-align-center\" data-align=\"center\">83<\/td><\/tr><tr><td class=\"has-text-align-center\" data-align=\"center\"><strong>Munic&iacute;pios<\/strong><\/td><td class=\"has-text-align-center\" data-align=\"center\">6<\/td><\/tr><tr><td class=\"has-text-align-center\" data-align=\"center\"><strong>Composi&ccedil;&atilde;o do processo seletivo<\/strong><\/td><td class=\"has-text-align-center\" data-align=\"center\">Prova Objetiva + An&aacute;lise Curricular<\/td><\/tr><tr><td class=\"has-text-align-center\" data-align=\"center\"><strong>Inscri&ccedil;&otilde;es<\/strong><\/td><td class=\"has-text-align-center\" data-align=\"center\">07\/12\/2023 a 07\/01\/2024<\/td><\/tr><tr><td class=\"has-text-align-center\" data-align=\"center\"><strong>Taxa de inscri&ccedil;&atilde;o<\/strong><\/td><td class=\"has-text-align-center\" data-align=\"center\">R$400,00<\/td><\/tr><tr><td class=\"has-text-align-center\" data-align=\"center\"><strong>Solicita&ccedil;&atilde;o de isen&ccedil;&atilde;o da taxa<\/strong><\/td><td class=\"has-text-align-center\" data-align=\"center\">11 e 12\/12\/2023<\/td><\/tr><tr><td class=\"has-text-align-center\" data-align=\"center\"><strong>Local de prova<\/strong><\/td><td class=\"has-text-align-center\" data-align=\"center\">17\/01\/2024<\/td><\/tr><tr><td class=\"has-text-align-center\" data-align=\"center\"><strong>Prova<\/strong><\/td><td class=\"has-text-align-center\" data-align=\"center\">21\/01\/2024<\/td><\/tr><tr><td class=\"has-text-align-center\" data-align=\"center\"><strong>Gabarito preliminar<\/strong><\/td><td class=\"has-text-align-center\" data-align=\"center\">21\/01\/2024, a partir das 17h<\/td><\/tr><tr><td class=\"has-text-align-center\" data-align=\"center\"><strong>Recursos ao gabarito<\/strong><\/td><td class=\"has-text-align-center\" data-align=\"center\">22 e 23\/01\/2024<\/td><\/tr><tr><td class=\"has-text-align-center\" data-align=\"center\"><strong>Resultado dos recursos<\/strong> <strong>e gabarito definitivo<\/strong><\/td><td class=\"has-text-align-center\" data-align=\"center\">26\/01\/2024<\/td><\/tr><tr><td class=\"has-text-align-center\" data-align=\"center\"><strong>Resultado da 1&ordf; Etapa<\/strong><\/td><td class=\"has-text-align-center\" data-align=\"center\">02\/02\/2024<\/td><\/tr><tr><td class=\"has-text-align-center\" data-align=\"center\"><strong>Envio dos documentos da 2&ordf; etapa<\/strong><\/td><td class=\"has-text-align-center\" data-align=\"center\">08 e 09\/02\/2024<\/td><\/tr><tr><td class=\"has-text-align-center\" data-align=\"center\"><strong>Resultado preliminar<\/strong><\/td><td class=\"has-text-align-center\" data-align=\"center\">19\/02\/2024<\/td><\/tr><tr><td class=\"has-text-align-center\" data-align=\"center\"><strong>Recurso ao resultado preliminar<\/strong><\/td><td class=\"has-text-align-center\" data-align=\"center\">20 e 21\/02\/2024<\/td><\/tr><tr><td class=\"has-text-align-center\" data-align=\"center\"><strong>Resultado final<\/strong><\/td><td class=\"has-text-align-center\" data-align=\"center\">23\/02\/2024<\/td><\/tr><tr><td class=\"has-text-align-center\" data-align=\"center\"><strong>Matr&iacute;culas<\/strong><\/td><td class=\"has-text-align-center\" data-align=\"center\">26 e 27\/02\/2024<\/td><\/tr><tr><td class=\"has-text-align-center\" data-align=\"center\"><strong>In&iacute;cio dos programas<\/strong><\/td><td class=\"has-text-align-center\" data-align=\"center\">01\/03\/2024<\/td><\/tr><\/tbody><\/table><\/figure><p>Quer saber em detalhes tudo sobre o processo seletivo para resid&ecirc;ncia m&eacute;dica da SES-PB? <a href=\"https:\/\/med.estrategia.com\/portal\/residencia-medica\/ses-pb-residencia-medica\/\" target=\"_blank\">Clique aqui e confira o texto exclusivo <\/a>que preparamos para auxiliar voc&ecirc; a entender como funciona a inscri&ccedil;&atilde;o, prova, vagas ofertadas e mais da <strong>SES-PB 2024 para Resid&ecirc;ncia M&eacute;dica<\/strong>!&nbsp;<\/p><p>Quer ser o primeiro a receber informa&ccedil;&otilde;es sobre os editais 2024? Ent&atilde;o&nbsp;<a href=\"https:\/\/news.google.com\/search?q=estrat%C3%A9gia%20med&amp;hl=pt-BR&amp;gl=BR&amp;ceid=BR%3Apt-419\" target=\"_blank\">siga o Portal do Estrat&eacute;gia MED no Google News,<\/a>&nbsp;clicando na&nbsp;<strong>estrela do lado direito<\/strong>. Al&eacute;m disso, n&atilde;o deixe de assinar a nossa Newsletter para receber essas atualiza&ccedil;&otilde;es diretamente no seu e-mail:<\/p><p>\n\n\n<div id=\"new-form\">\n\t<form id=\"forms_layout\">\n\t<input type=\"hidden\" id=\"chave_de\" name=\"chave_de\" value=\"01_EMED_LEADS_TOTAIS\" \/>\n\t\t<input type=\"hidden\" id=\"mid\" name=\"mid\" value=\"515009018\" \/>\n\t\t<input type=\"hidden\" id=\"Objetivo\" name=\"Objetivo\" value=\"Medicina\" \/>\n\t\t<input type=\"hidden\" id=\"Estado_de_Origem_do_IP\" name=\"Estado_de_Origem_do_IP\"  value=\"\" \/>\n\t\t<input type=\"hidden\" id=\"Cidade_de_Origem_do_IP\" name=\"Cidade_de_Origem_do_IP\" value=\"\" \/>\n\t\t<input type=\"hidden\" id=\"Modo_de_entrada\" name=\"Modo_de_entrada\" value=\"Portal\" \/>\n\t\t<input type=\"hidden\" id=\"Pagina_Origem\" name=\"Pagina_Origem\" value=\"\" \/>\n\n\t\t<div class=\"texto\">\n\t\t\t<h3 class=\"news\"><span class=\"ez-toc-section\" id=\"Inscreva-se-em-nossa-newsletter\"><\/span>Inscreva-se em nossa newsletter!<span class=\"ez-toc-section-end\"><\/span><\/h3>\n\t\t\t<p>Receba not\u00edcias sobre resid\u00eancia m\u00e9dica, revalida\u00e7\u00e3o de diplomas e concursos m\u00e9dicos, al\u00e9m de materiais de estudo gratuitos e informa\u00e7\u00f5es relevantes do mundo da Medicina.<\/p>\n\t\t<\/div>\n\t\t<div class=\"campos\">\n\t\t\t<div class=\"first_name labels\">\n\t\t\t\t<input type=\"text\" class=\"input_labels\" id=\"first_name\" name=\"Nome_Completo\" placeholder=\"Nome\" required \/>\n\t\t\t<\/div>\n\t\t\t<div class=\"email labels\">\n\t\t\t\t<input type=\"email\" class=\"input_labels\" id=\"email\" name=\"Email\" placeholder=\"E-mail\" required \/>\n\t\t\t<\/div>\n\t\t\t<button type=\"submit\" class=\"button_layout\">\n\t\t\t\t<div id=\"lblBotao\">Inscreva-se<\/div>\n\t\t\t\t<span id=\"divSpiner\" class=\"loader\" role=\"status\" style=\"display: none;\"><\/span>\t\n\t\t\t<\/button>\n\t\t<\/div><!-- \/campos -->\n\t\t\n\t\t<label class=\"container_checkbox\">Voc\u00ea concorda com a nossa\n\t\t\t<a class=\"politics_privacy_ahref\" target=\"_blank\" href=\"https:\/\/gratis.estrategiaconcursos.com.br\/politica-de-privacidade\/\">Pol\u00edtica de Privacidade<\/a> e aceita receber informa\u00e7\u00f5es adicionais do Estrat\u00e9gia Educacional.\n\t\t\t<input id=\"checkbox_layout\" type=\"checkbox\" checked=\"checked\" required \/>\n\t\t\t<span class=\"checkbox\"><\/span>\n\t\t<\/label>\n\t\t<div id=\"msg\"><\/div>\n\t\t<div id=\"error\" class=\"error\">\n\t\t<\/div>\n\t<\/form>\n<\/div><!-- \/new-form -->\n\n\n\n<\/p><h2 class=\"wp-block-heading\" id=\"h-edital-ses-pb-2024\"><span class=\"ez-toc-section\" id=\"Edital-SES-PB-2024\"><\/span>Edital SES-PB 2024<span class=\"ez-toc-section-end\"><\/span><\/h2><p>O edital de sele&ccedil;&atilde;o para resid&ecirc;ncia m&eacute;dica da SES-PB, com ingresso em 2024, j&aacute; est&aacute; dispon&iacute;vel para consulta. Confira o documento clicando no bot&atilde;o abaixo:<\/p><div class=\"wp-block-buttons is-horizontal is-content-justification-center is-layout-flex wp-container-core-buttons-is-layout-1 wp-block-buttons-is-layout-flex\">\n<div class=\"wp-block-button\"><a class=\"wp-block-button__link wp-element-button\" href=\"https:\/\/med.estrategia.com\/portal\/wp-content\/uploads\/2023\/11\/EditalCOREMESESPB2024.pdf\" target=\"_blank\">Edital SES-PB 2024<\/a><\/div>\n<\/div><h2 class=\"wp-block-heading\" id=\"h-a-ses-pb\"><span class=\"ez-toc-section\" id=\"A-SES-PB\"><\/span>A SES-PB <span class=\"ez-toc-section-end\"><\/span><\/h2><p>A Secretaria Estadual de Sa&uacute;de da Para&iacute;ba, conhecida pela sigla&nbsp;SES-PB, oferece&nbsp;83 vagas&nbsp;para os programas de&nbsp;<a href=\"https:\/\/med.estrategia.com\/portal\/entidade\/residencia-medica\/\" target=\"_blank\">Resid&ecirc;ncia M&eacute;dica<\/a>&nbsp;de 2024. Elas est&atilde;o distribu&iacute;das pela capital, Jo&atilde;o Pessoa e em mais cinco munic&iacute;pios do estado da Para&iacute;ba.<\/p><p>Para o processo seletivo deste ano, com ingresso dos residentes em 2024, a SES-PB oferta vagas em especialidades de acesso direto e com pr&eacute;-requisito. <a href=\"https:\/\/med.estrategia.com\/portal\/residencia-medica\/ses-pb-residencia-medica\/\" target=\"_blank\">Clique aqui<\/a> e confira a distribui&ccedil;&atilde;o das vagas, al&eacute;m de mais informa&ccedil;&otilde;es sobre a sele&ccedil;&atilde;o!&nbsp;<\/p><p>Quer saber ainda mais? Dispomos abaixo alguns artigos que podem ser &uacute;teis na hora de se preparar para a sele&ccedil;&atilde;o que vem a&iacute;. N&atilde;o deixe de conferir!<\/p><p class=\"wp-block-verse\">Para ter o edital totalmente explicado e informa&ccedil;&otilde;es detalhadas sobre o processo seletivo: <a href=\"https:\/\/med.estrategia.com\/portal\/residencia-medica\/ses-pb-residencia-medica\/\" target=\"_blank\">SES-PB Resid&ecirc;ncia M&eacute;dica 2024: edital, vagas, datas e mais!<\/a><\/p><p class=\"wp-block-verse\">Para n&atilde;o perder nenhuma atualiza&ccedil;&atilde;o no universo da medicina e ficar por dentro dos seletivos de Resid&ecirc;ncia M&eacute;dica, de revalida&ccedil;&atilde;o de diplomas e conte&uacute;dos t&eacute;cnicos, continue acessando o <a href=\"https:\/\/med.estrategia.com\/portal\/\" target=\"_blank\">Portal do Estrat&eacute;gia MED<\/a>!&nbsp;<\/p><p>\n\n\n\n\n\n<a id=\"cta\" class=\"cta-imagem\" href=\"https:\/\/med.estrategia.com\/curso\/banco-de-questes-resumos-estrategicos-anual\/\" target=\"blank\">\n                <img decoding=\"async\" width=\"100%\" src=\"https:\/\/med.estrategia.com\/portal\/wp-content\/uploads\/2025\/08\/banco_questoes.png\" alt=\"banco_questoes\" title=\"banco_questoes\">\n        <\/a>\n\n\n\n<\/p><p><\/p><\/p>\n","protected":false},"excerpt":{"rendered":" As vagas est\u00e3o distribu\u00eddas em programas localizados em Jo\u00e3o Pessoa e em mais cinco munic\u00edpios do estado da Para\u00edba\n","protected":false},"author":22,"featured_media":53009,"comment_status":"closed","ping_status":"closed","sticky":false,"template":"","format":"standard","meta":{"wl_entities_gutenberg":"","footnotes":""},"categories":[300],"tags":[],"wl_entity_type":[199],"class_list":{"0":"post-53005","1":"post","2":"type-post","3":"status-publish","4":"format-standard","5":"has-post-thumbnail","7":"category-noticias","8":"wl_entity_type-article"},"acf":[],"yoast_head":"<!-- This site is optimized with the Yoast SEO Premium plugin v26.6 (Yoast SEO v26.6) - https:\/\/yoast.com\/wordpress\/plugins\/seo\/ -->\n<title>SES-PB 2024: confira o edital do processo seletivo para Resid\u00eancia M\u00e9dica<\/title>\n<meta name=\"description\" content=\"Saiba mais sobre o processo seletivo de resid\u00eancia m\u00e9dica da Secretaria de Estado de Sa\u00fade da Para\u00edba (SES-PB) 2024!\" \/>\n<meta name=\"robots\" content=\"index, follow, max-snippet:-1, max-image-preview:large, max-video-preview:-1\" \/>\n<link rel=\"canonical\" href=\"https:\/\/med.estrategia.com\/portal\/noticias\/ses-pb-2024-confira-o-edital-do-processo-seletivo-para-residencia-medica\/\" \/>\n<meta property=\"og:locale\" content=\"pt_BR\" \/>\n<meta property=\"og:type\" content=\"article\" \/>\n<meta property=\"og:title\" content=\"SES-PB 2024: confira o edital do processo seletivo para Resid\u00eancia M\u00e9dica\" \/>\n<meta property=\"og:description\" content=\"Saiba mais sobre o processo seletivo de resid\u00eancia m\u00e9dica da Secretaria de Estado de Sa\u00fade da Para\u00edba (SES-PB) 2024!\" \/>\n<meta property=\"og:url\" content=\"https:\/\/med.estrategia.com\/portal\/noticias\/ses-pb-2024-confira-o-edital-do-processo-seletivo-para-residencia-medica\/\" \/>\n<meta property=\"og:site_name\" content=\"Estrat\u00e9gia MED\" \/>\n<meta property=\"article:publisher\" content=\"https:\/\/www.facebook.com\/estrategiamed1\" \/>\n<meta property=\"article:published_time\" content=\"2023-11-28T22:32:06+00:00\" \/>\n<meta property=\"article:modified_time\" content=\"2023-11-28T22:32:15+00:00\" \/>\n<meta property=\"og:image\" content=\"https:\/\/med.estrategia.com\/portal\/wp-content\/uploads\/2023\/11\/Capas-2023-2024-4.jpg\" \/>\n\t<meta property=\"og:image:width\" content=\"1920\" \/>\n\t<meta property=\"og:image:height\" content=\"1080\" \/>\n\t<meta property=\"og:image:type\" content=\"image\/jpeg\" \/>\n<meta name=\"author\" content=\"Erika Coelho\" \/>\n<meta name=\"twitter:card\" content=\"summary_large_image\" \/>\n<meta name=\"twitter:creator\" content=\"@estrategiamed_\" \/>\n<meta name=\"twitter:site\" content=\"@estrategiamed_\" \/>\n<meta name=\"twitter:label1\" content=\"Escrito por\" \/>\n\t<meta name=\"twitter:data1\" content=\"Erika Coelho\" \/>\n\t<meta name=\"twitter:label2\" content=\"Est. tempo de leitura\" \/>\n\t<meta name=\"twitter:data2\" content=\"2 minutos\" \/>\n<script type=\"application\/ld+json\" class=\"yoast-schema-graph\">{\"@context\":\"https:\/\/schema.org\",\"@graph\":[{\"@type\":\"WebPage\",\"@id\":\"https:\/\/med.estrategia.com\/portal\/noticias\/ses-pb-2024-confira-o-edital-do-processo-seletivo-para-residencia-medica\/\",\"url\":\"https:\/\/med.estrategia.com\/portal\/noticias\/ses-pb-2024-confira-o-edital-do-processo-seletivo-para-residencia-medica\/\",\"name\":\"SES-PB 2024: confira o edital do processo seletivo para Resid\u00eancia M\u00e9dica\",\"isPartOf\":{\"@id\":\"https:\/\/med.estrategia.com\/portal\/#website\"},\"primaryImageOfPage\":{\"@id\":\"https:\/\/med.estrategia.com\/portal\/noticias\/ses-pb-2024-confira-o-edital-do-processo-seletivo-para-residencia-medica\/#primaryimage\"},\"image\":{\"@id\":\"https:\/\/med.estrategia.com\/portal\/noticias\/ses-pb-2024-confira-o-edital-do-processo-seletivo-para-residencia-medica\/#primaryimage\"},\"thumbnailUrl\":\"https:\/\/med.estrategia.com\/portal\/wp-content\/uploads\/2023\/11\/Capas-2023-2024-4.jpg\",\"datePublished\":\"2023-11-28T22:32:06+00:00\",\"dateModified\":\"2023-11-28T22:32:15+00:00\",\"author\":{\"@id\":\"https:\/\/med.estrategia.com\/portal\/#\/schema\/person\/8e7c9b2f53f2eede3b8880ad86ff20a3\"},\"description\":\"Saiba mais sobre o processo seletivo de resid\u00eancia m\u00e9dica da Secretaria de Estado de Sa\u00fade da Para\u00edba (SES-PB) 2024!\",\"breadcrumb\":{\"@id\":\"https:\/\/med.estrategia.com\/portal\/noticias\/ses-pb-2024-confira-o-edital-do-processo-seletivo-para-residencia-medica\/#breadcrumb\"},\"inLanguage\":\"pt-BR\",\"potentialAction\":[{\"@type\":\"ReadAction\",\"target\":[\"https:\/\/med.estrategia.com\/portal\/noticias\/ses-pb-2024-confira-o-edital-do-processo-seletivo-para-residencia-medica\/\"]}]},{\"@type\":\"ImageObject\",\"inLanguage\":\"pt-BR\",\"@id\":\"https:\/\/med.estrategia.com\/portal\/noticias\/ses-pb-2024-confira-o-edital-do-processo-seletivo-para-residencia-medica\/#primaryimage\",\"url\":\"https:\/\/med.estrategia.com\/portal\/wp-content\/uploads\/2023\/11\/Capas-2023-2024-4.jpg\",\"contentUrl\":\"https:\/\/med.estrategia.com\/portal\/wp-content\/uploads\/2023\/11\/Capas-2023-2024-4.jpg\",\"width\":1920,\"height\":1080,\"caption\":\"Cr\u00e9ditos: Estrat\u00e9gia MED e Governo do Estado da Para\u00edba\"},{\"@type\":\"BreadcrumbList\",\"@id\":\"https:\/\/med.estrategia.com\/portal\/noticias\/ses-pb-2024-confira-o-edital-do-processo-seletivo-para-residencia-medica\/#breadcrumb\",\"itemListElement\":[{\"@type\":\"ListItem\",\"position\":1,\"name\":\"Home\",\"item\":\"https:\/\/med.estrategia.com\/portal\/\"},{\"@type\":\"ListItem\",\"position\":2,\"name\":\"Not\u00edcias\",\"item\":\"https:\/\/med.estrategia.com\/portal\/noticias\/\"},{\"@type\":\"ListItem\",\"position\":3,\"name\":\"SES-PB 2024: confira o edital do processo seletivo para Resid\u00eancia M\u00e9dica\"}]},{\"@type\":\"WebSite\",\"@id\":\"https:\/\/med.estrategia.com\/portal\/#website\",\"url\":\"https:\/\/med.estrategia.com\/portal\/\",\"name\":\"Estrat\u00e9gia MED\",\"description\":\"\",\"potentialAction\":[{\"@type\":\"SearchAction\",\"target\":{\"@type\":\"EntryPoint\",\"urlTemplate\":\"https:\/\/med.estrategia.com\/portal\/?s={search_term_string}\"},\"query-input\":{\"@type\":\"PropertyValueSpecification\",\"valueRequired\":true,\"valueName\":\"search_term_string\"}}],\"inLanguage\":\"pt-BR\"},{\"@type\":\"Person\",\"@id\":\"https:\/\/med.estrategia.com\/portal\/#\/schema\/person\/8e7c9b2f53f2eede3b8880ad86ff20a3\",\"name\":\"Erika Coelho\",\"image\":{\"@type\":\"ImageObject\",\"inLanguage\":\"pt-BR\",\"@id\":\"https:\/\/med.estrategia.com\/portal\/#\/schema\/person\/image\/\",\"url\":\"https:\/\/secure.gravatar.com\/avatar\/8ef9ff2e2fa53829c640cca8d1a45178?s=96&d=mm&r=g\",\"contentUrl\":\"https:\/\/secure.gravatar.com\/avatar\/8ef9ff2e2fa53829c640cca8d1a45178?s=96&d=mm&r=g\",\"caption\":\"Erika Coelho\"},\"description\":\"Jornalista pela Universidade Presbiteriana Mackenzie, escrevo sobre educa\u00e7\u00e3o, sa\u00fade e pol\u00edticas p\u00fablicas\",\"url\":\"https:\/\/med.estrategia.com\/portal\/author\/erika\/\"}]}<\/script>\n<!-- \/ Yoast SEO Premium plugin. -->","yoast_head_json":{"title":"SES-PB 2024: confira o edital do processo seletivo para Resid\u00eancia M\u00e9dica","description":"Saiba mais sobre o processo seletivo de resid\u00eancia m\u00e9dica da Secretaria de Estado de Sa\u00fade da Para\u00edba (SES-PB) 2024!","robots":{"index":"index","follow":"follow","max-snippet":"max-snippet:-1","max-image-preview":"max-image-preview:large","max-video-preview":"max-video-preview:-1"},"canonical":"https:\/\/med.estrategia.com\/portal\/noticias\/ses-pb-2024-confira-o-edital-do-processo-seletivo-para-residencia-medica\/","og_locale":"pt_BR","og_type":"article","og_title":"SES-PB 2024: confira o edital do processo seletivo para Resid\u00eancia M\u00e9dica","og_description":"Saiba mais sobre o processo seletivo de resid\u00eancia m\u00e9dica da Secretaria de Estado de Sa\u00fade da Para\u00edba (SES-PB) 2024!","og_url":"https:\/\/med.estrategia.com\/portal\/noticias\/ses-pb-2024-confira-o-edital-do-processo-seletivo-para-residencia-medica\/","og_site_name":"Estrat\u00e9gia MED","article_publisher":"https:\/\/www.facebook.com\/estrategiamed1","article_published_time":"2023-11-28T22:32:06+00:00","article_modified_time":"2023-11-28T22:32:15+00:00","og_image":[{"width":1920,"height":1080,"url":"https:\/\/med.estrategia.com\/portal\/wp-content\/uploads\/2023\/11\/Capas-2023-2024-4.jpg","type":"image\/jpeg"}],"author":"Erika Coelho","twitter_card":"summary_large_image","twitter_creator":"@estrategiamed_","twitter_site":"@estrategiamed_","twitter_misc":{"Escrito por":"Erika Coelho","Est. tempo de leitura":"2 minutos"},"schema":{"@context":"https:\/\/schema.org","@graph":[{"@type":"WebPage","@id":"https:\/\/med.estrategia.com\/portal\/noticias\/ses-pb-2024-confira-o-edital-do-processo-seletivo-para-residencia-medica\/","url":"https:\/\/med.estrategia.com\/portal\/noticias\/ses-pb-2024-confira-o-edital-do-processo-seletivo-para-residencia-medica\/","name":"SES-PB 2024: confira o edital do processo seletivo para Resid\u00eancia M\u00e9dica","isPartOf":{"@id":"https:\/\/med.estrategia.com\/portal\/#website"},"primaryImageOfPage":{"@id":"https:\/\/med.estrategia.com\/portal\/noticias\/ses-pb-2024-confira-o-edital-do-processo-seletivo-para-residencia-medica\/#primaryimage"},"image":{"@id":"https:\/\/med.estrategia.com\/portal\/noticias\/ses-pb-2024-confira-o-edital-do-processo-seletivo-para-residencia-medica\/#primaryimage"},"thumbnailUrl":"https:\/\/med.estrategia.com\/portal\/wp-content\/uploads\/2023\/11\/Capas-2023-2024-4.jpg","datePublished":"2023-11-28T22:32:06+00:00","dateModified":"2023-11-28T22:32:15+00:00","author":{"@id":"https:\/\/med.estrategia.com\/portal\/#\/schema\/person\/8e7c9b2f53f2eede3b8880ad86ff20a3"},"description":"Saiba mais sobre o processo seletivo de resid\u00eancia m\u00e9dica da Secretaria de Estado de Sa\u00fade da Para\u00edba (SES-PB) 2024!","breadcrumb":{"@id":"https:\/\/med.estrategia.com\/portal\/noticias\/ses-pb-2024-confira-o-edital-do-processo-seletivo-para-residencia-medica\/#breadcrumb"},"inLanguage":"pt-BR","potentialAction":[{"@type":"ReadAction","target":["https:\/\/med.estrategia.com\/portal\/noticias\/ses-pb-2024-confira-o-edital-do-processo-seletivo-para-residencia-medica\/"]}]},{"@type":"ImageObject","inLanguage":"pt-BR","@id":"https:\/\/med.estrategia.com\/portal\/noticias\/ses-pb-2024-confira-o-edital-do-processo-seletivo-para-residencia-medica\/#primaryimage","url":"https:\/\/med.estrategia.com\/portal\/wp-content\/uploads\/2023\/11\/Capas-2023-2024-4.jpg","contentUrl":"https:\/\/med.estrategia.com\/portal\/wp-content\/uploads\/2023\/11\/Capas-2023-2024-4.jpg","width":1920,"height":1080,"caption":"Cr\u00e9ditos: Estrat\u00e9gia MED e Governo do Estado da Para\u00edba"},{"@type":"BreadcrumbList","@id":"https:\/\/med.estrategia.com\/portal\/noticias\/ses-pb-2024-confira-o-edital-do-processo-seletivo-para-residencia-medica\/#breadcrumb","itemListElement":[{"@type":"ListItem","position":1,"name":"Home","item":"https:\/\/med.estrategia.com\/portal\/"},{"@type":"ListItem","position":2,"name":"Not\u00edcias","item":"https:\/\/med.estrategia.com\/portal\/noticias\/"},{"@type":"ListItem","position":3,"name":"SES-PB 2024: confira o edital do processo seletivo para Resid\u00eancia M\u00e9dica"}]},{"@type":"WebSite","@id":"https:\/\/med.estrategia.com\/portal\/#website","url":"https:\/\/med.estrategia.com\/portal\/","name":"Estrat\u00e9gia MED","description":"","potentialAction":[{"@type":"SearchAction","target":{"@type":"EntryPoint","urlTemplate":"https:\/\/med.estrategia.com\/portal\/?s={search_term_string}"},"query-input":{"@type":"PropertyValueSpecification","valueRequired":true,"valueName":"search_term_string"}}],"inLanguage":"pt-BR"},{"@type":"Person","@id":"https:\/\/med.estrategia.com\/portal\/#\/schema\/person\/8e7c9b2f53f2eede3b8880ad86ff20a3","name":"Erika Coelho","image":{"@type":"ImageObject","inLanguage":"pt-BR","@id":"https:\/\/med.estrategia.com\/portal\/#\/schema\/person\/image\/","url":"https:\/\/secure.gravatar.com\/avatar\/8ef9ff2e2fa53829c640cca8d1a45178?s=96&d=mm&r=g","contentUrl":"https:\/\/secure.gravatar.com\/avatar\/8ef9ff2e2fa53829c640cca8d1a45178?s=96&d=mm&r=g","caption":"Erika Coelho"},"description":"Jornalista pela Universidade Presbiteriana Mackenzie, escrevo sobre educa\u00e7\u00e3o, sa\u00fade e pol\u00edticas p\u00fablicas","url":"https:\/\/med.estrategia.com\/portal\/author\/erika\/"}]}},"_wl_alt_label":[],"wl:entity_url":"\/post\/ses-pb-2024-confira-o-edital-do-processo-seletivo-para-residencia-medica","_links":{"self":[{"href":"https:\/\/med.estrategia.com\/portal\/wp-json\/wp\/v2\/posts\/53005","targetHints":{"allow":["GET"]}}],"collection":[{"href":"https:\/\/med.estrategia.com\/portal\/wp-json\/wp\/v2\/posts"}],"about":[{"href":"https:\/\/med.estrategia.com\/portal\/wp-json\/wp\/v2\/types\/post"}],"author":[{"embeddable":true,"href":"https:\/\/med.estrategia.com\/portal\/wp-json\/wp\/v2\/users\/22"}],"replies":[{"embeddable":true,"href":"https:\/\/med.estrategia.com\/portal\/wp-json\/wp\/v2\/comments?post=53005"}],"version-history":[{"count":4,"href":"https:\/\/med.estrategia.com\/portal\/wp-json\/wp\/v2\/posts\/53005\/revisions"}],"predecessor-version":[{"id":53011,"href":"https:\/\/med.estrategia.com\/portal\/wp-json\/wp\/v2\/posts\/53005\/revisions\/53011"}],"wp:featuredmedia":[{"embeddable":true,"href":"https:\/\/med.estrategia.com\/portal\/wp-json\/wp\/v2\/media\/53009"}],"wp:attachment":[{"href":"https:\/\/med.estrategia.com\/portal\/wp-json\/wp\/v2\/media?parent=53005"}],"wp:term":[{"taxonomy":"category","embeddable":true,"href":"https:\/\/med.estrategia.com\/portal\/wp-json\/wp\/v2\/categories?post=53005"},{"taxonomy":"post_tag","embeddable":true,"href":"https:\/\/med.estrategia.com\/portal\/wp-json\/wp\/v2\/tags?post=53005"},{"taxonomy":"wl_entity_type","embeddable":true,"href":"https:\/\/med.estrategia.com\/portal\/wp-json\/wp\/v2\/wl_entity_type?post=53005"}],"curies":[{"name":"wp","href":"https:\/\/api.w.org\/{rel}","templated":true}]}}