{"id":53553,"date":"2023-12-06T10:07:05","date_gmt":"2023-12-06T13:07:05","guid":{"rendered":"https:\/\/med.estrategia.com\/portal\/?p=53553"},"modified":"2024-01-02T19:27:31","modified_gmt":"2024-01-02T22:27:31","slug":"inep-publica-pep-preliminar-da-2a-etapa-do-revalida-2023-2","status":"publish","type":"post","link":"https:\/\/med.estrategia.com\/portal\/noticias\/inep-publica-pep-preliminar-da-2a-etapa-do-revalida-2023-2\/","title":{"rendered":"INEP publica PEP preliminar da 2\u00aa etapa do Revalida 2023.2"},"content":{"rendered":"<p>O&nbsp;<a href=\"https:\/\/med.estrategia.com\/portal\/entidade\/inep\/\">Instituto Nacional de Estudos e Pesquisas Educacionais An&iacute;sio Teixeira<\/a>&nbsp;(INEP)&nbsp;tornou p&uacute;blico nesta quarta-feira (06) a&nbsp;<strong>vers&atilde;o preliminar&nbsp;<\/strong>do&nbsp;<strong>Padr&atilde;o Esperado de Procedimentos (PEP)<\/strong>.&nbsp;<strong>gabarito da segunda etapa<\/strong>&nbsp;de seu processo de revalida&ccedil;&atilde;o de diplomas em&nbsp;<a href=\"https:\/\/med.estrategia.com\/portal\/entidade\/medicina\/\">medicina<\/a>.<p>O arquivo lista os&nbsp;<strong>itens que precisavam ser realizadas pelos participantes, assim como a pontua&ccedil;&atilde;o dos desempenhos avaliados<\/strong>. Junto ao PEP preliminar, o caderno com as dez esta&ccedil;&otilde;es do<strong> Exame de Habilidades Cl&iacute;nicas do&nbsp;<a href=\"https:\/\/med.estrategia.com\/portal\/entidade\/revalida\/\">Revalida<\/a>&nbsp;2023.2<\/strong>, aplicadas durante os dias 2 e 3 de dezembro de 2023, tamb&eacute;m foi divulgado. Confira os documentos abaixo:<\/p><div class=\"wp-block-buttons is-content-justification-center is-layout-flex wp-container-core-buttons-is-layout-1 wp-block-buttons-is-layout-flex\">\n<div class=\"wp-block-button\"><a class=\"wp-block-button__link wp-element-button\" href=\"https:\/\/med.estrategia.com\/portal\/wp-content\/uploads\/2023\/12\/2023_2_PEP_publicacao.pdf\" target=\"_blank\">padr&atilde;o esperado de procedimentos preliminar<\/a><\/div>\n\n\n\n<div class=\"wp-block-button\"><a class=\"wp-block-button__link wp-element-button\" href=\"https:\/\/med.estrategia.com\/portal\/wp-content\/uploads\/2023\/12\/2023_2_prova_habilidades_clinicas.pdf\" target=\"_blank\">EXAME DE HABILIDADES CL&Iacute;NICAS<\/a><\/div>\n<\/div><p>Agora, candidatos participantes da segunda etapa do Revalida INEP 2023.2 poder&atilde;o interpor recursos contra o PEP preliminar at&eacute; o dia 12 deste m&ecirc;s. O resultado dos recursos, bem como o resultado preliminar da etapa, ser&atilde;o divulgados no dia 6 de fevereiro de 2024. <br><br>Acompanhe a corre&ccedil;&atilde;o feita pelo time de professores especialistas do Estrat&eacute;gia MED:<\/p><figure class=\"wp-block-embed is-type-video is-provider-youtube wp-block-embed-youtube wp-embed-aspect-16-9 wp-has-aspect-ratio\"><div class=\"wp-block-embed__wrapper\">\n<div class=\"cs-embed cs-embed-responsive\"><iframe title=\"Gabarito e Coment&aacute;rios Prova Pr&aacute;tica Revalida 2023.2\" width=\"1200\" height=\"675\" src=\"https:\/\/www.youtube.com\/embed\/hZt-x6c1cL4?feature=oembed\" frameborder=\"0\" allow=\"accelerometer; autoplay; clipboard-write; encrypted-media; gyroscope; picture-in-picture; web-share\" allowfullscreen><\/iframe><\/div>\n<\/div><\/figure><div id=\"ez-toc-container\" class=\"ez-toc-v2_0_79_2 counter-hierarchy ez-toc-counter ez-toc-transparent ez-toc-container-direction\">\n<div class=\"ez-toc-title-container\"><p class=\"ez-toc-title\" style=\"cursor:inherit\">Navegue pelo conte\u00fado<\/p>\n<\/div><nav><ul class='ez-toc-list ez-toc-list-level-1 ' ><li class='ez-toc-page-1 ez-toc-heading-level-2'><a class=\"ez-toc-link ez-toc-heading-1\" href=\"https:\/\/med.estrategia.com\/portal\/noticias\/inep-publica-pep-preliminar-da-2a-etapa-do-revalida-2023-2\/#Como-foi-a-segunda-etapa-etapa\" >Como foi a segunda etapa etapa<\/a><\/li><li class='ez-toc-page-1 ez-toc-heading-level-2'><a class=\"ez-toc-link ez-toc-heading-2\" href=\"https:\/\/med.estrategia.com\/portal\/noticias\/inep-publica-pep-preliminar-da-2a-etapa-do-revalida-2023-2\/#Cronograma-2a-etapa-%E2%80%93-Revalida-INEP-20232\" >Cronograma 2&ordf; etapa &ndash; Revalida INEP 2023.2<\/a><\/li><\/ul><\/nav><\/div>\n<h2 class=\"wp-block-heading\" id=\"h-como-foi-a-segunda-etapa-etapa\"><span class=\"ez-toc-section\" id=\"Como-foi-a-segunda-etapa-etapa\"><\/span>Como foi a segunda etapa etapa <span class=\"ez-toc-section-end\"><\/span><\/h2><p>Assim como em suas edi&ccedil;&otilde;es anteriores, a&nbsp;<strong>2&ordf; etapa<\/strong>&nbsp;foi constitu&iacute;da por uma<strong>&nbsp;prova de habilidades cl&iacute;nicas<\/strong>&nbsp;composta por<strong>&nbsp;dez esta&ccedil;&otilde;es<\/strong>, em que os participante precisaram realizar tarefas espec&iacute;ficas das cinco grandes &aacute;reas da medicina:<\/p><ul class=\"wp-block-list\">\n<li>Cl&iacute;nica M&eacute;dica;<\/li>\n\n\n\n<li>Cirurgia;<\/li>\n\n\n\n<li>Ginecologia-Obstetr&iacute;cia;<\/li>\n\n\n\n<li>Pediatria; e<\/li>\n\n\n\n<li>Medicina da Fam&iacute;lia e Comunidade.<\/li>\n<\/ul><p>Cada esta&ccedil;&atilde;o da prova valia o m&aacute;ximo de 10 pontos, totalizando 100 no final. Essa prova aconteceu no per&iacute;odo de dois dias, ou seja, um final de semana inteiro.<\/p><p>Vale ressaltar que essa etapa contou com a&nbsp;<strong>supervis&atilde;o presencial<\/strong>&nbsp;feita por&nbsp;<strong>chefes de esta&ccedil;&atilde;o<\/strong>, que garantiram as condi&ccedil;&otilde;es para a execu&ccedil;&atilde;o da avalia&ccedil;&atilde;o, e posteriormente<strong>&nbsp;a avalia&ccedil;&atilde;o ocorrer&aacute; de forma remota<\/strong>, atrav&eacute;s de<strong>&nbsp;filmagens<\/strong>. Os avaliadores ter&atilde;o acesso &agrave;s filmagens de todas as esta&ccedil;&otilde;es e realizar&atilde;o a avalia&ccedil;&atilde;o de acordo com o&nbsp;<strong>Padr&atilde;o Esperado de Procedimentos (PEP),<\/strong>&nbsp;uma esp&eacute;cie de gabarito da etapa &ndash; tamb&eacute;m conhecido como checklist.<\/p><h2 class=\"wp-block-heading\" id=\"h-cronograma-2&ordf;-etapa-revalida-inep-2023-2\"><span class=\"ez-toc-section\" id=\"Cronograma-2a-etapa-%E2%80%93-Revalida-INEP-20232\"><\/span>Cronograma 2&ordf; etapa &ndash; Revalida INEP 2023.2<span class=\"ez-toc-section-end\"><\/span><\/h2><ul class=\"wp-block-list\">\n<li><strong>Inscri&ccedil;&otilde;es:&nbsp;<\/strong>16 a 20\/10\/2023;<\/li>\n\n\n\n<li><strong>Pagamento da taxa de inscri&ccedil;&atilde;o:&nbsp;<\/strong>16 a 24\/10\/2023;<\/li>\n\n\n\n<li><strong>Solicita&ccedil;&atilde;o de atendimento especializado:&nbsp;<\/strong>16 a 20\/10\/2023;<\/li>\n\n\n\n<li><strong>Divulga&ccedil;&atilde;o da nota de corte da 2&ordf; Etapa:&nbsp;<\/strong>24\/10\/2023;<\/li>\n\n\n\n<li><strong>Divulga&ccedil;&atilde;o do cart&atilde;o de confirma&ccedil;&atilde;o de inscri&ccedil;&atilde;o:<\/strong>&nbsp;14\/11\/2023;<\/li>\n\n\n\n<li><strong>Aplica&ccedil;&atilde;o:<\/strong>&nbsp;02 e 03\/12\/2023;<\/li>\n\n\n\n<li><strong>Divulga&ccedil;&atilde;o da vers&atilde;o preliminar do Padr&atilde;o Esperado de Procedimentos (PEP):&nbsp;<\/strong>06\/12\/2023;<\/li>\n\n\n\n<li><strong>Recurso &agrave;s vers&otilde;es preliminares do Padr&atilde;o Esperado de Procedimentos (PEP):<\/strong>&nbsp;06 a 12\/12\/2023;<\/li>\n\n\n\n<li><strong>Resultados do recurso ao Padr&atilde;o Esperado de Procedimentos (PEP):<\/strong>&nbsp;06\/02\/2024;<\/li>\n\n\n\n<li><strong>Divulga&ccedil;&atilde;o do resultado preliminar da prova de habilidades cl&iacute;nicas:<\/strong>&nbsp;06\/02\/2024;<\/li>\n\n\n\n<li><strong>Recurso ao resultado preliminar da prova de habilidades cl&iacute;nicas:&nbsp;<\/strong>08 a 13\/02\/2024;<\/li>\n\n\n\n<li><strong>Resultados dos recursos ao resultado preliminar da prova de habilidades cl&iacute;nicas:&nbsp;<\/strong>19\/03\/2024;<\/li>\n\n\n\n<li><strong>Resultado final:<\/strong>&nbsp;19\/03\/2024; e<\/li>\n\n\n\n<li><strong>Indica&ccedil;&atilde;o da universidade parceira:<\/strong>&nbsp;a partir de 20\/04\/2024.<\/li>\n<\/ul><div class=\"wp-block-buttons is-content-justification-center is-layout-flex wp-container-core-buttons-is-layout-2 wp-block-buttons-is-layout-flex\">\n<div class=\"wp-block-button\"><a class=\"wp-block-button__link wp-element-button\" href=\"https:\/\/med.estrategia.com\/portal\/revalida\/revalida-inep\/\" target=\"_blank\">tudo sobre o revalida inep!<\/a><\/div>\n<\/div><p>Se voc&ecirc; quer ficar por dentro de mais conte&uacute;dos relevantes sobre a &aacute;rea m&eacute;dica, continue acompanhando o material preparado pelo <a href=\"https:\/\/med.estrategia.com\/portal\/\" target=\"_blank\">Portal de Not&iacute;cias do Estrat&eacute;gia MED<\/a>. Aqui, voc&ecirc; encontrar&aacute; informa&ccedil;&otilde;es atualizadas sobre resid&ecirc;ncias, carreira m&eacute;dica e muito mais.<\/p><p><strong><a id=\"cta\" class=\"cta-imagem\" href=\"https:\/\/med.estrategia.com\/cursos\/revalida-exclusive\/\" target=\"blank\">\n                <img decoding=\"async\" width=\"100%\" src=\"https:\/\/med.estrategia.com\/portal\/wp-content\/uploads\/2025\/08\/revalida_exclusive.jpg\" alt=\"revalida_exclusive\" title=\"revalida_exclusive\">\n        <\/a><\/strong><\/p><\/p>\n","protected":false},"excerpt":{"rendered":"Candidatos ter\u00e3o at\u00e9 o dia 12 de dezembro de 2023 para interpor recursos contra o gabarito da segunda etapa\n","protected":false},"author":39,"featured_media":22747,"comment_status":"closed","ping_status":"closed","sticky":false,"template":"","format":"standard","meta":{"wl_entities_gutenberg":"","footnotes":""},"categories":[300],"tags":[],"wl_entity_type":[199],"class_list":{"0":"post-53553","1":"post","2":"type-post","3":"status-publish","4":"format-standard","5":"has-post-thumbnail","7":"category-noticias","8":"wl_entity_type-article"},"acf":[],"yoast_head":"<!-- This site is optimized with the Yoast SEO Premium plugin v26.6 (Yoast SEO v26.6) - https:\/\/yoast.com\/wordpress\/plugins\/seo\/ -->\n<title>INEP publica PEP preliminar da 2\u00aa etapa do Revalida 2023.2<\/title>\n<meta name=\"description\" content=\"Saiu o gabarito! Confira agora mesmo com o Estrat\u00e9gia MED o PEP preliminar, gabarito da segunda etapa do Revalida INEP 2023.2!\" \/>\n<meta name=\"robots\" content=\"index, follow, max-snippet:-1, max-image-preview:large, max-video-preview:-1\" \/>\n<link rel=\"canonical\" href=\"https:\/\/med.estrategia.com\/portal\/noticias\/inep-publica-pep-preliminar-da-2a-etapa-do-revalida-2023-2\/\" \/>\n<meta property=\"og:locale\" content=\"pt_BR\" \/>\n<meta property=\"og:type\" content=\"article\" \/>\n<meta property=\"og:title\" content=\"INEP publica PEP preliminar da 2\u00aa etapa do Revalida 2023.2\" \/>\n<meta property=\"og:description\" content=\"Saiu o gabarito! Confira agora mesmo com o Estrat\u00e9gia MED o PEP preliminar, gabarito da segunda etapa do Revalida INEP 2023.2!\" \/>\n<meta property=\"og:url\" content=\"https:\/\/med.estrategia.com\/portal\/noticias\/inep-publica-pep-preliminar-da-2a-etapa-do-revalida-2023-2\/\" \/>\n<meta property=\"og:site_name\" content=\"Estrat\u00e9gia MED\" \/>\n<meta property=\"article:publisher\" content=\"https:\/\/www.facebook.com\/estrategiamed1\" \/>\n<meta property=\"article:published_time\" content=\"2023-12-06T13:07:05+00:00\" \/>\n<meta property=\"article:modified_time\" content=\"2024-01-02T22:27:31+00:00\" \/>\n<meta property=\"og:image\" content=\"https:\/\/med.estrategia.com\/portal\/wp-content\/uploads\/2022\/08\/coverWP_publica_bgfoto_revalida.jpg\" \/>\n\t<meta property=\"og:image:width\" content=\"1200\" \/>\n\t<meta property=\"og:image:height\" content=\"800\" \/>\n\t<meta property=\"og:image:type\" content=\"image\/jpeg\" \/>\n<meta name=\"author\" content=\"Ana Carolina Damasceno\" \/>\n<meta name=\"twitter:card\" content=\"summary_large_image\" \/>\n<meta name=\"twitter:creator\" content=\"@estrategiamed_\" \/>\n<meta name=\"twitter:site\" content=\"@estrategiamed_\" \/>\n<meta name=\"twitter:label1\" content=\"Escrito por\" \/>\n\t<meta name=\"twitter:data1\" content=\"Ana Carolina Damasceno\" \/>\n\t<meta name=\"twitter:label2\" content=\"Est. tempo de leitura\" \/>\n\t<meta name=\"twitter:data2\" content=\"3 minutos\" \/>\n<script type=\"application\/ld+json\" class=\"yoast-schema-graph\">{\"@context\":\"https:\/\/schema.org\",\"@graph\":[{\"@type\":\"WebPage\",\"@id\":\"https:\/\/med.estrategia.com\/portal\/noticias\/inep-publica-pep-preliminar-da-2a-etapa-do-revalida-2023-2\/\",\"url\":\"https:\/\/med.estrategia.com\/portal\/noticias\/inep-publica-pep-preliminar-da-2a-etapa-do-revalida-2023-2\/\",\"name\":\"INEP publica PEP preliminar da 2\u00aa etapa do Revalida 2023.2\",\"isPartOf\":{\"@id\":\"https:\/\/med.estrategia.com\/portal\/#website\"},\"primaryImageOfPage\":{\"@id\":\"https:\/\/med.estrategia.com\/portal\/noticias\/inep-publica-pep-preliminar-da-2a-etapa-do-revalida-2023-2\/#primaryimage\"},\"image\":{\"@id\":\"https:\/\/med.estrategia.com\/portal\/noticias\/inep-publica-pep-preliminar-da-2a-etapa-do-revalida-2023-2\/#primaryimage\"},\"thumbnailUrl\":\"https:\/\/med.estrategia.com\/portal\/wp-content\/uploads\/2022\/08\/coverWP_publica_bgfoto_revalida.jpg\",\"datePublished\":\"2023-12-06T13:07:05+00:00\",\"dateModified\":\"2024-01-02T22:27:31+00:00\",\"author\":{\"@id\":\"https:\/\/med.estrategia.com\/portal\/#\/schema\/person\/2f553adbb8e25fe39d145c5b2927f58c\"},\"description\":\"Saiu o gabarito! Confira agora mesmo com o Estrat\u00e9gia MED o PEP preliminar, gabarito da segunda etapa do Revalida INEP 2023.2!\",\"breadcrumb\":{\"@id\":\"https:\/\/med.estrategia.com\/portal\/noticias\/inep-publica-pep-preliminar-da-2a-etapa-do-revalida-2023-2\/#breadcrumb\"},\"inLanguage\":\"pt-BR\",\"potentialAction\":[{\"@type\":\"ReadAction\",\"target\":[\"https:\/\/med.estrategia.com\/portal\/noticias\/inep-publica-pep-preliminar-da-2a-etapa-do-revalida-2023-2\/\"]}]},{\"@type\":\"ImageObject\",\"inLanguage\":\"pt-BR\",\"@id\":\"https:\/\/med.estrategia.com\/portal\/noticias\/inep-publica-pep-preliminar-da-2a-etapa-do-revalida-2023-2\/#primaryimage\",\"url\":\"https:\/\/med.estrategia.com\/portal\/wp-content\/uploads\/2022\/08\/coverWP_publica_bgfoto_revalida.jpg\",\"contentUrl\":\"https:\/\/med.estrategia.com\/portal\/wp-content\/uploads\/2022\/08\/coverWP_publica_bgfoto_revalida.jpg\",\"width\":1200,\"height\":800,\"caption\":\"Cr\u00e9ditos: Estrat\u00e9gia MED e Inep\"},{\"@type\":\"BreadcrumbList\",\"@id\":\"https:\/\/med.estrategia.com\/portal\/noticias\/inep-publica-pep-preliminar-da-2a-etapa-do-revalida-2023-2\/#breadcrumb\",\"itemListElement\":[{\"@type\":\"ListItem\",\"position\":1,\"name\":\"Home\",\"item\":\"https:\/\/med.estrategia.com\/portal\/\"},{\"@type\":\"ListItem\",\"position\":2,\"name\":\"Not\u00edcias\",\"item\":\"https:\/\/med.estrategia.com\/portal\/noticias\/\"},{\"@type\":\"ListItem\",\"position\":3,\"name\":\"INEP publica PEP preliminar da 2\u00aa etapa do Revalida 2023.2\"}]},{\"@type\":\"WebSite\",\"@id\":\"https:\/\/med.estrategia.com\/portal\/#website\",\"url\":\"https:\/\/med.estrategia.com\/portal\/\",\"name\":\"Estrat\u00e9gia MED\",\"description\":\"\",\"potentialAction\":[{\"@type\":\"SearchAction\",\"target\":{\"@type\":\"EntryPoint\",\"urlTemplate\":\"https:\/\/med.estrategia.com\/portal\/?s={search_term_string}\"},\"query-input\":{\"@type\":\"PropertyValueSpecification\",\"valueRequired\":true,\"valueName\":\"search_term_string\"}}],\"inLanguage\":\"pt-BR\"},{\"@type\":\"Person\",\"@id\":\"https:\/\/med.estrategia.com\/portal\/#\/schema\/person\/2f553adbb8e25fe39d145c5b2927f58c\",\"name\":\"Ana Carolina Damasceno\",\"image\":{\"@type\":\"ImageObject\",\"inLanguage\":\"pt-BR\",\"@id\":\"https:\/\/med.estrategia.com\/portal\/#\/schema\/person\/image\/\",\"url\":\"https:\/\/med.estrategia.com\/portal\/wp-content\/uploads\/2021\/09\/WhatsApp-Image-2023-08-18-at-16.46.43-150x150.jpeg\",\"contentUrl\":\"https:\/\/med.estrategia.com\/portal\/wp-content\/uploads\/2021\/09\/WhatsApp-Image-2023-08-18-at-16.46.43-150x150.jpeg\",\"caption\":\"Ana Carolina Damasceno\"},\"description\":\"Coordenadora de Jornalismo EMED. Comunicadora por natureza e forma\u00e7\u00e3o, que ama e perde a no\u00e7\u00e3o do tempo com m\u00fasica e s\u00e9rie.\",\"url\":\"https:\/\/med.estrategia.com\/portal\/author\/ana-carolina-damasceno\/\"}]}<\/script>\n<!-- \/ Yoast SEO Premium plugin. -->","yoast_head_json":{"title":"INEP publica PEP preliminar da 2\u00aa etapa do Revalida 2023.2","description":"Saiu o gabarito! Confira agora mesmo com o Estrat\u00e9gia MED o PEP preliminar, gabarito da segunda etapa do Revalida INEP 2023.2!","robots":{"index":"index","follow":"follow","max-snippet":"max-snippet:-1","max-image-preview":"max-image-preview:large","max-video-preview":"max-video-preview:-1"},"canonical":"https:\/\/med.estrategia.com\/portal\/noticias\/inep-publica-pep-preliminar-da-2a-etapa-do-revalida-2023-2\/","og_locale":"pt_BR","og_type":"article","og_title":"INEP publica PEP preliminar da 2\u00aa etapa do Revalida 2023.2","og_description":"Saiu o gabarito! Confira agora mesmo com o Estrat\u00e9gia MED o PEP preliminar, gabarito da segunda etapa do Revalida INEP 2023.2!","og_url":"https:\/\/med.estrategia.com\/portal\/noticias\/inep-publica-pep-preliminar-da-2a-etapa-do-revalida-2023-2\/","og_site_name":"Estrat\u00e9gia MED","article_publisher":"https:\/\/www.facebook.com\/estrategiamed1","article_published_time":"2023-12-06T13:07:05+00:00","article_modified_time":"2024-01-02T22:27:31+00:00","og_image":[{"width":1200,"height":800,"url":"https:\/\/med.estrategia.com\/portal\/wp-content\/uploads\/2022\/08\/coverWP_publica_bgfoto_revalida.jpg","type":"image\/jpeg"}],"author":"Ana Carolina Damasceno","twitter_card":"summary_large_image","twitter_creator":"@estrategiamed_","twitter_site":"@estrategiamed_","twitter_misc":{"Escrito por":"Ana Carolina Damasceno","Est. tempo de leitura":"3 minutos"},"schema":{"@context":"https:\/\/schema.org","@graph":[{"@type":"WebPage","@id":"https:\/\/med.estrategia.com\/portal\/noticias\/inep-publica-pep-preliminar-da-2a-etapa-do-revalida-2023-2\/","url":"https:\/\/med.estrategia.com\/portal\/noticias\/inep-publica-pep-preliminar-da-2a-etapa-do-revalida-2023-2\/","name":"INEP publica PEP preliminar da 2\u00aa etapa do Revalida 2023.2","isPartOf":{"@id":"https:\/\/med.estrategia.com\/portal\/#website"},"primaryImageOfPage":{"@id":"https:\/\/med.estrategia.com\/portal\/noticias\/inep-publica-pep-preliminar-da-2a-etapa-do-revalida-2023-2\/#primaryimage"},"image":{"@id":"https:\/\/med.estrategia.com\/portal\/noticias\/inep-publica-pep-preliminar-da-2a-etapa-do-revalida-2023-2\/#primaryimage"},"thumbnailUrl":"https:\/\/med.estrategia.com\/portal\/wp-content\/uploads\/2022\/08\/coverWP_publica_bgfoto_revalida.jpg","datePublished":"2023-12-06T13:07:05+00:00","dateModified":"2024-01-02T22:27:31+00:00","author":{"@id":"https:\/\/med.estrategia.com\/portal\/#\/schema\/person\/2f553adbb8e25fe39d145c5b2927f58c"},"description":"Saiu o gabarito! Confira agora mesmo com o Estrat\u00e9gia MED o PEP preliminar, gabarito da segunda etapa do Revalida INEP 2023.2!","breadcrumb":{"@id":"https:\/\/med.estrategia.com\/portal\/noticias\/inep-publica-pep-preliminar-da-2a-etapa-do-revalida-2023-2\/#breadcrumb"},"inLanguage":"pt-BR","potentialAction":[{"@type":"ReadAction","target":["https:\/\/med.estrategia.com\/portal\/noticias\/inep-publica-pep-preliminar-da-2a-etapa-do-revalida-2023-2\/"]}]},{"@type":"ImageObject","inLanguage":"pt-BR","@id":"https:\/\/med.estrategia.com\/portal\/noticias\/inep-publica-pep-preliminar-da-2a-etapa-do-revalida-2023-2\/#primaryimage","url":"https:\/\/med.estrategia.com\/portal\/wp-content\/uploads\/2022\/08\/coverWP_publica_bgfoto_revalida.jpg","contentUrl":"https:\/\/med.estrategia.com\/portal\/wp-content\/uploads\/2022\/08\/coverWP_publica_bgfoto_revalida.jpg","width":1200,"height":800,"caption":"Cr\u00e9ditos: Estrat\u00e9gia MED e Inep"},{"@type":"BreadcrumbList","@id":"https:\/\/med.estrategia.com\/portal\/noticias\/inep-publica-pep-preliminar-da-2a-etapa-do-revalida-2023-2\/#breadcrumb","itemListElement":[{"@type":"ListItem","position":1,"name":"Home","item":"https:\/\/med.estrategia.com\/portal\/"},{"@type":"ListItem","position":2,"name":"Not\u00edcias","item":"https:\/\/med.estrategia.com\/portal\/noticias\/"},{"@type":"ListItem","position":3,"name":"INEP publica PEP preliminar da 2\u00aa etapa do Revalida 2023.2"}]},{"@type":"WebSite","@id":"https:\/\/med.estrategia.com\/portal\/#website","url":"https:\/\/med.estrategia.com\/portal\/","name":"Estrat\u00e9gia MED","description":"","potentialAction":[{"@type":"SearchAction","target":{"@type":"EntryPoint","urlTemplate":"https:\/\/med.estrategia.com\/portal\/?s={search_term_string}"},"query-input":{"@type":"PropertyValueSpecification","valueRequired":true,"valueName":"search_term_string"}}],"inLanguage":"pt-BR"},{"@type":"Person","@id":"https:\/\/med.estrategia.com\/portal\/#\/schema\/person\/2f553adbb8e25fe39d145c5b2927f58c","name":"Ana Carolina Damasceno","image":{"@type":"ImageObject","inLanguage":"pt-BR","@id":"https:\/\/med.estrategia.com\/portal\/#\/schema\/person\/image\/","url":"https:\/\/med.estrategia.com\/portal\/wp-content\/uploads\/2021\/09\/WhatsApp-Image-2023-08-18-at-16.46.43-150x150.jpeg","contentUrl":"https:\/\/med.estrategia.com\/portal\/wp-content\/uploads\/2021\/09\/WhatsApp-Image-2023-08-18-at-16.46.43-150x150.jpeg","caption":"Ana Carolina Damasceno"},"description":"Coordenadora de Jornalismo EMED. Comunicadora por natureza e forma\u00e7\u00e3o, que ama e perde a no\u00e7\u00e3o do tempo com m\u00fasica e s\u00e9rie.","url":"https:\/\/med.estrategia.com\/portal\/author\/ana-carolina-damasceno\/"}]}},"_wl_alt_label":[],"wl:entity_url":"\/post\/inep-publica-pep-preliminar-da-2a-etapa-do-revalida-2023-2","_links":{"self":[{"href":"https:\/\/med.estrategia.com\/portal\/wp-json\/wp\/v2\/posts\/53553","targetHints":{"allow":["GET"]}}],"collection":[{"href":"https:\/\/med.estrategia.com\/portal\/wp-json\/wp\/v2\/posts"}],"about":[{"href":"https:\/\/med.estrategia.com\/portal\/wp-json\/wp\/v2\/types\/post"}],"author":[{"embeddable":true,"href":"https:\/\/med.estrategia.com\/portal\/wp-json\/wp\/v2\/users\/39"}],"replies":[{"embeddable":true,"href":"https:\/\/med.estrategia.com\/portal\/wp-json\/wp\/v2\/comments?post=53553"}],"version-history":[{"count":5,"href":"https:\/\/med.estrategia.com\/portal\/wp-json\/wp\/v2\/posts\/53553\/revisions"}],"predecessor-version":[{"id":53734,"href":"https:\/\/med.estrategia.com\/portal\/wp-json\/wp\/v2\/posts\/53553\/revisions\/53734"}],"wp:featuredmedia":[{"embeddable":true,"href":"https:\/\/med.estrategia.com\/portal\/wp-json\/wp\/v2\/media\/22747"}],"wp:attachment":[{"href":"https:\/\/med.estrategia.com\/portal\/wp-json\/wp\/v2\/media?parent=53553"}],"wp:term":[{"taxonomy":"category","embeddable":true,"href":"https:\/\/med.estrategia.com\/portal\/wp-json\/wp\/v2\/categories?post=53553"},{"taxonomy":"post_tag","embeddable":true,"href":"https:\/\/med.estrategia.com\/portal\/wp-json\/wp\/v2\/tags?post=53553"},{"taxonomy":"wl_entity_type","embeddable":true,"href":"https:\/\/med.estrategia.com\/portal\/wp-json\/wp\/v2\/wl_entity_type?post=53553"}],"curies":[{"name":"wp","href":"https:\/\/api.w.org\/{rel}","templated":true}]}}