{"id":54137,"date":"2023-12-12T13:26:29","date_gmt":"2023-12-12T16:26:29","guid":{"rendered":"https:\/\/med.estrategia.com\/portal\/?p=54137"},"modified":"2023-12-21T16:38:54","modified_gmt":"2023-12-21T19:38:54","slug":"usp-publica-edital-para-com-vagas-para-medicos","status":"publish","type":"post","link":"https:\/\/med.estrategia.com\/portal\/concursos\/usp-publica-edital-para-com-vagas-para-medicos\/","title":{"rendered":"USP publica edital com vagas para m\u00e9dicos"},"content":{"rendered":"<p><strong>A Universidade de S&atilde;o Paulo (USP) <\/strong>publicou edital do <strong>concurso p&uacute;blico<\/strong> com <strong>11 vagas <\/strong>para in&iacute;cio imediato para<strong> cargos m&eacute;dicos em diversas especialidades.&nbsp;<\/strong><p>Os candidatos interessados em participar da sele&ccedil;&atilde;o poder&atilde;o <strong>se inscrever a partir do dia<\/strong> <strong>12 de janeiro at&eacute; o dia 8 de fevereiro de 2024<\/strong>, por meio do site da banca organizadora,<a href=\"https:\/\/www.fuvest.br\/concursos-area-da-saude\/\" target=\"_blank\"> Fuvest<\/a>. O <strong>valor da taxa de inscri&ccedil;&atilde;o<\/strong> neste edital &eacute; de<strong> R$ 220,10.<\/strong><\/p><p>A remunera&ccedil;&atilde;o para os cargos m&eacute;dicos &eacute; de <strong>R$10.231,05<\/strong>, al&eacute;m dos benef&iacute;cios para uma jornada de <strong>24 horas semanais.<\/strong><\/p><div class=\"wp-block-buttons is-content-justification-center is-layout-flex wp-container-core-buttons-is-layout-1 wp-block-buttons-is-layout-flex\">\n<div class=\"wp-block-button\"><a class=\"wp-block-button__link wp-element-button\" href=\"https:\/\/med.estrategia.com\/portal\/wp-content\/uploads\/2023\/12\/Editais_Medicina_USP.zip\" target=\"_blank\">edital &ndash; usp med 2023<\/a><\/div>\n<\/div><div id=\"ez-toc-container\" class=\"ez-toc-v2_0_79_2 counter-hierarchy ez-toc-counter ez-toc-transparent ez-toc-container-direction\">\n<div class=\"ez-toc-title-container\"><p class=\"ez-toc-title\" style=\"cursor:inherit\">Navegue pelo conte\u00fado<\/p>\n<\/div><nav><ul class='ez-toc-list ez-toc-list-level-1 ' ><li class='ez-toc-page-1 ez-toc-heading-level-2'><a class=\"ez-toc-link ez-toc-heading-1\" href=\"https:\/\/med.estrategia.com\/portal\/concursos\/usp-publica-edital-para-com-vagas-para-medicos\/#Resumo-Edital-USP-2023\" >Resumo Edital USP 2023<\/a><\/li><li class='ez-toc-page-1 ez-toc-heading-level-2'><a class=\"ez-toc-link ez-toc-heading-2\" href=\"https:\/\/med.estrategia.com\/portal\/concursos\/usp-publica-edital-para-com-vagas-para-medicos\/#Inscricoes\" >Inscri&ccedil;&otilde;es<\/a><\/li><li class='ez-toc-page-1 ez-toc-heading-level-2'><a class=\"ez-toc-link ez-toc-heading-3\" href=\"https:\/\/med.estrategia.com\/portal\/concursos\/usp-publica-edital-para-com-vagas-para-medicos\/#Vagas\" >Vagas<\/a><\/li><li class='ez-toc-page-1 ez-toc-heading-level-2'><a class=\"ez-toc-link ez-toc-heading-4\" href=\"https:\/\/med.estrategia.com\/portal\/concursos\/usp-publica-edital-para-com-vagas-para-medicos\/#Processo-Seletivo\" >Processo Seletivo<\/a><\/li><li class='ez-toc-page-1 ez-toc-heading-level-2'><a class=\"ez-toc-link ez-toc-heading-5\" href=\"https:\/\/med.estrategia.com\/portal\/concursos\/usp-publica-edital-para-com-vagas-para-medicos\/#Prova-Objetiva-e-Dissertativa\" >Prova Objetiva e Dissertativa<\/a><\/li><\/ul><\/nav><\/div>\n<h2 class=\"wp-block-heading\" id=\"h-resumo-edital-usp-2023\"><span class=\"ez-toc-section\" id=\"Resumo-Edital-USP-2023\"><\/span>Resumo Edital USP 2023<span class=\"ez-toc-section-end\"><\/span><\/h2><figure class=\"wp-block-table\"><table><tbody><tr><td>Vagas Ofertadas<\/td><td>11<\/td><\/tr><tr><td>Remunera&ccedil;&atilde;o<\/td><td>R$ 10.231,05<\/td><\/tr><tr><td>Carga Hor&aacute;ria Semanal&nbsp;&nbsp;<\/td><td>24 horas<\/td><\/tr><tr><td>Composi&ccedil;&atilde;o do Processo Seletivo<\/td><td>Prova objetiva e prova dissertativa<\/td><\/tr><tr><td>Taxa de Inscri&ccedil;&atilde;o<\/td><td>R$ 220,10<\/td><\/tr><tr><td>Per&iacute;odo de Inscri&ccedil;&atilde;o<\/td><td>12\/01\/2024 at&eacute; as 12h de 08\/02\/2024<\/td><\/tr><tr><td>Per&iacute;odo para solicita&ccedil;&atilde;o de isen&ccedil;&atilde;o da taxa de inscri&ccedil;&atilde;o<\/td><td>12\/12\/2023 e 14\/12\/2023<\/td><\/tr><tr><td>&Uacute;ltimo dia para pagamento da taxa de inscri&ccedil;&atilde;o<\/td><td>08\/02\/2024<\/td><\/tr><tr><td>Data da Realiza&ccedil;&atilde;o das Provas Objetivas e Discursiva<\/td><td>03\/03\/2024<\/td><\/tr><tr><td>Divulga&ccedil;&atilde;o das notas da prova objetiva<\/td><td>25\/03\/2024<\/td><\/tr><tr><td>Divulga&ccedil;&atilde;o das notas da prova dissertativa<\/td><td>17\/04\/2024<\/td><\/tr><tr><td>Divulga&ccedil;&atilde;o da lista final de aprovados<\/td><td>25\/04\/2024<\/td><\/tr><\/tbody><\/table><\/figure><h2 class=\"wp-block-heading\" id=\"h-inscricoes\"><span class=\"ez-toc-section\" id=\"Inscricoes\"><\/span>Inscri&ccedil;&otilde;es<span class=\"ez-toc-section-end\"><\/span><\/h2><p><strong>As inscri&ccedil;&otilde;es<\/strong> ser&atilde;o online via o site da<a href=\"https:\/\/www.fuvest.br\/concursos-area-da-saude\/\" target=\"_blank\"> Fuvest<\/a>, a partir do dia <strong>12 de janeiro e seguem at&eacute; o dia 08 de fevereiro de 2024. A taxa de inscri&ccedil;&atilde;o &eacute; de R$ 220,10<\/strong> para cargos na &aacute;rea m&eacute;dica.&nbsp;<\/p><h2 class=\"wp-block-heading\" id=\"h-vagas\"><span class=\"ez-toc-section\" id=\"Vagas\"><\/span>Vagas<span class=\"ez-toc-section-end\"><\/span><\/h2><p>O edital do Concurso P&uacute;blico da USP disponibilizou 11 vagas para in&iacute;cio de imediato para as seguintes &aacute;reas m&eacute;dicas:<\/p><figure class=\"wp-block-table\"><table><tbody><tr><td>Especialidades<\/td><td>Vagas<\/td><\/tr><tr><td>Anatomia Patol&oacute;gica<\/td><td>1<\/td><\/tr><tr><td>Cl&iacute;nica M&eacute;dica<\/td><td>4<\/td><\/tr><tr><td>Cl&iacute;nica Pedi&aacute;trica<\/td><td>2<\/td><\/tr><tr><td>Ginecologia<\/td><td>1<\/td><\/tr><tr><td>Medicina de Fam&iacute;lia e Comunidade<\/td><td>2<\/td><\/tr><tr><td>Medicina Paliativa<\/td><td>1<\/td><\/tr><\/tbody><\/table><\/figure><h2 class=\"wp-block-heading\" id=\"h-processo-seletivo\"><span class=\"ez-toc-section\" id=\"Processo-Seletivo\"><\/span>Processo Seletivo<span class=\"ez-toc-section-end\"><\/span><\/h2><p>O processo seletivo do concurso da USP para a &aacute;rea m&eacute;dica conta com duas etapas:<\/p><ul class=\"wp-block-list\">\n<li>&nbsp;Prova Objetiva &ndash; eliminat&oacute;rio e classificat&oacute;rio;<\/li>\n\n\n\n<li>&nbsp;Prova Dissertativa &ndash; eliminat&oacute;rio e classificat&oacute;rio;<\/li>\n<\/ul><h2 class=\"wp-block-heading\" id=\"h-prova-objetiva-e-dissertativa\"><span class=\"ez-toc-section\" id=\"Prova-Objetiva-e-Dissertativa\"><\/span>Prova Objetiva e Dissertativa<span class=\"ez-toc-section-end\"><\/span><\/h2><p>A <strong>prova objetiva est&aacute; prevista para o dia 3 de mar&ccedil;o de 2024<\/strong>, das 13h &agrave;s 18h, de car&aacute;ter eliminat&oacute;ria e classificat&oacute;ria, com <strong>70 quest&otilde;es de m&uacute;ltipla escolha<\/strong>, com 5 alternativas, sendo apenas uma correta, nas &aacute;reas espec&iacute;ficas ou multidisciplinares:<\/p><ul class=\"wp-block-list\">\n<li>Quest&otilde;es de Linguagens;<\/li>\n\n\n\n<li>Quest&otilde;es de Conhecimentos Gerais e Atualidades; e<\/li>\n\n\n\n<li>Quest&otilde;es de Conhecimentos Espec&iacute;ficos da &aacute;rea.&nbsp;&nbsp;<\/li>\n<\/ul><p>A prova ser&aacute; avaliada em uma escala de 0 a 10 pontos.&nbsp; O candidato para ser aprovado na Prova Objetiva precisa atingir pelo menos 5 pontos, independentemente da posi&ccedil;&atilde;o em que estiver classificado.<\/p><p><strong>Prova Dissertativa<\/strong><\/p><p>A<strong> Prova Dissertativa<\/strong>, aplicada <strong>no mesmo dia que a prova objetiva<\/strong>, ser&aacute; de car&aacute;ter eliminat&oacute;ria e classificat&oacute;ria, compreendendo a elabora&ccedil;&atilde;o de respostas a 02 quest&otilde;es referentes a situa&ccedil;&otilde;es-problema propostas pela Banca Examinadora.<\/p><p>Somente as provas dissertativas dos candidatos classificados na prova objetiva ser&atilde;o corrigidas.<\/p><p>Na prova dissertativa, os candidatos precisam obter uma nota igual ou superior a 05 pontos, numa escala de 0 a 10 pontos, para serem classificados. <\/p><p><strong>N&atilde;o perca tempo! Prepare-se para o concurso p&uacute;blico da USP com a Estrat&eacute;gia MED!&nbsp;&nbsp;<\/strong><\/p><p>Com o<a href=\"https:\/\/med.estrategia.com\/curso\/sprint-concursos-medicos\/\" target=\"_blank\"> Sprint Concursos M&eacute;dicos do Estrat&eacute;gia MED<\/a> voc&ecirc; ter&aacute; &agrave; disposi&ccedil;&atilde;o 1.500 quest&otilde;es com foco em concursos p&uacute;blicos com cargos m&eacute;dicos incluindo as disciplinas mais cobradas neste tipo de sele&ccedil;&atilde;o: Portugu&ecirc;s, Matem&aacute;tica, Inform&aacute;tica, Direito e claro, Medicina.<\/p><p>Conhe&ccedil;a tamb&eacute;m o nosso<a href=\"https:\/\/med.estrategia.com\/curso\/banco-de-questes-resumos-estrategicos-anual\/\" target=\"_blank\"> Banco de Quest&otilde;es<\/a>, que atualmente conta com mais de 195 mil quest&otilde;es cadastradas e n&atilde;o para de crescer. Vem ser coruja!<\/p><div class=\"wp-block-image\">\n<figure class=\"aligncenter size-full\"><img decoding=\"async\" width=\"1280\" height=\"622\" src=\"https:\/\/med.estrategia.com\/portal\/wp-content\/uploads\/2025\/08\/concursos_medicos.jpg\" alt=\"concursos_medicos\" class=\"wp-image-91529\" srcset=\"https:\/\/med.estrategia.com\/portal\/wp-content\/uploads\/2025\/08\/concursos_medicos.jpg 1280w, https:\/\/med.estrategia.com\/portal\/wp-content\/uploads\/2025\/08\/concursos_medicos-1024x498.jpg 1024w, https:\/\/med.estrategia.com\/portal\/wp-content\/uploads\/2025\/08\/concursos_medicos-768x373.jpg 768w, https:\/\/med.estrategia.com\/portal\/wp-content\/uploads\/2025\/08\/concursos_medicos-800x389.jpg 800w, https:\/\/med.estrategia.com\/portal\/wp-content\/uploads\/2025\/08\/concursos_medicos-1160x564.jpg 1160w\" sizes=\"(max-width: 1280px) 100vw, 1280px\" \/><\/figure><\/div><\/p>\n","protected":false},"excerpt":{"rendered":"O regime \u00e9 CLT com sal\u00e1rio inicial de R$ 10,2 mil para m\u00e9dicos especialistas\n","protected":false},"author":45,"featured_media":54134,"comment_status":"closed","ping_status":"closed","sticky":false,"template":"","format":"standard","meta":{"wl_entities_gutenberg":"","footnotes":""},"categories":[474],"tags":[],"wl_entity_type":[199],"class_list":{"0":"post-54137","1":"post","2":"type-post","3":"status-publish","4":"format-standard","5":"has-post-thumbnail","7":"category-concursos","8":"wl_entity_type-article"},"acf":[],"yoast_head":"<!-- This site is optimized with the Yoast SEO Premium plugin v26.6 (Yoast SEO v26.6) - https:\/\/yoast.com\/wordpress\/plugins\/seo\/ -->\n<title>USP publica edital com vagas para m\u00e9dicos<\/title>\n<meta name=\"description\" content=\"O edital do concurso p\u00fablico da USP foi publicado com 11 vagas para in\u00edcio imediato e sal\u00e1rio de at\u00e9 R$10.2 mil\" \/>\n<meta name=\"robots\" content=\"index, follow, max-snippet:-1, max-image-preview:large, max-video-preview:-1\" \/>\n<link rel=\"canonical\" href=\"https:\/\/med.estrategia.com\/portal\/concursos\/usp-publica-edital-para-com-vagas-para-medicos\/\" \/>\n<meta property=\"og:locale\" content=\"pt_BR\" \/>\n<meta property=\"og:type\" content=\"article\" \/>\n<meta property=\"og:title\" content=\"USP publica edital com vagas para m\u00e9dicos\" \/>\n<meta property=\"og:description\" content=\"O edital do concurso p\u00fablico da USP foi publicado com 11 vagas para in\u00edcio imediato e sal\u00e1rio de at\u00e9 R$10.2 mil\" \/>\n<meta property=\"og:url\" content=\"https:\/\/med.estrategia.com\/portal\/concursos\/usp-publica-edital-para-com-vagas-para-medicos\/\" \/>\n<meta property=\"og:site_name\" content=\"Estrat\u00e9gia MED\" \/>\n<meta property=\"article:publisher\" content=\"https:\/\/www.facebook.com\/estrategiamed1\" \/>\n<meta property=\"article:published_time\" content=\"2023-12-12T16:26:29+00:00\" \/>\n<meta property=\"article:modified_time\" content=\"2023-12-21T19:38:54+00:00\" \/>\n<meta property=\"og:image\" content=\"https:\/\/med.estrategia.com\/portal\/wp-content\/uploads\/2023\/12\/Capa_concurso_USP_SP.jpg\" \/>\n\t<meta property=\"og:image:width\" content=\"1280\" \/>\n\t<meta property=\"og:image:height\" content=\"720\" \/>\n\t<meta property=\"og:image:type\" content=\"image\/jpeg\" \/>\n<meta name=\"author\" content=\"Priscila Pereira\" \/>\n<meta name=\"twitter:card\" content=\"summary_large_image\" \/>\n<meta name=\"twitter:creator\" content=\"@estrategiamed_\" \/>\n<meta name=\"twitter:site\" content=\"@estrategiamed_\" \/>\n<meta name=\"twitter:label1\" content=\"Escrito por\" \/>\n\t<meta name=\"twitter:data1\" content=\"Priscila Pereira\" \/>\n\t<meta name=\"twitter:label2\" content=\"Est. tempo de leitura\" \/>\n\t<meta name=\"twitter:data2\" content=\"3 minutos\" \/>\n<script type=\"application\/ld+json\" class=\"yoast-schema-graph\">{\"@context\":\"https:\/\/schema.org\",\"@graph\":[{\"@type\":\"WebPage\",\"@id\":\"https:\/\/med.estrategia.com\/portal\/concursos\/usp-publica-edital-para-com-vagas-para-medicos\/\",\"url\":\"https:\/\/med.estrategia.com\/portal\/concursos\/usp-publica-edital-para-com-vagas-para-medicos\/\",\"name\":\"USP publica edital com vagas para m\u00e9dicos\",\"isPartOf\":{\"@id\":\"https:\/\/med.estrategia.com\/portal\/#website\"},\"primaryImageOfPage\":{\"@id\":\"https:\/\/med.estrategia.com\/portal\/concursos\/usp-publica-edital-para-com-vagas-para-medicos\/#primaryimage\"},\"image\":{\"@id\":\"https:\/\/med.estrategia.com\/portal\/concursos\/usp-publica-edital-para-com-vagas-para-medicos\/#primaryimage\"},\"thumbnailUrl\":\"https:\/\/med.estrategia.com\/portal\/wp-content\/uploads\/2023\/12\/Capa_concurso_USP_SP.jpg\",\"datePublished\":\"2023-12-12T16:26:29+00:00\",\"dateModified\":\"2023-12-21T19:38:54+00:00\",\"author\":{\"@id\":\"https:\/\/med.estrategia.com\/portal\/#\/schema\/person\/d1df06a83a849b79b2d480e7d8952ce3\"},\"description\":\"O edital do concurso p\u00fablico da USP foi publicado com 11 vagas para in\u00edcio imediato e sal\u00e1rio de at\u00e9 R$10.2 mil\",\"breadcrumb\":{\"@id\":\"https:\/\/med.estrategia.com\/portal\/concursos\/usp-publica-edital-para-com-vagas-para-medicos\/#breadcrumb\"},\"inLanguage\":\"pt-BR\",\"potentialAction\":[{\"@type\":\"ReadAction\",\"target\":[\"https:\/\/med.estrategia.com\/portal\/concursos\/usp-publica-edital-para-com-vagas-para-medicos\/\"]}]},{\"@type\":\"ImageObject\",\"inLanguage\":\"pt-BR\",\"@id\":\"https:\/\/med.estrategia.com\/portal\/concursos\/usp-publica-edital-para-com-vagas-para-medicos\/#primaryimage\",\"url\":\"https:\/\/med.estrategia.com\/portal\/wp-content\/uploads\/2023\/12\/Capa_concurso_USP_SP.jpg\",\"contentUrl\":\"https:\/\/med.estrategia.com\/portal\/wp-content\/uploads\/2023\/12\/Capa_concurso_USP_SP.jpg\",\"width\":1280,\"height\":720,\"caption\":\"Estrat\u00e9gia MED | Concurso USP 2023\"},{\"@type\":\"BreadcrumbList\",\"@id\":\"https:\/\/med.estrategia.com\/portal\/concursos\/usp-publica-edital-para-com-vagas-para-medicos\/#breadcrumb\",\"itemListElement\":[{\"@type\":\"ListItem\",\"position\":1,\"name\":\"Home\",\"item\":\"https:\/\/med.estrategia.com\/portal\/\"},{\"@type\":\"ListItem\",\"position\":2,\"name\":\"Concursos M\u00e9dicos\",\"item\":\"https:\/\/med.estrategia.com\/portal\/concursos\/\"},{\"@type\":\"ListItem\",\"position\":3,\"name\":\"USP publica edital com vagas para m\u00e9dicos\"}]},{\"@type\":\"WebSite\",\"@id\":\"https:\/\/med.estrategia.com\/portal\/#website\",\"url\":\"https:\/\/med.estrategia.com\/portal\/\",\"name\":\"Estrat\u00e9gia MED\",\"description\":\"\",\"potentialAction\":[{\"@type\":\"SearchAction\",\"target\":{\"@type\":\"EntryPoint\",\"urlTemplate\":\"https:\/\/med.estrategia.com\/portal\/?s={search_term_string}\"},\"query-input\":{\"@type\":\"PropertyValueSpecification\",\"valueRequired\":true,\"valueName\":\"search_term_string\"}}],\"inLanguage\":\"pt-BR\"},{\"@type\":\"Person\",\"@id\":\"https:\/\/med.estrategia.com\/portal\/#\/schema\/person\/d1df06a83a849b79b2d480e7d8952ce3\",\"name\":\"Priscila Pereira\",\"image\":{\"@type\":\"ImageObject\",\"inLanguage\":\"pt-BR\",\"@id\":\"https:\/\/med.estrategia.com\/portal\/#\/schema\/person\/image\/\",\"url\":\"https:\/\/secure.gravatar.com\/avatar\/fe94f8430a1d23a69c0bc7aab6202e21?s=96&d=mm&r=g\",\"contentUrl\":\"https:\/\/secure.gravatar.com\/avatar\/fe94f8430a1d23a69c0bc7aab6202e21?s=96&d=mm&r=g\",\"caption\":\"Priscila Pereira\"},\"description\":\"Formada e p\u00f3s-graduada na \u00e1rea de comunica\u00e7\u00e3o, divido minha paix\u00e3o entre o jornalismo e os esportes\",\"url\":\"https:\/\/med.estrategia.com\/portal\/author\/priscila-pereira\/\"}]}<\/script>\n<!-- \/ Yoast SEO Premium plugin. -->","yoast_head_json":{"title":"USP publica edital com vagas para m\u00e9dicos","description":"O edital do concurso p\u00fablico da USP foi publicado com 11 vagas para in\u00edcio imediato e sal\u00e1rio de at\u00e9 R$10.2 mil","robots":{"index":"index","follow":"follow","max-snippet":"max-snippet:-1","max-image-preview":"max-image-preview:large","max-video-preview":"max-video-preview:-1"},"canonical":"https:\/\/med.estrategia.com\/portal\/concursos\/usp-publica-edital-para-com-vagas-para-medicos\/","og_locale":"pt_BR","og_type":"article","og_title":"USP publica edital com vagas para m\u00e9dicos","og_description":"O edital do concurso p\u00fablico da USP foi publicado com 11 vagas para in\u00edcio imediato e sal\u00e1rio de at\u00e9 R$10.2 mil","og_url":"https:\/\/med.estrategia.com\/portal\/concursos\/usp-publica-edital-para-com-vagas-para-medicos\/","og_site_name":"Estrat\u00e9gia MED","article_publisher":"https:\/\/www.facebook.com\/estrategiamed1","article_published_time":"2023-12-12T16:26:29+00:00","article_modified_time":"2023-12-21T19:38:54+00:00","og_image":[{"width":1280,"height":720,"url":"https:\/\/med.estrategia.com\/portal\/wp-content\/uploads\/2023\/12\/Capa_concurso_USP_SP.jpg","type":"image\/jpeg"}],"author":"Priscila Pereira","twitter_card":"summary_large_image","twitter_creator":"@estrategiamed_","twitter_site":"@estrategiamed_","twitter_misc":{"Escrito por":"Priscila Pereira","Est. tempo de leitura":"3 minutos"},"schema":{"@context":"https:\/\/schema.org","@graph":[{"@type":"WebPage","@id":"https:\/\/med.estrategia.com\/portal\/concursos\/usp-publica-edital-para-com-vagas-para-medicos\/","url":"https:\/\/med.estrategia.com\/portal\/concursos\/usp-publica-edital-para-com-vagas-para-medicos\/","name":"USP publica edital com vagas para m\u00e9dicos","isPartOf":{"@id":"https:\/\/med.estrategia.com\/portal\/#website"},"primaryImageOfPage":{"@id":"https:\/\/med.estrategia.com\/portal\/concursos\/usp-publica-edital-para-com-vagas-para-medicos\/#primaryimage"},"image":{"@id":"https:\/\/med.estrategia.com\/portal\/concursos\/usp-publica-edital-para-com-vagas-para-medicos\/#primaryimage"},"thumbnailUrl":"https:\/\/med.estrategia.com\/portal\/wp-content\/uploads\/2023\/12\/Capa_concurso_USP_SP.jpg","datePublished":"2023-12-12T16:26:29+00:00","dateModified":"2023-12-21T19:38:54+00:00","author":{"@id":"https:\/\/med.estrategia.com\/portal\/#\/schema\/person\/d1df06a83a849b79b2d480e7d8952ce3"},"description":"O edital do concurso p\u00fablico da USP foi publicado com 11 vagas para in\u00edcio imediato e sal\u00e1rio de at\u00e9 R$10.2 mil","breadcrumb":{"@id":"https:\/\/med.estrategia.com\/portal\/concursos\/usp-publica-edital-para-com-vagas-para-medicos\/#breadcrumb"},"inLanguage":"pt-BR","potentialAction":[{"@type":"ReadAction","target":["https:\/\/med.estrategia.com\/portal\/concursos\/usp-publica-edital-para-com-vagas-para-medicos\/"]}]},{"@type":"ImageObject","inLanguage":"pt-BR","@id":"https:\/\/med.estrategia.com\/portal\/concursos\/usp-publica-edital-para-com-vagas-para-medicos\/#primaryimage","url":"https:\/\/med.estrategia.com\/portal\/wp-content\/uploads\/2023\/12\/Capa_concurso_USP_SP.jpg","contentUrl":"https:\/\/med.estrategia.com\/portal\/wp-content\/uploads\/2023\/12\/Capa_concurso_USP_SP.jpg","width":1280,"height":720,"caption":"Estrat\u00e9gia MED | Concurso USP 2023"},{"@type":"BreadcrumbList","@id":"https:\/\/med.estrategia.com\/portal\/concursos\/usp-publica-edital-para-com-vagas-para-medicos\/#breadcrumb","itemListElement":[{"@type":"ListItem","position":1,"name":"Home","item":"https:\/\/med.estrategia.com\/portal\/"},{"@type":"ListItem","position":2,"name":"Concursos M\u00e9dicos","item":"https:\/\/med.estrategia.com\/portal\/concursos\/"},{"@type":"ListItem","position":3,"name":"USP publica edital com vagas para m\u00e9dicos"}]},{"@type":"WebSite","@id":"https:\/\/med.estrategia.com\/portal\/#website","url":"https:\/\/med.estrategia.com\/portal\/","name":"Estrat\u00e9gia MED","description":"","potentialAction":[{"@type":"SearchAction","target":{"@type":"EntryPoint","urlTemplate":"https:\/\/med.estrategia.com\/portal\/?s={search_term_string}"},"query-input":{"@type":"PropertyValueSpecification","valueRequired":true,"valueName":"search_term_string"}}],"inLanguage":"pt-BR"},{"@type":"Person","@id":"https:\/\/med.estrategia.com\/portal\/#\/schema\/person\/d1df06a83a849b79b2d480e7d8952ce3","name":"Priscila Pereira","image":{"@type":"ImageObject","inLanguage":"pt-BR","@id":"https:\/\/med.estrategia.com\/portal\/#\/schema\/person\/image\/","url":"https:\/\/secure.gravatar.com\/avatar\/fe94f8430a1d23a69c0bc7aab6202e21?s=96&d=mm&r=g","contentUrl":"https:\/\/secure.gravatar.com\/avatar\/fe94f8430a1d23a69c0bc7aab6202e21?s=96&d=mm&r=g","caption":"Priscila Pereira"},"description":"Formada e p\u00f3s-graduada na \u00e1rea de comunica\u00e7\u00e3o, divido minha paix\u00e3o entre o jornalismo e os esportes","url":"https:\/\/med.estrategia.com\/portal\/author\/priscila-pereira\/"}]}},"_wl_alt_label":[],"wl:entity_url":"\/post\/usp-publica-edital-para-com-vagas-para-medicos","_links":{"self":[{"href":"https:\/\/med.estrategia.com\/portal\/wp-json\/wp\/v2\/posts\/54137","targetHints":{"allow":["GET"]}}],"collection":[{"href":"https:\/\/med.estrategia.com\/portal\/wp-json\/wp\/v2\/posts"}],"about":[{"href":"https:\/\/med.estrategia.com\/portal\/wp-json\/wp\/v2\/types\/post"}],"author":[{"embeddable":true,"href":"https:\/\/med.estrategia.com\/portal\/wp-json\/wp\/v2\/users\/45"}],"replies":[{"embeddable":true,"href":"https:\/\/med.estrategia.com\/portal\/wp-json\/wp\/v2\/comments?post=54137"}],"version-history":[{"count":9,"href":"https:\/\/med.estrategia.com\/portal\/wp-json\/wp\/v2\/posts\/54137\/revisions"}],"predecessor-version":[{"id":54849,"href":"https:\/\/med.estrategia.com\/portal\/wp-json\/wp\/v2\/posts\/54137\/revisions\/54849"}],"wp:featuredmedia":[{"embeddable":true,"href":"https:\/\/med.estrategia.com\/portal\/wp-json\/wp\/v2\/media\/54134"}],"wp:attachment":[{"href":"https:\/\/med.estrategia.com\/portal\/wp-json\/wp\/v2\/media?parent=54137"}],"wp:term":[{"taxonomy":"category","embeddable":true,"href":"https:\/\/med.estrategia.com\/portal\/wp-json\/wp\/v2\/categories?post=54137"},{"taxonomy":"post_tag","embeddable":true,"href":"https:\/\/med.estrategia.com\/portal\/wp-json\/wp\/v2\/tags?post=54137"},{"taxonomy":"wl_entity_type","embeddable":true,"href":"https:\/\/med.estrategia.com\/portal\/wp-json\/wp\/v2\/wl_entity_type?post=54137"}],"curies":[{"name":"wp","href":"https:\/\/api.w.org\/{rel}","templated":true}]}}