{"id":54561,"date":"2023-12-18T15:01:27","date_gmt":"2023-12-18T18:01:27","guid":{"rendered":"https:\/\/med.estrategia.com\/portal\/?p=54561"},"modified":"2023-12-18T17:05:56","modified_gmt":"2023-12-18T20:05:56","slug":"brasil-registra-progresso-no-diagnostico-e-tratamento-da-tuberculose","status":"publish","type":"post","link":"https:\/\/med.estrategia.com\/portal\/noticias\/brasil-registra-progresso-no-diagnostico-e-tratamento-da-tuberculose\/","title":{"rendered":"Brasil registra progresso no diagn\u00f3stico e tratamento da Tuberculose"},"content":{"rendered":"<p>A <strong>Organiza&ccedil;&atilde;o Mundial da Sa&uacute;de (OMS)<\/strong> revelou no dia oito de dezembro que o Brasil est&aacute; entre os 13 pa&iacute;ses que conseguiram <strong>aumentar a detec&ccedil;&atilde;o de casos de tuberculose ap&oacute;s a pandemia de Covid-19<\/strong>. Essa recupera&ccedil;&atilde;o &eacute; crucial para agilizar o tratamento dos pacientes e o <strong>Sistema &Uacute;nico de Sa&uacute;de (SUS)<\/strong> adotou medidas inovadoras, incluindo um <strong>medicamento que reduz significativamente o tempo de tratamento<\/strong>.<p>De acordo com o <strong>Relat&oacute;rio Global de Tuberculose 2023<\/strong>, divulgado em novembro, estima-se que <strong>105 mil brasileiros foram afetados pela tuberculose<\/strong> no ano passado. Destes, 87.344 foram <strong>diagnosticados e tratados<\/strong>, representando um aumento de 9,5% em compara&ccedil;&atilde;o a 2021, alcan&ccedil;ando o <strong>&iacute;ndice de detec&ccedil;&atilde;o de 83%<\/strong>.<\/p><p>No &uacute;ltimo ano, a <strong>tuberculose causou 1,3 milh&atilde;o de mortes globais<\/strong>, incluindo 167 mil entre pessoas com <a href=\"https:\/\/med.estrategia.com\/portal\/atualidades\/vacina-para-hiv\/\" target=\"_blank\">HIV<\/a>, marcando uma <strong>queda<\/strong> em rela&ccedil;&atilde;o &agrave;s proje&ccedil;&otilde;es de 2020 e 2021, que estimavam 1,4 milh&atilde;o de &oacute;bitos. Durante a pandemia, houve um acr&eacute;scimo de meio milh&atilde;o de mortes em compara&ccedil;&atilde;o com as estimativas baseadas nas tend&ecirc;ncias pr&eacute;-pand&ecirc;micas. No Brasil, a <strong>notifica&ccedil;&atilde;o compuls&oacute;ria abrange pacientes tanto nos servi&ccedil;os p&uacute;blicos quanto na iniciativa privada<\/strong>.<\/p><p>Outro ponto destacado &eacute; que, em 2021, <strong>apenas 65% das pessoas diagnosticadas no Brasil conclu&iacute;ram o tratamento para tuberculose<\/strong>, o qual pode durar at&eacute; 18 meses. No caso de pessoas vivendo com HIV ou aids, o percentual foi ainda menor, atingindo 44%.<\/p><p>Em nota publicada pelo Minist&eacute;rio da Sa&uacute;de, a secret&aacute;ria de <strong>Vigil&acirc;ncia em Sa&uacute;de e Ambiente do Minist&eacute;rio da Sa&uacute;de<\/strong>, Ethel Maciel, destaca os desafios enfrentados durante a pandemia: &ldquo;Durante a pandemia &ndash; e principalmente no per&iacute;odo mais cr&iacute;tico e anterior &agrave; vacina, entre 2020 e 2021 &ndash;, <strong>os servi&ccedil;os de sa&uacute;de sofreram press&atilde;o muito forte para atendimento &agrave; covid<\/strong>. Isso fez com que outras doen&ccedil;as, como a tuberculose, tivessem menos diagn&oacute;sticos e, com isso, menos pessoas iniciaram o tratamento.&rdquo;<\/p><p>\n\n\n<div id=\"new-form\">\n\t<form id=\"forms_layout\">\n\t<input type=\"hidden\" id=\"chave_de\" name=\"chave_de\" value=\"01_EMED_LEADS_TOTAIS\" \/>\n\t\t<input type=\"hidden\" id=\"mid\" name=\"mid\" value=\"515009018\" \/>\n\t\t<input type=\"hidden\" id=\"Objetivo\" name=\"Objetivo\" value=\"Medicina\" \/>\n\t\t<input type=\"hidden\" id=\"Estado_de_Origem_do_IP\" name=\"Estado_de_Origem_do_IP\"  value=\"\" \/>\n\t\t<input type=\"hidden\" id=\"Cidade_de_Origem_do_IP\" name=\"Cidade_de_Origem_do_IP\" value=\"\" \/>\n\t\t<input type=\"hidden\" id=\"Modo_de_entrada\" name=\"Modo_de_entrada\" value=\"Portal\" \/>\n\t\t<input type=\"hidden\" id=\"Pagina_Origem\" name=\"Pagina_Origem\" value=\"\" \/>\n\n\t\t<div class=\"texto\">\n\t\t\t<div id=\"ez-toc-container\" class=\"ez-toc-v2_0_79_2 counter-hierarchy ez-toc-counter ez-toc-transparent ez-toc-container-direction\">\n<div class=\"ez-toc-title-container\"><p class=\"ez-toc-title\" style=\"cursor:inherit\">Navegue pelo conte\u00fado<\/p>\n<\/div><nav><ul class='ez-toc-list ez-toc-list-level-1 ' ><ul class='ez-toc-list-level-3' ><li class='ez-toc-heading-level-3'><a class=\"ez-toc-link ez-toc-heading-1\" href=\"https:\/\/med.estrategia.com\/portal\/noticias\/brasil-registra-progresso-no-diagnostico-e-tratamento-da-tuberculose\/#Inscreva-se-em-nossa-newsletter\" >Inscreva-se em nossa newsletter!<\/a><\/li><\/ul><\/li><li class='ez-toc-page-1 ez-toc-heading-level-2'><a class=\"ez-toc-link ez-toc-heading-2\" href=\"https:\/\/med.estrategia.com\/portal\/noticias\/brasil-registra-progresso-no-diagnostico-e-tratamento-da-tuberculose\/#Reducao-de-custos-e-tempo-de-tratamento\" >Redu&ccedil;&atilde;o de custos e tempo de tratamento<\/a><\/li><li class='ez-toc-page-1 ez-toc-heading-level-2'><a class=\"ez-toc-link ez-toc-heading-3\" href=\"https:\/\/med.estrategia.com\/portal\/noticias\/brasil-registra-progresso-no-diagnostico-e-tratamento-da-tuberculose\/#Acoes-do-Ministerio-da-Saude-e-compromisso-ate-2030\" >A&ccedil;&otilde;es do Minist&eacute;rio da Sa&uacute;de e compromisso at&eacute; 2030<\/a><\/li><\/ul><\/nav><\/div>\n<h3 class=\"news\"><span class=\"ez-toc-section\" id=\"Inscreva-se-em-nossa-newsletter\"><\/span>Inscreva-se em nossa newsletter!<span class=\"ez-toc-section-end\"><\/span><\/h3>\n\t\t\t<p>Receba not\u00edcias sobre resid\u00eancia m\u00e9dica, revalida\u00e7\u00e3o de diplomas e concursos m\u00e9dicos, al\u00e9m de materiais de estudo gratuitos e informa\u00e7\u00f5es relevantes do mundo da Medicina.<\/p>\n\t\t<\/div>\n\t\t<div class=\"campos\">\n\t\t\t<div class=\"first_name labels\">\n\t\t\t\t<input type=\"text\" class=\"input_labels\" id=\"first_name\" name=\"Nome_Completo\" placeholder=\"Nome\" required \/>\n\t\t\t<\/div>\n\t\t\t<div class=\"email labels\">\n\t\t\t\t<input type=\"email\" class=\"input_labels\" id=\"email\" name=\"Email\" placeholder=\"E-mail\" required \/>\n\t\t\t<\/div>\n\t\t\t<button type=\"submit\" class=\"button_layout\">\n\t\t\t\t<div id=\"lblBotao\">Inscreva-se<\/div>\n\t\t\t\t<span id=\"divSpiner\" class=\"loader\" role=\"status\" style=\"display: none;\"><\/span>\t\n\t\t\t<\/button>\n\t\t<\/div><!-- \/campos -->\n\t\t\n\t\t<label class=\"container_checkbox\">Voc\u00ea concorda com a nossa\n\t\t\t<a class=\"politics_privacy_ahref\" target=\"_blank\" href=\"https:\/\/gratis.estrategiaconcursos.com.br\/politica-de-privacidade\/\">Pol\u00edtica de Privacidade<\/a> e aceita receber informa\u00e7\u00f5es adicionais do Estrat\u00e9gia Educacional.\n\t\t\t<input id=\"checkbox_layout\" type=\"checkbox\" checked=\"checked\" required \/>\n\t\t\t<span class=\"checkbox\"><\/span>\n\t\t<\/label>\n\t\t<div id=\"msg\"><\/div>\n\t\t<div id=\"error\" class=\"error\">\n\t\t<\/div>\n\t<\/form>\n<\/div><!-- \/new-form -->\n\n\n\n<\/p><h2 class=\"wp-block-heading\" id=\"h-reducao-de-custos-e-tempo-de-tratamento\"><span class=\"ez-toc-section\" id=\"Reducao-de-custos-e-tempo-de-tratamento\"><\/span><strong>Redu&ccedil;&atilde;o de custos e tempo de tratamento<\/strong><span class=\"ez-toc-section-end\"><\/span><\/h2><p>O <strong>Minist&eacute;rio da Sa&uacute;de<\/strong> implementou medidas significativas para <strong>aprimorar o tratamento da tuberculose<\/strong>. Em setembro deste ano, incorporou o medicamento <strong>Pretomanida<\/strong> ao SUS, <strong>reduzindo o tempo de tratamento da tuberculose resistente de 18 para seis meses<\/strong>, representando uma economia consider&aacute;vel para o sistema de sa&uacute;de.<\/p><p>Essa medida inovadora n&atilde;o apenas reduz o tempo de tratamento, mas tamb&eacute;m oferece economias significativas, com uma <strong>previs&atilde;o de poupar R$ 100 milh&otilde;es em cinco anos<\/strong>, sendo R$ 14 milh&otilde;es apenas no primeiro ano. <strong>O tratamento com Pretomanida &eacute; mais curto e causa menos efeitos adversos<\/strong>, tornando-se uma op&ccedil;&atilde;o mais eficaz para os pacientes.<\/p><h2 class=\"wp-block-heading\"><span class=\"ez-toc-section\" id=\"Acoes-do-Ministerio-da-Saude-e-compromisso-ate-2030\"><\/span><strong>A&ccedil;&otilde;es do Minist&eacute;rio da Sa&uacute;de e compromisso at&eacute; 2030<\/strong><span class=\"ez-toc-section-end\"><\/span><\/h2><p>O <strong>Relat&oacute;rio Global de Tuberculose<\/strong> destaca que, apesar da expans&atilde;o da rede de teste r&aacute;pido molecular no Brasil, <strong>apenas 45% das pessoas foram diagnosticadas com essa ferramenta<\/strong>. O compromisso brasileiro de reduzir a incid&ecirc;ncia de tuberculose para menos de 10 casos por 100 mil habitantes at&eacute; 2030 est&aacute; em curso, com diversas a&ccedil;&otilde;es estrat&eacute;gicas em andamento.<\/p><p>Al&eacute;m da detec&ccedil;&atilde;o precoce, o Brasil busca <strong>recuperar altas coberturas da vacina BCG<\/strong> e implementar um <strong>teste de urina<\/strong> para diagn&oacute;stico em <strong>pessoas vivendo com HIV com imunodepress&atilde;o avan&ccedil;ada<\/strong>. Outras a&ccedil;&otilde;es incluem esfor&ccedil;os in&eacute;ditos de nove minist&eacute;rios, reunidos no <a href=\"https:\/\/med.estrategia.com\/portal\/noticias\/comite-interministerial-para-eliminacao-da-tuberculose-e-criado\/\" target=\"_blank\">Comit&ecirc; Interministerial para Elimina&ccedil;&atilde;o da Tuberculose e Outras Doen&ccedil;as Determinadas Socialmente (Ciedds)<\/a>, visando abordar os determinantes sociais da sa&uacute;de.<\/p><p>O Minist&eacute;rio da Sa&uacute;de, coordenador do Ciedds, expressa a import&acirc;ncia de enfrentar os desafios sociais associados &agrave; tuberculose, destacando a <strong>necessidade de uma abordagem integrada para garantir o acesso a testes e a ades&atilde;o ao tratamento<\/strong>.<\/p><p>Por fim, o <a href=\"https:\/\/www.who.int\/publications\/i\/item\/9789240083851\" target=\"_blank\">Relat&oacute;rio Global de Tuberculose<\/a>, publicado anualmente pela OMS, revelou que houve uma <strong>recupera&ccedil;&atilde;o global no diagn&oacute;stico e tratamento da doen&ccedil;a<\/strong>, indicando avan&ccedil;os significativos na revers&atilde;o do impacto causado pela pandemia de covid-19.<\/p><p>\n\n\n\n\n\n<a id=\"cta\" class=\"cta-imagem\" href=\"https:\/\/med.estrategia.com\/curso\/banco-de-questes-resumos-estrategicos-anual\/\" target=\"blank\">\n                <img decoding=\"async\" width=\"100%\" src=\"https:\/\/med.estrategia.com\/portal\/wp-content\/uploads\/2025\/08\/banco_questoes.png\" alt=\"banco_questoes\" title=\"banco_questoes\">\n        <\/a>\n<\/p><\/p>\n","protected":false},"excerpt":{"rendered":"Dados do Relat\u00f3rio Global de Tuberculose 2023 indicam que o Brasil \u00e9 destaque na recupera\u00e7\u00e3o p\u00f3s-COVID, enquanto o SUS incorpora medicamento que reduz o tempo de tratamento em quase 70%\n","protected":false},"author":52,"featured_media":54575,"comment_status":"closed","ping_status":"closed","sticky":false,"template":"","format":"standard","meta":{"wl_entities_gutenberg":"","footnotes":""},"categories":[300],"tags":[701],"wl_entity_type":[199],"class_list":{"0":"post-54561","1":"post","2":"type-post","3":"status-publish","4":"format-standard","5":"has-post-thumbnail","7":"category-noticias","8":"tag-tuberculose","9":"wl_entity_type-article"},"acf":[],"yoast_head":"<!-- This site is optimized with the Yoast SEO Premium plugin v26.6 (Yoast SEO v26.6) - https:\/\/yoast.com\/wordpress\/plugins\/seo\/ -->\n<title>Brasil registra progresso no diagn\u00f3stico e tratamento da Tuberculose<\/title>\n<meta name=\"description\" content=\"O SUS adotou medidas inovadoras, incluindo um medicamento que reduz significativamente o tempo de tratamento da tuberculose.\" \/>\n<meta name=\"robots\" content=\"index, follow, max-snippet:-1, max-image-preview:large, max-video-preview:-1\" \/>\n<link rel=\"canonical\" href=\"https:\/\/med.estrategia.com\/portal\/noticias\/brasil-registra-progresso-no-diagnostico-e-tratamento-da-tuberculose\/\" \/>\n<meta property=\"og:locale\" content=\"pt_BR\" \/>\n<meta property=\"og:type\" content=\"article\" \/>\n<meta property=\"og:title\" content=\"Brasil registra progresso no diagn\u00f3stico e tratamento da Tuberculose\" \/>\n<meta property=\"og:description\" content=\"O SUS adotou medidas inovadoras, incluindo um medicamento que reduz significativamente o tempo de tratamento da tuberculose.\" \/>\n<meta property=\"og:url\" content=\"https:\/\/med.estrategia.com\/portal\/noticias\/brasil-registra-progresso-no-diagnostico-e-tratamento-da-tuberculose\/\" \/>\n<meta property=\"og:site_name\" content=\"Estrat\u00e9gia MED\" \/>\n<meta property=\"article:publisher\" content=\"https:\/\/www.facebook.com\/estrategiamed1\" \/>\n<meta property=\"article:published_time\" content=\"2023-12-18T18:01:27+00:00\" \/>\n<meta property=\"article:modified_time\" content=\"2023-12-18T20:05:56+00:00\" \/>\n<meta property=\"og:image\" content=\"https:\/\/med.estrategia.com\/portal\/wp-content\/uploads\/2023\/12\/brasil-progresso-diagnostico-tuberculose.jpg\" \/>\n\t<meta property=\"og:image:width\" content=\"1280\" \/>\n\t<meta property=\"og:image:height\" content=\"720\" \/>\n\t<meta property=\"og:image:type\" content=\"image\/jpeg\" \/>\n<meta name=\"author\" content=\"Arion Wolff\" \/>\n<meta name=\"twitter:card\" content=\"summary_large_image\" \/>\n<meta name=\"twitter:creator\" content=\"@estrategiamed_\" \/>\n<meta name=\"twitter:site\" content=\"@estrategiamed_\" \/>\n<meta name=\"twitter:label1\" content=\"Escrito por\" \/>\n\t<meta name=\"twitter:data1\" content=\"Arion Wolff\" \/>\n\t<meta name=\"twitter:label2\" content=\"Est. tempo de leitura\" \/>\n\t<meta name=\"twitter:data2\" content=\"3 minutos\" \/>\n<script type=\"application\/ld+json\" class=\"yoast-schema-graph\">{\"@context\":\"https:\/\/schema.org\",\"@graph\":[{\"@type\":\"WebPage\",\"@id\":\"https:\/\/med.estrategia.com\/portal\/noticias\/brasil-registra-progresso-no-diagnostico-e-tratamento-da-tuberculose\/\",\"url\":\"https:\/\/med.estrategia.com\/portal\/noticias\/brasil-registra-progresso-no-diagnostico-e-tratamento-da-tuberculose\/\",\"name\":\"Brasil registra progresso no diagn\u00f3stico e tratamento da Tuberculose\",\"isPartOf\":{\"@id\":\"https:\/\/med.estrategia.com\/portal\/#website\"},\"primaryImageOfPage\":{\"@id\":\"https:\/\/med.estrategia.com\/portal\/noticias\/brasil-registra-progresso-no-diagnostico-e-tratamento-da-tuberculose\/#primaryimage\"},\"image\":{\"@id\":\"https:\/\/med.estrategia.com\/portal\/noticias\/brasil-registra-progresso-no-diagnostico-e-tratamento-da-tuberculose\/#primaryimage\"},\"thumbnailUrl\":\"https:\/\/med.estrategia.com\/portal\/wp-content\/uploads\/2023\/12\/brasil-progresso-diagnostico-tuberculose.jpg\",\"datePublished\":\"2023-12-18T18:01:27+00:00\",\"dateModified\":\"2023-12-18T20:05:56+00:00\",\"author\":{\"@id\":\"https:\/\/med.estrategia.com\/portal\/#\/schema\/person\/b6aba49604868a427dd15c3b1fc6a8bc\"},\"description\":\"O SUS adotou medidas inovadoras, incluindo um medicamento que reduz significativamente o tempo de tratamento da tuberculose.\",\"breadcrumb\":{\"@id\":\"https:\/\/med.estrategia.com\/portal\/noticias\/brasil-registra-progresso-no-diagnostico-e-tratamento-da-tuberculose\/#breadcrumb\"},\"inLanguage\":\"pt-BR\",\"potentialAction\":[{\"@type\":\"ReadAction\",\"target\":[\"https:\/\/med.estrategia.com\/portal\/noticias\/brasil-registra-progresso-no-diagnostico-e-tratamento-da-tuberculose\/\"]}]},{\"@type\":\"ImageObject\",\"inLanguage\":\"pt-BR\",\"@id\":\"https:\/\/med.estrategia.com\/portal\/noticias\/brasil-registra-progresso-no-diagnostico-e-tratamento-da-tuberculose\/#primaryimage\",\"url\":\"https:\/\/med.estrategia.com\/portal\/wp-content\/uploads\/2023\/12\/brasil-progresso-diagnostico-tuberculose.jpg\",\"contentUrl\":\"https:\/\/med.estrategia.com\/portal\/wp-content\/uploads\/2023\/12\/brasil-progresso-diagnostico-tuberculose.jpg\",\"width\":1280,\"height\":720,\"caption\":\"Brasil registra progresso no diagn\u00f3stico e tratamento da Tuberculose\"},{\"@type\":\"BreadcrumbList\",\"@id\":\"https:\/\/med.estrategia.com\/portal\/noticias\/brasil-registra-progresso-no-diagnostico-e-tratamento-da-tuberculose\/#breadcrumb\",\"itemListElement\":[{\"@type\":\"ListItem\",\"position\":1,\"name\":\"Home\",\"item\":\"https:\/\/med.estrategia.com\/portal\/\"},{\"@type\":\"ListItem\",\"position\":2,\"name\":\"Not\u00edcias\",\"item\":\"https:\/\/med.estrategia.com\/portal\/noticias\/\"},{\"@type\":\"ListItem\",\"position\":3,\"name\":\"Brasil registra progresso no diagn\u00f3stico e tratamento da Tuberculose\"}]},{\"@type\":\"WebSite\",\"@id\":\"https:\/\/med.estrategia.com\/portal\/#website\",\"url\":\"https:\/\/med.estrategia.com\/portal\/\",\"name\":\"Estrat\u00e9gia MED\",\"description\":\"\",\"potentialAction\":[{\"@type\":\"SearchAction\",\"target\":{\"@type\":\"EntryPoint\",\"urlTemplate\":\"https:\/\/med.estrategia.com\/portal\/?s={search_term_string}\"},\"query-input\":{\"@type\":\"PropertyValueSpecification\",\"valueRequired\":true,\"valueName\":\"search_term_string\"}}],\"inLanguage\":\"pt-BR\"},{\"@type\":\"Person\",\"@id\":\"https:\/\/med.estrategia.com\/portal\/#\/schema\/person\/b6aba49604868a427dd15c3b1fc6a8bc\",\"name\":\"Arion Wolff\",\"image\":{\"@type\":\"ImageObject\",\"inLanguage\":\"pt-BR\",\"@id\":\"https:\/\/med.estrategia.com\/portal\/#\/schema\/person\/image\/\",\"url\":\"https:\/\/med.estrategia.com\/portal\/wp-content\/uploads\/2023\/12\/arion-wolff-estrategia-med-150x150.jpg\",\"contentUrl\":\"https:\/\/med.estrategia.com\/portal\/wp-content\/uploads\/2023\/12\/arion-wolff-estrategia-med-150x150.jpg\",\"caption\":\"Arion Wolff\"},\"description\":\"Jornalista formado pela UNIFATEC e p\u00f3s-graduado em Jornalismo Digital pela UNINTER. Escrevo sobre medicina, resid\u00eancia m\u00e9dica e sa\u00fade. Entusiasta de filmes, livros, bons dramas e romances gen\u00e9ricos.\",\"sameAs\":[\"http:\/\/med.estrategia.com\"],\"url\":\"https:\/\/med.estrategia.com\/portal\/author\/arion-santos\/\"}]}<\/script>\n<!-- \/ Yoast SEO Premium plugin. -->","yoast_head_json":{"title":"Brasil registra progresso no diagn\u00f3stico e tratamento da Tuberculose","description":"O SUS adotou medidas inovadoras, incluindo um medicamento que reduz significativamente o tempo de tratamento da tuberculose.","robots":{"index":"index","follow":"follow","max-snippet":"max-snippet:-1","max-image-preview":"max-image-preview:large","max-video-preview":"max-video-preview:-1"},"canonical":"https:\/\/med.estrategia.com\/portal\/noticias\/brasil-registra-progresso-no-diagnostico-e-tratamento-da-tuberculose\/","og_locale":"pt_BR","og_type":"article","og_title":"Brasil registra progresso no diagn\u00f3stico e tratamento da Tuberculose","og_description":"O SUS adotou medidas inovadoras, incluindo um medicamento que reduz significativamente o tempo de tratamento da tuberculose.","og_url":"https:\/\/med.estrategia.com\/portal\/noticias\/brasil-registra-progresso-no-diagnostico-e-tratamento-da-tuberculose\/","og_site_name":"Estrat\u00e9gia MED","article_publisher":"https:\/\/www.facebook.com\/estrategiamed1","article_published_time":"2023-12-18T18:01:27+00:00","article_modified_time":"2023-12-18T20:05:56+00:00","og_image":[{"width":1280,"height":720,"url":"https:\/\/med.estrategia.com\/portal\/wp-content\/uploads\/2023\/12\/brasil-progresso-diagnostico-tuberculose.jpg","type":"image\/jpeg"}],"author":"Arion Wolff","twitter_card":"summary_large_image","twitter_creator":"@estrategiamed_","twitter_site":"@estrategiamed_","twitter_misc":{"Escrito por":"Arion Wolff","Est. tempo de leitura":"3 minutos"},"schema":{"@context":"https:\/\/schema.org","@graph":[{"@type":"WebPage","@id":"https:\/\/med.estrategia.com\/portal\/noticias\/brasil-registra-progresso-no-diagnostico-e-tratamento-da-tuberculose\/","url":"https:\/\/med.estrategia.com\/portal\/noticias\/brasil-registra-progresso-no-diagnostico-e-tratamento-da-tuberculose\/","name":"Brasil registra progresso no diagn\u00f3stico e tratamento da Tuberculose","isPartOf":{"@id":"https:\/\/med.estrategia.com\/portal\/#website"},"primaryImageOfPage":{"@id":"https:\/\/med.estrategia.com\/portal\/noticias\/brasil-registra-progresso-no-diagnostico-e-tratamento-da-tuberculose\/#primaryimage"},"image":{"@id":"https:\/\/med.estrategia.com\/portal\/noticias\/brasil-registra-progresso-no-diagnostico-e-tratamento-da-tuberculose\/#primaryimage"},"thumbnailUrl":"https:\/\/med.estrategia.com\/portal\/wp-content\/uploads\/2023\/12\/brasil-progresso-diagnostico-tuberculose.jpg","datePublished":"2023-12-18T18:01:27+00:00","dateModified":"2023-12-18T20:05:56+00:00","author":{"@id":"https:\/\/med.estrategia.com\/portal\/#\/schema\/person\/b6aba49604868a427dd15c3b1fc6a8bc"},"description":"O SUS adotou medidas inovadoras, incluindo um medicamento que reduz significativamente o tempo de tratamento da tuberculose.","breadcrumb":{"@id":"https:\/\/med.estrategia.com\/portal\/noticias\/brasil-registra-progresso-no-diagnostico-e-tratamento-da-tuberculose\/#breadcrumb"},"inLanguage":"pt-BR","potentialAction":[{"@type":"ReadAction","target":["https:\/\/med.estrategia.com\/portal\/noticias\/brasil-registra-progresso-no-diagnostico-e-tratamento-da-tuberculose\/"]}]},{"@type":"ImageObject","inLanguage":"pt-BR","@id":"https:\/\/med.estrategia.com\/portal\/noticias\/brasil-registra-progresso-no-diagnostico-e-tratamento-da-tuberculose\/#primaryimage","url":"https:\/\/med.estrategia.com\/portal\/wp-content\/uploads\/2023\/12\/brasil-progresso-diagnostico-tuberculose.jpg","contentUrl":"https:\/\/med.estrategia.com\/portal\/wp-content\/uploads\/2023\/12\/brasil-progresso-diagnostico-tuberculose.jpg","width":1280,"height":720,"caption":"Brasil registra progresso no diagn\u00f3stico e tratamento da Tuberculose"},{"@type":"BreadcrumbList","@id":"https:\/\/med.estrategia.com\/portal\/noticias\/brasil-registra-progresso-no-diagnostico-e-tratamento-da-tuberculose\/#breadcrumb","itemListElement":[{"@type":"ListItem","position":1,"name":"Home","item":"https:\/\/med.estrategia.com\/portal\/"},{"@type":"ListItem","position":2,"name":"Not\u00edcias","item":"https:\/\/med.estrategia.com\/portal\/noticias\/"},{"@type":"ListItem","position":3,"name":"Brasil registra progresso no diagn\u00f3stico e tratamento da Tuberculose"}]},{"@type":"WebSite","@id":"https:\/\/med.estrategia.com\/portal\/#website","url":"https:\/\/med.estrategia.com\/portal\/","name":"Estrat\u00e9gia MED","description":"","potentialAction":[{"@type":"SearchAction","target":{"@type":"EntryPoint","urlTemplate":"https:\/\/med.estrategia.com\/portal\/?s={search_term_string}"},"query-input":{"@type":"PropertyValueSpecification","valueRequired":true,"valueName":"search_term_string"}}],"inLanguage":"pt-BR"},{"@type":"Person","@id":"https:\/\/med.estrategia.com\/portal\/#\/schema\/person\/b6aba49604868a427dd15c3b1fc6a8bc","name":"Arion Wolff","image":{"@type":"ImageObject","inLanguage":"pt-BR","@id":"https:\/\/med.estrategia.com\/portal\/#\/schema\/person\/image\/","url":"https:\/\/med.estrategia.com\/portal\/wp-content\/uploads\/2023\/12\/arion-wolff-estrategia-med-150x150.jpg","contentUrl":"https:\/\/med.estrategia.com\/portal\/wp-content\/uploads\/2023\/12\/arion-wolff-estrategia-med-150x150.jpg","caption":"Arion Wolff"},"description":"Jornalista formado pela UNIFATEC e p\u00f3s-graduado em Jornalismo Digital pela UNINTER. Escrevo sobre medicina, resid\u00eancia m\u00e9dica e sa\u00fade. Entusiasta de filmes, livros, bons dramas e romances gen\u00e9ricos.","sameAs":["http:\/\/med.estrategia.com"],"url":"https:\/\/med.estrategia.com\/portal\/author\/arion-santos\/"}]}},"_wl_alt_label":[],"wl:entity_url":"\/post\/brasil-registra-progresso-no-diagnostico-e-tratamento-da-tuberculose","_links":{"self":[{"href":"https:\/\/med.estrategia.com\/portal\/wp-json\/wp\/v2\/posts\/54561","targetHints":{"allow":["GET"]}}],"collection":[{"href":"https:\/\/med.estrategia.com\/portal\/wp-json\/wp\/v2\/posts"}],"about":[{"href":"https:\/\/med.estrategia.com\/portal\/wp-json\/wp\/v2\/types\/post"}],"author":[{"embeddable":true,"href":"https:\/\/med.estrategia.com\/portal\/wp-json\/wp\/v2\/users\/52"}],"replies":[{"embeddable":true,"href":"https:\/\/med.estrategia.com\/portal\/wp-json\/wp\/v2\/comments?post=54561"}],"version-history":[{"count":6,"href":"https:\/\/med.estrategia.com\/portal\/wp-json\/wp\/v2\/posts\/54561\/revisions"}],"predecessor-version":[{"id":54593,"href":"https:\/\/med.estrategia.com\/portal\/wp-json\/wp\/v2\/posts\/54561\/revisions\/54593"}],"wp:featuredmedia":[{"embeddable":true,"href":"https:\/\/med.estrategia.com\/portal\/wp-json\/wp\/v2\/media\/54575"}],"wp:attachment":[{"href":"https:\/\/med.estrategia.com\/portal\/wp-json\/wp\/v2\/media?parent=54561"}],"wp:term":[{"taxonomy":"category","embeddable":true,"href":"https:\/\/med.estrategia.com\/portal\/wp-json\/wp\/v2\/categories?post=54561"},{"taxonomy":"post_tag","embeddable":true,"href":"https:\/\/med.estrategia.com\/portal\/wp-json\/wp\/v2\/tags?post=54561"},{"taxonomy":"wl_entity_type","embeddable":true,"href":"https:\/\/med.estrategia.com\/portal\/wp-json\/wp\/v2\/wl_entity_type?post=54561"}],"curies":[{"name":"wp","href":"https:\/\/api.w.org\/{rel}","templated":true}]}}