{"id":55039,"date":"2023-12-27T17:37:47","date_gmt":"2023-12-27T20:37:47","guid":{"rendered":"https:\/\/med.estrategia.com\/portal\/?p=55039"},"modified":"2023-12-28T17:33:39","modified_gmt":"2023-12-28T20:33:39","slug":"resumo-de-declaracao-de-obito-conceito-preenchimento-e-mais","status":"publish","type":"post","link":"https:\/\/med.estrategia.com\/portal\/conteudos-gratis\/procedimentos\/resumo-de-declaracao-de-obito-conceito-preenchimento-e-mais\/","title":{"rendered":"Resumo de Declara\u00e7\u00e3o de \u00d3bito: conceito, preenchimento e mais!"},"content":{"rendered":"<p><strong>Ol&aacute;, meu Doutor e minha Doutora!<\/strong> O Minist&eacute;rio da Sa&uacute;de utiliza a Declara&ccedil;&atilde;o de &Oacute;bito (DO) desde 1976, sendo esta essencial para produ&ccedil;&atilde;o das estat&iacute;sticas de mortalidade, fundamental para a an&aacute;lise de situa&ccedil;&atilde;o de sa&uacute;de, vigil&acirc;ncia, monitoramento e avalia&ccedil;&atilde;o de pol&iacute;ticas p&uacute;blicas.&nbsp;<p><strong>Vem com o Estrat&eacute;gia MED<\/strong> entender como preenchemos a Declara&ccedil;&atilde;o de &Oacute;bito e em quais condi&ccedil;&otilde;es devemos ou n&atilde;o emitir a DO. Ao final, separei uma quest&atilde;o de prova sobre o tema para respondermos juntos!&nbsp;<\/p><div id=\"ez-toc-container\" class=\"ez-toc-v2_0_79_2 counter-hierarchy ez-toc-counter ez-toc-transparent ez-toc-container-direction\">\n<div class=\"ez-toc-title-container\"><p class=\"ez-toc-title\" style=\"cursor:inherit\">Navegue pelo conte\u00fado<\/p>\n<\/div><nav><ul class='ez-toc-list ez-toc-list-level-1 ' ><li class='ez-toc-page-1 ez-toc-heading-level-2'><a class=\"ez-toc-link ez-toc-heading-1\" href=\"https:\/\/med.estrategia.com\/portal\/conteudos-gratis\/procedimentos\/resumo-de-declaracao-de-obito-conceito-preenchimento-e-mais\/#O-que-e-a-Declaracao-de-Obito\" >O que &eacute; a Declara&ccedil;&atilde;o de &Oacute;bito&nbsp;<\/a><\/li><li class='ez-toc-page-1 ez-toc-heading-level-2'><a class=\"ez-toc-link ez-toc-heading-2\" href=\"https:\/\/med.estrategia.com\/portal\/conteudos-gratis\/procedimentos\/resumo-de-declaracao-de-obito-conceito-preenchimento-e-mais\/#Informacoes-Gerais-da-Declaracao-de-Obito\" >Informa&ccedil;&otilde;es Gerais da Declara&ccedil;&atilde;o de &Oacute;bito&nbsp;<\/a><\/li><li class='ez-toc-page-1 ez-toc-heading-level-2'><a class=\"ez-toc-link ez-toc-heading-3\" href=\"https:\/\/med.estrategia.com\/portal\/conteudos-gratis\/procedimentos\/resumo-de-declaracao-de-obito-conceito-preenchimento-e-mais\/#Quando-Emitir-a-Declaracao-de-Obito\" >Quando Emitir a Declara&ccedil;&atilde;o de &Oacute;bito<\/a><\/li><li class='ez-toc-page-1 ez-toc-heading-level-2'><a class=\"ez-toc-link ez-toc-heading-4\" href=\"https:\/\/med.estrategia.com\/portal\/conteudos-gratis\/procedimentos\/resumo-de-declaracao-de-obito-conceito-preenchimento-e-mais\/#Quando-Nao-Emitir-a-Declaracao-de-Obito\" >Quando N&atilde;o Emitir a Declara&ccedil;&atilde;o de &Oacute;bito&nbsp;<\/a><\/li><li class='ez-toc-page-1 ez-toc-heading-level-2'><a class=\"ez-toc-link ez-toc-heading-5\" href=\"https:\/\/med.estrategia.com\/portal\/conteudos-gratis\/procedimentos\/resumo-de-declaracao-de-obito-conceito-preenchimento-e-mais\/#Declaracao-de-Obito-x-Certidao-de-Obito\" >Declara&ccedil;&atilde;o de &Oacute;bito x Certid&atilde;o de &Oacute;bito&nbsp;&nbsp;<\/a><\/li><li class='ez-toc-page-1 ez-toc-heading-level-2'><a class=\"ez-toc-link ez-toc-heading-6\" href=\"https:\/\/med.estrategia.com\/portal\/conteudos-gratis\/procedimentos\/resumo-de-declaracao-de-obito-conceito-preenchimento-e-mais\/#Cai-na-Prova\" >Cai na Prova&nbsp;<\/a><\/li><li class='ez-toc-page-1 ez-toc-heading-level-2'><a class=\"ez-toc-link ez-toc-heading-7\" href=\"https:\/\/med.estrategia.com\/portal\/conteudos-gratis\/procedimentos\/resumo-de-declaracao-de-obito-conceito-preenchimento-e-mais\/#Veja-tambem\" >Veja tamb&eacute;m:&nbsp;<\/a><\/li><li class='ez-toc-page-1 ez-toc-heading-level-2'><a class=\"ez-toc-link ez-toc-heading-8\" href=\"https:\/\/med.estrategia.com\/portal\/conteudos-gratis\/procedimentos\/resumo-de-declaracao-de-obito-conceito-preenchimento-e-mais\/#Referencias-Bibliograficas\" >Refer&ecirc;ncias Bibliogr&aacute;ficas&nbsp;<\/a><\/li><\/ul><\/nav><\/div>\n<h2 class=\"wp-block-heading\" id=\"h-o-que-e-a-declaracao-de-obito-nbsp\"><span class=\"ez-toc-section\" id=\"O-que-e-a-Declaracao-de-Obito\"><\/span>O que &eacute; a Declara&ccedil;&atilde;o de &Oacute;bito&nbsp;<span class=\"ez-toc-section-end\"><\/span><\/h2><p>A Declara&ccedil;&atilde;o de &Oacute;bito (DO) &eacute; o documento-padr&atilde;o do Sistema de Informa&ccedil;&atilde;o sobre Mortalidade (SIM) e de uso obrigat&oacute;rio em todo o territ&oacute;rio nacional. &Eacute; um instrumento padronizado, impresso com sequ&ecirc;ncia num&eacute;rica &uacute;nica, formando conjuntos de tr&ecirc;s vias autocopiativas, com diferentes cores (branca, amarela e rosa):&nbsp;<\/p><ul class=\"wp-block-list\">\n<li><strong>1&deg; Via &mdash; Branca<\/strong>: arquivada no estabelecimento de sa&uacute;de at&eacute; ser recolhida pela Secretaria Municipal de Sa&uacute;de ou Secretaria de Estado de Sa&uacute;de.<\/li>\n\n\n\n<li><strong>2&deg; Via &mdash; Amarela<\/strong>: entregue ao representante\/familiar da pessoa falecida, sendo utilizada para obten&ccedil;&atilde;o da Certid&atilde;o de &Oacute;bito junto ao Cart&oacute;rio de Registro Civil.<\/li>\n\n\n\n<li><strong>3&deg; Via &mdash; Rosa<\/strong>: arquivada no estabelecimento de sa&uacute;de, no prontu&aacute;rio do paciente.<\/li>\n<\/ul><figure class=\"wp-block-image\"><img decoding=\"async\" src=\"https:\/\/lh7-us.googleusercontent.com\/XuRlkBJKZ42GMH-F6Wmg2RynakOOL8GUQKl25hqZt90nhcu-uaFZuZ44ETVBqBebqCpFVqwuOGqCm0OYVY__aTuIPHnlbatSInejzasx7NAz3x1EULJAzHjm6eFU1zv0YxKBPH9J3QQhFqASRFIULnU\" alt=\"\"><\/figure><p>A vers&atilde;o atualmente em uso da DO foi atualizada pela &uacute;ltima vez em 2014, sendo composta por 59 vari&aacute;veis distribu&iacute;das em 9 blocos:<\/p><div class=\"wp-block-image\">\n<figure class=\"aligncenter\"><img decoding=\"async\" src=\"https:\/\/lh7-us.googleusercontent.com\/C9hOrHLs7ndd-nv96EN1zhiHbIErONj6egZyTNLxNpSEsDHHWb4dk4i9n2I5BSOPqmRtmEpbKueIQLkOrgNOPXYvvJsZLZXdvMxFgij7IGVY4JSbajUjekeGvUZBRBX4ITGt9dH4ApBn3uUrn15e59I\" alt=\"\"><figcaption class=\"wp-element-caption\">Organiza&ccedil;&atilde;o da Declara&ccedil;&atilde;o de &Oacute;bito. Secretaria de Vigil&acirc;ncia em Sa&uacute;de<\/figcaption><\/figure><\/div><p>\n\n<div id=\"new-form\">\n\t<form id=\"forms_layout\">\n\t<input type=\"hidden\" id=\"chave_de\" name=\"chave_de\" value=\"01_EMED_LEADS_TOTAIS\" \/>\n\t\t<input type=\"hidden\" id=\"mid\" name=\"mid\" value=\"515009018\" \/>\n\t\t<input type=\"hidden\" id=\"Objetivo\" name=\"Objetivo\" value=\"Medicina\" \/>\n\t\t<input type=\"hidden\" id=\"Estado_de_Origem_do_IP\" name=\"Estado_de_Origem_do_IP\"  value=\"\" \/>\n\t\t<input type=\"hidden\" id=\"Cidade_de_Origem_do_IP\" name=\"Cidade_de_Origem_do_IP\" value=\"\" \/>\n\t\t<input type=\"hidden\" id=\"Modo_de_entrada\" name=\"Modo_de_entrada\" value=\"Portal\" \/>\n\t\t<input type=\"hidden\" id=\"Pagina_Origem\" name=\"Pagina_Origem\" value=\"\" \/>\n\n\t\t<div class=\"texto\">\n\t\t\t<h3 class=\"news\">Inscreva-se em nossa newsletter!<\/h3>\n\t\t\t<p>Receba not\u00edcias sobre resid\u00eancia m\u00e9dica, revalida\u00e7\u00e3o de diplomas e concursos m\u00e9dicos, al\u00e9m de materiais de estudo gratuitos e informa\u00e7\u00f5es relevantes do mundo da Medicina.<\/p>\n\t\t<\/div>\n\t\t<div class=\"campos\">\n\t\t\t<div class=\"first_name labels\">\n\t\t\t\t<input type=\"text\" class=\"input_labels\" id=\"first_name\" name=\"Nome_Completo\" placeholder=\"Nome\" required \/>\n\t\t\t<\/div>\n\t\t\t<div class=\"email labels\">\n\t\t\t\t<input type=\"email\" class=\"input_labels\" id=\"email\" name=\"Email\" placeholder=\"E-mail\" required \/>\n\t\t\t<\/div>\n\t\t\t<button type=\"submit\" class=\"button_layout\">\n\t\t\t\t<div id=\"lblBotao\">Inscreva-se<\/div>\n\t\t\t\t<span id=\"divSpiner\" class=\"loader\" role=\"status\" style=\"display: none;\"><\/span>\t\n\t\t\t<\/button>\n\t\t<\/div><!-- \/campos -->\n\t\t\n\t\t<label class=\"container_checkbox\">Voc\u00ea concorda com a nossa\n\t\t\t<a class=\"politics_privacy_ahref\" target=\"_blank\" href=\"https:\/\/gratis.estrategiaconcursos.com.br\/politica-de-privacidade\/\">Pol\u00edtica de Privacidade<\/a> e aceita receber informa\u00e7\u00f5es adicionais do Estrat\u00e9gia Educacional.\n\t\t\t<input id=\"checkbox_layout\" type=\"checkbox\" checked=\"checked\" required \/>\n\t\t\t<span class=\"checkbox\"><\/span>\n\t\t<\/label>\n\t\t<div id=\"msg\"><\/div>\n\t\t<div id=\"error\" class=\"error\">\n\t\t<\/div>\n\t<\/form>\n<\/div><!-- \/new-form -->\n\n\n\n<\/p><h2 class=\"wp-block-heading\" id=\"h-informacoes-gerais-da-declaracao-de-obito-nbsp\"><span class=\"ez-toc-section\" id=\"Informacoes-Gerais-da-Declaracao-de-Obito\"><\/span>Informa&ccedil;&otilde;es Gerais da Declara&ccedil;&atilde;o de &Oacute;bito&nbsp;<span class=\"ez-toc-section-end\"><\/span><\/h2><ul class=\"wp-block-list\">\n<li>O m&eacute;dico &eacute; o &uacute;nico profissional que pode preencher a declara&ccedil;&atilde;o de &oacute;bito;<\/li>\n<\/ul><ul class=\"wp-block-list\">\n<li>&Eacute; vedada a distribui&ccedil;&atilde;o da Declara&ccedil;&atilde;o de &Oacute;bito para as empresas funer&aacute;rias;<\/li>\n<\/ul><ul class=\"wp-block-list\">\n<li><strong>O m&eacute;dico<\/strong> <strong>n&atilde;o pode cobrar para emitir uma declara&ccedil;&atilde;o de &oacute;bito<\/strong>. Ele pode cobrar para examinar e constatar um &oacute;bito caso se trate de um paciente particular a quem n&atilde;o prestava assist&ecirc;ncia;&nbsp;<\/li>\n<\/ul><ul class=\"wp-block-list\">\n<li>O m&eacute;dico n&atilde;o est&aacute; autorizado a atestar um &oacute;bito sem que o tenha verificado pessoalmente;&nbsp;<\/li>\n<\/ul><ul class=\"wp-block-list\">\n<li><strong>O m&eacute;dico<\/strong> <strong>nunca deve assinar uma DO em branco<\/strong> e, antes de assinar, sempre verificar se todos os campos foram corretamente preenchidos;<\/li>\n<\/ul><ul class=\"wp-block-list\">\n<li>O m&eacute;dico deve preencher o documento<strong> de forma leg&iacute;vel<\/strong>. N&atilde;o pode haver rasuras ou emendas. Caso haja alguma rasura, o correto &eacute; repetir o dado de forma leg&iacute;vel e assinar ao lado da ressalva. Quando isso n&atilde;o for poss&iacute;vel, devemos anular a DO e encaminhar para a Secretaria Municipal de Sa&uacute;de. <strong>N&atilde;o devemos jogar fora a DO<\/strong>; e<\/li>\n<\/ul><ul class=\"wp-block-list\">\n<li><strong>N&atilde;o devemos deixar campos em branco<\/strong> (sem preencher). Quando uma informa&ccedil;&atilde;o n&atilde;o for conhecida, devemos assinalar a op&ccedil;&atilde;o Ignorado ou realizar um tra&ccedil;o na impossibilidade de conseguirmos as informa&ccedil;&otilde;es, ou se n&atilde;o se aplicar a aquele caso.<\/li>\n<\/ul><h2 class=\"wp-block-heading\" id=\"h-quando-emitir-a-declaracao-de-obito\"><span class=\"ez-toc-section\" id=\"Quando-Emitir-a-Declaracao-de-Obito\"><\/span>Quando Emitir a Declara&ccedil;&atilde;o de &Oacute;bito<span class=\"ez-toc-section-end\"><\/span><\/h2><p>O m&eacute;dico deve emitir a DO nas seguintes situa&ccedil;&otilde;es:&nbsp;<\/p><ul class=\"wp-block-list\">\n<li>Em todo &oacute;bito por causa natural ou por causa acidental e\/ou violenta;<\/li>\n<\/ul><ul class=\"wp-block-list\" start=\"2\">\n<li>No &oacute;bito fetal, se a gesta&ccedil;&atilde;o tiver dura&ccedil;&atilde;o igual ou superior a 20 semanas ou o feto teve peso corporal igual ou superior a 500 gramas e\/ou estatura igual ou superior a 25 cent&iacute;metros; e<\/li>\n<\/ul><ul class=\"wp-block-list\">\n<li>No &oacute;bito n&atilde;o fetal, quando a crian&ccedil;a nascer viva e morrer logo ap&oacute;s o nascimento, independentemente da dura&ccedil;&atilde;o da gesta&ccedil;&atilde;o, do peso do rec&eacute;m-nascido e do tempo que tenha permanecido vivo.<\/li>\n<\/ul><h2 class=\"wp-block-heading\" id=\"h-quando-nao-emitir-a-declaracao-de-obito-nbsp\"><span class=\"ez-toc-section\" id=\"Quando-Nao-Emitir-a-Declaracao-de-Obito\"><\/span>Quando N&atilde;o Emitir a Declara&ccedil;&atilde;o de &Oacute;bito&nbsp;<span class=\"ez-toc-section-end\"><\/span><\/h2><p>N&atilde;o devemos emitir a DO nas seguintes condi&ccedil;&otilde;es:<\/p><ul class=\"wp-block-list\">\n<li>&Oacute;bito fetal, se a gesta&ccedil;&atilde;o teve dura&ccedil;&atilde;o menor que 20 semanas <strong>E<\/strong> se o feto tiver peso corporal menor que 500 g <strong>E<\/strong> estatura menor que 25 cm. (Se a fam&iacute;lia requerer a DO, ser&aacute; facultada ao m&eacute;dico a emiss&atilde;o do documento para fins de sepultamento. Devemos registrar os dados dessa DO no SIM).&nbsp;&nbsp;<\/li>\n<\/ul><ul class=\"wp-block-list\">\n<li>Para pe&ccedil;as anat&ocirc;micas removidas por ato cir&uacute;rgico ou de membros amputados.<\/li>\n<\/ul><h2 class=\"wp-block-heading\" id=\"h-declaracao-de-obito-x-certidao-de-obito-nbsp-nbsp\"><span class=\"ez-toc-section\" id=\"Declaracao-de-Obito-x-Certidao-de-Obito\"><\/span>Declara&ccedil;&atilde;o de &Oacute;bito x Certid&atilde;o de &Oacute;bito&nbsp;&nbsp;<span class=\"ez-toc-section-end\"><\/span><\/h2><p>A declara&ccedil;&atilde;o de &oacute;bito &eacute; o documento que os m&eacute;dicos preenchem quando h&aacute; um &oacute;bito. <strong>J&aacute;<\/strong> <strong>a certid&atilde;o de &oacute;bito &eacute; um documento emitido pelo cart&oacute;rio de registro civil e &eacute; imprescind&iacute;vel para o sepultamento<\/strong>, seja em cemit&eacute;rio particular ou p&uacute;blico. Para que o cart&oacute;rio de registro civil emita a certid&atilde;o de &oacute;bito &eacute; necess&aacute;rio que um familiar do indiv&iacute;duo que faleceu leve a declara&ccedil;&atilde;o de &oacute;bito.&nbsp;<\/p><h2 class=\"wp-block-heading\" id=\"h-cai-na-prova-nbsp\"><span class=\"ez-toc-section\" id=\"Cai-na-Prova\"><\/span>Cai na Prova&nbsp;<span class=\"ez-toc-section-end\"><\/span><\/h2><p>Acompanhe comigo uma quest&atilde;o sobre a Declara&ccedil;&atilde;o de &Oacute;bito <strong>(dispon&iacute;vel no Banco de Quest&otilde;es do Estrat&eacute;gia MED):&nbsp;<\/strong><\/p><p><em>De acordo com a Publica&ccedil;&atilde;o do Minist&eacute;rio da Sa&uacute;de intitulada Declara&ccedil;&atilde;o de &Oacute;bito: Manual de Instru&ccedil;&otilde;es para Preenchimento (2022), a Declara&ccedil;&atilde;o de &Oacute;bito &eacute; um instrumento padronizado, impresso com sequ&ecirc;ncia num&eacute;rica &uacute;nica, formando conjuntos de tr&ecirc;s vias autocopiativas, com diferentes cores. A via amarela deve ser:<\/em><\/p><p><em>A. arquivada no estabelecimento de sa&uacute;de at&eacute; ser recolhida pela Secretaria Municipal de Sa&uacute;de.<\/em><\/p><p><em>B. utilizada para obten&ccedil;&atilde;o da Certid&atilde;o de &Oacute;bito junto ao Cart&oacute;rio de Registro Civil.&nbsp;<\/em><\/p><p><em>C. arquivada no prontu&aacute;rio do paciente, que fica no estabelecimento de sa&uacute;de.&nbsp;<\/em><\/p><p><em>D. utilizada pelo pesquisador universit&aacute;rio ou da pr&oacute;pria Secretaria Municipal de Sa&uacute;de para fins acad&ecirc;micos.<\/em><\/p><p><strong>Coment&aacute;rio da Equipe EMED: <\/strong>A segunda via da DO, a via amarela, &eacute; destinada aos familiares, que ir&atilde;o levar esse documento ao Cart&oacute;rio de Registro Civil, para darem prosseguimento aos tr&acirc;mites do sepultamento do indiv&iacute;duo e outros procedimentos legais indispens&aacute;veis ap&oacute;s sua morte<strong>. Portanto, alternativa B.<\/strong><\/p><p>Venha fazer parte da <strong>maior plataforma de Medicina do Brasil<\/strong>! O Estrategia MED possui os materiais mais atualizados e cursos ministrados por especialistas na &aacute;rea. <strong>N&atilde;o perca a oportunidade de elevar seus estudos,<\/strong> <strong>inscreva-se agora<\/strong> e comece a construir um caminho de excel&ecirc;ncia na medicina!&nbsp;<\/p><p><strong><a id=\"cta\" class=\"cta-imagem\" href=\"https:\/\/med.estrategia.com\/cursos\/extensivo-de-residncia-mdica\/\" target=\"blank\">\n                <img decoding=\"async\" width=\"100%\" src=\"https:\/\/med.estrategia.com\/portal\/wp-content\/uploads\/2025\/08\/extensivo_rm.jpg\" alt=\"Extensivo RM\" title=\"extensivo_rm\">\n        <\/a><\/strong><\/p><h2 class=\"wp-block-heading\" id=\"h-veja-tambem-nbsp\"><span class=\"ez-toc-section\" id=\"Veja-tambem\"><\/span>Veja tamb&eacute;m:&nbsp;<span class=\"ez-toc-section-end\"><\/span><\/h2><ul class=\"wp-block-list\">\n<li><a href=\"https:\/\/med.estrategia.com\/portal\/conteudos-gratis\/resumo-sobre-niveis-de-prevencao-indicacoes-farmacologia-e-mais\/\">Resumo sobre n&iacute;veis de preven&ccedil;&atilde;o em sa&uacute;de: tipos, a&ccedil;&otilde;es e mais!<\/a><\/li>\n\n\n\n<li><a href=\"https:\/\/med.estrategia.com\/portal\/conteudos-gratis\/resumo-de-estudos-epidemiologicos-transversal-coorte-ensaios-clinicos-e-mais\/\">Resumo de estudos epidemiol&oacute;gicos: transversal, coorte, ensaios cl&iacute;nicos e mais!<\/a>&nbsp;<\/li>\n\n\n\n<li><a href=\"https:\/\/med.estrategia.com\/portal\/conteudos-gratis\/resumo-de-teste-de-hipotese-definicao-tipos-de-erros-valor-p-e-mais\/\">Resumo de teste de hip&oacute;tese: defini&ccedil;&atilde;o, tipos de erros, valor-p e mais!<\/a><\/li>\n\n\n\n<li><a href=\"https:\/\/med.estrategia.com\/portal\/conteudos-gratis\/resumo-de-medidas-de-associacao-risco-relativo-razao-de-prevalencia-e-mais\/\">Resumo de medidas de associa&ccedil;&atilde;o: risco relativo, raz&atilde;o de preval&ecirc;ncia e mais!<\/a><\/li>\n\n\n\n<li><a href=\"https:\/\/med.estrategia.com\/portal\/conteudos-gratis\/resumo-dos-marcos-legais-do-sus-constituicao-lei-8-080-lei-8-184-e-mais\/\">Resumo dos marcos legais do SUS: constitui&ccedil;&atilde;o, Lei 8.080, Lei 8.184 e mais!<\/a><\/li>\n\n\n\n<li><a href=\"https:\/\/med.estrategia.com\/portal\/profissoes-da-medicina\/medicina-preventiva-e-social\/\">Medicina Preventiva e Social: o que &eacute;, &aacute;reas de atua&ccedil;&atilde;o, resid&ecirc;ncia e mais<\/a><\/li>\n\n\n\n<li><a href=\"https:\/\/med.estrategia.com\/portal\/aluno-de-medicina\/resumed-indicadores-de-mortalidade\/\">Resumo de indicadores de mortalidade o que s&atilde;o e como funcionam<\/a><\/li>\n\n\n\n<li><a href=\"https:\/\/med.estrategia.com\/portal\/conteudos-gratis\/resumed\/resumed-de-financiamento-em-saude\/\">ResuMED de financiamento em sa&uacute;de: medicina preventiva e mais<\/a><\/li>\n\n\n\n<li><a href=\"https:\/\/med.estrategia.com\/portal\/conteudos-gratis\/resumed\/vigilancia-em-saude\/\">ResuMED de vigil&acirc;ncia em sa&uacute;de: epidemiol&oacute;gica, sanit&aacute;ria e mais<\/a><\/li>\n\n\n\n<li><a href=\"https:\/\/med.estrategia.com\/portal\/conteudos-gratis\/resumed\/resumed-de-medicina-de-familia-e-comunidade\/\">ResuMED de medicina de fam&iacute;lia e comunidade<\/a><\/li>\n\n\n\n<li><a href=\"https:\/\/med.estrategia.com\/portal\/residencia-medica\/especialidades\/medicina-preventiva-e-social\/\">Resid&ecirc;ncia M&eacute;dica em Medicina Preventiva e Social: rotina, remunera&ccedil;&atilde;o, estudos e mais<\/a><\/li>\n<\/ul><h2 class=\"wp-block-heading\" id=\"h-referencias-bibliograficas-nbsp\"><span class=\"ez-toc-section\" id=\"Referencias-Bibliograficas\"><\/span>Refer&ecirc;ncias Bibliogr&aacute;ficas&nbsp;<span class=\"ez-toc-section-end\"><\/span><\/h2><p><strong>Declara&ccedil;&atilde;o de &Oacute;bito: manual de instru&ccedil;&otilde;es para preenchimento<\/strong>. Minist&eacute;rio da Sa&uacute;de, Secretaria de Vigil&acirc;ncia em Sa&uacute;de, Departamento de An&aacute;lise de Sa&uacute;de e Vigil&acirc;ncia de Doen&ccedil;as n&atilde;o Transmiss&iacute;veis. &ndash; Bras&iacute;lia: Minist&eacute;rio da Sa&uacute;de, 2022.<\/p><\/p>\n","protected":false},"excerpt":{"rendered":"Ol&aacute;, meu Doutor e minha Doutora! O Minist&eacute;rio da Sa&uacute;de utiliza a Declara&ccedil;&atilde;o de &Oacute;bito (DO) desde 1976,&hellip;\n","protected":false},"author":46,"featured_media":55048,"comment_status":"closed","ping_status":"closed","sticky":false,"template":"","format":"standard","meta":{"wl_entities_gutenberg":"","footnotes":""},"categories":[311],"tags":[712,711,229],"wl_entity_type":[199],"class_list":{"0":"post-55039","1":"post","2":"type-post","3":"status-publish","4":"format-standard","5":"has-post-thumbnail","7":"category-procedimentos","8":"tag-declaracao-de-obito","9":"tag-informacao-em-saude-2","10":"tag-medicina-preventiva","11":"wl_entity_type-article"},"acf":[],"yoast_head":"<!-- This site is optimized with the Yoast SEO Premium plugin v26.6 (Yoast SEO v26.6) - https:\/\/yoast.com\/wordpress\/plugins\/seo\/ -->\n<title>Resumo de Declara\u00e7\u00e3o de \u00d3bito: conceito, preenchimento e mais!<\/title>\n<meta name=\"description\" content=\"A vers\u00e3o atualmente em uso da DO foi atualizada, pela \u00faltima vez, em 2014, sendo composta por 59 vari\u00e1veis distribu\u00eddas em 9 blocos:\" \/>\n<meta name=\"robots\" content=\"index, follow, max-snippet:-1, max-image-preview:large, max-video-preview:-1\" \/>\n<link rel=\"canonical\" href=\"https:\/\/med.estrategia.com\/portal\/conteudos-gratis\/procedimentos\/resumo-de-declaracao-de-obito-conceito-preenchimento-e-mais\/\" \/>\n<meta property=\"og:locale\" content=\"pt_BR\" \/>\n<meta property=\"og:type\" content=\"article\" \/>\n<meta property=\"og:title\" content=\"Resumo de Declara\u00e7\u00e3o de \u00d3bito: conceito, preenchimento e mais!\" \/>\n<meta property=\"og:description\" content=\"A vers\u00e3o atualmente em uso da DO foi atualizada, pela \u00faltima vez, em 2014, sendo composta por 59 vari\u00e1veis distribu\u00eddas em 9 blocos:\" \/>\n<meta property=\"og:url\" content=\"https:\/\/med.estrategia.com\/portal\/conteudos-gratis\/procedimentos\/resumo-de-declaracao-de-obito-conceito-preenchimento-e-mais\/\" \/>\n<meta property=\"og:site_name\" content=\"Estrat\u00e9gia MED\" \/>\n<meta property=\"article:publisher\" content=\"https:\/\/www.facebook.com\/estrategiamed1\" \/>\n<meta property=\"article:published_time\" content=\"2023-12-27T20:37:47+00:00\" \/>\n<meta property=\"article:modified_time\" content=\"2023-12-28T20:33:39+00:00\" \/>\n<meta property=\"og:image\" content=\"https:\/\/med.estrategia.com\/portal\/wp-content\/uploads\/2023\/12\/1-2.jpg\" \/>\n\t<meta property=\"og:image:width\" content=\"1037\" \/>\n\t<meta property=\"og:image:height\" content=\"479\" \/>\n\t<meta property=\"og:image:type\" content=\"image\/jpeg\" \/>\n<meta name=\"author\" content=\"Pablo Fernandes\" \/>\n<meta name=\"twitter:card\" content=\"summary_large_image\" \/>\n<meta name=\"twitter:creator\" content=\"@estrategiamed_\" \/>\n<meta name=\"twitter:site\" content=\"@estrategiamed_\" \/>\n<meta name=\"twitter:label1\" content=\"Escrito por\" \/>\n\t<meta name=\"twitter:data1\" content=\"Pablo Fernandes\" \/>\n\t<meta name=\"twitter:label2\" content=\"Est. tempo de leitura\" \/>\n\t<meta name=\"twitter:data2\" content=\"6 minutos\" \/>\n<script type=\"application\/ld+json\" class=\"yoast-schema-graph\">{\"@context\":\"https:\/\/schema.org\",\"@graph\":[{\"@type\":\"WebPage\",\"@id\":\"https:\/\/med.estrategia.com\/portal\/conteudos-gratis\/procedimentos\/resumo-de-declaracao-de-obito-conceito-preenchimento-e-mais\/\",\"url\":\"https:\/\/med.estrategia.com\/portal\/conteudos-gratis\/procedimentos\/resumo-de-declaracao-de-obito-conceito-preenchimento-e-mais\/\",\"name\":\"Resumo de Declara\u00e7\u00e3o de \u00d3bito: conceito, preenchimento e mais!\",\"isPartOf\":{\"@id\":\"https:\/\/med.estrategia.com\/portal\/#website\"},\"primaryImageOfPage\":{\"@id\":\"https:\/\/med.estrategia.com\/portal\/conteudos-gratis\/procedimentos\/resumo-de-declaracao-de-obito-conceito-preenchimento-e-mais\/#primaryimage\"},\"image\":{\"@id\":\"https:\/\/med.estrategia.com\/portal\/conteudos-gratis\/procedimentos\/resumo-de-declaracao-de-obito-conceito-preenchimento-e-mais\/#primaryimage\"},\"thumbnailUrl\":\"https:\/\/med.estrategia.com\/portal\/wp-content\/uploads\/2023\/12\/1-2.jpg\",\"datePublished\":\"2023-12-27T20:37:47+00:00\",\"dateModified\":\"2023-12-28T20:33:39+00:00\",\"author\":{\"@id\":\"https:\/\/med.estrategia.com\/portal\/#\/schema\/person\/67a72aa9c51ed5919796767d808606b4\"},\"description\":\"A vers\u00e3o atualmente em uso da DO foi atualizada, pela \u00faltima vez, em 2014, sendo composta por 59 vari\u00e1veis distribu\u00eddas em 9 blocos:\",\"breadcrumb\":{\"@id\":\"https:\/\/med.estrategia.com\/portal\/conteudos-gratis\/procedimentos\/resumo-de-declaracao-de-obito-conceito-preenchimento-e-mais\/#breadcrumb\"},\"inLanguage\":\"pt-BR\",\"potentialAction\":[{\"@type\":\"ReadAction\",\"target\":[\"https:\/\/med.estrategia.com\/portal\/conteudos-gratis\/procedimentos\/resumo-de-declaracao-de-obito-conceito-preenchimento-e-mais\/\"]}]},{\"@type\":\"ImageObject\",\"inLanguage\":\"pt-BR\",\"@id\":\"https:\/\/med.estrategia.com\/portal\/conteudos-gratis\/procedimentos\/resumo-de-declaracao-de-obito-conceito-preenchimento-e-mais\/#primaryimage\",\"url\":\"https:\/\/med.estrategia.com\/portal\/wp-content\/uploads\/2023\/12\/1-2.jpg\",\"contentUrl\":\"https:\/\/med.estrategia.com\/portal\/wp-content\/uploads\/2023\/12\/1-2.jpg\",\"width\":1037,\"height\":479},{\"@type\":\"BreadcrumbList\",\"@id\":\"https:\/\/med.estrategia.com\/portal\/conteudos-gratis\/procedimentos\/resumo-de-declaracao-de-obito-conceito-preenchimento-e-mais\/#breadcrumb\",\"itemListElement\":[{\"@type\":\"ListItem\",\"position\":1,\"name\":\"Home\",\"item\":\"https:\/\/med.estrategia.com\/portal\/\"},{\"@type\":\"ListItem\",\"position\":2,\"name\":\"Conte\u00fados Gr\u00e1tis\",\"item\":\"https:\/\/med.estrategia.com\/portal\/conteudos-gratis\/\"},{\"@type\":\"ListItem\",\"position\":3,\"name\":\"Procedimentos\",\"item\":\"https:\/\/med.estrategia.com\/portal\/conteudos-gratis\/procedimentos\/\"},{\"@type\":\"ListItem\",\"position\":4,\"name\":\"Resumo de Declara\u00e7\u00e3o de \u00d3bito: conceito, preenchimento e mais!\"}]},{\"@type\":\"WebSite\",\"@id\":\"https:\/\/med.estrategia.com\/portal\/#website\",\"url\":\"https:\/\/med.estrategia.com\/portal\/\",\"name\":\"Estrat\u00e9gia MED\",\"description\":\"\",\"potentialAction\":[{\"@type\":\"SearchAction\",\"target\":{\"@type\":\"EntryPoint\",\"urlTemplate\":\"https:\/\/med.estrategia.com\/portal\/?s={search_term_string}\"},\"query-input\":{\"@type\":\"PropertyValueSpecification\",\"valueRequired\":true,\"valueName\":\"search_term_string\"}}],\"inLanguage\":\"pt-BR\"},{\"@type\":\"Person\",\"@id\":\"https:\/\/med.estrategia.com\/portal\/#\/schema\/person\/67a72aa9c51ed5919796767d808606b4\",\"name\":\"Pablo Fernandes\",\"image\":{\"@type\":\"ImageObject\",\"inLanguage\":\"pt-BR\",\"@id\":\"https:\/\/med.estrategia.com\/portal\/#\/schema\/person\/image\/\",\"url\":\"https:\/\/med.estrategia.com\/portal\/wp-content\/uploads\/2025\/07\/DSC_0059-1-150x150.jpg\",\"contentUrl\":\"https:\/\/med.estrategia.com\/portal\/wp-content\/uploads\/2025\/07\/DSC_0059-1-150x150.jpg\",\"caption\":\"Pablo Fernandes\"},\"description\":\"R1 em Medicina de Fam\u00edlia e Comunidade, mineiro e apaixonado por Jesus.\",\"sameAs\":[\"https:\/\/www.instagram.com\/pablowiil\/\"],\"url\":\"https:\/\/med.estrategia.com\/portal\/author\/pablo-souza\/\"}]}<\/script>\n<!-- \/ Yoast SEO Premium plugin. -->","yoast_head_json":{"title":"Resumo de Declara\u00e7\u00e3o de \u00d3bito: conceito, preenchimento e mais!","description":"A vers\u00e3o atualmente em uso da DO foi atualizada, pela \u00faltima vez, em 2014, sendo composta por 59 vari\u00e1veis distribu\u00eddas em 9 blocos:","robots":{"index":"index","follow":"follow","max-snippet":"max-snippet:-1","max-image-preview":"max-image-preview:large","max-video-preview":"max-video-preview:-1"},"canonical":"https:\/\/med.estrategia.com\/portal\/conteudos-gratis\/procedimentos\/resumo-de-declaracao-de-obito-conceito-preenchimento-e-mais\/","og_locale":"pt_BR","og_type":"article","og_title":"Resumo de Declara\u00e7\u00e3o de \u00d3bito: conceito, preenchimento e mais!","og_description":"A vers\u00e3o atualmente em uso da DO foi atualizada, pela \u00faltima vez, em 2014, sendo composta por 59 vari\u00e1veis distribu\u00eddas em 9 blocos:","og_url":"https:\/\/med.estrategia.com\/portal\/conteudos-gratis\/procedimentos\/resumo-de-declaracao-de-obito-conceito-preenchimento-e-mais\/","og_site_name":"Estrat\u00e9gia MED","article_publisher":"https:\/\/www.facebook.com\/estrategiamed1","article_published_time":"2023-12-27T20:37:47+00:00","article_modified_time":"2023-12-28T20:33:39+00:00","og_image":[{"width":1037,"height":479,"url":"https:\/\/med.estrategia.com\/portal\/wp-content\/uploads\/2023\/12\/1-2.jpg","type":"image\/jpeg"}],"author":"Pablo Fernandes","twitter_card":"summary_large_image","twitter_creator":"@estrategiamed_","twitter_site":"@estrategiamed_","twitter_misc":{"Escrito por":"Pablo Fernandes","Est. tempo de leitura":"6 minutos"},"schema":{"@context":"https:\/\/schema.org","@graph":[{"@type":"WebPage","@id":"https:\/\/med.estrategia.com\/portal\/conteudos-gratis\/procedimentos\/resumo-de-declaracao-de-obito-conceito-preenchimento-e-mais\/","url":"https:\/\/med.estrategia.com\/portal\/conteudos-gratis\/procedimentos\/resumo-de-declaracao-de-obito-conceito-preenchimento-e-mais\/","name":"Resumo de Declara\u00e7\u00e3o de \u00d3bito: conceito, preenchimento e mais!","isPartOf":{"@id":"https:\/\/med.estrategia.com\/portal\/#website"},"primaryImageOfPage":{"@id":"https:\/\/med.estrategia.com\/portal\/conteudos-gratis\/procedimentos\/resumo-de-declaracao-de-obito-conceito-preenchimento-e-mais\/#primaryimage"},"image":{"@id":"https:\/\/med.estrategia.com\/portal\/conteudos-gratis\/procedimentos\/resumo-de-declaracao-de-obito-conceito-preenchimento-e-mais\/#primaryimage"},"thumbnailUrl":"https:\/\/med.estrategia.com\/portal\/wp-content\/uploads\/2023\/12\/1-2.jpg","datePublished":"2023-12-27T20:37:47+00:00","dateModified":"2023-12-28T20:33:39+00:00","author":{"@id":"https:\/\/med.estrategia.com\/portal\/#\/schema\/person\/67a72aa9c51ed5919796767d808606b4"},"description":"A vers\u00e3o atualmente em uso da DO foi atualizada, pela \u00faltima vez, em 2014, sendo composta por 59 vari\u00e1veis distribu\u00eddas em 9 blocos:","breadcrumb":{"@id":"https:\/\/med.estrategia.com\/portal\/conteudos-gratis\/procedimentos\/resumo-de-declaracao-de-obito-conceito-preenchimento-e-mais\/#breadcrumb"},"inLanguage":"pt-BR","potentialAction":[{"@type":"ReadAction","target":["https:\/\/med.estrategia.com\/portal\/conteudos-gratis\/procedimentos\/resumo-de-declaracao-de-obito-conceito-preenchimento-e-mais\/"]}]},{"@type":"ImageObject","inLanguage":"pt-BR","@id":"https:\/\/med.estrategia.com\/portal\/conteudos-gratis\/procedimentos\/resumo-de-declaracao-de-obito-conceito-preenchimento-e-mais\/#primaryimage","url":"https:\/\/med.estrategia.com\/portal\/wp-content\/uploads\/2023\/12\/1-2.jpg","contentUrl":"https:\/\/med.estrategia.com\/portal\/wp-content\/uploads\/2023\/12\/1-2.jpg","width":1037,"height":479},{"@type":"BreadcrumbList","@id":"https:\/\/med.estrategia.com\/portal\/conteudos-gratis\/procedimentos\/resumo-de-declaracao-de-obito-conceito-preenchimento-e-mais\/#breadcrumb","itemListElement":[{"@type":"ListItem","position":1,"name":"Home","item":"https:\/\/med.estrategia.com\/portal\/"},{"@type":"ListItem","position":2,"name":"Conte\u00fados Gr\u00e1tis","item":"https:\/\/med.estrategia.com\/portal\/conteudos-gratis\/"},{"@type":"ListItem","position":3,"name":"Procedimentos","item":"https:\/\/med.estrategia.com\/portal\/conteudos-gratis\/procedimentos\/"},{"@type":"ListItem","position":4,"name":"Resumo de Declara\u00e7\u00e3o de \u00d3bito: conceito, preenchimento e mais!"}]},{"@type":"WebSite","@id":"https:\/\/med.estrategia.com\/portal\/#website","url":"https:\/\/med.estrategia.com\/portal\/","name":"Estrat\u00e9gia MED","description":"","potentialAction":[{"@type":"SearchAction","target":{"@type":"EntryPoint","urlTemplate":"https:\/\/med.estrategia.com\/portal\/?s={search_term_string}"},"query-input":{"@type":"PropertyValueSpecification","valueRequired":true,"valueName":"search_term_string"}}],"inLanguage":"pt-BR"},{"@type":"Person","@id":"https:\/\/med.estrategia.com\/portal\/#\/schema\/person\/67a72aa9c51ed5919796767d808606b4","name":"Pablo Fernandes","image":{"@type":"ImageObject","inLanguage":"pt-BR","@id":"https:\/\/med.estrategia.com\/portal\/#\/schema\/person\/image\/","url":"https:\/\/med.estrategia.com\/portal\/wp-content\/uploads\/2025\/07\/DSC_0059-1-150x150.jpg","contentUrl":"https:\/\/med.estrategia.com\/portal\/wp-content\/uploads\/2025\/07\/DSC_0059-1-150x150.jpg","caption":"Pablo Fernandes"},"description":"R1 em Medicina de Fam\u00edlia e Comunidade, mineiro e apaixonado por Jesus.","sameAs":["https:\/\/www.instagram.com\/pablowiil\/"],"url":"https:\/\/med.estrategia.com\/portal\/author\/pablo-souza\/"}]}},"_wl_alt_label":[],"wl:entity_url":"\/post\/resumo-de-declaracao-de-obito-conceito-preenchimento-e-mais","_links":{"self":[{"href":"https:\/\/med.estrategia.com\/portal\/wp-json\/wp\/v2\/posts\/55039","targetHints":{"allow":["GET"]}}],"collection":[{"href":"https:\/\/med.estrategia.com\/portal\/wp-json\/wp\/v2\/posts"}],"about":[{"href":"https:\/\/med.estrategia.com\/portal\/wp-json\/wp\/v2\/types\/post"}],"author":[{"embeddable":true,"href":"https:\/\/med.estrategia.com\/portal\/wp-json\/wp\/v2\/users\/46"}],"replies":[{"embeddable":true,"href":"https:\/\/med.estrategia.com\/portal\/wp-json\/wp\/v2\/comments?post=55039"}],"version-history":[{"count":12,"href":"https:\/\/med.estrategia.com\/portal\/wp-json\/wp\/v2\/posts\/55039\/revisions"}],"predecessor-version":[{"id":55125,"href":"https:\/\/med.estrategia.com\/portal\/wp-json\/wp\/v2\/posts\/55039\/revisions\/55125"}],"wp:featuredmedia":[{"embeddable":true,"href":"https:\/\/med.estrategia.com\/portal\/wp-json\/wp\/v2\/media\/55048"}],"wp:attachment":[{"href":"https:\/\/med.estrategia.com\/portal\/wp-json\/wp\/v2\/media?parent=55039"}],"wp:term":[{"taxonomy":"category","embeddable":true,"href":"https:\/\/med.estrategia.com\/portal\/wp-json\/wp\/v2\/categories?post=55039"},{"taxonomy":"post_tag","embeddable":true,"href":"https:\/\/med.estrategia.com\/portal\/wp-json\/wp\/v2\/tags?post=55039"},{"taxonomy":"wl_entity_type","embeddable":true,"href":"https:\/\/med.estrategia.com\/portal\/wp-json\/wp\/v2\/wl_entity_type?post=55039"}],"curies":[{"name":"wp","href":"https:\/\/api.w.org\/{rel}","templated":true}]}}