{"id":55620,"date":"2024-01-09T17:02:59","date_gmt":"2024-01-09T20:02:59","guid":{"rendered":"https:\/\/med.estrategia.com\/portal\/?p=55620"},"modified":"2024-05-08T15:07:44","modified_gmt":"2024-05-08T18:07:44","slug":"cremeb-abre-concurso-publico-para-medico-fiscal","status":"publish","type":"post","link":"https:\/\/med.estrategia.com\/portal\/concursos\/cremeb-abre-concurso-publico-para-medico-fiscal\/","title":{"rendered":"CREMEB abre concurso p\u00fablico para m\u00e9dico fiscal"},"content":{"rendered":"<p>O <strong>Conselho Regional de Medicina do Estado da Bahia (CREMEB)<\/strong> publicou o edital do <strong>concurso p&uacute;blico com 220 vagas<\/strong> para forma&ccedil;&atilde;o de cadastro reserva para o cargo de m&eacute;dico fiscal.&nbsp;&nbsp;&nbsp;<p>As <strong>inscri&ccedil;&otilde;es abriram hoje (09)<\/strong> e seguem dispon&iacute;veis aos candidatos interessados at&eacute; o <strong>dia 7 de mar&ccedil;o de 2024<\/strong>, por meio do site da banca organizadora,<a href=\"https:\/\/concursos.access.org.br\/informacoes\/107\/\" target=\"_blank\"> Instituto Access<\/a>. A taxa de inscri&ccedil;&atilde;o &eacute; de R$95,00.<\/p><p>A remunera&ccedil;&atilde;o inicial para o cargo &eacute; de <strong>R$7.238,64 para uma jornada de 20 horas<\/strong> semanais.<\/p><p>O candidato precisa possuir diploma, devidamente registrado, de conclus&atilde;o de curso de n&iacute;vel superior em Medicina, fornecido por institui&ccedil;&atilde;o de ensino superior reconhecida pelo Minist&eacute;rio da Educa&ccedil;&atilde;o; registro profissional ativo no Conselho Regional de Medicina e Certid&atilde;o &Eacute;tico-Profissional em plena validade (a ser obtida via internet no portal do CREMEB &ndash;<a href=\"http:\/\/www.cremeb.org.br\/\" target=\"_blank\"> www.cremeb.org.br<\/a>).<\/p><p>O edital passou por uma retifica&ccedil;&atilde;o devido ao fato das provas terem sido anuladas por causa de uma falha operacional na distribui&ccedil;&atilde;o de dois malotes em duas escolas hom&ocirc;nimas nas cidades de Itabuna e Salvador.<\/p><div class=\"wp-block-buttons is-content-justification-center is-layout-flex wp-container-core-buttons-is-layout-1 wp-block-buttons-is-layout-flex\">\n<div class=\"wp-block-button\"><a class=\"wp-block-button__link wp-element-button\" href=\"https:\/\/med.estrategia.com\/portal\/wp-content\/uploads\/2024\/01\/edital_concurso_CREMEB_BA.pdf\" target=\"_blank\">edital &ndash; CREMEB 2024<\/a><\/div>\n<\/div><div class=\"wp-block-buttons is-content-justification-center is-layout-flex wp-container-core-buttons-is-layout-2 wp-block-buttons-is-layout-flex\">\n<div class=\"wp-block-button\"><a class=\"wp-block-button__link wp-element-button\" href=\"https:\/\/med.estrategia.com\/portal\/wp-content\/uploads\/2024\/05\/Cremeb_edital_atualizacao.pdf\" target=\"_blank\">edital cremeb retificado com novo cronograma<\/a><\/div>\n<\/div><div id=\"ez-toc-container\" class=\"ez-toc-v2_0_79_2 counter-hierarchy ez-toc-counter ez-toc-transparent ez-toc-container-direction\">\n<div class=\"ez-toc-title-container\"><p class=\"ez-toc-title\" style=\"cursor:inherit\">Navegue pelo conte\u00fado<\/p>\n<\/div><nav><ul class='ez-toc-list ez-toc-list-level-1 ' ><li class='ez-toc-page-1 ez-toc-heading-level-2'><a class=\"ez-toc-link ez-toc-heading-1\" href=\"https:\/\/med.estrategia.com\/portal\/concursos\/cremeb-abre-concurso-publico-para-medico-fiscal\/#Resumo-Edital-CREMEB-2024\" >Resumo Edital CREMEB 2024<\/a><\/li><li class='ez-toc-page-1 ez-toc-heading-level-2'><a class=\"ez-toc-link ez-toc-heading-2\" href=\"https:\/\/med.estrategia.com\/portal\/concursos\/cremeb-abre-concurso-publico-para-medico-fiscal\/#Inscricoes\" >Inscri&ccedil;&otilde;es<\/a><\/li><li class='ez-toc-page-1 ez-toc-heading-level-2'><a class=\"ez-toc-link ez-toc-heading-3\" href=\"https:\/\/med.estrategia.com\/portal\/concursos\/cremeb-abre-concurso-publico-para-medico-fiscal\/#Vagas\" >Vagas<\/a><\/li><li class='ez-toc-page-1 ez-toc-heading-level-2'><a class=\"ez-toc-link ez-toc-heading-4\" href=\"https:\/\/med.estrategia.com\/portal\/concursos\/cremeb-abre-concurso-publico-para-medico-fiscal\/#Processo-Seletivo\" >Processo Seletivo<\/a><\/li><li class='ez-toc-page-1 ez-toc-heading-level-2'><a class=\"ez-toc-link ez-toc-heading-5\" href=\"https:\/\/med.estrategia.com\/portal\/concursos\/cremeb-abre-concurso-publico-para-medico-fiscal\/#Sobre-o-CREMEB\" >Sobre o CREMEB<\/a><\/li><li class='ez-toc-page-1 ez-toc-heading-level-2'><a class=\"ez-toc-link ez-toc-heading-6\" href=\"https:\/\/med.estrategia.com\/portal\/concursos\/cremeb-abre-concurso-publico-para-medico-fiscal\/#Estrategia-MED-tira-as-duvidas-do-edital-do-Concurso-para-Medico-Fiscal-do-CREMEB\" >Estrat&eacute;gia MED tira as d&uacute;vidas do edital do Concurso para M&eacute;dico Fiscal do CREMEB!<\/a><\/li><li class='ez-toc-page-1 ez-toc-heading-level-2'><a class=\"ez-toc-link ez-toc-heading-7\" href=\"https:\/\/med.estrategia.com\/portal\/concursos\/cremeb-abre-concurso-publico-para-medico-fiscal\/#Prepare-se-para-o-Concurso-para-Medico-Fiscal-do-CREMEB-com-o-Estrategia-MED\" >Prepare-se para o Concurso para M&eacute;dico Fiscal do CREMEB com o Estrat&eacute;gia MED!<\/a><\/li><\/ul><\/nav><\/div>\n<h2 class=\"wp-block-heading\" id=\"h-resumo-edital-cremeb-2024\"><span class=\"ez-toc-section\" id=\"Resumo-Edital-CREMEB-2024\"><\/span>Resumo Edital CREMEB 2024<span class=\"ez-toc-section-end\"><\/span><\/h2><figure class=\"wp-block-table\"><table><tbody><tr><td>Vagas Ofertadas<\/td><td>220<\/td><\/tr><tr><td>Remunera&ccedil;&atilde;o<\/td><td>R$ 7.238,64<\/td><\/tr><tr><td>Carga Hor&aacute;ria Semanal&nbsp;&nbsp;<\/td><td>20 horas<\/td><\/tr><tr><td>Composi&ccedil;&atilde;o do Processo Seletivo<\/td><td>Prova objetiva e discursiva<\/td><\/tr><tr><td>Taxa de Inscri&ccedil;&atilde;o<\/td><td>R$ 95,00<\/td><\/tr><tr><td>Per&iacute;odo de Inscri&ccedil;&atilde;o<\/td><td>9\/1\/2024 a 7\/3\/2024<\/td><\/tr><tr><td>Per&iacute;odo para solicita&ccedil;&atilde;o de isen&ccedil;&atilde;o da taxa de inscri&ccedil;&atilde;o<\/td><td>9 a 11\/1\/2024<\/td><\/tr><tr><td>Pagamento da Taxa de Inscri&ccedil;&atilde;o<\/td><td>At&eacute; 08\/03\/2023<\/td><\/tr><tr><td>Divulga&ccedil;&atilde;o dos locais de prova (Cart&atilde;o de Confirma&ccedil;&atilde;o de Inscri&ccedil;&atilde;o &ndash; CCI)<\/td><td>15\/4\/2024<\/td><\/tr><tr><td>Realiza&ccedil;&atilde;o das provas objetivas e discursivas<\/td><td>02\/06\/2024<\/td><\/tr><tr><td>Divulga&ccedil;&atilde;o dos gabaritos preliminares das provas objetivas<\/td><td>03\/06\/2024<\/td><\/tr><tr><td>Divulga&ccedil;&atilde;o dos gabaritos definitivos e do resultado preliminar das provas objetivas<\/td><td>17\/06\/2024<\/td><\/tr><tr><td>Divulga&ccedil;&atilde;o do resultado definitivo das provas objetivas<\/td><td>24\/06\/2024<\/td><\/tr><tr><td>Divulga&ccedil;&atilde;o do resultado preliminar das provas discursivas<\/td><td>25\/06\/2024<\/td><\/tr><tr><td>Divulga&ccedil;&atilde;o do resultado definitivo das provas discursivas<\/td><td>10\/07\/2024<\/td><\/tr><tr><td>Divulga&ccedil;&atilde;o do resultado final do concurso p&uacute;blico<\/td><td>22\/07\/2024<\/td><\/tr><\/tbody><\/table><\/figure><h2 class=\"wp-block-heading\" id=\"h-inscricoes\"><span class=\"ez-toc-section\" id=\"Inscricoes\"><\/span>Inscri&ccedil;&otilde;es<span class=\"ez-toc-section-end\"><\/span><\/h2><p><strong>As inscri&ccedil;&otilde;es<\/strong> ser&atilde;o online via o site do<a href=\"https:\/\/concursos.access.org.br\/informacoes\/107\/\" target=\"_blank\"> Instituto Access<\/a>, entre os <strong>dias<\/strong> <strong>9 de janeiro at&eacute; o dia 7 de mar&ccedil;o de 2024. <\/strong>&nbsp;O valor da taxa de inscri&ccedil;&atilde;o &eacute; de<strong> R$ 95,00<\/strong> para n&iacute;vel superior.&nbsp;<\/p><h2 class=\"wp-block-heading\" id=\"h-vagas\"><span class=\"ez-toc-section\" id=\"Vagas\"><\/span>Vagas<span class=\"ez-toc-section-end\"><\/span><\/h2><p><strong>O CREMEB disponibiliza por meio do edital 220 vagas para o cargo de M&eacute;dico Fiscal, <\/strong>sendo a maioria para forma&ccedil;&atilde;o de cadastro reserva, e apenas 2 vagas para in&iacute;cio imediato.<strong> <\/strong><\/p><p>As vagas ser&atilde;o<strong> <\/strong>distribu&iacute;das em diversas cidades do estado da Bahia, conforme a tabela a seguir:<\/p><figure class=\"wp-block-table\"><table><tbody><tr><td>Cargo<\/td><td>Cidade de Lota&ccedil;&atilde;o<\/td><td>Vaga In&iacute;cio Imediato AC<\/td><td>Vagas CR AC<\/td><td>Vagas CR PPP<\/td><td>Vagas CR PcD<\/td><\/tr><tr><td>M&eacute;dico Fiscal<\/td><td>Salvador<\/td><td>&nbsp;<\/td><td>15<\/td><td>4<\/td><td>1<\/td><\/tr><tr><td>M&eacute;dico Fiscal<\/td><td>Barreiras<\/td><td>&nbsp;<\/td><td>15<\/td><td>4<\/td><td>1<\/td><\/tr><tr><td>M&eacute;dico Fiscal<\/td><td>Brumado<\/td><td>&nbsp;<\/td><td>15<\/td><td>4<\/td><td>1<\/td><\/tr><tr><td>M&eacute;dico Fiscal<\/td><td>Eun&aacute;polis<\/td><td>&nbsp;<\/td><td>15<\/td><td>4<\/td><td>1<\/td><\/tr><tr><td>M&eacute;dico Fiscal<\/td><td>Feira de Santana<\/td><td>1<\/td><td>14<\/td><td>4<\/td><td>1<\/td><\/tr><tr><td>M&eacute;dico Fiscal<\/td><td>Guanambi<\/td><td>&nbsp;<\/td><td>15<\/td><td>4<\/td><td>1<\/td><\/tr><tr><td>M&eacute;dico Fiscal<\/td><td>Irec&ecirc;<\/td><td>&nbsp;<\/td><td>15<\/td><td>4<\/td><td>1<\/td><\/tr><tr><td>M&eacute;dico Fiscal<\/td><td>Itabuna<\/td><td>1<\/td><td>14<\/td><td>4<\/td><td>1<\/td><\/tr><tr><td>M&eacute;dico Fiscal<\/td><td>Juazeiro<\/td><td>&nbsp;<\/td><td>15<\/td><td>4<\/td><td>1<\/td><\/tr><tr><td>M&eacute;dico Fiscal<\/td><td>Paulo Afonso<\/td><td>&nbsp;<\/td><td>15<\/td><td>4<\/td><td>1<\/td><\/tr><tr><td>M&eacute;dico Fiscal<\/td><td>Vit&oacute;ria da Conquista<\/td><td>&nbsp;<\/td><td>15<\/td><td>4<\/td><td>1<\/td><\/tr><\/tbody><\/table><\/figure><h2 class=\"wp-block-heading\" id=\"h-processo-seletivo\"><span class=\"ez-toc-section\" id=\"Processo-Seletivo\"><\/span>Processo Seletivo<span class=\"ez-toc-section-end\"><\/span><\/h2><p>O processo seletivo para esse edital conta com <strong>uma prova objetiva e uma prova discursiva.<\/strong><\/p><h3 class=\"wp-block-heading\" id=\"h-prova-objetiva\">Prova Objetiva<\/h3><p>As<strong> prova objetiva<\/strong> <strong>e discursiva<\/strong> est&atilde;o previstas para o dia<strong> 02 de junho de 2024, &agrave;s 14 horas, com 4 horas de dura&ccedil;&atilde;o.&nbsp;&nbsp;&nbsp;<\/strong><\/p><p><strong>A prova objetiva, <\/strong>de car&aacute;ter classificat&oacute;rio\/eliminat&oacute;rio, ser&aacute; composta por <strong>50 quest&otilde;es de m&uacute;ltipla escolha<\/strong>, com cinco alternativas cada, sendo apenas uma correta, conforme as seguintes &aacute;reas de conhecimento:&nbsp;<\/p><ul class=\"wp-block-list\">\n<li>15 quest&otilde;es de L&iacute;ngua Portuguesa;<\/li>\n\n\n\n<li>5 quest&otilde;es de Racioc&iacute;nio L&oacute;gico e Matem&aacute;tico;<\/li>\n\n\n\n<li>5 quest&otilde;es de Legisla&ccedil;&atilde;o Aplicada ao CREMEB;<\/li>\n\n\n\n<li>5 quest&otilde;es de No&ccedil;&otilde;es de Inform&aacute;tica; e<\/li>\n\n\n\n<li>20 quest&otilde;es de Conhecimentos Espec&iacute;ficos.<\/li>\n<\/ul><p><strong>O candidato para ser aprovado\/classificado <\/strong>precisa obter no m&iacute;nimo 50 pontos do total da prova objetiva e n&atilde;o obter pontua&ccedil;&atilde;o igual a 0 nas quest&otilde;es de L&iacute;ngua Portuguesa.<\/p><h3 class=\"wp-block-heading\" id=\"h-prova-discursiva\">Prova Discursiva<\/h3><p>A prova Discursiva &eacute; de car&aacute;ter classificat&oacute;rio\/eliminat&oacute;rio, ser&aacute; aplicada no mesmo dia, turno e dentro dos prazos de dura&ccedil;&atilde;o previstos para a realiza&ccedil;&atilde;o da prova objetiva para os candidatos ao cargo de M&eacute;dico Fiscal classificados na prova objetiva.<\/p><p>Essa etapa consistir&aacute; na elabora&ccedil;&atilde;o de um texto dissertativo, de no m&iacute;nimo 20 e m&aacute;ximo de 30 linhas, com pontua&ccedil;&atilde;o m&aacute;xima igual a 20 pontos.  O candidato para ser classificado precisa obter uma nota igual ou superior a 10 pontos.<\/p><p>Os crit&eacute;rios avaliados na prova discursiva ser&atilde;o conforme a tabela a seguir:<\/p><figure class=\"wp-block-table\"><table><tbody><tr><td>Crit&eacute;rios<\/td><td>Elementos de Avalia&ccedil;&atilde;o<\/td><td>Pontos<\/td><\/tr><tr><td>a) Aspecto Formal<\/td><td>Dom&iacute;nio da norma culta da l&iacute;ngua, no seu registro formal; pontua&ccedil;&atilde;o, ortografia, concord&acirc;ncia, reg&ecirc;ncia, uso adequado de pronomes, emprego de tempos e modos verbais.<\/td><td>6,0 pontos<\/td><\/tr><tr><td>b) Aspecto Textual<\/td><td>Respeito &agrave; estrutura da tipologia textual solicitada, paragrafa&ccedil;&atilde;o; uso adequado de conectivos e elementos anaf&oacute;ricos, observ&acirc;ncia da estrutura sint&aacute;tico-sem&acirc;ntica dos per&iacute;odos.<\/td><td>6,0 pontos<\/td><\/tr><tr><td>c) Aspecto T&eacute;cnico<\/td><td>Atendimento &agrave; proposta tem&aacute;tica, sele&ccedil;&atilde;o e organiza&ccedil;&atilde;o de argumentos consistentes que fundamentem a tese, progress&atilde;o tem&aacute;tica coerente, propriedade vocabular, clareza, apropria&ccedil;&atilde;o produtiva e autoral do recorte tem&aacute;tico.<\/td><td>8,0 pontos<\/td><\/tr><tr><td>&nbsp;<\/td><td>Total<\/td><td>20 pontos<\/td><\/tr><\/tbody><\/table><\/figure><h2 class=\"wp-block-heading\" id=\"h-sobre-o-cremeb\"><span class=\"ez-toc-section\" id=\"Sobre-o-CREMEB\"><\/span>Sobre o CREMEB<span class=\"ez-toc-section-end\"><\/span><\/h2><p>O CREMEB desempenha diversas fun&ccedil;&otilde;es importantes, incluindo a inscri&ccedil;&atilde;o e fiscaliza&ccedil;&atilde;o de m&eacute;dicos, a promo&ccedil;&atilde;o de &eacute;tica e padr&otilde;es de qualidade na pr&aacute;tica m&eacute;dica, e a defesa dos interesses da sociedade em rela&ccedil;&atilde;o aos servi&ccedil;os de sa&uacute;de.<\/p><p>A institui&ccedil;&atilde;o &eacute; composta por 42 conselheiros eleitos pelos m&eacute;dicos registrados na Bahia para um mandato de cinco anos, dos quais oito ocupam cargos de dire&ccedil;&atilde;o. O CREMEB atualmente opera, em plena atividade, com 34 C&acirc;maras T&eacute;cnicas que abrangem diversas especialidades, al&eacute;m de nove Comiss&otilde;es de Trabalho e Representa&ccedil;&otilde;es.<\/p><p>O Conselho tamb&eacute;m &eacute; respons&aacute;vel por julgar processos &eacute;ticos contra m&eacute;dicos que possam ter violado as normas estabelecidas pelo Conselho Federal de Medicina (CFM) e pelo pr&oacute;prio CREMEB.<\/p><h2 class=\"wp-block-heading\" id=\"h-\"><\/h2><h2 class=\"wp-block-heading\"><span class=\"ez-toc-section\" id=\"Estrategia-MED-tira-as-duvidas-do-edital-do-Concurso-para-Medico-Fiscal-do-CREMEB\"><\/span>Estrat&eacute;gia MED tira as d&uacute;vidas do edital do Concurso para M&eacute;dico Fiscal do CREMEB!<span class=\"ez-toc-section-end\"><\/span><\/h2><p>Aproveite e n&atilde;o deixe de assistir o<a href=\"https:\/\/www.youtube.com\/live\/On-LnoEaQic?si=pAplprZ15miSynku\" target=\"_blank\"> webin&aacute;rio<\/a> comandado pelo <strong>professor do Estrat&eacute;gia MED<\/strong>, <strong>Jo&atilde;o Paulo Telles<\/strong>, com informa&ccedil;&otilde;es completas sobre o<a href=\"https:\/\/med.estrategia.com\/curso\/concurso-para-medico-fiscal-do-cremeb\/\" target=\"_blank\"><strong> Concurso para M&eacute;dico Fiscal do CREMEB<\/strong><\/a>. A transmiss&atilde;o aconteceu em nosso canal do Youtube no dia <strong>24 de janeiro de 2024, &agrave;s 19h<\/strong>. Clique na imagem a seguir e acompanhe:<\/p><figure class=\"wp-block-embed is-type-video is-provider-youtube wp-block-embed-youtube wp-embed-aspect-16-9 wp-has-aspect-ratio\"><div class=\"wp-block-embed__wrapper\">\n<div class=\"cs-embed cs-embed-responsive\"><iframe title=\"Concurso para M&eacute;dico Fiscal do CREMEB - Garanta sua vaga no servi&ccedil;o p&uacute;blico!\" width=\"1200\" height=\"675\" src=\"https:\/\/www.youtube.com\/embed\/On-LnoEaQic?feature=oembed\" frameborder=\"0\" allow=\"accelerometer; autoplay; clipboard-write; encrypted-media; gyroscope; picture-in-picture; web-share\" referrerpolicy=\"strict-origin-when-cross-origin\" allowfullscreen><\/iframe><\/div>\n<\/div><\/figure><p>E n&atilde;o se esque&ccedil;a de se inscrever em nosso canal e ativar o sino de notifica&ccedil;&atilde;o para n&atilde;o perder nenhuma novidade sobre concursos p&uacute;blicos com cargos m&eacute;dicos, atualiza&ccedil;&otilde;es m&eacute;dicas e muito mais!<\/p><h2 class=\"wp-block-heading\"><span class=\"ez-toc-section\" id=\"Prepare-se-para-o-Concurso-para-Medico-Fiscal-do-CREMEB-com-o-Estrategia-MED\"><\/span>Prepare-se para o Concurso para M&eacute;dico Fiscal do CREMEB com o Estrat&eacute;gia MED!<span class=\"ez-toc-section-end\"><\/span><\/h2><p>Com o<a href=\"https:\/\/med.estrategia.com\/curso\/concurso-para-medico-fiscal-do-cremeb\/\" target=\"_blank\"><strong> Concurso para M&eacute;dico Fiscal do CREMEB<\/strong><\/a><strong>,<\/strong> voc&ecirc; tem acesso a videoaulas completas e quest&otilde;es comentadas de Portugu&ecirc;s; videoaulas completas e quest&otilde;es comentadas de Matem&aacute;tica; videoaulas completas e quest&otilde;es comentadas de No&ccedil;&otilde;es de Inform&aacute;tica, SUS e Epidemiologia; Bio&eacute;tica; Legisla&ccedil;&atilde;o na &aacute;rea da sa&uacute;de; acesso ao Livro Digital Interativo (LDI) e material de estudos multim&iacute;dia.<\/p><p>Al&eacute;m do nosso Banco de Quest&otilde;es, que atualmente conta com mais de 195 mil quest&otilde;es cadastradas e que n&atilde;o para de crescer. Vem ser coruja!<\/p><p><\/p><div class=\"wp-block-image\">\n<figure class=\"aligncenter size-full\"><img decoding=\"async\" width=\"1280\" height=\"622\" src=\"https:\/\/med.estrategia.com\/portal\/wp-content\/uploads\/2025\/08\/concursos_medicos.jpg\" alt=\"concursos_medicos\" class=\"wp-image-91529\" srcset=\"https:\/\/med.estrategia.com\/portal\/wp-content\/uploads\/2025\/08\/concursos_medicos.jpg 1280w, https:\/\/med.estrategia.com\/portal\/wp-content\/uploads\/2025\/08\/concursos_medicos-1024x498.jpg 1024w, https:\/\/med.estrategia.com\/portal\/wp-content\/uploads\/2025\/08\/concursos_medicos-768x373.jpg 768w, https:\/\/med.estrategia.com\/portal\/wp-content\/uploads\/2025\/08\/concursos_medicos-800x389.jpg 800w, https:\/\/med.estrategia.com\/portal\/wp-content\/uploads\/2025\/08\/concursos_medicos-1160x564.jpg 1160w\" sizes=\"(max-width: 1280px) 100vw, 1280px\" \/><\/figure><\/div><\/p>\n","protected":false},"excerpt":{"rendered":"Ap\u00f3s anula\u00e7\u00e3o das provas objetivas e discursivas, edital tem novo cronograma com prova sendo realizada no dia 2 de junho de 2024\n","protected":false},"author":45,"featured_media":55600,"comment_status":"closed","ping_status":"closed","sticky":false,"template":"","format":"standard","meta":{"wl_entities_gutenberg":"","footnotes":""},"categories":[474],"tags":[],"wl_entity_type":[199],"class_list":{"0":"post-55620","1":"post","2":"type-post","3":"status-publish","4":"format-standard","5":"has-post-thumbnail","7":"category-concursos","8":"wl_entity_type-article"},"acf":[],"yoast_head":"<!-- This site is optimized with the Yoast SEO Premium plugin v26.6 (Yoast SEO v26.6) - https:\/\/yoast.com\/wordpress\/plugins\/seo\/ -->\n<title>CREMEB abre concurso p\u00fablico para m\u00e9dico fiscal<\/title>\n<meta name=\"description\" content=\"O CREMEB publicou o edital do concurso p\u00fablico com 220 vagas para forma\u00e7\u00e3o de cadastro reserva para o cargo de m\u00e9dico fiscal\" \/>\n<meta name=\"robots\" content=\"index, follow, max-snippet:-1, max-image-preview:large, max-video-preview:-1\" \/>\n<link rel=\"canonical\" href=\"https:\/\/med.estrategia.com\/portal\/concursos\/cremeb-abre-concurso-publico-para-medico-fiscal\/\" \/>\n<meta property=\"og:locale\" content=\"pt_BR\" \/>\n<meta property=\"og:type\" content=\"article\" \/>\n<meta property=\"og:title\" content=\"CREMEB abre concurso p\u00fablico para m\u00e9dico fiscal\" \/>\n<meta property=\"og:description\" content=\"O CREMEB publicou o edital do concurso p\u00fablico com 220 vagas para forma\u00e7\u00e3o de cadastro reserva para o cargo de m\u00e9dico fiscal\" \/>\n<meta property=\"og:url\" content=\"https:\/\/med.estrategia.com\/portal\/concursos\/cremeb-abre-concurso-publico-para-medico-fiscal\/\" \/>\n<meta property=\"og:site_name\" content=\"Estrat\u00e9gia MED\" \/>\n<meta property=\"article:publisher\" content=\"https:\/\/www.facebook.com\/estrategiamed1\" \/>\n<meta property=\"article:published_time\" content=\"2024-01-09T20:02:59+00:00\" \/>\n<meta property=\"article:modified_time\" content=\"2024-05-08T18:07:44+00:00\" \/>\n<meta property=\"og:image\" content=\"https:\/\/med.estrategia.com\/portal\/wp-content\/uploads\/2024\/01\/Capa_concurso_CREMEB.jpg\" \/>\n\t<meta property=\"og:image:width\" content=\"1280\" \/>\n\t<meta property=\"og:image:height\" content=\"720\" \/>\n\t<meta property=\"og:image:type\" content=\"image\/jpeg\" \/>\n<meta name=\"author\" content=\"Priscila Pereira\" \/>\n<meta name=\"twitter:card\" content=\"summary_large_image\" \/>\n<meta name=\"twitter:creator\" content=\"@estrategiamed_\" \/>\n<meta name=\"twitter:site\" content=\"@estrategiamed_\" \/>\n<meta name=\"twitter:label1\" content=\"Escrito por\" \/>\n\t<meta name=\"twitter:data1\" content=\"Priscila Pereira\" \/>\n\t<meta name=\"twitter:label2\" content=\"Est. tempo de leitura\" \/>\n\t<meta name=\"twitter:data2\" content=\"6 minutos\" \/>\n<script type=\"application\/ld+json\" class=\"yoast-schema-graph\">{\"@context\":\"https:\/\/schema.org\",\"@graph\":[{\"@type\":\"WebPage\",\"@id\":\"https:\/\/med.estrategia.com\/portal\/concursos\/cremeb-abre-concurso-publico-para-medico-fiscal\/\",\"url\":\"https:\/\/med.estrategia.com\/portal\/concursos\/cremeb-abre-concurso-publico-para-medico-fiscal\/\",\"name\":\"CREMEB abre concurso p\u00fablico para m\u00e9dico fiscal\",\"isPartOf\":{\"@id\":\"https:\/\/med.estrategia.com\/portal\/#website\"},\"primaryImageOfPage\":{\"@id\":\"https:\/\/med.estrategia.com\/portal\/concursos\/cremeb-abre-concurso-publico-para-medico-fiscal\/#primaryimage\"},\"image\":{\"@id\":\"https:\/\/med.estrategia.com\/portal\/concursos\/cremeb-abre-concurso-publico-para-medico-fiscal\/#primaryimage\"},\"thumbnailUrl\":\"https:\/\/med.estrategia.com\/portal\/wp-content\/uploads\/2024\/01\/Capa_concurso_CREMEB.jpg\",\"datePublished\":\"2024-01-09T20:02:59+00:00\",\"dateModified\":\"2024-05-08T18:07:44+00:00\",\"author\":{\"@id\":\"https:\/\/med.estrategia.com\/portal\/#\/schema\/person\/d1df06a83a849b79b2d480e7d8952ce3\"},\"description\":\"O CREMEB publicou o edital do concurso p\u00fablico com 220 vagas para forma\u00e7\u00e3o de cadastro reserva para o cargo de m\u00e9dico fiscal\",\"breadcrumb\":{\"@id\":\"https:\/\/med.estrategia.com\/portal\/concursos\/cremeb-abre-concurso-publico-para-medico-fiscal\/#breadcrumb\"},\"inLanguage\":\"pt-BR\",\"potentialAction\":[{\"@type\":\"ReadAction\",\"target\":[\"https:\/\/med.estrategia.com\/portal\/concursos\/cremeb-abre-concurso-publico-para-medico-fiscal\/\"]}]},{\"@type\":\"ImageObject\",\"inLanguage\":\"pt-BR\",\"@id\":\"https:\/\/med.estrategia.com\/portal\/concursos\/cremeb-abre-concurso-publico-para-medico-fiscal\/#primaryimage\",\"url\":\"https:\/\/med.estrategia.com\/portal\/wp-content\/uploads\/2024\/01\/Capa_concurso_CREMEB.jpg\",\"contentUrl\":\"https:\/\/med.estrategia.com\/portal\/wp-content\/uploads\/2024\/01\/Capa_concurso_CREMEB.jpg\",\"width\":1280,\"height\":720,\"caption\":\"Estrat\u00e9gia MED | CREMEB 2024\"},{\"@type\":\"BreadcrumbList\",\"@id\":\"https:\/\/med.estrategia.com\/portal\/concursos\/cremeb-abre-concurso-publico-para-medico-fiscal\/#breadcrumb\",\"itemListElement\":[{\"@type\":\"ListItem\",\"position\":1,\"name\":\"Home\",\"item\":\"https:\/\/med.estrategia.com\/portal\/\"},{\"@type\":\"ListItem\",\"position\":2,\"name\":\"Concursos M\u00e9dicos\",\"item\":\"https:\/\/med.estrategia.com\/portal\/concursos\/\"},{\"@type\":\"ListItem\",\"position\":3,\"name\":\"CREMEB abre concurso p\u00fablico para m\u00e9dico fiscal\"}]},{\"@type\":\"WebSite\",\"@id\":\"https:\/\/med.estrategia.com\/portal\/#website\",\"url\":\"https:\/\/med.estrategia.com\/portal\/\",\"name\":\"Estrat\u00e9gia MED\",\"description\":\"\",\"potentialAction\":[{\"@type\":\"SearchAction\",\"target\":{\"@type\":\"EntryPoint\",\"urlTemplate\":\"https:\/\/med.estrategia.com\/portal\/?s={search_term_string}\"},\"query-input\":{\"@type\":\"PropertyValueSpecification\",\"valueRequired\":true,\"valueName\":\"search_term_string\"}}],\"inLanguage\":\"pt-BR\"},{\"@type\":\"Person\",\"@id\":\"https:\/\/med.estrategia.com\/portal\/#\/schema\/person\/d1df06a83a849b79b2d480e7d8952ce3\",\"name\":\"Priscila Pereira\",\"image\":{\"@type\":\"ImageObject\",\"inLanguage\":\"pt-BR\",\"@id\":\"https:\/\/med.estrategia.com\/portal\/#\/schema\/person\/image\/\",\"url\":\"https:\/\/secure.gravatar.com\/avatar\/fe94f8430a1d23a69c0bc7aab6202e21?s=96&d=mm&r=g\",\"contentUrl\":\"https:\/\/secure.gravatar.com\/avatar\/fe94f8430a1d23a69c0bc7aab6202e21?s=96&d=mm&r=g\",\"caption\":\"Priscila Pereira\"},\"description\":\"Formada e p\u00f3s-graduada na \u00e1rea de comunica\u00e7\u00e3o, divido minha paix\u00e3o entre o jornalismo e os esportes\",\"url\":\"https:\/\/med.estrategia.com\/portal\/author\/priscila-pereira\/\"}]}<\/script>\n<!-- \/ Yoast SEO Premium plugin. -->","yoast_head_json":{"title":"CREMEB abre concurso p\u00fablico para m\u00e9dico fiscal","description":"O CREMEB publicou o edital do concurso p\u00fablico com 220 vagas para forma\u00e7\u00e3o de cadastro reserva para o cargo de m\u00e9dico fiscal","robots":{"index":"index","follow":"follow","max-snippet":"max-snippet:-1","max-image-preview":"max-image-preview:large","max-video-preview":"max-video-preview:-1"},"canonical":"https:\/\/med.estrategia.com\/portal\/concursos\/cremeb-abre-concurso-publico-para-medico-fiscal\/","og_locale":"pt_BR","og_type":"article","og_title":"CREMEB abre concurso p\u00fablico para m\u00e9dico fiscal","og_description":"O CREMEB publicou o edital do concurso p\u00fablico com 220 vagas para forma\u00e7\u00e3o de cadastro reserva para o cargo de m\u00e9dico fiscal","og_url":"https:\/\/med.estrategia.com\/portal\/concursos\/cremeb-abre-concurso-publico-para-medico-fiscal\/","og_site_name":"Estrat\u00e9gia MED","article_publisher":"https:\/\/www.facebook.com\/estrategiamed1","article_published_time":"2024-01-09T20:02:59+00:00","article_modified_time":"2024-05-08T18:07:44+00:00","og_image":[{"width":1280,"height":720,"url":"https:\/\/med.estrategia.com\/portal\/wp-content\/uploads\/2024\/01\/Capa_concurso_CREMEB.jpg","type":"image\/jpeg"}],"author":"Priscila Pereira","twitter_card":"summary_large_image","twitter_creator":"@estrategiamed_","twitter_site":"@estrategiamed_","twitter_misc":{"Escrito por":"Priscila Pereira","Est. tempo de leitura":"6 minutos"},"schema":{"@context":"https:\/\/schema.org","@graph":[{"@type":"WebPage","@id":"https:\/\/med.estrategia.com\/portal\/concursos\/cremeb-abre-concurso-publico-para-medico-fiscal\/","url":"https:\/\/med.estrategia.com\/portal\/concursos\/cremeb-abre-concurso-publico-para-medico-fiscal\/","name":"CREMEB abre concurso p\u00fablico para m\u00e9dico fiscal","isPartOf":{"@id":"https:\/\/med.estrategia.com\/portal\/#website"},"primaryImageOfPage":{"@id":"https:\/\/med.estrategia.com\/portal\/concursos\/cremeb-abre-concurso-publico-para-medico-fiscal\/#primaryimage"},"image":{"@id":"https:\/\/med.estrategia.com\/portal\/concursos\/cremeb-abre-concurso-publico-para-medico-fiscal\/#primaryimage"},"thumbnailUrl":"https:\/\/med.estrategia.com\/portal\/wp-content\/uploads\/2024\/01\/Capa_concurso_CREMEB.jpg","datePublished":"2024-01-09T20:02:59+00:00","dateModified":"2024-05-08T18:07:44+00:00","author":{"@id":"https:\/\/med.estrategia.com\/portal\/#\/schema\/person\/d1df06a83a849b79b2d480e7d8952ce3"},"description":"O CREMEB publicou o edital do concurso p\u00fablico com 220 vagas para forma\u00e7\u00e3o de cadastro reserva para o cargo de m\u00e9dico fiscal","breadcrumb":{"@id":"https:\/\/med.estrategia.com\/portal\/concursos\/cremeb-abre-concurso-publico-para-medico-fiscal\/#breadcrumb"},"inLanguage":"pt-BR","potentialAction":[{"@type":"ReadAction","target":["https:\/\/med.estrategia.com\/portal\/concursos\/cremeb-abre-concurso-publico-para-medico-fiscal\/"]}]},{"@type":"ImageObject","inLanguage":"pt-BR","@id":"https:\/\/med.estrategia.com\/portal\/concursos\/cremeb-abre-concurso-publico-para-medico-fiscal\/#primaryimage","url":"https:\/\/med.estrategia.com\/portal\/wp-content\/uploads\/2024\/01\/Capa_concurso_CREMEB.jpg","contentUrl":"https:\/\/med.estrategia.com\/portal\/wp-content\/uploads\/2024\/01\/Capa_concurso_CREMEB.jpg","width":1280,"height":720,"caption":"Estrat\u00e9gia MED | CREMEB 2024"},{"@type":"BreadcrumbList","@id":"https:\/\/med.estrategia.com\/portal\/concursos\/cremeb-abre-concurso-publico-para-medico-fiscal\/#breadcrumb","itemListElement":[{"@type":"ListItem","position":1,"name":"Home","item":"https:\/\/med.estrategia.com\/portal\/"},{"@type":"ListItem","position":2,"name":"Concursos M\u00e9dicos","item":"https:\/\/med.estrategia.com\/portal\/concursos\/"},{"@type":"ListItem","position":3,"name":"CREMEB abre concurso p\u00fablico para m\u00e9dico fiscal"}]},{"@type":"WebSite","@id":"https:\/\/med.estrategia.com\/portal\/#website","url":"https:\/\/med.estrategia.com\/portal\/","name":"Estrat\u00e9gia MED","description":"","potentialAction":[{"@type":"SearchAction","target":{"@type":"EntryPoint","urlTemplate":"https:\/\/med.estrategia.com\/portal\/?s={search_term_string}"},"query-input":{"@type":"PropertyValueSpecification","valueRequired":true,"valueName":"search_term_string"}}],"inLanguage":"pt-BR"},{"@type":"Person","@id":"https:\/\/med.estrategia.com\/portal\/#\/schema\/person\/d1df06a83a849b79b2d480e7d8952ce3","name":"Priscila Pereira","image":{"@type":"ImageObject","inLanguage":"pt-BR","@id":"https:\/\/med.estrategia.com\/portal\/#\/schema\/person\/image\/","url":"https:\/\/secure.gravatar.com\/avatar\/fe94f8430a1d23a69c0bc7aab6202e21?s=96&d=mm&r=g","contentUrl":"https:\/\/secure.gravatar.com\/avatar\/fe94f8430a1d23a69c0bc7aab6202e21?s=96&d=mm&r=g","caption":"Priscila Pereira"},"description":"Formada e p\u00f3s-graduada na \u00e1rea de comunica\u00e7\u00e3o, divido minha paix\u00e3o entre o jornalismo e os esportes","url":"https:\/\/med.estrategia.com\/portal\/author\/priscila-pereira\/"}]}},"_wl_alt_label":[],"wl:entity_url":"\/post\/cremeb-abre-concurso-publico-para-medico-fiscal","_links":{"self":[{"href":"https:\/\/med.estrategia.com\/portal\/wp-json\/wp\/v2\/posts\/55620","targetHints":{"allow":["GET"]}}],"collection":[{"href":"https:\/\/med.estrategia.com\/portal\/wp-json\/wp\/v2\/posts"}],"about":[{"href":"https:\/\/med.estrategia.com\/portal\/wp-json\/wp\/v2\/types\/post"}],"author":[{"embeddable":true,"href":"https:\/\/med.estrategia.com\/portal\/wp-json\/wp\/v2\/users\/45"}],"replies":[{"embeddable":true,"href":"https:\/\/med.estrategia.com\/portal\/wp-json\/wp\/v2\/comments?post=55620"}],"version-history":[{"count":16,"href":"https:\/\/med.estrategia.com\/portal\/wp-json\/wp\/v2\/posts\/55620\/revisions"}],"predecessor-version":[{"id":63056,"href":"https:\/\/med.estrategia.com\/portal\/wp-json\/wp\/v2\/posts\/55620\/revisions\/63056"}],"wp:featuredmedia":[{"embeddable":true,"href":"https:\/\/med.estrategia.com\/portal\/wp-json\/wp\/v2\/media\/55600"}],"wp:attachment":[{"href":"https:\/\/med.estrategia.com\/portal\/wp-json\/wp\/v2\/media?parent=55620"}],"wp:term":[{"taxonomy":"category","embeddable":true,"href":"https:\/\/med.estrategia.com\/portal\/wp-json\/wp\/v2\/categories?post=55620"},{"taxonomy":"post_tag","embeddable":true,"href":"https:\/\/med.estrategia.com\/portal\/wp-json\/wp\/v2\/tags?post=55620"},{"taxonomy":"wl_entity_type","embeddable":true,"href":"https:\/\/med.estrategia.com\/portal\/wp-json\/wp\/v2\/wl_entity_type?post=55620"}],"curies":[{"name":"wp","href":"https:\/\/api.w.org\/{rel}","templated":true}]}}