{"id":56202,"date":"2024-01-17T09:50:57","date_gmt":"2024-01-17T12:50:57","guid":{"rendered":"https:\/\/med.estrategia.com\/portal\/?p=56202"},"modified":"2024-01-17T09:51:02","modified_gmt":"2024-01-17T12:51:02","slug":"como-e-a-residencia-medica-de-neurocirurgia-na-fmabc","status":"publish","type":"post","link":"https:\/\/med.estrategia.com\/portal\/residencia-medica\/como-e-a-residencia-medica-de-neurocirurgia-na-fmabc\/","title":{"rendered":"Como \u00e9 a Resid\u00eancia M\u00e9dica de Neurocirurgia na FMABC"},"content":{"rendered":"<p>Conhe&ccedil;a em detalhes o programa de Resid&ecirc;ncia M&eacute;dica em <strong>Neurocirurgia na Faculdade de Medicina do ABC (FMABC) <\/strong>com o Portal do Estrat&eacute;gia MED. Entenda a rotina desde os <strong>plant&otilde;es noturnos intensos como R1 at&eacute; a lideran&ccedil;a estrat&eacute;gica como R5<\/strong>, al&eacute;m da <strong>diversidade de casos <\/strong>e a <strong>intera&ccedil;&atilde;o colaborativa entre os residentes<\/strong>, com suporte crucial dos chefes. Confira esse texto e tenha acesso a informa&ccedil;&otilde;es cruciais para te ajudar na escolha da sua institui&ccedil;&atilde;o!<div id=\"ez-toc-container\" class=\"ez-toc-v2_0_79_2 counter-hierarchy ez-toc-counter ez-toc-transparent ez-toc-container-direction\">\n<div class=\"ez-toc-title-container\"><p class=\"ez-toc-title\" style=\"cursor:inherit\">Navegue pelo conte\u00fado<\/p>\n<\/div><nav><ul class='ez-toc-list ez-toc-list-level-1 ' ><li class='ez-toc-page-1 ez-toc-heading-level-2'><a class=\"ez-toc-link ez-toc-heading-1\" href=\"https:\/\/med.estrategia.com\/portal\/residencia-medica\/como-e-a-residencia-medica-de-neurocirurgia-na-fmabc\/#A-residencia-em-Neurocirurgia-na-FMABC\" >A resid&ecirc;ncia em Neurocirurgia na FMABC<\/a><ul class='ez-toc-list-level-3' ><li class='ez-toc-heading-level-3'><a class=\"ez-toc-link ez-toc-heading-2\" href=\"https:\/\/med.estrategia.com\/portal\/residencia-medica\/como-e-a-residencia-medica-de-neurocirurgia-na-fmabc\/#Inscreva-se-em-nossa-newsletter\" >Inscreva-se em nossa newsletter!<\/a><\/li><li class='ez-toc-page-1 ez-toc-heading-level-3'><a class=\"ez-toc-link ez-toc-heading-3\" href=\"https:\/\/med.estrategia.com\/portal\/residencia-medica\/como-e-a-residencia-medica-de-neurocirurgia-na-fmabc\/#Dia-a-dia-do-R1-ao-R3\" >Dia a dia do R1 ao R3<\/a><\/li><li class='ez-toc-page-1 ez-toc-heading-level-3'><a class=\"ez-toc-link ez-toc-heading-4\" href=\"https:\/\/med.estrategia.com\/portal\/residencia-medica\/como-e-a-residencia-medica-de-neurocirurgia-na-fmabc\/#A-rotina-no-R4-e-R5\" >A rotina no R4 e R5<\/a><\/li><li class='ez-toc-page-1 ez-toc-heading-level-3'><a class=\"ez-toc-link ez-toc-heading-5\" href=\"https:\/\/med.estrategia.com\/portal\/residencia-medica\/como-e-a-residencia-medica-de-neurocirurgia-na-fmabc\/#Estrutura-da-instituicao-e-casos\" >Estrutura da institui&ccedil;&atilde;o e casos<\/a><\/li><li class='ez-toc-page-1 ez-toc-heading-level-3'><a class=\"ez-toc-link ez-toc-heading-6\" href=\"https:\/\/med.estrategia.com\/portal\/residencia-medica\/como-e-a-residencia-medica-de-neurocirurgia-na-fmabc\/#Dinamica-entre-a-equipe\" >Din&acirc;mica entre a equipe&nbsp;<\/a><\/li><\/ul><\/li><\/ul><\/nav><\/div>\n<h2 class=\"wp-block-heading\" id=\"h-a-residencia-em-neurocirurgia-na-fmabc\"><span class=\"ez-toc-section\" id=\"A-residencia-em-Neurocirurgia-na-FMABC\"><\/span>A resid&ecirc;ncia em Neurocirurgia na FMABC<span class=\"ez-toc-section-end\"><\/span><\/h2><p>Para conhecer melhor a rotina dos residentes de <strong>Neurocirurgia da FMABC<\/strong>, o Estrat&eacute;gia MED conversou com <strong>Amauri Nunes de Oliveira<\/strong>, residente do primeiro ano da especialidade na institui&ccedil;&atilde;o. Amauri compartilhou conosco sua experi&ecirc;ncia no programa, que divide a rotina entre <strong>neurologia e cirurgia<\/strong>. O residente destaca hospitais presentes na rotina, como o de <strong>Urg&ecirc;ncia em S&atilde;o Bernardo<\/strong> e o <strong>Complexo Hospitalar em Santo Andr&eacute;<\/strong>, que proporcionam viv&ecirc;ncias diversas e aprendizado amplo.<\/p><p>Natural do ABC Paulista, Amauri enfatiza a import&acirc;ncia de escolher uma <strong>resid&ecirc;ncia pr&oacute;xima e familiar<\/strong>, ressaltando a proximidade da FMABC com sua casa, o que otimiza o tempo de deslocamento. Como dica, ele ainda destaca a import&acirc;ncia de visitar as institui&ccedil;&otilde;es antes de decidir onde realizar o programa e considera vantajoso morar pr&oacute;ximo ao local de sua Resid&ecirc;ncia M&eacute;dica.<\/p><p>\n\n\n<div id=\"new-form\">\n\t<form id=\"forms_layout\">\n\t<input type=\"hidden\" id=\"chave_de\" name=\"chave_de\" value=\"01_EMED_LEADS_TOTAIS\" \/>\n\t\t<input type=\"hidden\" id=\"mid\" name=\"mid\" value=\"515009018\" \/>\n\t\t<input type=\"hidden\" id=\"Objetivo\" name=\"Objetivo\" value=\"Medicina\" \/>\n\t\t<input type=\"hidden\" id=\"Estado_de_Origem_do_IP\" name=\"Estado_de_Origem_do_IP\"  value=\"\" \/>\n\t\t<input type=\"hidden\" id=\"Cidade_de_Origem_do_IP\" name=\"Cidade_de_Origem_do_IP\" value=\"\" \/>\n\t\t<input type=\"hidden\" id=\"Modo_de_entrada\" name=\"Modo_de_entrada\" value=\"Portal\" \/>\n\t\t<input type=\"hidden\" id=\"Pagina_Origem\" name=\"Pagina_Origem\" value=\"\" \/>\n\n\t\t<div class=\"texto\">\n\t\t\t<h3 class=\"news\"><span class=\"ez-toc-section\" id=\"Inscreva-se-em-nossa-newsletter\"><\/span>Inscreva-se em nossa newsletter!<span class=\"ez-toc-section-end\"><\/span><\/h3>\n\t\t\t<p>Receba not\u00edcias sobre resid\u00eancia m\u00e9dica, revalida\u00e7\u00e3o de diplomas e concursos m\u00e9dicos, al\u00e9m de materiais de estudo gratuitos e informa\u00e7\u00f5es relevantes do mundo da Medicina.<\/p>\n\t\t<\/div>\n\t\t<div class=\"campos\">\n\t\t\t<div class=\"first_name labels\">\n\t\t\t\t<input type=\"text\" class=\"input_labels\" id=\"first_name\" name=\"Nome_Completo\" placeholder=\"Nome\" required \/>\n\t\t\t<\/div>\n\t\t\t<div class=\"email labels\">\n\t\t\t\t<input type=\"email\" class=\"input_labels\" id=\"email\" name=\"Email\" placeholder=\"E-mail\" required \/>\n\t\t\t<\/div>\n\t\t\t<button type=\"submit\" class=\"button_layout\">\n\t\t\t\t<div id=\"lblBotao\">Inscreva-se<\/div>\n\t\t\t\t<span id=\"divSpiner\" class=\"loader\" role=\"status\" style=\"display: none;\"><\/span>\t\n\t\t\t<\/button>\n\t\t<\/div><!-- \/campos -->\n\t\t\n\t\t<label class=\"container_checkbox\">Voc\u00ea concorda com a nossa\n\t\t\t<a class=\"politics_privacy_ahref\" target=\"_blank\" href=\"https:\/\/gratis.estrategiaconcursos.com.br\/politica-de-privacidade\/\">Pol\u00edtica de Privacidade<\/a> e aceita receber informa\u00e7\u00f5es adicionais do Estrat\u00e9gia Educacional.\n\t\t\t<input id=\"checkbox_layout\" type=\"checkbox\" checked=\"checked\" required \/>\n\t\t\t<span class=\"checkbox\"><\/span>\n\t\t<\/label>\n\t\t<div id=\"msg\"><\/div>\n\t\t<div id=\"error\" class=\"error\">\n\t\t<\/div>\n\t<\/form>\n<\/div><!-- \/new-form -->\n\n\n\n<\/p><h3 class=\"wp-block-heading\" id=\"h-dia-a-dia-do-r1-ao-r3\"><span class=\"ez-toc-section\" id=\"Dia-a-dia-do-R1-ao-R3\"><\/span>Dia a dia do R1 ao R3<span class=\"ez-toc-section-end\"><\/span><\/h3><p>Quanto &agrave; divis&atilde;o dos anos nesta <strong>resid&ecirc;ncia de cinco anos<\/strong>, Amauri explica que o R1 &eacute; dedicado &agrave; <strong>Neurologia Cl&iacute;nica<\/strong>. Durante esse per&iacute;odo, os residentes enfrentam uma<strong> rotina intensa no atendimento de casos diversos<\/strong>, desde <strong>AVCs at&eacute; traumas cranianos<\/strong>. O <strong>contato inicial <\/strong>com a Neurocirurgia se d&aacute; principalmente atrav&eacute;s de <strong>plant&otilde;es noturnos<\/strong> e de visitas mensais nos finais de semana, proporcionando uma <strong>imers&atilde;o pr&aacute;tica desde o in&iacute;cio da resid&ecirc;ncia<\/strong>.<\/p><p>Ao abordar o R2, Amauri destaca a <strong>diferencia&ccedil;&atilde;o na carga hor&aacute;ria<\/strong>. Sem uma divis&atilde;o rigorosa de atividades, o residente do segundo ano atua de forma mais abrangente, participando ativamente nos hospitais <strong>M&aacute;rio Covas e Municipal de Santo Andr&eacute;<\/strong>. Ainda assim, o cronograma do R2 &eacute; <strong>mais desafiador<\/strong>, adaptando-o a diversas<strong> situa&ccedil;&otilde;es emergenciais<\/strong> e ampliando seu envolvimento em todas as &aacute;reas da Neurocirurgia.<\/p><p>Ao adentrar o R3, o foco se volta para a <strong>UTI e cirurgias mais seletivas<\/strong>, com<strong> estudo aprofundado de acessos e planejamento cir&uacute;rgico<\/strong>. O R3, embora<strong> menos intenso <\/strong>que o R2, ainda mant&eacute;m uma <strong>carga hor&aacute;ria significativa<\/strong>, com atividades variadas.<\/p><h3 class=\"wp-block-heading\" id=\"h-a-rotina-no-r4-e-r5\"><span class=\"ez-toc-section\" id=\"A-rotina-no-R4-e-R5\"><\/span>A rotina no R4 e R5<span class=\"ez-toc-section-end\"><\/span><\/h3><p>A curva de aprendizado culmina no <strong>R4 e R5<\/strong>, quando o neurocirurgi&atilde;o j&aacute; opera <strong>casos mais complexos<\/strong>, consolidando anos de experi&ecirc;ncia e dedica&ccedil;&atilde;o. A <strong>carga hor&aacute;ria diminui<\/strong>, mas a busca pela excel&ecirc;ncia permanece.<\/p><p>O <strong>R4 assume a responsabilidade das interconsultas<\/strong>, lidando com uma variedade de <strong>casos cl&iacute;nicos e pequenas contus&otilde;es<\/strong>. As consultas incluem<strong> avalia&ccedil;&otilde;es n&atilde;o cir&uacute;rgicas<\/strong>, proporcionando uma vis&atilde;o ampla da especialidade. No entanto, o R4 tamb&eacute;m participa de plant&otilde;es, contribuindo para a din&acirc;mica da equipe.<\/p><p>Ao abordar o<strong> R5<\/strong>, Amauri destaca a import&acirc;ncia do conhecimento abrangente, j&aacute; que o &uacute;ltimo ano envolve<strong> supervisionar todo o hospital<\/strong>. O R5<strong> gerencia a agenda cir&uacute;rgica<\/strong>, tomando<strong> decis&otilde;es cruciais e liderando a equipe<\/strong>.&nbsp;<\/p><h3 class=\"wp-block-heading\" id=\"h-estrutura-da-instituicao-e-casos\"><span class=\"ez-toc-section\" id=\"Estrutura-da-instituicao-e-casos\"><\/span>Estrutura da institui&ccedil;&atilde;o e casos<span class=\"ez-toc-section-end\"><\/span><\/h3><p>A <strong>estrutura da FMABC<\/strong>, sua <strong>variedade de recursos<\/strong>, <strong>resson&acirc;ncias <\/strong>e a <strong>capacidade de lidar com limita&ccedil;&otilde;es <\/strong>s&atilde;o aspectos essenciais no desenvolvimento profissional, preparando os residentes para diferentes cen&aacute;rios. Amauri enfatiza que, mesmo diante de desafios, a <strong>Neurocirurgia na institui&ccedil;&atilde;o &eacute; uma escolha que vale a pena<\/strong>.<\/p><p>Ele destaca a <strong>demanda constante por atendimentos<\/strong>, sendo comum a chegada de<strong> casos cr&iacute;ticos<\/strong> regulados externamente. A estrutura hospitalar &eacute; discutida, evidenciando a <strong>aus&ecirc;ncia de leitos espec&iacute;ficos para Neurocirurgia<\/strong> e a <strong>m&eacute;dia de 30 a 40 leitos compartilhados<\/strong> entre enfermaria e UTI. A sala cir&uacute;rgica &eacute; essencial, recebendo casos variados, inclusive por helic&oacute;ptero em situa&ccedil;&otilde;es de urg&ecirc;ncia.<\/p><h3 class=\"wp-block-heading\" id=\"h-dinamica-entre-a-equipe-nbsp\"><span class=\"ez-toc-section\" id=\"Dinamica-entre-a-equipe\"><\/span>Din&acirc;mica entre a equipe&nbsp;<span class=\"ez-toc-section-end\"><\/span><\/h3><p>A <strong>intera&ccedil;&atilde;o entre os residentes &eacute; destacada como positiva<\/strong>, com um <strong>ambiente colaborativo e solid&aacute;rio<\/strong>. Amauri enfatiza a import&acirc;ncia do aprendizado m&uacute;tuo, inclusive com os <strong>chefes, que oferecem suporte e orienta&ccedil;&atilde;o<\/strong>. A din&acirc;mica respeitosa, aliada &agrave; rigidez necess&aacute;ria, cria um ambiente prop&iacute;cio para o crescimento profissional e pessoal na Neurocirurgia.<\/p><p>Descubra mais sobre o programa de resid&ecirc;ncia m&eacute;dica em <strong>&nbsp;Neurocirurgia na FMABC<\/strong> com o bate-papo &ldquo;Vida de Residente&rdquo; entre a professora Ana Luiza Viana e Amauri Nunes de Oliveira, atual residente dessa especialidade na institui&ccedil;&atilde;o, no v&iacute;deo abaixo:<\/p><figure class=\"wp-block-embed is-type-video is-provider-youtube wp-block-embed-youtube wp-embed-aspect-16-9 wp-has-aspect-ratio\"><div class=\"wp-block-embed__wrapper\">\n<div class=\"cs-embed cs-embed-responsive\"><iframe title=\"Como &eacute; o programa de Resid&ecirc;ncia de Neurocirurgia na FMABC - Dr. Amauri Nunes de Oliveira J&uacute;nior\" width=\"1200\" height=\"675\" src=\"https:\/\/www.youtube.com\/embed\/5CbMPLrrRvk?feature=oembed\" frameborder=\"0\" allow=\"accelerometer; autoplay; clipboard-write; encrypted-media; gyroscope; picture-in-picture; web-share\" allowfullscreen><\/iframe><\/div>\n<\/div><\/figure><div class=\"wp-block-buttons is-content-justification-center is-layout-flex wp-container-core-buttons-is-layout-1 wp-block-buttons-is-layout-flex\">\n<div class=\"wp-block-button\"><a class=\"wp-block-button__link wp-element-button\" href=\"https:\/\/med.estrategia.com\/portal\/residencia-medica\/fmabc-residencia-medica\/\">Confira tudo sobre o processo seletivo da FMABC<\/a><\/div>\n<\/div><p>Se voc&ecirc; quer ficar por dentro de mais conte&uacute;dos relevantes sobre a &aacute;rea m&eacute;dica, continue acompanhando o material preparado pelo Portal de Not&iacute;cias do Estrat&eacute;gia MED. Aqui, voc&ecirc; encontrar&aacute; informa&ccedil;&otilde;es atualizadas sobre resid&ecirc;ncias, carreira m&eacute;dica e muito mais.<\/p><p>\n\n\n\n<a id=\"cta\" class=\"cta-imagem\" href=\"https:\/\/med.estrategia.com\/curso\/curso-intensivo-para-residencia-medica\/\" target=\"blank\">\n                <img decoding=\"async\" width=\"100%\" src=\"https:\/\/med.estrategia.com\/portal\/wp-content\/uploads\/2025\/08\/intensivo_rm.jpg\" alt=\"intensivo_rm\" title=\"intensivo_rm\">\n        <\/a>\n<\/p><\/p>\n","protected":false},"excerpt":{"rendered":"Conhe&ccedil;a em detalhes o programa de Resid&ecirc;ncia M&eacute;dica em Neurocirurgia na Faculdade de Medicina do ABC (FMABC) com&hellip;\n","protected":false},"author":22,"featured_media":38726,"comment_status":"closed","ping_status":"closed","sticky":false,"template":"","format":"standard","meta":{"wl_entities_gutenberg":"","footnotes":""},"categories":[24],"tags":[],"wl_entity_type":[199],"class_list":{"0":"post-56202","1":"post","2":"type-post","3":"status-publish","4":"format-standard","5":"has-post-thumbnail","7":"category-residencia-medica","8":"wl_entity_type-article"},"acf":[],"yoast_head":"<!-- This site is optimized with the Yoast SEO Premium plugin v26.6 (Yoast SEO v26.6) - https:\/\/yoast.com\/wordpress\/plugins\/seo\/ -->\n<title>Como \u00e9 a Resid\u00eancia M\u00e9dica de Neurocirurgia na FMABC<\/title>\n<meta name=\"description\" content=\"Confira o relato de residente ao Estrat\u00e9gia MED sobre o programa de resid\u00eancia m\u00e9dica em Neurocirurgia na FMABC!\" \/>\n<meta name=\"robots\" content=\"index, follow, max-snippet:-1, max-image-preview:large, max-video-preview:-1\" \/>\n<link rel=\"canonical\" href=\"https:\/\/med.estrategia.com\/portal\/residencia-medica\/como-e-a-residencia-medica-de-neurocirurgia-na-fmabc\/\" \/>\n<meta property=\"og:locale\" content=\"pt_BR\" \/>\n<meta property=\"og:type\" content=\"article\" \/>\n<meta property=\"og:title\" content=\"Como \u00e9 a Resid\u00eancia M\u00e9dica de Neurocirurgia na FMABC\" \/>\n<meta property=\"og:description\" content=\"Confira o relato de residente ao Estrat\u00e9gia MED sobre o programa de resid\u00eancia m\u00e9dica em Neurocirurgia na FMABC!\" \/>\n<meta property=\"og:url\" content=\"https:\/\/med.estrategia.com\/portal\/residencia-medica\/como-e-a-residencia-medica-de-neurocirurgia-na-fmabc\/\" \/>\n<meta property=\"og:site_name\" content=\"Estrat\u00e9gia MED\" \/>\n<meta property=\"article:publisher\" content=\"https:\/\/www.facebook.com\/estrategiamed1\" \/>\n<meta property=\"article:published_time\" content=\"2024-01-17T12:50:57+00:00\" \/>\n<meta property=\"article:modified_time\" content=\"2024-01-17T12:51:02+00:00\" \/>\n<meta property=\"og:image\" content=\"https:\/\/med.estrategia.com\/portal\/wp-content\/uploads\/2023\/04\/LP2_-1.jpg\" \/>\n\t<meta property=\"og:image:width\" content=\"1280\" \/>\n\t<meta property=\"og:image:height\" content=\"720\" \/>\n\t<meta property=\"og:image:type\" content=\"image\/jpeg\" \/>\n<meta name=\"author\" content=\"Erika Coelho\" \/>\n<meta name=\"twitter:card\" content=\"summary_large_image\" \/>\n<meta name=\"twitter:creator\" content=\"@estrategiamed_\" \/>\n<meta name=\"twitter:site\" content=\"@estrategiamed_\" \/>\n<meta name=\"twitter:label1\" content=\"Escrito por\" \/>\n\t<meta name=\"twitter:data1\" content=\"Erika Coelho\" \/>\n\t<meta name=\"twitter:label2\" content=\"Est. tempo de leitura\" \/>\n\t<meta name=\"twitter:data2\" content=\"4 minutos\" \/>\n<script type=\"application\/ld+json\" class=\"yoast-schema-graph\">{\"@context\":\"https:\/\/schema.org\",\"@graph\":[{\"@type\":\"WebPage\",\"@id\":\"https:\/\/med.estrategia.com\/portal\/residencia-medica\/como-e-a-residencia-medica-de-neurocirurgia-na-fmabc\/\",\"url\":\"https:\/\/med.estrategia.com\/portal\/residencia-medica\/como-e-a-residencia-medica-de-neurocirurgia-na-fmabc\/\",\"name\":\"Como \u00e9 a Resid\u00eancia M\u00e9dica de Neurocirurgia na FMABC\",\"isPartOf\":{\"@id\":\"https:\/\/med.estrategia.com\/portal\/#website\"},\"primaryImageOfPage\":{\"@id\":\"https:\/\/med.estrategia.com\/portal\/residencia-medica\/como-e-a-residencia-medica-de-neurocirurgia-na-fmabc\/#primaryimage\"},\"image\":{\"@id\":\"https:\/\/med.estrategia.com\/portal\/residencia-medica\/como-e-a-residencia-medica-de-neurocirurgia-na-fmabc\/#primaryimage\"},\"thumbnailUrl\":\"https:\/\/med.estrategia.com\/portal\/wp-content\/uploads\/2023\/04\/LP2_-1.jpg\",\"datePublished\":\"2024-01-17T12:50:57+00:00\",\"dateModified\":\"2024-01-17T12:51:02+00:00\",\"author\":{\"@id\":\"https:\/\/med.estrategia.com\/portal\/#\/schema\/person\/8e7c9b2f53f2eede3b8880ad86ff20a3\"},\"description\":\"Confira o relato de residente ao Estrat\u00e9gia MED sobre o programa de resid\u00eancia m\u00e9dica em Neurocirurgia na FMABC!\",\"breadcrumb\":{\"@id\":\"https:\/\/med.estrategia.com\/portal\/residencia-medica\/como-e-a-residencia-medica-de-neurocirurgia-na-fmabc\/#breadcrumb\"},\"inLanguage\":\"pt-BR\",\"potentialAction\":[{\"@type\":\"ReadAction\",\"target\":[\"https:\/\/med.estrategia.com\/portal\/residencia-medica\/como-e-a-residencia-medica-de-neurocirurgia-na-fmabc\/\"]}]},{\"@type\":\"ImageObject\",\"inLanguage\":\"pt-BR\",\"@id\":\"https:\/\/med.estrategia.com\/portal\/residencia-medica\/como-e-a-residencia-medica-de-neurocirurgia-na-fmabc\/#primaryimage\",\"url\":\"https:\/\/med.estrategia.com\/portal\/wp-content\/uploads\/2023\/04\/LP2_-1.jpg\",\"contentUrl\":\"https:\/\/med.estrategia.com\/portal\/wp-content\/uploads\/2023\/04\/LP2_-1.jpg\",\"width\":1280,\"height\":720,\"caption\":\"Cr\u00e9ditos: Estrat\u00e9gia MED\"},{\"@type\":\"BreadcrumbList\",\"@id\":\"https:\/\/med.estrategia.com\/portal\/residencia-medica\/como-e-a-residencia-medica-de-neurocirurgia-na-fmabc\/#breadcrumb\",\"itemListElement\":[{\"@type\":\"ListItem\",\"position\":1,\"name\":\"Home\",\"item\":\"https:\/\/med.estrategia.com\/portal\/\"},{\"@type\":\"ListItem\",\"position\":2,\"name\":\"Resid\u00eancia M\u00e9dica\",\"item\":\"https:\/\/med.estrategia.com\/portal\/residencia-medica\/\"},{\"@type\":\"ListItem\",\"position\":3,\"name\":\"Como \u00e9 a Resid\u00eancia M\u00e9dica de Neurocirurgia na FMABC\"}]},{\"@type\":\"WebSite\",\"@id\":\"https:\/\/med.estrategia.com\/portal\/#website\",\"url\":\"https:\/\/med.estrategia.com\/portal\/\",\"name\":\"Estrat\u00e9gia MED\",\"description\":\"\",\"potentialAction\":[{\"@type\":\"SearchAction\",\"target\":{\"@type\":\"EntryPoint\",\"urlTemplate\":\"https:\/\/med.estrategia.com\/portal\/?s={search_term_string}\"},\"query-input\":{\"@type\":\"PropertyValueSpecification\",\"valueRequired\":true,\"valueName\":\"search_term_string\"}}],\"inLanguage\":\"pt-BR\"},{\"@type\":\"Person\",\"@id\":\"https:\/\/med.estrategia.com\/portal\/#\/schema\/person\/8e7c9b2f53f2eede3b8880ad86ff20a3\",\"name\":\"Erika Coelho\",\"image\":{\"@type\":\"ImageObject\",\"inLanguage\":\"pt-BR\",\"@id\":\"https:\/\/med.estrategia.com\/portal\/#\/schema\/person\/image\/\",\"url\":\"https:\/\/secure.gravatar.com\/avatar\/8ef9ff2e2fa53829c640cca8d1a45178?s=96&d=mm&r=g\",\"contentUrl\":\"https:\/\/secure.gravatar.com\/avatar\/8ef9ff2e2fa53829c640cca8d1a45178?s=96&d=mm&r=g\",\"caption\":\"Erika Coelho\"},\"description\":\"Jornalista pela Universidade Presbiteriana Mackenzie, escrevo sobre educa\u00e7\u00e3o, sa\u00fade e pol\u00edticas p\u00fablicas\",\"url\":\"https:\/\/med.estrategia.com\/portal\/author\/erika\/\"}]}<\/script>\n<!-- \/ Yoast SEO Premium plugin. -->","yoast_head_json":{"title":"Como \u00e9 a Resid\u00eancia M\u00e9dica de Neurocirurgia na FMABC","description":"Confira o relato de residente ao Estrat\u00e9gia MED sobre o programa de resid\u00eancia m\u00e9dica em Neurocirurgia na FMABC!","robots":{"index":"index","follow":"follow","max-snippet":"max-snippet:-1","max-image-preview":"max-image-preview:large","max-video-preview":"max-video-preview:-1"},"canonical":"https:\/\/med.estrategia.com\/portal\/residencia-medica\/como-e-a-residencia-medica-de-neurocirurgia-na-fmabc\/","og_locale":"pt_BR","og_type":"article","og_title":"Como \u00e9 a Resid\u00eancia M\u00e9dica de Neurocirurgia na FMABC","og_description":"Confira o relato de residente ao Estrat\u00e9gia MED sobre o programa de resid\u00eancia m\u00e9dica em Neurocirurgia na FMABC!","og_url":"https:\/\/med.estrategia.com\/portal\/residencia-medica\/como-e-a-residencia-medica-de-neurocirurgia-na-fmabc\/","og_site_name":"Estrat\u00e9gia MED","article_publisher":"https:\/\/www.facebook.com\/estrategiamed1","article_published_time":"2024-01-17T12:50:57+00:00","article_modified_time":"2024-01-17T12:51:02+00:00","og_image":[{"width":1280,"height":720,"url":"https:\/\/med.estrategia.com\/portal\/wp-content\/uploads\/2023\/04\/LP2_-1.jpg","type":"image\/jpeg"}],"author":"Erika Coelho","twitter_card":"summary_large_image","twitter_creator":"@estrategiamed_","twitter_site":"@estrategiamed_","twitter_misc":{"Escrito por":"Erika Coelho","Est. tempo de leitura":"4 minutos"},"schema":{"@context":"https:\/\/schema.org","@graph":[{"@type":"WebPage","@id":"https:\/\/med.estrategia.com\/portal\/residencia-medica\/como-e-a-residencia-medica-de-neurocirurgia-na-fmabc\/","url":"https:\/\/med.estrategia.com\/portal\/residencia-medica\/como-e-a-residencia-medica-de-neurocirurgia-na-fmabc\/","name":"Como \u00e9 a Resid\u00eancia M\u00e9dica de Neurocirurgia na FMABC","isPartOf":{"@id":"https:\/\/med.estrategia.com\/portal\/#website"},"primaryImageOfPage":{"@id":"https:\/\/med.estrategia.com\/portal\/residencia-medica\/como-e-a-residencia-medica-de-neurocirurgia-na-fmabc\/#primaryimage"},"image":{"@id":"https:\/\/med.estrategia.com\/portal\/residencia-medica\/como-e-a-residencia-medica-de-neurocirurgia-na-fmabc\/#primaryimage"},"thumbnailUrl":"https:\/\/med.estrategia.com\/portal\/wp-content\/uploads\/2023\/04\/LP2_-1.jpg","datePublished":"2024-01-17T12:50:57+00:00","dateModified":"2024-01-17T12:51:02+00:00","author":{"@id":"https:\/\/med.estrategia.com\/portal\/#\/schema\/person\/8e7c9b2f53f2eede3b8880ad86ff20a3"},"description":"Confira o relato de residente ao Estrat\u00e9gia MED sobre o programa de resid\u00eancia m\u00e9dica em Neurocirurgia na FMABC!","breadcrumb":{"@id":"https:\/\/med.estrategia.com\/portal\/residencia-medica\/como-e-a-residencia-medica-de-neurocirurgia-na-fmabc\/#breadcrumb"},"inLanguage":"pt-BR","potentialAction":[{"@type":"ReadAction","target":["https:\/\/med.estrategia.com\/portal\/residencia-medica\/como-e-a-residencia-medica-de-neurocirurgia-na-fmabc\/"]}]},{"@type":"ImageObject","inLanguage":"pt-BR","@id":"https:\/\/med.estrategia.com\/portal\/residencia-medica\/como-e-a-residencia-medica-de-neurocirurgia-na-fmabc\/#primaryimage","url":"https:\/\/med.estrategia.com\/portal\/wp-content\/uploads\/2023\/04\/LP2_-1.jpg","contentUrl":"https:\/\/med.estrategia.com\/portal\/wp-content\/uploads\/2023\/04\/LP2_-1.jpg","width":1280,"height":720,"caption":"Cr\u00e9ditos: Estrat\u00e9gia MED"},{"@type":"BreadcrumbList","@id":"https:\/\/med.estrategia.com\/portal\/residencia-medica\/como-e-a-residencia-medica-de-neurocirurgia-na-fmabc\/#breadcrumb","itemListElement":[{"@type":"ListItem","position":1,"name":"Home","item":"https:\/\/med.estrategia.com\/portal\/"},{"@type":"ListItem","position":2,"name":"Resid\u00eancia M\u00e9dica","item":"https:\/\/med.estrategia.com\/portal\/residencia-medica\/"},{"@type":"ListItem","position":3,"name":"Como \u00e9 a Resid\u00eancia M\u00e9dica de Neurocirurgia na FMABC"}]},{"@type":"WebSite","@id":"https:\/\/med.estrategia.com\/portal\/#website","url":"https:\/\/med.estrategia.com\/portal\/","name":"Estrat\u00e9gia MED","description":"","potentialAction":[{"@type":"SearchAction","target":{"@type":"EntryPoint","urlTemplate":"https:\/\/med.estrategia.com\/portal\/?s={search_term_string}"},"query-input":{"@type":"PropertyValueSpecification","valueRequired":true,"valueName":"search_term_string"}}],"inLanguage":"pt-BR"},{"@type":"Person","@id":"https:\/\/med.estrategia.com\/portal\/#\/schema\/person\/8e7c9b2f53f2eede3b8880ad86ff20a3","name":"Erika Coelho","image":{"@type":"ImageObject","inLanguage":"pt-BR","@id":"https:\/\/med.estrategia.com\/portal\/#\/schema\/person\/image\/","url":"https:\/\/secure.gravatar.com\/avatar\/8ef9ff2e2fa53829c640cca8d1a45178?s=96&d=mm&r=g","contentUrl":"https:\/\/secure.gravatar.com\/avatar\/8ef9ff2e2fa53829c640cca8d1a45178?s=96&d=mm&r=g","caption":"Erika Coelho"},"description":"Jornalista pela Universidade Presbiteriana Mackenzie, escrevo sobre educa\u00e7\u00e3o, sa\u00fade e pol\u00edticas p\u00fablicas","url":"https:\/\/med.estrategia.com\/portal\/author\/erika\/"}]}},"_wl_alt_label":[],"wl:entity_url":"\/post\/como-e-a-residencia-medica-de-neurocirurgia-na-fmabc","_links":{"self":[{"href":"https:\/\/med.estrategia.com\/portal\/wp-json\/wp\/v2\/posts\/56202","targetHints":{"allow":["GET"]}}],"collection":[{"href":"https:\/\/med.estrategia.com\/portal\/wp-json\/wp\/v2\/posts"}],"about":[{"href":"https:\/\/med.estrategia.com\/portal\/wp-json\/wp\/v2\/types\/post"}],"author":[{"embeddable":true,"href":"https:\/\/med.estrategia.com\/portal\/wp-json\/wp\/v2\/users\/22"}],"replies":[{"embeddable":true,"href":"https:\/\/med.estrategia.com\/portal\/wp-json\/wp\/v2\/comments?post=56202"}],"version-history":[{"count":1,"href":"https:\/\/med.estrategia.com\/portal\/wp-json\/wp\/v2\/posts\/56202\/revisions"}],"predecessor-version":[{"id":56205,"href":"https:\/\/med.estrategia.com\/portal\/wp-json\/wp\/v2\/posts\/56202\/revisions\/56205"}],"wp:featuredmedia":[{"embeddable":true,"href":"https:\/\/med.estrategia.com\/portal\/wp-json\/wp\/v2\/media\/38726"}],"wp:attachment":[{"href":"https:\/\/med.estrategia.com\/portal\/wp-json\/wp\/v2\/media?parent=56202"}],"wp:term":[{"taxonomy":"category","embeddable":true,"href":"https:\/\/med.estrategia.com\/portal\/wp-json\/wp\/v2\/categories?post=56202"},{"taxonomy":"post_tag","embeddable":true,"href":"https:\/\/med.estrategia.com\/portal\/wp-json\/wp\/v2\/tags?post=56202"},{"taxonomy":"wl_entity_type","embeddable":true,"href":"https:\/\/med.estrategia.com\/portal\/wp-json\/wp\/v2\/wl_entity_type?post=56202"}],"curies":[{"name":"wp","href":"https:\/\/api.w.org\/{rel}","templated":true}]}}