{"id":56492,"date":"2024-01-22T10:42:56","date_gmt":"2024-01-22T13:42:56","guid":{"rendered":"https:\/\/med.estrategia.com\/portal\/?p=56492"},"modified":"2024-01-22T10:43:04","modified_gmt":"2024-01-22T13:43:04","slug":"como-e-a-residencia-medica-de-mfc-na-ufmg","status":"publish","type":"post","link":"https:\/\/med.estrategia.com\/portal\/residencia-medica\/como-e-a-residencia-medica-de-mfc-na-ufmg\/","title":{"rendered":"Como \u00e9 a Resid\u00eancia M\u00e9dica de MFC na UFMG"},"content":{"rendered":"<p>Para te ajudar a compreender a din&acirc;mica da Resid&ecirc;ncia M&eacute;dica em <strong>Medicina de Fam&iacute;lia e Comunidade (MFC) na Universidade Federal de Minas Gerais (UFMG)<\/strong>, o Portal do Estrat&eacute;gia MED explorou neste texto diversos aspectos desse programa. Abordamos a diversidade de est&aacute;gios, os desafios e muito mais acerca da trajet&oacute;ria dentro dessa especialidade em ascens&atilde;o. Confira os principais pontos abaixo!<div id=\"ez-toc-container\" class=\"ez-toc-v2_0_79_2 counter-hierarchy ez-toc-counter ez-toc-transparent ez-toc-container-direction\">\n<div class=\"ez-toc-title-container\"><p class=\"ez-toc-title\" style=\"cursor:inherit\">Navegue pelo conte\u00fado<\/p>\n<\/div><nav><ul class='ez-toc-list ez-toc-list-level-1 ' ><li class='ez-toc-page-1 ez-toc-heading-level-2'><a class=\"ez-toc-link ez-toc-heading-1\" href=\"https:\/\/med.estrategia.com\/portal\/residencia-medica\/como-e-a-residencia-medica-de-mfc-na-ufmg\/#A-residencia-em-MFC-na-UFMG\" >A resid&ecirc;ncia em MFC na UFMG<\/a><ul class='ez-toc-list-level-3' ><li class='ez-toc-heading-level-3'><a class=\"ez-toc-link ez-toc-heading-2\" href=\"https:\/\/med.estrategia.com\/portal\/residencia-medica\/como-e-a-residencia-medica-de-mfc-na-ufmg\/#Inscreva-se-em-nossa-newsletter\" >Inscreva-se em nossa newsletter!<\/a><\/li><li class='ez-toc-page-1 ez-toc-heading-level-3'><a class=\"ez-toc-link ez-toc-heading-3\" href=\"https:\/\/med.estrategia.com\/portal\/residencia-medica\/como-e-a-residencia-medica-de-mfc-na-ufmg\/#Dinamica-da-residencia-em-MFC-na-UFMG\" >Din&acirc;mica da resid&ecirc;ncia em MFC na UFMG<\/a><\/li><li class='ez-toc-page-1 ez-toc-heading-level-3'><a class=\"ez-toc-link ez-toc-heading-4\" href=\"https:\/\/med.estrategia.com\/portal\/residencia-medica\/como-e-a-residencia-medica-de-mfc-na-ufmg\/#Principais-casos-e-rotina\" >Principais casos e rotina<\/a><\/li><li class='ez-toc-page-1 ez-toc-heading-level-3'><a class=\"ez-toc-link ez-toc-heading-5\" href=\"https:\/\/med.estrategia.com\/portal\/residencia-medica\/como-e-a-residencia-medica-de-mfc-na-ufmg\/#Pontos-positivos-e-negativos\" >Pontos positivos e negativos<\/a><\/li><li class='ez-toc-page-1 ez-toc-heading-level-3'><a class=\"ez-toc-link ez-toc-heading-6\" href=\"https:\/\/med.estrategia.com\/portal\/residencia-medica\/como-e-a-residencia-medica-de-mfc-na-ufmg\/#Dicas-para-escolha-do-programa\" >Dicas para escolha do programa<\/a><\/li><\/ul><\/li><\/ul><\/nav><\/div>\n<h2 class=\"wp-block-heading\" id=\"h-a-residencia-em-mfc-na-ufmg\"><span class=\"ez-toc-section\" id=\"A-residencia-em-MFC-na-UFMG\"><\/span>A resid&ecirc;ncia em MFC na UFMG<span class=\"ez-toc-section-end\"><\/span><\/h2><p>Para conhecer melhor a rotina dos residentes de <strong>MFC da UFMG<\/strong>, o Estrat&eacute;gia MED conversou com <strong>Nathalia Luisa Carlos Ferreira<\/strong>, ex-residente da especialidade na institui&ccedil;&atilde;o. Nathalia destacou a peculiaridade da estrutura do programa, que inclui a <strong>atua&ccedil;&atilde;o em diversos servi&ccedil;os de sa&uacute;de ligados &agrave; prefeitura<\/strong>.<\/p><p>A resid&ecirc;ncia de MFC na UFMG se diferencia por oferecer a oportunidade de atuar em <strong>postos de sa&uacute;de conveniados<\/strong>, proporcionando uma <strong>vis&atilde;o abrangente<\/strong> da Medicina de Fam&iacute;lia e Comunidade. Embora n&atilde;o haja incentivos financeiros significativos, Nathalia ressalta a<strong> import&acirc;ncia da forma&ccedil;&atilde;o acad&ecirc;mica na &aacute;rea<\/strong> e a possibilidade de ganhar <strong>10% de bonifica&ccedil;&atilde;o no processo seletivo de uma futura resid&ecirc;ncia<\/strong>.<\/p><p class=\"wp-block-verse\">Saiba mais sobre: <a href=\"https:\/\/med.estrategia.com\/portal\/atualidades\/bonus-na-prova-de-residencia-medica\/\">Como conseguir b&ocirc;nus na prova de Resid&ecirc;ncia M&eacute;dica?<\/a><\/p><p>\n\n\n<div id=\"new-form\">\n\t<form id=\"forms_layout\">\n\t<input type=\"hidden\" id=\"chave_de\" name=\"chave_de\" value=\"01_EMED_LEADS_TOTAIS\" \/>\n\t\t<input type=\"hidden\" id=\"mid\" name=\"mid\" value=\"515009018\" \/>\n\t\t<input type=\"hidden\" id=\"Objetivo\" name=\"Objetivo\" value=\"Medicina\" \/>\n\t\t<input type=\"hidden\" id=\"Estado_de_Origem_do_IP\" name=\"Estado_de_Origem_do_IP\"  value=\"\" \/>\n\t\t<input type=\"hidden\" id=\"Cidade_de_Origem_do_IP\" name=\"Cidade_de_Origem_do_IP\" value=\"\" \/>\n\t\t<input type=\"hidden\" id=\"Modo_de_entrada\" name=\"Modo_de_entrada\" value=\"Portal\" \/>\n\t\t<input type=\"hidden\" id=\"Pagina_Origem\" name=\"Pagina_Origem\" value=\"\" \/>\n\n\t\t<div class=\"texto\">\n\t\t\t<h3 class=\"news\"><span class=\"ez-toc-section\" id=\"Inscreva-se-em-nossa-newsletter\"><\/span>Inscreva-se em nossa newsletter!<span class=\"ez-toc-section-end\"><\/span><\/h3>\n\t\t\t<p>Receba not\u00edcias sobre resid\u00eancia m\u00e9dica, revalida\u00e7\u00e3o de diplomas e concursos m\u00e9dicos, al\u00e9m de materiais de estudo gratuitos e informa\u00e7\u00f5es relevantes do mundo da Medicina.<\/p>\n\t\t<\/div>\n\t\t<div class=\"campos\">\n\t\t\t<div class=\"first_name labels\">\n\t\t\t\t<input type=\"text\" class=\"input_labels\" id=\"first_name\" name=\"Nome_Completo\" placeholder=\"Nome\" required \/>\n\t\t\t<\/div>\n\t\t\t<div class=\"email labels\">\n\t\t\t\t<input type=\"email\" class=\"input_labels\" id=\"email\" name=\"Email\" placeholder=\"E-mail\" required \/>\n\t\t\t<\/div>\n\t\t\t<button type=\"submit\" class=\"button_layout\">\n\t\t\t\t<div id=\"lblBotao\">Inscreva-se<\/div>\n\t\t\t\t<span id=\"divSpiner\" class=\"loader\" role=\"status\" style=\"display: none;\"><\/span>\t\n\t\t\t<\/button>\n\t\t<\/div><!-- \/campos -->\n\t\t\n\t\t<label class=\"container_checkbox\">Voc\u00ea concorda com a nossa\n\t\t\t<a class=\"politics_privacy_ahref\" target=\"_blank\" href=\"https:\/\/gratis.estrategiaconcursos.com.br\/politica-de-privacidade\/\">Pol\u00edtica de Privacidade<\/a> e aceita receber informa\u00e7\u00f5es adicionais do Estrat\u00e9gia Educacional.\n\t\t\t<input id=\"checkbox_layout\" type=\"checkbox\" checked=\"checked\" required \/>\n\t\t\t<span class=\"checkbox\"><\/span>\n\t\t<\/label>\n\t\t<div id=\"msg\"><\/div>\n\t\t<div id=\"error\" class=\"error\">\n\t\t<\/div>\n\t<\/form>\n<\/div><!-- \/new-form -->\n\n\n\n<\/p><h3 class=\"wp-block-heading\" id=\"h-dinamica-da-residencia-em-mfc-na-ufmg\"><span class=\"ez-toc-section\" id=\"Dinamica-da-residencia-em-MFC-na-UFMG\"><\/span>Din&acirc;mica da resid&ecirc;ncia em MFC na UFMG<span class=\"ez-toc-section-end\"><\/span><\/h3><p>Ao longo dos <strong>dois anos de resid&ecirc;ncia<\/strong>, os m&eacute;dicos passam por <strong>est&aacute;gios externos diversificados<\/strong>, incluindo em sa&uacute;de mental, Cardiologia, Pediatria, Cuidados Paliativos, Pneumologia e sa&uacute;de do trabalhador, bem como transitam em variados ambulat&oacute;rios, que abordam temas como Ginecologia, cuidados com idosos, entre outros.<\/p><p>Nat&aacute;lia descreve a rota&ccedil;&atilde;o em <strong>ambulat&oacute;rios espec&iacute;ficos<\/strong>, como o de<strong> tuberculose no Hospital das Cl&iacute;nicas<\/strong>, e menciona a <strong>imers&atilde;o nos cuidados paliativos<\/strong>, destacando a <strong>demanda significativa nessa &aacute;rea<\/strong>. Al&eacute;m disso, a residente ressalta a <strong>carga de trabalho<\/strong>, que pode ser intensa a depender dos est&aacute;gios.&nbsp;<\/p><p>Ainda, ao compartilhar detalhes sobre a din&acirc;mica da resid&ecirc;ncia na UFMG, Nathalia destaca a possibilidade de <strong>trocas entre as v&aacute;rias unidades b&aacute;sicas de sa&uacute;de conveniadas &agrave; prefeitura<\/strong>, onde os residentes realizam os est&aacute;gios.&nbsp;<\/p><p>Os residentes t&ecirc;m <strong>aulas te&oacute;ricas semanais<\/strong>, organizadas pelos pr&oacute;prios colegas ou por preceptores e a flexibilidade para <strong>complementa&ccedil;&atilde;o externa<\/strong> &eacute; enfatizada, com a <strong>possibilidade de trabalhar por fora durante a resid&ecirc;ncia<\/strong>.<\/p><h3 class=\"wp-block-heading\" id=\"h-principais-casos-e-rotina\"><span class=\"ez-toc-section\" id=\"Principais-casos-e-rotina\"><\/span>Principais casos e rotina<span class=\"ez-toc-section-end\"><\/span><\/h3><p>Nathalia frisa tamb&eacute;m o est&aacute;gio em <strong>sa&uacute;de do trabalhador<\/strong>, em que aprendem a <strong>emitir laudos e relat&oacute;rios de forma precisa<\/strong>. Al&eacute;m disso, a residente aborda a <strong>experi&ecirc;ncia de acompanhar cirurgias ambulatoriais na aten&ccedil;&atilde;o secund&aacute;ria<\/strong>, realizando <strong>procedimentos como a remo&ccedil;&atilde;o de n&oacute;dulos e les&otilde;es suspeitas<\/strong>.&nbsp;<\/p><p>Al&eacute;m disso, a resid&ecirc;ncia inclui Ginecologia e Obstetr&iacute;cia, com acompanhamento no <strong>Centro de Sa&uacute;de e plant&otilde;es no Hospital Risoleta Tolentino Neves<\/strong>. Ainda, a MFC acompanha o <strong>ambulat&oacute;rio de sa&uacute;de do idoso<\/strong>, fortalecido pela Geriatria do Hospital das Cl&iacute;nicas da UFMG. A<strong> diversidade de experi&ecirc;ncias <\/strong>&eacute; ressaltada, com rod&iacute;zio em <strong>diversos servi&ccedil;os ao longo do ano<\/strong>.&nbsp;<\/p><h3 class=\"wp-block-heading\" id=\"h-pontos-positivos-e-negativos\"><span class=\"ez-toc-section\" id=\"Pontos-positivos-e-negativos\"><\/span>Pontos positivos e negativos<span class=\"ez-toc-section-end\"><\/span><\/h3><p>Apesar dos benef&iacute;cios, alguns pontos a serem considerados incluem <strong>o perfil do hospital, que &eacute; quatern&aacute;rio<\/strong>, ou seja, este pode<strong> n&atilde;o ser ideal para quem prefere uma abordagem mais centrada no m&eacute;dico de fam&iacute;lia<\/strong>.&nbsp;<\/p><p>Al&eacute;m disso, a <strong>segmenta&ccedil;&atilde;o da rede de sa&uacute;de em Belo Horizonte <\/strong>&eacute; mencionada como um desafio, com a <strong>necessidade frequente de referenciar pacientes para servi&ccedil;os especializados<\/strong>, o que pode <strong>limitar a autonomia do m&eacute;dico de fam&iacute;lia<\/strong>. Al&eacute;m disso, h&aacute; a <strong>sobrecarga e a falta de recursos<\/strong>, citadas como desafios para quem busca uma pr&aacute;tica mais vasta na Medicina de Fam&iacute;lia e Comunidade.<\/p><p>Nathalia ainda destaca a<strong> aus&ecirc;ncia de ajuda de custo por parte da UFMG<\/strong>, mas enfatiza a vantagem de, ap&oacute;s o programa, receber <strong>10% de bonifica&ccedil;&atilde;o nos processos seletivos <\/strong>de resid&ecirc;ncia m&eacute;dica para buscar uma forma&ccedil;&atilde;o mais abrangente no futuro.<\/p><p>A especialista ainda exp&otilde;e situa&ccedil;&otilde;es particulares vivenciadas na resid&ecirc;ncia, em que ouviu relatos de<strong> incompreens&atilde;o em rela&ccedil;&atilde;o &agrave; presen&ccedil;a de m&eacute;dicos de fam&iacute;lia<\/strong> em servi&ccedil;os como Dermatologia, evidenciando a falta de reconhecimento dentro do hospital. A ex-residente de MFC ressalta a <strong>necessidade de refletir sobre o desejo de seguir na &aacute;rea<\/strong>, destacando, apesar dos desafios, a <strong>relev&acirc;ncia do m&eacute;dico de fam&iacute;lia na sa&uacute;de do Brasil<\/strong>.<\/p><h3 class=\"wp-block-heading\" id=\"h-dicas-para-escolha-do-programa\"><span class=\"ez-toc-section\" id=\"Dicas-para-escolha-do-programa\"><\/span>Dicas para escolha do programa<span class=\"ez-toc-section-end\"><\/span><\/h3><p>A <strong>falta de valoriza&ccedil;&atilde;o do profissional <\/strong>pode ser um ponto fraco para alguns, especialmente para aqueles mais sens&iacute;veis a essas quest&otilde;es. Nathalia sugere que, se a pessoa n&atilde;o souber <strong>superar esse desafio<\/strong> e n&atilde;o conseguir <strong>convencer os colegas da import&acirc;ncia do m&eacute;dico de fam&iacute;lia<\/strong>, talvez seja melhor <strong>optar por um servi&ccedil;o em outra localidade, como uma prefeitura do interior.<\/strong><\/p><p>Nos servi&ccedil;os do interior, a <strong>concorr&ecirc;ncia &eacute; menor<\/strong>, e h&aacute; a vantagem de ter provas n&atilde;o t&atilde;o espec&iacute;ficas para esses locais, como no caso do ENARE, com <strong>mais vagas dispon&iacute;veis<\/strong>. Al&eacute;m disso, <strong>muitas prefeituras oferecem ajuda de custo<\/strong>, considerando o m&eacute;dico de fam&iacute;lia como uma <strong>m&atilde;o de obra essencial para o atendimento local<\/strong>.<\/p><p>&Eacute; importante ponderar entre buscar apenas a<strong> remunera&ccedil;&atilde;o <\/strong>ou optar por um <strong>servi&ccedil;o que proporcione aprendizado e suporte<\/strong>, caso da UFMG, com preceptores sempre ao lado. A escolha depender&aacute; do<strong> objetivo de cada<\/strong> <strong>um<\/strong>. No entanto, a resid&ecirc;ncia em MFC segue, claramente, como uma <strong>carreira em ascens&atilde;o<\/strong>.<\/p><p>Descubra mais sobre o programa de resid&ecirc;ncia m&eacute;dica em <strong>MFC na UFMG<\/strong> com o bate-papo &ldquo;Vida de Residente&rdquo; entre a professora Ana Luiza Viana e Nathalia Luisa Carlos Ferreira, ex-residente dessa especialidade na institui&ccedil;&atilde;o, no v&iacute;deo abaixo:<\/p><figure class=\"wp-block-embed is-type-video is-provider-youtube wp-block-embed-youtube wp-embed-aspect-16-9 wp-has-aspect-ratio\"><div class=\"wp-block-embed__wrapper\">\n<div class=\"cs-embed cs-embed-responsive\"><iframe title=\"Como &eacute; o programa de Resid&ecirc;ncia de Medicina de Fam&iacute;lia e Comunidade do Hospital das Cl&iacute;nicas da UFMG\" width=\"1200\" height=\"675\" src=\"https:\/\/www.youtube.com\/embed\/st3gs7_obNY?feature=oembed\" frameborder=\"0\" allow=\"accelerometer; autoplay; clipboard-write; encrypted-media; gyroscope; picture-in-picture; web-share\" allowfullscreen><\/iframe><\/div>\n<\/div><\/figure><div class=\"wp-block-buttons is-content-justification-center is-layout-flex wp-container-core-buttons-is-layout-1 wp-block-buttons-is-layout-flex\">\n<div class=\"wp-block-button\"><a class=\"wp-block-button__link wp-element-button\" href=\"https:\/\/med.estrategia.com\/portal\/residencia-medica\/enare-vagas-cronograma-provas-edital\/\" target=\"_blank\">Confira tudo sobre o processo seletivo da UFMG<\/a><\/div>\n<\/div><p>Se voc&ecirc; quer ficar por dentro de mais conte&uacute;dos relevantes sobre a &aacute;rea m&eacute;dica, continue acompanhando o material preparado pelo Portal de Not&iacute;cias do Estrat&eacute;gia MED. Aqui, voc&ecirc; encontrar&aacute; informa&ccedil;&otilde;es atualizadas sobre resid&ecirc;ncias, carreira m&eacute;dica e muito mais.<\/p><p>\n\n\n\n<a id=\"cta\" class=\"cta-imagem\" href=\"https:\/\/med.estrategia.com\/curso\/curso-intensivo-para-residencia-medica\/\" target=\"blank\">\n                <img decoding=\"async\" width=\"100%\" src=\"https:\/\/med.estrategia.com\/portal\/wp-content\/uploads\/2025\/08\/intensivo_rm.jpg\" alt=\"intensivo_rm\" title=\"intensivo_rm\">\n        <\/a>\n<\/p><\/p>\n","protected":false},"excerpt":{"rendered":"Para te ajudar a compreender a din&acirc;mica da Resid&ecirc;ncia M&eacute;dica em Medicina de Fam&iacute;lia e Comunidade (MFC) na&hellip;\n","protected":false},"author":22,"featured_media":38727,"comment_status":"closed","ping_status":"closed","sticky":false,"template":"","format":"standard","meta":{"wl_entities_gutenberg":"","footnotes":""},"categories":[24],"tags":[],"wl_entity_type":[199],"class_list":{"0":"post-56492","1":"post","2":"type-post","3":"status-publish","4":"format-standard","5":"has-post-thumbnail","7":"category-residencia-medica","8":"wl_entity_type-article"},"acf":[],"yoast_head":"<!-- This site is optimized with the Yoast SEO Premium plugin v26.6 (Yoast SEO v26.6) - https:\/\/yoast.com\/wordpress\/plugins\/seo\/ -->\n<title>Como \u00e9 a Resid\u00eancia M\u00e9dica de MFC na UFMG<\/title>\n<meta name=\"description\" content=\"Confira o relato de residente ao Estrat\u00e9gia MED sobre o programa de resid\u00eancia m\u00e9dica de Medicina de Fam\u00edlia e Comunidade (MFC) na UFMG!\" \/>\n<meta name=\"robots\" content=\"index, follow, max-snippet:-1, max-image-preview:large, max-video-preview:-1\" \/>\n<link rel=\"canonical\" href=\"https:\/\/med.estrategia.com\/portal\/residencia-medica\/como-e-a-residencia-medica-de-mfc-na-ufmg\/\" \/>\n<meta property=\"og:locale\" content=\"pt_BR\" \/>\n<meta property=\"og:type\" content=\"article\" \/>\n<meta property=\"og:title\" content=\"Como \u00e9 a Resid\u00eancia M\u00e9dica de MFC na UFMG\" \/>\n<meta property=\"og:description\" content=\"Confira o relato de residente ao Estrat\u00e9gia MED sobre o programa de resid\u00eancia m\u00e9dica de Medicina de Fam\u00edlia e Comunidade (MFC) na UFMG!\" \/>\n<meta property=\"og:url\" content=\"https:\/\/med.estrategia.com\/portal\/residencia-medica\/como-e-a-residencia-medica-de-mfc-na-ufmg\/\" \/>\n<meta property=\"og:site_name\" content=\"Estrat\u00e9gia MED\" \/>\n<meta property=\"article:publisher\" content=\"https:\/\/www.facebook.com\/estrategiamed1\" \/>\n<meta property=\"article:published_time\" content=\"2024-01-22T13:42:56+00:00\" \/>\n<meta property=\"article:modified_time\" content=\"2024-01-22T13:43:04+00:00\" \/>\n<meta property=\"og:image\" content=\"https:\/\/med.estrategia.com\/portal\/wp-content\/uploads\/2023\/04\/LP2_.jpg\" \/>\n\t<meta property=\"og:image:width\" content=\"1280\" \/>\n\t<meta property=\"og:image:height\" content=\"720\" \/>\n\t<meta property=\"og:image:type\" content=\"image\/jpeg\" \/>\n<meta name=\"author\" content=\"Erika Coelho\" \/>\n<meta name=\"twitter:card\" content=\"summary_large_image\" \/>\n<meta name=\"twitter:creator\" content=\"@estrategiamed_\" \/>\n<meta name=\"twitter:site\" content=\"@estrategiamed_\" \/>\n<meta name=\"twitter:label1\" content=\"Escrito por\" \/>\n\t<meta name=\"twitter:data1\" content=\"Erika Coelho\" \/>\n\t<meta name=\"twitter:label2\" content=\"Est. tempo de leitura\" \/>\n\t<meta name=\"twitter:data2\" content=\"5 minutos\" \/>\n<script type=\"application\/ld+json\" class=\"yoast-schema-graph\">{\"@context\":\"https:\/\/schema.org\",\"@graph\":[{\"@type\":\"WebPage\",\"@id\":\"https:\/\/med.estrategia.com\/portal\/residencia-medica\/como-e-a-residencia-medica-de-mfc-na-ufmg\/\",\"url\":\"https:\/\/med.estrategia.com\/portal\/residencia-medica\/como-e-a-residencia-medica-de-mfc-na-ufmg\/\",\"name\":\"Como \u00e9 a Resid\u00eancia M\u00e9dica de MFC na UFMG\",\"isPartOf\":{\"@id\":\"https:\/\/med.estrategia.com\/portal\/#website\"},\"primaryImageOfPage\":{\"@id\":\"https:\/\/med.estrategia.com\/portal\/residencia-medica\/como-e-a-residencia-medica-de-mfc-na-ufmg\/#primaryimage\"},\"image\":{\"@id\":\"https:\/\/med.estrategia.com\/portal\/residencia-medica\/como-e-a-residencia-medica-de-mfc-na-ufmg\/#primaryimage\"},\"thumbnailUrl\":\"https:\/\/med.estrategia.com\/portal\/wp-content\/uploads\/2023\/04\/LP2_.jpg\",\"datePublished\":\"2024-01-22T13:42:56+00:00\",\"dateModified\":\"2024-01-22T13:43:04+00:00\",\"author\":{\"@id\":\"https:\/\/med.estrategia.com\/portal\/#\/schema\/person\/8e7c9b2f53f2eede3b8880ad86ff20a3\"},\"description\":\"Confira o relato de residente ao Estrat\u00e9gia MED sobre o programa de resid\u00eancia m\u00e9dica de Medicina de Fam\u00edlia e Comunidade (MFC) na UFMG!\",\"breadcrumb\":{\"@id\":\"https:\/\/med.estrategia.com\/portal\/residencia-medica\/como-e-a-residencia-medica-de-mfc-na-ufmg\/#breadcrumb\"},\"inLanguage\":\"pt-BR\",\"potentialAction\":[{\"@type\":\"ReadAction\",\"target\":[\"https:\/\/med.estrategia.com\/portal\/residencia-medica\/como-e-a-residencia-medica-de-mfc-na-ufmg\/\"]}]},{\"@type\":\"ImageObject\",\"inLanguage\":\"pt-BR\",\"@id\":\"https:\/\/med.estrategia.com\/portal\/residencia-medica\/como-e-a-residencia-medica-de-mfc-na-ufmg\/#primaryimage\",\"url\":\"https:\/\/med.estrategia.com\/portal\/wp-content\/uploads\/2023\/04\/LP2_.jpg\",\"contentUrl\":\"https:\/\/med.estrategia.com\/portal\/wp-content\/uploads\/2023\/04\/LP2_.jpg\",\"width\":1280,\"height\":720,\"caption\":\"Cr\u00e9ditos: Estrat\u00e9gia MED\"},{\"@type\":\"BreadcrumbList\",\"@id\":\"https:\/\/med.estrategia.com\/portal\/residencia-medica\/como-e-a-residencia-medica-de-mfc-na-ufmg\/#breadcrumb\",\"itemListElement\":[{\"@type\":\"ListItem\",\"position\":1,\"name\":\"Home\",\"item\":\"https:\/\/med.estrategia.com\/portal\/\"},{\"@type\":\"ListItem\",\"position\":2,\"name\":\"Resid\u00eancia M\u00e9dica\",\"item\":\"https:\/\/med.estrategia.com\/portal\/residencia-medica\/\"},{\"@type\":\"ListItem\",\"position\":3,\"name\":\"Como \u00e9 a Resid\u00eancia M\u00e9dica de MFC na UFMG\"}]},{\"@type\":\"WebSite\",\"@id\":\"https:\/\/med.estrategia.com\/portal\/#website\",\"url\":\"https:\/\/med.estrategia.com\/portal\/\",\"name\":\"Estrat\u00e9gia MED\",\"description\":\"\",\"potentialAction\":[{\"@type\":\"SearchAction\",\"target\":{\"@type\":\"EntryPoint\",\"urlTemplate\":\"https:\/\/med.estrategia.com\/portal\/?s={search_term_string}\"},\"query-input\":{\"@type\":\"PropertyValueSpecification\",\"valueRequired\":true,\"valueName\":\"search_term_string\"}}],\"inLanguage\":\"pt-BR\"},{\"@type\":\"Person\",\"@id\":\"https:\/\/med.estrategia.com\/portal\/#\/schema\/person\/8e7c9b2f53f2eede3b8880ad86ff20a3\",\"name\":\"Erika Coelho\",\"image\":{\"@type\":\"ImageObject\",\"inLanguage\":\"pt-BR\",\"@id\":\"https:\/\/med.estrategia.com\/portal\/#\/schema\/person\/image\/\",\"url\":\"https:\/\/secure.gravatar.com\/avatar\/8ef9ff2e2fa53829c640cca8d1a45178?s=96&d=mm&r=g\",\"contentUrl\":\"https:\/\/secure.gravatar.com\/avatar\/8ef9ff2e2fa53829c640cca8d1a45178?s=96&d=mm&r=g\",\"caption\":\"Erika Coelho\"},\"description\":\"Jornalista pela Universidade Presbiteriana Mackenzie, escrevo sobre educa\u00e7\u00e3o, sa\u00fade e pol\u00edticas p\u00fablicas\",\"url\":\"https:\/\/med.estrategia.com\/portal\/author\/erika\/\"}]}<\/script>\n<!-- \/ Yoast SEO Premium plugin. -->","yoast_head_json":{"title":"Como \u00e9 a Resid\u00eancia M\u00e9dica de MFC na UFMG","description":"Confira o relato de residente ao Estrat\u00e9gia MED sobre o programa de resid\u00eancia m\u00e9dica de Medicina de Fam\u00edlia e Comunidade (MFC) na UFMG!","robots":{"index":"index","follow":"follow","max-snippet":"max-snippet:-1","max-image-preview":"max-image-preview:large","max-video-preview":"max-video-preview:-1"},"canonical":"https:\/\/med.estrategia.com\/portal\/residencia-medica\/como-e-a-residencia-medica-de-mfc-na-ufmg\/","og_locale":"pt_BR","og_type":"article","og_title":"Como \u00e9 a Resid\u00eancia M\u00e9dica de MFC na UFMG","og_description":"Confira o relato de residente ao Estrat\u00e9gia MED sobre o programa de resid\u00eancia m\u00e9dica de Medicina de Fam\u00edlia e Comunidade (MFC) na UFMG!","og_url":"https:\/\/med.estrategia.com\/portal\/residencia-medica\/como-e-a-residencia-medica-de-mfc-na-ufmg\/","og_site_name":"Estrat\u00e9gia MED","article_publisher":"https:\/\/www.facebook.com\/estrategiamed1","article_published_time":"2024-01-22T13:42:56+00:00","article_modified_time":"2024-01-22T13:43:04+00:00","og_image":[{"width":1280,"height":720,"url":"https:\/\/med.estrategia.com\/portal\/wp-content\/uploads\/2023\/04\/LP2_.jpg","type":"image\/jpeg"}],"author":"Erika Coelho","twitter_card":"summary_large_image","twitter_creator":"@estrategiamed_","twitter_site":"@estrategiamed_","twitter_misc":{"Escrito por":"Erika Coelho","Est. tempo de leitura":"5 minutos"},"schema":{"@context":"https:\/\/schema.org","@graph":[{"@type":"WebPage","@id":"https:\/\/med.estrategia.com\/portal\/residencia-medica\/como-e-a-residencia-medica-de-mfc-na-ufmg\/","url":"https:\/\/med.estrategia.com\/portal\/residencia-medica\/como-e-a-residencia-medica-de-mfc-na-ufmg\/","name":"Como \u00e9 a Resid\u00eancia M\u00e9dica de MFC na UFMG","isPartOf":{"@id":"https:\/\/med.estrategia.com\/portal\/#website"},"primaryImageOfPage":{"@id":"https:\/\/med.estrategia.com\/portal\/residencia-medica\/como-e-a-residencia-medica-de-mfc-na-ufmg\/#primaryimage"},"image":{"@id":"https:\/\/med.estrategia.com\/portal\/residencia-medica\/como-e-a-residencia-medica-de-mfc-na-ufmg\/#primaryimage"},"thumbnailUrl":"https:\/\/med.estrategia.com\/portal\/wp-content\/uploads\/2023\/04\/LP2_.jpg","datePublished":"2024-01-22T13:42:56+00:00","dateModified":"2024-01-22T13:43:04+00:00","author":{"@id":"https:\/\/med.estrategia.com\/portal\/#\/schema\/person\/8e7c9b2f53f2eede3b8880ad86ff20a3"},"description":"Confira o relato de residente ao Estrat\u00e9gia MED sobre o programa de resid\u00eancia m\u00e9dica de Medicina de Fam\u00edlia e Comunidade (MFC) na UFMG!","breadcrumb":{"@id":"https:\/\/med.estrategia.com\/portal\/residencia-medica\/como-e-a-residencia-medica-de-mfc-na-ufmg\/#breadcrumb"},"inLanguage":"pt-BR","potentialAction":[{"@type":"ReadAction","target":["https:\/\/med.estrategia.com\/portal\/residencia-medica\/como-e-a-residencia-medica-de-mfc-na-ufmg\/"]}]},{"@type":"ImageObject","inLanguage":"pt-BR","@id":"https:\/\/med.estrategia.com\/portal\/residencia-medica\/como-e-a-residencia-medica-de-mfc-na-ufmg\/#primaryimage","url":"https:\/\/med.estrategia.com\/portal\/wp-content\/uploads\/2023\/04\/LP2_.jpg","contentUrl":"https:\/\/med.estrategia.com\/portal\/wp-content\/uploads\/2023\/04\/LP2_.jpg","width":1280,"height":720,"caption":"Cr\u00e9ditos: Estrat\u00e9gia MED"},{"@type":"BreadcrumbList","@id":"https:\/\/med.estrategia.com\/portal\/residencia-medica\/como-e-a-residencia-medica-de-mfc-na-ufmg\/#breadcrumb","itemListElement":[{"@type":"ListItem","position":1,"name":"Home","item":"https:\/\/med.estrategia.com\/portal\/"},{"@type":"ListItem","position":2,"name":"Resid\u00eancia M\u00e9dica","item":"https:\/\/med.estrategia.com\/portal\/residencia-medica\/"},{"@type":"ListItem","position":3,"name":"Como \u00e9 a Resid\u00eancia M\u00e9dica de MFC na UFMG"}]},{"@type":"WebSite","@id":"https:\/\/med.estrategia.com\/portal\/#website","url":"https:\/\/med.estrategia.com\/portal\/","name":"Estrat\u00e9gia MED","description":"","potentialAction":[{"@type":"SearchAction","target":{"@type":"EntryPoint","urlTemplate":"https:\/\/med.estrategia.com\/portal\/?s={search_term_string}"},"query-input":{"@type":"PropertyValueSpecification","valueRequired":true,"valueName":"search_term_string"}}],"inLanguage":"pt-BR"},{"@type":"Person","@id":"https:\/\/med.estrategia.com\/portal\/#\/schema\/person\/8e7c9b2f53f2eede3b8880ad86ff20a3","name":"Erika Coelho","image":{"@type":"ImageObject","inLanguage":"pt-BR","@id":"https:\/\/med.estrategia.com\/portal\/#\/schema\/person\/image\/","url":"https:\/\/secure.gravatar.com\/avatar\/8ef9ff2e2fa53829c640cca8d1a45178?s=96&d=mm&r=g","contentUrl":"https:\/\/secure.gravatar.com\/avatar\/8ef9ff2e2fa53829c640cca8d1a45178?s=96&d=mm&r=g","caption":"Erika Coelho"},"description":"Jornalista pela Universidade Presbiteriana Mackenzie, escrevo sobre educa\u00e7\u00e3o, sa\u00fade e pol\u00edticas p\u00fablicas","url":"https:\/\/med.estrategia.com\/portal\/author\/erika\/"}]}},"_wl_alt_label":[],"wl:entity_url":"\/post\/como-e-a-residencia-medica-de-mfc-na-ufmg","_links":{"self":[{"href":"https:\/\/med.estrategia.com\/portal\/wp-json\/wp\/v2\/posts\/56492","targetHints":{"allow":["GET"]}}],"collection":[{"href":"https:\/\/med.estrategia.com\/portal\/wp-json\/wp\/v2\/posts"}],"about":[{"href":"https:\/\/med.estrategia.com\/portal\/wp-json\/wp\/v2\/types\/post"}],"author":[{"embeddable":true,"href":"https:\/\/med.estrategia.com\/portal\/wp-json\/wp\/v2\/users\/22"}],"replies":[{"embeddable":true,"href":"https:\/\/med.estrategia.com\/portal\/wp-json\/wp\/v2\/comments?post=56492"}],"version-history":[{"count":1,"href":"https:\/\/med.estrategia.com\/portal\/wp-json\/wp\/v2\/posts\/56492\/revisions"}],"predecessor-version":[{"id":56495,"href":"https:\/\/med.estrategia.com\/portal\/wp-json\/wp\/v2\/posts\/56492\/revisions\/56495"}],"wp:featuredmedia":[{"embeddable":true,"href":"https:\/\/med.estrategia.com\/portal\/wp-json\/wp\/v2\/media\/38727"}],"wp:attachment":[{"href":"https:\/\/med.estrategia.com\/portal\/wp-json\/wp\/v2\/media?parent=56492"}],"wp:term":[{"taxonomy":"category","embeddable":true,"href":"https:\/\/med.estrategia.com\/portal\/wp-json\/wp\/v2\/categories?post=56492"},{"taxonomy":"post_tag","embeddable":true,"href":"https:\/\/med.estrategia.com\/portal\/wp-json\/wp\/v2\/tags?post=56492"},{"taxonomy":"wl_entity_type","embeddable":true,"href":"https:\/\/med.estrategia.com\/portal\/wp-json\/wp\/v2\/wl_entity_type?post=56492"}],"curies":[{"name":"wp","href":"https:\/\/api.w.org\/{rel}","templated":true}]}}