{"id":56931,"date":"2024-01-26T17:38:10","date_gmt":"2024-01-26T20:38:10","guid":{"rendered":"https:\/\/med.estrategia.com\/portal\/?p=56931"},"modified":"2024-01-26T17:38:16","modified_gmt":"2024-01-26T20:38:16","slug":"inscricoes-abertas-para-concurso-publico-de-criciuma-com-vagas-para-medicos","status":"publish","type":"post","link":"https:\/\/med.estrategia.com\/portal\/concursos\/inscricoes-abertas-para-concurso-publico-de-criciuma-com-vagas-para-medicos\/","title":{"rendered":"Inscri\u00e7\u00f5es abertas para Concurso p\u00fablico de Crici\u00fama com vagas para m\u00e9dicos"},"content":{"rendered":"<p>A <strong>Prefeitura de<\/strong> <strong>Crici&uacute;ma<\/strong>, no estado de Santa Catarina, abriu as inscri&ccedil;&otilde;es para o <strong>concurso p&uacute;blico<\/strong> com duas vagas para in&iacute;cio imediato e forma&ccedil;&atilde;o de cadastro reserva <strong>para m&eacute;dicos<\/strong> <strong>especialistas.<\/strong><p>Os candidatos interessados podem se inscrever <strong>at&eacute; o dia 22 de fevereiro<\/strong>, por meio do site da banca organizadora,<a href=\"https:\/\/www.fundatec.org.br\/portal\/concursos\/index_concursos.php?concurso=870\" target=\"_blank\"> FUNDATEC<\/a>. <strong>A taxa &eacute; de R$120,00<\/strong>.<\/p><p>A remunera&ccedil;&atilde;o inicial varia entre <strong>R$4.401,72 a R$14.819,12<\/strong>, conforme a especialidade m&eacute;dica e ou a carga hor&aacute;ria semanal.<\/p><div class=\"wp-block-buttons is-content-justification-center is-layout-flex wp-container-core-buttons-is-layout-1 wp-block-buttons-is-layout-flex\">\n<div class=\"wp-block-button\"><a class=\"wp-block-button__link wp-element-button\" href=\"https:\/\/med.estrategia.com\/portal\/wp-content\/uploads\/2024\/01\/Edital_Concurso_Criciuma_SC_2024.pdf\" target=\"_blank\">Edital &ndash; prefeitura de crici&uacute;ma 2024<\/a><\/div>\n<\/div><div id=\"ez-toc-container\" class=\"ez-toc-v2_0_79_2 counter-hierarchy ez-toc-counter ez-toc-transparent ez-toc-container-direction\">\n<div class=\"ez-toc-title-container\"><p class=\"ez-toc-title\" style=\"cursor:inherit\">Navegue pelo conte\u00fado<\/p>\n<\/div><nav><ul class='ez-toc-list ez-toc-list-level-1 ' ><li class='ez-toc-page-1 ez-toc-heading-level-2'><a class=\"ez-toc-link ez-toc-heading-1\" href=\"https:\/\/med.estrategia.com\/portal\/concursos\/inscricoes-abertas-para-concurso-publico-de-criciuma-com-vagas-para-medicos\/#Resumo-Edital-Criciuma-2024\" >Resumo Edital Crici&uacute;ma 2024<\/a><\/li><li class='ez-toc-page-1 ez-toc-heading-level-2'><a class=\"ez-toc-link ez-toc-heading-2\" href=\"https:\/\/med.estrategia.com\/portal\/concursos\/inscricoes-abertas-para-concurso-publico-de-criciuma-com-vagas-para-medicos\/#Inscricao\" >Inscri&ccedil;&atilde;o<\/a><\/li><li class='ez-toc-page-1 ez-toc-heading-level-2'><a class=\"ez-toc-link ez-toc-heading-3\" href=\"https:\/\/med.estrategia.com\/portal\/concursos\/inscricoes-abertas-para-concurso-publico-de-criciuma-com-vagas-para-medicos\/#Vagas\" >Vagas<\/a><\/li><li class='ez-toc-page-1 ez-toc-heading-level-2'><a class=\"ez-toc-link ez-toc-heading-4\" href=\"https:\/\/med.estrategia.com\/portal\/concursos\/inscricoes-abertas-para-concurso-publico-de-criciuma-com-vagas-para-medicos\/#Processo-Seletivo\" >Processo Seletivo<\/a><\/li><li class='ez-toc-page-1 ez-toc-heading-level-2'><a class=\"ez-toc-link ez-toc-heading-5\" href=\"https:\/\/med.estrategia.com\/portal\/concursos\/inscricoes-abertas-para-concurso-publico-de-criciuma-com-vagas-para-medicos\/#Sobre-a-cidade-de-Criciuma-%E2%80%93-SC\" >Sobre a cidade de Crici&uacute;ma &ndash; SC<\/a><\/li><li class='ez-toc-page-1 ez-toc-heading-level-2'><a class=\"ez-toc-link ez-toc-heading-6\" href=\"https:\/\/med.estrategia.com\/portal\/concursos\/inscricoes-abertas-para-concurso-publico-de-criciuma-com-vagas-para-medicos\/#Prepare-se-para-o-concurso-publico-de-Criciuma-com-o-Estrategia-MED\" >Prepare-se para o concurso p&uacute;blico de Crici&uacute;ma com o Estrat&eacute;gia MED!&nbsp;&nbsp;<\/a><\/li><\/ul><\/nav><\/div>\n<h2 class=\"wp-block-heading\" id=\"h-resumo-edital-criciuma-2024\"><span class=\"ez-toc-section\" id=\"Resumo-Edital-Criciuma-2024\"><\/span>Resumo Edital Crici&uacute;ma 2024<span class=\"ez-toc-section-end\"><\/span><\/h2><figure class=\"wp-block-table\"><table><tbody><tr><td>Vagas Ofertadas<\/td><td>2 + 7 CR<\/td><\/tr><tr><td>Remunera&ccedil;&atilde;o<\/td><td>R$ 14.819,12<br>R$ 8.069,82<br>R$ 5.868,96<br>R$ 4.401,72<\/td><\/tr><tr><td>Carga Hor&aacute;ria Semanal&nbsp;&nbsp;<\/td><td>40 horas<br>10 horas<\/td><\/tr><tr><td>Composi&ccedil;&atilde;o do Processo Seletivo<\/td><td>Prova objetiva e prova de t&iacute;tulos<\/td><\/tr><tr><td>Per&iacute;odo de inscri&ccedil;&atilde;o<\/td><td>24\/01\/2024 a 22\/02\/2024<\/td><\/tr><tr><td>Per&iacute;odo para solicita&ccedil;&atilde;o da isen&ccedil;&atilde;o da inscri&ccedil;&atilde;o<\/td><td>24\/01\/2024 a 05\/02\/2024<\/td><\/tr><tr><td>Taxa de Inscri&ccedil;&atilde;o<\/td><td>R$ 120,00<\/td><\/tr><tr><td>Pagamento da Taxa de Inscri&ccedil;&atilde;o<\/td><td>At&eacute; 23\/02\/2024<\/td><\/tr><tr><td>Consulta de Data, Hora e Local das Provas Te&oacute;rico-Objetivas no site da FUNDATEC<\/td><td>15\/03\/2024<\/td><\/tr><tr><td>Prova Objetiva<\/td><td>24\/03\/2024<\/td><\/tr><tr><td>Divulga&ccedil;&atilde;o dos gabaritos preliminares<\/td><td>25\/03\/2024<\/td><\/tr><tr><td>Divulga&ccedil;&atilde;o dos Gabaritos Definitivos<\/td><td>09\/04\/2024<\/td><\/tr><tr><td>Consulta &agrave;s Notas Definitivas das Provas Te&oacute;rico-Objetivas<\/td><td>18\/04\/2024<\/td><\/tr><tr><td>Divulga&ccedil;&atilde;o da Lista dos Aprovados para Entrega de T&iacute;tulos<\/td><td>19\/04\/2024<\/td><\/tr><tr><td>Per&iacute;odo para Entrega de T&iacute;tulos<\/td><td>22\/04\/204 e 23\/04\/2024<\/td><\/tr><tr><td>Divulga&ccedil;&atilde;o das Notas Preliminares da Prova de T&iacute;tulos<\/td><td>29\/04\/2024<\/td><\/tr><tr><td>Consulta &agrave;s Notas Definitivas da Prova de T&iacute;tulos<\/td><td>08\/05\/2024<\/td><\/tr><tr><td>Edital de Homologa&ccedil;&atilde;o do Resultado Final do Concurso P&uacute;blico<\/td><td>16\/05\/2024<\/td><\/tr><\/tbody><\/table><\/figure><h2 class=\"wp-block-heading\" id=\"h-inscricao\"><span class=\"ez-toc-section\" id=\"Inscricao\"><\/span>Inscri&ccedil;&atilde;o<span class=\"ez-toc-section-end\"><\/span><\/h2><p>Os candidatos interessados em participar do processo poder&atilde;o se inscrever at&eacute; o<strong> dia 22 de fevereiro de 2024, <\/strong>por meio do site<strong> <\/strong>da banca avaliadora,<a href=\"https:\/\/www.fundatec.org.br\/portal\/concursos\/index_concursos.php?concurso=870\" target=\"_blank\"> FUNDATEC<\/a>. A taxa de inscri&ccedil;&atilde;o &eacute; de <strong>R$120,00<\/strong> e o prazo para o pagamento &eacute; at&eacute; o <strong>dia 23 de fevereiro de 2024<\/strong>.<\/p><h2 class=\"wp-block-heading\" id=\"h-vagas\"><span class=\"ez-toc-section\" id=\"Vagas\"><\/span>Vagas<span class=\"ez-toc-section-end\"><\/span><\/h2><p>Neste edital, <strong>ser&atilde;o disponibilizadas 2 vagas na &aacute;rea m&eacute;dica e forma&ccedil;&atilde;o de cadastro reserva<\/strong> para atuar no munic&iacute;pio. Confira as especialidades na tabela a seguir:<\/p><figure class=\"wp-block-table\"><table><tbody><tr><td>Especialidades<\/td><td>Vagas Ampla Concorr&ecirc;ncia<\/td><td>Carga Hor&aacute;ria<\/td><td>Remunera&ccedil;&atilde;o<\/td><\/tr><tr><td>M&eacute;dico generalista<\/td><td>CR<\/td><td>10 horas<\/td><td>R$ 4.401,72<\/td><\/tr><tr><td>M&eacute;dico ESF<\/td><td>CR<\/td><td>40 horas<\/td><td>R$ 14.819,12<\/td><\/tr><tr><td>M&eacute;dico do Trabalho<\/td><td>CR<\/td><td>10 horas<\/td><td>R$ 5.868,96<\/td><\/tr><tr><td>Pediatra<\/td><td>CR<\/td><td>10 horas<\/td><td>R$ 8.069,82<\/td><\/tr><tr><td>Psiquiatra<\/td><td>CR<\/td><td>10 horas<\/td><td>R$ 8.069,82<\/td><\/tr><tr><td>Pneumologista<\/td><td>CR<\/td><td>10 horas<\/td><td>R$ 8.069,82<\/td><\/tr><tr><td>Geriatra<\/td><td>2 + CR<\/td><td>10 horas<\/td><td>R$ 8.069,82<\/td><\/tr><\/tbody><\/table><\/figure><h2 class=\"wp-block-heading\" id=\"h-processo-seletivo\"><span class=\"ez-toc-section\" id=\"Processo-Seletivo\"><\/span>Processo Seletivo<span class=\"ez-toc-section-end\"><\/span><\/h2><p>O processo seletivo para esse edital conta com <strong>uma prova objetiva, realizada em Crici&uacute;ma e uma prova de t&iacute;tulos.<\/strong><\/p><h3 class=\"wp-block-heading\" id=\"h-prova-objetiva\">Prova Objetiva<\/h3><p>A<strong> prova objetiva <\/strong>est&aacute; prevista para o dia <strong>24 de mar&ccedil;o de 2024, <\/strong>de car&aacute;ter eliminat&oacute;rio e classificat&oacute;rio, com dura&ccedil;&atilde;o de 4 horas, <strong>composta por 60 quest&otilde;es de m&uacute;ltipla escolha<\/strong>, com cinco alternativas, divididas entre as seguintes &aacute;reas de conhecimento:<\/p><ul class=\"wp-block-list\">\n<li>10 quest&otilde;es de L&iacute;ngua Portuguesa;<\/li>\n\n\n\n<li>10 quest&otilde;es de Racioc&iacute;nio L&oacute;gico;<\/li>\n\n\n\n<li>10 quest&otilde;es de Tecnologia da Informa&ccedil;&atilde;o; e<\/li>\n\n\n\n<li>30 quest&otilde;es de Conhecimentos espec&iacute;ficos.<\/li>\n<\/ul><h3 class=\"wp-block-heading\" id=\"h-prova-de-titulos\">Prova de T&iacute;tulos<\/h3><p>A prova de t&iacute;tulos &eacute; de car&aacute;ter classificat&oacute;rio, e para os candidatos de n&iacute;vel superior habilitados na prova objetiva.<\/p><p>Os t&iacute;tulos aceitos precisam ter sido expedidos at&eacute; a data de entrega, observados os limites da pontua&ccedil;&atilde;o do quadro a seguir:<\/p><figure class=\"wp-block-table\"><table><tbody><tr><td>Item<\/td><td>Descri&ccedil;&atilde;o<\/td><td>Quantidade de T&iacute;tulos<\/td><td>Valor Unit&aacute;rio<\/td><td>Valor M&aacute;ximo<\/td><\/tr><tr><td>I.<\/td><td>Doutorado (Stricto Sensu)<\/td><td>1<\/td><td>3,00<\/td><td>3,00<\/td><\/tr><tr><td>II.<\/td><td>Mestrado (Stricto Sensu)<\/td><td>1<\/td><td>2,50<\/td><td>2,50<\/td><\/tr><tr><td>III.<\/td><td>Resid&ecirc;ncias em Sa&uacute;de Uniprofissional ou Multiprofissional<\/td><td>1<\/td><td>2,50<\/td><td>2,50<\/td><\/tr><tr><td>IV.<\/td><td>Especializa&ccedil;&atilde;o Lato Sensu<\/td><td>1<\/td><td>2,00<\/td><td>2,00<\/td><\/tr><tr><td>&nbsp;<\/td><td>Total geral em T&iacute;tulos<\/td><td>&nbsp;<\/td><td>&nbsp;<\/td><td>10,0<\/td><\/tr><\/tbody><\/table><\/figure><p><strong>Somente ser&atilde;o aceitos:<\/strong><\/p><p>a) Diplomas, Certificados e Declara&ccedil;&otilde;es que estejam devidamente assinados pela institui&ccedil;&atilde;o; e\/ou emitidas pela internet desde que contenham c&oacute;digo de autenticidade eletr&ocirc;nico, considerando ser de institui&ccedil;&otilde;es de ensino devidamente regulamentadas pelos &oacute;rg&atilde;os oficiais;<\/p><p>b) Cursos relacionados conforme descrito no item 2.3 do edital;<\/p><p>c) Cursos CONCLU&Iacute;DOS at&eacute; a data de aplica&ccedil;&atilde;o da prova te&oacute;rico-objetiva;<\/p><p>d) em caso de Resid&ecirc;ncia, trazer explicitamente a informa&ccedil;&atilde;o se m&eacute;dica ou se em sa&uacute;de (Uniprofissional e\/ou Multiprofissional);<\/p><p>e) Certificados de Especializa&ccedil;&atilde;o que apresentem as seguintes caracter&iacute;sticas;<\/p><p>e.1) em caso de Especializa&ccedil;&atilde;o Lato Sensu, tanto no caso de cursos ministrados &agrave; dist&acirc;ncia como nos presenciais, ter expl&iacute;cito:<\/p><p>&nbsp;&ndash; a informa&ccedil;&atilde;o &ldquo;p&oacute;s-gradua&ccedil;&atilde;o Lato Sensu&rdquo;; ou &ndash; refer&ecirc;ncia expressa &agrave;s resolu&ccedil;&otilde;es do Conselho Nacional de Educa&ccedil;&atilde;o no que tange ao estabelecimento das normas para o funcionamento de cursos de p&oacute;s-gradua&ccedil;&atilde;o Lato Sensu, em n&iacute;vel de especializa&ccedil;&atilde;o.<\/p><p>&ndash; carga hor&aacute;ria m&iacute;nima de 360h.<\/p><h2 class=\"wp-block-heading\" id=\"h-sobre-a-cidade-de-criciuma-sc\"><span class=\"ez-toc-section\" id=\"Sobre-a-cidade-de-Criciuma-%E2%80%93-SC\"><\/span>Sobre a cidade de Crici&uacute;ma &ndash; SC<span class=\"ez-toc-section-end\"><\/span><\/h2><p>O munic&iacute;pio de <strong>Crici&uacute;ma<\/strong> est&aacute; localizado no estado de Santa Catarina, a aproximadamente 190 a 200 quil&ocirc;metros da capital Florian&oacute;polis, no sul do Brasil.<\/p><p>A cidade possui <strong>214.493 habitantes<\/strong>, segundo dados do Censo de 2022, publicados no site do Instituto Brasileiro de Geografia e Estat&iacute;stica (IBGE).<\/p><p>Fundada em 1880, Crici&uacute;ma foi palco de importantes movimentos grevistas no setor carbon&iacute;fero ao longo dos anos, devido a extra&ccedil;&atilde;o de carv&atilde;o, uma das principais atividades que contribuiu para o desenvolvimento econ&ocirc;mico da regi&atilde;o.<\/p><p>Com rela&ccedil;&atilde;o &agrave; sa&uacute;de, a cidade possui <strong>cinco<\/strong> <strong>hospitais p&uacute;blicos e seis hospitais particulares, e conta com 51 unidades b&aacute;sicas de sa&uacute;de <\/strong>para atendimento &agrave; popula&ccedil;&atilde;o.<\/p><h2 class=\"wp-block-heading\" id=\"h-prepare-se-para-o-concurso-publico-de-criciuma-com-o-estrategia-med\"><span class=\"ez-toc-section\" id=\"Prepare-se-para-o-concurso-publico-de-Criciuma-com-o-Estrategia-MED\"><\/span>Prepare-se para o concurso p&uacute;blico de Crici&uacute;ma com o Estrat&eacute;gia MED!&nbsp;&nbsp;<span class=\"ez-toc-section-end\"><\/span><\/h2><p>Com o<a href=\"https:\/\/med.estrategia.com\/curso\/sprint-concursos-medicos\/\" target=\"_blank\"> Sprint Concursos M&eacute;dicos do Estrat&eacute;gia MED<\/a> voc&ecirc; ter&aacute; &agrave; disposi&ccedil;&atilde;o 1.500 quest&otilde;es com foco em concursos p&uacute;blicos com cargos m&eacute;dicos incluindo as disciplinas mais cobradas neste tipo de sele&ccedil;&atilde;o: Portugu&ecirc;s, Matem&aacute;tica, Inform&aacute;tica, Direito e claro, Medicina.<\/p><p>Conhe&ccedil;a tamb&eacute;m o nosso<a href=\"https:\/\/med.estrategia.com\/curso\/banco-de-questes-resumos-estrategicos-anual\/\" target=\"_blank\"> Banco de Quest&otilde;es<\/a>, que atualmente conta com mais de 195 mil quest&otilde;es cadastradas e n&atilde;o para de crescer. Vem ser coruja!<\/p><\/p>\n","protected":false},"excerpt":{"rendered":"Inscri\u00e7\u00f5es seguem at\u00e9 22 de fevereiro e sal\u00e1rio inicial \u00e9 de R$ 14,8 mil\n","protected":false},"author":45,"featured_media":56928,"comment_status":"closed","ping_status":"closed","sticky":false,"template":"","format":"standard","meta":{"wl_entities_gutenberg":"","footnotes":""},"categories":[474],"tags":[],"wl_entity_type":[199],"class_list":{"0":"post-56931","1":"post","2":"type-post","3":"status-publish","4":"format-standard","5":"has-post-thumbnail","7":"category-concursos","8":"wl_entity_type-article"},"acf":[],"yoast_head":"<!-- This site is optimized with the Yoast SEO Premium plugin v26.6 (Yoast SEO v26.6) - https:\/\/yoast.com\/wordpress\/plugins\/seo\/ -->\n<title>Concurso P\u00fablico de Crici\u00fama tem vagas para m\u00e9dicos<\/title>\n<meta name=\"description\" content=\"A Prefeitura de Crici\u00fama, abriu as inscri\u00e7\u00f5es para o concurso p\u00fablico com vagas a para m\u00e9dicos especialistas e sal\u00e1rios de at\u00e9 R$ 14,8 mil.\" \/>\n<meta name=\"robots\" content=\"index, follow, max-snippet:-1, max-image-preview:large, max-video-preview:-1\" \/>\n<link rel=\"canonical\" href=\"https:\/\/med.estrategia.com\/portal\/concursos\/inscricoes-abertas-para-concurso-publico-de-criciuma-com-vagas-para-medicos\/\" \/>\n<meta property=\"og:locale\" content=\"pt_BR\" \/>\n<meta property=\"og:type\" content=\"article\" \/>\n<meta property=\"og:title\" content=\"Inscri\u00e7\u00f5es abertas para Concurso p\u00fablico de Crici\u00fama com vagas para m\u00e9dicos\" \/>\n<meta property=\"og:description\" content=\"A Prefeitura de Crici\u00fama, abriu as inscri\u00e7\u00f5es para o concurso p\u00fablico com vagas a para m\u00e9dicos especialistas e sal\u00e1rios de at\u00e9 R$ 14,8 mil.\" \/>\n<meta property=\"og:url\" content=\"https:\/\/med.estrategia.com\/portal\/concursos\/inscricoes-abertas-para-concurso-publico-de-criciuma-com-vagas-para-medicos\/\" \/>\n<meta property=\"og:site_name\" content=\"Estrat\u00e9gia MED\" \/>\n<meta property=\"article:publisher\" content=\"https:\/\/www.facebook.com\/estrategiamed1\" \/>\n<meta property=\"article:published_time\" content=\"2024-01-26T20:38:10+00:00\" \/>\n<meta property=\"article:modified_time\" content=\"2024-01-26T20:38:16+00:00\" \/>\n<meta property=\"og:image\" content=\"https:\/\/med.estrategia.com\/portal\/wp-content\/uploads\/2024\/01\/Capa_concurso_Criciuma_SC.jpg\" \/>\n\t<meta property=\"og:image:width\" content=\"1280\" \/>\n\t<meta property=\"og:image:height\" content=\"720\" \/>\n\t<meta property=\"og:image:type\" content=\"image\/jpeg\" \/>\n<meta name=\"author\" content=\"Priscila Pereira\" \/>\n<meta name=\"twitter:card\" content=\"summary_large_image\" \/>\n<meta name=\"twitter:creator\" content=\"@estrategiamed_\" \/>\n<meta name=\"twitter:site\" content=\"@estrategiamed_\" \/>\n<meta name=\"twitter:label1\" content=\"Escrito por\" \/>\n\t<meta name=\"twitter:data1\" content=\"Priscila Pereira\" \/>\n\t<meta name=\"twitter:label2\" content=\"Est. tempo de leitura\" \/>\n\t<meta name=\"twitter:data2\" content=\"5 minutos\" \/>\n<script type=\"application\/ld+json\" class=\"yoast-schema-graph\">{\"@context\":\"https:\/\/schema.org\",\"@graph\":[{\"@type\":\"WebPage\",\"@id\":\"https:\/\/med.estrategia.com\/portal\/concursos\/inscricoes-abertas-para-concurso-publico-de-criciuma-com-vagas-para-medicos\/\",\"url\":\"https:\/\/med.estrategia.com\/portal\/concursos\/inscricoes-abertas-para-concurso-publico-de-criciuma-com-vagas-para-medicos\/\",\"name\":\"Concurso P\u00fablico de Crici\u00fama tem vagas para m\u00e9dicos\",\"isPartOf\":{\"@id\":\"https:\/\/med.estrategia.com\/portal\/#website\"},\"primaryImageOfPage\":{\"@id\":\"https:\/\/med.estrategia.com\/portal\/concursos\/inscricoes-abertas-para-concurso-publico-de-criciuma-com-vagas-para-medicos\/#primaryimage\"},\"image\":{\"@id\":\"https:\/\/med.estrategia.com\/portal\/concursos\/inscricoes-abertas-para-concurso-publico-de-criciuma-com-vagas-para-medicos\/#primaryimage\"},\"thumbnailUrl\":\"https:\/\/med.estrategia.com\/portal\/wp-content\/uploads\/2024\/01\/Capa_concurso_Criciuma_SC.jpg\",\"datePublished\":\"2024-01-26T20:38:10+00:00\",\"dateModified\":\"2024-01-26T20:38:16+00:00\",\"author\":{\"@id\":\"https:\/\/med.estrategia.com\/portal\/#\/schema\/person\/d1df06a83a849b79b2d480e7d8952ce3\"},\"description\":\"A Prefeitura de Crici\u00fama, abriu as inscri\u00e7\u00f5es para o concurso p\u00fablico com vagas a para m\u00e9dicos especialistas e sal\u00e1rios de at\u00e9 R$ 14,8 mil.\",\"breadcrumb\":{\"@id\":\"https:\/\/med.estrategia.com\/portal\/concursos\/inscricoes-abertas-para-concurso-publico-de-criciuma-com-vagas-para-medicos\/#breadcrumb\"},\"inLanguage\":\"pt-BR\",\"potentialAction\":[{\"@type\":\"ReadAction\",\"target\":[\"https:\/\/med.estrategia.com\/portal\/concursos\/inscricoes-abertas-para-concurso-publico-de-criciuma-com-vagas-para-medicos\/\"]}]},{\"@type\":\"ImageObject\",\"inLanguage\":\"pt-BR\",\"@id\":\"https:\/\/med.estrategia.com\/portal\/concursos\/inscricoes-abertas-para-concurso-publico-de-criciuma-com-vagas-para-medicos\/#primaryimage\",\"url\":\"https:\/\/med.estrategia.com\/portal\/wp-content\/uploads\/2024\/01\/Capa_concurso_Criciuma_SC.jpg\",\"contentUrl\":\"https:\/\/med.estrategia.com\/portal\/wp-content\/uploads\/2024\/01\/Capa_concurso_Criciuma_SC.jpg\",\"width\":1280,\"height\":720,\"caption\":\"Estrat\u00e9gia MED | Crici\u00fama SC\"},{\"@type\":\"BreadcrumbList\",\"@id\":\"https:\/\/med.estrategia.com\/portal\/concursos\/inscricoes-abertas-para-concurso-publico-de-criciuma-com-vagas-para-medicos\/#breadcrumb\",\"itemListElement\":[{\"@type\":\"ListItem\",\"position\":1,\"name\":\"Home\",\"item\":\"https:\/\/med.estrategia.com\/portal\/\"},{\"@type\":\"ListItem\",\"position\":2,\"name\":\"Concursos M\u00e9dicos\",\"item\":\"https:\/\/med.estrategia.com\/portal\/concursos\/\"},{\"@type\":\"ListItem\",\"position\":3,\"name\":\"Inscri\u00e7\u00f5es abertas para Concurso p\u00fablico de Crici\u00fama com vagas para m\u00e9dicos\"}]},{\"@type\":\"WebSite\",\"@id\":\"https:\/\/med.estrategia.com\/portal\/#website\",\"url\":\"https:\/\/med.estrategia.com\/portal\/\",\"name\":\"Estrat\u00e9gia MED\",\"description\":\"\",\"potentialAction\":[{\"@type\":\"SearchAction\",\"target\":{\"@type\":\"EntryPoint\",\"urlTemplate\":\"https:\/\/med.estrategia.com\/portal\/?s={search_term_string}\"},\"query-input\":{\"@type\":\"PropertyValueSpecification\",\"valueRequired\":true,\"valueName\":\"search_term_string\"}}],\"inLanguage\":\"pt-BR\"},{\"@type\":\"Person\",\"@id\":\"https:\/\/med.estrategia.com\/portal\/#\/schema\/person\/d1df06a83a849b79b2d480e7d8952ce3\",\"name\":\"Priscila Pereira\",\"image\":{\"@type\":\"ImageObject\",\"inLanguage\":\"pt-BR\",\"@id\":\"https:\/\/med.estrategia.com\/portal\/#\/schema\/person\/image\/\",\"url\":\"https:\/\/secure.gravatar.com\/avatar\/fe94f8430a1d23a69c0bc7aab6202e21?s=96&d=mm&r=g\",\"contentUrl\":\"https:\/\/secure.gravatar.com\/avatar\/fe94f8430a1d23a69c0bc7aab6202e21?s=96&d=mm&r=g\",\"caption\":\"Priscila Pereira\"},\"description\":\"Formada e p\u00f3s-graduada na \u00e1rea de comunica\u00e7\u00e3o, divido minha paix\u00e3o entre o jornalismo e os esportes\",\"url\":\"https:\/\/med.estrategia.com\/portal\/author\/priscila-pereira\/\"}]}<\/script>\n<!-- \/ Yoast SEO Premium plugin. -->","yoast_head_json":{"title":"Concurso P\u00fablico de Crici\u00fama tem vagas para m\u00e9dicos","description":"A Prefeitura de Crici\u00fama, abriu as inscri\u00e7\u00f5es para o concurso p\u00fablico com vagas a para m\u00e9dicos especialistas e sal\u00e1rios de at\u00e9 R$ 14,8 mil.","robots":{"index":"index","follow":"follow","max-snippet":"max-snippet:-1","max-image-preview":"max-image-preview:large","max-video-preview":"max-video-preview:-1"},"canonical":"https:\/\/med.estrategia.com\/portal\/concursos\/inscricoes-abertas-para-concurso-publico-de-criciuma-com-vagas-para-medicos\/","og_locale":"pt_BR","og_type":"article","og_title":"Inscri\u00e7\u00f5es abertas para Concurso p\u00fablico de Crici\u00fama com vagas para m\u00e9dicos","og_description":"A Prefeitura de Crici\u00fama, abriu as inscri\u00e7\u00f5es para o concurso p\u00fablico com vagas a para m\u00e9dicos especialistas e sal\u00e1rios de at\u00e9 R$ 14,8 mil.","og_url":"https:\/\/med.estrategia.com\/portal\/concursos\/inscricoes-abertas-para-concurso-publico-de-criciuma-com-vagas-para-medicos\/","og_site_name":"Estrat\u00e9gia MED","article_publisher":"https:\/\/www.facebook.com\/estrategiamed1","article_published_time":"2024-01-26T20:38:10+00:00","article_modified_time":"2024-01-26T20:38:16+00:00","og_image":[{"width":1280,"height":720,"url":"https:\/\/med.estrategia.com\/portal\/wp-content\/uploads\/2024\/01\/Capa_concurso_Criciuma_SC.jpg","type":"image\/jpeg"}],"author":"Priscila Pereira","twitter_card":"summary_large_image","twitter_creator":"@estrategiamed_","twitter_site":"@estrategiamed_","twitter_misc":{"Escrito por":"Priscila Pereira","Est. tempo de leitura":"5 minutos"},"schema":{"@context":"https:\/\/schema.org","@graph":[{"@type":"WebPage","@id":"https:\/\/med.estrategia.com\/portal\/concursos\/inscricoes-abertas-para-concurso-publico-de-criciuma-com-vagas-para-medicos\/","url":"https:\/\/med.estrategia.com\/portal\/concursos\/inscricoes-abertas-para-concurso-publico-de-criciuma-com-vagas-para-medicos\/","name":"Concurso P\u00fablico de Crici\u00fama tem vagas para m\u00e9dicos","isPartOf":{"@id":"https:\/\/med.estrategia.com\/portal\/#website"},"primaryImageOfPage":{"@id":"https:\/\/med.estrategia.com\/portal\/concursos\/inscricoes-abertas-para-concurso-publico-de-criciuma-com-vagas-para-medicos\/#primaryimage"},"image":{"@id":"https:\/\/med.estrategia.com\/portal\/concursos\/inscricoes-abertas-para-concurso-publico-de-criciuma-com-vagas-para-medicos\/#primaryimage"},"thumbnailUrl":"https:\/\/med.estrategia.com\/portal\/wp-content\/uploads\/2024\/01\/Capa_concurso_Criciuma_SC.jpg","datePublished":"2024-01-26T20:38:10+00:00","dateModified":"2024-01-26T20:38:16+00:00","author":{"@id":"https:\/\/med.estrategia.com\/portal\/#\/schema\/person\/d1df06a83a849b79b2d480e7d8952ce3"},"description":"A Prefeitura de Crici\u00fama, abriu as inscri\u00e7\u00f5es para o concurso p\u00fablico com vagas a para m\u00e9dicos especialistas e sal\u00e1rios de at\u00e9 R$ 14,8 mil.","breadcrumb":{"@id":"https:\/\/med.estrategia.com\/portal\/concursos\/inscricoes-abertas-para-concurso-publico-de-criciuma-com-vagas-para-medicos\/#breadcrumb"},"inLanguage":"pt-BR","potentialAction":[{"@type":"ReadAction","target":["https:\/\/med.estrategia.com\/portal\/concursos\/inscricoes-abertas-para-concurso-publico-de-criciuma-com-vagas-para-medicos\/"]}]},{"@type":"ImageObject","inLanguage":"pt-BR","@id":"https:\/\/med.estrategia.com\/portal\/concursos\/inscricoes-abertas-para-concurso-publico-de-criciuma-com-vagas-para-medicos\/#primaryimage","url":"https:\/\/med.estrategia.com\/portal\/wp-content\/uploads\/2024\/01\/Capa_concurso_Criciuma_SC.jpg","contentUrl":"https:\/\/med.estrategia.com\/portal\/wp-content\/uploads\/2024\/01\/Capa_concurso_Criciuma_SC.jpg","width":1280,"height":720,"caption":"Estrat\u00e9gia MED | Crici\u00fama SC"},{"@type":"BreadcrumbList","@id":"https:\/\/med.estrategia.com\/portal\/concursos\/inscricoes-abertas-para-concurso-publico-de-criciuma-com-vagas-para-medicos\/#breadcrumb","itemListElement":[{"@type":"ListItem","position":1,"name":"Home","item":"https:\/\/med.estrategia.com\/portal\/"},{"@type":"ListItem","position":2,"name":"Concursos M\u00e9dicos","item":"https:\/\/med.estrategia.com\/portal\/concursos\/"},{"@type":"ListItem","position":3,"name":"Inscri\u00e7\u00f5es abertas para Concurso p\u00fablico de Crici\u00fama com vagas para m\u00e9dicos"}]},{"@type":"WebSite","@id":"https:\/\/med.estrategia.com\/portal\/#website","url":"https:\/\/med.estrategia.com\/portal\/","name":"Estrat\u00e9gia MED","description":"","potentialAction":[{"@type":"SearchAction","target":{"@type":"EntryPoint","urlTemplate":"https:\/\/med.estrategia.com\/portal\/?s={search_term_string}"},"query-input":{"@type":"PropertyValueSpecification","valueRequired":true,"valueName":"search_term_string"}}],"inLanguage":"pt-BR"},{"@type":"Person","@id":"https:\/\/med.estrategia.com\/portal\/#\/schema\/person\/d1df06a83a849b79b2d480e7d8952ce3","name":"Priscila Pereira","image":{"@type":"ImageObject","inLanguage":"pt-BR","@id":"https:\/\/med.estrategia.com\/portal\/#\/schema\/person\/image\/","url":"https:\/\/secure.gravatar.com\/avatar\/fe94f8430a1d23a69c0bc7aab6202e21?s=96&d=mm&r=g","contentUrl":"https:\/\/secure.gravatar.com\/avatar\/fe94f8430a1d23a69c0bc7aab6202e21?s=96&d=mm&r=g","caption":"Priscila Pereira"},"description":"Formada e p\u00f3s-graduada na \u00e1rea de comunica\u00e7\u00e3o, divido minha paix\u00e3o entre o jornalismo e os esportes","url":"https:\/\/med.estrategia.com\/portal\/author\/priscila-pereira\/"}]}},"_wl_alt_label":[],"wl:entity_url":"\/post\/inscricoes-abertas-para-concurso-publico-de-criciuma-com-vagas-para-medicos","_links":{"self":[{"href":"https:\/\/med.estrategia.com\/portal\/wp-json\/wp\/v2\/posts\/56931","targetHints":{"allow":["GET"]}}],"collection":[{"href":"https:\/\/med.estrategia.com\/portal\/wp-json\/wp\/v2\/posts"}],"about":[{"href":"https:\/\/med.estrategia.com\/portal\/wp-json\/wp\/v2\/types\/post"}],"author":[{"embeddable":true,"href":"https:\/\/med.estrategia.com\/portal\/wp-json\/wp\/v2\/users\/45"}],"replies":[{"embeddable":true,"href":"https:\/\/med.estrategia.com\/portal\/wp-json\/wp\/v2\/comments?post=56931"}],"version-history":[{"count":9,"href":"https:\/\/med.estrategia.com\/portal\/wp-json\/wp\/v2\/posts\/56931\/revisions"}],"predecessor-version":[{"id":106154,"href":"https:\/\/med.estrategia.com\/portal\/wp-json\/wp\/v2\/posts\/56931\/revisions\/106154"}],"wp:featuredmedia":[{"embeddable":true,"href":"https:\/\/med.estrategia.com\/portal\/wp-json\/wp\/v2\/media\/56928"}],"wp:attachment":[{"href":"https:\/\/med.estrategia.com\/portal\/wp-json\/wp\/v2\/media?parent=56931"}],"wp:term":[{"taxonomy":"category","embeddable":true,"href":"https:\/\/med.estrategia.com\/portal\/wp-json\/wp\/v2\/categories?post=56931"},{"taxonomy":"post_tag","embeddable":true,"href":"https:\/\/med.estrategia.com\/portal\/wp-json\/wp\/v2\/tags?post=56931"},{"taxonomy":"wl_entity_type","embeddable":true,"href":"https:\/\/med.estrategia.com\/portal\/wp-json\/wp\/v2\/wl_entity_type?post=56931"}],"curies":[{"name":"wp","href":"https:\/\/api.w.org\/{rel}","templated":true}]}}