{"id":57424,"date":"2024-02-07T16:40:54","date_gmt":"2024-02-07T19:40:54","guid":{"rendered":"https:\/\/med.estrategia.com\/portal\/?p=57424"},"modified":"2024-02-19T09:45:44","modified_gmt":"2024-02-19T12:45:44","slug":"resumo-de-hipertermia-conceito-causas-e-mais","status":"publish","type":"post","link":"https:\/\/med.estrategia.com\/portal\/conteudos-gratis\/doencas\/resumo-de-hipertermia-conceito-causas-e-mais\/","title":{"rendered":"Resumo de Hipertermia: conceito, causas e mais!"},"content":{"rendered":"<p><strong>Ol&aacute;, meu Doutor e minha Doutora!<\/strong> A hipertermia &eacute; definida como uma <strong>eleva&ccedil;&atilde;o anormal na temperatura corporal que transcende as fronteiras comuns da febre<\/strong>, podendo at&eacute; ser utilizada para potencializar a efic&aacute;cia da radioterapia ou quimioterapia em tratamentos contra o c&acirc;ncer. <p><strong>Vem com o Estrat&eacute;gia MED<\/strong> compreender a diferen&ccedil;a entre hipertermia e febre, as principais causas e o manejo dessas altera&ccedil;&otilde;es!<\/p><div id=\"ez-toc-container\" class=\"ez-toc-v2_0_79_2 counter-hierarchy ez-toc-counter ez-toc-transparent ez-toc-container-direction\">\n<div class=\"ez-toc-title-container\"><p class=\"ez-toc-title\" style=\"cursor:inherit\">Navegue pelo conte\u00fado<\/p>\n<\/div><nav><ul class='ez-toc-list ez-toc-list-level-1 ' ><li class='ez-toc-page-1 ez-toc-heading-level-2'><a class=\"ez-toc-link ez-toc-heading-1\" href=\"https:\/\/med.estrategia.com\/portal\/conteudos-gratis\/doencas\/resumo-de-hipertermia-conceito-causas-e-mais\/#O-que-e-a-Hipertermia\" >O que &eacute; a Hipertermia&nbsp;&nbsp;<\/a><\/li><li class='ez-toc-page-1 ez-toc-heading-level-2'><a class=\"ez-toc-link ez-toc-heading-2\" href=\"https:\/\/med.estrategia.com\/portal\/conteudos-gratis\/doencas\/resumo-de-hipertermia-conceito-causas-e-mais\/#Febre-ou-Hipertermia\" >Febre ou Hipertermia&nbsp;<\/a><\/li><li class='ez-toc-page-1 ez-toc-heading-level-2'><a class=\"ez-toc-link ez-toc-heading-3\" href=\"https:\/\/med.estrategia.com\/portal\/conteudos-gratis\/doencas\/resumo-de-hipertermia-conceito-causas-e-mais\/#Sindrome-de-Insolacao\" >S&iacute;ndrome de Insola&ccedil;&atilde;o&nbsp;<\/a><\/li><li class='ez-toc-page-1 ez-toc-heading-level-2'><a class=\"ez-toc-link ez-toc-heading-4\" href=\"https:\/\/med.estrategia.com\/portal\/conteudos-gratis\/doencas\/resumo-de-hipertermia-conceito-causas-e-mais\/#Hipertermia-Maligna\" >Hipertermia Maligna&nbsp;&nbsp;<\/a><\/li><li class='ez-toc-page-1 ez-toc-heading-level-2'><a class=\"ez-toc-link ez-toc-heading-5\" href=\"https:\/\/med.estrategia.com\/portal\/conteudos-gratis\/doencas\/resumo-de-hipertermia-conceito-causas-e-mais\/#Sindrome-neuroleptica-maligna\" >S&iacute;ndrome neurol&eacute;ptica maligna<\/a><\/li><li class='ez-toc-page-1 ez-toc-heading-level-2'><a class=\"ez-toc-link ez-toc-heading-6\" href=\"https:\/\/med.estrategia.com\/portal\/conteudos-gratis\/doencas\/resumo-de-hipertermia-conceito-causas-e-mais\/#Veja-tambem\" >Veja tamb&eacute;m:<\/a><\/li><li class='ez-toc-page-1 ez-toc-heading-level-2'><a class=\"ez-toc-link ez-toc-heading-7\" href=\"https:\/\/med.estrategia.com\/portal\/conteudos-gratis\/doencas\/resumo-de-hipertermia-conceito-causas-e-mais\/#Referencias-Bibliograficas\" >Refer&ecirc;ncias Bibliogr&aacute;ficas&nbsp;<\/a><\/li><\/ul><\/nav><\/div>\n<h2 class=\"wp-block-heading\" id=\"h-o-que-e-a-hipertermia-nbsp-nbsp\"><span class=\"ez-toc-section\" id=\"O-que-e-a-Hipertermia\"><\/span>O que &eacute; a Hipertermia&nbsp;&nbsp;<span class=\"ez-toc-section-end\"><\/span><\/h2><p>A hipertermia &eacute; definida como a eleva&ccedil;&atilde;o da temperatura corporal central acima da faixa diurna normal de <strong>36 a 37,5&#8239;&deg;C<\/strong> devido &agrave; falha da termorregula&ccedil;&atilde;o. <strong>Hipertermia n&atilde;o &eacute; sin&ocirc;nimo de febre<\/strong>, sendo essa induzida pela ativa&ccedil;&atilde;o de citocinas durante a inflama&ccedil;&atilde;o e regulada ao n&iacute;vel do hipot&aacute;lamo. Uma temperatura acima de 40,5&#8239;&deg;C &eacute; geralmente considerada consistente com <strong>hipertermia grave<\/strong>.<\/p><p>\n\n\n<div id=\"new-form\">\n\t<form id=\"forms_layout\">\n\t<input type=\"hidden\" id=\"chave_de\" name=\"chave_de\" value=\"01_EMED_LEADS_TOTAIS\" \/>\n\t\t<input type=\"hidden\" id=\"mid\" name=\"mid\" value=\"515009018\" \/>\n\t\t<input type=\"hidden\" id=\"Objetivo\" name=\"Objetivo\" value=\"Medicina\" \/>\n\t\t<input type=\"hidden\" id=\"Estado_de_Origem_do_IP\" name=\"Estado_de_Origem_do_IP\"  value=\"\" \/>\n\t\t<input type=\"hidden\" id=\"Cidade_de_Origem_do_IP\" name=\"Cidade_de_Origem_do_IP\" value=\"\" \/>\n\t\t<input type=\"hidden\" id=\"Modo_de_entrada\" name=\"Modo_de_entrada\" value=\"Portal\" \/>\n\t\t<input type=\"hidden\" id=\"Pagina_Origem\" name=\"Pagina_Origem\" value=\"\" \/>\n\n\t\t<div class=\"texto\">\n\t\t\t<h3 class=\"news\">Inscreva-se em nossa newsletter!<\/h3>\n\t\t\t<p>Receba not\u00edcias sobre resid\u00eancia m\u00e9dica, revalida\u00e7\u00e3o de diplomas e concursos m\u00e9dicos, al\u00e9m de materiais de estudo gratuitos e informa\u00e7\u00f5es relevantes do mundo da Medicina.<\/p>\n\t\t<\/div>\n\t\t<div class=\"campos\">\n\t\t\t<div class=\"first_name labels\">\n\t\t\t\t<input type=\"text\" class=\"input_labels\" id=\"first_name\" name=\"Nome_Completo\" placeholder=\"Nome\" required \/>\n\t\t\t<\/div>\n\t\t\t<div class=\"email labels\">\n\t\t\t\t<input type=\"email\" class=\"input_labels\" id=\"email\" name=\"Email\" placeholder=\"E-mail\" required \/>\n\t\t\t<\/div>\n\t\t\t<button type=\"submit\" class=\"button_layout\">\n\t\t\t\t<div id=\"lblBotao\">Inscreva-se<\/div>\n\t\t\t\t<span id=\"divSpiner\" class=\"loader\" role=\"status\" style=\"display: none;\"><\/span>\t\n\t\t\t<\/button>\n\t\t<\/div><!-- \/campos -->\n\t\t\n\t\t<label class=\"container_checkbox\">Voc\u00ea concorda com a nossa\n\t\t\t<a class=\"politics_privacy_ahref\" target=\"_blank\" href=\"https:\/\/gratis.estrategiaconcursos.com.br\/politica-de-privacidade\/\">Pol\u00edtica de Privacidade<\/a> e aceita receber informa\u00e7\u00f5es adicionais do Estrat\u00e9gia Educacional.\n\t\t\t<input id=\"checkbox_layout\" type=\"checkbox\" checked=\"checked\" required \/>\n\t\t\t<span class=\"checkbox\"><\/span>\n\t\t<\/label>\n\t\t<div id=\"msg\"><\/div>\n\t\t<div id=\"error\" class=\"error\">\n\t\t<\/div>\n\t<\/form>\n<\/div><!-- \/new-form -->\n\n\n\n<\/p><h2 class=\"wp-block-heading\" id=\"h-febre-ou-hipertermia-nbsp\"><span class=\"ez-toc-section\" id=\"Febre-ou-Hipertermia\"><\/span>Febre ou Hipertermia&nbsp;<span class=\"ez-toc-section-end\"><\/span><\/h2><p>A fisiopatologia da febre difere significativamente da hipertermia, sendo <strong>a febre uma resposta coordenada do organismo a est&iacute;mulos espec&iacute;ficos, enquanto a hipertermia est&aacute; associada a uma eleva&ccedil;&atilde;o descontrolada da temperatura corporal<\/strong> devido a falhas nos mecanismos de regula&ccedil;&atilde;o t&eacute;rmica. <strong>Na febre, a eleva&ccedil;&atilde;o da temperatura &eacute; tipicamente desencadeada pela<\/strong> <strong>presen&ccedil;a de pir&oacute;genos<\/strong>, que podem ser end&oacute;genos, produzidos pelo corpo em resposta a infec&ccedil;&otilde;es ou inflama&ccedil;&otilde;es, ou ex&oacute;genos, origin&aacute;rios de pat&oacute;genos invasores ou toxinas. Esses pir&oacute;genos estimulam o hipot&aacute;lamo, o centro de controle da temperatura no c&eacute;rebro, a aumentar o set-point t&eacute;rmico, resultando em uma resposta coordenada para aumentar a produ&ccedil;&atilde;o de calor e diminuir a perda de calor.&nbsp;<\/p><p>Por outro lado, <strong>a hipertermia &eacute; caracterizada por um aumento da temperatura corporal devido a diversas causas<\/strong>, como <strong>exposi&ccedil;&atilde;o prolongada ao calor ambiental, esfor&ccedil;o f&iacute;sico intenso, dist&uacute;rbios metab&oacute;licos, certos medicamentos <\/strong>ou<strong> falhas nos mecanismos de resfriamento do corpo<\/strong>. Diferentemente da febre, a hipertermia n&atilde;o est&aacute; diretamente ligada &agrave; resposta imunol&oacute;gica. Seu mecanismo envolve uma falha nos processos regulat&oacute;rios do organismo para dissipar calor eficientemente, resultando em uma eleva&ccedil;&atilde;o n&atilde;o coordenada da temperatura corporal.<\/p><h2 class=\"wp-block-heading\" id=\"h-sindrome-de-insolacao-nbsp\"><span class=\"ez-toc-section\" id=\"Sindrome-de-Insolacao\"><\/span>S&iacute;ndrome de Insola&ccedil;&atilde;o&nbsp;<span class=\"ez-toc-section-end\"><\/span><\/h2><h3 class=\"wp-block-heading\" id=\"h-definicao-nbsp\">Defini&ccedil;&atilde;o&nbsp;<\/h3><p>A insola&ccedil;&atilde;o &eacute; definida como uma temperatura corporal central elevada,<strong> geralmente superior a 40,5&#8239;&deg;C<\/strong>, com disfun&ccedil;&atilde;o associada do sistema nervoso central no contexto de uma grande carga t&eacute;rmica ambiental que n&atilde;o pode ser dissipada. &Eacute; uma condi&ccedil;&atilde;o potencialmente fatal que requer r&aacute;pida identifica&ccedil;&atilde;o e tratamento.<\/p><h3 class=\"wp-block-heading\" id=\"h-classificacao-nbsp\">Classifica&ccedil;&atilde;o&nbsp;<\/h3><ul class=\"wp-block-list\">\n<li><strong>Insola&ccedil;&atilde;o sem esfor&ccedil;o (cl&aacute;ssica)<\/strong>: a insola&ccedil;&atilde;o sem esfor&ccedil;o ocorre por condi&ccedil;&otilde;es que prejudicam a termorregula&ccedil;&atilde;o como doen&ccedil;a cardiovascular, dist&uacute;rbios neurol&oacute;gicos ou psiqui&aacute;tricos, obesidade, anidrose, defici&ecirc;ncia f&iacute;sica, extremos de idade e o uso de drogas recreativas (por exemplo, &aacute;lcool ou coca&iacute;na) e certos medicamentos prescritos (por exemplo, betabloqueadores, diur&eacute;ticos ou agentes anticolin&eacute;rgicos).<\/li>\n<\/ul><ul class=\"wp-block-list\">\n<li><strong>Insola&ccedil;&atilde;o por esfor&ccedil;o<\/strong>: a insola&ccedil;&atilde;o por esfor&ccedil;o geralmente ocorre em indiv&iacute;duos jovens, saud&aacute;veis que se envolvem em exerc&iacute;cios pesados durante per&iacute;odos de alta temperatura do ambiente e umidade. Os pacientes t&iacute;picos s&atilde;o atletas e recrutas militares em treinamento b&aacute;sico.<\/li>\n<\/ul><h3 class=\"wp-block-heading\" id=\"h-quadro-clinico\">Quadro Cl&iacute;nico<\/h3><p>Pacientes com insola&ccedil;&atilde;o apresentam <strong>temperatura corporal central elevada<\/strong>, geralmente superior a 40,5&#8239;&deg;C, <strong>que se deve ou n&atilde;o ao esfor&ccedil;o<\/strong>. Al&eacute;m da temperatura corporal elevada, anormalidades comuns dos sinais vitais na insola&ccedil;&atilde;o incluem <strong>taquicardia<\/strong>,&nbsp; <strong>taquipneia<\/strong>, <strong>press&atilde;o de pulso aumentada<\/strong> e <strong>hipotens&atilde;o<\/strong>. Tamb&eacute;m podem se queixar de fraqueza, letargia, n&aacute;useas ou tonturas.<\/p><h3 class=\"wp-block-heading\" id=\"h-tratamento\">Tratamento<\/h3><p>O tratamento da insola&ccedil;&atilde;o requer diagn&oacute;stico precoce, resfriamento r&aacute;pido, corre&ccedil;&atilde;o de anormalidades eletrol&iacute;ticas e cuidados de suporte. <strong>A terapia farmacol&oacute;gica n&atilde;o &eacute; necess&aacute;ria na insola&ccedil;&atilde;o<\/strong>, uma vez que o mecanismo subjacente n&atilde;o envolve altera&ccedil;&atilde;o no set-point hipotal&acirc;mico, e esses medicamentos podem exacerbar complica&ccedil;&otilde;es como les&atilde;o hep&aacute;tica ou coagula&ccedil;&atilde;o intravascular disseminada (CIVD).<\/p><h2 class=\"wp-block-heading\" id=\"h-hipertermia-maligna-nbsp-nbsp\"><span class=\"ez-toc-section\" id=\"Hipertermia-Maligna\"><\/span>Hipertermia Maligna&nbsp;&nbsp;<span class=\"ez-toc-section-end\"><\/span><\/h2><h3 class=\"wp-block-heading\" id=\"h-conceito\">Conceito<\/h3><p>A hipertermia maligna (HM)<strong> &eacute; uma desordem gen&eacute;tica complexa do m&uacute;sculo esquel&eacute;tico<\/strong> que tipicamente se manifesta clinicamente como uma crise hipermetab&oacute;lica quando um indiv&iacute;duo suscet&iacute;vel recebe um <strong>agente anest&eacute;sico<\/strong>, principalmente o halotano e a succinilcolina.<\/p><h3 class=\"wp-block-heading\" id=\"h-quadro-clinico-nbsp\">Quadro Cl&iacute;nico&nbsp;<\/h3><p>Os sinais iniciais de HM podem ocorrer logo ap&oacute;s a indu&ccedil;&atilde;o com agentes desencadeantes de anest&eacute;sicos gerais ou a qualquer momento durante a fase de manuten&ccedil;&atilde;o do anest&eacute;sico. <strong>O sinal cl&iacute;nico inicial mais confi&aacute;vel que anuncia o desenvolvimento de HM aguda &eacute; um aumento inexplic&aacute;vel no di&oacute;xido de carbono expirado (ETCO2)<\/strong>. Outros sinais incluem taquicardia, hipertens&atilde;o, rigidez muscular, acidose metab&oacute;lica e, em casos graves, insufici&ecirc;ncia multiorg&acirc;nica.&nbsp;<\/p><h3 class=\"wp-block-heading\" id=\"h-tratamento-nbsp\">Tratamento&nbsp;<\/h3><p>No manejo da hipertermia maligna (HM), &eacute; crucial adotar medidas imediatas assim que o diagn&oacute;stico presuntivo for estabelecido. <strong>Recomenda-se terminar o procedimento cir&uacute;rgico o mais r&aacute;pido poss&iacute;vel e interromper anest&eacute;sicos vol&aacute;teis<\/strong>. &Eacute; essencial hiperventilar, intubar se o tubo endotraqueal n&atilde;o estiver instalado, e administrar imediatamente <strong>dantroleno<\/strong>, al&eacute;m de monitoriza&ccedil;&atilde;o e cuidados cont&iacute;nuos.&nbsp;<\/p><h2 class=\"wp-block-heading\" id=\"h-sindrome-neuroleptica-maligna\"><span class=\"ez-toc-section\" id=\"Sindrome-neuroleptica-maligna\"><\/span>S&iacute;ndrome neurol&eacute;ptica maligna<span class=\"ez-toc-section-end\"><\/span><\/h2><h3 class=\"wp-block-heading\" id=\"h-conceito-nbsp\">Conceito&nbsp;<\/h3><p>A S&iacute;ndrome Neurol&eacute;ptica Maligna (SNM) &eacute; uma condi&ccedil;&atilde;o m&eacute;dica rara, mas potencialmente grave, <strong>associada ao uso de antipsic&oacute;ticos<\/strong> (por exemplo, haloperidol, clorpromazina e clozapina)<\/p><h3 class=\"wp-block-heading\" id=\"h-quadro-clinico-nbsp-0\">Quadro Cl&iacute;nico&nbsp;<\/h3><p>A SNM &eacute; definida por sua associa&ccedil;&atilde;o do uso de antipsic&oacute;ticos e uma t&eacute;trade de caracter&iacute;sticas cl&iacute;nicas distintas: <strong>hipertermia<\/strong>, <strong>rigidez<\/strong>, <strong>altera&ccedil;&otilde;es do estado mental<\/strong> e <strong>instabilidade auton&ocirc;mica<\/strong>.<\/p><h3 class=\"wp-block-heading\" id=\"h-tratamento-nbsp-0\">Tratamento&nbsp;<\/h3><p>O tratamento da SNM requer a interrup&ccedil;&atilde;o imediata do medicamento suspeito, suporte sintom&aacute;tico e, em casos mais graves, terapias como administra&ccedil;&atilde;o de dantroleno para controlar a hipertermia e aliviar o estresse muscular.<\/p><p>Venha fazer parte da <strong>maior plataforma de Medicina do Brasil<\/strong>! O Estrategia MED possui os materiais mais atualizados e cursos ministrados por especialistas na &aacute;rea. <strong>N&atilde;o perca a oportunidade de elevar seus estudos,<\/strong> <strong>inscreva-se agora<\/strong> e comece a construir um caminho de excel&ecirc;ncia na medicina!&nbsp;<\/p><p><strong><a id=\"cta\" class=\"cta-imagem\" href=\"https:\/\/med.estrategia.com\/cursos\/extensivo-de-residncia-mdica\/\" target=\"blank\">\n                <img decoding=\"async\" width=\"100%\" src=\"https:\/\/med.estrategia.com\/portal\/wp-content\/uploads\/2025\/08\/extensivo_rm.jpg\" alt=\"Extensivo RM\" title=\"extensivo_rm\">\n        <\/a><\/strong><\/p><h2 class=\"wp-block-heading\" id=\"h-veja-tambem\"><span class=\"ez-toc-section\" id=\"Veja-tambem\"><\/span>Veja tamb&eacute;m:<span class=\"ez-toc-section-end\"><\/span><\/h2><ul class=\"wp-block-list\">\n<li><a href=\"https:\/\/med.estrategia.com\/portal\/conteudos-gratis\/resumed\/resumed-febre-sem-sinais-localizatorios\/\">ResuMED de febre sem sinais localizat&oacute;rios: defini&ccedil;&atilde;o, causas e mais!<\/a><\/li>\n\n\n\n<li><a href=\"https:\/\/med.estrategia.com\/portal\/conteudos-gratis\/doencas\/resumo-sobre-febre-maculosa-no-brasil-diagnostico-tratamento-e-mais\/\">Resumo sobre febre maculosa no Brasil: diagn&oacute;stico, tratamento e mais!<\/a><\/li>\n\n\n\n<li><a href=\"https:\/\/med.estrategia.com\/portal\/conteudos-gratis\/resumed\/resumed-de-febre-reumatica\/\">ResuMED de febre reum&aacute;tica: conceitos, cl&iacute;nica, diagn&oacute;stico e tratamento<\/a><\/li>\n\n\n\n<li><a href=\"https:\/\/med.estrategia.com\/portal\/conteudos-gratis\/resumed\/resumed-de-neutropenia-febril\/\">ResuMED de neutropenia febril e febre de origem indeterminada: tratamento, etiologia e mais!<\/a><\/li>\n\n\n\n<li><a href=\"https:\/\/med.estrategia.com\/portal\/conteudos-gratis\/febre-amarela\/\">Febre Amarela: transmiss&atilde;o, sintomas e muito mais!<\/a><\/li>\n\n\n\n<li><a href=\"https:\/\/med.estrategia.com\/portal\/conteudos-gratis\/doencas\/resumo-de-mastoidite-conceito-quadro-clinico-e-mais\/\">Resumo de Mastoidite: conceito, quadro cl&iacute;nico e mais!<\/a><\/li>\n\n\n\n<li>Imagem em destaque: <a href=\"https:\/\/www.pexels.com\/pt-br\/foto\/mulher-de-blusa-cinza-deitada-na-cama-3768582\/\" target=\"_blank\" rel=\"noopener noreferrer\">Pexels<\/a><\/li>\n<\/ul><h2 class=\"wp-block-heading\" id=\"h-referencias-bibliograficas-nbsp\"><span class=\"ez-toc-section\" id=\"Referencias-Bibliograficas\"><\/span>Refer&ecirc;ncias Bibliogr&aacute;ficas&nbsp;<span class=\"ez-toc-section-end\"><\/span><\/h2><ol class=\"wp-block-list\">\n<li>Charles A Dinarello &amp; Reuven Porat. <strong>Pathophysiology and treatment of fever in adults<\/strong>. Uptodate, 2023. Dispon&iacute;vel em: <a href=\"https:\/\/www.uptodate.com\/contents\/pathophysiology-and-treatment-of-fever-in-adults?search=hipertermia&amp;source=search_result&amp;selectedTitle=2~150&amp;usage_type=default&amp;display_rank=2\" target=\"_blank\" rel=\"noopener noreferrer\">UpToDate<\/a><\/li>\n<\/ol><ol class=\"wp-block-list\" start=\"2\">\n<li>C Crawford Mechem. <strong>Severe nonexertional hyperthermia (classic heat stroke) in adults<\/strong>. UpToDate, 2024. Dispon&iacute;vel em: <a href=\"https:\/\/www.uptodate.com\/contents\/severe-nonexertional-hyperthermia-classic-heat-stroke-in-adults?search=hipertermia&amp;source=search_result&amp;selectedTitle=3~150&amp;usage_type=default&amp;display_rank=3\" target=\"_blank\" rel=\"noopener noreferrer\">UpToDate<\/a><\/li>\n<\/ol><ol class=\"wp-block-list\" start=\"3\">\n<li>Harvey K Rosenbaum &amp; Henry Rosenberg. <strong>Malignant hyperthermia: Diagnosis and management of acute crisis<\/strong>. UpToDate, 2022. Dispon&iacute;vel em: <a href=\"https:\/\/www.uptodate.com\/contents\/malignant-hyperthermia-diagnosis-and-management-of-acute-crisis?search=hipertermia&amp;source=search_result&amp;selectedTitle=1~150&amp;usage_type=default&amp;display_rank=1\" target=\"_blank\" rel=\"noopener noreferrer\">UpToDate<\/a><\/li>\n<\/ol><ol class=\"wp-block-list\" start=\"4\">\n<li>Eelco FM Wijdicks. <strong>Neuroleptic malignant syndrome<\/strong>. Uptodate, 2022. Dispon&iacute;vel em: <a href=\"https:\/\/www.uptodate.com\/contents\/neuroleptic-malignant-syndrome?search=hipertermia&amp;topicRef=176&amp;source=see_link#\" target=\"_blank\" rel=\"noopener noreferrer\">UpToDate&nbsp;<\/a><\/li>\n<\/ol><\/p>\n","protected":false},"excerpt":{"rendered":"Ol&aacute;, meu Doutor e minha Doutora! A hipertermia &eacute; definida como uma eleva&ccedil;&atilde;o anormal na temperatura corporal que&hellip;\n","protected":false},"author":46,"featured_media":57426,"comment_status":"closed","ping_status":"closed","sticky":false,"template":"","format":"standard","meta":{"wl_entities_gutenberg":"","footnotes":""},"categories":[304],"tags":[755,754],"wl_entity_type":[199],"class_list":{"0":"post-57424","1":"post","2":"type-post","3":"status-publish","4":"format-standard","5":"has-post-thumbnail","7":"category-doencas","8":"tag-febre","9":"tag-hipertermia","10":"wl_entity_type-article"},"acf":[],"yoast_head":"<!-- This site is optimized with the Yoast SEO Premium plugin v26.6 (Yoast SEO v26.6) - https:\/\/yoast.com\/wordpress\/plugins\/seo\/ -->\n<title>Resumo de Hipertermia: conceito, causas e mais!<\/title>\n<meta name=\"description\" content=\"A hipertermia est\u00e1 associada a uma eleva\u00e7\u00e3o descontrolada da temperatura, enquanto a febre a uma resposta coordenada do organismo a pir\u00f3genos.\" \/>\n<meta name=\"robots\" content=\"index, follow, max-snippet:-1, max-image-preview:large, max-video-preview:-1\" \/>\n<link rel=\"canonical\" href=\"https:\/\/med.estrategia.com\/portal\/conteudos-gratis\/doencas\/resumo-de-hipertermia-conceito-causas-e-mais\/\" \/>\n<meta property=\"og:locale\" content=\"pt_BR\" \/>\n<meta property=\"og:type\" content=\"article\" \/>\n<meta property=\"og:title\" content=\"Resumo de Hipertermia: conceito, causas e mais!\" \/>\n<meta property=\"og:description\" content=\"A hipertermia est\u00e1 associada a uma eleva\u00e7\u00e3o descontrolada da temperatura, enquanto a febre a uma resposta coordenada do organismo a pir\u00f3genos.\" \/>\n<meta property=\"og:url\" content=\"https:\/\/med.estrategia.com\/portal\/conteudos-gratis\/doencas\/resumo-de-hipertermia-conceito-causas-e-mais\/\" \/>\n<meta property=\"og:site_name\" content=\"Estrat\u00e9gia MED\" \/>\n<meta property=\"article:publisher\" content=\"https:\/\/www.facebook.com\/estrategiamed1\" \/>\n<meta property=\"article:published_time\" content=\"2024-02-07T19:40:54+00:00\" \/>\n<meta property=\"article:modified_time\" content=\"2024-02-19T12:45:44+00:00\" \/>\n<meta property=\"og:image\" content=\"https:\/\/med.estrategia.com\/portal\/wp-content\/uploads\/2024\/02\/pexels-andrea-piacquadio-3768582.jpg\" \/>\n\t<meta property=\"og:image:width\" content=\"1920\" \/>\n\t<meta property=\"og:image:height\" content=\"1280\" \/>\n\t<meta property=\"og:image:type\" content=\"image\/jpeg\" \/>\n<meta name=\"author\" content=\"Pablo Fernandes\" \/>\n<meta name=\"twitter:card\" content=\"summary_large_image\" \/>\n<meta name=\"twitter:creator\" content=\"@estrategiamed_\" \/>\n<meta name=\"twitter:site\" content=\"@estrategiamed_\" \/>\n<meta name=\"twitter:label1\" content=\"Escrito por\" \/>\n\t<meta name=\"twitter:data1\" content=\"Pablo Fernandes\" \/>\n\t<meta name=\"twitter:label2\" content=\"Est. tempo de leitura\" \/>\n\t<meta name=\"twitter:data2\" content=\"6 minutos\" \/>\n<script type=\"application\/ld+json\" class=\"yoast-schema-graph\">{\"@context\":\"https:\/\/schema.org\",\"@graph\":[{\"@type\":\"WebPage\",\"@id\":\"https:\/\/med.estrategia.com\/portal\/conteudos-gratis\/doencas\/resumo-de-hipertermia-conceito-causas-e-mais\/\",\"url\":\"https:\/\/med.estrategia.com\/portal\/conteudos-gratis\/doencas\/resumo-de-hipertermia-conceito-causas-e-mais\/\",\"name\":\"Resumo de Hipertermia: conceito, causas e mais!\",\"isPartOf\":{\"@id\":\"https:\/\/med.estrategia.com\/portal\/#website\"},\"primaryImageOfPage\":{\"@id\":\"https:\/\/med.estrategia.com\/portal\/conteudos-gratis\/doencas\/resumo-de-hipertermia-conceito-causas-e-mais\/#primaryimage\"},\"image\":{\"@id\":\"https:\/\/med.estrategia.com\/portal\/conteudos-gratis\/doencas\/resumo-de-hipertermia-conceito-causas-e-mais\/#primaryimage\"},\"thumbnailUrl\":\"https:\/\/med.estrategia.com\/portal\/wp-content\/uploads\/2024\/02\/pexels-andrea-piacquadio-3768582.jpg\",\"datePublished\":\"2024-02-07T19:40:54+00:00\",\"dateModified\":\"2024-02-19T12:45:44+00:00\",\"author\":{\"@id\":\"https:\/\/med.estrategia.com\/portal\/#\/schema\/person\/67a72aa9c51ed5919796767d808606b4\"},\"description\":\"A hipertermia est\u00e1 associada a uma eleva\u00e7\u00e3o descontrolada da temperatura, enquanto a febre a uma resposta coordenada do organismo a pir\u00f3genos.\",\"breadcrumb\":{\"@id\":\"https:\/\/med.estrategia.com\/portal\/conteudos-gratis\/doencas\/resumo-de-hipertermia-conceito-causas-e-mais\/#breadcrumb\"},\"inLanguage\":\"pt-BR\",\"potentialAction\":[{\"@type\":\"ReadAction\",\"target\":[\"https:\/\/med.estrategia.com\/portal\/conteudos-gratis\/doencas\/resumo-de-hipertermia-conceito-causas-e-mais\/\"]}]},{\"@type\":\"ImageObject\",\"inLanguage\":\"pt-BR\",\"@id\":\"https:\/\/med.estrategia.com\/portal\/conteudos-gratis\/doencas\/resumo-de-hipertermia-conceito-causas-e-mais\/#primaryimage\",\"url\":\"https:\/\/med.estrategia.com\/portal\/wp-content\/uploads\/2024\/02\/pexels-andrea-piacquadio-3768582.jpg\",\"contentUrl\":\"https:\/\/med.estrategia.com\/portal\/wp-content\/uploads\/2024\/02\/pexels-andrea-piacquadio-3768582.jpg\",\"width\":1920,\"height\":1280},{\"@type\":\"BreadcrumbList\",\"@id\":\"https:\/\/med.estrategia.com\/portal\/conteudos-gratis\/doencas\/resumo-de-hipertermia-conceito-causas-e-mais\/#breadcrumb\",\"itemListElement\":[{\"@type\":\"ListItem\",\"position\":1,\"name\":\"Home\",\"item\":\"https:\/\/med.estrategia.com\/portal\/\"},{\"@type\":\"ListItem\",\"position\":2,\"name\":\"Conte\u00fados Gr\u00e1tis\",\"item\":\"https:\/\/med.estrategia.com\/portal\/conteudos-gratis\/\"},{\"@type\":\"ListItem\",\"position\":3,\"name\":\"Doen\u00e7as\",\"item\":\"https:\/\/med.estrategia.com\/portal\/conteudos-gratis\/doencas\/\"},{\"@type\":\"ListItem\",\"position\":4,\"name\":\"Resumo de Hipertermia: conceito, causas e mais!\"}]},{\"@type\":\"WebSite\",\"@id\":\"https:\/\/med.estrategia.com\/portal\/#website\",\"url\":\"https:\/\/med.estrategia.com\/portal\/\",\"name\":\"Estrat\u00e9gia MED\",\"description\":\"\",\"potentialAction\":[{\"@type\":\"SearchAction\",\"target\":{\"@type\":\"EntryPoint\",\"urlTemplate\":\"https:\/\/med.estrategia.com\/portal\/?s={search_term_string}\"},\"query-input\":{\"@type\":\"PropertyValueSpecification\",\"valueRequired\":true,\"valueName\":\"search_term_string\"}}],\"inLanguage\":\"pt-BR\"},{\"@type\":\"Person\",\"@id\":\"https:\/\/med.estrategia.com\/portal\/#\/schema\/person\/67a72aa9c51ed5919796767d808606b4\",\"name\":\"Pablo Fernandes\",\"image\":{\"@type\":\"ImageObject\",\"inLanguage\":\"pt-BR\",\"@id\":\"https:\/\/med.estrategia.com\/portal\/#\/schema\/person\/image\/\",\"url\":\"https:\/\/med.estrategia.com\/portal\/wp-content\/uploads\/2025\/07\/DSC_0059-1-150x150.jpg\",\"contentUrl\":\"https:\/\/med.estrategia.com\/portal\/wp-content\/uploads\/2025\/07\/DSC_0059-1-150x150.jpg\",\"caption\":\"Pablo Fernandes\"},\"description\":\"R1 em Medicina de Fam\u00edlia e Comunidade, mineiro e apaixonado por Jesus.\",\"sameAs\":[\"https:\/\/www.instagram.com\/pablowiil\/\"],\"url\":\"https:\/\/med.estrategia.com\/portal\/author\/pablo-souza\/\"}]}<\/script>\n<!-- \/ Yoast SEO Premium plugin. -->","yoast_head_json":{"title":"Resumo de Hipertermia: conceito, causas e mais!","description":"A hipertermia est\u00e1 associada a uma eleva\u00e7\u00e3o descontrolada da temperatura, enquanto a febre a uma resposta coordenada do organismo a pir\u00f3genos.","robots":{"index":"index","follow":"follow","max-snippet":"max-snippet:-1","max-image-preview":"max-image-preview:large","max-video-preview":"max-video-preview:-1"},"canonical":"https:\/\/med.estrategia.com\/portal\/conteudos-gratis\/doencas\/resumo-de-hipertermia-conceito-causas-e-mais\/","og_locale":"pt_BR","og_type":"article","og_title":"Resumo de Hipertermia: conceito, causas e mais!","og_description":"A hipertermia est\u00e1 associada a uma eleva\u00e7\u00e3o descontrolada da temperatura, enquanto a febre a uma resposta coordenada do organismo a pir\u00f3genos.","og_url":"https:\/\/med.estrategia.com\/portal\/conteudos-gratis\/doencas\/resumo-de-hipertermia-conceito-causas-e-mais\/","og_site_name":"Estrat\u00e9gia MED","article_publisher":"https:\/\/www.facebook.com\/estrategiamed1","article_published_time":"2024-02-07T19:40:54+00:00","article_modified_time":"2024-02-19T12:45:44+00:00","og_image":[{"width":1920,"height":1280,"url":"https:\/\/med.estrategia.com\/portal\/wp-content\/uploads\/2024\/02\/pexels-andrea-piacquadio-3768582.jpg","type":"image\/jpeg"}],"author":"Pablo Fernandes","twitter_card":"summary_large_image","twitter_creator":"@estrategiamed_","twitter_site":"@estrategiamed_","twitter_misc":{"Escrito por":"Pablo Fernandes","Est. tempo de leitura":"6 minutos"},"schema":{"@context":"https:\/\/schema.org","@graph":[{"@type":"WebPage","@id":"https:\/\/med.estrategia.com\/portal\/conteudos-gratis\/doencas\/resumo-de-hipertermia-conceito-causas-e-mais\/","url":"https:\/\/med.estrategia.com\/portal\/conteudos-gratis\/doencas\/resumo-de-hipertermia-conceito-causas-e-mais\/","name":"Resumo de Hipertermia: conceito, causas e mais!","isPartOf":{"@id":"https:\/\/med.estrategia.com\/portal\/#website"},"primaryImageOfPage":{"@id":"https:\/\/med.estrategia.com\/portal\/conteudos-gratis\/doencas\/resumo-de-hipertermia-conceito-causas-e-mais\/#primaryimage"},"image":{"@id":"https:\/\/med.estrategia.com\/portal\/conteudos-gratis\/doencas\/resumo-de-hipertermia-conceito-causas-e-mais\/#primaryimage"},"thumbnailUrl":"https:\/\/med.estrategia.com\/portal\/wp-content\/uploads\/2024\/02\/pexels-andrea-piacquadio-3768582.jpg","datePublished":"2024-02-07T19:40:54+00:00","dateModified":"2024-02-19T12:45:44+00:00","author":{"@id":"https:\/\/med.estrategia.com\/portal\/#\/schema\/person\/67a72aa9c51ed5919796767d808606b4"},"description":"A hipertermia est\u00e1 associada a uma eleva\u00e7\u00e3o descontrolada da temperatura, enquanto a febre a uma resposta coordenada do organismo a pir\u00f3genos.","breadcrumb":{"@id":"https:\/\/med.estrategia.com\/portal\/conteudos-gratis\/doencas\/resumo-de-hipertermia-conceito-causas-e-mais\/#breadcrumb"},"inLanguage":"pt-BR","potentialAction":[{"@type":"ReadAction","target":["https:\/\/med.estrategia.com\/portal\/conteudos-gratis\/doencas\/resumo-de-hipertermia-conceito-causas-e-mais\/"]}]},{"@type":"ImageObject","inLanguage":"pt-BR","@id":"https:\/\/med.estrategia.com\/portal\/conteudos-gratis\/doencas\/resumo-de-hipertermia-conceito-causas-e-mais\/#primaryimage","url":"https:\/\/med.estrategia.com\/portal\/wp-content\/uploads\/2024\/02\/pexels-andrea-piacquadio-3768582.jpg","contentUrl":"https:\/\/med.estrategia.com\/portal\/wp-content\/uploads\/2024\/02\/pexels-andrea-piacquadio-3768582.jpg","width":1920,"height":1280},{"@type":"BreadcrumbList","@id":"https:\/\/med.estrategia.com\/portal\/conteudos-gratis\/doencas\/resumo-de-hipertermia-conceito-causas-e-mais\/#breadcrumb","itemListElement":[{"@type":"ListItem","position":1,"name":"Home","item":"https:\/\/med.estrategia.com\/portal\/"},{"@type":"ListItem","position":2,"name":"Conte\u00fados Gr\u00e1tis","item":"https:\/\/med.estrategia.com\/portal\/conteudos-gratis\/"},{"@type":"ListItem","position":3,"name":"Doen\u00e7as","item":"https:\/\/med.estrategia.com\/portal\/conteudos-gratis\/doencas\/"},{"@type":"ListItem","position":4,"name":"Resumo de Hipertermia: conceito, causas e mais!"}]},{"@type":"WebSite","@id":"https:\/\/med.estrategia.com\/portal\/#website","url":"https:\/\/med.estrategia.com\/portal\/","name":"Estrat\u00e9gia MED","description":"","potentialAction":[{"@type":"SearchAction","target":{"@type":"EntryPoint","urlTemplate":"https:\/\/med.estrategia.com\/portal\/?s={search_term_string}"},"query-input":{"@type":"PropertyValueSpecification","valueRequired":true,"valueName":"search_term_string"}}],"inLanguage":"pt-BR"},{"@type":"Person","@id":"https:\/\/med.estrategia.com\/portal\/#\/schema\/person\/67a72aa9c51ed5919796767d808606b4","name":"Pablo Fernandes","image":{"@type":"ImageObject","inLanguage":"pt-BR","@id":"https:\/\/med.estrategia.com\/portal\/#\/schema\/person\/image\/","url":"https:\/\/med.estrategia.com\/portal\/wp-content\/uploads\/2025\/07\/DSC_0059-1-150x150.jpg","contentUrl":"https:\/\/med.estrategia.com\/portal\/wp-content\/uploads\/2025\/07\/DSC_0059-1-150x150.jpg","caption":"Pablo Fernandes"},"description":"R1 em Medicina de Fam\u00edlia e Comunidade, mineiro e apaixonado por Jesus.","sameAs":["https:\/\/www.instagram.com\/pablowiil\/"],"url":"https:\/\/med.estrategia.com\/portal\/author\/pablo-souza\/"}]}},"_wl_alt_label":[],"wl:entity_url":"\/post\/resumo-de-hipertermia-conceito-causas-e-mais","_links":{"self":[{"href":"https:\/\/med.estrategia.com\/portal\/wp-json\/wp\/v2\/posts\/57424","targetHints":{"allow":["GET"]}}],"collection":[{"href":"https:\/\/med.estrategia.com\/portal\/wp-json\/wp\/v2\/posts"}],"about":[{"href":"https:\/\/med.estrategia.com\/portal\/wp-json\/wp\/v2\/types\/post"}],"author":[{"embeddable":true,"href":"https:\/\/med.estrategia.com\/portal\/wp-json\/wp\/v2\/users\/46"}],"replies":[{"embeddable":true,"href":"https:\/\/med.estrategia.com\/portal\/wp-json\/wp\/v2\/comments?post=57424"}],"version-history":[{"count":6,"href":"https:\/\/med.estrategia.com\/portal\/wp-json\/wp\/v2\/posts\/57424\/revisions"}],"predecessor-version":[{"id":58267,"href":"https:\/\/med.estrategia.com\/portal\/wp-json\/wp\/v2\/posts\/57424\/revisions\/58267"}],"wp:featuredmedia":[{"embeddable":true,"href":"https:\/\/med.estrategia.com\/portal\/wp-json\/wp\/v2\/media\/57426"}],"wp:attachment":[{"href":"https:\/\/med.estrategia.com\/portal\/wp-json\/wp\/v2\/media?parent=57424"}],"wp:term":[{"taxonomy":"category","embeddable":true,"href":"https:\/\/med.estrategia.com\/portal\/wp-json\/wp\/v2\/categories?post=57424"},{"taxonomy":"post_tag","embeddable":true,"href":"https:\/\/med.estrategia.com\/portal\/wp-json\/wp\/v2\/tags?post=57424"},{"taxonomy":"wl_entity_type","embeddable":true,"href":"https:\/\/med.estrategia.com\/portal\/wp-json\/wp\/v2\/wl_entity_type?post=57424"}],"curies":[{"name":"wp","href":"https:\/\/api.w.org\/{rel}","templated":true}]}}