{"id":57544,"date":"2024-02-06T01:27:00","date_gmt":"2024-02-06T04:27:00","guid":{"rendered":"https:\/\/med.estrategia.com\/portal\/?p=57544"},"modified":"2024-02-23T10:35:42","modified_gmt":"2024-02-23T13:35:42","slug":"revalida-2023-2-cronograma-retificado","status":"publish","type":"post","link":"https:\/\/med.estrategia.com\/portal\/noticias\/revalida-2023-2-cronograma-retificado\/","title":{"rendered":"INEP retifica cronograma do Revalida 2023.2 e divulga\u00e7\u00e3o do resultado preliminar ganha nova data"},"content":{"rendered":"<p>Na edi&ccedil;&atilde;o desta ter&ccedil;a-feira (06) do Di&aacute;rio Oficial da Uni&atilde;o, o<strong> Instituto Nacional de Estudos e Pesquisas Educacionais An&iacute;sio Teixeira (INEP)&nbsp;<\/strong>tornou p&uacute;blica a <strong>retifica&ccedil;&atilde;o do cronograma<\/strong> do edital que trata sobre a realiza&ccedil;&atilde;o da<strong> segunda etapa da edi&ccedil;&atilde;o 2023.2<\/strong> de seu processo de revalida&ccedil;&atilde;o de diplomas em medicina, o Revalida.<br><br>Com a mudan&ccedil;a, as divulga&ccedil;&otilde;es do<strong> resultado dos recursos interpostos contra a Padr&atilde;o Esperado de Procedimentos (PEP) <\/strong>e sua vers&atilde;o definitiva, bem como seu<strong> resultado preliminar<\/strong>, ganharam nova data e<strong> <\/strong>acontecem<strong> no dia 8 de fevereiro<\/strong>, pr&oacute;xima quinta-feira.<br><br>Sem altera&ccedil;&otilde;es, o per&iacute;odo de <strong>interposi&ccedil;&atilde;o de recursos ao resultado preliminar estar&aacute; aberto entre os dias 8 e 13 de fevereiro de 2024<\/strong> e o resultado final, com a rela&ccedil;&atilde;o de nomes dos candidatos aptos a prosseguirem com a revalida&ccedil;&atilde;o do diploma, no dia 19 de mar&ccedil;o.<div class=\"wp-block-buttons is-content-justification-center is-layout-flex wp-container-core-buttons-is-layout-1 wp-block-buttons-is-layout-flex\">\n<div class=\"wp-block-button\"><a class=\"wp-block-button__link wp-element-button\" href=\"https:\/\/cdn.medblog.estrategiaeducacional.com.br\/wp-content\/uploads\/2024\/02\/retificacao_revalida_2023.2.pdf\" target=\"_blank\">retifica&ccedil;&atilde;o revalida 2023.2 &ndash; 06\/02\/2024<\/a><\/div>\n<\/div><p>\n\n\n<div id=\"new-form\">\n\t<form id=\"forms_layout\">\n\t<input type=\"hidden\" id=\"chave_de\" name=\"chave_de\" value=\"01_EMED_LEADS_TOTAIS\" \/>\n\t\t<input type=\"hidden\" id=\"mid\" name=\"mid\" value=\"515009018\" \/>\n\t\t<input type=\"hidden\" id=\"Objetivo\" name=\"Objetivo\" value=\"Medicina\" \/>\n\t\t<input type=\"hidden\" id=\"Estado_de_Origem_do_IP\" name=\"Estado_de_Origem_do_IP\"  value=\"\" \/>\n\t\t<input type=\"hidden\" id=\"Cidade_de_Origem_do_IP\" name=\"Cidade_de_Origem_do_IP\" value=\"\" \/>\n\t\t<input type=\"hidden\" id=\"Modo_de_entrada\" name=\"Modo_de_entrada\" value=\"Portal\" \/>\n\t\t<input type=\"hidden\" id=\"Pagina_Origem\" name=\"Pagina_Origem\" value=\"\" \/>\n\n\t\t<div class=\"texto\">\n\t\t\t<div id=\"ez-toc-container\" class=\"ez-toc-v2_0_79_2 counter-hierarchy ez-toc-counter ez-toc-transparent ez-toc-container-direction\">\n<div class=\"ez-toc-title-container\"><p class=\"ez-toc-title\" style=\"cursor:inherit\">Navegue pelo conte\u00fado<\/p>\n<\/div><nav><ul class='ez-toc-list ez-toc-list-level-1 ' ><ul class='ez-toc-list-level-3' ><li class='ez-toc-heading-level-3'><a class=\"ez-toc-link ez-toc-heading-1\" href=\"https:\/\/med.estrategia.com\/portal\/noticias\/revalida-2023-2-cronograma-retificado\/#Inscreva-se-em-nossa-newsletter\" >Inscreva-se em nossa newsletter!<\/a><\/li><\/ul><\/li><li class='ez-toc-page-1 ez-toc-heading-level-2'><a class=\"ez-toc-link ez-toc-heading-2\" href=\"https:\/\/med.estrategia.com\/portal\/noticias\/revalida-2023-2-cronograma-retificado\/#Como-foi-a-segunda-etapa-do-Revalida-20232\" >Como foi a segunda etapa do Revalida 2023.2<\/a><ul class='ez-toc-list-level-3' ><li class='ez-toc-heading-level-3'><a class=\"ez-toc-link ez-toc-heading-3\" href=\"https:\/\/med.estrategia.com\/portal\/noticias\/revalida-2023-2-cronograma-retificado\/#Cronograma-2a-etapa\" >Cronograma 2&ordf; etapa<\/a><\/li><\/ul><\/li><\/ul><\/nav><\/div>\n<h3 class=\"news\"><span class=\"ez-toc-section\" id=\"Inscreva-se-em-nossa-newsletter\"><\/span>Inscreva-se em nossa newsletter!<span class=\"ez-toc-section-end\"><\/span><\/h3>\n\t\t\t<p>Receba not\u00edcias sobre resid\u00eancia m\u00e9dica, revalida\u00e7\u00e3o de diplomas e concursos m\u00e9dicos, al\u00e9m de materiais de estudo gratuitos e informa\u00e7\u00f5es relevantes do mundo da Medicina.<\/p>\n\t\t<\/div>\n\t\t<div class=\"campos\">\n\t\t\t<div class=\"first_name labels\">\n\t\t\t\t<input type=\"text\" class=\"input_labels\" id=\"first_name\" name=\"Nome_Completo\" placeholder=\"Nome\" required \/>\n\t\t\t<\/div>\n\t\t\t<div class=\"email labels\">\n\t\t\t\t<input type=\"email\" class=\"input_labels\" id=\"email\" name=\"Email\" placeholder=\"E-mail\" required \/>\n\t\t\t<\/div>\n\t\t\t<button type=\"submit\" class=\"button_layout\">\n\t\t\t\t<div id=\"lblBotao\">Inscreva-se<\/div>\n\t\t\t\t<span id=\"divSpiner\" class=\"loader\" role=\"status\" style=\"display: none;\"><\/span>\t\n\t\t\t<\/button>\n\t\t<\/div><!-- \/campos -->\n\t\t\n\t\t<label class=\"container_checkbox\">Voc\u00ea concorda com a nossa\n\t\t\t<a class=\"politics_privacy_ahref\" target=\"_blank\" href=\"https:\/\/gratis.estrategiaconcursos.com.br\/politica-de-privacidade\/\">Pol\u00edtica de Privacidade<\/a> e aceita receber informa\u00e7\u00f5es adicionais do Estrat\u00e9gia Educacional.\n\t\t\t<input id=\"checkbox_layout\" type=\"checkbox\" checked=\"checked\" required \/>\n\t\t\t<span class=\"checkbox\"><\/span>\n\t\t<\/label>\n\t\t<div id=\"msg\"><\/div>\n\t\t<div id=\"error\" class=\"error\">\n\t\t<\/div>\n\t<\/form>\n<\/div><!-- \/new-form -->\n\n\n\n<\/p><h2 class=\"wp-block-heading\" id=\"h-como-foi-a-segunda-etapa-do-revalida-2023-2\"><span class=\"ez-toc-section\" id=\"Como-foi-a-segunda-etapa-do-Revalida-20232\"><\/span>Como foi a segunda etapa do Revalida 2023.2<span class=\"ez-toc-section-end\"><\/span><\/h2><p>A <strong>segunda etapa<\/strong> do processo seguiu os moldes das edi&ccedil;&otilde;es anteriores e consistiu em uma <strong>prova de habilidades cl&iacute;nicas<\/strong> com dez esta&ccedil;&otilde;es, abrangendo tarefas espec&iacute;ficas das &aacute;reas de Cl&iacute;nica M&eacute;dica, Cirurgia, Ginecologia-Obstetr&iacute;cia, Pediatria e Medicina da Fam&iacute;lia e Comunidade. Cada esta&ccedil;&atilde;o valia at&eacute; 10 pontos, totalizando 100 pontos.<\/p><p>Realizada ao longo de dois dias, essa etapa teve <strong>supervis&atilde;o presencial<\/strong> por chefes de esta&ccedil;&atilde;o, garantindo as condi&ccedil;&otilde;es adequadas para a avalia&ccedil;&atilde;o, seguida pela <strong>avalia&ccedil;&atilde;o remota<\/strong> atrav&eacute;s de filmagens. Os avaliadores utilizaram o <strong>Padr&atilde;o Esperado de Procedimentos (PEP)<\/strong>, semelhante a um gabarito, para avaliar as filmagens de todas as esta&ccedil;&otilde;es.<\/p><h3 class=\"wp-block-heading\" id=\"h-cronograma-2&ordf;-etapa\"><span class=\"ez-toc-section\" id=\"Cronograma-2a-etapa\"><\/span>Cronograma 2&ordf; etapa<span class=\"ez-toc-section-end\"><\/span><\/h3><ul class=\"wp-block-list\">\n<li>Inscri&ccedil;&otilde;es: 16 a 20\/10\/2023;<\/li>\n\n\n\n<li>Pagamento da taxa de inscri&ccedil;&atilde;o: 16 a 24\/10\/2023;<\/li>\n\n\n\n<li>Solicita&ccedil;&atilde;o de atendimento especializado: 16 a 20\/10\/2023;<\/li>\n\n\n\n<li>Divulga&ccedil;&atilde;o da nota de corte da 2&ordf; Etapa: 24\/10\/2023;<\/li>\n\n\n\n<li>Divulga&ccedil;&atilde;o do cart&atilde;o de confirma&ccedil;&atilde;o de inscri&ccedil;&atilde;o: 14\/11\/2023;<\/li>\n\n\n\n<li>Aplica&ccedil;&atilde;o: 02 e 03\/12\/2023;<\/li>\n\n\n\n<li>Divulga&ccedil;&atilde;o da vers&atilde;o preliminar do Padr&atilde;o Esperado de Procedimentos (PEP): 06\/12\/2023;<\/li>\n\n\n\n<li>Recurso &agrave;s vers&otilde;es preliminares do Padr&atilde;o Esperado de Procedimentos (PEP): 06 a 12\/12\/2023;<\/li>\n\n\n\n<li>Resultados do recurso ao Padr&atilde;o Esperado de Procedimentos (PEP): 08;02\/2024;<\/li>\n\n\n\n<li>Divulga&ccedil;&atilde;o do resultado preliminar da prova de habilidades cl&iacute;nicas: 08\/02\/2024;<\/li>\n\n\n\n<li>Recurso ao resultado preliminar da prova de habilidades cl&iacute;nicas: 08 a 13\/02\/2024;<\/li>\n\n\n\n<li>Resultados dos recursos ao resultado preliminar da prova de habilidades cl&iacute;nicas: 19\/03\/2024;<\/li>\n\n\n\n<li>Resultado final: 19\/03\/2024; e<\/li>\n\n\n\n<li>Indica&ccedil;&atilde;o da universidade parceira: a partir de 20\/04\/2024.<\/li>\n<\/ul><p>Para se manter atualizado no campo da medicina e acompanhar as informa&ccedil;&otilde;es sobre os processos seletivos de Resid&ecirc;ncia M&eacute;dica, revalida&ccedil;&atilde;o de diplomas e conte&uacute;dos t&eacute;cnicos, continue acompanhando o<a href=\"https:\/\/med.estrategia.com\/portal\/\" target=\"_blank\"> Portal do Estrat&eacute;gia MED<\/a>.<\/p><p>Se voc&ecirc; quer ficar por dentro de mais conte&uacute;dos relevantes sobre a &aacute;rea m&eacute;dica, continue acompanhando o material preparado pelo <a href=\"https:\/\/med.estrategia.com\/portal\/\" target=\"_blank\">Portal de Not&iacute;cias do Estrat&eacute;gia MED<\/a>. Aqui, voc&ecirc; encontrar&aacute; informa&ccedil;&otilde;es atualizadas sobre resid&ecirc;ncias, carreira m&eacute;dica e muito mais.<\/p><p><strong><a id=\"cta\" class=\"cta-imagem\" href=\"https:\/\/med.estrategia.com\/cursos\/revalida-exclusive\/\" target=\"blank\">\n                <img decoding=\"async\" width=\"100%\" src=\"https:\/\/med.estrategia.com\/portal\/wp-content\/uploads\/2025\/08\/revalida_exclusive.jpg\" alt=\"revalida_exclusive\" title=\"revalida_exclusive\">\n        <\/a><\/strong><\/p><\/p>\n","protected":false},"excerpt":{"rendered":"Al\u00e9m do resultado preliminar, retifica\u00e7\u00e3o no cronograma contempla a divulga\u00e7\u00e3o da vers\u00e3o definitiva do Padr\u00e3o Esperado de Procedimentos (PEP)\n","protected":false},"author":39,"featured_media":21008,"comment_status":"closed","ping_status":"closed","sticky":false,"template":"","format":"standard","meta":{"wl_entities_gutenberg":"","footnotes":""},"categories":[300],"tags":[],"wl_entity_type":[199],"class_list":{"0":"post-57544","1":"post","2":"type-post","3":"status-publish","4":"format-standard","5":"has-post-thumbnail","7":"category-noticias","8":"wl_entity_type-article"},"acf":[],"yoast_head":"<!-- This site is optimized with the Yoast SEO Premium plugin v26.6 (Yoast SEO v26.6) - https:\/\/yoast.com\/wordpress\/plugins\/seo\/ -->\n<title>INEP retifica cronograma do Revalida 2023.2<\/title>\n<meta name=\"description\" content=\"Venha conferir a nova data de divulga\u00e7\u00e3o do PEP definitivo e resultado preliminar da segunda etapa do maior processo de revalida\u00e7\u00e3o de diplomas em medicina!\" \/>\n<meta name=\"robots\" content=\"index, follow, max-snippet:-1, max-image-preview:large, max-video-preview:-1\" \/>\n<link rel=\"canonical\" href=\"https:\/\/med.estrategia.com\/portal\/noticias\/revalida-2023-2-cronograma-retificado\/\" \/>\n<meta property=\"og:locale\" content=\"pt_BR\" \/>\n<meta property=\"og:type\" content=\"article\" \/>\n<meta property=\"og:title\" content=\"INEP retifica cronograma do Revalida 2023.2 e divulga\u00e7\u00e3o do resultado preliminar ganha nova data\" \/>\n<meta property=\"og:description\" content=\"Venha conferir a nova data de divulga\u00e7\u00e3o do PEP definitivo e resultado preliminar da segunda etapa do maior processo de revalida\u00e7\u00e3o de diplomas em medicina!\" \/>\n<meta property=\"og:url\" content=\"https:\/\/med.estrategia.com\/portal\/noticias\/revalida-2023-2-cronograma-retificado\/\" \/>\n<meta property=\"og:site_name\" content=\"Estrat\u00e9gia MED\" \/>\n<meta property=\"article:publisher\" content=\"https:\/\/www.facebook.com\/estrategiamed1\" \/>\n<meta property=\"article:published_time\" content=\"2024-02-06T04:27:00+00:00\" \/>\n<meta property=\"article:modified_time\" content=\"2024-02-23T13:35:42+00:00\" \/>\n<meta property=\"og:image\" content=\"https:\/\/med.estrategia.com\/portal\/wp-content\/uploads\/2022\/06\/coverWP_publica_bgfoto_logo.jpg\" \/>\n\t<meta property=\"og:image:width\" content=\"1200\" \/>\n\t<meta property=\"og:image:height\" content=\"800\" \/>\n\t<meta property=\"og:image:type\" content=\"image\/jpeg\" \/>\n<meta name=\"author\" content=\"Ana Carolina Damasceno\" \/>\n<meta name=\"twitter:card\" content=\"summary_large_image\" \/>\n<meta name=\"twitter:creator\" content=\"@estrategiamed_\" \/>\n<meta name=\"twitter:site\" content=\"@estrategiamed_\" \/>\n<meta name=\"twitter:label1\" content=\"Escrito por\" \/>\n\t<meta name=\"twitter:data1\" content=\"Ana Carolina Damasceno\" \/>\n\t<meta name=\"twitter:label2\" content=\"Est. tempo de leitura\" \/>\n\t<meta name=\"twitter:data2\" content=\"2 minutos\" \/>\n<script type=\"application\/ld+json\" class=\"yoast-schema-graph\">{\"@context\":\"https:\/\/schema.org\",\"@graph\":[{\"@type\":\"WebPage\",\"@id\":\"https:\/\/med.estrategia.com\/portal\/noticias\/revalida-2023-2-cronograma-retificado\/\",\"url\":\"https:\/\/med.estrategia.com\/portal\/noticias\/revalida-2023-2-cronograma-retificado\/\",\"name\":\"INEP retifica cronograma do Revalida 2023.2\",\"isPartOf\":{\"@id\":\"https:\/\/med.estrategia.com\/portal\/#website\"},\"primaryImageOfPage\":{\"@id\":\"https:\/\/med.estrategia.com\/portal\/noticias\/revalida-2023-2-cronograma-retificado\/#primaryimage\"},\"image\":{\"@id\":\"https:\/\/med.estrategia.com\/portal\/noticias\/revalida-2023-2-cronograma-retificado\/#primaryimage\"},\"thumbnailUrl\":\"https:\/\/med.estrategia.com\/portal\/wp-content\/uploads\/2022\/06\/coverWP_publica_bgfoto_logo.jpg\",\"datePublished\":\"2024-02-06T04:27:00+00:00\",\"dateModified\":\"2024-02-23T13:35:42+00:00\",\"author\":{\"@id\":\"https:\/\/med.estrategia.com\/portal\/#\/schema\/person\/2f553adbb8e25fe39d145c5b2927f58c\"},\"description\":\"Venha conferir a nova data de divulga\u00e7\u00e3o do PEP definitivo e resultado preliminar da segunda etapa do maior processo de revalida\u00e7\u00e3o de diplomas em medicina!\",\"breadcrumb\":{\"@id\":\"https:\/\/med.estrategia.com\/portal\/noticias\/revalida-2023-2-cronograma-retificado\/#breadcrumb\"},\"inLanguage\":\"pt-BR\",\"potentialAction\":[{\"@type\":\"ReadAction\",\"target\":[\"https:\/\/med.estrategia.com\/portal\/noticias\/revalida-2023-2-cronograma-retificado\/\"]}]},{\"@type\":\"ImageObject\",\"inLanguage\":\"pt-BR\",\"@id\":\"https:\/\/med.estrategia.com\/portal\/noticias\/revalida-2023-2-cronograma-retificado\/#primaryimage\",\"url\":\"https:\/\/med.estrategia.com\/portal\/wp-content\/uploads\/2022\/06\/coverWP_publica_bgfoto_logo.jpg\",\"contentUrl\":\"https:\/\/med.estrategia.com\/portal\/wp-content\/uploads\/2022\/06\/coverWP_publica_bgfoto_logo.jpg\",\"width\":1200,\"height\":800,\"caption\":\"Cr\u00e9ditos: Divulga\u00e7\u00e3o Inep\/Estrat\u00e9gia MED\"},{\"@type\":\"BreadcrumbList\",\"@id\":\"https:\/\/med.estrategia.com\/portal\/noticias\/revalida-2023-2-cronograma-retificado\/#breadcrumb\",\"itemListElement\":[{\"@type\":\"ListItem\",\"position\":1,\"name\":\"Home\",\"item\":\"https:\/\/med.estrategia.com\/portal\/\"},{\"@type\":\"ListItem\",\"position\":2,\"name\":\"Not\u00edcias\",\"item\":\"https:\/\/med.estrategia.com\/portal\/noticias\/\"},{\"@type\":\"ListItem\",\"position\":3,\"name\":\"INEP retifica cronograma do Revalida 2023.2 e divulga\u00e7\u00e3o do resultado preliminar ganha nova data\"}]},{\"@type\":\"WebSite\",\"@id\":\"https:\/\/med.estrategia.com\/portal\/#website\",\"url\":\"https:\/\/med.estrategia.com\/portal\/\",\"name\":\"Estrat\u00e9gia MED\",\"description\":\"\",\"potentialAction\":[{\"@type\":\"SearchAction\",\"target\":{\"@type\":\"EntryPoint\",\"urlTemplate\":\"https:\/\/med.estrategia.com\/portal\/?s={search_term_string}\"},\"query-input\":{\"@type\":\"PropertyValueSpecification\",\"valueRequired\":true,\"valueName\":\"search_term_string\"}}],\"inLanguage\":\"pt-BR\"},{\"@type\":\"Person\",\"@id\":\"https:\/\/med.estrategia.com\/portal\/#\/schema\/person\/2f553adbb8e25fe39d145c5b2927f58c\",\"name\":\"Ana Carolina Damasceno\",\"image\":{\"@type\":\"ImageObject\",\"inLanguage\":\"pt-BR\",\"@id\":\"https:\/\/med.estrategia.com\/portal\/#\/schema\/person\/image\/\",\"url\":\"https:\/\/med.estrategia.com\/portal\/wp-content\/uploads\/2021\/09\/WhatsApp-Image-2023-08-18-at-16.46.43-150x150.jpeg\",\"contentUrl\":\"https:\/\/med.estrategia.com\/portal\/wp-content\/uploads\/2021\/09\/WhatsApp-Image-2023-08-18-at-16.46.43-150x150.jpeg\",\"caption\":\"Ana Carolina Damasceno\"},\"description\":\"Coordenadora de Jornalismo EMED. Comunicadora por natureza e forma\u00e7\u00e3o, que ama e perde a no\u00e7\u00e3o do tempo com m\u00fasica e s\u00e9rie.\",\"url\":\"https:\/\/med.estrategia.com\/portal\/author\/ana-carolina-damasceno\/\"}]}<\/script>\n<!-- \/ Yoast SEO Premium plugin. -->","yoast_head_json":{"title":"INEP retifica cronograma do Revalida 2023.2","description":"Venha conferir a nova data de divulga\u00e7\u00e3o do PEP definitivo e resultado preliminar da segunda etapa do maior processo de revalida\u00e7\u00e3o de diplomas em medicina!","robots":{"index":"index","follow":"follow","max-snippet":"max-snippet:-1","max-image-preview":"max-image-preview:large","max-video-preview":"max-video-preview:-1"},"canonical":"https:\/\/med.estrategia.com\/portal\/noticias\/revalida-2023-2-cronograma-retificado\/","og_locale":"pt_BR","og_type":"article","og_title":"INEP retifica cronograma do Revalida 2023.2 e divulga\u00e7\u00e3o do resultado preliminar ganha nova data","og_description":"Venha conferir a nova data de divulga\u00e7\u00e3o do PEP definitivo e resultado preliminar da segunda etapa do maior processo de revalida\u00e7\u00e3o de diplomas em medicina!","og_url":"https:\/\/med.estrategia.com\/portal\/noticias\/revalida-2023-2-cronograma-retificado\/","og_site_name":"Estrat\u00e9gia MED","article_publisher":"https:\/\/www.facebook.com\/estrategiamed1","article_published_time":"2024-02-06T04:27:00+00:00","article_modified_time":"2024-02-23T13:35:42+00:00","og_image":[{"width":1200,"height":800,"url":"https:\/\/med.estrategia.com\/portal\/wp-content\/uploads\/2022\/06\/coverWP_publica_bgfoto_logo.jpg","type":"image\/jpeg"}],"author":"Ana Carolina Damasceno","twitter_card":"summary_large_image","twitter_creator":"@estrategiamed_","twitter_site":"@estrategiamed_","twitter_misc":{"Escrito por":"Ana Carolina Damasceno","Est. tempo de leitura":"2 minutos"},"schema":{"@context":"https:\/\/schema.org","@graph":[{"@type":"WebPage","@id":"https:\/\/med.estrategia.com\/portal\/noticias\/revalida-2023-2-cronograma-retificado\/","url":"https:\/\/med.estrategia.com\/portal\/noticias\/revalida-2023-2-cronograma-retificado\/","name":"INEP retifica cronograma do Revalida 2023.2","isPartOf":{"@id":"https:\/\/med.estrategia.com\/portal\/#website"},"primaryImageOfPage":{"@id":"https:\/\/med.estrategia.com\/portal\/noticias\/revalida-2023-2-cronograma-retificado\/#primaryimage"},"image":{"@id":"https:\/\/med.estrategia.com\/portal\/noticias\/revalida-2023-2-cronograma-retificado\/#primaryimage"},"thumbnailUrl":"https:\/\/med.estrategia.com\/portal\/wp-content\/uploads\/2022\/06\/coverWP_publica_bgfoto_logo.jpg","datePublished":"2024-02-06T04:27:00+00:00","dateModified":"2024-02-23T13:35:42+00:00","author":{"@id":"https:\/\/med.estrategia.com\/portal\/#\/schema\/person\/2f553adbb8e25fe39d145c5b2927f58c"},"description":"Venha conferir a nova data de divulga\u00e7\u00e3o do PEP definitivo e resultado preliminar da segunda etapa do maior processo de revalida\u00e7\u00e3o de diplomas em medicina!","breadcrumb":{"@id":"https:\/\/med.estrategia.com\/portal\/noticias\/revalida-2023-2-cronograma-retificado\/#breadcrumb"},"inLanguage":"pt-BR","potentialAction":[{"@type":"ReadAction","target":["https:\/\/med.estrategia.com\/portal\/noticias\/revalida-2023-2-cronograma-retificado\/"]}]},{"@type":"ImageObject","inLanguage":"pt-BR","@id":"https:\/\/med.estrategia.com\/portal\/noticias\/revalida-2023-2-cronograma-retificado\/#primaryimage","url":"https:\/\/med.estrategia.com\/portal\/wp-content\/uploads\/2022\/06\/coverWP_publica_bgfoto_logo.jpg","contentUrl":"https:\/\/med.estrategia.com\/portal\/wp-content\/uploads\/2022\/06\/coverWP_publica_bgfoto_logo.jpg","width":1200,"height":800,"caption":"Cr\u00e9ditos: Divulga\u00e7\u00e3o Inep\/Estrat\u00e9gia MED"},{"@type":"BreadcrumbList","@id":"https:\/\/med.estrategia.com\/portal\/noticias\/revalida-2023-2-cronograma-retificado\/#breadcrumb","itemListElement":[{"@type":"ListItem","position":1,"name":"Home","item":"https:\/\/med.estrategia.com\/portal\/"},{"@type":"ListItem","position":2,"name":"Not\u00edcias","item":"https:\/\/med.estrategia.com\/portal\/noticias\/"},{"@type":"ListItem","position":3,"name":"INEP retifica cronograma do Revalida 2023.2 e divulga\u00e7\u00e3o do resultado preliminar ganha nova data"}]},{"@type":"WebSite","@id":"https:\/\/med.estrategia.com\/portal\/#website","url":"https:\/\/med.estrategia.com\/portal\/","name":"Estrat\u00e9gia MED","description":"","potentialAction":[{"@type":"SearchAction","target":{"@type":"EntryPoint","urlTemplate":"https:\/\/med.estrategia.com\/portal\/?s={search_term_string}"},"query-input":{"@type":"PropertyValueSpecification","valueRequired":true,"valueName":"search_term_string"}}],"inLanguage":"pt-BR"},{"@type":"Person","@id":"https:\/\/med.estrategia.com\/portal\/#\/schema\/person\/2f553adbb8e25fe39d145c5b2927f58c","name":"Ana Carolina Damasceno","image":{"@type":"ImageObject","inLanguage":"pt-BR","@id":"https:\/\/med.estrategia.com\/portal\/#\/schema\/person\/image\/","url":"https:\/\/med.estrategia.com\/portal\/wp-content\/uploads\/2021\/09\/WhatsApp-Image-2023-08-18-at-16.46.43-150x150.jpeg","contentUrl":"https:\/\/med.estrategia.com\/portal\/wp-content\/uploads\/2021\/09\/WhatsApp-Image-2023-08-18-at-16.46.43-150x150.jpeg","caption":"Ana Carolina Damasceno"},"description":"Coordenadora de Jornalismo EMED. Comunicadora por natureza e forma\u00e7\u00e3o, que ama e perde a no\u00e7\u00e3o do tempo com m\u00fasica e s\u00e9rie.","url":"https:\/\/med.estrategia.com\/portal\/author\/ana-carolina-damasceno\/"}]}},"_wl_alt_label":[],"wl:entity_url":"\/post\/revalida-2023-2-cronograma-retificado","_links":{"self":[{"href":"https:\/\/med.estrategia.com\/portal\/wp-json\/wp\/v2\/posts\/57544","targetHints":{"allow":["GET"]}}],"collection":[{"href":"https:\/\/med.estrategia.com\/portal\/wp-json\/wp\/v2\/posts"}],"about":[{"href":"https:\/\/med.estrategia.com\/portal\/wp-json\/wp\/v2\/types\/post"}],"author":[{"embeddable":true,"href":"https:\/\/med.estrategia.com\/portal\/wp-json\/wp\/v2\/users\/39"}],"replies":[{"embeddable":true,"href":"https:\/\/med.estrategia.com\/portal\/wp-json\/wp\/v2\/comments?post=57544"}],"version-history":[{"count":4,"href":"https:\/\/med.estrategia.com\/portal\/wp-json\/wp\/v2\/posts\/57544\/revisions"}],"predecessor-version":[{"id":57548,"href":"https:\/\/med.estrategia.com\/portal\/wp-json\/wp\/v2\/posts\/57544\/revisions\/57548"}],"wp:featuredmedia":[{"embeddable":true,"href":"https:\/\/med.estrategia.com\/portal\/wp-json\/wp\/v2\/media\/21008"}],"wp:attachment":[{"href":"https:\/\/med.estrategia.com\/portal\/wp-json\/wp\/v2\/media?parent=57544"}],"wp:term":[{"taxonomy":"category","embeddable":true,"href":"https:\/\/med.estrategia.com\/portal\/wp-json\/wp\/v2\/categories?post=57544"},{"taxonomy":"post_tag","embeddable":true,"href":"https:\/\/med.estrategia.com\/portal\/wp-json\/wp\/v2\/tags?post=57544"},{"taxonomy":"wl_entity_type","embeddable":true,"href":"https:\/\/med.estrategia.com\/portal\/wp-json\/wp\/v2\/wl_entity_type?post=57544"}],"curies":[{"name":"wp","href":"https:\/\/api.w.org\/{rel}","templated":true}]}}