{"id":57855,"date":"2024-02-09T17:39:55","date_gmt":"2024-02-09T20:39:55","guid":{"rendered":"https:\/\/med.estrategia.com\/portal\/?p=57855"},"modified":"2024-02-09T17:40:02","modified_gmt":"2024-02-09T20:40:02","slug":"pato-branco-tem-concurso-publico-com-vagas-na-area-medica","status":"publish","type":"post","link":"https:\/\/med.estrategia.com\/portal\/concursos\/pato-branco-tem-concurso-publico-com-vagas-na-area-medica\/","title":{"rendered":"Pato Branco tem concurso p\u00fablico com vagas na \u00e1rea m\u00e9dica"},"content":{"rendered":"<p>A <strong>Prefeitura de<\/strong> <strong>Pato Branco,<\/strong> no estado de Paran&aacute;, abriu hoje (9) as inscri&ccedil;&otilde;es para o <strong>concurso p&uacute;blico<\/strong> que oferece 1 vaga para in&iacute;cio imediato e forma&ccedil;&atilde;o de cadastro reserva para <strong>M&eacute;dico Plantonista e Ginecologista e Obstetr&iacute;cia.&nbsp;&nbsp;<\/strong><p>Os candidatos interessados t&ecirc;m at&eacute; o dia <strong>6 de mar&ccedil;o de 2024 <\/strong>para realizar a inscri&ccedil;&atilde;o, via site da banca organizadora, Unioeste. O <strong>valor<\/strong> <strong>da taxa &eacute; de R$ 130,00<\/strong> para cargos m&eacute;dicos.&nbsp;&nbsp;&nbsp;&nbsp;<\/p><p>A <strong>remunera&ccedil;&atilde;o inicial<\/strong> varia entre <strong>R$ 2.642,02 a R$ 10.667,14<\/strong> conforme a jornada semanal e fun&ccedil;&atilde;o do cargo.<\/p><div class=\"wp-block-buttons is-content-justification-center is-layout-flex wp-container-core-buttons-is-layout-1 wp-block-buttons-is-layout-flex\">\n<div class=\"wp-block-button\"><a class=\"wp-block-button__link wp-element-button\" href=\"https:\/\/med.estrategia.com\/portal\/wp-content\/uploads\/2024\/02\/edital-n-0032024-abertura-do-concurso-publico-de-pato-branco-publicar_1707419943.pdf\" target=\"_blank\">edital &ndash; prefeitura de pato branco 2024<\/a><\/div>\n<\/div><div id=\"ez-toc-container\" class=\"ez-toc-v2_0_79_2 counter-hierarchy ez-toc-counter ez-toc-transparent ez-toc-container-direction\">\n<div class=\"ez-toc-title-container\"><p class=\"ez-toc-title\" style=\"cursor:inherit\">Navegue pelo conte\u00fado<\/p>\n<\/div><nav><ul class='ez-toc-list ez-toc-list-level-1 ' ><li class='ez-toc-page-1 ez-toc-heading-level-2'><a class=\"ez-toc-link ez-toc-heading-1\" href=\"https:\/\/med.estrategia.com\/portal\/concursos\/pato-branco-tem-concurso-publico-com-vagas-na-area-medica\/#Resumo-do-edital-Pato-Branco-%E2%80%93-2024\" >Resumo do edital Pato Branco &ndash; 2024<\/a><\/li><li class='ez-toc-page-1 ez-toc-heading-level-2'><a class=\"ez-toc-link ez-toc-heading-2\" href=\"https:\/\/med.estrategia.com\/portal\/concursos\/pato-branco-tem-concurso-publico-com-vagas-na-area-medica\/#Inscricoes\" >Inscri&ccedil;&otilde;es<\/a><\/li><li class='ez-toc-page-1 ez-toc-heading-level-2'><a class=\"ez-toc-link ez-toc-heading-3\" href=\"https:\/\/med.estrategia.com\/portal\/concursos\/pato-branco-tem-concurso-publico-com-vagas-na-area-medica\/#Vagas\" >Vagas<\/a><\/li><li class='ez-toc-page-1 ez-toc-heading-level-2'><a class=\"ez-toc-link ez-toc-heading-4\" href=\"https:\/\/med.estrategia.com\/portal\/concursos\/pato-branco-tem-concurso-publico-com-vagas-na-area-medica\/#Requisitos\" >Requisitos<\/a><\/li><li class='ez-toc-page-1 ez-toc-heading-level-2'><a class=\"ez-toc-link ez-toc-heading-5\" href=\"https:\/\/med.estrategia.com\/portal\/concursos\/pato-branco-tem-concurso-publico-com-vagas-na-area-medica\/#Processo-Seletivo\" >Processo Seletivo<\/a><\/li><li class='ez-toc-page-1 ez-toc-heading-level-2'><a class=\"ez-toc-link ez-toc-heading-6\" href=\"https:\/\/med.estrategia.com\/portal\/concursos\/pato-branco-tem-concurso-publico-com-vagas-na-area-medica\/#Sobre-a-cidade-de-Pato-Branco-%E2%80%93-PR\" >Sobre a cidade de Pato Branco &ndash; PR<\/a><\/li><li class='ez-toc-page-1 ez-toc-heading-level-2'><a class=\"ez-toc-link ez-toc-heading-7\" href=\"https:\/\/med.estrategia.com\/portal\/concursos\/pato-branco-tem-concurso-publico-com-vagas-na-area-medica\/#Prepare-se-para-o-concurso-publico-de-Pato-Branco-com-o-Estrategia-MED\" >Prepare-se para o concurso p&uacute;blico de Pato Branco com o Estrat&eacute;gia MED!&nbsp;&nbsp;<\/a><\/li><\/ul><\/nav><\/div>\n<h2 class=\"wp-block-heading\" id=\"h-resumo-do-edital-pato-branco-2024\"><span class=\"ez-toc-section\" id=\"Resumo-do-edital-Pato-Branco-%E2%80%93-2024\"><\/span>Resumo do edital Pato Branco &ndash; 2024<span class=\"ez-toc-section-end\"><\/span><\/h2><figure class=\"wp-block-table\"><table><tbody><tr><td>Vagas Ofertadas<\/td><td>1 + CR<\/td><\/tr><tr><td>Remunera&ccedil;&atilde;o<\/td><td>R$ 10.667,14<br>R$ 3.070,16<br>R$ 2.642,02<\/td><\/tr><tr><td>Carga Hor&aacute;ria Semanal&nbsp;&nbsp;<\/td><td>20 horas<br>12 horas<\/td><\/tr><tr><td>Composi&ccedil;&atilde;o do Processo Seletivo<\/td><td>Prova objetiva e prova de t&iacute;tulos<\/td><\/tr><tr><td>Taxa de Inscri&ccedil;&atilde;o<\/td><td>R$ 130,00<\/td><\/tr><tr><td>Per&iacute;odo de inscri&ccedil;&atilde;o<\/td><td>09\/02\/2024 a 06\/03\/2024<\/td><\/tr><tr><td>&Uacute;ltimo dia para o pagamento da taxa de inscri&ccedil;&atilde;o<\/td><td>07\/03\/2024<\/td><\/tr><tr><td>Prova Objetiva<\/td><td>07\/04\/2024<\/td><\/tr><tr><td>Publica&ccedil;&atilde;o das respostas aos recursos e do Gabarito Definitivo da Prova Objetiva<\/td><td>22\/04\/2024<\/td><\/tr><tr><td>Publica&ccedil;&atilde;o do Resultado da Prova Objetiva, com nota e classifica&ccedil;&atilde;o<\/td><td>23\/04\/2024<\/td><\/tr><tr><td>Per&iacute;odo para anexar t&iacute;tulos no sistema da UNIOESTE<\/td><td>24\/04\/2024 a 05\/05\/2024<\/td><\/tr><tr><td>Publica&ccedil;&atilde;o de Edital Preliminar com a nota da Avalia&ccedil;&atilde;o de T&iacute;tulos dos candidatos aprovados nas fases anteriores<\/td><td>15\/05\/2024<\/td><\/tr><tr><td>Publica&ccedil;&atilde;o do Resultado Final do Concurso, com as notas e respectiva classifica&ccedil;&atilde;o<\/td><td>21\/05\/2024<\/td><\/tr><tr><td>Homologa&ccedil;&atilde;o do Concurso P&uacute;blico<\/td><td>Ap&oacute;s 22\/05\/2024<\/td><\/tr><\/tbody><\/table><\/figure><h2 class=\"wp-block-heading\" id=\"h-inscricoes\"><span class=\"ez-toc-section\" id=\"Inscricoes\"><\/span>Inscri&ccedil;&otilde;es<span class=\"ez-toc-section-end\"><\/span><\/h2><p>As inscri&ccedil;&otilde;es j&aacute; est&atilde;o abertas e seguem at&eacute; o dia <strong>6 de mar&ccedil;o de 2024<\/strong>, via site da banca organizadora, Unioeste. O <strong>valor<\/strong> <strong>da taxa &eacute; de R$ 130,00<\/strong> para os cargos m&eacute;dicos.<\/p><h2 class=\"wp-block-heading\" id=\"h-vagas\"><span class=\"ez-toc-section\" id=\"Vagas\"><\/span>Vagas<span class=\"ez-toc-section-end\"><\/span><\/h2><p>Neste edital, a Prefeitura de Pato Branco disponibiliza<strong> 1 vaga de in&iacute;cio imediato, al&eacute;m de forma&ccedil;&atilde;o de cadastro reserva<\/strong> para atuar no munic&iacute;pio. Confira quais s&atilde;o as especialidades na tabela a seguir:&nbsp;&nbsp;<\/p><figure class=\"wp-block-table\"><table><tbody><tr><td>Especialidade<\/td><td>Vaga Ampla Concorr&ecirc;ncia<\/td><td>Remunera&ccedil;&atilde;o<\/td><\/tr><tr><td>Ginecologia e Obstetr&iacute;cia<\/td><td>1 + CR<\/td><td>R$ 10.667,14<\/td><\/tr><tr><td>M&eacute;dico Generalista Plantonista Semanal<\/td><td>CR<\/td><td>R$ 2.642,02<\/td><\/tr><tr><td>M&eacute;dico Generalista Plantonista Finais de Semana e Feriados<\/td><td>CR<\/td><td>R$ 3.070,16<\/td><\/tr><\/tbody><\/table><\/figure><h2 class=\"wp-block-heading\" id=\"h-requisitos\"><span class=\"ez-toc-section\" id=\"Requisitos\"><\/span>Requisitos<span class=\"ez-toc-section-end\"><\/span><\/h2><p>Para o cargo de M&eacute;dico Ginecologista e Obstetr&iacute;cia, o candidato precisa ter ensino superior completo em Medicina, com especializa&ccedil;&atilde;o em Ginecologia e Obstetr&iacute;cia, al&eacute;m de Registro no Conselho de Classe Correspondente (CRM).<\/p><p>Para os demais cargos, basta que o candidato tenha ensino superior no curso completo em medicina e registro no Conselho Regional de Medicina (CRM).<\/p><h2 class=\"wp-block-heading\" id=\"h-processo-seletivo\"><span class=\"ez-toc-section\" id=\"Processo-Seletivo\"><\/span>Processo Seletivo<span class=\"ez-toc-section-end\"><\/span><\/h2><p>O processo seletivo para esse edital conta com <strong>uma prova objetiva e uma prova de t&iacute;tulos.<\/strong><\/p><h3 class=\"wp-block-heading\" id=\"h-prova-objetiva\">Prova Objetiva<\/h3><p>O processo seletivo para esse edital conta com <strong>uma prova objetiva<\/strong> prevista para o dia 7 de abril de 2024<strong>, <\/strong>de car&aacute;ter classificat&oacute;rio\/eliminat&oacute;rio, composta por <strong>40 quest&otilde;es de m&uacute;ltipla escolha<\/strong>, com quatro alternativas cada, sendo apenas uma correta e <strong>dura&ccedil;&atilde;o de 3 horas.<\/strong><\/p><p>A prova objetiva ser&aacute; composta pelas seguintes &aacute;reas de conhecimento:&nbsp;<\/p><ul class=\"wp-block-list\">\n<li>5 quest&otilde;es de L&iacute;ngua Portuguesa;<\/li>\n\n\n\n<li>5 quest&otilde;es de Inform&aacute;tica;<\/li>\n\n\n\n<li>5 quest&otilde;es de Racioc&iacute;nio L&oacute;gico;<\/li>\n\n\n\n<li>5 quest&otilde;es de Conhecimentos Gerais; e<\/li>\n\n\n\n<li>20 quest&otilde;es de Conhecimentos Espec&iacute;ficos;<\/li>\n<\/ul><p><strong>O candidato para ser aprovado\/classificado <\/strong>precisa obter no m&iacute;nimo 50 pontos do total da prova objetiva.<\/p><h3 class=\"wp-block-heading\" id=\"h-prova-de-titulos\">Prova de T&iacute;tulos<\/h3><p>A prova de T&iacute;tulos &eacute; de car&aacute;ter classificat&oacute;rio, e para os candidatos habilitados na prova escrita objetiva, com pontua&ccedil;&atilde;o m&aacute;xima de 100 pontos.<\/p><figure class=\"wp-block-table\"><table><tbody><tr><td>Itens<\/td><td>Peso Individual<\/td><\/tr><tr><td>Titula&ccedil;&atilde;o de Doutorado (limitado a 1)<\/td><td>100,00 (pontua&ccedil;&atilde;o m&aacute;xima 100,00)<\/td><\/tr><tr><td>Titula&ccedil;&atilde;o de Mestrado (limitado a 1)<\/td><td>70,00 (pontua&ccedil;&atilde;o m&aacute;xima 70,00)<\/td><\/tr><tr><td>Titula&ccedil;&atilde;o de P&oacute;s-Gradua&ccedil;&atilde;o ou Especializa&ccedil;&atilde;o, com no m&iacute;nimo 360 horas (limitado a 2)<\/td><td>25,00 (pontua&ccedil;&atilde;o m&aacute;xima 50,00)<\/td><\/tr><tr><td>Total de Pontos<\/td><td>100 pontos (pontua&ccedil;&atilde;o m&aacute;xima)<\/td><\/tr><\/tbody><\/table><\/figure><p>Para mais informa&ccedil;&otilde;es sobre o concurso p&uacute;blico de Pato Branco com vagas em outras &aacute;reas,<a href=\"https:\/\/www.estrategiaconcursos.com.br\/blog\/concurso-prefeitura-pato-branco\/\" target=\"_blank\"> acesse aqui.<\/a><\/p><h2 class=\"wp-block-heading\" id=\"h-sobre-a-cidade-de-pato-branco-pr\"><span class=\"ez-toc-section\" id=\"Sobre-a-cidade-de-Pato-Branco-%E2%80%93-PR\"><\/span>Sobre a cidade de Pato Branco &ndash; PR<span class=\"ez-toc-section-end\"><\/span><\/h2><p>A<strong> cidade de Pato Branco est&aacute; situada no sudoeste do Paran&aacute;<\/strong>. A dist&acirc;ncia entre Pato Branco e a capital do estado, Curitiba, &eacute; de aproximadamente 510 a 550 quil&ocirc;metros.<\/p><p>O munic&iacute;pio possui <strong>91.836 habitantes<\/strong>, segundo dados do Censo de 2022, publicados no site do Instituto Brasileiro de Geografia e Estat&iacute;stica (IBGE).<\/p><p>Pato Branco &eacute; conhecida como a &ldquo;Cidade das Avenidas&rdquo; devido &agrave; sua malha vi&aacute;ria planejada, com avenidas largas e bem estruturadas, o que contribui para a organiza&ccedil;&atilde;o do tr&aacute;fego na cidade.<\/p><p>Com rela&ccedil;&atilde;o &agrave; sa&uacute;de, <strong>a cidade conta apenas com 16 unidades b&aacute;sicas de sa&uacute;de <\/strong>para o atendimento da popula&ccedil;&atilde;o local, al&eacute;m de <strong>sete hospitais p&uacute;blicos e seis hospitais particulares.<\/strong><\/p><h2 class=\"wp-block-heading\" id=\"h-prepare-se-para-o-concurso-publico-de-pato-branco-com-o-estrategia-med-nbsp-nbsp\"><span class=\"ez-toc-section\" id=\"Prepare-se-para-o-concurso-publico-de-Pato-Branco-com-o-Estrategia-MED\"><\/span>Prepare-se para o concurso p&uacute;blico de Pato Branco com o Estrat&eacute;gia MED!&nbsp;&nbsp;<span class=\"ez-toc-section-end\"><\/span><\/h2><p>Com o<a href=\"https:\/\/med.estrategia.com\/curso\/sprint-concursos-medicos\/\" target=\"_blank\"> Sprint Concursos M&eacute;dicos do Estrat&eacute;gia MED<\/a> voc&ecirc; ter&aacute; &agrave; disposi&ccedil;&atilde;o 1.500 quest&otilde;es com foco em concursos p&uacute;blicos com cargos m&eacute;dicos incluindo as disciplinas mais cobradas neste tipo de sele&ccedil;&atilde;o: Portugu&ecirc;s, Matem&aacute;tica, Inform&aacute;tica, Direito e claro, Medicina.<\/p><p>Conhe&ccedil;a tamb&eacute;m o nosso<a href=\"https:\/\/med.estrategia.com\/curso\/banco-de-questes-resumos-estrategicos-anual\/\" target=\"_blank\"> Banco de Quest&otilde;es<\/a>, que atualmente conta com mais de 195 mil quest&otilde;es cadastradas e n&atilde;o para de crescer. Vem ser coruja!<\/p><div class=\"wp-block-image\">\n<figure class=\"aligncenter size-full\"><img decoding=\"async\" width=\"1280\" height=\"622\" src=\"https:\/\/med.estrategia.com\/portal\/wp-content\/uploads\/2025\/08\/concursos_medicos.jpg\" alt=\"concursos_medicos\" class=\"wp-image-91529\" srcset=\"https:\/\/med.estrategia.com\/portal\/wp-content\/uploads\/2025\/08\/concursos_medicos.jpg 1280w, https:\/\/med.estrategia.com\/portal\/wp-content\/uploads\/2025\/08\/concursos_medicos-1024x498.jpg 1024w, https:\/\/med.estrategia.com\/portal\/wp-content\/uploads\/2025\/08\/concursos_medicos-768x373.jpg 768w, https:\/\/med.estrategia.com\/portal\/wp-content\/uploads\/2025\/08\/concursos_medicos-800x389.jpg 800w, https:\/\/med.estrategia.com\/portal\/wp-content\/uploads\/2025\/08\/concursos_medicos-1160x564.jpg 1160w\" sizes=\"(max-width: 1280px) 100vw, 1280px\" \/><\/figure><\/div><\/p>\n","protected":false},"excerpt":{"rendered":"O edital disponibiliza vaga para m\u00e9dicos generalista e ginecologistas obstetras com sal\u00e1rios de at\u00e9 R$ 10,6 mil\n","protected":false},"author":45,"featured_media":57842,"comment_status":"closed","ping_status":"closed","sticky":false,"template":"","format":"standard","meta":{"wl_entities_gutenberg":"","footnotes":""},"categories":[474],"tags":[],"wl_entity_type":[199],"class_list":{"0":"post-57855","1":"post","2":"type-post","3":"status-publish","4":"format-standard","5":"has-post-thumbnail","7":"category-concursos","8":"wl_entity_type-article"},"acf":[],"yoast_head":"<!-- This site is optimized with the Yoast SEO Premium plugin v26.6 (Yoast SEO v26.6) - https:\/\/yoast.com\/wordpress\/plugins\/seo\/ -->\n<title>Pato Branco tem concurso p\u00fablico com vagas na \u00e1rea m\u00e9dica<\/title>\n<meta name=\"description\" content=\"O edital do concurso p\u00fablico disponibiliza vaga para m\u00e9dicos generalista e ginecologistas obstetras com sal\u00e1rios de at\u00e9 R$ 10,6 mil\" \/>\n<meta name=\"robots\" content=\"index, follow, max-snippet:-1, max-image-preview:large, max-video-preview:-1\" \/>\n<link rel=\"canonical\" href=\"https:\/\/med.estrategia.com\/portal\/concursos\/pato-branco-tem-concurso-publico-com-vagas-na-area-medica\/\" \/>\n<meta property=\"og:locale\" content=\"pt_BR\" \/>\n<meta property=\"og:type\" content=\"article\" \/>\n<meta property=\"og:title\" content=\"Pato Branco tem concurso p\u00fablico com vagas na \u00e1rea m\u00e9dica\" \/>\n<meta property=\"og:description\" content=\"O edital do concurso p\u00fablico disponibiliza vaga para m\u00e9dicos generalista e ginecologistas obstetras com sal\u00e1rios de at\u00e9 R$ 10,6 mil\" \/>\n<meta property=\"og:url\" content=\"https:\/\/med.estrategia.com\/portal\/concursos\/pato-branco-tem-concurso-publico-com-vagas-na-area-medica\/\" \/>\n<meta property=\"og:site_name\" content=\"Estrat\u00e9gia MED\" \/>\n<meta property=\"article:publisher\" content=\"https:\/\/www.facebook.com\/estrategiamed1\" \/>\n<meta property=\"article:published_time\" content=\"2024-02-09T20:39:55+00:00\" \/>\n<meta property=\"article:modified_time\" content=\"2024-02-09T20:40:02+00:00\" \/>\n<meta property=\"og:image\" content=\"https:\/\/med.estrategia.com\/portal\/wp-content\/uploads\/2024\/02\/Capa_concurso_Pato-Branco_PR.jpg\" \/>\n\t<meta property=\"og:image:width\" content=\"1280\" \/>\n\t<meta property=\"og:image:height\" content=\"720\" \/>\n\t<meta property=\"og:image:type\" content=\"image\/jpeg\" \/>\n<meta name=\"author\" content=\"Priscila Pereira\" \/>\n<meta name=\"twitter:card\" content=\"summary_large_image\" \/>\n<meta name=\"twitter:creator\" content=\"@estrategiamed_\" \/>\n<meta name=\"twitter:site\" content=\"@estrategiamed_\" \/>\n<meta name=\"twitter:label1\" content=\"Escrito por\" \/>\n\t<meta name=\"twitter:data1\" content=\"Priscila Pereira\" \/>\n\t<meta name=\"twitter:label2\" content=\"Est. tempo de leitura\" \/>\n\t<meta name=\"twitter:data2\" content=\"4 minutos\" \/>\n<script type=\"application\/ld+json\" class=\"yoast-schema-graph\">{\"@context\":\"https:\/\/schema.org\",\"@graph\":[{\"@type\":\"WebPage\",\"@id\":\"https:\/\/med.estrategia.com\/portal\/concursos\/pato-branco-tem-concurso-publico-com-vagas-na-area-medica\/\",\"url\":\"https:\/\/med.estrategia.com\/portal\/concursos\/pato-branco-tem-concurso-publico-com-vagas-na-area-medica\/\",\"name\":\"Pato Branco tem concurso p\u00fablico com vagas na \u00e1rea m\u00e9dica\",\"isPartOf\":{\"@id\":\"https:\/\/med.estrategia.com\/portal\/#website\"},\"primaryImageOfPage\":{\"@id\":\"https:\/\/med.estrategia.com\/portal\/concursos\/pato-branco-tem-concurso-publico-com-vagas-na-area-medica\/#primaryimage\"},\"image\":{\"@id\":\"https:\/\/med.estrategia.com\/portal\/concursos\/pato-branco-tem-concurso-publico-com-vagas-na-area-medica\/#primaryimage\"},\"thumbnailUrl\":\"https:\/\/med.estrategia.com\/portal\/wp-content\/uploads\/2024\/02\/Capa_concurso_Pato-Branco_PR.jpg\",\"datePublished\":\"2024-02-09T20:39:55+00:00\",\"dateModified\":\"2024-02-09T20:40:02+00:00\",\"author\":{\"@id\":\"https:\/\/med.estrategia.com\/portal\/#\/schema\/person\/d1df06a83a849b79b2d480e7d8952ce3\"},\"description\":\"O edital do concurso p\u00fablico disponibiliza vaga para m\u00e9dicos generalista e ginecologistas obstetras com sal\u00e1rios de at\u00e9 R$ 10,6 mil\",\"breadcrumb\":{\"@id\":\"https:\/\/med.estrategia.com\/portal\/concursos\/pato-branco-tem-concurso-publico-com-vagas-na-area-medica\/#breadcrumb\"},\"inLanguage\":\"pt-BR\",\"potentialAction\":[{\"@type\":\"ReadAction\",\"target\":[\"https:\/\/med.estrategia.com\/portal\/concursos\/pato-branco-tem-concurso-publico-com-vagas-na-area-medica\/\"]}]},{\"@type\":\"ImageObject\",\"inLanguage\":\"pt-BR\",\"@id\":\"https:\/\/med.estrategia.com\/portal\/concursos\/pato-branco-tem-concurso-publico-com-vagas-na-area-medica\/#primaryimage\",\"url\":\"https:\/\/med.estrategia.com\/portal\/wp-content\/uploads\/2024\/02\/Capa_concurso_Pato-Branco_PR.jpg\",\"contentUrl\":\"https:\/\/med.estrategia.com\/portal\/wp-content\/uploads\/2024\/02\/Capa_concurso_Pato-Branco_PR.jpg\",\"width\":1280,\"height\":720,\"caption\":\"Estrat\u00e9gia MED | Pato Branco PR\"},{\"@type\":\"BreadcrumbList\",\"@id\":\"https:\/\/med.estrategia.com\/portal\/concursos\/pato-branco-tem-concurso-publico-com-vagas-na-area-medica\/#breadcrumb\",\"itemListElement\":[{\"@type\":\"ListItem\",\"position\":1,\"name\":\"Home\",\"item\":\"https:\/\/med.estrategia.com\/portal\/\"},{\"@type\":\"ListItem\",\"position\":2,\"name\":\"Concursos M\u00e9dicos\",\"item\":\"https:\/\/med.estrategia.com\/portal\/concursos\/\"},{\"@type\":\"ListItem\",\"position\":3,\"name\":\"Pato Branco tem concurso p\u00fablico com vagas na \u00e1rea m\u00e9dica\"}]},{\"@type\":\"WebSite\",\"@id\":\"https:\/\/med.estrategia.com\/portal\/#website\",\"url\":\"https:\/\/med.estrategia.com\/portal\/\",\"name\":\"Estrat\u00e9gia MED\",\"description\":\"\",\"potentialAction\":[{\"@type\":\"SearchAction\",\"target\":{\"@type\":\"EntryPoint\",\"urlTemplate\":\"https:\/\/med.estrategia.com\/portal\/?s={search_term_string}\"},\"query-input\":{\"@type\":\"PropertyValueSpecification\",\"valueRequired\":true,\"valueName\":\"search_term_string\"}}],\"inLanguage\":\"pt-BR\"},{\"@type\":\"Person\",\"@id\":\"https:\/\/med.estrategia.com\/portal\/#\/schema\/person\/d1df06a83a849b79b2d480e7d8952ce3\",\"name\":\"Priscila Pereira\",\"image\":{\"@type\":\"ImageObject\",\"inLanguage\":\"pt-BR\",\"@id\":\"https:\/\/med.estrategia.com\/portal\/#\/schema\/person\/image\/\",\"url\":\"https:\/\/secure.gravatar.com\/avatar\/fe94f8430a1d23a69c0bc7aab6202e21?s=96&d=mm&r=g\",\"contentUrl\":\"https:\/\/secure.gravatar.com\/avatar\/fe94f8430a1d23a69c0bc7aab6202e21?s=96&d=mm&r=g\",\"caption\":\"Priscila Pereira\"},\"description\":\"Formada e p\u00f3s-graduada na \u00e1rea de comunica\u00e7\u00e3o, divido minha paix\u00e3o entre o jornalismo e os esportes\",\"url\":\"https:\/\/med.estrategia.com\/portal\/author\/priscila-pereira\/\"}]}<\/script>\n<!-- \/ Yoast SEO Premium plugin. -->","yoast_head_json":{"title":"Pato Branco tem concurso p\u00fablico com vagas na \u00e1rea m\u00e9dica","description":"O edital do concurso p\u00fablico disponibiliza vaga para m\u00e9dicos generalista e ginecologistas obstetras com sal\u00e1rios de at\u00e9 R$ 10,6 mil","robots":{"index":"index","follow":"follow","max-snippet":"max-snippet:-1","max-image-preview":"max-image-preview:large","max-video-preview":"max-video-preview:-1"},"canonical":"https:\/\/med.estrategia.com\/portal\/concursos\/pato-branco-tem-concurso-publico-com-vagas-na-area-medica\/","og_locale":"pt_BR","og_type":"article","og_title":"Pato Branco tem concurso p\u00fablico com vagas na \u00e1rea m\u00e9dica","og_description":"O edital do concurso p\u00fablico disponibiliza vaga para m\u00e9dicos generalista e ginecologistas obstetras com sal\u00e1rios de at\u00e9 R$ 10,6 mil","og_url":"https:\/\/med.estrategia.com\/portal\/concursos\/pato-branco-tem-concurso-publico-com-vagas-na-area-medica\/","og_site_name":"Estrat\u00e9gia MED","article_publisher":"https:\/\/www.facebook.com\/estrategiamed1","article_published_time":"2024-02-09T20:39:55+00:00","article_modified_time":"2024-02-09T20:40:02+00:00","og_image":[{"width":1280,"height":720,"url":"https:\/\/med.estrategia.com\/portal\/wp-content\/uploads\/2024\/02\/Capa_concurso_Pato-Branco_PR.jpg","type":"image\/jpeg"}],"author":"Priscila Pereira","twitter_card":"summary_large_image","twitter_creator":"@estrategiamed_","twitter_site":"@estrategiamed_","twitter_misc":{"Escrito por":"Priscila Pereira","Est. tempo de leitura":"4 minutos"},"schema":{"@context":"https:\/\/schema.org","@graph":[{"@type":"WebPage","@id":"https:\/\/med.estrategia.com\/portal\/concursos\/pato-branco-tem-concurso-publico-com-vagas-na-area-medica\/","url":"https:\/\/med.estrategia.com\/portal\/concursos\/pato-branco-tem-concurso-publico-com-vagas-na-area-medica\/","name":"Pato Branco tem concurso p\u00fablico com vagas na \u00e1rea m\u00e9dica","isPartOf":{"@id":"https:\/\/med.estrategia.com\/portal\/#website"},"primaryImageOfPage":{"@id":"https:\/\/med.estrategia.com\/portal\/concursos\/pato-branco-tem-concurso-publico-com-vagas-na-area-medica\/#primaryimage"},"image":{"@id":"https:\/\/med.estrategia.com\/portal\/concursos\/pato-branco-tem-concurso-publico-com-vagas-na-area-medica\/#primaryimage"},"thumbnailUrl":"https:\/\/med.estrategia.com\/portal\/wp-content\/uploads\/2024\/02\/Capa_concurso_Pato-Branco_PR.jpg","datePublished":"2024-02-09T20:39:55+00:00","dateModified":"2024-02-09T20:40:02+00:00","author":{"@id":"https:\/\/med.estrategia.com\/portal\/#\/schema\/person\/d1df06a83a849b79b2d480e7d8952ce3"},"description":"O edital do concurso p\u00fablico disponibiliza vaga para m\u00e9dicos generalista e ginecologistas obstetras com sal\u00e1rios de at\u00e9 R$ 10,6 mil","breadcrumb":{"@id":"https:\/\/med.estrategia.com\/portal\/concursos\/pato-branco-tem-concurso-publico-com-vagas-na-area-medica\/#breadcrumb"},"inLanguage":"pt-BR","potentialAction":[{"@type":"ReadAction","target":["https:\/\/med.estrategia.com\/portal\/concursos\/pato-branco-tem-concurso-publico-com-vagas-na-area-medica\/"]}]},{"@type":"ImageObject","inLanguage":"pt-BR","@id":"https:\/\/med.estrategia.com\/portal\/concursos\/pato-branco-tem-concurso-publico-com-vagas-na-area-medica\/#primaryimage","url":"https:\/\/med.estrategia.com\/portal\/wp-content\/uploads\/2024\/02\/Capa_concurso_Pato-Branco_PR.jpg","contentUrl":"https:\/\/med.estrategia.com\/portal\/wp-content\/uploads\/2024\/02\/Capa_concurso_Pato-Branco_PR.jpg","width":1280,"height":720,"caption":"Estrat\u00e9gia MED | Pato Branco PR"},{"@type":"BreadcrumbList","@id":"https:\/\/med.estrategia.com\/portal\/concursos\/pato-branco-tem-concurso-publico-com-vagas-na-area-medica\/#breadcrumb","itemListElement":[{"@type":"ListItem","position":1,"name":"Home","item":"https:\/\/med.estrategia.com\/portal\/"},{"@type":"ListItem","position":2,"name":"Concursos M\u00e9dicos","item":"https:\/\/med.estrategia.com\/portal\/concursos\/"},{"@type":"ListItem","position":3,"name":"Pato Branco tem concurso p\u00fablico com vagas na \u00e1rea m\u00e9dica"}]},{"@type":"WebSite","@id":"https:\/\/med.estrategia.com\/portal\/#website","url":"https:\/\/med.estrategia.com\/portal\/","name":"Estrat\u00e9gia MED","description":"","potentialAction":[{"@type":"SearchAction","target":{"@type":"EntryPoint","urlTemplate":"https:\/\/med.estrategia.com\/portal\/?s={search_term_string}"},"query-input":{"@type":"PropertyValueSpecification","valueRequired":true,"valueName":"search_term_string"}}],"inLanguage":"pt-BR"},{"@type":"Person","@id":"https:\/\/med.estrategia.com\/portal\/#\/schema\/person\/d1df06a83a849b79b2d480e7d8952ce3","name":"Priscila Pereira","image":{"@type":"ImageObject","inLanguage":"pt-BR","@id":"https:\/\/med.estrategia.com\/portal\/#\/schema\/person\/image\/","url":"https:\/\/secure.gravatar.com\/avatar\/fe94f8430a1d23a69c0bc7aab6202e21?s=96&d=mm&r=g","contentUrl":"https:\/\/secure.gravatar.com\/avatar\/fe94f8430a1d23a69c0bc7aab6202e21?s=96&d=mm&r=g","caption":"Priscila Pereira"},"description":"Formada e p\u00f3s-graduada na \u00e1rea de comunica\u00e7\u00e3o, divido minha paix\u00e3o entre o jornalismo e os esportes","url":"https:\/\/med.estrategia.com\/portal\/author\/priscila-pereira\/"}]}},"_wl_alt_label":[],"wl:entity_url":"\/post\/pato-branco-tem-concurso-publico-com-vagas-na-area-medica","_links":{"self":[{"href":"https:\/\/med.estrategia.com\/portal\/wp-json\/wp\/v2\/posts\/57855","targetHints":{"allow":["GET"]}}],"collection":[{"href":"https:\/\/med.estrategia.com\/portal\/wp-json\/wp\/v2\/posts"}],"about":[{"href":"https:\/\/med.estrategia.com\/portal\/wp-json\/wp\/v2\/types\/post"}],"author":[{"embeddable":true,"href":"https:\/\/med.estrategia.com\/portal\/wp-json\/wp\/v2\/users\/45"}],"replies":[{"embeddable":true,"href":"https:\/\/med.estrategia.com\/portal\/wp-json\/wp\/v2\/comments?post=57855"}],"version-history":[{"count":4,"href":"https:\/\/med.estrategia.com\/portal\/wp-json\/wp\/v2\/posts\/57855\/revisions"}],"predecessor-version":[{"id":57859,"href":"https:\/\/med.estrategia.com\/portal\/wp-json\/wp\/v2\/posts\/57855\/revisions\/57859"}],"wp:featuredmedia":[{"embeddable":true,"href":"https:\/\/med.estrategia.com\/portal\/wp-json\/wp\/v2\/media\/57842"}],"wp:attachment":[{"href":"https:\/\/med.estrategia.com\/portal\/wp-json\/wp\/v2\/media?parent=57855"}],"wp:term":[{"taxonomy":"category","embeddable":true,"href":"https:\/\/med.estrategia.com\/portal\/wp-json\/wp\/v2\/categories?post=57855"},{"taxonomy":"post_tag","embeddable":true,"href":"https:\/\/med.estrategia.com\/portal\/wp-json\/wp\/v2\/tags?post=57855"},{"taxonomy":"wl_entity_type","embeddable":true,"href":"https:\/\/med.estrategia.com\/portal\/wp-json\/wp\/v2\/wl_entity_type?post=57855"}],"curies":[{"name":"wp","href":"https:\/\/api.w.org\/{rel}","templated":true}]}}