{"id":57902,"date":"2024-02-19T09:08:11","date_gmt":"2024-02-19T12:08:11","guid":{"rendered":"https:\/\/med.estrategia.com\/portal\/?p=57902"},"modified":"2024-02-19T09:08:17","modified_gmt":"2024-02-19T12:08:17","slug":"sus-ba-2024-2-nova-edicao-esta-com-inscricoes-abertas","status":"publish","type":"post","link":"https:\/\/med.estrategia.com\/portal\/noticias\/sus-ba-2024-2-nova-edicao-esta-com-inscricoes-abertas\/","title":{"rendered":"SUS-BA 2024.2: nova edi\u00e7\u00e3o est\u00e1 com inscri\u00e7\u00f5es abertas"},"content":{"rendered":"<p>A segunda edi&ccedil;&atilde;o do Processo Seletivo Unificado de Resid&ecirc;ncia M&eacute;dica da Bahia, o <strong>SUS-BA 2024.2<\/strong>, teve seu edital divulgado no in&iacute;cio do m&ecirc;s de fevereiro e os candidatos interessados j&aacute; podem garantir sua participa&ccedil;&atilde;o na sele&ccedil;&atilde;o. As<strong> inscri&ccedil;&otilde;es seguem abertas at&eacute; o dia 6 de mar&ccedil;o de 2024<\/strong> e o valor da taxa &eacute; de<strong> R$724,80<\/strong>.<br><br>Candidatos devidamente <strong>classificados e convocados <\/strong>dever&atilde;o se apresentar nos programas de resid&ecirc;ncia m&eacute;dica, obrigatoriamente, no primeiro dia &uacute;til subsequente &agrave; matr&iacute;cula. Confira as principais informa&ccedil;&otilde;es abaixo.<div id=\"ez-toc-container\" class=\"ez-toc-v2_0_79_2 counter-hierarchy ez-toc-counter ez-toc-transparent ez-toc-container-direction\">\n<div class=\"ez-toc-title-container\"><p class=\"ez-toc-title\" style=\"cursor:inherit\">Navegue pelo conte\u00fado<\/p>\n<\/div><nav><ul class='ez-toc-list ez-toc-list-level-1 ' ><li class='ez-toc-page-1 ez-toc-heading-level-2'><a class=\"ez-toc-link ez-toc-heading-1\" href=\"https:\/\/med.estrategia.com\/portal\/noticias\/sus-ba-2024-2-nova-edicao-esta-com-inscricoes-abertas\/#Resumo-Edital-SUS-BA-20242\" >Resumo Edital SUS-BA 2024.2<\/a><\/li><li class='ez-toc-page-1 ez-toc-heading-level-2'><a class=\"ez-toc-link ez-toc-heading-2\" href=\"https:\/\/med.estrategia.com\/portal\/noticias\/sus-ba-2024-2-nova-edicao-esta-com-inscricoes-abertas\/#Como-sera-o-processo-seletivo-do-SUS-BA-20242\" >Como ser&aacute; o processo seletivo do SUS-BA 2024.2<\/a><\/li><li class='ez-toc-page-1 ez-toc-heading-level-2'><a class=\"ez-toc-link ez-toc-heading-3\" href=\"https:\/\/med.estrategia.com\/portal\/noticias\/sus-ba-2024-2-nova-edicao-esta-com-inscricoes-abertas\/#Vagas-ofertadas-SUS-BA-20242\" >Vagas ofertadas SUS-BA 2024.2<\/a><\/li><li class='ez-toc-page-1 ez-toc-heading-level-2'><a class=\"ez-toc-link ez-toc-heading-4\" href=\"https:\/\/med.estrategia.com\/portal\/noticias\/sus-ba-2024-2-nova-edicao-esta-com-inscricoes-abertas\/#Edital-SUS-BA-20242\" >Edital SUS-BA 2024.2<\/a><\/li><\/ul><\/nav><\/div>\n<h2 class=\"wp-block-heading\" id=\"h-resumo-edital-sus-ba-2024-2\"><span class=\"ez-toc-section\" id=\"Resumo-Edital-SUS-BA-20242\"><\/span>Resumo Edital SUS-BA 2024.2<span class=\"ez-toc-section-end\"><\/span><\/h2><figure class=\"wp-block-table\"><table><tbody><tr><td><strong>Vagas Ofertadas<\/strong><\/td><td class=\"has-text-align-center\" data-align=\"center\">85<\/td><\/tr><tr><td><strong>Composi&ccedil;&atilde;o do Processo Seletivo<\/strong><\/td><td class=\"has-text-align-center\" data-align=\"center\">Fase &uacute;nica: Prova Objetiva<\/td><\/tr><tr><td><strong>Taxa de Inscri&ccedil;&atilde;o<\/strong><\/td><td class=\"has-text-align-center\" data-align=\"center\">R$724,80<\/td><\/tr><tr><td><strong>Solicita&ccedil;&atilde;o de Isen&ccedil;&atilde;o da Taxa<\/strong><\/td><td class=\"has-text-align-center\" data-align=\"center\">16 a 23\/02\/2024<\/td><\/tr><tr><td><strong>Per&iacute;odo de Inscri&ccedil;&otilde;es<\/strong><\/td><td class=\"has-text-align-center\" data-align=\"center\">16\/02 a 06\/03\/2024<\/td><\/tr><tr><td><strong>Prova Objetiva<\/strong><\/td><td class=\"has-text-align-center\" data-align=\"center\">10\/03\/2024<\/td><\/tr><tr><td><strong>Gabarito Preliminar<\/strong><\/td><td class=\"has-text-align-center\" data-align=\"center\">10\/03\/2024<\/td><\/tr><tr><td><strong>Recursos contra Gabarito<\/strong><\/td><td class=\"has-text-align-center\" data-align=\"center\">10 e 11\/03\/2024<\/td><\/tr><tr><td><strong>Divulga&ccedil;&atilde;o do Edital e Cronograma de Matr&iacute;culas<\/strong><\/td><td class=\"has-text-align-center\" data-align=\"center\">11\/03\/2024<\/td><\/tr><tr><td><strong>Notas dos candidatos<\/strong><\/td><td class=\"has-text-align-center\" data-align=\"center\">13\/03\/2024<\/td><\/tr><tr><td><strong>Recursos contra Notas<\/strong><\/td><td class=\"has-text-align-center\" data-align=\"center\">13 e 14\/03\/2024<\/td><\/tr><tr><td><strong>Resultado Final<\/strong><\/td><td class=\"has-text-align-center\" data-align=\"center\">15\/03\/2024<\/td><\/tr><\/tbody><\/table><\/figure><div class=\"wp-block-buttons is-content-justification-center is-layout-flex wp-container-core-buttons-is-layout-1 wp-block-buttons-is-layout-flex\">\n<div class=\"wp-block-button\"><a class=\"wp-block-button__link wp-element-button\" href=\"https:\/\/cdn.medblog.estrategiaeducacional.com.br\/wp-content\/uploads\/2024\/02\/CEREM-BA_2024.2_Cronograma_Anexo_V_20240201.pdf\" target=\"_blank\">confira aqui o cronograma completo do sus-ba 2024.2<\/a><\/div>\n<\/div><p>Quer ser o primeiro a receber informa&ccedil;&otilde;es sobre os editais 2024? Ent&atilde;o&nbsp;<a href=\"https:\/\/news.google.com\/search?q=estrat%C3%A9gia%20med&amp;hl=pt-BR&amp;gl=BR&amp;ceid=BR%3Apt-419\" target=\"_blank\">siga o Portal do Estrat&eacute;gia MED no Google News,<\/a>&nbsp;clicando na&nbsp;<strong>estrela do lado direito<\/strong>. Al&eacute;m disso, n&atilde;o deixe de assinar a nossa Newsletter para receber essas atualiza&ccedil;&otilde;es diretamente no seu e-mail:<\/p><p>\n\n\n<div id=\"new-form\">\n\t<form id=\"forms_layout\">\n\t<input type=\"hidden\" id=\"chave_de\" name=\"chave_de\" value=\"01_EMED_LEADS_TOTAIS\" \/>\n\t\t<input type=\"hidden\" id=\"mid\" name=\"mid\" value=\"515009018\" \/>\n\t\t<input type=\"hidden\" id=\"Objetivo\" name=\"Objetivo\" value=\"Medicina\" \/>\n\t\t<input type=\"hidden\" id=\"Estado_de_Origem_do_IP\" name=\"Estado_de_Origem_do_IP\"  value=\"\" \/>\n\t\t<input type=\"hidden\" id=\"Cidade_de_Origem_do_IP\" name=\"Cidade_de_Origem_do_IP\" value=\"\" \/>\n\t\t<input type=\"hidden\" id=\"Modo_de_entrada\" name=\"Modo_de_entrada\" value=\"Portal\" \/>\n\t\t<input type=\"hidden\" id=\"Pagina_Origem\" name=\"Pagina_Origem\" value=\"\" \/>\n\n\t\t<div class=\"texto\">\n\t\t\t<h3 class=\"news\">Inscreva-se em nossa newsletter!<\/h3>\n\t\t\t<p>Receba not\u00edcias sobre resid\u00eancia m\u00e9dica, revalida\u00e7\u00e3o de diplomas e concursos m\u00e9dicos, al\u00e9m de materiais de estudo gratuitos e informa\u00e7\u00f5es relevantes do mundo da Medicina.<\/p>\n\t\t<\/div>\n\t\t<div class=\"campos\">\n\t\t\t<div class=\"first_name labels\">\n\t\t\t\t<input type=\"text\" class=\"input_labels\" id=\"first_name\" name=\"Nome_Completo\" placeholder=\"Nome\" required \/>\n\t\t\t<\/div>\n\t\t\t<div class=\"email labels\">\n\t\t\t\t<input type=\"email\" class=\"input_labels\" id=\"email\" name=\"Email\" placeholder=\"E-mail\" required \/>\n\t\t\t<\/div>\n\t\t\t<button type=\"submit\" class=\"button_layout\">\n\t\t\t\t<div id=\"lblBotao\">Inscreva-se<\/div>\n\t\t\t\t<span id=\"divSpiner\" class=\"loader\" role=\"status\" style=\"display: none;\"><\/span>\t\n\t\t\t<\/button>\n\t\t<\/div><!-- \/campos -->\n\t\t\n\t\t<label class=\"container_checkbox\">Voc\u00ea concorda com a nossa\n\t\t\t<a class=\"politics_privacy_ahref\" target=\"_blank\" href=\"https:\/\/gratis.estrategiaconcursos.com.br\/politica-de-privacidade\/\">Pol\u00edtica de Privacidade<\/a> e aceita receber informa\u00e7\u00f5es adicionais do Estrat\u00e9gia Educacional.\n\t\t\t<input id=\"checkbox_layout\" type=\"checkbox\" checked=\"checked\" required \/>\n\t\t\t<span class=\"checkbox\"><\/span>\n\t\t<\/label>\n\t\t<div id=\"msg\"><\/div>\n\t\t<div id=\"error\" class=\"error\">\n\t\t<\/div>\n\t<\/form>\n<\/div><!-- \/new-form -->\n\n\n\n<\/p><h2 class=\"wp-block-heading\" id=\"h-como-sera-o-processo-seletivo-do-sus-ba-2024-2\"><span class=\"ez-toc-section\" id=\"Como-sera-o-processo-seletivo-do-SUS-BA-20242\"><\/span>Como ser&aacute; o processo seletivo do SUS-BA 2024.2<span class=\"ez-toc-section-end\"><\/span><\/h2><p>O SUS-BA 2024.2 ser&aacute; composto por<strong> etapa &uacute;nica constitu&iacute;da por uma prova objetiva. <br><\/strong><br>Para candidatos aos programas de <strong>Acesso Direto a prova contar&aacute; com 15 situa&ccedil;&otilde;es-problemas<\/strong>, tendo tr&ecirc;s quest&otilde;es de m&uacute;ltipla escolha. J&aacute; para candidatos aos programas com <strong>Pr&eacute;-Requisito exigido, bem como &Aacute;reas de Atua&ccedil;&atilde;o e Anos Adicionais<\/strong>, a prova segue o mesmo modelo, por&eacute;m, com apenas <strong>5 situa&ccedil;&otilde;es-problemas<\/strong>.<br><br><em>S&oacute; ser&aacute; considerada refer&ecirc;ncia bibliogr&aacute;fica publicada at&eacute; a o dia 20\/01\/2024.<\/em><\/p><h2 class=\"wp-block-heading\" id=\"h-vagas-ofertadas-sus-ba-2024-2\"><span class=\"ez-toc-section\" id=\"Vagas-ofertadas-SUS-BA-20242\"><\/span>Vagas ofertadas SUS-BA 2024.2<span class=\"ez-toc-section-end\"><\/span><\/h2><figure class=\"wp-block-table\"><table><thead><tr><th>PROGRAMAS<\/th><th class=\"has-text-align-center\" data-align=\"center\">VAGAS<\/th><\/tr><\/thead><tbody><tr><td>Administra&ccedil;&atilde;o em Sa&uacute;de*<\/td><td class=\"has-text-align-center\" data-align=\"center\">2<\/td><\/tr><tr><td>Cardiologia*<\/td><td class=\"has-text-align-center\" data-align=\"center\">5<\/td><\/tr><tr><td>Cirurgia do Trauma*<\/td><td class=\"has-text-align-center\" data-align=\"center\">3<\/td><\/tr><tr><td>Cirurgia Oncol&oacute;gica*<\/td><td class=\"has-text-align-center\" data-align=\"center\">4<\/td><\/tr><tr><td>Cl&iacute;nica M&eacute;dica<\/td><td class=\"has-text-align-center\" data-align=\"center\">3<\/td><\/tr><tr><td>Ginecologia e Obstetr&iacute;cia<\/td><td class=\"has-text-align-center\" data-align=\"center\">4<\/td><\/tr><tr><td>Hematologia e Hemoterapia Pedi&aacute;trica*<\/td><td class=\"has-text-align-center\" data-align=\"center\">1<\/td><\/tr><tr><td>Hepatologia*<\/td><td class=\"has-text-align-center\" data-align=\"center\">3<\/td><\/tr><tr><td>Medicina de Emerg&ecirc;ncia<\/td><td class=\"has-text-align-center\" data-align=\"center\">10<\/td><\/tr><tr><td>Medicina de Fam&iacute;lia e Comunidade<\/td><td class=\"has-text-align-center\" data-align=\"center\">17<\/td><\/tr><tr><td>Medicina F&iacute;sica e Reabilita&ccedil;&atilde;o<\/td><td class=\"has-text-align-center\" data-align=\"center\">1<\/td><\/tr><tr><td>Medicina Intensiva Pedi&aacute;trica*<\/td><td class=\"has-text-align-center\" data-align=\"center\">14<\/td><\/tr><tr><td>Nutrologia*<\/td><td class=\"has-text-align-center\" data-align=\"center\">1<\/td><\/tr><tr><td>Oncologia Cl&iacute;nica*<\/td><td class=\"has-text-align-center\" data-align=\"center\">5<\/td><\/tr><tr><td>Oncologia Pedi&aacute;trica*<\/td><td class=\"has-text-align-center\" data-align=\"center\">3<\/td><\/tr><tr><td>Ortopedia e Traumatologia<\/td><td class=\"has-text-align-center\" data-align=\"center\">4<\/td><\/tr><tr><td>Pediatria<\/td><td class=\"has-text-align-center\" data-align=\"center\">3<\/td><\/tr><tr><td>Pneumologia Pedi&aacute;trica*<\/td><td class=\"has-text-align-center\" data-align=\"center\">1<\/td><\/tr><tr><td>Radioterapia<\/td><td class=\"has-text-align-center\" data-align=\"center\">1<\/td><\/tr><\/tbody><\/table><figcaption class=\"wp-element-caption\">*Especialidades com Pr&eacute;-Requisito exigido<\/figcaption><\/figure><div class=\"wp-block-buttons is-content-justification-center is-layout-flex wp-container-core-buttons-is-layout-2 wp-block-buttons-is-layout-flex\">\n<div class=\"wp-block-button\"><a class=\"wp-block-button__link wp-element-button\" href=\"https:\/\/med.estrategia.com\/portal\/wp-content\/uploads\/2024\/02\/CEREMBA_20242-ANEXO_II_20240216_1820.pdf\" target=\"_blank\">QUADRO DE VAGAS POR HOSPITAL &ndash; ACESSO DIRETO<\/a><\/div>\n\n\n\n<div class=\"wp-block-button\"><a class=\"wp-block-button__link wp-element-button\" href=\"https:\/\/med.estrategia.com\/portal\/wp-content\/uploads\/2024\/02\/CEREMBA_20242-ANEXO_III_20240216_1820.pdf\" target=\"_blank\">QUADRO DE VAGAS POR HOSPITAL &ndash; pr&eacute;-requisito\/&aacute;reas de atua&ccedil;&atilde;o<\/a><\/div>\n<\/div><h2 class=\"wp-block-heading\" id=\"h-edital-sus-ba-2024-2\"><span class=\"ez-toc-section\" id=\"Edital-SUS-BA-20242\"><\/span>Edital SUS-BA 2024.2<span class=\"ez-toc-section-end\"><\/span><\/h2><p>O edital completo do processo seletivo unificado de resid&ecirc;ncia m&eacute;dica da Bahia 2024.1 para ingresso dos residentes ainda esse ano, foram divulgados no dia 1&ordm; de fevereiro na&nbsp;<a href=\"https:\/\/strixeducacao.com.br\/evento\/cerem-ba-processo-seletivo-unificado-de-residencia-medica-bahia-2024-2-2\/\" target=\"_blank\">p&aacute;gina do processo seletivo<\/a>. Confira o documento clicando nos bot&atilde;o abaixo:<\/p><div class=\"wp-block-buttons is-content-justification-center is-layout-flex wp-container-core-buttons-is-layout-3 wp-block-buttons-is-layout-flex\">\n<div class=\"wp-block-button\"><a class=\"wp-block-button__link wp-element-button\" href=\"https:\/\/cdn.medblog.estrategiaeducacional.com.br\/wp-content\/uploads\/2024\/02\/CEREM-BA_2024.2_Edital-de-Abertura-de-Inscricoes_20240201.pdf\" target=\"_blank\">edital sus-ba 2024.2<\/a><\/div>\n<\/div><p>Para n&atilde;o perder nenhuma atualiza&ccedil;&atilde;o no universo da medicina e ficar por dentro dos seletivos de Resid&ecirc;ncia M&eacute;dica, de revalida&ccedil;&atilde;o de diplomas e conte&uacute;dos t&eacute;cnicos, continue acessando o&nbsp;<a href=\"https:\/\/med.estrategia.com\/portal\/\" target=\"_blank\">Portal do Estrat&eacute;gia MED<\/a>!&nbsp;<\/p><p>\n\n\n\n\n\n<a id=\"cta\" class=\"cta-imagem\" href=\"https:\/\/med.estrategia.com\/curso\/banco-de-questes-resumos-estrategicos-anual\/\" target=\"blank\">\n                <img decoding=\"async\" width=\"100%\" src=\"https:\/\/med.estrategia.com\/portal\/wp-content\/uploads\/2025\/08\/banco_questoes.png\" alt=\"banco_questoes\" title=\"banco_questoes\">\n        <\/a>\n<\/p><\/p>\n","protected":false},"excerpt":{"rendered":"Candidatos ser\u00e3o avaliados por uma \u00fanica etapa prevista para o dia 10 de mar\u00e7o de 2024\n","protected":false},"author":39,"featured_media":42355,"comment_status":"closed","ping_status":"closed","sticky":false,"template":"","format":"standard","meta":{"wl_entities_gutenberg":"","footnotes":""},"categories":[300],"tags":[],"wl_entity_type":[199],"class_list":{"0":"post-57902","1":"post","2":"type-post","3":"status-publish","4":"format-standard","5":"has-post-thumbnail","7":"category-noticias","8":"wl_entity_type-article"},"acf":[],"yoast_head":"<!-- This site is optimized with the Yoast SEO Premium plugin v26.6 (Yoast SEO v26.6) - https:\/\/yoast.com\/wordpress\/plugins\/seo\/ -->\n<title>SUS-BA 2024.2: nova edi\u00e7\u00e3o est\u00e1 com inscri\u00e7\u00f5es abertas<\/title>\n<meta name=\"description\" content=\"Edital do SUS-BA 2024.2 foi divulgado e voc\u00ea pode conferir as principais informa\u00e7\u00f5es com o Estrat\u00e9gia MED!\" \/>\n<meta name=\"robots\" content=\"index, follow, max-snippet:-1, max-image-preview:large, max-video-preview:-1\" \/>\n<link rel=\"canonical\" href=\"https:\/\/med.estrategia.com\/portal\/noticias\/sus-ba-2024-2-nova-edicao-esta-com-inscricoes-abertas\/\" \/>\n<meta property=\"og:locale\" content=\"pt_BR\" \/>\n<meta property=\"og:type\" content=\"article\" \/>\n<meta property=\"og:title\" content=\"SUS-BA 2024.2: nova edi\u00e7\u00e3o est\u00e1 com inscri\u00e7\u00f5es abertas\" \/>\n<meta property=\"og:description\" content=\"Edital do SUS-BA 2024.2 foi divulgado e voc\u00ea pode conferir as principais informa\u00e7\u00f5es com o Estrat\u00e9gia MED!\" \/>\n<meta property=\"og:url\" content=\"https:\/\/med.estrategia.com\/portal\/noticias\/sus-ba-2024-2-nova-edicao-esta-com-inscricoes-abertas\/\" \/>\n<meta property=\"og:site_name\" content=\"Estrat\u00e9gia MED\" \/>\n<meta property=\"article:publisher\" content=\"https:\/\/www.facebook.com\/estrategiamed1\" \/>\n<meta property=\"article:published_time\" content=\"2024-02-19T12:08:11+00:00\" \/>\n<meta property=\"article:modified_time\" content=\"2024-02-19T12:08:17+00:00\" \/>\n<meta property=\"og:image\" content=\"https:\/\/med.estrategia.com\/portal\/wp-content\/uploads\/2023\/07\/SUS-BA_edital.jpg\" \/>\n\t<meta property=\"og:image:width\" content=\"1920\" \/>\n\t<meta property=\"og:image:height\" content=\"1080\" \/>\n\t<meta property=\"og:image:type\" content=\"image\/jpeg\" \/>\n<meta name=\"author\" content=\"Ana Carolina Damasceno\" \/>\n<meta name=\"twitter:card\" content=\"summary_large_image\" \/>\n<meta name=\"twitter:creator\" content=\"@estrategiamed_\" \/>\n<meta name=\"twitter:site\" content=\"@estrategiamed_\" \/>\n<meta name=\"twitter:label1\" content=\"Escrito por\" \/>\n\t<meta name=\"twitter:data1\" content=\"Ana Carolina Damasceno\" \/>\n\t<meta name=\"twitter:label2\" content=\"Est. tempo de leitura\" \/>\n\t<meta name=\"twitter:data2\" content=\"2 minutos\" \/>\n<script type=\"application\/ld+json\" class=\"yoast-schema-graph\">{\"@context\":\"https:\/\/schema.org\",\"@graph\":[{\"@type\":\"WebPage\",\"@id\":\"https:\/\/med.estrategia.com\/portal\/noticias\/sus-ba-2024-2-nova-edicao-esta-com-inscricoes-abertas\/\",\"url\":\"https:\/\/med.estrategia.com\/portal\/noticias\/sus-ba-2024-2-nova-edicao-esta-com-inscricoes-abertas\/\",\"name\":\"SUS-BA 2024.2: nova edi\u00e7\u00e3o est\u00e1 com inscri\u00e7\u00f5es abertas\",\"isPartOf\":{\"@id\":\"https:\/\/med.estrategia.com\/portal\/#website\"},\"primaryImageOfPage\":{\"@id\":\"https:\/\/med.estrategia.com\/portal\/noticias\/sus-ba-2024-2-nova-edicao-esta-com-inscricoes-abertas\/#primaryimage\"},\"image\":{\"@id\":\"https:\/\/med.estrategia.com\/portal\/noticias\/sus-ba-2024-2-nova-edicao-esta-com-inscricoes-abertas\/#primaryimage\"},\"thumbnailUrl\":\"https:\/\/med.estrategia.com\/portal\/wp-content\/uploads\/2023\/07\/SUS-BA_edital.jpg\",\"datePublished\":\"2024-02-19T12:08:11+00:00\",\"dateModified\":\"2024-02-19T12:08:17+00:00\",\"author\":{\"@id\":\"https:\/\/med.estrategia.com\/portal\/#\/schema\/person\/2f553adbb8e25fe39d145c5b2927f58c\"},\"description\":\"Edital do SUS-BA 2024.2 foi divulgado e voc\u00ea pode conferir as principais informa\u00e7\u00f5es com o Estrat\u00e9gia MED!\",\"breadcrumb\":{\"@id\":\"https:\/\/med.estrategia.com\/portal\/noticias\/sus-ba-2024-2-nova-edicao-esta-com-inscricoes-abertas\/#breadcrumb\"},\"inLanguage\":\"pt-BR\",\"potentialAction\":[{\"@type\":\"ReadAction\",\"target\":[\"https:\/\/med.estrategia.com\/portal\/noticias\/sus-ba-2024-2-nova-edicao-esta-com-inscricoes-abertas\/\"]}]},{\"@type\":\"ImageObject\",\"inLanguage\":\"pt-BR\",\"@id\":\"https:\/\/med.estrategia.com\/portal\/noticias\/sus-ba-2024-2-nova-edicao-esta-com-inscricoes-abertas\/#primaryimage\",\"url\":\"https:\/\/med.estrategia.com\/portal\/wp-content\/uploads\/2023\/07\/SUS-BA_edital.jpg\",\"contentUrl\":\"https:\/\/med.estrategia.com\/portal\/wp-content\/uploads\/2023\/07\/SUS-BA_edital.jpg\",\"width\":1920,\"height\":1080,\"caption\":\"Estrat\u00e9gia MED | Foto de Divulga\u00e7\u00e3o: Universidade Federal da Bahia\"},{\"@type\":\"BreadcrumbList\",\"@id\":\"https:\/\/med.estrategia.com\/portal\/noticias\/sus-ba-2024-2-nova-edicao-esta-com-inscricoes-abertas\/#breadcrumb\",\"itemListElement\":[{\"@type\":\"ListItem\",\"position\":1,\"name\":\"Home\",\"item\":\"https:\/\/med.estrategia.com\/portal\/\"},{\"@type\":\"ListItem\",\"position\":2,\"name\":\"Not\u00edcias\",\"item\":\"https:\/\/med.estrategia.com\/portal\/noticias\/\"},{\"@type\":\"ListItem\",\"position\":3,\"name\":\"SUS-BA 2024.2: nova edi\u00e7\u00e3o est\u00e1 com inscri\u00e7\u00f5es abertas\"}]},{\"@type\":\"WebSite\",\"@id\":\"https:\/\/med.estrategia.com\/portal\/#website\",\"url\":\"https:\/\/med.estrategia.com\/portal\/\",\"name\":\"Estrat\u00e9gia MED\",\"description\":\"\",\"potentialAction\":[{\"@type\":\"SearchAction\",\"target\":{\"@type\":\"EntryPoint\",\"urlTemplate\":\"https:\/\/med.estrategia.com\/portal\/?s={search_term_string}\"},\"query-input\":{\"@type\":\"PropertyValueSpecification\",\"valueRequired\":true,\"valueName\":\"search_term_string\"}}],\"inLanguage\":\"pt-BR\"},{\"@type\":\"Person\",\"@id\":\"https:\/\/med.estrategia.com\/portal\/#\/schema\/person\/2f553adbb8e25fe39d145c5b2927f58c\",\"name\":\"Ana Carolina Damasceno\",\"image\":{\"@type\":\"ImageObject\",\"inLanguage\":\"pt-BR\",\"@id\":\"https:\/\/med.estrategia.com\/portal\/#\/schema\/person\/image\/\",\"url\":\"https:\/\/med.estrategia.com\/portal\/wp-content\/uploads\/2021\/09\/WhatsApp-Image-2023-08-18-at-16.46.43-150x150.jpeg\",\"contentUrl\":\"https:\/\/med.estrategia.com\/portal\/wp-content\/uploads\/2021\/09\/WhatsApp-Image-2023-08-18-at-16.46.43-150x150.jpeg\",\"caption\":\"Ana Carolina Damasceno\"},\"description\":\"Coordenadora de Jornalismo EMED. Comunicadora por natureza e forma\u00e7\u00e3o, que ama e perde a no\u00e7\u00e3o do tempo com m\u00fasica e s\u00e9rie.\",\"url\":\"https:\/\/med.estrategia.com\/portal\/author\/ana-carolina-damasceno\/\"}]}<\/script>\n<!-- \/ Yoast SEO Premium plugin. -->","yoast_head_json":{"title":"SUS-BA 2024.2: nova edi\u00e7\u00e3o est\u00e1 com inscri\u00e7\u00f5es abertas","description":"Edital do SUS-BA 2024.2 foi divulgado e voc\u00ea pode conferir as principais informa\u00e7\u00f5es com o Estrat\u00e9gia MED!","robots":{"index":"index","follow":"follow","max-snippet":"max-snippet:-1","max-image-preview":"max-image-preview:large","max-video-preview":"max-video-preview:-1"},"canonical":"https:\/\/med.estrategia.com\/portal\/noticias\/sus-ba-2024-2-nova-edicao-esta-com-inscricoes-abertas\/","og_locale":"pt_BR","og_type":"article","og_title":"SUS-BA 2024.2: nova edi\u00e7\u00e3o est\u00e1 com inscri\u00e7\u00f5es abertas","og_description":"Edital do SUS-BA 2024.2 foi divulgado e voc\u00ea pode conferir as principais informa\u00e7\u00f5es com o Estrat\u00e9gia MED!","og_url":"https:\/\/med.estrategia.com\/portal\/noticias\/sus-ba-2024-2-nova-edicao-esta-com-inscricoes-abertas\/","og_site_name":"Estrat\u00e9gia MED","article_publisher":"https:\/\/www.facebook.com\/estrategiamed1","article_published_time":"2024-02-19T12:08:11+00:00","article_modified_time":"2024-02-19T12:08:17+00:00","og_image":[{"width":1920,"height":1080,"url":"https:\/\/med.estrategia.com\/portal\/wp-content\/uploads\/2023\/07\/SUS-BA_edital.jpg","type":"image\/jpeg"}],"author":"Ana Carolina Damasceno","twitter_card":"summary_large_image","twitter_creator":"@estrategiamed_","twitter_site":"@estrategiamed_","twitter_misc":{"Escrito por":"Ana Carolina Damasceno","Est. tempo de leitura":"2 minutos"},"schema":{"@context":"https:\/\/schema.org","@graph":[{"@type":"WebPage","@id":"https:\/\/med.estrategia.com\/portal\/noticias\/sus-ba-2024-2-nova-edicao-esta-com-inscricoes-abertas\/","url":"https:\/\/med.estrategia.com\/portal\/noticias\/sus-ba-2024-2-nova-edicao-esta-com-inscricoes-abertas\/","name":"SUS-BA 2024.2: nova edi\u00e7\u00e3o est\u00e1 com inscri\u00e7\u00f5es abertas","isPartOf":{"@id":"https:\/\/med.estrategia.com\/portal\/#website"},"primaryImageOfPage":{"@id":"https:\/\/med.estrategia.com\/portal\/noticias\/sus-ba-2024-2-nova-edicao-esta-com-inscricoes-abertas\/#primaryimage"},"image":{"@id":"https:\/\/med.estrategia.com\/portal\/noticias\/sus-ba-2024-2-nova-edicao-esta-com-inscricoes-abertas\/#primaryimage"},"thumbnailUrl":"https:\/\/med.estrategia.com\/portal\/wp-content\/uploads\/2023\/07\/SUS-BA_edital.jpg","datePublished":"2024-02-19T12:08:11+00:00","dateModified":"2024-02-19T12:08:17+00:00","author":{"@id":"https:\/\/med.estrategia.com\/portal\/#\/schema\/person\/2f553adbb8e25fe39d145c5b2927f58c"},"description":"Edital do SUS-BA 2024.2 foi divulgado e voc\u00ea pode conferir as principais informa\u00e7\u00f5es com o Estrat\u00e9gia MED!","breadcrumb":{"@id":"https:\/\/med.estrategia.com\/portal\/noticias\/sus-ba-2024-2-nova-edicao-esta-com-inscricoes-abertas\/#breadcrumb"},"inLanguage":"pt-BR","potentialAction":[{"@type":"ReadAction","target":["https:\/\/med.estrategia.com\/portal\/noticias\/sus-ba-2024-2-nova-edicao-esta-com-inscricoes-abertas\/"]}]},{"@type":"ImageObject","inLanguage":"pt-BR","@id":"https:\/\/med.estrategia.com\/portal\/noticias\/sus-ba-2024-2-nova-edicao-esta-com-inscricoes-abertas\/#primaryimage","url":"https:\/\/med.estrategia.com\/portal\/wp-content\/uploads\/2023\/07\/SUS-BA_edital.jpg","contentUrl":"https:\/\/med.estrategia.com\/portal\/wp-content\/uploads\/2023\/07\/SUS-BA_edital.jpg","width":1920,"height":1080,"caption":"Estrat\u00e9gia MED | Foto de Divulga\u00e7\u00e3o: Universidade Federal da Bahia"},{"@type":"BreadcrumbList","@id":"https:\/\/med.estrategia.com\/portal\/noticias\/sus-ba-2024-2-nova-edicao-esta-com-inscricoes-abertas\/#breadcrumb","itemListElement":[{"@type":"ListItem","position":1,"name":"Home","item":"https:\/\/med.estrategia.com\/portal\/"},{"@type":"ListItem","position":2,"name":"Not\u00edcias","item":"https:\/\/med.estrategia.com\/portal\/noticias\/"},{"@type":"ListItem","position":3,"name":"SUS-BA 2024.2: nova edi\u00e7\u00e3o est\u00e1 com inscri\u00e7\u00f5es abertas"}]},{"@type":"WebSite","@id":"https:\/\/med.estrategia.com\/portal\/#website","url":"https:\/\/med.estrategia.com\/portal\/","name":"Estrat\u00e9gia MED","description":"","potentialAction":[{"@type":"SearchAction","target":{"@type":"EntryPoint","urlTemplate":"https:\/\/med.estrategia.com\/portal\/?s={search_term_string}"},"query-input":{"@type":"PropertyValueSpecification","valueRequired":true,"valueName":"search_term_string"}}],"inLanguage":"pt-BR"},{"@type":"Person","@id":"https:\/\/med.estrategia.com\/portal\/#\/schema\/person\/2f553adbb8e25fe39d145c5b2927f58c","name":"Ana Carolina Damasceno","image":{"@type":"ImageObject","inLanguage":"pt-BR","@id":"https:\/\/med.estrategia.com\/portal\/#\/schema\/person\/image\/","url":"https:\/\/med.estrategia.com\/portal\/wp-content\/uploads\/2021\/09\/WhatsApp-Image-2023-08-18-at-16.46.43-150x150.jpeg","contentUrl":"https:\/\/med.estrategia.com\/portal\/wp-content\/uploads\/2021\/09\/WhatsApp-Image-2023-08-18-at-16.46.43-150x150.jpeg","caption":"Ana Carolina Damasceno"},"description":"Coordenadora de Jornalismo EMED. Comunicadora por natureza e forma\u00e7\u00e3o, que ama e perde a no\u00e7\u00e3o do tempo com m\u00fasica e s\u00e9rie.","url":"https:\/\/med.estrategia.com\/portal\/author\/ana-carolina-damasceno\/"}]}},"_wl_alt_label":[],"wl:entity_url":"\/post\/sus-ba-2024-2-nova-edicao-esta-com-inscricoes-abertas","_links":{"self":[{"href":"https:\/\/med.estrategia.com\/portal\/wp-json\/wp\/v2\/posts\/57902","targetHints":{"allow":["GET"]}}],"collection":[{"href":"https:\/\/med.estrategia.com\/portal\/wp-json\/wp\/v2\/posts"}],"about":[{"href":"https:\/\/med.estrategia.com\/portal\/wp-json\/wp\/v2\/types\/post"}],"author":[{"embeddable":true,"href":"https:\/\/med.estrategia.com\/portal\/wp-json\/wp\/v2\/users\/39"}],"replies":[{"embeddable":true,"href":"https:\/\/med.estrategia.com\/portal\/wp-json\/wp\/v2\/comments?post=57902"}],"version-history":[{"count":5,"href":"https:\/\/med.estrategia.com\/portal\/wp-json\/wp\/v2\/posts\/57902\/revisions"}],"predecessor-version":[{"id":58277,"href":"https:\/\/med.estrategia.com\/portal\/wp-json\/wp\/v2\/posts\/57902\/revisions\/58277"}],"wp:featuredmedia":[{"embeddable":true,"href":"https:\/\/med.estrategia.com\/portal\/wp-json\/wp\/v2\/media\/42355"}],"wp:attachment":[{"href":"https:\/\/med.estrategia.com\/portal\/wp-json\/wp\/v2\/media?parent=57902"}],"wp:term":[{"taxonomy":"category","embeddable":true,"href":"https:\/\/med.estrategia.com\/portal\/wp-json\/wp\/v2\/categories?post=57902"},{"taxonomy":"post_tag","embeddable":true,"href":"https:\/\/med.estrategia.com\/portal\/wp-json\/wp\/v2\/tags?post=57902"},{"taxonomy":"wl_entity_type","embeddable":true,"href":"https:\/\/med.estrategia.com\/portal\/wp-json\/wp\/v2\/wl_entity_type?post=57902"}],"curies":[{"name":"wp","href":"https:\/\/api.w.org\/{rel}","templated":true}]}}