{"id":58294,"date":"2024-02-19T20:37:53","date_gmt":"2024-02-19T23:37:53","guid":{"rendered":"https:\/\/med.estrategia.com\/portal\/?p=58294"},"modified":"2024-02-19T20:39:02","modified_gmt":"2024-02-19T23:39:02","slug":"concurso-tst-resultado-definitivo-da-prova-objetiva","status":"publish","type":"post","link":"https:\/\/med.estrategia.com\/portal\/noticias\/concurso-tst-resultado-definitivo-da-prova-objetiva\/","title":{"rendered":"Concurso TST: resultado definitivo da prova objetiva!"},"content":{"rendered":"<p>Os resultados definitivo das provas objetivas e preliminar da prova discursiva do <strong>concurso p&uacute;blico do<\/strong><a href=\"https:\/\/www.estrategiaconcursos.com.br\/promocoes\/assinaturas\" target=\"_blank\"><strong> Tribunal Superior do Trabalho<\/strong><\/a> j&aacute; est&atilde;o dispon&iacute;veis para a consulta do candidato.&nbsp;<p>Os candidatos que foram avaliados por provas objetivas e discursivas podem consultar os resultados&nbsp; por meio do site da banca, <a href=\"https:\/\/security.cebraspe.org.br\/TST_23\/Recursos\/Objetiva\/GabaritoDefinitivo_4C3BE604-B1F6-4C7D-A5C2\/\" target=\"_blank\">Cebraspe<\/a>, mediante apresenta&ccedil;&atilde;o de CPF e senha.<\/p><p>O prazo para a <strong>interposi&ccedil;&atilde;o de recursos<\/strong> contra o resultado preliminar da etapa discursiva estar&aacute; dispon&iacute;vel a partir das 10h de amanh&atilde;, <strong>dia 20, at&eacute; &agrave;s 18 horas do dia 21 de fevereiro de 2024.<\/strong><\/p><div class=\"wp-block-buttons is-content-justification-center is-layout-flex wp-container-core-buttons-is-layout-1 wp-block-buttons-is-layout-flex\">\n<div class=\"wp-block-button\"><a class=\"wp-block-button__link wp-element-button\" href=\"https:\/\/med.estrategia.com\/portal\/wp-content\/uploads\/2024\/02\/tst-resultados-definitivo_prova-Objetiva.pdf\" target=\"_blank\">RESULTADO concurso  TST <\/a><\/div>\n<\/div><p>O concurso p&uacute;blico TST disponibiliza uma vaga para in&iacute;cio imediato e 30 vagas para forma&ccedil;&atilde;o de cadastro reserva <strong>para o cargo de Analista Judici&aacute;rio, especialidade medicina cl&iacute;nica.&nbsp;<\/strong><\/p><p>A remunera&ccedil;&atilde;o do cargo &eacute; de <strong>R$13.202,62,<\/strong> para uma carga hor&aacute;ria de 20 horas semanais.&nbsp;<\/p><p>Os candidatos nomeados exercer&atilde;o suas atividades no Tribunal Superior do Trabalho (TST) com sede em Bras&iacute;lia, DF.&nbsp;<\/p><div id=\"ez-toc-container\" class=\"ez-toc-v2_0_79_2 counter-hierarchy ez-toc-counter ez-toc-transparent ez-toc-container-direction\">\n<div class=\"ez-toc-title-container\"><p class=\"ez-toc-title\" style=\"cursor:inherit\">Navegue pelo conte\u00fado<\/p>\n<\/div><nav><ul class='ez-toc-list ez-toc-list-level-1 ' ><li class='ez-toc-page-1 ez-toc-heading-level-2'><a class=\"ez-toc-link ez-toc-heading-1\" href=\"https:\/\/med.estrategia.com\/portal\/noticias\/concurso-tst-resultado-definitivo-da-prova-objetiva\/#Resumo-Edital-TST-2023\" >Resumo Edital TST 2023<\/a><\/li><li class='ez-toc-page-1 ez-toc-heading-level-2'><a class=\"ez-toc-link ez-toc-heading-2\" href=\"https:\/\/med.estrategia.com\/portal\/noticias\/concurso-tst-resultado-definitivo-da-prova-objetiva\/#Processo-Seletivo\" >Processo Seletivo<\/a><\/li><li class='ez-toc-page-1 ez-toc-heading-level-2'><a class=\"ez-toc-link ez-toc-heading-3\" href=\"https:\/\/med.estrategia.com\/portal\/noticias\/concurso-tst-resultado-definitivo-da-prova-objetiva\/#Estrategia-MED-tira-as-duvidas-do-edital-do-Concurso-TST-2023\" >Estrat&eacute;gia MED tira as d&uacute;vidas do edital do Concurso TST 2023<\/a><\/li><\/ul><\/nav><\/div>\n<h2 class=\"wp-block-heading\" id=\"h-resumo-edital-tst-2023\"><span class=\"ez-toc-section\" id=\"Resumo-Edital-TST-2023\"><\/span>Resumo Edital TST 2023<span class=\"ez-toc-section-end\"><\/span><\/h2><figure class=\"wp-block-table\"><table><tbody><tr><td>Vagas Ofertadas<\/td><td>1 + 30 CR<\/td><\/tr><tr><td>Remunera&ccedil;&atilde;o<\/td><td>R$13.202,62<strong> <\/strong>&nbsp;+ benef&iacute;cios<\/td><\/tr><tr><td>Carga Hor&aacute;ria Semanal&nbsp;&nbsp;<\/td><td>20 horas<\/td><\/tr><tr><td>Composi&ccedil;&atilde;o do Processo Seletivo<\/td><td>Prova Objetiva, Prova Discursiva e avalia&ccedil;&atilde;o de t&iacute;tulos<\/td><\/tr><tr><td>Taxa de Inscri&ccedil;&atilde;o<\/td><td>R$130,00<\/td><\/tr><tr><td>Per&iacute;odo de Inscri&ccedil;&atilde;o e solicita&ccedil;&atilde;o de isen&ccedil;&atilde;o da taxa de inscri&ccedil;&atilde;o<\/td><td>2\/10\/2023 a 27\/10\/2023<\/td><\/tr><tr><td>&Uacute;ltimo dia para pagamento da taxa de inscri&ccedil;&atilde;o<\/td><td>20\/11\/2023<\/td><\/tr><tr><td>Data da Realiza&ccedil;&atilde;o das Provas Objetivas e Discursiva<\/td><td>21\/01\/2024&nbsp;<\/td><\/tr><tr><td>Consulta individual aos gabaritos oficiais preliminares das provas objetivas&nbsp;<\/td><td>23\/01\/2024 a 25\/1\/2024&nbsp;<\/td><\/tr><tr><td>Prazo para a interposi&ccedil;&atilde;o de recursos quanto &agrave;s quest&otilde;es formuladas e(ou) aos gabaritos oficiais preliminares divulgados e(ou) ao padr&atilde;o de respostas da prova discursiva<\/td><td>24 e 25\/1\/2024, das 10 horas do primeiro dia &agrave;s 18 horas do &uacute;ltimo dia (hor&aacute;rio oficial de Bras&iacute;lia\/DF)<\/td><\/tr><tr><td>Divulga&ccedil;&atilde;o dos gabaritos oficiais preliminares das provas objetivas<\/td><td>26\/1\/2024<\/td><\/tr><tr><td>Divulga&ccedil;&atilde;o do edital de resultado final nas provas objetivas e de resultado provis&oacute;rio na prova discursiva<\/td><td>19\/2\/2024<\/td><\/tr><\/tbody><\/table><\/figure><h2 class=\"wp-block-heading\" id=\"h-processo-seletivo\"><span class=\"ez-toc-section\" id=\"Processo-Seletivo\"><\/span>Processo Seletivo<span class=\"ez-toc-section-end\"><\/span><\/h2><h3 class=\"wp-block-heading\" id=\"h-prova-objetiva\">Prova Objetiva<\/h3><p>O processo seletivo para esse edital contou com <strong>uma prova objetiva e uma prova discursiva previstas para o dia 21 de janeiro de 2024.&nbsp;<\/strong><\/p><p><strong>A prova objetiva, <\/strong>de car&aacute;ter classificat&oacute;rio\/eliminat&oacute;rio, foi composta por <strong>60 quest&otilde;es de m&uacute;ltipla escolha<\/strong>, com cinco alternativas cada, sendo apenas uma correta.<\/p><p>A prova objetiva ser&aacute; composta pelas seguintes &aacute;reas de conhecimento:&nbsp;<\/p><ul class=\"wp-block-list\">\n<li>30 quest&otilde;es de Conhecimentos B&aacute;sicos; e<\/li>\n\n\n\n<li>30 quest&otilde;es de Conhecimentos Espec&iacute;ficos;<\/li>\n<\/ul><h3 class=\"wp-block-heading\" id=\"h-prova-discursiva\">Prova Discursiva<\/h3><p>A prova discursiva consistiu em uma quest&atilde;o, em at&eacute; 30 linhas, sobre os conhecimentos espec&iacute;ficos referentes ao cargo\/&aacute;rea\/especialidade. Tamb&eacute;m de car&aacute;ter eliminat&oacute;rio e classificat&oacute;rio, valendo 10 pontos no total.&nbsp;&nbsp;<\/p><p>Para o cargo de Analista Judici&aacute;rio, especialidade Medicina Cl&iacute;nica M&eacute;dica, ser&aacute; corrigida a prova discursiva dos 60 candidatos da ampla concorr&ecirc;ncia mais bem classificados nas provas objetivas, respeitados os empates na &uacute;ltima posi&ccedil;&atilde;o.&nbsp;<\/p><p>Para mais informa&ccedil;&otilde;es sobre o Concurso P&uacute;blico TST,<a href=\"https:\/\/www.estrategiaconcursos.com.br\/blog\/concurso-tst-edital-publicado\/\" target=\"_blank\"> acesse aqui.<\/a>&nbsp;<\/p><h2 class=\"wp-block-heading\" id=\"h-estrategia-med-tira-as-duvidas-do-edital-do-concurso-tst-2023\"><span class=\"ez-toc-section\" id=\"Estrategia-MED-tira-as-duvidas-do-edital-do-Concurso-TST-2023\"><\/span><strong>Estrat&eacute;gia MED tira as d&uacute;vidas do edital do Concurso TST 2023<\/strong><span class=\"ez-toc-section-end\"><\/span><\/h2><p>Aproveite e n&atilde;o deixe de acompanhar o<a href=\"https:\/\/www.youtube.com\/live\/LalOjoZxosc?si=_9OEL88OiDCD425I\" target=\"_blank\"> webin&aacute;rio<\/a> comandado pelo professor do Estrat&eacute;gia MED, Jo&atilde;o Paulo Telles, com informa&ccedil;&otilde;es completas sobre o <strong>concursos M&eacute;dicos &ndash;&nbsp; Analista M&eacute;dico do Tribunal Superior do Trabalho (TST)<\/strong>. A transmiss&atilde;o aconteceu em nosso canal do Youtube no dia <strong>02 de outubro de 2023, &agrave;s 18h<\/strong>. Clique na imagem a seguir e acompanhe:<\/p><figure class=\"wp-block-embed is-type-video is-provider-youtube wp-block-embed-youtube wp-embed-aspect-16-9 wp-has-aspect-ratio\"><div class=\"wp-block-embed__wrapper\">\n<div class=\"cs-embed cs-embed-responsive\"><iframe title=\"Concursos M&eacute;dicos -  Analista M&eacute;dico Tribunal Superior do Trabalho (TST): Saiba tudo!\" width=\"1200\" height=\"675\" src=\"https:\/\/www.youtube.com\/embed\/LalOjoZxosc?feature=oembed\" frameborder=\"0\" allow=\"accelerometer; autoplay; clipboard-write; encrypted-media; gyroscope; picture-in-picture; web-share\" allowfullscreen><\/iframe><\/div>\n<\/div><\/figure><p>E n&atilde;o se esque&ccedil;a de se inscrever em nosso canal e ativar o sino de notifica&ccedil;&atilde;o para n&atilde;o perder nenhuma novidade sobre concursos p&uacute;blicos com cargos m&eacute;dicos, atualiza&ccedil;&otilde;es m&eacute;dicas e muito mais!<\/p><p>Prepare-se agora para o concurso p&uacute;blico do TST com a Estrat&eacute;gia MED!&nbsp;&nbsp;<\/p><p>Com o<a href=\"https:\/\/med.estrategia.com\/curso\/concursos-medicos-analista-medico-do-tribunal-superior-do-trabalho-tst\/\" target=\"_blank\"> Concursos M&eacute;dicos TST<\/a>, voc&ecirc; ter&aacute; &agrave; disposi&ccedil;&atilde;o Aulas espec&iacute;ficas com todo o conte&uacute;do exigido pela banca; Livro Digital Interativo (L.D.I.), um material de estudo multim&iacute;dia e exclusivo;&nbsp;<\/p><p>Al&eacute;m do nosso <strong>Banco de Quest&otilde;es<\/strong>, que atualmente conta com mais de 189 mil quest&otilde;es cadastradas e n&atilde;o para de crescer. Vem ser coruja!<\/p><div class=\"wp-block-image\">\n<figure class=\"aligncenter size-full\"><img decoding=\"async\" width=\"1280\" height=\"622\" src=\"https:\/\/med.estrategia.com\/portal\/wp-content\/uploads\/2025\/08\/concursos_medicos.jpg\" alt=\"concursos_medicos\" class=\"wp-image-91529\" srcset=\"https:\/\/med.estrategia.com\/portal\/wp-content\/uploads\/2025\/08\/concursos_medicos.jpg 1280w, https:\/\/med.estrategia.com\/portal\/wp-content\/uploads\/2025\/08\/concursos_medicos-1024x498.jpg 1024w, https:\/\/med.estrategia.com\/portal\/wp-content\/uploads\/2025\/08\/concursos_medicos-768x373.jpg 768w, https:\/\/med.estrategia.com\/portal\/wp-content\/uploads\/2025\/08\/concursos_medicos-800x389.jpg 800w, https:\/\/med.estrategia.com\/portal\/wp-content\/uploads\/2025\/08\/concursos_medicos-1160x564.jpg 1160w\" sizes=\"(max-width: 1280px) 100vw, 1280px\" \/><\/figure><\/div><\/p>\n","protected":false},"excerpt":{"rendered":"Sal\u00e1rio para Analista Judici\u00e1rio &#8211; especialidade medicina cl\u00ednica chega a R$13,2 mil \n","protected":false},"author":45,"featured_media":56768,"comment_status":"closed","ping_status":"closed","sticky":false,"template":"","format":"standard","meta":{"wl_entities_gutenberg":"","footnotes":""},"categories":[300],"tags":[],"wl_entity_type":[199],"class_list":{"0":"post-58294","1":"post","2":"type-post","3":"status-publish","4":"format-standard","5":"has-post-thumbnail","7":"category-noticias","8":"wl_entity_type-article"},"acf":[],"yoast_head":"<!-- This site is optimized with the Yoast SEO Premium plugin v26.6 (Yoast SEO v26.6) - https:\/\/yoast.com\/wordpress\/plugins\/seo\/ -->\n<title>Concurso TST: resultado definitivo da prova objetiva!<\/title>\n<meta name=\"description\" content=\"O resultado definitivo das provas objetivas e preliminar da prova discursiva do concurso p\u00fablico do TST j\u00e1 est\u00e3o dispon\u00edveis.\" \/>\n<meta name=\"robots\" content=\"index, follow, max-snippet:-1, max-image-preview:large, max-video-preview:-1\" \/>\n<link rel=\"canonical\" href=\"https:\/\/med.estrategia.com\/portal\/noticias\/concurso-tst-resultado-definitivo-da-prova-objetiva\/\" \/>\n<meta property=\"og:locale\" content=\"pt_BR\" \/>\n<meta property=\"og:type\" content=\"article\" \/>\n<meta property=\"og:title\" content=\"Concurso TST: resultado definitivo da prova objetiva!\" \/>\n<meta property=\"og:description\" content=\"O resultado definitivo das provas objetivas e preliminar da prova discursiva do concurso p\u00fablico do TST j\u00e1 est\u00e3o dispon\u00edveis.\" \/>\n<meta property=\"og:url\" content=\"https:\/\/med.estrategia.com\/portal\/noticias\/concurso-tst-resultado-definitivo-da-prova-objetiva\/\" \/>\n<meta property=\"og:site_name\" content=\"Estrat\u00e9gia MED\" \/>\n<meta property=\"article:publisher\" content=\"https:\/\/www.facebook.com\/estrategiamed1\" \/>\n<meta property=\"article:published_time\" content=\"2024-02-19T23:37:53+00:00\" \/>\n<meta property=\"article:modified_time\" content=\"2024-02-19T23:39:02+00:00\" \/>\n<meta property=\"og:image\" content=\"https:\/\/med.estrategia.com\/portal\/wp-content\/uploads\/2024\/01\/Capa_concurso_TST_atualizacao.jpg\" \/>\n\t<meta property=\"og:image:width\" content=\"1280\" \/>\n\t<meta property=\"og:image:height\" content=\"720\" \/>\n\t<meta property=\"og:image:type\" content=\"image\/jpeg\" \/>\n<meta name=\"author\" content=\"Priscila Pereira\" \/>\n<meta name=\"twitter:card\" content=\"summary_large_image\" \/>\n<meta name=\"twitter:creator\" content=\"@estrategiamed_\" \/>\n<meta name=\"twitter:site\" content=\"@estrategiamed_\" \/>\n<meta name=\"twitter:label1\" content=\"Escrito por\" \/>\n\t<meta name=\"twitter:data1\" content=\"Priscila Pereira\" \/>\n\t<meta name=\"twitter:label2\" content=\"Est. tempo de leitura\" \/>\n\t<meta name=\"twitter:data2\" content=\"3 minutos\" \/>\n<script type=\"application\/ld+json\" class=\"yoast-schema-graph\">{\"@context\":\"https:\/\/schema.org\",\"@graph\":[{\"@type\":\"WebPage\",\"@id\":\"https:\/\/med.estrategia.com\/portal\/noticias\/concurso-tst-resultado-definitivo-da-prova-objetiva\/\",\"url\":\"https:\/\/med.estrategia.com\/portal\/noticias\/concurso-tst-resultado-definitivo-da-prova-objetiva\/\",\"name\":\"Concurso TST: resultado definitivo da prova objetiva!\",\"isPartOf\":{\"@id\":\"https:\/\/med.estrategia.com\/portal\/#website\"},\"primaryImageOfPage\":{\"@id\":\"https:\/\/med.estrategia.com\/portal\/noticias\/concurso-tst-resultado-definitivo-da-prova-objetiva\/#primaryimage\"},\"image\":{\"@id\":\"https:\/\/med.estrategia.com\/portal\/noticias\/concurso-tst-resultado-definitivo-da-prova-objetiva\/#primaryimage\"},\"thumbnailUrl\":\"https:\/\/med.estrategia.com\/portal\/wp-content\/uploads\/2024\/01\/Capa_concurso_TST_atualizacao.jpg\",\"datePublished\":\"2024-02-19T23:37:53+00:00\",\"dateModified\":\"2024-02-19T23:39:02+00:00\",\"author\":{\"@id\":\"https:\/\/med.estrategia.com\/portal\/#\/schema\/person\/d1df06a83a849b79b2d480e7d8952ce3\"},\"description\":\"O resultado definitivo das provas objetivas e preliminar da prova discursiva do concurso p\u00fablico do TST j\u00e1 est\u00e3o dispon\u00edveis.\",\"breadcrumb\":{\"@id\":\"https:\/\/med.estrategia.com\/portal\/noticias\/concurso-tst-resultado-definitivo-da-prova-objetiva\/#breadcrumb\"},\"inLanguage\":\"pt-BR\",\"potentialAction\":[{\"@type\":\"ReadAction\",\"target\":[\"https:\/\/med.estrategia.com\/portal\/noticias\/concurso-tst-resultado-definitivo-da-prova-objetiva\/\"]}]},{\"@type\":\"ImageObject\",\"inLanguage\":\"pt-BR\",\"@id\":\"https:\/\/med.estrategia.com\/portal\/noticias\/concurso-tst-resultado-definitivo-da-prova-objetiva\/#primaryimage\",\"url\":\"https:\/\/med.estrategia.com\/portal\/wp-content\/uploads\/2024\/01\/Capa_concurso_TST_atualizacao.jpg\",\"contentUrl\":\"https:\/\/med.estrategia.com\/portal\/wp-content\/uploads\/2024\/01\/Capa_concurso_TST_atualizacao.jpg\",\"width\":1280,\"height\":720,\"caption\":\"Estrat\u00e9gia MED | TST\"},{\"@type\":\"BreadcrumbList\",\"@id\":\"https:\/\/med.estrategia.com\/portal\/noticias\/concurso-tst-resultado-definitivo-da-prova-objetiva\/#breadcrumb\",\"itemListElement\":[{\"@type\":\"ListItem\",\"position\":1,\"name\":\"Home\",\"item\":\"https:\/\/med.estrategia.com\/portal\/\"},{\"@type\":\"ListItem\",\"position\":2,\"name\":\"Not\u00edcias\",\"item\":\"https:\/\/med.estrategia.com\/portal\/noticias\/\"},{\"@type\":\"ListItem\",\"position\":3,\"name\":\"Concurso TST: resultado definitivo da prova objetiva!\"}]},{\"@type\":\"WebSite\",\"@id\":\"https:\/\/med.estrategia.com\/portal\/#website\",\"url\":\"https:\/\/med.estrategia.com\/portal\/\",\"name\":\"Estrat\u00e9gia MED\",\"description\":\"\",\"potentialAction\":[{\"@type\":\"SearchAction\",\"target\":{\"@type\":\"EntryPoint\",\"urlTemplate\":\"https:\/\/med.estrategia.com\/portal\/?s={search_term_string}\"},\"query-input\":{\"@type\":\"PropertyValueSpecification\",\"valueRequired\":true,\"valueName\":\"search_term_string\"}}],\"inLanguage\":\"pt-BR\"},{\"@type\":\"Person\",\"@id\":\"https:\/\/med.estrategia.com\/portal\/#\/schema\/person\/d1df06a83a849b79b2d480e7d8952ce3\",\"name\":\"Priscila Pereira\",\"image\":{\"@type\":\"ImageObject\",\"inLanguage\":\"pt-BR\",\"@id\":\"https:\/\/med.estrategia.com\/portal\/#\/schema\/person\/image\/\",\"url\":\"https:\/\/secure.gravatar.com\/avatar\/fe94f8430a1d23a69c0bc7aab6202e21?s=96&d=mm&r=g\",\"contentUrl\":\"https:\/\/secure.gravatar.com\/avatar\/fe94f8430a1d23a69c0bc7aab6202e21?s=96&d=mm&r=g\",\"caption\":\"Priscila Pereira\"},\"description\":\"Formada e p\u00f3s-graduada na \u00e1rea de comunica\u00e7\u00e3o, divido minha paix\u00e3o entre o jornalismo e os esportes\",\"url\":\"https:\/\/med.estrategia.com\/portal\/author\/priscila-pereira\/\"}]}<\/script>\n<!-- \/ Yoast SEO Premium plugin. -->","yoast_head_json":{"title":"Concurso TST: resultado definitivo da prova objetiva!","description":"O resultado definitivo das provas objetivas e preliminar da prova discursiva do concurso p\u00fablico do TST j\u00e1 est\u00e3o dispon\u00edveis.","robots":{"index":"index","follow":"follow","max-snippet":"max-snippet:-1","max-image-preview":"max-image-preview:large","max-video-preview":"max-video-preview:-1"},"canonical":"https:\/\/med.estrategia.com\/portal\/noticias\/concurso-tst-resultado-definitivo-da-prova-objetiva\/","og_locale":"pt_BR","og_type":"article","og_title":"Concurso TST: resultado definitivo da prova objetiva!","og_description":"O resultado definitivo das provas objetivas e preliminar da prova discursiva do concurso p\u00fablico do TST j\u00e1 est\u00e3o dispon\u00edveis.","og_url":"https:\/\/med.estrategia.com\/portal\/noticias\/concurso-tst-resultado-definitivo-da-prova-objetiva\/","og_site_name":"Estrat\u00e9gia MED","article_publisher":"https:\/\/www.facebook.com\/estrategiamed1","article_published_time":"2024-02-19T23:37:53+00:00","article_modified_time":"2024-02-19T23:39:02+00:00","og_image":[{"width":1280,"height":720,"url":"https:\/\/med.estrategia.com\/portal\/wp-content\/uploads\/2024\/01\/Capa_concurso_TST_atualizacao.jpg","type":"image\/jpeg"}],"author":"Priscila Pereira","twitter_card":"summary_large_image","twitter_creator":"@estrategiamed_","twitter_site":"@estrategiamed_","twitter_misc":{"Escrito por":"Priscila Pereira","Est. tempo de leitura":"3 minutos"},"schema":{"@context":"https:\/\/schema.org","@graph":[{"@type":"WebPage","@id":"https:\/\/med.estrategia.com\/portal\/noticias\/concurso-tst-resultado-definitivo-da-prova-objetiva\/","url":"https:\/\/med.estrategia.com\/portal\/noticias\/concurso-tst-resultado-definitivo-da-prova-objetiva\/","name":"Concurso TST: resultado definitivo da prova objetiva!","isPartOf":{"@id":"https:\/\/med.estrategia.com\/portal\/#website"},"primaryImageOfPage":{"@id":"https:\/\/med.estrategia.com\/portal\/noticias\/concurso-tst-resultado-definitivo-da-prova-objetiva\/#primaryimage"},"image":{"@id":"https:\/\/med.estrategia.com\/portal\/noticias\/concurso-tst-resultado-definitivo-da-prova-objetiva\/#primaryimage"},"thumbnailUrl":"https:\/\/med.estrategia.com\/portal\/wp-content\/uploads\/2024\/01\/Capa_concurso_TST_atualizacao.jpg","datePublished":"2024-02-19T23:37:53+00:00","dateModified":"2024-02-19T23:39:02+00:00","author":{"@id":"https:\/\/med.estrategia.com\/portal\/#\/schema\/person\/d1df06a83a849b79b2d480e7d8952ce3"},"description":"O resultado definitivo das provas objetivas e preliminar da prova discursiva do concurso p\u00fablico do TST j\u00e1 est\u00e3o dispon\u00edveis.","breadcrumb":{"@id":"https:\/\/med.estrategia.com\/portal\/noticias\/concurso-tst-resultado-definitivo-da-prova-objetiva\/#breadcrumb"},"inLanguage":"pt-BR","potentialAction":[{"@type":"ReadAction","target":["https:\/\/med.estrategia.com\/portal\/noticias\/concurso-tst-resultado-definitivo-da-prova-objetiva\/"]}]},{"@type":"ImageObject","inLanguage":"pt-BR","@id":"https:\/\/med.estrategia.com\/portal\/noticias\/concurso-tst-resultado-definitivo-da-prova-objetiva\/#primaryimage","url":"https:\/\/med.estrategia.com\/portal\/wp-content\/uploads\/2024\/01\/Capa_concurso_TST_atualizacao.jpg","contentUrl":"https:\/\/med.estrategia.com\/portal\/wp-content\/uploads\/2024\/01\/Capa_concurso_TST_atualizacao.jpg","width":1280,"height":720,"caption":"Estrat\u00e9gia MED | TST"},{"@type":"BreadcrumbList","@id":"https:\/\/med.estrategia.com\/portal\/noticias\/concurso-tst-resultado-definitivo-da-prova-objetiva\/#breadcrumb","itemListElement":[{"@type":"ListItem","position":1,"name":"Home","item":"https:\/\/med.estrategia.com\/portal\/"},{"@type":"ListItem","position":2,"name":"Not\u00edcias","item":"https:\/\/med.estrategia.com\/portal\/noticias\/"},{"@type":"ListItem","position":3,"name":"Concurso TST: resultado definitivo da prova objetiva!"}]},{"@type":"WebSite","@id":"https:\/\/med.estrategia.com\/portal\/#website","url":"https:\/\/med.estrategia.com\/portal\/","name":"Estrat\u00e9gia MED","description":"","potentialAction":[{"@type":"SearchAction","target":{"@type":"EntryPoint","urlTemplate":"https:\/\/med.estrategia.com\/portal\/?s={search_term_string}"},"query-input":{"@type":"PropertyValueSpecification","valueRequired":true,"valueName":"search_term_string"}}],"inLanguage":"pt-BR"},{"@type":"Person","@id":"https:\/\/med.estrategia.com\/portal\/#\/schema\/person\/d1df06a83a849b79b2d480e7d8952ce3","name":"Priscila Pereira","image":{"@type":"ImageObject","inLanguage":"pt-BR","@id":"https:\/\/med.estrategia.com\/portal\/#\/schema\/person\/image\/","url":"https:\/\/secure.gravatar.com\/avatar\/fe94f8430a1d23a69c0bc7aab6202e21?s=96&d=mm&r=g","contentUrl":"https:\/\/secure.gravatar.com\/avatar\/fe94f8430a1d23a69c0bc7aab6202e21?s=96&d=mm&r=g","caption":"Priscila Pereira"},"description":"Formada e p\u00f3s-graduada na \u00e1rea de comunica\u00e7\u00e3o, divido minha paix\u00e3o entre o jornalismo e os esportes","url":"https:\/\/med.estrategia.com\/portal\/author\/priscila-pereira\/"}]}},"_wl_alt_label":[],"wl:entity_url":"\/post\/concurso-tst-resultado-definitivo-da-prova-objetiva","_links":{"self":[{"href":"https:\/\/med.estrategia.com\/portal\/wp-json\/wp\/v2\/posts\/58294","targetHints":{"allow":["GET"]}}],"collection":[{"href":"https:\/\/med.estrategia.com\/portal\/wp-json\/wp\/v2\/posts"}],"about":[{"href":"https:\/\/med.estrategia.com\/portal\/wp-json\/wp\/v2\/types\/post"}],"author":[{"embeddable":true,"href":"https:\/\/med.estrategia.com\/portal\/wp-json\/wp\/v2\/users\/45"}],"replies":[{"embeddable":true,"href":"https:\/\/med.estrategia.com\/portal\/wp-json\/wp\/v2\/comments?post=58294"}],"version-history":[{"count":5,"href":"https:\/\/med.estrategia.com\/portal\/wp-json\/wp\/v2\/posts\/58294\/revisions"}],"predecessor-version":[{"id":58314,"href":"https:\/\/med.estrategia.com\/portal\/wp-json\/wp\/v2\/posts\/58294\/revisions\/58314"}],"wp:featuredmedia":[{"embeddable":true,"href":"https:\/\/med.estrategia.com\/portal\/wp-json\/wp\/v2\/media\/56768"}],"wp:attachment":[{"href":"https:\/\/med.estrategia.com\/portal\/wp-json\/wp\/v2\/media?parent=58294"}],"wp:term":[{"taxonomy":"category","embeddable":true,"href":"https:\/\/med.estrategia.com\/portal\/wp-json\/wp\/v2\/categories?post=58294"},{"taxonomy":"post_tag","embeddable":true,"href":"https:\/\/med.estrategia.com\/portal\/wp-json\/wp\/v2\/tags?post=58294"},{"taxonomy":"wl_entity_type","embeddable":true,"href":"https:\/\/med.estrategia.com\/portal\/wp-json\/wp\/v2\/wl_entity_type?post=58294"}],"curies":[{"name":"wp","href":"https:\/\/api.w.org\/{rel}","templated":true}]}}