{"id":58779,"date":"2024-02-26T18:32:54","date_gmt":"2024-02-26T21:32:54","guid":{"rendered":"https:\/\/med.estrategia.com\/portal\/?p=58779"},"modified":"2024-02-26T18:33:38","modified_gmt":"2024-02-26T21:33:38","slug":"semsa-tem-concurso-publico-com-35-vagas-na-area-medica","status":"publish","type":"post","link":"https:\/\/med.estrategia.com\/portal\/concursos\/semsa-tem-concurso-publico-com-35-vagas-na-area-medica\/","title":{"rendered":"SEMSA tem concurso p\u00fablico com 35 vagas na \u00e1rea m\u00e9dica"},"content":{"rendered":"<p>A <strong>Secretaria Municipal de Sa&uacute;de de Rio Branco (SEMSA)<\/strong>, no estado do Acre, publicou o edital do <strong>concurso p&uacute;blico com 35 vagas de in&iacute;cio imediato e mais 39 para forma&ccedil;&atilde;o de cadastro reserva para &aacute;rea m&eacute;dica. <\/strong>&nbsp;&nbsp;&nbsp;<p><strong>As inscri&ccedil;&otilde;es est&atilde;o previstas para iniciar no dia 1 de mar&ccedil;o e seguem at&eacute;<\/strong> <strong>o<\/strong> <strong>dia 20 do mesmo m&ecirc;s. <\/strong>Os candidatos interessados podem acessar o site da banca,<a href=\"https:\/\/sistemas.institutoverbena.ufg.br\/2024\/concurso-rio-branco-ed1\/\" target=\"_blank\"> Instituto Verbena<\/a>, respons&aacute;vel pelo edital, para realizar a inscri&ccedil;&atilde;o. O <strong>valor da taxa &eacute; de R$ 80,00<\/strong> e pode ser pago at&eacute; o <strong>dia 20 de mar&ccedil;o de 2024<\/strong>.<\/p><p>A remunera&ccedil;&atilde;o inicial varia entre <strong>R$ 6.000,00 at&eacute; R$ 12.000,00<\/strong>, conforme a carga hor&aacute;ria e especialidade do cargo.<\/p><div class=\"wp-block-buttons is-content-justification-center is-layout-flex wp-container-core-buttons-is-layout-1 wp-block-buttons-is-layout-flex\">\n<div class=\"wp-block-button\"><a class=\"wp-block-button__link wp-element-button\" href=\"https:\/\/med.estrategia.com\/portal\/wp-content\/uploads\/2024\/02\/Edital_completo001_SEMSA2024.pdf\" target=\"_blank\">edital &ndash; SEMSA 2024<\/a><\/div>\n<\/div><div id=\"ez-toc-container\" class=\"ez-toc-v2_0_79_2 counter-hierarchy ez-toc-counter ez-toc-transparent ez-toc-container-direction\">\n<div class=\"ez-toc-title-container\"><p class=\"ez-toc-title\" style=\"cursor:inherit\">Navegue pelo conte\u00fado<\/p>\n<\/div><nav><ul class='ez-toc-list ez-toc-list-level-1 ' ><li class='ez-toc-page-1 ez-toc-heading-level-2'><a class=\"ez-toc-link ez-toc-heading-1\" href=\"https:\/\/med.estrategia.com\/portal\/concursos\/semsa-tem-concurso-publico-com-35-vagas-na-area-medica\/#Resumo-Edital-%E2%80%93-SEMSA-2024\" >Resumo Edital &ndash; SEMSA 2024<\/a><\/li><li class='ez-toc-page-1 ez-toc-heading-level-2'><a class=\"ez-toc-link ez-toc-heading-2\" href=\"https:\/\/med.estrategia.com\/portal\/concursos\/semsa-tem-concurso-publico-com-35-vagas-na-area-medica\/#Inscricoes\" >Inscri&ccedil;&otilde;es<\/a><\/li><li class='ez-toc-page-1 ez-toc-heading-level-2'><a class=\"ez-toc-link ez-toc-heading-3\" href=\"https:\/\/med.estrategia.com\/portal\/concursos\/semsa-tem-concurso-publico-com-35-vagas-na-area-medica\/#Vagas\" >Vagas<\/a><\/li><li class='ez-toc-page-1 ez-toc-heading-level-2'><a class=\"ez-toc-link ez-toc-heading-4\" href=\"https:\/\/med.estrategia.com\/portal\/concursos\/semsa-tem-concurso-publico-com-35-vagas-na-area-medica\/#Processo-Seletivo\" >Processo Seletivo<\/a><\/li><li class='ez-toc-page-1 ez-toc-heading-level-2'><a class=\"ez-toc-link ez-toc-heading-5\" href=\"https:\/\/med.estrategia.com\/portal\/concursos\/semsa-tem-concurso-publico-com-35-vagas-na-area-medica\/#Prepare-se-para-o-concurso-publico-de-SEMSA-2024-com-o-Estrategia-MED\" >Prepare-se para o concurso p&uacute;blico de SEMSA 2024 com o Estrat&eacute;gia MED!<\/a><\/li><\/ul><\/nav><\/div>\n<h2 class=\"wp-block-heading\" id=\"h-resumo-edital-semsa-2024\"><span class=\"ez-toc-section\" id=\"Resumo-Edital-%E2%80%93-SEMSA-2024\"><\/span>Resumo Edital &ndash; SEMSA 2024<span class=\"ez-toc-section-end\"><\/span><\/h2><figure class=\"wp-block-table\"><table><tbody><tr><td>Vagas Ofertadas<\/td><td>35+39 CR<\/td><\/tr><tr><td>Remunera&ccedil;&atilde;o<\/td><td>R$ 12.000,00<br>R$ 9.000,00<br>R$ 6.000,00<\/td><\/tr><tr><td>Carga Hor&aacute;ria Semanal&nbsp;&nbsp;<\/td><td>40 horas<br>20 horas<\/td><\/tr><tr><td>Composi&ccedil;&atilde;o do Processo Seletivo<\/td><td>Prova Objetiva<\/td><\/tr><tr><td>Taxa de Inscri&ccedil;&atilde;o<\/td><td>R$ 80,00<\/td><\/tr><tr><td>Per&iacute;odo de Inscri&ccedil;&atilde;o<\/td><td>01\/03\/2024 a 20\/03\/2024<\/td><\/tr><tr><td>Per&iacute;odo para solicitar a isen&ccedil;&atilde;o da taxa<\/td><td>01\/03\/2024 a 04\/03\/2024<\/td><\/tr><tr><td>&Uacute;ltimo dia para o pagamento da inscri&ccedil;&atilde;o<\/td><td>20\/03\/2024<\/td><\/tr><tr><td>Divulga&ccedil;&atilde;o do local de realiza&ccedil;&atilde;o da prova objetiva<\/td><td>16\/04\/2024<\/td><\/tr><tr><td>Prova Objetiva<\/td><td>21\/04\/2024<\/td><\/tr><tr><td>Divulga&ccedil;&atilde;o do Gabarito Preliminar<\/td><td>22\/04\/2024<\/td><\/tr><tr><td>Publica&ccedil;&atilde;o do gabarito final da prova objetiva<\/td><td>29\/04\/2024<\/td><\/tr><tr><td>Publica&ccedil;&atilde;o do resultado preliminar da prova objetiva<\/td><td>30\/04\/2024<\/td><\/tr><tr><td>Publica&ccedil;&atilde;o do resultado final da prova objetiva<\/td><td>06\/05\/2024<\/td><\/tr><tr><td>Publica&ccedil;&atilde;o do resultado preliminar do concurso p&uacute;blico<\/td><td>17\/05\/2024<\/td><\/tr><tr><td>Publica&ccedil;&atilde;o do resultado final do concurso p&uacute;blico<\/td><td>23\/05\/2024<\/td><\/tr><\/tbody><\/table><\/figure><h2 class=\"wp-block-heading\" id=\"h-inscricoes\"><span class=\"ez-toc-section\" id=\"Inscricoes\"><\/span>Inscri&ccedil;&otilde;es<span class=\"ez-toc-section-end\"><\/span><\/h2><p>As<strong> inscri&ccedil;&otilde;es iniciam no primeiro dia de mar&ccedil;o<\/strong> <strong>e seguem at&eacute; o dia 20<\/strong>. O candidato pode realizar a inscri&ccedil;&atilde;o por meio do site do<a href=\"https:\/\/sistemas.institutoverbena.ufg.br\/2024\/concurso-rio-branco-ed1\/\" target=\"_blank\"> Instituto Verbena<\/a>. O <strong>valor da taxa<\/strong> para n&iacute;vel superior &eacute;<strong> <\/strong>de <strong>R$ 80,00<\/strong>.<\/p><h2 class=\"wp-block-heading\" id=\"h-vagas\"><span class=\"ez-toc-section\" id=\"Vagas\"><\/span>Vagas<span class=\"ez-toc-section-end\"><\/span><\/h2><p>Neste edital, a SEMSA visa o preenchimento de <strong>74 vagas que ser&atilde;o distribu&iacute;das entre in&iacute;cio imediato e forma&ccedil;&atilde;o de cadastro reserva, <\/strong>conforme as especialidades descritas no quadro a seguir:<\/p><figure class=\"wp-block-table\"><table><tbody><tr><td>Especialidades<\/td><td>Vagas Ampla Concorr&ecirc;ncia<\/td><td>Vagas PcD<\/td><td>Cadastro Reserva<\/td><td>Carga Hor&aacute;ria<\/td><td>Remunera&ccedil;&atilde;o<\/td><\/tr><tr><td>Cl&iacute;nico Geral<\/td><td>13<\/td><td>2<\/td><td>15<\/td><td>40 horas<\/td><td>R$ 9.000,00<\/td><\/tr><tr><td>M&eacute;dico do Trabalho<\/td><td>1<\/td><td>0<\/td><td>3<\/td><td>20 horas<\/td><td>R$ 6.000,00<\/td><\/tr><tr><td>Medicina da Fam&iacute;lia e Comunidade<\/td><td>3<\/td><td>0<\/td><td>3<\/td><td>40 horas<\/td><td>R$ 12.000,00<\/td><\/tr><tr><td>Geriatra<\/td><td>1<\/td><td>0<\/td><td>3<\/td><td>20 horas<\/td><td>R$ 6.000,00<\/td><\/tr><tr><td>Ginecologista<\/td><td>4<\/td><td>1<\/td><td>5<\/td><td>20 horas<\/td><td>R$ 6.000,00<\/td><\/tr><tr><td>Pediatra<\/td><td>4<\/td><td>1<\/td><td>5<\/td><td>20 horas<\/td><td>R$ 6.000,00<\/td><\/tr><tr><td>Psiquiatra<\/td><td>4<\/td><td>1<\/td><td>5<\/td><td>20 horas<\/td><td>R$ 6.000,00<\/td><\/tr><\/tbody><\/table><\/figure><h2 class=\"wp-block-heading\" id=\"h-processo-seletivo\"><span class=\"ez-toc-section\" id=\"Processo-Seletivo\"><\/span>Processo Seletivo<span class=\"ez-toc-section-end\"><\/span><\/h2><p>O processo seletivo para esse edital conta com <strong>uma prova objetiva prevista para o dia 21 de abril de 2024. <\/strong>De car&aacute;ter classificat&oacute;rio\/eliminat&oacute;rio, ser&atilde;o <strong>60 quest&otilde;es<\/strong> de m&uacute;ltipla escolha, com <strong>quatro alternativas<\/strong>, sendo apenas uma &uacute;nica resposta correta.<\/p><p>As quest&otilde;es da prova objetiva est&atilde;o distribu&iacute;das da seguinte forma:<\/p><ul class=\"wp-block-list\">\n<li>10 quest&otilde;es de L&iacute;ngua Portuguesa;<\/li>\n\n\n\n<li>5 quest&otilde;es de Hist&oacute;ria e Geografia do Acre;<\/li>\n\n\n\n<li>5 quest&otilde;es de No&ccedil;&otilde;es de Inform&aacute;tica;<\/li>\n\n\n\n<li>5 quest&otilde;es de Legisla&ccedil;&atilde;o;<\/li>\n\n\n\n<li>10 quest&otilde;es de Sa&uacute;de P&uacute;blica; e<\/li>\n\n\n\n<li>25 quest&otilde;es de Conhecimentos Espec&iacute;ficos.<\/li>\n<\/ul><p>A prova objetiva ser&aacute; aplicada no munic&iacute;pio de Rio Branco e ter&aacute; 4 horas de dura&ccedil;&atilde;o. O candidato para ser aprovado\/classificado precisa obter no m&iacute;nimo 50 pontos do total de 100 pontos da prova objetiva.<\/p><p>Para mais informa&ccedil;&otilde;es sobre o <strong>concurso p&uacute;blico SEMSA 2024<\/strong> com vagas para outras &aacute;reas da sa&uacute;de,<a href=\"https:\/\/www.estrategiaconcursos.com.br\/blog\/concurso-semsa-rio-branco\/\" target=\"_blank\"> acesse aqui!<\/a><\/p><h2 class=\"wp-block-heading\" id=\"h-prepare-se-para-o-concurso-publico-de-semsa-2024-com-o-estrategia-med\"><span class=\"ez-toc-section\" id=\"Prepare-se-para-o-concurso-publico-de-SEMSA-2024-com-o-Estrategia-MED\"><\/span>Prepare-se para o concurso p&uacute;blico de SEMSA 2024 com o Estrat&eacute;gia MED!<span class=\"ez-toc-section-end\"><\/span><\/h2><p>Com o<a href=\"https:\/\/med.estrategia.com\/curso\/sprint-concursos-medicos\/\" target=\"_blank\"> Sprint Concursos M&eacute;dicos do Estrat&eacute;gia MED<\/a> voc&ecirc; ter&aacute; &agrave; disposi&ccedil;&atilde;o 1.500 quest&otilde;es com foco em concursos p&uacute;blicos com cargos m&eacute;dicos incluindo as disciplinas mais cobradas neste tipo de sele&ccedil;&atilde;o: Portugu&ecirc;s, Matem&aacute;tica, Inform&aacute;tica, Direito e claro, Medicina.<\/p><p>Conhe&ccedil;a tamb&eacute;m o nosso<a href=\"https:\/\/med.estrategia.com\/curso\/banco-de-questes-resumos-estrategicos-anual\/\" target=\"_blank\"> Banco de Quest&otilde;es<\/a>, que atualmente conta com mais de 195 mil quest&otilde;es cadastradas e n&atilde;o para de crescer. Vem ser coruja!<\/p><div class=\"wp-block-image\">\n<figure class=\"aligncenter size-full\"><img decoding=\"async\" width=\"1280\" height=\"622\" src=\"https:\/\/med.estrategia.com\/portal\/wp-content\/uploads\/2025\/08\/concursos_medicos.jpg\" alt=\"concursos_medicos\" class=\"wp-image-91529\" srcset=\"https:\/\/med.estrategia.com\/portal\/wp-content\/uploads\/2025\/08\/concursos_medicos.jpg 1280w, https:\/\/med.estrategia.com\/portal\/wp-content\/uploads\/2025\/08\/concursos_medicos-1024x498.jpg 1024w, https:\/\/med.estrategia.com\/portal\/wp-content\/uploads\/2025\/08\/concursos_medicos-768x373.jpg 768w, https:\/\/med.estrategia.com\/portal\/wp-content\/uploads\/2025\/08\/concursos_medicos-800x389.jpg 800w, https:\/\/med.estrategia.com\/portal\/wp-content\/uploads\/2025\/08\/concursos_medicos-1160x564.jpg 1160w\" sizes=\"(max-width: 1280px) 100vw, 1280px\" \/><\/figure><\/div><\/p>\n","protected":false},"excerpt":{"rendered":"Inscri\u00e7\u00f5es para o concurso iniciam em mar\u00e7o com vagas para \u00e1rea m\u00e9dica e sal\u00e1rio inicial de at\u00e9 R$ 12 mil\n","protected":false},"author":45,"featured_media":58767,"comment_status":"closed","ping_status":"closed","sticky":false,"template":"","format":"standard","meta":{"wl_entities_gutenberg":"","footnotes":""},"categories":[474],"tags":[],"wl_entity_type":[199],"class_list":{"0":"post-58779","1":"post","2":"type-post","3":"status-publish","4":"format-standard","5":"has-post-thumbnail","7":"category-concursos","8":"wl_entity_type-article"},"acf":[],"yoast_head":"<!-- This site is optimized with the Yoast SEO Premium plugin v26.6 (Yoast SEO v26.6) - https:\/\/yoast.com\/wordpress\/plugins\/seo\/ -->\n<title>SEMSA tem concurso p\u00fablico com 35 vagas na \u00e1rea m\u00e9dica<\/title>\n<meta name=\"description\" content=\"Inscri\u00e7\u00f5es para o concurso p\u00fablico SEMSA iniciam em mar\u00e7o com vagas para \u00e1rea m\u00e9dica e sal\u00e1rio inicial de at\u00e9 R$ 12 mil\" \/>\n<meta name=\"robots\" content=\"index, follow, max-snippet:-1, max-image-preview:large, max-video-preview:-1\" \/>\n<link rel=\"canonical\" href=\"https:\/\/med.estrategia.com\/portal\/concursos\/semsa-tem-concurso-publico-com-35-vagas-na-area-medica\/\" \/>\n<meta property=\"og:locale\" content=\"pt_BR\" \/>\n<meta property=\"og:type\" content=\"article\" \/>\n<meta property=\"og:title\" content=\"SEMSA tem concurso p\u00fablico com 35 vagas na \u00e1rea m\u00e9dica\" \/>\n<meta property=\"og:description\" content=\"Inscri\u00e7\u00f5es para o concurso p\u00fablico SEMSA iniciam em mar\u00e7o com vagas para \u00e1rea m\u00e9dica e sal\u00e1rio inicial de at\u00e9 R$ 12 mil\" \/>\n<meta property=\"og:url\" content=\"https:\/\/med.estrategia.com\/portal\/concursos\/semsa-tem-concurso-publico-com-35-vagas-na-area-medica\/\" \/>\n<meta property=\"og:site_name\" content=\"Estrat\u00e9gia MED\" \/>\n<meta property=\"article:publisher\" content=\"https:\/\/www.facebook.com\/estrategiamed1\" \/>\n<meta property=\"article:published_time\" content=\"2024-02-26T21:32:54+00:00\" \/>\n<meta property=\"article:modified_time\" content=\"2024-02-26T21:33:38+00:00\" \/>\n<meta property=\"og:image\" content=\"https:\/\/med.estrategia.com\/portal\/wp-content\/uploads\/2024\/02\/Capa_concurso_SEMSA_2024.jpg\" \/>\n\t<meta property=\"og:image:width\" content=\"1280\" \/>\n\t<meta property=\"og:image:height\" content=\"720\" \/>\n\t<meta property=\"og:image:type\" content=\"image\/jpeg\" \/>\n<meta name=\"author\" content=\"Priscila Pereira\" \/>\n<meta name=\"twitter:card\" content=\"summary_large_image\" \/>\n<meta name=\"twitter:creator\" content=\"@estrategiamed_\" \/>\n<meta name=\"twitter:site\" content=\"@estrategiamed_\" \/>\n<meta name=\"twitter:label1\" content=\"Escrito por\" \/>\n\t<meta name=\"twitter:data1\" content=\"Priscila Pereira\" \/>\n\t<meta name=\"twitter:label2\" content=\"Est. tempo de leitura\" \/>\n\t<meta name=\"twitter:data2\" content=\"3 minutos\" \/>\n<script type=\"application\/ld+json\" class=\"yoast-schema-graph\">{\"@context\":\"https:\/\/schema.org\",\"@graph\":[{\"@type\":\"WebPage\",\"@id\":\"https:\/\/med.estrategia.com\/portal\/concursos\/semsa-tem-concurso-publico-com-35-vagas-na-area-medica\/\",\"url\":\"https:\/\/med.estrategia.com\/portal\/concursos\/semsa-tem-concurso-publico-com-35-vagas-na-area-medica\/\",\"name\":\"SEMSA tem concurso p\u00fablico com 35 vagas na \u00e1rea m\u00e9dica\",\"isPartOf\":{\"@id\":\"https:\/\/med.estrategia.com\/portal\/#website\"},\"primaryImageOfPage\":{\"@id\":\"https:\/\/med.estrategia.com\/portal\/concursos\/semsa-tem-concurso-publico-com-35-vagas-na-area-medica\/#primaryimage\"},\"image\":{\"@id\":\"https:\/\/med.estrategia.com\/portal\/concursos\/semsa-tem-concurso-publico-com-35-vagas-na-area-medica\/#primaryimage\"},\"thumbnailUrl\":\"https:\/\/med.estrategia.com\/portal\/wp-content\/uploads\/2024\/02\/Capa_concurso_SEMSA_2024.jpg\",\"datePublished\":\"2024-02-26T21:32:54+00:00\",\"dateModified\":\"2024-02-26T21:33:38+00:00\",\"author\":{\"@id\":\"https:\/\/med.estrategia.com\/portal\/#\/schema\/person\/d1df06a83a849b79b2d480e7d8952ce3\"},\"description\":\"Inscri\u00e7\u00f5es para o concurso p\u00fablico SEMSA iniciam em mar\u00e7o com vagas para \u00e1rea m\u00e9dica e sal\u00e1rio inicial de at\u00e9 R$ 12 mil\",\"breadcrumb\":{\"@id\":\"https:\/\/med.estrategia.com\/portal\/concursos\/semsa-tem-concurso-publico-com-35-vagas-na-area-medica\/#breadcrumb\"},\"inLanguage\":\"pt-BR\",\"potentialAction\":[{\"@type\":\"ReadAction\",\"target\":[\"https:\/\/med.estrategia.com\/portal\/concursos\/semsa-tem-concurso-publico-com-35-vagas-na-area-medica\/\"]}]},{\"@type\":\"ImageObject\",\"inLanguage\":\"pt-BR\",\"@id\":\"https:\/\/med.estrategia.com\/portal\/concursos\/semsa-tem-concurso-publico-com-35-vagas-na-area-medica\/#primaryimage\",\"url\":\"https:\/\/med.estrategia.com\/portal\/wp-content\/uploads\/2024\/02\/Capa_concurso_SEMSA_2024.jpg\",\"contentUrl\":\"https:\/\/med.estrategia.com\/portal\/wp-content\/uploads\/2024\/02\/Capa_concurso_SEMSA_2024.jpg\",\"width\":1280,\"height\":720,\"caption\":\"Estrat\u00e9gia MED | SEMSA 2024\"},{\"@type\":\"BreadcrumbList\",\"@id\":\"https:\/\/med.estrategia.com\/portal\/concursos\/semsa-tem-concurso-publico-com-35-vagas-na-area-medica\/#breadcrumb\",\"itemListElement\":[{\"@type\":\"ListItem\",\"position\":1,\"name\":\"Home\",\"item\":\"https:\/\/med.estrategia.com\/portal\/\"},{\"@type\":\"ListItem\",\"position\":2,\"name\":\"Concursos M\u00e9dicos\",\"item\":\"https:\/\/med.estrategia.com\/portal\/concursos\/\"},{\"@type\":\"ListItem\",\"position\":3,\"name\":\"SEMSA tem concurso p\u00fablico com 35 vagas na \u00e1rea m\u00e9dica\"}]},{\"@type\":\"WebSite\",\"@id\":\"https:\/\/med.estrategia.com\/portal\/#website\",\"url\":\"https:\/\/med.estrategia.com\/portal\/\",\"name\":\"Estrat\u00e9gia MED\",\"description\":\"\",\"potentialAction\":[{\"@type\":\"SearchAction\",\"target\":{\"@type\":\"EntryPoint\",\"urlTemplate\":\"https:\/\/med.estrategia.com\/portal\/?s={search_term_string}\"},\"query-input\":{\"@type\":\"PropertyValueSpecification\",\"valueRequired\":true,\"valueName\":\"search_term_string\"}}],\"inLanguage\":\"pt-BR\"},{\"@type\":\"Person\",\"@id\":\"https:\/\/med.estrategia.com\/portal\/#\/schema\/person\/d1df06a83a849b79b2d480e7d8952ce3\",\"name\":\"Priscila Pereira\",\"image\":{\"@type\":\"ImageObject\",\"inLanguage\":\"pt-BR\",\"@id\":\"https:\/\/med.estrategia.com\/portal\/#\/schema\/person\/image\/\",\"url\":\"https:\/\/secure.gravatar.com\/avatar\/fe94f8430a1d23a69c0bc7aab6202e21?s=96&d=mm&r=g\",\"contentUrl\":\"https:\/\/secure.gravatar.com\/avatar\/fe94f8430a1d23a69c0bc7aab6202e21?s=96&d=mm&r=g\",\"caption\":\"Priscila Pereira\"},\"description\":\"Formada e p\u00f3s-graduada na \u00e1rea de comunica\u00e7\u00e3o, divido minha paix\u00e3o entre o jornalismo e os esportes\",\"url\":\"https:\/\/med.estrategia.com\/portal\/author\/priscila-pereira\/\"}]}<\/script>\n<!-- \/ Yoast SEO Premium plugin. -->","yoast_head_json":{"title":"SEMSA tem concurso p\u00fablico com 35 vagas na \u00e1rea m\u00e9dica","description":"Inscri\u00e7\u00f5es para o concurso p\u00fablico SEMSA iniciam em mar\u00e7o com vagas para \u00e1rea m\u00e9dica e sal\u00e1rio inicial de at\u00e9 R$ 12 mil","robots":{"index":"index","follow":"follow","max-snippet":"max-snippet:-1","max-image-preview":"max-image-preview:large","max-video-preview":"max-video-preview:-1"},"canonical":"https:\/\/med.estrategia.com\/portal\/concursos\/semsa-tem-concurso-publico-com-35-vagas-na-area-medica\/","og_locale":"pt_BR","og_type":"article","og_title":"SEMSA tem concurso p\u00fablico com 35 vagas na \u00e1rea m\u00e9dica","og_description":"Inscri\u00e7\u00f5es para o concurso p\u00fablico SEMSA iniciam em mar\u00e7o com vagas para \u00e1rea m\u00e9dica e sal\u00e1rio inicial de at\u00e9 R$ 12 mil","og_url":"https:\/\/med.estrategia.com\/portal\/concursos\/semsa-tem-concurso-publico-com-35-vagas-na-area-medica\/","og_site_name":"Estrat\u00e9gia MED","article_publisher":"https:\/\/www.facebook.com\/estrategiamed1","article_published_time":"2024-02-26T21:32:54+00:00","article_modified_time":"2024-02-26T21:33:38+00:00","og_image":[{"width":1280,"height":720,"url":"https:\/\/med.estrategia.com\/portal\/wp-content\/uploads\/2024\/02\/Capa_concurso_SEMSA_2024.jpg","type":"image\/jpeg"}],"author":"Priscila Pereira","twitter_card":"summary_large_image","twitter_creator":"@estrategiamed_","twitter_site":"@estrategiamed_","twitter_misc":{"Escrito por":"Priscila Pereira","Est. tempo de leitura":"3 minutos"},"schema":{"@context":"https:\/\/schema.org","@graph":[{"@type":"WebPage","@id":"https:\/\/med.estrategia.com\/portal\/concursos\/semsa-tem-concurso-publico-com-35-vagas-na-area-medica\/","url":"https:\/\/med.estrategia.com\/portal\/concursos\/semsa-tem-concurso-publico-com-35-vagas-na-area-medica\/","name":"SEMSA tem concurso p\u00fablico com 35 vagas na \u00e1rea m\u00e9dica","isPartOf":{"@id":"https:\/\/med.estrategia.com\/portal\/#website"},"primaryImageOfPage":{"@id":"https:\/\/med.estrategia.com\/portal\/concursos\/semsa-tem-concurso-publico-com-35-vagas-na-area-medica\/#primaryimage"},"image":{"@id":"https:\/\/med.estrategia.com\/portal\/concursos\/semsa-tem-concurso-publico-com-35-vagas-na-area-medica\/#primaryimage"},"thumbnailUrl":"https:\/\/med.estrategia.com\/portal\/wp-content\/uploads\/2024\/02\/Capa_concurso_SEMSA_2024.jpg","datePublished":"2024-02-26T21:32:54+00:00","dateModified":"2024-02-26T21:33:38+00:00","author":{"@id":"https:\/\/med.estrategia.com\/portal\/#\/schema\/person\/d1df06a83a849b79b2d480e7d8952ce3"},"description":"Inscri\u00e7\u00f5es para o concurso p\u00fablico SEMSA iniciam em mar\u00e7o com vagas para \u00e1rea m\u00e9dica e sal\u00e1rio inicial de at\u00e9 R$ 12 mil","breadcrumb":{"@id":"https:\/\/med.estrategia.com\/portal\/concursos\/semsa-tem-concurso-publico-com-35-vagas-na-area-medica\/#breadcrumb"},"inLanguage":"pt-BR","potentialAction":[{"@type":"ReadAction","target":["https:\/\/med.estrategia.com\/portal\/concursos\/semsa-tem-concurso-publico-com-35-vagas-na-area-medica\/"]}]},{"@type":"ImageObject","inLanguage":"pt-BR","@id":"https:\/\/med.estrategia.com\/portal\/concursos\/semsa-tem-concurso-publico-com-35-vagas-na-area-medica\/#primaryimage","url":"https:\/\/med.estrategia.com\/portal\/wp-content\/uploads\/2024\/02\/Capa_concurso_SEMSA_2024.jpg","contentUrl":"https:\/\/med.estrategia.com\/portal\/wp-content\/uploads\/2024\/02\/Capa_concurso_SEMSA_2024.jpg","width":1280,"height":720,"caption":"Estrat\u00e9gia MED | SEMSA 2024"},{"@type":"BreadcrumbList","@id":"https:\/\/med.estrategia.com\/portal\/concursos\/semsa-tem-concurso-publico-com-35-vagas-na-area-medica\/#breadcrumb","itemListElement":[{"@type":"ListItem","position":1,"name":"Home","item":"https:\/\/med.estrategia.com\/portal\/"},{"@type":"ListItem","position":2,"name":"Concursos M\u00e9dicos","item":"https:\/\/med.estrategia.com\/portal\/concursos\/"},{"@type":"ListItem","position":3,"name":"SEMSA tem concurso p\u00fablico com 35 vagas na \u00e1rea m\u00e9dica"}]},{"@type":"WebSite","@id":"https:\/\/med.estrategia.com\/portal\/#website","url":"https:\/\/med.estrategia.com\/portal\/","name":"Estrat\u00e9gia MED","description":"","potentialAction":[{"@type":"SearchAction","target":{"@type":"EntryPoint","urlTemplate":"https:\/\/med.estrategia.com\/portal\/?s={search_term_string}"},"query-input":{"@type":"PropertyValueSpecification","valueRequired":true,"valueName":"search_term_string"}}],"inLanguage":"pt-BR"},{"@type":"Person","@id":"https:\/\/med.estrategia.com\/portal\/#\/schema\/person\/d1df06a83a849b79b2d480e7d8952ce3","name":"Priscila Pereira","image":{"@type":"ImageObject","inLanguage":"pt-BR","@id":"https:\/\/med.estrategia.com\/portal\/#\/schema\/person\/image\/","url":"https:\/\/secure.gravatar.com\/avatar\/fe94f8430a1d23a69c0bc7aab6202e21?s=96&d=mm&r=g","contentUrl":"https:\/\/secure.gravatar.com\/avatar\/fe94f8430a1d23a69c0bc7aab6202e21?s=96&d=mm&r=g","caption":"Priscila Pereira"},"description":"Formada e p\u00f3s-graduada na \u00e1rea de comunica\u00e7\u00e3o, divido minha paix\u00e3o entre o jornalismo e os esportes","url":"https:\/\/med.estrategia.com\/portal\/author\/priscila-pereira\/"}]}},"_wl_alt_label":[],"wl:entity_url":"\/post\/semsa-tem-concurso-publico-com-35-vagas-na-area-medica","_links":{"self":[{"href":"https:\/\/med.estrategia.com\/portal\/wp-json\/wp\/v2\/posts\/58779","targetHints":{"allow":["GET"]}}],"collection":[{"href":"https:\/\/med.estrategia.com\/portal\/wp-json\/wp\/v2\/posts"}],"about":[{"href":"https:\/\/med.estrategia.com\/portal\/wp-json\/wp\/v2\/types\/post"}],"author":[{"embeddable":true,"href":"https:\/\/med.estrategia.com\/portal\/wp-json\/wp\/v2\/users\/45"}],"replies":[{"embeddable":true,"href":"https:\/\/med.estrategia.com\/portal\/wp-json\/wp\/v2\/comments?post=58779"}],"version-history":[{"count":9,"href":"https:\/\/med.estrategia.com\/portal\/wp-json\/wp\/v2\/posts\/58779\/revisions"}],"predecessor-version":[{"id":58792,"href":"https:\/\/med.estrategia.com\/portal\/wp-json\/wp\/v2\/posts\/58779\/revisions\/58792"}],"wp:featuredmedia":[{"embeddable":true,"href":"https:\/\/med.estrategia.com\/portal\/wp-json\/wp\/v2\/media\/58767"}],"wp:attachment":[{"href":"https:\/\/med.estrategia.com\/portal\/wp-json\/wp\/v2\/media?parent=58779"}],"wp:term":[{"taxonomy":"category","embeddable":true,"href":"https:\/\/med.estrategia.com\/portal\/wp-json\/wp\/v2\/categories?post=58779"},{"taxonomy":"post_tag","embeddable":true,"href":"https:\/\/med.estrategia.com\/portal\/wp-json\/wp\/v2\/tags?post=58779"},{"taxonomy":"wl_entity_type","embeddable":true,"href":"https:\/\/med.estrategia.com\/portal\/wp-json\/wp\/v2\/wl_entity_type?post=58779"}],"curies":[{"name":"wp","href":"https:\/\/api.w.org\/{rel}","templated":true}]}}