{"id":59142,"date":"2024-03-14T08:40:20","date_gmt":"2024-03-14T11:40:20","guid":{"rendered":"https:\/\/med.estrategia.com\/portal\/?p=59142"},"modified":"2024-03-14T08:46:15","modified_gmt":"2024-03-14T11:46:15","slug":"uel-divulga-resultado-final-do-seletivo-de-residencia-medica-2024-para-vagas-remanescentes","status":"publish","type":"post","link":"https:\/\/med.estrategia.com\/portal\/noticias\/uel-divulga-resultado-final-do-seletivo-de-residencia-medica-2024-para-vagas-remanescentes\/","title":{"rendered":"UEL divulga resultado final do seletivo de resid\u00eancia m\u00e9dica 2024 para vagas remanescentes"},"content":{"rendered":"<p>A <strong>Universidade Estadual de Londrina (UEL)<\/strong> divulgou nesta quinta-feira (14) o <strong>resultado final<\/strong> do processo seletivo para <strong>vagas remanescentes<\/strong> que prev&ecirc; o ingresso nos programas de resid&ecirc;ncia m&eacute;dica ofertados na institui&ccedil;&atilde;o em 2024. O documento traz a rela&ccedil;&atilde;o completa de convocados para matr&iacute;cula, suplentes e eliminados no processo. Confira o documento oficial:<div class=\"wp-block-buttons is-content-justification-center is-layout-flex wp-container-core-buttons-is-layout-1 wp-block-buttons-is-layout-flex\">\n<div class=\"wp-block-button\"><a class=\"wp-block-button__link wp-element-button\" href=\"https:\/\/med.estrategia.com\/portal\/wp-content\/uploads\/2024\/03\/HOMOLOGACAO-DO-RESULTADO-FINAL-DEFINITIVO.pdf\" target=\"_blank\">resultado final &ndash; uel vagas remanescentes 2024<\/a><\/div>\n\n\n\n<div class=\"wp-block-button\"><a class=\"wp-block-button__link wp-element-button\" href=\"https:\/\/med.estrategia.com\/portal\/wp-content\/uploads\/2024\/03\/EDITAL-019-2024.pdf\" target=\"_blank\">convoca&ccedil;&atilde;o para matr&iacute;culas<\/a><\/div>\n<\/div><p>A <strong>convoca&ccedil;&atilde;o<\/strong> para as matr&iacute;culas acontece <strong>hoje<\/strong>, e os <strong>programas de resid&ecirc;ncia m&eacute;dica<\/strong> est&atilde;o previstos para iniciarem amanh&atilde;, dia <strong>15 de mar&ccedil;o de 2024<\/strong>. A classifica&ccedil;&atilde;o final dos candidatos obedecer&aacute; a seguinte f&oacute;rmula:<\/p><p class=\"has-text-align-center\"><strong>PF = (PO x 9) + (PT x 1,0) \/ 10<\/strong><\/p><p>Em que:<\/p><p>PF = pontua&ccedil;&atilde;o final<\/p><p>PO = pontua&ccedil;&atilde;o obtida na Prova Objetiva<\/p><p>PT = pontua&ccedil;&atilde;o obtida na Prova de An&aacute;lise de Curriculum<\/p><p>Em caso de <strong>empate<\/strong>, a banca utiliza os seguintes crit&eacute;rios:<\/p><ul class=\"wp-block-list\">\n<li>Maior pontua&ccedil;&atilde;o na Prova Objetiva;<\/li>\n\n\n\n<li>Maior pontua&ccedil;&atilde;o na An&aacute;lise Curricular; ou<\/li>\n\n\n\n<li>Maior idade.<\/li>\n<\/ul><p>Os candidatos que <strong>excederem o n&uacute;mero de vagas dispon&iacute;veis<\/strong> ser&atilde;o inclu&iacute;dos na <strong>Lista de Suplentes<\/strong>, organizada por especialidade ou &aacute;rea, conforme aplic&aacute;vel. Eles poder&atilde;o ser convocados caso haja <strong>desist&ecirc;ncia<\/strong> ou <strong>cancelamento de matr&iacute;cula<\/strong>.<\/p><p>Quer ser o primeiro a receber informa&ccedil;&otilde;es sobre os editais 2024? Ent&atilde;o <a href=\"https:\/\/news.google.com\/search?q=estrat%C3%A9gia%20med&amp;hl=pt-BR&amp;gl=BR&amp;ceid=BR%3Apt-419\" target=\"_blank\">siga o Portal do Estrat&eacute;gia MED no Google News,<\/a> clicando na estrela do lado direito. Al&eacute;m disso, n&atilde;o deixe de assinar a nossa Newsletter para receber essas atualiza&ccedil;&otilde;es diretamente no seu e-mail:<\/p><p>\n\n\n<div id=\"new-form\">\n\t<form id=\"forms_layout\">\n\t<input type=\"hidden\" id=\"chave_de\" name=\"chave_de\" value=\"01_EMED_LEADS_TOTAIS\" \/>\n\t\t<input type=\"hidden\" id=\"mid\" name=\"mid\" value=\"515009018\" \/>\n\t\t<input type=\"hidden\" id=\"Objetivo\" name=\"Objetivo\" value=\"Medicina\" \/>\n\t\t<input type=\"hidden\" id=\"Estado_de_Origem_do_IP\" name=\"Estado_de_Origem_do_IP\"  value=\"\" \/>\n\t\t<input type=\"hidden\" id=\"Cidade_de_Origem_do_IP\" name=\"Cidade_de_Origem_do_IP\" value=\"\" \/>\n\t\t<input type=\"hidden\" id=\"Modo_de_entrada\" name=\"Modo_de_entrada\" value=\"Portal\" \/>\n\t\t<input type=\"hidden\" id=\"Pagina_Origem\" name=\"Pagina_Origem\" value=\"\" \/>\n\n\t\t<div class=\"texto\">\n\t\t\t<h3 class=\"news\">Inscreva-se em nossa newsletter!<\/h3>\n\t\t\t<p>Receba not\u00edcias sobre resid\u00eancia m\u00e9dica, revalida\u00e7\u00e3o de diplomas e concursos m\u00e9dicos, al\u00e9m de materiais de estudo gratuitos e informa\u00e7\u00f5es relevantes do mundo da Medicina.<\/p>\n\t\t<\/div>\n\t\t<div class=\"campos\">\n\t\t\t<div class=\"first_name labels\">\n\t\t\t\t<input type=\"text\" class=\"input_labels\" id=\"first_name\" name=\"Nome_Completo\" placeholder=\"Nome\" required \/>\n\t\t\t<\/div>\n\t\t\t<div class=\"email labels\">\n\t\t\t\t<input type=\"email\" class=\"input_labels\" id=\"email\" name=\"Email\" placeholder=\"E-mail\" required \/>\n\t\t\t<\/div>\n\t\t\t<button type=\"submit\" class=\"button_layout\">\n\t\t\t\t<div id=\"lblBotao\">Inscreva-se<\/div>\n\t\t\t\t<span id=\"divSpiner\" class=\"loader\" role=\"status\" style=\"display: none;\"><\/span>\t\n\t\t\t<\/button>\n\t\t<\/div><!-- \/campos -->\n\t\t\n\t\t<label class=\"container_checkbox\">Voc\u00ea concorda com a nossa\n\t\t\t<a class=\"politics_privacy_ahref\" target=\"_blank\" href=\"https:\/\/gratis.estrategiaconcursos.com.br\/politica-de-privacidade\/\">Pol\u00edtica de Privacidade<\/a> e aceita receber informa\u00e7\u00f5es adicionais do Estrat\u00e9gia Educacional.\n\t\t\t<input id=\"checkbox_layout\" type=\"checkbox\" checked=\"checked\" required \/>\n\t\t\t<span class=\"checkbox\"><\/span>\n\t\t<\/label>\n\t\t<div id=\"msg\"><\/div>\n\t\t<div id=\"error\" class=\"error\">\n\t\t<\/div>\n\t<\/form>\n<\/div><!-- \/new-form -->\n\n\n\n<\/p><h2 class=\"wp-block-heading\" id=\"h-cronograma-uel-vagas-remanescentes-2024\">Cronograma UEL Vagas Remanescentes 2024<\/h2><figure class=\"wp-block-table\"><table><tbody><tr><td><strong>Vagas Ofertadas<\/strong><\/td><td class=\"has-text-align-center\" data-align=\"center\">7 vagas AD&nbsp;<strong>+&nbsp;<\/strong>2 vagas PR + 3 AA<\/td><\/tr><tr><td><strong>Composi&ccedil;&atilde;o do Processo Seletivo<\/strong><\/td><td class=\"has-text-align-center\" data-align=\"center\">1&ordf; Etapa: Prova Objetiva (Peso 90) + 2&ordf; Etapa: Avalia&ccedil;&atilde;o Curricular (Peso 10)<\/td><\/tr><tr><td><strong>Taxa de Inscri&ccedil;&atilde;o<\/strong><\/td><td class=\"has-text-align-center\" data-align=\"center\">R$ 692,00<\/td><\/tr><tr><td><strong>Per&iacute;odo de Inscri&ccedil;&otilde;es<\/strong><\/td><td class=\"has-text-align-center\" data-align=\"center\">29\/02 a 09\/03\/2024<\/td><\/tr><tr><td><strong>Prova Objetiva<\/strong><\/td><td class=\"has-text-align-center\" data-align=\"center\">11\/03\/2024<\/td><\/tr><tr><td><strong>Divulga&ccedil;&atilde;o do Gabarito e resultado preliminar da prova e do gabarito<\/strong><\/td><td class=\"has-text-align-center\" data-align=\"center\">11\/03\/2024<\/td><\/tr><tr><td><strong>Resultado Final<\/strong><\/td><td class=\"has-text-align-center\" data-align=\"center\">14\/03\/2024<\/td><\/tr><tr><td><strong>Convoca&ccedil;&atilde;o para Matr&iacute;cula<\/strong><\/td><td class=\"has-text-align-center\" data-align=\"center\">14\/03\/2024<\/td><\/tr><tr><td><strong>In&iacute;cio<\/strong><\/td><td class=\"has-text-align-center\" data-align=\"center\">15\/03\/2024<\/td><\/tr><\/tbody><\/table><\/figure><p>Quer mais detalhes sobre o processo seletivo para ingresso nos programas de resid&ecirc;ncia m&eacute;dica da UEL? Ent&atilde;o clique no bot&atilde;o abaixo para ter acesso ao material que preparamos com informa&ccedil;&otilde;es sobre as etapas da sele&ccedil;&atilde;o, distribui&ccedil;&atilde;o de vagas e mais!<\/p><div class=\"wp-block-buttons is-content-justification-center is-layout-flex wp-container-core-buttons-is-layout-2 wp-block-buttons-is-layout-flex\">\n<div class=\"wp-block-button\"><a class=\"wp-block-button__link wp-element-button\" href=\"https:\/\/med.estrategia.com\/portal\/residencia-medica\/uel-residencia-medica\/\" target=\"_blank\">Saiba mais sobre a UEL<\/a><\/div>\n<\/div><p>Por fim, para n&atilde;o perder nenhuma atualiza&ccedil;&atilde;o no universo da medicina e ficar por dentro dos seletivos de Resid&ecirc;ncia M&eacute;dica, de revalida&ccedil;&atilde;o de diplomas e conte&uacute;dos t&eacute;cnicos, continue acessando o <a href=\"https:\/\/med.estrategia.com\/portal\/\" target=\"_blank\">Portal do Estrat&eacute;gia MED<\/a>!<\/p><p>\n\n\n\n\n\n\n<\/p><\/p>\n","protected":false},"excerpt":{"rendered":"A convoca\u00e7\u00e3o para as matr\u00edculas acontece hoje, 14 de mar\u00e7o de 2024\n","protected":false},"author":52,"featured_media":41839,"comment_status":"closed","ping_status":"closed","sticky":false,"template":"","format":"standard","meta":{"wl_entities_gutenberg":"","footnotes":""},"categories":[300],"tags":[389,502],"wl_entity_type":[199],"class_list":{"0":"post-59142","1":"post","2":"type-post","3":"status-publish","4":"format-standard","5":"has-post-thumbnail","7":"category-noticias","8":"tag-uel","9":"tag-uel-2024","10":"wl_entity_type-article"},"acf":[],"yoast_head":"<!-- This site is optimized with the Yoast SEO Premium plugin v26.6 (Yoast SEO v26.6) - https:\/\/yoast.com\/wordpress\/plugins\/seo\/ -->\n<title>UEL divulga resultado final do seletivo de resid\u00eancia m\u00e9dica 2024 para vagas remanescentes<\/title>\n<meta name=\"description\" content=\"A Universidade Estadual de Londrina (UEL) divulgou nesta quinta-feira (14) o resultado final do processo seletivo para vagas remanescentes que prev\u00ea o ingresso nos programas de resid\u00eancia m\u00e9dica ofertados na institui\u00e7\u00e3o em 2024.\" \/>\n<meta name=\"robots\" content=\"index, follow, max-snippet:-1, max-image-preview:large, max-video-preview:-1\" \/>\n<link rel=\"canonical\" href=\"https:\/\/med.estrategia.com\/portal\/noticias\/uel-divulga-resultado-final-do-seletivo-de-residencia-medica-2024-para-vagas-remanescentes\/\" \/>\n<meta property=\"og:locale\" content=\"pt_BR\" \/>\n<meta property=\"og:type\" content=\"article\" \/>\n<meta property=\"og:title\" content=\"UEL divulga resultado final do seletivo de resid\u00eancia m\u00e9dica 2024 para vagas remanescentes\" \/>\n<meta property=\"og:description\" content=\"A Universidade Estadual de Londrina (UEL) divulgou nesta quinta-feira (14) o resultado final do processo seletivo para vagas remanescentes que prev\u00ea o ingresso nos programas de resid\u00eancia m\u00e9dica ofertados na institui\u00e7\u00e3o em 2024.\" \/>\n<meta property=\"og:url\" content=\"https:\/\/med.estrategia.com\/portal\/noticias\/uel-divulga-resultado-final-do-seletivo-de-residencia-medica-2024-para-vagas-remanescentes\/\" \/>\n<meta property=\"og:site_name\" content=\"Estrat\u00e9gia MED\" \/>\n<meta property=\"article:publisher\" content=\"https:\/\/www.facebook.com\/estrategiamed1\" \/>\n<meta property=\"article:published_time\" content=\"2024-03-14T11:40:20+00:00\" \/>\n<meta property=\"article:modified_time\" content=\"2024-03-14T11:46:15+00:00\" \/>\n<meta property=\"og:image\" content=\"https:\/\/med.estrategia.com\/portal\/wp-content\/uploads\/2023\/06\/UEL_resultado-final.jpg\" \/>\n\t<meta property=\"og:image:width\" content=\"1920\" \/>\n\t<meta property=\"og:image:height\" content=\"1080\" \/>\n\t<meta property=\"og:image:type\" content=\"image\/jpeg\" \/>\n<meta name=\"author\" content=\"Arion Wolff\" \/>\n<meta name=\"twitter:card\" content=\"summary_large_image\" \/>\n<meta name=\"twitter:creator\" content=\"@estrategiamed_\" \/>\n<meta name=\"twitter:site\" content=\"@estrategiamed_\" \/>\n<meta name=\"twitter:label1\" content=\"Escrito por\" \/>\n\t<meta name=\"twitter:data1\" content=\"Arion Wolff\" \/>\n\t<meta name=\"twitter:label2\" content=\"Est. tempo de leitura\" \/>\n\t<meta name=\"twitter:data2\" content=\"2 minutos\" \/>\n<script type=\"application\/ld+json\" class=\"yoast-schema-graph\">{\"@context\":\"https:\/\/schema.org\",\"@graph\":[{\"@type\":\"WebPage\",\"@id\":\"https:\/\/med.estrategia.com\/portal\/noticias\/uel-divulga-resultado-final-do-seletivo-de-residencia-medica-2024-para-vagas-remanescentes\/\",\"url\":\"https:\/\/med.estrategia.com\/portal\/noticias\/uel-divulga-resultado-final-do-seletivo-de-residencia-medica-2024-para-vagas-remanescentes\/\",\"name\":\"UEL divulga resultado final do seletivo de resid\u00eancia m\u00e9dica 2024 para vagas remanescentes\",\"isPartOf\":{\"@id\":\"https:\/\/med.estrategia.com\/portal\/#website\"},\"primaryImageOfPage\":{\"@id\":\"https:\/\/med.estrategia.com\/portal\/noticias\/uel-divulga-resultado-final-do-seletivo-de-residencia-medica-2024-para-vagas-remanescentes\/#primaryimage\"},\"image\":{\"@id\":\"https:\/\/med.estrategia.com\/portal\/noticias\/uel-divulga-resultado-final-do-seletivo-de-residencia-medica-2024-para-vagas-remanescentes\/#primaryimage\"},\"thumbnailUrl\":\"https:\/\/med.estrategia.com\/portal\/wp-content\/uploads\/2023\/06\/UEL_resultado-final.jpg\",\"datePublished\":\"2024-03-14T11:40:20+00:00\",\"dateModified\":\"2024-03-14T11:46:15+00:00\",\"author\":{\"@id\":\"https:\/\/med.estrategia.com\/portal\/#\/schema\/person\/b6aba49604868a427dd15c3b1fc6a8bc\"},\"description\":\"A Universidade Estadual de Londrina (UEL) divulgou nesta quinta-feira (14) o resultado final do processo seletivo para vagas remanescentes que prev\u00ea o ingresso nos programas de resid\u00eancia m\u00e9dica ofertados na institui\u00e7\u00e3o em 2024.\",\"breadcrumb\":{\"@id\":\"https:\/\/med.estrategia.com\/portal\/noticias\/uel-divulga-resultado-final-do-seletivo-de-residencia-medica-2024-para-vagas-remanescentes\/#breadcrumb\"},\"inLanguage\":\"pt-BR\",\"potentialAction\":[{\"@type\":\"ReadAction\",\"target\":[\"https:\/\/med.estrategia.com\/portal\/noticias\/uel-divulga-resultado-final-do-seletivo-de-residencia-medica-2024-para-vagas-remanescentes\/\"]}]},{\"@type\":\"ImageObject\",\"inLanguage\":\"pt-BR\",\"@id\":\"https:\/\/med.estrategia.com\/portal\/noticias\/uel-divulga-resultado-final-do-seletivo-de-residencia-medica-2024-para-vagas-remanescentes\/#primaryimage\",\"url\":\"https:\/\/med.estrategia.com\/portal\/wp-content\/uploads\/2023\/06\/UEL_resultado-final.jpg\",\"contentUrl\":\"https:\/\/med.estrategia.com\/portal\/wp-content\/uploads\/2023\/06\/UEL_resultado-final.jpg\",\"width\":1920,\"height\":1080,\"caption\":\"Estrat\u00e9gia MED | Foto: UEL\"},{\"@type\":\"BreadcrumbList\",\"@id\":\"https:\/\/med.estrategia.com\/portal\/noticias\/uel-divulga-resultado-final-do-seletivo-de-residencia-medica-2024-para-vagas-remanescentes\/#breadcrumb\",\"itemListElement\":[{\"@type\":\"ListItem\",\"position\":1,\"name\":\"Home\",\"item\":\"https:\/\/med.estrategia.com\/portal\/\"},{\"@type\":\"ListItem\",\"position\":2,\"name\":\"Not\u00edcias\",\"item\":\"https:\/\/med.estrategia.com\/portal\/noticias\/\"},{\"@type\":\"ListItem\",\"position\":3,\"name\":\"UEL divulga resultado final do seletivo de resid\u00eancia m\u00e9dica 2024 para vagas remanescentes\"}]},{\"@type\":\"WebSite\",\"@id\":\"https:\/\/med.estrategia.com\/portal\/#website\",\"url\":\"https:\/\/med.estrategia.com\/portal\/\",\"name\":\"Estrat\u00e9gia MED\",\"description\":\"\",\"potentialAction\":[{\"@type\":\"SearchAction\",\"target\":{\"@type\":\"EntryPoint\",\"urlTemplate\":\"https:\/\/med.estrategia.com\/portal\/?s={search_term_string}\"},\"query-input\":{\"@type\":\"PropertyValueSpecification\",\"valueRequired\":true,\"valueName\":\"search_term_string\"}}],\"inLanguage\":\"pt-BR\"},{\"@type\":\"Person\",\"@id\":\"https:\/\/med.estrategia.com\/portal\/#\/schema\/person\/b6aba49604868a427dd15c3b1fc6a8bc\",\"name\":\"Arion Wolff\",\"image\":{\"@type\":\"ImageObject\",\"inLanguage\":\"pt-BR\",\"@id\":\"https:\/\/med.estrategia.com\/portal\/#\/schema\/person\/image\/\",\"url\":\"https:\/\/med.estrategia.com\/portal\/wp-content\/uploads\/2023\/12\/arion-wolff-estrategia-med-150x150.jpg\",\"contentUrl\":\"https:\/\/med.estrategia.com\/portal\/wp-content\/uploads\/2023\/12\/arion-wolff-estrategia-med-150x150.jpg\",\"caption\":\"Arion Wolff\"},\"description\":\"Jornalista formado pela UNIFATEC e p\u00f3s-graduado em Jornalismo Digital pela UNINTER. Escrevo sobre medicina, resid\u00eancia m\u00e9dica e sa\u00fade. Entusiasta de filmes, livros, bons dramas e romances gen\u00e9ricos.\",\"sameAs\":[\"http:\/\/med.estrategia.com\"],\"url\":\"https:\/\/med.estrategia.com\/portal\/author\/arion-santos\/\"}]}<\/script>\n<!-- \/ Yoast SEO Premium plugin. -->","yoast_head_json":{"title":"UEL divulga resultado final do seletivo de resid\u00eancia m\u00e9dica 2024 para vagas remanescentes","description":"A Universidade Estadual de Londrina (UEL) divulgou nesta quinta-feira (14) o resultado final do processo seletivo para vagas remanescentes que prev\u00ea o ingresso nos programas de resid\u00eancia m\u00e9dica ofertados na institui\u00e7\u00e3o em 2024.","robots":{"index":"index","follow":"follow","max-snippet":"max-snippet:-1","max-image-preview":"max-image-preview:large","max-video-preview":"max-video-preview:-1"},"canonical":"https:\/\/med.estrategia.com\/portal\/noticias\/uel-divulga-resultado-final-do-seletivo-de-residencia-medica-2024-para-vagas-remanescentes\/","og_locale":"pt_BR","og_type":"article","og_title":"UEL divulga resultado final do seletivo de resid\u00eancia m\u00e9dica 2024 para vagas remanescentes","og_description":"A Universidade Estadual de Londrina (UEL) divulgou nesta quinta-feira (14) o resultado final do processo seletivo para vagas remanescentes que prev\u00ea o ingresso nos programas de resid\u00eancia m\u00e9dica ofertados na institui\u00e7\u00e3o em 2024.","og_url":"https:\/\/med.estrategia.com\/portal\/noticias\/uel-divulga-resultado-final-do-seletivo-de-residencia-medica-2024-para-vagas-remanescentes\/","og_site_name":"Estrat\u00e9gia MED","article_publisher":"https:\/\/www.facebook.com\/estrategiamed1","article_published_time":"2024-03-14T11:40:20+00:00","article_modified_time":"2024-03-14T11:46:15+00:00","og_image":[{"width":1920,"height":1080,"url":"https:\/\/med.estrategia.com\/portal\/wp-content\/uploads\/2023\/06\/UEL_resultado-final.jpg","type":"image\/jpeg"}],"author":"Arion Wolff","twitter_card":"summary_large_image","twitter_creator":"@estrategiamed_","twitter_site":"@estrategiamed_","twitter_misc":{"Escrito por":"Arion Wolff","Est. tempo de leitura":"2 minutos"},"schema":{"@context":"https:\/\/schema.org","@graph":[{"@type":"WebPage","@id":"https:\/\/med.estrategia.com\/portal\/noticias\/uel-divulga-resultado-final-do-seletivo-de-residencia-medica-2024-para-vagas-remanescentes\/","url":"https:\/\/med.estrategia.com\/portal\/noticias\/uel-divulga-resultado-final-do-seletivo-de-residencia-medica-2024-para-vagas-remanescentes\/","name":"UEL divulga resultado final do seletivo de resid\u00eancia m\u00e9dica 2024 para vagas remanescentes","isPartOf":{"@id":"https:\/\/med.estrategia.com\/portal\/#website"},"primaryImageOfPage":{"@id":"https:\/\/med.estrategia.com\/portal\/noticias\/uel-divulga-resultado-final-do-seletivo-de-residencia-medica-2024-para-vagas-remanescentes\/#primaryimage"},"image":{"@id":"https:\/\/med.estrategia.com\/portal\/noticias\/uel-divulga-resultado-final-do-seletivo-de-residencia-medica-2024-para-vagas-remanescentes\/#primaryimage"},"thumbnailUrl":"https:\/\/med.estrategia.com\/portal\/wp-content\/uploads\/2023\/06\/UEL_resultado-final.jpg","datePublished":"2024-03-14T11:40:20+00:00","dateModified":"2024-03-14T11:46:15+00:00","author":{"@id":"https:\/\/med.estrategia.com\/portal\/#\/schema\/person\/b6aba49604868a427dd15c3b1fc6a8bc"},"description":"A Universidade Estadual de Londrina (UEL) divulgou nesta quinta-feira (14) o resultado final do processo seletivo para vagas remanescentes que prev\u00ea o ingresso nos programas de resid\u00eancia m\u00e9dica ofertados na institui\u00e7\u00e3o em 2024.","breadcrumb":{"@id":"https:\/\/med.estrategia.com\/portal\/noticias\/uel-divulga-resultado-final-do-seletivo-de-residencia-medica-2024-para-vagas-remanescentes\/#breadcrumb"},"inLanguage":"pt-BR","potentialAction":[{"@type":"ReadAction","target":["https:\/\/med.estrategia.com\/portal\/noticias\/uel-divulga-resultado-final-do-seletivo-de-residencia-medica-2024-para-vagas-remanescentes\/"]}]},{"@type":"ImageObject","inLanguage":"pt-BR","@id":"https:\/\/med.estrategia.com\/portal\/noticias\/uel-divulga-resultado-final-do-seletivo-de-residencia-medica-2024-para-vagas-remanescentes\/#primaryimage","url":"https:\/\/med.estrategia.com\/portal\/wp-content\/uploads\/2023\/06\/UEL_resultado-final.jpg","contentUrl":"https:\/\/med.estrategia.com\/portal\/wp-content\/uploads\/2023\/06\/UEL_resultado-final.jpg","width":1920,"height":1080,"caption":"Estrat\u00e9gia MED | Foto: UEL"},{"@type":"BreadcrumbList","@id":"https:\/\/med.estrategia.com\/portal\/noticias\/uel-divulga-resultado-final-do-seletivo-de-residencia-medica-2024-para-vagas-remanescentes\/#breadcrumb","itemListElement":[{"@type":"ListItem","position":1,"name":"Home","item":"https:\/\/med.estrategia.com\/portal\/"},{"@type":"ListItem","position":2,"name":"Not\u00edcias","item":"https:\/\/med.estrategia.com\/portal\/noticias\/"},{"@type":"ListItem","position":3,"name":"UEL divulga resultado final do seletivo de resid\u00eancia m\u00e9dica 2024 para vagas remanescentes"}]},{"@type":"WebSite","@id":"https:\/\/med.estrategia.com\/portal\/#website","url":"https:\/\/med.estrategia.com\/portal\/","name":"Estrat\u00e9gia MED","description":"","potentialAction":[{"@type":"SearchAction","target":{"@type":"EntryPoint","urlTemplate":"https:\/\/med.estrategia.com\/portal\/?s={search_term_string}"},"query-input":{"@type":"PropertyValueSpecification","valueRequired":true,"valueName":"search_term_string"}}],"inLanguage":"pt-BR"},{"@type":"Person","@id":"https:\/\/med.estrategia.com\/portal\/#\/schema\/person\/b6aba49604868a427dd15c3b1fc6a8bc","name":"Arion Wolff","image":{"@type":"ImageObject","inLanguage":"pt-BR","@id":"https:\/\/med.estrategia.com\/portal\/#\/schema\/person\/image\/","url":"https:\/\/med.estrategia.com\/portal\/wp-content\/uploads\/2023\/12\/arion-wolff-estrategia-med-150x150.jpg","contentUrl":"https:\/\/med.estrategia.com\/portal\/wp-content\/uploads\/2023\/12\/arion-wolff-estrategia-med-150x150.jpg","caption":"Arion Wolff"},"description":"Jornalista formado pela UNIFATEC e p\u00f3s-graduado em Jornalismo Digital pela UNINTER. Escrevo sobre medicina, resid\u00eancia m\u00e9dica e sa\u00fade. Entusiasta de filmes, livros, bons dramas e romances gen\u00e9ricos.","sameAs":["http:\/\/med.estrategia.com"],"url":"https:\/\/med.estrategia.com\/portal\/author\/arion-santos\/"}]}},"_wl_alt_label":[],"wl:entity_url":"\/post\/uel-divulga-resultado-final-do-seletivo-de-residencia-medica-2024-para-vagas-remanescentes","_links":{"self":[{"href":"https:\/\/med.estrategia.com\/portal\/wp-json\/wp\/v2\/posts\/59142","targetHints":{"allow":["GET"]}}],"collection":[{"href":"https:\/\/med.estrategia.com\/portal\/wp-json\/wp\/v2\/posts"}],"about":[{"href":"https:\/\/med.estrategia.com\/portal\/wp-json\/wp\/v2\/types\/post"}],"author":[{"embeddable":true,"href":"https:\/\/med.estrategia.com\/portal\/wp-json\/wp\/v2\/users\/52"}],"replies":[{"embeddable":true,"href":"https:\/\/med.estrategia.com\/portal\/wp-json\/wp\/v2\/comments?post=59142"}],"version-history":[{"count":4,"href":"https:\/\/med.estrategia.com\/portal\/wp-json\/wp\/v2\/posts\/59142\/revisions"}],"predecessor-version":[{"id":59884,"href":"https:\/\/med.estrategia.com\/portal\/wp-json\/wp\/v2\/posts\/59142\/revisions\/59884"}],"wp:featuredmedia":[{"embeddable":true,"href":"https:\/\/med.estrategia.com\/portal\/wp-json\/wp\/v2\/media\/41839"}],"wp:attachment":[{"href":"https:\/\/med.estrategia.com\/portal\/wp-json\/wp\/v2\/media?parent=59142"}],"wp:term":[{"taxonomy":"category","embeddable":true,"href":"https:\/\/med.estrategia.com\/portal\/wp-json\/wp\/v2\/categories?post=59142"},{"taxonomy":"post_tag","embeddable":true,"href":"https:\/\/med.estrategia.com\/portal\/wp-json\/wp\/v2\/tags?post=59142"},{"taxonomy":"wl_entity_type","embeddable":true,"href":"https:\/\/med.estrategia.com\/portal\/wp-json\/wp\/v2\/wl_entity_type?post=59142"}],"curies":[{"name":"wp","href":"https:\/\/api.w.org\/{rel}","templated":true}]}}