{"id":59434,"date":"2024-03-05T10:42:24","date_gmt":"2024-03-05T13:42:24","guid":{"rendered":"https:\/\/med.estrategia.com\/portal\/?p=59434"},"modified":"2024-03-11T14:45:06","modified_gmt":"2024-03-11T17:45:06","slug":"aremg-divulga-editais-do-terceiro-psu-mg-para-residencia-medica-em-2024","status":"publish","type":"post","link":"https:\/\/med.estrategia.com\/portal\/noticias\/aremg-divulga-editais-do-terceiro-psu-mg-para-residencia-medica-em-2024\/","title":{"rendered":"AREMG divulga editais do terceiro PSU-MG para Resid\u00eancia M\u00e9dica em 2024"},"content":{"rendered":"<p>Na noite de ontem, 4 de mar&ccedil;o de 2024, a Associa&ccedil;&atilde;o de Apoio a Resid&ecirc;ncia M&eacute;dica de Minas Gerais &ndash; AREMG divulgou os <strong>editais de seu terceiro processo seletivo unificado de resid&ecirc;ncia m&eacute;dica<\/strong>, PSU-MG, em fun&ccedil;&atilde;o de <strong>vagas n&atilde;o preenchidas para ingresso ainda em 2024<\/strong>.<br><br>Com <strong>per&iacute;odo de inscri&ccedil;&atilde;o previsto para os dias 7 e 8 de mar&ccedil;o<\/strong>, a terceira sele&ccedil;&atilde;o do PSU-MG ter&aacute; sua <strong>prova objetiva aplicada no dia 11<\/strong>, pr&oacute;xima segunda, &agrave;s 19h em Belo Horizonte, Minas Gerais. Ao todo, <strong>53 institui&ccedil;&otilde;es participam<\/strong> do terceiro seletivo e <strong>ofertam mais 200 de vagas<\/strong>. Confira as principais informa&ccedil;&otilde;es abaixo.<div id=\"ez-toc-container\" class=\"ez-toc-v2_0_79_2 counter-hierarchy ez-toc-counter ez-toc-transparent ez-toc-container-direction\">\n<div class=\"ez-toc-title-container\"><p class=\"ez-toc-title\" style=\"cursor:inherit\">Navegue pelo conte\u00fado<\/p>\n<\/div><nav><ul class='ez-toc-list ez-toc-list-level-1 ' ><li class='ez-toc-page-1 ez-toc-heading-level-2'><a class=\"ez-toc-link ez-toc-heading-1\" href=\"https:\/\/med.estrategia.com\/portal\/noticias\/aremg-divulga-editais-do-terceiro-psu-mg-para-residencia-medica-em-2024\/#Resumo-Edital-PSU-MG-20243\" >Resumo Edital PSU-MG 2024.3<\/a><\/li><li class='ez-toc-page-1 ez-toc-heading-level-2'><a class=\"ez-toc-link ez-toc-heading-2\" href=\"https:\/\/med.estrategia.com\/portal\/noticias\/aremg-divulga-editais-do-terceiro-psu-mg-para-residencia-medica-em-2024\/#Instituicoes-Participantes-PSU-MG-20243\" >Institui&ccedil;&otilde;es Participantes PSU-MG 2024.3<\/a><\/li><li class='ez-toc-page-1 ez-toc-heading-level-2'><a class=\"ez-toc-link ez-toc-heading-3\" href=\"https:\/\/med.estrategia.com\/portal\/noticias\/aremg-divulga-editais-do-terceiro-psu-mg-para-residencia-medica-em-2024\/#Vagas-Ofertadas-PSU-MG-20243\" >Vagas Ofertadas PSU-MG 2024.3<\/a><\/li><li class='ez-toc-page-1 ez-toc-heading-level-2'><a class=\"ez-toc-link ez-toc-heading-4\" href=\"https:\/\/med.estrategia.com\/portal\/noticias\/aremg-divulga-editais-do-terceiro-psu-mg-para-residencia-medica-em-2024\/#Editais-PSU-MG-20243\" >Editais PSU-MG 2024.3<\/a><\/li><\/ul><\/nav><\/div>\n<h2 class=\"wp-block-heading\" id=\"h-resumo-edital-psu-mg-2024-3\"><span class=\"ez-toc-section\" id=\"Resumo-Edital-PSU-MG-20243\"><\/span>Resumo Edital PSU-MG 2024.3<span class=\"ez-toc-section-end\"><\/span><\/h2><figure class=\"wp-block-table\"><table><tbody><tr><td><strong>Vagas Ofertadas<\/strong><\/td><td class=\"has-text-align-center\" data-align=\"center\">205<\/td><\/tr><tr><td><strong>Composi&ccedil;&atilde;o do Processo Seletivo<\/strong><\/td><td class=\"has-text-align-center\" data-align=\"center\">Prova Objetiva (90%) + An&aacute;lise Curricular (10%)<\/td><\/tr><tr><td><strong>Taxa de Inscri&ccedil;&atilde;o<\/strong><\/td><td class=\"has-text-align-center\" data-align=\"center\">R$220,00 por programa inscrito<\/td><\/tr><tr><td><strong>Per&iacute;odo de Inscri&ccedil;&otilde;es e Envio do Curr&iacute;culo<\/strong><\/td><td class=\"has-text-align-center\" data-align=\"center\">07 e 08\/03\/2024<\/td><\/tr><tr><td><strong>Prova Objetiva<\/strong><\/td><td class=\"has-text-align-center\" data-align=\"center\">11\/03\/2024<\/td><\/tr><tr><td><strong>Divulga&ccedil;&atilde;o do Gabarito<\/strong><\/td><td class=\"has-text-align-center\" data-align=\"center\">11\/03\/2024<\/td><\/tr><tr><td><strong>Resultado Final<\/strong><\/td><td class=\"has-text-align-center\" data-align=\"center\">15\/03\/2024<\/td><\/tr><tr><td><strong>Confirma&ccedil;&atilde;o de Interesse\/Desist&ecirc;ncia e Matr&iacute;cula<\/strong><\/td><td class=\"has-text-align-center\" data-align=\"center\">15 e 16\/03\/2024<\/td><\/tr><tr><td><strong>Prazo final para convoca&ccedil;&atilde;o de excedentes<\/strong><\/td><td class=\"has-text-align-center\" data-align=\"center\">31\/03\/2024<\/td><\/tr><tr><td><strong>In&iacute;cio dos Programas<\/strong><\/td><td class=\"has-text-align-center\" data-align=\"center\">15\/03\/2024<\/td><\/tr><\/tbody><\/table><\/figure><p>Quer ser o primeiro a receber informa&ccedil;&otilde;es sobre os editais 2024? Ent&atilde;o&nbsp;<a href=\"https:\/\/news.google.com\/search?q=estrat%C3%A9gia%20med&amp;hl=pt-BR&amp;gl=BR&amp;ceid=BR%3Apt-419\" target=\"_blank\">siga o Portal do Estrat&eacute;gia MED no Google News,<\/a>&nbsp;clicando na&nbsp;<strong>estrela do lado direito<\/strong>. Al&eacute;m disso, n&atilde;o deixe de assinar a nossa Newsletter para receber essas atualiza&ccedil;&otilde;es diretamente no seu e-mail:<\/p><p>\n\n\n<div id=\"new-form\">\n\t<form id=\"forms_layout\">\n\t<input type=\"hidden\" id=\"chave_de\" name=\"chave_de\" value=\"01_EMED_LEADS_TOTAIS\" \/>\n\t\t<input type=\"hidden\" id=\"mid\" name=\"mid\" value=\"515009018\" \/>\n\t\t<input type=\"hidden\" id=\"Objetivo\" name=\"Objetivo\" value=\"Medicina\" \/>\n\t\t<input type=\"hidden\" id=\"Estado_de_Origem_do_IP\" name=\"Estado_de_Origem_do_IP\"  value=\"\" \/>\n\t\t<input type=\"hidden\" id=\"Cidade_de_Origem_do_IP\" name=\"Cidade_de_Origem_do_IP\" value=\"\" \/>\n\t\t<input type=\"hidden\" id=\"Modo_de_entrada\" name=\"Modo_de_entrada\" value=\"Portal\" \/>\n\t\t<input type=\"hidden\" id=\"Pagina_Origem\" name=\"Pagina_Origem\" value=\"\" \/>\n\n\t\t<div class=\"texto\">\n\t\t\t<h3 class=\"news\">Inscreva-se em nossa newsletter!<\/h3>\n\t\t\t<p>Receba not\u00edcias sobre resid\u00eancia m\u00e9dica, revalida\u00e7\u00e3o de diplomas e concursos m\u00e9dicos, al\u00e9m de materiais de estudo gratuitos e informa\u00e7\u00f5es relevantes do mundo da Medicina.<\/p>\n\t\t<\/div>\n\t\t<div class=\"campos\">\n\t\t\t<div class=\"first_name labels\">\n\t\t\t\t<input type=\"text\" class=\"input_labels\" id=\"first_name\" name=\"Nome_Completo\" placeholder=\"Nome\" required \/>\n\t\t\t<\/div>\n\t\t\t<div class=\"email labels\">\n\t\t\t\t<input type=\"email\" class=\"input_labels\" id=\"email\" name=\"Email\" placeholder=\"E-mail\" required \/>\n\t\t\t<\/div>\n\t\t\t<button type=\"submit\" class=\"button_layout\">\n\t\t\t\t<div id=\"lblBotao\">Inscreva-se<\/div>\n\t\t\t\t<span id=\"divSpiner\" class=\"loader\" role=\"status\" style=\"display: none;\"><\/span>\t\n\t\t\t<\/button>\n\t\t<\/div><!-- \/campos -->\n\t\t\n\t\t<label class=\"container_checkbox\">Voc\u00ea concorda com a nossa\n\t\t\t<a class=\"politics_privacy_ahref\" target=\"_blank\" href=\"https:\/\/gratis.estrategiaconcursos.com.br\/politica-de-privacidade\/\">Pol\u00edtica de Privacidade<\/a> e aceita receber informa\u00e7\u00f5es adicionais do Estrat\u00e9gia Educacional.\n\t\t\t<input id=\"checkbox_layout\" type=\"checkbox\" checked=\"checked\" required \/>\n\t\t\t<span class=\"checkbox\"><\/span>\n\t\t<\/label>\n\t\t<div id=\"msg\"><\/div>\n\t\t<div id=\"error\" class=\"error\">\n\t\t<\/div>\n\t<\/form>\n<\/div><!-- \/new-form -->\n\n\n\n<\/p><h2 class=\"wp-block-heading\" id=\"h-instituicoes-participantes-psu-mg-2024-3\"><span class=\"ez-toc-section\" id=\"Instituicoes-Participantes-PSU-MG-20243\"><\/span>Institui&ccedil;&otilde;es Participantes PSU-MG 2024.3<span class=\"ez-toc-section-end\"><\/span><\/h2><figure class=\"wp-block-table\"><table><tbody><tr><td>Associa&ccedil;&atilde;o Beneficente Cat&oacute;lica \/ Hospital Santa Isabel &ndash; Ub&aacute;<\/td><\/tr><tr><td>Associa&ccedil;&atilde;o de Assist&ecirc;ncia Social da Santa Casa de Miseric&oacute;rdia de Arax&aacute;<\/td><\/tr><tr><td>Associa&ccedil;&atilde;o de Combate ao C&acirc;ncer do Brasil Central &ndash; Hospital H&eacute;lio Angotti<\/td><\/tr><tr><td>Associa&ccedil;&atilde;o Evang&eacute;lica Beneficente de Minas Gerais\/Hospital Evang&eacute;lico de Belo Horizonte<\/td><\/tr><tr><td>Associa&ccedil;&atilde;o Hospitalar Santa Ros&aacute;lia<\/td><\/tr><tr><td>Associa&ccedil;&atilde;o Mario Penna &ndash; Hospital Luxemburgo<\/td><\/tr><tr><td>Associa&ccedil;&atilde;o Mario Penna &ndash; Hospital Luxemburgo<\/td><\/tr><tr><td>Casa de Caridade de Carangola<\/td><\/tr><tr><td>Casa de Caridade de Muria&eacute; &ndash; Hospital S&atilde;o Paulo<\/td><\/tr><tr><td>Centro Barbacenense de Assist&ecirc;ncia M&eacute;dica e Social &ndash; Hospital Ibiapaba<\/td><\/tr><tr><td>Complexo de Sa&uacute;de S&atilde;o Jo&atilde;o de Deus<\/td><\/tr><tr><td>Faculdade de Medicina da Universidade Federal de Uberl&acirc;ndia<\/td><\/tr><tr><td>Faculdade de Medicina de Itajub&aacute; &ndash; Hospital de Cl&iacute;nicas de Itajub&aacute;<\/td><\/tr><tr><td>Funda&ccedil;&atilde;o Cristiano Varella &ndash; Hospital do C&acirc;ncer de Muria&eacute;<\/td><\/tr><tr><td>Funda&ccedil;&atilde;o de Desenvolvimento da Pesquisa &ndash; Hospital Risoleta Tolentino Neves<\/td><\/tr><tr><td>Funda&ccedil;&atilde;o Educacional de Caratinga FUNEC \/ Hospital Irm&atilde; Denise &ndash; CASU<\/td><\/tr><tr><td>Funda&ccedil;&atilde;o Filantr&oacute;pica e Beneficente de Sa&uacute;de Arnaldo Gavazza Filho &ndash; Ponte Nova<\/td><\/tr><tr><td>Funda&ccedil;&atilde;o Hospitalar S&atilde;o Francisco de Assis &ndash; FHSFA<\/td><\/tr><tr><td>Fundo Municipal de Sa&uacute;de de Manhua&ccedil;u<\/td><\/tr><tr><td>Hospital Bom Samaritano &ndash; Governador Valadares<\/td><\/tr><tr><td>Hospital C&eacute;sar Leite &ndash; Manhua&ccedil;u<\/td><\/tr><tr><td>Hospital da Baleia &ndash; Funda&ccedil;&atilde;o Benjamin Guimar&atilde;es<\/td><\/tr><tr><td>Hospital da Clinicas da UFMG<\/td><\/tr><tr><td>Hospital das Cl&iacute;nicas Samuel Lib&acirc;nio<\/td><\/tr><tr><td>Hospital e Maternidade Santa Rita<\/td><\/tr><tr><td>Hospital Madre Teresa &ndash; BH<\/td><\/tr><tr><td>Hospital Marcio Cunha &ndash; Funda&ccedil;&atilde;o S&atilde;o Francisco Xavier &ndash; Ipatinga<\/td><\/tr><tr><td>Hospital Maternidade e Pronto Socorro Santa Lucia &ndash; Po&ccedil;os de Caldas<\/td><\/tr><tr><td>Hospital Metropolitano Doutor C&eacute;lio de Castro<\/td><\/tr><tr><td>Hospital Municipal Carlos Chagas &ndash; Funda&ccedil;&atilde;o S&atilde;o Francisco Xavier<\/td><\/tr><tr><td>Hospital P&uacute;blico Regional de Betim<\/td><\/tr><tr><td>Hospital Sofia Feldman<\/td><\/tr><tr><td>Hospital Universit&aacute;rio Alzira Velano<\/td><\/tr><tr><td>Hospital Universit&aacute;rio da Universidade de Uberaba &ndash; UNIUBE (M&aacute;rio Palm&eacute;rio)<\/td><\/tr><tr><td>Hospital Universit&aacute;rio da Universidade Federal de Juiz de Fora<\/td><\/tr><tr><td>Instituto &Acirc;nima<\/td><\/tr><tr><td>Instituto Materno Infantil de Minas Gerais &ndash; Hospital Vila da Serra<\/td><\/tr><tr><td>Irmandade de Nossa Senhora das Gra&ccedil;as &ndash; Sete Lagoas<\/td><\/tr><tr><td>Irmandade do Hospital da Santa Casa de Po&ccedil;os de Caldas<\/td><\/tr><tr><td>Irmandade do Hospital de Nossa Senhora das Dores &ndash; Ponte Nova<\/td><\/tr><tr><td>Irmandade Nossa Senhora das Merc&ecirc;s de Montes Claros &ndash; Santa Casa<\/td><\/tr><tr><td>Neocenter SA<\/td><\/tr><tr><td>Santa Casa de Miseric&oacute;rdia de Araguari<\/td><\/tr><tr><td>Santa Casa de Miseric&oacute;rdia de Juiz de Fora MG<\/td><\/tr><tr><td>Santa Casa de Miseric&oacute;rdia de Passos<\/td><\/tr><tr><td>Santa Casa de Miseric&oacute;rdia de S&atilde;o Sebasti&atilde;o do Para&iacute;so<\/td><\/tr><tr><td>Santa Casa de Miseric&oacute;rdia Nossa Senhora do Patroc&iacute;nio<\/td><\/tr><tr><td>Secretaria Municipal de Saude de Governador Valadares<\/td><\/tr><tr><td>Sociedade Mineira de Cultura &ndash; PUC Minas &ndash; Contagem<\/td><\/tr><tr><td>Universidade Federal de S&atilde;o Jo&atilde;o Del Rei<\/td><\/tr><tr><td>Universidade Federal de Vi&ccedil;osa<\/td><\/tr><tr><td>Universidade Federal do Triangulo Mineiro &ndash; Uberaba<\/td><\/tr><tr><td>Universidade Federal dos Vales do Jequitinhonha e Mucuri<\/td><\/tr><\/tbody><\/table><\/figure><h2 class=\"wp-block-heading\" id=\"h-vagas-ofertadas-psu-mg-2024-3\"><span class=\"ez-toc-section\" id=\"Vagas-Ofertadas-PSU-MG-20243\"><\/span>Vagas Ofertadas PSU-MG 2024.3<span class=\"ez-toc-section-end\"><\/span><\/h2><p>Confira abaixo a rela&ccedil;&atilde;o completa de vagas ofertadas por programas de resid&ecirc;ncia m&eacute;dica do PSU-MG 2024.3:<\/p><figure class=\"wp-block-table\"><table><thead><tr><th>PROGRAMA<\/th><th>INSTITUI&Ccedil;&Atilde;O<\/th><th class=\"has-text-align-center\" data-align=\"center\">VAGAS OFERTADAS <\/th><\/tr><\/thead><tbody><tr><td>Alergia e Imunologia Pedi&aacute;trica<\/td><td>Faculdade de Medicina da Universidade Federal de Uberl&acirc;ndia<\/td><td class=\"has-text-align-center\" data-align=\"center\">2<\/td><\/tr><tr><td>Cardiologia<\/td><td>Centro Barbacenense de Assist&ecirc;ncia M&eacute;dica e Social &ndash; Hospital Ibiapaba<\/td><td class=\"has-text-align-center\" data-align=\"center\">2<\/td><\/tr><tr><td>Cardiologia<\/td><td>Faculdade de Medicina da Universidade Federal de Uberl&acirc;ndia<\/td><td class=\"has-text-align-center\" data-align=\"center\">4<\/td><\/tr><tr><td>Cardiologia<\/td><td>Hospital Bom Samaritano &ndash; Governador Valadares<\/td><td class=\"has-text-align-center\" data-align=\"center\">1<\/td><\/tr><tr><td>Cardiologia<\/td><td>Hospital das Cl&iacute;nicas Samuel Lib&acirc;nio<\/td><td class=\"has-text-align-center\" data-align=\"center\">1<\/td><\/tr><tr><td>Cardiologia<\/td><td>Hospital Madre Teresa &ndash; BH<\/td><td class=\"has-text-align-center\" data-align=\"center\">1<\/td><\/tr><tr><td>Cardiologia<\/td><td>Irmandade de Nossa Senhora das Gra&ccedil;as &ndash; Sete Lagoas<\/td><td class=\"has-text-align-center\" data-align=\"center\">2<\/td><\/tr><tr><td>Cardiologia<\/td><td>Santa Casa de Miseric&oacute;rdia de Juiz de Fora MG<\/td><td class=\"has-text-align-center\" data-align=\"center\">2<\/td><\/tr><tr><td>Cardiologia<\/td><td>Universidade Federal do Triangulo Mineiro &ndash; Uberaba<\/td><td class=\"has-text-align-center\" data-align=\"center\">1<\/td><\/tr><tr><td>Cardiologia Pedi&aacute;trica<\/td><td>Faculdade de Medicina da Universidade Federal de Uberl&acirc;ndia<\/td><td class=\"has-text-align-center\" data-align=\"center\">1<\/td><\/tr><tr><td>Cardiologia Pedi&aacute;trica<\/td><td>Santa Casa de Miseric&oacute;rdia de Passos<\/td><td class=\"has-text-align-center\" data-align=\"center\">1<\/td><\/tr><tr><td>Cirurgia Bari&aacute;trica<\/td><td>Funda&ccedil;&atilde;o Hospitalar S&atilde;o Francisco de Assis &ndash; FHSFA<\/td><td class=\"has-text-align-center\" data-align=\"center\">1<\/td><\/tr><tr><td>Cirurgia de Cabe&ccedil;a e Pesco&ccedil;o<\/td><td>Associa&ccedil;&atilde;o Mario Penna &ndash; Hospital Luxemburgo<\/td><td class=\"has-text-align-center\" data-align=\"center\">1<\/td><\/tr><tr><td>Cirurgia de Cabe&ccedil;a e Pesco&ccedil;o<\/td><td>Hospital da Clinicas da UFMG<\/td><td class=\"has-text-align-center\" data-align=\"center\">1<\/td><\/tr><tr><td>Cirurgia do Trauma<\/td><td>Funda&ccedil;&atilde;o de Desenvolvimento da Pesquisa &ndash; Hospital Risoleta Tolentino Neves<\/td><td class=\"has-text-align-center\" data-align=\"center\">8<\/td><\/tr><tr><td>Cirurgia Oncol&oacute;gica<\/td><td>Santa Casa de Miseric&oacute;rdia de Passos<\/td><td class=\"has-text-align-center\" data-align=\"center\">1<\/td><\/tr><tr><td>Cirurgia Tor&aacute;cica<\/td><td>Hospital da Clinicas da UFMG<\/td><td class=\"has-text-align-center\" data-align=\"center\">1<\/td><\/tr><tr><td>Cirurgia Vascular<\/td><td>Faculdade de Medicina da Universidade Federal de Uberl&acirc;ndia<\/td><td class=\"has-text-align-center\" data-align=\"center\">1<\/td><\/tr><tr><td>Cirurgia Vascular<\/td><td>Faculdade de Medicina de Itajub&aacute; &ndash; Hospital de Cl&iacute;nicas de Itajub&aacute;<\/td><td class=\"has-text-align-center\" data-align=\"center\">1<\/td><\/tr><tr><td>Cirurgia Vascular<\/td><td>Hospital das Cl&iacute;nicas Samuel Lib&acirc;nio<\/td><td class=\"has-text-align-center\" data-align=\"center\">1<\/td><\/tr><tr><td>Cirurgia Vascular<\/td><td>Hospital P&uacute;blico Regional de Betim<\/td><td class=\"has-text-align-center\" data-align=\"center\">1<\/td><\/tr><tr><td>Cirurgia Vascular<\/td><td>Santa Casa de Miseric&oacute;rdia de S&atilde;o Sebasti&atilde;o do Para&iacute;so<\/td><td class=\"has-text-align-center\" data-align=\"center\">1<\/td><\/tr><tr><td>Cl&iacute;nica M&eacute;dica<\/td><td>Associa&ccedil;&atilde;o Beneficente Cat&oacute;lica \/ Hospital Santa Isabel &ndash; Ub&aacute;<\/td><td class=\"has-text-align-center\" data-align=\"center\">1<\/td><\/tr><tr><td>Cl&iacute;nica M&eacute;dica<\/td><td>Associa&ccedil;&atilde;o de Assist&ecirc;ncia Social da Santa Casa de Miseric&oacute;rdia de Arax&aacute;<\/td><td class=\"has-text-align-center\" data-align=\"center\">1<\/td><\/tr><tr><td>Cl&iacute;nica M&eacute;dica<\/td><td>Associa&ccedil;&atilde;o Hospitalar Santa Ros&aacute;lia<\/td><td class=\"has-text-align-center\" data-align=\"center\">3<\/td><\/tr><tr><td>Cl&iacute;nica M&eacute;dica<\/td><td>Faculdade de Medicina de Itajub&aacute; &ndash; Hospital de Cl&iacute;nicas de Itajub&aacute;<\/td><td class=\"has-text-align-center\" data-align=\"center\">1<\/td><\/tr><tr><td>Cl&iacute;nica M&eacute;dica<\/td><td>Funda&ccedil;&atilde;o Educacional de Caratinga FUNEC \/ Hospital Irm&atilde; Denise &ndash; CASU<\/td><td class=\"has-text-align-center\" data-align=\"center\">2<\/td><\/tr><tr><td>Cl&iacute;nica M&eacute;dica<\/td><td>Hospital C&eacute;sar Leite &ndash; Manhua&ccedil;u<\/td><td class=\"has-text-align-center\" data-align=\"center\">1<\/td><\/tr><tr><td>Cl&iacute;nica M&eacute;dica<\/td><td>Hospital e Maternidade Santa Rita<\/td><td class=\"has-text-align-center\" data-align=\"center\">2<\/td><\/tr><tr><td>Cl&iacute;nica M&eacute;dica<\/td><td>Hospital Maternidade e Pronto Socorro Santa Lucia &ndash; Po&ccedil;os de Caldas<\/td><td class=\"has-text-align-center\" data-align=\"center\">1<\/td><\/tr><tr><td>Cl&iacute;nica M&eacute;dica<\/td><td>Irmandade do Hospital de Nossa Senhora das Dores &ndash; Ponte Nova<\/td><td class=\"has-text-align-center\" data-align=\"center\">1<\/td><\/tr><tr><td>Cl&iacute;nica M&eacute;dica<\/td><td>Santa Casa de Miseric&oacute;rdia de S&atilde;o Sebasti&atilde;o do Para&iacute;so<\/td><td class=\"has-text-align-center\" data-align=\"center\">1<\/td><\/tr><tr><td>Cl&iacute;nica M&eacute;dica<\/td><td>Santa Casa de Miseric&oacute;rdia Nossa Senhora do Patroc&iacute;nio<\/td><td class=\"has-text-align-center\" data-align=\"center\">4<\/td><\/tr><tr><td>Cl&iacute;nica M&eacute;dica<\/td><td>Universidade Federal de Vi&ccedil;osa<\/td><td class=\"has-text-align-center\" data-align=\"center\">1<\/td><\/tr><tr><td>Cl&iacute;nica M&eacute;dica<\/td><td>Universidade Federal dos Vales do Jequitinhonha e Mucuri<\/td><td class=\"has-text-align-center\" data-align=\"center\">3<\/td><\/tr><tr><td>Coloproctologia<\/td><td>Hospital das Cl&iacute;nicas Samuel Lib&acirc;nio<\/td><td class=\"has-text-align-center\" data-align=\"center\">1<\/td><\/tr><tr><td>DOR<\/td><td>Hospital da Clinicas da UFMG<\/td><td class=\"has-text-align-center\" data-align=\"center\">3<\/td><\/tr><tr><td>Emerg&ecirc;ncia Pedi&aacute;trica<\/td><td>Universidade Federal do Triangulo Mineiro &ndash; Uberaba<\/td><td class=\"has-text-align-center\" data-align=\"center\">2<\/td><\/tr><tr><td>Gastroenterologia<\/td><td>Universidade Federal do Triangulo Mineiro &ndash; Uberaba<\/td><td class=\"has-text-align-center\" data-align=\"center\">1<\/td><\/tr><tr><td>Hansenologia<\/td><td>Faculdade de Medicina da Universidade Federal de Uberl&acirc;ndia<\/td><td class=\"has-text-align-center\" data-align=\"center\">2<\/td><\/tr><tr><td>Hematologia e Hemoterapia Pedi&aacute;trica<\/td><td>Universidade Federal do Triangulo Mineiro &ndash; Uberaba<\/td><td class=\"has-text-align-center\" data-align=\"center\">1<\/td><\/tr><tr><td>Homeopatia<\/td><td>Hospital P&uacute;blico Regional de Betim<\/td><td class=\"has-text-align-center\" data-align=\"center\">2<\/td><\/tr><tr><td>Infectologia<\/td><td>Universidade Federal do Triangulo Mineiro &ndash; Uberaba<\/td><td class=\"has-text-align-center\" data-align=\"center\">1<\/td><\/tr><tr><td>Mastologia<\/td><td>Associa&ccedil;&atilde;o de Combate ao C&acirc;ncer do Brasil Central &ndash; Hospital H&eacute;lio Angotti<\/td><td class=\"has-text-align-center\" data-align=\"center\">1<\/td><\/tr><tr><td>Mastologia<\/td><td>Funda&ccedil;&atilde;o Hospitalar S&atilde;o Francisco de Assis &ndash; FHSFA<\/td><td class=\"has-text-align-center\" data-align=\"center\">1<\/td><\/tr><tr><td>Mastologia<\/td><td>Hospital da Baleia &ndash; Funda&ccedil;&atilde;o Benjamin Guimar&atilde;es<\/td><td class=\"has-text-align-center\" data-align=\"center\">1<\/td><\/tr><tr><td>Mastologia<\/td><td>Hospital das Cl&iacute;nicas Samuel Lib&acirc;nio<\/td><td class=\"has-text-align-center\" data-align=\"center\">1<\/td><\/tr><tr><td>Medicina de Emerg&ecirc;ncia<\/td><td>Hospital Marcio Cunha &ndash; Funda&ccedil;&atilde;o S&atilde;o Francisco Xavier &ndash; Ipatinga<\/td><td class=\"has-text-align-center\" data-align=\"center\">1<\/td><\/tr><tr><td>Medicina de Emerg&ecirc;ncia<\/td><td>Irmandade Nossa Senhora das Merc&ecirc;s de Montes Claros &ndash; Santa Casa<\/td><td class=\"has-text-align-center\" data-align=\"center\">3<\/td><\/tr><tr><td>Medicina de Fam&iacute;lia e Comunidade<\/td><td>Faculdade de Medicina da Universidade Federal de Uberl&acirc;ndia<\/td><td class=\"has-text-align-center\" data-align=\"center\">1<\/td><\/tr><tr><td>Medicina de Fam&iacute;lia e Comunidade<\/td><td>Fundo Municipal de Sa&uacute;de de Manhua&ccedil;u<\/td><td class=\"has-text-align-center\" data-align=\"center\">2<\/td><\/tr><tr><td>Medicina de Fam&iacute;lia e Comunidade<\/td><td>Hospital das Cl&iacute;nicas Samuel Lib&acirc;nio<\/td><td class=\"has-text-align-center\" data-align=\"center\">4<\/td><\/tr><tr><td>Medicina de Fam&iacute;lia e Comunidade<\/td><td>Hospital Marcio Cunha &ndash; Funda&ccedil;&atilde;o S&atilde;o Francisco Xavier &ndash; Ipatinga<\/td><td class=\"has-text-align-center\" data-align=\"center\">3<\/td><\/tr><tr><td>Medicina de Fam&iacute;lia e Comunidade<\/td><td>Hospital Universit&aacute;rio da Universidade de Uberaba &ndash; UNIUBE (M&aacute;rio Palm&eacute;rio)<\/td><td class=\"has-text-align-center\" data-align=\"center\">1<\/td><\/tr><tr><td>Medicina de Fam&iacute;lia e Comunidade<\/td><td>Instituto &Acirc;nima<\/td><td class=\"has-text-align-center\" data-align=\"center\">10<\/td><\/tr><tr><td>Medicina de Fam&iacute;lia e Comunidade<\/td><td>Santa Casa de Miseric&oacute;rdia de Araguari<\/td><td class=\"has-text-align-center\" data-align=\"center\">2<\/td><\/tr><tr><td>Medicina de Fam&iacute;lia e Comunidade<\/td><td>Secretaria Municipal de Saude de Governador Valadares<\/td><td class=\"has-text-align-center\" data-align=\"center\">1<\/td><\/tr><tr><td>Medicina de Fam&iacute;lia e Comunidade<\/td><td>Sociedade Mineira de Cultura &ndash; PUC Minas &ndash; Contagem<\/td><td class=\"has-text-align-center\" data-align=\"center\">2<\/td><\/tr><tr><td>Medicina de Fam&iacute;lia e Comunidade<\/td><td>Universidade Federal de S&atilde;o Jo&atilde;o Del Rei<\/td><td class=\"has-text-align-center\" data-align=\"center\">4<\/td><\/tr><tr><td>Medicina de Fam&iacute;lia e Comunidade<\/td><td>Universidade Federal de Vi&ccedil;osa<\/td><td class=\"has-text-align-center\" data-align=\"center\">1<\/td><\/tr><tr><td>Medicina do Adolescente<\/td><td>Hospital da Clinicas da UFMG<\/td><td class=\"has-text-align-center\" data-align=\"center\">2<\/td><\/tr><tr><td>Medicina do Trabalho<\/td><td>Hospital Marcio Cunha &ndash; Funda&ccedil;&atilde;o S&atilde;o Francisco Xavier &ndash; Ipatinga<\/td><td class=\"has-text-align-center\" data-align=\"center\">1<\/td><\/tr><tr><td>Medicina Fetal<\/td><td>Universidade Federal do Triangulo Mineiro &ndash; Uberaba<\/td><td class=\"has-text-align-center\" data-align=\"center\">1<\/td><\/tr><tr><td>Medicina Intensiva<\/td><td>Associa&ccedil;&atilde;o Evang&eacute;lica Beneficente de Minas Gerais\/Hospital Evang&eacute;lico de Belo Horizonte<\/td><td class=\"has-text-align-center\" data-align=\"center\">1<\/td><\/tr><tr><td>Medicina Intensiva<\/td><td>Casa de Caridade de Carangola<\/td><td class=\"has-text-align-center\" data-align=\"center\">1<\/td><\/tr><tr><td>Medicina Intensiva<\/td><td>Faculdade de Medicina de Itajub&aacute; &ndash; Hospital de Cl&iacute;nicas de Itajub&aacute;<\/td><td class=\"has-text-align-center\" data-align=\"center\">1<\/td><\/tr><tr><td>Medicina Intensiva<\/td><td>Funda&ccedil;&atilde;o Filantr&oacute;pica e Beneficente de Sa&uacute;de Arnaldo Gavazza Filho &ndash; Ponte Nova<\/td><td class=\"has-text-align-center\" data-align=\"center\">2<\/td><\/tr><tr><td>Medicina Intensiva<\/td><td>Hospital Bom Samaritano &ndash; Governador Valadares<\/td><td class=\"has-text-align-center\" data-align=\"center\">1<\/td><\/tr><tr><td>Medicina Intensiva<\/td><td>Hospital Metropolitano Doutor C&eacute;lio de Castro<\/td><td class=\"has-text-align-center\" data-align=\"center\">1<\/td><\/tr><tr><td>Medicina Intensiva<\/td><td>Hospital Municipal Carlos Chagas &ndash; Funda&ccedil;&atilde;o S&atilde;o Francisco Xavier<\/td><td class=\"has-text-align-center\" data-align=\"center\">2<\/td><\/tr><tr><td>Medicina Intensiva<\/td><td>Hospital Universit&aacute;rio Alzira Velano<\/td><td class=\"has-text-align-center\" data-align=\"center\">1<\/td><\/tr><tr><td>Medicina Intensiva<\/td><td>Irmandade de Nossa Senhora das Gra&ccedil;as &ndash; Sete Lagoas<\/td><td class=\"has-text-align-center\" data-align=\"center\">1<\/td><\/tr><tr><td>Medicina Intensiva<\/td><td>Irmandade do Hospital da Santa Casa de Po&ccedil;os de Caldas<\/td><td class=\"has-text-align-center\" data-align=\"center\">2<\/td><\/tr><tr><td>Medicina Intensiva<\/td><td>Universidade Federal do Triangulo Mineiro &ndash; Uberaba<\/td><td class=\"has-text-align-center\" data-align=\"center\">1<\/td><\/tr><tr><td>Medicina Intensiva Pedi&aacute;trica<\/td><td>Hospital da Clinicas da UFMG<\/td><td class=\"has-text-align-center\" data-align=\"center\">1<\/td><\/tr><tr><td>Medicina Intensiva Pedi&aacute;trica<\/td><td>Instituto Materno Infantil de Minas Gerais &ndash; Hospital Vila da Serra<\/td><td class=\"has-text-align-center\" data-align=\"center\">1<\/td><\/tr><tr><td>Medicina Intensiva Pedi&aacute;trica<\/td><td>Neocenter SA<\/td><td class=\"has-text-align-center\" data-align=\"center\">2<\/td><\/tr><tr><td>Medicina Intensiva Pedi&aacute;trica<\/td><td>Santa Casa de Miseric&oacute;rdia de Passos<\/td><td class=\"has-text-align-center\" data-align=\"center\">2<\/td><\/tr><tr><td>Medicina Intensiva Pedi&aacute;trica<\/td><td>Universidade Federal do Triangulo Mineiro &ndash; Uberaba<\/td><td class=\"has-text-align-center\" data-align=\"center\">2<\/td><\/tr><tr><td>Medicina Paliativa<\/td><td>Funda&ccedil;&atilde;o de Desenvolvimento da Pesquisa &ndash; Hospital Risoleta Tolentino Neves<\/td><td class=\"has-text-align-center\" data-align=\"center\">2<\/td><\/tr><tr><td>Medicina Paliativa<\/td><td>Santa Casa de Miseric&oacute;rdia de S&atilde;o Sebasti&atilde;o do Para&iacute;so<\/td><td class=\"has-text-align-center\" data-align=\"center\">1<\/td><\/tr><tr><td>Nefrologia<\/td><td>Associa&ccedil;&atilde;o Evang&eacute;lica Beneficente de Minas Gerais\/Hospital Evang&eacute;lico de Belo Horizonte<\/td><td class=\"has-text-align-center\" data-align=\"center\">1<\/td><\/tr><tr><td>Nefrologia<\/td><td>Complexo de Sa&uacute;de S&atilde;o Jo&atilde;o de Deus<\/td><td class=\"has-text-align-center\" data-align=\"center\">2<\/td><\/tr><tr><td>Nefrologia<\/td><td>Faculdade de Medicina de Itajub&aacute; &ndash; Hospital de Cl&iacute;nicas de Itajub&aacute;<\/td><td class=\"has-text-align-center\" data-align=\"center\">1<\/td><\/tr><tr><td>Nefrologia<\/td><td>Hospital Bom Samaritano &ndash; Governador Valadares<\/td><td class=\"has-text-align-center\" data-align=\"center\">1<\/td><\/tr><tr><td>Nefrologia<\/td><td>Hospital das Cl&iacute;nicas Samuel Lib&acirc;nio<\/td><td class=\"has-text-align-center\" data-align=\"center\">1<\/td><\/tr><tr><td>Nefrologia<\/td><td>Hospital Universit&aacute;rio Alzira Velano<\/td><td class=\"has-text-align-center\" data-align=\"center\">1<\/td><\/tr><tr><td>Nefrologia<\/td><td>Hospital Universit&aacute;rio da Universidade Federal de Juiz de Fora<\/td><td class=\"has-text-align-center\" data-align=\"center\">1<\/td><\/tr><tr><td>Nefrologia<\/td><td>Irmandade de Nossa Senhora das Gra&ccedil;as &ndash; Sete Lagoas<\/td><td class=\"has-text-align-center\" data-align=\"center\">1<\/td><\/tr><tr><td>Nefrologia<\/td><td>Irmandade Nossa Senhora das Merc&ecirc;s de Montes Claros &ndash; Santa Casa<\/td><td class=\"has-text-align-center\" data-align=\"center\">1<\/td><\/tr><tr><td>Nefrologia<\/td><td>Santa Casa de Miseric&oacute;rdia de Juiz de Fora MG<\/td><td class=\"has-text-align-center\" data-align=\"center\">2<\/td><\/tr><tr><td>Nefrologia<\/td><td>Universidade Federal do Triangulo Mineiro &ndash; Uberaba<\/td><td class=\"has-text-align-center\" data-align=\"center\">1<\/td><\/tr><tr><td>Nefrologia Pedi&aacute;trica<\/td><td>Faculdade de Medicina da Universidade Federal de Uberl&acirc;ndia<\/td><td class=\"has-text-align-center\" data-align=\"center\">2<\/td><\/tr><tr><td>Neonatologia<\/td><td>Casa de Caridade de Muria&eacute; &ndash; Hospital S&atilde;o Paulo<\/td><td class=\"has-text-align-center\" data-align=\"center\">1<\/td><\/tr><tr><td>Neonatologia<\/td><td>Faculdade de Medicina da Universidade Federal de Uberl&acirc;ndia<\/td><td class=\"has-text-align-center\" data-align=\"center\">3<\/td><\/tr><tr><td>Neonatologia<\/td><td>Hospital Sofia Feldman<\/td><td class=\"has-text-align-center\" data-align=\"center\">4<\/td><\/tr><tr><td>Neonatologia<\/td><td>Neocenter SA<\/td><td class=\"has-text-align-center\" data-align=\"center\">1<\/td><\/tr><tr><td>Neonatologia<\/td><td>Santa Casa de Miseric&oacute;rdia de Juiz de Fora MG<\/td><td class=\"has-text-align-center\" data-align=\"center\">2<\/td><\/tr><tr><td>Neonatologia<\/td><td>Secretaria Municipal de Saude de Governador Valadares<\/td><td class=\"has-text-align-center\" data-align=\"center\">2<\/td><\/tr><tr><td>Neonatologia<\/td><td>Hospital da Clinicas da UFMG<\/td><td class=\"has-text-align-center\" data-align=\"center\">2<\/td><\/tr><tr><td>Oncologia Cl&iacute;nica<\/td><td>Associa&ccedil;&atilde;o de Combate ao C&acirc;ncer do Brasil Central<br>&ndash; Hospital H&eacute;lio Angotti<\/td><td class=\"has-text-align-center\" data-align=\"center\">2<\/td><\/tr><tr><td>Oncologia Cl&iacute;nica<\/td><td>Associa&ccedil;&atilde;o Mario Penna &ndash; Hospital Luxemburgo<\/td><td class=\"has-text-align-center\" data-align=\"center\">1<\/td><\/tr><tr><td>Oncologia Cl&iacute;nica<\/td><td>Complexo de Sa&uacute;de S&atilde;o Jo&atilde;o de Deus<\/td><td class=\"has-text-align-center\" data-align=\"center\">1<\/td><\/tr><tr><td>Oncologia Cl&iacute;nica<\/td><td>Funda&ccedil;&atilde;o Hospitalar S&atilde;o Francisco de Assis &ndash; FHSFA<\/td><td class=\"has-text-align-center\" data-align=\"center\">2<\/td><\/tr><tr><td>Oncologia Cl&iacute;nica<\/td><td>Hospital Bom Samaritano &ndash; Governador Valadares<\/td><td class=\"has-text-align-center\" data-align=\"center\">1<\/td><\/tr><tr><td>Oncologia Cl&iacute;nica<\/td><td>Hospital da Baleia &ndash; Funda&ccedil;&atilde;o Benjamin Guimar&atilde;es<\/td><td class=\"has-text-align-center\" data-align=\"center\">1<\/td><\/tr><tr><td>Oncologia Cl&iacute;nica<\/td><td>Hospital Marcio Cunha &ndash; Funda&ccedil;&atilde;o S&atilde;o Francisco Xavier &ndash; Ipatinga<\/td><td class=\"has-text-align-center\" data-align=\"center\">1<\/td><\/tr><tr><td>Oncologia Cl&iacute;nica<\/td><td>Santa Casa de Miseric&oacute;rdia de Passos<\/td><td class=\"has-text-align-center\" data-align=\"center\">2<\/td><\/tr><tr><td>Oncologia Pedi&aacute;trica<\/td><td>Hospital da Baleia &ndash; Funda&ccedil;&atilde;o Benjamin Guimar&atilde;es<\/td><td class=\"has-text-align-center\" data-align=\"center\">1<\/td><\/tr><tr><td>Oncologia Pedi&aacute;trica<\/td><td>Hospital da Clinicas da UFMG<\/td><td class=\"has-text-align-center\" data-align=\"center\">2<\/td><\/tr><tr><td>Ortopedia e Traumatologia<\/td><td>Funda&ccedil;&atilde;o Hospitalar S&atilde;o Francisco de Assis &ndash; FHSFA<\/td><td class=\"has-text-align-center\" data-align=\"center\">2<\/td><\/tr><tr><td>Ortopedia e Traumatologia<\/td><td>Hospital das Cl&iacute;nicas Samuel Lib&acirc;nio<\/td><td class=\"has-text-align-center\" data-align=\"center\">1<\/td><\/tr><tr><td>Ortopedia e Traumatologia<\/td><td>Santa Casa de Miseric&oacute;rdia de S&atilde;o Sebasti&atilde;o do Para&iacute;so<\/td><td class=\"has-text-align-center\" data-align=\"center\">1<\/td><\/tr><tr><td>Ortopedia e Traumatologia<\/td><td>Secretaria Municipal de Saude de Governador Valadares<\/td><td class=\"has-text-align-center\" data-align=\"center\">1<\/td><\/tr><tr><td>Ortopedia e Traumatologia<\/td><td>Universidade Federal do Triangulo Mineiro &ndash; Uberaba<\/td><td class=\"has-text-align-center\" data-align=\"center\">1<\/td><\/tr><tr><td>Patologia Cl&iacute;nica\/Medicina Laboratorial<\/td><td>Hospital da Clinicas da UFMG<\/td><td class=\"has-text-align-center\" data-align=\"center\">1<\/td><\/tr><tr><td>Pediatria<\/td><td>Hospital C&eacute;sar Leite &ndash; Manhua&ccedil;u<\/td><td class=\"has-text-align-center\" data-align=\"center\">1<\/td><\/tr><tr><td>Pneumologia Pedi&aacute;trica<\/td><td>Hospital da Clinicas da UFMG<\/td><td class=\"has-text-align-center\" data-align=\"center\">3<\/td><\/tr><tr><td>R4 em Infectologia Hospitalar<\/td><td>Hospital Metropolitano Doutor C&eacute;lio de Castro<\/td><td class=\"has-text-align-center\" data-align=\"center\">1<\/td><\/tr><tr><td>Radioterapia<\/td><td>Funda&ccedil;&atilde;o Cristiano Varella &ndash; Hospital do C&acirc;ncer de Muria&eacute;<\/td><td class=\"has-text-align-center\" data-align=\"center\">1<\/td><\/tr><tr><td>Radioterapia<\/td><td>Hospital Marcio Cunha &ndash; Funda&ccedil;&atilde;o S&atilde;o Francisco Xavier &ndash; Ipatinga<\/td><td class=\"has-text-align-center\" data-align=\"center\">1<\/td><\/tr><tr><td>Reumatologia<\/td><td>Faculdade de Medicina da Universidade Federal de Uberl&acirc;ndia<\/td><td class=\"has-text-align-center\" data-align=\"center\">1<\/td><\/tr><tr><td>Reumatologia<\/td><td>Hospital Universit&aacute;rio da Universidade Federal de Juiz de Fora<\/td><td class=\"has-text-align-center\" data-align=\"center\">1<\/td><\/tr><tr><td>Reumatologia<\/td><td>Universidade Federal do Triangulo Mineiro &ndash; Uberaba<\/td><td class=\"has-text-align-center\" data-align=\"center\">2<\/td><\/tr><tr><td>Urologia<\/td><td>Hospital da Clinicas da UFMG<\/td><td class=\"has-text-align-center\" data-align=\"center\">1<\/td><\/tr><tr><td>Urologia<\/td><td>Hospital das Cl&iacute;nicas Samuel Lib&acirc;nio<\/td><td class=\"has-text-align-center\" data-align=\"center\">1<\/td><\/tr><tr><td>Urologia<\/td><td>Irmandade do Hospital de Nossa Senhora das Dores &ndash; Ponte Nova<\/td><td class=\"has-text-align-center\" data-align=\"center\">1<\/td><\/tr><tr><td>Urologia<\/td><td>Universidade Federal do Triangulo Mineiro &ndash; Uberaba<\/td><td class=\"has-text-align-center\" data-align=\"center\">1<\/td><\/tr><\/tbody><\/table><\/figure><div class=\"wp-block-buttons is-content-justification-center is-layout-flex wp-container-core-buttons-is-layout-1 wp-block-buttons-is-layout-flex\">\n<div class=\"wp-block-button\"><a class=\"wp-block-button__link wp-element-button\" href=\"https:\/\/cdn.medblog.estrategiaeducacional.com.br\/wp-content\/uploads\/2024\/03\/Resumodevagas-PSU3-2024-20240305101531.pdf\" target=\"_blank\">RESUMO DE VAGAS PSU-MG 2024.3<\/a><\/div>\n<\/div><h2 class=\"wp-block-heading\" id=\"h-editais-psu-mg-2024-3\"><span class=\"ez-toc-section\" id=\"Editais-PSU-MG-20243\"><\/span>Editais PSU-MG 2024.3<span class=\"ez-toc-section-end\"><\/span><\/h2><p>Os editais das institui&ccedil;&otilde;es participantes do terceiro PSU-MG de 2024 foram divulgados no dia 4 de mar&ccedil;o de 2024 e podem ser acessados atrav&eacute;s da p&aacute;gina oficial dos processos sob responsabilidade da AREMG:<\/p><div class=\"wp-block-buttons is-content-justification-center is-layout-flex wp-container-core-buttons-is-layout-2 wp-block-buttons-is-layout-flex\">\n<div class=\"wp-block-button\"><a class=\"wp-block-button__link wp-element-button\" href=\"https:\/\/www.aremg.org.br\/processos-atuais\" target=\"_blank\">AREMG &ndash; PROCESSOS ATUAIS<\/a><\/div>\n<\/div><p>Para n&atilde;o perder nenhuma atualiza&ccedil;&atilde;o no universo da medicina e ficar por dentro dos seletivos de Resid&ecirc;ncia M&eacute;dica, de revalida&ccedil;&atilde;o de diplomas e conte&uacute;dos t&eacute;cnicos, continue acessando o&nbsp;<a href=\"https:\/\/med.estrategia.com\/portal\/\" target=\"_blank\">Portal do Estrat&eacute;gia MED<\/a>!&nbsp;<\/p><p>\n\n\n\n\n\n<a id=\"cta\" class=\"cta-imagem\" href=\"https:\/\/med.estrategia.com\/curso\/banco-de-questes-resumos-estrategicos-anual\/\" target=\"blank\">\n                <img decoding=\"async\" width=\"100%\" src=\"https:\/\/med.estrategia.com\/portal\/wp-content\/uploads\/2025\/08\/banco_questoes.png\" alt=\"banco_questoes\" title=\"banco_questoes\">\n        <\/a>\n<\/p><\/p>\n","protected":false},"excerpt":{"rendered":"Ao todo, 53 institui\u00e7\u00f5es participam do terceiro PSU-MG 2024 e ofertam mais 200 de vagas para ingresso ainda em mar\u00e7o\n","protected":false},"author":39,"featured_media":42325,"comment_status":"closed","ping_status":"closed","sticky":false,"template":"","format":"standard","meta":{"wl_entities_gutenberg":"","footnotes":""},"categories":[300],"tags":[],"wl_entity_type":[199],"class_list":{"0":"post-59434","1":"post","2":"type-post","3":"status-publish","4":"format-standard","5":"has-post-thumbnail","7":"category-noticias","8":"wl_entity_type-article"},"acf":[],"yoast_head":"<!-- This site is optimized with the Yoast SEO Premium plugin v26.6 (Yoast SEO v26.6) - https:\/\/yoast.com\/wordpress\/plugins\/seo\/ -->\n<title>AREMG divulga editais do terceiro PSU-MG para Resid\u00eancia M\u00e9dica em 2024<\/title>\n<meta name=\"description\" content=\"PSU-MG tem seu terceiro processo seletivo de resid\u00eancia m\u00e9dica para 2024 divulgado! Confira com o Estrat\u00e9gia MED as principais informa\u00e7\u00f5es\" \/>\n<meta name=\"robots\" content=\"index, follow, max-snippet:-1, max-image-preview:large, max-video-preview:-1\" \/>\n<link rel=\"canonical\" href=\"https:\/\/med.estrategia.com\/portal\/noticias\/aremg-divulga-editais-do-terceiro-psu-mg-para-residencia-medica-em-2024\/\" \/>\n<meta property=\"og:locale\" content=\"pt_BR\" \/>\n<meta property=\"og:type\" content=\"article\" \/>\n<meta property=\"og:title\" content=\"AREMG divulga editais do terceiro PSU-MG para Resid\u00eancia M\u00e9dica em 2024\" \/>\n<meta property=\"og:description\" content=\"PSU-MG tem seu terceiro processo seletivo de resid\u00eancia m\u00e9dica para 2024 divulgado! Confira com o Estrat\u00e9gia MED as principais informa\u00e7\u00f5es\" \/>\n<meta property=\"og:url\" content=\"https:\/\/med.estrategia.com\/portal\/noticias\/aremg-divulga-editais-do-terceiro-psu-mg-para-residencia-medica-em-2024\/\" \/>\n<meta property=\"og:site_name\" content=\"Estrat\u00e9gia MED\" \/>\n<meta property=\"article:publisher\" content=\"https:\/\/www.facebook.com\/estrategiamed1\" \/>\n<meta property=\"article:published_time\" content=\"2024-03-05T13:42:24+00:00\" \/>\n<meta property=\"article:modified_time\" content=\"2024-03-11T17:45:06+00:00\" \/>\n<meta property=\"og:image\" content=\"https:\/\/med.estrategia.com\/portal\/wp-content\/uploads\/2023\/07\/PSU-MG_edital.jpg\" \/>\n\t<meta property=\"og:image:width\" content=\"1920\" \/>\n\t<meta property=\"og:image:height\" content=\"1080\" \/>\n\t<meta property=\"og:image:type\" content=\"image\/jpeg\" \/>\n<meta name=\"author\" content=\"Ana Carolina Damasceno\" \/>\n<meta name=\"twitter:card\" content=\"summary_large_image\" \/>\n<meta name=\"twitter:creator\" content=\"@estrategiamed_\" \/>\n<meta name=\"twitter:site\" content=\"@estrategiamed_\" \/>\n<meta name=\"twitter:label1\" content=\"Escrito por\" \/>\n\t<meta name=\"twitter:data1\" content=\"Ana Carolina Damasceno\" \/>\n\t<meta name=\"twitter:label2\" content=\"Est. tempo de leitura\" \/>\n\t<meta name=\"twitter:data2\" content=\"10 minutos\" \/>\n<script type=\"application\/ld+json\" class=\"yoast-schema-graph\">{\"@context\":\"https:\/\/schema.org\",\"@graph\":[{\"@type\":\"WebPage\",\"@id\":\"https:\/\/med.estrategia.com\/portal\/noticias\/aremg-divulga-editais-do-terceiro-psu-mg-para-residencia-medica-em-2024\/\",\"url\":\"https:\/\/med.estrategia.com\/portal\/noticias\/aremg-divulga-editais-do-terceiro-psu-mg-para-residencia-medica-em-2024\/\",\"name\":\"AREMG divulga editais do terceiro PSU-MG para Resid\u00eancia M\u00e9dica em 2024\",\"isPartOf\":{\"@id\":\"https:\/\/med.estrategia.com\/portal\/#website\"},\"primaryImageOfPage\":{\"@id\":\"https:\/\/med.estrategia.com\/portal\/noticias\/aremg-divulga-editais-do-terceiro-psu-mg-para-residencia-medica-em-2024\/#primaryimage\"},\"image\":{\"@id\":\"https:\/\/med.estrategia.com\/portal\/noticias\/aremg-divulga-editais-do-terceiro-psu-mg-para-residencia-medica-em-2024\/#primaryimage\"},\"thumbnailUrl\":\"https:\/\/med.estrategia.com\/portal\/wp-content\/uploads\/2023\/07\/PSU-MG_edital.jpg\",\"datePublished\":\"2024-03-05T13:42:24+00:00\",\"dateModified\":\"2024-03-11T17:45:06+00:00\",\"author\":{\"@id\":\"https:\/\/med.estrategia.com\/portal\/#\/schema\/person\/2f553adbb8e25fe39d145c5b2927f58c\"},\"description\":\"PSU-MG tem seu terceiro processo seletivo de resid\u00eancia m\u00e9dica para 2024 divulgado! Confira com o Estrat\u00e9gia MED as principais informa\u00e7\u00f5es\",\"breadcrumb\":{\"@id\":\"https:\/\/med.estrategia.com\/portal\/noticias\/aremg-divulga-editais-do-terceiro-psu-mg-para-residencia-medica-em-2024\/#breadcrumb\"},\"inLanguage\":\"pt-BR\",\"potentialAction\":[{\"@type\":\"ReadAction\",\"target\":[\"https:\/\/med.estrategia.com\/portal\/noticias\/aremg-divulga-editais-do-terceiro-psu-mg-para-residencia-medica-em-2024\/\"]}]},{\"@type\":\"ImageObject\",\"inLanguage\":\"pt-BR\",\"@id\":\"https:\/\/med.estrategia.com\/portal\/noticias\/aremg-divulga-editais-do-terceiro-psu-mg-para-residencia-medica-em-2024\/#primaryimage\",\"url\":\"https:\/\/med.estrategia.com\/portal\/wp-content\/uploads\/2023\/07\/PSU-MG_edital.jpg\",\"contentUrl\":\"https:\/\/med.estrategia.com\/portal\/wp-content\/uploads\/2023\/07\/PSU-MG_edital.jpg\",\"width\":1920,\"height\":1080,\"caption\":\"Estrat\u00e9gia MED | Foto de Divulga\u00e7\u00e3o: Hospital Risoleta Tolentino Neves\"},{\"@type\":\"BreadcrumbList\",\"@id\":\"https:\/\/med.estrategia.com\/portal\/noticias\/aremg-divulga-editais-do-terceiro-psu-mg-para-residencia-medica-em-2024\/#breadcrumb\",\"itemListElement\":[{\"@type\":\"ListItem\",\"position\":1,\"name\":\"Home\",\"item\":\"https:\/\/med.estrategia.com\/portal\/\"},{\"@type\":\"ListItem\",\"position\":2,\"name\":\"Not\u00edcias\",\"item\":\"https:\/\/med.estrategia.com\/portal\/noticias\/\"},{\"@type\":\"ListItem\",\"position\":3,\"name\":\"AREMG divulga editais do terceiro PSU-MG para Resid\u00eancia M\u00e9dica em 2024\"}]},{\"@type\":\"WebSite\",\"@id\":\"https:\/\/med.estrategia.com\/portal\/#website\",\"url\":\"https:\/\/med.estrategia.com\/portal\/\",\"name\":\"Estrat\u00e9gia MED\",\"description\":\"\",\"potentialAction\":[{\"@type\":\"SearchAction\",\"target\":{\"@type\":\"EntryPoint\",\"urlTemplate\":\"https:\/\/med.estrategia.com\/portal\/?s={search_term_string}\"},\"query-input\":{\"@type\":\"PropertyValueSpecification\",\"valueRequired\":true,\"valueName\":\"search_term_string\"}}],\"inLanguage\":\"pt-BR\"},{\"@type\":\"Person\",\"@id\":\"https:\/\/med.estrategia.com\/portal\/#\/schema\/person\/2f553adbb8e25fe39d145c5b2927f58c\",\"name\":\"Ana Carolina Damasceno\",\"image\":{\"@type\":\"ImageObject\",\"inLanguage\":\"pt-BR\",\"@id\":\"https:\/\/med.estrategia.com\/portal\/#\/schema\/person\/image\/\",\"url\":\"https:\/\/med.estrategia.com\/portal\/wp-content\/uploads\/2021\/09\/WhatsApp-Image-2023-08-18-at-16.46.43-150x150.jpeg\",\"contentUrl\":\"https:\/\/med.estrategia.com\/portal\/wp-content\/uploads\/2021\/09\/WhatsApp-Image-2023-08-18-at-16.46.43-150x150.jpeg\",\"caption\":\"Ana Carolina Damasceno\"},\"description\":\"Coordenadora de Jornalismo EMED. Comunicadora por natureza e forma\u00e7\u00e3o, que ama e perde a no\u00e7\u00e3o do tempo com m\u00fasica e s\u00e9rie.\",\"url\":\"https:\/\/med.estrategia.com\/portal\/author\/ana-carolina-damasceno\/\"}]}<\/script>\n<!-- \/ Yoast SEO Premium plugin. -->","yoast_head_json":{"title":"AREMG divulga editais do terceiro PSU-MG para Resid\u00eancia M\u00e9dica em 2024","description":"PSU-MG tem seu terceiro processo seletivo de resid\u00eancia m\u00e9dica para 2024 divulgado! Confira com o Estrat\u00e9gia MED as principais informa\u00e7\u00f5es","robots":{"index":"index","follow":"follow","max-snippet":"max-snippet:-1","max-image-preview":"max-image-preview:large","max-video-preview":"max-video-preview:-1"},"canonical":"https:\/\/med.estrategia.com\/portal\/noticias\/aremg-divulga-editais-do-terceiro-psu-mg-para-residencia-medica-em-2024\/","og_locale":"pt_BR","og_type":"article","og_title":"AREMG divulga editais do terceiro PSU-MG para Resid\u00eancia M\u00e9dica em 2024","og_description":"PSU-MG tem seu terceiro processo seletivo de resid\u00eancia m\u00e9dica para 2024 divulgado! Confira com o Estrat\u00e9gia MED as principais informa\u00e7\u00f5es","og_url":"https:\/\/med.estrategia.com\/portal\/noticias\/aremg-divulga-editais-do-terceiro-psu-mg-para-residencia-medica-em-2024\/","og_site_name":"Estrat\u00e9gia MED","article_publisher":"https:\/\/www.facebook.com\/estrategiamed1","article_published_time":"2024-03-05T13:42:24+00:00","article_modified_time":"2024-03-11T17:45:06+00:00","og_image":[{"width":1920,"height":1080,"url":"https:\/\/med.estrategia.com\/portal\/wp-content\/uploads\/2023\/07\/PSU-MG_edital.jpg","type":"image\/jpeg"}],"author":"Ana Carolina Damasceno","twitter_card":"summary_large_image","twitter_creator":"@estrategiamed_","twitter_site":"@estrategiamed_","twitter_misc":{"Escrito por":"Ana Carolina Damasceno","Est. tempo de leitura":"10 minutos"},"schema":{"@context":"https:\/\/schema.org","@graph":[{"@type":"WebPage","@id":"https:\/\/med.estrategia.com\/portal\/noticias\/aremg-divulga-editais-do-terceiro-psu-mg-para-residencia-medica-em-2024\/","url":"https:\/\/med.estrategia.com\/portal\/noticias\/aremg-divulga-editais-do-terceiro-psu-mg-para-residencia-medica-em-2024\/","name":"AREMG divulga editais do terceiro PSU-MG para Resid\u00eancia M\u00e9dica em 2024","isPartOf":{"@id":"https:\/\/med.estrategia.com\/portal\/#website"},"primaryImageOfPage":{"@id":"https:\/\/med.estrategia.com\/portal\/noticias\/aremg-divulga-editais-do-terceiro-psu-mg-para-residencia-medica-em-2024\/#primaryimage"},"image":{"@id":"https:\/\/med.estrategia.com\/portal\/noticias\/aremg-divulga-editais-do-terceiro-psu-mg-para-residencia-medica-em-2024\/#primaryimage"},"thumbnailUrl":"https:\/\/med.estrategia.com\/portal\/wp-content\/uploads\/2023\/07\/PSU-MG_edital.jpg","datePublished":"2024-03-05T13:42:24+00:00","dateModified":"2024-03-11T17:45:06+00:00","author":{"@id":"https:\/\/med.estrategia.com\/portal\/#\/schema\/person\/2f553adbb8e25fe39d145c5b2927f58c"},"description":"PSU-MG tem seu terceiro processo seletivo de resid\u00eancia m\u00e9dica para 2024 divulgado! Confira com o Estrat\u00e9gia MED as principais informa\u00e7\u00f5es","breadcrumb":{"@id":"https:\/\/med.estrategia.com\/portal\/noticias\/aremg-divulga-editais-do-terceiro-psu-mg-para-residencia-medica-em-2024\/#breadcrumb"},"inLanguage":"pt-BR","potentialAction":[{"@type":"ReadAction","target":["https:\/\/med.estrategia.com\/portal\/noticias\/aremg-divulga-editais-do-terceiro-psu-mg-para-residencia-medica-em-2024\/"]}]},{"@type":"ImageObject","inLanguage":"pt-BR","@id":"https:\/\/med.estrategia.com\/portal\/noticias\/aremg-divulga-editais-do-terceiro-psu-mg-para-residencia-medica-em-2024\/#primaryimage","url":"https:\/\/med.estrategia.com\/portal\/wp-content\/uploads\/2023\/07\/PSU-MG_edital.jpg","contentUrl":"https:\/\/med.estrategia.com\/portal\/wp-content\/uploads\/2023\/07\/PSU-MG_edital.jpg","width":1920,"height":1080,"caption":"Estrat\u00e9gia MED | Foto de Divulga\u00e7\u00e3o: Hospital Risoleta Tolentino Neves"},{"@type":"BreadcrumbList","@id":"https:\/\/med.estrategia.com\/portal\/noticias\/aremg-divulga-editais-do-terceiro-psu-mg-para-residencia-medica-em-2024\/#breadcrumb","itemListElement":[{"@type":"ListItem","position":1,"name":"Home","item":"https:\/\/med.estrategia.com\/portal\/"},{"@type":"ListItem","position":2,"name":"Not\u00edcias","item":"https:\/\/med.estrategia.com\/portal\/noticias\/"},{"@type":"ListItem","position":3,"name":"AREMG divulga editais do terceiro PSU-MG para Resid\u00eancia M\u00e9dica em 2024"}]},{"@type":"WebSite","@id":"https:\/\/med.estrategia.com\/portal\/#website","url":"https:\/\/med.estrategia.com\/portal\/","name":"Estrat\u00e9gia MED","description":"","potentialAction":[{"@type":"SearchAction","target":{"@type":"EntryPoint","urlTemplate":"https:\/\/med.estrategia.com\/portal\/?s={search_term_string}"},"query-input":{"@type":"PropertyValueSpecification","valueRequired":true,"valueName":"search_term_string"}}],"inLanguage":"pt-BR"},{"@type":"Person","@id":"https:\/\/med.estrategia.com\/portal\/#\/schema\/person\/2f553adbb8e25fe39d145c5b2927f58c","name":"Ana Carolina Damasceno","image":{"@type":"ImageObject","inLanguage":"pt-BR","@id":"https:\/\/med.estrategia.com\/portal\/#\/schema\/person\/image\/","url":"https:\/\/med.estrategia.com\/portal\/wp-content\/uploads\/2021\/09\/WhatsApp-Image-2023-08-18-at-16.46.43-150x150.jpeg","contentUrl":"https:\/\/med.estrategia.com\/portal\/wp-content\/uploads\/2021\/09\/WhatsApp-Image-2023-08-18-at-16.46.43-150x150.jpeg","caption":"Ana Carolina Damasceno"},"description":"Coordenadora de Jornalismo EMED. Comunicadora por natureza e forma\u00e7\u00e3o, que ama e perde a no\u00e7\u00e3o do tempo com m\u00fasica e s\u00e9rie.","url":"https:\/\/med.estrategia.com\/portal\/author\/ana-carolina-damasceno\/"}]}},"_wl_alt_label":[],"wl:entity_url":"\/post\/aremg-divulga-editais-do-terceiro-psu-mg-para-residencia-medica-em-2024","_links":{"self":[{"href":"https:\/\/med.estrategia.com\/portal\/wp-json\/wp\/v2\/posts\/59434","targetHints":{"allow":["GET"]}}],"collection":[{"href":"https:\/\/med.estrategia.com\/portal\/wp-json\/wp\/v2\/posts"}],"about":[{"href":"https:\/\/med.estrategia.com\/portal\/wp-json\/wp\/v2\/types\/post"}],"author":[{"embeddable":true,"href":"https:\/\/med.estrategia.com\/portal\/wp-json\/wp\/v2\/users\/39"}],"replies":[{"embeddable":true,"href":"https:\/\/med.estrategia.com\/portal\/wp-json\/wp\/v2\/comments?post=59434"}],"version-history":[{"count":2,"href":"https:\/\/med.estrategia.com\/portal\/wp-json\/wp\/v2\/posts\/59434\/revisions"}],"predecessor-version":[{"id":59442,"href":"https:\/\/med.estrategia.com\/portal\/wp-json\/wp\/v2\/posts\/59434\/revisions\/59442"}],"wp:featuredmedia":[{"embeddable":true,"href":"https:\/\/med.estrategia.com\/portal\/wp-json\/wp\/v2\/media\/42325"}],"wp:attachment":[{"href":"https:\/\/med.estrategia.com\/portal\/wp-json\/wp\/v2\/media?parent=59434"}],"wp:term":[{"taxonomy":"category","embeddable":true,"href":"https:\/\/med.estrategia.com\/portal\/wp-json\/wp\/v2\/categories?post=59434"},{"taxonomy":"post_tag","embeddable":true,"href":"https:\/\/med.estrategia.com\/portal\/wp-json\/wp\/v2\/tags?post=59434"},{"taxonomy":"wl_entity_type","embeddable":true,"href":"https:\/\/med.estrategia.com\/portal\/wp-json\/wp\/v2\/wl_entity_type?post=59434"}],"curies":[{"name":"wp","href":"https:\/\/api.w.org\/{rel}","templated":true}]}}