{"id":59438,"date":"2024-03-05T12:46:20","date_gmt":"2024-03-05T15:46:20","guid":{"rendered":"https:\/\/med.estrategia.com\/portal\/?p=59438"},"modified":"2024-03-05T12:48:40","modified_gmt":"2024-03-05T15:48:40","slug":"unifesp-esta-com-inscricoes-abertas-para-seletivo-de-residencia-medica-2024-2","status":"publish","type":"post","link":"https:\/\/med.estrategia.com\/portal\/noticias\/unifesp-esta-com-inscricoes-abertas-para-seletivo-de-residencia-medica-2024-2\/","title":{"rendered":"Unifesp est\u00e1 com inscri\u00e7\u00f5es abertas para seletivo de Resid\u00eancia M\u00e9dica 2024.2"},"content":{"rendered":"<p>A&nbsp;<strong>Universidade Federal de S&atilde;o Paulo (Unifesp)<\/strong>&nbsp;tornou p&uacute;blico na &uacute;ltima sexta-feira (1) o edital de abertura de inscri&ccedil;&otilde;es de seu processo seletivo para&nbsp;<strong>2024.2<\/strong>&nbsp;de resid&ecirc;ncia m&eacute;dica que prev&ecirc; o ingresso de m&eacute;dicos aprovados em 2024 nos programas ofertados. O novo seletivo oferece&nbsp;<strong>77 vagas<\/strong>&nbsp;de resid&ecirc;ncia m&eacute;dica distribu&iacute;das entre&nbsp;<strong>Acesso direto<\/strong>,&nbsp;<strong>Pr&eacute;-Requisito, &Aacute;reas de Atua&ccedil;&atilde;o<\/strong> e <strong>Ano Opcional<\/strong>.<p>As&nbsp;<strong>inscri&ccedil;&otilde;es<\/strong>&nbsp;estar&atilde;o abertas at&eacute; &agrave;s <strong>20h do dia 7 de mar&ccedil;o de 2024<\/strong> e os interessados podem realiz&aacute;-la exclusivamente&nbsp;<strong>via Internet<\/strong>, atrav&eacute;s do site da&nbsp;<a href=\"https:\/\/coreme2024.fapunifesp.edu.br\/\" target=\"_blank\">Unifesp<\/a>, seguindo as instru&ccedil;&otilde;es do edital, constantes no item 2. A inscri&ccedil;&atilde;o tem uma&nbsp;<strong>taxa<\/strong>&nbsp;no valor de&nbsp;<strong>R$ 164,63<\/strong>&nbsp;que deve ser paga at&eacute;&nbsp;<strong>11 mar&ccedil;o<\/strong>. Confira mais informa&ccedil;&otilde;es abaixo:<\/p><div id=\"ez-toc-container\" class=\"ez-toc-v2_0_79_2 counter-hierarchy ez-toc-counter ez-toc-transparent ez-toc-container-direction\">\n<div class=\"ez-toc-title-container\"><p class=\"ez-toc-title\" style=\"cursor:inherit\">Navegue pelo conte\u00fado<\/p>\n<\/div><nav><ul class='ez-toc-list ez-toc-list-level-1 ' ><li class='ez-toc-page-1 ez-toc-heading-level-2'><a class=\"ez-toc-link ez-toc-heading-1\" href=\"https:\/\/med.estrategia.com\/portal\/noticias\/unifesp-esta-com-inscricoes-abertas-para-seletivo-de-residencia-medica-2024-2\/#Resumo-Edital-%E2%80%93-Unifesp-20242\" >Resumo Edital &ndash; Unifesp 2024.2<\/a><ul class='ez-toc-list-level-3' ><li class='ez-toc-heading-level-3'><a class=\"ez-toc-link ez-toc-heading-2\" href=\"https:\/\/med.estrategia.com\/portal\/noticias\/unifesp-esta-com-inscricoes-abertas-para-seletivo-de-residencia-medica-2024-2\/#Inscreva-se-em-nossa-newsletter\" >Inscreva-se em nossa newsletter!<\/a><\/li><\/ul><\/li><li class='ez-toc-page-1 ez-toc-heading-level-2'><a class=\"ez-toc-link ez-toc-heading-3\" href=\"https:\/\/med.estrategia.com\/portal\/noticias\/unifesp-esta-com-inscricoes-abertas-para-seletivo-de-residencia-medica-2024-2\/#Vagas-Residencia-Medica-%E2%80%93-Unifesp-20242\" >Vagas Resid&ecirc;ncia M&eacute;dica &ndash; Unifesp 2024.2<\/a><ul class='ez-toc-list-level-3' ><li class='ez-toc-heading-level-3'><a class=\"ez-toc-link ez-toc-heading-4\" href=\"https:\/\/med.estrategia.com\/portal\/noticias\/unifesp-esta-com-inscricoes-abertas-para-seletivo-de-residencia-medica-2024-2\/#Programas-de-Acesso-Direto\" >Programas de Acesso Direto<\/a><\/li><li class='ez-toc-page-1 ez-toc-heading-level-3'><a class=\"ez-toc-link ez-toc-heading-5\" href=\"https:\/\/med.estrategia.com\/portal\/noticias\/unifesp-esta-com-inscricoes-abertas-para-seletivo-de-residencia-medica-2024-2\/#Programas-de-Pre-Requisito\" >Programas de Pr&eacute;-Requisito<\/a><\/li><li class='ez-toc-page-1 ez-toc-heading-level-3'><a class=\"ez-toc-link ez-toc-heading-6\" href=\"https:\/\/med.estrategia.com\/portal\/noticias\/unifesp-esta-com-inscricoes-abertas-para-seletivo-de-residencia-medica-2024-2\/#Programas-de-Area-de-Atuacao\" >Programas de &Aacute;rea de Atua&ccedil;&atilde;o<\/a><\/li><li class='ez-toc-page-1 ez-toc-heading-level-3'><a class=\"ez-toc-link ez-toc-heading-7\" href=\"https:\/\/med.estrategia.com\/portal\/noticias\/unifesp-esta-com-inscricoes-abertas-para-seletivo-de-residencia-medica-2024-2\/#Programas-de-Ano-Opcional\" >Programas de Ano Opcional<\/a><\/li><\/ul><\/li><li class='ez-toc-page-1 ez-toc-heading-level-2'><a class=\"ez-toc-link ez-toc-heading-8\" href=\"https:\/\/med.estrategia.com\/portal\/noticias\/unifesp-esta-com-inscricoes-abertas-para-seletivo-de-residencia-medica-2024-2\/#Edital-Residencia-Medica-%E2%80%93-Unifesp-20242\" >Edital Resid&ecirc;ncia M&eacute;dica &ndash; Unifesp 2024.2<\/a><\/li><\/ul><\/nav><\/div>\n<h2 class=\"wp-block-heading\" id=\"h-resumo-edital-unifesp-2024-2\"><span class=\"ez-toc-section\" id=\"Resumo-Edital-%E2%80%93-Unifesp-20242\"><\/span>Resumo Edital &ndash; Unifesp 2024.2<span class=\"ez-toc-section-end\"><\/span><\/h2><figure class=\"wp-block-table\"><table><tbody><tr><td><strong>Vagas ofertadas<\/strong><\/td><td class=\"has-text-align-center\" data-align=\"center\">77<\/td><\/tr><tr><td><strong>Inscri&ccedil;&otilde;es<\/strong><\/td><td class=\"has-text-align-center\" data-align=\"center\">01 a 07\/03\/2024<\/td><\/tr><tr><td><strong>Taxa de inscri&ccedil;&atilde;o<\/strong><\/td><td class=\"has-text-align-center\" data-align=\"center\">R$ 164,63<\/td><\/tr><tr><td><strong>Composi&ccedil;&atilde;o do processo seletivo<\/strong><\/td><td class=\"has-text-align-center\" data-align=\"center\">1&ordf; Fase: Prova Objetiva + 2&ordf; Fase: Prova Pr&aacute;tica + Entrevista<\/td><\/tr><tr><td><strong>Prova<\/strong>&nbsp;<strong>objetiva<\/strong><\/td><td class=\"has-text-align-center\" data-align=\"center\">09\/03\/2024<\/td><\/tr><tr><td><strong>Gabarito preliminar<\/strong><\/td><td class=\"has-text-align-center\" data-align=\"center\">09\/03\/2024 (16h)<\/td><\/tr><tr><td><strong>Recursos ao gabarito<\/strong><\/td><td class=\"has-text-align-center\" data-align=\"center\">10\/03\/2024 (das 9h &agrave;s 16h)<\/td><\/tr><tr><td><strong>Prova pr&aacute;tica<\/strong><\/td><td class=\"has-text-align-center\" data-align=\"center\">11\/03\/2024<\/td><\/tr><tr><td><strong>An&aacute;lise curricular<\/strong><\/td><td class=\"has-text-align-center\" data-align=\"center\">11\/03\/2024<\/td><\/tr><tr><td><strong>Resultados parciais<\/strong> <strong>(1&ordf; fase)<\/strong><\/td><td class=\"has-text-align-center\" data-align=\"center\">12\/03\/2024<\/td><\/tr><tr><td><strong>Recursos aos resultados<\/strong><\/td><td class=\"has-text-align-center\" data-align=\"center\">13\/03\/2024 (das 9h &agrave;s 16h)<\/td><\/tr><tr><td><strong>Resultado final<\/strong><\/td><td class=\"has-text-align-center\" data-align=\"center\">14\/03\/2024<\/td><\/tr><tr><td><strong>Matr&iacute;culas <\/strong><\/td><td class=\"has-text-align-center\" data-align=\"center\">18\/03\/2024<\/td><\/tr><tr><td><strong>In&iacute;cio dos programas<\/strong><\/td><td class=\"has-text-align-center\" data-align=\"center\">sem data<\/td><\/tr><\/tbody><\/table><\/figure><p>Quer saber em detalhes tudo sobre o processo seletivo para resid&ecirc;ncia m&eacute;dica da Unifesp?&nbsp;<a href=\"https:\/\/med.estrategia.com\/portal\/residencia-medica\/unifesp-residencia-medica\/\" target=\"_blank\">Clique aqui e confira o texto exclusivo<\/a>&nbsp;que preparamos para auxiliar voc&ecirc; a entender como funciona a inscri&ccedil;&atilde;o, prova, vagas ofertadas e mais da Unifesp 2024 para Resid&ecirc;ncia M&eacute;dica! Assine tamb&eacute;m a nossa Newsletter para receber atualiza&ccedil;&otilde;es sobre este e outros processos seletivos diretamente no seu e-mail:<\/p><p>\n\n\n<div id=\"new-form\">\n\t<form id=\"forms_layout\">\n\t<input type=\"hidden\" id=\"chave_de\" name=\"chave_de\" value=\"01_EMED_LEADS_TOTAIS\" \/>\n\t\t<input type=\"hidden\" id=\"mid\" name=\"mid\" value=\"515009018\" \/>\n\t\t<input type=\"hidden\" id=\"Objetivo\" name=\"Objetivo\" value=\"Medicina\" \/>\n\t\t<input type=\"hidden\" id=\"Estado_de_Origem_do_IP\" name=\"Estado_de_Origem_do_IP\"  value=\"\" \/>\n\t\t<input type=\"hidden\" id=\"Cidade_de_Origem_do_IP\" name=\"Cidade_de_Origem_do_IP\" value=\"\" \/>\n\t\t<input type=\"hidden\" id=\"Modo_de_entrada\" name=\"Modo_de_entrada\" value=\"Portal\" \/>\n\t\t<input type=\"hidden\" id=\"Pagina_Origem\" name=\"Pagina_Origem\" value=\"\" \/>\n\n\t\t<div class=\"texto\">\n\t\t\t<h3 class=\"news\"><span class=\"ez-toc-section\" id=\"Inscreva-se-em-nossa-newsletter\"><\/span>Inscreva-se em nossa newsletter!<span class=\"ez-toc-section-end\"><\/span><\/h3>\n\t\t\t<p>Receba not\u00edcias sobre resid\u00eancia m\u00e9dica, revalida\u00e7\u00e3o de diplomas e concursos m\u00e9dicos, al\u00e9m de materiais de estudo gratuitos e informa\u00e7\u00f5es relevantes do mundo da Medicina.<\/p>\n\t\t<\/div>\n\t\t<div class=\"campos\">\n\t\t\t<div class=\"first_name labels\">\n\t\t\t\t<input type=\"text\" class=\"input_labels\" id=\"first_name\" name=\"Nome_Completo\" placeholder=\"Nome\" required \/>\n\t\t\t<\/div>\n\t\t\t<div class=\"email labels\">\n\t\t\t\t<input type=\"email\" class=\"input_labels\" id=\"email\" name=\"Email\" placeholder=\"E-mail\" required \/>\n\t\t\t<\/div>\n\t\t\t<button type=\"submit\" class=\"button_layout\">\n\t\t\t\t<div id=\"lblBotao\">Inscreva-se<\/div>\n\t\t\t\t<span id=\"divSpiner\" class=\"loader\" role=\"status\" style=\"display: none;\"><\/span>\t\n\t\t\t<\/button>\n\t\t<\/div><!-- \/campos -->\n\t\t\n\t\t<label class=\"container_checkbox\">Voc\u00ea concorda com a nossa\n\t\t\t<a class=\"politics_privacy_ahref\" target=\"_blank\" href=\"https:\/\/gratis.estrategiaconcursos.com.br\/politica-de-privacidade\/\">Pol\u00edtica de Privacidade<\/a> e aceita receber informa\u00e7\u00f5es adicionais do Estrat\u00e9gia Educacional.\n\t\t\t<input id=\"checkbox_layout\" type=\"checkbox\" checked=\"checked\" required \/>\n\t\t\t<span class=\"checkbox\"><\/span>\n\t\t<\/label>\n\t\t<div id=\"msg\"><\/div>\n\t\t<div id=\"error\" class=\"error\">\n\t\t<\/div>\n\t<\/form>\n<\/div><!-- \/new-form -->\n\n\n\n<\/p><h2 class=\"wp-block-heading\" id=\"h-vagas-residencia-medica-unifesp-2024-2\"><span class=\"ez-toc-section\" id=\"Vagas-Residencia-Medica-%E2%80%93-Unifesp-20242\"><\/span>Vagas Resid&ecirc;ncia M&eacute;dica &ndash; Unifesp 2024.2<span class=\"ez-toc-section-end\"><\/span><\/h2><h3 class=\"wp-block-heading\" id=\"h-programas-de-acesso-direto\"><span class=\"ez-toc-section\" id=\"Programas-de-Acesso-Direto\"><\/span>Programas de Acesso Direto<span class=\"ez-toc-section-end\"><\/span><\/h3><figure class=\"wp-block-table\"><table><thead><tr><th>PROGRAMA<\/th><th class=\"has-text-align-center\" data-align=\"center\">VAGAS DISPON&Iacute;VEIS<\/th><\/tr><\/thead><tbody><tr><td>Acupuntura<\/td><td class=\"has-text-align-center\" data-align=\"center\">1<\/td><\/tr><tr><td>Patologia Cl&iacute;nica e Medicina Laboratorial<\/td><td class=\"has-text-align-center\" data-align=\"center\">2<\/td><\/tr><tr><td>Radioterapia<\/td><td class=\"has-text-align-center\" data-align=\"center\">1<\/td><\/tr><\/tbody><\/table><\/figure><h3 class=\"wp-block-heading\" id=\"h-programas-de-pre-requisito\"><span class=\"ez-toc-section\" id=\"Programas-de-Pre-Requisito\"><\/span>Programas de Pr&eacute;-Requisito<span class=\"ez-toc-section-end\"><\/span><\/h3><figure class=\"wp-block-table\"><table class=\"has-fixed-layout\"><thead><tr><th>PROGRAMA<\/th><th class=\"has-text-align-center\" data-align=\"center\">VAGAS DISPON&Iacute;VEIS<\/th><\/tr><\/thead><tbody><tr><td>Cirurgia Tor&aacute;cica<\/td><td class=\"has-text-align-center\" data-align=\"center\">2<\/td><\/tr><\/tbody><\/table><\/figure><h3 class=\"wp-block-heading\" id=\"h-programas-de-area-de-atuacao\"><span class=\"ez-toc-section\" id=\"Programas-de-Area-de-Atuacao\"><\/span>Programas de &Aacute;rea de Atua&ccedil;&atilde;o<span class=\"ez-toc-section-end\"><\/span><\/h3><figure class=\"wp-block-table\"><table><thead><tr><th>PROGRAMA<\/th><th class=\"has-text-align-center\" data-align=\"center\">VAGAS DISPON&Iacute;VEIS<\/th><\/tr><\/thead><tbody><tr><td>Cardiologia Pedi&aacute;trica<\/td><td class=\"has-text-align-center\" data-align=\"center\">6<\/td><\/tr><tr><td>Eletrofisiologia Cl&iacute;nica Invasiva<\/td><td class=\"has-text-align-center\" data-align=\"center\">4<\/td><\/tr><tr><td>Atendimento ao Queimado<\/td><td class=\"has-text-align-center\" data-align=\"center\">1<\/td><\/tr><tr><td>Ecografia Vascular com Doppler<\/td><td class=\"has-text-align-center\" data-align=\"center\">1<\/td><\/tr><tr><td>Hepatologia<\/td><td class=\"has-text-align-center\" data-align=\"center\">2<\/td><\/tr><tr><td>Infectologia Hospitalar<\/td><td class=\"has-text-align-center\" data-align=\"center\">2<\/td><\/tr><tr><td>Infectologia Pedi&aacute;trica<\/td><td class=\"has-text-align-center\" data-align=\"center\">4<\/td><\/tr><tr><td>Medicina Intensiva Pedi&aacute;trica<\/td><td class=\"has-text-align-center\" data-align=\"center\">7<\/td><\/tr><tr><td>Nefrologia Pedi&aacute;trica<\/td><td class=\"has-text-align-center\" data-align=\"center\">7<\/td><\/tr><tr><td>Neonatologia<\/td><td class=\"has-text-align-center\" data-align=\"center\">5<\/td><\/tr><tr><td>Nutrologia Pedi&aacute;trica<\/td><td class=\"has-text-align-center\" data-align=\"center\">5<\/td><\/tr><tr><td>Pneumologia Pedi&aacute;trica<\/td><td class=\"has-text-align-center\" data-align=\"center\">2<\/td><\/tr><tr><td>Reumatologia Pedi&aacute;trica<\/td><td class=\"has-text-align-center\" data-align=\"center\">1<\/td><\/tr><tr><td>Psicoterapia<\/td><td class=\"has-text-align-center\" data-align=\"center\">1<\/td><\/tr><\/tbody><\/table><\/figure><h3 class=\"wp-block-heading\" id=\"h-programas-de-ano-opcional\"><span class=\"ez-toc-section\" id=\"Programas-de-Ano-Opcional\"><\/span>Programas de Ano Opcional<span class=\"ez-toc-section-end\"><\/span><\/h3><figure class=\"wp-block-table\"><table><thead><tr><th>PROGRAMA<\/th><th class=\"has-text-align-center\" data-align=\"center\">VAGAS DISPON&Iacute;VEIS<\/th><\/tr><\/thead><tbody><tr><td>Cancerologia Pedi&aacute;trica<\/td><td class=\"has-text-align-center\" data-align=\"center\">4<\/td><\/tr><tr><td>Cardiologia<\/td><td class=\"has-text-align-center\" data-align=\"center\">5<\/td><\/tr><tr><td>Cl&iacute;nica M&eacute;dica<\/td><td class=\"has-text-align-center\" data-align=\"center\">1<\/td><\/tr><tr><td>Obstetr&iacute;cia e Ginecologia<\/td><td class=\"has-text-align-center\" data-align=\"center\">1<\/td><\/tr><tr><td>Transplante de Cora&ccedil;&atilde;o &ndash; Cardiologia<\/td><td class=\"has-text-align-center\" data-align=\"center\">3<\/td><\/tr><tr><td>Transplante de F&iacute;gado e P&acirc;ncreas &ndash; Cirurgia do Aparelho Digestivo<\/td><td class=\"has-text-align-center\" data-align=\"center\">3<\/td><\/tr><tr><td>Transplante de Rim &ndash; Pediatria<\/td><td class=\"has-text-align-center\" data-align=\"center\">2<\/td><\/tr><tr><td>Transplante de Rim &ndash; Nefrologia<\/td><td class=\"has-text-align-center\" data-align=\"center\">4<\/td><\/tr><\/tbody><\/table><\/figure><h2 class=\"wp-block-heading\" id=\"h-edital-residencia-medica-unifesp-2024-2\"><span class=\"ez-toc-section\" id=\"Edital-Residencia-Medica-%E2%80%93-Unifesp-20242\"><\/span>Edital Resid&ecirc;ncia M&eacute;dica &ndash; Unifesp 2024.2<span class=\"ez-toc-section-end\"><\/span><\/h2><p>O edital completo com todas as disposi&ccedil;&otilde;es sobre a edi&ccedil;&atilde;o 2024.2 do processo seletivo unificado de resid&ecirc;ncia m&eacute;dica organizado pela Unifesp foi divulgado em 1&ordm; de mar&ccedil;o de 2024. Confira abaixo:<\/p><div class=\"wp-block-buttons is-content-justification-center is-layout-flex wp-container-core-buttons-is-layout-1 wp-block-buttons-is-layout-flex\">\n<div class=\"wp-block-button\"><a class=\"wp-block-button__link wp-element-button\" href=\"https:\/\/med.estrategia.com\/portal\/wp-content\/uploads\/2024\/03\/Edital_II_91__2024_v3-unifesp.pdf\" target=\"_blank\">EDITAL Unifesp 2024.2<\/a><\/div>\n<\/div><p>Para n&atilde;o perder nenhuma atualiza&ccedil;&atilde;o no universo da medicina e ficar por dentro dos seletivos de Resid&ecirc;ncia M&eacute;dica, de revalida&ccedil;&atilde;o de diplomas e conte&uacute;dos t&eacute;cnicos, continue acessando o&nbsp;<a href=\"https:\/\/med.estrategia.com\/portal\/\" target=\"_blank\">Portal do Estrat&eacute;gia MED<\/a>!<\/p><p>\n\n\n\n\n\n\n<\/p><\/p>\n","protected":false},"excerpt":{"rendered":"As\u00a0inscri\u00e7\u00f5es\u00a0estar\u00e3o abertas entre os dias\u00a01 e 7 de mar\u00e7o de 2024, at\u00e9 \u00e0s 20h\n","protected":false},"author":52,"featured_media":41863,"comment_status":"closed","ping_status":"closed","sticky":false,"template":"","format":"standard","meta":{"wl_entities_gutenberg":"","footnotes":""},"categories":[300],"tags":[555,556],"wl_entity_type":[199],"class_list":{"0":"post-59438","1":"post","2":"type-post","3":"status-publish","4":"format-standard","5":"has-post-thumbnail","7":"category-noticias","8":"tag-unifesp","9":"tag-unifesp-2024","10":"wl_entity_type-article"},"acf":[],"yoast_head":"<!-- This site is optimized with the Yoast SEO Premium plugin v26.6 (Yoast SEO v26.6) - https:\/\/yoast.com\/wordpress\/plugins\/seo\/ -->\n<title>Unifesp est\u00e1 com inscri\u00e7\u00f5es abertas para seletivo de Resid\u00eancia M\u00e9dica 2024.2<\/title>\n<meta name=\"description\" content=\"A\u00a0Universidade Federal de S\u00e3o Paulo (Unifesp)\u00a0tornou p\u00fablico na \u00faltima sexta-feira (1) o edital de abertura de inscri\u00e7\u00f5es de seu processo seletivo para\u00a02024.2\u00a0de resid\u00eancia m\u00e9dica que prev\u00ea o ingresso de m\u00e9dicos aprovados em 2024 nos programas ofertados.\" \/>\n<meta name=\"robots\" content=\"index, follow, max-snippet:-1, max-image-preview:large, max-video-preview:-1\" \/>\n<link rel=\"canonical\" href=\"https:\/\/med.estrategia.com\/portal\/noticias\/unifesp-esta-com-inscricoes-abertas-para-seletivo-de-residencia-medica-2024-2\/\" \/>\n<meta property=\"og:locale\" content=\"pt_BR\" \/>\n<meta property=\"og:type\" content=\"article\" \/>\n<meta property=\"og:title\" content=\"Unifesp est\u00e1 com inscri\u00e7\u00f5es abertas para seletivo de Resid\u00eancia M\u00e9dica 2024.2\" \/>\n<meta property=\"og:description\" content=\"A\u00a0Universidade Federal de S\u00e3o Paulo (Unifesp)\u00a0tornou p\u00fablico na \u00faltima sexta-feira (1) o edital de abertura de inscri\u00e7\u00f5es de seu processo seletivo para\u00a02024.2\u00a0de resid\u00eancia m\u00e9dica que prev\u00ea o ingresso de m\u00e9dicos aprovados em 2024 nos programas ofertados.\" \/>\n<meta property=\"og:url\" content=\"https:\/\/med.estrategia.com\/portal\/noticias\/unifesp-esta-com-inscricoes-abertas-para-seletivo-de-residencia-medica-2024-2\/\" \/>\n<meta property=\"og:site_name\" content=\"Estrat\u00e9gia MED\" \/>\n<meta property=\"article:publisher\" content=\"https:\/\/www.facebook.com\/estrategiamed1\" \/>\n<meta property=\"article:published_time\" content=\"2024-03-05T15:46:20+00:00\" \/>\n<meta property=\"article:modified_time\" content=\"2024-03-05T15:48:40+00:00\" \/>\n<meta property=\"og:image\" content=\"https:\/\/med.estrategia.com\/portal\/wp-content\/uploads\/2023\/06\/UNIFESP_edital.jpg\" \/>\n\t<meta property=\"og:image:width\" content=\"1920\" \/>\n\t<meta property=\"og:image:height\" content=\"1080\" \/>\n\t<meta property=\"og:image:type\" content=\"image\/jpeg\" \/>\n<meta name=\"author\" content=\"Arion Wolff\" \/>\n<meta name=\"twitter:card\" content=\"summary_large_image\" \/>\n<meta name=\"twitter:creator\" content=\"@estrategiamed_\" \/>\n<meta name=\"twitter:site\" content=\"@estrategiamed_\" \/>\n<meta name=\"twitter:label1\" content=\"Escrito por\" \/>\n\t<meta name=\"twitter:data1\" content=\"Arion Wolff\" \/>\n\t<meta name=\"twitter:label2\" content=\"Est. tempo de leitura\" \/>\n\t<meta name=\"twitter:data2\" content=\"2 minutos\" \/>\n<script type=\"application\/ld+json\" class=\"yoast-schema-graph\">{\"@context\":\"https:\/\/schema.org\",\"@graph\":[{\"@type\":\"WebPage\",\"@id\":\"https:\/\/med.estrategia.com\/portal\/noticias\/unifesp-esta-com-inscricoes-abertas-para-seletivo-de-residencia-medica-2024-2\/\",\"url\":\"https:\/\/med.estrategia.com\/portal\/noticias\/unifesp-esta-com-inscricoes-abertas-para-seletivo-de-residencia-medica-2024-2\/\",\"name\":\"Unifesp est\u00e1 com inscri\u00e7\u00f5es abertas para seletivo de Resid\u00eancia M\u00e9dica 2024.2\",\"isPartOf\":{\"@id\":\"https:\/\/med.estrategia.com\/portal\/#website\"},\"primaryImageOfPage\":{\"@id\":\"https:\/\/med.estrategia.com\/portal\/noticias\/unifesp-esta-com-inscricoes-abertas-para-seletivo-de-residencia-medica-2024-2\/#primaryimage\"},\"image\":{\"@id\":\"https:\/\/med.estrategia.com\/portal\/noticias\/unifesp-esta-com-inscricoes-abertas-para-seletivo-de-residencia-medica-2024-2\/#primaryimage\"},\"thumbnailUrl\":\"https:\/\/med.estrategia.com\/portal\/wp-content\/uploads\/2023\/06\/UNIFESP_edital.jpg\",\"datePublished\":\"2024-03-05T15:46:20+00:00\",\"dateModified\":\"2024-03-05T15:48:40+00:00\",\"author\":{\"@id\":\"https:\/\/med.estrategia.com\/portal\/#\/schema\/person\/b6aba49604868a427dd15c3b1fc6a8bc\"},\"description\":\"A\u00a0Universidade Federal de S\u00e3o Paulo (Unifesp)\u00a0tornou p\u00fablico na \u00faltima sexta-feira (1) o edital de abertura de inscri\u00e7\u00f5es de seu processo seletivo para\u00a02024.2\u00a0de resid\u00eancia m\u00e9dica que prev\u00ea o ingresso de m\u00e9dicos aprovados em 2024 nos programas ofertados.\",\"breadcrumb\":{\"@id\":\"https:\/\/med.estrategia.com\/portal\/noticias\/unifesp-esta-com-inscricoes-abertas-para-seletivo-de-residencia-medica-2024-2\/#breadcrumb\"},\"inLanguage\":\"pt-BR\",\"potentialAction\":[{\"@type\":\"ReadAction\",\"target\":[\"https:\/\/med.estrategia.com\/portal\/noticias\/unifesp-esta-com-inscricoes-abertas-para-seletivo-de-residencia-medica-2024-2\/\"]}]},{\"@type\":\"ImageObject\",\"inLanguage\":\"pt-BR\",\"@id\":\"https:\/\/med.estrategia.com\/portal\/noticias\/unifesp-esta-com-inscricoes-abertas-para-seletivo-de-residencia-medica-2024-2\/#primaryimage\",\"url\":\"https:\/\/med.estrategia.com\/portal\/wp-content\/uploads\/2023\/06\/UNIFESP_edital.jpg\",\"contentUrl\":\"https:\/\/med.estrategia.com\/portal\/wp-content\/uploads\/2023\/06\/UNIFESP_edital.jpg\",\"width\":1920,\"height\":1080,\"caption\":\"Estrat\u00e9gia MED | Foto: Alex Reipert\"},{\"@type\":\"BreadcrumbList\",\"@id\":\"https:\/\/med.estrategia.com\/portal\/noticias\/unifesp-esta-com-inscricoes-abertas-para-seletivo-de-residencia-medica-2024-2\/#breadcrumb\",\"itemListElement\":[{\"@type\":\"ListItem\",\"position\":1,\"name\":\"Home\",\"item\":\"https:\/\/med.estrategia.com\/portal\/\"},{\"@type\":\"ListItem\",\"position\":2,\"name\":\"Not\u00edcias\",\"item\":\"https:\/\/med.estrategia.com\/portal\/noticias\/\"},{\"@type\":\"ListItem\",\"position\":3,\"name\":\"Unifesp est\u00e1 com inscri\u00e7\u00f5es abertas para seletivo de Resid\u00eancia M\u00e9dica 2024.2\"}]},{\"@type\":\"WebSite\",\"@id\":\"https:\/\/med.estrategia.com\/portal\/#website\",\"url\":\"https:\/\/med.estrategia.com\/portal\/\",\"name\":\"Estrat\u00e9gia MED\",\"description\":\"\",\"potentialAction\":[{\"@type\":\"SearchAction\",\"target\":{\"@type\":\"EntryPoint\",\"urlTemplate\":\"https:\/\/med.estrategia.com\/portal\/?s={search_term_string}\"},\"query-input\":{\"@type\":\"PropertyValueSpecification\",\"valueRequired\":true,\"valueName\":\"search_term_string\"}}],\"inLanguage\":\"pt-BR\"},{\"@type\":\"Person\",\"@id\":\"https:\/\/med.estrategia.com\/portal\/#\/schema\/person\/b6aba49604868a427dd15c3b1fc6a8bc\",\"name\":\"Arion Wolff\",\"image\":{\"@type\":\"ImageObject\",\"inLanguage\":\"pt-BR\",\"@id\":\"https:\/\/med.estrategia.com\/portal\/#\/schema\/person\/image\/\",\"url\":\"https:\/\/med.estrategia.com\/portal\/wp-content\/uploads\/2023\/12\/arion-wolff-estrategia-med-150x150.jpg\",\"contentUrl\":\"https:\/\/med.estrategia.com\/portal\/wp-content\/uploads\/2023\/12\/arion-wolff-estrategia-med-150x150.jpg\",\"caption\":\"Arion Wolff\"},\"description\":\"Jornalista formado pela UNIFATEC e p\u00f3s-graduado em Jornalismo Digital pela UNINTER. Escrevo sobre medicina, resid\u00eancia m\u00e9dica e sa\u00fade. Entusiasta de filmes, livros, bons dramas e romances gen\u00e9ricos.\",\"sameAs\":[\"http:\/\/med.estrategia.com\"],\"url\":\"https:\/\/med.estrategia.com\/portal\/author\/arion-santos\/\"}]}<\/script>\n<!-- \/ Yoast SEO Premium plugin. -->","yoast_head_json":{"title":"Unifesp est\u00e1 com inscri\u00e7\u00f5es abertas para seletivo de Resid\u00eancia M\u00e9dica 2024.2","description":"A\u00a0Universidade Federal de S\u00e3o Paulo (Unifesp)\u00a0tornou p\u00fablico na \u00faltima sexta-feira (1) o edital de abertura de inscri\u00e7\u00f5es de seu processo seletivo para\u00a02024.2\u00a0de resid\u00eancia m\u00e9dica que prev\u00ea o ingresso de m\u00e9dicos aprovados em 2024 nos programas ofertados.","robots":{"index":"index","follow":"follow","max-snippet":"max-snippet:-1","max-image-preview":"max-image-preview:large","max-video-preview":"max-video-preview:-1"},"canonical":"https:\/\/med.estrategia.com\/portal\/noticias\/unifesp-esta-com-inscricoes-abertas-para-seletivo-de-residencia-medica-2024-2\/","og_locale":"pt_BR","og_type":"article","og_title":"Unifesp est\u00e1 com inscri\u00e7\u00f5es abertas para seletivo de Resid\u00eancia M\u00e9dica 2024.2","og_description":"A\u00a0Universidade Federal de S\u00e3o Paulo (Unifesp)\u00a0tornou p\u00fablico na \u00faltima sexta-feira (1) o edital de abertura de inscri\u00e7\u00f5es de seu processo seletivo para\u00a02024.2\u00a0de resid\u00eancia m\u00e9dica que prev\u00ea o ingresso de m\u00e9dicos aprovados em 2024 nos programas ofertados.","og_url":"https:\/\/med.estrategia.com\/portal\/noticias\/unifesp-esta-com-inscricoes-abertas-para-seletivo-de-residencia-medica-2024-2\/","og_site_name":"Estrat\u00e9gia MED","article_publisher":"https:\/\/www.facebook.com\/estrategiamed1","article_published_time":"2024-03-05T15:46:20+00:00","article_modified_time":"2024-03-05T15:48:40+00:00","og_image":[{"width":1920,"height":1080,"url":"https:\/\/med.estrategia.com\/portal\/wp-content\/uploads\/2023\/06\/UNIFESP_edital.jpg","type":"image\/jpeg"}],"author":"Arion Wolff","twitter_card":"summary_large_image","twitter_creator":"@estrategiamed_","twitter_site":"@estrategiamed_","twitter_misc":{"Escrito por":"Arion Wolff","Est. tempo de leitura":"2 minutos"},"schema":{"@context":"https:\/\/schema.org","@graph":[{"@type":"WebPage","@id":"https:\/\/med.estrategia.com\/portal\/noticias\/unifesp-esta-com-inscricoes-abertas-para-seletivo-de-residencia-medica-2024-2\/","url":"https:\/\/med.estrategia.com\/portal\/noticias\/unifesp-esta-com-inscricoes-abertas-para-seletivo-de-residencia-medica-2024-2\/","name":"Unifesp est\u00e1 com inscri\u00e7\u00f5es abertas para seletivo de Resid\u00eancia M\u00e9dica 2024.2","isPartOf":{"@id":"https:\/\/med.estrategia.com\/portal\/#website"},"primaryImageOfPage":{"@id":"https:\/\/med.estrategia.com\/portal\/noticias\/unifesp-esta-com-inscricoes-abertas-para-seletivo-de-residencia-medica-2024-2\/#primaryimage"},"image":{"@id":"https:\/\/med.estrategia.com\/portal\/noticias\/unifesp-esta-com-inscricoes-abertas-para-seletivo-de-residencia-medica-2024-2\/#primaryimage"},"thumbnailUrl":"https:\/\/med.estrategia.com\/portal\/wp-content\/uploads\/2023\/06\/UNIFESP_edital.jpg","datePublished":"2024-03-05T15:46:20+00:00","dateModified":"2024-03-05T15:48:40+00:00","author":{"@id":"https:\/\/med.estrategia.com\/portal\/#\/schema\/person\/b6aba49604868a427dd15c3b1fc6a8bc"},"description":"A\u00a0Universidade Federal de S\u00e3o Paulo (Unifesp)\u00a0tornou p\u00fablico na \u00faltima sexta-feira (1) o edital de abertura de inscri\u00e7\u00f5es de seu processo seletivo para\u00a02024.2\u00a0de resid\u00eancia m\u00e9dica que prev\u00ea o ingresso de m\u00e9dicos aprovados em 2024 nos programas ofertados.","breadcrumb":{"@id":"https:\/\/med.estrategia.com\/portal\/noticias\/unifesp-esta-com-inscricoes-abertas-para-seletivo-de-residencia-medica-2024-2\/#breadcrumb"},"inLanguage":"pt-BR","potentialAction":[{"@type":"ReadAction","target":["https:\/\/med.estrategia.com\/portal\/noticias\/unifesp-esta-com-inscricoes-abertas-para-seletivo-de-residencia-medica-2024-2\/"]}]},{"@type":"ImageObject","inLanguage":"pt-BR","@id":"https:\/\/med.estrategia.com\/portal\/noticias\/unifesp-esta-com-inscricoes-abertas-para-seletivo-de-residencia-medica-2024-2\/#primaryimage","url":"https:\/\/med.estrategia.com\/portal\/wp-content\/uploads\/2023\/06\/UNIFESP_edital.jpg","contentUrl":"https:\/\/med.estrategia.com\/portal\/wp-content\/uploads\/2023\/06\/UNIFESP_edital.jpg","width":1920,"height":1080,"caption":"Estrat\u00e9gia MED | Foto: Alex Reipert"},{"@type":"BreadcrumbList","@id":"https:\/\/med.estrategia.com\/portal\/noticias\/unifesp-esta-com-inscricoes-abertas-para-seletivo-de-residencia-medica-2024-2\/#breadcrumb","itemListElement":[{"@type":"ListItem","position":1,"name":"Home","item":"https:\/\/med.estrategia.com\/portal\/"},{"@type":"ListItem","position":2,"name":"Not\u00edcias","item":"https:\/\/med.estrategia.com\/portal\/noticias\/"},{"@type":"ListItem","position":3,"name":"Unifesp est\u00e1 com inscri\u00e7\u00f5es abertas para seletivo de Resid\u00eancia M\u00e9dica 2024.2"}]},{"@type":"WebSite","@id":"https:\/\/med.estrategia.com\/portal\/#website","url":"https:\/\/med.estrategia.com\/portal\/","name":"Estrat\u00e9gia MED","description":"","potentialAction":[{"@type":"SearchAction","target":{"@type":"EntryPoint","urlTemplate":"https:\/\/med.estrategia.com\/portal\/?s={search_term_string}"},"query-input":{"@type":"PropertyValueSpecification","valueRequired":true,"valueName":"search_term_string"}}],"inLanguage":"pt-BR"},{"@type":"Person","@id":"https:\/\/med.estrategia.com\/portal\/#\/schema\/person\/b6aba49604868a427dd15c3b1fc6a8bc","name":"Arion Wolff","image":{"@type":"ImageObject","inLanguage":"pt-BR","@id":"https:\/\/med.estrategia.com\/portal\/#\/schema\/person\/image\/","url":"https:\/\/med.estrategia.com\/portal\/wp-content\/uploads\/2023\/12\/arion-wolff-estrategia-med-150x150.jpg","contentUrl":"https:\/\/med.estrategia.com\/portal\/wp-content\/uploads\/2023\/12\/arion-wolff-estrategia-med-150x150.jpg","caption":"Arion Wolff"},"description":"Jornalista formado pela UNIFATEC e p\u00f3s-graduado em Jornalismo Digital pela UNINTER. Escrevo sobre medicina, resid\u00eancia m\u00e9dica e sa\u00fade. Entusiasta de filmes, livros, bons dramas e romances gen\u00e9ricos.","sameAs":["http:\/\/med.estrategia.com"],"url":"https:\/\/med.estrategia.com\/portal\/author\/arion-santos\/"}]}},"_wl_alt_label":[],"wl:entity_url":"\/post\/unifesp-esta-com-inscricoes-abertas-para-seletivo-de-residencia-medica-2024-2","_links":{"self":[{"href":"https:\/\/med.estrategia.com\/portal\/wp-json\/wp\/v2\/posts\/59438","targetHints":{"allow":["GET"]}}],"collection":[{"href":"https:\/\/med.estrategia.com\/portal\/wp-json\/wp\/v2\/posts"}],"about":[{"href":"https:\/\/med.estrategia.com\/portal\/wp-json\/wp\/v2\/types\/post"}],"author":[{"embeddable":true,"href":"https:\/\/med.estrategia.com\/portal\/wp-json\/wp\/v2\/users\/52"}],"replies":[{"embeddable":true,"href":"https:\/\/med.estrategia.com\/portal\/wp-json\/wp\/v2\/comments?post=59438"}],"version-history":[{"count":13,"href":"https:\/\/med.estrategia.com\/portal\/wp-json\/wp\/v2\/posts\/59438\/revisions"}],"predecessor-version":[{"id":59484,"href":"https:\/\/med.estrategia.com\/portal\/wp-json\/wp\/v2\/posts\/59438\/revisions\/59484"}],"wp:featuredmedia":[{"embeddable":true,"href":"https:\/\/med.estrategia.com\/portal\/wp-json\/wp\/v2\/media\/41863"}],"wp:attachment":[{"href":"https:\/\/med.estrategia.com\/portal\/wp-json\/wp\/v2\/media?parent=59438"}],"wp:term":[{"taxonomy":"category","embeddable":true,"href":"https:\/\/med.estrategia.com\/portal\/wp-json\/wp\/v2\/categories?post=59438"},{"taxonomy":"post_tag","embeddable":true,"href":"https:\/\/med.estrategia.com\/portal\/wp-json\/wp\/v2\/tags?post=59438"},{"taxonomy":"wl_entity_type","embeddable":true,"href":"https:\/\/med.estrategia.com\/portal\/wp-json\/wp\/v2\/wl_entity_type?post=59438"}],"curies":[{"name":"wp","href":"https:\/\/api.w.org\/{rel}","templated":true}]}}