{"id":5949,"date":"2021-05-27T07:14:07","date_gmt":"2021-05-27T10:14:07","guid":{"rendered":"https:\/\/med.estrategiaeducacional.com.br\/blog\/?p=5949"},"modified":"2023-07-05T16:02:09","modified_gmt":"2023-07-05T19:02:09","slug":"cerebro","status":"publish","type":"post","link":"https:\/\/med.estrategia.com\/portal\/conteudos-gratis\/doencas\/cerebro\/","title":{"rendered":"C\u00e9rebro: anatomia, fun\u00e7\u00f5es e muito mais!"},"content":{"rendered":"<p>Quer descobrir tudo sobre o c&eacute;rebro? O <a class=\"wl-entity-page-link\" href=\"https:\/\/med.estrategia.com\/portal\/entidade\/estrategia-med-2\/\" data-id=\"\/entity\/estrategia-med-2;https:\/\/data.wordlift.io\/wl106637\/entity\/estrategia_med\">Estrat&eacute;gia MED<\/a> separou para voc&ecirc; as principais informa&ccedil;&otilde;es sobre o assunto. Acompanhe este texto e descubra!<div id=\"ez-toc-container\" class=\"ez-toc-v2_0_79_2 counter-hierarchy ez-toc-counter ez-toc-transparent ez-toc-container-direction\">\n<div class=\"ez-toc-title-container\"><p class=\"ez-toc-title\" style=\"cursor:inherit\">Navegue pelo conte\u00fado<\/p>\n<\/div><nav><ul class='ez-toc-list ez-toc-list-level-1 ' ><li class='ez-toc-page-1 ez-toc-heading-level-2'><a class=\"ez-toc-link ez-toc-heading-1\" href=\"https:\/\/med.estrategia.com\/portal\/conteudos-gratis\/doencas\/cerebro\/#Quais-sao-as-funcoes-do-cerebro\" >Quais s&atilde;o as fun&ccedil;&otilde;es do c&eacute;rebro?<\/a><\/li><li class='ez-toc-page-1 ez-toc-heading-level-2'><a class=\"ez-toc-link ez-toc-heading-2\" href=\"https:\/\/med.estrategia.com\/portal\/conteudos-gratis\/doencas\/cerebro\/#Anatomia-do-cerebro\" >Anatomia do c&eacute;rebro<\/a><\/li><li class='ez-toc-page-1 ez-toc-heading-level-2'><a class=\"ez-toc-link ez-toc-heading-3\" href=\"https:\/\/med.estrategia.com\/portal\/conteudos-gratis\/doencas\/cerebro\/#Doencas-que-afetam-o-cerebro\" >Doen&ccedil;as que afetam o c&eacute;rebro<\/a><\/li><li class='ez-toc-page-1 ez-toc-heading-level-2'><a class=\"ez-toc-link ez-toc-heading-4\" href=\"https:\/\/med.estrategia.com\/portal\/conteudos-gratis\/doencas\/cerebro\/#Veja-tambem\" >Veja tamb&eacute;m:<\/a><\/li><\/ul><\/nav><\/div>\n<h2 class=\"wp-block-heading\" id=\"h-quais-sao-as-funcoes-do-cerebro\"><span class=\"ez-toc-section\" id=\"Quais-sao-as-funcoes-do-cerebro\"><\/span>Quais s&atilde;o as fun&ccedil;&otilde;es do c&eacute;rebro?<span class=\"ez-toc-section-end\"><\/span><\/h2><p>O c&eacute;rebro corresponde &agrave; uni&atilde;o do <strong>telenc&eacute;falo<\/strong> com o <strong>dienc&eacute;falo <\/strong>e &eacute; parte do enc&eacute;falo, que tamb&eacute;m conta com o tronco encef&aacute;lico e o cerebelo. O telenc&eacute;falo &eacute; composto pelo <strong>c&oacute;rtex cerebral <\/strong>e pelos <strong>n&uacute;cleos da base<\/strong> e tem diversas fun&ccedil;&otilde;es, como o controle do <strong>movimento<\/strong>, da <strong>fala<\/strong>, da <strong>percep&ccedil;&atilde;o sensitiva<\/strong>, da <strong>audi&ccedil;&atilde;o<\/strong>, da <strong>vis&atilde;o<\/strong>, o <strong>pensamento <\/strong>abstrato, a <strong>mem&oacute;ria<\/strong>, a <strong>cogni&ccedil;&atilde;o <\/strong>etc.<\/p><div class=\"wp-block-buttons is-horizontal is-content-justification-center is-layout-flex wp-container-core-buttons-is-layout-1 wp-block-buttons-is-layout-flex\">\n<div class=\"wp-block-button\"><a class=\"wp-block-button__link has-background wp-element-button\" href=\"https:\/\/med.estrategia.com\/cursos\/\" style=\"background-color:#0ba4ae\" target=\"_blank\">Conhe&ccedil;a os cursos do Estrat&eacute;gia MED!<\/a><\/div>\n<\/div><p>O <strong>dienc&eacute;falo <\/strong>se encontra no centro do enc&eacute;falo. Tem fun&ccedil;&atilde;o importante na sensa&ccedil;&atilde;o de <strong>dor<\/strong>, <strong>frio<\/strong>, <strong>press&atilde;o<\/strong> e <strong>calor<\/strong>. Tamb&eacute;m age na regula&ccedil;&atilde;o do <strong>ciclo circadiano<\/strong> e nos <strong>eixos hormonais<\/strong>, entre outras fun&ccedil;&otilde;es.<\/p><h2 class=\"wp-block-heading\" id=\"h-anatomia-do-cerebro\"><span class=\"ez-toc-section\" id=\"Anatomia-do-cerebro\"><\/span>Anatomia do c&eacute;rebro<span class=\"ez-toc-section-end\"><\/span><\/h2><div class=\"wp-block-image\">\n<figure class=\"aligncenter size-large is-resized\"><img decoding=\"async\" src=\"https:\/\/med.estrategia.com\/portal\/wp-content\/uploads\/2021\/05\/CerebroRafa__Resp_2_-_Helena_03-1-1-1-1024x769.jpg\" alt=\"Anatomia do c&eacute;rebro\" class=\"wp-image-5952\" width=\"442\" height=\"331\" srcset=\"https:\/\/med.estrategia.com\/portal\/wp-content\/uploads\/2021\/05\/CerebroRafa__Resp_2_-_Helena_03-1-1-1-1024x769.jpg 1024w, https:\/\/med.estrategia.com\/portal\/wp-content\/uploads\/2021\/05\/CerebroRafa__Resp_2_-_Helena_03-1-1-1-300x225.jpg 300w, https:\/\/med.estrategia.com\/portal\/wp-content\/uploads\/2021\/05\/CerebroRafa__Resp_2_-_Helena_03-1-1-1-768x577.jpg 768w, https:\/\/med.estrategia.com\/portal\/wp-content\/uploads\/2021\/05\/CerebroRafa__Resp_2_-_Helena_03-1-1-1-1536x1154.jpg 1536w, https:\/\/med.estrategia.com\/portal\/wp-content\/uploads\/2021\/05\/CerebroRafa__Resp_2_-_Helena_03-1-1-1-380x285.jpg 380w, https:\/\/med.estrategia.com\/portal\/wp-content\/uploads\/2021\/05\/CerebroRafa__Resp_2_-_Helena_03-1-1-1-800x601.jpg 800w, https:\/\/med.estrategia.com\/portal\/wp-content\/uploads\/2021\/05\/CerebroRafa__Resp_2_-_Helena_03-1-1-1-1160x871.jpg 1160w, https:\/\/med.estrategia.com\/portal\/wp-content\/uploads\/2021\/05\/CerebroRafa__Resp_2_-_Helena_03-1-1-1.jpg 1600w\" sizes=\"(max-width: 442px) 100vw, 442px\" \/><\/figure><\/div><p>O <strong>telenc&eacute;falo <\/strong>possui <strong>dois hemisf&eacute;rios cerebrais<\/strong>, o esquerdo e o direito, formados pelo c&oacute;rtex cerebral, subst&acirc;ncia branca e pelos n&uacute;cleos da base. Na sua superf&iacute;cie, &eacute; poss&iacute;vel observar <strong>sulcos<\/strong>, <strong>giros <\/strong>e <strong>fissuras<\/strong>. Cada hemisf&eacute;rio cerebral &eacute; dividido em <strong>cinco lobos,<\/strong> que s&atilde;o separados entre si pela <strong>foice do c&eacute;rebro<\/strong>, uma invagina&ccedil;&atilde;o da dura-m&aacute;ter, que comp&otilde;e as <strong>meninges<\/strong>, as quais revestem o enc&eacute;falo e s&atilde;o compostas tamb&eacute;m pela aracn&oacute;ide e pia-m&aacute;ter.&nbsp;<\/p><p>No espa&ccedil;o subaracn&oacute;ideo, isto &eacute;, entre a aracn&oacute;ide e a pia-m&aacute;ter, h&aacute; o <strong>l&iacute;quido cerebroespinhal<\/strong>, cuja fun&ccedil;&atilde;o &eacute; proteger e nutrir o sistema nervoso central.&nbsp;<\/p><p>O <strong>dienc&eacute;falo <\/strong>&eacute; formado pelo <strong>t&aacute;lamo<\/strong>, <strong>hipot&aacute;lamo<\/strong>, <strong>epit&aacute;lamo <\/strong>e <strong>subt&aacute;lamo <\/strong>e se encontra profundamente no enc&eacute;falo, sendo melhor visualizado em sec&ccedil;&otilde;es sagitais. As estruturas que o comp&otilde;em formam as paredes do <strong>III ventr&iacute;culo<\/strong>.&nbsp;<\/p><h3 class=\"wp-block-heading\" id=\"h-lobos-cerebrais\">Lobos cerebrais<\/h3><p>Os <strong>lobos <\/strong>que formam o telenc&eacute;falo s&atilde;o:<\/p><ol class=\"wp-block-list\">\n<li><strong>Lobo frontal<\/strong>;<\/li>\n\n\n\n<li><strong>Lobo parietal<\/strong>;<\/li>\n\n\n\n<li><strong>Lobo occipital<\/strong>;<\/li>\n\n\n\n<li><strong>Lobo temporal<\/strong>; e<\/li>\n\n\n\n<li><strong>Lobo da &iacute;nsula<\/strong>.&nbsp;<\/li>\n<\/ol><p>Seus nomes se relacionam com os <strong>ossos do cr&acirc;nio<\/strong> que mant&ecirc;m rela&ccedil;&atilde;o, com exce&ccedil;&atilde;o do lobo da &iacute;nsula, que est&aacute; localizado mais profundamente no hemisf&eacute;rio cerebral, sob os lobos frontal e temporal.&nbsp;<\/p><h3 class=\"wp-block-heading\" id=\"h-irrigacao-e-drenagem-venosa\">Irriga&ccedil;&atilde;o e drenagem venosa <\/h3><p>O c&eacute;rebro &eacute; irrigado pelas <strong>art&eacute;rias car&oacute;tidas internas<\/strong> que penetram no cr&acirc;nio pelo canal car&oacute;tico, situado no osso temporal. Estas se ramificam terminalmente nas <strong>art&eacute;rias cerebrais anterior e m&eacute;dia<\/strong>. As art&eacute;rias cerebrais anteriores s&atilde;o unidas pela <strong>art&eacute;ria comunicante anterior<\/strong> e as art&eacute;rias cerebrais posteriores, pela <strong>art&eacute;rias comunicantes posteriores<\/strong>.&nbsp;<\/p><p>Outra fonte de irriga&ccedil;&atilde;o s&atilde;o as <strong>art&eacute;rias vertebrais<\/strong>, que se originam como ramos da art&eacute;ria subcl&aacute;via. Elas entram pelo forame magno, desse modo elas se unem e formam a <strong>art&eacute;ria basilar<\/strong>. Por fim, esta se ramifica nas <strong>art&eacute;rias cerebrais posteriores<\/strong>.&nbsp;<\/p><p>As art&eacute;rias car&oacute;tidas internas, art&eacute;ria comunicante anterior, art&eacute;ria comunicantes posteriores e art&eacute;rias cerebrais posteriores e anteriores se organizam em <strong>formato poligonal<\/strong> na base do enc&eacute;falo. Essa organiza&ccedil;&atilde;o arterial denomina-se c&iacute;rculo arterial do c&eacute;rebro ou <strong>pol&iacute;gono de Willis<\/strong>. Dela, os vasos se ramificam em pequenas art&eacute;rias e arter&iacute;olas que irrigam todo o enc&eacute;falo.&nbsp;<\/p><p>J&aacute; quanto &agrave; drenagem venosa, pequenas veias de todo o enc&eacute;falo drenam para o <strong>seio venoso<\/strong> da dura-m&aacute;ter mais pr&oacute;ximo. Os seios venosos, por sua vez, drenam para as <strong>veias jugulares internas<\/strong>.&nbsp;<\/p><h2 class=\"wp-block-heading\" id=\"h-doencas-que-afetam-o-cerebro\"><span class=\"ez-toc-section\" id=\"Doencas-que-afetam-o-cerebro\"><\/span>Doen&ccedil;as que afetam o c&eacute;rebro<span class=\"ez-toc-section-end\"><\/span><\/h2><p>Diversas doen&ccedil;as acometem o c&eacute;rebro. Podemos citar o acidente vascular cerebral hemorr&aacute;gico e o acidente vascular cerebral isqu&ecirc;mico como principais <strong><a href=\"https:\/\/med.estrategia.com\/portal\/aluno-de-medicina\/dicas-de-estudo\/acidente-vascular-cerebral\/\" target=\"_blank\">doen&ccedil;as de origem vascular<\/a><\/strong>. Algumas <strong>dem&ecirc;ncias <\/strong>importantes que s&atilde;o causadas por degenera&ccedil;&otilde;es cerebrais s&atilde;o a doen&ccedil;a de <a href=\"https:\/\/med.estrategia.com\/portal\/aluno-de-medicina\/dicas-de-estudo\/alzheimer\/\" target=\"_blank\">Alzheimer<\/a>, doen&ccedil;a de <a href=\"https:\/\/med.estrategia.com\/portal\/aluno-de-medicina\/dicas-de-estudo\/doenca-de-parkinson\/\" target=\"_blank\">Parkinson <\/a>e dem&ecirc;ncia por corpos de Lewy.&nbsp;<\/p><p>Diversos <strong><a href=\"https:\/\/med.estrategia.com\/portal\/profissoes-da-medicina\/oncologia\/\" target=\"_blank\">tumores <\/a><\/strong>podem se originar em c&eacute;lulas que comp&otilde;em o c&eacute;rebro, como os gliomas, que se originam nas c&eacute;lulas da glia, e oligodendrogliomas, cuja origem s&atilde;o os oligodendr&oacute;citos. &Eacute; poss&iacute;vel incluir nas doen&ccedil;as que afetam o c&eacute;rebro as <strong>condi&ccedil;&otilde;es psiqui&aacute;tricas <\/strong>tais como depress&atilde;o, transtorno de ansiedade generalizada e esquizofrenia.<\/p><p>Existem tamb&eacute;m v&aacute;rias <strong>s&iacute;ndromes <\/strong>que se manifestam com altera&ccedil;&otilde;es cerebrais, especialmente no que tange ao <strong>desenvolvimento intelectual<\/strong>, como S&iacute;ndrome de Down, S&iacute;ndrome de Turner e S&iacute;ndrome do X-Fr&aacute;gil.&nbsp;<\/p><p>Gostou do conte&uacute;do que o Estrat&eacute;gia MED trouxe? Ent&atilde;o aproveite as <strong>oportunidades de estudo<\/strong> que preparamos para voc&ecirc;! Se voc&ecirc; quer se preparar para as provas de <a class=\"wl-entity-page-link\" title=\"resid&ecirc;ncia\" href=\"https:\/\/med.estrategia.com\/portal\/entidade\/residencia-medica\/\" data-id=\"\/entity\/residencia-medica;http:\/\/dbpedia.org\/resource\/Residency_(medicine);http:\/\/en.dbpedia.org\/resource\/Residency_(medicine);http:\/\/nl.dbpedia.org\/resource\/Arts-assistent;http:\/\/de.dbpedia.org\/resource\/&Auml;rztliche_Weiterbildung;http:\/\/fr.dbpedia.org\/resource\/R&eacute;sidence_(m&eacute;decine);http:\/\/lt.dbpedia.org\/resource\/Rezident&#363;ra_(studijos);http:\/\/pt.dbpedia.org\/resource\/Resid&ecirc;ncia_m&eacute;dica;http:\/\/ru.dbpedia.org\/resource\/&#1050;&#1083;&#1080;&#1085;&#1080;&#1095;&#1077;&#1089;&#1082;&#1072;&#1103;_&#1086;&#1088;&#1076;&#1080;&#1085;&#1072;&#1090;&#1091;&#1088;&#1072;;http:\/\/uk.dbpedia.org\/resource\/&#1054;&#1088;&#1076;&#1080;&#1085;&#1072;&#1090;&#1091;&#1088;&#1072;_&#1082;&#1083;&#1110;&#1085;&#1110;&#1095;&#1085;&#1072;;https:\/\/data.wordlift.io\/wl106637\/entity\/residencia-medica\">Resid&ecirc;ncia M&eacute;dica<\/a> de todo o Brasil, ent&atilde;o o <a href=\"https:\/\/med.estrategiaeducacional.com.br\/#plans-session\" target=\"_blank\"><strong>Curso Extensivo<\/strong> <\/a>do Estrat&eacute;gia MED &eacute; o seu principal aliado.&nbsp;<\/p><p>Na <strong>plataforma <\/strong>do Estrat&eacute;gia MED, h&aacute; v&aacute;rias <strong>videoaulas <\/strong>voltadas para a prova de Resid&ecirc;ncia M&eacute;dica, <strong>material <\/strong>completo e atualizado, banco com milhares de <strong>quest&otilde;es resolvidas<\/strong>, possibilidade de montar <strong>simulados <\/strong>e de estudar<strong> onde e quando quiser<\/strong>. <\/p><p><\/p><p><strong><a id=\"cta\" class=\"cta-imagem\" href=\"https:\/\/med.estrategia.com\/cursos\/extensivo-de-residncia-mdica\/\" target=\"blank\">\n                <img decoding=\"async\" width=\"100%\" src=\"https:\/\/med.estrategia.com\/portal\/wp-content\/uploads\/2025\/08\/extensivo_rm.jpg\" alt=\"Extensivo RM\" title=\"extensivo_rm\">\n        <\/a><\/strong><\/p><h2 class=\"wp-block-heading\"><span class=\"ez-toc-section\" id=\"Veja-tambem\"><\/span>Veja tamb&eacute;m:<span class=\"ez-toc-section-end\"><\/span><\/h2><ul class=\"wp-block-list\">\n<li><a href=\"https:\/\/med.estrategia.com\/portal\/aluno-de-medicina\/dicas-de-estudo\/cerebro\/\">C&eacute;rebro: anatomia, fun&ccedil;&otilde;es e muito mais<\/a><\/li>\n\n\n\n<li><a href=\"https:\/\/med.estrategia.com\/portal\/aluno-de-medicina\/dicas-de-estudo\/hernia-de-disco\/\">H&eacute;rnia de Disco: o que &eacute;, tipos e muito mais<\/a><\/li>\n\n\n\n<li><a href=\"https:\/\/med.estrategia.com\/portal\/aluno-de-medicina\/dicas-de-estudo\/resumed-de-coma-e-alteracao-da-consciencia\/\">Resumo de coma e altera&ccedil;&atilde;o da consci&ecirc;ncia<\/a><\/li>\n\n\n\n<li><a href=\"https:\/\/med.estrategia.com\/portal\/aluno-de-medicina\/dicas-de-estudo\/porfiria\/\">Resumo de porfiria: manifesta&ccedil;&otilde;es cl&iacute;nicas, diagn&oacute;stico, tratamento e mais<\/a><\/li>\n\n\n\n<li><a href=\"https:\/\/med.estrategia.com\/portal\/aluno-de-medicina\/dicas-de-estudo\/nervos-cranianos\/\">Nervos cranianos: os doze pares de nervos<\/a><\/li>\n\n\n\n<li><a href=\"https:\/\/med.estrategia.com\/portal\/profissoes-da-medicina\/quanto-ganha-um-neurocirurgiao\/\">Quanto ganha um neurocirurgi&atilde;o<\/a><\/li>\n\n\n\n<li><a href=\"https:\/\/med.estrategia.com\/portal\/aluno-de-medicina\/dicas-de-estudo\/resumed-de-hiperprolactinemia-quadro-clinico-etiologias-tratamentos-e-mais\/\">Resumo de hiperprolactinemia<\/a><\/li>\n\n\n\n<li><a href=\"https:\/\/med.estrategia.com\/portal\/aluno-de-medicina\/dicas-de-estudo\/resumed-cefaleias-primaria-secundaria-abordagens-e-muito-mais\/\">Resumo de cefaleias: prim&aacute;ria, secund&aacute;ria, abordagens e muito ma<\/a><\/li>\n\n\n\n<li><a href=\"https:\/\/med.estrategia.com\/portal\/profissoes-da-medicina\/neurocirurgia\/\">Neurocirurgia: sistema nervoso, doen&ccedil;as e mais<\/a><\/li>\n\n\n\n<li><a href=\"https:\/\/med.estrategia.com\/portal\/profissoes-da-medicina\/tudo-sobre-neurologia\/\">Neurologia: o que &eacute;, doen&ccedil;as, resid&ecirc;ncia m&eacute;dica, sal&aacute;rios e mais<\/a><\/li>\n\n\n\n<li><a href=\"https:\/\/med.estrategia.com\/portal\/aluno-de-medicina\/dicas-de-estudo\/demencia\/\">Dem&ecirc;ncia: o que &eacute;, sintomas e muito mais<\/a><\/li>\n\n\n\n<li><a href=\"https:\/\/med.estrategia.com\/portal\/aluno-de-medicina\/dicas-de-estudo\/alzheimer\/\">Alzheimer: o que &eacute;, sintomas, diagn&oacute;stico e tratamento<\/a><\/li>\n\n\n\n<li><a href=\"https:\/\/abn.neopixdmi.com\/\" target=\"_blank\" rel=\"noopener noreferrer\">Academia Brasileira de Neurologia<\/a><\/li>\n\n\n\n<li><a href=\"https:\/\/med.estrategia.com\/portal\/aluno-de-medicina\/dicas-de-estudo\/resumed-de-doencas-da-coluna-vertebral\/\">Resumo de doen&ccedil;as da coluna vertebral<\/a><\/li>\n<\/ul><\/p>\n","protected":false},"excerpt":{"rendered":"Quer descobrir tudo sobre o c&eacute;rebro? O Estrat&eacute;gia MED separou para voc&ecirc; as principais informa&ccedil;&otilde;es sobre o assunto.&hellip;\n","protected":false},"author":15,"featured_media":5956,"comment_status":"open","ping_status":"open","sticky":false,"template":"","format":"standard","meta":{"wl_entities_gutenberg":"","footnotes":""},"categories":[304],"tags":[58],"wl_entity_type":[199],"class_list":{"0":"post-5949","1":"post","2":"type-post","3":"status-publish","4":"format-standard","5":"has-post-thumbnail","7":"category-doencas","8":"tag-neurologia","9":"wl_entity_type-article"},"acf":[],"yoast_head":"<!-- This site is optimized with the Yoast SEO Premium plugin v26.6 (Yoast SEO v26.6) - https:\/\/yoast.com\/wordpress\/plugins\/seo\/ -->\n<title>C\u00e9rebro: anatomia, fun\u00e7\u00f5es e muito mais!<\/title>\n<meta name=\"description\" content=\"Quer conhecer tudo sobre o que \u00e9, a anatomia e as fun\u00e7\u00f5es do c\u00e9rebro? Acesse o nosso artigo para ter essas e mais informa\u00e7\u00f5es!\" \/>\n<meta name=\"robots\" content=\"index, follow, max-snippet:-1, max-image-preview:large, max-video-preview:-1\" \/>\n<link rel=\"canonical\" href=\"https:\/\/med.estrategia.com\/portal\/conteudos-gratis\/doencas\/cerebro\/\" \/>\n<meta property=\"og:locale\" content=\"pt_BR\" \/>\n<meta property=\"og:type\" content=\"article\" \/>\n<meta property=\"og:title\" content=\"C\u00e9rebro: anatomia, fun\u00e7\u00f5es e muito mais!\" \/>\n<meta property=\"og:description\" content=\"Quer conhecer tudo sobre o que \u00e9, a anatomia e as fun\u00e7\u00f5es do c\u00e9rebro? Acesse o nosso artigo para ter essas e mais informa\u00e7\u00f5es!\" \/>\n<meta property=\"og:url\" content=\"https:\/\/med.estrategia.com\/portal\/conteudos-gratis\/doencas\/cerebro\/\" \/>\n<meta property=\"og:site_name\" content=\"Estrat\u00e9gia MED\" \/>\n<meta property=\"article:publisher\" content=\"https:\/\/www.facebook.com\/estrategiamed1\" \/>\n<meta property=\"article:published_time\" content=\"2021-05-27T10:14:07+00:00\" \/>\n<meta property=\"article:modified_time\" content=\"2023-07-05T19:02:09+00:00\" \/>\n<meta property=\"og:image\" content=\"https:\/\/cdn.medblog.estrategiaeducacional.com.br\/wp-content\/uploads\/2021\/05\/27071242\/pexels-mart-production-7089020-1.jpg\" \/>\n\t<meta property=\"og:image:width\" content=\"1280\" \/>\n\t<meta property=\"og:image:height\" content=\"853\" \/>\n\t<meta property=\"og:image:type\" content=\"image\/jpeg\" \/>\n<meta name=\"author\" content=\"Gabriela Sarti\" \/>\n<meta name=\"twitter:card\" content=\"summary_large_image\" \/>\n<meta name=\"twitter:creator\" content=\"@estrategiamed_\" \/>\n<meta name=\"twitter:site\" content=\"@estrategiamed_\" \/>\n<meta name=\"twitter:label1\" content=\"Escrito por\" \/>\n\t<meta name=\"twitter:data1\" content=\"Gabriela Sarti\" \/>\n\t<meta name=\"twitter:label2\" content=\"Est. tempo de leitura\" \/>\n\t<meta name=\"twitter:data2\" content=\"5 minutos\" \/>\n<script type=\"application\/ld+json\" class=\"yoast-schema-graph\">{\"@context\":\"https:\/\/schema.org\",\"@graph\":[{\"@type\":\"WebPage\",\"@id\":\"https:\/\/med.estrategia.com\/portal\/conteudos-gratis\/doencas\/cerebro\/\",\"url\":\"https:\/\/med.estrategia.com\/portal\/conteudos-gratis\/doencas\/cerebro\/\",\"name\":\"C\u00e9rebro: anatomia, fun\u00e7\u00f5es e muito mais!\",\"isPartOf\":{\"@id\":\"https:\/\/med.estrategia.com\/portal\/#website\"},\"primaryImageOfPage\":{\"@id\":\"https:\/\/med.estrategia.com\/portal\/conteudos-gratis\/doencas\/cerebro\/#primaryimage\"},\"image\":{\"@id\":\"https:\/\/med.estrategia.com\/portal\/conteudos-gratis\/doencas\/cerebro\/#primaryimage\"},\"thumbnailUrl\":\"https:\/\/med.estrategia.com\/portal\/wp-content\/uploads\/2021\/05\/pexels-mart-production-7089020-1.jpg\",\"datePublished\":\"2021-05-27T10:14:07+00:00\",\"dateModified\":\"2023-07-05T19:02:09+00:00\",\"author\":{\"@id\":\"https:\/\/med.estrategia.com\/portal\/#\/schema\/person\/20cd8a0e3b5cc13c093b5c8ba6ebd3d9\"},\"description\":\"Quer conhecer tudo sobre o que \u00e9, a anatomia e as fun\u00e7\u00f5es do c\u00e9rebro? Acesse o nosso artigo para ter essas e mais informa\u00e7\u00f5es!\",\"breadcrumb\":{\"@id\":\"https:\/\/med.estrategia.com\/portal\/conteudos-gratis\/doencas\/cerebro\/#breadcrumb\"},\"inLanguage\":\"pt-BR\",\"potentialAction\":[{\"@type\":\"ReadAction\",\"target\":[\"https:\/\/med.estrategia.com\/portal\/conteudos-gratis\/doencas\/cerebro\/\"]}]},{\"@type\":\"ImageObject\",\"inLanguage\":\"pt-BR\",\"@id\":\"https:\/\/med.estrategia.com\/portal\/conteudos-gratis\/doencas\/cerebro\/#primaryimage\",\"url\":\"https:\/\/med.estrategia.com\/portal\/wp-content\/uploads\/2021\/05\/pexels-mart-production-7089020-1.jpg\",\"contentUrl\":\"https:\/\/med.estrategia.com\/portal\/wp-content\/uploads\/2021\/05\/pexels-mart-production-7089020-1.jpg\",\"width\":1280,\"height\":853,\"caption\":\"C\u00e9rebro\"},{\"@type\":\"BreadcrumbList\",\"@id\":\"https:\/\/med.estrategia.com\/portal\/conteudos-gratis\/doencas\/cerebro\/#breadcrumb\",\"itemListElement\":[{\"@type\":\"ListItem\",\"position\":1,\"name\":\"Home\",\"item\":\"https:\/\/med.estrategia.com\/portal\/\"},{\"@type\":\"ListItem\",\"position\":2,\"name\":\"Conte\u00fados Gr\u00e1tis\",\"item\":\"https:\/\/med.estrategia.com\/portal\/conteudos-gratis\/\"},{\"@type\":\"ListItem\",\"position\":3,\"name\":\"Doen\u00e7as\",\"item\":\"https:\/\/med.estrategia.com\/portal\/conteudos-gratis\/doencas\/\"},{\"@type\":\"ListItem\",\"position\":4,\"name\":\"C\u00e9rebro: anatomia, fun\u00e7\u00f5es e muito mais!\"}]},{\"@type\":\"WebSite\",\"@id\":\"https:\/\/med.estrategia.com\/portal\/#website\",\"url\":\"https:\/\/med.estrategia.com\/portal\/\",\"name\":\"Estrat\u00e9gia MED\",\"description\":\"\",\"potentialAction\":[{\"@type\":\"SearchAction\",\"target\":{\"@type\":\"EntryPoint\",\"urlTemplate\":\"https:\/\/med.estrategia.com\/portal\/?s={search_term_string}\"},\"query-input\":{\"@type\":\"PropertyValueSpecification\",\"valueRequired\":true,\"valueName\":\"search_term_string\"}}],\"inLanguage\":\"pt-BR\"},{\"@type\":\"Person\",\"@id\":\"https:\/\/med.estrategia.com\/portal\/#\/schema\/person\/20cd8a0e3b5cc13c093b5c8ba6ebd3d9\",\"name\":\"Gabriela Sarti\",\"image\":{\"@type\":\"ImageObject\",\"inLanguage\":\"pt-BR\",\"@id\":\"https:\/\/med.estrategia.com\/portal\/#\/schema\/person\/image\/\",\"url\":\"https:\/\/secure.gravatar.com\/avatar\/f47abc1cb6c394d01508cb45e36a219b?s=96&d=mm&r=g\",\"contentUrl\":\"https:\/\/secure.gravatar.com\/avatar\/f47abc1cb6c394d01508cb45e36a219b?s=96&d=mm&r=g\",\"caption\":\"Gabriela Sarti\"},\"description\":\"Gabriela Sarti, estudante de Medicina na USP e formada em Direito pela mesma universidade. Sonho em fazer resid\u00eancia em cl\u00ednica m\u00e9dica. Sou apaixonada por gatos e por viajar!\",\"url\":\"https:\/\/med.estrategia.com\/portal\/author\/gabriela-sarti\/\"}]}<\/script>\n<!-- \/ Yoast SEO Premium plugin. -->","yoast_head_json":{"title":"C\u00e9rebro: anatomia, fun\u00e7\u00f5es e muito mais!","description":"Quer conhecer tudo sobre o que \u00e9, a anatomia e as fun\u00e7\u00f5es do c\u00e9rebro? Acesse o nosso artigo para ter essas e mais informa\u00e7\u00f5es!","robots":{"index":"index","follow":"follow","max-snippet":"max-snippet:-1","max-image-preview":"max-image-preview:large","max-video-preview":"max-video-preview:-1"},"canonical":"https:\/\/med.estrategia.com\/portal\/conteudos-gratis\/doencas\/cerebro\/","og_locale":"pt_BR","og_type":"article","og_title":"C\u00e9rebro: anatomia, fun\u00e7\u00f5es e muito mais!","og_description":"Quer conhecer tudo sobre o que \u00e9, a anatomia e as fun\u00e7\u00f5es do c\u00e9rebro? Acesse o nosso artigo para ter essas e mais informa\u00e7\u00f5es!","og_url":"https:\/\/med.estrategia.com\/portal\/conteudos-gratis\/doencas\/cerebro\/","og_site_name":"Estrat\u00e9gia MED","article_publisher":"https:\/\/www.facebook.com\/estrategiamed1","article_published_time":"2021-05-27T10:14:07+00:00","article_modified_time":"2023-07-05T19:02:09+00:00","og_image":[{"width":1280,"height":853,"url":"https:\/\/cdn.medblog.estrategiaeducacional.com.br\/wp-content\/uploads\/2021\/05\/27071242\/pexels-mart-production-7089020-1.jpg","type":"image\/jpeg"}],"author":"Gabriela Sarti","twitter_card":"summary_large_image","twitter_creator":"@estrategiamed_","twitter_site":"@estrategiamed_","twitter_misc":{"Escrito por":"Gabriela Sarti","Est. tempo de leitura":"5 minutos"},"schema":{"@context":"https:\/\/schema.org","@graph":[{"@type":"WebPage","@id":"https:\/\/med.estrategia.com\/portal\/conteudos-gratis\/doencas\/cerebro\/","url":"https:\/\/med.estrategia.com\/portal\/conteudos-gratis\/doencas\/cerebro\/","name":"C\u00e9rebro: anatomia, fun\u00e7\u00f5es e muito mais!","isPartOf":{"@id":"https:\/\/med.estrategia.com\/portal\/#website"},"primaryImageOfPage":{"@id":"https:\/\/med.estrategia.com\/portal\/conteudos-gratis\/doencas\/cerebro\/#primaryimage"},"image":{"@id":"https:\/\/med.estrategia.com\/portal\/conteudos-gratis\/doencas\/cerebro\/#primaryimage"},"thumbnailUrl":"https:\/\/med.estrategia.com\/portal\/wp-content\/uploads\/2021\/05\/pexels-mart-production-7089020-1.jpg","datePublished":"2021-05-27T10:14:07+00:00","dateModified":"2023-07-05T19:02:09+00:00","author":{"@id":"https:\/\/med.estrategia.com\/portal\/#\/schema\/person\/20cd8a0e3b5cc13c093b5c8ba6ebd3d9"},"description":"Quer conhecer tudo sobre o que \u00e9, a anatomia e as fun\u00e7\u00f5es do c\u00e9rebro? Acesse o nosso artigo para ter essas e mais informa\u00e7\u00f5es!","breadcrumb":{"@id":"https:\/\/med.estrategia.com\/portal\/conteudos-gratis\/doencas\/cerebro\/#breadcrumb"},"inLanguage":"pt-BR","potentialAction":[{"@type":"ReadAction","target":["https:\/\/med.estrategia.com\/portal\/conteudos-gratis\/doencas\/cerebro\/"]}]},{"@type":"ImageObject","inLanguage":"pt-BR","@id":"https:\/\/med.estrategia.com\/portal\/conteudos-gratis\/doencas\/cerebro\/#primaryimage","url":"https:\/\/med.estrategia.com\/portal\/wp-content\/uploads\/2021\/05\/pexels-mart-production-7089020-1.jpg","contentUrl":"https:\/\/med.estrategia.com\/portal\/wp-content\/uploads\/2021\/05\/pexels-mart-production-7089020-1.jpg","width":1280,"height":853,"caption":"C\u00e9rebro"},{"@type":"BreadcrumbList","@id":"https:\/\/med.estrategia.com\/portal\/conteudos-gratis\/doencas\/cerebro\/#breadcrumb","itemListElement":[{"@type":"ListItem","position":1,"name":"Home","item":"https:\/\/med.estrategia.com\/portal\/"},{"@type":"ListItem","position":2,"name":"Conte\u00fados Gr\u00e1tis","item":"https:\/\/med.estrategia.com\/portal\/conteudos-gratis\/"},{"@type":"ListItem","position":3,"name":"Doen\u00e7as","item":"https:\/\/med.estrategia.com\/portal\/conteudos-gratis\/doencas\/"},{"@type":"ListItem","position":4,"name":"C\u00e9rebro: anatomia, fun\u00e7\u00f5es e muito mais!"}]},{"@type":"WebSite","@id":"https:\/\/med.estrategia.com\/portal\/#website","url":"https:\/\/med.estrategia.com\/portal\/","name":"Estrat\u00e9gia MED","description":"","potentialAction":[{"@type":"SearchAction","target":{"@type":"EntryPoint","urlTemplate":"https:\/\/med.estrategia.com\/portal\/?s={search_term_string}"},"query-input":{"@type":"PropertyValueSpecification","valueRequired":true,"valueName":"search_term_string"}}],"inLanguage":"pt-BR"},{"@type":"Person","@id":"https:\/\/med.estrategia.com\/portal\/#\/schema\/person\/20cd8a0e3b5cc13c093b5c8ba6ebd3d9","name":"Gabriela Sarti","image":{"@type":"ImageObject","inLanguage":"pt-BR","@id":"https:\/\/med.estrategia.com\/portal\/#\/schema\/person\/image\/","url":"https:\/\/secure.gravatar.com\/avatar\/f47abc1cb6c394d01508cb45e36a219b?s=96&d=mm&r=g","contentUrl":"https:\/\/secure.gravatar.com\/avatar\/f47abc1cb6c394d01508cb45e36a219b?s=96&d=mm&r=g","caption":"Gabriela Sarti"},"description":"Gabriela Sarti, estudante de Medicina na USP e formada em Direito pela mesma universidade. Sonho em fazer resid\u00eancia em cl\u00ednica m\u00e9dica. Sou apaixonada por gatos e por viajar!","url":"https:\/\/med.estrategia.com\/portal\/author\/gabriela-sarti\/"}]}},"_wl_alt_label":[],"wl:entity_url":"\/post\/cerebro","_links":{"self":[{"href":"https:\/\/med.estrategia.com\/portal\/wp-json\/wp\/v2\/posts\/5949","targetHints":{"allow":["GET"]}}],"collection":[{"href":"https:\/\/med.estrategia.com\/portal\/wp-json\/wp\/v2\/posts"}],"about":[{"href":"https:\/\/med.estrategia.com\/portal\/wp-json\/wp\/v2\/types\/post"}],"author":[{"embeddable":true,"href":"https:\/\/med.estrategia.com\/portal\/wp-json\/wp\/v2\/users\/15"}],"replies":[{"embeddable":true,"href":"https:\/\/med.estrategia.com\/portal\/wp-json\/wp\/v2\/comments?post=5949"}],"version-history":[{"count":8,"href":"https:\/\/med.estrategia.com\/portal\/wp-json\/wp\/v2\/posts\/5949\/revisions"}],"predecessor-version":[{"id":42192,"href":"https:\/\/med.estrategia.com\/portal\/wp-json\/wp\/v2\/posts\/5949\/revisions\/42192"}],"wp:featuredmedia":[{"embeddable":true,"href":"https:\/\/med.estrategia.com\/portal\/wp-json\/wp\/v2\/media\/5956"}],"wp:attachment":[{"href":"https:\/\/med.estrategia.com\/portal\/wp-json\/wp\/v2\/media?parent=5949"}],"wp:term":[{"taxonomy":"category","embeddable":true,"href":"https:\/\/med.estrategia.com\/portal\/wp-json\/wp\/v2\/categories?post=5949"},{"taxonomy":"post_tag","embeddable":true,"href":"https:\/\/med.estrategia.com\/portal\/wp-json\/wp\/v2\/tags?post=5949"},{"taxonomy":"wl_entity_type","embeddable":true,"href":"https:\/\/med.estrategia.com\/portal\/wp-json\/wp\/v2\/wl_entity_type?post=5949"}],"curies":[{"name":"wp","href":"https:\/\/api.w.org\/{rel}","templated":true}]}}