{"id":59822,"date":"2024-03-15T09:24:43","date_gmt":"2024-03-15T12:24:43","guid":{"rendered":"https:\/\/med.estrategia.com\/portal\/?p=59822"},"modified":"2024-03-15T09:24:49","modified_gmt":"2024-03-15T12:24:49","slug":"5-questoes-sobre-imunizacao-que-ja-cairam-nas-provas","status":"publish","type":"post","link":"https:\/\/med.estrategia.com\/portal\/conteudos-gratis\/5-questoes-sobre-imunizacao-que-ja-cairam-nas-provas\/","title":{"rendered":"5 quest\u00f5es sobre Imuniza\u00e7\u00e3o que j\u00e1 ca\u00edram nas provas"},"content":{"rendered":"<p>Recorrente em provas de resid&ecirc;ncia m&eacute;dica e de revalida&ccedil;&atilde;o de diplomas, o tema <strong>Imuniza&ccedil;&atilde;o<\/strong> pode ser cobrado nos blocos de <strong>Pediatria, Cl&iacute;nica M&eacute;dica, Ginecologia e Obstetr&iacute;cia e Medicina Preventiva e Social<\/strong>. Por isso, <strong>estar atualizado<\/strong> nos esquemas vacinais definidos pelo Minist&eacute;rio da Sa&uacute;de e <strong>saber as recomenda&ccedil;&otilde;es t&eacute;cnicas de vacina&ccedil;&atilde;o<\/strong> em crian&ccedil;as, adolescentes, adultos, idosos e gestantes, &eacute; essencial para garantir um bom desempenho nas avalia&ccedil;&otilde;es e tamb&eacute;m na pr&aacute;tica m&eacute;dica. Aproveite e siga no texto para conferir <strong>cinco quest&otilde;es aplicadas em grandes seletivos sobre Imuniza&ccedil;&atilde;o<\/strong>!<div id=\"ez-toc-container\" class=\"ez-toc-v2_0_79_2 counter-hierarchy ez-toc-counter ez-toc-transparent ez-toc-container-direction\">\n<div class=\"ez-toc-title-container\"><p class=\"ez-toc-title\" style=\"cursor:inherit\">Navegue pelo conte\u00fado<\/p>\n<\/div><nav><ul class='ez-toc-list ez-toc-list-level-1 ' ><li class='ez-toc-page-1 ez-toc-heading-level-2'><a class=\"ez-toc-link ez-toc-heading-1\" href=\"https:\/\/med.estrategia.com\/portal\/conteudos-gratis\/5-questoes-sobre-imunizacao-que-ja-cairam-nas-provas\/#Conceito-de-Imunizacao\" >Conceito de Imuniza&ccedil;&atilde;o<\/a><ul class='ez-toc-list-level-3' ><li class='ez-toc-heading-level-3'><a class=\"ez-toc-link ez-toc-heading-2\" href=\"https:\/\/med.estrategia.com\/portal\/conteudos-gratis\/5-questoes-sobre-imunizacao-que-ja-cairam-nas-provas\/#Inscreva-se-em-nossa-newsletter\" >Inscreva-se em nossa newsletter!<\/a><\/li><\/ul><\/li><li class='ez-toc-page-1 ez-toc-heading-level-2'><a class=\"ez-toc-link ez-toc-heading-3\" href=\"https:\/\/med.estrategia.com\/portal\/conteudos-gratis\/5-questoes-sobre-imunizacao-que-ja-cairam-nas-provas\/#Exame-Nacional-de-Residencia-%E2%80%93-ENARE-2024\" >Exame Nacional de Resid&ecirc;ncia &ndash; ENARE (2024)<\/a><\/li><li class='ez-toc-page-1 ez-toc-heading-level-2'><a class=\"ez-toc-link ez-toc-heading-4\" href=\"https:\/\/med.estrategia.com\/portal\/conteudos-gratis\/5-questoes-sobre-imunizacao-que-ja-cairam-nas-provas\/#Santa-Casa-de-Misericordia-de-Ribeirao-Preto-%E2%80%93-SCMRP-2024\" >Santa Casa de Miseric&oacute;rdia de Ribeir&atilde;o Preto &ndash; SCMRP (2024)<\/a><\/li><li class='ez-toc-page-1 ez-toc-heading-level-2'><a class=\"ez-toc-link ez-toc-heading-5\" href=\"https:\/\/med.estrategia.com\/portal\/conteudos-gratis\/5-questoes-sobre-imunizacao-que-ja-cairam-nas-provas\/#Processo-Seletivo-Unificado-de-Minas-Gerais-%E2%80%93-PSU-MG-2023\" >Processo Seletivo Unificado de Minas Gerais &ndash; PSU-MG (2023)<\/a><\/li><li class='ez-toc-page-1 ez-toc-heading-level-2'><a class=\"ez-toc-link ez-toc-heading-6\" href=\"https:\/\/med.estrategia.com\/portal\/conteudos-gratis\/5-questoes-sobre-imunizacao-que-ja-cairam-nas-provas\/#Universidade-Estadual-de-Campinas-%E2%80%93-UNICAMP-2023\" >Universidade Estadual de Campinas &ndash; UNICAMP (2023)<\/a><\/li><li class='ez-toc-page-1 ez-toc-heading-level-2'><a class=\"ez-toc-link ez-toc-heading-7\" href=\"https:\/\/med.estrategia.com\/portal\/conteudos-gratis\/5-questoes-sobre-imunizacao-que-ja-cairam-nas-provas\/#Revalida-INEP-2023\" >Revalida INEP (2023)<\/a><\/li><li class='ez-toc-page-1 ez-toc-heading-level-2'><a class=\"ez-toc-link ez-toc-heading-8\" href=\"https:\/\/med.estrategia.com\/portal\/conteudos-gratis\/5-questoes-sobre-imunizacao-que-ja-cairam-nas-provas\/#Prepare-se-para-as-provas-com-o-Estrategia-MED\" >Prepare-se para as provas com o Estrat&eacute;gia MED<\/a><\/li><\/ul><\/nav><\/div>\n<h2 class=\"wp-block-heading\" id=\"h-conceito-de-imunizacao\"><span class=\"ez-toc-section\" id=\"Conceito-de-Imunizacao\"><\/span>Conceito de Imuniza&ccedil;&atilde;o<span class=\"ez-toc-section-end\"><\/span><\/h2><p>A<strong> imuniza&ccedil;&atilde;o<\/strong> &eacute; o <strong>processo de tornar-se imune <\/strong>a determinado agente patog&ecirc;nico ou a uma doen&ccedil;a infecciosa, e pode ser de dois tipos:<\/p><ul class=\"wp-block-list\">\n<li><strong>Imuniza&ccedil;&atilde;o passiva<\/strong>: &eacute; a introdu&ccedil;&atilde;o de anticorpos prontos, como soro e imunoglobulinas, bem como a forma que o feto recebe anticorpos maternos. Como vantagem, possui prote&ccedil;&atilde;o imediata e independe do sistema imune, devendo ser utilizada em situa&ccedil;&otilde;es em que o indiv&iacute;duo n&atilde;o pode esperar pela forma&ccedil;&atilde;o de anticorpos, mas como desvantagem n&atilde;o gera mem&oacute;ria imunol&oacute;gica.&nbsp;<\/li>\n<\/ul><ul class=\"wp-block-list\">\n<li><strong>Imuniza&ccedil;&atilde;o ativa<\/strong>: introdu&ccedil;&atilde;o dos ant&iacute;genos que geram a resposta imune no organismo. Pode ser natural, decorrente da pr&oacute;pria doen&ccedil;a, ou artificial, como com as vacinas. A vantagem &eacute; que gera resposta imunol&oacute;gica, sua desvantagem &eacute; que demora uma m&eacute;dia de 10 a 14 dias para serem produzidos os anticorpos.&nbsp;<\/li>\n<\/ul><p>As <strong>vacinas<\/strong>, por sua vez, s&atilde;o <strong>produtos biol&oacute;gicos<\/strong> <strong>produzidos a partir de micro-organismos inteiros ou parte deles<\/strong>, posteriormente injetados no corpo para prevenir doen&ccedil;as infecciosas. Por&eacute;m, mesmo induzindo uma boa prote&ccedil;&atilde;o contra estas infec&ccedil;&otilde;es, a resposta dos seres humanos &eacute; determinada geneticamente, fazendo com que as vacinas n&atilde;o sejam iguais e explica o fato de nenhuma delas ser 100% eficaz.<br><br>Dentre as <strong>vacinas disponibilizadas no &acirc;mbito do Sistema &Uacute;nico de Sa&uacute;de (SUS)<\/strong> temos: BCG, hepatite A e B, febre amarela, HPV quadrivalente, meningoc&oacute;cica ACWY, entre outras.<\/p><p class=\"wp-block-preformatted\">Confira tamb&eacute;m os seguintes materiais:<br><a href=\"https:\/\/med.estrategia.com\/portal\/noticias\/calendario-nacional-de-vacinacao\/\">Calend&aacute;rio Nacional de Vacina&ccedil;&atilde;o: confira os documentos oficiais do Minist&eacute;rio da Sa&uacute;de<br><\/a><a href=\"https:\/\/med.estrategia.com\/portal\/conteudos-gratis\/resumed\/imunizacoes\/\">ResuMED de imuniza&ccedil;&otilde;es: tipos, calend&aacute;rios, rea&ccedil;&otilde;es e mais!<\/a><\/p><p>\n\n\n<div id=\"new-form\">\n\t<form id=\"forms_layout\">\n\t<input type=\"hidden\" id=\"chave_de\" name=\"chave_de\" value=\"01_EMED_LEADS_TOTAIS\" \/>\n\t\t<input type=\"hidden\" id=\"mid\" name=\"mid\" value=\"515009018\" \/>\n\t\t<input type=\"hidden\" id=\"Objetivo\" name=\"Objetivo\" value=\"Medicina\" \/>\n\t\t<input type=\"hidden\" id=\"Estado_de_Origem_do_IP\" name=\"Estado_de_Origem_do_IP\"  value=\"\" \/>\n\t\t<input type=\"hidden\" id=\"Cidade_de_Origem_do_IP\" name=\"Cidade_de_Origem_do_IP\" value=\"\" \/>\n\t\t<input type=\"hidden\" id=\"Modo_de_entrada\" name=\"Modo_de_entrada\" value=\"Portal\" \/>\n\t\t<input type=\"hidden\" id=\"Pagina_Origem\" name=\"Pagina_Origem\" value=\"\" \/>\n\n\t\t<div class=\"texto\">\n\t\t\t<h3 class=\"news\"><span class=\"ez-toc-section\" id=\"Inscreva-se-em-nossa-newsletter\"><\/span>Inscreva-se em nossa newsletter!<span class=\"ez-toc-section-end\"><\/span><\/h3>\n\t\t\t<p>Receba not\u00edcias sobre resid\u00eancia m\u00e9dica, revalida\u00e7\u00e3o de diplomas e concursos m\u00e9dicos, al\u00e9m de materiais de estudo gratuitos e informa\u00e7\u00f5es relevantes do mundo da Medicina.<\/p>\n\t\t<\/div>\n\t\t<div class=\"campos\">\n\t\t\t<div class=\"first_name labels\">\n\t\t\t\t<input type=\"text\" class=\"input_labels\" id=\"first_name\" name=\"Nome_Completo\" placeholder=\"Nome\" required \/>\n\t\t\t<\/div>\n\t\t\t<div class=\"email labels\">\n\t\t\t\t<input type=\"email\" class=\"input_labels\" id=\"email\" name=\"Email\" placeholder=\"E-mail\" required \/>\n\t\t\t<\/div>\n\t\t\t<button type=\"submit\" class=\"button_layout\">\n\t\t\t\t<div id=\"lblBotao\">Inscreva-se<\/div>\n\t\t\t\t<span id=\"divSpiner\" class=\"loader\" role=\"status\" style=\"display: none;\"><\/span>\t\n\t\t\t<\/button>\n\t\t<\/div><!-- \/campos -->\n\t\t\n\t\t<label class=\"container_checkbox\">Voc\u00ea concorda com a nossa\n\t\t\t<a class=\"politics_privacy_ahref\" target=\"_blank\" href=\"https:\/\/gratis.estrategiaconcursos.com.br\/politica-de-privacidade\/\">Pol\u00edtica de Privacidade<\/a> e aceita receber informa\u00e7\u00f5es adicionais do Estrat\u00e9gia Educacional.\n\t\t\t<input id=\"checkbox_layout\" type=\"checkbox\" checked=\"checked\" required \/>\n\t\t\t<span class=\"checkbox\"><\/span>\n\t\t<\/label>\n\t\t<div id=\"msg\"><\/div>\n\t\t<div id=\"error\" class=\"error\">\n\t\t<\/div>\n\t<\/form>\n<\/div><!-- \/new-form -->\n\n\n\n<\/p><h2 class=\"wp-block-heading\" id=\"h-exame-nacional-de-residencia-enare-2024\"><span class=\"ez-toc-section\" id=\"Exame-Nacional-de-Residencia-%E2%80%93-ENARE-2024\"><\/span>Exame Nacional de Resid&ecirc;ncia &ndash; ENARE (2024)<span class=\"ez-toc-section-end\"><\/span><\/h2><p><strong>A respeito da vacina contra o HPV, informe se &eacute; verdadeiro (V) ou falso (F) o que se afirma a seguir e assinale a alternativa com a sequ&ecirc;ncia correta.<\/strong><\/p><p><strong>( ) A vacina do HPV &eacute; feita de part&iacute;culas semelhantes aos v&iacute;rus.<\/strong><\/p><p><strong>( ) Quem j&aacute; fez tr&ecirc;s doses da vacina quadrivalente n&atilde;o pode realizar a nonavalente.<\/strong><\/p><p><strong>( ) A vacina contra o HPV &eacute; indicada em bula para pessoas de 5 a 20 anos.<\/strong><\/p><p><strong>( ) Adolescentes de 11 a 14 anos devem receber duas doses da vacina quadrivalente (0 e 6 meses).<\/strong><\/p><p>A) F &ndash; F &ndash; V &ndash; V.<br>B) F &ndash; V &ndash; F &ndash; V.<br>C) V &ndash; V &ndash; F &ndash; F.<br>D) V &ndash; F &ndash; F &ndash; V.<br>E) V &ndash; F &ndash; F &ndash; F.<\/p><blockquote class=\"wp-block-quote is-layout-flow wp-block-quote-is-layout-flow\">\n<p>Resolu&ccedil;&atilde;o: <strong>A alternativa D est&aacute; correta<\/strong>. Vamos analisar as assertivas:<br><br>A vacina do HPV &eacute; feita de part&iacute;culas semelhantes aos v&iacute;rus. &ndash; VERDADEIRA. A vacina contra HPV &eacute; produzida atrav&eacute;s de tecnologia de DNA recombinante, com part&iacute;culas semelhantes ao caps&iacute;deo viral (VLPs).<br><br>Quem j&aacute; fez tr&ecirc;s doses da vacina quadrivalente n&atilde;o pode realizar a nonavalente.- FALSA. Tomar a vacina nonovalente oferece prote&ccedil;&atilde;o contra os tipos virais que n&atilde;o est&atilde;o presentes na vacina quadrivalente.<br><br>A vacina contra o HPV &eacute; indicada em bula para pessoas de 5 a 20 anos.- FALSA. a vacina contra HPV &eacute; indicada para pessoas de 9 a 45 anos.<br><br>Adolescentes de 11 a 14 anos devem receber duas doses da vacina quadrivalente (0 e 6 meses).- VERDADEIRA. Na faixa et&aacute;ria de 9 a 14 anos s&atilde;o necess&aacute;rias apenas 2 doses de vacina contra HPV, j&aacute; que, nessa faixa et&aacute;ria, a imunogenicidade &eacute; a mesma de 3 doses acima dos 14 anos.<\/p>\n<\/blockquote><h2 class=\"wp-block-heading\" id=\"h-santa-casa-de-misericordia-de-ribeirao-preto-scmrp-2024\"><span class=\"ez-toc-section\" id=\"Santa-Casa-de-Misericordia-de-Ribeirao-Preto-%E2%80%93-SCMRP-2024\"><\/span>Santa Casa de Miseric&oacute;rdia de Ribeir&atilde;o Preto &ndash; SCMRP (2024)<span class=\"ez-toc-section-end\"><\/span><\/h2><p><strong>Menino de 4 anos, previamente h&iacute;gido, refugiado afeg&atilde;o, chegou ao Brasil h&aacute; 1 semana com visto humanit&aacute;rio. &Eacute; atendido na Unidade B&aacute;sica de Sa&uacute;de de refer&ecirc;ncia,de sua nova resid&ecirc;ncia, com o quadro de febre e s&uacute;bita defici&ecirc;ncia motora em membro inferior esquerdo (MIE), h&aacute; 1 dia. Ao exame, o paciente encontra-se em regular estado geral, com reflexos profundos abolidos em MIE, por&eacute;m com sensibilidade preservada.<\/strong><\/p><p><strong>Considerando que o Afeganist&atilde;o &eacute; um pa&iacute;s com circula&ccedil;&atilde;o do v&iacute;rus selvagem da poliomielite e ponderando, ainda, a baixa cobertura vacinal no Brasil, atualmente, a m&eacute;dica realiza a notifica&ccedil;&atilde;o compuls&oacute;ria e interna o paciente para investiga&ccedil;&atilde;o diagn&oacute;stica e tratamento.<\/strong><\/p><p><strong>&Eacute; necess&aacute;rio avaliar o cart&atilde;o vacinal dos contactantes pr&oacute;ximos desse paciente, com o objetivo de vacina&ccedil;&atilde;o adicional como forma de bloqueio de surto. Quais s&atilde;o as vacinas contra poliomielite presentes no calend&aacute;rio do Programa Nacional de Imuniza&ccedil;&otilde;es (PNI) e seu esquema de administra&ccedil;&atilde;o preconizado atualmente?<br><br><\/strong>A) Vacina contra poliomielite atenuada, administrada aos 2, 4, 6, 15 meses e 4 anos.<br>B) Vacina contra poliomielite atenuada, administrada aos 2, 4 e 6 meses; vacina contra poliomielite inativada, administrada aos 15 meses e 4 anos.<br>C) Vacina contra poliomielite inativada, administrada aos 2, 4 e 6 meses; vacina contra poliomielite atenuada, administrada aos 15 meses e 4 anos.<br>D) Vacina contra poliomielite inativada, administrada aos 2, 4, 6, 15 meses e 4 anos.<br>E) Vacina contra poliomelite inativada, administrada aos 2 e 4 meses; vacina contra poliomielite atenuada, administrada aos 6 e 15 meses e aos 4 anos.<\/p><blockquote class=\"wp-block-quote is-layout-flow wp-block-quote-is-layout-flow\">\n<p>Resolu&ccedil;&atilde;o: <strong>A alternativa C est&aacute; correta.<\/strong><br><br>A poliomielite, tamb&eacute;m conhecida como paralisia infantil, &eacute; uma doen&ccedil;a viral, causada por um poliov&iacute;rus, que pode infectar crian&ccedil;as e adultos por meio do contato direto com fezes ou com secre&ccedil;&otilde;es eliminadas pela boca das pessoas infectadas e provocar ou n&atilde;o paralisia. Nos casos graves, em que acontecem as paralisias musculares, os membros inferiores s&atilde;o os mais atingidos. H&aacute; 4 formas de poliomielite:<br><br>1) Forma Inaparente ou Assintom&aacute;tica. 90 a 95% das infec&ccedil;&otilde;es.&nbsp;<br>2) Forma Abortiva. 5% dos casos. Caracteriza-se por sintomas inespec&iacute;ficos, como febre, cefal&eacute;ia, tosse e coriza, v&ocirc;mitos, dor abdominal e diarr&eacute;ia.&nbsp;<br>3) Poliomielite n&atilde;o paral&iacute;tica. 4%. Os pacientes normalmente desenvolvem meningite ass&eacute;ptica, mas n&atilde;o desenvolvem paralisia.&nbsp;<br>4) Poliomielite paral&iacute;tica. 1%. A doen&ccedil;a come&ccedil;a com manifesta&ccedil;&otilde;es inespec&iacute;ficas e evolui para rigidez muscular. Desses pacientes, alguns evoluem para paralisia e fraqueza muscular. A paralisia pode evoluir a tal ponto de paralisar musculatura respirat&oacute;ria.&nbsp;<br><br>N&atilde;o existe tratamento espec&iacute;fico, todas as v&iacute;timas de cont&aacute;gio devem ser hospitalizadas, recebendo tratamento dos sintomas, de acordo com o quadro cl&iacute;nico do paciente.<br><br>H&aacute; duas vacinas dispon&iacute;veis contra p&oacute;lio:<br>&ndash; Vacina Inativada contra Poliomielite (VIP ou Salk): composta por poliov&iacute;rus 1, 2 e 3 mortos. Aplicada aos 2, 4, e 6 meses de idade. Tem como vantagem ser inativada e n&atilde;o causar rea&ccedil;&otilde;es adversas graves.<br>&ndash; Vacina oral viva atenuada contra Poliomielite (VOP ou Sabin): composta por poliov&iacute;rus 1 e 3. Administra&ccedil;&atilde;o oral, aos 15 meses e 4 anos. Tem como vantagem ser de menor custo, fazer imunidade de rebanho e f&aacute;cil aplica&ccedil;&atilde;o. &Eacute; excretada pelas fezes, ent&atilde;o n&atilde;o pode ser dada para contactantes de imunossuprimidos. Como desvantagem, pode causar poliomielite associada &agrave; vacina.&nbsp;<\/p>\n<\/blockquote><h2 class=\"wp-block-heading\" id=\"h-processo-seletivo-unificado-de-minas-gerais-psu-mg-2023\"><span class=\"ez-toc-section\" id=\"Processo-Seletivo-Unificado-de-Minas-Gerais-%E2%80%93-PSU-MG-2023\"><\/span>Processo Seletivo Unificado de Minas Gerais &ndash; PSU-MG (2023)<span class=\"ez-toc-section-end\"><\/span><\/h2><p><strong>Adolescente de 12 anos de idade procura o Posto de Sa&uacute;de para atualiza&ccedil;&atilde;o do cart&atilde;o vacinal. A m&atilde;e informa que n&atilde;o procurou o Posto de Sa&uacute;de nos &uacute;ltimos tr&ecirc;s anos devido &agrave; pandemia de Covid-19 e que agora gostaria de regularizar a situa&ccedil;&atilde;o vacinal do seu filho. Em rela&ccedil;&atilde;o &agrave; vacina&ccedil;&atilde;o desse adolescente, &eacute; CORRETO afirmar:<\/strong><\/p><p>A) Se o adolescente ainda n&atilde;o recebeu nenhuma dose da vacina contra o HPV, deve receber apenas uma dose aos 12 anos<br>B) Se o adolescente ainda n&atilde;o recebeu nenhuma dose da vacina de febre amarela, deve receber duas doses com intervalo de um m&ecirc;s entre elas<br>C) Se o adolescente recebeu duas doses da vacina tr&iacute;plice viral, deve receber um refor&ccedil;o na adolesc&ecirc;ncia<br>D) Se o adolescente recebeu tr&ecirc;s doses da vacina meningoc&oacute;cica C, deve receber a vacina ACWY<\/p><blockquote class=\"wp-block-quote is-layout-flow wp-block-quote-is-layout-flow\">\n<p>Resolu&ccedil;&atilde;o: <strong>A alternativa D est&aacute; correta<\/strong>, com a ressalva que, independente das doses de meningoc&oacute;cica C, ele dever&aacute; receber a ACWY.&nbsp;<br><br>O calend&aacute;rio vacinal dos adolescentes do Programa Nacional de Imuniza&ccedil;&otilde;es &eacute; composto de: 2 vacinas pr&oacute;prias, uma vacina &ldquo;chiclete&rdquo; e 3 que &ldquo;olham pra tr&aacute;s&rdquo;.<br><br>1) PR&Oacute;PRIAS<br>S&atilde;o vacinas do calend&aacute;rio dos adolescentes:<br>&ndash; HPV, para meninos e meninas dos 9 aos 14 anos em duas doses, com 6 meses de intervalo entre elas.&nbsp;<br>&ndash; MENINGO ACWY, para 11 e 12 anos, em dose &uacute;nica. <em>(*no ano da prova, foi aumentada a idade limite para 13 e 14 anos, com data limite de junho de 2023)<\/em><br><br>2) &ldquo;Chiclete&rdquo;<br>&ndash; &Eacute; a vacina dT &ndash; difteria e t&eacute;tano.&nbsp;<br>Chiclete pois a prote&ccedil;&atilde;o para essas doen&ccedil;as est&aacute; presente em todos os calend&aacute;rios. Come&ccedil;a l&aacute; no pedi&aacute;trico, com 3 doses na pentavalente e dois refor&ccedil;os da DTP, aos 15 meses e 4 anos.&nbsp;<br>Depois, em cada calend&aacute;rio, a dT aparece como refor&ccedil;o de 10 em 10 anos.&nbsp;<br><br>3) &ldquo;Olham para tr&aacute;s&rdquo;<br>Por fim, temos aquelas que olham para tr&aacute;s, ou seja, ser&atilde;o aplicadas apenas se n&atilde;o tiverem sido feitas no calend&aacute;rio anterior, o pedi&aacute;trico.&nbsp;<br>&ndash; Febre amarela, hepatite B e tr&iacute;plice viral.&nbsp;<\/p>\n<\/blockquote><h2 class=\"wp-block-heading\" id=\"h-universidade-estadual-de-campinas-unicamp-2023\"><span class=\"ez-toc-section\" id=\"Universidade-Estadual-de-Campinas-%E2%80%93-UNICAMP-2023\"><\/span>Universidade Estadual de Campinas &ndash; UNICAMP (2023)<span class=\"ez-toc-section-end\"><\/span><\/h2><p><strong>Menino, 15 dias de vida, &eacute; trazido para consulta de puericultura em aleitamento materno exclusivo, assintom&aacute;tico. Antecedente pessoal: uma dose de vacina de hepatite B. Contactante domiciliar iniciou tratamento de tuberculose pulmonar h&aacute; um dia. Exame f&iacute;sico sem altera&ccedil;&otilde;es, com ganho ponderal de 30g\/dia em rela&ccedil;&atilde;o &agrave; alta hospitalar. A CONDUTA &Eacute;:<\/strong><\/p><p>A) Prescrever rifampicina oral por 3 meses e, ap&oacute;s, indicar teste tubercul&iacute;nico.<br>B) Prescrever isoniazida oral por 3 meses e, ap&oacute;s, indicar a vacina BCG.<br>C) Indicar a vacina BCG.<br>D) Indicar teste tubercul&iacute;nico.<\/p><blockquote class=\"wp-block-quote is-layout-flow wp-block-quote-is-layout-flow\">\n<p>Resolu&ccedil;&atilde;o: <strong>A alternativa A est&aacute; correta<\/strong>, a rifampicina &eacute; uma op&ccedil;&atilde;o de quimioprofilaxia e dever&aacute; ser feita por 3 meses, at&eacute; o teste tubercul&iacute;nico.&nbsp;<br><br>Ao nascimento, os neonatos maiores de 2000g recebem a dose &uacute;nica da vacina contra as formas graves de tuberculose, a BCG. Por&eacute;m, caso o RN seja contactante de bacil&iacute;fero, a vacina est&aacute; contraindicada e ele precisa iniciar quimioprofilaxia com isoniazida ou rifampicina por tr&ecirc;s meses. Ap&oacute;s esse per&iacute;odo, se permanecer assintom&aacute;tico, &eacute; realizada a prova tubercul&iacute;nica.<br><br>Caso a prova tubercul&iacute;nica resulte &ge; 5 mm (reativo), mant&eacute;m-se a profilaxia por mais tr&ecirc;s a seis meses no caso de profilaxia com isoniazida ou por mais 1 m&ecirc;s se o RN estiver recebendo a rifampicina; o lactente n&atilde;o deve ser vacinado, pois j&aacute; apresenta resposta imune ao bacilo.<br><br>Agora, se, ap&oacute;s tr&ecirc;s meses, o PPD for menor do que 5 mm (n&atilde;o reativo), deve-se interromper a isoniazida ou rifampicina e vacinar o lactente com BCG.<\/p>\n<\/blockquote><h2 class=\"wp-block-heading\" id=\"h-revalida-inep-2023\"><span class=\"ez-toc-section\" id=\"Revalida-INEP-2023\"><\/span>Revalida INEP (2023)<span class=\"ez-toc-section-end\"><\/span><\/h2><p><strong>Um paciente de 11 anos &eacute; trazido pela m&atilde;e para consulta de puericultura na unidade b&aacute;sica de sa&uacute;de. A fam&iacute;lia vivia, anteriormente, em uma regi&atilde;o de dif&iacute;cil acesso a servi&ccedil;os de sa&uacute;de e se mudou para o territ&oacute;rio de abrang&ecirc;ncia h&aacute; 3 meses. Durante a consulta, a m&atilde;e informa que a crian&ccedil;a n&atilde;o apresenta problemas de sa&uacute;de e n&atilde;o faz uso regular de medicamentos. Quando questionada sobre a situa&ccedil;&atilde;o vacinal da crian&ccedil;a, a m&atilde;e informa que s&oacute; se&nbsp; lembra de que o paciente recebeu algumas vacinas do primeiro ano de vida e que n&atilde;o tem o cart&atilde;o vacinal.&nbsp;<\/strong> <br><br><strong>Nesse contexto, qual deve ser o esquema vacinal indicado para esse paciente?<br><br><\/strong>A) 3 doses de hepatite B, 3 doses da dupla adulto (dT), dose &uacute;nica de febre amarela, 2 doses de tr&iacute;plice viral, 2 doses de HPV e dose &uacute;nica de meningoc&oacute;cica ACWY.&nbsp;<br>B) 3 doses de hepatite B, 3 doses da dupla adulto (dT), dose &uacute;nica de febre amarela, dose &uacute;nica de tr&iacute;plice viral, 3 doses de HPV e dose &uacute;nica de meningoc&oacute;cica C.<br>C) 3 doses de hepatite B, 3 doses da dupla adulto (dT), dose &uacute;nica de febre amarela, 2 doses de tr&iacute;plice viral e dose &uacute;nica de meningoc&oacute;cica ACWY.<br>D) 3 doses da pentavalente, 2 doses de febre amarela, 2 doses de tr&iacute;plice viral, 2 doses de HPV e 2 doses de meningoc&oacute;cica C.<\/p><p>Resolu&ccedil;&atilde;o: <strong>A alternativa A est&aacute; correta<\/strong>. O calend&aacute;rio vacinal dos adolescentes do Programa Nacional de Imuniza&ccedil;&otilde;es &eacute; composto de: 2 vacinas pr&oacute;prias, uma vacina &ldquo;chiclete&rdquo; e 3 que &ldquo;olham pra tr&aacute;s&rdquo;.<br><br>1) PR&Oacute;PRIAS<br>S&atilde;o vacinas do calend&aacute;rio dos adolescentes:<br>&ndash; HPV, para meninos e meninas dos 9 aos 14 anos em duas doses, com 6 meses de intervalo entre elas.&nbsp;<br>&ndash; MENINGO ACWY, para 11 e 12 anos, em dose &uacute;nica.&nbsp;<br><br>2) &ldquo;Chiclete&rdquo;<br>&ndash; &Eacute; a vacina dT &ndash; difteria e t&eacute;tano.&nbsp;<br>Chiclete pois a prote&ccedil;&atilde;o para essas doen&ccedil;as est&aacute; presente em todos os calend&aacute;rios. Come&ccedil;a l&aacute; no pedi&aacute;trico, com 3 doses na pentavalente e dois refor&ccedil;os da DTP, aos 15 meses e 4 anos.&nbsp;<br>Depois, em cada calend&aacute;rio, a dT aparece como refor&ccedil;o de 10 em 10 anos.&nbsp;<br><br>3) &ldquo;Olham para tr&aacute;s&rdquo;<br>Por fim, temos aquelas que olham para tr&aacute;s, ou seja, ser&atilde;o aplicadas apenas se n&atilde;o tiverem sido feitas no calend&aacute;rio anterior, o pedi&aacute;trico.&nbsp;<br>&ndash; Febre amarela, hepatite B e tr&iacute;plice viral.<br><br>No caso apresentado, ele &eacute; um adolescente, portanto, as vacinas pr&oacute;prias do calend&aacute;rio ele vai aplicar independente do hist&oacute;rico: HPV e meningo ACWY.&nbsp;A chiclete, ele tamb&eacute;m ir&aacute; aplicar, e ir&aacute; aplicar 3 doses, pois n&atilde;o temos comprova&ccedil;&atilde;o de uma vacina&ccedil;&atilde;o pr&eacute;via.<br><br>Por fim, olhando para tr&aacute;s, n&atilde;o temos comprova&ccedil;&atilde;o de nenhuma dose das tr&ecirc;s &uacute;ltimas, vamos, ent&atilde;o, vacinar tamb&eacute;m. Ele ir&aacute; aplicar:<br>&ndash; HPV em 2 doses<br>&ndash; ACWY em dose &uacute;nica<br>&ndash; dT em 3 doses&nbsp;<br>&ndash; Hepatite B em 3 doses<br>&ndash; Febre amarela, em dose &uacute;nica<br>&ndash; Tr&iacute;plice viral, em 2 doses.&nbsp;<\/p><h2 class=\"wp-block-heading\" id=\"h-prepare-se-para-as-provas-com-o-estrategia-med\"><span class=\"ez-toc-section\" id=\"Prepare-se-para-as-provas-com-o-Estrategia-MED\"><\/span>Prepare-se para as provas com o Estrat&eacute;gia MED<span class=\"ez-toc-section-end\"><\/span><\/h2><p>O estudo pelas resolu&ccedil;&otilde;es de quest&otilde;es &eacute; a grande chave para a aprova&ccedil;&atilde;o e o Estrat&eacute;gia MED n&atilde;o est&aacute; de fora desse m&eacute;todo de aprendizagem. Com o <strong>Banco de Quest&otilde;es do Estrat&eacute;gia MED<\/strong>, voc&ecirc; poder&aacute; aproveitar todos os recursos dispon&iacute;veis, incluindo <strong>mais de 1.500 quest&otilde;es sobre Imuniza&ccedil;&atilde;o<\/strong>, grande parte j&aacute; com a resolu&ccedil;&atilde;o comentada das alternativas.&nbsp;<\/p><p>Vem ser coruja! Clique no banner e saiba mais sobre o Banco de Quest&otilde;es do Estrat&eacute;gia MED!<br><\/p><p>\n\n\n\n\n\n<a id=\"cta\" class=\"cta-imagem\" href=\"https:\/\/med.estrategia.com\/curso\/banco-de-questes-resumos-estrategicos-anual\/\" target=\"blank\">\n                <img decoding=\"async\" width=\"100%\" src=\"https:\/\/med.estrategia.com\/portal\/wp-content\/uploads\/2025\/08\/banco_questoes.png\" alt=\"banco_questoes\" title=\"banco_questoes\">\n        <\/a>\n<\/p><\/p>\n","protected":false},"excerpt":{"rendered":"Recorrente em provas de resid&ecirc;ncia m&eacute;dica e de revalida&ccedil;&atilde;o de diplomas, o tema Imuniza&ccedil;&atilde;o pode ser cobrado nos&hellip;\n","protected":false},"author":39,"featured_media":59819,"comment_status":"closed","ping_status":"closed","sticky":false,"template":"","format":"standard","meta":{"wl_entities_gutenberg":"","footnotes":""},"categories":[33],"tags":[],"wl_entity_type":[199],"class_list":{"0":"post-59822","1":"post","2":"type-post","3":"status-publish","4":"format-standard","5":"has-post-thumbnail","7":"category-conteudos-gratis","8":"wl_entity_type-article"},"acf":[],"yoast_head":"<!-- This site is optimized with the Yoast SEO Premium plugin v26.6 (Yoast SEO v26.6) - https:\/\/yoast.com\/wordpress\/plugins\/seo\/ -->\n<title>5 quest\u00f5es sobre Imuniza\u00e7\u00e3o que j\u00e1 ca\u00edram nas provas<\/title>\n<meta name=\"description\" content=\"Venha resolver quest\u00f5es sobre Imuniza\u00e7\u00e3o e saiba como o tema j\u00e1 caiu nas provas de Resid\u00eancia M\u00e9dica e Revalida!\" \/>\n<meta name=\"robots\" content=\"index, follow, max-snippet:-1, max-image-preview:large, max-video-preview:-1\" \/>\n<link rel=\"canonical\" href=\"https:\/\/med.estrategia.com\/portal\/conteudos-gratis\/5-questoes-sobre-imunizacao-que-ja-cairam-nas-provas\/\" \/>\n<meta property=\"og:locale\" content=\"pt_BR\" \/>\n<meta property=\"og:type\" content=\"article\" \/>\n<meta property=\"og:title\" content=\"5 quest\u00f5es sobre Imuniza\u00e7\u00e3o que j\u00e1 ca\u00edram nas provas\" \/>\n<meta property=\"og:description\" content=\"Venha resolver quest\u00f5es sobre Imuniza\u00e7\u00e3o e saiba como o tema j\u00e1 caiu nas provas de Resid\u00eancia M\u00e9dica e Revalida!\" \/>\n<meta property=\"og:url\" content=\"https:\/\/med.estrategia.com\/portal\/conteudos-gratis\/5-questoes-sobre-imunizacao-que-ja-cairam-nas-provas\/\" \/>\n<meta property=\"og:site_name\" content=\"Estrat\u00e9gia MED\" \/>\n<meta property=\"article:publisher\" content=\"https:\/\/www.facebook.com\/estrategiamed1\" \/>\n<meta property=\"article:published_time\" content=\"2024-03-15T12:24:43+00:00\" \/>\n<meta property=\"article:modified_time\" content=\"2024-03-15T12:24:49+00:00\" \/>\n<meta property=\"og:image\" content=\"https:\/\/med.estrategia.com\/portal\/wp-content\/uploads\/2024\/03\/imunizacao.jpeg\" \/>\n\t<meta property=\"og:image:width\" content=\"1920\" \/>\n\t<meta property=\"og:image:height\" content=\"1280\" \/>\n\t<meta property=\"og:image:type\" content=\"image\/jpeg\" \/>\n<meta name=\"author\" content=\"Ana Carolina Damasceno\" \/>\n<meta name=\"twitter:card\" content=\"summary_large_image\" \/>\n<meta name=\"twitter:creator\" content=\"@estrategiamed_\" \/>\n<meta name=\"twitter:site\" content=\"@estrategiamed_\" \/>\n<meta name=\"twitter:label1\" content=\"Escrito por\" \/>\n\t<meta name=\"twitter:data1\" content=\"Ana Carolina Damasceno\" \/>\n\t<meta name=\"twitter:label2\" content=\"Est. tempo de leitura\" \/>\n\t<meta name=\"twitter:data2\" content=\"12 minutos\" \/>\n<script type=\"application\/ld+json\" class=\"yoast-schema-graph\">{\"@context\":\"https:\/\/schema.org\",\"@graph\":[{\"@type\":\"WebPage\",\"@id\":\"https:\/\/med.estrategia.com\/portal\/conteudos-gratis\/5-questoes-sobre-imunizacao-que-ja-cairam-nas-provas\/\",\"url\":\"https:\/\/med.estrategia.com\/portal\/conteudos-gratis\/5-questoes-sobre-imunizacao-que-ja-cairam-nas-provas\/\",\"name\":\"5 quest\u00f5es sobre Imuniza\u00e7\u00e3o que j\u00e1 ca\u00edram nas provas\",\"isPartOf\":{\"@id\":\"https:\/\/med.estrategia.com\/portal\/#website\"},\"primaryImageOfPage\":{\"@id\":\"https:\/\/med.estrategia.com\/portal\/conteudos-gratis\/5-questoes-sobre-imunizacao-que-ja-cairam-nas-provas\/#primaryimage\"},\"image\":{\"@id\":\"https:\/\/med.estrategia.com\/portal\/conteudos-gratis\/5-questoes-sobre-imunizacao-que-ja-cairam-nas-provas\/#primaryimage\"},\"thumbnailUrl\":\"https:\/\/med.estrategia.com\/portal\/wp-content\/uploads\/2024\/03\/imunizacao.jpeg\",\"datePublished\":\"2024-03-15T12:24:43+00:00\",\"dateModified\":\"2024-03-15T12:24:49+00:00\",\"author\":{\"@id\":\"https:\/\/med.estrategia.com\/portal\/#\/schema\/person\/2f553adbb8e25fe39d145c5b2927f58c\"},\"description\":\"Venha resolver quest\u00f5es sobre Imuniza\u00e7\u00e3o e saiba como o tema j\u00e1 caiu nas provas de Resid\u00eancia M\u00e9dica e Revalida!\",\"breadcrumb\":{\"@id\":\"https:\/\/med.estrategia.com\/portal\/conteudos-gratis\/5-questoes-sobre-imunizacao-que-ja-cairam-nas-provas\/#breadcrumb\"},\"inLanguage\":\"pt-BR\",\"potentialAction\":[{\"@type\":\"ReadAction\",\"target\":[\"https:\/\/med.estrategia.com\/portal\/conteudos-gratis\/5-questoes-sobre-imunizacao-que-ja-cairam-nas-provas\/\"]}]},{\"@type\":\"ImageObject\",\"inLanguage\":\"pt-BR\",\"@id\":\"https:\/\/med.estrategia.com\/portal\/conteudos-gratis\/5-questoes-sobre-imunizacao-que-ja-cairam-nas-provas\/#primaryimage\",\"url\":\"https:\/\/med.estrategia.com\/portal\/wp-content\/uploads\/2024\/03\/imunizacao.jpeg\",\"contentUrl\":\"https:\/\/med.estrategia.com\/portal\/wp-content\/uploads\/2024\/03\/imunizacao.jpeg\",\"width\":1920,\"height\":1280,\"caption\":\"Foto de Banco de Imagens: Pexels\"},{\"@type\":\"BreadcrumbList\",\"@id\":\"https:\/\/med.estrategia.com\/portal\/conteudos-gratis\/5-questoes-sobre-imunizacao-que-ja-cairam-nas-provas\/#breadcrumb\",\"itemListElement\":[{\"@type\":\"ListItem\",\"position\":1,\"name\":\"Home\",\"item\":\"https:\/\/med.estrategia.com\/portal\/\"},{\"@type\":\"ListItem\",\"position\":2,\"name\":\"Conte\u00fados Gr\u00e1tis\",\"item\":\"https:\/\/med.estrategia.com\/portal\/conteudos-gratis\/\"},{\"@type\":\"ListItem\",\"position\":3,\"name\":\"5 quest\u00f5es sobre Imuniza\u00e7\u00e3o que j\u00e1 ca\u00edram nas provas\"}]},{\"@type\":\"WebSite\",\"@id\":\"https:\/\/med.estrategia.com\/portal\/#website\",\"url\":\"https:\/\/med.estrategia.com\/portal\/\",\"name\":\"Estrat\u00e9gia MED\",\"description\":\"\",\"potentialAction\":[{\"@type\":\"SearchAction\",\"target\":{\"@type\":\"EntryPoint\",\"urlTemplate\":\"https:\/\/med.estrategia.com\/portal\/?s={search_term_string}\"},\"query-input\":{\"@type\":\"PropertyValueSpecification\",\"valueRequired\":true,\"valueName\":\"search_term_string\"}}],\"inLanguage\":\"pt-BR\"},{\"@type\":\"Person\",\"@id\":\"https:\/\/med.estrategia.com\/portal\/#\/schema\/person\/2f553adbb8e25fe39d145c5b2927f58c\",\"name\":\"Ana Carolina Damasceno\",\"image\":{\"@type\":\"ImageObject\",\"inLanguage\":\"pt-BR\",\"@id\":\"https:\/\/med.estrategia.com\/portal\/#\/schema\/person\/image\/\",\"url\":\"https:\/\/med.estrategia.com\/portal\/wp-content\/uploads\/2021\/09\/WhatsApp-Image-2023-08-18-at-16.46.43-150x150.jpeg\",\"contentUrl\":\"https:\/\/med.estrategia.com\/portal\/wp-content\/uploads\/2021\/09\/WhatsApp-Image-2023-08-18-at-16.46.43-150x150.jpeg\",\"caption\":\"Ana Carolina Damasceno\"},\"description\":\"Coordenadora de Jornalismo EMED. Comunicadora por natureza e forma\u00e7\u00e3o, que ama e perde a no\u00e7\u00e3o do tempo com m\u00fasica e s\u00e9rie.\",\"url\":\"https:\/\/med.estrategia.com\/portal\/author\/ana-carolina-damasceno\/\"}]}<\/script>\n<!-- \/ Yoast SEO Premium plugin. -->","yoast_head_json":{"title":"5 quest\u00f5es sobre Imuniza\u00e7\u00e3o que j\u00e1 ca\u00edram nas provas","description":"Venha resolver quest\u00f5es sobre Imuniza\u00e7\u00e3o e saiba como o tema j\u00e1 caiu nas provas de Resid\u00eancia M\u00e9dica e Revalida!","robots":{"index":"index","follow":"follow","max-snippet":"max-snippet:-1","max-image-preview":"max-image-preview:large","max-video-preview":"max-video-preview:-1"},"canonical":"https:\/\/med.estrategia.com\/portal\/conteudos-gratis\/5-questoes-sobre-imunizacao-que-ja-cairam-nas-provas\/","og_locale":"pt_BR","og_type":"article","og_title":"5 quest\u00f5es sobre Imuniza\u00e7\u00e3o que j\u00e1 ca\u00edram nas provas","og_description":"Venha resolver quest\u00f5es sobre Imuniza\u00e7\u00e3o e saiba como o tema j\u00e1 caiu nas provas de Resid\u00eancia M\u00e9dica e Revalida!","og_url":"https:\/\/med.estrategia.com\/portal\/conteudos-gratis\/5-questoes-sobre-imunizacao-que-ja-cairam-nas-provas\/","og_site_name":"Estrat\u00e9gia MED","article_publisher":"https:\/\/www.facebook.com\/estrategiamed1","article_published_time":"2024-03-15T12:24:43+00:00","article_modified_time":"2024-03-15T12:24:49+00:00","og_image":[{"width":1920,"height":1280,"url":"https:\/\/med.estrategia.com\/portal\/wp-content\/uploads\/2024\/03\/imunizacao.jpeg","type":"image\/jpeg"}],"author":"Ana Carolina Damasceno","twitter_card":"summary_large_image","twitter_creator":"@estrategiamed_","twitter_site":"@estrategiamed_","twitter_misc":{"Escrito por":"Ana Carolina Damasceno","Est. tempo de leitura":"12 minutos"},"schema":{"@context":"https:\/\/schema.org","@graph":[{"@type":"WebPage","@id":"https:\/\/med.estrategia.com\/portal\/conteudos-gratis\/5-questoes-sobre-imunizacao-que-ja-cairam-nas-provas\/","url":"https:\/\/med.estrategia.com\/portal\/conteudos-gratis\/5-questoes-sobre-imunizacao-que-ja-cairam-nas-provas\/","name":"5 quest\u00f5es sobre Imuniza\u00e7\u00e3o que j\u00e1 ca\u00edram nas provas","isPartOf":{"@id":"https:\/\/med.estrategia.com\/portal\/#website"},"primaryImageOfPage":{"@id":"https:\/\/med.estrategia.com\/portal\/conteudos-gratis\/5-questoes-sobre-imunizacao-que-ja-cairam-nas-provas\/#primaryimage"},"image":{"@id":"https:\/\/med.estrategia.com\/portal\/conteudos-gratis\/5-questoes-sobre-imunizacao-que-ja-cairam-nas-provas\/#primaryimage"},"thumbnailUrl":"https:\/\/med.estrategia.com\/portal\/wp-content\/uploads\/2024\/03\/imunizacao.jpeg","datePublished":"2024-03-15T12:24:43+00:00","dateModified":"2024-03-15T12:24:49+00:00","author":{"@id":"https:\/\/med.estrategia.com\/portal\/#\/schema\/person\/2f553adbb8e25fe39d145c5b2927f58c"},"description":"Venha resolver quest\u00f5es sobre Imuniza\u00e7\u00e3o e saiba como o tema j\u00e1 caiu nas provas de Resid\u00eancia M\u00e9dica e Revalida!","breadcrumb":{"@id":"https:\/\/med.estrategia.com\/portal\/conteudos-gratis\/5-questoes-sobre-imunizacao-que-ja-cairam-nas-provas\/#breadcrumb"},"inLanguage":"pt-BR","potentialAction":[{"@type":"ReadAction","target":["https:\/\/med.estrategia.com\/portal\/conteudos-gratis\/5-questoes-sobre-imunizacao-que-ja-cairam-nas-provas\/"]}]},{"@type":"ImageObject","inLanguage":"pt-BR","@id":"https:\/\/med.estrategia.com\/portal\/conteudos-gratis\/5-questoes-sobre-imunizacao-que-ja-cairam-nas-provas\/#primaryimage","url":"https:\/\/med.estrategia.com\/portal\/wp-content\/uploads\/2024\/03\/imunizacao.jpeg","contentUrl":"https:\/\/med.estrategia.com\/portal\/wp-content\/uploads\/2024\/03\/imunizacao.jpeg","width":1920,"height":1280,"caption":"Foto de Banco de Imagens: Pexels"},{"@type":"BreadcrumbList","@id":"https:\/\/med.estrategia.com\/portal\/conteudos-gratis\/5-questoes-sobre-imunizacao-que-ja-cairam-nas-provas\/#breadcrumb","itemListElement":[{"@type":"ListItem","position":1,"name":"Home","item":"https:\/\/med.estrategia.com\/portal\/"},{"@type":"ListItem","position":2,"name":"Conte\u00fados Gr\u00e1tis","item":"https:\/\/med.estrategia.com\/portal\/conteudos-gratis\/"},{"@type":"ListItem","position":3,"name":"5 quest\u00f5es sobre Imuniza\u00e7\u00e3o que j\u00e1 ca\u00edram nas provas"}]},{"@type":"WebSite","@id":"https:\/\/med.estrategia.com\/portal\/#website","url":"https:\/\/med.estrategia.com\/portal\/","name":"Estrat\u00e9gia MED","description":"","potentialAction":[{"@type":"SearchAction","target":{"@type":"EntryPoint","urlTemplate":"https:\/\/med.estrategia.com\/portal\/?s={search_term_string}"},"query-input":{"@type":"PropertyValueSpecification","valueRequired":true,"valueName":"search_term_string"}}],"inLanguage":"pt-BR"},{"@type":"Person","@id":"https:\/\/med.estrategia.com\/portal\/#\/schema\/person\/2f553adbb8e25fe39d145c5b2927f58c","name":"Ana Carolina Damasceno","image":{"@type":"ImageObject","inLanguage":"pt-BR","@id":"https:\/\/med.estrategia.com\/portal\/#\/schema\/person\/image\/","url":"https:\/\/med.estrategia.com\/portal\/wp-content\/uploads\/2021\/09\/WhatsApp-Image-2023-08-18-at-16.46.43-150x150.jpeg","contentUrl":"https:\/\/med.estrategia.com\/portal\/wp-content\/uploads\/2021\/09\/WhatsApp-Image-2023-08-18-at-16.46.43-150x150.jpeg","caption":"Ana Carolina Damasceno"},"description":"Coordenadora de Jornalismo EMED. Comunicadora por natureza e forma\u00e7\u00e3o, que ama e perde a no\u00e7\u00e3o do tempo com m\u00fasica e s\u00e9rie.","url":"https:\/\/med.estrategia.com\/portal\/author\/ana-carolina-damasceno\/"}]}},"_wl_alt_label":[],"wl:entity_url":"\/post\/5-questoes-sobre-imunizacao-que-ja-cairam-nas-provas","_links":{"self":[{"href":"https:\/\/med.estrategia.com\/portal\/wp-json\/wp\/v2\/posts\/59822","targetHints":{"allow":["GET"]}}],"collection":[{"href":"https:\/\/med.estrategia.com\/portal\/wp-json\/wp\/v2\/posts"}],"about":[{"href":"https:\/\/med.estrategia.com\/portal\/wp-json\/wp\/v2\/types\/post"}],"author":[{"embeddable":true,"href":"https:\/\/med.estrategia.com\/portal\/wp-json\/wp\/v2\/users\/39"}],"replies":[{"embeddable":true,"href":"https:\/\/med.estrategia.com\/portal\/wp-json\/wp\/v2\/comments?post=59822"}],"version-history":[{"count":2,"href":"https:\/\/med.estrategia.com\/portal\/wp-json\/wp\/v2\/posts\/59822\/revisions"}],"predecessor-version":[{"id":59934,"href":"https:\/\/med.estrategia.com\/portal\/wp-json\/wp\/v2\/posts\/59822\/revisions\/59934"}],"wp:featuredmedia":[{"embeddable":true,"href":"https:\/\/med.estrategia.com\/portal\/wp-json\/wp\/v2\/media\/59819"}],"wp:attachment":[{"href":"https:\/\/med.estrategia.com\/portal\/wp-json\/wp\/v2\/media?parent=59822"}],"wp:term":[{"taxonomy":"category","embeddable":true,"href":"https:\/\/med.estrategia.com\/portal\/wp-json\/wp\/v2\/categories?post=59822"},{"taxonomy":"post_tag","embeddable":true,"href":"https:\/\/med.estrategia.com\/portal\/wp-json\/wp\/v2\/tags?post=59822"},{"taxonomy":"wl_entity_type","embeddable":true,"href":"https:\/\/med.estrategia.com\/portal\/wp-json\/wp\/v2\/wl_entity_type?post=59822"}],"curies":[{"name":"wp","href":"https:\/\/api.w.org\/{rel}","templated":true}]}}