{"id":60386,"date":"2024-03-26T13:08:51","date_gmt":"2024-03-26T16:08:51","guid":{"rendered":"https:\/\/med.estrategia.com\/portal\/?p=60386"},"modified":"2024-04-05T10:39:45","modified_gmt":"2024-04-05T13:39:45","slug":"concursos-publicos-em-sao-paulo-com-vagas-para-medicos","status":"publish","type":"post","link":"https:\/\/med.estrategia.com\/portal\/concursos\/concursos-publicos-em-sao-paulo-com-vagas-para-medicos\/","title":{"rendered":"Concursos p\u00fablicos em S\u00e3o Paulo com vagas para m\u00e9dicos"},"content":{"rendered":"<p>As prefeituras das cidades de <strong>S&atilde;o Louren&ccedil;o da Serra, Adamantina, Jahu, Tabo&atilde;o da Serra e Artur Nogueira<\/strong>, no estado de S&atilde;o Paulo, publicaram neste m&ecirc;s os editais para os <strong>concursos p&uacute;blicos com vagas na &aacute;rea m&eacute;dica.&nbsp;&nbsp;<\/strong><p>O <strong>Cons&oacute;rcio Intermunicipal do Oeste Paulista (CIOP)<\/strong>, localizado em Presidente Prudente, tamb&eacute;m oferta uma vaga e forma&ccedil;&atilde;o de cadastro reserva para os cargos de&nbsp; <strong>M&eacute;dico Psiquiatra e Psiquiatra &ndash; CAPS III, respectivamente.&nbsp;<\/strong><\/p><p>Confira em seguida os resumos dos editais!<\/p><div id=\"ez-toc-container\" class=\"ez-toc-v2_0_79_2 counter-hierarchy ez-toc-counter ez-toc-transparent ez-toc-container-direction\">\n<div class=\"ez-toc-title-container\"><p class=\"ez-toc-title\" style=\"cursor:inherit\">Navegue pelo conte\u00fado<\/p>\n<\/div><nav><ul class='ez-toc-list ez-toc-list-level-1 ' ><li class='ez-toc-page-1 ez-toc-heading-level-2'><a class=\"ez-toc-link ez-toc-heading-1\" href=\"https:\/\/med.estrategia.com\/portal\/concursos\/concursos-publicos-em-sao-paulo-com-vagas-para-medicos\/#Concurso-Publico-Sao-Lourenco-da-Serra-2024\" >Concurso P&uacute;blico S&atilde;o Louren&ccedil;o da Serra 2024<\/a><ul class='ez-toc-list-level-3' ><li class='ez-toc-heading-level-3'><a class=\"ez-toc-link ez-toc-heading-2\" href=\"https:\/\/med.estrategia.com\/portal\/concursos\/concursos-publicos-em-sao-paulo-com-vagas-para-medicos\/#Vagas\" >Vagas<\/a><\/li><li class='ez-toc-page-1 ez-toc-heading-level-3'><a class=\"ez-toc-link ez-toc-heading-3\" href=\"https:\/\/med.estrategia.com\/portal\/concursos\/concursos-publicos-em-sao-paulo-com-vagas-para-medicos\/#Processo-seletivo-Sao-Lourenco-da-Serra-SP\" >Processo seletivo S&atilde;o Louren&ccedil;o da Serra -SP<\/a><\/li><\/ul><\/li><li class='ez-toc-page-1 ez-toc-heading-level-2'><a class=\"ez-toc-link ez-toc-heading-4\" href=\"https:\/\/med.estrategia.com\/portal\/concursos\/concursos-publicos-em-sao-paulo-com-vagas-para-medicos\/#Concurso-Publico-CIOP-Presidente-Prudente-2024\" >Concurso P&uacute;blico CIOP (Presidente Prudente) 2024<\/a><ul class='ez-toc-list-level-3' ><li class='ez-toc-heading-level-3'><a class=\"ez-toc-link ez-toc-heading-5\" href=\"https:\/\/med.estrategia.com\/portal\/concursos\/concursos-publicos-em-sao-paulo-com-vagas-para-medicos\/#Vagas-2\" >Vagas<\/a><\/li><li class='ez-toc-page-1 ez-toc-heading-level-3'><a class=\"ez-toc-link ez-toc-heading-6\" href=\"https:\/\/med.estrategia.com\/portal\/concursos\/concursos-publicos-em-sao-paulo-com-vagas-para-medicos\/#Processo-seletivo-CIOP-%E2%80%93-SP\" >Processo seletivo CIOP &ndash; SP<\/a><\/li><\/ul><\/li><li class='ez-toc-page-1 ez-toc-heading-level-2'><a class=\"ez-toc-link ez-toc-heading-7\" href=\"https:\/\/med.estrategia.com\/portal\/concursos\/concursos-publicos-em-sao-paulo-com-vagas-para-medicos\/#Concurso-Publico-Adamantina-2024\" >Concurso P&uacute;blico Adamantina 2024<\/a><ul class='ez-toc-list-level-3' ><li class='ez-toc-heading-level-3'><a class=\"ez-toc-link ez-toc-heading-8\" href=\"https:\/\/med.estrategia.com\/portal\/concursos\/concursos-publicos-em-sao-paulo-com-vagas-para-medicos\/#Vagas-3\" >Vagas<\/a><\/li><li class='ez-toc-page-1 ez-toc-heading-level-3'><a class=\"ez-toc-link ez-toc-heading-9\" href=\"https:\/\/med.estrategia.com\/portal\/concursos\/concursos-publicos-em-sao-paulo-com-vagas-para-medicos\/#Processo-seletivo-Adamantina-%E2%80%93-SP\" >Processo seletivo Adamantina &ndash; SP<\/a><\/li><\/ul><\/li><li class='ez-toc-page-1 ez-toc-heading-level-2'><a class=\"ez-toc-link ez-toc-heading-10\" href=\"https:\/\/med.estrategia.com\/portal\/concursos\/concursos-publicos-em-sao-paulo-com-vagas-para-medicos\/#Concurso-Publico-Jahu-2024\" >Concurso P&uacute;blico Jahu 2024<\/a><ul class='ez-toc-list-level-3' ><li class='ez-toc-heading-level-3'><a class=\"ez-toc-link ez-toc-heading-11\" href=\"https:\/\/med.estrategia.com\/portal\/concursos\/concursos-publicos-em-sao-paulo-com-vagas-para-medicos\/#Vagas-4\" >Vagas<\/a><\/li><li class='ez-toc-page-1 ez-toc-heading-level-3'><a class=\"ez-toc-link ez-toc-heading-12\" href=\"https:\/\/med.estrategia.com\/portal\/concursos\/concursos-publicos-em-sao-paulo-com-vagas-para-medicos\/#Processo-seletivo-Jahu-%E2%80%93-SP\" >Processo seletivo Jahu &ndash; SP<\/a><\/li><\/ul><\/li><li class='ez-toc-page-1 ez-toc-heading-level-2'><a class=\"ez-toc-link ez-toc-heading-13\" href=\"https:\/\/med.estrategia.com\/portal\/concursos\/concursos-publicos-em-sao-paulo-com-vagas-para-medicos\/#Concurso-Publico-Taboao-da-Serra-2024\" >Concurso P&uacute;blico Tabo&atilde;o da Serra 2024<\/a><ul class='ez-toc-list-level-3' ><li class='ez-toc-heading-level-3'><a class=\"ez-toc-link ez-toc-heading-14\" href=\"https:\/\/med.estrategia.com\/portal\/concursos\/concursos-publicos-em-sao-paulo-com-vagas-para-medicos\/#Vagas-5\" >Vagas<\/a><\/li><li class='ez-toc-page-1 ez-toc-heading-level-3'><a class=\"ez-toc-link ez-toc-heading-15\" href=\"https:\/\/med.estrategia.com\/portal\/concursos\/concursos-publicos-em-sao-paulo-com-vagas-para-medicos\/#Processo-seletivo-Taboao-da-Serra-SP\" >Processo seletivo Tabo&atilde;o da Serra -SP<\/a><\/li><\/ul><\/li><li class='ez-toc-page-1 ez-toc-heading-level-2'><a class=\"ez-toc-link ez-toc-heading-16\" href=\"https:\/\/med.estrategia.com\/portal\/concursos\/concursos-publicos-em-sao-paulo-com-vagas-para-medicos\/#Concurso-Publico-Artur-Nogueira-2024\" >Concurso P&uacute;blico Artur Nogueira 2024<\/a><ul class='ez-toc-list-level-3' ><li class='ez-toc-heading-level-3'><a class=\"ez-toc-link ez-toc-heading-17\" href=\"https:\/\/med.estrategia.com\/portal\/concursos\/concursos-publicos-em-sao-paulo-com-vagas-para-medicos\/#Vagas-6\" >Vagas<\/a><\/li><li class='ez-toc-page-1 ez-toc-heading-level-3'><a class=\"ez-toc-link ez-toc-heading-18\" href=\"https:\/\/med.estrategia.com\/portal\/concursos\/concursos-publicos-em-sao-paulo-com-vagas-para-medicos\/#Processo-seletivo-Artur-Nogueira-SP\" >Processo seletivo Artur Nogueira -SP<\/a><\/li><\/ul><\/li><li class='ez-toc-page-1 ez-toc-heading-level-2'><a class=\"ez-toc-link ez-toc-heading-19\" href=\"https:\/\/med.estrategia.com\/portal\/concursos\/concursos-publicos-em-sao-paulo-com-vagas-para-medicos\/#Prepare-se-para-o-concurso-publico-para-medicos-com-o-Estrategia-MED\" >Prepare-se para o concurso p&uacute;blico para m&eacute;dicos com o Estrat&eacute;gia MED!&nbsp;&nbsp;<\/a><\/li><\/ul><\/nav><\/div>\n<h2 class=\"wp-block-heading\" id=\"h-concurso-publico-sao-lourenco-da-serra-2024\"><span class=\"ez-toc-section\" id=\"Concurso-Publico-Sao-Lourenco-da-Serra-2024\"><\/span>Concurso P&uacute;blico S&atilde;o Louren&ccedil;o da Serra 2024<span class=\"ez-toc-section-end\"><\/span><\/h2><figure class=\"wp-block-table\"><table><tbody><tr><td>Vagas Ofertadas<\/td><td>7 + CR<\/td><\/tr><tr><td>Banca organizadora<\/td><td><a href=\"https:\/\/www.avancasp.org.br\/informacoes\/133\/\" target=\"_blank\">Avan&ccedil;a SP<\/a><\/td><\/tr><tr><td>Remunera&ccedil;&atilde;o<\/td><td>R$ 57,50\/h<\/td><\/tr><tr><td>Carga Hor&aacute;ria Semanal&nbsp;&nbsp;<\/td><td>40 horas<\/td><\/tr><tr><td>Composi&ccedil;&atilde;o do Processo Seletivo<\/td><td>Prova objetiva<\/td><\/tr><tr><td>Taxa de Inscri&ccedil;&atilde;o<\/td><td>R$ 77,00<\/td><\/tr><tr><td>Per&iacute;odo de inscri&ccedil;&atilde;o<\/td><td>11\/03\/2024 a 15\/04\/2024<\/td><\/tr><tr><td>&Uacute;ltimo dia do pagamento da Taxa<\/td><td>16\/04\/2024<\/td><\/tr><tr><td>Prova Objetiva<\/td><td>26\/05\/2024<\/td><\/tr><\/tbody><\/table><\/figure><div class=\"wp-block-buttons is-content-justification-center is-layout-flex wp-container-core-buttons-is-layout-1 wp-block-buttons-is-layout-flex\">\n<div class=\"wp-block-button\"><a class=\"wp-block-button__link wp-element-button\" href=\"https:\/\/med.estrategia.com\/portal\/wp-content\/uploads\/2024\/03\/00-edital-concurso-Sao-de-Lourenco-da-Serrra_SP-01.pdf\" target=\"_blank\">edital &ndash; prefeitura de s&atilde;o louren&ccedil;o da serra 2024<\/a><\/div>\n<\/div><h3 class=\"wp-block-heading\" id=\"h-vagas\"><span class=\"ez-toc-section\" id=\"Vagas\"><\/span>Vagas<span class=\"ez-toc-section-end\"><\/span><\/h3><p>A Prefeitura de<strong> S&atilde;o Louren&ccedil;o da Serra <\/strong>disponibilizou por meio do edital <strong>7 vagas para a &aacute;rea m&eacute;dica, al&eacute;m da forma&ccedil;&atilde;o de cadastro reserva. <\/strong>Confira as especialidades conforme na tabela a seguir:<\/p><figure class=\"wp-block-table\"><table><tbody><tr><td>Especialidade<\/td><td>Vagas<\/td><\/tr><tr><td>Cardiologista<\/td><td>CR<\/td><\/tr><tr><td>Cl&iacute;nico Geral Plantonista<\/td><td>1 + CR<\/td><\/tr><tr><td>M&eacute;dico de Sa&uacute;de da Fam&iacute;lia<\/td><td>CR<\/td><\/tr><tr><td>Dermatologista<\/td><td>1 + CR<\/td><\/tr><tr><td>M&eacute;dico do Trabalho<\/td><td>CR<\/td><\/tr><tr><td>Gastroenterologista<\/td><td>1 + CR<\/td><\/tr><tr><td>Neurologista<\/td><td>1 + CR<\/td><\/tr><tr><td>Oftalmologista<\/td><td>1 + CR<\/td><\/tr><tr><td>Ortopedista<\/td><td>1 + CR<\/td><\/tr><tr><td>Otorrinolaringologista<\/td><td>1 + CR<\/td><\/tr><tr><td>Urologista<\/td><td>CR<\/td><\/tr><\/tbody><\/table><\/figure><h3 class=\"wp-block-heading\" id=\"h-processo-seletivo-sao-lourenco-da-serra-sp\"><span class=\"ez-toc-section\" id=\"Processo-seletivo-Sao-Lourenco-da-Serra-SP\"><\/span>Processo seletivo S&atilde;o Louren&ccedil;o da Serra -SP<span class=\"ez-toc-section-end\"><\/span><\/h3><p>Prova Objetiva:<strong> 26 de maio de 2024<\/strong>, &agrave;s 9h. Classificat&oacute;rio; <strong>50 quest&otilde;es de m&uacute;ltipla escolha<\/strong> com cinco alternativas cada; e <strong>dura&ccedil;&atilde;o de 3 horas.<\/strong><\/p><p>&Aacute;reas de conhecimento:&nbsp;<\/p><ul class=\"wp-block-list\">\n<li>10 quest&otilde;es de L&iacute;ngua Portuguesa;<\/li>\n\n\n\n<li>10 quest&otilde;es de Matem&aacute;tica e Racioc&iacute;nio L&oacute;gico;<\/li>\n\n\n\n<li>10 quest&otilde;es de No&ccedil;&otilde;es de Inform&aacute;tica; e<\/li>\n\n\n\n<li>25 quest&otilde;es de Conhecimentos Espec&iacute;ficos;<\/li>\n<\/ul><p><strong>Classifica&ccedil;&atilde;o:<\/strong> nota igual ou superior a 50 pontos da prova objetiva.<\/p><h2 class=\"wp-block-heading\" id=\"h-concurso-publico-ciop-presidente-prudente-2024\"><span class=\"ez-toc-section\" id=\"Concurso-Publico-CIOP-Presidente-Prudente-2024\"><\/span>Concurso P&uacute;blico CIOP (Presidente Prudente) 2024<span class=\"ez-toc-section-end\"><\/span><\/h2><figure class=\"wp-block-table\"><table><tbody><tr><td>Vagas Ofertadas<\/td><td>1+ CR<\/td><\/tr><tr><td>Banca Organizadora<\/td><td><a href=\"https:\/\/sis.consesp.com.br\/site\/index.php?pg=concursos\/info&amp;codigo=4366\" target=\"_blank\">Consesp<\/a><\/td><\/tr><tr><td>Remunera&ccedil;&atilde;o<\/td><td>R$ 8.831,45 +Insalubridade<\/td><\/tr><tr><td>Carga Hor&aacute;ria Semanal&nbsp;&nbsp;<\/td><td>20 horas<\/td><\/tr><tr><td>Composi&ccedil;&atilde;o do Processo Seletivo<\/td><td>Prova objetiva e prova de t&iacute;tulos<\/td><\/tr><tr><td>Taxa de Inscri&ccedil;&atilde;o<\/td><td>R$ 80,00<\/td><\/tr><tr><td>Per&iacute;odo de inscri&ccedil;&atilde;o<\/td><td>19\/03\/2024 a 31\/03\/2024<\/td><\/tr><tr><td>&Uacute;ltimo dia do pagamento da Taxa<\/td><td>1&ordm;\/04\/2024<\/td><\/tr><tr><td>Prova Objetiva<\/td><td>21\/04\/2024<\/td><\/tr><\/tbody><\/table><\/figure><div class=\"wp-block-buttons is-content-justification-center is-layout-flex wp-container-core-buttons-is-layout-2 wp-block-buttons-is-layout-flex\">\n<div class=\"wp-block-button\"><a class=\"wp-block-button__link wp-element-button\" href=\"https:\/\/med.estrategia.com\/portal\/wp-content\/uploads\/2024\/03\/edital_concurso_4366_presidenteprudenteciopcp0012024-1.pdf\" target=\"_blank\">Edital &ndash; CIOP Presidente Prudente 2024 <\/a><\/div>\n<\/div><h3 class=\"wp-block-heading\" id=\"h-vagas-0\"><span class=\"ez-toc-section\" id=\"Vagas-2\"><\/span>Vagas<span class=\"ez-toc-section-end\"><\/span><\/h3><p>O CIOP disponibilizou por meio do edital <strong>1 vaga para Psiquiatra, na cidade de Rosana, al&eacute;m de forma&ccedil;&atilde;o de cadastro reserva para M&eacute;dico Psiquiatra &ndash; CAPS III, <\/strong>conforme na tabela a seguir:<\/p><figure class=\"wp-block-table\"><table><tbody><tr><td>Especialidade<\/td><td>Vagas<\/td><\/tr><tr><td>M&eacute;dico Psiquiatra (em Rosana)<\/td><td>1<\/td><\/tr><tr><td>M&eacute;dico Psiquiatra &ndash; CAPS III<\/td><td>CR<\/td><\/tr><\/tbody><\/table><\/figure><h3 class=\"wp-block-heading\" id=\"h-processo-seletivo-ciop-sp\"><span class=\"ez-toc-section\" id=\"Processo-seletivo-CIOP-%E2%80%93-SP\"><\/span>Processo seletivo CIOP &ndash; SP<span class=\"ez-toc-section-end\"><\/span><\/h3><p>Prova Objetiva:<strong> 21 de abril de 2024<\/strong>; &agrave;s 12h30. Classificat&oacute;rio\/eliminat&oacute;rio; <strong>40 quest&otilde;es de m&uacute;ltipla escolha<\/strong> com quatro alternativas cada; e <strong>dura&ccedil;&atilde;o de 2 horas.<\/strong><\/p><p>&Aacute;reas de conhecimento:&nbsp;<\/p><ul class=\"wp-block-list\">\n<li>10 quest&otilde;es de L&iacute;ngua Portuguesa;<\/li>\n\n\n\n<li>10 quest&otilde;es de Legisla&ccedil;&atilde;o em Sa&uacute;de;<\/li>\n\n\n\n<li>10 quest&otilde;es de Conhecimentos Gerais; e<\/li>\n\n\n\n<li>10 quest&otilde;es de Conhecimentos Espec&iacute;ficos;<\/li>\n<\/ul><p><strong>Classifica&ccedil;&atilde;o:<\/strong> nota igual ou superior a 40 pontos da prova objetiva.<\/p><p><strong>Prova de T&iacute;tulos<\/strong>:<strong> <\/strong>classificat&oacute;rio; candidatos habilitados na prova objetiva; e valor m&aacute;ximo de 10 pontos.<\/p><figure class=\"wp-block-table\"><table><tbody><tr><td>Especifica&ccedil;&atilde;o dos T&iacute;tulos<\/td><td>Valor<\/td><\/tr><tr><td>Doutorado<\/td><td>05 pontos &ndash; m&aacute;ximo um t&iacute;tulo<\/td><\/tr><tr><td>Mestrado<\/td><td>03 pontos &ndash; m&aacute;ximo um t&iacute;tulo<\/td><\/tr><tr><td>P&oacute;s-gradua&ccedil;&atilde;o lato sensu<\/td><td>02 pontos &ndash; m&aacute;ximo um t&iacute;tulo<\/td><\/tr><tr><td>Certificado ou Atestado de aprova&ccedil;&atilde;o em Concurso P&uacute;blico ou Processo Seletivo<\/td><td>0,5 ponto &ndash; m&aacute;ximo dois t&iacute;tulos<\/td><\/tr><tr><td>Pontua&ccedil;&atilde;o M&aacute;xima<\/td><td>10 pontos<\/td><\/tr><\/tbody><\/table><\/figure><h2 class=\"wp-block-heading\" id=\"h-concurso-publico-adamantina-2024\"><span class=\"ez-toc-section\" id=\"Concurso-Publico-Adamantina-2024\"><\/span>Concurso P&uacute;blico Adamantina 2024<span class=\"ez-toc-section-end\"><\/span><\/h2><figure class=\"wp-block-table\"><table><tbody><tr><td>Vagas Ofertadas<\/td><td>2<\/td><\/tr><tr><td>Banca Organizadora<\/td><td><a href=\"https:\/\/www.inepam.org.br\/concurso\/concursoPaginaInterna.do?idInstituicao=9&amp;idConcurso=4\" target=\"_blank\">Inepam<\/a><\/td><\/tr><tr><td>Remunera&ccedil;&atilde;o<\/td><td>R$ 5.002,35<\/td><\/tr><tr><td>Carga Hor&aacute;ria Semanal&nbsp;&nbsp;<\/td><td>20 horas<\/td><\/tr><tr><td>Composi&ccedil;&atilde;o do Processo Seletivo<\/td><td>Prova objetiva<\/td><\/tr><tr><td>Taxa de Inscri&ccedil;&atilde;o<\/td><td>R$ 45,00<\/td><\/tr><tr><td>Per&iacute;odo de inscri&ccedil;&atilde;o<\/td><td>25\/03\/2024 a 25\/04\/2024<\/td><\/tr><tr><td>&Uacute;ltimo dia do pagamento da Taxa<\/td><td>25\/04\/2024<\/td><\/tr><tr><td>Prova Objetiva<\/td><td>26\/05\/2024<\/td><\/tr><\/tbody><\/table><\/figure><div class=\"wp-block-buttons is-content-justification-center is-layout-flex wp-container-core-buttons-is-layout-3 wp-block-buttons-is-layout-flex\">\n<div class=\"wp-block-button\"><a class=\"wp-block-button__link wp-element-button\" href=\"https:\/\/med.estrategia.com\/portal\/wp-content\/uploads\/2024\/03\/00-edital-concurso-Adamantina-SP_-1.pdf\" target=\"_blank\">Edital &ndash; Prefeitura de adamantina 2024<\/a><\/div>\n<\/div><h3 class=\"wp-block-heading\" id=\"h-vagas-1\"><span class=\"ez-toc-section\" id=\"Vagas-3\"><\/span>Vagas<span class=\"ez-toc-section-end\"><\/span><\/h3><p>A <strong>Prefeitura de Adamantina<\/strong> disponibilizou por meio do edital <strong>2 vagas para a &aacute;rea m&eacute;dica, <\/strong>conforme na tabela a seguir:<\/p><figure class=\"wp-block-table\"><table><tbody><tr><td>Especialidade<\/td><td>Vagas<\/td><\/tr><tr><td>Pediatra<\/td><td>1<\/td><\/tr><tr><td>M&eacute;dico Seguran&ccedil;a do Trabalho<\/td><td>1<\/td><\/tr><\/tbody><\/table><\/figure><h3 class=\"wp-block-heading\" id=\"h-processo-seletivo-adamantina-sp\"><span class=\"ez-toc-section\" id=\"Processo-seletivo-Adamantina-%E2%80%93-SP\"><\/span>Processo seletivo Adamantina &ndash; SP<span class=\"ez-toc-section-end\"><\/span><\/h3><p><strong>Prova Objetiva<\/strong>:<strong> 26 de maio de 2024<\/strong>; classificat&oacute;rio\/eliminat&oacute;rio; <strong>30 quest&otilde;es de m&uacute;ltipla escolha<\/strong> com cinco alternativas cada; e <strong>dura&ccedil;&atilde;o de 3 horas.<\/strong><\/p><p>&Aacute;reas de conhecimento:&nbsp;<\/p><ul class=\"wp-block-list\">\n<li>10 quest&otilde;es de Portugu&ecirc;s;<\/li>\n\n\n\n<li>05 quest&otilde;es de Matem&aacute;tica; e<\/li>\n\n\n\n<li>15 quest&otilde;es de Conhecimentos Espec&iacute;ficos;<\/li>\n<\/ul><p><strong>Classifica&ccedil;&atilde;o:<\/strong> nota igual ou superior a 50 pontos da prova objetiva<\/p><h2 class=\"wp-block-heading\" id=\"h-concurso-publico-jahu-2024\"><span class=\"ez-toc-section\" id=\"Concurso-Publico-Jahu-2024\"><\/span>Concurso P&uacute;blico Jahu 2024<span class=\"ez-toc-section-end\"><\/span><\/h2><figure class=\"wp-block-table\"><table><tbody><tr><td>Vagas Ofertadas<\/td><td>1<\/td><\/tr><tr><td>Banca organizadora<\/td><td><a href=\"https:\/\/www.concursosrbo.com.br\/Projetos\/projeto-detalhes.aspx?id=37WKacOImBI=\" target=\"_blank\">RBO<\/a><\/td><\/tr><tr><td>Remunera&ccedil;&atilde;o<\/td><td>R$ 4.069,77<\/td><\/tr><tr><td>Carga Hor&aacute;ria Semanal&nbsp;&nbsp;<\/td><td>10 horas<\/td><\/tr><tr><td>Composi&ccedil;&atilde;o do Processo Seletivo<\/td><td>Prova objetiva<\/td><\/tr><tr><td>Taxa de Inscri&ccedil;&atilde;o<\/td><td>R$ 55,00<\/td><\/tr><tr><td>Per&iacute;odo de inscri&ccedil;&atilde;o<\/td><td>20\/03\/2024 a 19\/04\/2024<\/td><\/tr><tr><td>&Uacute;ltimo dia do pagamento da Taxa<\/td><td>22\/04\/2024<\/td><\/tr><tr><td>Prova Objetiva<\/td><td>12\/05\/2024<\/td><\/tr><\/tbody><\/table><\/figure><div class=\"wp-block-buttons is-content-justification-center is-layout-flex wp-container-core-buttons-is-layout-4 wp-block-buttons-is-layout-flex\">\n<div class=\"wp-block-button\"><a class=\"wp-block-button__link wp-element-button\" href=\"https:\/\/med.estrategia.com\/portal\/wp-content\/uploads\/2024\/03\/00-edital-concurso-Jahu-SP_-1.pdf\" target=\"_blank\">edital &ndash; prefeitura de jahu 2024<\/a><\/div>\n<\/div><h3 class=\"wp-block-heading\" id=\"h-vagas-2\"><span class=\"ez-toc-section\" id=\"Vagas-4\"><\/span>Vagas<span class=\"ez-toc-section-end\"><\/span><\/h3><p>A Prefeitura de<strong> Jahu <\/strong>disponibiliza por meio do edital <strong>1 vaga para M&eacute;dico do Trabalho.<\/strong><\/p><h3 class=\"wp-block-heading\" id=\"h-processo-seletivo-jahu-sp\"><span class=\"ez-toc-section\" id=\"Processo-seletivo-Jahu-%E2%80%93-SP\"><\/span>Processo seletivo Jahu &ndash; SP<span class=\"ez-toc-section-end\"><\/span><\/h3><p>Prova Objetiva:<strong> 12 de maio de 2024<\/strong>. Classificat&oacute;rio; <strong>40 quest&otilde;es de m&uacute;ltipla escolha<\/strong> com quatro alternativas cada; e <strong>dura&ccedil;&atilde;o de 3 horas.<\/strong><\/p><p>&Aacute;reas de conhecimento:&nbsp;<\/p><ul class=\"wp-block-list\">\n<li>10 quest&otilde;es de L&iacute;ngua Portuguesa;<\/li>\n\n\n\n<li>10 quest&otilde;es de Pol&iacute;ticas de Sa&uacute;de;<\/li>\n\n\n\n<li>05 quest&otilde;es de Conhecimentos Gerais; e<\/li>\n\n\n\n<li>15 quest&otilde;es de Conhecimentos Espec&iacute;ficos;<\/li>\n<\/ul><p><strong>Classifica&ccedil;&atilde;o:<\/strong> nota igual ou superior a 50 pontos da prova objetiva.<\/p><h2 class=\"wp-block-heading\" id=\"h-concurso-publico-taboao-da-serra-2024\"><span class=\"ez-toc-section\" id=\"Concurso-Publico-Taboao-da-Serra-2024\"><\/span>Concurso P&uacute;blico Tabo&atilde;o da Serra 2024<span class=\"ez-toc-section-end\"><\/span><\/h2><figure class=\"wp-block-table\"><table><tbody><tr><td>Vagas Ofertadas<\/td><td>1 + CR<\/td><\/tr><tr><td>Banca organizadora<\/td><td><a href=\"https:\/\/abcp.selecao.net.br\/informacoes\/2747\/\" target=\"_blank\">ABCP Concursos<\/a><\/td><\/tr><tr><td>Remunera&ccedil;&atilde;o<\/td><td>R$ 76,31\/h<\/td><\/tr><tr><td>Carga Hor&aacute;ria Semanal&nbsp;&nbsp;<\/td><td>20 horas<\/td><\/tr><tr><td>Composi&ccedil;&atilde;o do Processo Seletivo<\/td><td>Prova objetiva<\/td><\/tr><tr><td>Taxa de Inscri&ccedil;&atilde;o<\/td><td>R$ 95,00<\/td><\/tr><tr><td>Per&iacute;odo de inscri&ccedil;&atilde;o<\/td><td>22\/03\/2024 a 06\/05\/2024<\/td><\/tr><tr><td>&Uacute;ltimo dia do pagamento da Taxa<\/td><td>16\/04\/2024<\/td><\/tr><tr><td>Prova Objetiva<\/td><td>09\/06\/2024<\/td><\/tr><\/tbody><\/table><\/figure><div class=\"wp-block-buttons is-content-justification-center is-layout-flex wp-container-core-buttons-is-layout-5 wp-block-buttons-is-layout-flex\">\n<div class=\"wp-block-button\"><a class=\"wp-block-button__link wp-element-button\" href=\"https:\/\/med.estrategia.com\/portal\/wp-content\/uploads\/2024\/03\/00-edital-concurso-Taboao-da-Serra-SP_-1.pdf\" target=\"_blank\">edital &ndash; prefeitura de tabo&atilde;o da serra 2024<\/a><\/div>\n<\/div><h3 class=\"wp-block-heading\" id=\"h-vagas-3\"><span class=\"ez-toc-section\" id=\"Vagas-5\"><\/span>Vagas<span class=\"ez-toc-section-end\"><\/span><\/h3><p>A Prefeitura de<strong> Tabo&atilde;o da Serra <\/strong>disponibilizou por meio do edital <strong>1 vaga, al&eacute;m da forma&ccedil;&atilde;o de cadastro reserva para M&eacute;dico do Trabalho.<\/strong><\/p><h3 class=\"wp-block-heading\" id=\"h-processo-seletivo-taboao-da-serra-sp\"><span class=\"ez-toc-section\" id=\"Processo-seletivo-Taboao-da-Serra-SP\"><\/span>Processo seletivo Tabo&atilde;o da Serra -SP<span class=\"ez-toc-section-end\"><\/span><\/h3><p>Prova Objetiva:<strong> 9 de junho de 2024<\/strong>. Classificat&oacute;rio; <strong>40 quest&otilde;es de m&uacute;ltipla escolha<\/strong> com quatro alternativas cada; e <strong>dura&ccedil;&atilde;o de 2 horas e 30 minutos.<\/strong><\/p><p>&Aacute;reas de conhecimento:&nbsp;<\/p><ul class=\"wp-block-list\">\n<li>10 quest&otilde;es de L&iacute;ngua Portuguesa;<\/li>\n\n\n\n<li>05 quest&otilde;es de Matem&aacute;tica;<\/li>\n\n\n\n<li>05 quest&otilde;es de Conhecimentos Gerais; e<\/li>\n\n\n\n<li>20 quest&otilde;es de Conhecimentos Espec&iacute;ficos;<\/li>\n<\/ul><p><strong>Classifica&ccedil;&atilde;o:<\/strong> igual ou superior a 50% do total de acertos da prova objetiva.<\/p><h2 class=\"wp-block-heading\" id=\"h-concurso-publico-artur-nogueira-2024\"><span class=\"ez-toc-section\" id=\"Concurso-Publico-Artur-Nogueira-2024\"><\/span>Concurso P&uacute;blico Artur Nogueira 2024<span class=\"ez-toc-section-end\"><\/span><\/h2><figure class=\"wp-block-table\"><table><tbody><tr><td>Vagas Ofertadas<\/td><td>CR<\/td><\/tr><tr><td>Banca organizadora<\/td><td><a href=\"https:\/\/www.nossorumo.org.br\/#proximos\" target=\"_blank\">Nosso Rumo<\/a><\/td><\/tr><tr><td>Remunera&ccedil;&atilde;o<\/td><td>R$ 16.685,45<\/td><\/tr><tr><td>Carga Hor&aacute;ria Semanal&nbsp;&nbsp;<\/td><td>40 horas<\/td><\/tr><tr><td>Composi&ccedil;&atilde;o do Processo Seletivo<\/td><td>Prova objetiva<\/td><\/tr><tr><td>Taxa de Inscri&ccedil;&atilde;o<\/td><td>R$ 93,00<\/td><\/tr><tr><td>Per&iacute;odo de inscri&ccedil;&atilde;o<\/td><td>1&ordm;\/04\/2024 a 29\/04\/2024<\/td><\/tr><tr><td>&Uacute;ltimo dia do pagamento da Taxa<\/td><td>30\/04\/2024<\/td><\/tr><tr><td>Prova Objetiva<\/td><td>19\/05\/2024<\/td><\/tr><\/tbody><\/table><\/figure><div class=\"wp-block-buttons is-content-justification-center is-layout-flex wp-container-core-buttons-is-layout-6 wp-block-buttons-is-layout-flex\">\n<div class=\"wp-block-button\"><a class=\"wp-block-button__link wp-element-button\" href=\"https:\/\/med.estrategia.com\/portal\/wp-content\/uploads\/2024\/03\/00-edital-concurso-artur-nogueira_SP-01.pdf\" target=\"_blank\">edital &ndash; prefeitura artur nogueira 2024<\/a><\/div>\n<\/div><h3 class=\"wp-block-heading\" id=\"h-vagas-4\"><span class=\"ez-toc-section\" id=\"Vagas-6\"><\/span>Vagas<span class=\"ez-toc-section-end\"><\/span><\/h3><p>A Prefeitura de<strong> Artur Nogueira <\/strong>oferta a<strong> forma&ccedil;&atilde;o de cadastro reserva para o cargo de M&eacute;dico de Sa&uacute;de da Fam&iacute;lia.<\/strong><\/p><h3 class=\"wp-block-heading\" id=\"h-processo-seletivo-artur-nogueira-sp\"><span class=\"ez-toc-section\" id=\"Processo-seletivo-Artur-Nogueira-SP\"><\/span>Processo seletivo Artur Nogueira -SP<span class=\"ez-toc-section-end\"><\/span><\/h3><p>Prova Objetiva:<strong> 19 de maio de 2024<\/strong>. Classificat&oacute;rio; <strong>35 quest&otilde;es de m&uacute;ltipla escolha<\/strong> com cinco alternativas cada; e <strong>dura&ccedil;&atilde;o de 3 horas.<\/strong><\/p><p>&Aacute;reas de conhecimento:&nbsp;<\/p><ul class=\"wp-block-list\">\n<li>09 quest&otilde;es de L&iacute;ngua Portuguesa;<\/li>\n\n\n\n<li>09 quest&otilde;es de Matem&aacute;tica;<\/li>\n\n\n\n<li>07 quest&otilde;es de Legisla&ccedil;&atilde;o e Pol&iacute;ticas de Sa&uacute;de; e<\/li>\n\n\n\n<li>10 quest&otilde;es de Conhecimentos Espec&iacute;ficos;<\/li>\n<\/ul><p><strong>Classifica&ccedil;&atilde;o:<\/strong> nota igual ou superior a 50 pontos da prova objetiva.<\/p><p>Saiba mais sobre os concursos p&uacute;blicos de<a href=\"https:\/\/www.estrategiaconcursos.com.br\/blog\/concurso-prefeitura-adamantina\/\" target=\"_blank\"> Adamantina<\/a>,<a href=\"https:\/\/www.estrategiaconcursos.com.br\/blog\/concurso-prefeitura-jahu\/\" target=\"_blank\"> Jahu<\/a>,<a href=\"https:\/\/www.estrategiaconcursos.com.br\/blog\/concurso-prefeitura-taboao-da-serra\/\" target=\"_blank\"> Tabo&atilde;o da Serra<\/a> e<a href=\"https:\/\/www.estrategiaconcursos.com.br\/blog\/concurso-artur-nogueira-saude\/\" target=\"_blank\"> Artur Nogueira<\/a>.<\/p><h2 class=\"wp-block-heading\" id=\"h-prepare-se-para-o-concurso-publico-para-medicos-com-o-estrategia-med\"><span class=\"ez-toc-section\" id=\"Prepare-se-para-o-concurso-publico-para-medicos-com-o-Estrategia-MED\"><\/span>Prepare-se para o concurso p&uacute;blico para m&eacute;dicos com o Estrat&eacute;gia MED!&nbsp;&nbsp;<span class=\"ez-toc-section-end\"><\/span><\/h2><p>Com o<a href=\"https:\/\/med.estrategia.com\/curso\/sprint-concursos-medicos\/\" target=\"_blank\"> Sprint Concursos M&eacute;dicos do Estrat&eacute;gia MED<\/a> voc&ecirc; ter&aacute; &agrave; disposi&ccedil;&atilde;o 1.500 quest&otilde;es com foco em concursos p&uacute;blicos com cargos m&eacute;dicos incluindo as disciplinas mais cobradas neste tipo de sele&ccedil;&atilde;o: Portugu&ecirc;s, Matem&aacute;tica, Inform&aacute;tica, Direito e claro, Medicina.<\/p><p>Conhe&ccedil;a tamb&eacute;m o nosso<a href=\"https:\/\/med.estrategia.com\/curso\/banco-de-questes-resumos-estrategicos-anual\/\" target=\"_blank\"> Banco de Quest&otilde;es<\/a>, que atualmente conta com mais de 195 mil quest&otilde;es cadastradas e n&atilde;o para de crescer. Vem ser coruja!<\/p><div class=\"wp-block-image\">\n<figure class=\"aligncenter size-full\"><img decoding=\"async\" width=\"1280\" height=\"622\" src=\"https:\/\/med.estrategia.com\/portal\/wp-content\/uploads\/2025\/08\/concursos_medicos.jpg\" alt=\"concursos_medicos\" class=\"wp-image-91529\" srcset=\"https:\/\/med.estrategia.com\/portal\/wp-content\/uploads\/2025\/08\/concursos_medicos.jpg 1280w, https:\/\/med.estrategia.com\/portal\/wp-content\/uploads\/2025\/08\/concursos_medicos-1024x498.jpg 1024w, https:\/\/med.estrategia.com\/portal\/wp-content\/uploads\/2025\/08\/concursos_medicos-768x373.jpg 768w, https:\/\/med.estrategia.com\/portal\/wp-content\/uploads\/2025\/08\/concursos_medicos-800x389.jpg 800w, https:\/\/med.estrategia.com\/portal\/wp-content\/uploads\/2025\/08\/concursos_medicos-1160x564.jpg 1160w\" sizes=\"(max-width: 1280px) 100vw, 1280px\" \/><\/figure><\/div><\/p>\n","protected":false},"excerpt":{"rendered":"Munic\u00edpio de S\u00e3o Louren\u00e7o da Serra, Adamantina, Jahu, Tabo\u00e3o da Serra e Artur Nogueira, al\u00e9m do CIOP publicaram editais para concurso p\u00fablico com vagas para m\u00e9dicos\n","protected":false},"author":45,"featured_media":60393,"comment_status":"closed","ping_status":"closed","sticky":false,"template":"","format":"standard","meta":{"wl_entities_gutenberg":"","footnotes":""},"categories":[474],"tags":[],"wl_entity_type":[199],"class_list":{"0":"post-60386","1":"post","2":"type-post","3":"status-publish","4":"format-standard","5":"has-post-thumbnail","7":"category-concursos","8":"wl_entity_type-article"},"acf":[],"yoast_head":"<!-- This site is optimized with the Yoast SEO Premium plugin v26.6 (Yoast SEO v26.6) - https:\/\/yoast.com\/wordpress\/plugins\/seo\/ -->\n<title>Concursos p\u00fablicos em S\u00e3o Paulo com vagas para m\u00e9dicos<\/title>\n<meta name=\"description\" content=\"S\u00e3o Louren\u00e7o da Serra, Adamantina, Jahu, Tabo\u00e3o da Serra e Artur Nogueira, al\u00e9m do CIOP t\u00eam concurso p\u00fablico com vagas para m\u00e9dicos\" \/>\n<meta name=\"robots\" content=\"index, follow, max-snippet:-1, max-image-preview:large, max-video-preview:-1\" \/>\n<link rel=\"canonical\" href=\"https:\/\/med.estrategia.com\/portal\/concursos\/concursos-publicos-em-sao-paulo-com-vagas-para-medicos\/\" \/>\n<meta property=\"og:locale\" content=\"pt_BR\" \/>\n<meta property=\"og:type\" content=\"article\" \/>\n<meta property=\"og:title\" content=\"Concursos p\u00fablicos em S\u00e3o Paulo com vagas para m\u00e9dicos\" \/>\n<meta property=\"og:description\" content=\"S\u00e3o Louren\u00e7o da Serra, Adamantina, Jahu, Tabo\u00e3o da Serra e Artur Nogueira, al\u00e9m do CIOP t\u00eam concurso p\u00fablico com vagas para m\u00e9dicos\" \/>\n<meta property=\"og:url\" content=\"https:\/\/med.estrategia.com\/portal\/concursos\/concursos-publicos-em-sao-paulo-com-vagas-para-medicos\/\" \/>\n<meta property=\"og:site_name\" content=\"Estrat\u00e9gia MED\" \/>\n<meta property=\"article:publisher\" content=\"https:\/\/www.facebook.com\/estrategiamed1\" \/>\n<meta property=\"article:published_time\" content=\"2024-03-26T16:08:51+00:00\" \/>\n<meta property=\"article:modified_time\" content=\"2024-04-05T13:39:45+00:00\" \/>\n<meta property=\"og:image\" content=\"https:\/\/med.estrategia.com\/portal\/wp-content\/uploads\/2024\/03\/Capa_concurso_Estado-SP.jpg\" \/>\n\t<meta property=\"og:image:width\" content=\"1280\" \/>\n\t<meta property=\"og:image:height\" content=\"720\" \/>\n\t<meta property=\"og:image:type\" content=\"image\/jpeg\" \/>\n<meta name=\"author\" content=\"Priscila Pereira\" \/>\n<meta name=\"twitter:card\" content=\"summary_large_image\" \/>\n<meta name=\"twitter:creator\" content=\"@estrategiamed_\" \/>\n<meta name=\"twitter:site\" content=\"@estrategiamed_\" \/>\n<meta name=\"twitter:label1\" content=\"Escrito por\" \/>\n\t<meta name=\"twitter:data1\" content=\"Priscila Pereira\" \/>\n\t<meta name=\"twitter:label2\" content=\"Est. tempo de leitura\" \/>\n\t<meta name=\"twitter:data2\" content=\"6 minutos\" \/>\n<script type=\"application\/ld+json\" class=\"yoast-schema-graph\">{\"@context\":\"https:\/\/schema.org\",\"@graph\":[{\"@type\":\"WebPage\",\"@id\":\"https:\/\/med.estrategia.com\/portal\/concursos\/concursos-publicos-em-sao-paulo-com-vagas-para-medicos\/\",\"url\":\"https:\/\/med.estrategia.com\/portal\/concursos\/concursos-publicos-em-sao-paulo-com-vagas-para-medicos\/\",\"name\":\"Concursos p\u00fablicos em S\u00e3o Paulo com vagas para m\u00e9dicos\",\"isPartOf\":{\"@id\":\"https:\/\/med.estrategia.com\/portal\/#website\"},\"primaryImageOfPage\":{\"@id\":\"https:\/\/med.estrategia.com\/portal\/concursos\/concursos-publicos-em-sao-paulo-com-vagas-para-medicos\/#primaryimage\"},\"image\":{\"@id\":\"https:\/\/med.estrategia.com\/portal\/concursos\/concursos-publicos-em-sao-paulo-com-vagas-para-medicos\/#primaryimage\"},\"thumbnailUrl\":\"https:\/\/med.estrategia.com\/portal\/wp-content\/uploads\/2024\/03\/Capa_concurso_Estado-SP.jpg\",\"datePublished\":\"2024-03-26T16:08:51+00:00\",\"dateModified\":\"2024-04-05T13:39:45+00:00\",\"author\":{\"@id\":\"https:\/\/med.estrategia.com\/portal\/#\/schema\/person\/d1df06a83a849b79b2d480e7d8952ce3\"},\"description\":\"S\u00e3o Louren\u00e7o da Serra, Adamantina, Jahu, Tabo\u00e3o da Serra e Artur Nogueira, al\u00e9m do CIOP t\u00eam concurso p\u00fablico com vagas para m\u00e9dicos\",\"breadcrumb\":{\"@id\":\"https:\/\/med.estrategia.com\/portal\/concursos\/concursos-publicos-em-sao-paulo-com-vagas-para-medicos\/#breadcrumb\"},\"inLanguage\":\"pt-BR\",\"potentialAction\":[{\"@type\":\"ReadAction\",\"target\":[\"https:\/\/med.estrategia.com\/portal\/concursos\/concursos-publicos-em-sao-paulo-com-vagas-para-medicos\/\"]}]},{\"@type\":\"ImageObject\",\"inLanguage\":\"pt-BR\",\"@id\":\"https:\/\/med.estrategia.com\/portal\/concursos\/concursos-publicos-em-sao-paulo-com-vagas-para-medicos\/#primaryimage\",\"url\":\"https:\/\/med.estrategia.com\/portal\/wp-content\/uploads\/2024\/03\/Capa_concurso_Estado-SP.jpg\",\"contentUrl\":\"https:\/\/med.estrategia.com\/portal\/wp-content\/uploads\/2024\/03\/Capa_concurso_Estado-SP.jpg\",\"width\":1280,\"height\":720,\"caption\":\"Estrat\u00e9gia MED | Concursos P\u00fablicos SP\"},{\"@type\":\"BreadcrumbList\",\"@id\":\"https:\/\/med.estrategia.com\/portal\/concursos\/concursos-publicos-em-sao-paulo-com-vagas-para-medicos\/#breadcrumb\",\"itemListElement\":[{\"@type\":\"ListItem\",\"position\":1,\"name\":\"Home\",\"item\":\"https:\/\/med.estrategia.com\/portal\/\"},{\"@type\":\"ListItem\",\"position\":2,\"name\":\"Concursos M\u00e9dicos\",\"item\":\"https:\/\/med.estrategia.com\/portal\/concursos\/\"},{\"@type\":\"ListItem\",\"position\":3,\"name\":\"Concursos p\u00fablicos em S\u00e3o Paulo com vagas para m\u00e9dicos\"}]},{\"@type\":\"WebSite\",\"@id\":\"https:\/\/med.estrategia.com\/portal\/#website\",\"url\":\"https:\/\/med.estrategia.com\/portal\/\",\"name\":\"Estrat\u00e9gia MED\",\"description\":\"\",\"potentialAction\":[{\"@type\":\"SearchAction\",\"target\":{\"@type\":\"EntryPoint\",\"urlTemplate\":\"https:\/\/med.estrategia.com\/portal\/?s={search_term_string}\"},\"query-input\":{\"@type\":\"PropertyValueSpecification\",\"valueRequired\":true,\"valueName\":\"search_term_string\"}}],\"inLanguage\":\"pt-BR\"},{\"@type\":\"Person\",\"@id\":\"https:\/\/med.estrategia.com\/portal\/#\/schema\/person\/d1df06a83a849b79b2d480e7d8952ce3\",\"name\":\"Priscila Pereira\",\"image\":{\"@type\":\"ImageObject\",\"inLanguage\":\"pt-BR\",\"@id\":\"https:\/\/med.estrategia.com\/portal\/#\/schema\/person\/image\/\",\"url\":\"https:\/\/secure.gravatar.com\/avatar\/fe94f8430a1d23a69c0bc7aab6202e21?s=96&d=mm&r=g\",\"contentUrl\":\"https:\/\/secure.gravatar.com\/avatar\/fe94f8430a1d23a69c0bc7aab6202e21?s=96&d=mm&r=g\",\"caption\":\"Priscila Pereira\"},\"description\":\"Formada e p\u00f3s-graduada na \u00e1rea de comunica\u00e7\u00e3o, divido minha paix\u00e3o entre o jornalismo e os esportes\",\"url\":\"https:\/\/med.estrategia.com\/portal\/author\/priscila-pereira\/\"}]}<\/script>\n<!-- \/ Yoast SEO Premium plugin. -->","yoast_head_json":{"title":"Concursos p\u00fablicos em S\u00e3o Paulo com vagas para m\u00e9dicos","description":"S\u00e3o Louren\u00e7o da Serra, Adamantina, Jahu, Tabo\u00e3o da Serra e Artur Nogueira, al\u00e9m do CIOP t\u00eam concurso p\u00fablico com vagas para m\u00e9dicos","robots":{"index":"index","follow":"follow","max-snippet":"max-snippet:-1","max-image-preview":"max-image-preview:large","max-video-preview":"max-video-preview:-1"},"canonical":"https:\/\/med.estrategia.com\/portal\/concursos\/concursos-publicos-em-sao-paulo-com-vagas-para-medicos\/","og_locale":"pt_BR","og_type":"article","og_title":"Concursos p\u00fablicos em S\u00e3o Paulo com vagas para m\u00e9dicos","og_description":"S\u00e3o Louren\u00e7o da Serra, Adamantina, Jahu, Tabo\u00e3o da Serra e Artur Nogueira, al\u00e9m do CIOP t\u00eam concurso p\u00fablico com vagas para m\u00e9dicos","og_url":"https:\/\/med.estrategia.com\/portal\/concursos\/concursos-publicos-em-sao-paulo-com-vagas-para-medicos\/","og_site_name":"Estrat\u00e9gia MED","article_publisher":"https:\/\/www.facebook.com\/estrategiamed1","article_published_time":"2024-03-26T16:08:51+00:00","article_modified_time":"2024-04-05T13:39:45+00:00","og_image":[{"width":1280,"height":720,"url":"https:\/\/med.estrategia.com\/portal\/wp-content\/uploads\/2024\/03\/Capa_concurso_Estado-SP.jpg","type":"image\/jpeg"}],"author":"Priscila Pereira","twitter_card":"summary_large_image","twitter_creator":"@estrategiamed_","twitter_site":"@estrategiamed_","twitter_misc":{"Escrito por":"Priscila Pereira","Est. tempo de leitura":"6 minutos"},"schema":{"@context":"https:\/\/schema.org","@graph":[{"@type":"WebPage","@id":"https:\/\/med.estrategia.com\/portal\/concursos\/concursos-publicos-em-sao-paulo-com-vagas-para-medicos\/","url":"https:\/\/med.estrategia.com\/portal\/concursos\/concursos-publicos-em-sao-paulo-com-vagas-para-medicos\/","name":"Concursos p\u00fablicos em S\u00e3o Paulo com vagas para m\u00e9dicos","isPartOf":{"@id":"https:\/\/med.estrategia.com\/portal\/#website"},"primaryImageOfPage":{"@id":"https:\/\/med.estrategia.com\/portal\/concursos\/concursos-publicos-em-sao-paulo-com-vagas-para-medicos\/#primaryimage"},"image":{"@id":"https:\/\/med.estrategia.com\/portal\/concursos\/concursos-publicos-em-sao-paulo-com-vagas-para-medicos\/#primaryimage"},"thumbnailUrl":"https:\/\/med.estrategia.com\/portal\/wp-content\/uploads\/2024\/03\/Capa_concurso_Estado-SP.jpg","datePublished":"2024-03-26T16:08:51+00:00","dateModified":"2024-04-05T13:39:45+00:00","author":{"@id":"https:\/\/med.estrategia.com\/portal\/#\/schema\/person\/d1df06a83a849b79b2d480e7d8952ce3"},"description":"S\u00e3o Louren\u00e7o da Serra, Adamantina, Jahu, Tabo\u00e3o da Serra e Artur Nogueira, al\u00e9m do CIOP t\u00eam concurso p\u00fablico com vagas para m\u00e9dicos","breadcrumb":{"@id":"https:\/\/med.estrategia.com\/portal\/concursos\/concursos-publicos-em-sao-paulo-com-vagas-para-medicos\/#breadcrumb"},"inLanguage":"pt-BR","potentialAction":[{"@type":"ReadAction","target":["https:\/\/med.estrategia.com\/portal\/concursos\/concursos-publicos-em-sao-paulo-com-vagas-para-medicos\/"]}]},{"@type":"ImageObject","inLanguage":"pt-BR","@id":"https:\/\/med.estrategia.com\/portal\/concursos\/concursos-publicos-em-sao-paulo-com-vagas-para-medicos\/#primaryimage","url":"https:\/\/med.estrategia.com\/portal\/wp-content\/uploads\/2024\/03\/Capa_concurso_Estado-SP.jpg","contentUrl":"https:\/\/med.estrategia.com\/portal\/wp-content\/uploads\/2024\/03\/Capa_concurso_Estado-SP.jpg","width":1280,"height":720,"caption":"Estrat\u00e9gia MED | Concursos P\u00fablicos SP"},{"@type":"BreadcrumbList","@id":"https:\/\/med.estrategia.com\/portal\/concursos\/concursos-publicos-em-sao-paulo-com-vagas-para-medicos\/#breadcrumb","itemListElement":[{"@type":"ListItem","position":1,"name":"Home","item":"https:\/\/med.estrategia.com\/portal\/"},{"@type":"ListItem","position":2,"name":"Concursos M\u00e9dicos","item":"https:\/\/med.estrategia.com\/portal\/concursos\/"},{"@type":"ListItem","position":3,"name":"Concursos p\u00fablicos em S\u00e3o Paulo com vagas para m\u00e9dicos"}]},{"@type":"WebSite","@id":"https:\/\/med.estrategia.com\/portal\/#website","url":"https:\/\/med.estrategia.com\/portal\/","name":"Estrat\u00e9gia MED","description":"","potentialAction":[{"@type":"SearchAction","target":{"@type":"EntryPoint","urlTemplate":"https:\/\/med.estrategia.com\/portal\/?s={search_term_string}"},"query-input":{"@type":"PropertyValueSpecification","valueRequired":true,"valueName":"search_term_string"}}],"inLanguage":"pt-BR"},{"@type":"Person","@id":"https:\/\/med.estrategia.com\/portal\/#\/schema\/person\/d1df06a83a849b79b2d480e7d8952ce3","name":"Priscila Pereira","image":{"@type":"ImageObject","inLanguage":"pt-BR","@id":"https:\/\/med.estrategia.com\/portal\/#\/schema\/person\/image\/","url":"https:\/\/secure.gravatar.com\/avatar\/fe94f8430a1d23a69c0bc7aab6202e21?s=96&d=mm&r=g","contentUrl":"https:\/\/secure.gravatar.com\/avatar\/fe94f8430a1d23a69c0bc7aab6202e21?s=96&d=mm&r=g","caption":"Priscila Pereira"},"description":"Formada e p\u00f3s-graduada na \u00e1rea de comunica\u00e7\u00e3o, divido minha paix\u00e3o entre o jornalismo e os esportes","url":"https:\/\/med.estrategia.com\/portal\/author\/priscila-pereira\/"}]}},"_wl_alt_label":[],"wl:entity_url":"\/post\/concursos-publicos-em-sao-paulo-com-vagas-para-medicos","_links":{"self":[{"href":"https:\/\/med.estrategia.com\/portal\/wp-json\/wp\/v2\/posts\/60386","targetHints":{"allow":["GET"]}}],"collection":[{"href":"https:\/\/med.estrategia.com\/portal\/wp-json\/wp\/v2\/posts"}],"about":[{"href":"https:\/\/med.estrategia.com\/portal\/wp-json\/wp\/v2\/types\/post"}],"author":[{"embeddable":true,"href":"https:\/\/med.estrategia.com\/portal\/wp-json\/wp\/v2\/users\/45"}],"replies":[{"embeddable":true,"href":"https:\/\/med.estrategia.com\/portal\/wp-json\/wp\/v2\/comments?post=60386"}],"version-history":[{"count":6,"href":"https:\/\/med.estrategia.com\/portal\/wp-json\/wp\/v2\/posts\/60386\/revisions"}],"predecessor-version":[{"id":60397,"href":"https:\/\/med.estrategia.com\/portal\/wp-json\/wp\/v2\/posts\/60386\/revisions\/60397"}],"wp:featuredmedia":[{"embeddable":true,"href":"https:\/\/med.estrategia.com\/portal\/wp-json\/wp\/v2\/media\/60393"}],"wp:attachment":[{"href":"https:\/\/med.estrategia.com\/portal\/wp-json\/wp\/v2\/media?parent=60386"}],"wp:term":[{"taxonomy":"category","embeddable":true,"href":"https:\/\/med.estrategia.com\/portal\/wp-json\/wp\/v2\/categories?post=60386"},{"taxonomy":"post_tag","embeddable":true,"href":"https:\/\/med.estrategia.com\/portal\/wp-json\/wp\/v2\/tags?post=60386"},{"taxonomy":"wl_entity_type","embeddable":true,"href":"https:\/\/med.estrategia.com\/portal\/wp-json\/wp\/v2\/wl_entity_type?post=60386"}],"curies":[{"name":"wp","href":"https:\/\/api.w.org\/{rel}","templated":true}]}}