{"id":60681,"date":"2024-04-02T11:46:48","date_gmt":"2024-04-02T14:46:48","guid":{"rendered":"https:\/\/med.estrategia.com\/portal\/?p=60681"},"modified":"2024-04-29T17:55:46","modified_gmt":"2024-04-29T20:55:46","slug":"ministerio-da-saude-adota-vacina-contra-hpv-em-dose-unica","status":"publish","type":"post","link":"https:\/\/med.estrategia.com\/portal\/noticias\/ministerio-da-saude-adota-vacina-contra-hpv-em-dose-unica\/","title":{"rendered":"Minist\u00e9rio da Sa\u00fade adota vacina contra HPV em dose \u00fanica"},"content":{"rendered":"<p>A partir de agora, a <strong>vacina&ccedil;&atilde;o contra o HPV no Brasil<\/strong> ser&aacute; administrada em uma <strong>&uacute;nica dose<\/strong> para <strong>crian&ccedil;as e adolescentes de 9 a 14 anos<\/strong>, conforme anunciado pela ministra da Sa&uacute;de, N&iacute;sia Trindade, na noite da &uacute;ltima segunda-feira (1). Anteriormente, o pa&iacute;s adotava um esquema de duas doses para combater a infec&ccedil;&atilde;o, que &eacute; a principal causa do <strong>c&acirc;ncer de colo de &uacute;tero<\/strong>.<blockquote class=\"wp-block-quote is-layout-flow wp-block-quote-is-layout-flow\">\n<p>&ldquo;Uma s&oacute; vacina vai nos proteger a vida toda contra v&aacute;rios tipos de doen&ccedil;a e de c&acirc;ncer causados pelo HPV, como o c&acirc;ncer de colo de &uacute;tero. N&atilde;o vamos deixar que crian&ccedil;as e jovens corram esse risco quando crescerem&rdquo;<\/p>\n<cite>An&uacute;ncio da ministra da Sa&uacute;de, N&iacute;sia Trindade, por meio das redes sociais<\/cite><\/blockquote><p class=\"wp-block-verse\">Entenda mais sobre o assunto pelo ResuMED: <a href=\"https:\/\/med.estrategia.com\/portal\/conteudos-gratis\/doencas\/resumo-de-hpv-condiloma-acuminado\/\" target=\"_blank\">HPV: cl&iacute;nica, dia<\/a><a href=\"https:\/\/med.estrategia.com\/portal\/conteudos-gratis\/doencas\/resumo-de-hpv-condiloma-acuminado\/\">gn&oacute;stico, tratamento e mais!<\/a><\/p><p>A nova medida segue uma orienta&ccedil;&atilde;o da <strong>Organiza&ccedil;&atilde;o Mundial da Sa&uacute;de (OMS)<\/strong> emitida em 2022. Durante a avalia&ccedil;&atilde;o do &oacute;rg&atilde;o, especialistas revisaram as evid&ecirc;ncias sobre a efic&aacute;cia dos esquemas de duas ou tr&ecirc;s doses recomendados e chegaram &agrave; conclus&atilde;o de que <strong>uma &uacute;nica dose da vacina j&aacute; proporciona uma prote&ccedil;&atilde;o significativa contra o HPV<\/strong>.<\/p><p>De acordo com a publica&ccedil;&atilde;o oficial do Minist&eacute;rio da Sa&uacute;de, a ado&ccedil;&atilde;o do esquema de dose &uacute;nica para a faixa et&aacute;ria de 9 a 14 anos tem como vantagens a <strong>maior ades&atilde;o &agrave; vacina&ccedil;&atilde;o<\/strong>,<strong>  aumento da cobertura vacinal<\/strong>,<strong> oportunidade para a inclus&atilde;o de outros p&uacute;blicos priorit&aacute;rios e acelera&ccedil;&atilde;o da elimina&ccedil;&atilde;o do c&acirc;ncer de colo do &uacute;tero<\/strong>. Atualmente, a ades&atilde;o segue abaixo da meta no Brasil. <\/p><div class=\"wp-block-buttons is-content-justification-center is-layout-flex wp-container-core-buttons-is-layout-1 wp-block-buttons-is-layout-flex\">\n<div class=\"wp-block-button\"><a class=\"wp-block-button__link wp-element-button\" href=\"https:\/\/cdn.medblog.estrategiaeducacional.com.br\/wp-content\/uploads\/2024\/04\/Nota-Tecnica-no-41.2024-CGICI-DPNI-SVSA-MS.pdf\" target=\"_blank\">confira a nota t&eacute;cnica com a atualiza&ccedil;&atilde;o das recomenda&ccedil;&otilde;es<\/a><\/div>\n<\/div><p>Fica ainda recomendado a realiza&ccedil;&atilde;o de uma <strong>estrat&eacute;gia de resgate de adolescentes at&eacute; 19 anos,11 meses e 29 dias n&atilde;o vacinados<\/strong> para que recebam a vacina. Dependendo da disponibilidade da vacina, essa iniciativa ser&aacute; iniciada na regi&atilde;o Norte, local com menor cobertura vacinal e maior mortalidade por c&acirc;ncer de colo do &uacute;tero. <br><br>Adicionalmente,  as<strong> pessoas portadoras de papilomatose respirat&oacute;ria recorrente (PRR)<\/strong> foram inclu&iacute;das como grupo priorit&aacute;rio, independente da idade.<\/p><p>\n\n\n<div id=\"new-form\">\n\t<form id=\"forms_layout\">\n\t<input type=\"hidden\" id=\"chave_de\" name=\"chave_de\" value=\"01_EMED_LEADS_TOTAIS\" \/>\n\t\t<input type=\"hidden\" id=\"mid\" name=\"mid\" value=\"515009018\" \/>\n\t\t<input type=\"hidden\" id=\"Objetivo\" name=\"Objetivo\" value=\"Medicina\" \/>\n\t\t<input type=\"hidden\" id=\"Estado_de_Origem_do_IP\" name=\"Estado_de_Origem_do_IP\"  value=\"\" \/>\n\t\t<input type=\"hidden\" id=\"Cidade_de_Origem_do_IP\" name=\"Cidade_de_Origem_do_IP\" value=\"\" \/>\n\t\t<input type=\"hidden\" id=\"Modo_de_entrada\" name=\"Modo_de_entrada\" value=\"Portal\" \/>\n\t\t<input type=\"hidden\" id=\"Pagina_Origem\" name=\"Pagina_Origem\" value=\"\" \/>\n\n\t\t<div class=\"texto\">\n\t\t\t<div id=\"ez-toc-container\" class=\"ez-toc-v2_0_79_2 counter-hierarchy ez-toc-counter ez-toc-transparent ez-toc-container-direction\">\n<div class=\"ez-toc-title-container\"><p class=\"ez-toc-title\" style=\"cursor:inherit\">Navegue pelo conte\u00fado<\/p>\n<\/div><nav><ul class='ez-toc-list ez-toc-list-level-1 ' ><ul class='ez-toc-list-level-3' ><li class='ez-toc-heading-level-3'><a class=\"ez-toc-link ez-toc-heading-1\" href=\"https:\/\/med.estrategia.com\/portal\/noticias\/ministerio-da-saude-adota-vacina-contra-hpv-em-dose-unica\/#Inscreva-se-em-nossa-newsletter\" >Inscreva-se em nossa newsletter!<\/a><\/li><\/ul><\/li><li class='ez-toc-page-1 ez-toc-heading-level-2'><a class=\"ez-toc-link ez-toc-heading-2\" href=\"https:\/\/med.estrategia.com\/portal\/noticias\/ministerio-da-saude-adota-vacina-contra-hpv-em-dose-unica\/#Quem-pode-receber-a-vacina\" >Quem pode receber a vacina<\/a><\/li><li class='ez-toc-page-1 ez-toc-heading-level-2'><a class=\"ez-toc-link ez-toc-heading-3\" href=\"https:\/\/med.estrategia.com\/portal\/noticias\/ministerio-da-saude-adota-vacina-contra-hpv-em-dose-unica\/#Saiba-mais\" >Saiba mais<\/a><\/li><\/ul><\/nav><\/div>\n<h3 class=\"news\"><span class=\"ez-toc-section\" id=\"Inscreva-se-em-nossa-newsletter\"><\/span>Inscreva-se em nossa newsletter!<span class=\"ez-toc-section-end\"><\/span><\/h3>\n\t\t\t<p>Receba not\u00edcias sobre resid\u00eancia m\u00e9dica, revalida\u00e7\u00e3o de diplomas e concursos m\u00e9dicos, al\u00e9m de materiais de estudo gratuitos e informa\u00e7\u00f5es relevantes do mundo da Medicina.<\/p>\n\t\t<\/div>\n\t\t<div class=\"campos\">\n\t\t\t<div class=\"first_name labels\">\n\t\t\t\t<input type=\"text\" class=\"input_labels\" id=\"first_name\" name=\"Nome_Completo\" placeholder=\"Nome\" required \/>\n\t\t\t<\/div>\n\t\t\t<div class=\"email labels\">\n\t\t\t\t<input type=\"email\" class=\"input_labels\" id=\"email\" name=\"Email\" placeholder=\"E-mail\" required \/>\n\t\t\t<\/div>\n\t\t\t<button type=\"submit\" class=\"button_layout\">\n\t\t\t\t<div id=\"lblBotao\">Inscreva-se<\/div>\n\t\t\t\t<span id=\"divSpiner\" class=\"loader\" role=\"status\" style=\"display: none;\"><\/span>\t\n\t\t\t<\/button>\n\t\t<\/div><!-- \/campos -->\n\t\t\n\t\t<label class=\"container_checkbox\">Voc\u00ea concorda com a nossa\n\t\t\t<a class=\"politics_privacy_ahref\" target=\"_blank\" href=\"https:\/\/gratis.estrategiaconcursos.com.br\/politica-de-privacidade\/\">Pol\u00edtica de Privacidade<\/a> e aceita receber informa\u00e7\u00f5es adicionais do Estrat\u00e9gia Educacional.\n\t\t\t<input id=\"checkbox_layout\" type=\"checkbox\" checked=\"checked\" required \/>\n\t\t\t<span class=\"checkbox\"><\/span>\n\t\t<\/label>\n\t\t<div id=\"msg\"><\/div>\n\t\t<div id=\"error\" class=\"error\">\n\t\t<\/div>\n\t<\/form>\n<\/div><!-- \/new-form -->\n\n\n\n<\/p><h2 class=\"wp-block-heading\" id=\"h-quem-pode-receber-a-vacina\"><span class=\"ez-toc-section\" id=\"Quem-pode-receber-a-vacina\"><\/span>Quem pode receber a vacina<span class=\"ez-toc-section-end\"><\/span><\/h2><p>Atualmente, a vacina&ccedil;&atilde;o &eacute; indicada para o seguinte p&uacute;blico:<\/p><ul class=\"wp-block-list\">\n<li>Meninos e meninas de 9 a 14 anos; <\/li>\n\n\n\n<li>V&iacute;timas de abuso sexual com idade entre 15 e 45 anos (homens e mulheres) que n&atilde;o tenham sido vacinadas anteriormente; <\/li>\n\n\n\n<li>Pessoas que vivem com HIV; <\/li>\n\n\n\n<li>Pessoas portadoras de papilomatose respirat&oacute;ria recorrente (PPR);<a href=\"https:\/\/g1.globo.com\/saude\/noticia\/2024\/03\/17\/desinformacao-e-preconceito-vacina-contra-hpv-previne-cancer-mas-adesao-no-brasil-segue-abaixo-da-meta.ghtml\" target=\"_blank\" rel=\"noopener noreferrer\"><\/a><\/li>\n\n\n\n<li>Transplantados de &oacute;rg&atilde;os s&oacute;lidos e de medula &oacute;ssea; e <\/li>\n\n\n\n<li>Pacientes oncol&oacute;gicos na faixa et&aacute;ria de 9 a 45 anos.<\/li>\n<\/ul><p>Agora, a partir da ado&ccedil;&atilde;o da dose &uacute;nica para a vacina, a nova<strong> recomenda&ccedil;&atilde;o valer&aacute; apenas para as crian&ccedil;as e adolescentes de 9 a 14 anos<\/strong>. Demais casos inclusos no p&uacute;blico-alvo seguem no esquema anterior de vacina&ccedil;&atilde;o, de duas ou tr&ecirc;s doses.<\/p><p>Se voc&ecirc; quer ficar por dentro de mais conte&uacute;dos relevantes sobre a &aacute;rea m&eacute;dica, continue acompanhando o material preparado pelo Portal de Not&iacute;cias do Estrat&eacute;gia MED. Aqui, voc&ecirc; encontrar&aacute; informa&ccedil;&otilde;es atualizadas sobre resid&ecirc;ncias, carreira m&eacute;dica e muito mais.<\/p><h2 class=\"wp-block-heading\" id=\"h-saiba-mais\"><span class=\"ez-toc-section\" id=\"Saiba-mais\"><\/span><strong>Saiba mais<\/strong><span class=\"ez-toc-section-end\"><\/span><\/h2><ul class=\"wp-block-list\">\n<li><a href=\"https:\/\/med.estrategia.com\/portal\/noticias\/teste-inovador-para-deteccao-de-hpv-e-incorporado-ao-sus\/\" target=\"_blank\">Teste inovador para detec&ccedil;&atilde;o de HPV &eacute; incorporado ao SUS<\/a><\/li>\n\n\n\n<li><a href=\"https:\/\/med.estrategia.com\/portal\/conteudos-gratis\/procedimentos\/saude-amplia-faixa-etaria-de-vacinacao-contra-hpv\/\" target=\"_blank\">Sa&uacute;de amplia faixa et&aacute;ria de vacina&ccedil;&atilde;o contra HPV<\/a><\/li>\n<\/ul><p>\n\n\n\n\n\n<a id=\"cta\" class=\"cta-imagem\" href=\"https:\/\/med.estrategia.com\/curso\/banco-de-questes-resumos-estrategicos-anual\/\" target=\"blank\">\n                <img decoding=\"async\" width=\"100%\" src=\"https:\/\/med.estrategia.com\/portal\/wp-content\/uploads\/2025\/08\/banco_questoes.png\" alt=\"banco_questoes\" title=\"banco_questoes\">\n        <\/a>\n<\/p><\/p>\n","protected":false},"excerpt":{"rendered":"Recomenda\u00e7\u00e3o vale para crian\u00e7as e adolescentes de 9 a 14 anos\n","protected":false},"author":52,"featured_media":60684,"comment_status":"closed","ping_status":"closed","sticky":false,"template":"","format":"standard","meta":{"wl_entities_gutenberg":"","footnotes":""},"categories":[300],"tags":[313],"wl_entity_type":[199],"class_list":{"0":"post-60681","1":"post","2":"type-post","3":"status-publish","4":"format-standard","5":"has-post-thumbnail","7":"category-noticias","8":"tag-hpv","9":"wl_entity_type-article"},"acf":[],"yoast_head":"<!-- This site is optimized with the Yoast SEO Premium plugin v26.6 (Yoast SEO v26.6) - https:\/\/yoast.com\/wordpress\/plugins\/seo\/ -->\n<title>Minist\u00e9rio da Sa\u00fade adota vacina contra HPV em dose \u00fanica<\/title>\n<meta name=\"description\" content=\"A partir de agora, a vacina contra o HPV no Brasil ser\u00e1 administrada em dose \u00fanica dose. Saiba mais sobre a medida no Portal EMED!\" \/>\n<meta name=\"robots\" content=\"index, follow, max-snippet:-1, max-image-preview:large, max-video-preview:-1\" \/>\n<link rel=\"canonical\" href=\"https:\/\/med.estrategia.com\/portal\/noticias\/ministerio-da-saude-adota-vacina-contra-hpv-em-dose-unica\/\" \/>\n<meta property=\"og:locale\" content=\"pt_BR\" \/>\n<meta property=\"og:type\" content=\"article\" \/>\n<meta property=\"og:title\" content=\"Minist\u00e9rio da Sa\u00fade adota vacina contra HPV em dose \u00fanica\" \/>\n<meta property=\"og:description\" content=\"A partir de agora, a vacina contra o HPV no Brasil ser\u00e1 administrada em dose \u00fanica dose. Saiba mais sobre a medida no Portal EMED!\" \/>\n<meta property=\"og:url\" content=\"https:\/\/med.estrategia.com\/portal\/noticias\/ministerio-da-saude-adota-vacina-contra-hpv-em-dose-unica\/\" \/>\n<meta property=\"og:site_name\" content=\"Estrat\u00e9gia MED\" \/>\n<meta property=\"article:publisher\" content=\"https:\/\/www.facebook.com\/estrategiamed1\" \/>\n<meta property=\"article:published_time\" content=\"2024-04-02T14:46:48+00:00\" \/>\n<meta property=\"article:modified_time\" content=\"2024-04-29T20:55:46+00:00\" \/>\n<meta property=\"og:image\" content=\"https:\/\/med.estrategia.com\/portal\/wp-content\/uploads\/2024\/04\/vacina-hpv.jpg\" \/>\n\t<meta property=\"og:image:width\" content=\"1920\" \/>\n\t<meta property=\"og:image:height\" content=\"1280\" \/>\n\t<meta property=\"og:image:type\" content=\"image\/jpeg\" \/>\n<meta name=\"author\" content=\"Arion Wolff\" \/>\n<meta name=\"twitter:card\" content=\"summary_large_image\" \/>\n<meta name=\"twitter:creator\" content=\"@estrategiamed_\" \/>\n<meta name=\"twitter:site\" content=\"@estrategiamed_\" \/>\n<meta name=\"twitter:label1\" content=\"Escrito por\" \/>\n\t<meta name=\"twitter:data1\" content=\"Arion Wolff\" \/>\n\t<meta name=\"twitter:label2\" content=\"Est. tempo de leitura\" \/>\n\t<meta name=\"twitter:data2\" content=\"3 minutos\" \/>\n<script type=\"application\/ld+json\" class=\"yoast-schema-graph\">{\"@context\":\"https:\/\/schema.org\",\"@graph\":[{\"@type\":\"WebPage\",\"@id\":\"https:\/\/med.estrategia.com\/portal\/noticias\/ministerio-da-saude-adota-vacina-contra-hpv-em-dose-unica\/\",\"url\":\"https:\/\/med.estrategia.com\/portal\/noticias\/ministerio-da-saude-adota-vacina-contra-hpv-em-dose-unica\/\",\"name\":\"Minist\u00e9rio da Sa\u00fade adota vacina contra HPV em dose \u00fanica\",\"isPartOf\":{\"@id\":\"https:\/\/med.estrategia.com\/portal\/#website\"},\"primaryImageOfPage\":{\"@id\":\"https:\/\/med.estrategia.com\/portal\/noticias\/ministerio-da-saude-adota-vacina-contra-hpv-em-dose-unica\/#primaryimage\"},\"image\":{\"@id\":\"https:\/\/med.estrategia.com\/portal\/noticias\/ministerio-da-saude-adota-vacina-contra-hpv-em-dose-unica\/#primaryimage\"},\"thumbnailUrl\":\"https:\/\/med.estrategia.com\/portal\/wp-content\/uploads\/2024\/04\/vacina-hpv.jpg\",\"datePublished\":\"2024-04-02T14:46:48+00:00\",\"dateModified\":\"2024-04-29T20:55:46+00:00\",\"author\":{\"@id\":\"https:\/\/med.estrategia.com\/portal\/#\/schema\/person\/b6aba49604868a427dd15c3b1fc6a8bc\"},\"description\":\"A partir de agora, a vacina contra o HPV no Brasil ser\u00e1 administrada em dose \u00fanica dose. Saiba mais sobre a medida no Portal EMED!\",\"breadcrumb\":{\"@id\":\"https:\/\/med.estrategia.com\/portal\/noticias\/ministerio-da-saude-adota-vacina-contra-hpv-em-dose-unica\/#breadcrumb\"},\"inLanguage\":\"pt-BR\",\"potentialAction\":[{\"@type\":\"ReadAction\",\"target\":[\"https:\/\/med.estrategia.com\/portal\/noticias\/ministerio-da-saude-adota-vacina-contra-hpv-em-dose-unica\/\"]}]},{\"@type\":\"ImageObject\",\"inLanguage\":\"pt-BR\",\"@id\":\"https:\/\/med.estrategia.com\/portal\/noticias\/ministerio-da-saude-adota-vacina-contra-hpv-em-dose-unica\/#primaryimage\",\"url\":\"https:\/\/med.estrategia.com\/portal\/wp-content\/uploads\/2024\/04\/vacina-hpv.jpg\",\"contentUrl\":\"https:\/\/med.estrategia.com\/portal\/wp-content\/uploads\/2024\/04\/vacina-hpv.jpg\",\"width\":1920,\"height\":1280,\"caption\":\"Cr\u00e9ditos: T\u00e2nia R\u00eago\/Ag\u00eancia Brasil\"},{\"@type\":\"BreadcrumbList\",\"@id\":\"https:\/\/med.estrategia.com\/portal\/noticias\/ministerio-da-saude-adota-vacina-contra-hpv-em-dose-unica\/#breadcrumb\",\"itemListElement\":[{\"@type\":\"ListItem\",\"position\":1,\"name\":\"Home\",\"item\":\"https:\/\/med.estrategia.com\/portal\/\"},{\"@type\":\"ListItem\",\"position\":2,\"name\":\"Not\u00edcias\",\"item\":\"https:\/\/med.estrategia.com\/portal\/noticias\/\"},{\"@type\":\"ListItem\",\"position\":3,\"name\":\"Minist\u00e9rio da Sa\u00fade adota vacina contra HPV em dose \u00fanica\"}]},{\"@type\":\"WebSite\",\"@id\":\"https:\/\/med.estrategia.com\/portal\/#website\",\"url\":\"https:\/\/med.estrategia.com\/portal\/\",\"name\":\"Estrat\u00e9gia MED\",\"description\":\"\",\"potentialAction\":[{\"@type\":\"SearchAction\",\"target\":{\"@type\":\"EntryPoint\",\"urlTemplate\":\"https:\/\/med.estrategia.com\/portal\/?s={search_term_string}\"},\"query-input\":{\"@type\":\"PropertyValueSpecification\",\"valueRequired\":true,\"valueName\":\"search_term_string\"}}],\"inLanguage\":\"pt-BR\"},{\"@type\":\"Person\",\"@id\":\"https:\/\/med.estrategia.com\/portal\/#\/schema\/person\/b6aba49604868a427dd15c3b1fc6a8bc\",\"name\":\"Arion Wolff\",\"image\":{\"@type\":\"ImageObject\",\"inLanguage\":\"pt-BR\",\"@id\":\"https:\/\/med.estrategia.com\/portal\/#\/schema\/person\/image\/\",\"url\":\"https:\/\/med.estrategia.com\/portal\/wp-content\/uploads\/2023\/12\/arion-wolff-estrategia-med-150x150.jpg\",\"contentUrl\":\"https:\/\/med.estrategia.com\/portal\/wp-content\/uploads\/2023\/12\/arion-wolff-estrategia-med-150x150.jpg\",\"caption\":\"Arion Wolff\"},\"description\":\"Jornalista formado pela UNIFATEC e p\u00f3s-graduado em Jornalismo Digital pela UNINTER. Escrevo sobre medicina, resid\u00eancia m\u00e9dica e sa\u00fade. Entusiasta de filmes, livros, bons dramas e romances gen\u00e9ricos.\",\"sameAs\":[\"http:\/\/med.estrategia.com\"],\"url\":\"https:\/\/med.estrategia.com\/portal\/author\/arion-santos\/\"}]}<\/script>\n<!-- \/ Yoast SEO Premium plugin. -->","yoast_head_json":{"title":"Minist\u00e9rio da Sa\u00fade adota vacina contra HPV em dose \u00fanica","description":"A partir de agora, a vacina contra o HPV no Brasil ser\u00e1 administrada em dose \u00fanica dose. Saiba mais sobre a medida no Portal EMED!","robots":{"index":"index","follow":"follow","max-snippet":"max-snippet:-1","max-image-preview":"max-image-preview:large","max-video-preview":"max-video-preview:-1"},"canonical":"https:\/\/med.estrategia.com\/portal\/noticias\/ministerio-da-saude-adota-vacina-contra-hpv-em-dose-unica\/","og_locale":"pt_BR","og_type":"article","og_title":"Minist\u00e9rio da Sa\u00fade adota vacina contra HPV em dose \u00fanica","og_description":"A partir de agora, a vacina contra o HPV no Brasil ser\u00e1 administrada em dose \u00fanica dose. Saiba mais sobre a medida no Portal EMED!","og_url":"https:\/\/med.estrategia.com\/portal\/noticias\/ministerio-da-saude-adota-vacina-contra-hpv-em-dose-unica\/","og_site_name":"Estrat\u00e9gia MED","article_publisher":"https:\/\/www.facebook.com\/estrategiamed1","article_published_time":"2024-04-02T14:46:48+00:00","article_modified_time":"2024-04-29T20:55:46+00:00","og_image":[{"width":1920,"height":1280,"url":"https:\/\/med.estrategia.com\/portal\/wp-content\/uploads\/2024\/04\/vacina-hpv.jpg","type":"image\/jpeg"}],"author":"Arion Wolff","twitter_card":"summary_large_image","twitter_creator":"@estrategiamed_","twitter_site":"@estrategiamed_","twitter_misc":{"Escrito por":"Arion Wolff","Est. tempo de leitura":"3 minutos"},"schema":{"@context":"https:\/\/schema.org","@graph":[{"@type":"WebPage","@id":"https:\/\/med.estrategia.com\/portal\/noticias\/ministerio-da-saude-adota-vacina-contra-hpv-em-dose-unica\/","url":"https:\/\/med.estrategia.com\/portal\/noticias\/ministerio-da-saude-adota-vacina-contra-hpv-em-dose-unica\/","name":"Minist\u00e9rio da Sa\u00fade adota vacina contra HPV em dose \u00fanica","isPartOf":{"@id":"https:\/\/med.estrategia.com\/portal\/#website"},"primaryImageOfPage":{"@id":"https:\/\/med.estrategia.com\/portal\/noticias\/ministerio-da-saude-adota-vacina-contra-hpv-em-dose-unica\/#primaryimage"},"image":{"@id":"https:\/\/med.estrategia.com\/portal\/noticias\/ministerio-da-saude-adota-vacina-contra-hpv-em-dose-unica\/#primaryimage"},"thumbnailUrl":"https:\/\/med.estrategia.com\/portal\/wp-content\/uploads\/2024\/04\/vacina-hpv.jpg","datePublished":"2024-04-02T14:46:48+00:00","dateModified":"2024-04-29T20:55:46+00:00","author":{"@id":"https:\/\/med.estrategia.com\/portal\/#\/schema\/person\/b6aba49604868a427dd15c3b1fc6a8bc"},"description":"A partir de agora, a vacina contra o HPV no Brasil ser\u00e1 administrada em dose \u00fanica dose. Saiba mais sobre a medida no Portal EMED!","breadcrumb":{"@id":"https:\/\/med.estrategia.com\/portal\/noticias\/ministerio-da-saude-adota-vacina-contra-hpv-em-dose-unica\/#breadcrumb"},"inLanguage":"pt-BR","potentialAction":[{"@type":"ReadAction","target":["https:\/\/med.estrategia.com\/portal\/noticias\/ministerio-da-saude-adota-vacina-contra-hpv-em-dose-unica\/"]}]},{"@type":"ImageObject","inLanguage":"pt-BR","@id":"https:\/\/med.estrategia.com\/portal\/noticias\/ministerio-da-saude-adota-vacina-contra-hpv-em-dose-unica\/#primaryimage","url":"https:\/\/med.estrategia.com\/portal\/wp-content\/uploads\/2024\/04\/vacina-hpv.jpg","contentUrl":"https:\/\/med.estrategia.com\/portal\/wp-content\/uploads\/2024\/04\/vacina-hpv.jpg","width":1920,"height":1280,"caption":"Cr\u00e9ditos: T\u00e2nia R\u00eago\/Ag\u00eancia Brasil"},{"@type":"BreadcrumbList","@id":"https:\/\/med.estrategia.com\/portal\/noticias\/ministerio-da-saude-adota-vacina-contra-hpv-em-dose-unica\/#breadcrumb","itemListElement":[{"@type":"ListItem","position":1,"name":"Home","item":"https:\/\/med.estrategia.com\/portal\/"},{"@type":"ListItem","position":2,"name":"Not\u00edcias","item":"https:\/\/med.estrategia.com\/portal\/noticias\/"},{"@type":"ListItem","position":3,"name":"Minist\u00e9rio da Sa\u00fade adota vacina contra HPV em dose \u00fanica"}]},{"@type":"WebSite","@id":"https:\/\/med.estrategia.com\/portal\/#website","url":"https:\/\/med.estrategia.com\/portal\/","name":"Estrat\u00e9gia MED","description":"","potentialAction":[{"@type":"SearchAction","target":{"@type":"EntryPoint","urlTemplate":"https:\/\/med.estrategia.com\/portal\/?s={search_term_string}"},"query-input":{"@type":"PropertyValueSpecification","valueRequired":true,"valueName":"search_term_string"}}],"inLanguage":"pt-BR"},{"@type":"Person","@id":"https:\/\/med.estrategia.com\/portal\/#\/schema\/person\/b6aba49604868a427dd15c3b1fc6a8bc","name":"Arion Wolff","image":{"@type":"ImageObject","inLanguage":"pt-BR","@id":"https:\/\/med.estrategia.com\/portal\/#\/schema\/person\/image\/","url":"https:\/\/med.estrategia.com\/portal\/wp-content\/uploads\/2023\/12\/arion-wolff-estrategia-med-150x150.jpg","contentUrl":"https:\/\/med.estrategia.com\/portal\/wp-content\/uploads\/2023\/12\/arion-wolff-estrategia-med-150x150.jpg","caption":"Arion Wolff"},"description":"Jornalista formado pela UNIFATEC e p\u00f3s-graduado em Jornalismo Digital pela UNINTER. Escrevo sobre medicina, resid\u00eancia m\u00e9dica e sa\u00fade. Entusiasta de filmes, livros, bons dramas e romances gen\u00e9ricos.","sameAs":["http:\/\/med.estrategia.com"],"url":"https:\/\/med.estrategia.com\/portal\/author\/arion-santos\/"}]}},"_wl_alt_label":[],"wl:entity_url":"\/post\/ministerio-da-saude-adota-vacina-contra-hpv-em-dose-unica","_links":{"self":[{"href":"https:\/\/med.estrategia.com\/portal\/wp-json\/wp\/v2\/posts\/60681","targetHints":{"allow":["GET"]}}],"collection":[{"href":"https:\/\/med.estrategia.com\/portal\/wp-json\/wp\/v2\/posts"}],"about":[{"href":"https:\/\/med.estrategia.com\/portal\/wp-json\/wp\/v2\/types\/post"}],"author":[{"embeddable":true,"href":"https:\/\/med.estrategia.com\/portal\/wp-json\/wp\/v2\/users\/52"}],"replies":[{"embeddable":true,"href":"https:\/\/med.estrategia.com\/portal\/wp-json\/wp\/v2\/comments?post=60681"}],"version-history":[{"count":21,"href":"https:\/\/med.estrategia.com\/portal\/wp-json\/wp\/v2\/posts\/60681\/revisions"}],"predecessor-version":[{"id":62616,"href":"https:\/\/med.estrategia.com\/portal\/wp-json\/wp\/v2\/posts\/60681\/revisions\/62616"}],"wp:featuredmedia":[{"embeddable":true,"href":"https:\/\/med.estrategia.com\/portal\/wp-json\/wp\/v2\/media\/60684"}],"wp:attachment":[{"href":"https:\/\/med.estrategia.com\/portal\/wp-json\/wp\/v2\/media?parent=60681"}],"wp:term":[{"taxonomy":"category","embeddable":true,"href":"https:\/\/med.estrategia.com\/portal\/wp-json\/wp\/v2\/categories?post=60681"},{"taxonomy":"post_tag","embeddable":true,"href":"https:\/\/med.estrategia.com\/portal\/wp-json\/wp\/v2\/tags?post=60681"},{"taxonomy":"wl_entity_type","embeddable":true,"href":"https:\/\/med.estrategia.com\/portal\/wp-json\/wp\/v2\/wl_entity_type?post=60681"}],"curies":[{"name":"wp","href":"https:\/\/api.w.org\/{rel}","templated":true}]}}