{"id":60970,"date":"2024-04-04T10:43:01","date_gmt":"2024-04-04T13:43:01","guid":{"rendered":"https:\/\/med.estrategia.com\/portal\/?p=60970"},"modified":"2024-04-04T10:43:07","modified_gmt":"2024-04-04T13:43:07","slug":"camara-de-sao-paulo-resultado-preliminar-da-prova-discursiva","status":"publish","type":"post","link":"https:\/\/med.estrategia.com\/portal\/noticias\/camara-de-sao-paulo-resultado-preliminar-da-prova-discursiva\/","title":{"rendered":"C\u00e2mara de S\u00e3o Paulo: resultado preliminar da prova discursiva!"},"content":{"rendered":"<p>A<a href=\"https:\/\/conhecimento.fgv.br\/concursos\/cmsp23\/1\" target=\"_blank\"> Funda&ccedil;&atilde;o Get&uacute;lio Vargas<\/a> divulgou no site <strong>o resultado preliminar da prova discursiva<\/strong> do concurso p&uacute;blico C&acirc;mara de S&atilde;o Paulo. &nbsp;<p>Os candidatos para os cargos na &aacute;rea m&eacute;dica podem consultar individualmente o resultado <a href=\"https:\/\/www50.fgv.br\/ResultadoDiscursivaNovo.aspx?key=xJqVzwodWYA=&amp;tipo=TlTLsfHBmsebOtSeFL4cjA==\" target=\"_blank\">por meio do link.<\/a><\/p><div class=\"wp-block-buttons is-content-justification-center is-layout-flex wp-container-core-buttons-is-layout-1 wp-block-buttons-is-layout-flex\">\n<div class=\"wp-block-button\"><a class=\"wp-block-button__link wp-element-button\" href=\"https:\/\/med.estrategia.com\/portal\/wp-content\/uploads\/2024\/04\/R_Resultado_Ordem_Classificacao_CamaradeSP.pdf\" target=\"_blank\">lista dos candidatos classificados Prova discursiva &aacute;rea m&eacute;dica<\/a><\/div>\n<\/div><p>A remunera&ccedil;&atilde;o para os cargos m&eacute;dicos &eacute; de <strong>R$ 14.113,59<\/strong>, al&eacute;m dos benef&iacute;cios para uma jornada de <strong>40 horas semanais.<\/strong><\/p><div id=\"ez-toc-container\" class=\"ez-toc-v2_0_79_2 counter-hierarchy ez-toc-counter ez-toc-transparent ez-toc-container-direction\">\n<div class=\"ez-toc-title-container\"><p class=\"ez-toc-title\" style=\"cursor:inherit\">Navegue pelo conte\u00fado<\/p>\n<\/div><nav><ul class='ez-toc-list ez-toc-list-level-1 ' ><li class='ez-toc-page-1 ez-toc-heading-level-2'><a class=\"ez-toc-link ez-toc-heading-1\" href=\"https:\/\/med.estrategia.com\/portal\/noticias\/camara-de-sao-paulo-resultado-preliminar-da-prova-discursiva\/#Resumo-Edital-Camara-Municipal-de-Sao-Paulo-2023\" >Resumo Edital C&acirc;mara Municipal de S&atilde;o Paulo 2023<\/a><\/li><li class='ez-toc-page-1 ez-toc-heading-level-2'><a class=\"ez-toc-link ez-toc-heading-2\" href=\"https:\/\/med.estrategia.com\/portal\/noticias\/camara-de-sao-paulo-resultado-preliminar-da-prova-discursiva\/#Processo-Seletivo\" >Processo Seletivo<\/a><\/li><\/ul><\/nav><\/div>\n<h2 class=\"wp-block-heading\" id=\"h-resumo-edital-camara-municipal-de-sao-paulo-2023\"><span class=\"ez-toc-section\" id=\"Resumo-Edital-Camara-Municipal-de-Sao-Paulo-2023\"><\/span>Resumo Edital C&acirc;mara Municipal de S&atilde;o Paulo 2023<span class=\"ez-toc-section-end\"><\/span><\/h2><figure class=\"wp-block-table\"><table><tbody><tr><td>Vagas Ofertadas<\/td><td>2 + CR<\/td><\/tr><tr><td>Remunera&ccedil;&atilde;o<\/td><td>R$ 14.113,59+ benef&iacute;cios<\/td><\/tr><tr><td>Carga Hor&aacute;ria Semanal&nbsp;&nbsp;<\/td><td>40 horas<\/td><\/tr><tr><td>Composi&ccedil;&atilde;o do Processo Seletivo<\/td><td>Prova Objetiva, Prova Discursiva e avalia&ccedil;&atilde;o de t&iacute;tulos<\/td><\/tr><tr><td>Taxa de Inscri&ccedil;&atilde;o<\/td><td>R$ 155,00<\/td><\/tr><tr><td>Per&iacute;odo de Inscri&ccedil;&atilde;o<\/td><td>25\/10\/2023 a 23\/11\/2023<\/td><\/tr><tr><td>Per&iacute;odo para solicita&ccedil;&atilde;o de isen&ccedil;&atilde;o da taxa de inscri&ccedil;&atilde;o<\/td><td>25\/10\/2023 a 23\/11\/2023<\/td><\/tr><tr><td>&Uacute;ltimo dia para pagamento da taxa de inscri&ccedil;&atilde;o<\/td><td>24\/11\/2023<\/td><\/tr><tr><td>Data da Realiza&ccedil;&atilde;o das Provas Objetivas e Discursiva<\/td><td>14\/01\/2024<\/td><\/tr><tr><td>Divulga&ccedil;&atilde;o do gabarito preliminar das provas objetivas<\/td><td>15\/01\/2024<\/td><\/tr><tr><td>Divulga&ccedil;&atilde;o do gabarito definitivo e resultado preliminar das provas objetivas<\/td><td>21\/02\/2024<\/td><\/tr><tr><td>Divulga&ccedil;&atilde;o do resultado preliminar da prova discursiva<\/td><td>04\/04\/2024<\/td><\/tr><tr><td>Demais resultados ser&atilde;o divulgados pela banca<\/td><td>&nbsp;<\/td><\/tr><\/tbody><\/table><\/figure><p><strong>Vagas<\/strong><\/p><p>A C&acirc;mara dos Deputados disponibiliza 2 vagas de ampla concorr&ecirc;ncia, mais forma&ccedil;&atilde;o de cadastro reserva para as &aacute;reas m&eacute;dicas. Confira a distribui&ccedil;&atilde;o de vagas por especialidades a seguir:<\/p><figure class=\"wp-block-table\"><table><tbody><tr><td>Especialidades<\/td><td>Vagas<\/td><\/tr><tr><td>Psiquiatria<\/td><td>CR<\/td><\/tr><tr><td>Oftalmologia<\/td><td>1<\/td><\/tr><tr><td>Cl&iacute;nica Geral<\/td><td>1<\/td><\/tr><tr><td>Medicina do Trabalho<\/td><td>CR<\/td><\/tr><tr><td>Ginecologia<\/td><td>CR<\/td><\/tr><\/tbody><\/table><\/figure><h2 class=\"wp-block-heading\" id=\"h-processo-seletivo\"><span class=\"ez-toc-section\" id=\"Processo-Seletivo\"><\/span>Processo Seletivo<span class=\"ez-toc-section-end\"><\/span><\/h2><p>O processo seletivo do concurso C&acirc;mara Municipal de S&atilde;o Paulo para a &aacute;rea m&eacute;dica ser&aacute; realizado em cinco etapas:<\/p><ul class=\"wp-block-list\">\n<li>Prova Objetiva &ndash; eliminat&oacute;rio e classificat&oacute;rio;<\/li>\n\n\n\n<li>Prova Dissertativa &ndash; eliminat&oacute;rio e classificat&oacute;rio;<\/li>\n\n\n\n<li>Prova de T&iacute;tulos &ndash; classificat&oacute;rio;<\/li>\n\n\n\n<li>Exame Psicot&eacute;cnico &ndash; eliminat&oacute;rio;<\/li>\n\n\n\n<li>Procedimento de Heteroidentifica&ccedil;&atilde;o &ndash; realizada entre a nomea&ccedil;&atilde;o e a posse, e Per&iacute;cia M&eacute;dica, realizada no momento da posse, para aqueles que concorrerem, respectivamente, &agrave; reserva de vagas para candidatos negros e para candidatos com defici&ecirc;ncia;<\/li>\n\n\n\n<li>Investiga&ccedil;&atilde;o Social e Comprova&ccedil;&atilde;o de Idoneidade e Boa Conduta &ndash; eliminat&oacute;rio, de responsabilidade da C&acirc;mara Municipal de S&atilde;o Paulo.<\/li>\n<\/ul><p><strong>Saiba mais sobre o concurso p&uacute;blico da C&acirc;mara de S&atilde;o Paulo. <\/strong><a href=\"https:\/\/med.estrategia.com\/portal\/concursos\/camara-de-sao-paulo-publica-edital-com-vagas-para-medicos\/\" target=\"_blank\"><strong>Acesse<\/strong><\/a><strong>!<\/strong><\/p><div class=\"wp-block-image\">\n<figure class=\"aligncenter size-full\"><img decoding=\"async\" width=\"1280\" height=\"622\" src=\"https:\/\/med.estrategia.com\/portal\/wp-content\/uploads\/2025\/08\/concursos_medicos.jpg\" alt=\"concursos_medicos\" class=\"wp-image-91529\" srcset=\"https:\/\/med.estrategia.com\/portal\/wp-content\/uploads\/2025\/08\/concursos_medicos.jpg 1280w, https:\/\/med.estrategia.com\/portal\/wp-content\/uploads\/2025\/08\/concursos_medicos-1024x498.jpg 1024w, https:\/\/med.estrategia.com\/portal\/wp-content\/uploads\/2025\/08\/concursos_medicos-768x373.jpg 768w, https:\/\/med.estrategia.com\/portal\/wp-content\/uploads\/2025\/08\/concursos_medicos-800x389.jpg 800w, https:\/\/med.estrategia.com\/portal\/wp-content\/uploads\/2025\/08\/concursos_medicos-1160x564.jpg 1160w\" sizes=\"(max-width: 1280px) 100vw, 1280px\" \/><\/figure><\/div><\/p>\n","protected":false},"excerpt":{"rendered":"Candidatos concorrem aos cargos de Consultor T\u00e9cnico Legislativo na \u00e1rea m\u00e9dica com sal\u00e1rio inicial de R$ 14,1 mil\n","protected":false},"author":45,"featured_media":58493,"comment_status":"closed","ping_status":"closed","sticky":false,"template":"","format":"standard","meta":{"wl_entities_gutenberg":"","footnotes":""},"categories":[300],"tags":[],"wl_entity_type":[199],"class_list":{"0":"post-60970","1":"post","2":"type-post","3":"status-publish","4":"format-standard","5":"has-post-thumbnail","7":"category-noticias","8":"wl_entity_type-article"},"acf":[],"yoast_head":"<!-- This site is optimized with the Yoast SEO Premium plugin v26.6 (Yoast SEO v26.6) - https:\/\/yoast.com\/wordpress\/plugins\/seo\/ -->\n<title>C\u00e2mara de S\u00e3o Paulo: resultado preliminar da prova discursiva!<\/title>\n<meta name=\"description\" content=\"Lista com os candidatos classificados na prova discursiva do Concurso P\u00fablico da C\u00e2mara de S\u00e3o Paulo j\u00e1 est\u00e1 dispon\u00edvel.\" \/>\n<meta name=\"robots\" content=\"index, follow, max-snippet:-1, max-image-preview:large, max-video-preview:-1\" \/>\n<link rel=\"canonical\" href=\"https:\/\/med.estrategia.com\/portal\/noticias\/camara-de-sao-paulo-resultado-preliminar-da-prova-discursiva\/\" \/>\n<meta property=\"og:locale\" content=\"pt_BR\" \/>\n<meta property=\"og:type\" content=\"article\" \/>\n<meta property=\"og:title\" content=\"C\u00e2mara de S\u00e3o Paulo: resultado preliminar da prova discursiva!\" \/>\n<meta property=\"og:description\" content=\"Lista com os candidatos classificados na prova discursiva do Concurso P\u00fablico da C\u00e2mara de S\u00e3o Paulo j\u00e1 est\u00e1 dispon\u00edvel.\" \/>\n<meta property=\"og:url\" content=\"https:\/\/med.estrategia.com\/portal\/noticias\/camara-de-sao-paulo-resultado-preliminar-da-prova-discursiva\/\" \/>\n<meta property=\"og:site_name\" content=\"Estrat\u00e9gia MED\" \/>\n<meta property=\"article:publisher\" content=\"https:\/\/www.facebook.com\/estrategiamed1\" \/>\n<meta property=\"article:published_time\" content=\"2024-04-04T13:43:01+00:00\" \/>\n<meta property=\"article:modified_time\" content=\"2024-04-04T13:43:07+00:00\" \/>\n<meta property=\"og:image\" content=\"https:\/\/med.estrategia.com\/portal\/wp-content\/uploads\/2024\/02\/Capa-Camara-de-Sao-Paulo-atualizacao.jpg\" \/>\n\t<meta property=\"og:image:width\" content=\"1280\" \/>\n\t<meta property=\"og:image:height\" content=\"720\" \/>\n\t<meta property=\"og:image:type\" content=\"image\/jpeg\" \/>\n<meta name=\"author\" content=\"Priscila Pereira\" \/>\n<meta name=\"twitter:card\" content=\"summary_large_image\" \/>\n<meta name=\"twitter:creator\" content=\"@estrategiamed_\" \/>\n<meta name=\"twitter:site\" content=\"@estrategiamed_\" \/>\n<meta name=\"twitter:label1\" content=\"Escrito por\" \/>\n\t<meta name=\"twitter:data1\" content=\"Priscila Pereira\" \/>\n\t<meta name=\"twitter:label2\" content=\"Est. tempo de leitura\" \/>\n\t<meta name=\"twitter:data2\" content=\"2 minutos\" \/>\n<script type=\"application\/ld+json\" class=\"yoast-schema-graph\">{\"@context\":\"https:\/\/schema.org\",\"@graph\":[{\"@type\":\"WebPage\",\"@id\":\"https:\/\/med.estrategia.com\/portal\/noticias\/camara-de-sao-paulo-resultado-preliminar-da-prova-discursiva\/\",\"url\":\"https:\/\/med.estrategia.com\/portal\/noticias\/camara-de-sao-paulo-resultado-preliminar-da-prova-discursiva\/\",\"name\":\"C\u00e2mara de S\u00e3o Paulo: resultado preliminar da prova discursiva!\",\"isPartOf\":{\"@id\":\"https:\/\/med.estrategia.com\/portal\/#website\"},\"primaryImageOfPage\":{\"@id\":\"https:\/\/med.estrategia.com\/portal\/noticias\/camara-de-sao-paulo-resultado-preliminar-da-prova-discursiva\/#primaryimage\"},\"image\":{\"@id\":\"https:\/\/med.estrategia.com\/portal\/noticias\/camara-de-sao-paulo-resultado-preliminar-da-prova-discursiva\/#primaryimage\"},\"thumbnailUrl\":\"https:\/\/med.estrategia.com\/portal\/wp-content\/uploads\/2024\/02\/Capa-Camara-de-Sao-Paulo-atualizacao.jpg\",\"datePublished\":\"2024-04-04T13:43:01+00:00\",\"dateModified\":\"2024-04-04T13:43:07+00:00\",\"author\":{\"@id\":\"https:\/\/med.estrategia.com\/portal\/#\/schema\/person\/d1df06a83a849b79b2d480e7d8952ce3\"},\"description\":\"Lista com os candidatos classificados na prova discursiva do Concurso P\u00fablico da C\u00e2mara de S\u00e3o Paulo j\u00e1 est\u00e1 dispon\u00edvel.\",\"breadcrumb\":{\"@id\":\"https:\/\/med.estrategia.com\/portal\/noticias\/camara-de-sao-paulo-resultado-preliminar-da-prova-discursiva\/#breadcrumb\"},\"inLanguage\":\"pt-BR\",\"potentialAction\":[{\"@type\":\"ReadAction\",\"target\":[\"https:\/\/med.estrategia.com\/portal\/noticias\/camara-de-sao-paulo-resultado-preliminar-da-prova-discursiva\/\"]}]},{\"@type\":\"ImageObject\",\"inLanguage\":\"pt-BR\",\"@id\":\"https:\/\/med.estrategia.com\/portal\/noticias\/camara-de-sao-paulo-resultado-preliminar-da-prova-discursiva\/#primaryimage\",\"url\":\"https:\/\/med.estrategia.com\/portal\/wp-content\/uploads\/2024\/02\/Capa-Camara-de-Sao-Paulo-atualizacao.jpg\",\"contentUrl\":\"https:\/\/med.estrategia.com\/portal\/wp-content\/uploads\/2024\/02\/Capa-Camara-de-Sao-Paulo-atualizacao.jpg\",\"width\":1280,\"height\":720,\"caption\":\"Estrat\u00e9gia MED | CMSP\"},{\"@type\":\"BreadcrumbList\",\"@id\":\"https:\/\/med.estrategia.com\/portal\/noticias\/camara-de-sao-paulo-resultado-preliminar-da-prova-discursiva\/#breadcrumb\",\"itemListElement\":[{\"@type\":\"ListItem\",\"position\":1,\"name\":\"Home\",\"item\":\"https:\/\/med.estrategia.com\/portal\/\"},{\"@type\":\"ListItem\",\"position\":2,\"name\":\"Not\u00edcias\",\"item\":\"https:\/\/med.estrategia.com\/portal\/noticias\/\"},{\"@type\":\"ListItem\",\"position\":3,\"name\":\"C\u00e2mara de S\u00e3o Paulo: resultado preliminar da prova discursiva!\"}]},{\"@type\":\"WebSite\",\"@id\":\"https:\/\/med.estrategia.com\/portal\/#website\",\"url\":\"https:\/\/med.estrategia.com\/portal\/\",\"name\":\"Estrat\u00e9gia MED\",\"description\":\"\",\"potentialAction\":[{\"@type\":\"SearchAction\",\"target\":{\"@type\":\"EntryPoint\",\"urlTemplate\":\"https:\/\/med.estrategia.com\/portal\/?s={search_term_string}\"},\"query-input\":{\"@type\":\"PropertyValueSpecification\",\"valueRequired\":true,\"valueName\":\"search_term_string\"}}],\"inLanguage\":\"pt-BR\"},{\"@type\":\"Person\",\"@id\":\"https:\/\/med.estrategia.com\/portal\/#\/schema\/person\/d1df06a83a849b79b2d480e7d8952ce3\",\"name\":\"Priscila Pereira\",\"image\":{\"@type\":\"ImageObject\",\"inLanguage\":\"pt-BR\",\"@id\":\"https:\/\/med.estrategia.com\/portal\/#\/schema\/person\/image\/\",\"url\":\"https:\/\/secure.gravatar.com\/avatar\/fe94f8430a1d23a69c0bc7aab6202e21?s=96&d=mm&r=g\",\"contentUrl\":\"https:\/\/secure.gravatar.com\/avatar\/fe94f8430a1d23a69c0bc7aab6202e21?s=96&d=mm&r=g\",\"caption\":\"Priscila Pereira\"},\"description\":\"Formada e p\u00f3s-graduada na \u00e1rea de comunica\u00e7\u00e3o, divido minha paix\u00e3o entre o jornalismo e os esportes\",\"url\":\"https:\/\/med.estrategia.com\/portal\/author\/priscila-pereira\/\"}]}<\/script>\n<!-- \/ Yoast SEO Premium plugin. -->","yoast_head_json":{"title":"C\u00e2mara de S\u00e3o Paulo: resultado preliminar da prova discursiva!","description":"Lista com os candidatos classificados na prova discursiva do Concurso P\u00fablico da C\u00e2mara de S\u00e3o Paulo j\u00e1 est\u00e1 dispon\u00edvel.","robots":{"index":"index","follow":"follow","max-snippet":"max-snippet:-1","max-image-preview":"max-image-preview:large","max-video-preview":"max-video-preview:-1"},"canonical":"https:\/\/med.estrategia.com\/portal\/noticias\/camara-de-sao-paulo-resultado-preliminar-da-prova-discursiva\/","og_locale":"pt_BR","og_type":"article","og_title":"C\u00e2mara de S\u00e3o Paulo: resultado preliminar da prova discursiva!","og_description":"Lista com os candidatos classificados na prova discursiva do Concurso P\u00fablico da C\u00e2mara de S\u00e3o Paulo j\u00e1 est\u00e1 dispon\u00edvel.","og_url":"https:\/\/med.estrategia.com\/portal\/noticias\/camara-de-sao-paulo-resultado-preliminar-da-prova-discursiva\/","og_site_name":"Estrat\u00e9gia MED","article_publisher":"https:\/\/www.facebook.com\/estrategiamed1","article_published_time":"2024-04-04T13:43:01+00:00","article_modified_time":"2024-04-04T13:43:07+00:00","og_image":[{"width":1280,"height":720,"url":"https:\/\/med.estrategia.com\/portal\/wp-content\/uploads\/2024\/02\/Capa-Camara-de-Sao-Paulo-atualizacao.jpg","type":"image\/jpeg"}],"author":"Priscila Pereira","twitter_card":"summary_large_image","twitter_creator":"@estrategiamed_","twitter_site":"@estrategiamed_","twitter_misc":{"Escrito por":"Priscila Pereira","Est. tempo de leitura":"2 minutos"},"schema":{"@context":"https:\/\/schema.org","@graph":[{"@type":"WebPage","@id":"https:\/\/med.estrategia.com\/portal\/noticias\/camara-de-sao-paulo-resultado-preliminar-da-prova-discursiva\/","url":"https:\/\/med.estrategia.com\/portal\/noticias\/camara-de-sao-paulo-resultado-preliminar-da-prova-discursiva\/","name":"C\u00e2mara de S\u00e3o Paulo: resultado preliminar da prova discursiva!","isPartOf":{"@id":"https:\/\/med.estrategia.com\/portal\/#website"},"primaryImageOfPage":{"@id":"https:\/\/med.estrategia.com\/portal\/noticias\/camara-de-sao-paulo-resultado-preliminar-da-prova-discursiva\/#primaryimage"},"image":{"@id":"https:\/\/med.estrategia.com\/portal\/noticias\/camara-de-sao-paulo-resultado-preliminar-da-prova-discursiva\/#primaryimage"},"thumbnailUrl":"https:\/\/med.estrategia.com\/portal\/wp-content\/uploads\/2024\/02\/Capa-Camara-de-Sao-Paulo-atualizacao.jpg","datePublished":"2024-04-04T13:43:01+00:00","dateModified":"2024-04-04T13:43:07+00:00","author":{"@id":"https:\/\/med.estrategia.com\/portal\/#\/schema\/person\/d1df06a83a849b79b2d480e7d8952ce3"},"description":"Lista com os candidatos classificados na prova discursiva do Concurso P\u00fablico da C\u00e2mara de S\u00e3o Paulo j\u00e1 est\u00e1 dispon\u00edvel.","breadcrumb":{"@id":"https:\/\/med.estrategia.com\/portal\/noticias\/camara-de-sao-paulo-resultado-preliminar-da-prova-discursiva\/#breadcrumb"},"inLanguage":"pt-BR","potentialAction":[{"@type":"ReadAction","target":["https:\/\/med.estrategia.com\/portal\/noticias\/camara-de-sao-paulo-resultado-preliminar-da-prova-discursiva\/"]}]},{"@type":"ImageObject","inLanguage":"pt-BR","@id":"https:\/\/med.estrategia.com\/portal\/noticias\/camara-de-sao-paulo-resultado-preliminar-da-prova-discursiva\/#primaryimage","url":"https:\/\/med.estrategia.com\/portal\/wp-content\/uploads\/2024\/02\/Capa-Camara-de-Sao-Paulo-atualizacao.jpg","contentUrl":"https:\/\/med.estrategia.com\/portal\/wp-content\/uploads\/2024\/02\/Capa-Camara-de-Sao-Paulo-atualizacao.jpg","width":1280,"height":720,"caption":"Estrat\u00e9gia MED | CMSP"},{"@type":"BreadcrumbList","@id":"https:\/\/med.estrategia.com\/portal\/noticias\/camara-de-sao-paulo-resultado-preliminar-da-prova-discursiva\/#breadcrumb","itemListElement":[{"@type":"ListItem","position":1,"name":"Home","item":"https:\/\/med.estrategia.com\/portal\/"},{"@type":"ListItem","position":2,"name":"Not\u00edcias","item":"https:\/\/med.estrategia.com\/portal\/noticias\/"},{"@type":"ListItem","position":3,"name":"C\u00e2mara de S\u00e3o Paulo: resultado preliminar da prova discursiva!"}]},{"@type":"WebSite","@id":"https:\/\/med.estrategia.com\/portal\/#website","url":"https:\/\/med.estrategia.com\/portal\/","name":"Estrat\u00e9gia MED","description":"","potentialAction":[{"@type":"SearchAction","target":{"@type":"EntryPoint","urlTemplate":"https:\/\/med.estrategia.com\/portal\/?s={search_term_string}"},"query-input":{"@type":"PropertyValueSpecification","valueRequired":true,"valueName":"search_term_string"}}],"inLanguage":"pt-BR"},{"@type":"Person","@id":"https:\/\/med.estrategia.com\/portal\/#\/schema\/person\/d1df06a83a849b79b2d480e7d8952ce3","name":"Priscila Pereira","image":{"@type":"ImageObject","inLanguage":"pt-BR","@id":"https:\/\/med.estrategia.com\/portal\/#\/schema\/person\/image\/","url":"https:\/\/secure.gravatar.com\/avatar\/fe94f8430a1d23a69c0bc7aab6202e21?s=96&d=mm&r=g","contentUrl":"https:\/\/secure.gravatar.com\/avatar\/fe94f8430a1d23a69c0bc7aab6202e21?s=96&d=mm&r=g","caption":"Priscila Pereira"},"description":"Formada e p\u00f3s-graduada na \u00e1rea de comunica\u00e7\u00e3o, divido minha paix\u00e3o entre o jornalismo e os esportes","url":"https:\/\/med.estrategia.com\/portal\/author\/priscila-pereira\/"}]}},"_wl_alt_label":[],"wl:entity_url":"\/post\/camara-de-sao-paulo-resultado-preliminar-da-prova-discursiva","_links":{"self":[{"href":"https:\/\/med.estrategia.com\/portal\/wp-json\/wp\/v2\/posts\/60970","targetHints":{"allow":["GET"]}}],"collection":[{"href":"https:\/\/med.estrategia.com\/portal\/wp-json\/wp\/v2\/posts"}],"about":[{"href":"https:\/\/med.estrategia.com\/portal\/wp-json\/wp\/v2\/types\/post"}],"author":[{"embeddable":true,"href":"https:\/\/med.estrategia.com\/portal\/wp-json\/wp\/v2\/users\/45"}],"replies":[{"embeddable":true,"href":"https:\/\/med.estrategia.com\/portal\/wp-json\/wp\/v2\/comments?post=60970"}],"version-history":[{"count":3,"href":"https:\/\/med.estrategia.com\/portal\/wp-json\/wp\/v2\/posts\/60970\/revisions"}],"predecessor-version":[{"id":60979,"href":"https:\/\/med.estrategia.com\/portal\/wp-json\/wp\/v2\/posts\/60970\/revisions\/60979"}],"wp:featuredmedia":[{"embeddable":true,"href":"https:\/\/med.estrategia.com\/portal\/wp-json\/wp\/v2\/media\/58493"}],"wp:attachment":[{"href":"https:\/\/med.estrategia.com\/portal\/wp-json\/wp\/v2\/media?parent=60970"}],"wp:term":[{"taxonomy":"category","embeddable":true,"href":"https:\/\/med.estrategia.com\/portal\/wp-json\/wp\/v2\/categories?post=60970"},{"taxonomy":"post_tag","embeddable":true,"href":"https:\/\/med.estrategia.com\/portal\/wp-json\/wp\/v2\/tags?post=60970"},{"taxonomy":"wl_entity_type","embeddable":true,"href":"https:\/\/med.estrategia.com\/portal\/wp-json\/wp\/v2\/wl_entity_type?post=60970"}],"curies":[{"name":"wp","href":"https:\/\/api.w.org\/{rel}","templated":true}]}}