{"id":61031,"date":"2024-04-06T08:00:00","date_gmt":"2024-04-06T11:00:00","guid":{"rendered":"https:\/\/med.estrategia.com\/portal\/?p=61031"},"modified":"2024-04-05T17:21:20","modified_gmt":"2024-04-05T20:21:20","slug":"conheca-o-novo-pac-e-seus-impactos-na-saude-publica-brasileira","status":"publish","type":"post","link":"https:\/\/med.estrategia.com\/portal\/noticias\/conheca-o-novo-pac-e-seus-impactos-na-saude-publica-brasileira\/","title":{"rendered":"Conhe\u00e7a o Novo PAC e seus impactos na sa\u00fade p\u00fablica brasileira"},"content":{"rendered":"<p>O <strong>Novo Programa de Acelera&ccedil;&atilde;o ao Crescimento (PAC) Sa&uacute;de<\/strong>, institu&iacute;do em 9 de outubro de 2023 atrav&eacute;s da Portaria GM\/MS N&ordm; 1.517, traz consigo um <strong>conjunto de medidas<\/strong> para <strong>fortalecer o sistema de sa&uacute;de brasileiro<\/strong>. O Minist&eacute;rio da Sa&uacute;de ir&aacute; investir R$ 31 bilh&otilde;es at&eacute; 2026 para viabilizar a universaliza&ccedil;&atilde;o de servi&ccedil;os essenciais na rede p&uacute;blica. Os investimentos est&atilde;o distribu&iacute;dos em <strong>5 eixos<\/strong>: <strong>Aten&ccedil;&atilde;o Prim&aacute;ria<\/strong>, <strong>Aten&ccedil;&atilde;o Especializada<\/strong>, <strong>Prepara&ccedil;&atilde;o para Emerg&ecirc;ncias em Sa&uacute;de<\/strong>, <strong>Complexo Econ&ocirc;mico-industrial da Sa&uacute;de<\/strong> e <strong>Telessa&uacute;de<\/strong>.<p>Essas medidas, integradas ao PAC, visam <strong>impulsionar investimentos em pol&iacute;ticas p&uacute;blicas<\/strong>, com foco particular em melhorias na infraestrutura <strong>econ&ocirc;mica<\/strong>, <strong>social<\/strong> e <strong>urbana<\/strong>.<\/p><p>O Novo PAC assegura recursos para <strong>reduzir as lacunas na assist&ecirc;ncia<\/strong>, chegando &agrave;s popula&ccedil;&otilde;es anteriormente desatendidas, por meio da <strong>amplia&ccedil;&atilde;o da cobertura dos servi&ccedil;os do Sistema &Uacute;nico de Sa&uacute;de (SUS)<\/strong>. O programa prioriza a expans&atilde;o das redes de aten&ccedil;&atilde;o prim&aacute;ria com novas <strong>Unidades B&aacute;sicas de Sa&uacute;de<\/strong> e a amplia&ccedil;&atilde;o de seus servi&ccedil;os para <strong>abranger mais munic&iacute;pios e territ&oacute;rios ind&iacute;genas<\/strong>, integrando-se de forma eficaz &agrave;s equipes de sa&uacute;de da fam&iacute;lia.<\/p><p>\n\n\n<div id=\"new-form\">\n\t<form id=\"forms_layout\">\n\t<input type=\"hidden\" id=\"chave_de\" name=\"chave_de\" value=\"01_EMED_LEADS_TOTAIS\" \/>\n\t\t<input type=\"hidden\" id=\"mid\" name=\"mid\" value=\"515009018\" \/>\n\t\t<input type=\"hidden\" id=\"Objetivo\" name=\"Objetivo\" value=\"Medicina\" \/>\n\t\t<input type=\"hidden\" id=\"Estado_de_Origem_do_IP\" name=\"Estado_de_Origem_do_IP\"  value=\"\" \/>\n\t\t<input type=\"hidden\" id=\"Cidade_de_Origem_do_IP\" name=\"Cidade_de_Origem_do_IP\" value=\"\" \/>\n\t\t<input type=\"hidden\" id=\"Modo_de_entrada\" name=\"Modo_de_entrada\" value=\"Portal\" \/>\n\t\t<input type=\"hidden\" id=\"Pagina_Origem\" name=\"Pagina_Origem\" value=\"\" \/>\n\n\t\t<div class=\"texto\">\n\t\t\t<div id=\"ez-toc-container\" class=\"ez-toc-v2_0_79_2 counter-hierarchy ez-toc-counter ez-toc-transparent ez-toc-container-direction\">\n<div class=\"ez-toc-title-container\"><p class=\"ez-toc-title\" style=\"cursor:inherit\">Navegue pelo conte\u00fado<\/p>\n<\/div><nav><ul class='ez-toc-list ez-toc-list-level-1 ' ><ul class='ez-toc-list-level-3' ><li class='ez-toc-heading-level-3'><a class=\"ez-toc-link ez-toc-heading-1\" href=\"https:\/\/med.estrategia.com\/portal\/noticias\/conheca-o-novo-pac-e-seus-impactos-na-saude-publica-brasileira\/#Inscreva-se-em-nossa-newsletter\" >Inscreva-se em nossa newsletter!<\/a><\/li><\/ul><\/li><li class='ez-toc-page-1 ez-toc-heading-level-2'><a class=\"ez-toc-link ez-toc-heading-2\" href=\"https:\/\/med.estrategia.com\/portal\/noticias\/conheca-o-novo-pac-e-seus-impactos-na-saude-publica-brasileira\/#Medidas-do-PAC-Saude\" >Medidas do PAC Sa&uacute;de<\/a><ul class='ez-toc-list-level-3' ><li class='ez-toc-heading-level-3'><a class=\"ez-toc-link ez-toc-heading-3\" href=\"https:\/\/med.estrategia.com\/portal\/noticias\/conheca-o-novo-pac-e-seus-impactos-na-saude-publica-brasileira\/#Primeira-etapa-do-PAC-da-Saude\" >Primeira etapa do PAC da Sa&uacute;de<\/a><\/li><\/ul><\/li><\/ul><\/nav><\/div>\n<h3 class=\"news\"><span class=\"ez-toc-section\" id=\"Inscreva-se-em-nossa-newsletter\"><\/span>Inscreva-se em nossa newsletter!<span class=\"ez-toc-section-end\"><\/span><\/h3>\n\t\t\t<p>Receba not\u00edcias sobre resid\u00eancia m\u00e9dica, revalida\u00e7\u00e3o de diplomas e concursos m\u00e9dicos, al\u00e9m de materiais de estudo gratuitos e informa\u00e7\u00f5es relevantes do mundo da Medicina.<\/p>\n\t\t<\/div>\n\t\t<div class=\"campos\">\n\t\t\t<div class=\"first_name labels\">\n\t\t\t\t<input type=\"text\" class=\"input_labels\" id=\"first_name\" name=\"Nome_Completo\" placeholder=\"Nome\" required \/>\n\t\t\t<\/div>\n\t\t\t<div class=\"email labels\">\n\t\t\t\t<input type=\"email\" class=\"input_labels\" id=\"email\" name=\"Email\" placeholder=\"E-mail\" required \/>\n\t\t\t<\/div>\n\t\t\t<button type=\"submit\" class=\"button_layout\">\n\t\t\t\t<div id=\"lblBotao\">Inscreva-se<\/div>\n\t\t\t\t<span id=\"divSpiner\" class=\"loader\" role=\"status\" style=\"display: none;\"><\/span>\t\n\t\t\t<\/button>\n\t\t<\/div><!-- \/campos -->\n\t\t\n\t\t<label class=\"container_checkbox\">Voc\u00ea concorda com a nossa\n\t\t\t<a class=\"politics_privacy_ahref\" target=\"_blank\" href=\"https:\/\/gratis.estrategiaconcursos.com.br\/politica-de-privacidade\/\">Pol\u00edtica de Privacidade<\/a> e aceita receber informa\u00e7\u00f5es adicionais do Estrat\u00e9gia Educacional.\n\t\t\t<input id=\"checkbox_layout\" type=\"checkbox\" checked=\"checked\" required \/>\n\t\t\t<span class=\"checkbox\"><\/span>\n\t\t<\/label>\n\t\t<div id=\"msg\"><\/div>\n\t\t<div id=\"error\" class=\"error\">\n\t\t<\/div>\n\t<\/form>\n<\/div><!-- \/new-form -->\n\n\n\n<\/p><h2 class=\"wp-block-heading\" id=\"h-medidas-do-pac-saude\"><span class=\"ez-toc-section\" id=\"Medidas-do-PAC-Saude\"><\/span>Medidas do PAC Sa&uacute;de<span class=\"ez-toc-section-end\"><\/span><\/h2><p>Na rede de <strong>aten&ccedil;&atilde;o especializada<\/strong>, o programa investe na <strong>constru&ccedil;&atilde;o de novas policl&iacute;nicas<\/strong>, <strong>maternidades<\/strong>, <strong>hospitais<\/strong>, <strong>centros especializados<\/strong>, <strong>oficinas ortop&eacute;dicas<\/strong>, <strong>ambul&acirc;ncias<\/strong> e <strong>centrais de regula&ccedil;&atilde;o<\/strong>. Destaca-se ainda a inova&ccedil;&atilde;o do programa ao promover o desenvolvimento em ci&ecirc;ncia, tecnologia e sa&uacute;de, fortalecendo a capacidade do Brasil em lidar com emerg&ecirc;ncias sanit&aacute;rias e garantir um atendimento eficiente pelo SUS.<\/p><p>Para enfrentar as defici&ecirc;ncias estruturais na sa&uacute;de, o PAC busca ampliar a oferta de <strong>leitos hospitalares<\/strong> e melhorar o <strong>acesso &agrave; sa&uacute;de bucal<\/strong>. O Brasil atualmente possui <strong>2,13 leitos por mil habitantes<\/strong>, abaixo da <strong>recomenda&ccedil;&atilde;o da Organiza&ccedil;&atilde;o Mundial da Sa&uacute;de (OMS) de 3 leitos por mil habitantes<\/strong>. Para mitigar essa lacuna, est&atilde;o sendo implementados novos hospitais estaduais. Al&eacute;m disso, medidas est&atilde;o sendo tomadas para distribuir <strong>unidades odontol&oacute;gicas avan&ccedil;adas<\/strong> em &aacute;reas remotas e rurais, beneficiando aproximadamente 1,2 milh&atilde;o de pessoas.<\/p><p>De acordo com diagn&oacute;sticos do Minist&eacute;rio da Sa&uacute;de, a taxa de <strong>mortalidade materna<\/strong> <strong>aumentou em 105% no Brasil<\/strong> <strong>entre 2019 e 2021<\/strong>, por essa raz&atilde;o, a implementa&ccedil;&atilde;o da <strong>Nova Rede Cegonha<\/strong>, um modelo abrangente de assist&ecirc;ncia &agrave; maternidade, &eacute; uma das principais prioridades do plano plurianual.<\/p><p>O PAC Sa&uacute;de marca um avan&ccedil;o significativo na <strong>amplia&ccedil;&atilde;o do atendimento &agrave; popula&ccedil;&atilde;o atrav&eacute;s do SUS<\/strong>. Nos pr&oacute;ximos anos, ele possibilitar&aacute; a <strong>universaliza&ccedil;&atilde;o dos servi&ccedil;os essenciais na rede p&uacute;blica<\/strong>, juntamente com a retomada dos investimentos em pol&iacute;ticas p&uacute;blicas, com destaque para melhorias na <strong>infraestrutura econ&ocirc;mica<\/strong>, <strong>social<\/strong> e <strong>urbana<\/strong> por meio desta atualiza&ccedil;&atilde;o do programa.<br>O investimento total at&eacute; o momento da publica&ccedil;&atilde;o deste texto &eacute; de <strong>R$ 11,6 bilh&otilde;es investidos<\/strong> em <strong>2.762 propostas selecionadas<\/strong>, al&eacute;m de <strong>6.510 propostas habilitadas<\/strong>, mas n&atilde;o executadas. Confira abaixo os <strong>resultados de cada eixo da sa&uacute;de<\/strong> em uma rela&ccedil;&atilde;o entre <strong>entrega prevista<\/strong>, <strong>investimento<\/strong> e <strong>impacto<\/strong>.<\/p><p>\n\n\n\n<div id=\"carrossel-1-1\" class=\"single-carrossel\"><div class=\"slide\"><img decoding=\"async\" src=\"https:\/\/med.estrategia.com\/portal\/wp-content\/uploads\/2024\/04\/1-5.jpg\" alt=\"\" \/><p class=\"slide-caption\">Os crit\u00e9rios priorit\u00e1rios para a sele\u00e7\u00e3o foram: menor percentual de cobertura do SAMU 192 na Macrorregi\u00e3o de Sa\u00fade e elevado tempo-resposta na regi\u00e3o de cobertura da Central de Regula\u00e7\u00e3o.<\/p><\/div><div class=\"slide\"><img decoding=\"async\" src=\"https:\/\/med.estrategia.com\/portal\/wp-content\/uploads\/2024\/04\/2-4.jpg\" alt=\"\" \/><p class=\"slide-caption\">Os crit\u00e9rios de sele\u00e7\u00e3o levaram em conta as Macrorregi\u00f5es de Sa\u00fade sem cobertura de SAMU 192 e o menor percentual de cobertura do SAMU 192 na Regi\u00e3o de Sa\u00fade.<\/p><\/div><div class=\"slide\"><img decoding=\"async\" src=\"https:\/\/med.estrategia.com\/portal\/wp-content\/uploads\/2024\/04\/3-4.jpg\" alt=\"\" \/><p class=\"slide-caption\">Os crit\u00e9rios de sele\u00e7\u00e3o foram: vazio assistencial absoluto (munic\u00edpios sem CAPS); baixa cobertura e menor taxa de cobertura; propostas de CAPS de funcionamento 24h (acolhimento noturno); pedidos de CAPS II ou de CAPS ad \u00c1lcool e Drogas; e localidades com vulnerabilidade socioecon\u00f4mica.<\/p><\/div><div class=\"slide\"><img decoding=\"async\" src=\"https:\/\/med.estrategia.com\/portal\/wp-content\/uploads\/2024\/04\/4-3.jpg\" alt=\"\" \/><p class=\"slide-caption\">O principal crit\u00e9rio de sele\u00e7\u00e3o foi atender regi\u00f5es com vazio total de CER. Tamb\u00e9m foram considerados: maior demanda populacional, maior vulnerabilidade e o tipo de Centro proposto. Nesse sentido, foram priorizados os maiores.<\/p><\/div><div class=\"slide\"><img decoding=\"async\" src=\"https:\/\/med.estrategia.com\/portal\/wp-content\/uploads\/2024\/04\/5.jpg\" alt=\"\" \/><p class=\"slide-caption\">Os crit\u00e9rios de sele\u00e7\u00e3o foram: maiores \u00edndices de mortalidade materna e de vulnerabilidade socioecon\u00f4mica da Macrorregi\u00e3o de Sa\u00fade; possuir maternidade de refer\u00eancia na Macrorregi\u00e3o de Sa\u00fade; e ades\u00e3o ao projeto arquitet\u00f4nico padr\u00e3o. Foram crit\u00e9rios de prioriza\u00e7\u00e3o: propostas de estados (munic\u00edpio sede) ou munic\u00edpios com mais de 50 mil habitantes; e cidades com habitantes ou mais de 400 nascidos vivos no ano de 2022; e n\u00famero de nascidos vivos pretos, pardos e ind\u00edgenas das Macrorregi\u00f5es de Sa\u00fade em 2022.<\/p><\/div><div class=\"slide\"><img decoding=\"async\" src=\"https:\/\/med.estrategia.com\/portal\/wp-content\/uploads\/2024\/04\/6.jpg\" alt=\"\" \/><p class=\"slide-caption\">A sele\u00e7\u00e3o de propostas priorizou locais com maiores \u00edndices de mortalidade materna, de vulnerabilidade socioecon\u00f4mica e de nascidos vivos pretos, pardos e ind\u00edgenas da Macrorregi\u00e3o de Sa\u00fade; proporcionalidade regional, a fim de evitar concentra\u00e7\u00e3o dos entes federados selecionados; ades\u00e3o ao projeto arquitet\u00f4nico padr\u00e3o; proposta oriunda de estados (munic\u00edpio sede) ou de munic\u00edpios com mais de 90 mil habitantes; e cidades com habitantes ou mais de 4500 nascidos vivos no ano de 2022. Al\u00e9m disso, a distribui\u00e7\u00e3o de Maternidades seguiu a tend\u00eancia das propostas, atendendo mais o Norte e o Nordeste, regi\u00f5es que enviaram mais propostas para a modalidade.<\/p><\/div><div class=\"slide\"><img decoding=\"async\" src=\"https:\/\/med.estrategia.com\/portal\/wp-content\/uploads\/2024\/04\/7.jpg\" alt=\"\" \/><p class=\"slide-caption\">Os crit\u00e9rios priorit\u00e1rios para a sele\u00e7\u00e3o foram: proposta com alcance regional ou macrorregional; maior vulnerabilidade socioecon\u00f4mica; vazios assistenciais de policl\u00ednicas; e ades\u00e3o ao projeto arquitet\u00f4nico padr\u00e3o.\n<\/p><\/div><div class=\"slide\"><img decoding=\"async\" src=\"https:\/\/med.estrategia.com\/portal\/wp-content\/uploads\/2024\/04\/8.jpg\" alt=\"\" \/><p class=\"slide-caption\">O crit\u00e9rio priorit\u00e1rio de sele\u00e7\u00e3o foi atender munic\u00edpios da Regi\u00e3o de Sa\u00fade e de estados com vazio total dos servi\u00e7os.<\/p><\/div><div class=\"slide\"><img decoding=\"async\" src=\"https:\/\/med.estrategia.com\/portal\/wp-content\/uploads\/2024\/04\/9-1.jpg\" alt=\"\" \/><p class=\"slide-caption\">Os crit\u00e9rios de sele\u00e7\u00e3o, sem considerar ordem de import\u00e2ncia entre eles, foram: maior vulnerabilidade socioecon\u00f4mica do munic\u00edpio; maiores vazios assistenciais na Aten\u00e7\u00e3o Prim\u00e1ria; baixos \u00edndices de cobertura de Estrat\u00e9gia de Sa\u00fade da Fam\u00edlia; e ades\u00e3o ao projeto arquitet\u00f4nico de refer\u00eancia do Minist\u00e9rio da Sa\u00fade.<\/p><\/div><div class=\"slide\"><img decoding=\"async\" src=\"https:\/\/med.estrategia.com\/portal\/wp-content\/uploads\/2024\/04\/10.jpg\" alt=\"\" \/><p class=\"slide-caption\">A sele\u00e7\u00e3o foi feita a partir de dois crit\u00e9rios. Sob o par\u00e2metro de vulnerabilidade, foram selecionados 240 munic\u00edpios, representando 60% do total. E sob o crit\u00e9rio de \u00e1rea territorial, foram selecionados 160 munic\u00edpios, representando os 40% restantes. <\/p><\/div><\/div>\n\n\n\n<\/p><h3 class=\"wp-block-heading\"><span class=\"ez-toc-section\" id=\"Primeira-etapa-do-PAC-da-Saude\"><\/span>Primeira etapa do PAC da Sa&uacute;de<span class=\"ez-toc-section-end\"><\/span><\/h3><p>A primeira etapa do PAC da Sa&uacute;de tem como objetivo construir <strong>1,8 mil Unidades B&aacute;sicas de Sa&uacute;de (UBS)<\/strong>, expandindo o acesso aos servi&ccedil;os de sa&uacute;de para mais de <strong>1,5 mil munic&iacute;pios brasileiros<\/strong>. Como resultado, haver&aacute; um aumento significativo no acesso aos servi&ccedil;os de <strong>Aten&ccedil;&atilde;o Prim&aacute;ria do SUS<\/strong>, beneficiando cerca de <strong>8,6 milh&otilde;es de pessoas <\/strong>em <strong>26 estados do Brasil<\/strong>.<\/p><p>Al&eacute;m disso, essa iniciativa permitir&aacute; a <strong>expans&atilde;o do n&uacute;mero de equipes<\/strong> de <strong>Sa&uacute;de da Fam&iacute;lia (eSF)<\/strong>, <strong>Sa&uacute;de Bucal (eSB)<\/strong>, <strong>Multiprofissionais (eMulti)<\/strong> e <strong>Agentes Comunit&aacute;rios de Sa&uacute;de (ACS)<\/strong>. O investimento total para essas melhorias &eacute; de R$4,2 bilh&otilde;es, sendo que o custo de cada unidade varia entre R$1,8 e R$6,6 milh&otilde;es, dependendo do seu tamanho.<\/p><p>Das dez modalidades de equipamentos e obras oferecidas pelo Novo PAC Sa&uacute;de, <strong>a solicita&ccedil;&atilde;o de novas UBS foi a mais requisitada pelos estados e munic&iacute;pios<\/strong>, totalizando 5.665 propostas referentes a 3.001 &aacute;reas territoriais.<\/p><p>Os crit&eacute;rios de sele&ccedil;&atilde;o priorizaram <strong>munic&iacute;pios com maior vulnerabilidade socioecon&ocirc;mica<\/strong>, &aacute;reas com <strong>car&ecirc;ncia de servi&ccedil;os de Aten&ccedil;&atilde;o Prim&aacute;ria<\/strong>, locais com <strong>baixos &iacute;ndices de cobertura da Estrat&eacute;gia de Sa&uacute;de da Fam&iacute;lia<\/strong> e ades&atilde;o ao projeto arquitet&ocirc;nico padr&atilde;o estabelecido.<\/p><p>Por fim, se voc&ecirc; quer ficar por dentro de mais conte&uacute;dos relevantes sobre a &aacute;rea m&eacute;dica, continue acompanhando o material preparado pelo <a href=\"https:\/\/med.estrategia.com\/portal\/\" target=\"_blank\">Portal de Not&iacute;cias do Estrat&eacute;gia MED<\/a>. Aqui, voc&ecirc; encontrar&aacute; informa&ccedil;&otilde;es atualizadas sobre resid&ecirc;ncias, carreira m&eacute;dica e muito mais.<\/p><p>\n\n\n\n\n\n\n<\/p><\/p>\n","protected":false},"excerpt":{"rendered":"O Novo PAC assegura recursos para reduzir as lacunas na assist\u00eancia, chegando \u00e0s popula\u00e7\u00f5es anteriormente desatendidas, por meio da amplia\u00e7\u00e3o da cobertura dos servi\u00e7os do SUS\n","protected":false},"author":52,"featured_media":61101,"comment_status":"closed","ping_status":"closed","sticky":false,"template":"","format":"standard","meta":{"wl_entities_gutenberg":"","footnotes":""},"categories":[300],"tags":[814],"wl_entity_type":[199],"class_list":{"0":"post-61031","1":"post","2":"type-post","3":"status-publish","4":"format-standard","5":"has-post-thumbnail","7":"category-noticias","8":"tag-novo-pac-saude","9":"wl_entity_type-article"},"acf":[],"yoast_head":"<!-- This site is optimized with the Yoast SEO Premium plugin v26.6 (Yoast SEO v26.6) - https:\/\/yoast.com\/wordpress\/plugins\/seo\/ -->\n<title>Conhe\u00e7a o Novo PAC e seus impactos na sa\u00fade p\u00fablica brasileira<\/title>\n<meta name=\"description\" content=\"O Novo Programa de Acelera\u00e7\u00e3o ao Crescimento (PAC) Sa\u00fade, institu\u00eddo em 9 de outubro de 2023 atrav\u00e9s da Portaria GM\/MS N\u00ba 1.517, traz consigo um conjunto de medidas para fortalecer o sistema de sa\u00fade brasileiro. O Minist\u00e9rio da Sa\u00fade ir\u00e1 investir R$ 31 bilh\u00f5es at\u00e9 2026 para viabilizar a universaliza\u00e7\u00e3o de servi\u00e7os essenciais na rede p\u00fablica. Os investimentos est\u00e3o distribu\u00eddos em 5 eixos: Aten\u00e7\u00e3o Prim\u00e1ria, Aten\u00e7\u00e3o Especializada, Prepara\u00e7\u00e3o para Emerg\u00eancias em Sa\u00fade, Complexo Econ\u00f4mico-industrial da Sa\u00fade e Telessa\u00fade.\" \/>\n<meta name=\"robots\" content=\"index, follow, max-snippet:-1, max-image-preview:large, max-video-preview:-1\" \/>\n<link rel=\"canonical\" href=\"https:\/\/med.estrategia.com\/portal\/noticias\/conheca-o-novo-pac-e-seus-impactos-na-saude-publica-brasileira\/\" \/>\n<meta property=\"og:locale\" content=\"pt_BR\" \/>\n<meta property=\"og:type\" content=\"article\" \/>\n<meta property=\"og:title\" content=\"Conhe\u00e7a o Novo PAC e seus impactos na sa\u00fade p\u00fablica brasileira\" \/>\n<meta property=\"og:description\" content=\"O Novo Programa de Acelera\u00e7\u00e3o ao Crescimento (PAC) Sa\u00fade, institu\u00eddo em 9 de outubro de 2023 atrav\u00e9s da Portaria GM\/MS N\u00ba 1.517, traz consigo um conjunto de medidas para fortalecer o sistema de sa\u00fade brasileiro. O Minist\u00e9rio da Sa\u00fade ir\u00e1 investir R$ 31 bilh\u00f5es at\u00e9 2026 para viabilizar a universaliza\u00e7\u00e3o de servi\u00e7os essenciais na rede p\u00fablica. Os investimentos est\u00e3o distribu\u00eddos em 5 eixos: Aten\u00e7\u00e3o Prim\u00e1ria, Aten\u00e7\u00e3o Especializada, Prepara\u00e7\u00e3o para Emerg\u00eancias em Sa\u00fade, Complexo Econ\u00f4mico-industrial da Sa\u00fade e Telessa\u00fade.\" \/>\n<meta property=\"og:url\" content=\"https:\/\/med.estrategia.com\/portal\/noticias\/conheca-o-novo-pac-e-seus-impactos-na-saude-publica-brasileira\/\" \/>\n<meta property=\"og:site_name\" content=\"Estrat\u00e9gia MED\" \/>\n<meta property=\"article:publisher\" content=\"https:\/\/www.facebook.com\/estrategiamed1\" \/>\n<meta property=\"article:published_time\" content=\"2024-04-06T11:00:00+00:00\" \/>\n<meta property=\"og:image\" content=\"https:\/\/med.estrategia.com\/portal\/wp-content\/uploads\/2024\/04\/novo-pac-saude.jpg\" \/>\n\t<meta property=\"og:image:width\" content=\"1920\" \/>\n\t<meta property=\"og:image:height\" content=\"1080\" \/>\n\t<meta property=\"og:image:type\" content=\"image\/jpeg\" \/>\n<meta name=\"author\" content=\"Arion Wolff\" \/>\n<meta name=\"twitter:card\" content=\"summary_large_image\" \/>\n<meta name=\"twitter:creator\" content=\"@estrategiamed_\" \/>\n<meta name=\"twitter:site\" content=\"@estrategiamed_\" \/>\n<meta name=\"twitter:label1\" content=\"Escrito por\" \/>\n\t<meta name=\"twitter:data1\" content=\"Arion Wolff\" \/>\n\t<meta name=\"twitter:label2\" content=\"Est. tempo de leitura\" \/>\n\t<meta name=\"twitter:data2\" content=\"4 minutos\" \/>\n<script type=\"application\/ld+json\" class=\"yoast-schema-graph\">{\"@context\":\"https:\/\/schema.org\",\"@graph\":[{\"@type\":\"WebPage\",\"@id\":\"https:\/\/med.estrategia.com\/portal\/noticias\/conheca-o-novo-pac-e-seus-impactos-na-saude-publica-brasileira\/\",\"url\":\"https:\/\/med.estrategia.com\/portal\/noticias\/conheca-o-novo-pac-e-seus-impactos-na-saude-publica-brasileira\/\",\"name\":\"Conhe\u00e7a o Novo PAC e seus impactos na sa\u00fade p\u00fablica brasileira\",\"isPartOf\":{\"@id\":\"https:\/\/med.estrategia.com\/portal\/#website\"},\"primaryImageOfPage\":{\"@id\":\"https:\/\/med.estrategia.com\/portal\/noticias\/conheca-o-novo-pac-e-seus-impactos-na-saude-publica-brasileira\/#primaryimage\"},\"image\":{\"@id\":\"https:\/\/med.estrategia.com\/portal\/noticias\/conheca-o-novo-pac-e-seus-impactos-na-saude-publica-brasileira\/#primaryimage\"},\"thumbnailUrl\":\"https:\/\/med.estrategia.com\/portal\/wp-content\/uploads\/2024\/04\/novo-pac-saude.jpg\",\"datePublished\":\"2024-04-06T11:00:00+00:00\",\"author\":{\"@id\":\"https:\/\/med.estrategia.com\/portal\/#\/schema\/person\/b6aba49604868a427dd15c3b1fc6a8bc\"},\"description\":\"O Novo Programa de Acelera\u00e7\u00e3o ao Crescimento (PAC) Sa\u00fade, institu\u00eddo em 9 de outubro de 2023 atrav\u00e9s da Portaria GM\/MS N\u00ba 1.517, traz consigo um conjunto de medidas para fortalecer o sistema de sa\u00fade brasileiro. O Minist\u00e9rio da Sa\u00fade ir\u00e1 investir R$ 31 bilh\u00f5es at\u00e9 2026 para viabilizar a universaliza\u00e7\u00e3o de servi\u00e7os essenciais na rede p\u00fablica. Os investimentos est\u00e3o distribu\u00eddos em 5 eixos: Aten\u00e7\u00e3o Prim\u00e1ria, Aten\u00e7\u00e3o Especializada, Prepara\u00e7\u00e3o para Emerg\u00eancias em Sa\u00fade, Complexo Econ\u00f4mico-industrial da Sa\u00fade e Telessa\u00fade.\",\"breadcrumb\":{\"@id\":\"https:\/\/med.estrategia.com\/portal\/noticias\/conheca-o-novo-pac-e-seus-impactos-na-saude-publica-brasileira\/#breadcrumb\"},\"inLanguage\":\"pt-BR\",\"potentialAction\":[{\"@type\":\"ReadAction\",\"target\":[\"https:\/\/med.estrategia.com\/portal\/noticias\/conheca-o-novo-pac-e-seus-impactos-na-saude-publica-brasileira\/\"]}]},{\"@type\":\"ImageObject\",\"inLanguage\":\"pt-BR\",\"@id\":\"https:\/\/med.estrategia.com\/portal\/noticias\/conheca-o-novo-pac-e-seus-impactos-na-saude-publica-brasileira\/#primaryimage\",\"url\":\"https:\/\/med.estrategia.com\/portal\/wp-content\/uploads\/2024\/04\/novo-pac-saude.jpg\",\"contentUrl\":\"https:\/\/med.estrategia.com\/portal\/wp-content\/uploads\/2024\/04\/novo-pac-saude.jpg\",\"width\":1920,\"height\":1080,\"caption\":\"Estrat\u00e9gia Med | Foto: Secretaria de Comunica\u00e7\u00e3o Social\"},{\"@type\":\"BreadcrumbList\",\"@id\":\"https:\/\/med.estrategia.com\/portal\/noticias\/conheca-o-novo-pac-e-seus-impactos-na-saude-publica-brasileira\/#breadcrumb\",\"itemListElement\":[{\"@type\":\"ListItem\",\"position\":1,\"name\":\"Home\",\"item\":\"https:\/\/med.estrategia.com\/portal\/\"},{\"@type\":\"ListItem\",\"position\":2,\"name\":\"Not\u00edcias\",\"item\":\"https:\/\/med.estrategia.com\/portal\/noticias\/\"},{\"@type\":\"ListItem\",\"position\":3,\"name\":\"Conhe\u00e7a o Novo PAC e seus impactos na sa\u00fade p\u00fablica brasileira\"}]},{\"@type\":\"WebSite\",\"@id\":\"https:\/\/med.estrategia.com\/portal\/#website\",\"url\":\"https:\/\/med.estrategia.com\/portal\/\",\"name\":\"Estrat\u00e9gia MED\",\"description\":\"\",\"potentialAction\":[{\"@type\":\"SearchAction\",\"target\":{\"@type\":\"EntryPoint\",\"urlTemplate\":\"https:\/\/med.estrategia.com\/portal\/?s={search_term_string}\"},\"query-input\":{\"@type\":\"PropertyValueSpecification\",\"valueRequired\":true,\"valueName\":\"search_term_string\"}}],\"inLanguage\":\"pt-BR\"},{\"@type\":\"Person\",\"@id\":\"https:\/\/med.estrategia.com\/portal\/#\/schema\/person\/b6aba49604868a427dd15c3b1fc6a8bc\",\"name\":\"Arion Wolff\",\"image\":{\"@type\":\"ImageObject\",\"inLanguage\":\"pt-BR\",\"@id\":\"https:\/\/med.estrategia.com\/portal\/#\/schema\/person\/image\/\",\"url\":\"https:\/\/med.estrategia.com\/portal\/wp-content\/uploads\/2023\/12\/arion-wolff-estrategia-med-150x150.jpg\",\"contentUrl\":\"https:\/\/med.estrategia.com\/portal\/wp-content\/uploads\/2023\/12\/arion-wolff-estrategia-med-150x150.jpg\",\"caption\":\"Arion Wolff\"},\"description\":\"Jornalista formado pela UNIFATEC e p\u00f3s-graduado em Jornalismo Digital pela UNINTER. Escrevo sobre medicina, resid\u00eancia m\u00e9dica e sa\u00fade. Entusiasta de filmes, livros, bons dramas e romances gen\u00e9ricos.\",\"sameAs\":[\"http:\/\/med.estrategia.com\"],\"url\":\"https:\/\/med.estrategia.com\/portal\/author\/arion-santos\/\"}]}<\/script>\n<!-- \/ Yoast SEO Premium plugin. -->","yoast_head_json":{"title":"Conhe\u00e7a o Novo PAC e seus impactos na sa\u00fade p\u00fablica brasileira","description":"O Novo Programa de Acelera\u00e7\u00e3o ao Crescimento (PAC) Sa\u00fade, institu\u00eddo em 9 de outubro de 2023 atrav\u00e9s da Portaria GM\/MS N\u00ba 1.517, traz consigo um conjunto de medidas para fortalecer o sistema de sa\u00fade brasileiro. O Minist\u00e9rio da Sa\u00fade ir\u00e1 investir R$ 31 bilh\u00f5es at\u00e9 2026 para viabilizar a universaliza\u00e7\u00e3o de servi\u00e7os essenciais na rede p\u00fablica. Os investimentos est\u00e3o distribu\u00eddos em 5 eixos: Aten\u00e7\u00e3o Prim\u00e1ria, Aten\u00e7\u00e3o Especializada, Prepara\u00e7\u00e3o para Emerg\u00eancias em Sa\u00fade, Complexo Econ\u00f4mico-industrial da Sa\u00fade e Telessa\u00fade.","robots":{"index":"index","follow":"follow","max-snippet":"max-snippet:-1","max-image-preview":"max-image-preview:large","max-video-preview":"max-video-preview:-1"},"canonical":"https:\/\/med.estrategia.com\/portal\/noticias\/conheca-o-novo-pac-e-seus-impactos-na-saude-publica-brasileira\/","og_locale":"pt_BR","og_type":"article","og_title":"Conhe\u00e7a o Novo PAC e seus impactos na sa\u00fade p\u00fablica brasileira","og_description":"O Novo Programa de Acelera\u00e7\u00e3o ao Crescimento (PAC) Sa\u00fade, institu\u00eddo em 9 de outubro de 2023 atrav\u00e9s da Portaria GM\/MS N\u00ba 1.517, traz consigo um conjunto de medidas para fortalecer o sistema de sa\u00fade brasileiro. O Minist\u00e9rio da Sa\u00fade ir\u00e1 investir R$ 31 bilh\u00f5es at\u00e9 2026 para viabilizar a universaliza\u00e7\u00e3o de servi\u00e7os essenciais na rede p\u00fablica. Os investimentos est\u00e3o distribu\u00eddos em 5 eixos: Aten\u00e7\u00e3o Prim\u00e1ria, Aten\u00e7\u00e3o Especializada, Prepara\u00e7\u00e3o para Emerg\u00eancias em Sa\u00fade, Complexo Econ\u00f4mico-industrial da Sa\u00fade e Telessa\u00fade.","og_url":"https:\/\/med.estrategia.com\/portal\/noticias\/conheca-o-novo-pac-e-seus-impactos-na-saude-publica-brasileira\/","og_site_name":"Estrat\u00e9gia MED","article_publisher":"https:\/\/www.facebook.com\/estrategiamed1","article_published_time":"2024-04-06T11:00:00+00:00","og_image":[{"width":1920,"height":1080,"url":"https:\/\/med.estrategia.com\/portal\/wp-content\/uploads\/2024\/04\/novo-pac-saude.jpg","type":"image\/jpeg"}],"author":"Arion Wolff","twitter_card":"summary_large_image","twitter_creator":"@estrategiamed_","twitter_site":"@estrategiamed_","twitter_misc":{"Escrito por":"Arion Wolff","Est. tempo de leitura":"4 minutos"},"schema":{"@context":"https:\/\/schema.org","@graph":[{"@type":"WebPage","@id":"https:\/\/med.estrategia.com\/portal\/noticias\/conheca-o-novo-pac-e-seus-impactos-na-saude-publica-brasileira\/","url":"https:\/\/med.estrategia.com\/portal\/noticias\/conheca-o-novo-pac-e-seus-impactos-na-saude-publica-brasileira\/","name":"Conhe\u00e7a o Novo PAC e seus impactos na sa\u00fade p\u00fablica brasileira","isPartOf":{"@id":"https:\/\/med.estrategia.com\/portal\/#website"},"primaryImageOfPage":{"@id":"https:\/\/med.estrategia.com\/portal\/noticias\/conheca-o-novo-pac-e-seus-impactos-na-saude-publica-brasileira\/#primaryimage"},"image":{"@id":"https:\/\/med.estrategia.com\/portal\/noticias\/conheca-o-novo-pac-e-seus-impactos-na-saude-publica-brasileira\/#primaryimage"},"thumbnailUrl":"https:\/\/med.estrategia.com\/portal\/wp-content\/uploads\/2024\/04\/novo-pac-saude.jpg","datePublished":"2024-04-06T11:00:00+00:00","author":{"@id":"https:\/\/med.estrategia.com\/portal\/#\/schema\/person\/b6aba49604868a427dd15c3b1fc6a8bc"},"description":"O Novo Programa de Acelera\u00e7\u00e3o ao Crescimento (PAC) Sa\u00fade, institu\u00eddo em 9 de outubro de 2023 atrav\u00e9s da Portaria GM\/MS N\u00ba 1.517, traz consigo um conjunto de medidas para fortalecer o sistema de sa\u00fade brasileiro. O Minist\u00e9rio da Sa\u00fade ir\u00e1 investir R$ 31 bilh\u00f5es at\u00e9 2026 para viabilizar a universaliza\u00e7\u00e3o de servi\u00e7os essenciais na rede p\u00fablica. Os investimentos est\u00e3o distribu\u00eddos em 5 eixos: Aten\u00e7\u00e3o Prim\u00e1ria, Aten\u00e7\u00e3o Especializada, Prepara\u00e7\u00e3o para Emerg\u00eancias em Sa\u00fade, Complexo Econ\u00f4mico-industrial da Sa\u00fade e Telessa\u00fade.","breadcrumb":{"@id":"https:\/\/med.estrategia.com\/portal\/noticias\/conheca-o-novo-pac-e-seus-impactos-na-saude-publica-brasileira\/#breadcrumb"},"inLanguage":"pt-BR","potentialAction":[{"@type":"ReadAction","target":["https:\/\/med.estrategia.com\/portal\/noticias\/conheca-o-novo-pac-e-seus-impactos-na-saude-publica-brasileira\/"]}]},{"@type":"ImageObject","inLanguage":"pt-BR","@id":"https:\/\/med.estrategia.com\/portal\/noticias\/conheca-o-novo-pac-e-seus-impactos-na-saude-publica-brasileira\/#primaryimage","url":"https:\/\/med.estrategia.com\/portal\/wp-content\/uploads\/2024\/04\/novo-pac-saude.jpg","contentUrl":"https:\/\/med.estrategia.com\/portal\/wp-content\/uploads\/2024\/04\/novo-pac-saude.jpg","width":1920,"height":1080,"caption":"Estrat\u00e9gia Med | Foto: Secretaria de Comunica\u00e7\u00e3o Social"},{"@type":"BreadcrumbList","@id":"https:\/\/med.estrategia.com\/portal\/noticias\/conheca-o-novo-pac-e-seus-impactos-na-saude-publica-brasileira\/#breadcrumb","itemListElement":[{"@type":"ListItem","position":1,"name":"Home","item":"https:\/\/med.estrategia.com\/portal\/"},{"@type":"ListItem","position":2,"name":"Not\u00edcias","item":"https:\/\/med.estrategia.com\/portal\/noticias\/"},{"@type":"ListItem","position":3,"name":"Conhe\u00e7a o Novo PAC e seus impactos na sa\u00fade p\u00fablica brasileira"}]},{"@type":"WebSite","@id":"https:\/\/med.estrategia.com\/portal\/#website","url":"https:\/\/med.estrategia.com\/portal\/","name":"Estrat\u00e9gia MED","description":"","potentialAction":[{"@type":"SearchAction","target":{"@type":"EntryPoint","urlTemplate":"https:\/\/med.estrategia.com\/portal\/?s={search_term_string}"},"query-input":{"@type":"PropertyValueSpecification","valueRequired":true,"valueName":"search_term_string"}}],"inLanguage":"pt-BR"},{"@type":"Person","@id":"https:\/\/med.estrategia.com\/portal\/#\/schema\/person\/b6aba49604868a427dd15c3b1fc6a8bc","name":"Arion Wolff","image":{"@type":"ImageObject","inLanguage":"pt-BR","@id":"https:\/\/med.estrategia.com\/portal\/#\/schema\/person\/image\/","url":"https:\/\/med.estrategia.com\/portal\/wp-content\/uploads\/2023\/12\/arion-wolff-estrategia-med-150x150.jpg","contentUrl":"https:\/\/med.estrategia.com\/portal\/wp-content\/uploads\/2023\/12\/arion-wolff-estrategia-med-150x150.jpg","caption":"Arion Wolff"},"description":"Jornalista formado pela UNIFATEC e p\u00f3s-graduado em Jornalismo Digital pela UNINTER. Escrevo sobre medicina, resid\u00eancia m\u00e9dica e sa\u00fade. Entusiasta de filmes, livros, bons dramas e romances gen\u00e9ricos.","sameAs":["http:\/\/med.estrategia.com"],"url":"https:\/\/med.estrategia.com\/portal\/author\/arion-santos\/"}]}},"_wl_alt_label":[],"wl:entity_url":"\/post\/conheca-o-novo-pac-e-seus-impactos-na-saude-publica-brasileira","_links":{"self":[{"href":"https:\/\/med.estrategia.com\/portal\/wp-json\/wp\/v2\/posts\/61031","targetHints":{"allow":["GET"]}}],"collection":[{"href":"https:\/\/med.estrategia.com\/portal\/wp-json\/wp\/v2\/posts"}],"about":[{"href":"https:\/\/med.estrategia.com\/portal\/wp-json\/wp\/v2\/types\/post"}],"author":[{"embeddable":true,"href":"https:\/\/med.estrategia.com\/portal\/wp-json\/wp\/v2\/users\/52"}],"replies":[{"embeddable":true,"href":"https:\/\/med.estrategia.com\/portal\/wp-json\/wp\/v2\/comments?post=61031"}],"version-history":[{"count":8,"href":"https:\/\/med.estrategia.com\/portal\/wp-json\/wp\/v2\/posts\/61031\/revisions"}],"predecessor-version":[{"id":61104,"href":"https:\/\/med.estrategia.com\/portal\/wp-json\/wp\/v2\/posts\/61031\/revisions\/61104"}],"wp:featuredmedia":[{"embeddable":true,"href":"https:\/\/med.estrategia.com\/portal\/wp-json\/wp\/v2\/media\/61101"}],"wp:attachment":[{"href":"https:\/\/med.estrategia.com\/portal\/wp-json\/wp\/v2\/media?parent=61031"}],"wp:term":[{"taxonomy":"category","embeddable":true,"href":"https:\/\/med.estrategia.com\/portal\/wp-json\/wp\/v2\/categories?post=61031"},{"taxonomy":"post_tag","embeddable":true,"href":"https:\/\/med.estrategia.com\/portal\/wp-json\/wp\/v2\/tags?post=61031"},{"taxonomy":"wl_entity_type","embeddable":true,"href":"https:\/\/med.estrategia.com\/portal\/wp-json\/wp\/v2\/wl_entity_type?post=61031"}],"curies":[{"name":"wp","href":"https:\/\/api.w.org\/{rel}","templated":true}]}}