{"id":61717,"date":"2024-04-16T15:08:15","date_gmt":"2024-04-16T18:08:15","guid":{"rendered":"https:\/\/med.estrategia.com\/portal\/?p=61717"},"modified":"2024-05-27T12:07:57","modified_gmt":"2024-05-27T15:07:57","slug":"instituido-o-comite-tecnico-interministerial-de-saude-da-populacao-negra","status":"publish","type":"post","link":"https:\/\/med.estrategia.com\/portal\/noticias\/instituido-o-comite-tecnico-interministerial-de-saude-da-populacao-negra\/","title":{"rendered":"Institu\u00eddo o Comit\u00ea T\u00e9cnico Interministerial de Sa\u00fade da Popula\u00e7\u00e3o Negra"},"content":{"rendered":"<p>Foi divulgado hoje (16) por meio do Di&aacute;rio Oficial da Uni&atilde;o o decreto assinado pelo Presidente da Rep&uacute;blica que estabelece a cria&ccedil;&atilde;o do <strong>Comit&ecirc; T&eacute;cnico Interministerial de Sa&uacute;de da Popula&ccedil;&atilde;o Negra (CTSPN)<\/strong>. O comit&ecirc; tem o intuito de monitorar e avaliar a implementa&ccedil;&atilde;o da Pol&iacute;tica Nacional de Sa&uacute;de Integral da Popula&ccedil;&atilde;o Negra (PNSIPN). Confira o documento oficial:<div class=\"wp-block-buttons is-content-justification-center is-layout-flex wp-container-core-buttons-is-layout-1 wp-block-buttons-is-layout-flex\">\n<div class=\"wp-block-button\"><a class=\"wp-block-button__link wp-element-button\" href=\"https:\/\/med.estrategia.com\/portal\/wp-content\/uploads\/2024\/04\/DECRETO-No-11.996-DE-15-DE-ABRIL-DE-2024-DECRETO-No-11.996-DE-15-DE-ABRIL-DE-2024-DOU-Imprensa-Nacional.pdf\" target=\"_blank\">Decreto n&ordm; 11.996, de 15 de abril de 2024<\/a><\/div>\n<\/div><p>O decreto &eacute; firmado para promover <strong>pol&iacute;ticas de sa&uacute;de que contemplem a diversidade &eacute;tnico-racial do pa&iacute;s<\/strong>, buscando garantir o acesso equitativo e a qualidade nos servi&ccedil;os de sa&uacute;de para a popula&ccedil;&atilde;o negra.<\/p><p>\n\n\n<div id=\"new-form\">\n\t<form id=\"forms_layout\">\n\t<input type=\"hidden\" id=\"chave_de\" name=\"chave_de\" value=\"01_EMED_LEADS_TOTAIS\" \/>\n\t\t<input type=\"hidden\" id=\"mid\" name=\"mid\" value=\"515009018\" \/>\n\t\t<input type=\"hidden\" id=\"Objetivo\" name=\"Objetivo\" value=\"Medicina\" \/>\n\t\t<input type=\"hidden\" id=\"Estado_de_Origem_do_IP\" name=\"Estado_de_Origem_do_IP\"  value=\"\" \/>\n\t\t<input type=\"hidden\" id=\"Cidade_de_Origem_do_IP\" name=\"Cidade_de_Origem_do_IP\" value=\"\" \/>\n\t\t<input type=\"hidden\" id=\"Modo_de_entrada\" name=\"Modo_de_entrada\" value=\"Portal\" \/>\n\t\t<input type=\"hidden\" id=\"Pagina_Origem\" name=\"Pagina_Origem\" value=\"\" \/>\n\n\t\t<div class=\"texto\">\n\t\t\t<h3 class=\"news\">Inscreva-se em nossa newsletter!<\/h3>\n\t\t\t<p>Receba not\u00edcias sobre resid\u00eancia m\u00e9dica, revalida\u00e7\u00e3o de diplomas e concursos m\u00e9dicos, al\u00e9m de materiais de estudo gratuitos e informa\u00e7\u00f5es relevantes do mundo da Medicina.<\/p>\n\t\t<\/div>\n\t\t<div class=\"campos\">\n\t\t\t<div class=\"first_name labels\">\n\t\t\t\t<input type=\"text\" class=\"input_labels\" id=\"first_name\" name=\"Nome_Completo\" placeholder=\"Nome\" required \/>\n\t\t\t<\/div>\n\t\t\t<div class=\"email labels\">\n\t\t\t\t<input type=\"email\" class=\"input_labels\" id=\"email\" name=\"Email\" placeholder=\"E-mail\" required \/>\n\t\t\t<\/div>\n\t\t\t<button type=\"submit\" class=\"button_layout\">\n\t\t\t\t<div id=\"lblBotao\">Inscreva-se<\/div>\n\t\t\t\t<span id=\"divSpiner\" class=\"loader\" role=\"status\" style=\"display: none;\"><\/span>\t\n\t\t\t<\/button>\n\t\t<\/div><!-- \/campos -->\n\t\t\n\t\t<label class=\"container_checkbox\">Voc\u00ea concorda com a nossa\n\t\t\t<a class=\"politics_privacy_ahref\" target=\"_blank\" href=\"https:\/\/gratis.estrategiaconcursos.com.br\/politica-de-privacidade\/\">Pol\u00edtica de Privacidade<\/a> e aceita receber informa\u00e7\u00f5es adicionais do Estrat\u00e9gia Educacional.\n\t\t\t<input id=\"checkbox_layout\" type=\"checkbox\" checked=\"checked\" required \/>\n\t\t\t<span class=\"checkbox\"><\/span>\n\t\t<\/label>\n\t\t<div id=\"msg\"><\/div>\n\t\t<div id=\"error\" class=\"error\">\n\t\t<\/div>\n\t<\/form>\n<\/div><!-- \/new-form -->\n\n\n\n<\/p><div id=\"ez-toc-container\" class=\"ez-toc-v2_0_79_2 counter-hierarchy ez-toc-counter ez-toc-transparent ez-toc-container-direction\">\n<div class=\"ez-toc-title-container\"><p class=\"ez-toc-title\" style=\"cursor:inherit\">Navegue pelo conte\u00fado<\/p>\n<\/div><nav><ul class='ez-toc-list ez-toc-list-level-1 ' ><li class='ez-toc-page-1 ez-toc-heading-level-2'><a class=\"ez-toc-link ez-toc-heading-1\" href=\"https:\/\/med.estrategia.com\/portal\/noticias\/instituido-o-comite-tecnico-interministerial-de-saude-da-populacao-negra\/#Principais-acoes-previstas-para-o-comite\" >Principais a&ccedil;&otilde;es previstas para o comit&ecirc;<\/a><\/li><li class='ez-toc-page-1 ez-toc-heading-level-2'><a class=\"ez-toc-link ez-toc-heading-2\" href=\"https:\/\/med.estrategia.com\/portal\/noticias\/instituido-o-comite-tecnico-interministerial-de-saude-da-populacao-negra\/#Composicao-do-comite\" >Composi&ccedil;&atilde;o do comit&ecirc;<\/a><\/li><li class='ez-toc-page-1 ez-toc-heading-level-2'><a class=\"ez-toc-link ez-toc-heading-3\" href=\"https:\/\/med.estrategia.com\/portal\/noticias\/instituido-o-comite-tecnico-interministerial-de-saude-da-populacao-negra\/#Boletim-Epidemiologico-de-Saude-da-Populacao-Negra\" >Boletim Epidemiol&oacute;gico de Sa&uacute;de da Popula&ccedil;&atilde;o Negra<\/a><\/li><\/ul><\/nav><\/div>\n<h2 class=\"wp-block-heading\" id=\"h-principais-acoes-previstas-para-o-comite\"><span class=\"ez-toc-section\" id=\"Principais-acoes-previstas-para-o-comite\"><\/span>Principais a&ccedil;&otilde;es previstas para o comit&ecirc;<span class=\"ez-toc-section-end\"><\/span><\/h2><p>O CTSPN &eacute; de car&aacute;ter permanente e, de acordo com o documento, tem como responsabilidades:<\/p><ul class=\"wp-block-list\">\n<li><strong>fomentar a equidade racial na &aacute;rea da sa&uacute;de<\/strong> por meio de a&ccedil;&otilde;es de preven&ccedil;&atilde;o, de promo&ccedil;&atilde;o e de aten&ccedil;&atilde;o &agrave; sa&uacute;de, de acordo com as pol&iacute;ticas nacionais de sa&uacute;de e com os princ&iacute;pios e as diretrizes do Sistema &Uacute;nico de Sa&uacute;de;<\/li>\n\n\n\n<li>estabelecer <strong>diretrizes para a elabora&ccedil;&atilde;o de plano de a&ccedil;&atilde;o para o fortalecimento da PNSIPN<\/strong>, com vistas a garantir equidade racial nas a&ccedil;&otilde;es de sa&uacute;de em todas as fases da vida;<\/li>\n\n\n\n<li><strong>monitorar e avaliar pol&iacute;ticas, a&ccedil;&otilde;es e estrat&eacute;gias <\/strong>realizadas no &acirc;mbito da PNSIPN;<\/li>\n\n\n\n<li>propor crit&eacute;rios para <strong>a&ccedil;&otilde;es que visem &agrave; promo&ccedil;&atilde;o da equidade racial<\/strong> e ao enfrentamento do racismo nos diferentes n&iacute;veis de aten&ccedil;&atilde;o &agrave; sa&uacute;de do SUS;<\/li>\n\n\n\n<li>reunir <strong>subs&iacute;dios t&eacute;cnicos sobre sa&uacute;de da popula&ccedil;&atilde;o negra<\/strong> para apoiar a elabora&ccedil;&atilde;o e a implementa&ccedil;&atilde;o do Plano Nacional de Sa&uacute;de, do Plano Plurianual e do Plano Operativo, dentre outros instrumentos de gest&atilde;o governamental;<\/li>\n\n\n\n<li>propor <strong>estrat&eacute;gias de interven&ccedil;&atilde;o intergovernamental, com foco na redu&ccedil;&atilde;o das iniquidades &eacute;tnico-raciais<\/strong> e no enfrentamento do racismo institucional na sa&uacute;de;<\/li>\n\n\n\n<li>fomentar a <strong>forma&ccedil;&atilde;o e a educa&ccedil;&atilde;o permanente dos trabalhadores do SUS <\/strong>segundo os princ&iacute;pios e as diretrizes da PNSIPN para garantir a presta&ccedil;&atilde;o de aten&ccedil;&atilde;o &agrave; sa&uacute;de qualificada e humanizada &agrave; popula&ccedil;&atilde;o negra;<\/li>\n\n\n\n<li>entre outras atividades.<\/li>\n<\/ul><p>Assim, a equipe entra com a responsabilidade primordial de <strong>fomentar a equidade racial na &aacute;rea da sa&uacute;de<\/strong>, promovendo a&ccedil;&otilde;es de preven&ccedil;&atilde;o, promo&ccedil;&atilde;o e aten&ccedil;&atilde;o &agrave; sa&uacute;de em conson&acirc;ncia com as pol&iacute;ticas nacionais de sa&uacute;de e os princ&iacute;pios do Sistema &Uacute;nico de Sa&uacute;de (SUS), visando &agrave; presta&ccedil;&atilde;o de um <strong>atendimento qualificado e humanizado <\/strong>dentro do sistema de sa&uacute;de brasileiro.<\/p><h2 class=\"wp-block-heading\" id=\"h-composicao-do-comite\"><span class=\"ez-toc-section\" id=\"Composicao-do-comite\"><\/span>Composi&ccedil;&atilde;o do comit&ecirc;<span class=\"ez-toc-section-end\"><\/span><\/h2><p>O CTSPN ser&aacute; composto por <strong>representantes de &oacute;rg&atilde;os governamentais<\/strong>,<strong> conselhos de sa&uacute;de, entidades relacionadas &agrave; igualdade racial e organiza&ccedil;&otilde;es da sociedade civil<\/strong>, assegurando a<strong> participa&ccedil;&atilde;o social em suas delibera&ccedil;&otilde;es<\/strong>. Ademais, poder&aacute; convidar <strong>especialistas e representantes de &oacute;rg&atilde;os p&uacute;blicos e privados<\/strong> para contribuir em suas atividades.<\/p><p>As reuni&otilde;es do comit&ecirc; ocorrer&atilde;o periodicamente, com a Secretaria-Executiva a cargo do Minist&eacute;rio da Sa&uacute;de. Vale ressaltar que a participa&ccedil;&atilde;o no CTSPN ser&aacute; considerada <strong>presta&ccedil;&atilde;o de servi&ccedil;o p&uacute;blico relevante e n&atilde;o remunerada<\/strong>.&nbsp;<\/p><h2 class=\"wp-block-heading\" id=\"h-boletim-epidemiologico-de-saude-da-populacao-negra\"><span class=\"ez-toc-section\" id=\"Boletim-Epidemiologico-de-Saude-da-Populacao-Negra\"><\/span>Boletim Epidemiol&oacute;gico de Sa&uacute;de da Popula&ccedil;&atilde;o Negra<span class=\"ez-toc-section-end\"><\/span><\/h2><p>Um atendimento qualificado e humanizado dentro do SUS para a popula&ccedil;&atilde;o negra, como preconiza o novo comit&ecirc;, faz-se essencial se consultado o panorama da sa&uacute;de desta popula&ccedil;&atilde;o. Divulgado no Boletim Epidemiol&oacute;gico de Sa&uacute;de da Popula&ccedil;&atilde;o Negra, o panorama,&nbsp; lan&ccedil;ado em outubro de 2023, revela<strong> disparidades significativas entre diferentes grupos &eacute;tnicos no Brasil<\/strong>, com um <strong>impacto desproporcional sobre a popula&ccedil;&atilde;o negra<\/strong>. Confira os dois volumes do documento oficial:<\/p><div class=\"wp-block-buttons is-content-justification-center is-layout-flex wp-container-core-buttons-is-layout-2 wp-block-buttons-is-layout-flex\">\n<div class=\"wp-block-button\"><a class=\"wp-block-button__link wp-element-button\" href=\"https:\/\/med.estrategia.com\/portal\/wp-content\/uploads\/2024\/04\/boletim-epidemiologico-saude-da-populacao-negra-numero-especial-vol-1-out.2023.pdf\" target=\"_blank\">Boletim vol. 1<\/a><\/div>\n\n\n\n<div class=\"wp-block-button\"><a class=\"wp-block-button__link wp-element-button\" href=\"https:\/\/cdn.medblog.estrategiaeducacional.com.br\/wp-content\/uploads\/2024\/04\/boletim-epidemiologico-saude-da-populacao-negra-numero-especial-vol-2-out.2023.pdf\" target=\"_blank\">Boletim vol. 2<\/a><\/div>\n<\/div><p>Estat&iacute;sticas indicam que, em 2021, mais de <strong>60% das<\/strong> <strong>mortes relacionadas ao v&iacute;rus HIV afetaram indiv&iacute;duos classificados como pretos ou pardos<\/strong>. Ainda, dados apontam que 67% das gestantes diagnosticadas com HIV eram negras e 70% das crian&ccedil;as com s&iacute;filis cong&ecirc;nita tinham a m&atilde;e negra.&nbsp;<\/p><p>Outro aspecto preocupante foi a <strong>elevada taxa de mortalidade por Covid-19 entre mulheres negras<\/strong>. A doen&ccedil;a representou 22% de todas as mortes maternas em 2020, com 63% desses &oacute;bitos ocorrendo entre mulheres pretas e pardas. Paralelamente, a mortalidade materna relacionada &agrave;<strong> hipertens&atilde;o<\/strong> vem<strong> aumentando entre as mulheres negras<\/strong>, com um crescimento de 5% entre 2010 e 2020.<\/p><p>Em rela&ccedil;&atilde;o &agrave; tuberculose, o boletim reportou 78 mil novos casos em 2022, dos quais <strong>49 mil foram registrados em indiv&iacute;duos pardos e pretos<\/strong>, totalizando <strong>63% dos diagn&oacute;sticos<\/strong>. O boletim epidemiol&oacute;gico tamb&eacute;m revela uma tend&ecirc;ncia preocupante de aumento nos <strong>&iacute;ndices de mortalidade materna e infantil<\/strong>, bem como na<strong> preval&ecirc;ncia de doen&ccedil;as cr&ocirc;nicas e infecciosas, al&eacute;m de casos de viol&ecirc;ncia<\/strong>, ao longo da &uacute;ltima d&eacute;cada entre a popula&ccedil;&atilde;o negra.<\/p><p>Mais taxas alarmantes foram documentadas no boletim epidemiol&oacute;gico divulgado pelo Minist&eacute;rio da Sa&uacute;de, que tamb&eacute;m destaca os <strong>efeitos devastadores do racismo na sa&uacute;de dos afrodescendentes<\/strong>.&nbsp;<\/p><p>No Portal de Not&iacute;cias do Estrat&eacute;gia MED voc&ecirc; confere muitos outros artigos e rela&ccedil;&otilde;es de dados &uacute;teis dentro da medicina. Continue acompanhando o Portal de Not&iacute;cias do Estrat&eacute;gia MED para mais informa&ccedil;&otilde;es sobre processos seletivos de resid&ecirc;ncia m&eacute;dica, revalida&ccedil;&atilde;o de diplomas em Medicina, al&eacute;m de novidades da &aacute;rea m&eacute;dica.<\/p><p>\n\n\n\n<div class=\"estrategia-catalog\"><h3>Banco de Quest\u00f5es<\/h3><div class=\"carrossel-product\"><div><h4><strong>Banco de Quest\u00f5es + B\u00f4nus Resumos Estrat\u00e9gicos - Anual<\/strong><\/h4><div class=\"cat-description\">Estude com o maior Banco de Quest\u00f5es aut\u00f4nomo da \u00e1rea m\u00e9dica, com mais de 200 mil quest\u00f5es dispon\u00edveis, sendo mais de 108 mil comentadas alternativa por alternativa e mais de 75 mil resolvidas em v\u00eddeo pelos professores especialistas do Estrat\u00e9gia MED.<\/div><div class=\"cat-price\"><span>12x<\/span> R$ 416,41<\/div><div class=\"cat-sale\">No Cart\u00e3o de Cr\u00e9dito ou 10% de desconto no Boleto ou Pix \u00e0 vista: R$ 4.497,30<\/div><br><a href=\"https:\/\/med.estrategia.com\/curso\/banco-de-questes-resumos-estrategicos-anual\/?utm_source=portal&utm_medium=post&utm_campaign=med-x-vd-seo-portal-v-catalogo\" class=\"estrategia-button\" target=\"_blank\">Saiba mais<\/a><\/div><div><h4><strong>Banco de Quest\u00f5es + B\u00f4nus Resumos Estrat\u00e9gicos - Anual + Sprint ENARE\/ENAMED<\/strong><\/h4><div class=\"cat-description\">Estude com o maior Banco de Quest\u00f5es aut\u00f4nomo da \u00e1rea m\u00e9dica, com mais de 200 mil quest\u00f5es dispon\u00edveis, sendo mais de 108 mil comentadas alternativa por alternativa e mais de 75 mil resolvidas em v\u00eddeo pelos professores especialistas do Estrat\u00e9gia MED.<\/div><div class=\"cat-price\"><span>12x<\/span> R$ 555,35<\/div><div class=\"cat-sale\">No Cart\u00e3o de Cr\u00e9dito ou 10% de desconto no Boleto ou Pix \u00e0 vista: R$ 5.997,87<\/div><br><a href=\"https:\/\/med.estrategia.com\/curso\/banco-de-questes-bonus-resumos-estrategicos-anual-sprint-enare-enamed\/?utm_source=portal&utm_medium=post&utm_campaign=med-x-vd-seo-portal-v-catalogo\" class=\"estrategia-button\" target=\"_blank\">Saiba mais<\/a><\/div><\/div><\/div>\n<\/p><\/p>\n","protected":false},"excerpt":{"rendered":"Foi divulgado hoje (16) por meio do Di&aacute;rio Oficial da Uni&atilde;o o decreto assinado pelo Presidente da Rep&uacute;blica&hellip;\n","protected":false},"author":22,"featured_media":56395,"comment_status":"closed","ping_status":"closed","sticky":false,"template":"","format":"standard","meta":{"wl_entities_gutenberg":"","footnotes":""},"categories":[300],"tags":[],"wl_entity_type":[199],"class_list":{"0":"post-61717","1":"post","2":"type-post","3":"status-publish","4":"format-standard","5":"has-post-thumbnail","7":"category-noticias","8":"wl_entity_type-article"},"acf":[],"yoast_head":"<!-- This site is optimized with the Yoast SEO Premium plugin v26.6 (Yoast SEO v26.6) - https:\/\/yoast.com\/wordpress\/plugins\/seo\/ -->\n<title>Institu\u00eddo o Comit\u00ea T\u00e9cnico Interministerial de Sa\u00fade da Popula\u00e7\u00e3o Negra<\/title>\n<meta name=\"description\" content=\"Foi divulgado o decreto que estabelece a cria\u00e7\u00e3o do Comit\u00ea T\u00e9cnico Interministerial de Sa\u00fade da Popula\u00e7\u00e3o Negra (CTSPN). Saiba mais!\" \/>\n<meta name=\"robots\" content=\"index, follow, max-snippet:-1, max-image-preview:large, max-video-preview:-1\" \/>\n<link rel=\"canonical\" href=\"https:\/\/med.estrategia.com\/portal\/noticias\/instituido-o-comite-tecnico-interministerial-de-saude-da-populacao-negra\/\" \/>\n<meta property=\"og:locale\" content=\"pt_BR\" \/>\n<meta property=\"og:type\" content=\"article\" \/>\n<meta property=\"og:title\" content=\"Institu\u00eddo o Comit\u00ea T\u00e9cnico Interministerial de Sa\u00fade da Popula\u00e7\u00e3o Negra\" \/>\n<meta property=\"og:description\" content=\"Foi divulgado o decreto que estabelece a cria\u00e7\u00e3o do Comit\u00ea T\u00e9cnico Interministerial de Sa\u00fade da Popula\u00e7\u00e3o Negra (CTSPN). Saiba mais!\" \/>\n<meta property=\"og:url\" content=\"https:\/\/med.estrategia.com\/portal\/noticias\/instituido-o-comite-tecnico-interministerial-de-saude-da-populacao-negra\/\" \/>\n<meta property=\"og:site_name\" content=\"Estrat\u00e9gia MED\" \/>\n<meta property=\"article:publisher\" content=\"https:\/\/www.facebook.com\/estrategiamed1\" \/>\n<meta property=\"article:published_time\" content=\"2024-04-16T18:08:15+00:00\" \/>\n<meta property=\"article:modified_time\" content=\"2024-05-27T15:07:57+00:00\" \/>\n<meta property=\"og:image\" content=\"https:\/\/med.estrategia.com\/portal\/wp-content\/uploads\/2024\/01\/raf04124_0.jpg\" \/>\n\t<meta property=\"og:image:width\" content=\"1920\" \/>\n\t<meta property=\"og:image:height\" content=\"1280\" \/>\n\t<meta property=\"og:image:type\" content=\"image\/jpeg\" \/>\n<meta name=\"author\" content=\"Erika Coelho\" \/>\n<meta name=\"twitter:card\" content=\"summary_large_image\" \/>\n<meta name=\"twitter:creator\" content=\"@estrategiamed_\" \/>\n<meta name=\"twitter:site\" content=\"@estrategiamed_\" \/>\n<meta name=\"twitter:label1\" content=\"Escrito por\" \/>\n\t<meta name=\"twitter:data1\" content=\"Erika Coelho\" \/>\n\t<meta name=\"twitter:label2\" content=\"Est. tempo de leitura\" \/>\n\t<meta name=\"twitter:data2\" content=\"4 minutos\" \/>\n<script type=\"application\/ld+json\" class=\"yoast-schema-graph\">{\"@context\":\"https:\/\/schema.org\",\"@graph\":[{\"@type\":\"WebPage\",\"@id\":\"https:\/\/med.estrategia.com\/portal\/noticias\/instituido-o-comite-tecnico-interministerial-de-saude-da-populacao-negra\/\",\"url\":\"https:\/\/med.estrategia.com\/portal\/noticias\/instituido-o-comite-tecnico-interministerial-de-saude-da-populacao-negra\/\",\"name\":\"Institu\u00eddo o Comit\u00ea T\u00e9cnico Interministerial de Sa\u00fade da Popula\u00e7\u00e3o Negra\",\"isPartOf\":{\"@id\":\"https:\/\/med.estrategia.com\/portal\/#website\"},\"primaryImageOfPage\":{\"@id\":\"https:\/\/med.estrategia.com\/portal\/noticias\/instituido-o-comite-tecnico-interministerial-de-saude-da-populacao-negra\/#primaryimage\"},\"image\":{\"@id\":\"https:\/\/med.estrategia.com\/portal\/noticias\/instituido-o-comite-tecnico-interministerial-de-saude-da-populacao-negra\/#primaryimage\"},\"thumbnailUrl\":\"https:\/\/med.estrategia.com\/portal\/wp-content\/uploads\/2024\/01\/raf04124_0.jpg\",\"datePublished\":\"2024-04-16T18:08:15+00:00\",\"dateModified\":\"2024-05-27T15:07:57+00:00\",\"author\":{\"@id\":\"https:\/\/med.estrategia.com\/portal\/#\/schema\/person\/8e7c9b2f53f2eede3b8880ad86ff20a3\"},\"description\":\"Foi divulgado o decreto que estabelece a cria\u00e7\u00e3o do Comit\u00ea T\u00e9cnico Interministerial de Sa\u00fade da Popula\u00e7\u00e3o Negra (CTSPN). Saiba mais!\",\"breadcrumb\":{\"@id\":\"https:\/\/med.estrategia.com\/portal\/noticias\/instituido-o-comite-tecnico-interministerial-de-saude-da-populacao-negra\/#breadcrumb\"},\"inLanguage\":\"pt-BR\",\"potentialAction\":[{\"@type\":\"ReadAction\",\"target\":[\"https:\/\/med.estrategia.com\/portal\/noticias\/instituido-o-comite-tecnico-interministerial-de-saude-da-populacao-negra\/\"]}]},{\"@type\":\"ImageObject\",\"inLanguage\":\"pt-BR\",\"@id\":\"https:\/\/med.estrategia.com\/portal\/noticias\/instituido-o-comite-tecnico-interministerial-de-saude-da-populacao-negra\/#primaryimage\",\"url\":\"https:\/\/med.estrategia.com\/portal\/wp-content\/uploads\/2024\/01\/raf04124_0.jpg\",\"contentUrl\":\"https:\/\/med.estrategia.com\/portal\/wp-content\/uploads\/2024\/01\/raf04124_0.jpg\",\"width\":1920,\"height\":1280,\"caption\":\"Bras\u00edlia (DF), 11\/10\/2023, Pr\u00e9dio do Minist\u00e9rio da Sa\u00fade, na Esplanada dos MInist\u00e9rios em Bras\u00edlia. Foto: Rafa Neddermeyer\/Ag\u00eancia Brasil\"},{\"@type\":\"BreadcrumbList\",\"@id\":\"https:\/\/med.estrategia.com\/portal\/noticias\/instituido-o-comite-tecnico-interministerial-de-saude-da-populacao-negra\/#breadcrumb\",\"itemListElement\":[{\"@type\":\"ListItem\",\"position\":1,\"name\":\"Home\",\"item\":\"https:\/\/med.estrategia.com\/portal\/\"},{\"@type\":\"ListItem\",\"position\":2,\"name\":\"Not\u00edcias\",\"item\":\"https:\/\/med.estrategia.com\/portal\/noticias\/\"},{\"@type\":\"ListItem\",\"position\":3,\"name\":\"Institu\u00eddo o Comit\u00ea T\u00e9cnico Interministerial de Sa\u00fade da Popula\u00e7\u00e3o Negra\"}]},{\"@type\":\"WebSite\",\"@id\":\"https:\/\/med.estrategia.com\/portal\/#website\",\"url\":\"https:\/\/med.estrategia.com\/portal\/\",\"name\":\"Estrat\u00e9gia MED\",\"description\":\"\",\"potentialAction\":[{\"@type\":\"SearchAction\",\"target\":{\"@type\":\"EntryPoint\",\"urlTemplate\":\"https:\/\/med.estrategia.com\/portal\/?s={search_term_string}\"},\"query-input\":{\"@type\":\"PropertyValueSpecification\",\"valueRequired\":true,\"valueName\":\"search_term_string\"}}],\"inLanguage\":\"pt-BR\"},{\"@type\":\"Person\",\"@id\":\"https:\/\/med.estrategia.com\/portal\/#\/schema\/person\/8e7c9b2f53f2eede3b8880ad86ff20a3\",\"name\":\"Erika Coelho\",\"image\":{\"@type\":\"ImageObject\",\"inLanguage\":\"pt-BR\",\"@id\":\"https:\/\/med.estrategia.com\/portal\/#\/schema\/person\/image\/\",\"url\":\"https:\/\/secure.gravatar.com\/avatar\/8ef9ff2e2fa53829c640cca8d1a45178?s=96&d=mm&r=g\",\"contentUrl\":\"https:\/\/secure.gravatar.com\/avatar\/8ef9ff2e2fa53829c640cca8d1a45178?s=96&d=mm&r=g\",\"caption\":\"Erika Coelho\"},\"description\":\"Jornalista pela Universidade Presbiteriana Mackenzie, escrevo sobre educa\u00e7\u00e3o, sa\u00fade e pol\u00edticas p\u00fablicas\",\"url\":\"https:\/\/med.estrategia.com\/portal\/author\/erika\/\"}]}<\/script>\n<!-- \/ Yoast SEO Premium plugin. -->","yoast_head_json":{"title":"Institu\u00eddo o Comit\u00ea T\u00e9cnico Interministerial de Sa\u00fade da Popula\u00e7\u00e3o Negra","description":"Foi divulgado o decreto que estabelece a cria\u00e7\u00e3o do Comit\u00ea T\u00e9cnico Interministerial de Sa\u00fade da Popula\u00e7\u00e3o Negra (CTSPN). Saiba mais!","robots":{"index":"index","follow":"follow","max-snippet":"max-snippet:-1","max-image-preview":"max-image-preview:large","max-video-preview":"max-video-preview:-1"},"canonical":"https:\/\/med.estrategia.com\/portal\/noticias\/instituido-o-comite-tecnico-interministerial-de-saude-da-populacao-negra\/","og_locale":"pt_BR","og_type":"article","og_title":"Institu\u00eddo o Comit\u00ea T\u00e9cnico Interministerial de Sa\u00fade da Popula\u00e7\u00e3o Negra","og_description":"Foi divulgado o decreto que estabelece a cria\u00e7\u00e3o do Comit\u00ea T\u00e9cnico Interministerial de Sa\u00fade da Popula\u00e7\u00e3o Negra (CTSPN). Saiba mais!","og_url":"https:\/\/med.estrategia.com\/portal\/noticias\/instituido-o-comite-tecnico-interministerial-de-saude-da-populacao-negra\/","og_site_name":"Estrat\u00e9gia MED","article_publisher":"https:\/\/www.facebook.com\/estrategiamed1","article_published_time":"2024-04-16T18:08:15+00:00","article_modified_time":"2024-05-27T15:07:57+00:00","og_image":[{"width":1920,"height":1280,"url":"https:\/\/med.estrategia.com\/portal\/wp-content\/uploads\/2024\/01\/raf04124_0.jpg","type":"image\/jpeg"}],"author":"Erika Coelho","twitter_card":"summary_large_image","twitter_creator":"@estrategiamed_","twitter_site":"@estrategiamed_","twitter_misc":{"Escrito por":"Erika Coelho","Est. tempo de leitura":"4 minutos"},"schema":{"@context":"https:\/\/schema.org","@graph":[{"@type":"WebPage","@id":"https:\/\/med.estrategia.com\/portal\/noticias\/instituido-o-comite-tecnico-interministerial-de-saude-da-populacao-negra\/","url":"https:\/\/med.estrategia.com\/portal\/noticias\/instituido-o-comite-tecnico-interministerial-de-saude-da-populacao-negra\/","name":"Institu\u00eddo o Comit\u00ea T\u00e9cnico Interministerial de Sa\u00fade da Popula\u00e7\u00e3o Negra","isPartOf":{"@id":"https:\/\/med.estrategia.com\/portal\/#website"},"primaryImageOfPage":{"@id":"https:\/\/med.estrategia.com\/portal\/noticias\/instituido-o-comite-tecnico-interministerial-de-saude-da-populacao-negra\/#primaryimage"},"image":{"@id":"https:\/\/med.estrategia.com\/portal\/noticias\/instituido-o-comite-tecnico-interministerial-de-saude-da-populacao-negra\/#primaryimage"},"thumbnailUrl":"https:\/\/med.estrategia.com\/portal\/wp-content\/uploads\/2024\/01\/raf04124_0.jpg","datePublished":"2024-04-16T18:08:15+00:00","dateModified":"2024-05-27T15:07:57+00:00","author":{"@id":"https:\/\/med.estrategia.com\/portal\/#\/schema\/person\/8e7c9b2f53f2eede3b8880ad86ff20a3"},"description":"Foi divulgado o decreto que estabelece a cria\u00e7\u00e3o do Comit\u00ea T\u00e9cnico Interministerial de Sa\u00fade da Popula\u00e7\u00e3o Negra (CTSPN). Saiba mais!","breadcrumb":{"@id":"https:\/\/med.estrategia.com\/portal\/noticias\/instituido-o-comite-tecnico-interministerial-de-saude-da-populacao-negra\/#breadcrumb"},"inLanguage":"pt-BR","potentialAction":[{"@type":"ReadAction","target":["https:\/\/med.estrategia.com\/portal\/noticias\/instituido-o-comite-tecnico-interministerial-de-saude-da-populacao-negra\/"]}]},{"@type":"ImageObject","inLanguage":"pt-BR","@id":"https:\/\/med.estrategia.com\/portal\/noticias\/instituido-o-comite-tecnico-interministerial-de-saude-da-populacao-negra\/#primaryimage","url":"https:\/\/med.estrategia.com\/portal\/wp-content\/uploads\/2024\/01\/raf04124_0.jpg","contentUrl":"https:\/\/med.estrategia.com\/portal\/wp-content\/uploads\/2024\/01\/raf04124_0.jpg","width":1920,"height":1280,"caption":"Bras\u00edlia (DF), 11\/10\/2023, Pr\u00e9dio do Minist\u00e9rio da Sa\u00fade, na Esplanada dos MInist\u00e9rios em Bras\u00edlia. Foto: Rafa Neddermeyer\/Ag\u00eancia Brasil"},{"@type":"BreadcrumbList","@id":"https:\/\/med.estrategia.com\/portal\/noticias\/instituido-o-comite-tecnico-interministerial-de-saude-da-populacao-negra\/#breadcrumb","itemListElement":[{"@type":"ListItem","position":1,"name":"Home","item":"https:\/\/med.estrategia.com\/portal\/"},{"@type":"ListItem","position":2,"name":"Not\u00edcias","item":"https:\/\/med.estrategia.com\/portal\/noticias\/"},{"@type":"ListItem","position":3,"name":"Institu\u00eddo o Comit\u00ea T\u00e9cnico Interministerial de Sa\u00fade da Popula\u00e7\u00e3o Negra"}]},{"@type":"WebSite","@id":"https:\/\/med.estrategia.com\/portal\/#website","url":"https:\/\/med.estrategia.com\/portal\/","name":"Estrat\u00e9gia MED","description":"","potentialAction":[{"@type":"SearchAction","target":{"@type":"EntryPoint","urlTemplate":"https:\/\/med.estrategia.com\/portal\/?s={search_term_string}"},"query-input":{"@type":"PropertyValueSpecification","valueRequired":true,"valueName":"search_term_string"}}],"inLanguage":"pt-BR"},{"@type":"Person","@id":"https:\/\/med.estrategia.com\/portal\/#\/schema\/person\/8e7c9b2f53f2eede3b8880ad86ff20a3","name":"Erika Coelho","image":{"@type":"ImageObject","inLanguage":"pt-BR","@id":"https:\/\/med.estrategia.com\/portal\/#\/schema\/person\/image\/","url":"https:\/\/secure.gravatar.com\/avatar\/8ef9ff2e2fa53829c640cca8d1a45178?s=96&d=mm&r=g","contentUrl":"https:\/\/secure.gravatar.com\/avatar\/8ef9ff2e2fa53829c640cca8d1a45178?s=96&d=mm&r=g","caption":"Erika Coelho"},"description":"Jornalista pela Universidade Presbiteriana Mackenzie, escrevo sobre educa\u00e7\u00e3o, sa\u00fade e pol\u00edticas p\u00fablicas","url":"https:\/\/med.estrategia.com\/portal\/author\/erika\/"}]}},"_wl_alt_label":[],"wl:entity_url":"\/post\/instituido-o-comite-tecnico-interministerial-de-saude-da-populacao-negra","_links":{"self":[{"href":"https:\/\/med.estrategia.com\/portal\/wp-json\/wp\/v2\/posts\/61717","targetHints":{"allow":["GET"]}}],"collection":[{"href":"https:\/\/med.estrategia.com\/portal\/wp-json\/wp\/v2\/posts"}],"about":[{"href":"https:\/\/med.estrategia.com\/portal\/wp-json\/wp\/v2\/types\/post"}],"author":[{"embeddable":true,"href":"https:\/\/med.estrategia.com\/portal\/wp-json\/wp\/v2\/users\/22"}],"replies":[{"embeddable":true,"href":"https:\/\/med.estrategia.com\/portal\/wp-json\/wp\/v2\/comments?post=61717"}],"version-history":[{"count":6,"href":"https:\/\/med.estrategia.com\/portal\/wp-json\/wp\/v2\/posts\/61717\/revisions"}],"predecessor-version":[{"id":64072,"href":"https:\/\/med.estrategia.com\/portal\/wp-json\/wp\/v2\/posts\/61717\/revisions\/64072"}],"wp:featuredmedia":[{"embeddable":true,"href":"https:\/\/med.estrategia.com\/portal\/wp-json\/wp\/v2\/media\/56395"}],"wp:attachment":[{"href":"https:\/\/med.estrategia.com\/portal\/wp-json\/wp\/v2\/media?parent=61717"}],"wp:term":[{"taxonomy":"category","embeddable":true,"href":"https:\/\/med.estrategia.com\/portal\/wp-json\/wp\/v2\/categories?post=61717"},{"taxonomy":"post_tag","embeddable":true,"href":"https:\/\/med.estrategia.com\/portal\/wp-json\/wp\/v2\/tags?post=61717"},{"taxonomy":"wl_entity_type","embeddable":true,"href":"https:\/\/med.estrategia.com\/portal\/wp-json\/wp\/v2\/wl_entity_type?post=61717"}],"curies":[{"name":"wp","href":"https:\/\/api.w.org\/{rel}","templated":true}]}}