{"id":62278,"date":"2024-04-24T08:00:00","date_gmt":"2024-04-24T11:00:00","guid":{"rendered":"https:\/\/med.estrategia.com\/portal\/?p=62278"},"modified":"2024-04-24T09:23:05","modified_gmt":"2024-04-24T12:23:05","slug":"aumento-na-cobertura-vacinal-brasileira-e-destaque-na-semana-mundial-de-imunizacao","status":"publish","type":"post","link":"https:\/\/med.estrategia.com\/portal\/noticias\/aumento-na-cobertura-vacinal-brasileira-e-destaque-na-semana-mundial-de-imunizacao\/","title":{"rendered":"Aumento na cobertura vacinal brasileira \u00e9 destaque na Semana Mundial de Imuniza\u00e7\u00e3o"},"content":{"rendered":"<p>Nesta ter&ccedil;a-feira (23), a ministra da Sa&uacute;de, N&iacute;sia Trindade, marcou presen&ccedil;a na abertura da <strong>Semana Mundial de Imuniza&ccedil;&atilde;o<\/strong>, um evento promovido pelo <strong>Fundo das Na&ccedil;&otilde;es Unidas para a Inf&acirc;ncia (Unicef)<\/strong> em Bras&iacute;lia. O objetivo central do evento &eacute; <strong>conscientizar para a import&acirc;ncia da imuniza&ccedil;&atilde;o infantil<\/strong>, aumentando seu alcance para al&eacute;m do &acirc;mbito da Sa&uacute;de e integrando-a em espa&ccedil;os como escolas e outros locais p&uacute;blicos. A iniciativa coloca em destaque o <strong>aumento nas taxas de cobertura vacinal de 13 das 16 principais vacinas do calend&aacute;rio infantil<\/strong> do <strong>Programa Nacional de Imuniza&ccedil;&otilde;es (PNI)<\/strong> em 2023, quando comparadas com os dados de 2022.<p>Durante o per&iacute;odo de mar&ccedil;o a abril, o governo federal implementou uma <strong>s&eacute;rie de iniciativas de vacina&ccedil;&atilde;o<\/strong> em <strong>escolas<\/strong> destinadas a crian&ccedil;as e adolescentes, como parte de uma estrat&eacute;gia do <strong>Programa Sa&uacute;de na Escola,<\/strong> coordenada em colabora&ccedil;&atilde;o com os estados e munic&iacute;pios.<\/p><p>Nesse contexto, houve o aumento significativo na cobertura vacinal, especialmente em rela&ccedil;&atilde;o a diversas vacinas, tais como: <strong>poliomielite <\/strong>(VIP e VOP), <strong>pentavalente<\/strong>, <strong>rotav&iacute;rus<\/strong>, <strong>hepatite A<\/strong>, <strong>febre amarela<\/strong>, <strong>meningoc&oacute;cica C <\/strong>(1&ordf; dose e refor&ccedil;o), <strong>pneumoc&oacute;cica 10<\/strong> (1&ordf; dose e refor&ccedil;o), <strong>tr&iacute;plice viral<\/strong> (1&ordf; e 2&ordf; doses) e <strong>refor&ccedil;o da tr&iacute;plice bacteriana<\/strong> (DTP). Esse avan&ccedil;o, percept&iacute;vel em todo o territ&oacute;rio nacional, marca a <strong>revers&atilde;o do decl&iacute;nio nos &iacute;ndices de imuniza&ccedil;&atilde;o<\/strong> enfrentados pelo Brasil desde 2016.<\/p><p>\n\n\n<div id=\"new-form\">\n\t<form id=\"forms_layout\">\n\t<input type=\"hidden\" id=\"chave_de\" name=\"chave_de\" value=\"01_EMED_LEADS_TOTAIS\" \/>\n\t\t<input type=\"hidden\" id=\"mid\" name=\"mid\" value=\"515009018\" \/>\n\t\t<input type=\"hidden\" id=\"Objetivo\" name=\"Objetivo\" value=\"Medicina\" \/>\n\t\t<input type=\"hidden\" id=\"Estado_de_Origem_do_IP\" name=\"Estado_de_Origem_do_IP\"  value=\"\" \/>\n\t\t<input type=\"hidden\" id=\"Cidade_de_Origem_do_IP\" name=\"Cidade_de_Origem_do_IP\" value=\"\" \/>\n\t\t<input type=\"hidden\" id=\"Modo_de_entrada\" name=\"Modo_de_entrada\" value=\"Portal\" \/>\n\t\t<input type=\"hidden\" id=\"Pagina_Origem\" name=\"Pagina_Origem\" value=\"\" \/>\n\n\t\t<div class=\"texto\">\n\t\t\t<div id=\"ez-toc-container\" class=\"ez-toc-v2_0_79_2 counter-hierarchy ez-toc-counter ez-toc-transparent ez-toc-container-direction\">\n<div class=\"ez-toc-title-container\"><p class=\"ez-toc-title\" style=\"cursor:inherit\">Navegue pelo conte\u00fado<\/p>\n<\/div><nav><ul class='ez-toc-list ez-toc-list-level-1 ' ><ul class='ez-toc-list-level-3' ><li class='ez-toc-heading-level-3'><a class=\"ez-toc-link ez-toc-heading-1\" href=\"https:\/\/med.estrategia.com\/portal\/noticias\/aumento-na-cobertura-vacinal-brasileira-e-destaque-na-semana-mundial-de-imunizacao\/#Inscreva-se-em-nossa-newsletter\" >Inscreva-se em nossa newsletter!<\/a><\/li><\/ul><\/li><li class='ez-toc-page-1 ez-toc-heading-level-2'><a class=\"ez-toc-link ez-toc-heading-2\" href=\"https:\/\/med.estrategia.com\/portal\/noticias\/aumento-na-cobertura-vacinal-brasileira-e-destaque-na-semana-mundial-de-imunizacao\/#Movimento-Nacional-pela-Vacinacao\" >Movimento Nacional pela Vacina&ccedil;&atilde;o<\/a><\/li><li class='ez-toc-page-1 ez-toc-heading-level-2'><a class=\"ez-toc-link ez-toc-heading-3\" href=\"https:\/\/med.estrategia.com\/portal\/noticias\/aumento-na-cobertura-vacinal-brasileira-e-destaque-na-semana-mundial-de-imunizacao\/#Reestruturacao-do-registro-vacinal\" >Reestrutura&ccedil;&atilde;o do registro vacinal<\/a><\/li><\/ul><\/nav><\/div>\n<h3 class=\"news\"><span class=\"ez-toc-section\" id=\"Inscreva-se-em-nossa-newsletter\"><\/span>Inscreva-se em nossa newsletter!<span class=\"ez-toc-section-end\"><\/span><\/h3>\n\t\t\t<p>Receba not\u00edcias sobre resid\u00eancia m\u00e9dica, revalida\u00e7\u00e3o de diplomas e concursos m\u00e9dicos, al\u00e9m de materiais de estudo gratuitos e informa\u00e7\u00f5es relevantes do mundo da Medicina.<\/p>\n\t\t<\/div>\n\t\t<div class=\"campos\">\n\t\t\t<div class=\"first_name labels\">\n\t\t\t\t<input type=\"text\" class=\"input_labels\" id=\"first_name\" name=\"Nome_Completo\" placeholder=\"Nome\" required \/>\n\t\t\t<\/div>\n\t\t\t<div class=\"email labels\">\n\t\t\t\t<input type=\"email\" class=\"input_labels\" id=\"email\" name=\"Email\" placeholder=\"E-mail\" required \/>\n\t\t\t<\/div>\n\t\t\t<button type=\"submit\" class=\"button_layout\">\n\t\t\t\t<div id=\"lblBotao\">Inscreva-se<\/div>\n\t\t\t\t<span id=\"divSpiner\" class=\"loader\" role=\"status\" style=\"display: none;\"><\/span>\t\n\t\t\t<\/button>\n\t\t<\/div><!-- \/campos -->\n\t\t\n\t\t<label class=\"container_checkbox\">Voc\u00ea concorda com a nossa\n\t\t\t<a class=\"politics_privacy_ahref\" target=\"_blank\" href=\"https:\/\/gratis.estrategiaconcursos.com.br\/politica-de-privacidade\/\">Pol\u00edtica de Privacidade<\/a> e aceita receber informa\u00e7\u00f5es adicionais do Estrat\u00e9gia Educacional.\n\t\t\t<input id=\"checkbox_layout\" type=\"checkbox\" checked=\"checked\" required \/>\n\t\t\t<span class=\"checkbox\"><\/span>\n\t\t<\/label>\n\t\t<div id=\"msg\"><\/div>\n\t\t<div id=\"error\" class=\"error\">\n\t\t<\/div>\n\t<\/form>\n<\/div><!-- \/new-form -->\n\n\n\n<\/p><p>Entre os 13 imunizantes que registraram aumento na cobertura, a <strong>m&eacute;dia de crescimento foi de 7,1 pontos percentuais<\/strong>. Destaca-se que o refor&ccedil;o da <strong>tr&iacute;plice bacteriana<\/strong> apresentou o maior crescimento, com <strong>9,23%<\/strong>, <strong>elevando a cobertura de 67,4% para 76,7%<\/strong>. Ao analisar a cobertura vacinal por estado, &eacute; poss&iacute;vel observar que a maioria apresentou melhorias em rela&ccedil;&atilde;o &agrave;s 13 vacinas mencionadas.<\/p><p>Na quest&atilde;o do <strong>investimento em imunizantes<\/strong>, <strong>em 2023 foram aplicados mais de R$ 6,5 bilh&otilde;es<\/strong>, com previs&atilde;o de aumento para <strong>R$ 10,9 bilh&otilde;es em 2024<\/strong>. Adicionalmente, <strong>R$ 150 milh&otilde;es<\/strong> anuais foram <strong>destinados a estados e munic&iacute;pios<\/strong> para <strong>apoiar<\/strong> <strong>a&ccedil;&otilde;es de imuniza&ccedil;&atilde;o regionalizadas<\/strong>, mantendo-se o mesmo valor para 2024.<\/p><h2 class=\"wp-block-heading\" id=\"h-movimento-nacional-pela-vacinacao\"><span class=\"ez-toc-section\" id=\"Movimento-Nacional-pela-Vacinacao\"><\/span>Movimento Nacional pela Vacina&ccedil;&atilde;o<span class=\"ez-toc-section-end\"><\/span><\/h2><p>Lan&ccedil;ado no in&iacute;cio de 2023, o Movimento Nacional pela Vacina&ccedil;&atilde;o &eacute; uma iniciativa do Governo Federal que direciona a&ccedil;&otilde;es t&eacute;cnicas e de comunica&ccedil;&atilde;o do Minist&eacute;rio da Sa&uacute;de para a <strong>promo&ccedil;&atilde;o da vacina&ccedil;&atilde;o na popula&ccedil;&atilde;o<\/strong> com o lema &ldquo;vacina &eacute; vida, vacina &eacute; para todos&rdquo;. Al&eacute;m disso, em paralelo, o Minist&eacute;rio implementou a estrat&eacute;gia de <strong>microplanejamento<\/strong>, realizando <strong>oficinas em todo o Brasil em colabora&ccedil;&atilde;o com as secretarias de sa&uacute;de<\/strong> para encontrar <strong>solu&ccedil;&otilde;es adaptadas a cada local<\/strong>.<\/p><h2 class=\"wp-block-heading\" id=\"h-reestruturacao-do-registro-vacinal\"><span class=\"ez-toc-section\" id=\"Reestruturacao-do-registro-vacinal\"><\/span>Reestrutura&ccedil;&atilde;o do registro vacinal<span class=\"ez-toc-section-end\"><\/span><\/h2><p>O Minist&eacute;rio da Sa&uacute;de <strong>reestruturou o registro de vacina&ccedil;&atilde;o<\/strong> para tornar o processo mais transparente e eficiente. Antes, <strong>os dados estavam dispersos<\/strong> em v&aacute;rios sistemas estaduais e municipais, <strong>mas agora foram centralizados na Rede Nacional de Dados em Sa&uacute;de (RNDS)<\/strong>, <strong>ligando cada dose<\/strong> <strong>aplicada <\/strong>a um <strong>CPF <\/strong>ou <strong>Cart&atilde;o Nacional de Sa&uacute;de (CNS)<\/strong>. Essa mudan&ccedil;a possibilitou a cria&ccedil;&atilde;o da <strong>caderneta digital de vacina&ccedil;&atilde;o<\/strong>, permitindo que cada pessoa <strong>acompanhe sua situa&ccedil;&atilde;o vacinal online<\/strong> pelo <strong>Meu SUS Digital<\/strong>, semelhante ao sistema de vacina&ccedil;&atilde;o contra a Covid-19.<\/p><p>Saiba mais sobre o <a href=\"https:\/\/med.estrategia.com\/portal\/noticias\/programa-sus-digital-democratizacao-do-acesso-e-inovacao-na-saude-publica\/\" target=\"_blank\">Programa Meu SUS Digital<\/a>, que estabelece uma s&eacute;rie de objetivos para promover o avan&ccedil;o e aprimoramento do SUS por meio da integra&ccedil;&atilde;o e utiliza&ccedil;&atilde;o adequada das novas tecnologias digitais.<\/p><p>\n\n\n\n\n\n\n<\/p><\/p>\n","protected":false},"excerpt":{"rendered":"Durante o per\u00edodo de mar\u00e7o a abril de 2024, o governo federal implementou uma s\u00e9rie de iniciativas de vacina\u00e7\u00e3o em escolas destinadas a crian\u00e7as e adolescentes\n","protected":false},"author":52,"featured_media":62281,"comment_status":"closed","ping_status":"closed","sticky":false,"template":"","format":"standard","meta":{"wl_entities_gutenberg":"","footnotes":""},"categories":[300],"tags":[845],"wl_entity_type":[199],"class_list":{"0":"post-62278","1":"post","2":"type-post","3":"status-publish","4":"format-standard","5":"has-post-thumbnail","7":"category-noticias","8":"tag-semana-mundial-de-imunizacao","9":"wl_entity_type-article"},"acf":[],"yoast_head":"<!-- This site is optimized with the Yoast SEO Premium plugin v26.6 (Yoast SEO v26.6) - https:\/\/yoast.com\/wordpress\/plugins\/seo\/ -->\n<title>Aumento na cobertura vacinal brasileira \u00e9 destaque na Semana Mundial de Imuniza\u00e7\u00e3o<\/title>\n<meta name=\"description\" content=\"Nesta ter\u00e7a-feira (23), a ministra da Sa\u00fade, N\u00edsia Trindade, marcou presen\u00e7a na abertura da Semana Mundial de Imuniza\u00e7\u00e3o, um evento promovido pelo Fundo das Na\u00e7\u00f5es Unidas para a Inf\u00e2ncia (Unicef) em Bras\u00edlia.\" \/>\n<meta name=\"robots\" content=\"index, follow, max-snippet:-1, max-image-preview:large, max-video-preview:-1\" \/>\n<link rel=\"canonical\" href=\"https:\/\/med.estrategia.com\/portal\/noticias\/aumento-na-cobertura-vacinal-brasileira-e-destaque-na-semana-mundial-de-imunizacao\/\" \/>\n<meta property=\"og:locale\" content=\"pt_BR\" \/>\n<meta property=\"og:type\" content=\"article\" \/>\n<meta property=\"og:title\" content=\"Aumento na cobertura vacinal brasileira \u00e9 destaque na Semana Mundial de Imuniza\u00e7\u00e3o\" \/>\n<meta property=\"og:description\" content=\"Nesta ter\u00e7a-feira (23), a ministra da Sa\u00fade, N\u00edsia Trindade, marcou presen\u00e7a na abertura da Semana Mundial de Imuniza\u00e7\u00e3o, um evento promovido pelo Fundo das Na\u00e7\u00f5es Unidas para a Inf\u00e2ncia (Unicef) em Bras\u00edlia.\" \/>\n<meta property=\"og:url\" content=\"https:\/\/med.estrategia.com\/portal\/noticias\/aumento-na-cobertura-vacinal-brasileira-e-destaque-na-semana-mundial-de-imunizacao\/\" \/>\n<meta property=\"og:site_name\" content=\"Estrat\u00e9gia MED\" \/>\n<meta property=\"article:publisher\" content=\"https:\/\/www.facebook.com\/estrategiamed1\" \/>\n<meta property=\"article:published_time\" content=\"2024-04-24T11:00:00+00:00\" \/>\n<meta property=\"article:modified_time\" content=\"2024-04-24T12:23:05+00:00\" \/>\n<meta property=\"og:image\" content=\"https:\/\/med.estrategia.com\/portal\/wp-content\/uploads\/2024\/04\/cobertura-vacinal-infantil-semana-imunizacao-brasil.jpg\" \/>\n\t<meta property=\"og:image:width\" content=\"1380\" \/>\n\t<meta property=\"og:image:height\" content=\"920\" \/>\n\t<meta property=\"og:image:type\" content=\"image\/jpeg\" \/>\n<meta name=\"author\" content=\"Arion Wolff\" \/>\n<meta name=\"twitter:card\" content=\"summary_large_image\" \/>\n<meta name=\"twitter:creator\" content=\"@estrategiamed_\" \/>\n<meta name=\"twitter:site\" content=\"@estrategiamed_\" \/>\n<meta name=\"twitter:label1\" content=\"Escrito por\" \/>\n\t<meta name=\"twitter:data1\" content=\"Arion Wolff\" \/>\n\t<meta name=\"twitter:label2\" content=\"Est. tempo de leitura\" \/>\n\t<meta name=\"twitter:data2\" content=\"3 minutos\" \/>\n<script type=\"application\/ld+json\" class=\"yoast-schema-graph\">{\"@context\":\"https:\/\/schema.org\",\"@graph\":[{\"@type\":\"WebPage\",\"@id\":\"https:\/\/med.estrategia.com\/portal\/noticias\/aumento-na-cobertura-vacinal-brasileira-e-destaque-na-semana-mundial-de-imunizacao\/\",\"url\":\"https:\/\/med.estrategia.com\/portal\/noticias\/aumento-na-cobertura-vacinal-brasileira-e-destaque-na-semana-mundial-de-imunizacao\/\",\"name\":\"Aumento na cobertura vacinal brasileira \u00e9 destaque na Semana Mundial de Imuniza\u00e7\u00e3o\",\"isPartOf\":{\"@id\":\"https:\/\/med.estrategia.com\/portal\/#website\"},\"primaryImageOfPage\":{\"@id\":\"https:\/\/med.estrategia.com\/portal\/noticias\/aumento-na-cobertura-vacinal-brasileira-e-destaque-na-semana-mundial-de-imunizacao\/#primaryimage\"},\"image\":{\"@id\":\"https:\/\/med.estrategia.com\/portal\/noticias\/aumento-na-cobertura-vacinal-brasileira-e-destaque-na-semana-mundial-de-imunizacao\/#primaryimage\"},\"thumbnailUrl\":\"https:\/\/med.estrategia.com\/portal\/wp-content\/uploads\/2024\/04\/cobertura-vacinal-infantil-semana-imunizacao-brasil.jpg\",\"datePublished\":\"2024-04-24T11:00:00+00:00\",\"dateModified\":\"2024-04-24T12:23:05+00:00\",\"author\":{\"@id\":\"https:\/\/med.estrategia.com\/portal\/#\/schema\/person\/b6aba49604868a427dd15c3b1fc6a8bc\"},\"description\":\"Nesta ter\u00e7a-feira (23), a ministra da Sa\u00fade, N\u00edsia Trindade, marcou presen\u00e7a na abertura da Semana Mundial de Imuniza\u00e7\u00e3o, um evento promovido pelo Fundo das Na\u00e7\u00f5es Unidas para a Inf\u00e2ncia (Unicef) em Bras\u00edlia.\",\"breadcrumb\":{\"@id\":\"https:\/\/med.estrategia.com\/portal\/noticias\/aumento-na-cobertura-vacinal-brasileira-e-destaque-na-semana-mundial-de-imunizacao\/#breadcrumb\"},\"inLanguage\":\"pt-BR\",\"potentialAction\":[{\"@type\":\"ReadAction\",\"target\":[\"https:\/\/med.estrategia.com\/portal\/noticias\/aumento-na-cobertura-vacinal-brasileira-e-destaque-na-semana-mundial-de-imunizacao\/\"]}]},{\"@type\":\"ImageObject\",\"inLanguage\":\"pt-BR\",\"@id\":\"https:\/\/med.estrategia.com\/portal\/noticias\/aumento-na-cobertura-vacinal-brasileira-e-destaque-na-semana-mundial-de-imunizacao\/#primaryimage\",\"url\":\"https:\/\/med.estrategia.com\/portal\/wp-content\/uploads\/2024\/04\/cobertura-vacinal-infantil-semana-imunizacao-brasil.jpg\",\"contentUrl\":\"https:\/\/med.estrategia.com\/portal\/wp-content\/uploads\/2024\/04\/cobertura-vacinal-infantil-semana-imunizacao-brasil.jpg\",\"width\":1380,\"height\":920,\"caption\":\"Estrat\u00e9gia Med | Foto: Freepik\"},{\"@type\":\"BreadcrumbList\",\"@id\":\"https:\/\/med.estrategia.com\/portal\/noticias\/aumento-na-cobertura-vacinal-brasileira-e-destaque-na-semana-mundial-de-imunizacao\/#breadcrumb\",\"itemListElement\":[{\"@type\":\"ListItem\",\"position\":1,\"name\":\"Home\",\"item\":\"https:\/\/med.estrategia.com\/portal\/\"},{\"@type\":\"ListItem\",\"position\":2,\"name\":\"Not\u00edcias\",\"item\":\"https:\/\/med.estrategia.com\/portal\/noticias\/\"},{\"@type\":\"ListItem\",\"position\":3,\"name\":\"Aumento na cobertura vacinal brasileira \u00e9 destaque na Semana Mundial de Imuniza\u00e7\u00e3o\"}]},{\"@type\":\"WebSite\",\"@id\":\"https:\/\/med.estrategia.com\/portal\/#website\",\"url\":\"https:\/\/med.estrategia.com\/portal\/\",\"name\":\"Estrat\u00e9gia MED\",\"description\":\"\",\"potentialAction\":[{\"@type\":\"SearchAction\",\"target\":{\"@type\":\"EntryPoint\",\"urlTemplate\":\"https:\/\/med.estrategia.com\/portal\/?s={search_term_string}\"},\"query-input\":{\"@type\":\"PropertyValueSpecification\",\"valueRequired\":true,\"valueName\":\"search_term_string\"}}],\"inLanguage\":\"pt-BR\"},{\"@type\":\"Person\",\"@id\":\"https:\/\/med.estrategia.com\/portal\/#\/schema\/person\/b6aba49604868a427dd15c3b1fc6a8bc\",\"name\":\"Arion Wolff\",\"image\":{\"@type\":\"ImageObject\",\"inLanguage\":\"pt-BR\",\"@id\":\"https:\/\/med.estrategia.com\/portal\/#\/schema\/person\/image\/\",\"url\":\"https:\/\/med.estrategia.com\/portal\/wp-content\/uploads\/2023\/12\/arion-wolff-estrategia-med-150x150.jpg\",\"contentUrl\":\"https:\/\/med.estrategia.com\/portal\/wp-content\/uploads\/2023\/12\/arion-wolff-estrategia-med-150x150.jpg\",\"caption\":\"Arion Wolff\"},\"description\":\"Jornalista formado pela UNIFATEC e p\u00f3s-graduado em Jornalismo Digital pela UNINTER. Escrevo sobre medicina, resid\u00eancia m\u00e9dica e sa\u00fade. Entusiasta de filmes, livros, bons dramas e romances gen\u00e9ricos.\",\"sameAs\":[\"http:\/\/med.estrategia.com\"],\"url\":\"https:\/\/med.estrategia.com\/portal\/author\/arion-santos\/\"}]}<\/script>\n<!-- \/ Yoast SEO Premium plugin. -->","yoast_head_json":{"title":"Aumento na cobertura vacinal brasileira \u00e9 destaque na Semana Mundial de Imuniza\u00e7\u00e3o","description":"Nesta ter\u00e7a-feira (23), a ministra da Sa\u00fade, N\u00edsia Trindade, marcou presen\u00e7a na abertura da Semana Mundial de Imuniza\u00e7\u00e3o, um evento promovido pelo Fundo das Na\u00e7\u00f5es Unidas para a Inf\u00e2ncia (Unicef) em Bras\u00edlia.","robots":{"index":"index","follow":"follow","max-snippet":"max-snippet:-1","max-image-preview":"max-image-preview:large","max-video-preview":"max-video-preview:-1"},"canonical":"https:\/\/med.estrategia.com\/portal\/noticias\/aumento-na-cobertura-vacinal-brasileira-e-destaque-na-semana-mundial-de-imunizacao\/","og_locale":"pt_BR","og_type":"article","og_title":"Aumento na cobertura vacinal brasileira \u00e9 destaque na Semana Mundial de Imuniza\u00e7\u00e3o","og_description":"Nesta ter\u00e7a-feira (23), a ministra da Sa\u00fade, N\u00edsia Trindade, marcou presen\u00e7a na abertura da Semana Mundial de Imuniza\u00e7\u00e3o, um evento promovido pelo Fundo das Na\u00e7\u00f5es Unidas para a Inf\u00e2ncia (Unicef) em Bras\u00edlia.","og_url":"https:\/\/med.estrategia.com\/portal\/noticias\/aumento-na-cobertura-vacinal-brasileira-e-destaque-na-semana-mundial-de-imunizacao\/","og_site_name":"Estrat\u00e9gia MED","article_publisher":"https:\/\/www.facebook.com\/estrategiamed1","article_published_time":"2024-04-24T11:00:00+00:00","article_modified_time":"2024-04-24T12:23:05+00:00","og_image":[{"width":1380,"height":920,"url":"https:\/\/med.estrategia.com\/portal\/wp-content\/uploads\/2024\/04\/cobertura-vacinal-infantil-semana-imunizacao-brasil.jpg","type":"image\/jpeg"}],"author":"Arion Wolff","twitter_card":"summary_large_image","twitter_creator":"@estrategiamed_","twitter_site":"@estrategiamed_","twitter_misc":{"Escrito por":"Arion Wolff","Est. tempo de leitura":"3 minutos"},"schema":{"@context":"https:\/\/schema.org","@graph":[{"@type":"WebPage","@id":"https:\/\/med.estrategia.com\/portal\/noticias\/aumento-na-cobertura-vacinal-brasileira-e-destaque-na-semana-mundial-de-imunizacao\/","url":"https:\/\/med.estrategia.com\/portal\/noticias\/aumento-na-cobertura-vacinal-brasileira-e-destaque-na-semana-mundial-de-imunizacao\/","name":"Aumento na cobertura vacinal brasileira \u00e9 destaque na Semana Mundial de Imuniza\u00e7\u00e3o","isPartOf":{"@id":"https:\/\/med.estrategia.com\/portal\/#website"},"primaryImageOfPage":{"@id":"https:\/\/med.estrategia.com\/portal\/noticias\/aumento-na-cobertura-vacinal-brasileira-e-destaque-na-semana-mundial-de-imunizacao\/#primaryimage"},"image":{"@id":"https:\/\/med.estrategia.com\/portal\/noticias\/aumento-na-cobertura-vacinal-brasileira-e-destaque-na-semana-mundial-de-imunizacao\/#primaryimage"},"thumbnailUrl":"https:\/\/med.estrategia.com\/portal\/wp-content\/uploads\/2024\/04\/cobertura-vacinal-infantil-semana-imunizacao-brasil.jpg","datePublished":"2024-04-24T11:00:00+00:00","dateModified":"2024-04-24T12:23:05+00:00","author":{"@id":"https:\/\/med.estrategia.com\/portal\/#\/schema\/person\/b6aba49604868a427dd15c3b1fc6a8bc"},"description":"Nesta ter\u00e7a-feira (23), a ministra da Sa\u00fade, N\u00edsia Trindade, marcou presen\u00e7a na abertura da Semana Mundial de Imuniza\u00e7\u00e3o, um evento promovido pelo Fundo das Na\u00e7\u00f5es Unidas para a Inf\u00e2ncia (Unicef) em Bras\u00edlia.","breadcrumb":{"@id":"https:\/\/med.estrategia.com\/portal\/noticias\/aumento-na-cobertura-vacinal-brasileira-e-destaque-na-semana-mundial-de-imunizacao\/#breadcrumb"},"inLanguage":"pt-BR","potentialAction":[{"@type":"ReadAction","target":["https:\/\/med.estrategia.com\/portal\/noticias\/aumento-na-cobertura-vacinal-brasileira-e-destaque-na-semana-mundial-de-imunizacao\/"]}]},{"@type":"ImageObject","inLanguage":"pt-BR","@id":"https:\/\/med.estrategia.com\/portal\/noticias\/aumento-na-cobertura-vacinal-brasileira-e-destaque-na-semana-mundial-de-imunizacao\/#primaryimage","url":"https:\/\/med.estrategia.com\/portal\/wp-content\/uploads\/2024\/04\/cobertura-vacinal-infantil-semana-imunizacao-brasil.jpg","contentUrl":"https:\/\/med.estrategia.com\/portal\/wp-content\/uploads\/2024\/04\/cobertura-vacinal-infantil-semana-imunizacao-brasil.jpg","width":1380,"height":920,"caption":"Estrat\u00e9gia Med | Foto: Freepik"},{"@type":"BreadcrumbList","@id":"https:\/\/med.estrategia.com\/portal\/noticias\/aumento-na-cobertura-vacinal-brasileira-e-destaque-na-semana-mundial-de-imunizacao\/#breadcrumb","itemListElement":[{"@type":"ListItem","position":1,"name":"Home","item":"https:\/\/med.estrategia.com\/portal\/"},{"@type":"ListItem","position":2,"name":"Not\u00edcias","item":"https:\/\/med.estrategia.com\/portal\/noticias\/"},{"@type":"ListItem","position":3,"name":"Aumento na cobertura vacinal brasileira \u00e9 destaque na Semana Mundial de Imuniza\u00e7\u00e3o"}]},{"@type":"WebSite","@id":"https:\/\/med.estrategia.com\/portal\/#website","url":"https:\/\/med.estrategia.com\/portal\/","name":"Estrat\u00e9gia MED","description":"","potentialAction":[{"@type":"SearchAction","target":{"@type":"EntryPoint","urlTemplate":"https:\/\/med.estrategia.com\/portal\/?s={search_term_string}"},"query-input":{"@type":"PropertyValueSpecification","valueRequired":true,"valueName":"search_term_string"}}],"inLanguage":"pt-BR"},{"@type":"Person","@id":"https:\/\/med.estrategia.com\/portal\/#\/schema\/person\/b6aba49604868a427dd15c3b1fc6a8bc","name":"Arion Wolff","image":{"@type":"ImageObject","inLanguage":"pt-BR","@id":"https:\/\/med.estrategia.com\/portal\/#\/schema\/person\/image\/","url":"https:\/\/med.estrategia.com\/portal\/wp-content\/uploads\/2023\/12\/arion-wolff-estrategia-med-150x150.jpg","contentUrl":"https:\/\/med.estrategia.com\/portal\/wp-content\/uploads\/2023\/12\/arion-wolff-estrategia-med-150x150.jpg","caption":"Arion Wolff"},"description":"Jornalista formado pela UNIFATEC e p\u00f3s-graduado em Jornalismo Digital pela UNINTER. Escrevo sobre medicina, resid\u00eancia m\u00e9dica e sa\u00fade. Entusiasta de filmes, livros, bons dramas e romances gen\u00e9ricos.","sameAs":["http:\/\/med.estrategia.com"],"url":"https:\/\/med.estrategia.com\/portal\/author\/arion-santos\/"}]}},"_wl_alt_label":[],"wl:entity_url":"\/post\/aumento-na-cobertura-vacinal-brasileira-e-destaque-na-semana-mundial-de-imunizacao","_links":{"self":[{"href":"https:\/\/med.estrategia.com\/portal\/wp-json\/wp\/v2\/posts\/62278","targetHints":{"allow":["GET"]}}],"collection":[{"href":"https:\/\/med.estrategia.com\/portal\/wp-json\/wp\/v2\/posts"}],"about":[{"href":"https:\/\/med.estrategia.com\/portal\/wp-json\/wp\/v2\/types\/post"}],"author":[{"embeddable":true,"href":"https:\/\/med.estrategia.com\/portal\/wp-json\/wp\/v2\/users\/52"}],"replies":[{"embeddable":true,"href":"https:\/\/med.estrategia.com\/portal\/wp-json\/wp\/v2\/comments?post=62278"}],"version-history":[{"count":3,"href":"https:\/\/med.estrategia.com\/portal\/wp-json\/wp\/v2\/posts\/62278\/revisions"}],"predecessor-version":[{"id":62291,"href":"https:\/\/med.estrategia.com\/portal\/wp-json\/wp\/v2\/posts\/62278\/revisions\/62291"}],"wp:featuredmedia":[{"embeddable":true,"href":"https:\/\/med.estrategia.com\/portal\/wp-json\/wp\/v2\/media\/62281"}],"wp:attachment":[{"href":"https:\/\/med.estrategia.com\/portal\/wp-json\/wp\/v2\/media?parent=62278"}],"wp:term":[{"taxonomy":"category","embeddable":true,"href":"https:\/\/med.estrategia.com\/portal\/wp-json\/wp\/v2\/categories?post=62278"},{"taxonomy":"post_tag","embeddable":true,"href":"https:\/\/med.estrategia.com\/portal\/wp-json\/wp\/v2\/tags?post=62278"},{"taxonomy":"wl_entity_type","embeddable":true,"href":"https:\/\/med.estrategia.com\/portal\/wp-json\/wp\/v2\/wl_entity_type?post=62278"}],"curies":[{"name":"wp","href":"https:\/\/api.w.org\/{rel}","templated":true}]}}