{"id":62469,"date":"2023-04-26T09:57:00","date_gmt":"2023-04-26T12:57:00","guid":{"rendered":"https:\/\/med.estrategia.com\/portal\/?p=62469"},"modified":"2024-10-02T20:53:27","modified_gmt":"2024-10-02T23:53:27","slug":"residencia-medica-ses-go-confira-como-foi-a-edicao-2024","status":"publish","type":"post","link":"https:\/\/med.estrategia.com\/portal\/residencia-medica\/residencia-medica-ses-go-confira-como-foi-a-edicao-2024\/","title":{"rendered":"Resid\u00eancia M\u00e9dica SES-GO: confira como foi a edi\u00e7\u00e3o 2024"},"content":{"rendered":"<p>Se voc&ecirc; est&aacute; esperando o pr&oacute;ximo edital da <a class=\"wl-entity-page-link\" href=\"https:\/\/med.estrategia.com\/portal\/entidade\/ses-go-2\/\" data-id=\"\/entity\/ses-go-2;https:\/\/data.wordlift.io\/wl106637\/entity\/ses-go\">SES-GO<\/a> para <a class=\"wl-entity-page-link\" title=\"Resid&ecirc;ncia M&eacute;dica ou Re\" href=\"https:\/\/med.estrategia.com\/portal\/entidade\/residencia-medica\/\" data-id=\"\/entity\/residencia-medica;http:\/\/dbpedia.org\/resource\/Residency_(medicine);http:\/\/en.dbpedia.org\/resource\/Residency_(medicine);http:\/\/nl.dbpedia.org\/resource\/Arts-assistent;http:\/\/de.dbpedia.org\/resource\/&Auml;rztliche_Weiterbildung;http:\/\/fr.dbpedia.org\/resource\/R&eacute;sidence_(m&eacute;decine);http:\/\/lt.dbpedia.org\/resource\/Rezident&#363;ra_(studijos);http:\/\/pt.dbpedia.org\/resource\/Resid&ecirc;ncia_m&eacute;dica;http:\/\/ru.dbpedia.org\/resource\/&#1050;&#1083;&#1080;&#1085;&#1080;&#1095;&#1077;&#1089;&#1082;&#1072;&#1103;_&#1086;&#1088;&#1076;&#1080;&#1085;&#1072;&#1090;&#1091;&#1088;&#1072;;http:\/\/uk.dbpedia.org\/resource\/&#1054;&#1088;&#1076;&#1080;&#1085;&#1072;&#1090;&#1091;&#1088;&#1072;_&#1082;&#1083;&#1110;&#1085;&#1110;&#1095;&#1085;&#1072;;https:\/\/data.wordlift.io\/wl106637\/entity\/residencia-medica\">Resid&ecirc;ncia M&eacute;dica<\/a> sair, confira o que o <a class=\"wl-entity-page-link\" href=\"https:\/\/med.estrategia.com\/portal\/entidade\/estrategia-med-2\/\" data-id=\"\/entity\/estrategia-med-2;https:\/\/data.wordlift.io\/wl106637\/entity\/estrategia_med\">Estrat&eacute;gia MED<\/a> separou e saiba tudo sobre o seletivo! <div id=\"ez-toc-container\" class=\"ez-toc-v2_0_79_2 counter-hierarchy ez-toc-counter ez-toc-transparent ez-toc-container-direction\">\n<div class=\"ez-toc-title-container\"><p class=\"ez-toc-title\" style=\"cursor:inherit\">Navegue pelo conte\u00fado<\/p>\n<\/div><nav><ul class='ez-toc-list ez-toc-list-level-1 ' ><li class='ez-toc-page-1 ez-toc-heading-level-2'><a class=\"ez-toc-link ez-toc-heading-1\" href=\"https:\/\/med.estrategia.com\/portal\/residencia-medica\/residencia-medica-ses-go-confira-como-foi-a-edicao-2024\/#O-que-e-SES-GO\" >O que &eacute; SES-GO?<\/a><\/li><li class='ez-toc-page-1 ez-toc-heading-level-2'><a class=\"ez-toc-link ez-toc-heading-2\" href=\"https:\/\/med.estrategia.com\/portal\/residencia-medica\/residencia-medica-ses-go-confira-como-foi-a-edicao-2024\/#Instituicoes-participantes-da-SES-GO-Residencia-Medica\" >Institui&ccedil;&otilde;es participantes da SES-GO Resid&ecirc;ncia M&eacute;dica<\/a><\/li><li class='ez-toc-page-1 ez-toc-heading-level-2'><a class=\"ez-toc-link ez-toc-heading-3\" href=\"https:\/\/med.estrategia.com\/portal\/residencia-medica\/residencia-medica-ses-go-confira-como-foi-a-edicao-2024\/#Processo-Seletivo-da-SES-GO-Residencia-Medica-2024\" >Processo Seletivo da SES-GO Resid&ecirc;ncia M&eacute;dica 2024<\/a><ul class='ez-toc-list-level-3' ><li class='ez-toc-heading-level-3'><a class=\"ez-toc-link ez-toc-heading-4\" href=\"https:\/\/med.estrategia.com\/portal\/residencia-medica\/residencia-medica-ses-go-confira-como-foi-a-edicao-2024\/#Prova-Objetiva-1a-fase\" >Prova Objetiva (1&ordf; fase)<\/a><\/li><li class='ez-toc-page-1 ez-toc-heading-level-3'><a class=\"ez-toc-link ez-toc-heading-5\" href=\"https:\/\/med.estrategia.com\/portal\/residencia-medica\/residencia-medica-ses-go-confira-como-foi-a-edicao-2024\/#Analise-Curricular-2a-fase\" >An&aacute;lise Curricular (2&ordf; fase)<\/a><\/li><\/ul><\/li><li class='ez-toc-page-1 ez-toc-heading-level-2'><a class=\"ez-toc-link ez-toc-heading-6\" href=\"https:\/\/med.estrategia.com\/portal\/residencia-medica\/residencia-medica-ses-go-confira-como-foi-a-edicao-2024\/#Como-se-inscrever-para-a-prova-da-SES-GO\" >Como se inscrever para a prova da SES-GO?<\/a><\/li><li class='ez-toc-page-1 ez-toc-heading-level-2'><a class=\"ez-toc-link ez-toc-heading-7\" href=\"https:\/\/med.estrategia.com\/portal\/residencia-medica\/residencia-medica-ses-go-confira-como-foi-a-edicao-2024\/#Concorrencia-SES-GO-Residencia-Medica-2023\" >Concorr&ecirc;ncia SES-GO Resid&ecirc;ncia M&eacute;dica 2023<\/a><\/li><li class='ez-toc-page-1 ez-toc-heading-level-2'><a class=\"ez-toc-link ez-toc-heading-8\" href=\"https:\/\/med.estrategia.com\/portal\/residencia-medica\/residencia-medica-ses-go-confira-como-foi-a-edicao-2024\/#Notas-de-corte-SES-GO-Residencia-Medica-2024\" >Notas de corte SES-GO Resid&ecirc;ncia M&eacute;dica 2024<\/a><\/li><li class='ez-toc-page-1 ez-toc-heading-level-2'><a class=\"ez-toc-link ez-toc-heading-9\" href=\"https:\/\/med.estrategia.com\/portal\/residencia-medica\/residencia-medica-ses-go-confira-como-foi-a-edicao-2024\/#HCN-%E2%80%93-Hospital-Estadual-do-Centro-Norte-Goiano\" >HCN &ndash; Hospital Estadual do Centro-Norte Goiano<\/a><\/li><li class='ez-toc-page-1 ez-toc-heading-level-2'><a class=\"ez-toc-link ez-toc-heading-10\" href=\"https:\/\/med.estrategia.com\/portal\/residencia-medica\/residencia-medica-ses-go-confira-como-foi-a-edicao-2024\/#HGG-%E2%80%93-Hospital-Estadual-Geral-de-Goiania-Dr-Alberto-Rassi\" >HGG &ndash; Hospital Estadual Geral de Goi&acirc;nia Dr. Alberto Rassi<\/a><\/li><li class='ez-toc-page-1 ez-toc-heading-level-2'><a class=\"ez-toc-link ez-toc-heading-11\" href=\"https:\/\/med.estrategia.com\/portal\/residencia-medica\/residencia-medica-ses-go-confira-como-foi-a-edicao-2024\/#CRESM-%E2%80%93-Complexo-de-Referencia-Estadual-em-Saude-Mental-Prof-Jamil-Issy\" >CRESM &ndash; Complexo de Refer&ecirc;ncia Estadual em Sa&uacute;de Mental Prof. Jamil Issy<\/a><\/li><li class='ez-toc-page-1 ez-toc-heading-level-2'><a class=\"ez-toc-link ez-toc-heading-12\" href=\"https:\/\/med.estrategia.com\/portal\/residencia-medica\/residencia-medica-ses-go-confira-como-foi-a-edicao-2024\/#HUGOL-%E2%80%93-Hospital-Estadual-de-Urgencias-da-Regiao-Noroeste-de-Goiania-Governador-Otavio-Lage-de-Siqueira\" >HUGOL &ndash; Hospital Estadual de Urg&ecirc;ncias da Regi&atilde;o Noroeste de Goi&acirc;nia Governador Ot&aacute;vio Lage de Siqueira<\/a><\/li><li class='ez-toc-page-1 ez-toc-heading-level-2'><a class=\"ez-toc-link ez-toc-heading-13\" href=\"https:\/\/med.estrategia.com\/portal\/residencia-medica\/residencia-medica-ses-go-confira-como-foi-a-edicao-2024\/#Nota-final-SES-GO\" >Nota final SES-GO<\/a><\/li><li class='ez-toc-page-1 ez-toc-heading-level-2'><a class=\"ez-toc-link ez-toc-heading-14\" href=\"https:\/\/med.estrategia.com\/portal\/residencia-medica\/residencia-medica-ses-go-confira-como-foi-a-edicao-2024\/#Como-sera-a-edicao-2024-da-SES-GO-para-Residencia-Medica\" >Como ser&aacute; a edi&ccedil;&atilde;o 2024 da SES-GO para Resid&ecirc;ncia M&eacute;dica<\/a><ul class='ez-toc-list-level-3' ><li class='ez-toc-heading-level-3'><a class=\"ez-toc-link ez-toc-heading-15\" href=\"https:\/\/med.estrategia.com\/portal\/residencia-medica\/residencia-medica-ses-go-confira-como-foi-a-edicao-2024\/#Cronograma-SES-GO-2024\" >Cronograma SES-GO 2024<\/a><\/li><li class='ez-toc-page-1 ez-toc-heading-level-3'><a class=\"ez-toc-link ez-toc-heading-16\" href=\"https:\/\/med.estrategia.com\/portal\/residencia-medica\/residencia-medica-ses-go-confira-como-foi-a-edicao-2024\/#Especialidades-e-Vagas-2024\" >Especialidades e Vagas 2024<\/a><\/li><li class='ez-toc-page-1 ez-toc-heading-level-3'><a class=\"ez-toc-link ez-toc-heading-17\" href=\"https:\/\/med.estrategia.com\/portal\/residencia-medica\/residencia-medica-ses-go-confira-como-foi-a-edicao-2024\/#Resultado-final\" >Resultado final<\/a><\/li><\/ul><\/li><li class='ez-toc-page-1 ez-toc-heading-level-2'><a class=\"ez-toc-link ez-toc-heading-18\" href=\"https:\/\/med.estrategia.com\/portal\/residencia-medica\/residencia-medica-ses-go-confira-como-foi-a-edicao-2024\/#Como-se-preparar-para-a-SES-GO-2025\" >Como se preparar para a SES-GO 2025?<\/a><ul class='ez-toc-list-level-3' ><li class='ez-toc-heading-level-3'><a class=\"ez-toc-link ez-toc-heading-19\" href=\"https:\/\/med.estrategia.com\/portal\/residencia-medica\/residencia-medica-ses-go-confira-como-foi-a-edicao-2024\/#Danilo-Alvim-de-Paiva-Goncalves-Filho-1o-Lugar-em-Radiologia-e-Diagnostico-por-Imagem\" >Danilo Alvim de Paiva Gon&ccedil;alves Filho 1&ordm; Lugar em Radiologia e Diagn&oacute;stico por Imagem<\/a><\/li><\/ul><\/li><li class='ez-toc-page-1 ez-toc-heading-level-2'><a class=\"ez-toc-link ez-toc-heading-20\" href=\"https:\/\/med.estrategia.com\/portal\/residencia-medica\/residencia-medica-ses-go-confira-como-foi-a-edicao-2024\/#Veja-tambem\" >Veja tamb&eacute;m:<\/a><\/li><\/ul><\/nav><\/div>\n<h2 class=\"wp-block-heading\"><span class=\"ez-toc-section\" id=\"O-que-e-SES-GO\"><\/span>O que &eacute; SES-GO?<span class=\"ez-toc-section-end\"><\/span><\/h2><p><strong>SES-GO<\/strong> &eacute; a Secretaria de Estado de Sa&uacute;de do Governo do Estado de Goi&aacute;s, que promove, anualmente, um dos maiores processos seletivos de Goi&aacute;s para Resid&ecirc;ncia M&eacute;dica.<\/p><div class=\"wp-block-image is-resized\">\n<figure class=\"aligncenter size-large\"><img decoding=\"async\" width=\"900\" height=\"335\" src=\"https:\/\/med.estrategia.com\/portal\/wp-content\/uploads\/2020\/11\/Hospital-Estadual-Geral-de-Goiania-Dr.-Alberto-Rassi-HGG.jpg\" alt=\"SES-GO Resid&ecirc;ncia M&eacute;dica\" class=\"wp-image-8449\" srcset=\"https:\/\/med.estrategia.com\/portal\/wp-content\/uploads\/2020\/11\/Hospital-Estadual-Geral-de-Goiania-Dr.-Alberto-Rassi-HGG.jpg 900w, https:\/\/med.estrategia.com\/portal\/wp-content\/uploads\/2020\/11\/Hospital-Estadual-Geral-de-Goiania-Dr.-Alberto-Rassi-HGG-300x112.jpg 300w, https:\/\/med.estrategia.com\/portal\/wp-content\/uploads\/2020\/11\/Hospital-Estadual-Geral-de-Goiania-Dr.-Alberto-Rassi-HGG-768x286.jpg 768w, https:\/\/med.estrategia.com\/portal\/wp-content\/uploads\/2020\/11\/Hospital-Estadual-Geral-de-Goiania-Dr.-Alberto-Rassi-HGG-380x141.jpg 380w, https:\/\/med.estrategia.com\/portal\/wp-content\/uploads\/2020\/11\/Hospital-Estadual-Geral-de-Goiania-Dr.-Alberto-Rassi-HGG-800x298.jpg 800w\" sizes=\"(max-width: 900px) 100vw, 900px\" \/><figcaption class=\"wp-element-caption\">Hospital Estadual Geral de Goi&acirc;nia Dr. Alberto Rassi (HGG), uma das unidades sob responsabilidade da SES-GO. Foto: Divulga&ccedil;&atilde;o Secretaria de Estado de Sa&uacute;de do Governo do Estado de Goi&aacute;s <\/figcaption><\/figure><\/div><div class=\"wp-block-buttons is-horizontal is-content-justification-center is-layout-flex wp-container-core-buttons-is-layout-1 wp-block-buttons-is-layout-flex\">\n<div class=\"wp-block-button\"><a class=\"wp-block-button__link has-background wp-element-button\" href=\"https:\/\/med.estrategia.com\/cursos\/\" style=\"background-color:#0ba4ae\" target=\"_blank\">Conhe&ccedil;a os cursos do Estrat&eacute;gia MED!<\/a><\/div>\n<\/div><h2 class=\"wp-block-heading\"><span class=\"ez-toc-section\" id=\"Instituicoes-participantes-da-SES-GO-Residencia-Medica\"><\/span>Institui&ccedil;&otilde;es participantes da SES-GO Resid&ecirc;ncia M&eacute;dica<span class=\"ez-toc-section-end\"><\/span><\/h2><p>Os programas de resid&ecirc;ncia ser&atilde;o realizados em <strong>quatro unidades<\/strong> sob responsabilidade da SES-GO. Confira os hospitais:<\/p><ul class=\"wp-block-list\">\n<li>Hospital Estadual do Centro-Norte Goiano (HCN);<\/li>\n\n\n\n<li>Complexo Referencial Estadual de Sa&uacute;de Mental;<\/li>\n\n\n\n<li>Hospital Estadual de Urg&ecirc;ncias Governador Ot&aacute;vio Lage de Siqueira (HUGOL); e<\/li>\n\n\n\n<li>Hospital Estadual Dr. Alberto Rassi (HGG).<\/li>\n<\/ul><h2 class=\"wp-block-heading\"><span class=\"ez-toc-section\" id=\"Processo-Seletivo-da-SES-GO-Residencia-Medica-2024\"><\/span>Processo Seletivo da SES-GO Resid&ecirc;ncia M&eacute;dica 2024<span class=\"ez-toc-section-end\"><\/span><\/h2><p>O processo seletivo foi composto de duas fases: prova objetiva e an&aacute;lise curricular. Confira os detalhes de cada uma abaixo!<\/p><h3 class=\"wp-block-heading\"><span class=\"ez-toc-section\" id=\"Prova-Objetiva-1a-fase\"><\/span>Prova Objetiva (1&ordf; fase)<span class=\"ez-toc-section-end\"><\/span><\/h3><p>A prova objetiva foi equivalente a 90% da pontua&ccedil;&atilde;o final, com peso de 100 pontos. O exame &eacute; de m&uacute;ltipla escolha, no modelo ABCD, com dura&ccedil;&atilde;o de 4 horas. <\/p><p>Para as especialidades de <strong>Acesso Direto<\/strong>, foram 100 quest&otilde;es e o conte&uacute;do da prova &eacute; definido a partir das seguintes &aacute;reas:<\/p><ul class=\"wp-block-list\">\n<li>Cl&iacute;nica Cir&uacute;rgica;<\/li>\n\n\n\n<li>Cl&iacute;nica M&eacute;dica;<\/li>\n\n\n\n<li>Medicina Preventiva e Social;<\/li>\n\n\n\n<li>Medicina Geral de Fam&iacute;lia e Comunidade;<\/li>\n\n\n\n<li>Ginecologia e Obstetr&iacute;cia; e<\/li>\n\n\n\n<li>Pediatria.<\/li>\n<\/ul><p>J&aacute; para as especialidades com <strong>Pr&eacute;-Requisito<\/strong>, foram 50 quest&otilde;es com foco no conte&uacute;do da especialidade exigida como pr&eacute;-requisito para ingresso no programa.<\/p><p>No dia 11 de dezembro, a SES-GO divulgou seus gabaritos e provas aplicadas na edi&ccedil;&atilde;o 2024. Confira:<\/p><div class=\"wp-block-buttons is-content-justification-center is-layout-flex wp-container-core-buttons-is-layout-2 wp-block-buttons-is-layout-flex\">\n<div class=\"wp-block-button\"><a class=\"wp-block-button__link wp-element-button\" href=\"https:\/\/med.estrategia.com\/portal\/wp-content\/uploads\/2023\/12\/Areas-Basicas-e-Especialidades-de-Acesso-Direto-R1-2024.pdf\" target=\"_blank\">Gabarito preliminar &ndash; acesso direto<\/a><\/div>\n\n\n\n<div class=\"wp-block-button\"><a class=\"wp-block-button__link wp-element-button\" href=\"\" target=\"_blank\">Gabarito preliminar &ndash; pr&eacute;-requisito<\/a><\/div>\n\n\n\n<div class=\"wp-block-button\"><a class=\"wp-block-button__link wp-element-button\" href=\"https:\/\/sistemas.institutoverbena.ufg.br\/2024\/coreme-ses\/sistema\/provas_gabaritos\/provas_gabaritos_preliminares%20coreme-ses-2024_%24%23%24%40.html\" target=\"_blank\">provas aplicadas<\/a><\/div>\n\n\n\n<div class=\"wp-block-button\"><a class=\"wp-block-button__link wp-element-button\" href=\"https:\/\/med.estrategia.com\/portal\/wp-content\/uploads\/2024\/02\/2024_02_08_COREMESES2023_Resultado_Final_PO_AC_-_REPROCESSADO.pdf\" target=\"_blank\">Resultado final prova objetiva AC<\/a><\/div>\n<\/div><h3 class=\"wp-block-heading\"><span class=\"ez-toc-section\" id=\"Analise-Curricular-2a-fase\"><\/span>An&aacute;lise Curricular (2&ordf; fase)<span class=\"ez-toc-section-end\"><\/span><\/h3><p>Os alunos que forem aprovados na prova objetiva do processo seletivo foram convocados a enviar o seu <a href=\"https:\/\/med.estrategia.com\/portal\/residencia-medica\/analise-curricular\/analise-curricular-residencia-medica\/\" target=\"_blank\">Curriculum Vitae para an&aacute;lise<\/a>. Essa fase tamb&eacute;m tem pontua&ccedil;&atilde;o m&aacute;xima de 100 pontos.<\/p><div class=\"wp-block-buttons is-content-justification-center is-layout-flex wp-container-core-buttons-is-layout-3 wp-block-buttons-is-layout-flex\">\n<div class=\"wp-block-button\"><a class=\"wp-block-button__link wp-element-button\" href=\"https:\/\/med.estrategia.com\/portal\/noticias\/ses-go-2024-veja-o-resultado-da-1a-etapa-da-selecao-para-residencia-medica\/\" target=\"_blank\">Confira os convocados para essa etapa<\/a><\/div>\n\n\n\n<div class=\"wp-block-button\"><a class=\"wp-block-button__link wp-element-button\" href=\"https:\/\/med.estrategia.com\/portal\/wp-content\/uploads\/2023\/12\/ANEXO_V_MODELO_DE_SUMARIO_CURRICULO_COREME-SES_2024.pdf\" target=\"_blank\">Confira o modelo de curr&iacute;culo<\/a><\/div>\n\n\n\n<div class=\"wp-block-button\"><a class=\"wp-block-button__link wp-element-button\" href=\"https:\/\/med.estrategia.com\/portal\/wp-content\/uploads\/2024\/02\/2024_02_08_COREMESES2023_Resultado_Final_Curriculo_AC_-_REPROCESSADO.pdf\" target=\"_blank\">Resultado final an&aacute;lise curricular AC<\/a><\/div>\n<\/div><p>Confira abaixo os crit&eacute;rios de pontua&ccedil;&atilde;o:<\/p><figure class=\"wp-block-table is-style-stripes\"><table class=\"has-light-green-cyan-to-vivid-green-cyan-gradient-background has-background has-fixed-layout\"><thead><tr><th> <strong>CRIT&Eacute;RIO<\/strong> <\/th><th class=\"has-text-align-center\" data-align=\"center\"> <strong>PONTUA&Ccedil;&Atilde;O M&Aacute;XIMA<\/strong> <\/th><\/tr><\/thead><tbody><tr><td>Hist&oacute;rico Escolar do Curso de Medicina<\/td><td class=\"has-text-align-center\" data-align=\"center\">25,00<\/td><\/tr><tr><td>Institui&ccedil;&atilde;o de Ensino de Origem<\/td><td class=\"has-text-align-center\" data-align=\"center\">12,00<\/td><\/tr><tr><td>Programa Oficial de Estudo, Pesquisa ou Extens&atilde;o<\/td><td class=\"has-text-align-center\" data-align=\"center\">10,00<\/td><\/tr><tr><td>Monitoria<\/td><td class=\"has-text-align-center\" data-align=\"center\">5,00<\/td><\/tr><tr><td>Publica&ccedil;&otilde;es de Artigos Completos em Peri&oacute;dicos com Corpo Editorial ou Cap&iacute;tulo de Livro em Editora com Conselho Editorial<\/td><td class=\"has-text-align-center\" data-align=\"center\">10,00<\/td><\/tr><tr><td>Trabalhos Cient&iacute;ficos<\/td><td class=\"has-text-align-center\" data-align=\"center\">6,00<\/td><\/tr><tr><td>Participa&ccedil;&atilde;o em Associa&ccedil;&otilde;es e Representa&ccedil;&otilde;es<\/td><td class=\"has-text-align-center\" data-align=\"center\">5,00<\/td><\/tr><tr><td>Participa&ccedil;&atilde;o em Eventos Cient&iacute;ficos<\/td><td class=\"has-text-align-center\" data-align=\"center\">5,00<\/td><\/tr><tr><td>Participa&ccedil;&atilde;o e Aprova&ccedil;&atilde;o em Curso de Suporte Avan&ccedil;ado &agrave; Vida<\/td><td class=\"has-text-align-center\" data-align=\"center\">4,00<\/td><\/tr><tr><td>Atividade de Extens&atilde;o e Extracurriculares<\/td><td class=\"has-text-align-center\" data-align=\"center\">10,00<\/td><\/tr><tr><td>Est&aacute;gio<\/td><td class=\"has-text-align-center\" data-align=\"center\">3,00<\/td><\/tr><tr><td>Teste de Egresso<\/td><td class=\"has-text-align-center\" data-align=\"center\">5,00<\/td><\/tr><\/tbody><\/table><\/figure><h2 class=\"wp-block-heading\" id=\"h-como-se-inscrever-para-a-prova-da-ses-go\"><span class=\"ez-toc-section\" id=\"Como-se-inscrever-para-a-prova-da-SES-GO\"><\/span>Como se inscrever para a prova da SES-GO?<span class=\"ez-toc-section-end\"><\/span><\/h2><p>O candidato interessado poderia se inscrever pela <a href=\"https:\/\/institutoverbena.ufg.br\/n\/175954-coreme-ses-2024\" target=\"_blank\">p&aacute;gina do processo seletivo<\/a> no site do Instituto Verbena, respons&aacute;vel pela sele&ccedil;&atilde;o. <\/p><p>A<strong> taxa de inscri&ccedil;&atilde;o<\/strong> era de <strong>R$500,00<\/strong> para at&eacute; duas inscri&ccedil;&otilde;es e R$400,00 para tr&ecirc;s ou mais inscri&ccedil;&otilde;es, por&eacute;m, a banca organizadora permite que o candidato solicite a<strong> isen&ccedil;&atilde;o de taxa de inscri&ccedil;&atilde;o<\/strong> durante os <strong>tr&ecirc;s primeiros dias de inscri&ccedil;&atilde;o<\/strong>. <\/p><div class=\"wp-block-buttons is-content-justification-center is-layout-flex wp-container-core-buttons-is-layout-4 wp-block-buttons-is-layout-flex\">\n<div class=\"wp-block-button\"><a class=\"wp-block-button__link wp-element-button\" href=\"https:\/\/med.estrategia.com\/portal\/wp-content\/uploads\/2023\/12\/2405_07122023_lista_homologados_final-1.pdf\" target=\"_blank\">Confira as inscri&ccedil;&otilde;es deferidas<\/a><\/div>\n<\/div><h2 class=\"wp-block-heading\"><span class=\"ez-toc-section\" id=\"Concorrencia-SES-GO-Residencia-Medica-2023\"><\/span>Concorr&ecirc;ncia SES-GO Resid&ecirc;ncia M&eacute;dica 2023<span class=\"ez-toc-section-end\"><\/span><\/h2><p>Confira como ficou a rela&ccedil;&atilde;o candidato\/vaga das especialidades mais concorridas da SES-GO 2023 e j&aacute; mensure a concorr&ecirc;ncia para as pr&oacute;ximas edi&ccedil;&otilde;es:<\/p><figure class=\"wp-block-table\"><table><thead><tr><th> Especialidade <\/th><th class=\"has-text-align-center\" data-align=\"center\"> Vagas <\/th><th class=\"has-text-align-center\" data-align=\"center\"> Inscritos <\/th><th class=\"has-text-align-center\" data-align=\"center\"> Concorr&ecirc;ncia <\/th><\/tr><\/thead><tbody><tr><td>Dermatologia<\/td><td class=\"has-text-align-center\" data-align=\"center\">2<\/td><td class=\"has-text-align-center\" data-align=\"center\">74<\/td><td class=\"has-text-align-center\" data-align=\"center\">37<\/td><\/tr><tr><td>Psiquiatria<\/td><td class=\"has-text-align-center\" data-align=\"center\">3<\/td><td class=\"has-text-align-center\" data-align=\"center\">95<\/td><td class=\"has-text-align-center\" data-align=\"center\">31,66<\/td><\/tr><tr><td>Neurocirurgia<\/td><td class=\"has-text-align-center\" data-align=\"center\">1<\/td><td class=\"has-text-align-center\" data-align=\"center\">28<\/td><td class=\"has-text-align-center\" data-align=\"center\">28<\/td><\/tr><tr><td><a class=\"wl-entity-page-link\" title=\"GINECOLOGIA E OBSTETR&Iacute;CIA\" href=\"https:\/\/med.estrategia.com\/portal\/entidade\/ginecologia-e-obstetricia\/\" data-id=\"\/entity\/ginecologia-e-obstetricia;http:\/\/www.wikidata.org\/entity\/Q80015;https:\/\/data.wordlift.io\/wl106637\/entity\/ginecologia-e-obstetricia\">Ginecologia e Obstetr&iacute;cia<\/a>*<\/td><td class=\"has-text-align-center\" data-align=\"center\">6<\/td><td class=\"has-text-align-center\" data-align=\"center\">156<\/td><td class=\"has-text-align-center\" data-align=\"center\">26<\/td><\/tr><tr><td><a class=\"wl-entity-page-link\" title=\"Psiquiatria\" href=\"https:\/\/med.estrategia.com\/portal\/entidade\/otorrinolaringologia\/\" data-id=\"\/entity\/otorrinolaringologia;http:\/\/dbpedia.org\/resource\/Otorhinolaryngology;http:\/\/de.dbpedia.org\/resource\/Hals-Nasen-Ohren-Heilkunde;http:\/\/pt.dbpedia.org\/resource\/Otorrinolaringologia;http:\/\/hr.dbpedia.org\/resource\/Otorinolaringologija;http:\/\/fr.dbpedia.org\/resource\/Oto-rhino-laryngologie;http:\/\/sl.dbpedia.org\/resource\/Otorinolaringologija;http:\/\/id.dbpedia.org\/resource\/Otolaringologi;http:\/\/sq.dbpedia.org\/resource\/Otorinolaringologjia;http:\/\/ca.dbpedia.org\/resource\/Otorinolaringologia;http:\/\/en.dbpedia.org\/resource\/Otorhinolaryngology;http:\/\/it.dbpedia.org\/resource\/Otorinolaringoiatria;http:\/\/cs.dbpedia.org\/resource\/Otorhinolaryngologie;http:\/\/pl.dbpedia.org\/resource\/Otorynolaryngologia;http:\/\/ro.dbpedia.org\/resource\/Otorinolaringologie;http:\/\/da.dbpedia.org\/resource\/Oto-rhino-laryngologi;http:\/\/nl.dbpedia.org\/resource\/Otorinolaryngologie;http:\/\/tr.dbpedia.org\/resource\/Otorinolarengoloji;http:\/\/no.dbpedia.org\/resource\/&Oslash;re-nese-hals;http:\/\/be.dbpedia.org\/resource\/&#1054;&#1090;&#1072;&#1088;&#1099;&#1085;&#1072;&#1083;&#1072;&#1088;&#1099;&#1085;&#1075;&#1072;&#1083;&#1086;&#1075;&#1110;&#1103;;http:\/\/ru.dbpedia.org\/resource\/&#1054;&#1090;&#1086;&#1088;&#1080;&#1085;&#1086;&#1083;&#1072;&#1088;&#1080;&#1085;&#1075;&#1086;&#1083;&#1086;&#1075;&#1080;&#1103;;http:\/\/bg.dbpedia.org\/resource\/&#1054;&#1090;&#1086;&#1088;&#1080;&#1085;&#1086;&#1083;&#1072;&#1088;&#1080;&#1085;&#1075;&#1086;&#1083;&#1086;&#1075;&#1080;&#1103;;http:\/\/uk.dbpedia.org\/resource\/&#1054;&#1090;&#1086;&#1088;&#1080;&#1085;&#1086;&#1083;&#1072;&#1088;&#1080;&#1085;&#1075;&#1086;&#1083;&#1086;&#1075;&#1110;&#1103;;http:\/\/sk.dbpedia.org\/resource\/Otorinolaryngol&oacute;gia;http:\/\/sv.dbpedia.org\/resource\/&Ouml;ron-,_n&auml;s-_och_halssjukdomar;http:\/\/es.dbpedia.org\/resource\/Otorrinolaringolog&iacute;a;https:\/\/data.wordlift.io\/wl106637\/entity\/otorrinolaringologia\">Otorrinolaringologia<\/a><\/td><td class=\"has-text-align-center\" data-align=\"center\">3<\/td><td class=\"has-text-align-center\" data-align=\"center\">64<\/td><td class=\"has-text-align-center\" data-align=\"center\">21,33<\/td><\/tr><tr><td><a class=\"wl-entity-page-link\" title=\"Cirurgia&nbsp;Geral\" href=\"https:\/\/med.estrategia.com\/portal\/entidade\/cirurgia-geral\/\" data-id=\"\/entity\/cirurgia-geral;http:\/\/dbpedia.org\/resource\/General_surgery;http:\/\/pt.dbpedia.org\/resource\/Cirurgia_geral;http:\/\/en.dbpedia.org\/resource\/General_surgery;http:\/\/it.dbpedia.org\/resource\/Chirurgia_generale;http:\/\/tr.dbpedia.org\/resource\/Genel_cerrahi;http:\/\/ca.dbpedia.org\/resource\/Cirurgia_general_i_digestiva;http:\/\/nl.dbpedia.org\/resource\/Algemene_chirurgie;http:\/\/ru.dbpedia.org\/resource\/&#1054;&#1073;&#1097;&#1072;&#1103;_&#1093;&#1080;&#1088;&#1091;&#1088;&#1075;&#1080;&#1103;;http:\/\/hu.dbpedia.org\/resource\/&Aacute;ltal&aacute;nos_seb&eacute;szet;http:\/\/es.dbpedia.org\/resource\/Cirug&iacute;a_general;http:\/\/pl.dbpedia.org\/resource\/Chirurgia_og&oacute;lna;http:\/\/ro.dbpedia.org\/resource\/Chirurgie_general&#259;;https:\/\/data.wordlift.io\/wl106637\/entity\/cirurgia-geral\">Cirurgia Geral<\/a>*<\/td><td class=\"has-text-align-center\" data-align=\"center\">13<\/td><td class=\"has-text-align-center\" data-align=\"center\">218<\/td><td class=\"has-text-align-center\" data-align=\"center\">16,76<\/td><\/tr><tr><td>Neurologia<\/td><td class=\"has-text-align-center\" data-align=\"center\">4<\/td><td class=\"has-text-align-center\" data-align=\"center\">55<\/td><td class=\"has-text-align-center\" data-align=\"center\">13,75<\/td><\/tr><tr><td><a class=\"wl-entity-page-link\" href=\"https:\/\/med.estrategia.com\/portal\/entidade\/anestesiologia\/\" data-id=\"\/entity\/anestesiologia;http:\/\/www.wikidata.org\/entity\/Q615057;https:\/\/data.wordlift.io\/wl106637\/entity\/anestesiologia\">Anestesiologia<\/a><\/td><td class=\"has-text-align-center\" data-align=\"center\">13<\/td><td class=\"has-text-align-center\" data-align=\"center\">162<\/td><td class=\"has-text-align-center\" data-align=\"center\">12,46<\/td><\/tr><tr><td><a class=\"wl-entity-page-link\" title=\"RADIOLOGIA E DIAGN&Oacute;STICO POR IMAGEM\" href=\"https:\/\/med.estrategia.com\/portal\/entidade\/radiologia-e-diagnostico-por-imagem\/\" data-id=\"\/entity\/radiologia-e-diagnostico-por-imagem;http:\/\/pt.dbpedia.org\/resource\/Diagn&oacute;stico_por_imagem;https:\/\/data.wordlift.io\/wl106637\/entity\/radiologia-e-diagnostico-por-imagem\">Radiologia e Diagn&oacute;stico por Imagem<\/a><\/td><td class=\"has-text-align-center\" data-align=\"center\">5<\/td><td class=\"has-text-align-center\" data-align=\"center\">55<\/td><td class=\"has-text-align-center\" data-align=\"center\">11<\/td><\/tr><\/tbody><\/table><\/figure><p>Quer saber a concorr&ecirc;ncia das demais especialidades? <a href=\"https:\/\/med.estrategia.com\/portal\/noticias\/ses-go-2023-confira-a-relacao-candidato-vaga-para-residencia-medica\/\" target=\"_blank\">Confira aqui!<\/a><\/p><h2 class=\"wp-block-heading\" id=\"h-notas-de-corte-ses-go-residencia-medica-2024\"><span class=\"ez-toc-section\" id=\"Notas-de-corte-SES-GO-Residencia-Medica-2024\"><\/span>Notas de corte SES-GO Resid&ecirc;ncia M&eacute;dica 2024<span class=\"ez-toc-section-end\"><\/span><\/h2><p>Confira as notas de corte para ser aprovado no processo seletivo da SES-GO com base na &uacute;ltima edi&ccedil;&atilde;o aplicada, com ingresso em 2024:<\/p><h2 class=\"wp-block-heading\" id=\"h-hcn-hospital-estadual-do-centro-norte-goiano\"><span class=\"ez-toc-section\" id=\"HCN-%E2%80%93-Hospital-Estadual-do-Centro-Norte-Goiano\"><\/span>HCN &ndash; Hospital Estadual do Centro-Norte Goiano<span class=\"ez-toc-section-end\"><\/span><\/h2><figure class=\"wp-block-table\"><table><tbody><tr><td><strong>ESPECIALIDADE<\/strong><\/td><td class=\"has-text-align-center\" data-align=\"center\"><strong>NOTA DE CORTE 2024<\/strong><\/td><\/tr><tr><td>Anestesiologia<\/td><td class=\"has-text-align-center\" data-align=\"center\">69,5<\/td><\/tr><tr><td>Cirurgia Geral<\/td><td class=\"has-text-align-center\" data-align=\"center\">69<\/td><\/tr><tr><td>Cl&iacute;nica M&eacute;dica<\/td><td class=\"has-text-align-center\" data-align=\"center\">63,1<\/td><\/tr><\/tbody><\/table><\/figure><h2 class=\"wp-block-heading\" id=\"h-hgg-hospital-estadual-geral-de-goiania-dr-alberto-rassi\"><span class=\"ez-toc-section\" id=\"HGG-%E2%80%93-Hospital-Estadual-Geral-de-Goiania-Dr-Alberto-Rassi\"><\/span>HGG &ndash; Hospital Estadual Geral de Goi&acirc;nia Dr. Alberto Rassi<span class=\"ez-toc-section-end\"><\/span><\/h2><figure class=\"wp-block-table\"><table><tbody><tr><td><strong>ESPECIALIDADE<\/strong><\/td><td class=\"has-text-align-center\" data-align=\"center\"><strong>NOTA DE CORTE 2024<\/strong><\/td><\/tr><tr><td>Anestesiologia<\/td><td class=\"has-text-align-center\" data-align=\"center\">71,5<\/td><\/tr><tr><td>Cirurgia Geral<\/td><td class=\"has-text-align-center\" data-align=\"center\">72,1<\/td><\/tr><tr><td>Cl&iacute;nica M&eacute;dica<\/td><td class=\"has-text-align-center\" data-align=\"center\">67,1<\/td><\/tr><tr><td>Medicina Intensiva<\/td><td class=\"has-text-align-center\" data-align=\"center\">67,7<\/td><\/tr><tr><td>Neurocirurgia<\/td><td class=\"has-text-align-center\" data-align=\"center\">72,1<\/td><\/tr><tr><td>Neurologia<\/td><td class=\"has-text-align-center\" data-align=\"center\">71,5<\/td><\/tr><tr><td>Otorrinolaringologia<\/td><td class=\"has-text-align-center\" data-align=\"center\">73,4<\/td><\/tr><tr><td>Psiquiatria<\/td><td class=\"has-text-align-center\" data-align=\"center\">72,6<\/td><\/tr><tr><td>Cardiologia<\/td><td class=\"has-text-align-center\" data-align=\"center\">70,5<\/td><\/tr><tr><td>Endocrinologia e Metabologia<\/td><td class=\"has-text-align-center\" data-align=\"center\">81,2<\/td><\/tr><tr><td>Gastroenterologia<\/td><td class=\"has-text-align-center\" data-align=\"center\">76<\/td><\/tr><tr><td>Nefrologia<\/td><td class=\"has-text-align-center\" data-align=\"center\">68,4<\/td><\/tr><tr><td>Pneumologia<\/td><td class=\"has-text-align-center\" data-align=\"center\">72,4<\/td><\/tr><tr><td>Reumatologia<\/td><td class=\"has-text-align-center\" data-align=\"center\">82,8<\/td><\/tr><tr><td>Cirurgia do Aparelho Digestivo<\/td><td class=\"has-text-align-center\" data-align=\"center\">76,7<\/td><\/tr><tr><td>Cirurgia Pl&aacute;stica<\/td><td class=\"has-text-align-center\" data-align=\"center\">89,5<\/td><\/tr><tr><td>Cirurgia Vascular<\/td><td class=\"has-text-align-center\" data-align=\"center\">82,6<\/td><\/tr><tr><td>Coloproctologia<\/td><td class=\"has-text-align-center\" data-align=\"center\">80,5<\/td><\/tr><tr><td>Urologia<\/td><td class=\"has-text-align-center\" data-align=\"center\">83,8<\/td><\/tr><tr><td>Medicina Paliativa<\/td><td class=\"has-text-align-center\" data-align=\"center\">63,1<\/td><\/tr><tr><td>Endoscopia<\/td><td class=\"has-text-align-center\" data-align=\"center\">70,8<\/td><\/tr><tr><td>Endoscopia Ginecol&oacute;gica<\/td><td class=\"has-text-align-center\" data-align=\"center\">68,5<\/td><\/tr><\/tbody><\/table><\/figure><h2 class=\"wp-block-heading\" id=\"h-cresm-complexo-de-referencia-estadual-em-saude-mental-prof-jamil-issy\"><span class=\"ez-toc-section\" id=\"CRESM-%E2%80%93-Complexo-de-Referencia-Estadual-em-Saude-Mental-Prof-Jamil-Issy\"><\/span>CRESM &ndash; Complexo de Refer&ecirc;ncia Estadual em Sa&uacute;de Mental Prof. Jamil Issy<span class=\"ez-toc-section-end\"><\/span><\/h2><figure class=\"wp-block-table\"><table><tbody><tr><td><strong>ESPECIALIDADE<\/strong><\/td><td class=\"has-text-align-center\" data-align=\"center\"><strong>NOTA DE CORTE 2024<\/strong><\/td><\/tr><tr><td>Psiquiatria<\/td><td class=\"has-text-align-center\" data-align=\"center\">70,8<\/td><\/tr><\/tbody><\/table><\/figure><h2 class=\"wp-block-heading\" id=\"h-hugol-hospital-estadual-de-urgencias-da-regiao-noroeste-de-goiania-governador-otavio-lage-de-siqueira\"><span class=\"ez-toc-section\" id=\"HUGOL-%E2%80%93-Hospital-Estadual-de-Urgencias-da-Regiao-Noroeste-de-Goiania-Governador-Otavio-Lage-de-Siqueira\"><\/span>HUGOL &ndash; Hospital Estadual de Urg&ecirc;ncias da Regi&atilde;o Noroeste de Goi&acirc;nia Governador Ot&aacute;vio Lage de Siqueira<span class=\"ez-toc-section-end\"><\/span><\/h2><figure class=\"wp-block-table\"><table><tbody><tr><td><strong>ESPECIALIDADE<\/strong><\/td><td class=\"has-text-align-center\" data-align=\"center\"><strong>NOTA DE CORTE 2024<\/strong><\/td><\/tr><tr><td>Anestesiologia<\/td><td class=\"has-text-align-center\" data-align=\"center\">71,5<\/td><\/tr><tr><td>Cirurgia Geral<\/td><td class=\"has-text-align-center\" data-align=\"center\">71,5<\/td><\/tr><tr><td>Clinica M&eacute;dica<\/td><td class=\"has-text-align-center\" data-align=\"center\">67,1<\/td><\/tr><tr><td>Medicina Intensiva<\/td><td class=\"has-text-align-center\" data-align=\"center\">65,5<\/td><\/tr><tr><td>Ortopedia e Traumatologia<\/td><td class=\"has-text-align-center\" data-align=\"center\">65,3<\/td><\/tr><tr><td>Cardiologia<\/td><td class=\"has-text-align-center\" data-align=\"center\">70,7<\/td><\/tr><\/tbody><\/table><\/figure><h2 class=\"wp-block-heading\"><span class=\"ez-toc-section\" id=\"Nota-final-SES-GO\"><\/span>Nota final SES-GO<span class=\"ez-toc-section-end\"><\/span><\/h2><p>A Pontua&ccedil;&atilde;o final (PF) dos candidatos &eacute; extra&iacute;da por meio da m&eacute;dia ponderada dos pontos obtidos na Prova Objetiva, com peso 9 (nove), e na An&aacute;lise do Curriculum Vitae, com peso 1 (um), ou seja, por meio da seguinte f&oacute;rmula:<\/p><p class=\"has-text-align-center\"><strong>PF = (9*PO + 1*CV)\/10<\/strong><\/p><p>Em que:<\/p><p>PF = Pontua&ccedil;&atilde;o Final<\/p><p>PO = Nota da Prova Objetiva<\/p><p>CV = Pontua&ccedil;&atilde;o do Curriculum Vitae<\/p><p>J&aacute; em <strong>caso de empate<\/strong>, s&atilde;o considerados os seguintes crit&eacute;rios:<\/p><ol class=\"wp-block-list\">\n<li>Maior nota na Prova Objetiva;&nbsp;<\/li>\n\n\n\n<li>Maior nota na An&aacute;lise do Curriculum Vitae;&nbsp;ou<\/li>\n\n\n\n<li>Maior idade.<\/li>\n<\/ol><div class=\"wp-block-buttons is-content-justification-center is-layout-flex wp-container-core-buttons-is-layout-5 wp-block-buttons-is-layout-flex\">\n<div class=\"wp-block-button\"><a class=\"wp-block-button__link wp-element-button\" href=\"https:\/\/med.estrategia.com\/portal\/noticias\/ses-go-2024-veja-o-resultado-final-do-seletivo-para-residencia-medica\/\" target=\"_blank\">confira o resultado final da ses-go 2024<\/a><\/div>\n<\/div><h2 class=\"wp-block-heading\"><span class=\"ez-toc-section\" id=\"Como-sera-a-edicao-2024-da-SES-GO-para-Residencia-Medica\"><\/span>Como ser&aacute; a edi&ccedil;&atilde;o 2024 da SES-GO para Resid&ecirc;ncia M&eacute;dica<span class=\"ez-toc-section-end\"><\/span><\/h2><p>Confira aqui o edital completo do seletivo para ingresso em 2024:<\/p><div class=\"wp-block-buttons is-horizontal is-content-justification-center is-layout-flex wp-container-core-buttons-is-layout-6 wp-block-buttons-is-layout-flex\">\n<div class=\"wp-block-button\"><a class=\"wp-block-button__link has-light-green-cyan-to-vivid-green-cyan-gradient-background has-background wp-element-button\" href=\"https:\/\/cdn.medblog.estrategiaeducacional.com.br\/wp-content\/uploads\/2023\/11\/EDITAL_ABERTURA_COREME_SES_compilado.pdf\" target=\"_blank\">Edital SES-GO 2024<\/a><\/div>\n<\/div><h3 class=\"wp-block-heading\"><span class=\"ez-toc-section\" id=\"Cronograma-SES-GO-2024\"><\/span>Cronograma SES-GO 2024<span class=\"ez-toc-section-end\"><\/span><\/h3><ul class=\"wp-block-list\">\n<li><strong>Publica&ccedil;&atilde;o do edital:<\/strong> 03\/11\/2023;<\/li>\n\n\n\n<li><strong>Solicita&ccedil;&atilde;o de Isen&ccedil;&atilde;o:<\/strong> 17 a 20\/11\/2023;<\/li>\n\n\n\n<li><strong>Taxa de Inscri&ccedil;&atilde;o:<\/strong> at&eacute; duas inscri&ccedil;&otilde;es &ndash; R$500,00. para 3 ou mais &ndash; R$400,00;<\/li>\n\n\n\n<li><strong>Per&iacute;odo de inscri&ccedil;&atilde;o: <\/strong>17\/11 a 01\/12\/2023;<\/li>\n\n\n\n<li><strong>Prova Objetiva (1&ordf; fase):<\/strong> 10\/12\/2023;<\/li>\n\n\n\n<li><strong>Gabarito preliminar: <\/strong>11\/12\/2023;<\/li>\n\n\n\n<li><strong>Recursos contra o gabarito: <\/strong>12 e 12\/12\/2023;<\/li>\n\n\n\n<li><strong>Gabarito Oficial: <\/strong>19\/12\/2023;<\/li>\n\n\n\n<li><strong>Resultado Final da Prova Objetiva:<\/strong> 28\/12\/2023;<\/li>\n\n\n\n<li><strong>Envio do Curr&iacute;culo (2&ordf; fase):<\/strong> 08 a 15\/01\/2024;<\/li>\n\n\n\n<li><strong>Resultado final da An&aacute;lise Curricular (2&ordf; fase): <\/strong>29\/01\/2024;<\/li>\n\n\n\n<li><strong>Resultado preliminar do Processo Seletivo:<\/strong> 09\/02\/2024; e<\/li>\n\n\n\n<li><strong>Resultado Final: <\/strong>20\/02\/2024.<\/li>\n\n\n\n<li><strong>In&iacute;cio dos programas: <\/strong>01\/03\/2023.<\/li>\n<\/ul><h3 class=\"wp-block-heading\"><span class=\"ez-toc-section\" id=\"Especialidades-e-Vagas-2024\"><\/span>Especialidades e Vagas 2024<span class=\"ez-toc-section-end\"><\/span><\/h3><p>Foram, ao todo, <strong>90 vagas<\/strong> para especialidades de acesso direto e com pr&eacute;-requisito. Confira:<\/p><figure class=\"wp-block-table is-style-stripes\"><table class=\"has-light-green-cyan-to-vivid-green-cyan-gradient-background has-background has-fixed-layout\"><thead><tr><th><strong> Especialidades de Acesso Direto<\/strong><\/th><th class=\"has-text-align-center\" data-align=\"center\"> <strong>Vagas<\/strong> <\/th><\/tr><\/thead><tbody><tr><td>Anestesiologia<\/td><td class=\"has-text-align-center\" data-align=\"center\">8<\/td><\/tr><tr><td>Cirurgia Geral<\/td><td class=\"has-text-align-center\" data-align=\"center\">10<\/td><\/tr><tr><td>Cl&iacute;nica M&eacute;dica<\/td><td class=\"has-text-align-center\" data-align=\"center\">23<\/td><\/tr><tr><td>Medicina Intensiva<\/td><td class=\"has-text-align-center\" data-align=\"center\">4<\/td><\/tr><tr><td>Neurocirurgia<\/td><td class=\"has-text-align-center\" data-align=\"center\">1<\/td><\/tr><tr><td>Neurologia<\/td><td class=\"has-text-align-center\" data-align=\"center\">2<\/td><\/tr><tr><td>Ortopedia e Traumatologia<\/td><td class=\"has-text-align-center\" data-align=\"center\">4<\/td><\/tr><tr><td>Otorrinolaringologia<\/td><td class=\"has-text-align-center\" data-align=\"center\">1<\/td><\/tr><tr><td>Psiquiatria<\/td><td class=\"has-text-align-center\" data-align=\"center\">9<\/td><\/tr><\/tbody><\/table><\/figure><figure class=\"wp-block-table\"><table><thead><tr><th>Especialidades Pr&eacute;-Requisito<\/th><th class=\"has-text-align-center\" data-align=\"center\">Vagas<\/th><\/tr><\/thead><tbody><tr><td>Cardiologia<\/td><td class=\"has-text-align-center\" data-align=\"center\">4<\/td><\/tr><tr><td>Endocrinologia e Metabologia<\/td><td class=\"has-text-align-center\" data-align=\"center\">2<\/td><\/tr><tr><td>Gastroenterologia<\/td><td class=\"has-text-align-center\" data-align=\"center\">4<\/td><\/tr><tr><td>Nefrologia<\/td><td class=\"has-text-align-center\" data-align=\"center\">2<\/td><\/tr><tr><td>Pneumologia<\/td><td class=\"has-text-align-center\" data-align=\"center\">2<\/td><\/tr><tr><td>Reumatologia<\/td><td class=\"has-text-align-center\" data-align=\"center\">1<\/td><\/tr><tr><td>Cirurgia do Aparelho Digestivo<\/td><td class=\"has-text-align-center\" data-align=\"center\">2<\/td><\/tr><tr><td>Cirurgia Pl&aacute;stica<\/td><td class=\"has-text-align-center\" data-align=\"center\">1<\/td><\/tr><tr><td>Cirurgia Vascular<\/td><td class=\"has-text-align-center\" data-align=\"center\">2<\/td><\/tr><tr><td>Coloproctologia<\/td><td class=\"has-text-align-center\" data-align=\"center\">1<\/td><\/tr><tr><td>Urologia<\/td><td class=\"has-text-align-center\" data-align=\"center\">2<\/td><\/tr><tr><td>Medicina Paliativa<\/td><td class=\"has-text-align-center\" data-align=\"center\">1<\/td><\/tr><tr><td>Endoscopia<\/td><td class=\"has-text-align-center\" data-align=\"center\">1<\/td><\/tr><tr><td>Endoscopia Ginecol&oacute;gica<\/td><td class=\"has-text-align-center\" data-align=\"center\">1<\/td><\/tr><tr><td>Mastologia<\/td><td class=\"has-text-align-center\" data-align=\"center\">2<\/td><\/tr><\/tbody><\/table><\/figure><h3 class=\"wp-block-heading\"><span class=\"ez-toc-section\" id=\"Resultado-final\"><\/span>Resultado final<span class=\"ez-toc-section-end\"><\/span><\/h3><p>O resultado final do processo seletivo de resid&ecirc;ncia m&eacute;dica foi divulgado no dia 20 de janeiro de 2024.<\/p><div class=\"wp-block-buttons is-content-justification-center is-layout-flex wp-container-core-buttons-is-layout-7 wp-block-buttons-is-layout-flex\">\n<div class=\"wp-block-button\"><a class=\"wp-block-button__link wp-element-button\" href=\"https:\/\/med.estrategia.com\/portal\/wp-content\/uploads\/2024\/04\/2024_02_20_COREMESES2023_Resultado_final_PS_AC.pdf\" target=\"_blank\">resultado final &ndash; AC<\/a><\/div>\n\n\n\n<div class=\"wp-block-button\"><a class=\"wp-block-button__link wp-element-button\" href=\"https:\/\/med.estrategia.com\/portal\/wp-content\/uploads\/2024\/04\/2024_02_20_COREMESES2023_Resultado_final_PS_PCD.pdf\" target=\"_blank\">Resultado final &ndash; PCD<\/a><\/div>\n\n\n\n<div class=\"wp-block-button\"><a class=\"wp-block-button__link wp-element-button\" href=\"https:\/\/med.estrategia.com\/portal\/wp-content\/uploads\/2024\/04\/2024_02_20_COREMESES2023_Resultado_final_PS_Negros.pdf\" target=\"_blank\">RESULTADO FINAL &ndash; N<\/a><\/div>\n<\/div><p>Gostou de saber mais sobre o seletivo da SES-GO Resid&ecirc;ncia M&eacute;dica? N&atilde;o deixe de conferir, tamb&eacute;m, os outros textos sobre os seletivos para Resid&ecirc;ncia M&eacute;dica das demais institui&ccedil;&otilde;es do Brasil!<\/p><h2 class=\"wp-block-heading\" id=\"h-como-se-preparar-para-a-ses-go-2025\"><span class=\"ez-toc-section\" id=\"Como-se-preparar-para-a-SES-GO-2025\"><\/span>Como se preparar para a SES-GO 2025?<span class=\"ez-toc-section-end\"><\/span><\/h2><p>Para otimizar seus estudos e conquistar a sua aprova&ccedil;&atilde;o na prova de Resid&ecirc;ncia M&eacute;dica, o melhor m&eacute;todo &eacute; estudar por quest&otilde;es! Dessa forma, o candidato se&nbsp;<strong>familiariza com a prova<\/strong>,&nbsp;<strong>calcula o tempo<\/strong>&nbsp;<strong>de resolu&ccedil;&atilde;o<\/strong>&nbsp;e<strong>&nbsp;p&otilde;e em pr&aacute;tica tudo que j&aacute; foi estudado<\/strong>.<\/p><p>Ent&atilde;o, se voc&ecirc; est&aacute; se&nbsp;<strong>preparando para um concurso de Resid&ecirc;ncia M&eacute;dica<\/strong>, n&atilde;o deixe de conhecer o&nbsp;<a href=\"https:\/\/med.estrategia.com\/portal\/evento-emed\/sistemas-de-questoes-estrategia-med\/\" target=\"_blank\"><strong>Banco de Quest&otilde;es do Estrat&eacute;gia MED<\/strong><\/a>&nbsp;e estude da maneira mais eficaz!&nbsp;N&atilde;o vai ficar de fora, n&atilde;o &eacute;? Venha ser coruja!<\/p><p>Aproveite e conhe&ccedil;a algumas hist&oacute;rias, dicas e depoimentos de alguns dos&nbsp;nossos aprovados na SES-GO 2023:<\/p><div class=\"wp-block-media-text alignwide is-stacked-on-mobile is-image-fill has-pale-ocean-gradient-background has-background\" style=\"grid-template-columns:40% auto\"><figure class=\"wp-block-media-text__media\" style=\"background-image:url(https:\/\/med.estrategia.com\/portal\/wp-content\/uploads\/2020\/11\/DANILO-ALVIN-DE-PAIVA-GONCALVES-FILHO-689x1024.jpeg);background-position:55% 14%\"><img decoding=\"async\" width=\"689\" height=\"1024\" src=\"https:\/\/med.estrategia.com\/portal\/wp-content\/uploads\/2020\/11\/DANILO-ALVIN-DE-PAIVA-GONCALVES-FILHO-689x1024.jpeg\" alt=\"\" class=\"wp-image-40227 size-full\" srcset=\"https:\/\/med.estrategia.com\/portal\/wp-content\/uploads\/2020\/11\/DANILO-ALVIN-DE-PAIVA-GONCALVES-FILHO-689x1024.jpeg 689w, https:\/\/med.estrategia.com\/portal\/wp-content\/uploads\/2020\/11\/DANILO-ALVIN-DE-PAIVA-GONCALVES-FILHO-768x1142.jpeg 768w, https:\/\/med.estrategia.com\/portal\/wp-content\/uploads\/2020\/11\/DANILO-ALVIN-DE-PAIVA-GONCALVES-FILHO-1033x1536.jpeg 1033w, https:\/\/med.estrategia.com\/portal\/wp-content\/uploads\/2020\/11\/DANILO-ALVIN-DE-PAIVA-GONCALVES-FILHO-800x1190.jpeg 800w, https:\/\/med.estrategia.com\/portal\/wp-content\/uploads\/2020\/11\/DANILO-ALVIN-DE-PAIVA-GONCALVES-FILHO.jpeg 1076w\" sizes=\"(max-width: 689px) 100vw, 689px\" \/><\/figure><div class=\"wp-block-media-text__content\">\n<h3 class=\"wp-block-heading has-medium-font-size\"><span class=\"ez-toc-section\" id=\"Danilo-Alvim-de-Paiva-Goncalves-Filho-1o-Lugar-em-Radiologia-e-Diagnostico-por-Imagem\"><\/span><br><strong>Danilo Alvim de Paiva Gon&ccedil;alves Filho<\/strong><br>1&ordm; Lugar em Radiologia e Diagn&oacute;stico por Imagem<span class=\"ez-toc-section-end\"><\/span><\/h3>\n\n\n\n<p class=\"has-small-font-size\"><strong>Utilizou: <\/strong>Sprints de Reta Final e Sistema de Quest&otilde;es EMED <\/p>\n\n\n\n<p class=\"has-text-align-left has-medium-font-size\"><em>Assinei o Banco de Quest&otilde;es por 2 anos e ele foi fundamental para a minha aprova&ccedil;&atilde;o, sendo um banco completo com coment&aacute;rios atualizados e feito por &oacute;timos professores. No final da prepara&ccedil;&atilde;o, ainda fiz os Sprints, que tamb&eacute;m foram essenciais para essa etapa e me fizeram conseguir chegar onde queria. Obrigado!<\/em><br><br> <\/p>\n<\/div><\/div><p><strong><a id=\"cta\" class=\"cta-imagem\" href=\"https:\/\/med.estrategia.com\/cursos\/extensivo-de-residncia-mdica\/\" target=\"blank\">\n                <img decoding=\"async\" width=\"100%\" src=\"https:\/\/med.estrategia.com\/portal\/wp-content\/uploads\/2025\/08\/extensivo_rm.jpg\" alt=\"Extensivo RM\" title=\"extensivo_rm\">\n        <\/a><\/strong><\/p><h2 class=\"wp-block-heading\"><span class=\"ez-toc-section\" id=\"Veja-tambem\"><\/span>Veja tamb&eacute;m:<span class=\"ez-toc-section-end\"><\/span><\/h2><ul class=\"wp-block-list\">\n<li><a href=\"https:\/\/med.estrategia.com\/portal\/residencia-medica\/provas\/ses-go-provas-e-editais\/\">Provas de resid&ecirc;ncia m&eacute;dica SES-GO 2021<\/a><\/li>\n\n\n\n<li><a href=\"https:\/\/med.estrategia.com\/portal\/residencia-medica\/ses-df-residencia-medica\/\">Resid&ecirc;ncia M&eacute;dica SES-DF<\/a><\/li>\n\n\n\n<li><a href=\"https:\/\/med.estrategia.com\/portal\/residencia-medica\/hfa-residencia-medica\/\">Resid&ecirc;ncia M&eacute;dica HFA-DF<\/a><\/li>\n\n\n\n<li><a href=\"https:\/\/med.estrategia.com\/portal\/residencia-medica\/hc-ufg-residencia-medica\/\">Resid&ecirc;ncia M&eacute;dica HC-UFG<\/a><\/li>\n\n\n\n<li><a href=\"https:\/\/med.estrategia.com\/portal\/residencia-medica\/ufmt-residencia-medica\/\">Resid&ecirc;ncia M&eacute;dica UFMT<\/a><\/li>\n\n\n\n<li><a href=\"https:\/\/med.estrategia.com\/portal\/residencia-medica\/ses-mt-residencia-medica\/\">Resid&ecirc;ncia M&eacute;dica SES-MT<\/a><\/li>\n\n\n\n<li><a href=\"https:\/\/med.estrategia.com\/portal\/residencia-medica\/ufgd-residencia-medica\/\">Resid&ecirc;ncia M&eacute;dica UFGD<\/a><\/li>\n\n\n\n<li><a href=\"https:\/\/med.estrategia.com\/portal\/residencia-medica\/especialidades\/10-residencias-medicas-com-mais-vagas-por-especialidade\/\">10 Resid&ecirc;ncias M&eacute;dicas com mais vagas por especialidade<\/a><\/li>\n\n\n\n<li><a href=\"https:\/\/med.estrategia.com\/portal\/residencia-medica\/residencias-medicas-mais-concorridos\/\">10 Resid&ecirc;ncias M&eacute;dicas mais concorridas<\/a><\/li>\n\n\n\n<li><a href=\"https:\/\/med.estrategia.com\/portal\/residencia-medica\/usp-sp-residencia-medica\/\">Resid&ecirc;ncia M&eacute;dica USP SP<\/a><\/li>\n\n\n\n<li><a href=\"https:\/\/med.estrategia.com\/portal\/residencia-medica\/enare-vagas-cronograma-provas-edital\/\">Resid&ecirc;ncia M&eacute;dica ENARE<\/a><\/li>\n<\/ul><\/p>\n","protected":false},"excerpt":{"rendered":"Se voc&ecirc; est&aacute; esperando o pr&oacute;ximo edital da SES-GO para Resid&ecirc;ncia M&eacute;dica sair, confira o que o Estrat&eacute;gia&hellip;\n","protected":false},"author":52,"featured_media":40221,"comment_status":"open","ping_status":"open","sticky":false,"template":"","format":"standard","meta":{"wl_entities_gutenberg":"","footnotes":""},"categories":[24],"tags":[149,147],"wl_entity_type":[199],"class_list":{"0":"post-62469","1":"post","2":"type-post","3":"status-publish","4":"format-standard","5":"has-post-thumbnail","7":"category-residencia-medica","8":"tag-ses-go-residencia-medica","9":"tag-ses-go","10":"wl_entity_type-article"},"acf":[],"yoast_head":"<!-- This site is optimized with the Yoast SEO Premium plugin v26.6 (Yoast SEO v26.6) - https:\/\/yoast.com\/wordpress\/plugins\/seo\/ -->\n<title>Resid\u00eancia M\u00e9dica SES-GO: confira como foi a edi\u00e7\u00e3o 2024<\/title>\n<meta name=\"description\" content=\"Saiba tudo sobre o processo seletivo da SES-GO para Resid\u00eancia M\u00e9dica. Cronograma, concorr\u00eancia, vagas e muito mais voc\u00ea encontra aqui!\" \/>\n<meta name=\"robots\" content=\"index, follow, max-snippet:-1, max-image-preview:large, max-video-preview:-1\" \/>\n<link rel=\"canonical\" href=\"https:\/\/med.estrategia.com\/portal\/residencia-medica\/residencia-medica-ses-go-confira-como-foi-a-edicao-2024\/\" \/>\n<meta property=\"og:locale\" content=\"pt_BR\" \/>\n<meta property=\"og:type\" content=\"article\" \/>\n<meta property=\"og:title\" content=\"Resid\u00eancia M\u00e9dica SES-GO: confira como foi a edi\u00e7\u00e3o 2024\" \/>\n<meta property=\"og:description\" content=\"Saiba tudo sobre o processo seletivo da SES-GO para Resid\u00eancia M\u00e9dica. Cronograma, concorr\u00eancia, vagas e muito mais voc\u00ea encontra aqui!\" \/>\n<meta property=\"og:url\" content=\"https:\/\/med.estrategia.com\/portal\/residencia-medica\/residencia-medica-ses-go-confira-como-foi-a-edicao-2024\/\" \/>\n<meta property=\"og:site_name\" content=\"Estrat\u00e9gia MED\" \/>\n<meta property=\"article:publisher\" content=\"https:\/\/www.facebook.com\/estrategiamed1\" \/>\n<meta property=\"article:published_time\" content=\"2023-04-26T12:57:00+00:00\" \/>\n<meta property=\"article:modified_time\" content=\"2024-10-02T23:53:27+00:00\" \/>\n<meta property=\"og:image\" content=\"https:\/\/med.estrategia.com\/portal\/wp-content\/uploads\/2020\/11\/coverWP_publica_bgfoto_logo-16.jpg\" \/>\n\t<meta property=\"og:image:width\" content=\"1200\" \/>\n\t<meta property=\"og:image:height\" content=\"800\" \/>\n\t<meta property=\"og:image:type\" content=\"image\/jpeg\" \/>\n<meta name=\"author\" content=\"Arion Wolff\" \/>\n<meta name=\"twitter:card\" content=\"summary_large_image\" \/>\n<meta name=\"twitter:creator\" content=\"@estrategiamed_\" \/>\n<meta name=\"twitter:site\" content=\"@estrategiamed_\" \/>\n<meta name=\"twitter:label1\" content=\"Escrito por\" \/>\n\t<meta name=\"twitter:data1\" content=\"Arion Wolff\" \/>\n\t<meta name=\"twitter:label2\" content=\"Est. tempo de leitura\" \/>\n\t<meta name=\"twitter:data2\" content=\"8 minutos\" \/>\n<script type=\"application\/ld+json\" class=\"yoast-schema-graph\">{\"@context\":\"https:\/\/schema.org\",\"@graph\":[{\"@type\":\"WebPage\",\"@id\":\"https:\/\/med.estrategia.com\/portal\/residencia-medica\/residencia-medica-ses-go-confira-como-foi-a-edicao-2024\/\",\"url\":\"https:\/\/med.estrategia.com\/portal\/residencia-medica\/residencia-medica-ses-go-confira-como-foi-a-edicao-2024\/\",\"name\":\"Resid\u00eancia M\u00e9dica SES-GO: confira como foi a edi\u00e7\u00e3o 2024\",\"isPartOf\":{\"@id\":\"https:\/\/med.estrategia.com\/portal\/#website\"},\"primaryImageOfPage\":{\"@id\":\"https:\/\/med.estrategia.com\/portal\/residencia-medica\/residencia-medica-ses-go-confira-como-foi-a-edicao-2024\/#primaryimage\"},\"image\":{\"@id\":\"https:\/\/med.estrategia.com\/portal\/residencia-medica\/residencia-medica-ses-go-confira-como-foi-a-edicao-2024\/#primaryimage\"},\"thumbnailUrl\":\"https:\/\/med.estrategia.com\/portal\/wp-content\/uploads\/2020\/11\/coverWP_publica_bgfoto_logo-16.jpg\",\"datePublished\":\"2023-04-26T12:57:00+00:00\",\"dateModified\":\"2024-10-02T23:53:27+00:00\",\"author\":{\"@id\":\"https:\/\/med.estrategia.com\/portal\/#\/schema\/person\/b6aba49604868a427dd15c3b1fc6a8bc\"},\"description\":\"Saiba tudo sobre o processo seletivo da SES-GO para Resid\u00eancia M\u00e9dica. Cronograma, concorr\u00eancia, vagas e muito mais voc\u00ea encontra aqui!\",\"breadcrumb\":{\"@id\":\"https:\/\/med.estrategia.com\/portal\/residencia-medica\/residencia-medica-ses-go-confira-como-foi-a-edicao-2024\/#breadcrumb\"},\"inLanguage\":\"pt-BR\",\"potentialAction\":[{\"@type\":\"ReadAction\",\"target\":[\"https:\/\/med.estrategia.com\/portal\/residencia-medica\/residencia-medica-ses-go-confira-como-foi-a-edicao-2024\/\"]}]},{\"@type\":\"ImageObject\",\"inLanguage\":\"pt-BR\",\"@id\":\"https:\/\/med.estrategia.com\/portal\/residencia-medica\/residencia-medica-ses-go-confira-como-foi-a-edicao-2024\/#primaryimage\",\"url\":\"https:\/\/med.estrategia.com\/portal\/wp-content\/uploads\/2020\/11\/coverWP_publica_bgfoto_logo-16.jpg\",\"contentUrl\":\"https:\/\/med.estrategia.com\/portal\/wp-content\/uploads\/2020\/11\/coverWP_publica_bgfoto_logo-16.jpg\",\"width\":1200,\"height\":800,\"caption\":\"Cr\u00e9ditos: SES-GO e Estrat\u00e9gia MED\"},{\"@type\":\"BreadcrumbList\",\"@id\":\"https:\/\/med.estrategia.com\/portal\/residencia-medica\/residencia-medica-ses-go-confira-como-foi-a-edicao-2024\/#breadcrumb\",\"itemListElement\":[{\"@type\":\"ListItem\",\"position\":1,\"name\":\"Home\",\"item\":\"https:\/\/med.estrategia.com\/portal\/\"},{\"@type\":\"ListItem\",\"position\":2,\"name\":\"Resid\u00eancia M\u00e9dica\",\"item\":\"https:\/\/med.estrategia.com\/portal\/residencia-medica\/\"},{\"@type\":\"ListItem\",\"position\":3,\"name\":\"Resid\u00eancia M\u00e9dica SES-GO: confira como foi a edi\u00e7\u00e3o 2024\"}]},{\"@type\":\"WebSite\",\"@id\":\"https:\/\/med.estrategia.com\/portal\/#website\",\"url\":\"https:\/\/med.estrategia.com\/portal\/\",\"name\":\"Estrat\u00e9gia MED\",\"description\":\"\",\"potentialAction\":[{\"@type\":\"SearchAction\",\"target\":{\"@type\":\"EntryPoint\",\"urlTemplate\":\"https:\/\/med.estrategia.com\/portal\/?s={search_term_string}\"},\"query-input\":{\"@type\":\"PropertyValueSpecification\",\"valueRequired\":true,\"valueName\":\"search_term_string\"}}],\"inLanguage\":\"pt-BR\"},{\"@type\":\"Person\",\"@id\":\"https:\/\/med.estrategia.com\/portal\/#\/schema\/person\/b6aba49604868a427dd15c3b1fc6a8bc\",\"name\":\"Arion Wolff\",\"image\":{\"@type\":\"ImageObject\",\"inLanguage\":\"pt-BR\",\"@id\":\"https:\/\/med.estrategia.com\/portal\/#\/schema\/person\/image\/\",\"url\":\"https:\/\/med.estrategia.com\/portal\/wp-content\/uploads\/2023\/12\/arion-wolff-estrategia-med-150x150.jpg\",\"contentUrl\":\"https:\/\/med.estrategia.com\/portal\/wp-content\/uploads\/2023\/12\/arion-wolff-estrategia-med-150x150.jpg\",\"caption\":\"Arion Wolff\"},\"description\":\"Jornalista formado pela UNIFATEC e p\u00f3s-graduado em Jornalismo Digital pela UNINTER. Escrevo sobre medicina, resid\u00eancia m\u00e9dica e sa\u00fade. Entusiasta de filmes, livros, bons dramas e romances gen\u00e9ricos.\",\"sameAs\":[\"http:\/\/med.estrategia.com\"],\"url\":\"https:\/\/med.estrategia.com\/portal\/author\/arion-santos\/\"}]}<\/script>\n<!-- \/ Yoast SEO Premium plugin. -->","yoast_head_json":{"title":"Resid\u00eancia M\u00e9dica SES-GO: confira como foi a edi\u00e7\u00e3o 2024","description":"Saiba tudo sobre o processo seletivo da SES-GO para Resid\u00eancia M\u00e9dica. Cronograma, concorr\u00eancia, vagas e muito mais voc\u00ea encontra aqui!","robots":{"index":"index","follow":"follow","max-snippet":"max-snippet:-1","max-image-preview":"max-image-preview:large","max-video-preview":"max-video-preview:-1"},"canonical":"https:\/\/med.estrategia.com\/portal\/residencia-medica\/residencia-medica-ses-go-confira-como-foi-a-edicao-2024\/","og_locale":"pt_BR","og_type":"article","og_title":"Resid\u00eancia M\u00e9dica SES-GO: confira como foi a edi\u00e7\u00e3o 2024","og_description":"Saiba tudo sobre o processo seletivo da SES-GO para Resid\u00eancia M\u00e9dica. Cronograma, concorr\u00eancia, vagas e muito mais voc\u00ea encontra aqui!","og_url":"https:\/\/med.estrategia.com\/portal\/residencia-medica\/residencia-medica-ses-go-confira-como-foi-a-edicao-2024\/","og_site_name":"Estrat\u00e9gia MED","article_publisher":"https:\/\/www.facebook.com\/estrategiamed1","article_published_time":"2023-04-26T12:57:00+00:00","article_modified_time":"2024-10-02T23:53:27+00:00","og_image":[{"width":1200,"height":800,"url":"https:\/\/med.estrategia.com\/portal\/wp-content\/uploads\/2020\/11\/coverWP_publica_bgfoto_logo-16.jpg","type":"image\/jpeg"}],"author":"Arion Wolff","twitter_card":"summary_large_image","twitter_creator":"@estrategiamed_","twitter_site":"@estrategiamed_","twitter_misc":{"Escrito por":"Arion Wolff","Est. tempo de leitura":"8 minutos"},"schema":{"@context":"https:\/\/schema.org","@graph":[{"@type":"WebPage","@id":"https:\/\/med.estrategia.com\/portal\/residencia-medica\/residencia-medica-ses-go-confira-como-foi-a-edicao-2024\/","url":"https:\/\/med.estrategia.com\/portal\/residencia-medica\/residencia-medica-ses-go-confira-como-foi-a-edicao-2024\/","name":"Resid\u00eancia M\u00e9dica SES-GO: confira como foi a edi\u00e7\u00e3o 2024","isPartOf":{"@id":"https:\/\/med.estrategia.com\/portal\/#website"},"primaryImageOfPage":{"@id":"https:\/\/med.estrategia.com\/portal\/residencia-medica\/residencia-medica-ses-go-confira-como-foi-a-edicao-2024\/#primaryimage"},"image":{"@id":"https:\/\/med.estrategia.com\/portal\/residencia-medica\/residencia-medica-ses-go-confira-como-foi-a-edicao-2024\/#primaryimage"},"thumbnailUrl":"https:\/\/med.estrategia.com\/portal\/wp-content\/uploads\/2020\/11\/coverWP_publica_bgfoto_logo-16.jpg","datePublished":"2023-04-26T12:57:00+00:00","dateModified":"2024-10-02T23:53:27+00:00","author":{"@id":"https:\/\/med.estrategia.com\/portal\/#\/schema\/person\/b6aba49604868a427dd15c3b1fc6a8bc"},"description":"Saiba tudo sobre o processo seletivo da SES-GO para Resid\u00eancia M\u00e9dica. Cronograma, concorr\u00eancia, vagas e muito mais voc\u00ea encontra aqui!","breadcrumb":{"@id":"https:\/\/med.estrategia.com\/portal\/residencia-medica\/residencia-medica-ses-go-confira-como-foi-a-edicao-2024\/#breadcrumb"},"inLanguage":"pt-BR","potentialAction":[{"@type":"ReadAction","target":["https:\/\/med.estrategia.com\/portal\/residencia-medica\/residencia-medica-ses-go-confira-como-foi-a-edicao-2024\/"]}]},{"@type":"ImageObject","inLanguage":"pt-BR","@id":"https:\/\/med.estrategia.com\/portal\/residencia-medica\/residencia-medica-ses-go-confira-como-foi-a-edicao-2024\/#primaryimage","url":"https:\/\/med.estrategia.com\/portal\/wp-content\/uploads\/2020\/11\/coverWP_publica_bgfoto_logo-16.jpg","contentUrl":"https:\/\/med.estrategia.com\/portal\/wp-content\/uploads\/2020\/11\/coverWP_publica_bgfoto_logo-16.jpg","width":1200,"height":800,"caption":"Cr\u00e9ditos: SES-GO e Estrat\u00e9gia MED"},{"@type":"BreadcrumbList","@id":"https:\/\/med.estrategia.com\/portal\/residencia-medica\/residencia-medica-ses-go-confira-como-foi-a-edicao-2024\/#breadcrumb","itemListElement":[{"@type":"ListItem","position":1,"name":"Home","item":"https:\/\/med.estrategia.com\/portal\/"},{"@type":"ListItem","position":2,"name":"Resid\u00eancia M\u00e9dica","item":"https:\/\/med.estrategia.com\/portal\/residencia-medica\/"},{"@type":"ListItem","position":3,"name":"Resid\u00eancia M\u00e9dica SES-GO: confira como foi a edi\u00e7\u00e3o 2024"}]},{"@type":"WebSite","@id":"https:\/\/med.estrategia.com\/portal\/#website","url":"https:\/\/med.estrategia.com\/portal\/","name":"Estrat\u00e9gia MED","description":"","potentialAction":[{"@type":"SearchAction","target":{"@type":"EntryPoint","urlTemplate":"https:\/\/med.estrategia.com\/portal\/?s={search_term_string}"},"query-input":{"@type":"PropertyValueSpecification","valueRequired":true,"valueName":"search_term_string"}}],"inLanguage":"pt-BR"},{"@type":"Person","@id":"https:\/\/med.estrategia.com\/portal\/#\/schema\/person\/b6aba49604868a427dd15c3b1fc6a8bc","name":"Arion Wolff","image":{"@type":"ImageObject","inLanguage":"pt-BR","@id":"https:\/\/med.estrategia.com\/portal\/#\/schema\/person\/image\/","url":"https:\/\/med.estrategia.com\/portal\/wp-content\/uploads\/2023\/12\/arion-wolff-estrategia-med-150x150.jpg","contentUrl":"https:\/\/med.estrategia.com\/portal\/wp-content\/uploads\/2023\/12\/arion-wolff-estrategia-med-150x150.jpg","caption":"Arion Wolff"},"description":"Jornalista formado pela UNIFATEC e p\u00f3s-graduado em Jornalismo Digital pela UNINTER. Escrevo sobre medicina, resid\u00eancia m\u00e9dica e sa\u00fade. Entusiasta de filmes, livros, bons dramas e romances gen\u00e9ricos.","sameAs":["http:\/\/med.estrategia.com"],"url":"https:\/\/med.estrategia.com\/portal\/author\/arion-santos\/"}]}},"_wl_alt_label":[],"wl:entity_url":"\/post\/residencia-medica-ses-go-confira-como-foi-a-edicao-2024","_links":{"self":[{"href":"https:\/\/med.estrategia.com\/portal\/wp-json\/wp\/v2\/posts\/62469","targetHints":{"allow":["GET"]}}],"collection":[{"href":"https:\/\/med.estrategia.com\/portal\/wp-json\/wp\/v2\/posts"}],"about":[{"href":"https:\/\/med.estrategia.com\/portal\/wp-json\/wp\/v2\/types\/post"}],"author":[{"embeddable":true,"href":"https:\/\/med.estrategia.com\/portal\/wp-json\/wp\/v2\/users\/52"}],"replies":[{"embeddable":true,"href":"https:\/\/med.estrategia.com\/portal\/wp-json\/wp\/v2\/comments?post=62469"}],"version-history":[{"count":2,"href":"https:\/\/med.estrategia.com\/portal\/wp-json\/wp\/v2\/posts\/62469\/revisions"}],"predecessor-version":[{"id":71494,"href":"https:\/\/med.estrategia.com\/portal\/wp-json\/wp\/v2\/posts\/62469\/revisions\/71494"}],"wp:featuredmedia":[{"embeddable":true,"href":"https:\/\/med.estrategia.com\/portal\/wp-json\/wp\/v2\/media\/40221"}],"wp:attachment":[{"href":"https:\/\/med.estrategia.com\/portal\/wp-json\/wp\/v2\/media?parent=62469"}],"wp:term":[{"taxonomy":"category","embeddable":true,"href":"https:\/\/med.estrategia.com\/portal\/wp-json\/wp\/v2\/categories?post=62469"},{"taxonomy":"post_tag","embeddable":true,"href":"https:\/\/med.estrategia.com\/portal\/wp-json\/wp\/v2\/tags?post=62469"},{"taxonomy":"wl_entity_type","embeddable":true,"href":"https:\/\/med.estrategia.com\/portal\/wp-json\/wp\/v2\/wl_entity_type?post=62469"}],"curies":[{"name":"wp","href":"https:\/\/api.w.org\/{rel}","templated":true}]}}