{"id":6247,"date":"2021-06-06T19:17:13","date_gmt":"2021-06-06T22:17:13","guid":{"rendered":"https:\/\/med.estrategiaeducacional.com.br\/blog\/?p=6247"},"modified":"2022-09-13T10:41:03","modified_gmt":"2022-09-13T13:41:03","slug":"artrite-reativa","status":"publish","type":"post","link":"https:\/\/med.estrategia.com\/portal\/conteudos-gratis\/doencas\/artrite-reativa\/","title":{"rendered":"Artrite Reativa: o que \u00e9, causas e muito mais!"},"content":{"rendered":"<p>Quer saber mais sobre a <strong>artrite reativa<\/strong>? O Estrat&eacute;gia MED separou as principais informa&ccedil;&otilde;es sobre o assunto para voc&ecirc;. Vamos l&aacute;!<div id=\"ez-toc-container\" class=\"ez-toc-v2_0_79_2 counter-hierarchy ez-toc-counter ez-toc-transparent ez-toc-container-direction\">\n<div class=\"ez-toc-title-container\"><p class=\"ez-toc-title\" style=\"cursor:inherit\">Navegue pelo conte\u00fado<\/p>\n<\/div><nav><ul class='ez-toc-list ez-toc-list-level-1 ' ><li class='ez-toc-page-1 ez-toc-heading-level-2'><a class=\"ez-toc-link ez-toc-heading-1\" href=\"https:\/\/med.estrategia.com\/portal\/conteudos-gratis\/doencas\/artrite-reativa\/#O-que-e-Artrite-Reativa\" >O que &eacute; Artrite Reativa?<\/a><\/li><li class='ez-toc-page-1 ez-toc-heading-level-2'><a class=\"ez-toc-link ez-toc-heading-2\" href=\"https:\/\/med.estrategia.com\/portal\/conteudos-gratis\/doencas\/artrite-reativa\/#Quais-as-causas\" >Quais as causas?<\/a><\/li><li class='ez-toc-page-1 ez-toc-heading-level-2'><a class=\"ez-toc-link ez-toc-heading-3\" href=\"https:\/\/med.estrategia.com\/portal\/conteudos-gratis\/doencas\/artrite-reativa\/#Quais-os-sintomas\" >Quais os sintomas?<\/a><\/li><li class='ez-toc-page-1 ez-toc-heading-level-2'><a class=\"ez-toc-link ez-toc-heading-4\" href=\"https:\/\/med.estrategia.com\/portal\/conteudos-gratis\/doencas\/artrite-reativa\/#Como-e-feito-o-diagnostico-da-Artrite-Reativa\" >Como &eacute; feito o diagn&oacute;stico da Artrite Reativa?<\/a><\/li><li class='ez-toc-page-1 ez-toc-heading-level-2'><a class=\"ez-toc-link ez-toc-heading-5\" href=\"https:\/\/med.estrategia.com\/portal\/conteudos-gratis\/doencas\/artrite-reativa\/#Tratamento\" >Tratamento<\/a><\/li><\/ul><\/nav><\/div>\n<h2 class=\"wp-block-heading\" id=\"h-o-que-e-artrite-reativa\"><span class=\"ez-toc-section\" id=\"O-que-e-Artrite-Reativa\"><\/span>O que &eacute; Artrite Reativa?<span class=\"ez-toc-section-end\"><\/span><\/h2><p>A artrite reativa, tamb&eacute;m chamada de <strong>s&iacute;ndrome de Reiter<\/strong>, &eacute; uma condi&ccedil;&atilde;o cl&iacute;nica de <strong>manifesta&ccedil;&atilde;o reumatol&oacute;gica<\/strong> que acontece, normalmente, 1 m&ecirc;s <strong>ap&oacute;s uma infec&ccedil;&atilde;o <a href=\"https:\/\/med.estrategia.com\/portal\/aluno-de-medicina\/bacterias\/\" target=\"_blank\">bacteriana<\/a><\/strong>. Costuma cursar com <strong><a href=\"https:\/\/med.estrategia.com\/portal\/aluno-de-medicina\/dicas-de-estudo\/artrite\/\" target=\"_blank\">artrites<\/a> ass&eacute;pticas e assim&eacute;tricas em crises agudas,<\/strong> que podem durar de 4 a 5 meses. Importante notar que pode ser um quadro bastante recorrente e que os <strong>sintomas de dor e fraqueza musculares podem permanecer por um longo per&iacute;odo<\/strong>, normalmente at&eacute; 1 ano.<\/p><p>Quando presente em <strong>adultos<\/strong>, relaciona-se, principalmente, &agrave;s <strong>infec&ccedil;&otilde;es sexualmente transmiss&iacute;veis<\/strong>. Por outro lado, <strong>nas crian&ccedil;as, possui maior rela&ccedil;&atilde;o com condi&ccedil;&otilde;es p&oacute;s-disent&eacute;ricas e &eacute; um quadro mais raro<\/strong>. A estimativa epidemiol&oacute;gica aponta que <strong>homens s&atilde;o 3 vezes mais acometidos do que mulheres<\/strong>, mas isso pode ser resultado do fato de que nas mulheres algumas infec&ccedil;&otilde;es podem ser assintom&aacute;ticas.<\/p><h2 class=\"wp-block-heading\" id=\"h-quais-as-causas\"><span class=\"ez-toc-section\" id=\"Quais-as-causas\"><\/span>Quais as causas?<span class=\"ez-toc-section-end\"><\/span><\/h2><p>Tradicionalmente, <strong>o evento desencadeador da artrite reativa &eacute; uma infec&ccedil;&atilde;o bacteriana<\/strong>, as mais frequentes s&atilde;o bact&eacute;rias que<strong> colonizam o trato genital, urin&aacute;rio e gastrointestinal <\/strong>e tem como exemplos as esp&eacute;cies <strong><em>Salmonella enteriridis <\/em><\/strong><strong>ou <\/strong><strong><em>typhimurium, Shigella flexneri <\/em><\/strong><strong>ou <\/strong><strong><em>dysenteriae, Yersina enterocoliica, Campylobacter jejuni<\/em><\/strong><em>, <\/em>com grande destaque para a bact&eacute;ria <strong><em>Chlamydia trachomatis, <\/em><\/strong><strong>principalmente em indiv&iacute;duos sexualmente ativos<\/strong><em>. <\/em>Os sintomas reumatol&oacute;gicos s&atilde;o causados por essa infec&ccedil;&atilde;o e podem aparecer at&eacute; um m&ecirc;s ap&oacute;s o cont&aacute;gio do paciente.&nbsp;<\/p><h2 class=\"wp-block-heading\" id=\"h-quais-os-sintomas\"><span class=\"ez-toc-section\" id=\"Quais-os-sintomas\"><\/span>Quais os sintomas?<span class=\"ez-toc-section-end\"><\/span><\/h2><p>Os sintomas s&atilde;o <strong>sist&ecirc;micos<\/strong> e decorrentes de uma infec&ccedil;&atilde;o bacteriana, <strong>a tr&iacute;ade sintomatol&oacute;gica mais cl&aacute;ssica cursa com conjuntivite, uretrite e artrite &ndash; classicamente denominada S&iacute;ndrome de Reiter<\/strong>. Entretanto, v&aacute;rios sintomas podem estar presentes a depender da bact&eacute;ria em quest&atilde;o e do paciente, como:<\/p><ul class=\"wp-block-list\"><li><strong><a href=\"https:\/\/med.estrategia.com\/portal\/aluno-de-medicina\/dicas-de-estudo\/pielonefrite\/\" target=\"_blank\">Infec&ccedil;&atilde;o urin&aacute;ria<\/a> ou de por&ccedil;&otilde;es da genit&aacute;lia externa<\/strong>, como <strong>balanites circinadas<\/strong> e <strong>vulvites<\/strong>. Pacientes homens podem relatar <strong>dor ou queima&ccedil;&atilde;o ao urinar<\/strong>;<\/li><li><strong>Queratodermia blenorr&aacute;gica<\/strong>, que come&ccedil;a com ves&iacute;culas claras e base eritematosa, podendo evoluir para n&oacute;dulos, p&aacute;pulas e m&aacute;cula, com muita semelhan&ccedil;a &agrave;s les&otilde;es encontradas na psor&iacute;ase pustular;<\/li><li><strong>Prostatite e descarga muc&oacute;ide<\/strong> s&atilde;o comuns nos homens;<\/li><li><strong>Uve&iacute;te anterior aguda<\/strong>, normalmente, unilateral;<\/li><li><strong>Les&otilde;es na mucosa oral<\/strong>, semelhantes &agrave;s aftas;<\/li><li><strong>Manifesta&ccedil;&otilde;es <a href=\"https:\/\/med.estrategia.com\/portal\/profissoes-da-medicina\/tudo-sobre-oftalmologia\/\" target=\"_blank\">oculares<\/a>, principalmente as conjuntivites<\/strong>, causando <strong>fotofobia, ardor, vermelhid&atilde;o e descarga mucopurulenta est&eacute;ril<\/strong>. A evolu&ccedil;&atilde;o dos sintomas oculares pode ser grave com manifesta&ccedil;&otilde;es raras de <strong>neurite &oacute;ptica, hemorragias intraoculares, ulcera&ccedil;&otilde;es da c&oacute;rnea e uve&iacute;te posterior;<\/strong><\/li><li><strong>Sacroile&iacute;tes e <a href=\"https:\/\/med.estrategia.com\/portal\/aluno-de-medicina\/espondilite-anquilosante\/\" target=\"_blank\">espondilite<\/a><\/strong>, presentes em 15% a 30% dos pacientes, sua manifesta&ccedil;&atilde;o est&aacute; relacionada &agrave; carga gen&eacute;tica do indiv&iacute;duo, principalmente pessoas <strong>com HLA-B27<\/strong>;<\/li><li>Os quadros decorrentes de<strong> infec&ccedil;&otilde;es do trato gastrointestinal tem como sintomas disenteria e diarreia<\/strong>, que podem durar at&eacute; 3 semanas;<\/li><li><strong>Febre baixa;<\/strong><\/li><li><strong>Tenossinovite;<\/strong><\/li><li><strong>Mal-estar<\/strong> geral;<\/li><li><strong>Entesopatia<\/strong>, tendo os <strong>&lsquo;dedos em salsicha&rsquo;<\/strong> como manifesta&ccedil;&atilde;o t&iacute;pica das entesites;<\/li><li>Acometimento cardiopulmonar vem sendo um achado cada vez mais raro, j&aacute; que o diagn&oacute;stico e o tratamento t&ecirc;m sido feitos de forma precoce, mas pode estar presente;<\/li><li><strong>Perda de peso<\/strong>; e<\/li><li>Quando n&atilde;o tratado, a manifesta&ccedil;&atilde;o cut&acirc;nea da doen&ccedil;a pode ter o envolvimento das <strong>unhas, com grande descama&ccedil;&atilde;o e espessamento<\/strong>.<\/li><\/ul><p>O quadro de<strong> artrite, em 80% dos pacientes, est&aacute; presente nas grandes articula&ccedil;&otilde;es do membro inferior<\/strong>, com manifesta&ccedil;&atilde;o, normalmente, oligoarticular e assim&eacute;trica, acometendo, principalmente,<strong> tornozelos, joelhos e o tarso<\/strong>.<\/p><h2 class=\"wp-block-heading\" id=\"h-como-e-feito-o-diagnostico-da-artrite-reativa\"><span class=\"ez-toc-section\" id=\"Como-e-feito-o-diagnostico-da-Artrite-Reativa\"><\/span>Como &eacute; feito o diagn&oacute;stico da Artrite Reativa?<span class=\"ez-toc-section-end\"><\/span><\/h2><p>A artrite reativa possui<strong> diagn&oacute;stico diferencial<\/strong> importante com outras doen&ccedil;as de curso semelhante. Quando a manifesta&ccedil;&atilde;o reumatol&oacute;gica &eacute; axial, pode ser bastante parecida com a <strong><a href=\"https:\/\/med.estrategia.com\/portal\/aluno-de-medicina\/espondilite-anquilosante\/\" target=\"_blank\">espondilite anquilosante<\/a><\/strong>, por exemplo. As les&otilde;es cut&acirc;neas podem apresentar curso semelhante &agrave; <strong>psor&iacute;ase<\/strong>. Dessa forma, o diagn&oacute;stico deve ser preciso e cuidadoso.<\/p><p>&Eacute; importante notar que, principalmente, <strong>nos casos de manifesta&ccedil;&atilde;o mais t&iacute;pica da doen&ccedil;a, como em um paciente com conjuntivite, uretrite n&atilde;o gonoc&oacute;cica e artrite, o diagn&oacute;stico pode ser feito de forma cl&iacute;nica<\/strong> e o tratamento deve ser iniciado rapidamente.<\/p><p>Uma parte do diagn&oacute;stico da artrite reativa est&aacute; nos<strong> exames laboratoriais<\/strong>, principalmente os <strong>indicativos de resposta inflamat&oacute;ria<\/strong>, mas s&atilde;o pouco espec&iacute;ficos. Os principais achados s&atilde;o <strong>VHS aumentada e PCR tamb&eacute;m elevado<\/strong>. O exame para o <strong>fator reumatoide costuma ser pedido e deve ser negativo<\/strong>.<\/p><p>A <strong>pun&ccedil;&atilde;o do l&iacute;quido sinovial <\/strong>pode ser realizada e pode ser poss&iacute;vel perceber a<strong> inflama&ccedil;&atilde;o.<\/strong> Al&eacute;m disso, o diagn&oacute;stico &eacute; certo quando h&aacute; <strong>verifica&ccedil;&atilde;o da infec&ccedil;&atilde;o bacteriana em meios de cultura<\/strong>, que s&atilde;o feitos a partir de raspado da uretra, c&eacute;rvice, garganta ou coprocultura. A presen&ccedil;a da bact&eacute;ria <strong><em>Chlamydia trachomatis <\/em>pode ser comprovada pela sorologia espec&iacute;fica e a utiliza&ccedil;&atilde;o do PCR com ant&iacute;genos pr&oacute;prios de bact&eacute;ria tamb&eacute;m costuma ajudar.<\/strong><\/p><p><strong>Os exames de imagem<\/strong> podem fazer parte do diagn&oacute;stico, j&aacute; que em <strong>80% dos pacientes pode ser percebida certa varia&ccedil;&atilde;o no raio-x<\/strong>, com grande destaque para a visualiza&ccedil;&atilde;o da <strong>sacroile&iacute;te.<\/strong><\/p><h2 class=\"wp-block-heading\" id=\"h-tratamento\"><span class=\"ez-toc-section\" id=\"Tratamento\"><\/span>Tratamento <span class=\"ez-toc-section-end\"><\/span><\/h2><p>A primeira abordagem terap&ecirc;utica, principalmente nos quadros mais agudos, &eacute; feita com administra&ccedil;&atilde;o de <strong><a href=\"https:\/\/med.estrategia.com\/portal\/aluno-de-medicina\/dicas-de-estudo\/aines\/\" target=\"_blank\">AINEs<\/a>, como oxicans, propi&ocirc;nicos ou diclofenaco<\/strong>. Para alguns pacientes, como em casos refrat&aacute;rios, pode ser necess&aacute;ria a <strong>administra&ccedil;&atilde;o de corticoides<\/strong>, a <strong>prednisona na dose de at&eacute; 0,5 mg\/kg\/dia &eacute; o mais indicado<\/strong>. A associa&ccedil;&atilde;o com drogas como <strong>sulfassalazina<\/strong> na posologia de 1 a 3 g\/dia pode ser eficaz no controle de recidivas ou surtos. Para casos mais graves, alguns<strong> imunomoduladores como o metotrexato<\/strong>, de 5 a 15 mg\/ semana, <strong>ou azotioprina<\/strong>, de 1 a 2 mg\/kg\/dia, parecem ser eficazes.<\/p><p>O uso de<strong> antibi&oacute;ticos<\/strong> no tratamento &eacute; comum, entretanto, essa abordagem precisa de maiores evid&ecirc;ncias. No entanto, <strong>lincomicina, tetraciclinas e eritromicina<\/strong> podem ajudar na <strong>diminui&ccedil;&atilde;o do tempo de manifesta&ccedil;&atilde;o da artrite.<\/strong><\/p><p>A abordagem multiprofissional, principalmente com <strong>fisioterapia<\/strong>, &eacute; indicada para ajudar na recupera&ccedil;&atilde;o do paciente.<\/p><p>Aproveitou o conte&uacute;do? O blog do <strong>Estrat&eacute;gia MED<\/strong> tem muito mais esperando por voc&ecirc;! Se voc&ecirc; est&aacute; se preparando para as provas de Resid&ecirc;ncia M&eacute;dica e Revalida, o<a href=\"https:\/\/med.estrategiaeducacional.com.br\/#plans-session\" target=\"_blank\" rel=\"noopener noreferrer\"> <strong>Sistema de Quest&otilde;es MED<\/strong> e o <strong>Curso Extensivo MED<\/strong><\/a> ser&atilde;o seu diferencial!&nbsp;<\/p><p>Por meio deles, voc&ecirc; tem acesso a diversos materiais exclusivos e atualizados, al&eacute;m de milhares de quest&otilde;es que ir&atilde;o ajudar no seu aprendizado. Aproveite! Clique no banner abaixo e saiba mais sobre a nossa plataforma:<\/p><p><\/p><p><strong><a id=\"cta\" class=\"cta-imagem\" href=\"https:\/\/med.estrategia.com\/cursos\/extensivo-de-residncia-mdica\/\" target=\"blank\">\n                <img decoding=\"async\" width=\"100%\" src=\"https:\/\/med.estrategia.com\/portal\/wp-content\/uploads\/2025\/08\/extensivo_rm.jpg\" alt=\"Extensivo RM\" title=\"extensivo_rm\">\n        <\/a><\/strong><\/p><\/p>\n","protected":false},"excerpt":{"rendered":"Quer saber mais sobre a artrite reativa? O Estrat&eacute;gia MED separou as principais informa&ccedil;&otilde;es sobre o assunto para&hellip;\n","protected":false},"author":20,"featured_media":6248,"comment_status":"open","ping_status":"open","sticky":false,"template":"","format":"standard","meta":{"wl_entities_gutenberg":"","footnotes":""},"categories":[304],"tags":[64],"wl_entity_type":[199],"class_list":{"0":"post-6247","1":"post","2":"type-post","3":"status-publish","4":"format-standard","5":"has-post-thumbnail","7":"category-doencas","8":"tag-reumatologia","9":"wl_entity_type-article"},"acf":[],"yoast_head":"<!-- This site is optimized with the Yoast SEO Premium plugin v26.6 (Yoast SEO v26.6) - https:\/\/yoast.com\/wordpress\/plugins\/seo\/ -->\n<title>Artrite Reativa: o que \u00e9, causas e muito mais!<\/title>\n<meta name=\"description\" content=\"Quer saber mais sobre artrite reativa? O Estrat\u00e9gia MED separou as informa\u00e7\u00f5es sobre esse quadro e seu tratamento. Vamos l\u00e1!\" \/>\n<meta name=\"robots\" content=\"index, follow, max-snippet:-1, max-image-preview:large, max-video-preview:-1\" \/>\n<link rel=\"canonical\" href=\"https:\/\/med.estrategia.com\/portal\/conteudos-gratis\/doencas\/artrite-reativa\/\" \/>\n<meta property=\"og:locale\" content=\"pt_BR\" \/>\n<meta property=\"og:type\" content=\"article\" \/>\n<meta property=\"og:title\" content=\"Artrite Reativa: o que \u00e9, causas e muito mais!\" \/>\n<meta property=\"og:description\" content=\"Quer saber mais sobre artrite reativa? O Estrat\u00e9gia MED separou as informa\u00e7\u00f5es sobre esse quadro e seu tratamento. Vamos l\u00e1!\" \/>\n<meta property=\"og:url\" content=\"https:\/\/med.estrategia.com\/portal\/conteudos-gratis\/doencas\/artrite-reativa\/\" \/>\n<meta property=\"og:site_name\" content=\"Estrat\u00e9gia MED\" \/>\n<meta property=\"article:publisher\" content=\"https:\/\/www.facebook.com\/estrategiamed1\" \/>\n<meta property=\"article:published_time\" content=\"2021-06-06T22:17:13+00:00\" \/>\n<meta property=\"article:modified_time\" content=\"2022-09-13T13:41:03+00:00\" \/>\n<meta property=\"og:image\" content=\"https:\/\/cdn.medblog.estrategiaeducacional.com.br\/wp-content\/uploads\/2021\/06\/06191540\/reiter.jpg\" \/>\n\t<meta property=\"og:image:width\" content=\"640\" \/>\n\t<meta property=\"og:image:height\" content=\"360\" \/>\n\t<meta property=\"og:image:type\" content=\"image\/jpeg\" \/>\n<meta name=\"author\" content=\"J\u00f4natas Pena\" \/>\n<meta name=\"twitter:card\" content=\"summary_large_image\" \/>\n<meta name=\"twitter:creator\" content=\"@estrategiamed_\" \/>\n<meta name=\"twitter:site\" content=\"@estrategiamed_\" \/>\n<meta name=\"twitter:label1\" content=\"Escrito por\" \/>\n\t<meta name=\"twitter:data1\" content=\"J\u00f4natas Pena\" \/>\n\t<meta name=\"twitter:label2\" content=\"Est. tempo de leitura\" \/>\n\t<meta name=\"twitter:data2\" content=\"5 minutos\" \/>\n<script type=\"application\/ld+json\" class=\"yoast-schema-graph\">{\"@context\":\"https:\/\/schema.org\",\"@graph\":[{\"@type\":\"WebPage\",\"@id\":\"https:\/\/med.estrategia.com\/portal\/conteudos-gratis\/doencas\/artrite-reativa\/\",\"url\":\"https:\/\/med.estrategia.com\/portal\/conteudos-gratis\/doencas\/artrite-reativa\/\",\"name\":\"Artrite Reativa: o que \u00e9, causas e muito mais!\",\"isPartOf\":{\"@id\":\"https:\/\/med.estrategia.com\/portal\/#website\"},\"primaryImageOfPage\":{\"@id\":\"https:\/\/med.estrategia.com\/portal\/conteudos-gratis\/doencas\/artrite-reativa\/#primaryimage\"},\"image\":{\"@id\":\"https:\/\/med.estrategia.com\/portal\/conteudos-gratis\/doencas\/artrite-reativa\/#primaryimage\"},\"thumbnailUrl\":\"https:\/\/med.estrategia.com\/portal\/wp-content\/uploads\/2021\/06\/reiter.jpg\",\"datePublished\":\"2021-06-06T22:17:13+00:00\",\"dateModified\":\"2022-09-13T13:41:03+00:00\",\"author\":{\"@id\":\"https:\/\/med.estrategia.com\/portal\/#\/schema\/person\/f6b4ac47cc193adfd94d018ad90e53a8\"},\"description\":\"Quer saber mais sobre artrite reativa? O Estrat\u00e9gia MED separou as informa\u00e7\u00f5es sobre esse quadro e seu tratamento. Vamos l\u00e1!\",\"breadcrumb\":{\"@id\":\"https:\/\/med.estrategia.com\/portal\/conteudos-gratis\/doencas\/artrite-reativa\/#breadcrumb\"},\"inLanguage\":\"pt-BR\",\"potentialAction\":[{\"@type\":\"ReadAction\",\"target\":[\"https:\/\/med.estrategia.com\/portal\/conteudos-gratis\/doencas\/artrite-reativa\/\"]}]},{\"@type\":\"ImageObject\",\"inLanguage\":\"pt-BR\",\"@id\":\"https:\/\/med.estrategia.com\/portal\/conteudos-gratis\/doencas\/artrite-reativa\/#primaryimage\",\"url\":\"https:\/\/med.estrategia.com\/portal\/wp-content\/uploads\/2021\/06\/reiter.jpg\",\"contentUrl\":\"https:\/\/med.estrategia.com\/portal\/wp-content\/uploads\/2021\/06\/reiter.jpg\",\"width\":640,\"height\":360},{\"@type\":\"BreadcrumbList\",\"@id\":\"https:\/\/med.estrategia.com\/portal\/conteudos-gratis\/doencas\/artrite-reativa\/#breadcrumb\",\"itemListElement\":[{\"@type\":\"ListItem\",\"position\":1,\"name\":\"Home\",\"item\":\"https:\/\/med.estrategia.com\/portal\/\"},{\"@type\":\"ListItem\",\"position\":2,\"name\":\"Conte\u00fados Gr\u00e1tis\",\"item\":\"https:\/\/med.estrategia.com\/portal\/conteudos-gratis\/\"},{\"@type\":\"ListItem\",\"position\":3,\"name\":\"Doen\u00e7as\",\"item\":\"https:\/\/med.estrategia.com\/portal\/conteudos-gratis\/doencas\/\"},{\"@type\":\"ListItem\",\"position\":4,\"name\":\"Artrite Reativa: o que \u00e9, causas e muito mais!\"}]},{\"@type\":\"WebSite\",\"@id\":\"https:\/\/med.estrategia.com\/portal\/#website\",\"url\":\"https:\/\/med.estrategia.com\/portal\/\",\"name\":\"Estrat\u00e9gia MED\",\"description\":\"\",\"potentialAction\":[{\"@type\":\"SearchAction\",\"target\":{\"@type\":\"EntryPoint\",\"urlTemplate\":\"https:\/\/med.estrategia.com\/portal\/?s={search_term_string}\"},\"query-input\":{\"@type\":\"PropertyValueSpecification\",\"valueRequired\":true,\"valueName\":\"search_term_string\"}}],\"inLanguage\":\"pt-BR\"},{\"@type\":\"Person\",\"@id\":\"https:\/\/med.estrategia.com\/portal\/#\/schema\/person\/f6b4ac47cc193adfd94d018ad90e53a8\",\"name\":\"J\u00f4natas Pena\",\"image\":{\"@type\":\"ImageObject\",\"inLanguage\":\"pt-BR\",\"@id\":\"https:\/\/med.estrategia.com\/portal\/#\/schema\/person\/image\/\",\"url\":\"https:\/\/secure.gravatar.com\/avatar\/e1bc355b6ca977e8cbb0eb03e2b8a716?s=96&d=mm&r=g\",\"contentUrl\":\"https:\/\/secure.gravatar.com\/avatar\/e1bc355b6ca977e8cbb0eb03e2b8a716?s=96&d=mm&r=g\",\"caption\":\"J\u00f4natas Pena\"},\"description\":\"Sou estudante de medicina da Unicamp. Gosto muito de conversar e estar com os amigos.\",\"url\":\"https:\/\/med.estrategia.com\/portal\/author\/jonatas\/\"}]}<\/script>\n<!-- \/ Yoast SEO Premium plugin. -->","yoast_head_json":{"title":"Artrite Reativa: o que \u00e9, causas e muito mais!","description":"Quer saber mais sobre artrite reativa? O Estrat\u00e9gia MED separou as informa\u00e7\u00f5es sobre esse quadro e seu tratamento. Vamos l\u00e1!","robots":{"index":"index","follow":"follow","max-snippet":"max-snippet:-1","max-image-preview":"max-image-preview:large","max-video-preview":"max-video-preview:-1"},"canonical":"https:\/\/med.estrategia.com\/portal\/conteudos-gratis\/doencas\/artrite-reativa\/","og_locale":"pt_BR","og_type":"article","og_title":"Artrite Reativa: o que \u00e9, causas e muito mais!","og_description":"Quer saber mais sobre artrite reativa? O Estrat\u00e9gia MED separou as informa\u00e7\u00f5es sobre esse quadro e seu tratamento. Vamos l\u00e1!","og_url":"https:\/\/med.estrategia.com\/portal\/conteudos-gratis\/doencas\/artrite-reativa\/","og_site_name":"Estrat\u00e9gia MED","article_publisher":"https:\/\/www.facebook.com\/estrategiamed1","article_published_time":"2021-06-06T22:17:13+00:00","article_modified_time":"2022-09-13T13:41:03+00:00","og_image":[{"width":640,"height":360,"url":"https:\/\/cdn.medblog.estrategiaeducacional.com.br\/wp-content\/uploads\/2021\/06\/06191540\/reiter.jpg","type":"image\/jpeg"}],"author":"J\u00f4natas Pena","twitter_card":"summary_large_image","twitter_creator":"@estrategiamed_","twitter_site":"@estrategiamed_","twitter_misc":{"Escrito por":"J\u00f4natas Pena","Est. tempo de leitura":"5 minutos"},"schema":{"@context":"https:\/\/schema.org","@graph":[{"@type":"WebPage","@id":"https:\/\/med.estrategia.com\/portal\/conteudos-gratis\/doencas\/artrite-reativa\/","url":"https:\/\/med.estrategia.com\/portal\/conteudos-gratis\/doencas\/artrite-reativa\/","name":"Artrite Reativa: o que \u00e9, causas e muito mais!","isPartOf":{"@id":"https:\/\/med.estrategia.com\/portal\/#website"},"primaryImageOfPage":{"@id":"https:\/\/med.estrategia.com\/portal\/conteudos-gratis\/doencas\/artrite-reativa\/#primaryimage"},"image":{"@id":"https:\/\/med.estrategia.com\/portal\/conteudos-gratis\/doencas\/artrite-reativa\/#primaryimage"},"thumbnailUrl":"https:\/\/med.estrategia.com\/portal\/wp-content\/uploads\/2021\/06\/reiter.jpg","datePublished":"2021-06-06T22:17:13+00:00","dateModified":"2022-09-13T13:41:03+00:00","author":{"@id":"https:\/\/med.estrategia.com\/portal\/#\/schema\/person\/f6b4ac47cc193adfd94d018ad90e53a8"},"description":"Quer saber mais sobre artrite reativa? O Estrat\u00e9gia MED separou as informa\u00e7\u00f5es sobre esse quadro e seu tratamento. Vamos l\u00e1!","breadcrumb":{"@id":"https:\/\/med.estrategia.com\/portal\/conteudos-gratis\/doencas\/artrite-reativa\/#breadcrumb"},"inLanguage":"pt-BR","potentialAction":[{"@type":"ReadAction","target":["https:\/\/med.estrategia.com\/portal\/conteudos-gratis\/doencas\/artrite-reativa\/"]}]},{"@type":"ImageObject","inLanguage":"pt-BR","@id":"https:\/\/med.estrategia.com\/portal\/conteudos-gratis\/doencas\/artrite-reativa\/#primaryimage","url":"https:\/\/med.estrategia.com\/portal\/wp-content\/uploads\/2021\/06\/reiter.jpg","contentUrl":"https:\/\/med.estrategia.com\/portal\/wp-content\/uploads\/2021\/06\/reiter.jpg","width":640,"height":360},{"@type":"BreadcrumbList","@id":"https:\/\/med.estrategia.com\/portal\/conteudos-gratis\/doencas\/artrite-reativa\/#breadcrumb","itemListElement":[{"@type":"ListItem","position":1,"name":"Home","item":"https:\/\/med.estrategia.com\/portal\/"},{"@type":"ListItem","position":2,"name":"Conte\u00fados Gr\u00e1tis","item":"https:\/\/med.estrategia.com\/portal\/conteudos-gratis\/"},{"@type":"ListItem","position":3,"name":"Doen\u00e7as","item":"https:\/\/med.estrategia.com\/portal\/conteudos-gratis\/doencas\/"},{"@type":"ListItem","position":4,"name":"Artrite Reativa: o que \u00e9, causas e muito mais!"}]},{"@type":"WebSite","@id":"https:\/\/med.estrategia.com\/portal\/#website","url":"https:\/\/med.estrategia.com\/portal\/","name":"Estrat\u00e9gia MED","description":"","potentialAction":[{"@type":"SearchAction","target":{"@type":"EntryPoint","urlTemplate":"https:\/\/med.estrategia.com\/portal\/?s={search_term_string}"},"query-input":{"@type":"PropertyValueSpecification","valueRequired":true,"valueName":"search_term_string"}}],"inLanguage":"pt-BR"},{"@type":"Person","@id":"https:\/\/med.estrategia.com\/portal\/#\/schema\/person\/f6b4ac47cc193adfd94d018ad90e53a8","name":"J\u00f4natas Pena","image":{"@type":"ImageObject","inLanguage":"pt-BR","@id":"https:\/\/med.estrategia.com\/portal\/#\/schema\/person\/image\/","url":"https:\/\/secure.gravatar.com\/avatar\/e1bc355b6ca977e8cbb0eb03e2b8a716?s=96&d=mm&r=g","contentUrl":"https:\/\/secure.gravatar.com\/avatar\/e1bc355b6ca977e8cbb0eb03e2b8a716?s=96&d=mm&r=g","caption":"J\u00f4natas Pena"},"description":"Sou estudante de medicina da Unicamp. Gosto muito de conversar e estar com os amigos.","url":"https:\/\/med.estrategia.com\/portal\/author\/jonatas\/"}]}},"_wl_alt_label":[],"wl:entity_url":"\/post\/artrite-reativa","_links":{"self":[{"href":"https:\/\/med.estrategia.com\/portal\/wp-json\/wp\/v2\/posts\/6247","targetHints":{"allow":["GET"]}}],"collection":[{"href":"https:\/\/med.estrategia.com\/portal\/wp-json\/wp\/v2\/posts"}],"about":[{"href":"https:\/\/med.estrategia.com\/portal\/wp-json\/wp\/v2\/types\/post"}],"author":[{"embeddable":true,"href":"https:\/\/med.estrategia.com\/portal\/wp-json\/wp\/v2\/users\/20"}],"replies":[{"embeddable":true,"href":"https:\/\/med.estrategia.com\/portal\/wp-json\/wp\/v2\/comments?post=6247"}],"version-history":[{"count":2,"href":"https:\/\/med.estrategia.com\/portal\/wp-json\/wp\/v2\/posts\/6247\/revisions"}],"predecessor-version":[{"id":25771,"href":"https:\/\/med.estrategia.com\/portal\/wp-json\/wp\/v2\/posts\/6247\/revisions\/25771"}],"wp:featuredmedia":[{"embeddable":true,"href":"https:\/\/med.estrategia.com\/portal\/wp-json\/wp\/v2\/media\/6248"}],"wp:attachment":[{"href":"https:\/\/med.estrategia.com\/portal\/wp-json\/wp\/v2\/media?parent=6247"}],"wp:term":[{"taxonomy":"category","embeddable":true,"href":"https:\/\/med.estrategia.com\/portal\/wp-json\/wp\/v2\/categories?post=6247"},{"taxonomy":"post_tag","embeddable":true,"href":"https:\/\/med.estrategia.com\/portal\/wp-json\/wp\/v2\/tags?post=6247"},{"taxonomy":"wl_entity_type","embeddable":true,"href":"https:\/\/med.estrategia.com\/portal\/wp-json\/wp\/v2\/wl_entity_type?post=6247"}],"curies":[{"name":"wp","href":"https:\/\/api.w.org\/{rel}","templated":true}]}}